{"id":106662,"date":"2016-02-04T09:54:41","date_gmt":"2016-02-04T08:54:41","guid":{"rendered":"https:\/\/www.iemj.org\/fernand-halphen-un-musicien-israelite-dans-la-grande-guerre-conference-de-laure-schnapper\/"},"modified":"2023-12-28T16:08:51","modified_gmt":"2023-12-28T15:08:51","slug":"fernand-halphen-un-musicien-israelite-dans-la-grande-guerre-conference-de-laure-schnapper","status":"publish","type":"post","link":"https:\/\/www.iemj.org\/it\/fernand-halphen-un-musicien-israelite-dans-la-grande-guerre-conference-de-laure-schnapper\/","title":{"rendered":"Fernand Halphen &#8211; Un musicista israelita nella Grande Guerra: conferenza di Laure Schnapper"},"content":{"rendered":"\n<p><strong>Presentazione del compositore Fernand Halphen, morto per la Francia nel 1917, da parte di Laure Schnapper, nell&#8217;ambito del ciclo di conferenze: arts et politique, presso l&#8217;EHESS<\/strong><\/p>\n\n\n\n<!--more-->\n\n\n\n<p>Il compositore <a href=\"https:\/\/www.iemj.org\/it\/halphen-fernand-1872-1917\/\">Fernand Halphen<\/a> (1872-1917), proviene dalla borghesia ebraica parigina e fu allievo di Faur\u00e9 e Massenet.<\/p>\n\n\n\n<p>Nel 1885 Fernand Halphen entra al Conservatorio di Parigi insieme a futuri grandi della musica come Henri Rabaud, Florent Schmitt, Charles Koechlin, Georges Enesco e Reynaldo Hahn.<\/p>\n\n\n\n<p>Tenente del 13\u00b0 reggimento di fanteria durante la Prima guerra mondiale, fu uno dei pochi compositori ad aver creato un&#8217;orchestra militare (1914). La sua carriera di compositore fu interrotta prematuramente all&#8217;et\u00e0 di quarantacinque anni da una malattia contratta al fronte durante la Prima Guerra Mondiale.<\/p>\n\n\n\n<p><a href=\"https:\/\/www.iemj.org\/it\/fernand-halphen-un-compositeur-dans-la-grande-guerre-2\/\" target=\"_blank\" rel=\"noreferrer noopener\">Guardare il concerto di Fernand Halphen al Mus\u00e9e d&#8217;Art et d&#8217;Histoire du Juda\u00efsme<\/a><\/p>\n\n\n\n<p><a href=\"http:\/\/boutique.iemj.org\/fr\/recherche?controller=search&amp;orderby=position&amp;orderway=desc&amp;search_query=partitions+halphen&amp;submit_search=\"> Ordinare il doppio CD di Fernand Halphen<\/a><br><a href=\"https:\/\/www.iemj.org\/es\/produit\/du-salon-au-front-fernand-halphen-1872-1917\/\" target=\"_blank\" rel=\"noreferrer noopener\">Ordinare il libro <em>Fernand Halphen, du salon au front<\/em>, a cura di Laure Schnapper<\/a><\/p>\n\n\n\n<div style=\"position: relative; padding-bottom: 56.25%; padding-top: 10px; height: 0; overflow: hidden;\"><iframe style=\"position: absolute; top: 0; left: 0; width: 100%; height: 100%;\" src=\"http:\/\/www.canal-u.tv\/video\/ehess\/embed.1\/fernand_halphen_1872_1917_un_musicien_israelite_dans_la_grande_guerre.20137?width=100%&amp;height=100%\" scrolling=\"no\" allowfullscreen=\"allowfullscreen\" width=\"550\" height=\"306\" frameborder=\"0\"><\/iframe><\/div>\n","protected":false},"excerpt":{"rendered":"<p>Presentazione del compositore Fernand Halphen, morto per la Francia nel 1917, da parte di Laure Schnapper, nell&#8217;ambito del ciclo di conferenze: arts et politique, presso l&#8217;EHESS<\/p>\n","protected":false},"author":1052,"featured_media":106663,"comment_status":"closed","ping_status":"open","sticky":false,"template":"","format":"standard","meta":{"_acf_changed":false,"footnotes":""},"categories":[1419],"tags":[],"technique":[],"squelettes":[],"sujet":[],"formation":[],"genre":[],"fonds":[],"tradition":[],"type-de-contenu":[],"interprete-compositeur":[3160],"frise":[],"type-devenement":[],"tableaux-liens-externes":[],"class_list":["post-106662","post","type-post","status-publish","format-standard","has-post-thumbnail","hentry","category-corsi-conferenze-2-it","interprete-compositeur-fernand-halphen-it"],"acf":[],"yoast_head":"<!-- This site is optimized with the Yoast SEO plugin v27.3 - https:\/\/yoast.com\/product\/yoast-seo-wordpress\/ -->\n<title>Fernand Halphen - Un musicista israelita nella Grande Guerra: conferenza di Laure Schnapper - Institut Europ\u00e9en des Musiques Juives<\/title>\n<meta name=\"robots\" content=\"index, follow, max-snippet:-1, max-image-preview:large, max-video-preview:-1\" \/>\n<link rel=\"canonical\" href=\"https:\/\/www.iemj.org\/it\/fernand-halphen-un-musicien-israelite-dans-la-grande-guerre-conference-de-laure-schnapper\/\" \/>\n<meta property=\"og:locale\" content=\"it_IT\" \/>\n<meta property=\"og:type\" content=\"article\" \/>\n<meta property=\"og:title\" content=\"Fernand Halphen - Un musicista israelita nella Grande Guerra: conferenza di Laure Schnapper - Institut Europ\u00e9en des Musiques Juives\" \/>\n<meta property=\"og:description\" content=\"Presentazione del compositore Fernand Halphen, morto per la Francia nel 1917, da parte di Laure Schnapper, nell&#8217;ambito del ciclo di conferenze: arts et politique, presso l&#8217;EHESS\" \/>\n<meta property=\"og:url\" content=\"https:\/\/www.iemj.org\/it\/fernand-halphen-un-musicien-israelite-dans-la-grande-guerre-conference-de-laure-schnapper\/\" \/>\n<meta property=\"og:site_name\" content=\"Institut Europ\u00e9en des Musiques Juives\" \/>\n<meta property=\"article:publisher\" content=\"https:\/\/www.facebook.com\/MusiquesJuives\/\" \/>\n<meta property=\"article:published_time\" content=\"2016-02-04T08:54:41+00:00\" \/>\n<meta property=\"article:modified_time\" content=\"2023-12-28T15:08:51+00:00\" \/>\n<meta property=\"og:image\" content=\"https:\/\/www.iemj.org\/wp-content\/uploads\/2016\/02\/arton1455.jpg\" \/>\n\t<meta property=\"og:image:width\" content=\"463\" \/>\n\t<meta property=\"og:image:height\" content=\"640\" \/>\n\t<meta property=\"og:image:type\" content=\"image\/jpeg\" \/>\n<meta name=\"author\" content=\"Lea Couderc\" \/>\n<meta name=\"twitter:card\" content=\"summary_large_image\" \/>\n<meta name=\"twitter:label1\" content=\"Scritto da\" \/>\n\t<meta name=\"twitter:data1\" content=\"Lea Couderc\" \/>\n\t<meta name=\"twitter:label2\" content=\"Tempo di lettura stimato\" \/>\n\t<meta name=\"twitter:data2\" content=\"1 minuto\" \/>\n<script type=\"application\/ld+json\" class=\"yoast-schema-graph\">{\"@context\":\"https:\\\/\\\/schema.org\",\"@graph\":[{\"@type\":\"Article\",\"@id\":\"https:\\\/\\\/www.iemj.org\\\/it\\\/fernand-halphen-un-musicien-israelite-dans-la-grande-guerre-conference-de-laure-schnapper\\\/#article\",\"isPartOf\":{\"@id\":\"https:\\\/\\\/www.iemj.org\\\/it\\\/fernand-halphen-un-musicien-israelite-dans-la-grande-guerre-conference-de-laure-schnapper\\\/\"},\"author\":{\"name\":\"Lea Couderc\",\"@id\":\"https:\\\/\\\/www.iemj.org\\\/it\\\/#\\\/schema\\\/person\\\/e2ad57f2c4be119c7ed8ab79036807a9\"},\"headline\":\"Fernand Halphen &#8211; Un musicista israelita nella Grande Guerra: conferenza di Laure Schnapper\",\"datePublished\":\"2016-02-04T08:54:41+00:00\",\"dateModified\":\"2023-12-28T15:08:51+00:00\",\"mainEntityOfPage\":{\"@id\":\"https:\\\/\\\/www.iemj.org\\\/it\\\/fernand-halphen-un-musicien-israelite-dans-la-grande-guerre-conference-de-laure-schnapper\\\/\"},\"wordCount\":166,\"publisher\":{\"@id\":\"https:\\\/\\\/www.iemj.org\\\/it\\\/#organization\"},\"image\":{\"@id\":\"https:\\\/\\\/www.iemj.org\\\/it\\\/fernand-halphen-un-musicien-israelite-dans-la-grande-guerre-conference-de-laure-schnapper\\\/#primaryimage\"},\"thumbnailUrl\":\"https:\\\/\\\/www.iemj.org\\\/wp-content\\\/uploads\\\/2016\\\/02\\\/arton1455.jpg\",\"articleSection\":[\"Corsi \\\/ Conferenze\"],\"inLanguage\":\"it-IT\"},{\"@type\":\"WebPage\",\"@id\":\"https:\\\/\\\/www.iemj.org\\\/it\\\/fernand-halphen-un-musicien-israelite-dans-la-grande-guerre-conference-de-laure-schnapper\\\/\",\"url\":\"https:\\\/\\\/www.iemj.org\\\/it\\\/fernand-halphen-un-musicien-israelite-dans-la-grande-guerre-conference-de-laure-schnapper\\\/\",\"name\":\"Fernand Halphen - Un musicista israelita nella Grande Guerra: conferenza di Laure Schnapper - Institut Europ\u00e9en des Musiques Juives\",\"isPartOf\":{\"@id\":\"https:\\\/\\\/www.iemj.org\\\/it\\\/#website\"},\"primaryImageOfPage\":{\"@id\":\"https:\\\/\\\/www.iemj.org\\\/it\\\/fernand-halphen-un-musicien-israelite-dans-la-grande-guerre-conference-de-laure-schnapper\\\/#primaryimage\"},\"image\":{\"@id\":\"https:\\\/\\\/www.iemj.org\\\/it\\\/fernand-halphen-un-musicien-israelite-dans-la-grande-guerre-conference-de-laure-schnapper\\\/#primaryimage\"},\"thumbnailUrl\":\"https:\\\/\\\/www.iemj.org\\\/wp-content\\\/uploads\\\/2016\\\/02\\\/arton1455.jpg\",\"datePublished\":\"2016-02-04T08:54:41+00:00\",\"dateModified\":\"2023-12-28T15:08:51+00:00\",\"breadcrumb\":{\"@id\":\"https:\\\/\\\/www.iemj.org\\\/it\\\/fernand-halphen-un-musicien-israelite-dans-la-grande-guerre-conference-de-laure-schnapper\\\/#breadcrumb\"},\"inLanguage\":\"it-IT\",\"potentialAction\":[{\"@type\":\"ReadAction\",\"target\":[\"https:\\\/\\\/www.iemj.org\\\/it\\\/fernand-halphen-un-musicien-israelite-dans-la-grande-guerre-conference-de-laure-schnapper\\\/\"]}]},{\"@type\":\"ImageObject\",\"inLanguage\":\"it-IT\",\"@id\":\"https:\\\/\\\/www.iemj.org\\\/it\\\/fernand-halphen-un-musicien-israelite-dans-la-grande-guerre-conference-de-laure-schnapper\\\/#primaryimage\",\"url\":\"https:\\\/\\\/www.iemj.org\\\/wp-content\\\/uploads\\\/2016\\\/02\\\/arton1455.jpg\",\"contentUrl\":\"https:\\\/\\\/www.iemj.org\\\/wp-content\\\/uploads\\\/2016\\\/02\\\/arton1455.jpg\",\"width\":463,\"height\":640},{\"@type\":\"BreadcrumbList\",\"@id\":\"https:\\\/\\\/www.iemj.org\\\/it\\\/fernand-halphen-un-musicien-israelite-dans-la-grande-guerre-conference-de-laure-schnapper\\\/#breadcrumb\",\"itemListElement\":[{\"@type\":\"ListItem\",\"position\":1,\"name\":\"Accueil\",\"item\":\"https:\\\/\\\/www.iemj.org\\\/it\\\/\"},{\"@type\":\"ListItem\",\"position\":2,\"name\":\"Fernand Halphen &#8211; Un musicista israelita nella Grande Guerra: conferenza di Laure Schnapper\"}]},{\"@type\":\"WebSite\",\"@id\":\"https:\\\/\\\/www.iemj.org\\\/it\\\/#website\",\"url\":\"https:\\\/\\\/www.iemj.org\\\/it\\\/\",\"name\":\"Institut Europ\u00e9en des Musiques Juives\",\"description\":\"Des traditions musicales \u00e0 la port\u00e9e de tous\",\"publisher\":{\"@id\":\"https:\\\/\\\/www.iemj.org\\\/it\\\/#organization\"},\"potentialAction\":[{\"@type\":\"SearchAction\",\"target\":{\"@type\":\"EntryPoint\",\"urlTemplate\":\"https:\\\/\\\/www.iemj.org\\\/it\\\/?s={search_term_string}\"},\"query-input\":{\"@type\":\"PropertyValueSpecification\",\"valueRequired\":true,\"valueName\":\"search_term_string\"}}],\"inLanguage\":\"it-IT\"},{\"@type\":\"Organization\",\"@id\":\"https:\\\/\\\/www.iemj.org\\\/it\\\/#organization\",\"name\":\"Institut Europ\u00e9en des Musiques Juives\",\"url\":\"https:\\\/\\\/www.iemj.org\\\/it\\\/\",\"logo\":{\"@type\":\"ImageObject\",\"inLanguage\":\"it-IT\",\"@id\":\"https:\\\/\\\/www.iemj.org\\\/it\\\/#\\\/schema\\\/logo\\\/image\\\/\",\"url\":\"https:\\\/\\\/www.iemj.org\\\/wp-content\\\/uploads\\\/2021\\\/09\\\/Logo-IEMJ-Paypal.jpg\",\"contentUrl\":\"https:\\\/\\\/www.iemj.org\\\/wp-content\\\/uploads\\\/2021\\\/09\\\/Logo-IEMJ-Paypal.jpg\",\"width\":150,\"height\":50,\"caption\":\"Institut Europ\u00e9en des Musiques Juives\"},\"image\":{\"@id\":\"https:\\\/\\\/www.iemj.org\\\/it\\\/#\\\/schema\\\/logo\\\/image\\\/\"},\"sameAs\":[\"https:\\\/\\\/www.facebook.com\\\/MusiquesJuives\\\/\",\"https:\\\/\\\/www.instagram.com\\\/musiquesjuives\\\/\",\"https:\\\/\\\/www.youtube.com\\\/user\\\/musiquesjuives\"]},{\"@type\":\"Person\",\"@id\":\"https:\\\/\\\/www.iemj.org\\\/it\\\/#\\\/schema\\\/person\\\/e2ad57f2c4be119c7ed8ab79036807a9\",\"name\":\"Lea Couderc\",\"image\":{\"@type\":\"ImageObject\",\"inLanguage\":\"it-IT\",\"@id\":\"https:\\\/\\\/secure.gravatar.com\\\/avatar\\\/46ee021475d60aeff17a7e490b79dea5a5684bb392ab7fd1494027411df8ba23?s=96&d=mm&r=g\",\"url\":\"https:\\\/\\\/secure.gravatar.com\\\/avatar\\\/46ee021475d60aeff17a7e490b79dea5a5684bb392ab7fd1494027411df8ba23?s=96&d=mm&r=g\",\"contentUrl\":\"https:\\\/\\\/secure.gravatar.com\\\/avatar\\\/46ee021475d60aeff17a7e490b79dea5a5684bb392ab7fd1494027411df8ba23?s=96&d=mm&r=g\",\"caption\":\"Lea Couderc\"}}]}<\/script>\n<!-- \/ Yoast SEO plugin. -->","yoast_head_json":{"title":"Fernand Halphen - Un musicista israelita nella Grande Guerra: conferenza di Laure Schnapper - Institut Europ\u00e9en des Musiques Juives","robots":{"index":"index","follow":"follow","max-snippet":"max-snippet:-1","max-image-preview":"max-image-preview:large","max-video-preview":"max-video-preview:-1"},"canonical":"https:\/\/www.iemj.org\/it\/fernand-halphen-un-musicien-israelite-dans-la-grande-guerre-conference-de-laure-schnapper\/","og_locale":"it_IT","og_type":"article","og_title":"Fernand Halphen - Un musicista israelita nella Grande Guerra: conferenza di Laure Schnapper - Institut Europ\u00e9en des Musiques Juives","og_description":"Presentazione del compositore Fernand Halphen, morto per la Francia nel 1917, da parte di Laure Schnapper, nell&#8217;ambito del ciclo di conferenze: arts et politique, presso l&#8217;EHESS","og_url":"https:\/\/www.iemj.org\/it\/fernand-halphen-un-musicien-israelite-dans-la-grande-guerre-conference-de-laure-schnapper\/","og_site_name":"Institut Europ\u00e9en des Musiques Juives","article_publisher":"https:\/\/www.facebook.com\/MusiquesJuives\/","article_published_time":"2016-02-04T08:54:41+00:00","article_modified_time":"2023-12-28T15:08:51+00:00","og_image":[{"width":463,"height":640,"url":"https:\/\/www.iemj.org\/wp-content\/uploads\/2016\/02\/arton1455.jpg","type":"image\/jpeg"}],"author":"Lea Couderc","twitter_card":"summary_large_image","twitter_misc":{"Scritto da":"Lea Couderc","Tempo di lettura stimato":"1 minuto"},"schema":{"@context":"https:\/\/schema.org","@graph":[{"@type":"Article","@id":"https:\/\/www.iemj.org\/it\/fernand-halphen-un-musicien-israelite-dans-la-grande-guerre-conference-de-laure-schnapper\/#article","isPartOf":{"@id":"https:\/\/www.iemj.org\/it\/fernand-halphen-un-musicien-israelite-dans-la-grande-guerre-conference-de-laure-schnapper\/"},"author":{"name":"Lea Couderc","@id":"https:\/\/www.iemj.org\/it\/#\/schema\/person\/e2ad57f2c4be119c7ed8ab79036807a9"},"headline":"Fernand Halphen &#8211; Un musicista israelita nella Grande Guerra: conferenza di Laure Schnapper","datePublished":"2016-02-04T08:54:41+00:00","dateModified":"2023-12-28T15:08:51+00:00","mainEntityOfPage":{"@id":"https:\/\/www.iemj.org\/it\/fernand-halphen-un-musicien-israelite-dans-la-grande-guerre-conference-de-laure-schnapper\/"},"wordCount":166,"publisher":{"@id":"https:\/\/www.iemj.org\/it\/#organization"},"image":{"@id":"https:\/\/www.iemj.org\/it\/fernand-halphen-un-musicien-israelite-dans-la-grande-guerre-conference-de-laure-schnapper\/#primaryimage"},"thumbnailUrl":"https:\/\/www.iemj.org\/wp-content\/uploads\/2016\/02\/arton1455.jpg","articleSection":["Corsi \/ Conferenze"],"inLanguage":"it-IT"},{"@type":"WebPage","@id":"https:\/\/www.iemj.org\/it\/fernand-halphen-un-musicien-israelite-dans-la-grande-guerre-conference-de-laure-schnapper\/","url":"https:\/\/www.iemj.org\/it\/fernand-halphen-un-musicien-israelite-dans-la-grande-guerre-conference-de-laure-schnapper\/","name":"Fernand Halphen - Un musicista israelita nella Grande Guerra: conferenza di Laure Schnapper - Institut Europ\u00e9en des Musiques Juives","isPartOf":{"@id":"https:\/\/www.iemj.org\/it\/#website"},"primaryImageOfPage":{"@id":"https:\/\/www.iemj.org\/it\/fernand-halphen-un-musicien-israelite-dans-la-grande-guerre-conference-de-laure-schnapper\/#primaryimage"},"image":{"@id":"https:\/\/www.iemj.org\/it\/fernand-halphen-un-musicien-israelite-dans-la-grande-guerre-conference-de-laure-schnapper\/#primaryimage"},"thumbnailUrl":"https:\/\/www.iemj.org\/wp-content\/uploads\/2016\/02\/arton1455.jpg","datePublished":"2016-02-04T08:54:41+00:00","dateModified":"2023-12-28T15:08:51+00:00","breadcrumb":{"@id":"https:\/\/www.iemj.org\/it\/fernand-halphen-un-musicien-israelite-dans-la-grande-guerre-conference-de-laure-schnapper\/#breadcrumb"},"inLanguage":"it-IT","potentialAction":[{"@type":"ReadAction","target":["https:\/\/www.iemj.org\/it\/fernand-halphen-un-musicien-israelite-dans-la-grande-guerre-conference-de-laure-schnapper\/"]}]},{"@type":"ImageObject","inLanguage":"it-IT","@id":"https:\/\/www.iemj.org\/it\/fernand-halphen-un-musicien-israelite-dans-la-grande-guerre-conference-de-laure-schnapper\/#primaryimage","url":"https:\/\/www.iemj.org\/wp-content\/uploads\/2016\/02\/arton1455.jpg","contentUrl":"https:\/\/www.iemj.org\/wp-content\/uploads\/2016\/02\/arton1455.jpg","width":463,"height":640},{"@type":"BreadcrumbList","@id":"https:\/\/www.iemj.org\/it\/fernand-halphen-un-musicien-israelite-dans-la-grande-guerre-conference-de-laure-schnapper\/#breadcrumb","itemListElement":[{"@type":"ListItem","position":1,"name":"Accueil","item":"https:\/\/www.iemj.org\/it\/"},{"@type":"ListItem","position":2,"name":"Fernand Halphen &#8211; Un musicista israelita nella Grande Guerra: conferenza di Laure Schnapper"}]},{"@type":"WebSite","@id":"https:\/\/www.iemj.org\/it\/#website","url":"https:\/\/www.iemj.org\/it\/","name":"Institut Europ\u00e9en des Musiques Juives","description":"Des traditions musicales \u00e0 la port\u00e9e de tous","publisher":{"@id":"https:\/\/www.iemj.org\/it\/#organization"},"potentialAction":[{"@type":"SearchAction","target":{"@type":"EntryPoint","urlTemplate":"https:\/\/www.iemj.org\/it\/?s={search_term_string}"},"query-input":{"@type":"PropertyValueSpecification","valueRequired":true,"valueName":"search_term_string"}}],"inLanguage":"it-IT"},{"@type":"Organization","@id":"https:\/\/www.iemj.org\/it\/#organization","name":"Institut Europ\u00e9en des Musiques Juives","url":"https:\/\/www.iemj.org\/it\/","logo":{"@type":"ImageObject","inLanguage":"it-IT","@id":"https:\/\/www.iemj.org\/it\/#\/schema\/logo\/image\/","url":"https:\/\/www.iemj.org\/wp-content\/uploads\/2021\/09\/Logo-IEMJ-Paypal.jpg","contentUrl":"https:\/\/www.iemj.org\/wp-content\/uploads\/2021\/09\/Logo-IEMJ-Paypal.jpg","width":150,"height":50,"caption":"Institut Europ\u00e9en des Musiques Juives"},"image":{"@id":"https:\/\/www.iemj.org\/it\/#\/schema\/logo\/image\/"},"sameAs":["https:\/\/www.facebook.com\/MusiquesJuives\/","https:\/\/www.instagram.com\/musiquesjuives\/","https:\/\/www.youtube.com\/user\/musiquesjuives"]},{"@type":"Person","@id":"https:\/\/www.iemj.org\/it\/#\/schema\/person\/e2ad57f2c4be119c7ed8ab79036807a9","name":"Lea Couderc","image":{"@type":"ImageObject","inLanguage":"it-IT","@id":"https:\/\/secure.gravatar.com\/avatar\/46ee021475d60aeff17a7e490b79dea5a5684bb392ab7fd1494027411df8ba23?s=96&d=mm&r=g","url":"https:\/\/secure.gravatar.com\/avatar\/46ee021475d60aeff17a7e490b79dea5a5684bb392ab7fd1494027411df8ba23?s=96&d=mm&r=g","contentUrl":"https:\/\/secure.gravatar.com\/avatar\/46ee021475d60aeff17a7e490b79dea5a5684bb392ab7fd1494027411df8ba23?s=96&d=mm&r=g","caption":"Lea Couderc"}}]}},"_links":{"self":[{"href":"https:\/\/www.iemj.org\/it\/wp-json\/wp\/v2\/posts\/106662","targetHints":{"allow":["GET"]}}],"collection":[{"href":"https:\/\/www.iemj.org\/it\/wp-json\/wp\/v2\/posts"}],"about":[{"href":"https:\/\/www.iemj.org\/it\/wp-json\/wp\/v2\/types\/post"}],"author":[{"embeddable":true,"href":"https:\/\/www.iemj.org\/it\/wp-json\/wp\/v2\/users\/1052"}],"replies":[{"embeddable":true,"href":"https:\/\/www.iemj.org\/it\/wp-json\/wp\/v2\/comments?post=106662"}],"version-history":[{"count":0,"href":"https:\/\/www.iemj.org\/it\/wp-json\/wp\/v2\/posts\/106662\/revisions"}],"wp:featuredmedia":[{"embeddable":true,"href":"https:\/\/www.iemj.org\/it\/wp-json\/wp\/v2\/media\/106663"}],"wp:attachment":[{"href":"https:\/\/www.iemj.org\/it\/wp-json\/wp\/v2\/media?parent=106662"}],"wp:term":[{"taxonomy":"category","embeddable":true,"href":"https:\/\/www.iemj.org\/it\/wp-json\/wp\/v2\/categories?post=106662"},{"taxonomy":"post_tag","embeddable":true,"href":"https:\/\/www.iemj.org\/it\/wp-json\/wp\/v2\/tags?post=106662"},{"taxonomy":"technique","embeddable":true,"href":"https:\/\/www.iemj.org\/it\/wp-json\/wp\/v2\/technique?post=106662"},{"taxonomy":"squelettes","embeddable":true,"href":"https:\/\/www.iemj.org\/it\/wp-json\/wp\/v2\/squelettes?post=106662"},{"taxonomy":"sujet","embeddable":true,"href":"https:\/\/www.iemj.org\/it\/wp-json\/wp\/v2\/sujet?post=106662"},{"taxonomy":"formation","embeddable":true,"href":"https:\/\/www.iemj.org\/it\/wp-json\/wp\/v2\/formation?post=106662"},{"taxonomy":"genre","embeddable":true,"href":"https:\/\/www.iemj.org\/it\/wp-json\/wp\/v2\/genre?post=106662"},{"taxonomy":"fonds","embeddable":true,"href":"https:\/\/www.iemj.org\/it\/wp-json\/wp\/v2\/fonds?post=106662"},{"taxonomy":"tradition","embeddable":true,"href":"https:\/\/www.iemj.org\/it\/wp-json\/wp\/v2\/tradition?post=106662"},{"taxonomy":"type-de-contenu","embeddable":true,"href":"https:\/\/www.iemj.org\/it\/wp-json\/wp\/v2\/type-de-contenu?post=106662"},{"taxonomy":"interprete-compositeur","embeddable":true,"href":"https:\/\/www.iemj.org\/it\/wp-json\/wp\/v2\/interprete-compositeur?post=106662"},{"taxonomy":"frise","embeddable":true,"href":"https:\/\/www.iemj.org\/it\/wp-json\/wp\/v2\/frise?post=106662"},{"taxonomy":"type-devenement","embeddable":true,"href":"https:\/\/www.iemj.org\/it\/wp-json\/wp\/v2\/type-devenement?post=106662"},{"taxonomy":"tableaux-liens-externes","embeddable":true,"href":"https:\/\/www.iemj.org\/it\/wp-json\/wp\/v2\/tableaux-liens-externes?post=106662"}],"curies":[{"name":"wp","href":"https:\/\/api.w.org\/{rel}","templated":true}]}}