{"id":106699,"date":"2015-12-17T15:56:04","date_gmt":"2015-12-17T14:56:04","guid":{"rendered":"https:\/\/www.iemj.org\/la-voix-dans-la-tradition-liturgique-ashkenaze-hector-sabo\/"},"modified":"2025-02-13T15:25:11","modified_gmt":"2025-02-13T14:25:11","slug":"la-voix-dans-la-tradition-liturgique-ashkenaze-hector-sabo","status":"publish","type":"post","link":"https:\/\/www.iemj.org\/it\/la-voix-dans-la-tradition-liturgique-ashkenaze-hector-sabo\/","title":{"rendered":"La voce nella tradizione liturgica ashkenazita &#8211; Hector Sabo"},"content":{"rendered":"<p class=\"post_excerpt\"><strong>Nell&#8217;ambito della <a href=\"https:\/\/www.iemj.org\/it\/colloque-et-concerts-vox-aurea-via-sacra-2014-la-musique-sacree-juive\/\">giornata di studi Vox Aurea-Via Sacra 2014<\/a>, dedicata alla musica sacra ebraica, Hector Sabo presenta uno studio sulla voce nella tradizione liturgica ashkenazita.<\/strong><\/p>\n<p><!--more--><\/p>\n<h3>Ascoltare la conferenza in fondo alla pagina<\/h3>\n<p>Hector Sabo \u00e8 cresciuto nella tradizione dell&#8217;hazanout (l&#8217;arte del canto sinagogale) tramandata dal nonno David Sabo. All&#8217;et\u00e0 di nove anni, entra a far parte del coro professionale della Grande Sinagoga di Buenos Aires (rue Paso), cantando al fianco del padre&#8230;<\/p>\n<p>La tradizione musicale della liturgia ashkenazita, nome ebraico della cultura ebraica germanica, implica il canto sinagogale sviluppatosi durante il secondo millennio dell&#8217;era cristiana nell&#8217;Europa centrale ed orientale.<\/p>\n<p>Questa cultura della valle del Reno si \u00e8 gradualmente spostata verso est e si \u00e8 impregnata di cultura slava. E nonostante queste numerose peregrinazioni, \u00e8 riuscita a conservare le sue peculiarit\u00e0 originali.<\/p>\n<p>Pi\u00f9 in generale, dalla distruzione del Secondo Tempio di Gerusalemme, la voce cantata \u00e8 stata lo strumento preferito per esprimere la fede nella liturgia ebraica.<\/p>\n<p>Nell&#8217;Europa ashkenazita, lo sviluppo musicale del rito sinagogale ha adottato molte delle caratteristiche dell&#8217;opera lirica, incorporando anche quelle dei canti popolari dei popoli circostanti.<\/p>\n<p>Hector Sabo scrive articoli per varie riviste (diasporic, KKL review, Musique et Culture, ecc.) ed \u00e8 autore di due monografie accademiche: Isra\u00ebl Lovy, portrait d&#8217;une personnalit\u00e9 musicale m\u00e9connue e Les termes H\u00e9bra\u00efques dans le dictionnaire de Walther. Da diversi anni si dedica alla ricerca di nuovi repertori della musica ebraica e delle sue corrispondenze bibliche.<\/p>\n<p><a href=\"https:\/\/www.iemj.org\/it\/colloque-et-concerts-vox-aurea-via-sacra-2014-la-musique-sacree-juive\/\" target=\"_blank\" rel=\"noopener\">Per saperne di pi\u00f9 sul programma della conferenza e sui concerti della terza edizione di Vox Aurea-Via Sacra dedicata alla musica sacra ebraica.<\/a><\/p>\n<figure id=\"attachment_110609\" aria-describedby=\"caption-attachment-110609\" style=\"width: 900px\" class=\"wp-caption aligncenter\"><img fetchpriority=\"high\" decoding=\"async\" class=\"wp-image-110609\" src=\"https:\/\/www.iemj.org\/wp-content\/uploads\/2024\/03\/AUDIO-PLAYER-300x39.png\" alt=\"\" width=\"900\" height=\"117\" srcset=\"https:\/\/www.iemj.org\/wp-content\/uploads\/2024\/03\/AUDIO-PLAYER-300x39.png 300w, https:\/\/www.iemj.org\/wp-content\/uploads\/2024\/03\/AUDIO-PLAYER-1024x133.png 1024w, https:\/\/www.iemj.org\/wp-content\/uploads\/2024\/03\/AUDIO-PLAYER-768x100.png 768w, https:\/\/www.iemj.org\/wp-content\/uploads\/2024\/03\/AUDIO-PLAYER-600x78.png 600w, https:\/\/www.iemj.org\/wp-content\/uploads\/2024\/03\/AUDIO-PLAYER.png 1210w\" sizes=\"(max-width: 900px) 100vw, 900px\" \/><figcaption id=\"caption-attachment-110609\" class=\"wp-caption-text\"><strong>Ascoltate la registrazione audio della conferenza qui sotto<\/strong><\/figcaption><\/figure>\n\n\n<div class=\"wp-block-file\"><a id=\"wp-block-file--media-9d5e4384-15e8-48db-a0f4-dc0f6f24344a\" href=\"https:\/\/www.iemj.org\/wp-content\/uploads\/2015\/12\/4_hector_sabo.mp3\">Colloque Vox Aurea &#8211; Hector SABO<\/a><\/div>\n\n\n\n<p><\/p>\n","protected":false},"excerpt":{"rendered":"<p>Nell&#8217;ambito della giornata di studi Vox Aurea-Via Sacra 2014, dedicata alla musica sacra ebraica, Hector Sabo presenta uno studio sulla voce nella tradizione liturgica ashkenazita.<\/p>\n","protected":false},"author":1052,"featured_media":106700,"comment_status":"closed","ping_status":"open","sticky":false,"template":"","format":"standard","meta":{"_acf_changed":false,"footnotes":""},"categories":[1419],"tags":[3421],"technique":[],"squelettes":[],"sujet":[],"formation":[],"genre":[1892],"fonds":[],"tradition":[1984],"type-de-contenu":[],"interprete-compositeur":[],"frise":[],"type-devenement":[],"tableaux-liens-externes":[],"class_list":["post-106699","post","type-post","status-publish","format-standard","has-post-thumbnail","hentry","category-corsi-conferenze-2-it","tag-eventi-partner-it","genre-liturgia-it","tradition-rito-ashkenazita-it"],"acf":[],"yoast_head":"<!-- This site is optimized with the Yoast SEO plugin v27.3 - https:\/\/yoast.com\/product\/yoast-seo-wordpress\/ -->\n<title>La voce nella tradizione liturgica ashkenazita - Hector Sabo - Institut Europ\u00e9en des Musiques Juives<\/title>\n<meta name=\"robots\" content=\"index, follow, max-snippet:-1, max-image-preview:large, max-video-preview:-1\" \/>\n<link rel=\"canonical\" href=\"https:\/\/www.iemj.org\/it\/la-voix-dans-la-tradition-liturgique-ashkenaze-hector-sabo\/\" \/>\n<meta property=\"og:locale\" content=\"it_IT\" \/>\n<meta property=\"og:type\" content=\"article\" \/>\n<meta property=\"og:title\" content=\"La voce nella tradizione liturgica ashkenazita - Hector Sabo - Institut Europ\u00e9en des Musiques Juives\" \/>\n<meta property=\"og:description\" content=\"Nell&#8217;ambito della giornata di studi Vox Aurea-Via Sacra 2014, dedicata alla musica sacra ebraica, Hector Sabo presenta uno studio sulla voce nella tradizione liturgica ashkenazita.\" \/>\n<meta property=\"og:url\" content=\"https:\/\/www.iemj.org\/it\/la-voix-dans-la-tradition-liturgique-ashkenaze-hector-sabo\/\" \/>\n<meta property=\"og:site_name\" content=\"Institut Europ\u00e9en des Musiques Juives\" \/>\n<meta property=\"article:publisher\" content=\"https:\/\/www.facebook.com\/MusiquesJuives\/\" \/>\n<meta property=\"article:published_time\" content=\"2015-12-17T14:56:04+00:00\" \/>\n<meta property=\"article:modified_time\" content=\"2025-02-13T14:25:11+00:00\" \/>\n<meta property=\"og:image\" content=\"https:\/\/www.iemj.org\/wp-content\/uploads\/2015\/12\/arton1323.jpg\" \/>\n\t<meta property=\"og:image:width\" content=\"500\" \/>\n\t<meta property=\"og:image:height\" content=\"657\" \/>\n\t<meta property=\"og:image:type\" content=\"image\/jpeg\" \/>\n<meta name=\"author\" content=\"Lea Couderc\" \/>\n<meta name=\"twitter:card\" content=\"summary_large_image\" \/>\n<meta name=\"twitter:label1\" content=\"Scritto da\" \/>\n\t<meta name=\"twitter:data1\" content=\"Lea Couderc\" \/>\n\t<meta name=\"twitter:label2\" content=\"Tempo di lettura stimato\" \/>\n\t<meta name=\"twitter:data2\" content=\"2 minuti\" \/>\n<script type=\"application\/ld+json\" class=\"yoast-schema-graph\">{\"@context\":\"https:\\\/\\\/schema.org\",\"@graph\":[{\"@type\":\"Article\",\"@id\":\"https:\\\/\\\/www.iemj.org\\\/it\\\/la-voix-dans-la-tradition-liturgique-ashkenaze-hector-sabo\\\/#article\",\"isPartOf\":{\"@id\":\"https:\\\/\\\/www.iemj.org\\\/it\\\/la-voix-dans-la-tradition-liturgique-ashkenaze-hector-sabo\\\/\"},\"author\":{\"name\":\"Lea Couderc\",\"@id\":\"https:\\\/\\\/www.iemj.org\\\/it\\\/#\\\/schema\\\/person\\\/e2ad57f2c4be119c7ed8ab79036807a9\"},\"headline\":\"La voce nella tradizione liturgica ashkenazita &#8211; Hector Sabo\",\"datePublished\":\"2015-12-17T14:56:04+00:00\",\"dateModified\":\"2025-02-13T14:25:11+00:00\",\"mainEntityOfPage\":{\"@id\":\"https:\\\/\\\/www.iemj.org\\\/it\\\/la-voix-dans-la-tradition-liturgique-ashkenaze-hector-sabo\\\/\"},\"wordCount\":294,\"publisher\":{\"@id\":\"https:\\\/\\\/www.iemj.org\\\/it\\\/#organization\"},\"image\":{\"@id\":\"https:\\\/\\\/www.iemj.org\\\/it\\\/la-voix-dans-la-tradition-liturgique-ashkenaze-hector-sabo\\\/#primaryimage\"},\"thumbnailUrl\":\"https:\\\/\\\/www.iemj.org\\\/wp-content\\\/uploads\\\/2015\\\/12\\\/arton1323.jpg\",\"keywords\":[\"Eventi partner\"],\"articleSection\":[\"Corsi \\\/ Conferenze\"],\"inLanguage\":\"it-IT\"},{\"@type\":\"WebPage\",\"@id\":\"https:\\\/\\\/www.iemj.org\\\/it\\\/la-voix-dans-la-tradition-liturgique-ashkenaze-hector-sabo\\\/\",\"url\":\"https:\\\/\\\/www.iemj.org\\\/it\\\/la-voix-dans-la-tradition-liturgique-ashkenaze-hector-sabo\\\/\",\"name\":\"La voce nella tradizione liturgica ashkenazita - Hector Sabo - Institut Europ\u00e9en des Musiques Juives\",\"isPartOf\":{\"@id\":\"https:\\\/\\\/www.iemj.org\\\/it\\\/#website\"},\"primaryImageOfPage\":{\"@id\":\"https:\\\/\\\/www.iemj.org\\\/it\\\/la-voix-dans-la-tradition-liturgique-ashkenaze-hector-sabo\\\/#primaryimage\"},\"image\":{\"@id\":\"https:\\\/\\\/www.iemj.org\\\/it\\\/la-voix-dans-la-tradition-liturgique-ashkenaze-hector-sabo\\\/#primaryimage\"},\"thumbnailUrl\":\"https:\\\/\\\/www.iemj.org\\\/wp-content\\\/uploads\\\/2015\\\/12\\\/arton1323.jpg\",\"datePublished\":\"2015-12-17T14:56:04+00:00\",\"dateModified\":\"2025-02-13T14:25:11+00:00\",\"breadcrumb\":{\"@id\":\"https:\\\/\\\/www.iemj.org\\\/it\\\/la-voix-dans-la-tradition-liturgique-ashkenaze-hector-sabo\\\/#breadcrumb\"},\"inLanguage\":\"it-IT\",\"potentialAction\":[{\"@type\":\"ReadAction\",\"target\":[\"https:\\\/\\\/www.iemj.org\\\/it\\\/la-voix-dans-la-tradition-liturgique-ashkenaze-hector-sabo\\\/\"]}]},{\"@type\":\"ImageObject\",\"inLanguage\":\"it-IT\",\"@id\":\"https:\\\/\\\/www.iemj.org\\\/it\\\/la-voix-dans-la-tradition-liturgique-ashkenaze-hector-sabo\\\/#primaryimage\",\"url\":\"https:\\\/\\\/www.iemj.org\\\/wp-content\\\/uploads\\\/2015\\\/12\\\/arton1323.jpg\",\"contentUrl\":\"https:\\\/\\\/www.iemj.org\\\/wp-content\\\/uploads\\\/2015\\\/12\\\/arton1323.jpg\",\"width\":500,\"height\":657},{\"@type\":\"BreadcrumbList\",\"@id\":\"https:\\\/\\\/www.iemj.org\\\/it\\\/la-voix-dans-la-tradition-liturgique-ashkenaze-hector-sabo\\\/#breadcrumb\",\"itemListElement\":[{\"@type\":\"ListItem\",\"position\":1,\"name\":\"Accueil\",\"item\":\"https:\\\/\\\/www.iemj.org\\\/it\\\/\"},{\"@type\":\"ListItem\",\"position\":2,\"name\":\"La voce nella tradizione liturgica ashkenazita &#8211; Hector Sabo\"}]},{\"@type\":\"WebSite\",\"@id\":\"https:\\\/\\\/www.iemj.org\\\/it\\\/#website\",\"url\":\"https:\\\/\\\/www.iemj.org\\\/it\\\/\",\"name\":\"Institut Europ\u00e9en des Musiques Juives\",\"description\":\"Des traditions musicales \u00e0 la port\u00e9e de tous\",\"publisher\":{\"@id\":\"https:\\\/\\\/www.iemj.org\\\/it\\\/#organization\"},\"potentialAction\":[{\"@type\":\"SearchAction\",\"target\":{\"@type\":\"EntryPoint\",\"urlTemplate\":\"https:\\\/\\\/www.iemj.org\\\/it\\\/?s={search_term_string}\"},\"query-input\":{\"@type\":\"PropertyValueSpecification\",\"valueRequired\":true,\"valueName\":\"search_term_string\"}}],\"inLanguage\":\"it-IT\"},{\"@type\":\"Organization\",\"@id\":\"https:\\\/\\\/www.iemj.org\\\/it\\\/#organization\",\"name\":\"Institut Europ\u00e9en des Musiques Juives\",\"url\":\"https:\\\/\\\/www.iemj.org\\\/it\\\/\",\"logo\":{\"@type\":\"ImageObject\",\"inLanguage\":\"it-IT\",\"@id\":\"https:\\\/\\\/www.iemj.org\\\/it\\\/#\\\/schema\\\/logo\\\/image\\\/\",\"url\":\"https:\\\/\\\/www.iemj.org\\\/wp-content\\\/uploads\\\/2021\\\/09\\\/Logo-IEMJ-Paypal.jpg\",\"contentUrl\":\"https:\\\/\\\/www.iemj.org\\\/wp-content\\\/uploads\\\/2021\\\/09\\\/Logo-IEMJ-Paypal.jpg\",\"width\":150,\"height\":50,\"caption\":\"Institut Europ\u00e9en des Musiques Juives\"},\"image\":{\"@id\":\"https:\\\/\\\/www.iemj.org\\\/it\\\/#\\\/schema\\\/logo\\\/image\\\/\"},\"sameAs\":[\"https:\\\/\\\/www.facebook.com\\\/MusiquesJuives\\\/\",\"https:\\\/\\\/www.instagram.com\\\/musiquesjuives\\\/\",\"https:\\\/\\\/www.youtube.com\\\/user\\\/musiquesjuives\"]},{\"@type\":\"Person\",\"@id\":\"https:\\\/\\\/www.iemj.org\\\/it\\\/#\\\/schema\\\/person\\\/e2ad57f2c4be119c7ed8ab79036807a9\",\"name\":\"Lea Couderc\",\"image\":{\"@type\":\"ImageObject\",\"inLanguage\":\"it-IT\",\"@id\":\"https:\\\/\\\/secure.gravatar.com\\\/avatar\\\/46ee021475d60aeff17a7e490b79dea5a5684bb392ab7fd1494027411df8ba23?s=96&d=mm&r=g\",\"url\":\"https:\\\/\\\/secure.gravatar.com\\\/avatar\\\/46ee021475d60aeff17a7e490b79dea5a5684bb392ab7fd1494027411df8ba23?s=96&d=mm&r=g\",\"contentUrl\":\"https:\\\/\\\/secure.gravatar.com\\\/avatar\\\/46ee021475d60aeff17a7e490b79dea5a5684bb392ab7fd1494027411df8ba23?s=96&d=mm&r=g\",\"caption\":\"Lea Couderc\"}}]}<\/script>\n<!-- \/ Yoast SEO plugin. -->","yoast_head_json":{"title":"La voce nella tradizione liturgica ashkenazita - Hector Sabo - Institut Europ\u00e9en des Musiques Juives","robots":{"index":"index","follow":"follow","max-snippet":"max-snippet:-1","max-image-preview":"max-image-preview:large","max-video-preview":"max-video-preview:-1"},"canonical":"https:\/\/www.iemj.org\/it\/la-voix-dans-la-tradition-liturgique-ashkenaze-hector-sabo\/","og_locale":"it_IT","og_type":"article","og_title":"La voce nella tradizione liturgica ashkenazita - Hector Sabo - Institut Europ\u00e9en des Musiques Juives","og_description":"Nell&#8217;ambito della giornata di studi Vox Aurea-Via Sacra 2014, dedicata alla musica sacra ebraica, Hector Sabo presenta uno studio sulla voce nella tradizione liturgica ashkenazita.","og_url":"https:\/\/www.iemj.org\/it\/la-voix-dans-la-tradition-liturgique-ashkenaze-hector-sabo\/","og_site_name":"Institut Europ\u00e9en des Musiques Juives","article_publisher":"https:\/\/www.facebook.com\/MusiquesJuives\/","article_published_time":"2015-12-17T14:56:04+00:00","article_modified_time":"2025-02-13T14:25:11+00:00","og_image":[{"width":500,"height":657,"url":"https:\/\/www.iemj.org\/wp-content\/uploads\/2015\/12\/arton1323.jpg","type":"image\/jpeg"}],"author":"Lea Couderc","twitter_card":"summary_large_image","twitter_misc":{"Scritto da":"Lea Couderc","Tempo di lettura stimato":"2 minuti"},"schema":{"@context":"https:\/\/schema.org","@graph":[{"@type":"Article","@id":"https:\/\/www.iemj.org\/it\/la-voix-dans-la-tradition-liturgique-ashkenaze-hector-sabo\/#article","isPartOf":{"@id":"https:\/\/www.iemj.org\/it\/la-voix-dans-la-tradition-liturgique-ashkenaze-hector-sabo\/"},"author":{"name":"Lea Couderc","@id":"https:\/\/www.iemj.org\/it\/#\/schema\/person\/e2ad57f2c4be119c7ed8ab79036807a9"},"headline":"La voce nella tradizione liturgica ashkenazita &#8211; Hector Sabo","datePublished":"2015-12-17T14:56:04+00:00","dateModified":"2025-02-13T14:25:11+00:00","mainEntityOfPage":{"@id":"https:\/\/www.iemj.org\/it\/la-voix-dans-la-tradition-liturgique-ashkenaze-hector-sabo\/"},"wordCount":294,"publisher":{"@id":"https:\/\/www.iemj.org\/it\/#organization"},"image":{"@id":"https:\/\/www.iemj.org\/it\/la-voix-dans-la-tradition-liturgique-ashkenaze-hector-sabo\/#primaryimage"},"thumbnailUrl":"https:\/\/www.iemj.org\/wp-content\/uploads\/2015\/12\/arton1323.jpg","keywords":["Eventi partner"],"articleSection":["Corsi \/ Conferenze"],"inLanguage":"it-IT"},{"@type":"WebPage","@id":"https:\/\/www.iemj.org\/it\/la-voix-dans-la-tradition-liturgique-ashkenaze-hector-sabo\/","url":"https:\/\/www.iemj.org\/it\/la-voix-dans-la-tradition-liturgique-ashkenaze-hector-sabo\/","name":"La voce nella tradizione liturgica ashkenazita - Hector Sabo - Institut Europ\u00e9en des Musiques Juives","isPartOf":{"@id":"https:\/\/www.iemj.org\/it\/#website"},"primaryImageOfPage":{"@id":"https:\/\/www.iemj.org\/it\/la-voix-dans-la-tradition-liturgique-ashkenaze-hector-sabo\/#primaryimage"},"image":{"@id":"https:\/\/www.iemj.org\/it\/la-voix-dans-la-tradition-liturgique-ashkenaze-hector-sabo\/#primaryimage"},"thumbnailUrl":"https:\/\/www.iemj.org\/wp-content\/uploads\/2015\/12\/arton1323.jpg","datePublished":"2015-12-17T14:56:04+00:00","dateModified":"2025-02-13T14:25:11+00:00","breadcrumb":{"@id":"https:\/\/www.iemj.org\/it\/la-voix-dans-la-tradition-liturgique-ashkenaze-hector-sabo\/#breadcrumb"},"inLanguage":"it-IT","potentialAction":[{"@type":"ReadAction","target":["https:\/\/www.iemj.org\/it\/la-voix-dans-la-tradition-liturgique-ashkenaze-hector-sabo\/"]}]},{"@type":"ImageObject","inLanguage":"it-IT","@id":"https:\/\/www.iemj.org\/it\/la-voix-dans-la-tradition-liturgique-ashkenaze-hector-sabo\/#primaryimage","url":"https:\/\/www.iemj.org\/wp-content\/uploads\/2015\/12\/arton1323.jpg","contentUrl":"https:\/\/www.iemj.org\/wp-content\/uploads\/2015\/12\/arton1323.jpg","width":500,"height":657},{"@type":"BreadcrumbList","@id":"https:\/\/www.iemj.org\/it\/la-voix-dans-la-tradition-liturgique-ashkenaze-hector-sabo\/#breadcrumb","itemListElement":[{"@type":"ListItem","position":1,"name":"Accueil","item":"https:\/\/www.iemj.org\/it\/"},{"@type":"ListItem","position":2,"name":"La voce nella tradizione liturgica ashkenazita &#8211; Hector Sabo"}]},{"@type":"WebSite","@id":"https:\/\/www.iemj.org\/it\/#website","url":"https:\/\/www.iemj.org\/it\/","name":"Institut Europ\u00e9en des Musiques Juives","description":"Des traditions musicales \u00e0 la port\u00e9e de tous","publisher":{"@id":"https:\/\/www.iemj.org\/it\/#organization"},"potentialAction":[{"@type":"SearchAction","target":{"@type":"EntryPoint","urlTemplate":"https:\/\/www.iemj.org\/it\/?s={search_term_string}"},"query-input":{"@type":"PropertyValueSpecification","valueRequired":true,"valueName":"search_term_string"}}],"inLanguage":"it-IT"},{"@type":"Organization","@id":"https:\/\/www.iemj.org\/it\/#organization","name":"Institut Europ\u00e9en des Musiques Juives","url":"https:\/\/www.iemj.org\/it\/","logo":{"@type":"ImageObject","inLanguage":"it-IT","@id":"https:\/\/www.iemj.org\/it\/#\/schema\/logo\/image\/","url":"https:\/\/www.iemj.org\/wp-content\/uploads\/2021\/09\/Logo-IEMJ-Paypal.jpg","contentUrl":"https:\/\/www.iemj.org\/wp-content\/uploads\/2021\/09\/Logo-IEMJ-Paypal.jpg","width":150,"height":50,"caption":"Institut Europ\u00e9en des Musiques Juives"},"image":{"@id":"https:\/\/www.iemj.org\/it\/#\/schema\/logo\/image\/"},"sameAs":["https:\/\/www.facebook.com\/MusiquesJuives\/","https:\/\/www.instagram.com\/musiquesjuives\/","https:\/\/www.youtube.com\/user\/musiquesjuives"]},{"@type":"Person","@id":"https:\/\/www.iemj.org\/it\/#\/schema\/person\/e2ad57f2c4be119c7ed8ab79036807a9","name":"Lea Couderc","image":{"@type":"ImageObject","inLanguage":"it-IT","@id":"https:\/\/secure.gravatar.com\/avatar\/46ee021475d60aeff17a7e490b79dea5a5684bb392ab7fd1494027411df8ba23?s=96&d=mm&r=g","url":"https:\/\/secure.gravatar.com\/avatar\/46ee021475d60aeff17a7e490b79dea5a5684bb392ab7fd1494027411df8ba23?s=96&d=mm&r=g","contentUrl":"https:\/\/secure.gravatar.com\/avatar\/46ee021475d60aeff17a7e490b79dea5a5684bb392ab7fd1494027411df8ba23?s=96&d=mm&r=g","caption":"Lea Couderc"}}]}},"_links":{"self":[{"href":"https:\/\/www.iemj.org\/it\/wp-json\/wp\/v2\/posts\/106699","targetHints":{"allow":["GET"]}}],"collection":[{"href":"https:\/\/www.iemj.org\/it\/wp-json\/wp\/v2\/posts"}],"about":[{"href":"https:\/\/www.iemj.org\/it\/wp-json\/wp\/v2\/types\/post"}],"author":[{"embeddable":true,"href":"https:\/\/www.iemj.org\/it\/wp-json\/wp\/v2\/users\/1052"}],"replies":[{"embeddable":true,"href":"https:\/\/www.iemj.org\/it\/wp-json\/wp\/v2\/comments?post=106699"}],"version-history":[{"count":0,"href":"https:\/\/www.iemj.org\/it\/wp-json\/wp\/v2\/posts\/106699\/revisions"}],"wp:featuredmedia":[{"embeddable":true,"href":"https:\/\/www.iemj.org\/it\/wp-json\/wp\/v2\/media\/106700"}],"wp:attachment":[{"href":"https:\/\/www.iemj.org\/it\/wp-json\/wp\/v2\/media?parent=106699"}],"wp:term":[{"taxonomy":"category","embeddable":true,"href":"https:\/\/www.iemj.org\/it\/wp-json\/wp\/v2\/categories?post=106699"},{"taxonomy":"post_tag","embeddable":true,"href":"https:\/\/www.iemj.org\/it\/wp-json\/wp\/v2\/tags?post=106699"},{"taxonomy":"technique","embeddable":true,"href":"https:\/\/www.iemj.org\/it\/wp-json\/wp\/v2\/technique?post=106699"},{"taxonomy":"squelettes","embeddable":true,"href":"https:\/\/www.iemj.org\/it\/wp-json\/wp\/v2\/squelettes?post=106699"},{"taxonomy":"sujet","embeddable":true,"href":"https:\/\/www.iemj.org\/it\/wp-json\/wp\/v2\/sujet?post=106699"},{"taxonomy":"formation","embeddable":true,"href":"https:\/\/www.iemj.org\/it\/wp-json\/wp\/v2\/formation?post=106699"},{"taxonomy":"genre","embeddable":true,"href":"https:\/\/www.iemj.org\/it\/wp-json\/wp\/v2\/genre?post=106699"},{"taxonomy":"fonds","embeddable":true,"href":"https:\/\/www.iemj.org\/it\/wp-json\/wp\/v2\/fonds?post=106699"},{"taxonomy":"tradition","embeddable":true,"href":"https:\/\/www.iemj.org\/it\/wp-json\/wp\/v2\/tradition?post=106699"},{"taxonomy":"type-de-contenu","embeddable":true,"href":"https:\/\/www.iemj.org\/it\/wp-json\/wp\/v2\/type-de-contenu?post=106699"},{"taxonomy":"interprete-compositeur","embeddable":true,"href":"https:\/\/www.iemj.org\/it\/wp-json\/wp\/v2\/interprete-compositeur?post=106699"},{"taxonomy":"frise","embeddable":true,"href":"https:\/\/www.iemj.org\/it\/wp-json\/wp\/v2\/frise?post=106699"},{"taxonomy":"type-devenement","embeddable":true,"href":"https:\/\/www.iemj.org\/it\/wp-json\/wp\/v2\/type-devenement?post=106699"},{"taxonomy":"tableaux-liens-externes","embeddable":true,"href":"https:\/\/www.iemj.org\/it\/wp-json\/wp\/v2\/tableaux-liens-externes?post=106699"}],"curies":[{"name":"wp","href":"https:\/\/api.w.org\/{rel}","templated":true}]}}