{"id":106717,"date":"2015-12-08T14:11:03","date_gmt":"2015-12-08T13:11:03","guid":{"rendered":"https:\/\/www.iemj.org\/le-chant-mystique-dans-la-tradition-hassidique-marc-alain-ouaknin\/"},"modified":"2025-10-04T18:19:04","modified_gmt":"2025-10-04T16:19:04","slug":"le-chant-mystique-dans-la-tradition-hassidique-marc-alain-ouaknin","status":"publish","type":"post","link":"https:\/\/www.iemj.org\/it\/le-chant-mystique-dans-la-tradition-hassidique-marc-alain-ouaknin\/","title":{"rendered":"Il canto mistico nella tradizione chassidica &#8211; Marc-Alain Ouaknin"},"content":{"rendered":"<p class=\"post_excerpt\"><strong>Nell&#8217;ambito della <a href=\"https:\/\/www.iemj.org\/it\/colloque-et-concerts-vox-aurea-via-sacra-2014-la-musique-sacree-juive\/\">giornata di studio Vox Aurea-Via Sacra 2014<\/a>, dedicata alla musica sacra ebraica, <a href=\"https:\/\/en.wikipedia.org\/wiki\/Marc-Alain_Ouaknin\" target=\"_blank\" rel=\"noopener\">Marc-Alain Ouaknin<\/a> rabbino, filosofo e docente universitario, riflette sul canto chassidico e sul suo rapporto con la fede<\/strong><\/p>\n<p><!--more--><\/p>\n<h3>Ascoltare la conferenza in fondo alla pagina<\/h3>\n<p>Il chassidismo, inaugurato a met\u00e0 del XVIII secolo dal Baal Shem Tov e dai suoi discepoli, cerc\u00f2 di offrire al popolo ebraico un&#8217;autentica rinascita. Il suo obiettivo non era pi\u00f9 quello di produrre dotti dottori di casistica talmudica, ma di permettere agli uomini ed alle donne di quella generazione di riacquistare la loro dignit\u00e0. Poveri s\u00ec, ma dignitosi. E che ognuno diventasse un principe ed una principessa, un re ed una regina in ogni famiglia, in ogni villaggio, che cercassero di abbellire l&#8217;ebraismo con canti, danze e storie.<\/p>\n<p>L&#8217;uomo e il mondo erano rinati! La primavera aveva un significato: non era pi\u00f9 solo il tempo della festa di Pesach e delle sue leggi dotte e complicate, ma il tempo dei mandorli in fiore, delle giornate pi\u00f9 lunghe e del ritorno del canto degli uccelli. \u00c8 cos\u00ec che il chassidismo ed i suoi maestri sono usciti dalla &#8220;teologia della consolazione&#8221; cos\u00ec ben descritta da Nietzsche un secolo dopo con il suo famoso motto &#8220;Cadaveri! Puoi goderteli dopo!&#8221;<\/p>\n<p>I testi pubblicati da Marc-Alain Ouaknin sono una fonte inesauribile di informazioni sulla tradizione ebraica. Sono ricchi di connessioni inaspettate tra questa tradizione e le correnti pi\u00f9 contemporanee della filosofia e della letteratura. Egli d\u00e0 nuova vita alla tradizione, conferendole nuove risonanze.<\/p>\n<p><a href=\"https:\/\/www.iemj.org\/it\/colloque-et-concerts-vox-aurea-via-sacra-2014-la-musique-sacree-juive\/\" target=\"_blank\" rel=\"noopener\">Per saperne di pi\u00f9 sul programma della conferenza e sui concerti della terza edizione di Vox Aurea-Via Sacra dedicata alla musica sacra ebraica.<\/a><\/p>\n\n<div class=\"wp-block-image\">\n<figure class=\"aligncenter size-large\"><img fetchpriority=\"high\" decoding=\"async\" width=\"1024\" height=\"133\" src=\"https:\/\/www.iemj.org\/wp-content\/uploads\/2024\/03\/AUDIO-PLAYER-1024x133.png\" alt=\"\" class=\"wp-image-110609\" srcset=\"https:\/\/www.iemj.org\/wp-content\/uploads\/2024\/03\/AUDIO-PLAYER-1024x133.png 1024w, https:\/\/www.iemj.org\/wp-content\/uploads\/2024\/03\/AUDIO-PLAYER-300x39.png 300w, https:\/\/www.iemj.org\/wp-content\/uploads\/2024\/03\/AUDIO-PLAYER-768x100.png 768w, https:\/\/www.iemj.org\/wp-content\/uploads\/2024\/03\/AUDIO-PLAYER-600x78.png 600w, https:\/\/www.iemj.org\/wp-content\/uploads\/2024\/03\/AUDIO-PLAYER.png 1210w\" sizes=\"(max-width: 1024px) 100vw, 1024px\" \/><\/figure>\n<\/div>\n\n\n<div class=\"wp-block-file\"><a id=\"wp-block-file--media-70e9daef-4213-49db-a21b-b9b432c4faf6\" href=\"https:\/\/www.iemj.org\/wp-content\/uploads\/2015\/12\/5_marc_alain_ouaknin-2.mp3\">Colloque Vox Aurea &#8211; Marc-Alain OUAKNIN<\/a><\/div>\n\n\n\n<p><\/p>\n","protected":false},"excerpt":{"rendered":"<p>Nell&#8217;ambito della giornata di studio Vox Aurea-Via Sacra 2014, dedicata alla musica sacra ebraica, Marc-Alain Ouaknin rabbino, filosofo e docente universitario, riflette sul canto chassidico e sul suo rapporto con<\/p>\n","protected":false},"author":1052,"featured_media":106718,"comment_status":"closed","ping_status":"closed","sticky":false,"template":"","format":"standard","meta":{"_acf_changed":false,"footnotes":""},"categories":[1419],"tags":[3421],"technique":[],"squelettes":[],"sujet":[],"formation":[],"genre":[1892],"fonds":[],"tradition":[],"type-de-contenu":[],"interprete-compositeur":[],"frise":[],"type-devenement":[],"tableaux-liens-externes":[],"class_list":["post-106717","post","type-post","status-publish","format-standard","has-post-thumbnail","hentry","category-corsi-conferenze-2-it","tag-eventi-partner-it","genre-liturgia-it"],"acf":[],"yoast_head":"<!-- This site is optimized with the Yoast SEO plugin v27.3 - https:\/\/yoast.com\/product\/yoast-seo-wordpress\/ -->\n<title>Il canto mistico nella tradizione chassidica - Marc-Alain Ouaknin - Institut Europ\u00e9en des Musiques Juives<\/title>\n<meta name=\"robots\" content=\"index, follow, max-snippet:-1, max-image-preview:large, max-video-preview:-1\" \/>\n<link rel=\"canonical\" href=\"https:\/\/www.iemj.org\/it\/le-chant-mystique-dans-la-tradition-hassidique-marc-alain-ouaknin\/\" \/>\n<meta property=\"og:locale\" content=\"it_IT\" \/>\n<meta property=\"og:type\" content=\"article\" \/>\n<meta property=\"og:title\" content=\"Il canto mistico nella tradizione chassidica - Marc-Alain Ouaknin - Institut Europ\u00e9en des Musiques Juives\" \/>\n<meta property=\"og:description\" content=\"Nell&#8217;ambito della giornata di studio Vox Aurea-Via Sacra 2014, dedicata alla musica sacra ebraica, Marc-Alain Ouaknin rabbino, filosofo e docente universitario, riflette sul canto chassidico e sul suo rapporto con\" \/>\n<meta property=\"og:url\" content=\"https:\/\/www.iemj.org\/it\/le-chant-mystique-dans-la-tradition-hassidique-marc-alain-ouaknin\/\" \/>\n<meta property=\"og:site_name\" content=\"Institut Europ\u00e9en des Musiques Juives\" \/>\n<meta property=\"article:publisher\" content=\"https:\/\/www.facebook.com\/MusiquesJuives\/\" \/>\n<meta property=\"article:published_time\" content=\"2015-12-08T13:11:03+00:00\" \/>\n<meta property=\"article:modified_time\" content=\"2025-10-04T16:19:04+00:00\" \/>\n<meta property=\"og:image\" content=\"https:\/\/www.iemj.org\/wp-content\/uploads\/2015\/12\/arton1295.jpg\" \/>\n\t<meta property=\"og:image:width\" content=\"302\" \/>\n\t<meta property=\"og:image:height\" content=\"321\" \/>\n\t<meta property=\"og:image:type\" content=\"image\/jpeg\" \/>\n<meta name=\"author\" content=\"Lea Couderc\" \/>\n<meta name=\"twitter:card\" content=\"summary_large_image\" \/>\n<meta name=\"twitter:label1\" content=\"Scritto da\" \/>\n\t<meta name=\"twitter:data1\" content=\"Lea Couderc\" \/>\n\t<meta name=\"twitter:label2\" content=\"Tempo di lettura stimato\" \/>\n\t<meta name=\"twitter:data2\" content=\"2 minuti\" \/>\n<script type=\"application\/ld+json\" class=\"yoast-schema-graph\">{\"@context\":\"https:\\\/\\\/schema.org\",\"@graph\":[{\"@type\":\"Article\",\"@id\":\"https:\\\/\\\/www.iemj.org\\\/it\\\/le-chant-mystique-dans-la-tradition-hassidique-marc-alain-ouaknin\\\/#article\",\"isPartOf\":{\"@id\":\"https:\\\/\\\/www.iemj.org\\\/it\\\/le-chant-mystique-dans-la-tradition-hassidique-marc-alain-ouaknin\\\/\"},\"author\":{\"name\":\"Lea Couderc\",\"@id\":\"https:\\\/\\\/www.iemj.org\\\/it\\\/#\\\/schema\\\/person\\\/e2ad57f2c4be119c7ed8ab79036807a9\"},\"headline\":\"Il canto mistico nella tradizione chassidica &#8211; Marc-Alain Ouaknin\",\"datePublished\":\"2015-12-08T13:11:03+00:00\",\"dateModified\":\"2025-10-04T16:19:04+00:00\",\"mainEntityOfPage\":{\"@id\":\"https:\\\/\\\/www.iemj.org\\\/it\\\/le-chant-mystique-dans-la-tradition-hassidique-marc-alain-ouaknin\\\/\"},\"wordCount\":287,\"publisher\":{\"@id\":\"https:\\\/\\\/www.iemj.org\\\/it\\\/#organization\"},\"image\":{\"@id\":\"https:\\\/\\\/www.iemj.org\\\/it\\\/le-chant-mystique-dans-la-tradition-hassidique-marc-alain-ouaknin\\\/#primaryimage\"},\"thumbnailUrl\":\"https:\\\/\\\/www.iemj.org\\\/wp-content\\\/uploads\\\/2015\\\/12\\\/arton1295.jpg\",\"keywords\":[\"Eventi partner\"],\"articleSection\":[\"Corsi \\\/ Conferenze\"],\"inLanguage\":\"it-IT\"},{\"@type\":\"WebPage\",\"@id\":\"https:\\\/\\\/www.iemj.org\\\/it\\\/le-chant-mystique-dans-la-tradition-hassidique-marc-alain-ouaknin\\\/\",\"url\":\"https:\\\/\\\/www.iemj.org\\\/it\\\/le-chant-mystique-dans-la-tradition-hassidique-marc-alain-ouaknin\\\/\",\"name\":\"Il canto mistico nella tradizione chassidica - Marc-Alain Ouaknin - Institut Europ\u00e9en des Musiques Juives\",\"isPartOf\":{\"@id\":\"https:\\\/\\\/www.iemj.org\\\/it\\\/#website\"},\"primaryImageOfPage\":{\"@id\":\"https:\\\/\\\/www.iemj.org\\\/it\\\/le-chant-mystique-dans-la-tradition-hassidique-marc-alain-ouaknin\\\/#primaryimage\"},\"image\":{\"@id\":\"https:\\\/\\\/www.iemj.org\\\/it\\\/le-chant-mystique-dans-la-tradition-hassidique-marc-alain-ouaknin\\\/#primaryimage\"},\"thumbnailUrl\":\"https:\\\/\\\/www.iemj.org\\\/wp-content\\\/uploads\\\/2015\\\/12\\\/arton1295.jpg\",\"datePublished\":\"2015-12-08T13:11:03+00:00\",\"dateModified\":\"2025-10-04T16:19:04+00:00\",\"breadcrumb\":{\"@id\":\"https:\\\/\\\/www.iemj.org\\\/it\\\/le-chant-mystique-dans-la-tradition-hassidique-marc-alain-ouaknin\\\/#breadcrumb\"},\"inLanguage\":\"it-IT\",\"potentialAction\":[{\"@type\":\"ReadAction\",\"target\":[\"https:\\\/\\\/www.iemj.org\\\/it\\\/le-chant-mystique-dans-la-tradition-hassidique-marc-alain-ouaknin\\\/\"]}]},{\"@type\":\"ImageObject\",\"inLanguage\":\"it-IT\",\"@id\":\"https:\\\/\\\/www.iemj.org\\\/it\\\/le-chant-mystique-dans-la-tradition-hassidique-marc-alain-ouaknin\\\/#primaryimage\",\"url\":\"https:\\\/\\\/www.iemj.org\\\/wp-content\\\/uploads\\\/2015\\\/12\\\/arton1295.jpg\",\"contentUrl\":\"https:\\\/\\\/www.iemj.org\\\/wp-content\\\/uploads\\\/2015\\\/12\\\/arton1295.jpg\",\"width\":302,\"height\":321},{\"@type\":\"BreadcrumbList\",\"@id\":\"https:\\\/\\\/www.iemj.org\\\/it\\\/le-chant-mystique-dans-la-tradition-hassidique-marc-alain-ouaknin\\\/#breadcrumb\",\"itemListElement\":[{\"@type\":\"ListItem\",\"position\":1,\"name\":\"Accueil\",\"item\":\"https:\\\/\\\/www.iemj.org\\\/it\\\/\"},{\"@type\":\"ListItem\",\"position\":2,\"name\":\"Il canto mistico nella tradizione chassidica &#8211; Marc-Alain Ouaknin\"}]},{\"@type\":\"WebSite\",\"@id\":\"https:\\\/\\\/www.iemj.org\\\/it\\\/#website\",\"url\":\"https:\\\/\\\/www.iemj.org\\\/it\\\/\",\"name\":\"Institut Europ\u00e9en des Musiques Juives\",\"description\":\"Des traditions musicales \u00e0 la port\u00e9e de tous\",\"publisher\":{\"@id\":\"https:\\\/\\\/www.iemj.org\\\/it\\\/#organization\"},\"potentialAction\":[{\"@type\":\"SearchAction\",\"target\":{\"@type\":\"EntryPoint\",\"urlTemplate\":\"https:\\\/\\\/www.iemj.org\\\/it\\\/?s={search_term_string}\"},\"query-input\":{\"@type\":\"PropertyValueSpecification\",\"valueRequired\":true,\"valueName\":\"search_term_string\"}}],\"inLanguage\":\"it-IT\"},{\"@type\":\"Organization\",\"@id\":\"https:\\\/\\\/www.iemj.org\\\/it\\\/#organization\",\"name\":\"Institut Europ\u00e9en des Musiques Juives\",\"url\":\"https:\\\/\\\/www.iemj.org\\\/it\\\/\",\"logo\":{\"@type\":\"ImageObject\",\"inLanguage\":\"it-IT\",\"@id\":\"https:\\\/\\\/www.iemj.org\\\/it\\\/#\\\/schema\\\/logo\\\/image\\\/\",\"url\":\"https:\\\/\\\/www.iemj.org\\\/wp-content\\\/uploads\\\/2021\\\/09\\\/Logo-IEMJ-Paypal.jpg\",\"contentUrl\":\"https:\\\/\\\/www.iemj.org\\\/wp-content\\\/uploads\\\/2021\\\/09\\\/Logo-IEMJ-Paypal.jpg\",\"width\":150,\"height\":50,\"caption\":\"Institut Europ\u00e9en des Musiques Juives\"},\"image\":{\"@id\":\"https:\\\/\\\/www.iemj.org\\\/it\\\/#\\\/schema\\\/logo\\\/image\\\/\"},\"sameAs\":[\"https:\\\/\\\/www.facebook.com\\\/MusiquesJuives\\\/\",\"https:\\\/\\\/www.instagram.com\\\/musiquesjuives\\\/\",\"https:\\\/\\\/www.youtube.com\\\/user\\\/musiquesjuives\"]},{\"@type\":\"Person\",\"@id\":\"https:\\\/\\\/www.iemj.org\\\/it\\\/#\\\/schema\\\/person\\\/e2ad57f2c4be119c7ed8ab79036807a9\",\"name\":\"Lea Couderc\",\"image\":{\"@type\":\"ImageObject\",\"inLanguage\":\"it-IT\",\"@id\":\"https:\\\/\\\/secure.gravatar.com\\\/avatar\\\/46ee021475d60aeff17a7e490b79dea5a5684bb392ab7fd1494027411df8ba23?s=96&d=mm&r=g\",\"url\":\"https:\\\/\\\/secure.gravatar.com\\\/avatar\\\/46ee021475d60aeff17a7e490b79dea5a5684bb392ab7fd1494027411df8ba23?s=96&d=mm&r=g\",\"contentUrl\":\"https:\\\/\\\/secure.gravatar.com\\\/avatar\\\/46ee021475d60aeff17a7e490b79dea5a5684bb392ab7fd1494027411df8ba23?s=96&d=mm&r=g\",\"caption\":\"Lea Couderc\"}}]}<\/script>\n<!-- \/ Yoast SEO plugin. -->","yoast_head_json":{"title":"Il canto mistico nella tradizione chassidica - Marc-Alain Ouaknin - Institut Europ\u00e9en des Musiques Juives","robots":{"index":"index","follow":"follow","max-snippet":"max-snippet:-1","max-image-preview":"max-image-preview:large","max-video-preview":"max-video-preview:-1"},"canonical":"https:\/\/www.iemj.org\/it\/le-chant-mystique-dans-la-tradition-hassidique-marc-alain-ouaknin\/","og_locale":"it_IT","og_type":"article","og_title":"Il canto mistico nella tradizione chassidica - Marc-Alain Ouaknin - Institut Europ\u00e9en des Musiques Juives","og_description":"Nell&#8217;ambito della giornata di studio Vox Aurea-Via Sacra 2014, dedicata alla musica sacra ebraica, Marc-Alain Ouaknin rabbino, filosofo e docente universitario, riflette sul canto chassidico e sul suo rapporto con","og_url":"https:\/\/www.iemj.org\/it\/le-chant-mystique-dans-la-tradition-hassidique-marc-alain-ouaknin\/","og_site_name":"Institut Europ\u00e9en des Musiques Juives","article_publisher":"https:\/\/www.facebook.com\/MusiquesJuives\/","article_published_time":"2015-12-08T13:11:03+00:00","article_modified_time":"2025-10-04T16:19:04+00:00","og_image":[{"width":302,"height":321,"url":"https:\/\/www.iemj.org\/wp-content\/uploads\/2015\/12\/arton1295.jpg","type":"image\/jpeg"}],"author":"Lea Couderc","twitter_card":"summary_large_image","twitter_misc":{"Scritto da":"Lea Couderc","Tempo di lettura stimato":"2 minuti"},"schema":{"@context":"https:\/\/schema.org","@graph":[{"@type":"Article","@id":"https:\/\/www.iemj.org\/it\/le-chant-mystique-dans-la-tradition-hassidique-marc-alain-ouaknin\/#article","isPartOf":{"@id":"https:\/\/www.iemj.org\/it\/le-chant-mystique-dans-la-tradition-hassidique-marc-alain-ouaknin\/"},"author":{"name":"Lea Couderc","@id":"https:\/\/www.iemj.org\/it\/#\/schema\/person\/e2ad57f2c4be119c7ed8ab79036807a9"},"headline":"Il canto mistico nella tradizione chassidica &#8211; Marc-Alain Ouaknin","datePublished":"2015-12-08T13:11:03+00:00","dateModified":"2025-10-04T16:19:04+00:00","mainEntityOfPage":{"@id":"https:\/\/www.iemj.org\/it\/le-chant-mystique-dans-la-tradition-hassidique-marc-alain-ouaknin\/"},"wordCount":287,"publisher":{"@id":"https:\/\/www.iemj.org\/it\/#organization"},"image":{"@id":"https:\/\/www.iemj.org\/it\/le-chant-mystique-dans-la-tradition-hassidique-marc-alain-ouaknin\/#primaryimage"},"thumbnailUrl":"https:\/\/www.iemj.org\/wp-content\/uploads\/2015\/12\/arton1295.jpg","keywords":["Eventi partner"],"articleSection":["Corsi \/ Conferenze"],"inLanguage":"it-IT"},{"@type":"WebPage","@id":"https:\/\/www.iemj.org\/it\/le-chant-mystique-dans-la-tradition-hassidique-marc-alain-ouaknin\/","url":"https:\/\/www.iemj.org\/it\/le-chant-mystique-dans-la-tradition-hassidique-marc-alain-ouaknin\/","name":"Il canto mistico nella tradizione chassidica - Marc-Alain Ouaknin - Institut Europ\u00e9en des Musiques Juives","isPartOf":{"@id":"https:\/\/www.iemj.org\/it\/#website"},"primaryImageOfPage":{"@id":"https:\/\/www.iemj.org\/it\/le-chant-mystique-dans-la-tradition-hassidique-marc-alain-ouaknin\/#primaryimage"},"image":{"@id":"https:\/\/www.iemj.org\/it\/le-chant-mystique-dans-la-tradition-hassidique-marc-alain-ouaknin\/#primaryimage"},"thumbnailUrl":"https:\/\/www.iemj.org\/wp-content\/uploads\/2015\/12\/arton1295.jpg","datePublished":"2015-12-08T13:11:03+00:00","dateModified":"2025-10-04T16:19:04+00:00","breadcrumb":{"@id":"https:\/\/www.iemj.org\/it\/le-chant-mystique-dans-la-tradition-hassidique-marc-alain-ouaknin\/#breadcrumb"},"inLanguage":"it-IT","potentialAction":[{"@type":"ReadAction","target":["https:\/\/www.iemj.org\/it\/le-chant-mystique-dans-la-tradition-hassidique-marc-alain-ouaknin\/"]}]},{"@type":"ImageObject","inLanguage":"it-IT","@id":"https:\/\/www.iemj.org\/it\/le-chant-mystique-dans-la-tradition-hassidique-marc-alain-ouaknin\/#primaryimage","url":"https:\/\/www.iemj.org\/wp-content\/uploads\/2015\/12\/arton1295.jpg","contentUrl":"https:\/\/www.iemj.org\/wp-content\/uploads\/2015\/12\/arton1295.jpg","width":302,"height":321},{"@type":"BreadcrumbList","@id":"https:\/\/www.iemj.org\/it\/le-chant-mystique-dans-la-tradition-hassidique-marc-alain-ouaknin\/#breadcrumb","itemListElement":[{"@type":"ListItem","position":1,"name":"Accueil","item":"https:\/\/www.iemj.org\/it\/"},{"@type":"ListItem","position":2,"name":"Il canto mistico nella tradizione chassidica &#8211; Marc-Alain Ouaknin"}]},{"@type":"WebSite","@id":"https:\/\/www.iemj.org\/it\/#website","url":"https:\/\/www.iemj.org\/it\/","name":"Institut Europ\u00e9en des Musiques Juives","description":"Des traditions musicales \u00e0 la port\u00e9e de tous","publisher":{"@id":"https:\/\/www.iemj.org\/it\/#organization"},"potentialAction":[{"@type":"SearchAction","target":{"@type":"EntryPoint","urlTemplate":"https:\/\/www.iemj.org\/it\/?s={search_term_string}"},"query-input":{"@type":"PropertyValueSpecification","valueRequired":true,"valueName":"search_term_string"}}],"inLanguage":"it-IT"},{"@type":"Organization","@id":"https:\/\/www.iemj.org\/it\/#organization","name":"Institut Europ\u00e9en des Musiques Juives","url":"https:\/\/www.iemj.org\/it\/","logo":{"@type":"ImageObject","inLanguage":"it-IT","@id":"https:\/\/www.iemj.org\/it\/#\/schema\/logo\/image\/","url":"https:\/\/www.iemj.org\/wp-content\/uploads\/2021\/09\/Logo-IEMJ-Paypal.jpg","contentUrl":"https:\/\/www.iemj.org\/wp-content\/uploads\/2021\/09\/Logo-IEMJ-Paypal.jpg","width":150,"height":50,"caption":"Institut Europ\u00e9en des Musiques Juives"},"image":{"@id":"https:\/\/www.iemj.org\/it\/#\/schema\/logo\/image\/"},"sameAs":["https:\/\/www.facebook.com\/MusiquesJuives\/","https:\/\/www.instagram.com\/musiquesjuives\/","https:\/\/www.youtube.com\/user\/musiquesjuives"]},{"@type":"Person","@id":"https:\/\/www.iemj.org\/it\/#\/schema\/person\/e2ad57f2c4be119c7ed8ab79036807a9","name":"Lea Couderc","image":{"@type":"ImageObject","inLanguage":"it-IT","@id":"https:\/\/secure.gravatar.com\/avatar\/46ee021475d60aeff17a7e490b79dea5a5684bb392ab7fd1494027411df8ba23?s=96&d=mm&r=g","url":"https:\/\/secure.gravatar.com\/avatar\/46ee021475d60aeff17a7e490b79dea5a5684bb392ab7fd1494027411df8ba23?s=96&d=mm&r=g","contentUrl":"https:\/\/secure.gravatar.com\/avatar\/46ee021475d60aeff17a7e490b79dea5a5684bb392ab7fd1494027411df8ba23?s=96&d=mm&r=g","caption":"Lea Couderc"}}]}},"_links":{"self":[{"href":"https:\/\/www.iemj.org\/it\/wp-json\/wp\/v2\/posts\/106717","targetHints":{"allow":["GET"]}}],"collection":[{"href":"https:\/\/www.iemj.org\/it\/wp-json\/wp\/v2\/posts"}],"about":[{"href":"https:\/\/www.iemj.org\/it\/wp-json\/wp\/v2\/types\/post"}],"author":[{"embeddable":true,"href":"https:\/\/www.iemj.org\/it\/wp-json\/wp\/v2\/users\/1052"}],"replies":[{"embeddable":true,"href":"https:\/\/www.iemj.org\/it\/wp-json\/wp\/v2\/comments?post=106717"}],"version-history":[{"count":1,"href":"https:\/\/www.iemj.org\/it\/wp-json\/wp\/v2\/posts\/106717\/revisions"}],"predecessor-version":[{"id":126319,"href":"https:\/\/www.iemj.org\/it\/wp-json\/wp\/v2\/posts\/106717\/revisions\/126319"}],"wp:featuredmedia":[{"embeddable":true,"href":"https:\/\/www.iemj.org\/it\/wp-json\/wp\/v2\/media\/106718"}],"wp:attachment":[{"href":"https:\/\/www.iemj.org\/it\/wp-json\/wp\/v2\/media?parent=106717"}],"wp:term":[{"taxonomy":"category","embeddable":true,"href":"https:\/\/www.iemj.org\/it\/wp-json\/wp\/v2\/categories?post=106717"},{"taxonomy":"post_tag","embeddable":true,"href":"https:\/\/www.iemj.org\/it\/wp-json\/wp\/v2\/tags?post=106717"},{"taxonomy":"technique","embeddable":true,"href":"https:\/\/www.iemj.org\/it\/wp-json\/wp\/v2\/technique?post=106717"},{"taxonomy":"squelettes","embeddable":true,"href":"https:\/\/www.iemj.org\/it\/wp-json\/wp\/v2\/squelettes?post=106717"},{"taxonomy":"sujet","embeddable":true,"href":"https:\/\/www.iemj.org\/it\/wp-json\/wp\/v2\/sujet?post=106717"},{"taxonomy":"formation","embeddable":true,"href":"https:\/\/www.iemj.org\/it\/wp-json\/wp\/v2\/formation?post=106717"},{"taxonomy":"genre","embeddable":true,"href":"https:\/\/www.iemj.org\/it\/wp-json\/wp\/v2\/genre?post=106717"},{"taxonomy":"fonds","embeddable":true,"href":"https:\/\/www.iemj.org\/it\/wp-json\/wp\/v2\/fonds?post=106717"},{"taxonomy":"tradition","embeddable":true,"href":"https:\/\/www.iemj.org\/it\/wp-json\/wp\/v2\/tradition?post=106717"},{"taxonomy":"type-de-contenu","embeddable":true,"href":"https:\/\/www.iemj.org\/it\/wp-json\/wp\/v2\/type-de-contenu?post=106717"},{"taxonomy":"interprete-compositeur","embeddable":true,"href":"https:\/\/www.iemj.org\/it\/wp-json\/wp\/v2\/interprete-compositeur?post=106717"},{"taxonomy":"frise","embeddable":true,"href":"https:\/\/www.iemj.org\/it\/wp-json\/wp\/v2\/frise?post=106717"},{"taxonomy":"type-devenement","embeddable":true,"href":"https:\/\/www.iemj.org\/it\/wp-json\/wp\/v2\/type-devenement?post=106717"},{"taxonomy":"tableaux-liens-externes","embeddable":true,"href":"https:\/\/www.iemj.org\/it\/wp-json\/wp\/v2\/tableaux-liens-externes?post=106717"}],"curies":[{"name":"wp","href":"https:\/\/api.w.org\/{rel}","templated":true}]}}