{"id":106765,"date":"2016-11-28T16:01:30","date_gmt":"2016-11-28T15:01:30","guid":{"rendered":"https:\/\/www.iemj.org\/conference-3-000-ans-de-musiques-juives-par-herve-roten\/"},"modified":"2024-01-02T14:37:20","modified_gmt":"2024-01-02T13:37:20","slug":"conference-3-000-ans-de-musiques-juives-par-herve-roten","status":"publish","type":"post","link":"https:\/\/www.iemj.org\/it\/conference-3-000-ans-de-musiques-juives-par-herve-roten\/","title":{"rendered":"Conferenza: &#8220;3.000 anni di musica ebraica&#8221;, di Herv\u00e9 ROTEN"},"content":{"rendered":"<p>Esistono non uno, ma molti tipi di musiche ebraiche, ognuna delle quali \u00e8 il risultato di una storia e di un ambiente culturale specifici. La musica ebraica antica, del resto, ha radici sumere, babilonesi, assire ed egiziane&#8230;<\/p>\n<p>All&#8217;inizio del XVI secolo, gli umanisti cristiani si interessano ai sistemi di accenti biblici (te&#8217;amim), che cercano di trascrivere musicalmente. (Ad esempio, i manoscritti di Johannes Reuchlin, J. B\u00f6schenstein e Sebastian M\u00fcnster intorno al 1520).<\/p>\n<p>Tuttavia, solo nel XIX secolo alcuni cantanti europei hanno iniziato a registrare la propria esibizione della hazzanout. A quel tempo, la musica era generalmente considerata l&#8217;emanazione culturale del genio dei popoli&#8230;<\/p>\n<p><strong>Herv\u00e9 ROTEN,<\/strong> etnomusicologo con dottorato in musicologia presso l&#8217;Universit\u00e0 Paris IV Sorbonne, \u00e8 direttore dell&#8217;Institut Europ\u00e9en des Musiques Juives ed \u00e8 autore di numerosi articoli, libri e registrazioni su vari aspetti delle tradizioni musicali ebraiche in Francia e nel mondo.<\/p>\n<h2><a href=\"https:\/\/www.iemj.org\/it\/conference-a-la-decouverte-des-musiques-juives\/\" target=\"_blank\" rel=\"noopener\">Guardare la conferenza filmata<\/a><\/h2>\n<p><strong>Prezzi:<\/strong><br \/>\n8 \u20ac per i membri Medem, <strong>IEMJ<\/strong>, AJHL e CLEJ<br \/>\n5 \u20ac studenti e persone in cerca di lavoro<br \/>\n10 \u20ac senza sconto<\/p>\n<p><strong>Informazioni:<\/strong><br \/>\nTel : 01 42 02 17 08 &#8211; email : <a href=\"https:\/\/www.centre-medem.org\/nous-ecrire\/\">centre.medem@gmail.com<\/a> &#8211; web : <a href=\"https:\/\/www.centre-medem.org\/\" target=\"_blank\" rel=\"noopener\">https:\/\/www.centre-medem.org\/<\/a><\/p>\n","protected":false},"excerpt":{"rendered":"<p>Esistono non uno, ma molti tipi di musiche ebraiche, ognuna delle quali \u00e8 il risultato di una storia e di un ambiente culturale specifici. La musica ebraica antica, del resto,<\/p>\n","protected":false},"author":5,"featured_media":106766,"comment_status":"closed","ping_status":"open","sticky":false,"template":"","format":"standard","meta":{"_acf_changed":false,"footnotes":""},"categories":[1383,1371],"tags":[3421],"technique":[],"squelettes":[],"sujet":[],"formation":[],"genre":[],"fonds":[],"tradition":[],"type-de-contenu":[],"interprete-compositeur":[],"frise":[],"type-devenement":[],"tableaux-liens-externes":[],"class_list":["post-106765","post","type-post","status-publish","format-standard","has-post-thumbnail","hentry","category-corsi-conferenze-it","category-manifestazioni-it","tag-eventi-partner-it"],"acf":[],"yoast_head":"<!-- This site is optimized with the Yoast SEO plugin v27.3 - https:\/\/yoast.com\/product\/yoast-seo-wordpress\/ -->\n<title>Conferenza: &quot;3.000 anni di musica ebraica&quot;, di Herv\u00e9 ROTEN - Institut Europ\u00e9en des Musiques Juives<\/title>\n<meta name=\"robots\" content=\"index, follow, max-snippet:-1, max-image-preview:large, max-video-preview:-1\" \/>\n<link rel=\"canonical\" href=\"https:\/\/www.iemj.org\/it\/conference-3-000-ans-de-musiques-juives-par-herve-roten\/\" \/>\n<meta property=\"og:locale\" content=\"it_IT\" \/>\n<meta property=\"og:type\" content=\"article\" \/>\n<meta property=\"og:title\" content=\"Conferenza: &quot;3.000 anni di musica ebraica&quot;, di Herv\u00e9 ROTEN - Institut Europ\u00e9en des Musiques Juives\" \/>\n<meta property=\"og:description\" content=\"Esistono non uno, ma molti tipi di musiche ebraiche, ognuna delle quali \u00e8 il risultato di una storia e di un ambiente culturale specifici. La musica ebraica antica, del resto,\" \/>\n<meta property=\"og:url\" content=\"https:\/\/www.iemj.org\/it\/conference-3-000-ans-de-musiques-juives-par-herve-roten\/\" \/>\n<meta property=\"og:site_name\" content=\"Institut Europ\u00e9en des Musiques Juives\" \/>\n<meta property=\"article:publisher\" content=\"https:\/\/www.facebook.com\/MusiquesJuives\/\" \/>\n<meta property=\"article:published_time\" content=\"2016-11-28T15:01:30+00:00\" \/>\n<meta property=\"article:modified_time\" content=\"2024-01-02T13:37:20+00:00\" \/>\n<meta property=\"og:image\" content=\"https:\/\/www.iemj.org\/wp-content\/uploads\/2016\/11\/arton1967-rotated-e1619370973163.jpg\" \/>\n\t<meta property=\"og:image:width\" content=\"336\" \/>\n\t<meta property=\"og:image:height\" content=\"428\" \/>\n\t<meta property=\"og:image:type\" content=\"image\/jpeg\" \/>\n<meta name=\"author\" content=\"Jacqueline ROTEN\" \/>\n<meta name=\"twitter:card\" content=\"summary_large_image\" \/>\n<meta name=\"twitter:label1\" content=\"Scritto da\" \/>\n\t<meta name=\"twitter:data1\" content=\"Jacqueline ROTEN\" \/>\n\t<meta name=\"twitter:label2\" content=\"Tempo di lettura stimato\" \/>\n\t<meta name=\"twitter:data2\" content=\"2 minuti\" \/>\n<script type=\"application\/ld+json\" class=\"yoast-schema-graph\">{\"@context\":\"https:\\\/\\\/schema.org\",\"@graph\":[{\"@type\":\"Article\",\"@id\":\"https:\\\/\\\/www.iemj.org\\\/it\\\/conference-3-000-ans-de-musiques-juives-par-herve-roten\\\/#article\",\"isPartOf\":{\"@id\":\"https:\\\/\\\/www.iemj.org\\\/it\\\/conference-3-000-ans-de-musiques-juives-par-herve-roten\\\/\"},\"author\":{\"name\":\"Jacqueline ROTEN\",\"@id\":\"https:\\\/\\\/www.iemj.org\\\/it\\\/#\\\/schema\\\/person\\\/358e26c18aca017fcc4cc15437f7279c\"},\"headline\":\"Conferenza: &#8220;3.000 anni di musica ebraica&#8221;, di Herv\u00e9 ROTEN\",\"datePublished\":\"2016-11-28T15:01:30+00:00\",\"dateModified\":\"2024-01-02T13:37:20+00:00\",\"mainEntityOfPage\":{\"@id\":\"https:\\\/\\\/www.iemj.org\\\/it\\\/conference-3-000-ans-de-musiques-juives-par-herve-roten\\\/\"},\"wordCount\":191,\"publisher\":{\"@id\":\"https:\\\/\\\/www.iemj.org\\\/it\\\/#organization\"},\"image\":{\"@id\":\"https:\\\/\\\/www.iemj.org\\\/it\\\/conference-3-000-ans-de-musiques-juives-par-herve-roten\\\/#primaryimage\"},\"thumbnailUrl\":\"https:\\\/\\\/www.iemj.org\\\/wp-content\\\/uploads\\\/2016\\\/11\\\/arton1967-rotated-e1619370973163.jpg\",\"keywords\":[\"Eventi partner\"],\"articleSection\":[\"Corsi \\\/ Conferenze\",\"Manifestazioni\"],\"inLanguage\":\"it-IT\"},{\"@type\":\"WebPage\",\"@id\":\"https:\\\/\\\/www.iemj.org\\\/it\\\/conference-3-000-ans-de-musiques-juives-par-herve-roten\\\/\",\"url\":\"https:\\\/\\\/www.iemj.org\\\/it\\\/conference-3-000-ans-de-musiques-juives-par-herve-roten\\\/\",\"name\":\"Conferenza: \\\"3.000 anni di musica ebraica\\\", di Herv\u00e9 ROTEN - Institut Europ\u00e9en des Musiques Juives\",\"isPartOf\":{\"@id\":\"https:\\\/\\\/www.iemj.org\\\/it\\\/#website\"},\"primaryImageOfPage\":{\"@id\":\"https:\\\/\\\/www.iemj.org\\\/it\\\/conference-3-000-ans-de-musiques-juives-par-herve-roten\\\/#primaryimage\"},\"image\":{\"@id\":\"https:\\\/\\\/www.iemj.org\\\/it\\\/conference-3-000-ans-de-musiques-juives-par-herve-roten\\\/#primaryimage\"},\"thumbnailUrl\":\"https:\\\/\\\/www.iemj.org\\\/wp-content\\\/uploads\\\/2016\\\/11\\\/arton1967-rotated-e1619370973163.jpg\",\"datePublished\":\"2016-11-28T15:01:30+00:00\",\"dateModified\":\"2024-01-02T13:37:20+00:00\",\"breadcrumb\":{\"@id\":\"https:\\\/\\\/www.iemj.org\\\/it\\\/conference-3-000-ans-de-musiques-juives-par-herve-roten\\\/#breadcrumb\"},\"inLanguage\":\"it-IT\",\"potentialAction\":[{\"@type\":\"ReadAction\",\"target\":[\"https:\\\/\\\/www.iemj.org\\\/it\\\/conference-3-000-ans-de-musiques-juives-par-herve-roten\\\/\"]}]},{\"@type\":\"ImageObject\",\"inLanguage\":\"it-IT\",\"@id\":\"https:\\\/\\\/www.iemj.org\\\/it\\\/conference-3-000-ans-de-musiques-juives-par-herve-roten\\\/#primaryimage\",\"url\":\"https:\\\/\\\/www.iemj.org\\\/wp-content\\\/uploads\\\/2016\\\/11\\\/arton1967-rotated-e1619370973163.jpg\",\"contentUrl\":\"https:\\\/\\\/www.iemj.org\\\/wp-content\\\/uploads\\\/2016\\\/11\\\/arton1967-rotated-e1619370973163.jpg\",\"width\":336,\"height\":428},{\"@type\":\"BreadcrumbList\",\"@id\":\"https:\\\/\\\/www.iemj.org\\\/it\\\/conference-3-000-ans-de-musiques-juives-par-herve-roten\\\/#breadcrumb\",\"itemListElement\":[{\"@type\":\"ListItem\",\"position\":1,\"name\":\"Accueil\",\"item\":\"https:\\\/\\\/www.iemj.org\\\/it\\\/\"},{\"@type\":\"ListItem\",\"position\":2,\"name\":\"Conferenza: &#8220;3.000 anni di musica ebraica&#8221;, di Herv\u00e9 ROTEN\"}]},{\"@type\":\"WebSite\",\"@id\":\"https:\\\/\\\/www.iemj.org\\\/it\\\/#website\",\"url\":\"https:\\\/\\\/www.iemj.org\\\/it\\\/\",\"name\":\"Institut Europ\u00e9en des Musiques Juives\",\"description\":\"Des traditions musicales \u00e0 la port\u00e9e de tous\",\"publisher\":{\"@id\":\"https:\\\/\\\/www.iemj.org\\\/it\\\/#organization\"},\"potentialAction\":[{\"@type\":\"SearchAction\",\"target\":{\"@type\":\"EntryPoint\",\"urlTemplate\":\"https:\\\/\\\/www.iemj.org\\\/it\\\/?s={search_term_string}\"},\"query-input\":{\"@type\":\"PropertyValueSpecification\",\"valueRequired\":true,\"valueName\":\"search_term_string\"}}],\"inLanguage\":\"it-IT\"},{\"@type\":\"Organization\",\"@id\":\"https:\\\/\\\/www.iemj.org\\\/it\\\/#organization\",\"name\":\"Institut Europ\u00e9en des Musiques Juives\",\"url\":\"https:\\\/\\\/www.iemj.org\\\/it\\\/\",\"logo\":{\"@type\":\"ImageObject\",\"inLanguage\":\"it-IT\",\"@id\":\"https:\\\/\\\/www.iemj.org\\\/it\\\/#\\\/schema\\\/logo\\\/image\\\/\",\"url\":\"https:\\\/\\\/www.iemj.org\\\/wp-content\\\/uploads\\\/2021\\\/09\\\/Logo-IEMJ-Paypal.jpg\",\"contentUrl\":\"https:\\\/\\\/www.iemj.org\\\/wp-content\\\/uploads\\\/2021\\\/09\\\/Logo-IEMJ-Paypal.jpg\",\"width\":150,\"height\":50,\"caption\":\"Institut Europ\u00e9en des Musiques Juives\"},\"image\":{\"@id\":\"https:\\\/\\\/www.iemj.org\\\/it\\\/#\\\/schema\\\/logo\\\/image\\\/\"},\"sameAs\":[\"https:\\\/\\\/www.facebook.com\\\/MusiquesJuives\\\/\",\"https:\\\/\\\/www.instagram.com\\\/musiquesjuives\\\/\",\"https:\\\/\\\/www.youtube.com\\\/user\\\/musiquesjuives\"]},{\"@type\":\"Person\",\"@id\":\"https:\\\/\\\/www.iemj.org\\\/it\\\/#\\\/schema\\\/person\\\/358e26c18aca017fcc4cc15437f7279c\",\"name\":\"Jacqueline ROTEN\",\"image\":{\"@type\":\"ImageObject\",\"inLanguage\":\"it-IT\",\"@id\":\"https:\\\/\\\/secure.gravatar.com\\\/avatar\\\/5964256d6c6957de3a3505278957e0fb2a35119ac47ea41827a65301213c810b?s=96&d=mm&r=g\",\"url\":\"https:\\\/\\\/secure.gravatar.com\\\/avatar\\\/5964256d6c6957de3a3505278957e0fb2a35119ac47ea41827a65301213c810b?s=96&d=mm&r=g\",\"contentUrl\":\"https:\\\/\\\/secure.gravatar.com\\\/avatar\\\/5964256d6c6957de3a3505278957e0fb2a35119ac47ea41827a65301213c810b?s=96&d=mm&r=g\",\"caption\":\"Jacqueline ROTEN\"}}]}<\/script>\n<!-- \/ Yoast SEO plugin. -->","yoast_head_json":{"title":"Conferenza: \"3.000 anni di musica ebraica\", di Herv\u00e9 ROTEN - Institut Europ\u00e9en des Musiques Juives","robots":{"index":"index","follow":"follow","max-snippet":"max-snippet:-1","max-image-preview":"max-image-preview:large","max-video-preview":"max-video-preview:-1"},"canonical":"https:\/\/www.iemj.org\/it\/conference-3-000-ans-de-musiques-juives-par-herve-roten\/","og_locale":"it_IT","og_type":"article","og_title":"Conferenza: \"3.000 anni di musica ebraica\", di Herv\u00e9 ROTEN - Institut Europ\u00e9en des Musiques Juives","og_description":"Esistono non uno, ma molti tipi di musiche ebraiche, ognuna delle quali \u00e8 il risultato di una storia e di un ambiente culturale specifici. La musica ebraica antica, del resto,","og_url":"https:\/\/www.iemj.org\/it\/conference-3-000-ans-de-musiques-juives-par-herve-roten\/","og_site_name":"Institut Europ\u00e9en des Musiques Juives","article_publisher":"https:\/\/www.facebook.com\/MusiquesJuives\/","article_published_time":"2016-11-28T15:01:30+00:00","article_modified_time":"2024-01-02T13:37:20+00:00","og_image":[{"width":336,"height":428,"url":"https:\/\/www.iemj.org\/wp-content\/uploads\/2016\/11\/arton1967-rotated-e1619370973163.jpg","type":"image\/jpeg"}],"author":"Jacqueline ROTEN","twitter_card":"summary_large_image","twitter_misc":{"Scritto da":"Jacqueline ROTEN","Tempo di lettura stimato":"2 minuti"},"schema":{"@context":"https:\/\/schema.org","@graph":[{"@type":"Article","@id":"https:\/\/www.iemj.org\/it\/conference-3-000-ans-de-musiques-juives-par-herve-roten\/#article","isPartOf":{"@id":"https:\/\/www.iemj.org\/it\/conference-3-000-ans-de-musiques-juives-par-herve-roten\/"},"author":{"name":"Jacqueline ROTEN","@id":"https:\/\/www.iemj.org\/it\/#\/schema\/person\/358e26c18aca017fcc4cc15437f7279c"},"headline":"Conferenza: &#8220;3.000 anni di musica ebraica&#8221;, di Herv\u00e9 ROTEN","datePublished":"2016-11-28T15:01:30+00:00","dateModified":"2024-01-02T13:37:20+00:00","mainEntityOfPage":{"@id":"https:\/\/www.iemj.org\/it\/conference-3-000-ans-de-musiques-juives-par-herve-roten\/"},"wordCount":191,"publisher":{"@id":"https:\/\/www.iemj.org\/it\/#organization"},"image":{"@id":"https:\/\/www.iemj.org\/it\/conference-3-000-ans-de-musiques-juives-par-herve-roten\/#primaryimage"},"thumbnailUrl":"https:\/\/www.iemj.org\/wp-content\/uploads\/2016\/11\/arton1967-rotated-e1619370973163.jpg","keywords":["Eventi partner"],"articleSection":["Corsi \/ Conferenze","Manifestazioni"],"inLanguage":"it-IT"},{"@type":"WebPage","@id":"https:\/\/www.iemj.org\/it\/conference-3-000-ans-de-musiques-juives-par-herve-roten\/","url":"https:\/\/www.iemj.org\/it\/conference-3-000-ans-de-musiques-juives-par-herve-roten\/","name":"Conferenza: \"3.000 anni di musica ebraica\", di Herv\u00e9 ROTEN - Institut Europ\u00e9en des Musiques Juives","isPartOf":{"@id":"https:\/\/www.iemj.org\/it\/#website"},"primaryImageOfPage":{"@id":"https:\/\/www.iemj.org\/it\/conference-3-000-ans-de-musiques-juives-par-herve-roten\/#primaryimage"},"image":{"@id":"https:\/\/www.iemj.org\/it\/conference-3-000-ans-de-musiques-juives-par-herve-roten\/#primaryimage"},"thumbnailUrl":"https:\/\/www.iemj.org\/wp-content\/uploads\/2016\/11\/arton1967-rotated-e1619370973163.jpg","datePublished":"2016-11-28T15:01:30+00:00","dateModified":"2024-01-02T13:37:20+00:00","breadcrumb":{"@id":"https:\/\/www.iemj.org\/it\/conference-3-000-ans-de-musiques-juives-par-herve-roten\/#breadcrumb"},"inLanguage":"it-IT","potentialAction":[{"@type":"ReadAction","target":["https:\/\/www.iemj.org\/it\/conference-3-000-ans-de-musiques-juives-par-herve-roten\/"]}]},{"@type":"ImageObject","inLanguage":"it-IT","@id":"https:\/\/www.iemj.org\/it\/conference-3-000-ans-de-musiques-juives-par-herve-roten\/#primaryimage","url":"https:\/\/www.iemj.org\/wp-content\/uploads\/2016\/11\/arton1967-rotated-e1619370973163.jpg","contentUrl":"https:\/\/www.iemj.org\/wp-content\/uploads\/2016\/11\/arton1967-rotated-e1619370973163.jpg","width":336,"height":428},{"@type":"BreadcrumbList","@id":"https:\/\/www.iemj.org\/it\/conference-3-000-ans-de-musiques-juives-par-herve-roten\/#breadcrumb","itemListElement":[{"@type":"ListItem","position":1,"name":"Accueil","item":"https:\/\/www.iemj.org\/it\/"},{"@type":"ListItem","position":2,"name":"Conferenza: &#8220;3.000 anni di musica ebraica&#8221;, di Herv\u00e9 ROTEN"}]},{"@type":"WebSite","@id":"https:\/\/www.iemj.org\/it\/#website","url":"https:\/\/www.iemj.org\/it\/","name":"Institut Europ\u00e9en des Musiques Juives","description":"Des traditions musicales \u00e0 la port\u00e9e de tous","publisher":{"@id":"https:\/\/www.iemj.org\/it\/#organization"},"potentialAction":[{"@type":"SearchAction","target":{"@type":"EntryPoint","urlTemplate":"https:\/\/www.iemj.org\/it\/?s={search_term_string}"},"query-input":{"@type":"PropertyValueSpecification","valueRequired":true,"valueName":"search_term_string"}}],"inLanguage":"it-IT"},{"@type":"Organization","@id":"https:\/\/www.iemj.org\/it\/#organization","name":"Institut Europ\u00e9en des Musiques Juives","url":"https:\/\/www.iemj.org\/it\/","logo":{"@type":"ImageObject","inLanguage":"it-IT","@id":"https:\/\/www.iemj.org\/it\/#\/schema\/logo\/image\/","url":"https:\/\/www.iemj.org\/wp-content\/uploads\/2021\/09\/Logo-IEMJ-Paypal.jpg","contentUrl":"https:\/\/www.iemj.org\/wp-content\/uploads\/2021\/09\/Logo-IEMJ-Paypal.jpg","width":150,"height":50,"caption":"Institut Europ\u00e9en des Musiques Juives"},"image":{"@id":"https:\/\/www.iemj.org\/it\/#\/schema\/logo\/image\/"},"sameAs":["https:\/\/www.facebook.com\/MusiquesJuives\/","https:\/\/www.instagram.com\/musiquesjuives\/","https:\/\/www.youtube.com\/user\/musiquesjuives"]},{"@type":"Person","@id":"https:\/\/www.iemj.org\/it\/#\/schema\/person\/358e26c18aca017fcc4cc15437f7279c","name":"Jacqueline ROTEN","image":{"@type":"ImageObject","inLanguage":"it-IT","@id":"https:\/\/secure.gravatar.com\/avatar\/5964256d6c6957de3a3505278957e0fb2a35119ac47ea41827a65301213c810b?s=96&d=mm&r=g","url":"https:\/\/secure.gravatar.com\/avatar\/5964256d6c6957de3a3505278957e0fb2a35119ac47ea41827a65301213c810b?s=96&d=mm&r=g","contentUrl":"https:\/\/secure.gravatar.com\/avatar\/5964256d6c6957de3a3505278957e0fb2a35119ac47ea41827a65301213c810b?s=96&d=mm&r=g","caption":"Jacqueline ROTEN"}}]}},"_links":{"self":[{"href":"https:\/\/www.iemj.org\/it\/wp-json\/wp\/v2\/posts\/106765","targetHints":{"allow":["GET"]}}],"collection":[{"href":"https:\/\/www.iemj.org\/it\/wp-json\/wp\/v2\/posts"}],"about":[{"href":"https:\/\/www.iemj.org\/it\/wp-json\/wp\/v2\/types\/post"}],"author":[{"embeddable":true,"href":"https:\/\/www.iemj.org\/it\/wp-json\/wp\/v2\/users\/5"}],"replies":[{"embeddable":true,"href":"https:\/\/www.iemj.org\/it\/wp-json\/wp\/v2\/comments?post=106765"}],"version-history":[{"count":0,"href":"https:\/\/www.iemj.org\/it\/wp-json\/wp\/v2\/posts\/106765\/revisions"}],"wp:featuredmedia":[{"embeddable":true,"href":"https:\/\/www.iemj.org\/it\/wp-json\/wp\/v2\/media\/106766"}],"wp:attachment":[{"href":"https:\/\/www.iemj.org\/it\/wp-json\/wp\/v2\/media?parent=106765"}],"wp:term":[{"taxonomy":"category","embeddable":true,"href":"https:\/\/www.iemj.org\/it\/wp-json\/wp\/v2\/categories?post=106765"},{"taxonomy":"post_tag","embeddable":true,"href":"https:\/\/www.iemj.org\/it\/wp-json\/wp\/v2\/tags?post=106765"},{"taxonomy":"technique","embeddable":true,"href":"https:\/\/www.iemj.org\/it\/wp-json\/wp\/v2\/technique?post=106765"},{"taxonomy":"squelettes","embeddable":true,"href":"https:\/\/www.iemj.org\/it\/wp-json\/wp\/v2\/squelettes?post=106765"},{"taxonomy":"sujet","embeddable":true,"href":"https:\/\/www.iemj.org\/it\/wp-json\/wp\/v2\/sujet?post=106765"},{"taxonomy":"formation","embeddable":true,"href":"https:\/\/www.iemj.org\/it\/wp-json\/wp\/v2\/formation?post=106765"},{"taxonomy":"genre","embeddable":true,"href":"https:\/\/www.iemj.org\/it\/wp-json\/wp\/v2\/genre?post=106765"},{"taxonomy":"fonds","embeddable":true,"href":"https:\/\/www.iemj.org\/it\/wp-json\/wp\/v2\/fonds?post=106765"},{"taxonomy":"tradition","embeddable":true,"href":"https:\/\/www.iemj.org\/it\/wp-json\/wp\/v2\/tradition?post=106765"},{"taxonomy":"type-de-contenu","embeddable":true,"href":"https:\/\/www.iemj.org\/it\/wp-json\/wp\/v2\/type-de-contenu?post=106765"},{"taxonomy":"interprete-compositeur","embeddable":true,"href":"https:\/\/www.iemj.org\/it\/wp-json\/wp\/v2\/interprete-compositeur?post=106765"},{"taxonomy":"frise","embeddable":true,"href":"https:\/\/www.iemj.org\/it\/wp-json\/wp\/v2\/frise?post=106765"},{"taxonomy":"type-devenement","embeddable":true,"href":"https:\/\/www.iemj.org\/it\/wp-json\/wp\/v2\/type-devenement?post=106765"},{"taxonomy":"tableaux-liens-externes","embeddable":true,"href":"https:\/\/www.iemj.org\/it\/wp-json\/wp\/v2\/tableaux-liens-externes?post=106765"}],"curies":[{"name":"wp","href":"https:\/\/api.w.org\/{rel}","templated":true}]}}