{"id":106820,"date":"2017-03-27T17:58:11","date_gmt":"2017-03-27T15:58:11","guid":{"rendered":"https:\/\/www.iemj.org\/conference-herve-roten-et-david-winter-musique-yiddish-dans-les-cabarets-dapres-guerre\/"},"modified":"2024-01-02T13:07:28","modified_gmt":"2024-01-02T12:07:28","slug":"conference-herve-roten-et-david-winter-musique-yiddish-dans-les-cabarets-dapres-guerre","status":"publish","type":"post","link":"https:\/\/www.iemj.org\/it\/conference-herve-roten-et-david-winter-musique-yiddish-dans-les-cabarets-dapres-guerre\/","title":{"rendered":"Conferenza di Herv\u00e9 Roten e David Winter &#8211; La musica yiddish nei cabaret del dopoguerra"},"content":{"rendered":"<p>Nel dopoguerra, mentre gli ebrei cercano di ricostruire le loro vite, sia individualmente che collettivamente, Parigi cristallizza le speranze di rivitalizzazione della vita ebraica in Europa, fungendo al contempo da punto di passaggio o da base per i sopravvissuti in cerca di una nuova sede.<\/p>\n<p>Una moltitudine di strutture organizza la vita culturale. Tra queste, alcuni label musicali (Le Disque Folklorique Yiddish, Saturne e Elesdisc). Per quanto riguarda Elesdisc, la sede si trovava al 34 della rue des Rosiers, in un negozio che era in parte libreria, in parte negozio di dischi ed in parte centro sociale ebraico. Il proprietario L\u00e9on Speiser lo rilev\u00f2 dal padre Wolf Speiser, un immigrato di Odessa arrivato a Parigi intorno al 1895.<\/p>\n<p>Nel 1948, questo label &#8211; che prende il nome dalle iniziali di L\u00e9on Speiser (L. S. disques) &#8211; inizia a registrare artisti come Henri Gerro, Dave Cash, Sarah Gorby, Richard Inger, Elvira Boczkowska, Simon Nussbaum e Max Neufeld, che si esibiscono anche nei cabaret parigini yiddish o russi.<\/p>\n<p>Tra il 1948 ed il 1953, dei 350 titoli pubblicati dai piccoli editori di musica ebraica a Parigi, almeno 154 sono stati prodotti da Elesdisc fino al 1953.<\/p>\n<p><a href=\"https:\/\/www.iemj.org\/wp-content\/uploads\/2017\/03\/programme_campus_en_musique-2.pdf\" target=\"_blank\" rel=\"noopener\">Scaricare il programma del Campus en Musique<\/a><\/p>\n<p>Prenotazioni sul sito web: <a href=\"http:\/\/www.centre-medem.org\/\">http:\/\/www.centre-medem.org\/<\/a><\/p>\n<p><a href=\"https:\/\/www.iemj.org\/it\/produit\/casket-of-the-jewish-musics-in-paris-in-the-aftermath-of-ww-ii\/\" target=\"_blank\" rel=\"noopener\">Ordinare il cofanetto di 6 CD dal negozio online IEMJ<\/a><\/p>\n<h2><a href=\"https:\/\/www.iemj.org\/it\/conference-musique-yiddish-dans-les-cabarets-dapres-guerre\/\" target=\"_blank\" rel=\"noopener\">Guardare la conferenza<\/a><br \/>\n<a href=\"https:\/\/www.iemj.org\/it\/conference-musique-yiddish-dans-les-cabarets-dapres-guerre\/\"><img fetchpriority=\"high\" decoding=\"async\" class=\" alignleft size-full wp-image-13738\" src=\"https:\/\/www.iemj.org\/wp-content\/uploads\/2017\/03\/logo.jpg\" alt=\"logo.jpg\" width=\"500\" height=\"314\" align=\"left\" \/><\/a><\/h2>\n","protected":false},"excerpt":{"rendered":"<p>Nel dopoguerra, mentre gli ebrei cercano di ricostruire le loro vite, sia individualmente che collettivamente, Parigi cristallizza le speranze di rivitalizzazione della vita ebraica in Europa, fungendo al contempo da<\/p>\n","protected":false},"author":5,"featured_media":106822,"comment_status":"closed","ping_status":"open","sticky":false,"template":"","format":"standard","meta":{"_acf_changed":false,"footnotes":""},"categories":[1383,1371],"tags":[3421],"technique":[],"squelettes":[],"sujet":[],"formation":[],"genre":[],"fonds":[],"tradition":[],"type-de-contenu":[],"interprete-compositeur":[],"frise":[],"type-devenement":[],"tableaux-liens-externes":[],"class_list":["post-106820","post","type-post","status-publish","format-standard","has-post-thumbnail","hentry","category-corsi-conferenze-it","category-manifestazioni-it","tag-eventi-partner-it"],"acf":[],"yoast_head":"<!-- This site is optimized with the Yoast SEO plugin v27.3 - https:\/\/yoast.com\/product\/yoast-seo-wordpress\/ -->\n<title>Conferenza di Herv\u00e9 Roten e David Winter - La musica yiddish nei cabaret del dopoguerra - Institut Europ\u00e9en des Musiques Juives<\/title>\n<meta name=\"robots\" content=\"index, follow, max-snippet:-1, max-image-preview:large, max-video-preview:-1\" \/>\n<link rel=\"canonical\" href=\"https:\/\/www.iemj.org\/it\/conference-herve-roten-et-david-winter-musique-yiddish-dans-les-cabarets-dapres-guerre\/\" \/>\n<meta property=\"og:locale\" content=\"it_IT\" \/>\n<meta property=\"og:type\" content=\"article\" \/>\n<meta property=\"og:title\" content=\"Conferenza di Herv\u00e9 Roten e David Winter - La musica yiddish nei cabaret del dopoguerra - Institut Europ\u00e9en des Musiques Juives\" \/>\n<meta property=\"og:description\" content=\"Nel dopoguerra, mentre gli ebrei cercano di ricostruire le loro vite, sia individualmente che collettivamente, Parigi cristallizza le speranze di rivitalizzazione della vita ebraica in Europa, fungendo al contempo da\" \/>\n<meta property=\"og:url\" content=\"https:\/\/www.iemj.org\/it\/conference-herve-roten-et-david-winter-musique-yiddish-dans-les-cabarets-dapres-guerre\/\" \/>\n<meta property=\"og:site_name\" content=\"Institut Europ\u00e9en des Musiques Juives\" \/>\n<meta property=\"article:publisher\" content=\"https:\/\/www.facebook.com\/MusiquesJuives\/\" \/>\n<meta property=\"article:published_time\" content=\"2017-03-27T15:58:11+00:00\" \/>\n<meta property=\"article:modified_time\" content=\"2024-01-02T12:07:28+00:00\" \/>\n<meta property=\"og:image\" content=\"https:\/\/www.iemj.org\/wp-content\/uploads\/2017\/03\/arton2208-e1620050040297.jpg\" \/>\n\t<meta property=\"og:image:width\" content=\"350\" \/>\n\t<meta property=\"og:image:height\" content=\"494\" \/>\n\t<meta property=\"og:image:type\" content=\"image\/jpeg\" \/>\n<meta name=\"author\" content=\"Jacqueline ROTEN\" \/>\n<meta name=\"twitter:card\" content=\"summary_large_image\" \/>\n<meta name=\"twitter:label1\" content=\"Scritto da\" \/>\n\t<meta name=\"twitter:data1\" content=\"Jacqueline ROTEN\" \/>\n\t<meta name=\"twitter:label2\" content=\"Tempo di lettura stimato\" \/>\n\t<meta name=\"twitter:data2\" content=\"2 minuti\" \/>\n<script type=\"application\/ld+json\" class=\"yoast-schema-graph\">{\"@context\":\"https:\\\/\\\/schema.org\",\"@graph\":[{\"@type\":\"Article\",\"@id\":\"https:\\\/\\\/www.iemj.org\\\/it\\\/conference-herve-roten-et-david-winter-musique-yiddish-dans-les-cabarets-dapres-guerre\\\/#article\",\"isPartOf\":{\"@id\":\"https:\\\/\\\/www.iemj.org\\\/it\\\/conference-herve-roten-et-david-winter-musique-yiddish-dans-les-cabarets-dapres-guerre\\\/\"},\"author\":{\"name\":\"Jacqueline ROTEN\",\"@id\":\"https:\\\/\\\/www.iemj.org\\\/it\\\/#\\\/schema\\\/person\\\/358e26c18aca017fcc4cc15437f7279c\"},\"headline\":\"Conferenza di Herv\u00e9 Roten e David Winter &#8211; La musica yiddish nei cabaret del dopoguerra\",\"datePublished\":\"2017-03-27T15:58:11+00:00\",\"dateModified\":\"2024-01-02T12:07:28+00:00\",\"mainEntityOfPage\":{\"@id\":\"https:\\\/\\\/www.iemj.org\\\/it\\\/conference-herve-roten-et-david-winter-musique-yiddish-dans-les-cabarets-dapres-guerre\\\/\"},\"wordCount\":230,\"publisher\":{\"@id\":\"https:\\\/\\\/www.iemj.org\\\/it\\\/#organization\"},\"image\":{\"@id\":\"https:\\\/\\\/www.iemj.org\\\/it\\\/conference-herve-roten-et-david-winter-musique-yiddish-dans-les-cabarets-dapres-guerre\\\/#primaryimage\"},\"thumbnailUrl\":\"https:\\\/\\\/www.iemj.org\\\/wp-content\\\/uploads\\\/2017\\\/03\\\/arton2208-e1620050040297.jpg\",\"keywords\":[\"Eventi partner\"],\"articleSection\":[\"Corsi \\\/ Conferenze\",\"Manifestazioni\"],\"inLanguage\":\"it-IT\"},{\"@type\":\"WebPage\",\"@id\":\"https:\\\/\\\/www.iemj.org\\\/it\\\/conference-herve-roten-et-david-winter-musique-yiddish-dans-les-cabarets-dapres-guerre\\\/\",\"url\":\"https:\\\/\\\/www.iemj.org\\\/it\\\/conference-herve-roten-et-david-winter-musique-yiddish-dans-les-cabarets-dapres-guerre\\\/\",\"name\":\"Conferenza di Herv\u00e9 Roten e David Winter - La musica yiddish nei cabaret del dopoguerra - Institut Europ\u00e9en des Musiques Juives\",\"isPartOf\":{\"@id\":\"https:\\\/\\\/www.iemj.org\\\/it\\\/#website\"},\"primaryImageOfPage\":{\"@id\":\"https:\\\/\\\/www.iemj.org\\\/it\\\/conference-herve-roten-et-david-winter-musique-yiddish-dans-les-cabarets-dapres-guerre\\\/#primaryimage\"},\"image\":{\"@id\":\"https:\\\/\\\/www.iemj.org\\\/it\\\/conference-herve-roten-et-david-winter-musique-yiddish-dans-les-cabarets-dapres-guerre\\\/#primaryimage\"},\"thumbnailUrl\":\"https:\\\/\\\/www.iemj.org\\\/wp-content\\\/uploads\\\/2017\\\/03\\\/arton2208-e1620050040297.jpg\",\"datePublished\":\"2017-03-27T15:58:11+00:00\",\"dateModified\":\"2024-01-02T12:07:28+00:00\",\"breadcrumb\":{\"@id\":\"https:\\\/\\\/www.iemj.org\\\/it\\\/conference-herve-roten-et-david-winter-musique-yiddish-dans-les-cabarets-dapres-guerre\\\/#breadcrumb\"},\"inLanguage\":\"it-IT\",\"potentialAction\":[{\"@type\":\"ReadAction\",\"target\":[\"https:\\\/\\\/www.iemj.org\\\/it\\\/conference-herve-roten-et-david-winter-musique-yiddish-dans-les-cabarets-dapres-guerre\\\/\"]}]},{\"@type\":\"ImageObject\",\"inLanguage\":\"it-IT\",\"@id\":\"https:\\\/\\\/www.iemj.org\\\/it\\\/conference-herve-roten-et-david-winter-musique-yiddish-dans-les-cabarets-dapres-guerre\\\/#primaryimage\",\"url\":\"https:\\\/\\\/www.iemj.org\\\/wp-content\\\/uploads\\\/2017\\\/03\\\/arton2208-e1620050040297.jpg\",\"contentUrl\":\"https:\\\/\\\/www.iemj.org\\\/wp-content\\\/uploads\\\/2017\\\/03\\\/arton2208-e1620050040297.jpg\",\"width\":350,\"height\":494},{\"@type\":\"BreadcrumbList\",\"@id\":\"https:\\\/\\\/www.iemj.org\\\/it\\\/conference-herve-roten-et-david-winter-musique-yiddish-dans-les-cabarets-dapres-guerre\\\/#breadcrumb\",\"itemListElement\":[{\"@type\":\"ListItem\",\"position\":1,\"name\":\"Accueil\",\"item\":\"https:\\\/\\\/www.iemj.org\\\/it\\\/\"},{\"@type\":\"ListItem\",\"position\":2,\"name\":\"Conferenza di Herv\u00e9 Roten e David Winter &#8211; La musica yiddish nei cabaret del dopoguerra\"}]},{\"@type\":\"WebSite\",\"@id\":\"https:\\\/\\\/www.iemj.org\\\/it\\\/#website\",\"url\":\"https:\\\/\\\/www.iemj.org\\\/it\\\/\",\"name\":\"Institut Europ\u00e9en des Musiques Juives\",\"description\":\"Des traditions musicales \u00e0 la port\u00e9e de tous\",\"publisher\":{\"@id\":\"https:\\\/\\\/www.iemj.org\\\/it\\\/#organization\"},\"potentialAction\":[{\"@type\":\"SearchAction\",\"target\":{\"@type\":\"EntryPoint\",\"urlTemplate\":\"https:\\\/\\\/www.iemj.org\\\/it\\\/?s={search_term_string}\"},\"query-input\":{\"@type\":\"PropertyValueSpecification\",\"valueRequired\":true,\"valueName\":\"search_term_string\"}}],\"inLanguage\":\"it-IT\"},{\"@type\":\"Organization\",\"@id\":\"https:\\\/\\\/www.iemj.org\\\/it\\\/#organization\",\"name\":\"Institut Europ\u00e9en des Musiques Juives\",\"url\":\"https:\\\/\\\/www.iemj.org\\\/it\\\/\",\"logo\":{\"@type\":\"ImageObject\",\"inLanguage\":\"it-IT\",\"@id\":\"https:\\\/\\\/www.iemj.org\\\/it\\\/#\\\/schema\\\/logo\\\/image\\\/\",\"url\":\"https:\\\/\\\/www.iemj.org\\\/wp-content\\\/uploads\\\/2021\\\/09\\\/Logo-IEMJ-Paypal.jpg\",\"contentUrl\":\"https:\\\/\\\/www.iemj.org\\\/wp-content\\\/uploads\\\/2021\\\/09\\\/Logo-IEMJ-Paypal.jpg\",\"width\":150,\"height\":50,\"caption\":\"Institut Europ\u00e9en des Musiques Juives\"},\"image\":{\"@id\":\"https:\\\/\\\/www.iemj.org\\\/it\\\/#\\\/schema\\\/logo\\\/image\\\/\"},\"sameAs\":[\"https:\\\/\\\/www.facebook.com\\\/MusiquesJuives\\\/\",\"https:\\\/\\\/www.instagram.com\\\/musiquesjuives\\\/\",\"https:\\\/\\\/www.youtube.com\\\/user\\\/musiquesjuives\"]},{\"@type\":\"Person\",\"@id\":\"https:\\\/\\\/www.iemj.org\\\/it\\\/#\\\/schema\\\/person\\\/358e26c18aca017fcc4cc15437f7279c\",\"name\":\"Jacqueline ROTEN\",\"image\":{\"@type\":\"ImageObject\",\"inLanguage\":\"it-IT\",\"@id\":\"https:\\\/\\\/secure.gravatar.com\\\/avatar\\\/5964256d6c6957de3a3505278957e0fb2a35119ac47ea41827a65301213c810b?s=96&d=mm&r=g\",\"url\":\"https:\\\/\\\/secure.gravatar.com\\\/avatar\\\/5964256d6c6957de3a3505278957e0fb2a35119ac47ea41827a65301213c810b?s=96&d=mm&r=g\",\"contentUrl\":\"https:\\\/\\\/secure.gravatar.com\\\/avatar\\\/5964256d6c6957de3a3505278957e0fb2a35119ac47ea41827a65301213c810b?s=96&d=mm&r=g\",\"caption\":\"Jacqueline ROTEN\"}}]}<\/script>\n<!-- \/ Yoast SEO plugin. -->","yoast_head_json":{"title":"Conferenza di Herv\u00e9 Roten e David Winter - La musica yiddish nei cabaret del dopoguerra - Institut Europ\u00e9en des Musiques Juives","robots":{"index":"index","follow":"follow","max-snippet":"max-snippet:-1","max-image-preview":"max-image-preview:large","max-video-preview":"max-video-preview:-1"},"canonical":"https:\/\/www.iemj.org\/it\/conference-herve-roten-et-david-winter-musique-yiddish-dans-les-cabarets-dapres-guerre\/","og_locale":"it_IT","og_type":"article","og_title":"Conferenza di Herv\u00e9 Roten e David Winter - La musica yiddish nei cabaret del dopoguerra - Institut Europ\u00e9en des Musiques Juives","og_description":"Nel dopoguerra, mentre gli ebrei cercano di ricostruire le loro vite, sia individualmente che collettivamente, Parigi cristallizza le speranze di rivitalizzazione della vita ebraica in Europa, fungendo al contempo da","og_url":"https:\/\/www.iemj.org\/it\/conference-herve-roten-et-david-winter-musique-yiddish-dans-les-cabarets-dapres-guerre\/","og_site_name":"Institut Europ\u00e9en des Musiques Juives","article_publisher":"https:\/\/www.facebook.com\/MusiquesJuives\/","article_published_time":"2017-03-27T15:58:11+00:00","article_modified_time":"2024-01-02T12:07:28+00:00","og_image":[{"width":350,"height":494,"url":"https:\/\/www.iemj.org\/wp-content\/uploads\/2017\/03\/arton2208-e1620050040297.jpg","type":"image\/jpeg"}],"author":"Jacqueline ROTEN","twitter_card":"summary_large_image","twitter_misc":{"Scritto da":"Jacqueline ROTEN","Tempo di lettura stimato":"2 minuti"},"schema":{"@context":"https:\/\/schema.org","@graph":[{"@type":"Article","@id":"https:\/\/www.iemj.org\/it\/conference-herve-roten-et-david-winter-musique-yiddish-dans-les-cabarets-dapres-guerre\/#article","isPartOf":{"@id":"https:\/\/www.iemj.org\/it\/conference-herve-roten-et-david-winter-musique-yiddish-dans-les-cabarets-dapres-guerre\/"},"author":{"name":"Jacqueline ROTEN","@id":"https:\/\/www.iemj.org\/it\/#\/schema\/person\/358e26c18aca017fcc4cc15437f7279c"},"headline":"Conferenza di Herv\u00e9 Roten e David Winter &#8211; La musica yiddish nei cabaret del dopoguerra","datePublished":"2017-03-27T15:58:11+00:00","dateModified":"2024-01-02T12:07:28+00:00","mainEntityOfPage":{"@id":"https:\/\/www.iemj.org\/it\/conference-herve-roten-et-david-winter-musique-yiddish-dans-les-cabarets-dapres-guerre\/"},"wordCount":230,"publisher":{"@id":"https:\/\/www.iemj.org\/it\/#organization"},"image":{"@id":"https:\/\/www.iemj.org\/it\/conference-herve-roten-et-david-winter-musique-yiddish-dans-les-cabarets-dapres-guerre\/#primaryimage"},"thumbnailUrl":"https:\/\/www.iemj.org\/wp-content\/uploads\/2017\/03\/arton2208-e1620050040297.jpg","keywords":["Eventi partner"],"articleSection":["Corsi \/ Conferenze","Manifestazioni"],"inLanguage":"it-IT"},{"@type":"WebPage","@id":"https:\/\/www.iemj.org\/it\/conference-herve-roten-et-david-winter-musique-yiddish-dans-les-cabarets-dapres-guerre\/","url":"https:\/\/www.iemj.org\/it\/conference-herve-roten-et-david-winter-musique-yiddish-dans-les-cabarets-dapres-guerre\/","name":"Conferenza di Herv\u00e9 Roten e David Winter - La musica yiddish nei cabaret del dopoguerra - Institut Europ\u00e9en des Musiques Juives","isPartOf":{"@id":"https:\/\/www.iemj.org\/it\/#website"},"primaryImageOfPage":{"@id":"https:\/\/www.iemj.org\/it\/conference-herve-roten-et-david-winter-musique-yiddish-dans-les-cabarets-dapres-guerre\/#primaryimage"},"image":{"@id":"https:\/\/www.iemj.org\/it\/conference-herve-roten-et-david-winter-musique-yiddish-dans-les-cabarets-dapres-guerre\/#primaryimage"},"thumbnailUrl":"https:\/\/www.iemj.org\/wp-content\/uploads\/2017\/03\/arton2208-e1620050040297.jpg","datePublished":"2017-03-27T15:58:11+00:00","dateModified":"2024-01-02T12:07:28+00:00","breadcrumb":{"@id":"https:\/\/www.iemj.org\/it\/conference-herve-roten-et-david-winter-musique-yiddish-dans-les-cabarets-dapres-guerre\/#breadcrumb"},"inLanguage":"it-IT","potentialAction":[{"@type":"ReadAction","target":["https:\/\/www.iemj.org\/it\/conference-herve-roten-et-david-winter-musique-yiddish-dans-les-cabarets-dapres-guerre\/"]}]},{"@type":"ImageObject","inLanguage":"it-IT","@id":"https:\/\/www.iemj.org\/it\/conference-herve-roten-et-david-winter-musique-yiddish-dans-les-cabarets-dapres-guerre\/#primaryimage","url":"https:\/\/www.iemj.org\/wp-content\/uploads\/2017\/03\/arton2208-e1620050040297.jpg","contentUrl":"https:\/\/www.iemj.org\/wp-content\/uploads\/2017\/03\/arton2208-e1620050040297.jpg","width":350,"height":494},{"@type":"BreadcrumbList","@id":"https:\/\/www.iemj.org\/it\/conference-herve-roten-et-david-winter-musique-yiddish-dans-les-cabarets-dapres-guerre\/#breadcrumb","itemListElement":[{"@type":"ListItem","position":1,"name":"Accueil","item":"https:\/\/www.iemj.org\/it\/"},{"@type":"ListItem","position":2,"name":"Conferenza di Herv\u00e9 Roten e David Winter &#8211; La musica yiddish nei cabaret del dopoguerra"}]},{"@type":"WebSite","@id":"https:\/\/www.iemj.org\/it\/#website","url":"https:\/\/www.iemj.org\/it\/","name":"Institut Europ\u00e9en des Musiques Juives","description":"Des traditions musicales \u00e0 la port\u00e9e de tous","publisher":{"@id":"https:\/\/www.iemj.org\/it\/#organization"},"potentialAction":[{"@type":"SearchAction","target":{"@type":"EntryPoint","urlTemplate":"https:\/\/www.iemj.org\/it\/?s={search_term_string}"},"query-input":{"@type":"PropertyValueSpecification","valueRequired":true,"valueName":"search_term_string"}}],"inLanguage":"it-IT"},{"@type":"Organization","@id":"https:\/\/www.iemj.org\/it\/#organization","name":"Institut Europ\u00e9en des Musiques Juives","url":"https:\/\/www.iemj.org\/it\/","logo":{"@type":"ImageObject","inLanguage":"it-IT","@id":"https:\/\/www.iemj.org\/it\/#\/schema\/logo\/image\/","url":"https:\/\/www.iemj.org\/wp-content\/uploads\/2021\/09\/Logo-IEMJ-Paypal.jpg","contentUrl":"https:\/\/www.iemj.org\/wp-content\/uploads\/2021\/09\/Logo-IEMJ-Paypal.jpg","width":150,"height":50,"caption":"Institut Europ\u00e9en des Musiques Juives"},"image":{"@id":"https:\/\/www.iemj.org\/it\/#\/schema\/logo\/image\/"},"sameAs":["https:\/\/www.facebook.com\/MusiquesJuives\/","https:\/\/www.instagram.com\/musiquesjuives\/","https:\/\/www.youtube.com\/user\/musiquesjuives"]},{"@type":"Person","@id":"https:\/\/www.iemj.org\/it\/#\/schema\/person\/358e26c18aca017fcc4cc15437f7279c","name":"Jacqueline ROTEN","image":{"@type":"ImageObject","inLanguage":"it-IT","@id":"https:\/\/secure.gravatar.com\/avatar\/5964256d6c6957de3a3505278957e0fb2a35119ac47ea41827a65301213c810b?s=96&d=mm&r=g","url":"https:\/\/secure.gravatar.com\/avatar\/5964256d6c6957de3a3505278957e0fb2a35119ac47ea41827a65301213c810b?s=96&d=mm&r=g","contentUrl":"https:\/\/secure.gravatar.com\/avatar\/5964256d6c6957de3a3505278957e0fb2a35119ac47ea41827a65301213c810b?s=96&d=mm&r=g","caption":"Jacqueline ROTEN"}}]}},"_links":{"self":[{"href":"https:\/\/www.iemj.org\/it\/wp-json\/wp\/v2\/posts\/106820","targetHints":{"allow":["GET"]}}],"collection":[{"href":"https:\/\/www.iemj.org\/it\/wp-json\/wp\/v2\/posts"}],"about":[{"href":"https:\/\/www.iemj.org\/it\/wp-json\/wp\/v2\/types\/post"}],"author":[{"embeddable":true,"href":"https:\/\/www.iemj.org\/it\/wp-json\/wp\/v2\/users\/5"}],"replies":[{"embeddable":true,"href":"https:\/\/www.iemj.org\/it\/wp-json\/wp\/v2\/comments?post=106820"}],"version-history":[{"count":0,"href":"https:\/\/www.iemj.org\/it\/wp-json\/wp\/v2\/posts\/106820\/revisions"}],"wp:featuredmedia":[{"embeddable":true,"href":"https:\/\/www.iemj.org\/it\/wp-json\/wp\/v2\/media\/106822"}],"wp:attachment":[{"href":"https:\/\/www.iemj.org\/it\/wp-json\/wp\/v2\/media?parent=106820"}],"wp:term":[{"taxonomy":"category","embeddable":true,"href":"https:\/\/www.iemj.org\/it\/wp-json\/wp\/v2\/categories?post=106820"},{"taxonomy":"post_tag","embeddable":true,"href":"https:\/\/www.iemj.org\/it\/wp-json\/wp\/v2\/tags?post=106820"},{"taxonomy":"technique","embeddable":true,"href":"https:\/\/www.iemj.org\/it\/wp-json\/wp\/v2\/technique?post=106820"},{"taxonomy":"squelettes","embeddable":true,"href":"https:\/\/www.iemj.org\/it\/wp-json\/wp\/v2\/squelettes?post=106820"},{"taxonomy":"sujet","embeddable":true,"href":"https:\/\/www.iemj.org\/it\/wp-json\/wp\/v2\/sujet?post=106820"},{"taxonomy":"formation","embeddable":true,"href":"https:\/\/www.iemj.org\/it\/wp-json\/wp\/v2\/formation?post=106820"},{"taxonomy":"genre","embeddable":true,"href":"https:\/\/www.iemj.org\/it\/wp-json\/wp\/v2\/genre?post=106820"},{"taxonomy":"fonds","embeddable":true,"href":"https:\/\/www.iemj.org\/it\/wp-json\/wp\/v2\/fonds?post=106820"},{"taxonomy":"tradition","embeddable":true,"href":"https:\/\/www.iemj.org\/it\/wp-json\/wp\/v2\/tradition?post=106820"},{"taxonomy":"type-de-contenu","embeddable":true,"href":"https:\/\/www.iemj.org\/it\/wp-json\/wp\/v2\/type-de-contenu?post=106820"},{"taxonomy":"interprete-compositeur","embeddable":true,"href":"https:\/\/www.iemj.org\/it\/wp-json\/wp\/v2\/interprete-compositeur?post=106820"},{"taxonomy":"frise","embeddable":true,"href":"https:\/\/www.iemj.org\/it\/wp-json\/wp\/v2\/frise?post=106820"},{"taxonomy":"type-devenement","embeddable":true,"href":"https:\/\/www.iemj.org\/it\/wp-json\/wp\/v2\/type-devenement?post=106820"},{"taxonomy":"tableaux-liens-externes","embeddable":true,"href":"https:\/\/www.iemj.org\/it\/wp-json\/wp\/v2\/tableaux-liens-externes?post=106820"}],"curies":[{"name":"wp","href":"https:\/\/api.w.org\/{rel}","templated":true}]}}