{"id":106877,"date":"2016-05-23T12:01:00","date_gmt":"2016-05-23T10:01:00","guid":{"rendered":"https:\/\/www.iemj.org\/simha-lafricain-projection-rencontre-concert\/"},"modified":"2024-01-02T16:21:57","modified_gmt":"2024-01-02T15:21:57","slug":"simha-lafricain-projection-rencontre-concert","status":"publish","type":"post","link":"https:\/\/www.iemj.org\/it\/simha-lafricain-projection-rencontre-concert\/","title":{"rendered":"Simha, l&#8217;africano: proiezione, incontro, concerto"},"content":{"rendered":"<p>Proiezione del documentario <em>Simha<\/em> di J\u00e9r\u00f4me Blumberg (2015, 78 min, prodotto da Le Miroir, CNRS Images, CINAPS TV).<\/p>\n<p><a href=\"https:\/\/www.iemj.org\/it\/arom-simha-1930\/\">Simha Arom<\/a>, etnomusicologo di fama mondiale, ha trascorso cinquant&#8217;anni della sua vita a raccogliere, studiare e decifrare i meccanismi della musica tradizionale, in particolare le magnifiche polifonie degli Aka Pigmei della Repubblica Centrafricana.<\/p>\n<p><img decoding=\"async\" class=\" alignright size-full wp-image-10544\" src=\"https:\/\/www.iemj.org\/wp-content\/uploads\/2016\/05\/v_155_couv.jpg\" alt=\"v_155_couv.jpg\" width=\"144\" height=\"202\" align=\"right\" \/>J\u00e9rome Blumberg filma il lavoro di Simha Arom dal 1990. Il suo film si basa sui ricordi dell&#8217;etnomusicologo: la sua infanzia durante la guerra, la sua determinazione ad imparare la musica. Il film analizza anche le sue attivit\u00e0 attuali, il suo approccio all&#8217;etnomusicologia, molto particolare perch\u00e9 ha sempre posto l&#8217;accento sul lavoro sul campo, ed infine la sua pratica musicale. Un viaggio che avra guidato la sua vita. \u00c8 questo viaggio che il regista offre allo spettatore, costruendo il film come un brano musicale, una partitura a pi\u00f9 voci.<\/p>\n<p>La proiezione sar\u00e0 seguita da un dibattito con <strong>Simha Arom<\/strong>, <strong>J\u00e9r\u00f4me Blumberg<\/strong>, <strong>Gabriel Chabanier<\/strong>, produttore del documentario, ed <strong>Herv\u00e9 Roten<\/strong>, direttore dell&#8217;Istituto europeo di musiche ebraiche.<\/p>\n<p><strong><em>Un concerto di musica polifonica del gruppo Gamako completer\u00e0 questa esperienza unica.<\/em><\/strong><\/p>\n<p><img decoding=\"async\" class=\"size-full wp-image-10546 alignright\" src=\"https:\/\/www.iemj.org\/wp-content\/uploads\/2016\/05\/affiche_festival_cultures_juives_2016.jpg\" alt=\"affiche_festival_cultures_juives_2016.jpg\" width=\"143\" height=\"202\" align=\"left\" \/><span style=\"font-size: inherit;\"><strong>Informazioni<\/strong>: <\/span><a style=\"font-size: inherit;\" href=\"actionculturelle@fsju.org\">actionculturelle@fsju.org<\/a><span style=\"font-size: inherit;\"> o 01 42 17 10 70<\/span><strong><br \/>\n<\/strong><b>Prezzo<\/b>: 10 \u20ac<br \/>\n<a href=\"http:\/\/www.festivaldesculturesjuives.org\/\" target=\"_blank\" rel=\"noopener\">Visitare il sito web del festival<\/a><\/p>\n<p><a href=\"http:\/\/www.festivaldesculturesjuives.org\/billetterie-en-ligne\/\" target=\"_blank\" rel=\"noopener\"><strong>Prenotare i biglietti online<\/strong><\/a><\/p>\n","protected":false},"excerpt":{"rendered":"<p>Proiezione del documentario Simha di J\u00e9r\u00f4me Blumberg (2015, 78 min, prodotto da Le Miroir, CNRS Images, CINAPS TV). Simha Arom, etnomusicologo di fama mondiale, ha trascorso cinquant&#8217;anni della sua vita<\/p>\n","protected":false},"author":5,"featured_media":106878,"comment_status":"closed","ping_status":"open","sticky":false,"template":"","format":"standard","meta":{"_acf_changed":false,"footnotes":""},"categories":[1379,1371],"tags":[2224],"technique":[],"squelettes":[],"sujet":[],"formation":[],"genre":[],"fonds":[],"tradition":[],"type-de-contenu":[],"interprete-compositeur":[],"frise":[],"type-devenement":[],"tableaux-liens-externes":[],"class_list":["post-106877","post","type-post","status-publish","format-standard","has-post-thumbnail","hentry","category-concerti-manifestazioni-it","category-manifestazioni-it","tag-eventi-iemj-it"],"acf":[],"yoast_head":"<!-- This site is optimized with the Yoast SEO plugin v27.3 - https:\/\/yoast.com\/product\/yoast-seo-wordpress\/ -->\n<title>Simha, l&#039;africano: proiezione, incontro, concerto - Institut Europ\u00e9en des Musiques Juives<\/title>\n<meta name=\"robots\" content=\"index, follow, max-snippet:-1, max-image-preview:large, max-video-preview:-1\" \/>\n<link rel=\"canonical\" href=\"https:\/\/www.iemj.org\/it\/simha-lafricain-projection-rencontre-concert\/\" \/>\n<meta property=\"og:locale\" content=\"it_IT\" \/>\n<meta property=\"og:type\" content=\"article\" \/>\n<meta property=\"og:title\" content=\"Simha, l&#039;africano: proiezione, incontro, concerto - Institut Europ\u00e9en des Musiques Juives\" \/>\n<meta property=\"og:description\" content=\"Proiezione del documentario Simha di J\u00e9r\u00f4me Blumberg (2015, 78 min, prodotto da Le Miroir, CNRS Images, CINAPS TV). Simha Arom, etnomusicologo di fama mondiale, ha trascorso cinquant&#8217;anni della sua vita\" \/>\n<meta property=\"og:url\" content=\"https:\/\/www.iemj.org\/it\/simha-lafricain-projection-rencontre-concert\/\" \/>\n<meta property=\"og:site_name\" content=\"Institut Europ\u00e9en des Musiques Juives\" \/>\n<meta property=\"article:publisher\" content=\"https:\/\/www.facebook.com\/MusiquesJuives\/\" \/>\n<meta property=\"article:published_time\" content=\"2016-05-23T10:01:00+00:00\" \/>\n<meta property=\"article:modified_time\" content=\"2024-01-02T15:21:57+00:00\" \/>\n<meta property=\"og:image\" content=\"https:\/\/www.iemj.org\/wp-content\/uploads\/2016\/05\/arton1665.jpg\" \/>\n\t<meta property=\"og:image:width\" content=\"192\" \/>\n\t<meta property=\"og:image:height\" content=\"239\" \/>\n\t<meta property=\"og:image:type\" content=\"image\/jpeg\" \/>\n<meta name=\"author\" content=\"Jacqueline ROTEN\" \/>\n<meta name=\"twitter:card\" content=\"summary_large_image\" \/>\n<meta name=\"twitter:label1\" content=\"Scritto da\" \/>\n\t<meta name=\"twitter:data1\" content=\"Jacqueline ROTEN\" \/>\n\t<meta name=\"twitter:label2\" content=\"Tempo di lettura stimato\" \/>\n\t<meta name=\"twitter:data2\" content=\"2 minuti\" \/>\n<script type=\"application\/ld+json\" class=\"yoast-schema-graph\">{\"@context\":\"https:\\\/\\\/schema.org\",\"@graph\":[{\"@type\":\"Article\",\"@id\":\"https:\\\/\\\/www.iemj.org\\\/it\\\/simha-lafricain-projection-rencontre-concert\\\/#article\",\"isPartOf\":{\"@id\":\"https:\\\/\\\/www.iemj.org\\\/it\\\/simha-lafricain-projection-rencontre-concert\\\/\"},\"author\":{\"name\":\"Jacqueline ROTEN\",\"@id\":\"https:\\\/\\\/www.iemj.org\\\/it\\\/#\\\/schema\\\/person\\\/358e26c18aca017fcc4cc15437f7279c\"},\"headline\":\"Simha, l&#8217;africano: proiezione, incontro, concerto\",\"datePublished\":\"2016-05-23T10:01:00+00:00\",\"dateModified\":\"2024-01-02T15:21:57+00:00\",\"mainEntityOfPage\":{\"@id\":\"https:\\\/\\\/www.iemj.org\\\/it\\\/simha-lafricain-projection-rencontre-concert\\\/\"},\"wordCount\":206,\"publisher\":{\"@id\":\"https:\\\/\\\/www.iemj.org\\\/it\\\/#organization\"},\"image\":{\"@id\":\"https:\\\/\\\/www.iemj.org\\\/it\\\/simha-lafricain-projection-rencontre-concert\\\/#primaryimage\"},\"thumbnailUrl\":\"https:\\\/\\\/www.iemj.org\\\/wp-content\\\/uploads\\\/2016\\\/05\\\/arton1665.jpg\",\"keywords\":[\"Eventi IEMJ\"],\"articleSection\":[\"Concerti\",\"Manifestazioni\"],\"inLanguage\":\"it-IT\"},{\"@type\":\"WebPage\",\"@id\":\"https:\\\/\\\/www.iemj.org\\\/it\\\/simha-lafricain-projection-rencontre-concert\\\/\",\"url\":\"https:\\\/\\\/www.iemj.org\\\/it\\\/simha-lafricain-projection-rencontre-concert\\\/\",\"name\":\"Simha, l'africano: proiezione, incontro, concerto - Institut Europ\u00e9en des Musiques Juives\",\"isPartOf\":{\"@id\":\"https:\\\/\\\/www.iemj.org\\\/it\\\/#website\"},\"primaryImageOfPage\":{\"@id\":\"https:\\\/\\\/www.iemj.org\\\/it\\\/simha-lafricain-projection-rencontre-concert\\\/#primaryimage\"},\"image\":{\"@id\":\"https:\\\/\\\/www.iemj.org\\\/it\\\/simha-lafricain-projection-rencontre-concert\\\/#primaryimage\"},\"thumbnailUrl\":\"https:\\\/\\\/www.iemj.org\\\/wp-content\\\/uploads\\\/2016\\\/05\\\/arton1665.jpg\",\"datePublished\":\"2016-05-23T10:01:00+00:00\",\"dateModified\":\"2024-01-02T15:21:57+00:00\",\"breadcrumb\":{\"@id\":\"https:\\\/\\\/www.iemj.org\\\/it\\\/simha-lafricain-projection-rencontre-concert\\\/#breadcrumb\"},\"inLanguage\":\"it-IT\",\"potentialAction\":[{\"@type\":\"ReadAction\",\"target\":[\"https:\\\/\\\/www.iemj.org\\\/it\\\/simha-lafricain-projection-rencontre-concert\\\/\"]}]},{\"@type\":\"ImageObject\",\"inLanguage\":\"it-IT\",\"@id\":\"https:\\\/\\\/www.iemj.org\\\/it\\\/simha-lafricain-projection-rencontre-concert\\\/#primaryimage\",\"url\":\"https:\\\/\\\/www.iemj.org\\\/wp-content\\\/uploads\\\/2016\\\/05\\\/arton1665.jpg\",\"contentUrl\":\"https:\\\/\\\/www.iemj.org\\\/wp-content\\\/uploads\\\/2016\\\/05\\\/arton1665.jpg\",\"width\":192,\"height\":239},{\"@type\":\"BreadcrumbList\",\"@id\":\"https:\\\/\\\/www.iemj.org\\\/it\\\/simha-lafricain-projection-rencontre-concert\\\/#breadcrumb\",\"itemListElement\":[{\"@type\":\"ListItem\",\"position\":1,\"name\":\"Accueil\",\"item\":\"https:\\\/\\\/www.iemj.org\\\/it\\\/\"},{\"@type\":\"ListItem\",\"position\":2,\"name\":\"Simha, l&#8217;africano: proiezione, incontro, concerto\"}]},{\"@type\":\"WebSite\",\"@id\":\"https:\\\/\\\/www.iemj.org\\\/it\\\/#website\",\"url\":\"https:\\\/\\\/www.iemj.org\\\/it\\\/\",\"name\":\"Institut Europ\u00e9en des Musiques Juives\",\"description\":\"Des traditions musicales \u00e0 la port\u00e9e de tous\",\"publisher\":{\"@id\":\"https:\\\/\\\/www.iemj.org\\\/it\\\/#organization\"},\"potentialAction\":[{\"@type\":\"SearchAction\",\"target\":{\"@type\":\"EntryPoint\",\"urlTemplate\":\"https:\\\/\\\/www.iemj.org\\\/it\\\/?s={search_term_string}\"},\"query-input\":{\"@type\":\"PropertyValueSpecification\",\"valueRequired\":true,\"valueName\":\"search_term_string\"}}],\"inLanguage\":\"it-IT\"},{\"@type\":\"Organization\",\"@id\":\"https:\\\/\\\/www.iemj.org\\\/it\\\/#organization\",\"name\":\"Institut Europ\u00e9en des Musiques Juives\",\"url\":\"https:\\\/\\\/www.iemj.org\\\/it\\\/\",\"logo\":{\"@type\":\"ImageObject\",\"inLanguage\":\"it-IT\",\"@id\":\"https:\\\/\\\/www.iemj.org\\\/it\\\/#\\\/schema\\\/logo\\\/image\\\/\",\"url\":\"https:\\\/\\\/www.iemj.org\\\/wp-content\\\/uploads\\\/2021\\\/09\\\/Logo-IEMJ-Paypal.jpg\",\"contentUrl\":\"https:\\\/\\\/www.iemj.org\\\/wp-content\\\/uploads\\\/2021\\\/09\\\/Logo-IEMJ-Paypal.jpg\",\"width\":150,\"height\":50,\"caption\":\"Institut Europ\u00e9en des Musiques Juives\"},\"image\":{\"@id\":\"https:\\\/\\\/www.iemj.org\\\/it\\\/#\\\/schema\\\/logo\\\/image\\\/\"},\"sameAs\":[\"https:\\\/\\\/www.facebook.com\\\/MusiquesJuives\\\/\",\"https:\\\/\\\/www.instagram.com\\\/musiquesjuives\\\/\",\"https:\\\/\\\/www.youtube.com\\\/user\\\/musiquesjuives\"]},{\"@type\":\"Person\",\"@id\":\"https:\\\/\\\/www.iemj.org\\\/it\\\/#\\\/schema\\\/person\\\/358e26c18aca017fcc4cc15437f7279c\",\"name\":\"Jacqueline ROTEN\",\"image\":{\"@type\":\"ImageObject\",\"inLanguage\":\"it-IT\",\"@id\":\"https:\\\/\\\/secure.gravatar.com\\\/avatar\\\/5964256d6c6957de3a3505278957e0fb2a35119ac47ea41827a65301213c810b?s=96&d=mm&r=g\",\"url\":\"https:\\\/\\\/secure.gravatar.com\\\/avatar\\\/5964256d6c6957de3a3505278957e0fb2a35119ac47ea41827a65301213c810b?s=96&d=mm&r=g\",\"contentUrl\":\"https:\\\/\\\/secure.gravatar.com\\\/avatar\\\/5964256d6c6957de3a3505278957e0fb2a35119ac47ea41827a65301213c810b?s=96&d=mm&r=g\",\"caption\":\"Jacqueline ROTEN\"}}]}<\/script>\n<!-- \/ Yoast SEO plugin. -->","yoast_head_json":{"title":"Simha, l'africano: proiezione, incontro, concerto - Institut Europ\u00e9en des Musiques Juives","robots":{"index":"index","follow":"follow","max-snippet":"max-snippet:-1","max-image-preview":"max-image-preview:large","max-video-preview":"max-video-preview:-1"},"canonical":"https:\/\/www.iemj.org\/it\/simha-lafricain-projection-rencontre-concert\/","og_locale":"it_IT","og_type":"article","og_title":"Simha, l'africano: proiezione, incontro, concerto - Institut Europ\u00e9en des Musiques Juives","og_description":"Proiezione del documentario Simha di J\u00e9r\u00f4me Blumberg (2015, 78 min, prodotto da Le Miroir, CNRS Images, CINAPS TV). Simha Arom, etnomusicologo di fama mondiale, ha trascorso cinquant&#8217;anni della sua vita","og_url":"https:\/\/www.iemj.org\/it\/simha-lafricain-projection-rencontre-concert\/","og_site_name":"Institut Europ\u00e9en des Musiques Juives","article_publisher":"https:\/\/www.facebook.com\/MusiquesJuives\/","article_published_time":"2016-05-23T10:01:00+00:00","article_modified_time":"2024-01-02T15:21:57+00:00","og_image":[{"width":192,"height":239,"url":"https:\/\/www.iemj.org\/wp-content\/uploads\/2016\/05\/arton1665.jpg","type":"image\/jpeg"}],"author":"Jacqueline ROTEN","twitter_card":"summary_large_image","twitter_misc":{"Scritto da":"Jacqueline ROTEN","Tempo di lettura stimato":"2 minuti"},"schema":{"@context":"https:\/\/schema.org","@graph":[{"@type":"Article","@id":"https:\/\/www.iemj.org\/it\/simha-lafricain-projection-rencontre-concert\/#article","isPartOf":{"@id":"https:\/\/www.iemj.org\/it\/simha-lafricain-projection-rencontre-concert\/"},"author":{"name":"Jacqueline ROTEN","@id":"https:\/\/www.iemj.org\/it\/#\/schema\/person\/358e26c18aca017fcc4cc15437f7279c"},"headline":"Simha, l&#8217;africano: proiezione, incontro, concerto","datePublished":"2016-05-23T10:01:00+00:00","dateModified":"2024-01-02T15:21:57+00:00","mainEntityOfPage":{"@id":"https:\/\/www.iemj.org\/it\/simha-lafricain-projection-rencontre-concert\/"},"wordCount":206,"publisher":{"@id":"https:\/\/www.iemj.org\/it\/#organization"},"image":{"@id":"https:\/\/www.iemj.org\/it\/simha-lafricain-projection-rencontre-concert\/#primaryimage"},"thumbnailUrl":"https:\/\/www.iemj.org\/wp-content\/uploads\/2016\/05\/arton1665.jpg","keywords":["Eventi IEMJ"],"articleSection":["Concerti","Manifestazioni"],"inLanguage":"it-IT"},{"@type":"WebPage","@id":"https:\/\/www.iemj.org\/it\/simha-lafricain-projection-rencontre-concert\/","url":"https:\/\/www.iemj.org\/it\/simha-lafricain-projection-rencontre-concert\/","name":"Simha, l'africano: proiezione, incontro, concerto - Institut Europ\u00e9en des Musiques Juives","isPartOf":{"@id":"https:\/\/www.iemj.org\/it\/#website"},"primaryImageOfPage":{"@id":"https:\/\/www.iemj.org\/it\/simha-lafricain-projection-rencontre-concert\/#primaryimage"},"image":{"@id":"https:\/\/www.iemj.org\/it\/simha-lafricain-projection-rencontre-concert\/#primaryimage"},"thumbnailUrl":"https:\/\/www.iemj.org\/wp-content\/uploads\/2016\/05\/arton1665.jpg","datePublished":"2016-05-23T10:01:00+00:00","dateModified":"2024-01-02T15:21:57+00:00","breadcrumb":{"@id":"https:\/\/www.iemj.org\/it\/simha-lafricain-projection-rencontre-concert\/#breadcrumb"},"inLanguage":"it-IT","potentialAction":[{"@type":"ReadAction","target":["https:\/\/www.iemj.org\/it\/simha-lafricain-projection-rencontre-concert\/"]}]},{"@type":"ImageObject","inLanguage":"it-IT","@id":"https:\/\/www.iemj.org\/it\/simha-lafricain-projection-rencontre-concert\/#primaryimage","url":"https:\/\/www.iemj.org\/wp-content\/uploads\/2016\/05\/arton1665.jpg","contentUrl":"https:\/\/www.iemj.org\/wp-content\/uploads\/2016\/05\/arton1665.jpg","width":192,"height":239},{"@type":"BreadcrumbList","@id":"https:\/\/www.iemj.org\/it\/simha-lafricain-projection-rencontre-concert\/#breadcrumb","itemListElement":[{"@type":"ListItem","position":1,"name":"Accueil","item":"https:\/\/www.iemj.org\/it\/"},{"@type":"ListItem","position":2,"name":"Simha, l&#8217;africano: proiezione, incontro, concerto"}]},{"@type":"WebSite","@id":"https:\/\/www.iemj.org\/it\/#website","url":"https:\/\/www.iemj.org\/it\/","name":"Institut Europ\u00e9en des Musiques Juives","description":"Des traditions musicales \u00e0 la port\u00e9e de tous","publisher":{"@id":"https:\/\/www.iemj.org\/it\/#organization"},"potentialAction":[{"@type":"SearchAction","target":{"@type":"EntryPoint","urlTemplate":"https:\/\/www.iemj.org\/it\/?s={search_term_string}"},"query-input":{"@type":"PropertyValueSpecification","valueRequired":true,"valueName":"search_term_string"}}],"inLanguage":"it-IT"},{"@type":"Organization","@id":"https:\/\/www.iemj.org\/it\/#organization","name":"Institut Europ\u00e9en des Musiques Juives","url":"https:\/\/www.iemj.org\/it\/","logo":{"@type":"ImageObject","inLanguage":"it-IT","@id":"https:\/\/www.iemj.org\/it\/#\/schema\/logo\/image\/","url":"https:\/\/www.iemj.org\/wp-content\/uploads\/2021\/09\/Logo-IEMJ-Paypal.jpg","contentUrl":"https:\/\/www.iemj.org\/wp-content\/uploads\/2021\/09\/Logo-IEMJ-Paypal.jpg","width":150,"height":50,"caption":"Institut Europ\u00e9en des Musiques Juives"},"image":{"@id":"https:\/\/www.iemj.org\/it\/#\/schema\/logo\/image\/"},"sameAs":["https:\/\/www.facebook.com\/MusiquesJuives\/","https:\/\/www.instagram.com\/musiquesjuives\/","https:\/\/www.youtube.com\/user\/musiquesjuives"]},{"@type":"Person","@id":"https:\/\/www.iemj.org\/it\/#\/schema\/person\/358e26c18aca017fcc4cc15437f7279c","name":"Jacqueline ROTEN","image":{"@type":"ImageObject","inLanguage":"it-IT","@id":"https:\/\/secure.gravatar.com\/avatar\/5964256d6c6957de3a3505278957e0fb2a35119ac47ea41827a65301213c810b?s=96&d=mm&r=g","url":"https:\/\/secure.gravatar.com\/avatar\/5964256d6c6957de3a3505278957e0fb2a35119ac47ea41827a65301213c810b?s=96&d=mm&r=g","contentUrl":"https:\/\/secure.gravatar.com\/avatar\/5964256d6c6957de3a3505278957e0fb2a35119ac47ea41827a65301213c810b?s=96&d=mm&r=g","caption":"Jacqueline ROTEN"}}]}},"_links":{"self":[{"href":"https:\/\/www.iemj.org\/it\/wp-json\/wp\/v2\/posts\/106877","targetHints":{"allow":["GET"]}}],"collection":[{"href":"https:\/\/www.iemj.org\/it\/wp-json\/wp\/v2\/posts"}],"about":[{"href":"https:\/\/www.iemj.org\/it\/wp-json\/wp\/v2\/types\/post"}],"author":[{"embeddable":true,"href":"https:\/\/www.iemj.org\/it\/wp-json\/wp\/v2\/users\/5"}],"replies":[{"embeddable":true,"href":"https:\/\/www.iemj.org\/it\/wp-json\/wp\/v2\/comments?post=106877"}],"version-history":[{"count":0,"href":"https:\/\/www.iemj.org\/it\/wp-json\/wp\/v2\/posts\/106877\/revisions"}],"wp:featuredmedia":[{"embeddable":true,"href":"https:\/\/www.iemj.org\/it\/wp-json\/wp\/v2\/media\/106878"}],"wp:attachment":[{"href":"https:\/\/www.iemj.org\/it\/wp-json\/wp\/v2\/media?parent=106877"}],"wp:term":[{"taxonomy":"category","embeddable":true,"href":"https:\/\/www.iemj.org\/it\/wp-json\/wp\/v2\/categories?post=106877"},{"taxonomy":"post_tag","embeddable":true,"href":"https:\/\/www.iemj.org\/it\/wp-json\/wp\/v2\/tags?post=106877"},{"taxonomy":"technique","embeddable":true,"href":"https:\/\/www.iemj.org\/it\/wp-json\/wp\/v2\/technique?post=106877"},{"taxonomy":"squelettes","embeddable":true,"href":"https:\/\/www.iemj.org\/it\/wp-json\/wp\/v2\/squelettes?post=106877"},{"taxonomy":"sujet","embeddable":true,"href":"https:\/\/www.iemj.org\/it\/wp-json\/wp\/v2\/sujet?post=106877"},{"taxonomy":"formation","embeddable":true,"href":"https:\/\/www.iemj.org\/it\/wp-json\/wp\/v2\/formation?post=106877"},{"taxonomy":"genre","embeddable":true,"href":"https:\/\/www.iemj.org\/it\/wp-json\/wp\/v2\/genre?post=106877"},{"taxonomy":"fonds","embeddable":true,"href":"https:\/\/www.iemj.org\/it\/wp-json\/wp\/v2\/fonds?post=106877"},{"taxonomy":"tradition","embeddable":true,"href":"https:\/\/www.iemj.org\/it\/wp-json\/wp\/v2\/tradition?post=106877"},{"taxonomy":"type-de-contenu","embeddable":true,"href":"https:\/\/www.iemj.org\/it\/wp-json\/wp\/v2\/type-de-contenu?post=106877"},{"taxonomy":"interprete-compositeur","embeddable":true,"href":"https:\/\/www.iemj.org\/it\/wp-json\/wp\/v2\/interprete-compositeur?post=106877"},{"taxonomy":"frise","embeddable":true,"href":"https:\/\/www.iemj.org\/it\/wp-json\/wp\/v2\/frise?post=106877"},{"taxonomy":"type-devenement","embeddable":true,"href":"https:\/\/www.iemj.org\/it\/wp-json\/wp\/v2\/type-devenement?post=106877"},{"taxonomy":"tableaux-liens-externes","embeddable":true,"href":"https:\/\/www.iemj.org\/it\/wp-json\/wp\/v2\/tableaux-liens-externes?post=106877"}],"curies":[{"name":"wp","href":"https:\/\/api.w.org\/{rel}","templated":true}]}}