{"id":106903,"date":"2016-03-22T16:31:25","date_gmt":"2016-03-22T15:31:25","guid":{"rendered":"https:\/\/www.iemj.org\/sortie-du-film-mobile-etoile-realise-par-raphael-nadjari-france-2016\/"},"modified":"2024-01-02T17:12:42","modified_gmt":"2024-01-02T16:12:42","slug":"sortie-du-film-mobile-etoile-realise-par-raphael-nadjari-france-2016","status":"publish","type":"post","link":"https:\/\/www.iemj.org\/it\/sortie-du-film-mobile-etoile-realise-par-raphael-nadjari-france-2016\/","title":{"rendered":"Uscita del film &#8220;Mobile Etoile&#8221; diretto da Rapha\u00ebl Nadjari (Francia, 2016)"},"content":{"rendered":"<p class=\"post_excerpt\">Con G\u00e9raldine Pailhas, Luc Picard, Marcel Sabourin, Doroth\u00e9e Berryman, Raymond Cloutier<br \/>Prodotto da The French Connection, EMA Film Inc. &amp; Sister Productions<\/p>\n<p><!--more--><\/p>\n<p>Ambientato a Montreal, &#8220;Mobile \u00e9toile&#8221; ha come protagonista Hannah, un&#8217;insegnante di musica classica sulla quarantina. Con il marito Daniel, pianista, dirige un coro specializzato in canti sinagogali francesi dell&#8217;inizio del XX secolo. Guida questo gruppo vocale con entusiasmo. Ma la determinazione della cantante comincia ad essere messa alla prova quando le sovvenzioni diminuiscono. Un giorno arriva una ragazza sensibile ma particolarmente dotata. L&#8217;arrivo di Abigail motiva Hannah a continuare le sue attivit\u00e0. Tanto pi\u00f9 che Samuel, il suo ex insegnante, arriva a Montreal. Le mostra un vecchio spartito scomparso dalla circolazione e lei si impegna a farlo rivivere.<\/p>\n<p>Per il regista di questo film, l&#8217;Istituto Europeo di Musiche Ebraiche ed il suo lavoro di conservazione e diffusione del patrimonio musicale ebraico sono stati il modello da seguire. Il titolo stesso del film \u00e8 un riferimento al compositore <a href=\"https:\/\/www.iemj.org\/it\/halphen-fernand-1872-1917\/\">Fernand Halphen (1872-1917)<\/a>, la maggior parte delle cui opere sono conservate dall&#8217;IEMJ.<\/p>\n<p><a href=\"https:\/\/www.youtube.com\/watch?v=4QrStlgRzcQ\" target=\"_blank\" rel=\"noopener\">Ascoltare l&#8217;intervista del regista Rapha\u00ebl Nadjari<\/a><\/p>\n<p><a href=\"https:\/\/www.youtube.com\/watch?v=OmoX7JoTttw\" target=\"_blank\" rel=\"noopener\">Ascolta l&#8217;intervista del direttore dell&#8217;IEMJ Herv\u00e9 Roten sulla ricerca musicale<\/a><\/p>\n<p>Trailer del film &#8220;Mobile Etoile&#8221; diretto da Rapha\u00ebl Nadjari (Francia, 2016)<br \/><iframe src=\"https:\/\/www.youtube.com\/embed\/mW9-WEhceOw\" width=\"560\" height=\"315\" frameborder=\"0\" allowfullscreen=\"allowfullscreen\"><\/iframe><\/p>\n\n\n<div class=\"wp-block-file\"><a id=\"wp-block-file--media-23862371-d038-4abd-acc1-c53cc3c49975\" href=\"https:\/\/www.iemj.org\/wp-content\/uploads\/2016\/03\/me_120x160_3_affiche_film.pdf\">Affiche du film Mobile \u00e9toile de Rapha\u00ebl Nadjari<\/a><\/div>\n","protected":false},"excerpt":{"rendered":"<p>Con G\u00e9raldine Pailhas, Luc Picard, Marcel Sabourin, Doroth\u00e9e Berryman, Raymond CloutierProdotto da The French Connection, EMA Film Inc. &amp; Sister Productions<\/p>\n","protected":false},"author":1045,"featured_media":106904,"comment_status":"closed","ping_status":"open","sticky":false,"template":"","format":"standard","meta":{"_acf_changed":false,"footnotes":""},"categories":[1371],"tags":[3421],"technique":[],"squelettes":[],"sujet":[],"formation":[],"genre":[],"fonds":[],"tradition":[],"type-de-contenu":[],"interprete-compositeur":[],"frise":[],"type-devenement":[],"tableaux-liens-externes":[],"class_list":["post-106903","post","type-post","status-publish","format-standard","has-post-thumbnail","hentry","category-manifestazioni-it","tag-eventi-partner-it"],"acf":[],"yoast_head":"<!-- This site is optimized with the Yoast SEO plugin v27.3 - https:\/\/yoast.com\/product\/yoast-seo-wordpress\/ -->\n<title>Uscita del film &quot;Mobile Etoile&quot; diretto da Rapha\u00ebl Nadjari (Francia, 2016) - Institut Europ\u00e9en des Musiques Juives<\/title>\n<meta name=\"robots\" content=\"index, follow, max-snippet:-1, max-image-preview:large, max-video-preview:-1\" \/>\n<link rel=\"canonical\" href=\"https:\/\/www.iemj.org\/it\/sortie-du-film-mobile-etoile-realise-par-raphael-nadjari-france-2016\/\" \/>\n<meta property=\"og:locale\" content=\"it_IT\" \/>\n<meta property=\"og:type\" content=\"article\" \/>\n<meta property=\"og:title\" content=\"Uscita del film &quot;Mobile Etoile&quot; diretto da Rapha\u00ebl Nadjari (Francia, 2016) - Institut Europ\u00e9en des Musiques Juives\" \/>\n<meta property=\"og:description\" content=\"Con G\u00e9raldine Pailhas, Luc Picard, Marcel Sabourin, Doroth\u00e9e Berryman, Raymond CloutierProdotto da The French Connection, EMA Film Inc. &amp; Sister Productions\" \/>\n<meta property=\"og:url\" content=\"https:\/\/www.iemj.org\/it\/sortie-du-film-mobile-etoile-realise-par-raphael-nadjari-france-2016\/\" \/>\n<meta property=\"og:site_name\" content=\"Institut Europ\u00e9en des Musiques Juives\" \/>\n<meta property=\"article:publisher\" content=\"https:\/\/www.facebook.com\/MusiquesJuives\/\" \/>\n<meta property=\"article:published_time\" content=\"2016-03-22T15:31:25+00:00\" \/>\n<meta property=\"article:modified_time\" content=\"2024-01-02T16:12:42+00:00\" \/>\n<meta property=\"og:image\" content=\"https:\/\/www.iemj.org\/wp-content\/uploads\/2016\/03\/arton1555.jpg\" \/>\n\t<meta property=\"og:image:width\" content=\"375\" \/>\n\t<meta property=\"og:image:height\" content=\"500\" \/>\n\t<meta property=\"og:image:type\" content=\"image\/jpeg\" \/>\n<meta name=\"author\" content=\"Herv\u00e9 Roten\" \/>\n<meta name=\"twitter:card\" content=\"summary_large_image\" \/>\n<meta name=\"twitter:label1\" content=\"Scritto da\" \/>\n\t<meta name=\"twitter:data1\" content=\"Herv\u00e9 Roten\" \/>\n\t<meta name=\"twitter:label2\" content=\"Tempo di lettura stimato\" \/>\n\t<meta name=\"twitter:data2\" content=\"2 minuti\" \/>\n<script type=\"application\/ld+json\" class=\"yoast-schema-graph\">{\"@context\":\"https:\\\/\\\/schema.org\",\"@graph\":[{\"@type\":\"Article\",\"@id\":\"https:\\\/\\\/www.iemj.org\\\/it\\\/sortie-du-film-mobile-etoile-realise-par-raphael-nadjari-france-2016\\\/#article\",\"isPartOf\":{\"@id\":\"https:\\\/\\\/www.iemj.org\\\/it\\\/sortie-du-film-mobile-etoile-realise-par-raphael-nadjari-france-2016\\\/\"},\"author\":{\"name\":\"Herv\u00e9 Roten\",\"@id\":\"https:\\\/\\\/www.iemj.org\\\/it\\\/#\\\/schema\\\/person\\\/906134402c29d5c76e7b726261dd4bbd\"},\"headline\":\"Uscita del film &#8220;Mobile Etoile&#8221; diretto da Rapha\u00ebl Nadjari (Francia, 2016)\",\"datePublished\":\"2016-03-22T15:31:25+00:00\",\"dateModified\":\"2024-01-02T16:12:42+00:00\",\"mainEntityOfPage\":{\"@id\":\"https:\\\/\\\/www.iemj.org\\\/it\\\/sortie-du-film-mobile-etoile-realise-par-raphael-nadjari-france-2016\\\/\"},\"wordCount\":227,\"publisher\":{\"@id\":\"https:\\\/\\\/www.iemj.org\\\/it\\\/#organization\"},\"image\":{\"@id\":\"https:\\\/\\\/www.iemj.org\\\/it\\\/sortie-du-film-mobile-etoile-realise-par-raphael-nadjari-france-2016\\\/#primaryimage\"},\"thumbnailUrl\":\"https:\\\/\\\/www.iemj.org\\\/wp-content\\\/uploads\\\/2016\\\/03\\\/arton1555.jpg\",\"keywords\":[\"Eventi partner\"],\"articleSection\":[\"Manifestazioni\"],\"inLanguage\":\"it-IT\"},{\"@type\":\"WebPage\",\"@id\":\"https:\\\/\\\/www.iemj.org\\\/it\\\/sortie-du-film-mobile-etoile-realise-par-raphael-nadjari-france-2016\\\/\",\"url\":\"https:\\\/\\\/www.iemj.org\\\/it\\\/sortie-du-film-mobile-etoile-realise-par-raphael-nadjari-france-2016\\\/\",\"name\":\"Uscita del film \\\"Mobile Etoile\\\" diretto da Rapha\u00ebl Nadjari (Francia, 2016) - Institut Europ\u00e9en des Musiques Juives\",\"isPartOf\":{\"@id\":\"https:\\\/\\\/www.iemj.org\\\/it\\\/#website\"},\"primaryImageOfPage\":{\"@id\":\"https:\\\/\\\/www.iemj.org\\\/it\\\/sortie-du-film-mobile-etoile-realise-par-raphael-nadjari-france-2016\\\/#primaryimage\"},\"image\":{\"@id\":\"https:\\\/\\\/www.iemj.org\\\/it\\\/sortie-du-film-mobile-etoile-realise-par-raphael-nadjari-france-2016\\\/#primaryimage\"},\"thumbnailUrl\":\"https:\\\/\\\/www.iemj.org\\\/wp-content\\\/uploads\\\/2016\\\/03\\\/arton1555.jpg\",\"datePublished\":\"2016-03-22T15:31:25+00:00\",\"dateModified\":\"2024-01-02T16:12:42+00:00\",\"breadcrumb\":{\"@id\":\"https:\\\/\\\/www.iemj.org\\\/it\\\/sortie-du-film-mobile-etoile-realise-par-raphael-nadjari-france-2016\\\/#breadcrumb\"},\"inLanguage\":\"it-IT\",\"potentialAction\":[{\"@type\":\"ReadAction\",\"target\":[\"https:\\\/\\\/www.iemj.org\\\/it\\\/sortie-du-film-mobile-etoile-realise-par-raphael-nadjari-france-2016\\\/\"]}]},{\"@type\":\"ImageObject\",\"inLanguage\":\"it-IT\",\"@id\":\"https:\\\/\\\/www.iemj.org\\\/it\\\/sortie-du-film-mobile-etoile-realise-par-raphael-nadjari-france-2016\\\/#primaryimage\",\"url\":\"https:\\\/\\\/www.iemj.org\\\/wp-content\\\/uploads\\\/2016\\\/03\\\/arton1555.jpg\",\"contentUrl\":\"https:\\\/\\\/www.iemj.org\\\/wp-content\\\/uploads\\\/2016\\\/03\\\/arton1555.jpg\",\"width\":375,\"height\":500},{\"@type\":\"BreadcrumbList\",\"@id\":\"https:\\\/\\\/www.iemj.org\\\/it\\\/sortie-du-film-mobile-etoile-realise-par-raphael-nadjari-france-2016\\\/#breadcrumb\",\"itemListElement\":[{\"@type\":\"ListItem\",\"position\":1,\"name\":\"Accueil\",\"item\":\"https:\\\/\\\/www.iemj.org\\\/it\\\/\"},{\"@type\":\"ListItem\",\"position\":2,\"name\":\"Uscita del film \u00ab\u00a0Mobile Etoile\u00a0\u00bb diretto da Rapha\u00ebl Nadjari (Francia, 2016)\"}]},{\"@type\":\"WebSite\",\"@id\":\"https:\\\/\\\/www.iemj.org\\\/it\\\/#website\",\"url\":\"https:\\\/\\\/www.iemj.org\\\/it\\\/\",\"name\":\"Institut Europ\u00e9en des Musiques Juives\",\"description\":\"Des traditions musicales \u00e0 la port\u00e9e de tous\",\"publisher\":{\"@id\":\"https:\\\/\\\/www.iemj.org\\\/it\\\/#organization\"},\"potentialAction\":[{\"@type\":\"SearchAction\",\"target\":{\"@type\":\"EntryPoint\",\"urlTemplate\":\"https:\\\/\\\/www.iemj.org\\\/it\\\/?s={search_term_string}\"},\"query-input\":{\"@type\":\"PropertyValueSpecification\",\"valueRequired\":true,\"valueName\":\"search_term_string\"}}],\"inLanguage\":\"it-IT\"},{\"@type\":\"Organization\",\"@id\":\"https:\\\/\\\/www.iemj.org\\\/it\\\/#organization\",\"name\":\"Institut Europ\u00e9en des Musiques Juives\",\"url\":\"https:\\\/\\\/www.iemj.org\\\/it\\\/\",\"logo\":{\"@type\":\"ImageObject\",\"inLanguage\":\"it-IT\",\"@id\":\"https:\\\/\\\/www.iemj.org\\\/it\\\/#\\\/schema\\\/logo\\\/image\\\/\",\"url\":\"https:\\\/\\\/www.iemj.org\\\/wp-content\\\/uploads\\\/2021\\\/09\\\/Logo-IEMJ-Paypal.jpg\",\"contentUrl\":\"https:\\\/\\\/www.iemj.org\\\/wp-content\\\/uploads\\\/2021\\\/09\\\/Logo-IEMJ-Paypal.jpg\",\"width\":150,\"height\":50,\"caption\":\"Institut Europ\u00e9en des Musiques Juives\"},\"image\":{\"@id\":\"https:\\\/\\\/www.iemj.org\\\/it\\\/#\\\/schema\\\/logo\\\/image\\\/\"},\"sameAs\":[\"https:\\\/\\\/www.facebook.com\\\/MusiquesJuives\\\/\",\"https:\\\/\\\/www.instagram.com\\\/musiquesjuives\\\/\",\"https:\\\/\\\/www.youtube.com\\\/user\\\/musiquesjuives\"]},{\"@type\":\"Person\",\"@id\":\"https:\\\/\\\/www.iemj.org\\\/it\\\/#\\\/schema\\\/person\\\/906134402c29d5c76e7b726261dd4bbd\",\"name\":\"Herv\u00e9 Roten\",\"image\":{\"@type\":\"ImageObject\",\"inLanguage\":\"it-IT\",\"@id\":\"https:\\\/\\\/secure.gravatar.com\\\/avatar\\\/f96ad2db538a26481f18384936b5cd0610c92d390c4dc382209216d455f685ff?s=96&d=mm&r=g\",\"url\":\"https:\\\/\\\/secure.gravatar.com\\\/avatar\\\/f96ad2db538a26481f18384936b5cd0610c92d390c4dc382209216d455f685ff?s=96&d=mm&r=g\",\"contentUrl\":\"https:\\\/\\\/secure.gravatar.com\\\/avatar\\\/f96ad2db538a26481f18384936b5cd0610c92d390c4dc382209216d455f685ff?s=96&d=mm&r=g\",\"caption\":\"Herv\u00e9 Roten\"}}]}<\/script>\n<!-- \/ Yoast SEO plugin. -->","yoast_head_json":{"title":"Uscita del film \"Mobile Etoile\" diretto da Rapha\u00ebl Nadjari (Francia, 2016) - Institut Europ\u00e9en des Musiques Juives","robots":{"index":"index","follow":"follow","max-snippet":"max-snippet:-1","max-image-preview":"max-image-preview:large","max-video-preview":"max-video-preview:-1"},"canonical":"https:\/\/www.iemj.org\/it\/sortie-du-film-mobile-etoile-realise-par-raphael-nadjari-france-2016\/","og_locale":"it_IT","og_type":"article","og_title":"Uscita del film \"Mobile Etoile\" diretto da Rapha\u00ebl Nadjari (Francia, 2016) - Institut Europ\u00e9en des Musiques Juives","og_description":"Con G\u00e9raldine Pailhas, Luc Picard, Marcel Sabourin, Doroth\u00e9e Berryman, Raymond CloutierProdotto da The French Connection, EMA Film Inc. &amp; Sister Productions","og_url":"https:\/\/www.iemj.org\/it\/sortie-du-film-mobile-etoile-realise-par-raphael-nadjari-france-2016\/","og_site_name":"Institut Europ\u00e9en des Musiques Juives","article_publisher":"https:\/\/www.facebook.com\/MusiquesJuives\/","article_published_time":"2016-03-22T15:31:25+00:00","article_modified_time":"2024-01-02T16:12:42+00:00","og_image":[{"width":375,"height":500,"url":"https:\/\/www.iemj.org\/wp-content\/uploads\/2016\/03\/arton1555.jpg","type":"image\/jpeg"}],"author":"Herv\u00e9 Roten","twitter_card":"summary_large_image","twitter_misc":{"Scritto da":"Herv\u00e9 Roten","Tempo di lettura stimato":"2 minuti"},"schema":{"@context":"https:\/\/schema.org","@graph":[{"@type":"Article","@id":"https:\/\/www.iemj.org\/it\/sortie-du-film-mobile-etoile-realise-par-raphael-nadjari-france-2016\/#article","isPartOf":{"@id":"https:\/\/www.iemj.org\/it\/sortie-du-film-mobile-etoile-realise-par-raphael-nadjari-france-2016\/"},"author":{"name":"Herv\u00e9 Roten","@id":"https:\/\/www.iemj.org\/it\/#\/schema\/person\/906134402c29d5c76e7b726261dd4bbd"},"headline":"Uscita del film &#8220;Mobile Etoile&#8221; diretto da Rapha\u00ebl Nadjari (Francia, 2016)","datePublished":"2016-03-22T15:31:25+00:00","dateModified":"2024-01-02T16:12:42+00:00","mainEntityOfPage":{"@id":"https:\/\/www.iemj.org\/it\/sortie-du-film-mobile-etoile-realise-par-raphael-nadjari-france-2016\/"},"wordCount":227,"publisher":{"@id":"https:\/\/www.iemj.org\/it\/#organization"},"image":{"@id":"https:\/\/www.iemj.org\/it\/sortie-du-film-mobile-etoile-realise-par-raphael-nadjari-france-2016\/#primaryimage"},"thumbnailUrl":"https:\/\/www.iemj.org\/wp-content\/uploads\/2016\/03\/arton1555.jpg","keywords":["Eventi partner"],"articleSection":["Manifestazioni"],"inLanguage":"it-IT"},{"@type":"WebPage","@id":"https:\/\/www.iemj.org\/it\/sortie-du-film-mobile-etoile-realise-par-raphael-nadjari-france-2016\/","url":"https:\/\/www.iemj.org\/it\/sortie-du-film-mobile-etoile-realise-par-raphael-nadjari-france-2016\/","name":"Uscita del film \"Mobile Etoile\" diretto da Rapha\u00ebl Nadjari (Francia, 2016) - Institut Europ\u00e9en des Musiques Juives","isPartOf":{"@id":"https:\/\/www.iemj.org\/it\/#website"},"primaryImageOfPage":{"@id":"https:\/\/www.iemj.org\/it\/sortie-du-film-mobile-etoile-realise-par-raphael-nadjari-france-2016\/#primaryimage"},"image":{"@id":"https:\/\/www.iemj.org\/it\/sortie-du-film-mobile-etoile-realise-par-raphael-nadjari-france-2016\/#primaryimage"},"thumbnailUrl":"https:\/\/www.iemj.org\/wp-content\/uploads\/2016\/03\/arton1555.jpg","datePublished":"2016-03-22T15:31:25+00:00","dateModified":"2024-01-02T16:12:42+00:00","breadcrumb":{"@id":"https:\/\/www.iemj.org\/it\/sortie-du-film-mobile-etoile-realise-par-raphael-nadjari-france-2016\/#breadcrumb"},"inLanguage":"it-IT","potentialAction":[{"@type":"ReadAction","target":["https:\/\/www.iemj.org\/it\/sortie-du-film-mobile-etoile-realise-par-raphael-nadjari-france-2016\/"]}]},{"@type":"ImageObject","inLanguage":"it-IT","@id":"https:\/\/www.iemj.org\/it\/sortie-du-film-mobile-etoile-realise-par-raphael-nadjari-france-2016\/#primaryimage","url":"https:\/\/www.iemj.org\/wp-content\/uploads\/2016\/03\/arton1555.jpg","contentUrl":"https:\/\/www.iemj.org\/wp-content\/uploads\/2016\/03\/arton1555.jpg","width":375,"height":500},{"@type":"BreadcrumbList","@id":"https:\/\/www.iemj.org\/it\/sortie-du-film-mobile-etoile-realise-par-raphael-nadjari-france-2016\/#breadcrumb","itemListElement":[{"@type":"ListItem","position":1,"name":"Accueil","item":"https:\/\/www.iemj.org\/it\/"},{"@type":"ListItem","position":2,"name":"Uscita del film \u00ab\u00a0Mobile Etoile\u00a0\u00bb diretto da Rapha\u00ebl Nadjari (Francia, 2016)"}]},{"@type":"WebSite","@id":"https:\/\/www.iemj.org\/it\/#website","url":"https:\/\/www.iemj.org\/it\/","name":"Institut Europ\u00e9en des Musiques Juives","description":"Des traditions musicales \u00e0 la port\u00e9e de tous","publisher":{"@id":"https:\/\/www.iemj.org\/it\/#organization"},"potentialAction":[{"@type":"SearchAction","target":{"@type":"EntryPoint","urlTemplate":"https:\/\/www.iemj.org\/it\/?s={search_term_string}"},"query-input":{"@type":"PropertyValueSpecification","valueRequired":true,"valueName":"search_term_string"}}],"inLanguage":"it-IT"},{"@type":"Organization","@id":"https:\/\/www.iemj.org\/it\/#organization","name":"Institut Europ\u00e9en des Musiques Juives","url":"https:\/\/www.iemj.org\/it\/","logo":{"@type":"ImageObject","inLanguage":"it-IT","@id":"https:\/\/www.iemj.org\/it\/#\/schema\/logo\/image\/","url":"https:\/\/www.iemj.org\/wp-content\/uploads\/2021\/09\/Logo-IEMJ-Paypal.jpg","contentUrl":"https:\/\/www.iemj.org\/wp-content\/uploads\/2021\/09\/Logo-IEMJ-Paypal.jpg","width":150,"height":50,"caption":"Institut Europ\u00e9en des Musiques Juives"},"image":{"@id":"https:\/\/www.iemj.org\/it\/#\/schema\/logo\/image\/"},"sameAs":["https:\/\/www.facebook.com\/MusiquesJuives\/","https:\/\/www.instagram.com\/musiquesjuives\/","https:\/\/www.youtube.com\/user\/musiquesjuives"]},{"@type":"Person","@id":"https:\/\/www.iemj.org\/it\/#\/schema\/person\/906134402c29d5c76e7b726261dd4bbd","name":"Herv\u00e9 Roten","image":{"@type":"ImageObject","inLanguage":"it-IT","@id":"https:\/\/secure.gravatar.com\/avatar\/f96ad2db538a26481f18384936b5cd0610c92d390c4dc382209216d455f685ff?s=96&d=mm&r=g","url":"https:\/\/secure.gravatar.com\/avatar\/f96ad2db538a26481f18384936b5cd0610c92d390c4dc382209216d455f685ff?s=96&d=mm&r=g","contentUrl":"https:\/\/secure.gravatar.com\/avatar\/f96ad2db538a26481f18384936b5cd0610c92d390c4dc382209216d455f685ff?s=96&d=mm&r=g","caption":"Herv\u00e9 Roten"}}]}},"_links":{"self":[{"href":"https:\/\/www.iemj.org\/it\/wp-json\/wp\/v2\/posts\/106903","targetHints":{"allow":["GET"]}}],"collection":[{"href":"https:\/\/www.iemj.org\/it\/wp-json\/wp\/v2\/posts"}],"about":[{"href":"https:\/\/www.iemj.org\/it\/wp-json\/wp\/v2\/types\/post"}],"author":[{"embeddable":true,"href":"https:\/\/www.iemj.org\/it\/wp-json\/wp\/v2\/users\/1045"}],"replies":[{"embeddable":true,"href":"https:\/\/www.iemj.org\/it\/wp-json\/wp\/v2\/comments?post=106903"}],"version-history":[{"count":0,"href":"https:\/\/www.iemj.org\/it\/wp-json\/wp\/v2\/posts\/106903\/revisions"}],"wp:featuredmedia":[{"embeddable":true,"href":"https:\/\/www.iemj.org\/it\/wp-json\/wp\/v2\/media\/106904"}],"wp:attachment":[{"href":"https:\/\/www.iemj.org\/it\/wp-json\/wp\/v2\/media?parent=106903"}],"wp:term":[{"taxonomy":"category","embeddable":true,"href":"https:\/\/www.iemj.org\/it\/wp-json\/wp\/v2\/categories?post=106903"},{"taxonomy":"post_tag","embeddable":true,"href":"https:\/\/www.iemj.org\/it\/wp-json\/wp\/v2\/tags?post=106903"},{"taxonomy":"technique","embeddable":true,"href":"https:\/\/www.iemj.org\/it\/wp-json\/wp\/v2\/technique?post=106903"},{"taxonomy":"squelettes","embeddable":true,"href":"https:\/\/www.iemj.org\/it\/wp-json\/wp\/v2\/squelettes?post=106903"},{"taxonomy":"sujet","embeddable":true,"href":"https:\/\/www.iemj.org\/it\/wp-json\/wp\/v2\/sujet?post=106903"},{"taxonomy":"formation","embeddable":true,"href":"https:\/\/www.iemj.org\/it\/wp-json\/wp\/v2\/formation?post=106903"},{"taxonomy":"genre","embeddable":true,"href":"https:\/\/www.iemj.org\/it\/wp-json\/wp\/v2\/genre?post=106903"},{"taxonomy":"fonds","embeddable":true,"href":"https:\/\/www.iemj.org\/it\/wp-json\/wp\/v2\/fonds?post=106903"},{"taxonomy":"tradition","embeddable":true,"href":"https:\/\/www.iemj.org\/it\/wp-json\/wp\/v2\/tradition?post=106903"},{"taxonomy":"type-de-contenu","embeddable":true,"href":"https:\/\/www.iemj.org\/it\/wp-json\/wp\/v2\/type-de-contenu?post=106903"},{"taxonomy":"interprete-compositeur","embeddable":true,"href":"https:\/\/www.iemj.org\/it\/wp-json\/wp\/v2\/interprete-compositeur?post=106903"},{"taxonomy":"frise","embeddable":true,"href":"https:\/\/www.iemj.org\/it\/wp-json\/wp\/v2\/frise?post=106903"},{"taxonomy":"type-devenement","embeddable":true,"href":"https:\/\/www.iemj.org\/it\/wp-json\/wp\/v2\/type-devenement?post=106903"},{"taxonomy":"tableaux-liens-externes","embeddable":true,"href":"https:\/\/www.iemj.org\/it\/wp-json\/wp\/v2\/tableaux-liens-externes?post=106903"}],"curies":[{"name":"wp","href":"https:\/\/api.w.org\/{rel}","templated":true}]}}