{"id":106947,"date":"2015-12-09T10:06:45","date_gmt":"2015-12-09T09:06:45","guid":{"rendered":"https:\/\/www.iemj.org\/cycle-de-cours-itineraire-de-la-chanson-juive-en-france\/"},"modified":"2024-01-03T11:04:47","modified_gmt":"2024-01-03T10:04:47","slug":"cycle-de-cours-itineraire-de-la-chanson-juive-en-france","status":"publish","type":"post","link":"https:\/\/www.iemj.org\/it\/cycle-de-cours-itineraire-de-la-chanson-juive-en-france\/","title":{"rendered":"CICLO DI CORSI: L&#8217;itinerario della canzone ebraica in Francia"},"content":{"rendered":"<p><strong>In collaborazione con l&#8217;Institut Europ\u00e9en des Musiques Juives, l&#8217;Istituto Elie Wiesel organizza una serie di corsi tenuti da Herv\u00e9 Roten i gioved\u00ec 7, 14, 21 e 28 gennaio 2016 dalle 18.30 alle 20.30.<\/strong><\/p>\n<p>Si dice spesso che esiste un rapporto speciale tra il popolo ebraico e la musica. Il canto \u00e8 spesso citato nella Bibbia. I profeti si pronunciano contro il suo utilizzo per scopi diversi da quelli sacri. Questo dimostra che gli ebrei, come tutti i popoli del mondo, cantavano canzoni per lavoro, amore o divertimento. Gli scritti di Ben-Sira (II secolo a.C.) descrivono le pratiche strumentali e vocali che si svolgevano durante le feste. Influenzati dalla civilt\u00e0 greca e poi romana, gli ebrei si cimentavano talvolta in vere e proprie gare musicali.<\/p>\n<p>Purtroppo la storia non ci ha conservato alcuna notazione musicale di questo periodo che non possiamo leggere con certezza. Solo nel XII secolo, con Abdias il proselito normanno, troviamo una testimonianza scritta di due piyyutim e di una cantillazione.<\/p>\n<p>Nel XIII secolo, la Francia era una terra d&#8217;elezione per gli ebrei. Nel sud vivevano ebrei che parlavano la lingua d&#8217;oc, nel nord quelli che parlavano la lingua d&#8217;o\u00efl. Influenzati dalla musica locale e dalla poesia dei trovatori e dei trouv\u00e8res, gli ebrei adattarono le canzoni del loro tempo con testi che raccontavano la loro vita. Talvolta annotate, queste canzoni ebraiche sono state recentemente oggetto di un&#8217;affascinante ricostruzione musicale (vedi bibliografia-discografia).<\/p>\n<p>Per\u00f2 il canto ebraico in Francia non si \u00e8 fermato al Medioevo. Nonostante le numerose espulsioni degli ebrei dalla Francia, nel XVIII secolo si possono trovare canti ebraici nell&#8217;ex Comtat Venaissin e nelle comunit\u00e0 portoghesi del sud-ovest della Francia. Ma \u00e8 nel XIX e XX secolo che la canzone ebraica esplode: canzoni in yiddish di ebrei dell&#8217;Europa orientale in fuga dai pogrom, canzoni in giudeo-spagnolo o in arabo degli ebrei dell&#8217;Impero Ottomano o del Nord Africa.<\/p>\n<p>Oggi il canto ebraico sta vivendo un vero e proprio rinascimento. Numerosi artisti si sono lanciati alla riconquista di un repertorio di infinita ricchezza. Tra lealt\u00e0 e creativit\u00e0, stanno abbattendo le frontiere e portando le canzoni ebraiche nel mainstream della World Music.<\/p>\n<p><strong>Questo tour non esaustivo della canzone ebraica in Francia vi conduce in un viaggio musicale originale attraverso una ricchezza di estratti sonori ed audiovisivi.<\/strong><\/p>\n<p><strong>Bibliografia<\/strong><br \/>\n&#8211; Herv\u00e9 Roten, Musiques liturgiques juives (inclus un CD), Cit\u00e9 de la Musique\/Actes Sud, 1998.<br \/>\n&#8211; Amnon Shiloah, Les traditions musicales juives, Maisonneuve &amp; Larose, 1995.<br \/>\n&#8211; Charles Dobzynski, Le monde yiddish : litt\u00e9rature, chanson, arts plastiques, cin\u00e9ma : une l\u00e9gende \u00e0 vif. Paris : Harmattan, 1998<\/p>\n<p><strong>Discografia<\/strong><br \/>\n&#8211; <a href=\"https:\/\/www.iemj.org\/it\/juifs-et-trouveres\/\" target=\"_blank\" rel=\"noopener\">Juifs et Trouv\u00e8res &#8211; Chansons juives du XIIIe si\u00e8cle en ancien fran\u00e7ais et h\u00e9breu, CD coll. Patrimoines musicaux des Juifs de France, vol. 12, Buda Musique, 2014.<\/a><br \/>\n&#8211; <a href=\"https:\/\/www.iemj.org\/it\/jacques-grober-chansons-yiddish-dhier-et-daujourdhui\/\" target=\"_blank\" rel=\"noopener\">Jacques Grober &#8211; Chansons yiddish d\u2019hier et d\u2019aujourd\u2019hui, CD coll. Patrimoines musicaux des Juifs de France, vol. 7, Buda Musique, 2008.<\/a><br \/>\n&#8211; <a href=\"https:\/\/www.iemj.org\/it\/reedition-du-coffret-musiques-juives-dans-le-paris-dapres-guerre-elesdisc-1948-1953\/\" target=\"_blank\" rel=\"noopener\">Musiques juives dans le Paris d\u2019Apr\u00e8s-guerre &#8211; Elesdisc 1948-1953. CD coll. Archives, Editions de l\u2019IEMJ, 2015<\/a>.<\/p>\n<p><strong>Orario: gioved\u00ec 7, 14, 21 e 28 gennaio 2016 alle 18.30.<\/strong><\/p>\n<p><strong>Prezzo<\/strong>: 60 \u20ac (30 \u20ac per gli studenti)<\/p>\n<p>Registrarsi in anticipo sul sito <a href=\"http:\/\/www.instituteliewiesel.com\/content\/itin%C3%A9raire-de-la-chanson-juive-en-france\">Institut Universitaire d\u2019Etudes Juives Elie Wiesel<\/a><br \/>\n<img decoding=\"async\" class=\" alignleft size-full wp-image-8644\" src=\"https:\/\/www.iemj.org\/wp-content\/uploads\/2015\/12\/insteliewiesel-f39fc.png\" alt=\"insteliewiesel-f39fc.png\" width=\"91\" height=\"130\" align=\"left\" \/><\/p>\n","protected":false},"excerpt":{"rendered":"<p>In collaborazione con l&#8217;Institut Europ\u00e9en des Musiques Juives, l&#8217;Istituto Elie Wiesel organizza una serie di corsi tenuti da Herv\u00e9 Roten i gioved\u00ec 7, 14, 21 e 28 gennaio 2016 dalle<\/p>\n","protected":false},"author":5,"featured_media":106948,"comment_status":"closed","ping_status":"open","sticky":false,"template":"","format":"standard","meta":{"_acf_changed":false,"footnotes":""},"categories":[1383,1371],"tags":[3421],"technique":[],"squelettes":[],"sujet":[],"formation":[],"genre":[],"fonds":[],"tradition":[],"type-de-contenu":[],"interprete-compositeur":[],"frise":[],"type-devenement":[],"tableaux-liens-externes":[],"class_list":["post-106947","post","type-post","status-publish","format-standard","has-post-thumbnail","hentry","category-corsi-conferenze-it","category-manifestazioni-it","tag-eventi-partner-it"],"acf":[],"yoast_head":"<!-- This site is optimized with the Yoast SEO plugin v27.3 - https:\/\/yoast.com\/product\/yoast-seo-wordpress\/ -->\n<title>CICLO DI CORSI: L&#039;itinerario della canzone ebraica in Francia - Institut Europ\u00e9en des Musiques Juives<\/title>\n<meta name=\"robots\" content=\"index, follow, max-snippet:-1, max-image-preview:large, max-video-preview:-1\" \/>\n<link rel=\"canonical\" href=\"https:\/\/www.iemj.org\/it\/cycle-de-cours-itineraire-de-la-chanson-juive-en-france\/\" \/>\n<meta property=\"og:locale\" content=\"it_IT\" \/>\n<meta property=\"og:type\" content=\"article\" \/>\n<meta property=\"og:title\" content=\"CICLO DI CORSI: L&#039;itinerario della canzone ebraica in Francia - Institut Europ\u00e9en des Musiques Juives\" \/>\n<meta property=\"og:description\" content=\"In collaborazione con l&#8217;Institut Europ\u00e9en des Musiques Juives, l&#8217;Istituto Elie Wiesel organizza una serie di corsi tenuti da Herv\u00e9 Roten i gioved\u00ec 7, 14, 21 e 28 gennaio 2016 dalle\" \/>\n<meta property=\"og:url\" content=\"https:\/\/www.iemj.org\/it\/cycle-de-cours-itineraire-de-la-chanson-juive-en-france\/\" \/>\n<meta property=\"og:site_name\" content=\"Institut Europ\u00e9en des Musiques Juives\" \/>\n<meta property=\"article:publisher\" content=\"https:\/\/www.facebook.com\/MusiquesJuives\/\" \/>\n<meta property=\"article:published_time\" content=\"2015-12-09T09:06:45+00:00\" \/>\n<meta property=\"article:modified_time\" content=\"2024-01-03T10:04:47+00:00\" \/>\n<meta property=\"og:image\" content=\"https:\/\/www.iemj.org\/wp-content\/uploads\/2015\/12\/arton1298.jpg\" \/>\n\t<meta property=\"og:image:width\" content=\"544\" \/>\n\t<meta property=\"og:image:height\" content=\"416\" \/>\n\t<meta property=\"og:image:type\" content=\"image\/jpeg\" \/>\n<meta name=\"author\" content=\"Jacqueline ROTEN\" \/>\n<meta name=\"twitter:card\" content=\"summary_large_image\" \/>\n<meta name=\"twitter:label1\" content=\"Scritto da\" \/>\n\t<meta name=\"twitter:data1\" content=\"Jacqueline ROTEN\" \/>\n\t<meta name=\"twitter:label2\" content=\"Tempo di lettura stimato\" \/>\n\t<meta name=\"twitter:data2\" content=\"4 minuti\" \/>\n<script type=\"application\/ld+json\" class=\"yoast-schema-graph\">{\"@context\":\"https:\\\/\\\/schema.org\",\"@graph\":[{\"@type\":\"Article\",\"@id\":\"https:\\\/\\\/www.iemj.org\\\/it\\\/cycle-de-cours-itineraire-de-la-chanson-juive-en-france\\\/#article\",\"isPartOf\":{\"@id\":\"https:\\\/\\\/www.iemj.org\\\/it\\\/cycle-de-cours-itineraire-de-la-chanson-juive-en-france\\\/\"},\"author\":{\"name\":\"Jacqueline ROTEN\",\"@id\":\"https:\\\/\\\/www.iemj.org\\\/it\\\/#\\\/schema\\\/person\\\/358e26c18aca017fcc4cc15437f7279c\"},\"headline\":\"CICLO DI CORSI: L&#8217;itinerario della canzone ebraica in Francia\",\"datePublished\":\"2015-12-09T09:06:45+00:00\",\"dateModified\":\"2024-01-03T10:04:47+00:00\",\"mainEntityOfPage\":{\"@id\":\"https:\\\/\\\/www.iemj.org\\\/it\\\/cycle-de-cours-itineraire-de-la-chanson-juive-en-france\\\/\"},\"wordCount\":528,\"publisher\":{\"@id\":\"https:\\\/\\\/www.iemj.org\\\/it\\\/#organization\"},\"image\":{\"@id\":\"https:\\\/\\\/www.iemj.org\\\/it\\\/cycle-de-cours-itineraire-de-la-chanson-juive-en-france\\\/#primaryimage\"},\"thumbnailUrl\":\"https:\\\/\\\/www.iemj.org\\\/wp-content\\\/uploads\\\/2015\\\/12\\\/arton1298.jpg\",\"keywords\":[\"Eventi partner\"],\"articleSection\":[\"Corsi \\\/ Conferenze\",\"Manifestazioni\"],\"inLanguage\":\"it-IT\"},{\"@type\":\"WebPage\",\"@id\":\"https:\\\/\\\/www.iemj.org\\\/it\\\/cycle-de-cours-itineraire-de-la-chanson-juive-en-france\\\/\",\"url\":\"https:\\\/\\\/www.iemj.org\\\/it\\\/cycle-de-cours-itineraire-de-la-chanson-juive-en-france\\\/\",\"name\":\"CICLO DI CORSI: L'itinerario della canzone ebraica in Francia - Institut Europ\u00e9en des Musiques Juives\",\"isPartOf\":{\"@id\":\"https:\\\/\\\/www.iemj.org\\\/it\\\/#website\"},\"primaryImageOfPage\":{\"@id\":\"https:\\\/\\\/www.iemj.org\\\/it\\\/cycle-de-cours-itineraire-de-la-chanson-juive-en-france\\\/#primaryimage\"},\"image\":{\"@id\":\"https:\\\/\\\/www.iemj.org\\\/it\\\/cycle-de-cours-itineraire-de-la-chanson-juive-en-france\\\/#primaryimage\"},\"thumbnailUrl\":\"https:\\\/\\\/www.iemj.org\\\/wp-content\\\/uploads\\\/2015\\\/12\\\/arton1298.jpg\",\"datePublished\":\"2015-12-09T09:06:45+00:00\",\"dateModified\":\"2024-01-03T10:04:47+00:00\",\"breadcrumb\":{\"@id\":\"https:\\\/\\\/www.iemj.org\\\/it\\\/cycle-de-cours-itineraire-de-la-chanson-juive-en-france\\\/#breadcrumb\"},\"inLanguage\":\"it-IT\",\"potentialAction\":[{\"@type\":\"ReadAction\",\"target\":[\"https:\\\/\\\/www.iemj.org\\\/it\\\/cycle-de-cours-itineraire-de-la-chanson-juive-en-france\\\/\"]}]},{\"@type\":\"ImageObject\",\"inLanguage\":\"it-IT\",\"@id\":\"https:\\\/\\\/www.iemj.org\\\/it\\\/cycle-de-cours-itineraire-de-la-chanson-juive-en-france\\\/#primaryimage\",\"url\":\"https:\\\/\\\/www.iemj.org\\\/wp-content\\\/uploads\\\/2015\\\/12\\\/arton1298.jpg\",\"contentUrl\":\"https:\\\/\\\/www.iemj.org\\\/wp-content\\\/uploads\\\/2015\\\/12\\\/arton1298.jpg\",\"width\":544,\"height\":416},{\"@type\":\"BreadcrumbList\",\"@id\":\"https:\\\/\\\/www.iemj.org\\\/it\\\/cycle-de-cours-itineraire-de-la-chanson-juive-en-france\\\/#breadcrumb\",\"itemListElement\":[{\"@type\":\"ListItem\",\"position\":1,\"name\":\"Accueil\",\"item\":\"https:\\\/\\\/www.iemj.org\\\/it\\\/\"},{\"@type\":\"ListItem\",\"position\":2,\"name\":\"CICLO DI CORSI: L&#8217;itinerario della canzone ebraica in Francia\"}]},{\"@type\":\"WebSite\",\"@id\":\"https:\\\/\\\/www.iemj.org\\\/it\\\/#website\",\"url\":\"https:\\\/\\\/www.iemj.org\\\/it\\\/\",\"name\":\"Institut Europ\u00e9en des Musiques Juives\",\"description\":\"Des traditions musicales \u00e0 la port\u00e9e de tous\",\"publisher\":{\"@id\":\"https:\\\/\\\/www.iemj.org\\\/it\\\/#organization\"},\"potentialAction\":[{\"@type\":\"SearchAction\",\"target\":{\"@type\":\"EntryPoint\",\"urlTemplate\":\"https:\\\/\\\/www.iemj.org\\\/it\\\/?s={search_term_string}\"},\"query-input\":{\"@type\":\"PropertyValueSpecification\",\"valueRequired\":true,\"valueName\":\"search_term_string\"}}],\"inLanguage\":\"it-IT\"},{\"@type\":\"Organization\",\"@id\":\"https:\\\/\\\/www.iemj.org\\\/it\\\/#organization\",\"name\":\"Institut Europ\u00e9en des Musiques Juives\",\"url\":\"https:\\\/\\\/www.iemj.org\\\/it\\\/\",\"logo\":{\"@type\":\"ImageObject\",\"inLanguage\":\"it-IT\",\"@id\":\"https:\\\/\\\/www.iemj.org\\\/it\\\/#\\\/schema\\\/logo\\\/image\\\/\",\"url\":\"https:\\\/\\\/www.iemj.org\\\/wp-content\\\/uploads\\\/2021\\\/09\\\/Logo-IEMJ-Paypal.jpg\",\"contentUrl\":\"https:\\\/\\\/www.iemj.org\\\/wp-content\\\/uploads\\\/2021\\\/09\\\/Logo-IEMJ-Paypal.jpg\",\"width\":150,\"height\":50,\"caption\":\"Institut Europ\u00e9en des Musiques Juives\"},\"image\":{\"@id\":\"https:\\\/\\\/www.iemj.org\\\/it\\\/#\\\/schema\\\/logo\\\/image\\\/\"},\"sameAs\":[\"https:\\\/\\\/www.facebook.com\\\/MusiquesJuives\\\/\",\"https:\\\/\\\/www.instagram.com\\\/musiquesjuives\\\/\",\"https:\\\/\\\/www.youtube.com\\\/user\\\/musiquesjuives\"]},{\"@type\":\"Person\",\"@id\":\"https:\\\/\\\/www.iemj.org\\\/it\\\/#\\\/schema\\\/person\\\/358e26c18aca017fcc4cc15437f7279c\",\"name\":\"Jacqueline ROTEN\",\"image\":{\"@type\":\"ImageObject\",\"inLanguage\":\"it-IT\",\"@id\":\"https:\\\/\\\/secure.gravatar.com\\\/avatar\\\/5964256d6c6957de3a3505278957e0fb2a35119ac47ea41827a65301213c810b?s=96&d=mm&r=g\",\"url\":\"https:\\\/\\\/secure.gravatar.com\\\/avatar\\\/5964256d6c6957de3a3505278957e0fb2a35119ac47ea41827a65301213c810b?s=96&d=mm&r=g\",\"contentUrl\":\"https:\\\/\\\/secure.gravatar.com\\\/avatar\\\/5964256d6c6957de3a3505278957e0fb2a35119ac47ea41827a65301213c810b?s=96&d=mm&r=g\",\"caption\":\"Jacqueline ROTEN\"}}]}<\/script>\n<!-- \/ Yoast SEO plugin. -->","yoast_head_json":{"title":"CICLO DI CORSI: L'itinerario della canzone ebraica in Francia - Institut Europ\u00e9en des Musiques Juives","robots":{"index":"index","follow":"follow","max-snippet":"max-snippet:-1","max-image-preview":"max-image-preview:large","max-video-preview":"max-video-preview:-1"},"canonical":"https:\/\/www.iemj.org\/it\/cycle-de-cours-itineraire-de-la-chanson-juive-en-france\/","og_locale":"it_IT","og_type":"article","og_title":"CICLO DI CORSI: L'itinerario della canzone ebraica in Francia - Institut Europ\u00e9en des Musiques Juives","og_description":"In collaborazione con l&#8217;Institut Europ\u00e9en des Musiques Juives, l&#8217;Istituto Elie Wiesel organizza una serie di corsi tenuti da Herv\u00e9 Roten i gioved\u00ec 7, 14, 21 e 28 gennaio 2016 dalle","og_url":"https:\/\/www.iemj.org\/it\/cycle-de-cours-itineraire-de-la-chanson-juive-en-france\/","og_site_name":"Institut Europ\u00e9en des Musiques Juives","article_publisher":"https:\/\/www.facebook.com\/MusiquesJuives\/","article_published_time":"2015-12-09T09:06:45+00:00","article_modified_time":"2024-01-03T10:04:47+00:00","og_image":[{"width":544,"height":416,"url":"https:\/\/www.iemj.org\/wp-content\/uploads\/2015\/12\/arton1298.jpg","type":"image\/jpeg"}],"author":"Jacqueline ROTEN","twitter_card":"summary_large_image","twitter_misc":{"Scritto da":"Jacqueline ROTEN","Tempo di lettura stimato":"4 minuti"},"schema":{"@context":"https:\/\/schema.org","@graph":[{"@type":"Article","@id":"https:\/\/www.iemj.org\/it\/cycle-de-cours-itineraire-de-la-chanson-juive-en-france\/#article","isPartOf":{"@id":"https:\/\/www.iemj.org\/it\/cycle-de-cours-itineraire-de-la-chanson-juive-en-france\/"},"author":{"name":"Jacqueline ROTEN","@id":"https:\/\/www.iemj.org\/it\/#\/schema\/person\/358e26c18aca017fcc4cc15437f7279c"},"headline":"CICLO DI CORSI: L&#8217;itinerario della canzone ebraica in Francia","datePublished":"2015-12-09T09:06:45+00:00","dateModified":"2024-01-03T10:04:47+00:00","mainEntityOfPage":{"@id":"https:\/\/www.iemj.org\/it\/cycle-de-cours-itineraire-de-la-chanson-juive-en-france\/"},"wordCount":528,"publisher":{"@id":"https:\/\/www.iemj.org\/it\/#organization"},"image":{"@id":"https:\/\/www.iemj.org\/it\/cycle-de-cours-itineraire-de-la-chanson-juive-en-france\/#primaryimage"},"thumbnailUrl":"https:\/\/www.iemj.org\/wp-content\/uploads\/2015\/12\/arton1298.jpg","keywords":["Eventi partner"],"articleSection":["Corsi \/ Conferenze","Manifestazioni"],"inLanguage":"it-IT"},{"@type":"WebPage","@id":"https:\/\/www.iemj.org\/it\/cycle-de-cours-itineraire-de-la-chanson-juive-en-france\/","url":"https:\/\/www.iemj.org\/it\/cycle-de-cours-itineraire-de-la-chanson-juive-en-france\/","name":"CICLO DI CORSI: L'itinerario della canzone ebraica in Francia - Institut Europ\u00e9en des Musiques Juives","isPartOf":{"@id":"https:\/\/www.iemj.org\/it\/#website"},"primaryImageOfPage":{"@id":"https:\/\/www.iemj.org\/it\/cycle-de-cours-itineraire-de-la-chanson-juive-en-france\/#primaryimage"},"image":{"@id":"https:\/\/www.iemj.org\/it\/cycle-de-cours-itineraire-de-la-chanson-juive-en-france\/#primaryimage"},"thumbnailUrl":"https:\/\/www.iemj.org\/wp-content\/uploads\/2015\/12\/arton1298.jpg","datePublished":"2015-12-09T09:06:45+00:00","dateModified":"2024-01-03T10:04:47+00:00","breadcrumb":{"@id":"https:\/\/www.iemj.org\/it\/cycle-de-cours-itineraire-de-la-chanson-juive-en-france\/#breadcrumb"},"inLanguage":"it-IT","potentialAction":[{"@type":"ReadAction","target":["https:\/\/www.iemj.org\/it\/cycle-de-cours-itineraire-de-la-chanson-juive-en-france\/"]}]},{"@type":"ImageObject","inLanguage":"it-IT","@id":"https:\/\/www.iemj.org\/it\/cycle-de-cours-itineraire-de-la-chanson-juive-en-france\/#primaryimage","url":"https:\/\/www.iemj.org\/wp-content\/uploads\/2015\/12\/arton1298.jpg","contentUrl":"https:\/\/www.iemj.org\/wp-content\/uploads\/2015\/12\/arton1298.jpg","width":544,"height":416},{"@type":"BreadcrumbList","@id":"https:\/\/www.iemj.org\/it\/cycle-de-cours-itineraire-de-la-chanson-juive-en-france\/#breadcrumb","itemListElement":[{"@type":"ListItem","position":1,"name":"Accueil","item":"https:\/\/www.iemj.org\/it\/"},{"@type":"ListItem","position":2,"name":"CICLO DI CORSI: L&#8217;itinerario della canzone ebraica in Francia"}]},{"@type":"WebSite","@id":"https:\/\/www.iemj.org\/it\/#website","url":"https:\/\/www.iemj.org\/it\/","name":"Institut Europ\u00e9en des Musiques Juives","description":"Des traditions musicales \u00e0 la port\u00e9e de tous","publisher":{"@id":"https:\/\/www.iemj.org\/it\/#organization"},"potentialAction":[{"@type":"SearchAction","target":{"@type":"EntryPoint","urlTemplate":"https:\/\/www.iemj.org\/it\/?s={search_term_string}"},"query-input":{"@type":"PropertyValueSpecification","valueRequired":true,"valueName":"search_term_string"}}],"inLanguage":"it-IT"},{"@type":"Organization","@id":"https:\/\/www.iemj.org\/it\/#organization","name":"Institut Europ\u00e9en des Musiques Juives","url":"https:\/\/www.iemj.org\/it\/","logo":{"@type":"ImageObject","inLanguage":"it-IT","@id":"https:\/\/www.iemj.org\/it\/#\/schema\/logo\/image\/","url":"https:\/\/www.iemj.org\/wp-content\/uploads\/2021\/09\/Logo-IEMJ-Paypal.jpg","contentUrl":"https:\/\/www.iemj.org\/wp-content\/uploads\/2021\/09\/Logo-IEMJ-Paypal.jpg","width":150,"height":50,"caption":"Institut Europ\u00e9en des Musiques Juives"},"image":{"@id":"https:\/\/www.iemj.org\/it\/#\/schema\/logo\/image\/"},"sameAs":["https:\/\/www.facebook.com\/MusiquesJuives\/","https:\/\/www.instagram.com\/musiquesjuives\/","https:\/\/www.youtube.com\/user\/musiquesjuives"]},{"@type":"Person","@id":"https:\/\/www.iemj.org\/it\/#\/schema\/person\/358e26c18aca017fcc4cc15437f7279c","name":"Jacqueline ROTEN","image":{"@type":"ImageObject","inLanguage":"it-IT","@id":"https:\/\/secure.gravatar.com\/avatar\/5964256d6c6957de3a3505278957e0fb2a35119ac47ea41827a65301213c810b?s=96&d=mm&r=g","url":"https:\/\/secure.gravatar.com\/avatar\/5964256d6c6957de3a3505278957e0fb2a35119ac47ea41827a65301213c810b?s=96&d=mm&r=g","contentUrl":"https:\/\/secure.gravatar.com\/avatar\/5964256d6c6957de3a3505278957e0fb2a35119ac47ea41827a65301213c810b?s=96&d=mm&r=g","caption":"Jacqueline ROTEN"}}]}},"_links":{"self":[{"href":"https:\/\/www.iemj.org\/it\/wp-json\/wp\/v2\/posts\/106947","targetHints":{"allow":["GET"]}}],"collection":[{"href":"https:\/\/www.iemj.org\/it\/wp-json\/wp\/v2\/posts"}],"about":[{"href":"https:\/\/www.iemj.org\/it\/wp-json\/wp\/v2\/types\/post"}],"author":[{"embeddable":true,"href":"https:\/\/www.iemj.org\/it\/wp-json\/wp\/v2\/users\/5"}],"replies":[{"embeddable":true,"href":"https:\/\/www.iemj.org\/it\/wp-json\/wp\/v2\/comments?post=106947"}],"version-history":[{"count":0,"href":"https:\/\/www.iemj.org\/it\/wp-json\/wp\/v2\/posts\/106947\/revisions"}],"wp:featuredmedia":[{"embeddable":true,"href":"https:\/\/www.iemj.org\/it\/wp-json\/wp\/v2\/media\/106948"}],"wp:attachment":[{"href":"https:\/\/www.iemj.org\/it\/wp-json\/wp\/v2\/media?parent=106947"}],"wp:term":[{"taxonomy":"category","embeddable":true,"href":"https:\/\/www.iemj.org\/it\/wp-json\/wp\/v2\/categories?post=106947"},{"taxonomy":"post_tag","embeddable":true,"href":"https:\/\/www.iemj.org\/it\/wp-json\/wp\/v2\/tags?post=106947"},{"taxonomy":"technique","embeddable":true,"href":"https:\/\/www.iemj.org\/it\/wp-json\/wp\/v2\/technique?post=106947"},{"taxonomy":"squelettes","embeddable":true,"href":"https:\/\/www.iemj.org\/it\/wp-json\/wp\/v2\/squelettes?post=106947"},{"taxonomy":"sujet","embeddable":true,"href":"https:\/\/www.iemj.org\/it\/wp-json\/wp\/v2\/sujet?post=106947"},{"taxonomy":"formation","embeddable":true,"href":"https:\/\/www.iemj.org\/it\/wp-json\/wp\/v2\/formation?post=106947"},{"taxonomy":"genre","embeddable":true,"href":"https:\/\/www.iemj.org\/it\/wp-json\/wp\/v2\/genre?post=106947"},{"taxonomy":"fonds","embeddable":true,"href":"https:\/\/www.iemj.org\/it\/wp-json\/wp\/v2\/fonds?post=106947"},{"taxonomy":"tradition","embeddable":true,"href":"https:\/\/www.iemj.org\/it\/wp-json\/wp\/v2\/tradition?post=106947"},{"taxonomy":"type-de-contenu","embeddable":true,"href":"https:\/\/www.iemj.org\/it\/wp-json\/wp\/v2\/type-de-contenu?post=106947"},{"taxonomy":"interprete-compositeur","embeddable":true,"href":"https:\/\/www.iemj.org\/it\/wp-json\/wp\/v2\/interprete-compositeur?post=106947"},{"taxonomy":"frise","embeddable":true,"href":"https:\/\/www.iemj.org\/it\/wp-json\/wp\/v2\/frise?post=106947"},{"taxonomy":"type-devenement","embeddable":true,"href":"https:\/\/www.iemj.org\/it\/wp-json\/wp\/v2\/type-devenement?post=106947"},{"taxonomy":"tableaux-liens-externes","embeddable":true,"href":"https:\/\/www.iemj.org\/it\/wp-json\/wp\/v2\/tableaux-liens-externes?post=106947"}],"curies":[{"name":"wp","href":"https:\/\/api.w.org\/{rel}","templated":true}]}}