{"id":106984,"date":"2019-02-19T15:55:50","date_gmt":"2019-02-19T14:55:50","guid":{"rendered":"https:\/\/www.iemj.org\/perdu-dans-les-etoiles-ou-le-destin-juif-de-kurt-weill\/"},"modified":"2024-01-03T15:58:19","modified_gmt":"2024-01-03T14:58:19","slug":"perdu-dans-les-etoiles-ou-le-destin-juif-de-kurt-weill","status":"publish","type":"post","link":"https:\/\/www.iemj.org\/it\/perdu-dans-les-etoiles-ou-le-destin-juif-de-kurt-weill\/","title":{"rendered":"Perdu dans les \u00e9toiles ou Le destin juif de Kurt Weill"},"content":{"rendered":"<p>Editions au Net, 2018<\/p>\n<p><!--more--><\/p>\n<p>Nell&#8217;introduzione al suo ultimo libro, <em>Perdu dans les \u00e9toiles ou Le destin juif de Kurt Weill<\/em>, Roland B\u00e9licha esamina il rapporto di Kurt Weill con la sua identit\u00e0 ebraica. Come compositore cosmopolita che spos\u00f2 la cantante non ebrea Lotte Lenya nel 1926, si separ\u00f2 nel 1933 e si rispos\u00f2 con lei nel 1937, Kurt Weill non espresse apertamente alcuna dimensione ebraica nella sua musica. Eppure, come scrive Roland B\u00e9licha nell&#8217;introduzione al suo libro: &#8220;Strada facendo, mi sono reso conto che la sua opera era costellata da diverse composizioni relative al mondo ebraico. In definitiva, si pu\u00f2 dire che Kurt Weill si sent\u00ec ebreo per tutta la vita e che era profondamente preoccupato per le sofferenze del popolo ebraico, essendo egli stesso sfuggito per poco alla barbarie dei nazisti.&#8221;<\/p>\n<p>Nato a Dessau (Germania) il 2 marzo 1900, <a href=\"https:\/\/www.iemj.org\/it\/weill-kurt-1900-1950\/\">Kurt Weill<\/a> era il terzo dei quattro figli di Emma Ackermann e di Albert Weill, cantore della sinagoga di Dessau (dal 1899 al 1919) e compositore, soprattutto di musica liturgica. Il compositore crebbe ascoltando la musica sinagogale fin dalla pi\u00f9 tenera et\u00e0. Tra i suoi antenati vi erano molti rabbini (tra cui Jakob Weil, nato intorno al 1390 nella frazione di Weill der Stadt, non lontano da Stoccarda). Nel 1955, cinque anni dopo la morte del figlio, Emma Weill, madre del compositore, dichiar\u00f2 non senza ironia: &#8220;Con nostra grande gioia, Kurt Weill era un compositore. Avremmo potuto avere un altro rabbino, o un medico.&#8221;<\/p>\n<figure id=\"attachment_22863\" aria-describedby=\"caption-attachment-22863\" style=\"width: 301px\" class=\"wp-caption alignleft\"><img fetchpriority=\"high\" decoding=\"async\" class=\"wp-image-22863 \" src=\"https:\/\/www.iemj.org\/wp-content\/uploads\/2019\/02\/l_787_couv_-_380px_vertic-214x300.jpg\" alt=\"l_787_couv_-_380px_vertic.jpg\" width=\"301\" height=\"422\" srcset=\"https:\/\/www.iemj.org\/wp-content\/uploads\/2019\/02\/l_787_couv_-_380px_vertic-214x300.jpg 214w, https:\/\/www.iemj.org\/wp-content\/uploads\/2019\/02\/l_787_couv_-_380px_vertic.jpg 271w\" sizes=\"(max-width: 301px) 100vw, 301px\" \/><figcaption id=\"caption-attachment-22863\" class=\"wp-caption-text\"><strong><em>Kurt Weill et la France<\/em>, \u00c9dition du R\u00e9veil des combattants,<\/strong><br \/><strong>Villejuif, 1996, 96 pp.<\/strong><\/figcaption><\/figure>\n<p>Tra le prime composizioni di Kurt Weill ci sono cinque opere di ispirazione ebraica:<br \/>\n&#8211; <em>Mi Addir<\/em> (1913) (preghiera cantata ai matrimoni degli ebrei ashkenaziti)<br \/>\n&#8211; <em>Gebet<\/em> (1915) (un brano composto per la maggiore et\u00e0 religiosa della sorella)<br \/>\n&#8211; <em>Ofrah\u2019s Lieder<\/em> (1916) (ciclo per voce e pianoforte su poesie di Judah Halevi)<br \/>\n&#8211; <em>Sulamith<\/em> (1920) (fantasia corale per soprano, coro femminile ed orchestra, su un soggetto tratto dal Cantico dei Cantici)<br \/>\n&#8211; <em>Recordare <\/em> (1923) (Mottetto a cappella per coro a quattro voci e coro di bambini, basato sul quinto capitolo delle Lamentazioni di Geremia)<\/p>\n<p>Tra il 1923 e il 1937, le opere di Kurt Weill non erano pi\u00f9 legate all&#8217;ebraismo. Ma l&#8217;ascesa del nazismo e dell&#8217;antisemitismo, che costrinse il compositore all&#8217;esilio, prima in Francia nel 1933 e poi negli Stati Uniti nel 1935, port\u00f2 Kurt Weill a riscoprire le sue radici ebraiche.<\/p>\n<p>Nel novembre del 1933, Meyer Weisgal si rec\u00f2 a Parigi per presentare a Max Reinhardt il progetto di una grande mostra sulla storia del popolo ebraico, al fine di sensibilizzare il mondo sulle minacce che incombevano su di esso. Un progetto simile era gi\u00e0 stato concepito da Arnold Sch\u00f6nberg nel 1927 con <em>Der biblische Weg<\/em> (La via biblica). Reinhard contatt\u00f2 Franz Werfel per il libretto e Kurt Weill per la musica. Il progetto fu ritardato e fu finalmente completato negli Stati Uniti solo nel 1937, con la prima dell&#8217;oratorio <em>The Eternal Road<\/em> a New York. Secondo Roland B\u00e9licha, &#8220;per quest&#8217;opera Weill studi\u00f2 gli spartiti di musica ebraica che suo padre, compositore di musica liturgica, gli aveva inviato&#8221;. <em>The Eternal Road<\/em> \u00e8 divisa in quattro parti: 1. I Patriarchi, 2. Mos\u00e8, 3. I Re e 4. I Profeti.<\/p>\n<p>Come nota Pascal Huynh, musicologo ed autore di diversi libri su Kurt Weill, <em>The Eternal Road<\/em> fu un passo decisivo nel riconoscimento da parte di Weill della sua eredit\u00e0 ebraica.<\/p>\n<figure id=\"attachment_22865\" aria-describedby=\"caption-attachment-22865\" style=\"width: 301px\" class=\"wp-caption alignright\"><img decoding=\"async\" class=\"wp-image-22865 \" src=\"https:\/\/www.iemj.org\/wp-content\/uploads\/2019\/02\/l_788_couv_-_380px_vertic-212x300.jpg\" alt=\"l_788_couv_-_380px_vertic.jpg\" width=\"301\" height=\"426\" srcset=\"https:\/\/www.iemj.org\/wp-content\/uploads\/2019\/02\/l_788_couv_-_380px_vertic-212x300.jpg 212w, https:\/\/www.iemj.org\/wp-content\/uploads\/2019\/02\/l_788_couv_-_380px_vertic.jpg 268w\" sizes=\"(max-width: 301px) 100vw, 301px\" \/><figcaption id=\"caption-attachment-22865\" class=\"wp-caption-text\"><strong><em>Kurt Weill et la France. Documents choisis et annot\u00e9s par Roland B\u00e9licha<\/em>, \u00c9ditions du Net, Paris, 2011, 184 pp.<\/strong><\/figcaption><\/figure>\n<p>Nel 1938, Kurt Weill scrisse <em>Two Folk Songs of the New Palestin<\/em>. Si tratta di due arrangiamenti di canzoni scritte per i pionieri ebrei della Palestina: <em>Havu l&#8217;venim<\/em> (composta da Mordekha\u00ef Ze\u00efra su testo di Alexander Penn) e <em>Baa m&#8217;nucha<\/em> (composta da Daniel Samburski su testo di Natan Alterman). Queste due melodie per voce e pianoforte sono state pubblicate in due serie di <em>Folk Songs<\/em>, che comprendono anche arrangiamenti di altri compositori come Darius Milhaud ed Aaron Copland.<\/p>\n<p>Nel 1943 Weill compose <em>We Will Never Die &#8211; A Memorial<\/em> per tenore solo, narratore ed orchestra, dedicato ai due milioni di ebrei morti in Europa. Nello stesso anno, Kurt Weill divenne cittadino americano.<\/p>\n<p>Nel marzo 1946, su richiesta del cantore David Putterman, Weill compose un <em>Kiddush<\/em> per il 75\u00b0 anniversario della sinagoga di Park Avenue a New York. L&#8217;opera fu dedicata a suo padre.<\/p>\n<p>Infine, nel 1947, durante un viaggio in Palestina per rivedere i suoi genitori che vivevano a Nahariya dal 1935, Kurt Weill incontr\u00f2 Chaim Weizmann, il futuro primo presidente dello Stato di Israele, che gli chiese di orchestrare <em>l&#8217;Hatikvah<\/em>, l&#8217;inno sionista che anni dopo sarebbe diventato quello dello Stato di Israele. Questo arrangiamento orchestrale dell&#8217;Hatikvah fu eseguito per la prima volta a New York il 25 novembre 1947.<\/p>\n<p>Due anni e mezzo dopo, il 3 aprile 1950, Kurt Weill mor\u00ec di infarto a New York.<\/p>\n<p>\u200e<a href=\"http:\/\/www.rachelnet.net\/F\/?func=find-c&amp;ccl_term=WRD+%3D+roland+b%C3%A9licha&amp;local_base=iemcg\" target=\"_blank\" rel=\"noopener\">Les trois ouvrages de Roland B\u00e9licha consacr\u00e9s \u00e0 Kurt Weill, donn\u00e9s par l&#8217;auteur \u00e0 l&#8217;Institut Europ\u00e9en des musiques Juives, sont d\u00e9sormais consultables \u00e0 la m\u00e9diath\u00e8que Halphen.<\/a><br \/>\n<a href=\"https:\/\/www.iemj.org\/it\/weill-kurt-1900-1950\/\" target=\"_blank\" rel=\"noopener\">Consultare la biografia di Kurt Weill<\/a><br \/>\n<a href=\"https:\/\/www.iemj.org\/it\/kurt-weill-1900-1950\/\" target=\"_blank\" rel=\"noopener\">Ascoltare la playlist dedicata a Kurt Weill<\/a><\/p>\n","protected":false},"excerpt":{"rendered":"<p>Editions au Net, 2018<\/p>\n","protected":false},"author":5,"featured_media":106985,"comment_status":"closed","ping_status":"open","sticky":false,"template":"","format":"standard","meta":{"_acf_changed":false,"footnotes":""},"categories":[1576,1564],"tags":[],"technique":[],"squelettes":[],"sujet":[],"formation":[],"genre":[1901],"fonds":[],"tradition":[],"type-de-contenu":[],"interprete-compositeur":[3229],"frise":[],"type-devenement":[],"tableaux-liens-externes":[],"class_list":["post-106984","post","type-post","status-publish","format-standard","has-post-thumbnail","hentry","category-libri-articoli-it","category-ultimi-acquisti-it","genre-musica-classica-it","interprete-compositeur-kurt-weill-it-2"],"acf":[],"yoast_head":"<!-- This site is optimized with the Yoast SEO plugin v27.3 - https:\/\/yoast.com\/product\/yoast-seo-wordpress\/ -->\n<title>Perdu dans les \u00e9toiles ou Le destin juif de Kurt Weill - Institut Europ\u00e9en des Musiques Juives<\/title>\n<meta name=\"robots\" content=\"index, follow, max-snippet:-1, max-image-preview:large, max-video-preview:-1\" \/>\n<link rel=\"canonical\" href=\"https:\/\/www.iemj.org\/it\/perdu-dans-les-etoiles-ou-le-destin-juif-de-kurt-weill\/\" \/>\n<meta property=\"og:locale\" content=\"it_IT\" \/>\n<meta property=\"og:type\" content=\"article\" \/>\n<meta property=\"og:title\" content=\"Perdu dans les \u00e9toiles ou Le destin juif de Kurt Weill - Institut Europ\u00e9en des Musiques Juives\" \/>\n<meta property=\"og:description\" content=\"Editions au Net, 2018\" \/>\n<meta property=\"og:url\" content=\"https:\/\/www.iemj.org\/it\/perdu-dans-les-etoiles-ou-le-destin-juif-de-kurt-weill\/\" \/>\n<meta property=\"og:site_name\" content=\"Institut Europ\u00e9en des Musiques Juives\" \/>\n<meta property=\"article:publisher\" content=\"https:\/\/www.facebook.com\/MusiquesJuives\/\" \/>\n<meta property=\"article:published_time\" content=\"2019-02-19T14:55:50+00:00\" \/>\n<meta property=\"article:modified_time\" content=\"2024-01-03T14:58:19+00:00\" \/>\n<meta property=\"og:image\" content=\"https:\/\/www.iemj.org\/wp-content\/uploads\/2019\/02\/arton3956.jpg\" \/>\n\t<meta property=\"og:image:width\" content=\"316\" \/>\n\t<meta property=\"og:image:height\" content=\"448\" \/>\n\t<meta property=\"og:image:type\" content=\"image\/jpeg\" \/>\n<meta name=\"author\" content=\"Jacqueline ROTEN\" \/>\n<meta name=\"twitter:card\" content=\"summary_large_image\" \/>\n<meta name=\"twitter:label1\" content=\"Scritto da\" \/>\n\t<meta name=\"twitter:data1\" content=\"Jacqueline ROTEN\" \/>\n\t<meta name=\"twitter:label2\" content=\"Tempo di lettura stimato\" \/>\n\t<meta name=\"twitter:data2\" content=\"5 minuti\" \/>\n<script type=\"application\/ld+json\" class=\"yoast-schema-graph\">{\"@context\":\"https:\\\/\\\/schema.org\",\"@graph\":[{\"@type\":\"Article\",\"@id\":\"https:\\\/\\\/www.iemj.org\\\/it\\\/perdu-dans-les-etoiles-ou-le-destin-juif-de-kurt-weill\\\/#article\",\"isPartOf\":{\"@id\":\"https:\\\/\\\/www.iemj.org\\\/it\\\/perdu-dans-les-etoiles-ou-le-destin-juif-de-kurt-weill\\\/\"},\"author\":{\"name\":\"Jacqueline ROTEN\",\"@id\":\"https:\\\/\\\/www.iemj.org\\\/it\\\/#\\\/schema\\\/person\\\/358e26c18aca017fcc4cc15437f7279c\"},\"headline\":\"Perdu dans les \u00e9toiles ou Le destin juif de Kurt Weill\",\"datePublished\":\"2019-02-19T14:55:50+00:00\",\"dateModified\":\"2024-01-03T14:58:19+00:00\",\"mainEntityOfPage\":{\"@id\":\"https:\\\/\\\/www.iemj.org\\\/it\\\/perdu-dans-les-etoiles-ou-le-destin-juif-de-kurt-weill\\\/\"},\"wordCount\":865,\"publisher\":{\"@id\":\"https:\\\/\\\/www.iemj.org\\\/it\\\/#organization\"},\"image\":{\"@id\":\"https:\\\/\\\/www.iemj.org\\\/it\\\/perdu-dans-les-etoiles-ou-le-destin-juif-de-kurt-weill\\\/#primaryimage\"},\"thumbnailUrl\":\"https:\\\/\\\/www.iemj.org\\\/wp-content\\\/uploads\\\/2019\\\/02\\\/arton3956.jpg\",\"articleSection\":[\"Libri, articoli\",\"Ultimi acquisti\"],\"inLanguage\":\"it-IT\"},{\"@type\":\"WebPage\",\"@id\":\"https:\\\/\\\/www.iemj.org\\\/it\\\/perdu-dans-les-etoiles-ou-le-destin-juif-de-kurt-weill\\\/\",\"url\":\"https:\\\/\\\/www.iemj.org\\\/it\\\/perdu-dans-les-etoiles-ou-le-destin-juif-de-kurt-weill\\\/\",\"name\":\"Perdu dans les \u00e9toiles ou Le destin juif de Kurt Weill - Institut Europ\u00e9en des Musiques Juives\",\"isPartOf\":{\"@id\":\"https:\\\/\\\/www.iemj.org\\\/it\\\/#website\"},\"primaryImageOfPage\":{\"@id\":\"https:\\\/\\\/www.iemj.org\\\/it\\\/perdu-dans-les-etoiles-ou-le-destin-juif-de-kurt-weill\\\/#primaryimage\"},\"image\":{\"@id\":\"https:\\\/\\\/www.iemj.org\\\/it\\\/perdu-dans-les-etoiles-ou-le-destin-juif-de-kurt-weill\\\/#primaryimage\"},\"thumbnailUrl\":\"https:\\\/\\\/www.iemj.org\\\/wp-content\\\/uploads\\\/2019\\\/02\\\/arton3956.jpg\",\"datePublished\":\"2019-02-19T14:55:50+00:00\",\"dateModified\":\"2024-01-03T14:58:19+00:00\",\"breadcrumb\":{\"@id\":\"https:\\\/\\\/www.iemj.org\\\/it\\\/perdu-dans-les-etoiles-ou-le-destin-juif-de-kurt-weill\\\/#breadcrumb\"},\"inLanguage\":\"it-IT\",\"potentialAction\":[{\"@type\":\"ReadAction\",\"target\":[\"https:\\\/\\\/www.iemj.org\\\/it\\\/perdu-dans-les-etoiles-ou-le-destin-juif-de-kurt-weill\\\/\"]}]},{\"@type\":\"ImageObject\",\"inLanguage\":\"it-IT\",\"@id\":\"https:\\\/\\\/www.iemj.org\\\/it\\\/perdu-dans-les-etoiles-ou-le-destin-juif-de-kurt-weill\\\/#primaryimage\",\"url\":\"https:\\\/\\\/www.iemj.org\\\/wp-content\\\/uploads\\\/2019\\\/02\\\/arton3956.jpg\",\"contentUrl\":\"https:\\\/\\\/www.iemj.org\\\/wp-content\\\/uploads\\\/2019\\\/02\\\/arton3956.jpg\",\"width\":316,\"height\":448},{\"@type\":\"BreadcrumbList\",\"@id\":\"https:\\\/\\\/www.iemj.org\\\/it\\\/perdu-dans-les-etoiles-ou-le-destin-juif-de-kurt-weill\\\/#breadcrumb\",\"itemListElement\":[{\"@type\":\"ListItem\",\"position\":1,\"name\":\"Accueil\",\"item\":\"https:\\\/\\\/www.iemj.org\\\/it\\\/\"},{\"@type\":\"ListItem\",\"position\":2,\"name\":\"Perdu dans les \u00e9toiles ou Le destin juif de Kurt Weill\"}]},{\"@type\":\"WebSite\",\"@id\":\"https:\\\/\\\/www.iemj.org\\\/it\\\/#website\",\"url\":\"https:\\\/\\\/www.iemj.org\\\/it\\\/\",\"name\":\"Institut Europ\u00e9en des Musiques Juives\",\"description\":\"Des traditions musicales \u00e0 la port\u00e9e de tous\",\"publisher\":{\"@id\":\"https:\\\/\\\/www.iemj.org\\\/it\\\/#organization\"},\"potentialAction\":[{\"@type\":\"SearchAction\",\"target\":{\"@type\":\"EntryPoint\",\"urlTemplate\":\"https:\\\/\\\/www.iemj.org\\\/it\\\/?s={search_term_string}\"},\"query-input\":{\"@type\":\"PropertyValueSpecification\",\"valueRequired\":true,\"valueName\":\"search_term_string\"}}],\"inLanguage\":\"it-IT\"},{\"@type\":\"Organization\",\"@id\":\"https:\\\/\\\/www.iemj.org\\\/it\\\/#organization\",\"name\":\"Institut Europ\u00e9en des Musiques Juives\",\"url\":\"https:\\\/\\\/www.iemj.org\\\/it\\\/\",\"logo\":{\"@type\":\"ImageObject\",\"inLanguage\":\"it-IT\",\"@id\":\"https:\\\/\\\/www.iemj.org\\\/it\\\/#\\\/schema\\\/logo\\\/image\\\/\",\"url\":\"https:\\\/\\\/www.iemj.org\\\/wp-content\\\/uploads\\\/2021\\\/09\\\/Logo-IEMJ-Paypal.jpg\",\"contentUrl\":\"https:\\\/\\\/www.iemj.org\\\/wp-content\\\/uploads\\\/2021\\\/09\\\/Logo-IEMJ-Paypal.jpg\",\"width\":150,\"height\":50,\"caption\":\"Institut Europ\u00e9en des Musiques Juives\"},\"image\":{\"@id\":\"https:\\\/\\\/www.iemj.org\\\/it\\\/#\\\/schema\\\/logo\\\/image\\\/\"},\"sameAs\":[\"https:\\\/\\\/www.facebook.com\\\/MusiquesJuives\\\/\",\"https:\\\/\\\/www.instagram.com\\\/musiquesjuives\\\/\",\"https:\\\/\\\/www.youtube.com\\\/user\\\/musiquesjuives\"]},{\"@type\":\"Person\",\"@id\":\"https:\\\/\\\/www.iemj.org\\\/it\\\/#\\\/schema\\\/person\\\/358e26c18aca017fcc4cc15437f7279c\",\"name\":\"Jacqueline ROTEN\",\"image\":{\"@type\":\"ImageObject\",\"inLanguage\":\"it-IT\",\"@id\":\"https:\\\/\\\/secure.gravatar.com\\\/avatar\\\/5964256d6c6957de3a3505278957e0fb2a35119ac47ea41827a65301213c810b?s=96&d=mm&r=g\",\"url\":\"https:\\\/\\\/secure.gravatar.com\\\/avatar\\\/5964256d6c6957de3a3505278957e0fb2a35119ac47ea41827a65301213c810b?s=96&d=mm&r=g\",\"contentUrl\":\"https:\\\/\\\/secure.gravatar.com\\\/avatar\\\/5964256d6c6957de3a3505278957e0fb2a35119ac47ea41827a65301213c810b?s=96&d=mm&r=g\",\"caption\":\"Jacqueline ROTEN\"}}]}<\/script>\n<!-- \/ Yoast SEO plugin. -->","yoast_head_json":{"title":"Perdu dans les \u00e9toiles ou Le destin juif de Kurt Weill - Institut Europ\u00e9en des Musiques Juives","robots":{"index":"index","follow":"follow","max-snippet":"max-snippet:-1","max-image-preview":"max-image-preview:large","max-video-preview":"max-video-preview:-1"},"canonical":"https:\/\/www.iemj.org\/it\/perdu-dans-les-etoiles-ou-le-destin-juif-de-kurt-weill\/","og_locale":"it_IT","og_type":"article","og_title":"Perdu dans les \u00e9toiles ou Le destin juif de Kurt Weill - Institut Europ\u00e9en des Musiques Juives","og_description":"Editions au Net, 2018","og_url":"https:\/\/www.iemj.org\/it\/perdu-dans-les-etoiles-ou-le-destin-juif-de-kurt-weill\/","og_site_name":"Institut Europ\u00e9en des Musiques Juives","article_publisher":"https:\/\/www.facebook.com\/MusiquesJuives\/","article_published_time":"2019-02-19T14:55:50+00:00","article_modified_time":"2024-01-03T14:58:19+00:00","og_image":[{"width":316,"height":448,"url":"https:\/\/www.iemj.org\/wp-content\/uploads\/2019\/02\/arton3956.jpg","type":"image\/jpeg"}],"author":"Jacqueline ROTEN","twitter_card":"summary_large_image","twitter_misc":{"Scritto da":"Jacqueline ROTEN","Tempo di lettura stimato":"5 minuti"},"schema":{"@context":"https:\/\/schema.org","@graph":[{"@type":"Article","@id":"https:\/\/www.iemj.org\/it\/perdu-dans-les-etoiles-ou-le-destin-juif-de-kurt-weill\/#article","isPartOf":{"@id":"https:\/\/www.iemj.org\/it\/perdu-dans-les-etoiles-ou-le-destin-juif-de-kurt-weill\/"},"author":{"name":"Jacqueline ROTEN","@id":"https:\/\/www.iemj.org\/it\/#\/schema\/person\/358e26c18aca017fcc4cc15437f7279c"},"headline":"Perdu dans les \u00e9toiles ou Le destin juif de Kurt Weill","datePublished":"2019-02-19T14:55:50+00:00","dateModified":"2024-01-03T14:58:19+00:00","mainEntityOfPage":{"@id":"https:\/\/www.iemj.org\/it\/perdu-dans-les-etoiles-ou-le-destin-juif-de-kurt-weill\/"},"wordCount":865,"publisher":{"@id":"https:\/\/www.iemj.org\/it\/#organization"},"image":{"@id":"https:\/\/www.iemj.org\/it\/perdu-dans-les-etoiles-ou-le-destin-juif-de-kurt-weill\/#primaryimage"},"thumbnailUrl":"https:\/\/www.iemj.org\/wp-content\/uploads\/2019\/02\/arton3956.jpg","articleSection":["Libri, articoli","Ultimi acquisti"],"inLanguage":"it-IT"},{"@type":"WebPage","@id":"https:\/\/www.iemj.org\/it\/perdu-dans-les-etoiles-ou-le-destin-juif-de-kurt-weill\/","url":"https:\/\/www.iemj.org\/it\/perdu-dans-les-etoiles-ou-le-destin-juif-de-kurt-weill\/","name":"Perdu dans les \u00e9toiles ou Le destin juif de Kurt Weill - Institut Europ\u00e9en des Musiques Juives","isPartOf":{"@id":"https:\/\/www.iemj.org\/it\/#website"},"primaryImageOfPage":{"@id":"https:\/\/www.iemj.org\/it\/perdu-dans-les-etoiles-ou-le-destin-juif-de-kurt-weill\/#primaryimage"},"image":{"@id":"https:\/\/www.iemj.org\/it\/perdu-dans-les-etoiles-ou-le-destin-juif-de-kurt-weill\/#primaryimage"},"thumbnailUrl":"https:\/\/www.iemj.org\/wp-content\/uploads\/2019\/02\/arton3956.jpg","datePublished":"2019-02-19T14:55:50+00:00","dateModified":"2024-01-03T14:58:19+00:00","breadcrumb":{"@id":"https:\/\/www.iemj.org\/it\/perdu-dans-les-etoiles-ou-le-destin-juif-de-kurt-weill\/#breadcrumb"},"inLanguage":"it-IT","potentialAction":[{"@type":"ReadAction","target":["https:\/\/www.iemj.org\/it\/perdu-dans-les-etoiles-ou-le-destin-juif-de-kurt-weill\/"]}]},{"@type":"ImageObject","inLanguage":"it-IT","@id":"https:\/\/www.iemj.org\/it\/perdu-dans-les-etoiles-ou-le-destin-juif-de-kurt-weill\/#primaryimage","url":"https:\/\/www.iemj.org\/wp-content\/uploads\/2019\/02\/arton3956.jpg","contentUrl":"https:\/\/www.iemj.org\/wp-content\/uploads\/2019\/02\/arton3956.jpg","width":316,"height":448},{"@type":"BreadcrumbList","@id":"https:\/\/www.iemj.org\/it\/perdu-dans-les-etoiles-ou-le-destin-juif-de-kurt-weill\/#breadcrumb","itemListElement":[{"@type":"ListItem","position":1,"name":"Accueil","item":"https:\/\/www.iemj.org\/it\/"},{"@type":"ListItem","position":2,"name":"Perdu dans les \u00e9toiles ou Le destin juif de Kurt Weill"}]},{"@type":"WebSite","@id":"https:\/\/www.iemj.org\/it\/#website","url":"https:\/\/www.iemj.org\/it\/","name":"Institut Europ\u00e9en des Musiques Juives","description":"Des traditions musicales \u00e0 la port\u00e9e de tous","publisher":{"@id":"https:\/\/www.iemj.org\/it\/#organization"},"potentialAction":[{"@type":"SearchAction","target":{"@type":"EntryPoint","urlTemplate":"https:\/\/www.iemj.org\/it\/?s={search_term_string}"},"query-input":{"@type":"PropertyValueSpecification","valueRequired":true,"valueName":"search_term_string"}}],"inLanguage":"it-IT"},{"@type":"Organization","@id":"https:\/\/www.iemj.org\/it\/#organization","name":"Institut Europ\u00e9en des Musiques Juives","url":"https:\/\/www.iemj.org\/it\/","logo":{"@type":"ImageObject","inLanguage":"it-IT","@id":"https:\/\/www.iemj.org\/it\/#\/schema\/logo\/image\/","url":"https:\/\/www.iemj.org\/wp-content\/uploads\/2021\/09\/Logo-IEMJ-Paypal.jpg","contentUrl":"https:\/\/www.iemj.org\/wp-content\/uploads\/2021\/09\/Logo-IEMJ-Paypal.jpg","width":150,"height":50,"caption":"Institut Europ\u00e9en des Musiques Juives"},"image":{"@id":"https:\/\/www.iemj.org\/it\/#\/schema\/logo\/image\/"},"sameAs":["https:\/\/www.facebook.com\/MusiquesJuives\/","https:\/\/www.instagram.com\/musiquesjuives\/","https:\/\/www.youtube.com\/user\/musiquesjuives"]},{"@type":"Person","@id":"https:\/\/www.iemj.org\/it\/#\/schema\/person\/358e26c18aca017fcc4cc15437f7279c","name":"Jacqueline ROTEN","image":{"@type":"ImageObject","inLanguage":"it-IT","@id":"https:\/\/secure.gravatar.com\/avatar\/5964256d6c6957de3a3505278957e0fb2a35119ac47ea41827a65301213c810b?s=96&d=mm&r=g","url":"https:\/\/secure.gravatar.com\/avatar\/5964256d6c6957de3a3505278957e0fb2a35119ac47ea41827a65301213c810b?s=96&d=mm&r=g","contentUrl":"https:\/\/secure.gravatar.com\/avatar\/5964256d6c6957de3a3505278957e0fb2a35119ac47ea41827a65301213c810b?s=96&d=mm&r=g","caption":"Jacqueline ROTEN"}}]}},"_links":{"self":[{"href":"https:\/\/www.iemj.org\/it\/wp-json\/wp\/v2\/posts\/106984","targetHints":{"allow":["GET"]}}],"collection":[{"href":"https:\/\/www.iemj.org\/it\/wp-json\/wp\/v2\/posts"}],"about":[{"href":"https:\/\/www.iemj.org\/it\/wp-json\/wp\/v2\/types\/post"}],"author":[{"embeddable":true,"href":"https:\/\/www.iemj.org\/it\/wp-json\/wp\/v2\/users\/5"}],"replies":[{"embeddable":true,"href":"https:\/\/www.iemj.org\/it\/wp-json\/wp\/v2\/comments?post=106984"}],"version-history":[{"count":0,"href":"https:\/\/www.iemj.org\/it\/wp-json\/wp\/v2\/posts\/106984\/revisions"}],"wp:featuredmedia":[{"embeddable":true,"href":"https:\/\/www.iemj.org\/it\/wp-json\/wp\/v2\/media\/106985"}],"wp:attachment":[{"href":"https:\/\/www.iemj.org\/it\/wp-json\/wp\/v2\/media?parent=106984"}],"wp:term":[{"taxonomy":"category","embeddable":true,"href":"https:\/\/www.iemj.org\/it\/wp-json\/wp\/v2\/categories?post=106984"},{"taxonomy":"post_tag","embeddable":true,"href":"https:\/\/www.iemj.org\/it\/wp-json\/wp\/v2\/tags?post=106984"},{"taxonomy":"technique","embeddable":true,"href":"https:\/\/www.iemj.org\/it\/wp-json\/wp\/v2\/technique?post=106984"},{"taxonomy":"squelettes","embeddable":true,"href":"https:\/\/www.iemj.org\/it\/wp-json\/wp\/v2\/squelettes?post=106984"},{"taxonomy":"sujet","embeddable":true,"href":"https:\/\/www.iemj.org\/it\/wp-json\/wp\/v2\/sujet?post=106984"},{"taxonomy":"formation","embeddable":true,"href":"https:\/\/www.iemj.org\/it\/wp-json\/wp\/v2\/formation?post=106984"},{"taxonomy":"genre","embeddable":true,"href":"https:\/\/www.iemj.org\/it\/wp-json\/wp\/v2\/genre?post=106984"},{"taxonomy":"fonds","embeddable":true,"href":"https:\/\/www.iemj.org\/it\/wp-json\/wp\/v2\/fonds?post=106984"},{"taxonomy":"tradition","embeddable":true,"href":"https:\/\/www.iemj.org\/it\/wp-json\/wp\/v2\/tradition?post=106984"},{"taxonomy":"type-de-contenu","embeddable":true,"href":"https:\/\/www.iemj.org\/it\/wp-json\/wp\/v2\/type-de-contenu?post=106984"},{"taxonomy":"interprete-compositeur","embeddable":true,"href":"https:\/\/www.iemj.org\/it\/wp-json\/wp\/v2\/interprete-compositeur?post=106984"},{"taxonomy":"frise","embeddable":true,"href":"https:\/\/www.iemj.org\/it\/wp-json\/wp\/v2\/frise?post=106984"},{"taxonomy":"type-devenement","embeddable":true,"href":"https:\/\/www.iemj.org\/it\/wp-json\/wp\/v2\/type-devenement?post=106984"},{"taxonomy":"tableaux-liens-externes","embeddable":true,"href":"https:\/\/www.iemj.org\/it\/wp-json\/wp\/v2\/tableaux-liens-externes?post=106984"}],"curies":[{"name":"wp","href":"https:\/\/api.w.org\/{rel}","templated":true}]}}