{"id":107514,"date":"2014-06-04T17:06:59","date_gmt":"2014-06-04T15:06:59","guid":{"rendered":"https:\/\/www.iemj.org\/conference-le-chant-damour-dans-la-tradition-juive\/"},"modified":"2024-01-11T11:11:54","modified_gmt":"2024-01-11T10:11:54","slug":"conference-le-chant-damour-dans-la-tradition-juive","status":"publish","type":"post","link":"https:\/\/www.iemj.org\/it\/conference-le-chant-damour-dans-la-tradition-juive\/","title":{"rendered":"Conferenza &#8220;Il canto dell&#8217;amore nella tradizione ebraica&#8221;"},"content":{"rendered":"<p>Gioved\u00ec 12 giugno, ore 18.15 &#8211; Prenotazione obbligatoria<\/p>\n<p><!--more--><br \/>\nIl <strong>Cantico dei Cantici<\/strong>, una conferenza musicale a due voci di <strong>Jacques Arnold<\/strong>, cantore e rabbino onorario, ed <strong>Herv\u00e9 Roten<\/strong>, musicologo e direttore dell&#8217;Istituto Europeo di Musiche Ebraiche.<\/p>\n<p>L&#8217;intervento, illustrato da numerosi esempi audio e video, esplorer\u00e0 il significato di questo testo e la sua risonanza nelle diverse tradizioni musicali ebraiche, sia religiose che laiche. Un viaggio musicale tra amore terreno ed amore divino&#8230;<\/p>\n<p>Il Cantico dei Cantici, in ebraico &#8220;<em>chir hachirim<\/em>&#8220;, \u00e8 uno dei libri della Bibbia. Secondo la tradizione ebraica, viene letto alla fine del Seder cerimoniale la notte pasquale ed il sabato da met\u00e0 Pasqua. Questo poema lirico \u00e8 cantato con accenti melodiosi dalle profondit\u00e0 del tempo. Questo canto d&#8217;amore occupa il posto di un&#8217;opera singolare nel canone biblico. Si tratta infatti di un racconto romantico-erotico dell&#8217;amore tra due innamorati che vivono a Gerusalemme, una commovente storia d&#8217;amore di una dolorosa separazione e del ricongiungimento di due persone che si amano, oppure \u00e8, come dicono alcuni, un puro e semplice sogno? Ma allora perch\u00e9 \u00e8 incluso tra i libri di ispirazione sacra? Perch\u00e9 leggerlo a Pesach, quel preciso momento della storia in cui i figli di Israele passano dallo stato di servit\u00f9 in cui sono sprofondati in Egitto a quello di popolo liberato, elevato al piano spirituale? Rabbi Akiba, uno dei fondatori dell&#8217;ebraismo rabbinico e rinomato per la sua conoscenza dei misteri della Torah, ritiene che il Cantico dei Cantici sia una dichiarazione simbolica dell&#8217;amore tra Dio ed il popolo d&#8217;Israele. Tutti gli scritti sono sacri, ed il Cantico dei Cantici \u00e8 il Santo dei Santi&#8221;, afferma, suggerendo che questo libro enigmatico, il pi\u00f9 poetico della Bibbia, nasconde insegnamenti allegorici di altissimo valore. Abbiamo perso la chiave? Forse no!<\/p>\n<div style=\"float: right;\">\n<div style=\"margin: 8px 0px 4px;\"><strong>Consultare la rivista del festival:<\/strong><\/div>\n<p><iframe style=\"margin: 0 auto;\" src=\"\/\/v.calameo.com\/?bkcode=00005717924b73c6d1ff2\" width=\"300\" height=\"194\" frameborder=\"0\" scrolling=\"no\" allowfullscreen=\"allowfullscreen\"><\/iframe><\/p>\n<div style=\"margin: 4px 0px 8px;\"><\/div>\n<\/div>\n<p><span style=\"color: ff6600;\"><b>rogramma proposto dall&#8217;Istituto Europeo di Musiche Ebraiche.<\/b><\/span><\/p>\n<p><span style=\"color: ff6600;\"><b>Gioved\u00ec 12 giugno, ore 18.15<\/b><\/span><\/p>\n<p><span style=\"color: ff6600;\"><b>Biblioth\u00e8que historique de la Ville de Paris<\/b><\/span><br \/>\n24, rue Pav\u00e9e, Paris 4e<br \/>\n5 \u20ac \/\/ Informazioni: 01 42 17 10 70<br \/>\n<strong>PRENOTAZIONE OBBLIGATORIA:<\/strong> www.festivaldesculturesjuives.org<\/p>\n<p><img fetchpriority=\"high\" decoding=\"async\" class=\"wp-image-7007 alignnone\" src=\"https:\/\/www.iemj.org\/wp-content\/uploads\/2014\/06\/fcj2014.jpg\" alt=\"fcj2014.jpg\" width=\"459\" height=\"586\" align=\"left\" srcset=\"https:\/\/www.iemj.org\/wp-content\/uploads\/2014\/06\/fcj2014.jpg 1133w, https:\/\/www.iemj.org\/wp-content\/uploads\/2014\/06\/fcj2014-235x300.jpg 235w, https:\/\/www.iemj.org\/wp-content\/uploads\/2014\/06\/fcj2014-802x1024.jpg 802w, https:\/\/www.iemj.org\/wp-content\/uploads\/2014\/06\/fcj2014-768x981.jpg 768w, https:\/\/www.iemj.org\/wp-content\/uploads\/2014\/06\/fcj2014-600x766.jpg 600w\" sizes=\"(max-width: 459px) 100vw, 459px\" \/><\/p>\n","protected":false},"excerpt":{"rendered":"<p>Gioved\u00ec 12 giugno, ore 18.15 &#8211; Prenotazione obbligatoria<\/p>\n","protected":false},"author":1050,"featured_media":107515,"comment_status":"closed","ping_status":"open","sticky":false,"template":"","format":"standard","meta":{"_acf_changed":false,"footnotes":""},"categories":[1383,1371],"tags":[],"technique":[],"squelettes":[],"sujet":[],"formation":[],"genre":[],"fonds":[],"tradition":[],"type-de-contenu":[],"interprete-compositeur":[],"frise":[],"type-devenement":[],"tableaux-liens-externes":[],"class_list":["post-107514","post","type-post","status-publish","format-standard","has-post-thumbnail","hentry","category-corsi-conferenze-it","category-manifestazioni-it"],"acf":[],"yoast_head":"<!-- This site is optimized with the Yoast SEO plugin v27.3 - https:\/\/yoast.com\/product\/yoast-seo-wordpress\/ -->\n<title>Conferenza &quot;Il canto dell&#039;amore nella tradizione ebraica&quot; - Institut Europ\u00e9en des Musiques Juives<\/title>\n<meta name=\"robots\" content=\"index, follow, max-snippet:-1, max-image-preview:large, max-video-preview:-1\" \/>\n<link rel=\"canonical\" href=\"https:\/\/www.iemj.org\/it\/conference-le-chant-damour-dans-la-tradition-juive\/\" \/>\n<meta property=\"og:locale\" content=\"it_IT\" \/>\n<meta property=\"og:type\" content=\"article\" \/>\n<meta property=\"og:title\" content=\"Conferenza &quot;Il canto dell&#039;amore nella tradizione ebraica&quot; - Institut Europ\u00e9en des Musiques Juives\" \/>\n<meta property=\"og:description\" content=\"Gioved\u00ec 12 giugno, ore 18.15 &#8211; Prenotazione obbligatoria\" \/>\n<meta property=\"og:url\" content=\"https:\/\/www.iemj.org\/it\/conference-le-chant-damour-dans-la-tradition-juive\/\" \/>\n<meta property=\"og:site_name\" content=\"Institut Europ\u00e9en des Musiques Juives\" \/>\n<meta property=\"article:publisher\" content=\"https:\/\/www.facebook.com\/MusiquesJuives\/\" \/>\n<meta property=\"article:published_time\" content=\"2014-06-04T15:06:59+00:00\" \/>\n<meta property=\"article:modified_time\" content=\"2024-01-11T10:11:54+00:00\" \/>\n<meta property=\"og:image\" content=\"https:\/\/www.iemj.org\/wp-content\/uploads\/2014\/06\/arton889-e1620115091390.jpg\" \/>\n\t<meta property=\"og:image:width\" content=\"350\" \/>\n\t<meta property=\"og:image:height\" content=\"418\" \/>\n\t<meta property=\"og:image:type\" content=\"image\/jpeg\" \/>\n<meta name=\"author\" content=\"ncochin\" \/>\n<meta name=\"twitter:card\" content=\"summary_large_image\" \/>\n<meta name=\"twitter:label1\" content=\"Scritto da\" \/>\n\t<meta name=\"twitter:data1\" content=\"ncochin\" \/>\n\t<meta name=\"twitter:label2\" content=\"Tempo di lettura stimato\" \/>\n\t<meta name=\"twitter:data2\" content=\"3 minuti\" \/>\n<script type=\"application\/ld+json\" class=\"yoast-schema-graph\">{\"@context\":\"https:\\\/\\\/schema.org\",\"@graph\":[{\"@type\":\"Article\",\"@id\":\"https:\\\/\\\/www.iemj.org\\\/it\\\/conference-le-chant-damour-dans-la-tradition-juive\\\/#article\",\"isPartOf\":{\"@id\":\"https:\\\/\\\/www.iemj.org\\\/it\\\/conference-le-chant-damour-dans-la-tradition-juive\\\/\"},\"author\":{\"name\":\"ncochin\",\"@id\":\"https:\\\/\\\/www.iemj.org\\\/it\\\/#\\\/schema\\\/person\\\/f826ad11b0cd58dd99babe0a3fbcb86e\"},\"headline\":\"Conferenza &#8220;Il canto dell&#8217;amore nella tradizione ebraica&#8221;\",\"datePublished\":\"2014-06-04T15:06:59+00:00\",\"dateModified\":\"2024-01-11T10:11:54+00:00\",\"mainEntityOfPage\":{\"@id\":\"https:\\\/\\\/www.iemj.org\\\/it\\\/conference-le-chant-damour-dans-la-tradition-juive\\\/\"},\"wordCount\":335,\"publisher\":{\"@id\":\"https:\\\/\\\/www.iemj.org\\\/it\\\/#organization\"},\"image\":{\"@id\":\"https:\\\/\\\/www.iemj.org\\\/it\\\/conference-le-chant-damour-dans-la-tradition-juive\\\/#primaryimage\"},\"thumbnailUrl\":\"https:\\\/\\\/www.iemj.org\\\/wp-content\\\/uploads\\\/2014\\\/06\\\/arton889-e1620115091390.jpg\",\"articleSection\":[\"Corsi \\\/ Conferenze\",\"Manifestazioni\"],\"inLanguage\":\"it-IT\"},{\"@type\":\"WebPage\",\"@id\":\"https:\\\/\\\/www.iemj.org\\\/it\\\/conference-le-chant-damour-dans-la-tradition-juive\\\/\",\"url\":\"https:\\\/\\\/www.iemj.org\\\/it\\\/conference-le-chant-damour-dans-la-tradition-juive\\\/\",\"name\":\"Conferenza \\\"Il canto dell'amore nella tradizione ebraica\\\" - Institut Europ\u00e9en des Musiques Juives\",\"isPartOf\":{\"@id\":\"https:\\\/\\\/www.iemj.org\\\/it\\\/#website\"},\"primaryImageOfPage\":{\"@id\":\"https:\\\/\\\/www.iemj.org\\\/it\\\/conference-le-chant-damour-dans-la-tradition-juive\\\/#primaryimage\"},\"image\":{\"@id\":\"https:\\\/\\\/www.iemj.org\\\/it\\\/conference-le-chant-damour-dans-la-tradition-juive\\\/#primaryimage\"},\"thumbnailUrl\":\"https:\\\/\\\/www.iemj.org\\\/wp-content\\\/uploads\\\/2014\\\/06\\\/arton889-e1620115091390.jpg\",\"datePublished\":\"2014-06-04T15:06:59+00:00\",\"dateModified\":\"2024-01-11T10:11:54+00:00\",\"breadcrumb\":{\"@id\":\"https:\\\/\\\/www.iemj.org\\\/it\\\/conference-le-chant-damour-dans-la-tradition-juive\\\/#breadcrumb\"},\"inLanguage\":\"it-IT\",\"potentialAction\":[{\"@type\":\"ReadAction\",\"target\":[\"https:\\\/\\\/www.iemj.org\\\/it\\\/conference-le-chant-damour-dans-la-tradition-juive\\\/\"]}]},{\"@type\":\"ImageObject\",\"inLanguage\":\"it-IT\",\"@id\":\"https:\\\/\\\/www.iemj.org\\\/it\\\/conference-le-chant-damour-dans-la-tradition-juive\\\/#primaryimage\",\"url\":\"https:\\\/\\\/www.iemj.org\\\/wp-content\\\/uploads\\\/2014\\\/06\\\/arton889-e1620115091390.jpg\",\"contentUrl\":\"https:\\\/\\\/www.iemj.org\\\/wp-content\\\/uploads\\\/2014\\\/06\\\/arton889-e1620115091390.jpg\",\"width\":350,\"height\":418},{\"@type\":\"BreadcrumbList\",\"@id\":\"https:\\\/\\\/www.iemj.org\\\/it\\\/conference-le-chant-damour-dans-la-tradition-juive\\\/#breadcrumb\",\"itemListElement\":[{\"@type\":\"ListItem\",\"position\":1,\"name\":\"Accueil\",\"item\":\"https:\\\/\\\/www.iemj.org\\\/it\\\/\"},{\"@type\":\"ListItem\",\"position\":2,\"name\":\"Conferenza &#8220;Il canto dell&#8217;amore nella tradizione ebraica&#8221;\"}]},{\"@type\":\"WebSite\",\"@id\":\"https:\\\/\\\/www.iemj.org\\\/it\\\/#website\",\"url\":\"https:\\\/\\\/www.iemj.org\\\/it\\\/\",\"name\":\"Institut Europ\u00e9en des Musiques Juives\",\"description\":\"Des traditions musicales \u00e0 la port\u00e9e de tous\",\"publisher\":{\"@id\":\"https:\\\/\\\/www.iemj.org\\\/it\\\/#organization\"},\"potentialAction\":[{\"@type\":\"SearchAction\",\"target\":{\"@type\":\"EntryPoint\",\"urlTemplate\":\"https:\\\/\\\/www.iemj.org\\\/it\\\/?s={search_term_string}\"},\"query-input\":{\"@type\":\"PropertyValueSpecification\",\"valueRequired\":true,\"valueName\":\"search_term_string\"}}],\"inLanguage\":\"it-IT\"},{\"@type\":\"Organization\",\"@id\":\"https:\\\/\\\/www.iemj.org\\\/it\\\/#organization\",\"name\":\"Institut Europ\u00e9en des Musiques Juives\",\"url\":\"https:\\\/\\\/www.iemj.org\\\/it\\\/\",\"logo\":{\"@type\":\"ImageObject\",\"inLanguage\":\"it-IT\",\"@id\":\"https:\\\/\\\/www.iemj.org\\\/it\\\/#\\\/schema\\\/logo\\\/image\\\/\",\"url\":\"https:\\\/\\\/www.iemj.org\\\/wp-content\\\/uploads\\\/2021\\\/09\\\/Logo-IEMJ-Paypal.jpg\",\"contentUrl\":\"https:\\\/\\\/www.iemj.org\\\/wp-content\\\/uploads\\\/2021\\\/09\\\/Logo-IEMJ-Paypal.jpg\",\"width\":150,\"height\":50,\"caption\":\"Institut Europ\u00e9en des Musiques Juives\"},\"image\":{\"@id\":\"https:\\\/\\\/www.iemj.org\\\/it\\\/#\\\/schema\\\/logo\\\/image\\\/\"},\"sameAs\":[\"https:\\\/\\\/www.facebook.com\\\/MusiquesJuives\\\/\",\"https:\\\/\\\/www.instagram.com\\\/musiquesjuives\\\/\",\"https:\\\/\\\/www.youtube.com\\\/user\\\/musiquesjuives\"]},{\"@type\":\"Person\",\"@id\":\"https:\\\/\\\/www.iemj.org\\\/it\\\/#\\\/schema\\\/person\\\/f826ad11b0cd58dd99babe0a3fbcb86e\",\"name\":\"ncochin\",\"image\":{\"@type\":\"ImageObject\",\"inLanguage\":\"it-IT\",\"@id\":\"https:\\\/\\\/secure.gravatar.com\\\/avatar\\\/4499f551e6a9b8c28bd3132f28d79657b2cb55ff363257726f67e89c95e2a33c?s=96&d=mm&r=g\",\"url\":\"https:\\\/\\\/secure.gravatar.com\\\/avatar\\\/4499f551e6a9b8c28bd3132f28d79657b2cb55ff363257726f67e89c95e2a33c?s=96&d=mm&r=g\",\"contentUrl\":\"https:\\\/\\\/secure.gravatar.com\\\/avatar\\\/4499f551e6a9b8c28bd3132f28d79657b2cb55ff363257726f67e89c95e2a33c?s=96&d=mm&r=g\",\"caption\":\"ncochin\"}}]}<\/script>\n<!-- \/ Yoast SEO plugin. -->","yoast_head_json":{"title":"Conferenza \"Il canto dell'amore nella tradizione ebraica\" - Institut Europ\u00e9en des Musiques Juives","robots":{"index":"index","follow":"follow","max-snippet":"max-snippet:-1","max-image-preview":"max-image-preview:large","max-video-preview":"max-video-preview:-1"},"canonical":"https:\/\/www.iemj.org\/it\/conference-le-chant-damour-dans-la-tradition-juive\/","og_locale":"it_IT","og_type":"article","og_title":"Conferenza \"Il canto dell'amore nella tradizione ebraica\" - Institut Europ\u00e9en des Musiques Juives","og_description":"Gioved\u00ec 12 giugno, ore 18.15 &#8211; Prenotazione obbligatoria","og_url":"https:\/\/www.iemj.org\/it\/conference-le-chant-damour-dans-la-tradition-juive\/","og_site_name":"Institut Europ\u00e9en des Musiques Juives","article_publisher":"https:\/\/www.facebook.com\/MusiquesJuives\/","article_published_time":"2014-06-04T15:06:59+00:00","article_modified_time":"2024-01-11T10:11:54+00:00","og_image":[{"width":350,"height":418,"url":"https:\/\/www.iemj.org\/wp-content\/uploads\/2014\/06\/arton889-e1620115091390.jpg","type":"image\/jpeg"}],"author":"ncochin","twitter_card":"summary_large_image","twitter_misc":{"Scritto da":"ncochin","Tempo di lettura stimato":"3 minuti"},"schema":{"@context":"https:\/\/schema.org","@graph":[{"@type":"Article","@id":"https:\/\/www.iemj.org\/it\/conference-le-chant-damour-dans-la-tradition-juive\/#article","isPartOf":{"@id":"https:\/\/www.iemj.org\/it\/conference-le-chant-damour-dans-la-tradition-juive\/"},"author":{"name":"ncochin","@id":"https:\/\/www.iemj.org\/it\/#\/schema\/person\/f826ad11b0cd58dd99babe0a3fbcb86e"},"headline":"Conferenza &#8220;Il canto dell&#8217;amore nella tradizione ebraica&#8221;","datePublished":"2014-06-04T15:06:59+00:00","dateModified":"2024-01-11T10:11:54+00:00","mainEntityOfPage":{"@id":"https:\/\/www.iemj.org\/it\/conference-le-chant-damour-dans-la-tradition-juive\/"},"wordCount":335,"publisher":{"@id":"https:\/\/www.iemj.org\/it\/#organization"},"image":{"@id":"https:\/\/www.iemj.org\/it\/conference-le-chant-damour-dans-la-tradition-juive\/#primaryimage"},"thumbnailUrl":"https:\/\/www.iemj.org\/wp-content\/uploads\/2014\/06\/arton889-e1620115091390.jpg","articleSection":["Corsi \/ Conferenze","Manifestazioni"],"inLanguage":"it-IT"},{"@type":"WebPage","@id":"https:\/\/www.iemj.org\/it\/conference-le-chant-damour-dans-la-tradition-juive\/","url":"https:\/\/www.iemj.org\/it\/conference-le-chant-damour-dans-la-tradition-juive\/","name":"Conferenza \"Il canto dell'amore nella tradizione ebraica\" - Institut Europ\u00e9en des Musiques Juives","isPartOf":{"@id":"https:\/\/www.iemj.org\/it\/#website"},"primaryImageOfPage":{"@id":"https:\/\/www.iemj.org\/it\/conference-le-chant-damour-dans-la-tradition-juive\/#primaryimage"},"image":{"@id":"https:\/\/www.iemj.org\/it\/conference-le-chant-damour-dans-la-tradition-juive\/#primaryimage"},"thumbnailUrl":"https:\/\/www.iemj.org\/wp-content\/uploads\/2014\/06\/arton889-e1620115091390.jpg","datePublished":"2014-06-04T15:06:59+00:00","dateModified":"2024-01-11T10:11:54+00:00","breadcrumb":{"@id":"https:\/\/www.iemj.org\/it\/conference-le-chant-damour-dans-la-tradition-juive\/#breadcrumb"},"inLanguage":"it-IT","potentialAction":[{"@type":"ReadAction","target":["https:\/\/www.iemj.org\/it\/conference-le-chant-damour-dans-la-tradition-juive\/"]}]},{"@type":"ImageObject","inLanguage":"it-IT","@id":"https:\/\/www.iemj.org\/it\/conference-le-chant-damour-dans-la-tradition-juive\/#primaryimage","url":"https:\/\/www.iemj.org\/wp-content\/uploads\/2014\/06\/arton889-e1620115091390.jpg","contentUrl":"https:\/\/www.iemj.org\/wp-content\/uploads\/2014\/06\/arton889-e1620115091390.jpg","width":350,"height":418},{"@type":"BreadcrumbList","@id":"https:\/\/www.iemj.org\/it\/conference-le-chant-damour-dans-la-tradition-juive\/#breadcrumb","itemListElement":[{"@type":"ListItem","position":1,"name":"Accueil","item":"https:\/\/www.iemj.org\/it\/"},{"@type":"ListItem","position":2,"name":"Conferenza &#8220;Il canto dell&#8217;amore nella tradizione ebraica&#8221;"}]},{"@type":"WebSite","@id":"https:\/\/www.iemj.org\/it\/#website","url":"https:\/\/www.iemj.org\/it\/","name":"Institut Europ\u00e9en des Musiques Juives","description":"Des traditions musicales \u00e0 la port\u00e9e de tous","publisher":{"@id":"https:\/\/www.iemj.org\/it\/#organization"},"potentialAction":[{"@type":"SearchAction","target":{"@type":"EntryPoint","urlTemplate":"https:\/\/www.iemj.org\/it\/?s={search_term_string}"},"query-input":{"@type":"PropertyValueSpecification","valueRequired":true,"valueName":"search_term_string"}}],"inLanguage":"it-IT"},{"@type":"Organization","@id":"https:\/\/www.iemj.org\/it\/#organization","name":"Institut Europ\u00e9en des Musiques Juives","url":"https:\/\/www.iemj.org\/it\/","logo":{"@type":"ImageObject","inLanguage":"it-IT","@id":"https:\/\/www.iemj.org\/it\/#\/schema\/logo\/image\/","url":"https:\/\/www.iemj.org\/wp-content\/uploads\/2021\/09\/Logo-IEMJ-Paypal.jpg","contentUrl":"https:\/\/www.iemj.org\/wp-content\/uploads\/2021\/09\/Logo-IEMJ-Paypal.jpg","width":150,"height":50,"caption":"Institut Europ\u00e9en des Musiques Juives"},"image":{"@id":"https:\/\/www.iemj.org\/it\/#\/schema\/logo\/image\/"},"sameAs":["https:\/\/www.facebook.com\/MusiquesJuives\/","https:\/\/www.instagram.com\/musiquesjuives\/","https:\/\/www.youtube.com\/user\/musiquesjuives"]},{"@type":"Person","@id":"https:\/\/www.iemj.org\/it\/#\/schema\/person\/f826ad11b0cd58dd99babe0a3fbcb86e","name":"ncochin","image":{"@type":"ImageObject","inLanguage":"it-IT","@id":"https:\/\/secure.gravatar.com\/avatar\/4499f551e6a9b8c28bd3132f28d79657b2cb55ff363257726f67e89c95e2a33c?s=96&d=mm&r=g","url":"https:\/\/secure.gravatar.com\/avatar\/4499f551e6a9b8c28bd3132f28d79657b2cb55ff363257726f67e89c95e2a33c?s=96&d=mm&r=g","contentUrl":"https:\/\/secure.gravatar.com\/avatar\/4499f551e6a9b8c28bd3132f28d79657b2cb55ff363257726f67e89c95e2a33c?s=96&d=mm&r=g","caption":"ncochin"}}]}},"_links":{"self":[{"href":"https:\/\/www.iemj.org\/it\/wp-json\/wp\/v2\/posts\/107514","targetHints":{"allow":["GET"]}}],"collection":[{"href":"https:\/\/www.iemj.org\/it\/wp-json\/wp\/v2\/posts"}],"about":[{"href":"https:\/\/www.iemj.org\/it\/wp-json\/wp\/v2\/types\/post"}],"author":[{"embeddable":true,"href":"https:\/\/www.iemj.org\/it\/wp-json\/wp\/v2\/users\/1050"}],"replies":[{"embeddable":true,"href":"https:\/\/www.iemj.org\/it\/wp-json\/wp\/v2\/comments?post=107514"}],"version-history":[{"count":0,"href":"https:\/\/www.iemj.org\/it\/wp-json\/wp\/v2\/posts\/107514\/revisions"}],"wp:featuredmedia":[{"embeddable":true,"href":"https:\/\/www.iemj.org\/it\/wp-json\/wp\/v2\/media\/107515"}],"wp:attachment":[{"href":"https:\/\/www.iemj.org\/it\/wp-json\/wp\/v2\/media?parent=107514"}],"wp:term":[{"taxonomy":"category","embeddable":true,"href":"https:\/\/www.iemj.org\/it\/wp-json\/wp\/v2\/categories?post=107514"},{"taxonomy":"post_tag","embeddable":true,"href":"https:\/\/www.iemj.org\/it\/wp-json\/wp\/v2\/tags?post=107514"},{"taxonomy":"technique","embeddable":true,"href":"https:\/\/www.iemj.org\/it\/wp-json\/wp\/v2\/technique?post=107514"},{"taxonomy":"squelettes","embeddable":true,"href":"https:\/\/www.iemj.org\/it\/wp-json\/wp\/v2\/squelettes?post=107514"},{"taxonomy":"sujet","embeddable":true,"href":"https:\/\/www.iemj.org\/it\/wp-json\/wp\/v2\/sujet?post=107514"},{"taxonomy":"formation","embeddable":true,"href":"https:\/\/www.iemj.org\/it\/wp-json\/wp\/v2\/formation?post=107514"},{"taxonomy":"genre","embeddable":true,"href":"https:\/\/www.iemj.org\/it\/wp-json\/wp\/v2\/genre?post=107514"},{"taxonomy":"fonds","embeddable":true,"href":"https:\/\/www.iemj.org\/it\/wp-json\/wp\/v2\/fonds?post=107514"},{"taxonomy":"tradition","embeddable":true,"href":"https:\/\/www.iemj.org\/it\/wp-json\/wp\/v2\/tradition?post=107514"},{"taxonomy":"type-de-contenu","embeddable":true,"href":"https:\/\/www.iemj.org\/it\/wp-json\/wp\/v2\/type-de-contenu?post=107514"},{"taxonomy":"interprete-compositeur","embeddable":true,"href":"https:\/\/www.iemj.org\/it\/wp-json\/wp\/v2\/interprete-compositeur?post=107514"},{"taxonomy":"frise","embeddable":true,"href":"https:\/\/www.iemj.org\/it\/wp-json\/wp\/v2\/frise?post=107514"},{"taxonomy":"type-devenement","embeddable":true,"href":"https:\/\/www.iemj.org\/it\/wp-json\/wp\/v2\/type-devenement?post=107514"},{"taxonomy":"tableaux-liens-externes","embeddable":true,"href":"https:\/\/www.iemj.org\/it\/wp-json\/wp\/v2\/tableaux-liens-externes?post=107514"}],"curies":[{"name":"wp","href":"https:\/\/api.w.org\/{rel}","templated":true}]}}