{"id":107804,"date":"2024-01-17T17:24:41","date_gmt":"2024-01-17T16:24:41","guid":{"rendered":"https:\/\/www.iemj.org\/sefarad-in-the-piano-toni-costa\/"},"modified":"2025-10-19T17:24:21","modified_gmt":"2025-10-19T15:24:21","slug":"sefarad-in-the-piano-toni-costa","status":"publish","type":"post","link":"https:\/\/www.iemj.org\/it\/sefarad-in-the-piano-toni-costa\/","title":{"rendered":"Sefarad in the piano &#8211; Toni Costa"},"content":{"rendered":"<p>Ispirato alla poesia popolare giudeo-spagnola, al jazz, alla musica antica ed ai ritmi popolari del flamenco, questo disco originale presenta 10 melodie giudeo-spagnole rivisitate dal pianista Toni Costa.<\/p>\n<p>Nato a Barcellona, Toni Costa \u00e8 un pianista-improvvisatore di alto livello attualmente residente in Svizzera, dove lavora come accompagnatore di danza contemporanea per il Ballet del Grand Th\u00e9\u00e2tre di Ginevra.<\/p>\n<p>Affascinato dalla storia degli ebrei di Spagna, Tony Costa ha rivolto la sua attenzione alla vita ed al lavoro di Do\u00f1a Gracia Nasi (1510 ca. &#8211; 1569), una ricca marrana che frequentava i pi\u00f9 grandi nomi della societ\u00e0 e che dedic\u00f2 la sua vita ad aiutare gli ebrei perseguitati. Moglie di Giuseppe Francesco Mendes Nasi, morto prematuramente nel 1536, Gracia Nasi viaggi\u00f2 in tutta Europa, da Lisbona ad Anversa, Londra, Venezia e Ferrara, prima di stabilirsi ad Istanbul nel 1553, dove svilupp\u00f2 le sue attivit\u00e0 commerciali e svolse un ruolo diplomatico di importanza internazionale al servizio del sultano Solimano il Magnifico.<\/p>\n<p>Tornata all&#8217;ebraismo, incoraggi\u00f2 la cultura ebraica, costru\u00ec sinagoghe, yeshivot e biblioteche e contribu\u00ec alla pubblicazione di libri, soprattutto in giudeo-spagnolo, per permettere ai suoi correligionari di riscoprire la loro fede e la loro cultura. Nel 1558 si trasfer\u00ec nella regione di Tiberiade per ricostruire una residenza destinata agli ebrei che desideravano stabilirvisi. Purtroppo questa iniziativa non ebbe il successo sperato e Gracia Nasi mor\u00ec il 3 novembre 1569 ad Istanbul (?) all&#8217;et\u00e0 di 59 anni.<\/p>\n<p><img fetchpriority=\"high\" decoding=\"async\" class=\"size-medium wp-image-107744 alignright\" src=\"https:\/\/www.iemj.org\/wp-content\/uploads\/2024\/01\/Toni-Costa-au-piano-300x200.jpg\" alt=\"\" width=\"300\" height=\"200\" srcset=\"https:\/\/www.iemj.org\/wp-content\/uploads\/2024\/01\/Toni-Costa-au-piano-300x200.jpg 300w, https:\/\/www.iemj.org\/wp-content\/uploads\/2024\/01\/Toni-Costa-au-piano.jpg 500w\" sizes=\"(max-width: 300px) 100vw, 300px\" \/>Ogni canzone dell&#8217;album di <strong>Toni Costa<\/strong> illustra un aspetto od un momento chiave della vita di Do\u00f1a Gracia Nasi, dal suo matrimonio (con la canzone <em>La novia ya salio del mar<\/em>) alla nascita di sua figlia (<em>A la una yo naci<\/em>) o alle ninne nanne che le cantava (<em>Durme, durme<\/em>).<\/p>\n<p>La musica di questo album si basa su canzoni popolari sefardite rivisitate alla luce della musica dal XV secolo ai giorni nostri, compresa la polifonia barocca, il flamenco ed il jazz. Questa originale miscela \u00e8 qui brillantemente realizzata dal pianista Toni Costa, che riesce a trasferire le tecniche della chitarra spagnola al suo pianoforte.<\/p>\n<p>Una stupenda scoperta!<\/p>\n<h2><a href=\"https:\/\/www.iemj.org\/it\/produit\/sefarad-in-the-piano\/\" target=\"_blank\" rel=\"noopener\">Comprare il CD (fisico o digitale) presso il negozio online IEMJ<\/a><\/h2>\n<p><a href=\"https:\/\/www.youtube.com\/@tonicosta5266\" target=\"_blank\" rel=\"noopener\">Andare al canale YouTube di Toni Costa<\/a><\/p>\n\n\n<div class=\"wp-block-columns is-layout-flex wp-container-core-columns-is-layout-9d6595d7 wp-block-columns-is-layout-flex\">\n<div class=\"wp-block-column is-layout-flow wp-block-column-is-layout-flow\">\n<figure class=\"wp-block-embed is-type-video is-provider-youtube wp-block-embed-youtube wp-embed-aspect-16-9 wp-has-aspect-ratio\"><div class=\"wp-block-embed__wrapper\">\n<iframe title=\"Ra\u00edces, from \u2018SEFARAD IN THE PIANO\u2019. Toni Costa, piano solo. (Kondja mia cover)\" width=\"640\" height=\"360\" src=\"https:\/\/www.youtube.com\/embed\/Ikey3XKjUak?feature=oembed\" frameborder=\"0\" allow=\"accelerometer; autoplay; clipboard-write; encrypted-media; gyroscope; picture-in-picture; web-share\" referrerpolicy=\"strict-origin-when-cross-origin\" allowfullscreen><\/iframe>\n<\/div><\/figure>\n<\/div>\n\n\n\n<div class=\"wp-block-column is-layout-flow wp-block-column-is-layout-flow\">\n<figure class=\"wp-block-embed is-type-video is-provider-youtube wp-block-embed-youtube wp-embed-aspect-16-9 wp-has-aspect-ratio\"><div class=\"wp-block-embed__wrapper\">\n<iframe title=\"\u2018SEFARAD AL PIANO&#039;. Reinventing the songs of Jewish-Spanish heritage. Toni Costa, piano solo\" width=\"640\" height=\"360\" src=\"https:\/\/www.youtube.com\/embed\/HC3Xl9bsZ_8?feature=oembed\" frameborder=\"0\" allow=\"accelerometer; autoplay; clipboard-write; encrypted-media; gyroscope; picture-in-picture; web-share\" referrerpolicy=\"strict-origin-when-cross-origin\" allowfullscreen><\/iframe>\n<\/div><\/figure>\n<\/div>\n<\/div>\n\n\n<div class=\"wp-block-image\">\n<figure class=\"aligncenter size-large\"><img decoding=\"async\" width=\"1024\" height=\"133\" src=\"https:\/\/www.iemj.org\/wp-content\/uploads\/2024\/03\/AUDIO-PLAYER-1024x133.png\" alt=\"\" class=\"wp-image-110609\" srcset=\"https:\/\/www.iemj.org\/wp-content\/uploads\/2024\/03\/AUDIO-PLAYER-1024x133.png 1024w, https:\/\/www.iemj.org\/wp-content\/uploads\/2024\/03\/AUDIO-PLAYER-300x39.png 300w, https:\/\/www.iemj.org\/wp-content\/uploads\/2024\/03\/AUDIO-PLAYER-768x100.png 768w, https:\/\/www.iemj.org\/wp-content\/uploads\/2024\/03\/AUDIO-PLAYER-600x78.png 600w, https:\/\/www.iemj.org\/wp-content\/uploads\/2024\/03\/AUDIO-PLAYER.png 1210w\" sizes=\"(max-width: 1024px) 100vw, 1024px\" \/><\/figure>\n<\/div>","protected":false},"excerpt":{"rendered":"<p>Ispirato alla poesia popolare giudeo-spagnola, al jazz, alla musica antica ed ai ritmi popolari del flamenco, questo disco originale presenta 10 melodie giudeo-spagnole rivisitate dal pianista Toni Costa. Nato a<\/p>\n","protected":false},"author":5,"featured_media":107742,"comment_status":"closed","ping_status":"closed","sticky":false,"template":"","format":"standard","meta":{"_acf_changed":false,"footnotes":""},"categories":[1569,1564],"tags":[],"technique":[],"squelettes":[],"sujet":[],"formation":[],"genre":[1675],"fonds":[],"tradition":[],"type-de-contenu":[],"interprete-compositeur":[],"frise":[],"type-devenement":[],"tableaux-liens-externes":[],"class_list":["post-107804","post","type-post","status-publish","format-standard","has-post-thumbnail","hentry","category-cd-it","category-ultimi-acquisti-it","genre-giudeo-spagnolo-it"],"acf":[],"yoast_head":"<!-- This site is optimized with the Yoast SEO plugin v27.3 - https:\/\/yoast.com\/product\/yoast-seo-wordpress\/ -->\n<title>Sefarad in the piano - Toni Costa - Institut Europ\u00e9en des Musiques Juives<\/title>\n<meta name=\"robots\" content=\"index, follow, max-snippet:-1, max-image-preview:large, max-video-preview:-1\" \/>\n<link rel=\"canonical\" href=\"https:\/\/www.iemj.org\/it\/sefarad-in-the-piano-toni-costa\/\" \/>\n<meta property=\"og:locale\" content=\"it_IT\" \/>\n<meta property=\"og:type\" content=\"article\" \/>\n<meta property=\"og:title\" content=\"Sefarad in the piano - Toni Costa - Institut Europ\u00e9en des Musiques Juives\" \/>\n<meta property=\"og:description\" content=\"Ispirato alla poesia popolare giudeo-spagnola, al jazz, alla musica antica ed ai ritmi popolari del flamenco, questo disco originale presenta 10 melodie giudeo-spagnole rivisitate dal pianista Toni Costa. Nato a\" \/>\n<meta property=\"og:url\" content=\"https:\/\/www.iemj.org\/it\/sefarad-in-the-piano-toni-costa\/\" \/>\n<meta property=\"og:site_name\" content=\"Institut Europ\u00e9en des Musiques Juives\" \/>\n<meta property=\"article:publisher\" content=\"https:\/\/www.facebook.com\/MusiquesJuives\/\" \/>\n<meta property=\"article:published_time\" content=\"2024-01-17T16:24:41+00:00\" \/>\n<meta property=\"article:modified_time\" content=\"2025-10-19T15:24:21+00:00\" \/>\n<meta property=\"og:image\" content=\"https:\/\/www.iemj.org\/wp-content\/uploads\/2024\/01\/COUV-Toni-Costa_350x314-px.jpg\" \/>\n\t<meta property=\"og:image:width\" content=\"350\" \/>\n\t<meta property=\"og:image:height\" content=\"314\" \/>\n\t<meta property=\"og:image:type\" content=\"image\/jpeg\" \/>\n<meta name=\"author\" content=\"Jacqueline ROTEN\" \/>\n<meta name=\"twitter:card\" content=\"summary_large_image\" \/>\n<meta name=\"twitter:label1\" content=\"Scritto da\" \/>\n\t<meta name=\"twitter:data1\" content=\"Jacqueline ROTEN\" \/>\n\t<meta name=\"twitter:label2\" content=\"Tempo di lettura stimato\" \/>\n\t<meta name=\"twitter:data2\" content=\"3 minuti\" \/>\n<script type=\"application\/ld+json\" class=\"yoast-schema-graph\">{\"@context\":\"https:\\\/\\\/schema.org\",\"@graph\":[{\"@type\":\"Article\",\"@id\":\"https:\\\/\\\/www.iemj.org\\\/it\\\/sefarad-in-the-piano-toni-costa\\\/#article\",\"isPartOf\":{\"@id\":\"https:\\\/\\\/www.iemj.org\\\/it\\\/sefarad-in-the-piano-toni-costa\\\/\"},\"author\":{\"name\":\"Jacqueline ROTEN\",\"@id\":\"https:\\\/\\\/www.iemj.org\\\/it\\\/#\\\/schema\\\/person\\\/358e26c18aca017fcc4cc15437f7279c\"},\"headline\":\"Sefarad in the piano &#8211; Toni Costa\",\"datePublished\":\"2024-01-17T16:24:41+00:00\",\"dateModified\":\"2025-10-19T15:24:21+00:00\",\"mainEntityOfPage\":{\"@id\":\"https:\\\/\\\/www.iemj.org\\\/it\\\/sefarad-in-the-piano-toni-costa\\\/\"},\"wordCount\":377,\"publisher\":{\"@id\":\"https:\\\/\\\/www.iemj.org\\\/it\\\/#organization\"},\"image\":{\"@id\":\"https:\\\/\\\/www.iemj.org\\\/it\\\/sefarad-in-the-piano-toni-costa\\\/#primaryimage\"},\"thumbnailUrl\":\"https:\\\/\\\/www.iemj.org\\\/wp-content\\\/uploads\\\/2024\\\/01\\\/COUV-Toni-Costa_350x314-px.jpg\",\"articleSection\":[\"CD\",\"Ultimi acquisti\"],\"inLanguage\":\"it-IT\"},{\"@type\":\"WebPage\",\"@id\":\"https:\\\/\\\/www.iemj.org\\\/it\\\/sefarad-in-the-piano-toni-costa\\\/\",\"url\":\"https:\\\/\\\/www.iemj.org\\\/it\\\/sefarad-in-the-piano-toni-costa\\\/\",\"name\":\"Sefarad in the piano - Toni Costa - Institut Europ\u00e9en des Musiques Juives\",\"isPartOf\":{\"@id\":\"https:\\\/\\\/www.iemj.org\\\/it\\\/#website\"},\"primaryImageOfPage\":{\"@id\":\"https:\\\/\\\/www.iemj.org\\\/it\\\/sefarad-in-the-piano-toni-costa\\\/#primaryimage\"},\"image\":{\"@id\":\"https:\\\/\\\/www.iemj.org\\\/it\\\/sefarad-in-the-piano-toni-costa\\\/#primaryimage\"},\"thumbnailUrl\":\"https:\\\/\\\/www.iemj.org\\\/wp-content\\\/uploads\\\/2024\\\/01\\\/COUV-Toni-Costa_350x314-px.jpg\",\"datePublished\":\"2024-01-17T16:24:41+00:00\",\"dateModified\":\"2025-10-19T15:24:21+00:00\",\"breadcrumb\":{\"@id\":\"https:\\\/\\\/www.iemj.org\\\/it\\\/sefarad-in-the-piano-toni-costa\\\/#breadcrumb\"},\"inLanguage\":\"it-IT\",\"potentialAction\":[{\"@type\":\"ReadAction\",\"target\":[\"https:\\\/\\\/www.iemj.org\\\/it\\\/sefarad-in-the-piano-toni-costa\\\/\"]}]},{\"@type\":\"ImageObject\",\"inLanguage\":\"it-IT\",\"@id\":\"https:\\\/\\\/www.iemj.org\\\/it\\\/sefarad-in-the-piano-toni-costa\\\/#primaryimage\",\"url\":\"https:\\\/\\\/www.iemj.org\\\/wp-content\\\/uploads\\\/2024\\\/01\\\/COUV-Toni-Costa_350x314-px.jpg\",\"contentUrl\":\"https:\\\/\\\/www.iemj.org\\\/wp-content\\\/uploads\\\/2024\\\/01\\\/COUV-Toni-Costa_350x314-px.jpg\",\"width\":350,\"height\":314},{\"@type\":\"BreadcrumbList\",\"@id\":\"https:\\\/\\\/www.iemj.org\\\/it\\\/sefarad-in-the-piano-toni-costa\\\/#breadcrumb\",\"itemListElement\":[{\"@type\":\"ListItem\",\"position\":1,\"name\":\"Accueil\",\"item\":\"https:\\\/\\\/www.iemj.org\\\/it\\\/\"},{\"@type\":\"ListItem\",\"position\":2,\"name\":\"Sefarad in the piano &#8211; Toni Costa\"}]},{\"@type\":\"WebSite\",\"@id\":\"https:\\\/\\\/www.iemj.org\\\/it\\\/#website\",\"url\":\"https:\\\/\\\/www.iemj.org\\\/it\\\/\",\"name\":\"Institut Europ\u00e9en des Musiques Juives\",\"description\":\"Des traditions musicales \u00e0 la port\u00e9e de tous\",\"publisher\":{\"@id\":\"https:\\\/\\\/www.iemj.org\\\/it\\\/#organization\"},\"potentialAction\":[{\"@type\":\"SearchAction\",\"target\":{\"@type\":\"EntryPoint\",\"urlTemplate\":\"https:\\\/\\\/www.iemj.org\\\/it\\\/?s={search_term_string}\"},\"query-input\":{\"@type\":\"PropertyValueSpecification\",\"valueRequired\":true,\"valueName\":\"search_term_string\"}}],\"inLanguage\":\"it-IT\"},{\"@type\":\"Organization\",\"@id\":\"https:\\\/\\\/www.iemj.org\\\/it\\\/#organization\",\"name\":\"Institut Europ\u00e9en des Musiques Juives\",\"url\":\"https:\\\/\\\/www.iemj.org\\\/it\\\/\",\"logo\":{\"@type\":\"ImageObject\",\"inLanguage\":\"it-IT\",\"@id\":\"https:\\\/\\\/www.iemj.org\\\/it\\\/#\\\/schema\\\/logo\\\/image\\\/\",\"url\":\"https:\\\/\\\/www.iemj.org\\\/wp-content\\\/uploads\\\/2021\\\/09\\\/Logo-IEMJ-Paypal.jpg\",\"contentUrl\":\"https:\\\/\\\/www.iemj.org\\\/wp-content\\\/uploads\\\/2021\\\/09\\\/Logo-IEMJ-Paypal.jpg\",\"width\":150,\"height\":50,\"caption\":\"Institut Europ\u00e9en des Musiques Juives\"},\"image\":{\"@id\":\"https:\\\/\\\/www.iemj.org\\\/it\\\/#\\\/schema\\\/logo\\\/image\\\/\"},\"sameAs\":[\"https:\\\/\\\/www.facebook.com\\\/MusiquesJuives\\\/\",\"https:\\\/\\\/www.instagram.com\\\/musiquesjuives\\\/\",\"https:\\\/\\\/www.youtube.com\\\/user\\\/musiquesjuives\"]},{\"@type\":\"Person\",\"@id\":\"https:\\\/\\\/www.iemj.org\\\/it\\\/#\\\/schema\\\/person\\\/358e26c18aca017fcc4cc15437f7279c\",\"name\":\"Jacqueline ROTEN\",\"image\":{\"@type\":\"ImageObject\",\"inLanguage\":\"it-IT\",\"@id\":\"https:\\\/\\\/secure.gravatar.com\\\/avatar\\\/5964256d6c6957de3a3505278957e0fb2a35119ac47ea41827a65301213c810b?s=96&d=mm&r=g\",\"url\":\"https:\\\/\\\/secure.gravatar.com\\\/avatar\\\/5964256d6c6957de3a3505278957e0fb2a35119ac47ea41827a65301213c810b?s=96&d=mm&r=g\",\"contentUrl\":\"https:\\\/\\\/secure.gravatar.com\\\/avatar\\\/5964256d6c6957de3a3505278957e0fb2a35119ac47ea41827a65301213c810b?s=96&d=mm&r=g\",\"caption\":\"Jacqueline ROTEN\"}}]}<\/script>\n<!-- \/ Yoast SEO plugin. -->","yoast_head_json":{"title":"Sefarad in the piano - Toni Costa - Institut Europ\u00e9en des Musiques Juives","robots":{"index":"index","follow":"follow","max-snippet":"max-snippet:-1","max-image-preview":"max-image-preview:large","max-video-preview":"max-video-preview:-1"},"canonical":"https:\/\/www.iemj.org\/it\/sefarad-in-the-piano-toni-costa\/","og_locale":"it_IT","og_type":"article","og_title":"Sefarad in the piano - Toni Costa - Institut Europ\u00e9en des Musiques Juives","og_description":"Ispirato alla poesia popolare giudeo-spagnola, al jazz, alla musica antica ed ai ritmi popolari del flamenco, questo disco originale presenta 10 melodie giudeo-spagnole rivisitate dal pianista Toni Costa. Nato a","og_url":"https:\/\/www.iemj.org\/it\/sefarad-in-the-piano-toni-costa\/","og_site_name":"Institut Europ\u00e9en des Musiques Juives","article_publisher":"https:\/\/www.facebook.com\/MusiquesJuives\/","article_published_time":"2024-01-17T16:24:41+00:00","article_modified_time":"2025-10-19T15:24:21+00:00","og_image":[{"width":350,"height":314,"url":"https:\/\/www.iemj.org\/wp-content\/uploads\/2024\/01\/COUV-Toni-Costa_350x314-px.jpg","type":"image\/jpeg"}],"author":"Jacqueline ROTEN","twitter_card":"summary_large_image","twitter_misc":{"Scritto da":"Jacqueline ROTEN","Tempo di lettura stimato":"3 minuti"},"schema":{"@context":"https:\/\/schema.org","@graph":[{"@type":"Article","@id":"https:\/\/www.iemj.org\/it\/sefarad-in-the-piano-toni-costa\/#article","isPartOf":{"@id":"https:\/\/www.iemj.org\/it\/sefarad-in-the-piano-toni-costa\/"},"author":{"name":"Jacqueline ROTEN","@id":"https:\/\/www.iemj.org\/it\/#\/schema\/person\/358e26c18aca017fcc4cc15437f7279c"},"headline":"Sefarad in the piano &#8211; Toni Costa","datePublished":"2024-01-17T16:24:41+00:00","dateModified":"2025-10-19T15:24:21+00:00","mainEntityOfPage":{"@id":"https:\/\/www.iemj.org\/it\/sefarad-in-the-piano-toni-costa\/"},"wordCount":377,"publisher":{"@id":"https:\/\/www.iemj.org\/it\/#organization"},"image":{"@id":"https:\/\/www.iemj.org\/it\/sefarad-in-the-piano-toni-costa\/#primaryimage"},"thumbnailUrl":"https:\/\/www.iemj.org\/wp-content\/uploads\/2024\/01\/COUV-Toni-Costa_350x314-px.jpg","articleSection":["CD","Ultimi acquisti"],"inLanguage":"it-IT"},{"@type":"WebPage","@id":"https:\/\/www.iemj.org\/it\/sefarad-in-the-piano-toni-costa\/","url":"https:\/\/www.iemj.org\/it\/sefarad-in-the-piano-toni-costa\/","name":"Sefarad in the piano - Toni Costa - Institut Europ\u00e9en des Musiques Juives","isPartOf":{"@id":"https:\/\/www.iemj.org\/it\/#website"},"primaryImageOfPage":{"@id":"https:\/\/www.iemj.org\/it\/sefarad-in-the-piano-toni-costa\/#primaryimage"},"image":{"@id":"https:\/\/www.iemj.org\/it\/sefarad-in-the-piano-toni-costa\/#primaryimage"},"thumbnailUrl":"https:\/\/www.iemj.org\/wp-content\/uploads\/2024\/01\/COUV-Toni-Costa_350x314-px.jpg","datePublished":"2024-01-17T16:24:41+00:00","dateModified":"2025-10-19T15:24:21+00:00","breadcrumb":{"@id":"https:\/\/www.iemj.org\/it\/sefarad-in-the-piano-toni-costa\/#breadcrumb"},"inLanguage":"it-IT","potentialAction":[{"@type":"ReadAction","target":["https:\/\/www.iemj.org\/it\/sefarad-in-the-piano-toni-costa\/"]}]},{"@type":"ImageObject","inLanguage":"it-IT","@id":"https:\/\/www.iemj.org\/it\/sefarad-in-the-piano-toni-costa\/#primaryimage","url":"https:\/\/www.iemj.org\/wp-content\/uploads\/2024\/01\/COUV-Toni-Costa_350x314-px.jpg","contentUrl":"https:\/\/www.iemj.org\/wp-content\/uploads\/2024\/01\/COUV-Toni-Costa_350x314-px.jpg","width":350,"height":314},{"@type":"BreadcrumbList","@id":"https:\/\/www.iemj.org\/it\/sefarad-in-the-piano-toni-costa\/#breadcrumb","itemListElement":[{"@type":"ListItem","position":1,"name":"Accueil","item":"https:\/\/www.iemj.org\/it\/"},{"@type":"ListItem","position":2,"name":"Sefarad in the piano &#8211; Toni Costa"}]},{"@type":"WebSite","@id":"https:\/\/www.iemj.org\/it\/#website","url":"https:\/\/www.iemj.org\/it\/","name":"Institut Europ\u00e9en des Musiques Juives","description":"Des traditions musicales \u00e0 la port\u00e9e de tous","publisher":{"@id":"https:\/\/www.iemj.org\/it\/#organization"},"potentialAction":[{"@type":"SearchAction","target":{"@type":"EntryPoint","urlTemplate":"https:\/\/www.iemj.org\/it\/?s={search_term_string}"},"query-input":{"@type":"PropertyValueSpecification","valueRequired":true,"valueName":"search_term_string"}}],"inLanguage":"it-IT"},{"@type":"Organization","@id":"https:\/\/www.iemj.org\/it\/#organization","name":"Institut Europ\u00e9en des Musiques Juives","url":"https:\/\/www.iemj.org\/it\/","logo":{"@type":"ImageObject","inLanguage":"it-IT","@id":"https:\/\/www.iemj.org\/it\/#\/schema\/logo\/image\/","url":"https:\/\/www.iemj.org\/wp-content\/uploads\/2021\/09\/Logo-IEMJ-Paypal.jpg","contentUrl":"https:\/\/www.iemj.org\/wp-content\/uploads\/2021\/09\/Logo-IEMJ-Paypal.jpg","width":150,"height":50,"caption":"Institut Europ\u00e9en des Musiques Juives"},"image":{"@id":"https:\/\/www.iemj.org\/it\/#\/schema\/logo\/image\/"},"sameAs":["https:\/\/www.facebook.com\/MusiquesJuives\/","https:\/\/www.instagram.com\/musiquesjuives\/","https:\/\/www.youtube.com\/user\/musiquesjuives"]},{"@type":"Person","@id":"https:\/\/www.iemj.org\/it\/#\/schema\/person\/358e26c18aca017fcc4cc15437f7279c","name":"Jacqueline ROTEN","image":{"@type":"ImageObject","inLanguage":"it-IT","@id":"https:\/\/secure.gravatar.com\/avatar\/5964256d6c6957de3a3505278957e0fb2a35119ac47ea41827a65301213c810b?s=96&d=mm&r=g","url":"https:\/\/secure.gravatar.com\/avatar\/5964256d6c6957de3a3505278957e0fb2a35119ac47ea41827a65301213c810b?s=96&d=mm&r=g","contentUrl":"https:\/\/secure.gravatar.com\/avatar\/5964256d6c6957de3a3505278957e0fb2a35119ac47ea41827a65301213c810b?s=96&d=mm&r=g","caption":"Jacqueline ROTEN"}}]}},"_links":{"self":[{"href":"https:\/\/www.iemj.org\/it\/wp-json\/wp\/v2\/posts\/107804","targetHints":{"allow":["GET"]}}],"collection":[{"href":"https:\/\/www.iemj.org\/it\/wp-json\/wp\/v2\/posts"}],"about":[{"href":"https:\/\/www.iemj.org\/it\/wp-json\/wp\/v2\/types\/post"}],"author":[{"embeddable":true,"href":"https:\/\/www.iemj.org\/it\/wp-json\/wp\/v2\/users\/5"}],"replies":[{"embeddable":true,"href":"https:\/\/www.iemj.org\/it\/wp-json\/wp\/v2\/comments?post=107804"}],"version-history":[{"count":1,"href":"https:\/\/www.iemj.org\/it\/wp-json\/wp\/v2\/posts\/107804\/revisions"}],"predecessor-version":[{"id":127158,"href":"https:\/\/www.iemj.org\/it\/wp-json\/wp\/v2\/posts\/107804\/revisions\/127158"}],"wp:featuredmedia":[{"embeddable":true,"href":"https:\/\/www.iemj.org\/it\/wp-json\/wp\/v2\/media\/107742"}],"wp:attachment":[{"href":"https:\/\/www.iemj.org\/it\/wp-json\/wp\/v2\/media?parent=107804"}],"wp:term":[{"taxonomy":"category","embeddable":true,"href":"https:\/\/www.iemj.org\/it\/wp-json\/wp\/v2\/categories?post=107804"},{"taxonomy":"post_tag","embeddable":true,"href":"https:\/\/www.iemj.org\/it\/wp-json\/wp\/v2\/tags?post=107804"},{"taxonomy":"technique","embeddable":true,"href":"https:\/\/www.iemj.org\/it\/wp-json\/wp\/v2\/technique?post=107804"},{"taxonomy":"squelettes","embeddable":true,"href":"https:\/\/www.iemj.org\/it\/wp-json\/wp\/v2\/squelettes?post=107804"},{"taxonomy":"sujet","embeddable":true,"href":"https:\/\/www.iemj.org\/it\/wp-json\/wp\/v2\/sujet?post=107804"},{"taxonomy":"formation","embeddable":true,"href":"https:\/\/www.iemj.org\/it\/wp-json\/wp\/v2\/formation?post=107804"},{"taxonomy":"genre","embeddable":true,"href":"https:\/\/www.iemj.org\/it\/wp-json\/wp\/v2\/genre?post=107804"},{"taxonomy":"fonds","embeddable":true,"href":"https:\/\/www.iemj.org\/it\/wp-json\/wp\/v2\/fonds?post=107804"},{"taxonomy":"tradition","embeddable":true,"href":"https:\/\/www.iemj.org\/it\/wp-json\/wp\/v2\/tradition?post=107804"},{"taxonomy":"type-de-contenu","embeddable":true,"href":"https:\/\/www.iemj.org\/it\/wp-json\/wp\/v2\/type-de-contenu?post=107804"},{"taxonomy":"interprete-compositeur","embeddable":true,"href":"https:\/\/www.iemj.org\/it\/wp-json\/wp\/v2\/interprete-compositeur?post=107804"},{"taxonomy":"frise","embeddable":true,"href":"https:\/\/www.iemj.org\/it\/wp-json\/wp\/v2\/frise?post=107804"},{"taxonomy":"type-devenement","embeddable":true,"href":"https:\/\/www.iemj.org\/it\/wp-json\/wp\/v2\/type-devenement?post=107804"},{"taxonomy":"tableaux-liens-externes","embeddable":true,"href":"https:\/\/www.iemj.org\/it\/wp-json\/wp\/v2\/tableaux-liens-externes?post=107804"}],"curies":[{"name":"wp","href":"https:\/\/api.w.org\/{rel}","templated":true}]}}