{"id":108067,"date":"2013-05-19T09:56:40","date_gmt":"2013-05-19T07:56:40","guid":{"rendered":"https:\/\/www.iemj.org\/le-passant-du-pont-de-leurope-charles-valentin-alkan-entre-tradition-et-modernite\/"},"modified":"2024-01-23T11:52:13","modified_gmt":"2024-01-23T10:52:13","slug":"le-passant-du-pont-de-leurope-charles-valentin-alkan-entre-tradition-et-modernite","status":"publish","type":"post","link":"https:\/\/www.iemj.org\/it\/le-passant-du-pont-de-leurope-charles-valentin-alkan-entre-tradition-et-modernite\/","title":{"rendered":"Le Passant du pont de l&#8217;Europe : Charles-Valentin Alkan, entre tradition et modernit\u00e9"},"content":{"rendered":"<p class=\"post_excerpt\">Editions Massoreth, 2013, 356 p.<\/p>\n<p><!--more--><\/p>\n<p>Nell&#8217;aprile del 1844, all&#8217;indomani di un applauditissimo recital in cui &#8220;tra tutti i battimani si distinguevano George Sand, Alexandre Dumas, Liszt, Chopin&#8230;&#8221;, La France musicale non nascondeva il suo entusiasmo: &#8220;Il talento di Alkan \u00e8 esploso&#8230;. Alkan \u00e8 niente meno che un artista di genio&#8221;!<br \/>\nAl festival Musica Intima di Liegi nel 2012, unico compositore del XIX secolo invitato a esibirsi accanto a Cowell, Nancarrow e Cage, Alkan \u00e8 stato considerato &#8220;il primo &#8220;machinique&#8221;, il primo post-modem&#8221;. Busoni lo considerava, insieme a Chopin, Schumann, Liszt e Brahms, uno dei cinque pi\u00f9 grandi compositori per pianoforte dopo Beethoven.<\/p>\n<p>Charles Valentin Alkan (1813-1888), compositore, virtuoso ed insegnante, costru\u00ec un mondo interiore di letture classiche, traduzioni e studi approfonditi della Bibbia, poich\u00e9 il testo biblico era per lui di fondamentale importanza. Alcune sue opere, legate alla sua tradizione ebraica, sembrano rivelare un vero e proprio approccio esegetico &#8211; simile a quello di Johann Sebastian Bach &#8211; che offre diversi livelli di decifrazione. Nel XIX secolo, quando l&#8217;idea di progresso, anche in ambito religioso, avrebbe reso obsoleto il messaggio trasmesso dalla tradizione, Alkan scelse la &#8220;retta via, senza debolezze n\u00e9 cedimenti&#8221;, diventando, secondo Le Menestrel (aprile 1888), &#8220;un esempio ed un modello per tutti coloro che, come lui, hanno il culto del bello, del vero e del buono&#8221;. Perseverando nel suo essere spirituale, rimanendo aperto alle innovazioni del suo tempo e addirittura precedendole in termini pianistici, Alkan \u00e8 attuale e ci ricorda l&#8217;importanza di trasmettere i valori umanistici da una generazione all&#8217;altra.<\/p>\n<p>(Estratto dal libro di Anny Kessous Dreyfuss)<\/p>\n<p><a href=\"https:\/\/www.lalibrairie.com\/livres\/le-passant-du-pont-de-l-europe--charles-valentin-alkan--entre-tradition-et-modernite_0-1699715_9782911942174.html\" target=\"_blank\" rel=\"noopener\">Ordinare il libro<\/a><br \/>\n<a href=\"https:\/\/www.iemj.org\/it\/alkan-charles-valentin-1813-1888\/\" target=\"_blank\" rel=\"noopener\">Per saperne di pi\u00f9 su Alkan<\/a><\/p>\n","protected":false},"excerpt":{"rendered":"<p>Editions Massoreth, 2013, 356 p.<\/p>\n","protected":false},"author":1045,"featured_media":108068,"comment_status":"closed","ping_status":"open","sticky":false,"template":"","format":"standard","meta":{"_acf_changed":false,"footnotes":""},"categories":[1576,1564],"tags":[],"technique":[],"squelettes":[],"sujet":[],"formation":[],"genre":[],"fonds":[],"tradition":[],"type-de-contenu":[],"interprete-compositeur":[3114],"frise":[],"type-devenement":[],"tableaux-liens-externes":[],"class_list":["post-108067","post","type-post","status-publish","format-standard","has-post-thumbnail","hentry","category-libri-articoli-it","category-ultimi-acquisti-it","interprete-compositeur-charles-valentin-alkan-it"],"acf":[],"yoast_head":"<!-- This site is optimized with the Yoast SEO plugin v27.3 - https:\/\/yoast.com\/product\/yoast-seo-wordpress\/ -->\n<title>Le Passant du pont de l&#039;Europe : Charles-Valentin Alkan, entre tradition et modernit\u00e9 - Institut Europ\u00e9en des Musiques Juives<\/title>\n<meta name=\"robots\" content=\"index, follow, max-snippet:-1, max-image-preview:large, max-video-preview:-1\" \/>\n<link rel=\"canonical\" href=\"https:\/\/www.iemj.org\/it\/le-passant-du-pont-de-leurope-charles-valentin-alkan-entre-tradition-et-modernite\/\" \/>\n<meta property=\"og:locale\" content=\"it_IT\" \/>\n<meta property=\"og:type\" content=\"article\" \/>\n<meta property=\"og:title\" content=\"Le Passant du pont de l&#039;Europe : Charles-Valentin Alkan, entre tradition et modernit\u00e9 - Institut Europ\u00e9en des Musiques Juives\" \/>\n<meta property=\"og:description\" content=\"Editions Massoreth, 2013, 356 p.\" \/>\n<meta property=\"og:url\" content=\"https:\/\/www.iemj.org\/it\/le-passant-du-pont-de-leurope-charles-valentin-alkan-entre-tradition-et-modernite\/\" \/>\n<meta property=\"og:site_name\" content=\"Institut Europ\u00e9en des Musiques Juives\" \/>\n<meta property=\"article:publisher\" content=\"https:\/\/www.facebook.com\/MusiquesJuives\/\" \/>\n<meta property=\"article:published_time\" content=\"2013-05-19T07:56:40+00:00\" \/>\n<meta property=\"article:modified_time\" content=\"2024-01-23T10:52:13+00:00\" \/>\n<meta property=\"og:image\" content=\"https:\/\/www.iemj.org\/wp-content\/uploads\/2013\/05\/arton697-e1619627048818.jpg\" \/>\n\t<meta property=\"og:image:width\" content=\"350\" \/>\n\t<meta property=\"og:image:height\" content=\"464\" \/>\n\t<meta property=\"og:image:type\" content=\"image\/jpeg\" \/>\n<meta name=\"author\" content=\"Herv\u00e9 Roten\" \/>\n<meta name=\"twitter:card\" content=\"summary_large_image\" \/>\n<meta name=\"twitter:label1\" content=\"Scritto da\" \/>\n\t<meta name=\"twitter:data1\" content=\"Herv\u00e9 Roten\" \/>\n\t<meta name=\"twitter:label2\" content=\"Tempo di lettura stimato\" \/>\n\t<meta name=\"twitter:data2\" content=\"2 minuti\" \/>\n<script type=\"application\/ld+json\" class=\"yoast-schema-graph\">{\"@context\":\"https:\\\/\\\/schema.org\",\"@graph\":[{\"@type\":\"Article\",\"@id\":\"https:\\\/\\\/www.iemj.org\\\/it\\\/le-passant-du-pont-de-leurope-charles-valentin-alkan-entre-tradition-et-modernite\\\/#article\",\"isPartOf\":{\"@id\":\"https:\\\/\\\/www.iemj.org\\\/it\\\/le-passant-du-pont-de-leurope-charles-valentin-alkan-entre-tradition-et-modernite\\\/\"},\"author\":{\"name\":\"Herv\u00e9 Roten\",\"@id\":\"https:\\\/\\\/www.iemj.org\\\/it\\\/#\\\/schema\\\/person\\\/906134402c29d5c76e7b726261dd4bbd\"},\"headline\":\"Le Passant du pont de l&#8217;Europe : Charles-Valentin Alkan, entre tradition et modernit\u00e9\",\"datePublished\":\"2013-05-19T07:56:40+00:00\",\"dateModified\":\"2024-01-23T10:52:13+00:00\",\"mainEntityOfPage\":{\"@id\":\"https:\\\/\\\/www.iemj.org\\\/it\\\/le-passant-du-pont-de-leurope-charles-valentin-alkan-entre-tradition-et-modernite\\\/\"},\"wordCount\":278,\"publisher\":{\"@id\":\"https:\\\/\\\/www.iemj.org\\\/it\\\/#organization\"},\"image\":{\"@id\":\"https:\\\/\\\/www.iemj.org\\\/it\\\/le-passant-du-pont-de-leurope-charles-valentin-alkan-entre-tradition-et-modernite\\\/#primaryimage\"},\"thumbnailUrl\":\"https:\\\/\\\/www.iemj.org\\\/wp-content\\\/uploads\\\/2013\\\/05\\\/arton697-e1619627048818.jpg\",\"articleSection\":[\"Libri, articoli\",\"Ultimi acquisti\"],\"inLanguage\":\"it-IT\"},{\"@type\":\"WebPage\",\"@id\":\"https:\\\/\\\/www.iemj.org\\\/it\\\/le-passant-du-pont-de-leurope-charles-valentin-alkan-entre-tradition-et-modernite\\\/\",\"url\":\"https:\\\/\\\/www.iemj.org\\\/it\\\/le-passant-du-pont-de-leurope-charles-valentin-alkan-entre-tradition-et-modernite\\\/\",\"name\":\"Le Passant du pont de l'Europe : Charles-Valentin Alkan, entre tradition et modernit\u00e9 - Institut Europ\u00e9en des Musiques Juives\",\"isPartOf\":{\"@id\":\"https:\\\/\\\/www.iemj.org\\\/it\\\/#website\"},\"primaryImageOfPage\":{\"@id\":\"https:\\\/\\\/www.iemj.org\\\/it\\\/le-passant-du-pont-de-leurope-charles-valentin-alkan-entre-tradition-et-modernite\\\/#primaryimage\"},\"image\":{\"@id\":\"https:\\\/\\\/www.iemj.org\\\/it\\\/le-passant-du-pont-de-leurope-charles-valentin-alkan-entre-tradition-et-modernite\\\/#primaryimage\"},\"thumbnailUrl\":\"https:\\\/\\\/www.iemj.org\\\/wp-content\\\/uploads\\\/2013\\\/05\\\/arton697-e1619627048818.jpg\",\"datePublished\":\"2013-05-19T07:56:40+00:00\",\"dateModified\":\"2024-01-23T10:52:13+00:00\",\"breadcrumb\":{\"@id\":\"https:\\\/\\\/www.iemj.org\\\/it\\\/le-passant-du-pont-de-leurope-charles-valentin-alkan-entre-tradition-et-modernite\\\/#breadcrumb\"},\"inLanguage\":\"it-IT\",\"potentialAction\":[{\"@type\":\"ReadAction\",\"target\":[\"https:\\\/\\\/www.iemj.org\\\/it\\\/le-passant-du-pont-de-leurope-charles-valentin-alkan-entre-tradition-et-modernite\\\/\"]}]},{\"@type\":\"ImageObject\",\"inLanguage\":\"it-IT\",\"@id\":\"https:\\\/\\\/www.iemj.org\\\/it\\\/le-passant-du-pont-de-leurope-charles-valentin-alkan-entre-tradition-et-modernite\\\/#primaryimage\",\"url\":\"https:\\\/\\\/www.iemj.org\\\/wp-content\\\/uploads\\\/2013\\\/05\\\/arton697-e1619627048818.jpg\",\"contentUrl\":\"https:\\\/\\\/www.iemj.org\\\/wp-content\\\/uploads\\\/2013\\\/05\\\/arton697-e1619627048818.jpg\",\"width\":350,\"height\":464},{\"@type\":\"BreadcrumbList\",\"@id\":\"https:\\\/\\\/www.iemj.org\\\/it\\\/le-passant-du-pont-de-leurope-charles-valentin-alkan-entre-tradition-et-modernite\\\/#breadcrumb\",\"itemListElement\":[{\"@type\":\"ListItem\",\"position\":1,\"name\":\"Accueil\",\"item\":\"https:\\\/\\\/www.iemj.org\\\/it\\\/\"},{\"@type\":\"ListItem\",\"position\":2,\"name\":\"Le Passant du pont de l&#8217;Europe : Charles-Valentin Alkan, entre tradition et modernit\u00e9\"}]},{\"@type\":\"WebSite\",\"@id\":\"https:\\\/\\\/www.iemj.org\\\/it\\\/#website\",\"url\":\"https:\\\/\\\/www.iemj.org\\\/it\\\/\",\"name\":\"Institut Europ\u00e9en des Musiques Juives\",\"description\":\"Des traditions musicales \u00e0 la port\u00e9e de tous\",\"publisher\":{\"@id\":\"https:\\\/\\\/www.iemj.org\\\/it\\\/#organization\"},\"potentialAction\":[{\"@type\":\"SearchAction\",\"target\":{\"@type\":\"EntryPoint\",\"urlTemplate\":\"https:\\\/\\\/www.iemj.org\\\/it\\\/?s={search_term_string}\"},\"query-input\":{\"@type\":\"PropertyValueSpecification\",\"valueRequired\":true,\"valueName\":\"search_term_string\"}}],\"inLanguage\":\"it-IT\"},{\"@type\":\"Organization\",\"@id\":\"https:\\\/\\\/www.iemj.org\\\/it\\\/#organization\",\"name\":\"Institut Europ\u00e9en des Musiques Juives\",\"url\":\"https:\\\/\\\/www.iemj.org\\\/it\\\/\",\"logo\":{\"@type\":\"ImageObject\",\"inLanguage\":\"it-IT\",\"@id\":\"https:\\\/\\\/www.iemj.org\\\/it\\\/#\\\/schema\\\/logo\\\/image\\\/\",\"url\":\"https:\\\/\\\/www.iemj.org\\\/wp-content\\\/uploads\\\/2021\\\/09\\\/Logo-IEMJ-Paypal.jpg\",\"contentUrl\":\"https:\\\/\\\/www.iemj.org\\\/wp-content\\\/uploads\\\/2021\\\/09\\\/Logo-IEMJ-Paypal.jpg\",\"width\":150,\"height\":50,\"caption\":\"Institut Europ\u00e9en des Musiques Juives\"},\"image\":{\"@id\":\"https:\\\/\\\/www.iemj.org\\\/it\\\/#\\\/schema\\\/logo\\\/image\\\/\"},\"sameAs\":[\"https:\\\/\\\/www.facebook.com\\\/MusiquesJuives\\\/\",\"https:\\\/\\\/www.instagram.com\\\/musiquesjuives\\\/\",\"https:\\\/\\\/www.youtube.com\\\/user\\\/musiquesjuives\"]},{\"@type\":\"Person\",\"@id\":\"https:\\\/\\\/www.iemj.org\\\/it\\\/#\\\/schema\\\/person\\\/906134402c29d5c76e7b726261dd4bbd\",\"name\":\"Herv\u00e9 Roten\",\"image\":{\"@type\":\"ImageObject\",\"inLanguage\":\"it-IT\",\"@id\":\"https:\\\/\\\/secure.gravatar.com\\\/avatar\\\/f96ad2db538a26481f18384936b5cd0610c92d390c4dc382209216d455f685ff?s=96&d=mm&r=g\",\"url\":\"https:\\\/\\\/secure.gravatar.com\\\/avatar\\\/f96ad2db538a26481f18384936b5cd0610c92d390c4dc382209216d455f685ff?s=96&d=mm&r=g\",\"contentUrl\":\"https:\\\/\\\/secure.gravatar.com\\\/avatar\\\/f96ad2db538a26481f18384936b5cd0610c92d390c4dc382209216d455f685ff?s=96&d=mm&r=g\",\"caption\":\"Herv\u00e9 Roten\"}}]}<\/script>\n<!-- \/ Yoast SEO plugin. -->","yoast_head_json":{"title":"Le Passant du pont de l'Europe : Charles-Valentin Alkan, entre tradition et modernit\u00e9 - Institut Europ\u00e9en des Musiques Juives","robots":{"index":"index","follow":"follow","max-snippet":"max-snippet:-1","max-image-preview":"max-image-preview:large","max-video-preview":"max-video-preview:-1"},"canonical":"https:\/\/www.iemj.org\/it\/le-passant-du-pont-de-leurope-charles-valentin-alkan-entre-tradition-et-modernite\/","og_locale":"it_IT","og_type":"article","og_title":"Le Passant du pont de l'Europe : Charles-Valentin Alkan, entre tradition et modernit\u00e9 - Institut Europ\u00e9en des Musiques Juives","og_description":"Editions Massoreth, 2013, 356 p.","og_url":"https:\/\/www.iemj.org\/it\/le-passant-du-pont-de-leurope-charles-valentin-alkan-entre-tradition-et-modernite\/","og_site_name":"Institut Europ\u00e9en des Musiques Juives","article_publisher":"https:\/\/www.facebook.com\/MusiquesJuives\/","article_published_time":"2013-05-19T07:56:40+00:00","article_modified_time":"2024-01-23T10:52:13+00:00","og_image":[{"width":350,"height":464,"url":"https:\/\/www.iemj.org\/wp-content\/uploads\/2013\/05\/arton697-e1619627048818.jpg","type":"image\/jpeg"}],"author":"Herv\u00e9 Roten","twitter_card":"summary_large_image","twitter_misc":{"Scritto da":"Herv\u00e9 Roten","Tempo di lettura stimato":"2 minuti"},"schema":{"@context":"https:\/\/schema.org","@graph":[{"@type":"Article","@id":"https:\/\/www.iemj.org\/it\/le-passant-du-pont-de-leurope-charles-valentin-alkan-entre-tradition-et-modernite\/#article","isPartOf":{"@id":"https:\/\/www.iemj.org\/it\/le-passant-du-pont-de-leurope-charles-valentin-alkan-entre-tradition-et-modernite\/"},"author":{"name":"Herv\u00e9 Roten","@id":"https:\/\/www.iemj.org\/it\/#\/schema\/person\/906134402c29d5c76e7b726261dd4bbd"},"headline":"Le Passant du pont de l&#8217;Europe : Charles-Valentin Alkan, entre tradition et modernit\u00e9","datePublished":"2013-05-19T07:56:40+00:00","dateModified":"2024-01-23T10:52:13+00:00","mainEntityOfPage":{"@id":"https:\/\/www.iemj.org\/it\/le-passant-du-pont-de-leurope-charles-valentin-alkan-entre-tradition-et-modernite\/"},"wordCount":278,"publisher":{"@id":"https:\/\/www.iemj.org\/it\/#organization"},"image":{"@id":"https:\/\/www.iemj.org\/it\/le-passant-du-pont-de-leurope-charles-valentin-alkan-entre-tradition-et-modernite\/#primaryimage"},"thumbnailUrl":"https:\/\/www.iemj.org\/wp-content\/uploads\/2013\/05\/arton697-e1619627048818.jpg","articleSection":["Libri, articoli","Ultimi acquisti"],"inLanguage":"it-IT"},{"@type":"WebPage","@id":"https:\/\/www.iemj.org\/it\/le-passant-du-pont-de-leurope-charles-valentin-alkan-entre-tradition-et-modernite\/","url":"https:\/\/www.iemj.org\/it\/le-passant-du-pont-de-leurope-charles-valentin-alkan-entre-tradition-et-modernite\/","name":"Le Passant du pont de l'Europe : Charles-Valentin Alkan, entre tradition et modernit\u00e9 - Institut Europ\u00e9en des Musiques Juives","isPartOf":{"@id":"https:\/\/www.iemj.org\/it\/#website"},"primaryImageOfPage":{"@id":"https:\/\/www.iemj.org\/it\/le-passant-du-pont-de-leurope-charles-valentin-alkan-entre-tradition-et-modernite\/#primaryimage"},"image":{"@id":"https:\/\/www.iemj.org\/it\/le-passant-du-pont-de-leurope-charles-valentin-alkan-entre-tradition-et-modernite\/#primaryimage"},"thumbnailUrl":"https:\/\/www.iemj.org\/wp-content\/uploads\/2013\/05\/arton697-e1619627048818.jpg","datePublished":"2013-05-19T07:56:40+00:00","dateModified":"2024-01-23T10:52:13+00:00","breadcrumb":{"@id":"https:\/\/www.iemj.org\/it\/le-passant-du-pont-de-leurope-charles-valentin-alkan-entre-tradition-et-modernite\/#breadcrumb"},"inLanguage":"it-IT","potentialAction":[{"@type":"ReadAction","target":["https:\/\/www.iemj.org\/it\/le-passant-du-pont-de-leurope-charles-valentin-alkan-entre-tradition-et-modernite\/"]}]},{"@type":"ImageObject","inLanguage":"it-IT","@id":"https:\/\/www.iemj.org\/it\/le-passant-du-pont-de-leurope-charles-valentin-alkan-entre-tradition-et-modernite\/#primaryimage","url":"https:\/\/www.iemj.org\/wp-content\/uploads\/2013\/05\/arton697-e1619627048818.jpg","contentUrl":"https:\/\/www.iemj.org\/wp-content\/uploads\/2013\/05\/arton697-e1619627048818.jpg","width":350,"height":464},{"@type":"BreadcrumbList","@id":"https:\/\/www.iemj.org\/it\/le-passant-du-pont-de-leurope-charles-valentin-alkan-entre-tradition-et-modernite\/#breadcrumb","itemListElement":[{"@type":"ListItem","position":1,"name":"Accueil","item":"https:\/\/www.iemj.org\/it\/"},{"@type":"ListItem","position":2,"name":"Le Passant du pont de l&#8217;Europe : Charles-Valentin Alkan, entre tradition et modernit\u00e9"}]},{"@type":"WebSite","@id":"https:\/\/www.iemj.org\/it\/#website","url":"https:\/\/www.iemj.org\/it\/","name":"Institut Europ\u00e9en des Musiques Juives","description":"Des traditions musicales \u00e0 la port\u00e9e de tous","publisher":{"@id":"https:\/\/www.iemj.org\/it\/#organization"},"potentialAction":[{"@type":"SearchAction","target":{"@type":"EntryPoint","urlTemplate":"https:\/\/www.iemj.org\/it\/?s={search_term_string}"},"query-input":{"@type":"PropertyValueSpecification","valueRequired":true,"valueName":"search_term_string"}}],"inLanguage":"it-IT"},{"@type":"Organization","@id":"https:\/\/www.iemj.org\/it\/#organization","name":"Institut Europ\u00e9en des Musiques Juives","url":"https:\/\/www.iemj.org\/it\/","logo":{"@type":"ImageObject","inLanguage":"it-IT","@id":"https:\/\/www.iemj.org\/it\/#\/schema\/logo\/image\/","url":"https:\/\/www.iemj.org\/wp-content\/uploads\/2021\/09\/Logo-IEMJ-Paypal.jpg","contentUrl":"https:\/\/www.iemj.org\/wp-content\/uploads\/2021\/09\/Logo-IEMJ-Paypal.jpg","width":150,"height":50,"caption":"Institut Europ\u00e9en des Musiques Juives"},"image":{"@id":"https:\/\/www.iemj.org\/it\/#\/schema\/logo\/image\/"},"sameAs":["https:\/\/www.facebook.com\/MusiquesJuives\/","https:\/\/www.instagram.com\/musiquesjuives\/","https:\/\/www.youtube.com\/user\/musiquesjuives"]},{"@type":"Person","@id":"https:\/\/www.iemj.org\/it\/#\/schema\/person\/906134402c29d5c76e7b726261dd4bbd","name":"Herv\u00e9 Roten","image":{"@type":"ImageObject","inLanguage":"it-IT","@id":"https:\/\/secure.gravatar.com\/avatar\/f96ad2db538a26481f18384936b5cd0610c92d390c4dc382209216d455f685ff?s=96&d=mm&r=g","url":"https:\/\/secure.gravatar.com\/avatar\/f96ad2db538a26481f18384936b5cd0610c92d390c4dc382209216d455f685ff?s=96&d=mm&r=g","contentUrl":"https:\/\/secure.gravatar.com\/avatar\/f96ad2db538a26481f18384936b5cd0610c92d390c4dc382209216d455f685ff?s=96&d=mm&r=g","caption":"Herv\u00e9 Roten"}}]}},"_links":{"self":[{"href":"https:\/\/www.iemj.org\/it\/wp-json\/wp\/v2\/posts\/108067","targetHints":{"allow":["GET"]}}],"collection":[{"href":"https:\/\/www.iemj.org\/it\/wp-json\/wp\/v2\/posts"}],"about":[{"href":"https:\/\/www.iemj.org\/it\/wp-json\/wp\/v2\/types\/post"}],"author":[{"embeddable":true,"href":"https:\/\/www.iemj.org\/it\/wp-json\/wp\/v2\/users\/1045"}],"replies":[{"embeddable":true,"href":"https:\/\/www.iemj.org\/it\/wp-json\/wp\/v2\/comments?post=108067"}],"version-history":[{"count":0,"href":"https:\/\/www.iemj.org\/it\/wp-json\/wp\/v2\/posts\/108067\/revisions"}],"wp:featuredmedia":[{"embeddable":true,"href":"https:\/\/www.iemj.org\/it\/wp-json\/wp\/v2\/media\/108068"}],"wp:attachment":[{"href":"https:\/\/www.iemj.org\/it\/wp-json\/wp\/v2\/media?parent=108067"}],"wp:term":[{"taxonomy":"category","embeddable":true,"href":"https:\/\/www.iemj.org\/it\/wp-json\/wp\/v2\/categories?post=108067"},{"taxonomy":"post_tag","embeddable":true,"href":"https:\/\/www.iemj.org\/it\/wp-json\/wp\/v2\/tags?post=108067"},{"taxonomy":"technique","embeddable":true,"href":"https:\/\/www.iemj.org\/it\/wp-json\/wp\/v2\/technique?post=108067"},{"taxonomy":"squelettes","embeddable":true,"href":"https:\/\/www.iemj.org\/it\/wp-json\/wp\/v2\/squelettes?post=108067"},{"taxonomy":"sujet","embeddable":true,"href":"https:\/\/www.iemj.org\/it\/wp-json\/wp\/v2\/sujet?post=108067"},{"taxonomy":"formation","embeddable":true,"href":"https:\/\/www.iemj.org\/it\/wp-json\/wp\/v2\/formation?post=108067"},{"taxonomy":"genre","embeddable":true,"href":"https:\/\/www.iemj.org\/it\/wp-json\/wp\/v2\/genre?post=108067"},{"taxonomy":"fonds","embeddable":true,"href":"https:\/\/www.iemj.org\/it\/wp-json\/wp\/v2\/fonds?post=108067"},{"taxonomy":"tradition","embeddable":true,"href":"https:\/\/www.iemj.org\/it\/wp-json\/wp\/v2\/tradition?post=108067"},{"taxonomy":"type-de-contenu","embeddable":true,"href":"https:\/\/www.iemj.org\/it\/wp-json\/wp\/v2\/type-de-contenu?post=108067"},{"taxonomy":"interprete-compositeur","embeddable":true,"href":"https:\/\/www.iemj.org\/it\/wp-json\/wp\/v2\/interprete-compositeur?post=108067"},{"taxonomy":"frise","embeddable":true,"href":"https:\/\/www.iemj.org\/it\/wp-json\/wp\/v2\/frise?post=108067"},{"taxonomy":"type-devenement","embeddable":true,"href":"https:\/\/www.iemj.org\/it\/wp-json\/wp\/v2\/type-devenement?post=108067"},{"taxonomy":"tableaux-liens-externes","embeddable":true,"href":"https:\/\/www.iemj.org\/it\/wp-json\/wp\/v2\/tableaux-liens-externes?post=108067"}],"curies":[{"name":"wp","href":"https:\/\/api.w.org\/{rel}","templated":true}]}}