{"id":108090,"date":"2012-11-27T15:13:03","date_gmt":"2012-11-27T14:13:03","guid":{"rendered":"https:\/\/www.iemj.org\/les-juifs-diran-a-travers-leurs-musiciens\/"},"modified":"2024-01-23T12:35:45","modified_gmt":"2024-01-23T11:35:45","slug":"les-juifs-diran-a-travers-leurs-musiciens","status":"publish","type":"post","link":"https:\/\/www.iemj.org\/it\/les-juifs-diran-a-travers-leurs-musiciens\/","title":{"rendered":"Les Juifs d&#8217;Iran \u00e0 travers leurs musiciens"},"content":{"rendered":"<p class=\"post_excerpt\"><strong>Editions l&#8217;Harmattan, 2012, 370 p.<\/strong><\/p>\n<p><!--more--><\/p>\n<p>In Iran, gli ebrei hanno avuto un destino speciale, una lunga storia che dura da oltre 2.700 anni in questo Paese. Hanno vissuto tempi difficili ed hanno subito persecuzioni. Le difficolt\u00e0 incontrate dagli ebrei richiederanno molto tempo per scomparire. Solo grazie al sostegno dei leader europei ed all&#8217;apertura delle scuole dell&#8217;Alliance Isra\u00e9lite Universelle nel 1898, le persecuzioni si sono lentamente attenuate.<\/p>\n<p>Nonostante tutto, gli ebrei vissero momenti di angoscia e preoccupazione, e il loro destino sarebbe potuto cambiare con la Seconda guerra mondiale e la minaccia del nazismo. Fortunatamente per loro, l&#8217;esercito tedesco non arriv\u00f2 in Iran. La creazione dello Stato di Israele provoc\u00f2 una violenta reazione di ostilit\u00e0 nel mondo arabo. D&#8217;altra parte, lo Stato iraniano ed il giovane Stato ebraico siglarono un&#8217;alleanza militare e politico-economica dopo la sua proclamazione nel 1948.<\/p>\n<p>A partire dagli anni Sessanta, le relazioni che Mohammad Rez\u00e2 Sh\u00e2h aveva instaurato con l&#8217;Occidente portarono all&#8217;Iran il dinamismo economico. La Rivoluzione islamica del 1979 segn\u00f2 una rottura totale con la politica precedente. L&#8217;Iran islamico interruppe bruscamente ogni contatto con lo &#8220;Stato sionista&#8221; e non gli concesse alcuna legittimit\u00e0 politica. La cosa pi\u00f9 importante da ricordare, tuttavia, \u00e8 che sembra che in Iran gli ebrei si sentano innanzitutto iraniani ed affermino il loro attaccamento alla cultura iraniana.<\/p>\n<p>Sono iraniani e l&#8217;Iran \u00e8 la loro patria. Ma sanno di vivere in un Paese musulmano, di essere riconosciuti ufficialmente come le altre minoranze dalla Costituzione iraniana fin dal 1906, di poter praticare liberamente la propria religione, ma di non dover trasgredire le regole imposte loro. Sono iraniani e rispettano le leggi del Paese. Tutto questo significa che l&#8217;Iran ha la pi\u00f9 grande comunit\u00e0 ebraica del Medio Oriente.<\/p>\n<p>Gli ebrei iraniani amavano e suonavano la stessa musica degli altri iraniani, e con lo stesso piacere. Hanno adottato i modi della musica persiana nei loro canti religiosi. Esistono pochi documenti scritti sulla storia degli ebrei iraniani. Si sa poco della loro comunit\u00e0 e delle loro condizioni di vita quotidiane. Questa ricerca ha cercato di fornire alcuni indizi su questo mondo poco conosciuto.<\/p>\n<p><a href=\"https:\/\/www.editions-harmattan.fr\/index.asp?navig=auteurs&amp;obj=artiste&amp;no=12635\" target=\"_blank\" rel=\"noopener\">Alain Chaoulli<\/a> \u00e8 uno dei maggiori specialisti di cultura ebraica nel mondo iraniano. Si \u00e8 laureato presso l&#8217;Ecole des Hautes Etudes en Sciences Sociales ed ha conseguito un dottorato presso l&#8217;Universit\u00e9 de la Sorbonne nouvelle. \u00c8 autore di numerose pubblicazioni sulla storia degli ebrei in Iran, tra cui<em> La Deuxi\u00e8me Guerre mondiale et la communaut\u00e9 juive en Iran face au nazisme<\/em>, <em>Les traditions musicales juives<\/em>, <em>Les tapis persans et les Juifs<\/em> e <em>Les musiciens juifs en Iran aux XIXe et XXe si\u00e8cles<\/em> (L&#8217;Harmattan).<\/p>\n<p><a href=\"https:\/\/www.iemj.org\/wp-content\/uploads\/2012\/11\/couverture-juifs_d_iran-.pdf\" target=\"_blank\" rel=\"noopener\">Copertina e quarta di copertina del libro di Alain Chaoulli<\/a><\/p>\n<p><a href=\"https:\/\/www.editions-harmattan.fr\/index.asp?navig=catalogue&amp;obj=livre&amp;no=37036\" target=\"_blank\" rel=\"noopener\">Ordinare il libro<\/a><\/p>\n","protected":false},"excerpt":{"rendered":"<p>Editions l&#8217;Harmattan, 2012, 370 p.<\/p>\n","protected":false},"author":1045,"featured_media":38809,"comment_status":"closed","ping_status":"open","sticky":false,"template":"","format":"standard","meta":{"_acf_changed":false,"footnotes":""},"categories":[1576,1564],"tags":[],"technique":[],"squelettes":[],"sujet":[],"formation":[],"genre":[],"fonds":[],"tradition":[],"type-de-contenu":[],"interprete-compositeur":[],"frise":[],"type-devenement":[],"tableaux-liens-externes":[],"class_list":["post-108090","post","type-post","status-publish","format-standard","has-post-thumbnail","hentry","category-libri-articoli-it","category-ultimi-acquisti-it"],"acf":[],"yoast_head":"<!-- This site is optimized with the Yoast SEO plugin v27.3 - https:\/\/yoast.com\/product\/yoast-seo-wordpress\/ -->\n<title>Les Juifs d&#039;Iran \u00e0 travers leurs musiciens - Institut Europ\u00e9en des Musiques Juives<\/title>\n<meta name=\"robots\" content=\"index, follow, max-snippet:-1, max-image-preview:large, max-video-preview:-1\" \/>\n<link rel=\"canonical\" href=\"https:\/\/www.iemj.org\/it\/les-juifs-diran-a-travers-leurs-musiciens\/\" \/>\n<meta property=\"og:locale\" content=\"it_IT\" \/>\n<meta property=\"og:type\" content=\"article\" \/>\n<meta property=\"og:title\" content=\"Les Juifs d&#039;Iran \u00e0 travers leurs musiciens - Institut Europ\u00e9en des Musiques Juives\" \/>\n<meta property=\"og:description\" content=\"Editions l&#8217;Harmattan, 2012, 370 p.\" \/>\n<meta property=\"og:url\" content=\"https:\/\/www.iemj.org\/it\/les-juifs-diran-a-travers-leurs-musiciens\/\" \/>\n<meta property=\"og:site_name\" content=\"Institut Europ\u00e9en des Musiques Juives\" \/>\n<meta property=\"article:publisher\" content=\"https:\/\/www.facebook.com\/MusiquesJuives\/\" \/>\n<meta property=\"article:published_time\" content=\"2012-11-27T14:13:03+00:00\" \/>\n<meta property=\"article:modified_time\" content=\"2024-01-23T11:35:45+00:00\" \/>\n<meta property=\"og:image\" content=\"https:\/\/www.iemj.org\/wp-content\/uploads\/2012\/11\/Les-juifs-dIran_Chaoulli_COUV-e1619716300391.jpg\" \/>\n\t<meta property=\"og:image:width\" content=\"1249\" \/>\n\t<meta property=\"og:image:height\" content=\"1864\" \/>\n\t<meta property=\"og:image:type\" content=\"image\/jpeg\" \/>\n<meta name=\"author\" content=\"Herv\u00e9 Roten\" \/>\n<meta name=\"twitter:card\" content=\"summary_large_image\" \/>\n<meta name=\"twitter:label1\" content=\"Scritto da\" \/>\n\t<meta name=\"twitter:data1\" content=\"Herv\u00e9 Roten\" \/>\n\t<meta name=\"twitter:label2\" content=\"Tempo di lettura stimato\" \/>\n\t<meta name=\"twitter:data2\" content=\"3 minuti\" \/>\n<script type=\"application\/ld+json\" class=\"yoast-schema-graph\">{\"@context\":\"https:\\\/\\\/schema.org\",\"@graph\":[{\"@type\":\"Article\",\"@id\":\"https:\\\/\\\/www.iemj.org\\\/it\\\/les-juifs-diran-a-travers-leurs-musiciens\\\/#article\",\"isPartOf\":{\"@id\":\"https:\\\/\\\/www.iemj.org\\\/it\\\/les-juifs-diran-a-travers-leurs-musiciens\\\/\"},\"author\":{\"name\":\"Herv\u00e9 Roten\",\"@id\":\"https:\\\/\\\/www.iemj.org\\\/it\\\/#\\\/schema\\\/person\\\/906134402c29d5c76e7b726261dd4bbd\"},\"headline\":\"Les Juifs d&#8217;Iran \u00e0 travers leurs musiciens\",\"datePublished\":\"2012-11-27T14:13:03+00:00\",\"dateModified\":\"2024-01-23T11:35:45+00:00\",\"mainEntityOfPage\":{\"@id\":\"https:\\\/\\\/www.iemj.org\\\/it\\\/les-juifs-diran-a-travers-leurs-musiciens\\\/\"},\"wordCount\":455,\"publisher\":{\"@id\":\"https:\\\/\\\/www.iemj.org\\\/it\\\/#organization\"},\"image\":{\"@id\":\"https:\\\/\\\/www.iemj.org\\\/it\\\/les-juifs-diran-a-travers-leurs-musiciens\\\/#primaryimage\"},\"thumbnailUrl\":\"https:\\\/\\\/www.iemj.org\\\/wp-content\\\/uploads\\\/2012\\\/11\\\/Les-juifs-dIran_Chaoulli_COUV-e1619716300391.jpg\",\"articleSection\":[\"Libri, articoli\",\"Ultimi acquisti\"],\"inLanguage\":\"it-IT\"},{\"@type\":\"WebPage\",\"@id\":\"https:\\\/\\\/www.iemj.org\\\/it\\\/les-juifs-diran-a-travers-leurs-musiciens\\\/\",\"url\":\"https:\\\/\\\/www.iemj.org\\\/it\\\/les-juifs-diran-a-travers-leurs-musiciens\\\/\",\"name\":\"Les Juifs d'Iran \u00e0 travers leurs musiciens - Institut Europ\u00e9en des Musiques Juives\",\"isPartOf\":{\"@id\":\"https:\\\/\\\/www.iemj.org\\\/it\\\/#website\"},\"primaryImageOfPage\":{\"@id\":\"https:\\\/\\\/www.iemj.org\\\/it\\\/les-juifs-diran-a-travers-leurs-musiciens\\\/#primaryimage\"},\"image\":{\"@id\":\"https:\\\/\\\/www.iemj.org\\\/it\\\/les-juifs-diran-a-travers-leurs-musiciens\\\/#primaryimage\"},\"thumbnailUrl\":\"https:\\\/\\\/www.iemj.org\\\/wp-content\\\/uploads\\\/2012\\\/11\\\/Les-juifs-dIran_Chaoulli_COUV-e1619716300391.jpg\",\"datePublished\":\"2012-11-27T14:13:03+00:00\",\"dateModified\":\"2024-01-23T11:35:45+00:00\",\"breadcrumb\":{\"@id\":\"https:\\\/\\\/www.iemj.org\\\/it\\\/les-juifs-diran-a-travers-leurs-musiciens\\\/#breadcrumb\"},\"inLanguage\":\"it-IT\",\"potentialAction\":[{\"@type\":\"ReadAction\",\"target\":[\"https:\\\/\\\/www.iemj.org\\\/it\\\/les-juifs-diran-a-travers-leurs-musiciens\\\/\"]}]},{\"@type\":\"ImageObject\",\"inLanguage\":\"it-IT\",\"@id\":\"https:\\\/\\\/www.iemj.org\\\/it\\\/les-juifs-diran-a-travers-leurs-musiciens\\\/#primaryimage\",\"url\":\"https:\\\/\\\/www.iemj.org\\\/wp-content\\\/uploads\\\/2012\\\/11\\\/Les-juifs-dIran_Chaoulli_COUV-e1619716300391.jpg\",\"contentUrl\":\"https:\\\/\\\/www.iemj.org\\\/wp-content\\\/uploads\\\/2012\\\/11\\\/Les-juifs-dIran_Chaoulli_COUV-e1619716300391.jpg\",\"width\":1249,\"height\":1864},{\"@type\":\"BreadcrumbList\",\"@id\":\"https:\\\/\\\/www.iemj.org\\\/it\\\/les-juifs-diran-a-travers-leurs-musiciens\\\/#breadcrumb\",\"itemListElement\":[{\"@type\":\"ListItem\",\"position\":1,\"name\":\"Accueil\",\"item\":\"https:\\\/\\\/www.iemj.org\\\/it\\\/\"},{\"@type\":\"ListItem\",\"position\":2,\"name\":\"Les Juifs d&rsquo;Iran \u00e0 travers leurs musiciens\"}]},{\"@type\":\"WebSite\",\"@id\":\"https:\\\/\\\/www.iemj.org\\\/it\\\/#website\",\"url\":\"https:\\\/\\\/www.iemj.org\\\/it\\\/\",\"name\":\"Institut Europ\u00e9en des Musiques Juives\",\"description\":\"Des traditions musicales \u00e0 la port\u00e9e de tous\",\"publisher\":{\"@id\":\"https:\\\/\\\/www.iemj.org\\\/it\\\/#organization\"},\"potentialAction\":[{\"@type\":\"SearchAction\",\"target\":{\"@type\":\"EntryPoint\",\"urlTemplate\":\"https:\\\/\\\/www.iemj.org\\\/it\\\/?s={search_term_string}\"},\"query-input\":{\"@type\":\"PropertyValueSpecification\",\"valueRequired\":true,\"valueName\":\"search_term_string\"}}],\"inLanguage\":\"it-IT\"},{\"@type\":\"Organization\",\"@id\":\"https:\\\/\\\/www.iemj.org\\\/it\\\/#organization\",\"name\":\"Institut Europ\u00e9en des Musiques Juives\",\"url\":\"https:\\\/\\\/www.iemj.org\\\/it\\\/\",\"logo\":{\"@type\":\"ImageObject\",\"inLanguage\":\"it-IT\",\"@id\":\"https:\\\/\\\/www.iemj.org\\\/it\\\/#\\\/schema\\\/logo\\\/image\\\/\",\"url\":\"https:\\\/\\\/www.iemj.org\\\/wp-content\\\/uploads\\\/2021\\\/09\\\/Logo-IEMJ-Paypal.jpg\",\"contentUrl\":\"https:\\\/\\\/www.iemj.org\\\/wp-content\\\/uploads\\\/2021\\\/09\\\/Logo-IEMJ-Paypal.jpg\",\"width\":150,\"height\":50,\"caption\":\"Institut Europ\u00e9en des Musiques Juives\"},\"image\":{\"@id\":\"https:\\\/\\\/www.iemj.org\\\/it\\\/#\\\/schema\\\/logo\\\/image\\\/\"},\"sameAs\":[\"https:\\\/\\\/www.facebook.com\\\/MusiquesJuives\\\/\",\"https:\\\/\\\/www.instagram.com\\\/musiquesjuives\\\/\",\"https:\\\/\\\/www.youtube.com\\\/user\\\/musiquesjuives\"]},{\"@type\":\"Person\",\"@id\":\"https:\\\/\\\/www.iemj.org\\\/it\\\/#\\\/schema\\\/person\\\/906134402c29d5c76e7b726261dd4bbd\",\"name\":\"Herv\u00e9 Roten\",\"image\":{\"@type\":\"ImageObject\",\"inLanguage\":\"it-IT\",\"@id\":\"https:\\\/\\\/secure.gravatar.com\\\/avatar\\\/f96ad2db538a26481f18384936b5cd0610c92d390c4dc382209216d455f685ff?s=96&d=mm&r=g\",\"url\":\"https:\\\/\\\/secure.gravatar.com\\\/avatar\\\/f96ad2db538a26481f18384936b5cd0610c92d390c4dc382209216d455f685ff?s=96&d=mm&r=g\",\"contentUrl\":\"https:\\\/\\\/secure.gravatar.com\\\/avatar\\\/f96ad2db538a26481f18384936b5cd0610c92d390c4dc382209216d455f685ff?s=96&d=mm&r=g\",\"caption\":\"Herv\u00e9 Roten\"}}]}<\/script>\n<!-- \/ Yoast SEO plugin. -->","yoast_head_json":{"title":"Les Juifs d'Iran \u00e0 travers leurs musiciens - Institut Europ\u00e9en des Musiques Juives","robots":{"index":"index","follow":"follow","max-snippet":"max-snippet:-1","max-image-preview":"max-image-preview:large","max-video-preview":"max-video-preview:-1"},"canonical":"https:\/\/www.iemj.org\/it\/les-juifs-diran-a-travers-leurs-musiciens\/","og_locale":"it_IT","og_type":"article","og_title":"Les Juifs d'Iran \u00e0 travers leurs musiciens - Institut Europ\u00e9en des Musiques Juives","og_description":"Editions l&#8217;Harmattan, 2012, 370 p.","og_url":"https:\/\/www.iemj.org\/it\/les-juifs-diran-a-travers-leurs-musiciens\/","og_site_name":"Institut Europ\u00e9en des Musiques Juives","article_publisher":"https:\/\/www.facebook.com\/MusiquesJuives\/","article_published_time":"2012-11-27T14:13:03+00:00","article_modified_time":"2024-01-23T11:35:45+00:00","og_image":[{"width":1249,"height":1864,"url":"https:\/\/www.iemj.org\/wp-content\/uploads\/2012\/11\/Les-juifs-dIran_Chaoulli_COUV-e1619716300391.jpg","type":"image\/jpeg"}],"author":"Herv\u00e9 Roten","twitter_card":"summary_large_image","twitter_misc":{"Scritto da":"Herv\u00e9 Roten","Tempo di lettura stimato":"3 minuti"},"schema":{"@context":"https:\/\/schema.org","@graph":[{"@type":"Article","@id":"https:\/\/www.iemj.org\/it\/les-juifs-diran-a-travers-leurs-musiciens\/#article","isPartOf":{"@id":"https:\/\/www.iemj.org\/it\/les-juifs-diran-a-travers-leurs-musiciens\/"},"author":{"name":"Herv\u00e9 Roten","@id":"https:\/\/www.iemj.org\/it\/#\/schema\/person\/906134402c29d5c76e7b726261dd4bbd"},"headline":"Les Juifs d&#8217;Iran \u00e0 travers leurs musiciens","datePublished":"2012-11-27T14:13:03+00:00","dateModified":"2024-01-23T11:35:45+00:00","mainEntityOfPage":{"@id":"https:\/\/www.iemj.org\/it\/les-juifs-diran-a-travers-leurs-musiciens\/"},"wordCount":455,"publisher":{"@id":"https:\/\/www.iemj.org\/it\/#organization"},"image":{"@id":"https:\/\/www.iemj.org\/it\/les-juifs-diran-a-travers-leurs-musiciens\/#primaryimage"},"thumbnailUrl":"https:\/\/www.iemj.org\/wp-content\/uploads\/2012\/11\/Les-juifs-dIran_Chaoulli_COUV-e1619716300391.jpg","articleSection":["Libri, articoli","Ultimi acquisti"],"inLanguage":"it-IT"},{"@type":"WebPage","@id":"https:\/\/www.iemj.org\/it\/les-juifs-diran-a-travers-leurs-musiciens\/","url":"https:\/\/www.iemj.org\/it\/les-juifs-diran-a-travers-leurs-musiciens\/","name":"Les Juifs d'Iran \u00e0 travers leurs musiciens - Institut Europ\u00e9en des Musiques Juives","isPartOf":{"@id":"https:\/\/www.iemj.org\/it\/#website"},"primaryImageOfPage":{"@id":"https:\/\/www.iemj.org\/it\/les-juifs-diran-a-travers-leurs-musiciens\/#primaryimage"},"image":{"@id":"https:\/\/www.iemj.org\/it\/les-juifs-diran-a-travers-leurs-musiciens\/#primaryimage"},"thumbnailUrl":"https:\/\/www.iemj.org\/wp-content\/uploads\/2012\/11\/Les-juifs-dIran_Chaoulli_COUV-e1619716300391.jpg","datePublished":"2012-11-27T14:13:03+00:00","dateModified":"2024-01-23T11:35:45+00:00","breadcrumb":{"@id":"https:\/\/www.iemj.org\/it\/les-juifs-diran-a-travers-leurs-musiciens\/#breadcrumb"},"inLanguage":"it-IT","potentialAction":[{"@type":"ReadAction","target":["https:\/\/www.iemj.org\/it\/les-juifs-diran-a-travers-leurs-musiciens\/"]}]},{"@type":"ImageObject","inLanguage":"it-IT","@id":"https:\/\/www.iemj.org\/it\/les-juifs-diran-a-travers-leurs-musiciens\/#primaryimage","url":"https:\/\/www.iemj.org\/wp-content\/uploads\/2012\/11\/Les-juifs-dIran_Chaoulli_COUV-e1619716300391.jpg","contentUrl":"https:\/\/www.iemj.org\/wp-content\/uploads\/2012\/11\/Les-juifs-dIran_Chaoulli_COUV-e1619716300391.jpg","width":1249,"height":1864},{"@type":"BreadcrumbList","@id":"https:\/\/www.iemj.org\/it\/les-juifs-diran-a-travers-leurs-musiciens\/#breadcrumb","itemListElement":[{"@type":"ListItem","position":1,"name":"Accueil","item":"https:\/\/www.iemj.org\/it\/"},{"@type":"ListItem","position":2,"name":"Les Juifs d&rsquo;Iran \u00e0 travers leurs musiciens"}]},{"@type":"WebSite","@id":"https:\/\/www.iemj.org\/it\/#website","url":"https:\/\/www.iemj.org\/it\/","name":"Institut Europ\u00e9en des Musiques Juives","description":"Des traditions musicales \u00e0 la port\u00e9e de tous","publisher":{"@id":"https:\/\/www.iemj.org\/it\/#organization"},"potentialAction":[{"@type":"SearchAction","target":{"@type":"EntryPoint","urlTemplate":"https:\/\/www.iemj.org\/it\/?s={search_term_string}"},"query-input":{"@type":"PropertyValueSpecification","valueRequired":true,"valueName":"search_term_string"}}],"inLanguage":"it-IT"},{"@type":"Organization","@id":"https:\/\/www.iemj.org\/it\/#organization","name":"Institut Europ\u00e9en des Musiques Juives","url":"https:\/\/www.iemj.org\/it\/","logo":{"@type":"ImageObject","inLanguage":"it-IT","@id":"https:\/\/www.iemj.org\/it\/#\/schema\/logo\/image\/","url":"https:\/\/www.iemj.org\/wp-content\/uploads\/2021\/09\/Logo-IEMJ-Paypal.jpg","contentUrl":"https:\/\/www.iemj.org\/wp-content\/uploads\/2021\/09\/Logo-IEMJ-Paypal.jpg","width":150,"height":50,"caption":"Institut Europ\u00e9en des Musiques Juives"},"image":{"@id":"https:\/\/www.iemj.org\/it\/#\/schema\/logo\/image\/"},"sameAs":["https:\/\/www.facebook.com\/MusiquesJuives\/","https:\/\/www.instagram.com\/musiquesjuives\/","https:\/\/www.youtube.com\/user\/musiquesjuives"]},{"@type":"Person","@id":"https:\/\/www.iemj.org\/it\/#\/schema\/person\/906134402c29d5c76e7b726261dd4bbd","name":"Herv\u00e9 Roten","image":{"@type":"ImageObject","inLanguage":"it-IT","@id":"https:\/\/secure.gravatar.com\/avatar\/f96ad2db538a26481f18384936b5cd0610c92d390c4dc382209216d455f685ff?s=96&d=mm&r=g","url":"https:\/\/secure.gravatar.com\/avatar\/f96ad2db538a26481f18384936b5cd0610c92d390c4dc382209216d455f685ff?s=96&d=mm&r=g","contentUrl":"https:\/\/secure.gravatar.com\/avatar\/f96ad2db538a26481f18384936b5cd0610c92d390c4dc382209216d455f685ff?s=96&d=mm&r=g","caption":"Herv\u00e9 Roten"}}]}},"_links":{"self":[{"href":"https:\/\/www.iemj.org\/it\/wp-json\/wp\/v2\/posts\/108090","targetHints":{"allow":["GET"]}}],"collection":[{"href":"https:\/\/www.iemj.org\/it\/wp-json\/wp\/v2\/posts"}],"about":[{"href":"https:\/\/www.iemj.org\/it\/wp-json\/wp\/v2\/types\/post"}],"author":[{"embeddable":true,"href":"https:\/\/www.iemj.org\/it\/wp-json\/wp\/v2\/users\/1045"}],"replies":[{"embeddable":true,"href":"https:\/\/www.iemj.org\/it\/wp-json\/wp\/v2\/comments?post=108090"}],"version-history":[{"count":0,"href":"https:\/\/www.iemj.org\/it\/wp-json\/wp\/v2\/posts\/108090\/revisions"}],"wp:featuredmedia":[{"embeddable":true,"href":"https:\/\/www.iemj.org\/it\/wp-json\/wp\/v2\/media\/38809"}],"wp:attachment":[{"href":"https:\/\/www.iemj.org\/it\/wp-json\/wp\/v2\/media?parent=108090"}],"wp:term":[{"taxonomy":"category","embeddable":true,"href":"https:\/\/www.iemj.org\/it\/wp-json\/wp\/v2\/categories?post=108090"},{"taxonomy":"post_tag","embeddable":true,"href":"https:\/\/www.iemj.org\/it\/wp-json\/wp\/v2\/tags?post=108090"},{"taxonomy":"technique","embeddable":true,"href":"https:\/\/www.iemj.org\/it\/wp-json\/wp\/v2\/technique?post=108090"},{"taxonomy":"squelettes","embeddable":true,"href":"https:\/\/www.iemj.org\/it\/wp-json\/wp\/v2\/squelettes?post=108090"},{"taxonomy":"sujet","embeddable":true,"href":"https:\/\/www.iemj.org\/it\/wp-json\/wp\/v2\/sujet?post=108090"},{"taxonomy":"formation","embeddable":true,"href":"https:\/\/www.iemj.org\/it\/wp-json\/wp\/v2\/formation?post=108090"},{"taxonomy":"genre","embeddable":true,"href":"https:\/\/www.iemj.org\/it\/wp-json\/wp\/v2\/genre?post=108090"},{"taxonomy":"fonds","embeddable":true,"href":"https:\/\/www.iemj.org\/it\/wp-json\/wp\/v2\/fonds?post=108090"},{"taxonomy":"tradition","embeddable":true,"href":"https:\/\/www.iemj.org\/it\/wp-json\/wp\/v2\/tradition?post=108090"},{"taxonomy":"type-de-contenu","embeddable":true,"href":"https:\/\/www.iemj.org\/it\/wp-json\/wp\/v2\/type-de-contenu?post=108090"},{"taxonomy":"interprete-compositeur","embeddable":true,"href":"https:\/\/www.iemj.org\/it\/wp-json\/wp\/v2\/interprete-compositeur?post=108090"},{"taxonomy":"frise","embeddable":true,"href":"https:\/\/www.iemj.org\/it\/wp-json\/wp\/v2\/frise?post=108090"},{"taxonomy":"type-devenement","embeddable":true,"href":"https:\/\/www.iemj.org\/it\/wp-json\/wp\/v2\/type-devenement?post=108090"},{"taxonomy":"tableaux-liens-externes","embeddable":true,"href":"https:\/\/www.iemj.org\/it\/wp-json\/wp\/v2\/tableaux-liens-externes?post=108090"}],"curies":[{"name":"wp","href":"https:\/\/api.w.org\/{rel}","templated":true}]}}