{"id":108117,"date":"2011-10-29T09:17:41","date_gmt":"2011-10-29T07:17:41","guid":{"rendered":"https:\/\/www.iemj.org\/survivre-et-mourir-en-musique-dans-les-camps-nazis\/"},"modified":"2024-01-23T15:02:07","modified_gmt":"2024-01-23T14:02:07","slug":"survivre-et-mourir-en-musique-dans-les-camps-nazis","status":"publish","type":"post","link":"https:\/\/www.iemj.org\/it\/survivre-et-mourir-en-musique-dans-les-camps-nazis\/","title":{"rendered":"Survivre et mourir en musique dans les camps nazis"},"content":{"rendered":"<p class=\"post_excerpt\">Berg International \u00e9diteur, 2011, 192 p.<\/p>\n<p><!--more--><\/p>\n<p>Dai primi campi punitivi del Terzo Reich alle fabbriche della morte di Treblinka e Birkenau, passando per i campi per prigionieri di guerra, l&#8217;autore racconta le attivit\u00e0 musicali dei campi di concentramento. Ha lavorato con diversi archivi ed ha incontrato ex musicisti deportati.<\/p>\n<p>Fin dall&#8217;inizio, la musica veniva utilizzata a fini repressivi: rassicurava i nuovi arrivati nei campi di concentramento, serviva per la propaganda ed accompagnava il lavoro forzato. &#8220;Quando questa musica scoppia, sappiamo che i nostri compagni, fuori nella nebbia, partono come automi; le loro anime sono morte ed \u00e8 la musica che li spinge in avanti, come il vento spinge le foglie secche, e prende il posto della loro volont\u00e0&#8221;, scriveva Primo Levi.<\/p>\n<p>Nei campi di sterminio dell&#8217;Aktion Reinhard, come ad Auschwitz-Birkenau, le note della musica si alzavano nell&#8217;aria contemporaneamente al fumo dei crematori; inoltre annegavano le grida di sofferenza ed il frastuono delle esecuzioni sommarie.<\/p>\n<p>La musica \u00e8 stata composta nei campi di prigionieri di guerra. Se Olivier Messiaen \u00e8 senza dubbio il musicista pi\u00f9 famoso dei campi (ha composto il suo Quartetto per la fine del tempo nello Stalag di G\u00f6rlitz), anche molti compositori, direttori d&#8217;orchestra e strumentisti sono stati detenuti negli Stalag e negli Oflag tedeschi.<\/p>\n<p>A volte clandestina, ma pi\u00f9 spesso &#8220;ufficiale&#8221;, la musica era parte integrante del sistema dei campi di concentramento.<\/p>\n<p><em><a href=\"https:\/\/fr.wikipedia.org\/wiki\/Bruno_Giner\" target=\"_blank\" rel=\"noopener\"><span class=\"scayt-misspell\" data-scaytid=\"17\" data-scayt_word=\"Bruno\">Bruno<\/span> <span class=\"scayt-misspell\" data-scaytid=\"19\" data-scayt_word=\"Giner\">Giner<\/span><\/a> \u00e8 un compositore. Vincitore del Prix Herv\u00e9 Dugardin (assegnato dalla SACEM nel 1998), ha scritto una cinquantina di opere strumentali e vocali per vari ensemble cameristici, corali ed orchestrali. Tra le sue precedenti pubblicazioni figurano: <\/em>Musique contemporaine: le second vingti\u00e8me si\u00e8cle<em> (Paris, <span class=\"scayt-misspell\" data-scaytid=\"29\" data-scayt_word=\"Durand\">Durand<\/span>, 2000); <\/em><span class=\"scayt-misspell\" data-scaytid=\"31\" data-scayt_word=\"Weimar\">Weimar<\/span> 1933, la musique aussi br\u00fble en exil<em> (Paris, Le Temps des cerises, 2001); Toute la musique ? (Paris, Autrement Junior, 2003); <\/em>De <span class=\"scayt-misspell\" data-scaytid=\"33\" data-scayt_word=\"Weimar\">Weimar<\/span> \u00e0 <span class=\"scayt-misspell\" data-scaytid=\"35\" data-scayt_word=\"T\u00e9r\u00e9zine\">T\u00e9r\u00e9zine<\/span> 1933-1945\u00a0: l\u2019\u00e9puration musicale<em> (Paris, Van de <span class=\"scayt-misspell\" data-scaytid=\"37\" data-scayt_word=\"Velde\">Velde<\/span>, 2006).<\/em><\/p>\n<p><a href=\"https:\/\/books.google.fr\/books\/about\/Survivre_et_mourir_en_musique_dans_les_c.html?id=VyhiBAAAQBAJ&amp;printsec=frontcover&amp;source=kp_read_button&amp;redir_esc=y#v=onepage&amp;q&amp;f=false\" target=\"_blank\" rel=\"noopener noreferrer\" data-cke-saved-href=\"\\\\&quot;http:\/\/www.berg-international.fr\/listeauteur.php?recordID=404\\\\&quot;\">Per saperne di pi\u00f9\/ordinare il libro<\/a><\/p>\n<p><a href=\"https:\/\/www.iemj.org\/survivre-et-mourir-en-musique-dans-les-camps-nazis-2\/\" target=\"_blank\" rel=\"noopener\">Ascoltare il programma radiofonico dell&#8217;IEMJ Sopravvivere e morire con la musica nei campi nazisti (in francese)<\/a><\/p>\n","protected":false},"excerpt":{"rendered":"<p>Berg International \u00e9diteur, 2011, 192 p.<\/p>\n","protected":false},"author":1045,"featured_media":108118,"comment_status":"closed","ping_status":"closed","sticky":false,"template":"","format":"standard","meta":{"_acf_changed":false,"footnotes":""},"categories":[1576,1564],"tags":[],"technique":[],"squelettes":[],"sujet":[],"formation":[],"genre":[],"fonds":[],"tradition":[],"type-de-contenu":[],"interprete-compositeur":[],"frise":[],"type-devenement":[],"tableaux-liens-externes":[],"class_list":["post-108117","post","type-post","status-publish","format-standard","has-post-thumbnail","hentry","category-libri-articoli-it","category-ultimi-acquisti-it"],"acf":[],"yoast_head":"<!-- This site is optimized with the Yoast SEO plugin v27.3 - https:\/\/yoast.com\/product\/yoast-seo-wordpress\/ -->\n<title>Survivre et mourir en musique dans les camps nazis - Institut Europ\u00e9en des Musiques Juives<\/title>\n<meta name=\"robots\" content=\"index, follow, max-snippet:-1, max-image-preview:large, max-video-preview:-1\" \/>\n<link rel=\"canonical\" href=\"https:\/\/www.iemj.org\/it\/survivre-et-mourir-en-musique-dans-les-camps-nazis\/\" \/>\n<meta property=\"og:locale\" content=\"it_IT\" \/>\n<meta property=\"og:type\" content=\"article\" \/>\n<meta property=\"og:title\" content=\"Survivre et mourir en musique dans les camps nazis - Institut Europ\u00e9en des Musiques Juives\" \/>\n<meta property=\"og:description\" content=\"Berg International \u00e9diteur, 2011, 192 p.\" \/>\n<meta property=\"og:url\" content=\"https:\/\/www.iemj.org\/it\/survivre-et-mourir-en-musique-dans-les-camps-nazis\/\" \/>\n<meta property=\"og:site_name\" content=\"Institut Europ\u00e9en des Musiques Juives\" \/>\n<meta property=\"article:publisher\" content=\"https:\/\/www.facebook.com\/MusiquesJuives\/\" \/>\n<meta property=\"article:published_time\" content=\"2011-10-29T07:17:41+00:00\" \/>\n<meta property=\"article:modified_time\" content=\"2024-01-23T14:02:07+00:00\" \/>\n<meta property=\"og:image\" content=\"https:\/\/www.iemj.org\/wp-content\/uploads\/2011\/10\/arton327-e1619771571298.jpg\" \/>\n\t<meta property=\"og:image:width\" content=\"350\" \/>\n\t<meta property=\"og:image:height\" content=\"556\" \/>\n\t<meta property=\"og:image:type\" content=\"image\/jpeg\" \/>\n<meta name=\"author\" content=\"Herv\u00e9 Roten\" \/>\n<meta name=\"twitter:card\" content=\"summary_large_image\" \/>\n<meta name=\"twitter:label1\" content=\"Scritto da\" \/>\n\t<meta name=\"twitter:data1\" content=\"Herv\u00e9 Roten\" \/>\n\t<meta name=\"twitter:label2\" content=\"Tempo di lettura stimato\" \/>\n\t<meta name=\"twitter:data2\" content=\"2 minuti\" \/>\n<script type=\"application\/ld+json\" class=\"yoast-schema-graph\">{\"@context\":\"https:\\\/\\\/schema.org\",\"@graph\":[{\"@type\":\"Article\",\"@id\":\"https:\\\/\\\/www.iemj.org\\\/it\\\/survivre-et-mourir-en-musique-dans-les-camps-nazis\\\/#article\",\"isPartOf\":{\"@id\":\"https:\\\/\\\/www.iemj.org\\\/it\\\/survivre-et-mourir-en-musique-dans-les-camps-nazis\\\/\"},\"author\":{\"name\":\"Herv\u00e9 Roten\",\"@id\":\"https:\\\/\\\/www.iemj.org\\\/it\\\/#\\\/schema\\\/person\\\/906134402c29d5c76e7b726261dd4bbd\"},\"headline\":\"Survivre et mourir en musique dans les camps nazis\",\"datePublished\":\"2011-10-29T07:17:41+00:00\",\"dateModified\":\"2024-01-23T14:02:07+00:00\",\"mainEntityOfPage\":{\"@id\":\"https:\\\/\\\/www.iemj.org\\\/it\\\/survivre-et-mourir-en-musique-dans-les-camps-nazis\\\/\"},\"wordCount\":336,\"publisher\":{\"@id\":\"https:\\\/\\\/www.iemj.org\\\/it\\\/#organization\"},\"image\":{\"@id\":\"https:\\\/\\\/www.iemj.org\\\/it\\\/survivre-et-mourir-en-musique-dans-les-camps-nazis\\\/#primaryimage\"},\"thumbnailUrl\":\"https:\\\/\\\/www.iemj.org\\\/wp-content\\\/uploads\\\/2011\\\/10\\\/arton327-e1619771571298.jpg\",\"articleSection\":[\"Libri, articoli\",\"Ultimi acquisti\"],\"inLanguage\":\"it-IT\"},{\"@type\":\"WebPage\",\"@id\":\"https:\\\/\\\/www.iemj.org\\\/it\\\/survivre-et-mourir-en-musique-dans-les-camps-nazis\\\/\",\"url\":\"https:\\\/\\\/www.iemj.org\\\/it\\\/survivre-et-mourir-en-musique-dans-les-camps-nazis\\\/\",\"name\":\"Survivre et mourir en musique dans les camps nazis - Institut Europ\u00e9en des Musiques Juives\",\"isPartOf\":{\"@id\":\"https:\\\/\\\/www.iemj.org\\\/it\\\/#website\"},\"primaryImageOfPage\":{\"@id\":\"https:\\\/\\\/www.iemj.org\\\/it\\\/survivre-et-mourir-en-musique-dans-les-camps-nazis\\\/#primaryimage\"},\"image\":{\"@id\":\"https:\\\/\\\/www.iemj.org\\\/it\\\/survivre-et-mourir-en-musique-dans-les-camps-nazis\\\/#primaryimage\"},\"thumbnailUrl\":\"https:\\\/\\\/www.iemj.org\\\/wp-content\\\/uploads\\\/2011\\\/10\\\/arton327-e1619771571298.jpg\",\"datePublished\":\"2011-10-29T07:17:41+00:00\",\"dateModified\":\"2024-01-23T14:02:07+00:00\",\"breadcrumb\":{\"@id\":\"https:\\\/\\\/www.iemj.org\\\/it\\\/survivre-et-mourir-en-musique-dans-les-camps-nazis\\\/#breadcrumb\"},\"inLanguage\":\"it-IT\",\"potentialAction\":[{\"@type\":\"ReadAction\",\"target\":[\"https:\\\/\\\/www.iemj.org\\\/it\\\/survivre-et-mourir-en-musique-dans-les-camps-nazis\\\/\"]}]},{\"@type\":\"ImageObject\",\"inLanguage\":\"it-IT\",\"@id\":\"https:\\\/\\\/www.iemj.org\\\/it\\\/survivre-et-mourir-en-musique-dans-les-camps-nazis\\\/#primaryimage\",\"url\":\"https:\\\/\\\/www.iemj.org\\\/wp-content\\\/uploads\\\/2011\\\/10\\\/arton327-e1619771571298.jpg\",\"contentUrl\":\"https:\\\/\\\/www.iemj.org\\\/wp-content\\\/uploads\\\/2011\\\/10\\\/arton327-e1619771571298.jpg\",\"width\":350,\"height\":556},{\"@type\":\"BreadcrumbList\",\"@id\":\"https:\\\/\\\/www.iemj.org\\\/it\\\/survivre-et-mourir-en-musique-dans-les-camps-nazis\\\/#breadcrumb\",\"itemListElement\":[{\"@type\":\"ListItem\",\"position\":1,\"name\":\"Accueil\",\"item\":\"https:\\\/\\\/www.iemj.org\\\/it\\\/\"},{\"@type\":\"ListItem\",\"position\":2,\"name\":\"Survivre et mourir en musique dans les camps nazis\"}]},{\"@type\":\"WebSite\",\"@id\":\"https:\\\/\\\/www.iemj.org\\\/it\\\/#website\",\"url\":\"https:\\\/\\\/www.iemj.org\\\/it\\\/\",\"name\":\"Institut Europ\u00e9en des Musiques Juives\",\"description\":\"Des traditions musicales \u00e0 la port\u00e9e de tous\",\"publisher\":{\"@id\":\"https:\\\/\\\/www.iemj.org\\\/it\\\/#organization\"},\"potentialAction\":[{\"@type\":\"SearchAction\",\"target\":{\"@type\":\"EntryPoint\",\"urlTemplate\":\"https:\\\/\\\/www.iemj.org\\\/it\\\/?s={search_term_string}\"},\"query-input\":{\"@type\":\"PropertyValueSpecification\",\"valueRequired\":true,\"valueName\":\"search_term_string\"}}],\"inLanguage\":\"it-IT\"},{\"@type\":\"Organization\",\"@id\":\"https:\\\/\\\/www.iemj.org\\\/it\\\/#organization\",\"name\":\"Institut Europ\u00e9en des Musiques Juives\",\"url\":\"https:\\\/\\\/www.iemj.org\\\/it\\\/\",\"logo\":{\"@type\":\"ImageObject\",\"inLanguage\":\"it-IT\",\"@id\":\"https:\\\/\\\/www.iemj.org\\\/it\\\/#\\\/schema\\\/logo\\\/image\\\/\",\"url\":\"https:\\\/\\\/www.iemj.org\\\/wp-content\\\/uploads\\\/2021\\\/09\\\/Logo-IEMJ-Paypal.jpg\",\"contentUrl\":\"https:\\\/\\\/www.iemj.org\\\/wp-content\\\/uploads\\\/2021\\\/09\\\/Logo-IEMJ-Paypal.jpg\",\"width\":150,\"height\":50,\"caption\":\"Institut Europ\u00e9en des Musiques Juives\"},\"image\":{\"@id\":\"https:\\\/\\\/www.iemj.org\\\/it\\\/#\\\/schema\\\/logo\\\/image\\\/\"},\"sameAs\":[\"https:\\\/\\\/www.facebook.com\\\/MusiquesJuives\\\/\",\"https:\\\/\\\/www.instagram.com\\\/musiquesjuives\\\/\",\"https:\\\/\\\/www.youtube.com\\\/user\\\/musiquesjuives\"]},{\"@type\":\"Person\",\"@id\":\"https:\\\/\\\/www.iemj.org\\\/it\\\/#\\\/schema\\\/person\\\/906134402c29d5c76e7b726261dd4bbd\",\"name\":\"Herv\u00e9 Roten\",\"image\":{\"@type\":\"ImageObject\",\"inLanguage\":\"it-IT\",\"@id\":\"https:\\\/\\\/secure.gravatar.com\\\/avatar\\\/f96ad2db538a26481f18384936b5cd0610c92d390c4dc382209216d455f685ff?s=96&d=mm&r=g\",\"url\":\"https:\\\/\\\/secure.gravatar.com\\\/avatar\\\/f96ad2db538a26481f18384936b5cd0610c92d390c4dc382209216d455f685ff?s=96&d=mm&r=g\",\"contentUrl\":\"https:\\\/\\\/secure.gravatar.com\\\/avatar\\\/f96ad2db538a26481f18384936b5cd0610c92d390c4dc382209216d455f685ff?s=96&d=mm&r=g\",\"caption\":\"Herv\u00e9 Roten\"}}]}<\/script>\n<!-- \/ Yoast SEO plugin. -->","yoast_head_json":{"title":"Survivre et mourir en musique dans les camps nazis - Institut Europ\u00e9en des Musiques Juives","robots":{"index":"index","follow":"follow","max-snippet":"max-snippet:-1","max-image-preview":"max-image-preview:large","max-video-preview":"max-video-preview:-1"},"canonical":"https:\/\/www.iemj.org\/it\/survivre-et-mourir-en-musique-dans-les-camps-nazis\/","og_locale":"it_IT","og_type":"article","og_title":"Survivre et mourir en musique dans les camps nazis - Institut Europ\u00e9en des Musiques Juives","og_description":"Berg International \u00e9diteur, 2011, 192 p.","og_url":"https:\/\/www.iemj.org\/it\/survivre-et-mourir-en-musique-dans-les-camps-nazis\/","og_site_name":"Institut Europ\u00e9en des Musiques Juives","article_publisher":"https:\/\/www.facebook.com\/MusiquesJuives\/","article_published_time":"2011-10-29T07:17:41+00:00","article_modified_time":"2024-01-23T14:02:07+00:00","og_image":[{"width":350,"height":556,"url":"https:\/\/www.iemj.org\/wp-content\/uploads\/2011\/10\/arton327-e1619771571298.jpg","type":"image\/jpeg"}],"author":"Herv\u00e9 Roten","twitter_card":"summary_large_image","twitter_misc":{"Scritto da":"Herv\u00e9 Roten","Tempo di lettura stimato":"2 minuti"},"schema":{"@context":"https:\/\/schema.org","@graph":[{"@type":"Article","@id":"https:\/\/www.iemj.org\/it\/survivre-et-mourir-en-musique-dans-les-camps-nazis\/#article","isPartOf":{"@id":"https:\/\/www.iemj.org\/it\/survivre-et-mourir-en-musique-dans-les-camps-nazis\/"},"author":{"name":"Herv\u00e9 Roten","@id":"https:\/\/www.iemj.org\/it\/#\/schema\/person\/906134402c29d5c76e7b726261dd4bbd"},"headline":"Survivre et mourir en musique dans les camps nazis","datePublished":"2011-10-29T07:17:41+00:00","dateModified":"2024-01-23T14:02:07+00:00","mainEntityOfPage":{"@id":"https:\/\/www.iemj.org\/it\/survivre-et-mourir-en-musique-dans-les-camps-nazis\/"},"wordCount":336,"publisher":{"@id":"https:\/\/www.iemj.org\/it\/#organization"},"image":{"@id":"https:\/\/www.iemj.org\/it\/survivre-et-mourir-en-musique-dans-les-camps-nazis\/#primaryimage"},"thumbnailUrl":"https:\/\/www.iemj.org\/wp-content\/uploads\/2011\/10\/arton327-e1619771571298.jpg","articleSection":["Libri, articoli","Ultimi acquisti"],"inLanguage":"it-IT"},{"@type":"WebPage","@id":"https:\/\/www.iemj.org\/it\/survivre-et-mourir-en-musique-dans-les-camps-nazis\/","url":"https:\/\/www.iemj.org\/it\/survivre-et-mourir-en-musique-dans-les-camps-nazis\/","name":"Survivre et mourir en musique dans les camps nazis - Institut Europ\u00e9en des Musiques Juives","isPartOf":{"@id":"https:\/\/www.iemj.org\/it\/#website"},"primaryImageOfPage":{"@id":"https:\/\/www.iemj.org\/it\/survivre-et-mourir-en-musique-dans-les-camps-nazis\/#primaryimage"},"image":{"@id":"https:\/\/www.iemj.org\/it\/survivre-et-mourir-en-musique-dans-les-camps-nazis\/#primaryimage"},"thumbnailUrl":"https:\/\/www.iemj.org\/wp-content\/uploads\/2011\/10\/arton327-e1619771571298.jpg","datePublished":"2011-10-29T07:17:41+00:00","dateModified":"2024-01-23T14:02:07+00:00","breadcrumb":{"@id":"https:\/\/www.iemj.org\/it\/survivre-et-mourir-en-musique-dans-les-camps-nazis\/#breadcrumb"},"inLanguage":"it-IT","potentialAction":[{"@type":"ReadAction","target":["https:\/\/www.iemj.org\/it\/survivre-et-mourir-en-musique-dans-les-camps-nazis\/"]}]},{"@type":"ImageObject","inLanguage":"it-IT","@id":"https:\/\/www.iemj.org\/it\/survivre-et-mourir-en-musique-dans-les-camps-nazis\/#primaryimage","url":"https:\/\/www.iemj.org\/wp-content\/uploads\/2011\/10\/arton327-e1619771571298.jpg","contentUrl":"https:\/\/www.iemj.org\/wp-content\/uploads\/2011\/10\/arton327-e1619771571298.jpg","width":350,"height":556},{"@type":"BreadcrumbList","@id":"https:\/\/www.iemj.org\/it\/survivre-et-mourir-en-musique-dans-les-camps-nazis\/#breadcrumb","itemListElement":[{"@type":"ListItem","position":1,"name":"Accueil","item":"https:\/\/www.iemj.org\/it\/"},{"@type":"ListItem","position":2,"name":"Survivre et mourir en musique dans les camps nazis"}]},{"@type":"WebSite","@id":"https:\/\/www.iemj.org\/it\/#website","url":"https:\/\/www.iemj.org\/it\/","name":"Institut Europ\u00e9en des Musiques Juives","description":"Des traditions musicales \u00e0 la port\u00e9e de tous","publisher":{"@id":"https:\/\/www.iemj.org\/it\/#organization"},"potentialAction":[{"@type":"SearchAction","target":{"@type":"EntryPoint","urlTemplate":"https:\/\/www.iemj.org\/it\/?s={search_term_string}"},"query-input":{"@type":"PropertyValueSpecification","valueRequired":true,"valueName":"search_term_string"}}],"inLanguage":"it-IT"},{"@type":"Organization","@id":"https:\/\/www.iemj.org\/it\/#organization","name":"Institut Europ\u00e9en des Musiques Juives","url":"https:\/\/www.iemj.org\/it\/","logo":{"@type":"ImageObject","inLanguage":"it-IT","@id":"https:\/\/www.iemj.org\/it\/#\/schema\/logo\/image\/","url":"https:\/\/www.iemj.org\/wp-content\/uploads\/2021\/09\/Logo-IEMJ-Paypal.jpg","contentUrl":"https:\/\/www.iemj.org\/wp-content\/uploads\/2021\/09\/Logo-IEMJ-Paypal.jpg","width":150,"height":50,"caption":"Institut Europ\u00e9en des Musiques Juives"},"image":{"@id":"https:\/\/www.iemj.org\/it\/#\/schema\/logo\/image\/"},"sameAs":["https:\/\/www.facebook.com\/MusiquesJuives\/","https:\/\/www.instagram.com\/musiquesjuives\/","https:\/\/www.youtube.com\/user\/musiquesjuives"]},{"@type":"Person","@id":"https:\/\/www.iemj.org\/it\/#\/schema\/person\/906134402c29d5c76e7b726261dd4bbd","name":"Herv\u00e9 Roten","image":{"@type":"ImageObject","inLanguage":"it-IT","@id":"https:\/\/secure.gravatar.com\/avatar\/f96ad2db538a26481f18384936b5cd0610c92d390c4dc382209216d455f685ff?s=96&d=mm&r=g","url":"https:\/\/secure.gravatar.com\/avatar\/f96ad2db538a26481f18384936b5cd0610c92d390c4dc382209216d455f685ff?s=96&d=mm&r=g","contentUrl":"https:\/\/secure.gravatar.com\/avatar\/f96ad2db538a26481f18384936b5cd0610c92d390c4dc382209216d455f685ff?s=96&d=mm&r=g","caption":"Herv\u00e9 Roten"}}]}},"_links":{"self":[{"href":"https:\/\/www.iemj.org\/it\/wp-json\/wp\/v2\/posts\/108117","targetHints":{"allow":["GET"]}}],"collection":[{"href":"https:\/\/www.iemj.org\/it\/wp-json\/wp\/v2\/posts"}],"about":[{"href":"https:\/\/www.iemj.org\/it\/wp-json\/wp\/v2\/types\/post"}],"author":[{"embeddable":true,"href":"https:\/\/www.iemj.org\/it\/wp-json\/wp\/v2\/users\/1045"}],"replies":[{"embeddable":true,"href":"https:\/\/www.iemj.org\/it\/wp-json\/wp\/v2\/comments?post=108117"}],"version-history":[{"count":0,"href":"https:\/\/www.iemj.org\/it\/wp-json\/wp\/v2\/posts\/108117\/revisions"}],"wp:featuredmedia":[{"embeddable":true,"href":"https:\/\/www.iemj.org\/it\/wp-json\/wp\/v2\/media\/108118"}],"wp:attachment":[{"href":"https:\/\/www.iemj.org\/it\/wp-json\/wp\/v2\/media?parent=108117"}],"wp:term":[{"taxonomy":"category","embeddable":true,"href":"https:\/\/www.iemj.org\/it\/wp-json\/wp\/v2\/categories?post=108117"},{"taxonomy":"post_tag","embeddable":true,"href":"https:\/\/www.iemj.org\/it\/wp-json\/wp\/v2\/tags?post=108117"},{"taxonomy":"technique","embeddable":true,"href":"https:\/\/www.iemj.org\/it\/wp-json\/wp\/v2\/technique?post=108117"},{"taxonomy":"squelettes","embeddable":true,"href":"https:\/\/www.iemj.org\/it\/wp-json\/wp\/v2\/squelettes?post=108117"},{"taxonomy":"sujet","embeddable":true,"href":"https:\/\/www.iemj.org\/it\/wp-json\/wp\/v2\/sujet?post=108117"},{"taxonomy":"formation","embeddable":true,"href":"https:\/\/www.iemj.org\/it\/wp-json\/wp\/v2\/formation?post=108117"},{"taxonomy":"genre","embeddable":true,"href":"https:\/\/www.iemj.org\/it\/wp-json\/wp\/v2\/genre?post=108117"},{"taxonomy":"fonds","embeddable":true,"href":"https:\/\/www.iemj.org\/it\/wp-json\/wp\/v2\/fonds?post=108117"},{"taxonomy":"tradition","embeddable":true,"href":"https:\/\/www.iemj.org\/it\/wp-json\/wp\/v2\/tradition?post=108117"},{"taxonomy":"type-de-contenu","embeddable":true,"href":"https:\/\/www.iemj.org\/it\/wp-json\/wp\/v2\/type-de-contenu?post=108117"},{"taxonomy":"interprete-compositeur","embeddable":true,"href":"https:\/\/www.iemj.org\/it\/wp-json\/wp\/v2\/interprete-compositeur?post=108117"},{"taxonomy":"frise","embeddable":true,"href":"https:\/\/www.iemj.org\/it\/wp-json\/wp\/v2\/frise?post=108117"},{"taxonomy":"type-devenement","embeddable":true,"href":"https:\/\/www.iemj.org\/it\/wp-json\/wp\/v2\/type-devenement?post=108117"},{"taxonomy":"tableaux-liens-externes","embeddable":true,"href":"https:\/\/www.iemj.org\/it\/wp-json\/wp\/v2\/tableaux-liens-externes?post=108117"}],"curies":[{"name":"wp","href":"https:\/\/api.w.org\/{rel}","templated":true}]}}