{"id":108266,"date":"2011-06-07T16:54:19","date_gmt":"2011-06-07T14:54:19","guid":{"rendered":"https:\/\/www.iemj.org\/salamone-rossi\/"},"modified":"2024-01-29T11:59:19","modified_gmt":"2024-01-29T10:59:19","slug":"salamone-rossi","status":"publish","type":"post","link":"https:\/\/www.iemj.org\/it\/salamone-rossi\/","title":{"rendered":"Salamone Rossi &#8211; Jewish musician in late renaissance Mantua"},"content":{"rendered":"<p class=\"post_excerpt\">Oxford University Press &#8211; Oxford monographs on musicians, 29-07-1999, 334 p.<\/p>\n<p><!--more--><br \/>\n<a href=\"https:\/\/www.iemj.org\/it\/rossi-salomone-vers-1570-vers-1630\/\">Salamone Rossi<\/a> (1570 circa &#8211; 1630 circa) fu il primo compositore ebreo ad entrare nella tradizione musicale dell&#8217;Europa occidentale. Visse alla corte del duca Gonzaga di Mantova, dove fu collega di Monteverdi. Rimase fedele alla sua fede ebraica, componendo sia madrigali di corte che musica sacra per la sua comunit\u00e0.<\/p>\n<p>Questo meticoloso studio, riccamente documentato, \u00e8 opera di <a href=\"https:\/\/en.wikipedia.org\/wiki\/Don_Harr%C3%A1n\" target=\"_blank\" rel=\"noopener\">Don Harran<\/a> (1936-2016), che \u00e8 stato professore all&#8217;Universit\u00e0 Ebraica di Gerusalemme.<\/p>\n<p><a href=\"https:\/\/www.lavoisier.fr\/livre\/autre\/salamone-rossi-jewish-musician-in-late-renaissance-mantua\/harran\/descriptif_1148786?combien=1\" target=\"_blank\" rel=\"noopener\">Per saperne di pi\u00f9 ed ordinare il libro<\/a><\/p>\n<p><a href=\"https:\/\/www.iemj.org\/it\/interprete-compositore\/salomone-rossi-it\/\" target=\"_blank\" rel=\"noopener\">Accedere ad altri articoli su Salamone Rossi<\/a><\/p>\n","protected":false},"excerpt":{"rendered":"<p>Oxford University Press &#8211; Oxford monographs on musicians, 29-07-1999, 334 p.<\/p>\n","protected":false},"author":1049,"featured_media":108267,"comment_status":"closed","ping_status":"open","sticky":false,"template":"","format":"standard","meta":{"_acf_changed":false,"footnotes":""},"categories":[1576,1564],"tags":[2091],"technique":[],"squelettes":[],"sujet":[],"formation":[],"genre":[1895],"fonds":[],"tradition":[],"type-de-contenu":[],"interprete-compositeur":[3279],"frise":[],"type-devenement":[],"tableaux-liens-externes":[],"class_list":["post-108266","post","type-post","status-publish","format-standard","has-post-thumbnail","hentry","category-libri-articoli-it","category-ultimi-acquisti-it","tag-italia-it","genre-musica-barocca-it","interprete-compositeur-salomone-rossi-it"],"acf":[],"yoast_head":"<!-- This site is optimized with the Yoast SEO plugin v27.3 - https:\/\/yoast.com\/product\/yoast-seo-wordpress\/ -->\n<title>Salamone Rossi - Jewish musician in late renaissance Mantua - Institut Europ\u00e9en des Musiques Juives<\/title>\n<meta name=\"robots\" content=\"index, follow, max-snippet:-1, max-image-preview:large, max-video-preview:-1\" \/>\n<link rel=\"canonical\" href=\"https:\/\/www.iemj.org\/it\/salamone-rossi\/\" \/>\n<meta property=\"og:locale\" content=\"it_IT\" \/>\n<meta property=\"og:type\" content=\"article\" \/>\n<meta property=\"og:title\" content=\"Salamone Rossi - Jewish musician in late renaissance Mantua - Institut Europ\u00e9en des Musiques Juives\" \/>\n<meta property=\"og:description\" content=\"Oxford University Press &#8211; Oxford monographs on musicians, 29-07-1999, 334 p.\" \/>\n<meta property=\"og:url\" content=\"https:\/\/www.iemj.org\/it\/salamone-rossi\/\" \/>\n<meta property=\"og:site_name\" content=\"Institut Europ\u00e9en des Musiques Juives\" \/>\n<meta property=\"article:publisher\" content=\"https:\/\/www.facebook.com\/MusiquesJuives\/\" \/>\n<meta property=\"article:published_time\" content=\"2011-06-07T14:54:19+00:00\" \/>\n<meta property=\"article:modified_time\" content=\"2024-01-29T10:59:19+00:00\" \/>\n<meta property=\"og:image\" content=\"https:\/\/www.iemj.org\/wp-content\/uploads\/2011\/06\/arton238.jpg\" \/>\n\t<meta property=\"og:image:width\" content=\"338\" \/>\n\t<meta property=\"og:image:height\" content=\"499\" \/>\n\t<meta property=\"og:image:type\" content=\"image\/jpeg\" \/>\n<meta name=\"author\" content=\"Bruno Fraitag\" \/>\n<meta name=\"twitter:card\" content=\"summary_large_image\" \/>\n<meta name=\"twitter:label1\" content=\"Scritto da\" \/>\n\t<meta name=\"twitter:data1\" content=\"Bruno Fraitag\" \/>\n\t<meta name=\"twitter:label2\" content=\"Tempo di lettura stimato\" \/>\n\t<meta name=\"twitter:data2\" content=\"1 minuto\" \/>\n<script type=\"application\/ld+json\" class=\"yoast-schema-graph\">{\"@context\":\"https:\\\/\\\/schema.org\",\"@graph\":[{\"@type\":\"Article\",\"@id\":\"https:\\\/\\\/www.iemj.org\\\/it\\\/salamone-rossi\\\/#article\",\"isPartOf\":{\"@id\":\"https:\\\/\\\/www.iemj.org\\\/it\\\/salamone-rossi\\\/\"},\"author\":{\"name\":\"Bruno Fraitag\",\"@id\":\"https:\\\/\\\/www.iemj.org\\\/it\\\/#\\\/schema\\\/person\\\/64f2cd97a4b6cb86453bc38a3dd8f7f6\"},\"headline\":\"Salamone Rossi &#8211; Jewish musician in late renaissance Mantua\",\"datePublished\":\"2011-06-07T14:54:19+00:00\",\"dateModified\":\"2024-01-29T10:59:19+00:00\",\"mainEntityOfPage\":{\"@id\":\"https:\\\/\\\/www.iemj.org\\\/it\\\/salamone-rossi\\\/\"},\"wordCount\":102,\"publisher\":{\"@id\":\"https:\\\/\\\/www.iemj.org\\\/it\\\/#organization\"},\"image\":{\"@id\":\"https:\\\/\\\/www.iemj.org\\\/it\\\/salamone-rossi\\\/#primaryimage\"},\"thumbnailUrl\":\"https:\\\/\\\/www.iemj.org\\\/wp-content\\\/uploads\\\/2011\\\/06\\\/arton238.jpg\",\"keywords\":[\"Italia\"],\"articleSection\":[\"Libri, articoli\",\"Ultimi acquisti\"],\"inLanguage\":\"it-IT\"},{\"@type\":\"WebPage\",\"@id\":\"https:\\\/\\\/www.iemj.org\\\/it\\\/salamone-rossi\\\/\",\"url\":\"https:\\\/\\\/www.iemj.org\\\/it\\\/salamone-rossi\\\/\",\"name\":\"Salamone Rossi - Jewish musician in late renaissance Mantua - Institut Europ\u00e9en des Musiques Juives\",\"isPartOf\":{\"@id\":\"https:\\\/\\\/www.iemj.org\\\/it\\\/#website\"},\"primaryImageOfPage\":{\"@id\":\"https:\\\/\\\/www.iemj.org\\\/it\\\/salamone-rossi\\\/#primaryimage\"},\"image\":{\"@id\":\"https:\\\/\\\/www.iemj.org\\\/it\\\/salamone-rossi\\\/#primaryimage\"},\"thumbnailUrl\":\"https:\\\/\\\/www.iemj.org\\\/wp-content\\\/uploads\\\/2011\\\/06\\\/arton238.jpg\",\"datePublished\":\"2011-06-07T14:54:19+00:00\",\"dateModified\":\"2024-01-29T10:59:19+00:00\",\"breadcrumb\":{\"@id\":\"https:\\\/\\\/www.iemj.org\\\/it\\\/salamone-rossi\\\/#breadcrumb\"},\"inLanguage\":\"it-IT\",\"potentialAction\":[{\"@type\":\"ReadAction\",\"target\":[\"https:\\\/\\\/www.iemj.org\\\/it\\\/salamone-rossi\\\/\"]}]},{\"@type\":\"ImageObject\",\"inLanguage\":\"it-IT\",\"@id\":\"https:\\\/\\\/www.iemj.org\\\/it\\\/salamone-rossi\\\/#primaryimage\",\"url\":\"https:\\\/\\\/www.iemj.org\\\/wp-content\\\/uploads\\\/2011\\\/06\\\/arton238.jpg\",\"contentUrl\":\"https:\\\/\\\/www.iemj.org\\\/wp-content\\\/uploads\\\/2011\\\/06\\\/arton238.jpg\",\"width\":338,\"height\":499},{\"@type\":\"BreadcrumbList\",\"@id\":\"https:\\\/\\\/www.iemj.org\\\/it\\\/salamone-rossi\\\/#breadcrumb\",\"itemListElement\":[{\"@type\":\"ListItem\",\"position\":1,\"name\":\"Accueil\",\"item\":\"https:\\\/\\\/www.iemj.org\\\/it\\\/\"},{\"@type\":\"ListItem\",\"position\":2,\"name\":\"Salamone Rossi &#8211; Jewish musician in late renaissance Mantua\"}]},{\"@type\":\"WebSite\",\"@id\":\"https:\\\/\\\/www.iemj.org\\\/it\\\/#website\",\"url\":\"https:\\\/\\\/www.iemj.org\\\/it\\\/\",\"name\":\"Institut Europ\u00e9en des Musiques Juives\",\"description\":\"Des traditions musicales \u00e0 la port\u00e9e de tous\",\"publisher\":{\"@id\":\"https:\\\/\\\/www.iemj.org\\\/it\\\/#organization\"},\"potentialAction\":[{\"@type\":\"SearchAction\",\"target\":{\"@type\":\"EntryPoint\",\"urlTemplate\":\"https:\\\/\\\/www.iemj.org\\\/it\\\/?s={search_term_string}\"},\"query-input\":{\"@type\":\"PropertyValueSpecification\",\"valueRequired\":true,\"valueName\":\"search_term_string\"}}],\"inLanguage\":\"it-IT\"},{\"@type\":\"Organization\",\"@id\":\"https:\\\/\\\/www.iemj.org\\\/it\\\/#organization\",\"name\":\"Institut Europ\u00e9en des Musiques Juives\",\"url\":\"https:\\\/\\\/www.iemj.org\\\/it\\\/\",\"logo\":{\"@type\":\"ImageObject\",\"inLanguage\":\"it-IT\",\"@id\":\"https:\\\/\\\/www.iemj.org\\\/it\\\/#\\\/schema\\\/logo\\\/image\\\/\",\"url\":\"https:\\\/\\\/www.iemj.org\\\/wp-content\\\/uploads\\\/2021\\\/09\\\/Logo-IEMJ-Paypal.jpg\",\"contentUrl\":\"https:\\\/\\\/www.iemj.org\\\/wp-content\\\/uploads\\\/2021\\\/09\\\/Logo-IEMJ-Paypal.jpg\",\"width\":150,\"height\":50,\"caption\":\"Institut Europ\u00e9en des Musiques Juives\"},\"image\":{\"@id\":\"https:\\\/\\\/www.iemj.org\\\/it\\\/#\\\/schema\\\/logo\\\/image\\\/\"},\"sameAs\":[\"https:\\\/\\\/www.facebook.com\\\/MusiquesJuives\\\/\",\"https:\\\/\\\/www.instagram.com\\\/musiquesjuives\\\/\",\"https:\\\/\\\/www.youtube.com\\\/user\\\/musiquesjuives\"]},{\"@type\":\"Person\",\"@id\":\"https:\\\/\\\/www.iemj.org\\\/it\\\/#\\\/schema\\\/person\\\/64f2cd97a4b6cb86453bc38a3dd8f7f6\",\"name\":\"Bruno Fraitag\",\"image\":{\"@type\":\"ImageObject\",\"inLanguage\":\"it-IT\",\"@id\":\"https:\\\/\\\/secure.gravatar.com\\\/avatar\\\/3b65968ab88accabede3f2778dd9029a8a2342e32a697d8148f7e15a5caf55ac?s=96&d=mm&r=g\",\"url\":\"https:\\\/\\\/secure.gravatar.com\\\/avatar\\\/3b65968ab88accabede3f2778dd9029a8a2342e32a697d8148f7e15a5caf55ac?s=96&d=mm&r=g\",\"contentUrl\":\"https:\\\/\\\/secure.gravatar.com\\\/avatar\\\/3b65968ab88accabede3f2778dd9029a8a2342e32a697d8148f7e15a5caf55ac?s=96&d=mm&r=g\",\"caption\":\"Bruno Fraitag\"}}]}<\/script>\n<!-- \/ Yoast SEO plugin. -->","yoast_head_json":{"title":"Salamone Rossi - Jewish musician in late renaissance Mantua - Institut Europ\u00e9en des Musiques Juives","robots":{"index":"index","follow":"follow","max-snippet":"max-snippet:-1","max-image-preview":"max-image-preview:large","max-video-preview":"max-video-preview:-1"},"canonical":"https:\/\/www.iemj.org\/it\/salamone-rossi\/","og_locale":"it_IT","og_type":"article","og_title":"Salamone Rossi - Jewish musician in late renaissance Mantua - Institut Europ\u00e9en des Musiques Juives","og_description":"Oxford University Press &#8211; Oxford monographs on musicians, 29-07-1999, 334 p.","og_url":"https:\/\/www.iemj.org\/it\/salamone-rossi\/","og_site_name":"Institut Europ\u00e9en des Musiques Juives","article_publisher":"https:\/\/www.facebook.com\/MusiquesJuives\/","article_published_time":"2011-06-07T14:54:19+00:00","article_modified_time":"2024-01-29T10:59:19+00:00","og_image":[{"width":338,"height":499,"url":"https:\/\/www.iemj.org\/wp-content\/uploads\/2011\/06\/arton238.jpg","type":"image\/jpeg"}],"author":"Bruno Fraitag","twitter_card":"summary_large_image","twitter_misc":{"Scritto da":"Bruno Fraitag","Tempo di lettura stimato":"1 minuto"},"schema":{"@context":"https:\/\/schema.org","@graph":[{"@type":"Article","@id":"https:\/\/www.iemj.org\/it\/salamone-rossi\/#article","isPartOf":{"@id":"https:\/\/www.iemj.org\/it\/salamone-rossi\/"},"author":{"name":"Bruno Fraitag","@id":"https:\/\/www.iemj.org\/it\/#\/schema\/person\/64f2cd97a4b6cb86453bc38a3dd8f7f6"},"headline":"Salamone Rossi &#8211; Jewish musician in late renaissance Mantua","datePublished":"2011-06-07T14:54:19+00:00","dateModified":"2024-01-29T10:59:19+00:00","mainEntityOfPage":{"@id":"https:\/\/www.iemj.org\/it\/salamone-rossi\/"},"wordCount":102,"publisher":{"@id":"https:\/\/www.iemj.org\/it\/#organization"},"image":{"@id":"https:\/\/www.iemj.org\/it\/salamone-rossi\/#primaryimage"},"thumbnailUrl":"https:\/\/www.iemj.org\/wp-content\/uploads\/2011\/06\/arton238.jpg","keywords":["Italia"],"articleSection":["Libri, articoli","Ultimi acquisti"],"inLanguage":"it-IT"},{"@type":"WebPage","@id":"https:\/\/www.iemj.org\/it\/salamone-rossi\/","url":"https:\/\/www.iemj.org\/it\/salamone-rossi\/","name":"Salamone Rossi - Jewish musician in late renaissance Mantua - Institut Europ\u00e9en des Musiques Juives","isPartOf":{"@id":"https:\/\/www.iemj.org\/it\/#website"},"primaryImageOfPage":{"@id":"https:\/\/www.iemj.org\/it\/salamone-rossi\/#primaryimage"},"image":{"@id":"https:\/\/www.iemj.org\/it\/salamone-rossi\/#primaryimage"},"thumbnailUrl":"https:\/\/www.iemj.org\/wp-content\/uploads\/2011\/06\/arton238.jpg","datePublished":"2011-06-07T14:54:19+00:00","dateModified":"2024-01-29T10:59:19+00:00","breadcrumb":{"@id":"https:\/\/www.iemj.org\/it\/salamone-rossi\/#breadcrumb"},"inLanguage":"it-IT","potentialAction":[{"@type":"ReadAction","target":["https:\/\/www.iemj.org\/it\/salamone-rossi\/"]}]},{"@type":"ImageObject","inLanguage":"it-IT","@id":"https:\/\/www.iemj.org\/it\/salamone-rossi\/#primaryimage","url":"https:\/\/www.iemj.org\/wp-content\/uploads\/2011\/06\/arton238.jpg","contentUrl":"https:\/\/www.iemj.org\/wp-content\/uploads\/2011\/06\/arton238.jpg","width":338,"height":499},{"@type":"BreadcrumbList","@id":"https:\/\/www.iemj.org\/it\/salamone-rossi\/#breadcrumb","itemListElement":[{"@type":"ListItem","position":1,"name":"Accueil","item":"https:\/\/www.iemj.org\/it\/"},{"@type":"ListItem","position":2,"name":"Salamone Rossi &#8211; Jewish musician in late renaissance Mantua"}]},{"@type":"WebSite","@id":"https:\/\/www.iemj.org\/it\/#website","url":"https:\/\/www.iemj.org\/it\/","name":"Institut Europ\u00e9en des Musiques Juives","description":"Des traditions musicales \u00e0 la port\u00e9e de tous","publisher":{"@id":"https:\/\/www.iemj.org\/it\/#organization"},"potentialAction":[{"@type":"SearchAction","target":{"@type":"EntryPoint","urlTemplate":"https:\/\/www.iemj.org\/it\/?s={search_term_string}"},"query-input":{"@type":"PropertyValueSpecification","valueRequired":true,"valueName":"search_term_string"}}],"inLanguage":"it-IT"},{"@type":"Organization","@id":"https:\/\/www.iemj.org\/it\/#organization","name":"Institut Europ\u00e9en des Musiques Juives","url":"https:\/\/www.iemj.org\/it\/","logo":{"@type":"ImageObject","inLanguage":"it-IT","@id":"https:\/\/www.iemj.org\/it\/#\/schema\/logo\/image\/","url":"https:\/\/www.iemj.org\/wp-content\/uploads\/2021\/09\/Logo-IEMJ-Paypal.jpg","contentUrl":"https:\/\/www.iemj.org\/wp-content\/uploads\/2021\/09\/Logo-IEMJ-Paypal.jpg","width":150,"height":50,"caption":"Institut Europ\u00e9en des Musiques Juives"},"image":{"@id":"https:\/\/www.iemj.org\/it\/#\/schema\/logo\/image\/"},"sameAs":["https:\/\/www.facebook.com\/MusiquesJuives\/","https:\/\/www.instagram.com\/musiquesjuives\/","https:\/\/www.youtube.com\/user\/musiquesjuives"]},{"@type":"Person","@id":"https:\/\/www.iemj.org\/it\/#\/schema\/person\/64f2cd97a4b6cb86453bc38a3dd8f7f6","name":"Bruno Fraitag","image":{"@type":"ImageObject","inLanguage":"it-IT","@id":"https:\/\/secure.gravatar.com\/avatar\/3b65968ab88accabede3f2778dd9029a8a2342e32a697d8148f7e15a5caf55ac?s=96&d=mm&r=g","url":"https:\/\/secure.gravatar.com\/avatar\/3b65968ab88accabede3f2778dd9029a8a2342e32a697d8148f7e15a5caf55ac?s=96&d=mm&r=g","contentUrl":"https:\/\/secure.gravatar.com\/avatar\/3b65968ab88accabede3f2778dd9029a8a2342e32a697d8148f7e15a5caf55ac?s=96&d=mm&r=g","caption":"Bruno Fraitag"}}]}},"_links":{"self":[{"href":"https:\/\/www.iemj.org\/it\/wp-json\/wp\/v2\/posts\/108266","targetHints":{"allow":["GET"]}}],"collection":[{"href":"https:\/\/www.iemj.org\/it\/wp-json\/wp\/v2\/posts"}],"about":[{"href":"https:\/\/www.iemj.org\/it\/wp-json\/wp\/v2\/types\/post"}],"author":[{"embeddable":true,"href":"https:\/\/www.iemj.org\/it\/wp-json\/wp\/v2\/users\/1049"}],"replies":[{"embeddable":true,"href":"https:\/\/www.iemj.org\/it\/wp-json\/wp\/v2\/comments?post=108266"}],"version-history":[{"count":0,"href":"https:\/\/www.iemj.org\/it\/wp-json\/wp\/v2\/posts\/108266\/revisions"}],"wp:featuredmedia":[{"embeddable":true,"href":"https:\/\/www.iemj.org\/it\/wp-json\/wp\/v2\/media\/108267"}],"wp:attachment":[{"href":"https:\/\/www.iemj.org\/it\/wp-json\/wp\/v2\/media?parent=108266"}],"wp:term":[{"taxonomy":"category","embeddable":true,"href":"https:\/\/www.iemj.org\/it\/wp-json\/wp\/v2\/categories?post=108266"},{"taxonomy":"post_tag","embeddable":true,"href":"https:\/\/www.iemj.org\/it\/wp-json\/wp\/v2\/tags?post=108266"},{"taxonomy":"technique","embeddable":true,"href":"https:\/\/www.iemj.org\/it\/wp-json\/wp\/v2\/technique?post=108266"},{"taxonomy":"squelettes","embeddable":true,"href":"https:\/\/www.iemj.org\/it\/wp-json\/wp\/v2\/squelettes?post=108266"},{"taxonomy":"sujet","embeddable":true,"href":"https:\/\/www.iemj.org\/it\/wp-json\/wp\/v2\/sujet?post=108266"},{"taxonomy":"formation","embeddable":true,"href":"https:\/\/www.iemj.org\/it\/wp-json\/wp\/v2\/formation?post=108266"},{"taxonomy":"genre","embeddable":true,"href":"https:\/\/www.iemj.org\/it\/wp-json\/wp\/v2\/genre?post=108266"},{"taxonomy":"fonds","embeddable":true,"href":"https:\/\/www.iemj.org\/it\/wp-json\/wp\/v2\/fonds?post=108266"},{"taxonomy":"tradition","embeddable":true,"href":"https:\/\/www.iemj.org\/it\/wp-json\/wp\/v2\/tradition?post=108266"},{"taxonomy":"type-de-contenu","embeddable":true,"href":"https:\/\/www.iemj.org\/it\/wp-json\/wp\/v2\/type-de-contenu?post=108266"},{"taxonomy":"interprete-compositeur","embeddable":true,"href":"https:\/\/www.iemj.org\/it\/wp-json\/wp\/v2\/interprete-compositeur?post=108266"},{"taxonomy":"frise","embeddable":true,"href":"https:\/\/www.iemj.org\/it\/wp-json\/wp\/v2\/frise?post=108266"},{"taxonomy":"type-devenement","embeddable":true,"href":"https:\/\/www.iemj.org\/it\/wp-json\/wp\/v2\/type-devenement?post=108266"},{"taxonomy":"tableaux-liens-externes","embeddable":true,"href":"https:\/\/www.iemj.org\/it\/wp-json\/wp\/v2\/tableaux-liens-externes?post=108266"}],"curies":[{"name":"wp","href":"https:\/\/api.w.org\/{rel}","templated":true}]}}