{"id":108421,"date":"2012-11-26T10:13:21","date_gmt":"2012-11-26T09:13:21","guid":{"rendered":"https:\/\/www.iemj.org\/musiques-traditionnelles-et-liturgiques-des-juifs-dalgerie\/"},"modified":"2024-01-29T16:57:13","modified_gmt":"2024-01-29T15:57:13","slug":"musiques-traditionnelles-et-liturgiques-des-juifs-dalgerie","status":"publish","type":"post","link":"https:\/\/www.iemj.org\/it\/musiques-traditionnelles-et-liturgiques-des-juifs-dalgerie\/","title":{"rendered":"Musica tradizionale e liturgica degli ebrei algerini"},"content":{"rendered":"<p class=\"post_excerpt\"><strong>DOMENICA 9 DICEMBRE 2012, ore 15.00 e 17.00<\/strong><\/p>\n<p><strong>Concerto e conferenza al Mus\u00e9e d&#8217;Art et d&#8217;Histoire du Juda\u00efsme &#8211; 71 rue du Temple, 75003 Parigi<\/strong><\/p>\n<p><!--more--><br \/>\nNell&#8217;ambito della mostra <em>Juifs d&#8217;Alg\u00e9rie<\/em> (28 settembre 2012 &#8211; 27 gennaio 2013), il Mus\u00e9e d&#8217;Art et d&#8217;Histoire du Juda\u00efsme e l&#8217;Institut Europ\u00e9en des Musiques Juives organizzano un eccezionale concerto di musiche ebraiche tradizionali e liturgiche algerine.<\/p>\n<p>I cantori Philippe Darmon, Yohan Bismuth, Ylane Zerbib e il cantante e pianista Paul Sultan, accompagnati da un ensemble strumentale tradizionale, eseguiranno i grandi canti delle comunit\u00e0 ebraiche di Algeri, Costantina e Orano&#8230;<\/p>\n<p>Il concerto, che inizier\u00e0 alle 17.00, sar\u00e0 preceduto da una conferenza sulla musica degli ebrei d&#8217;Algeria tenuta da Herv\u00e9 Roten, direttore dell&#8217;Institut Europ\u00e9en des Musiques Juives. Illustrata da alcuni estratti sonori, la conferenza offrir\u00e0 un&#8217;ampia panoramica delle musiche liturgiche, colte e popolari degli ebrei d&#8217;Algeria, dal rito di Tlemc\u00e9nien al malouf costantiniano, dai canti franco-arabi ai cabaret di musica orientale.<\/p>\n<p>In questa occasione, Herve Roten presenter\u00e0 l&#8217;ultimo CD della collezione <em>Patrimoines Musicaux des Juifs de France<\/em>, intitolato <em>Les psaumes des Juifs de Constantine<\/em>. Questo CD sar\u00e0 venduto in anteprima nella biblioteca del MAHJ e sar\u00e0 firmato dagli artisti che vi hanno contribuito.<\/p>\n<p>Si raccomanda vivamente la prenotazione presso il Mus\u00e9e d&#8217;Art et d&#8217;Histoire du Juda\u00efsme &#8211; H\u00f4tel de Saint-Aignan, 71, rue du Temple, 75003 Parigi.<\/p>\n<p>Tel: 01 53 01 86 53<\/p>\n<p>Prezzi: concerto: 15 \u20ac; conferenza: 5 \u20ac, conferenza e concerto: 18 \u20ac.<\/p>\n<p><strong>Tariffa speciale per i soci IEMJ: conferenza e concerto (su presentazione della tessera associativa): 15 \u20ac.<\/strong><\/p>\n<figure id=\"attachment_5149\" aria-describedby=\"caption-attachment-5149\" style=\"width: 640px\" class=\"wp-caption aligncenter\"><img fetchpriority=\"high\" decoding=\"async\" class=\"wp-image-5149 size-full\" title=\"Soci\u00e9t\u00e9 de Charit\u00e9 (Constantine)\" src=\"https:\/\/www.iemj.org\/wp-content\/uploads\/2012\/11\/a_ssara_batlanim_avec_rebbi_reoubene_guedj_recadre_site.jpg\" alt=\"Soci\u00e9t\u00e9 de Charit\u00e9 (Constantine)\" width=\"640\" height=\"480\" align=\"center\" srcset=\"https:\/\/www.iemj.org\/wp-content\/uploads\/2012\/11\/a_ssara_batlanim_avec_rebbi_reoubene_guedj_recadre_site.jpg 640w, https:\/\/www.iemj.org\/wp-content\/uploads\/2012\/11\/a_ssara_batlanim_avec_rebbi_reoubene_guedj_recadre_site-300x225.jpg 300w, https:\/\/www.iemj.org\/wp-content\/uploads\/2012\/11\/a_ssara_batlanim_avec_rebbi_reoubene_guedj_recadre_site-600x450.jpg 600w\" sizes=\"(max-width: 640px) 100vw, 640px\" \/><figcaption id=\"caption-attachment-5149\" class=\"wp-caption-text\">Soci\u00e9t\u00e9 de Charit\u00e9 (Constantine)<\/figcaption><\/figure>\n","protected":false},"excerpt":{"rendered":"<p>DOMENICA 9 DICEMBRE 2012, ore 15.00 e 17.00 Concerto e conferenza al Mus\u00e9e d&#8217;Art et d&#8217;Histoire du Juda\u00efsme &#8211; 71 rue du Temple, 75003 Parigi<\/p>\n","protected":false},"author":1045,"featured_media":39579,"comment_status":"closed","ping_status":"open","sticky":false,"template":"","format":"standard","meta":{"_acf_changed":false,"footnotes":""},"categories":[1379,1371],"tags":[],"technique":[],"squelettes":[],"sujet":[],"formation":[],"genre":[],"fonds":[],"tradition":[],"type-de-contenu":[],"interprete-compositeur":[],"frise":[],"type-devenement":[],"tableaux-liens-externes":[],"class_list":["post-108421","post","type-post","status-publish","format-standard","has-post-thumbnail","hentry","category-concerti-manifestazioni-it","category-manifestazioni-it"],"acf":[],"yoast_head":"<!-- This site is optimized with the Yoast SEO plugin v27.3 - https:\/\/yoast.com\/product\/yoast-seo-wordpress\/ -->\n<title>Musica tradizionale e liturgica degli ebrei algerini - Institut Europ\u00e9en des Musiques Juives<\/title>\n<meta name=\"robots\" content=\"index, follow, max-snippet:-1, max-image-preview:large, max-video-preview:-1\" \/>\n<link rel=\"canonical\" href=\"https:\/\/www.iemj.org\/it\/musiques-traditionnelles-et-liturgiques-des-juifs-dalgerie\/\" \/>\n<meta property=\"og:locale\" content=\"it_IT\" \/>\n<meta property=\"og:type\" content=\"article\" \/>\n<meta property=\"og:title\" content=\"Musica tradizionale e liturgica degli ebrei algerini - Institut Europ\u00e9en des Musiques Juives\" \/>\n<meta property=\"og:description\" content=\"DOMENICA 9 DICEMBRE 2012, ore 15.00 e 17.00 Concerto e conferenza al Mus\u00e9e d&#8217;Art et d&#8217;Histoire du Juda\u00efsme &#8211; 71 rue du Temple, 75003 Parigi\" \/>\n<meta property=\"og:url\" content=\"https:\/\/www.iemj.org\/it\/musiques-traditionnelles-et-liturgiques-des-juifs-dalgerie\/\" \/>\n<meta property=\"og:site_name\" content=\"Institut Europ\u00e9en des Musiques Juives\" \/>\n<meta property=\"article:publisher\" content=\"https:\/\/www.facebook.com\/MusiquesJuives\/\" \/>\n<meta property=\"article:published_time\" content=\"2012-11-26T09:13:21+00:00\" \/>\n<meta property=\"article:modified_time\" content=\"2024-01-29T15:57:13+00:00\" \/>\n<meta property=\"og:image\" content=\"https:\/\/www.iemj.org\/wp-content\/uploads\/2012\/11\/arton584-e1620117941777.jpg\" \/>\n\t<meta property=\"og:image:width\" content=\"350\" \/>\n\t<meta property=\"og:image:height\" content=\"319\" \/>\n\t<meta property=\"og:image:type\" content=\"image\/jpeg\" \/>\n<meta name=\"author\" content=\"Herv\u00e9 Roten\" \/>\n<meta name=\"twitter:card\" content=\"summary_large_image\" \/>\n<meta name=\"twitter:label1\" content=\"Scritto da\" \/>\n\t<meta name=\"twitter:data1\" content=\"Herv\u00e9 Roten\" \/>\n\t<meta name=\"twitter:label2\" content=\"Tempo di lettura stimato\" \/>\n\t<meta name=\"twitter:data2\" content=\"2 minuti\" \/>\n<script type=\"application\/ld+json\" class=\"yoast-schema-graph\">{\"@context\":\"https:\\\/\\\/schema.org\",\"@graph\":[{\"@type\":\"Article\",\"@id\":\"https:\\\/\\\/www.iemj.org\\\/it\\\/musiques-traditionnelles-et-liturgiques-des-juifs-dalgerie\\\/#article\",\"isPartOf\":{\"@id\":\"https:\\\/\\\/www.iemj.org\\\/it\\\/musiques-traditionnelles-et-liturgiques-des-juifs-dalgerie\\\/\"},\"author\":{\"name\":\"Herv\u00e9 Roten\",\"@id\":\"https:\\\/\\\/www.iemj.org\\\/it\\\/#\\\/schema\\\/person\\\/906134402c29d5c76e7b726261dd4bbd\"},\"headline\":\"Musica tradizionale e liturgica degli ebrei algerini\",\"datePublished\":\"2012-11-26T09:13:21+00:00\",\"dateModified\":\"2024-01-29T15:57:13+00:00\",\"mainEntityOfPage\":{\"@id\":\"https:\\\/\\\/www.iemj.org\\\/it\\\/musiques-traditionnelles-et-liturgiques-des-juifs-dalgerie\\\/\"},\"wordCount\":271,\"publisher\":{\"@id\":\"https:\\\/\\\/www.iemj.org\\\/it\\\/#organization\"},\"image\":{\"@id\":\"https:\\\/\\\/www.iemj.org\\\/it\\\/musiques-traditionnelles-et-liturgiques-des-juifs-dalgerie\\\/#primaryimage\"},\"thumbnailUrl\":\"https:\\\/\\\/www.iemj.org\\\/wp-content\\\/uploads\\\/2012\\\/11\\\/arton584-e1620117941777.jpg\",\"articleSection\":[\"Concerti\",\"Manifestazioni\"],\"inLanguage\":\"it-IT\"},{\"@type\":\"WebPage\",\"@id\":\"https:\\\/\\\/www.iemj.org\\\/it\\\/musiques-traditionnelles-et-liturgiques-des-juifs-dalgerie\\\/\",\"url\":\"https:\\\/\\\/www.iemj.org\\\/it\\\/musiques-traditionnelles-et-liturgiques-des-juifs-dalgerie\\\/\",\"name\":\"Musica tradizionale e liturgica degli ebrei algerini - Institut Europ\u00e9en des Musiques Juives\",\"isPartOf\":{\"@id\":\"https:\\\/\\\/www.iemj.org\\\/it\\\/#website\"},\"primaryImageOfPage\":{\"@id\":\"https:\\\/\\\/www.iemj.org\\\/it\\\/musiques-traditionnelles-et-liturgiques-des-juifs-dalgerie\\\/#primaryimage\"},\"image\":{\"@id\":\"https:\\\/\\\/www.iemj.org\\\/it\\\/musiques-traditionnelles-et-liturgiques-des-juifs-dalgerie\\\/#primaryimage\"},\"thumbnailUrl\":\"https:\\\/\\\/www.iemj.org\\\/wp-content\\\/uploads\\\/2012\\\/11\\\/arton584-e1620117941777.jpg\",\"datePublished\":\"2012-11-26T09:13:21+00:00\",\"dateModified\":\"2024-01-29T15:57:13+00:00\",\"breadcrumb\":{\"@id\":\"https:\\\/\\\/www.iemj.org\\\/it\\\/musiques-traditionnelles-et-liturgiques-des-juifs-dalgerie\\\/#breadcrumb\"},\"inLanguage\":\"it-IT\",\"potentialAction\":[{\"@type\":\"ReadAction\",\"target\":[\"https:\\\/\\\/www.iemj.org\\\/it\\\/musiques-traditionnelles-et-liturgiques-des-juifs-dalgerie\\\/\"]}]},{\"@type\":\"ImageObject\",\"inLanguage\":\"it-IT\",\"@id\":\"https:\\\/\\\/www.iemj.org\\\/it\\\/musiques-traditionnelles-et-liturgiques-des-juifs-dalgerie\\\/#primaryimage\",\"url\":\"https:\\\/\\\/www.iemj.org\\\/wp-content\\\/uploads\\\/2012\\\/11\\\/arton584-e1620117941777.jpg\",\"contentUrl\":\"https:\\\/\\\/www.iemj.org\\\/wp-content\\\/uploads\\\/2012\\\/11\\\/arton584-e1620117941777.jpg\",\"width\":350,\"height\":319},{\"@type\":\"BreadcrumbList\",\"@id\":\"https:\\\/\\\/www.iemj.org\\\/it\\\/musiques-traditionnelles-et-liturgiques-des-juifs-dalgerie\\\/#breadcrumb\",\"itemListElement\":[{\"@type\":\"ListItem\",\"position\":1,\"name\":\"Accueil\",\"item\":\"https:\\\/\\\/www.iemj.org\\\/it\\\/\"},{\"@type\":\"ListItem\",\"position\":2,\"name\":\"Musica tradizionale e liturgica degli ebrei algerini\"}]},{\"@type\":\"WebSite\",\"@id\":\"https:\\\/\\\/www.iemj.org\\\/it\\\/#website\",\"url\":\"https:\\\/\\\/www.iemj.org\\\/it\\\/\",\"name\":\"Institut Europ\u00e9en des Musiques Juives\",\"description\":\"Des traditions musicales \u00e0 la port\u00e9e de tous\",\"publisher\":{\"@id\":\"https:\\\/\\\/www.iemj.org\\\/it\\\/#organization\"},\"potentialAction\":[{\"@type\":\"SearchAction\",\"target\":{\"@type\":\"EntryPoint\",\"urlTemplate\":\"https:\\\/\\\/www.iemj.org\\\/it\\\/?s={search_term_string}\"},\"query-input\":{\"@type\":\"PropertyValueSpecification\",\"valueRequired\":true,\"valueName\":\"search_term_string\"}}],\"inLanguage\":\"it-IT\"},{\"@type\":\"Organization\",\"@id\":\"https:\\\/\\\/www.iemj.org\\\/it\\\/#organization\",\"name\":\"Institut Europ\u00e9en des Musiques Juives\",\"url\":\"https:\\\/\\\/www.iemj.org\\\/it\\\/\",\"logo\":{\"@type\":\"ImageObject\",\"inLanguage\":\"it-IT\",\"@id\":\"https:\\\/\\\/www.iemj.org\\\/it\\\/#\\\/schema\\\/logo\\\/image\\\/\",\"url\":\"https:\\\/\\\/www.iemj.org\\\/wp-content\\\/uploads\\\/2021\\\/09\\\/Logo-IEMJ-Paypal.jpg\",\"contentUrl\":\"https:\\\/\\\/www.iemj.org\\\/wp-content\\\/uploads\\\/2021\\\/09\\\/Logo-IEMJ-Paypal.jpg\",\"width\":150,\"height\":50,\"caption\":\"Institut Europ\u00e9en des Musiques Juives\"},\"image\":{\"@id\":\"https:\\\/\\\/www.iemj.org\\\/it\\\/#\\\/schema\\\/logo\\\/image\\\/\"},\"sameAs\":[\"https:\\\/\\\/www.facebook.com\\\/MusiquesJuives\\\/\",\"https:\\\/\\\/www.instagram.com\\\/musiquesjuives\\\/\",\"https:\\\/\\\/www.youtube.com\\\/user\\\/musiquesjuives\"]},{\"@type\":\"Person\",\"@id\":\"https:\\\/\\\/www.iemj.org\\\/it\\\/#\\\/schema\\\/person\\\/906134402c29d5c76e7b726261dd4bbd\",\"name\":\"Herv\u00e9 Roten\",\"image\":{\"@type\":\"ImageObject\",\"inLanguage\":\"it-IT\",\"@id\":\"https:\\\/\\\/secure.gravatar.com\\\/avatar\\\/f96ad2db538a26481f18384936b5cd0610c92d390c4dc382209216d455f685ff?s=96&d=mm&r=g\",\"url\":\"https:\\\/\\\/secure.gravatar.com\\\/avatar\\\/f96ad2db538a26481f18384936b5cd0610c92d390c4dc382209216d455f685ff?s=96&d=mm&r=g\",\"contentUrl\":\"https:\\\/\\\/secure.gravatar.com\\\/avatar\\\/f96ad2db538a26481f18384936b5cd0610c92d390c4dc382209216d455f685ff?s=96&d=mm&r=g\",\"caption\":\"Herv\u00e9 Roten\"}}]}<\/script>\n<!-- \/ Yoast SEO plugin. -->","yoast_head_json":{"title":"Musica tradizionale e liturgica degli ebrei algerini - Institut Europ\u00e9en des Musiques Juives","robots":{"index":"index","follow":"follow","max-snippet":"max-snippet:-1","max-image-preview":"max-image-preview:large","max-video-preview":"max-video-preview:-1"},"canonical":"https:\/\/www.iemj.org\/it\/musiques-traditionnelles-et-liturgiques-des-juifs-dalgerie\/","og_locale":"it_IT","og_type":"article","og_title":"Musica tradizionale e liturgica degli ebrei algerini - Institut Europ\u00e9en des Musiques Juives","og_description":"DOMENICA 9 DICEMBRE 2012, ore 15.00 e 17.00 Concerto e conferenza al Mus\u00e9e d&#8217;Art et d&#8217;Histoire du Juda\u00efsme &#8211; 71 rue du Temple, 75003 Parigi","og_url":"https:\/\/www.iemj.org\/it\/musiques-traditionnelles-et-liturgiques-des-juifs-dalgerie\/","og_site_name":"Institut Europ\u00e9en des Musiques Juives","article_publisher":"https:\/\/www.facebook.com\/MusiquesJuives\/","article_published_time":"2012-11-26T09:13:21+00:00","article_modified_time":"2024-01-29T15:57:13+00:00","og_image":[{"width":350,"height":319,"url":"https:\/\/www.iemj.org\/wp-content\/uploads\/2012\/11\/arton584-e1620117941777.jpg","type":"image\/jpeg"}],"author":"Herv\u00e9 Roten","twitter_card":"summary_large_image","twitter_misc":{"Scritto da":"Herv\u00e9 Roten","Tempo di lettura stimato":"2 minuti"},"schema":{"@context":"https:\/\/schema.org","@graph":[{"@type":"Article","@id":"https:\/\/www.iemj.org\/it\/musiques-traditionnelles-et-liturgiques-des-juifs-dalgerie\/#article","isPartOf":{"@id":"https:\/\/www.iemj.org\/it\/musiques-traditionnelles-et-liturgiques-des-juifs-dalgerie\/"},"author":{"name":"Herv\u00e9 Roten","@id":"https:\/\/www.iemj.org\/it\/#\/schema\/person\/906134402c29d5c76e7b726261dd4bbd"},"headline":"Musica tradizionale e liturgica degli ebrei algerini","datePublished":"2012-11-26T09:13:21+00:00","dateModified":"2024-01-29T15:57:13+00:00","mainEntityOfPage":{"@id":"https:\/\/www.iemj.org\/it\/musiques-traditionnelles-et-liturgiques-des-juifs-dalgerie\/"},"wordCount":271,"publisher":{"@id":"https:\/\/www.iemj.org\/it\/#organization"},"image":{"@id":"https:\/\/www.iemj.org\/it\/musiques-traditionnelles-et-liturgiques-des-juifs-dalgerie\/#primaryimage"},"thumbnailUrl":"https:\/\/www.iemj.org\/wp-content\/uploads\/2012\/11\/arton584-e1620117941777.jpg","articleSection":["Concerti","Manifestazioni"],"inLanguage":"it-IT"},{"@type":"WebPage","@id":"https:\/\/www.iemj.org\/it\/musiques-traditionnelles-et-liturgiques-des-juifs-dalgerie\/","url":"https:\/\/www.iemj.org\/it\/musiques-traditionnelles-et-liturgiques-des-juifs-dalgerie\/","name":"Musica tradizionale e liturgica degli ebrei algerini - Institut Europ\u00e9en des Musiques Juives","isPartOf":{"@id":"https:\/\/www.iemj.org\/it\/#website"},"primaryImageOfPage":{"@id":"https:\/\/www.iemj.org\/it\/musiques-traditionnelles-et-liturgiques-des-juifs-dalgerie\/#primaryimage"},"image":{"@id":"https:\/\/www.iemj.org\/it\/musiques-traditionnelles-et-liturgiques-des-juifs-dalgerie\/#primaryimage"},"thumbnailUrl":"https:\/\/www.iemj.org\/wp-content\/uploads\/2012\/11\/arton584-e1620117941777.jpg","datePublished":"2012-11-26T09:13:21+00:00","dateModified":"2024-01-29T15:57:13+00:00","breadcrumb":{"@id":"https:\/\/www.iemj.org\/it\/musiques-traditionnelles-et-liturgiques-des-juifs-dalgerie\/#breadcrumb"},"inLanguage":"it-IT","potentialAction":[{"@type":"ReadAction","target":["https:\/\/www.iemj.org\/it\/musiques-traditionnelles-et-liturgiques-des-juifs-dalgerie\/"]}]},{"@type":"ImageObject","inLanguage":"it-IT","@id":"https:\/\/www.iemj.org\/it\/musiques-traditionnelles-et-liturgiques-des-juifs-dalgerie\/#primaryimage","url":"https:\/\/www.iemj.org\/wp-content\/uploads\/2012\/11\/arton584-e1620117941777.jpg","contentUrl":"https:\/\/www.iemj.org\/wp-content\/uploads\/2012\/11\/arton584-e1620117941777.jpg","width":350,"height":319},{"@type":"BreadcrumbList","@id":"https:\/\/www.iemj.org\/it\/musiques-traditionnelles-et-liturgiques-des-juifs-dalgerie\/#breadcrumb","itemListElement":[{"@type":"ListItem","position":1,"name":"Accueil","item":"https:\/\/www.iemj.org\/it\/"},{"@type":"ListItem","position":2,"name":"Musica tradizionale e liturgica degli ebrei algerini"}]},{"@type":"WebSite","@id":"https:\/\/www.iemj.org\/it\/#website","url":"https:\/\/www.iemj.org\/it\/","name":"Institut Europ\u00e9en des Musiques Juives","description":"Des traditions musicales \u00e0 la port\u00e9e de tous","publisher":{"@id":"https:\/\/www.iemj.org\/it\/#organization"},"potentialAction":[{"@type":"SearchAction","target":{"@type":"EntryPoint","urlTemplate":"https:\/\/www.iemj.org\/it\/?s={search_term_string}"},"query-input":{"@type":"PropertyValueSpecification","valueRequired":true,"valueName":"search_term_string"}}],"inLanguage":"it-IT"},{"@type":"Organization","@id":"https:\/\/www.iemj.org\/it\/#organization","name":"Institut Europ\u00e9en des Musiques Juives","url":"https:\/\/www.iemj.org\/it\/","logo":{"@type":"ImageObject","inLanguage":"it-IT","@id":"https:\/\/www.iemj.org\/it\/#\/schema\/logo\/image\/","url":"https:\/\/www.iemj.org\/wp-content\/uploads\/2021\/09\/Logo-IEMJ-Paypal.jpg","contentUrl":"https:\/\/www.iemj.org\/wp-content\/uploads\/2021\/09\/Logo-IEMJ-Paypal.jpg","width":150,"height":50,"caption":"Institut Europ\u00e9en des Musiques Juives"},"image":{"@id":"https:\/\/www.iemj.org\/it\/#\/schema\/logo\/image\/"},"sameAs":["https:\/\/www.facebook.com\/MusiquesJuives\/","https:\/\/www.instagram.com\/musiquesjuives\/","https:\/\/www.youtube.com\/user\/musiquesjuives"]},{"@type":"Person","@id":"https:\/\/www.iemj.org\/it\/#\/schema\/person\/906134402c29d5c76e7b726261dd4bbd","name":"Herv\u00e9 Roten","image":{"@type":"ImageObject","inLanguage":"it-IT","@id":"https:\/\/secure.gravatar.com\/avatar\/f96ad2db538a26481f18384936b5cd0610c92d390c4dc382209216d455f685ff?s=96&d=mm&r=g","url":"https:\/\/secure.gravatar.com\/avatar\/f96ad2db538a26481f18384936b5cd0610c92d390c4dc382209216d455f685ff?s=96&d=mm&r=g","contentUrl":"https:\/\/secure.gravatar.com\/avatar\/f96ad2db538a26481f18384936b5cd0610c92d390c4dc382209216d455f685ff?s=96&d=mm&r=g","caption":"Herv\u00e9 Roten"}}]}},"_links":{"self":[{"href":"https:\/\/www.iemj.org\/it\/wp-json\/wp\/v2\/posts\/108421","targetHints":{"allow":["GET"]}}],"collection":[{"href":"https:\/\/www.iemj.org\/it\/wp-json\/wp\/v2\/posts"}],"about":[{"href":"https:\/\/www.iemj.org\/it\/wp-json\/wp\/v2\/types\/post"}],"author":[{"embeddable":true,"href":"https:\/\/www.iemj.org\/it\/wp-json\/wp\/v2\/users\/1045"}],"replies":[{"embeddable":true,"href":"https:\/\/www.iemj.org\/it\/wp-json\/wp\/v2\/comments?post=108421"}],"version-history":[{"count":0,"href":"https:\/\/www.iemj.org\/it\/wp-json\/wp\/v2\/posts\/108421\/revisions"}],"wp:featuredmedia":[{"embeddable":true,"href":"https:\/\/www.iemj.org\/it\/wp-json\/wp\/v2\/media\/39579"}],"wp:attachment":[{"href":"https:\/\/www.iemj.org\/it\/wp-json\/wp\/v2\/media?parent=108421"}],"wp:term":[{"taxonomy":"category","embeddable":true,"href":"https:\/\/www.iemj.org\/it\/wp-json\/wp\/v2\/categories?post=108421"},{"taxonomy":"post_tag","embeddable":true,"href":"https:\/\/www.iemj.org\/it\/wp-json\/wp\/v2\/tags?post=108421"},{"taxonomy":"technique","embeddable":true,"href":"https:\/\/www.iemj.org\/it\/wp-json\/wp\/v2\/technique?post=108421"},{"taxonomy":"squelettes","embeddable":true,"href":"https:\/\/www.iemj.org\/it\/wp-json\/wp\/v2\/squelettes?post=108421"},{"taxonomy":"sujet","embeddable":true,"href":"https:\/\/www.iemj.org\/it\/wp-json\/wp\/v2\/sujet?post=108421"},{"taxonomy":"formation","embeddable":true,"href":"https:\/\/www.iemj.org\/it\/wp-json\/wp\/v2\/formation?post=108421"},{"taxonomy":"genre","embeddable":true,"href":"https:\/\/www.iemj.org\/it\/wp-json\/wp\/v2\/genre?post=108421"},{"taxonomy":"fonds","embeddable":true,"href":"https:\/\/www.iemj.org\/it\/wp-json\/wp\/v2\/fonds?post=108421"},{"taxonomy":"tradition","embeddable":true,"href":"https:\/\/www.iemj.org\/it\/wp-json\/wp\/v2\/tradition?post=108421"},{"taxonomy":"type-de-contenu","embeddable":true,"href":"https:\/\/www.iemj.org\/it\/wp-json\/wp\/v2\/type-de-contenu?post=108421"},{"taxonomy":"interprete-compositeur","embeddable":true,"href":"https:\/\/www.iemj.org\/it\/wp-json\/wp\/v2\/interprete-compositeur?post=108421"},{"taxonomy":"frise","embeddable":true,"href":"https:\/\/www.iemj.org\/it\/wp-json\/wp\/v2\/frise?post=108421"},{"taxonomy":"type-devenement","embeddable":true,"href":"https:\/\/www.iemj.org\/it\/wp-json\/wp\/v2\/type-devenement?post=108421"},{"taxonomy":"tableaux-liens-externes","embeddable":true,"href":"https:\/\/www.iemj.org\/it\/wp-json\/wp\/v2\/tableaux-liens-externes?post=108421"}],"curies":[{"name":"wp","href":"https:\/\/api.w.org\/{rel}","templated":true}]}}