{"id":108438,"date":"2012-06-10T10:55:50","date_gmt":"2012-06-10T08:55:50","guid":{"rendered":"https:\/\/www.iemj.org\/premiere-universite-dete-judeo-espagnole-a-paris\/"},"modified":"2024-01-29T17:39:23","modified_gmt":"2024-01-29T16:39:23","slug":"premiere-universite-dete-judeo-espagnole-a-paris","status":"publish","type":"post","link":"https:\/\/www.iemj.org\/it\/premiere-universite-dete-judeo-espagnole-a-paris\/","title":{"rendered":"Prima universit\u00e0 estiva giudeo-spagnola a Parigi"},"content":{"rendered":"<p class=\"post_excerpt\">8 AU 13 LUGLIO 2012 &#8211; CENTRO EDMOND J SAFRA &#8211; 6 BIS, RUE MICHEL-ANGE &#8211; PARIGI 16e<\/p>\n<p><!--more--><br \/>\nOrganizzata da Aki Estamos e dall&#8217;AIU, in collaborazione con il CFMJ e l&#8217;INALCO, questa prima <strong>Universit\u00e0 estiva giudeo-spagnola<\/strong> \u00e8 all&#8217;insegna della trasmissione: nell&#8217;arco di cinque giorni, infatti, verr\u00e0 presentata la ricchezza della cultura sefardita attraverso laboratori di lingua, cucina e canto, conferenze e tavole rotonde, spettacoli, proiezioni ed una mostra multimedia.<\/p>\n<p>\u00c8 aperta a tutti, appassionati o semplici curiosi, artisti od accademici, giovani od anziani, e qualunque siano le loro origini.<\/p>\n<p><strong>Mercoled\u00ec 11 luglio 2012, una giornata speciale sar\u00e0 dedicata alla musica giudeo-spagnola:<\/strong><br \/>\n<strong>14:00: Romances &#8211; coplas &#8211; cantigas: generi tradizionali del repertorio musicale sefardita<\/strong><br \/>\n<strong>16:30: La musica giudeo-spagnola nel XXI secolo: pratiche, processi ed argomenti<\/strong><\/p>\n<p><strong>Intervengono: Chochana Weich-Shahak, Jessica Roda, Herv\u00e9 Roten (moderatore), Marl\u00e8ne Samoun, Na\u00efma Chemoul.<\/strong><\/p>\n<p><strong>Quattro concerti, con Marl\u00e8ne Samoun, Vanessa Paloma, Liat Cohen, Hayati Kaf\u00e9 e Na\u00efma Chemoul, si terranno nelle serate dell&#8217;8, 9, 10 e 12 luglio 2012.<\/strong><\/p>\n<p>Prezzi: da 1 a 5 giorni: da 50 a 200 \u20ac; da 40 a 120 \u20ac (soci Aki Estamos e CFMJ)<\/p>\n<p>Per ulteriori informazioni: www.ueje.org ; akiestamos.aals@yahoo.fr ; 06 98 52 15 15<\/p>\n<p>L&#8217;Universit\u00e0 Giudeo-spagnola \u00e8 sostenuta da La Lettre S\u00e9pharade, Alliance Isra\u00e9lite Universelle, Institut Alain de Rothschild, Fondation pour la M\u00e9moire de la Shoah, Fondation du Juda\u00efsme Fran\u00e7ais, Fonds Social Juif Unifi\u00e9, Institut National des Langues Orientales e Centre Fran\u00e7ais des Musiques Juives.<\/p>\n","protected":false},"excerpt":{"rendered":"<p>8 AU 13 LUGLIO 2012 &#8211; CENTRO EDMOND J SAFRA &#8211; 6 BIS, RUE MICHEL-ANGE &#8211; PARIGI 16e<\/p>\n","protected":false},"author":1045,"featured_media":108439,"comment_status":"closed","ping_status":"open","sticky":false,"template":"","format":"standard","meta":{"_acf_changed":false,"footnotes":""},"categories":[1371],"tags":[3421],"technique":[],"squelettes":[],"sujet":[],"formation":[],"genre":[],"fonds":[],"tradition":[],"type-de-contenu":[],"interprete-compositeur":[],"frise":[],"type-devenement":[],"tableaux-liens-externes":[],"class_list":["post-108438","post","type-post","status-publish","format-standard","has-post-thumbnail","hentry","category-manifestazioni-it","tag-eventi-partner-it"],"acf":[],"yoast_head":"<!-- This site is optimized with the Yoast SEO plugin v27.3 - https:\/\/yoast.com\/product\/yoast-seo-wordpress\/ -->\n<title>Prima universit\u00e0 estiva giudeo-spagnola a Parigi - Institut Europ\u00e9en des Musiques Juives<\/title>\n<meta name=\"robots\" content=\"index, follow, max-snippet:-1, max-image-preview:large, max-video-preview:-1\" \/>\n<link rel=\"canonical\" href=\"https:\/\/www.iemj.org\/it\/premiere-universite-dete-judeo-espagnole-a-paris\/\" \/>\n<meta property=\"og:locale\" content=\"it_IT\" \/>\n<meta property=\"og:type\" content=\"article\" \/>\n<meta property=\"og:title\" content=\"Prima universit\u00e0 estiva giudeo-spagnola a Parigi - Institut Europ\u00e9en des Musiques Juives\" \/>\n<meta property=\"og:description\" content=\"8 AU 13 LUGLIO 2012 &#8211; CENTRO EDMOND J SAFRA &#8211; 6 BIS, RUE MICHEL-ANGE &#8211; PARIGI 16e\" \/>\n<meta property=\"og:url\" content=\"https:\/\/www.iemj.org\/it\/premiere-universite-dete-judeo-espagnole-a-paris\/\" \/>\n<meta property=\"og:site_name\" content=\"Institut Europ\u00e9en des Musiques Juives\" \/>\n<meta property=\"article:publisher\" content=\"https:\/\/www.facebook.com\/MusiquesJuives\/\" \/>\n<meta property=\"article:published_time\" content=\"2012-06-10T08:55:50+00:00\" \/>\n<meta property=\"article:modified_time\" content=\"2024-01-29T16:39:23+00:00\" \/>\n<meta property=\"og:image\" content=\"https:\/\/www.iemj.org\/wp-content\/uploads\/2012\/06\/arton502-e1620118144181.jpg\" \/>\n\t<meta property=\"og:image:width\" content=\"350\" \/>\n\t<meta property=\"og:image:height\" content=\"494\" \/>\n\t<meta property=\"og:image:type\" content=\"image\/jpeg\" \/>\n<meta name=\"author\" content=\"Herv\u00e9 Roten\" \/>\n<meta name=\"twitter:card\" content=\"summary_large_image\" \/>\n<meta name=\"twitter:label1\" content=\"Scritto da\" \/>\n\t<meta name=\"twitter:data1\" content=\"Herv\u00e9 Roten\" \/>\n\t<meta name=\"twitter:label2\" content=\"Tempo di lettura stimato\" \/>\n\t<meta name=\"twitter:data2\" content=\"2 minuti\" \/>\n<script type=\"application\/ld+json\" class=\"yoast-schema-graph\">{\"@context\":\"https:\\\/\\\/schema.org\",\"@graph\":[{\"@type\":\"Article\",\"@id\":\"https:\\\/\\\/www.iemj.org\\\/it\\\/premiere-universite-dete-judeo-espagnole-a-paris\\\/#article\",\"isPartOf\":{\"@id\":\"https:\\\/\\\/www.iemj.org\\\/it\\\/premiere-universite-dete-judeo-espagnole-a-paris\\\/\"},\"author\":{\"name\":\"Herv\u00e9 Roten\",\"@id\":\"https:\\\/\\\/www.iemj.org\\\/it\\\/#\\\/schema\\\/person\\\/906134402c29d5c76e7b726261dd4bbd\"},\"headline\":\"Prima universit\u00e0 estiva giudeo-spagnola a Parigi\",\"datePublished\":\"2012-06-10T08:55:50+00:00\",\"dateModified\":\"2024-01-29T16:39:23+00:00\",\"mainEntityOfPage\":{\"@id\":\"https:\\\/\\\/www.iemj.org\\\/it\\\/premiere-universite-dete-judeo-espagnole-a-paris\\\/\"},\"wordCount\":231,\"publisher\":{\"@id\":\"https:\\\/\\\/www.iemj.org\\\/it\\\/#organization\"},\"image\":{\"@id\":\"https:\\\/\\\/www.iemj.org\\\/it\\\/premiere-universite-dete-judeo-espagnole-a-paris\\\/#primaryimage\"},\"thumbnailUrl\":\"https:\\\/\\\/www.iemj.org\\\/wp-content\\\/uploads\\\/2012\\\/06\\\/arton502-e1620118144181.jpg\",\"keywords\":[\"Eventi partner\"],\"articleSection\":[\"Manifestazioni\"],\"inLanguage\":\"it-IT\"},{\"@type\":\"WebPage\",\"@id\":\"https:\\\/\\\/www.iemj.org\\\/it\\\/premiere-universite-dete-judeo-espagnole-a-paris\\\/\",\"url\":\"https:\\\/\\\/www.iemj.org\\\/it\\\/premiere-universite-dete-judeo-espagnole-a-paris\\\/\",\"name\":\"Prima universit\u00e0 estiva giudeo-spagnola a Parigi - Institut Europ\u00e9en des Musiques Juives\",\"isPartOf\":{\"@id\":\"https:\\\/\\\/www.iemj.org\\\/it\\\/#website\"},\"primaryImageOfPage\":{\"@id\":\"https:\\\/\\\/www.iemj.org\\\/it\\\/premiere-universite-dete-judeo-espagnole-a-paris\\\/#primaryimage\"},\"image\":{\"@id\":\"https:\\\/\\\/www.iemj.org\\\/it\\\/premiere-universite-dete-judeo-espagnole-a-paris\\\/#primaryimage\"},\"thumbnailUrl\":\"https:\\\/\\\/www.iemj.org\\\/wp-content\\\/uploads\\\/2012\\\/06\\\/arton502-e1620118144181.jpg\",\"datePublished\":\"2012-06-10T08:55:50+00:00\",\"dateModified\":\"2024-01-29T16:39:23+00:00\",\"breadcrumb\":{\"@id\":\"https:\\\/\\\/www.iemj.org\\\/it\\\/premiere-universite-dete-judeo-espagnole-a-paris\\\/#breadcrumb\"},\"inLanguage\":\"it-IT\",\"potentialAction\":[{\"@type\":\"ReadAction\",\"target\":[\"https:\\\/\\\/www.iemj.org\\\/it\\\/premiere-universite-dete-judeo-espagnole-a-paris\\\/\"]}]},{\"@type\":\"ImageObject\",\"inLanguage\":\"it-IT\",\"@id\":\"https:\\\/\\\/www.iemj.org\\\/it\\\/premiere-universite-dete-judeo-espagnole-a-paris\\\/#primaryimage\",\"url\":\"https:\\\/\\\/www.iemj.org\\\/wp-content\\\/uploads\\\/2012\\\/06\\\/arton502-e1620118144181.jpg\",\"contentUrl\":\"https:\\\/\\\/www.iemj.org\\\/wp-content\\\/uploads\\\/2012\\\/06\\\/arton502-e1620118144181.jpg\",\"width\":350,\"height\":494},{\"@type\":\"BreadcrumbList\",\"@id\":\"https:\\\/\\\/www.iemj.org\\\/it\\\/premiere-universite-dete-judeo-espagnole-a-paris\\\/#breadcrumb\",\"itemListElement\":[{\"@type\":\"ListItem\",\"position\":1,\"name\":\"Accueil\",\"item\":\"https:\\\/\\\/www.iemj.org\\\/it\\\/\"},{\"@type\":\"ListItem\",\"position\":2,\"name\":\"Prima universit\u00e0 estiva giudeo-spagnola a Parigi\"}]},{\"@type\":\"WebSite\",\"@id\":\"https:\\\/\\\/www.iemj.org\\\/it\\\/#website\",\"url\":\"https:\\\/\\\/www.iemj.org\\\/it\\\/\",\"name\":\"Institut Europ\u00e9en des Musiques Juives\",\"description\":\"Des traditions musicales \u00e0 la port\u00e9e de tous\",\"publisher\":{\"@id\":\"https:\\\/\\\/www.iemj.org\\\/it\\\/#organization\"},\"potentialAction\":[{\"@type\":\"SearchAction\",\"target\":{\"@type\":\"EntryPoint\",\"urlTemplate\":\"https:\\\/\\\/www.iemj.org\\\/it\\\/?s={search_term_string}\"},\"query-input\":{\"@type\":\"PropertyValueSpecification\",\"valueRequired\":true,\"valueName\":\"search_term_string\"}}],\"inLanguage\":\"it-IT\"},{\"@type\":\"Organization\",\"@id\":\"https:\\\/\\\/www.iemj.org\\\/it\\\/#organization\",\"name\":\"Institut Europ\u00e9en des Musiques Juives\",\"url\":\"https:\\\/\\\/www.iemj.org\\\/it\\\/\",\"logo\":{\"@type\":\"ImageObject\",\"inLanguage\":\"it-IT\",\"@id\":\"https:\\\/\\\/www.iemj.org\\\/it\\\/#\\\/schema\\\/logo\\\/image\\\/\",\"url\":\"https:\\\/\\\/www.iemj.org\\\/wp-content\\\/uploads\\\/2021\\\/09\\\/Logo-IEMJ-Paypal.jpg\",\"contentUrl\":\"https:\\\/\\\/www.iemj.org\\\/wp-content\\\/uploads\\\/2021\\\/09\\\/Logo-IEMJ-Paypal.jpg\",\"width\":150,\"height\":50,\"caption\":\"Institut Europ\u00e9en des Musiques Juives\"},\"image\":{\"@id\":\"https:\\\/\\\/www.iemj.org\\\/it\\\/#\\\/schema\\\/logo\\\/image\\\/\"},\"sameAs\":[\"https:\\\/\\\/www.facebook.com\\\/MusiquesJuives\\\/\",\"https:\\\/\\\/www.instagram.com\\\/musiquesjuives\\\/\",\"https:\\\/\\\/www.youtube.com\\\/user\\\/musiquesjuives\"]},{\"@type\":\"Person\",\"@id\":\"https:\\\/\\\/www.iemj.org\\\/it\\\/#\\\/schema\\\/person\\\/906134402c29d5c76e7b726261dd4bbd\",\"name\":\"Herv\u00e9 Roten\",\"image\":{\"@type\":\"ImageObject\",\"inLanguage\":\"it-IT\",\"@id\":\"https:\\\/\\\/secure.gravatar.com\\\/avatar\\\/f96ad2db538a26481f18384936b5cd0610c92d390c4dc382209216d455f685ff?s=96&d=mm&r=g\",\"url\":\"https:\\\/\\\/secure.gravatar.com\\\/avatar\\\/f96ad2db538a26481f18384936b5cd0610c92d390c4dc382209216d455f685ff?s=96&d=mm&r=g\",\"contentUrl\":\"https:\\\/\\\/secure.gravatar.com\\\/avatar\\\/f96ad2db538a26481f18384936b5cd0610c92d390c4dc382209216d455f685ff?s=96&d=mm&r=g\",\"caption\":\"Herv\u00e9 Roten\"}}]}<\/script>\n<!-- \/ Yoast SEO plugin. -->","yoast_head_json":{"title":"Prima universit\u00e0 estiva giudeo-spagnola a Parigi - Institut Europ\u00e9en des Musiques Juives","robots":{"index":"index","follow":"follow","max-snippet":"max-snippet:-1","max-image-preview":"max-image-preview:large","max-video-preview":"max-video-preview:-1"},"canonical":"https:\/\/www.iemj.org\/it\/premiere-universite-dete-judeo-espagnole-a-paris\/","og_locale":"it_IT","og_type":"article","og_title":"Prima universit\u00e0 estiva giudeo-spagnola a Parigi - Institut Europ\u00e9en des Musiques Juives","og_description":"8 AU 13 LUGLIO 2012 &#8211; CENTRO EDMOND J SAFRA &#8211; 6 BIS, RUE MICHEL-ANGE &#8211; PARIGI 16e","og_url":"https:\/\/www.iemj.org\/it\/premiere-universite-dete-judeo-espagnole-a-paris\/","og_site_name":"Institut Europ\u00e9en des Musiques Juives","article_publisher":"https:\/\/www.facebook.com\/MusiquesJuives\/","article_published_time":"2012-06-10T08:55:50+00:00","article_modified_time":"2024-01-29T16:39:23+00:00","og_image":[{"width":350,"height":494,"url":"https:\/\/www.iemj.org\/wp-content\/uploads\/2012\/06\/arton502-e1620118144181.jpg","type":"image\/jpeg"}],"author":"Herv\u00e9 Roten","twitter_card":"summary_large_image","twitter_misc":{"Scritto da":"Herv\u00e9 Roten","Tempo di lettura stimato":"2 minuti"},"schema":{"@context":"https:\/\/schema.org","@graph":[{"@type":"Article","@id":"https:\/\/www.iemj.org\/it\/premiere-universite-dete-judeo-espagnole-a-paris\/#article","isPartOf":{"@id":"https:\/\/www.iemj.org\/it\/premiere-universite-dete-judeo-espagnole-a-paris\/"},"author":{"name":"Herv\u00e9 Roten","@id":"https:\/\/www.iemj.org\/it\/#\/schema\/person\/906134402c29d5c76e7b726261dd4bbd"},"headline":"Prima universit\u00e0 estiva giudeo-spagnola a Parigi","datePublished":"2012-06-10T08:55:50+00:00","dateModified":"2024-01-29T16:39:23+00:00","mainEntityOfPage":{"@id":"https:\/\/www.iemj.org\/it\/premiere-universite-dete-judeo-espagnole-a-paris\/"},"wordCount":231,"publisher":{"@id":"https:\/\/www.iemj.org\/it\/#organization"},"image":{"@id":"https:\/\/www.iemj.org\/it\/premiere-universite-dete-judeo-espagnole-a-paris\/#primaryimage"},"thumbnailUrl":"https:\/\/www.iemj.org\/wp-content\/uploads\/2012\/06\/arton502-e1620118144181.jpg","keywords":["Eventi partner"],"articleSection":["Manifestazioni"],"inLanguage":"it-IT"},{"@type":"WebPage","@id":"https:\/\/www.iemj.org\/it\/premiere-universite-dete-judeo-espagnole-a-paris\/","url":"https:\/\/www.iemj.org\/it\/premiere-universite-dete-judeo-espagnole-a-paris\/","name":"Prima universit\u00e0 estiva giudeo-spagnola a Parigi - Institut Europ\u00e9en des Musiques Juives","isPartOf":{"@id":"https:\/\/www.iemj.org\/it\/#website"},"primaryImageOfPage":{"@id":"https:\/\/www.iemj.org\/it\/premiere-universite-dete-judeo-espagnole-a-paris\/#primaryimage"},"image":{"@id":"https:\/\/www.iemj.org\/it\/premiere-universite-dete-judeo-espagnole-a-paris\/#primaryimage"},"thumbnailUrl":"https:\/\/www.iemj.org\/wp-content\/uploads\/2012\/06\/arton502-e1620118144181.jpg","datePublished":"2012-06-10T08:55:50+00:00","dateModified":"2024-01-29T16:39:23+00:00","breadcrumb":{"@id":"https:\/\/www.iemj.org\/it\/premiere-universite-dete-judeo-espagnole-a-paris\/#breadcrumb"},"inLanguage":"it-IT","potentialAction":[{"@type":"ReadAction","target":["https:\/\/www.iemj.org\/it\/premiere-universite-dete-judeo-espagnole-a-paris\/"]}]},{"@type":"ImageObject","inLanguage":"it-IT","@id":"https:\/\/www.iemj.org\/it\/premiere-universite-dete-judeo-espagnole-a-paris\/#primaryimage","url":"https:\/\/www.iemj.org\/wp-content\/uploads\/2012\/06\/arton502-e1620118144181.jpg","contentUrl":"https:\/\/www.iemj.org\/wp-content\/uploads\/2012\/06\/arton502-e1620118144181.jpg","width":350,"height":494},{"@type":"BreadcrumbList","@id":"https:\/\/www.iemj.org\/it\/premiere-universite-dete-judeo-espagnole-a-paris\/#breadcrumb","itemListElement":[{"@type":"ListItem","position":1,"name":"Accueil","item":"https:\/\/www.iemj.org\/it\/"},{"@type":"ListItem","position":2,"name":"Prima universit\u00e0 estiva giudeo-spagnola a Parigi"}]},{"@type":"WebSite","@id":"https:\/\/www.iemj.org\/it\/#website","url":"https:\/\/www.iemj.org\/it\/","name":"Institut Europ\u00e9en des Musiques Juives","description":"Des traditions musicales \u00e0 la port\u00e9e de tous","publisher":{"@id":"https:\/\/www.iemj.org\/it\/#organization"},"potentialAction":[{"@type":"SearchAction","target":{"@type":"EntryPoint","urlTemplate":"https:\/\/www.iemj.org\/it\/?s={search_term_string}"},"query-input":{"@type":"PropertyValueSpecification","valueRequired":true,"valueName":"search_term_string"}}],"inLanguage":"it-IT"},{"@type":"Organization","@id":"https:\/\/www.iemj.org\/it\/#organization","name":"Institut Europ\u00e9en des Musiques Juives","url":"https:\/\/www.iemj.org\/it\/","logo":{"@type":"ImageObject","inLanguage":"it-IT","@id":"https:\/\/www.iemj.org\/it\/#\/schema\/logo\/image\/","url":"https:\/\/www.iemj.org\/wp-content\/uploads\/2021\/09\/Logo-IEMJ-Paypal.jpg","contentUrl":"https:\/\/www.iemj.org\/wp-content\/uploads\/2021\/09\/Logo-IEMJ-Paypal.jpg","width":150,"height":50,"caption":"Institut Europ\u00e9en des Musiques Juives"},"image":{"@id":"https:\/\/www.iemj.org\/it\/#\/schema\/logo\/image\/"},"sameAs":["https:\/\/www.facebook.com\/MusiquesJuives\/","https:\/\/www.instagram.com\/musiquesjuives\/","https:\/\/www.youtube.com\/user\/musiquesjuives"]},{"@type":"Person","@id":"https:\/\/www.iemj.org\/it\/#\/schema\/person\/906134402c29d5c76e7b726261dd4bbd","name":"Herv\u00e9 Roten","image":{"@type":"ImageObject","inLanguage":"it-IT","@id":"https:\/\/secure.gravatar.com\/avatar\/f96ad2db538a26481f18384936b5cd0610c92d390c4dc382209216d455f685ff?s=96&d=mm&r=g","url":"https:\/\/secure.gravatar.com\/avatar\/f96ad2db538a26481f18384936b5cd0610c92d390c4dc382209216d455f685ff?s=96&d=mm&r=g","contentUrl":"https:\/\/secure.gravatar.com\/avatar\/f96ad2db538a26481f18384936b5cd0610c92d390c4dc382209216d455f685ff?s=96&d=mm&r=g","caption":"Herv\u00e9 Roten"}}]}},"_links":{"self":[{"href":"https:\/\/www.iemj.org\/it\/wp-json\/wp\/v2\/posts\/108438","targetHints":{"allow":["GET"]}}],"collection":[{"href":"https:\/\/www.iemj.org\/it\/wp-json\/wp\/v2\/posts"}],"about":[{"href":"https:\/\/www.iemj.org\/it\/wp-json\/wp\/v2\/types\/post"}],"author":[{"embeddable":true,"href":"https:\/\/www.iemj.org\/it\/wp-json\/wp\/v2\/users\/1045"}],"replies":[{"embeddable":true,"href":"https:\/\/www.iemj.org\/it\/wp-json\/wp\/v2\/comments?post=108438"}],"version-history":[{"count":0,"href":"https:\/\/www.iemj.org\/it\/wp-json\/wp\/v2\/posts\/108438\/revisions"}],"wp:featuredmedia":[{"embeddable":true,"href":"https:\/\/www.iemj.org\/it\/wp-json\/wp\/v2\/media\/108439"}],"wp:attachment":[{"href":"https:\/\/www.iemj.org\/it\/wp-json\/wp\/v2\/media?parent=108438"}],"wp:term":[{"taxonomy":"category","embeddable":true,"href":"https:\/\/www.iemj.org\/it\/wp-json\/wp\/v2\/categories?post=108438"},{"taxonomy":"post_tag","embeddable":true,"href":"https:\/\/www.iemj.org\/it\/wp-json\/wp\/v2\/tags?post=108438"},{"taxonomy":"technique","embeddable":true,"href":"https:\/\/www.iemj.org\/it\/wp-json\/wp\/v2\/technique?post=108438"},{"taxonomy":"squelettes","embeddable":true,"href":"https:\/\/www.iemj.org\/it\/wp-json\/wp\/v2\/squelettes?post=108438"},{"taxonomy":"sujet","embeddable":true,"href":"https:\/\/www.iemj.org\/it\/wp-json\/wp\/v2\/sujet?post=108438"},{"taxonomy":"formation","embeddable":true,"href":"https:\/\/www.iemj.org\/it\/wp-json\/wp\/v2\/formation?post=108438"},{"taxonomy":"genre","embeddable":true,"href":"https:\/\/www.iemj.org\/it\/wp-json\/wp\/v2\/genre?post=108438"},{"taxonomy":"fonds","embeddable":true,"href":"https:\/\/www.iemj.org\/it\/wp-json\/wp\/v2\/fonds?post=108438"},{"taxonomy":"tradition","embeddable":true,"href":"https:\/\/www.iemj.org\/it\/wp-json\/wp\/v2\/tradition?post=108438"},{"taxonomy":"type-de-contenu","embeddable":true,"href":"https:\/\/www.iemj.org\/it\/wp-json\/wp\/v2\/type-de-contenu?post=108438"},{"taxonomy":"interprete-compositeur","embeddable":true,"href":"https:\/\/www.iemj.org\/it\/wp-json\/wp\/v2\/interprete-compositeur?post=108438"},{"taxonomy":"frise","embeddable":true,"href":"https:\/\/www.iemj.org\/it\/wp-json\/wp\/v2\/frise?post=108438"},{"taxonomy":"type-devenement","embeddable":true,"href":"https:\/\/www.iemj.org\/it\/wp-json\/wp\/v2\/type-devenement?post=108438"},{"taxonomy":"tableaux-liens-externes","embeddable":true,"href":"https:\/\/www.iemj.org\/it\/wp-json\/wp\/v2\/tableaux-liens-externes?post=108438"}],"curies":[{"name":"wp","href":"https:\/\/api.w.org\/{rel}","templated":true}]}}