{"id":108477,"date":"2012-06-09T11:25:00","date_gmt":"2012-06-09T09:25:00","guid":{"rendered":"https:\/\/www.iemj.org\/viie-universite-dete-de-linstitut-maimonide-montpellier\/"},"modified":"2024-01-30T11:01:21","modified_gmt":"2024-01-30T10:01:21","slug":"viie-universite-dete-de-linstitut-maimonide-montpellier","status":"publish","type":"post","link":"https:\/\/www.iemj.org\/it\/viie-universite-dete-de-linstitut-maimonide-montpellier\/","title":{"rendered":"7\u00aa Universit\u00e0 estiva dell&#8217;Institut Ma\u00efmonide &#8211; Montpellier"},"content":{"rendered":"<p class=\"post_excerpt\">DAL 5 AL 12 LUGLIO 2012 &#8211; ESPACE CULTUEL HEBRAIQUE MEDIEVAL DE L&#8217;INSTITUT MAIMONIDE<\/p>\n<p><!--more--><br \/>\n<strong>PROGRAMMA<\/strong><\/p>\n<p><strong>Gioved\u00ec 5 luglio 2012, ore 20.00<\/strong><br \/>\nSalle Don Profiat &#8211; Espace cultuel h\u00e9bra\u00efque m\u00e9di\u00e9val &#8211; Institut Ma\u00efmonide<br \/>\n<strong>&#8220;Musica e liturgia ebraica &#8211; dai salmi di Davide al servizio sacro di Darius Milhaud&#8221;<\/strong><br \/>\ndi Herv\u00e9 ROTEN, etnomusicologo, direttore del Centre Fran\u00e7ais des Musiques Juives.<\/p>\n<p><strong>Luned\u00ec 9 luglio 2012, ore 20.00<\/strong><br \/>\nMikv\u00e9 medievale &#8211; Spazio di culto ebraico medievale &#8211; Istituto Ma\u00efmonide<br \/>\n<strong>&#8220;L&#8217;itineranza sefardita&#8221;<\/strong><br \/>\na cura di Suzana AZQUINEZER, cantastorie<\/p>\n<p><strong>Gioved\u00ec 12 luglio 2012, ore 18.30<\/strong><br \/>\nSalle Don Profiat &#8211; Espace cultuel h\u00e9bra\u00efque m\u00e9di\u00e9val &#8211; Institut Ma\u00efmonide<br \/>\n<strong>&#8220;Sono un francese di Provenza di fede ebraica&#8230;<\/strong><br \/>\n<strong>Darius Milhaud, un compositore francese del XX secolo&#8221;.<\/strong><br \/>\ndi Micha\u00ebl IANCU, storico<\/p>\n<p>seguito da un <strong>CONCERTO DI MUSICHE EBRAICHE<\/strong> di Sarah IANCU, violoncellista<\/p>\n<p><a href=\"https:\/\/www.iemj.org\/wp-content\/uploads\/2012\/06\/maimonide_programme_universite_d_ete.pdf\" target=\"_blank\" rel=\"noopener\">Programma Maimonide Universit\u00e0 estiva 2012<\/a><\/p>\n","protected":false},"excerpt":{"rendered":"<p>DAL 5 AL 12 LUGLIO 2012 &#8211; ESPACE CULTUEL HEBRAIQUE MEDIEVAL DE L&#8217;INSTITUT MAIMONIDE<\/p>\n","protected":false},"author":1045,"featured_media":108478,"comment_status":"closed","ping_status":"open","sticky":false,"template":"","format":"standard","meta":{"_acf_changed":false,"footnotes":""},"categories":[1383,1371],"tags":[],"technique":[],"squelettes":[],"sujet":[],"formation":[],"genre":[],"fonds":[],"tradition":[],"type-de-contenu":[],"interprete-compositeur":[],"frise":[],"type-devenement":[],"tableaux-liens-externes":[],"class_list":["post-108477","post","type-post","status-publish","format-standard","has-post-thumbnail","hentry","category-corsi-conferenze-it","category-manifestazioni-it"],"acf":[],"yoast_head":"<!-- This site is optimized with the Yoast SEO plugin v27.3 - https:\/\/yoast.com\/product\/yoast-seo-wordpress\/ -->\n<title>7\u00aa Universit\u00e0 estiva dell&#039;Institut Ma\u00efmonide - Montpellier - Institut Europ\u00e9en des Musiques Juives<\/title>\n<meta name=\"robots\" content=\"index, follow, max-snippet:-1, max-image-preview:large, max-video-preview:-1\" \/>\n<link rel=\"canonical\" href=\"https:\/\/www.iemj.org\/it\/viie-universite-dete-de-linstitut-maimonide-montpellier\/\" \/>\n<meta property=\"og:locale\" content=\"it_IT\" \/>\n<meta property=\"og:type\" content=\"article\" \/>\n<meta property=\"og:title\" content=\"7\u00aa Universit\u00e0 estiva dell&#039;Institut Ma\u00efmonide - Montpellier - Institut Europ\u00e9en des Musiques Juives\" \/>\n<meta property=\"og:description\" content=\"DAL 5 AL 12 LUGLIO 2012 &#8211; ESPACE CULTUEL HEBRAIQUE MEDIEVAL DE L&#8217;INSTITUT MAIMONIDE\" \/>\n<meta property=\"og:url\" content=\"https:\/\/www.iemj.org\/it\/viie-universite-dete-de-linstitut-maimonide-montpellier\/\" \/>\n<meta property=\"og:site_name\" content=\"Institut Europ\u00e9en des Musiques Juives\" \/>\n<meta property=\"article:publisher\" content=\"https:\/\/www.facebook.com\/MusiquesJuives\/\" \/>\n<meta property=\"article:published_time\" content=\"2012-06-09T09:25:00+00:00\" \/>\n<meta property=\"article:modified_time\" content=\"2024-01-30T10:01:21+00:00\" \/>\n<meta property=\"og:image\" content=\"https:\/\/www.iemj.org\/wp-content\/uploads\/2012\/06\/arton503.jpg\" \/>\n\t<meta property=\"og:image:width\" content=\"185\" \/>\n\t<meta property=\"og:image:height\" content=\"250\" \/>\n\t<meta property=\"og:image:type\" content=\"image\/jpeg\" \/>\n<meta name=\"author\" content=\"Herv\u00e9 Roten\" \/>\n<meta name=\"twitter:card\" content=\"summary_large_image\" \/>\n<meta name=\"twitter:label1\" content=\"Scritto da\" \/>\n\t<meta name=\"twitter:data1\" content=\"Herv\u00e9 Roten\" \/>\n\t<meta name=\"twitter:label2\" content=\"Tempo di lettura stimato\" \/>\n\t<meta name=\"twitter:data2\" content=\"1 minuto\" \/>\n<script type=\"application\/ld+json\" class=\"yoast-schema-graph\">{\"@context\":\"https:\\\/\\\/schema.org\",\"@graph\":[{\"@type\":\"Article\",\"@id\":\"https:\\\/\\\/www.iemj.org\\\/it\\\/viie-universite-dete-de-linstitut-maimonide-montpellier\\\/#article\",\"isPartOf\":{\"@id\":\"https:\\\/\\\/www.iemj.org\\\/it\\\/viie-universite-dete-de-linstitut-maimonide-montpellier\\\/\"},\"author\":{\"name\":\"Herv\u00e9 Roten\",\"@id\":\"https:\\\/\\\/www.iemj.org\\\/it\\\/#\\\/schema\\\/person\\\/906134402c29d5c76e7b726261dd4bbd\"},\"headline\":\"7\u00aa Universit\u00e0 estiva dell&#8217;Institut Ma\u00efmonide &#8211; Montpellier\",\"datePublished\":\"2012-06-09T09:25:00+00:00\",\"dateModified\":\"2024-01-30T10:01:21+00:00\",\"mainEntityOfPage\":{\"@id\":\"https:\\\/\\\/www.iemj.org\\\/it\\\/viie-universite-dete-de-linstitut-maimonide-montpellier\\\/\"},\"wordCount\":146,\"publisher\":{\"@id\":\"https:\\\/\\\/www.iemj.org\\\/it\\\/#organization\"},\"image\":{\"@id\":\"https:\\\/\\\/www.iemj.org\\\/it\\\/viie-universite-dete-de-linstitut-maimonide-montpellier\\\/#primaryimage\"},\"thumbnailUrl\":\"https:\\\/\\\/www.iemj.org\\\/wp-content\\\/uploads\\\/2012\\\/06\\\/arton503.jpg\",\"articleSection\":[\"Corsi \\\/ Conferenze\",\"Manifestazioni\"],\"inLanguage\":\"it-IT\"},{\"@type\":\"WebPage\",\"@id\":\"https:\\\/\\\/www.iemj.org\\\/it\\\/viie-universite-dete-de-linstitut-maimonide-montpellier\\\/\",\"url\":\"https:\\\/\\\/www.iemj.org\\\/it\\\/viie-universite-dete-de-linstitut-maimonide-montpellier\\\/\",\"name\":\"7\u00aa Universit\u00e0 estiva dell'Institut Ma\u00efmonide - Montpellier - Institut Europ\u00e9en des Musiques Juives\",\"isPartOf\":{\"@id\":\"https:\\\/\\\/www.iemj.org\\\/it\\\/#website\"},\"primaryImageOfPage\":{\"@id\":\"https:\\\/\\\/www.iemj.org\\\/it\\\/viie-universite-dete-de-linstitut-maimonide-montpellier\\\/#primaryimage\"},\"image\":{\"@id\":\"https:\\\/\\\/www.iemj.org\\\/it\\\/viie-universite-dete-de-linstitut-maimonide-montpellier\\\/#primaryimage\"},\"thumbnailUrl\":\"https:\\\/\\\/www.iemj.org\\\/wp-content\\\/uploads\\\/2012\\\/06\\\/arton503.jpg\",\"datePublished\":\"2012-06-09T09:25:00+00:00\",\"dateModified\":\"2024-01-30T10:01:21+00:00\",\"breadcrumb\":{\"@id\":\"https:\\\/\\\/www.iemj.org\\\/it\\\/viie-universite-dete-de-linstitut-maimonide-montpellier\\\/#breadcrumb\"},\"inLanguage\":\"it-IT\",\"potentialAction\":[{\"@type\":\"ReadAction\",\"target\":[\"https:\\\/\\\/www.iemj.org\\\/it\\\/viie-universite-dete-de-linstitut-maimonide-montpellier\\\/\"]}]},{\"@type\":\"ImageObject\",\"inLanguage\":\"it-IT\",\"@id\":\"https:\\\/\\\/www.iemj.org\\\/it\\\/viie-universite-dete-de-linstitut-maimonide-montpellier\\\/#primaryimage\",\"url\":\"https:\\\/\\\/www.iemj.org\\\/wp-content\\\/uploads\\\/2012\\\/06\\\/arton503.jpg\",\"contentUrl\":\"https:\\\/\\\/www.iemj.org\\\/wp-content\\\/uploads\\\/2012\\\/06\\\/arton503.jpg\",\"width\":185,\"height\":250},{\"@type\":\"BreadcrumbList\",\"@id\":\"https:\\\/\\\/www.iemj.org\\\/it\\\/viie-universite-dete-de-linstitut-maimonide-montpellier\\\/#breadcrumb\",\"itemListElement\":[{\"@type\":\"ListItem\",\"position\":1,\"name\":\"Accueil\",\"item\":\"https:\\\/\\\/www.iemj.org\\\/it\\\/\"},{\"@type\":\"ListItem\",\"position\":2,\"name\":\"7\u00aa Universit\u00e0 estiva dell&rsquo;Institut Ma\u00efmonide &#8211; Montpellier\"}]},{\"@type\":\"WebSite\",\"@id\":\"https:\\\/\\\/www.iemj.org\\\/it\\\/#website\",\"url\":\"https:\\\/\\\/www.iemj.org\\\/it\\\/\",\"name\":\"Institut Europ\u00e9en des Musiques Juives\",\"description\":\"Des traditions musicales \u00e0 la port\u00e9e de tous\",\"publisher\":{\"@id\":\"https:\\\/\\\/www.iemj.org\\\/it\\\/#organization\"},\"potentialAction\":[{\"@type\":\"SearchAction\",\"target\":{\"@type\":\"EntryPoint\",\"urlTemplate\":\"https:\\\/\\\/www.iemj.org\\\/it\\\/?s={search_term_string}\"},\"query-input\":{\"@type\":\"PropertyValueSpecification\",\"valueRequired\":true,\"valueName\":\"search_term_string\"}}],\"inLanguage\":\"it-IT\"},{\"@type\":\"Organization\",\"@id\":\"https:\\\/\\\/www.iemj.org\\\/it\\\/#organization\",\"name\":\"Institut Europ\u00e9en des Musiques Juives\",\"url\":\"https:\\\/\\\/www.iemj.org\\\/it\\\/\",\"logo\":{\"@type\":\"ImageObject\",\"inLanguage\":\"it-IT\",\"@id\":\"https:\\\/\\\/www.iemj.org\\\/it\\\/#\\\/schema\\\/logo\\\/image\\\/\",\"url\":\"https:\\\/\\\/www.iemj.org\\\/wp-content\\\/uploads\\\/2021\\\/09\\\/Logo-IEMJ-Paypal.jpg\",\"contentUrl\":\"https:\\\/\\\/www.iemj.org\\\/wp-content\\\/uploads\\\/2021\\\/09\\\/Logo-IEMJ-Paypal.jpg\",\"width\":150,\"height\":50,\"caption\":\"Institut Europ\u00e9en des Musiques Juives\"},\"image\":{\"@id\":\"https:\\\/\\\/www.iemj.org\\\/it\\\/#\\\/schema\\\/logo\\\/image\\\/\"},\"sameAs\":[\"https:\\\/\\\/www.facebook.com\\\/MusiquesJuives\\\/\",\"https:\\\/\\\/www.instagram.com\\\/musiquesjuives\\\/\",\"https:\\\/\\\/www.youtube.com\\\/user\\\/musiquesjuives\"]},{\"@type\":\"Person\",\"@id\":\"https:\\\/\\\/www.iemj.org\\\/it\\\/#\\\/schema\\\/person\\\/906134402c29d5c76e7b726261dd4bbd\",\"name\":\"Herv\u00e9 Roten\",\"image\":{\"@type\":\"ImageObject\",\"inLanguage\":\"it-IT\",\"@id\":\"https:\\\/\\\/secure.gravatar.com\\\/avatar\\\/f96ad2db538a26481f18384936b5cd0610c92d390c4dc382209216d455f685ff?s=96&d=mm&r=g\",\"url\":\"https:\\\/\\\/secure.gravatar.com\\\/avatar\\\/f96ad2db538a26481f18384936b5cd0610c92d390c4dc382209216d455f685ff?s=96&d=mm&r=g\",\"contentUrl\":\"https:\\\/\\\/secure.gravatar.com\\\/avatar\\\/f96ad2db538a26481f18384936b5cd0610c92d390c4dc382209216d455f685ff?s=96&d=mm&r=g\",\"caption\":\"Herv\u00e9 Roten\"}}]}<\/script>\n<!-- \/ Yoast SEO plugin. -->","yoast_head_json":{"title":"7\u00aa Universit\u00e0 estiva dell'Institut Ma\u00efmonide - Montpellier - Institut Europ\u00e9en des Musiques Juives","robots":{"index":"index","follow":"follow","max-snippet":"max-snippet:-1","max-image-preview":"max-image-preview:large","max-video-preview":"max-video-preview:-1"},"canonical":"https:\/\/www.iemj.org\/it\/viie-universite-dete-de-linstitut-maimonide-montpellier\/","og_locale":"it_IT","og_type":"article","og_title":"7\u00aa Universit\u00e0 estiva dell'Institut Ma\u00efmonide - Montpellier - Institut Europ\u00e9en des Musiques Juives","og_description":"DAL 5 AL 12 LUGLIO 2012 &#8211; ESPACE CULTUEL HEBRAIQUE MEDIEVAL DE L&#8217;INSTITUT MAIMONIDE","og_url":"https:\/\/www.iemj.org\/it\/viie-universite-dete-de-linstitut-maimonide-montpellier\/","og_site_name":"Institut Europ\u00e9en des Musiques Juives","article_publisher":"https:\/\/www.facebook.com\/MusiquesJuives\/","article_published_time":"2012-06-09T09:25:00+00:00","article_modified_time":"2024-01-30T10:01:21+00:00","og_image":[{"width":185,"height":250,"url":"https:\/\/www.iemj.org\/wp-content\/uploads\/2012\/06\/arton503.jpg","type":"image\/jpeg"}],"author":"Herv\u00e9 Roten","twitter_card":"summary_large_image","twitter_misc":{"Scritto da":"Herv\u00e9 Roten","Tempo di lettura stimato":"1 minuto"},"schema":{"@context":"https:\/\/schema.org","@graph":[{"@type":"Article","@id":"https:\/\/www.iemj.org\/it\/viie-universite-dete-de-linstitut-maimonide-montpellier\/#article","isPartOf":{"@id":"https:\/\/www.iemj.org\/it\/viie-universite-dete-de-linstitut-maimonide-montpellier\/"},"author":{"name":"Herv\u00e9 Roten","@id":"https:\/\/www.iemj.org\/it\/#\/schema\/person\/906134402c29d5c76e7b726261dd4bbd"},"headline":"7\u00aa Universit\u00e0 estiva dell&#8217;Institut Ma\u00efmonide &#8211; Montpellier","datePublished":"2012-06-09T09:25:00+00:00","dateModified":"2024-01-30T10:01:21+00:00","mainEntityOfPage":{"@id":"https:\/\/www.iemj.org\/it\/viie-universite-dete-de-linstitut-maimonide-montpellier\/"},"wordCount":146,"publisher":{"@id":"https:\/\/www.iemj.org\/it\/#organization"},"image":{"@id":"https:\/\/www.iemj.org\/it\/viie-universite-dete-de-linstitut-maimonide-montpellier\/#primaryimage"},"thumbnailUrl":"https:\/\/www.iemj.org\/wp-content\/uploads\/2012\/06\/arton503.jpg","articleSection":["Corsi \/ Conferenze","Manifestazioni"],"inLanguage":"it-IT"},{"@type":"WebPage","@id":"https:\/\/www.iemj.org\/it\/viie-universite-dete-de-linstitut-maimonide-montpellier\/","url":"https:\/\/www.iemj.org\/it\/viie-universite-dete-de-linstitut-maimonide-montpellier\/","name":"7\u00aa Universit\u00e0 estiva dell'Institut Ma\u00efmonide - Montpellier - Institut Europ\u00e9en des Musiques Juives","isPartOf":{"@id":"https:\/\/www.iemj.org\/it\/#website"},"primaryImageOfPage":{"@id":"https:\/\/www.iemj.org\/it\/viie-universite-dete-de-linstitut-maimonide-montpellier\/#primaryimage"},"image":{"@id":"https:\/\/www.iemj.org\/it\/viie-universite-dete-de-linstitut-maimonide-montpellier\/#primaryimage"},"thumbnailUrl":"https:\/\/www.iemj.org\/wp-content\/uploads\/2012\/06\/arton503.jpg","datePublished":"2012-06-09T09:25:00+00:00","dateModified":"2024-01-30T10:01:21+00:00","breadcrumb":{"@id":"https:\/\/www.iemj.org\/it\/viie-universite-dete-de-linstitut-maimonide-montpellier\/#breadcrumb"},"inLanguage":"it-IT","potentialAction":[{"@type":"ReadAction","target":["https:\/\/www.iemj.org\/it\/viie-universite-dete-de-linstitut-maimonide-montpellier\/"]}]},{"@type":"ImageObject","inLanguage":"it-IT","@id":"https:\/\/www.iemj.org\/it\/viie-universite-dete-de-linstitut-maimonide-montpellier\/#primaryimage","url":"https:\/\/www.iemj.org\/wp-content\/uploads\/2012\/06\/arton503.jpg","contentUrl":"https:\/\/www.iemj.org\/wp-content\/uploads\/2012\/06\/arton503.jpg","width":185,"height":250},{"@type":"BreadcrumbList","@id":"https:\/\/www.iemj.org\/it\/viie-universite-dete-de-linstitut-maimonide-montpellier\/#breadcrumb","itemListElement":[{"@type":"ListItem","position":1,"name":"Accueil","item":"https:\/\/www.iemj.org\/it\/"},{"@type":"ListItem","position":2,"name":"7\u00aa Universit\u00e0 estiva dell&rsquo;Institut Ma\u00efmonide &#8211; Montpellier"}]},{"@type":"WebSite","@id":"https:\/\/www.iemj.org\/it\/#website","url":"https:\/\/www.iemj.org\/it\/","name":"Institut Europ\u00e9en des Musiques Juives","description":"Des traditions musicales \u00e0 la port\u00e9e de tous","publisher":{"@id":"https:\/\/www.iemj.org\/it\/#organization"},"potentialAction":[{"@type":"SearchAction","target":{"@type":"EntryPoint","urlTemplate":"https:\/\/www.iemj.org\/it\/?s={search_term_string}"},"query-input":{"@type":"PropertyValueSpecification","valueRequired":true,"valueName":"search_term_string"}}],"inLanguage":"it-IT"},{"@type":"Organization","@id":"https:\/\/www.iemj.org\/it\/#organization","name":"Institut Europ\u00e9en des Musiques Juives","url":"https:\/\/www.iemj.org\/it\/","logo":{"@type":"ImageObject","inLanguage":"it-IT","@id":"https:\/\/www.iemj.org\/it\/#\/schema\/logo\/image\/","url":"https:\/\/www.iemj.org\/wp-content\/uploads\/2021\/09\/Logo-IEMJ-Paypal.jpg","contentUrl":"https:\/\/www.iemj.org\/wp-content\/uploads\/2021\/09\/Logo-IEMJ-Paypal.jpg","width":150,"height":50,"caption":"Institut Europ\u00e9en des Musiques Juives"},"image":{"@id":"https:\/\/www.iemj.org\/it\/#\/schema\/logo\/image\/"},"sameAs":["https:\/\/www.facebook.com\/MusiquesJuives\/","https:\/\/www.instagram.com\/musiquesjuives\/","https:\/\/www.youtube.com\/user\/musiquesjuives"]},{"@type":"Person","@id":"https:\/\/www.iemj.org\/it\/#\/schema\/person\/906134402c29d5c76e7b726261dd4bbd","name":"Herv\u00e9 Roten","image":{"@type":"ImageObject","inLanguage":"it-IT","@id":"https:\/\/secure.gravatar.com\/avatar\/f96ad2db538a26481f18384936b5cd0610c92d390c4dc382209216d455f685ff?s=96&d=mm&r=g","url":"https:\/\/secure.gravatar.com\/avatar\/f96ad2db538a26481f18384936b5cd0610c92d390c4dc382209216d455f685ff?s=96&d=mm&r=g","contentUrl":"https:\/\/secure.gravatar.com\/avatar\/f96ad2db538a26481f18384936b5cd0610c92d390c4dc382209216d455f685ff?s=96&d=mm&r=g","caption":"Herv\u00e9 Roten"}}]}},"_links":{"self":[{"href":"https:\/\/www.iemj.org\/it\/wp-json\/wp\/v2\/posts\/108477","targetHints":{"allow":["GET"]}}],"collection":[{"href":"https:\/\/www.iemj.org\/it\/wp-json\/wp\/v2\/posts"}],"about":[{"href":"https:\/\/www.iemj.org\/it\/wp-json\/wp\/v2\/types\/post"}],"author":[{"embeddable":true,"href":"https:\/\/www.iemj.org\/it\/wp-json\/wp\/v2\/users\/1045"}],"replies":[{"embeddable":true,"href":"https:\/\/www.iemj.org\/it\/wp-json\/wp\/v2\/comments?post=108477"}],"version-history":[{"count":0,"href":"https:\/\/www.iemj.org\/it\/wp-json\/wp\/v2\/posts\/108477\/revisions"}],"wp:featuredmedia":[{"embeddable":true,"href":"https:\/\/www.iemj.org\/it\/wp-json\/wp\/v2\/media\/108478"}],"wp:attachment":[{"href":"https:\/\/www.iemj.org\/it\/wp-json\/wp\/v2\/media?parent=108477"}],"wp:term":[{"taxonomy":"category","embeddable":true,"href":"https:\/\/www.iemj.org\/it\/wp-json\/wp\/v2\/categories?post=108477"},{"taxonomy":"post_tag","embeddable":true,"href":"https:\/\/www.iemj.org\/it\/wp-json\/wp\/v2\/tags?post=108477"},{"taxonomy":"technique","embeddable":true,"href":"https:\/\/www.iemj.org\/it\/wp-json\/wp\/v2\/technique?post=108477"},{"taxonomy":"squelettes","embeddable":true,"href":"https:\/\/www.iemj.org\/it\/wp-json\/wp\/v2\/squelettes?post=108477"},{"taxonomy":"sujet","embeddable":true,"href":"https:\/\/www.iemj.org\/it\/wp-json\/wp\/v2\/sujet?post=108477"},{"taxonomy":"formation","embeddable":true,"href":"https:\/\/www.iemj.org\/it\/wp-json\/wp\/v2\/formation?post=108477"},{"taxonomy":"genre","embeddable":true,"href":"https:\/\/www.iemj.org\/it\/wp-json\/wp\/v2\/genre?post=108477"},{"taxonomy":"fonds","embeddable":true,"href":"https:\/\/www.iemj.org\/it\/wp-json\/wp\/v2\/fonds?post=108477"},{"taxonomy":"tradition","embeddable":true,"href":"https:\/\/www.iemj.org\/it\/wp-json\/wp\/v2\/tradition?post=108477"},{"taxonomy":"type-de-contenu","embeddable":true,"href":"https:\/\/www.iemj.org\/it\/wp-json\/wp\/v2\/type-de-contenu?post=108477"},{"taxonomy":"interprete-compositeur","embeddable":true,"href":"https:\/\/www.iemj.org\/it\/wp-json\/wp\/v2\/interprete-compositeur?post=108477"},{"taxonomy":"frise","embeddable":true,"href":"https:\/\/www.iemj.org\/it\/wp-json\/wp\/v2\/frise?post=108477"},{"taxonomy":"type-devenement","embeddable":true,"href":"https:\/\/www.iemj.org\/it\/wp-json\/wp\/v2\/type-devenement?post=108477"},{"taxonomy":"tableaux-liens-externes","embeddable":true,"href":"https:\/\/www.iemj.org\/it\/wp-json\/wp\/v2\/tableaux-liens-externes?post=108477"}],"curies":[{"name":"wp","href":"https:\/\/api.w.org\/{rel}","templated":true}]}}