{"id":108509,"date":"2012-02-07T18:36:00","date_gmt":"2012-02-07T17:36:00","guid":{"rendered":"https:\/\/www.iemj.org\/chants-judeo-comtadins-pardes\/"},"modified":"2024-01-30T12:10:16","modified_gmt":"2024-01-30T11:10:16","slug":"chants-judeo-comtadins-pardes","status":"publish","type":"post","link":"https:\/\/www.iemj.org\/it\/chants-judeo-comtadins-pardes\/","title":{"rendered":"Canti giudeo-comtadini pardes (dal paradiso)"},"content":{"rendered":"<p class=\"post_excerpt\"><strong>SABATO 18 FEBBRAIO 2012 alle 20.45<\/strong><br \/>\n<strong>e DOMENICA 19 FEBBRAIO 2012 alle ore 16.00<\/strong><\/p>\n<p><strong>Espace Rachi &#8211; 39, rue Broca 75005 PARIGI<\/strong><\/p>\n<p><!--more--><\/p>\n<p>Nel corso dei secoli della loro presenza nel Sud della Francia, fin dai tempi pi\u00f9 remoti, le antiche comunit\u00e0 ebraiche della Provenza, in simbiosi con il loro ambiente, hanno sviluppato una cultura ed un&#8217;arte di vivere di cui rimangono molte tracce, in particolare nella loro musica.<br \/>\n\u00c8 una musica di festa e di incontro, una musica solare, come il Paese che la ospita, in cui si ritrova la notte orientale.<br \/>\nLa musica giudeo-provenzale, nata al crocevia tra Spagna, Italia e Nord Europa, porta con s\u00e9 le influenze pi\u00f9 contrastanti. I suoni dell&#8217;Andalusia delle tre culture, del barocco italiano e del medioevo francese, tutti sotto l&#8217;ombrello occitano, si ritrovano qui con grande piacere e sottigliezza&#8230;<br \/>\nNekouda riporta alla luce questo repertorio inedito del patrimonio musicale della diaspora provenzale, caduto nell&#8217;oblio.<\/p>\n<p>Corinne Drai: voce &#8211; Alain Huet: voce, oud, clarinetto &#8211; Ga\u00ebl Ascaso: galoubet e tamburello &#8211; Pierre-Laurent Bertolino: ghironda &#8211; Thomas Bourgeois: percussioni<\/p>\n<p>Prenotazioni al numero 01 43 31 93 60 o http:\/\/www.culture-juive.fr\/<\/p>\n<p><strong>Concerto in collaborazione con il Centre Fran\u00e7ais des Musiques Juives.<\/strong><br \/>\n<strong>Prezzo intero: 20 \u20ac &#8211; Prezzo ridotto (inclusi i membri del CFMJ): 15 \u20ac<\/strong><\/p>\n<p><a href=\"https:\/\/www.iemj.org\/it\/nekouda-musique-judeo-provencale\/\" target=\"_blank\" rel=\"noopener\">Ascoltare estratti dal CD Musique jud\u00e9o-proven\u00e7ale dell&#8217;ensemble Nekouda<\/a><\/p>\n<p><a href=\"https:\/\/www.iemj.org\/wp-content\/uploads\/2012\/02\/flyer_nekouda.pdf\" target=\"_blank\" rel=\"noopener\">Flyer Concerto Nekouda 18 e 19 febbraio 2012<\/a><\/p>\n","protected":false},"excerpt":{"rendered":"<p>SABATO 18 FEBBRAIO 2012 alle 20.45 e DOMENICA 19 FEBBRAIO 2012 alle ore 16.00 Espace Rachi &#8211; 39, rue Broca 75005 PARIGI<\/p>\n","protected":false},"author":1045,"featured_media":108510,"comment_status":"closed","ping_status":"open","sticky":false,"template":"","format":"standard","meta":{"_acf_changed":false,"footnotes":""},"categories":[1379,1371],"tags":[3421],"technique":[],"squelettes":[],"sujet":[],"formation":[],"genre":[],"fonds":[],"tradition":[],"type-de-contenu":[],"interprete-compositeur":[],"frise":[],"type-devenement":[],"tableaux-liens-externes":[],"class_list":["post-108509","post","type-post","status-publish","format-standard","has-post-thumbnail","hentry","category-concerti-manifestazioni-it","category-manifestazioni-it","tag-eventi-partner-it"],"acf":[],"yoast_head":"<!-- This site is optimized with the Yoast SEO plugin v27.3 - https:\/\/yoast.com\/product\/yoast-seo-wordpress\/ -->\n<title>Canti giudeo-comtadini pardes (dal paradiso) - Institut Europ\u00e9en des Musiques Juives<\/title>\n<meta name=\"robots\" content=\"index, follow, max-snippet:-1, max-image-preview:large, max-video-preview:-1\" \/>\n<link rel=\"canonical\" href=\"https:\/\/www.iemj.org\/it\/chants-judeo-comtadins-pardes\/\" \/>\n<meta property=\"og:locale\" content=\"it_IT\" \/>\n<meta property=\"og:type\" content=\"article\" \/>\n<meta property=\"og:title\" content=\"Canti giudeo-comtadini pardes (dal paradiso) - Institut Europ\u00e9en des Musiques Juives\" \/>\n<meta property=\"og:description\" content=\"SABATO 18 FEBBRAIO 2012 alle 20.45 e DOMENICA 19 FEBBRAIO 2012 alle ore 16.00 Espace Rachi &#8211; 39, rue Broca 75005 PARIGI\" \/>\n<meta property=\"og:url\" content=\"https:\/\/www.iemj.org\/it\/chants-judeo-comtadins-pardes\/\" \/>\n<meta property=\"og:site_name\" content=\"Institut Europ\u00e9en des Musiques Juives\" \/>\n<meta property=\"article:publisher\" content=\"https:\/\/www.facebook.com\/MusiquesJuives\/\" \/>\n<meta property=\"article:published_time\" content=\"2012-02-07T17:36:00+00:00\" \/>\n<meta property=\"article:modified_time\" content=\"2024-01-30T11:10:16+00:00\" \/>\n<meta property=\"og:image\" content=\"https:\/\/www.iemj.org\/wp-content\/uploads\/2012\/02\/arton409.jpg\" \/>\n\t<meta property=\"og:image:width\" content=\"300\" \/>\n\t<meta property=\"og:image:height\" content=\"412\" \/>\n\t<meta property=\"og:image:type\" content=\"image\/jpeg\" \/>\n<meta name=\"author\" content=\"Herv\u00e9 Roten\" \/>\n<meta name=\"twitter:card\" content=\"summary_large_image\" \/>\n<meta name=\"twitter:label1\" content=\"Scritto da\" \/>\n\t<meta name=\"twitter:data1\" content=\"Herv\u00e9 Roten\" \/>\n\t<meta name=\"twitter:label2\" content=\"Tempo di lettura stimato\" \/>\n\t<meta name=\"twitter:data2\" content=\"2 minuti\" \/>\n<script type=\"application\/ld+json\" class=\"yoast-schema-graph\">{\"@context\":\"https:\\\/\\\/schema.org\",\"@graph\":[{\"@type\":\"Article\",\"@id\":\"https:\\\/\\\/www.iemj.org\\\/it\\\/chants-judeo-comtadins-pardes\\\/#article\",\"isPartOf\":{\"@id\":\"https:\\\/\\\/www.iemj.org\\\/it\\\/chants-judeo-comtadins-pardes\\\/\"},\"author\":{\"name\":\"Herv\u00e9 Roten\",\"@id\":\"https:\\\/\\\/www.iemj.org\\\/it\\\/#\\\/schema\\\/person\\\/906134402c29d5c76e7b726261dd4bbd\"},\"headline\":\"Canti giudeo-comtadini pardes (dal paradiso)\",\"datePublished\":\"2012-02-07T17:36:00+00:00\",\"dateModified\":\"2024-01-30T11:10:16+00:00\",\"mainEntityOfPage\":{\"@id\":\"https:\\\/\\\/www.iemj.org\\\/it\\\/chants-judeo-comtadins-pardes\\\/\"},\"wordCount\":220,\"publisher\":{\"@id\":\"https:\\\/\\\/www.iemj.org\\\/it\\\/#organization\"},\"image\":{\"@id\":\"https:\\\/\\\/www.iemj.org\\\/it\\\/chants-judeo-comtadins-pardes\\\/#primaryimage\"},\"thumbnailUrl\":\"https:\\\/\\\/www.iemj.org\\\/wp-content\\\/uploads\\\/2012\\\/02\\\/arton409.jpg\",\"keywords\":[\"Eventi partner\"],\"articleSection\":[\"Concerti\",\"Manifestazioni\"],\"inLanguage\":\"it-IT\"},{\"@type\":\"WebPage\",\"@id\":\"https:\\\/\\\/www.iemj.org\\\/it\\\/chants-judeo-comtadins-pardes\\\/\",\"url\":\"https:\\\/\\\/www.iemj.org\\\/it\\\/chants-judeo-comtadins-pardes\\\/\",\"name\":\"Canti giudeo-comtadini pardes (dal paradiso) - Institut Europ\u00e9en des Musiques Juives\",\"isPartOf\":{\"@id\":\"https:\\\/\\\/www.iemj.org\\\/it\\\/#website\"},\"primaryImageOfPage\":{\"@id\":\"https:\\\/\\\/www.iemj.org\\\/it\\\/chants-judeo-comtadins-pardes\\\/#primaryimage\"},\"image\":{\"@id\":\"https:\\\/\\\/www.iemj.org\\\/it\\\/chants-judeo-comtadins-pardes\\\/#primaryimage\"},\"thumbnailUrl\":\"https:\\\/\\\/www.iemj.org\\\/wp-content\\\/uploads\\\/2012\\\/02\\\/arton409.jpg\",\"datePublished\":\"2012-02-07T17:36:00+00:00\",\"dateModified\":\"2024-01-30T11:10:16+00:00\",\"breadcrumb\":{\"@id\":\"https:\\\/\\\/www.iemj.org\\\/it\\\/chants-judeo-comtadins-pardes\\\/#breadcrumb\"},\"inLanguage\":\"it-IT\",\"potentialAction\":[{\"@type\":\"ReadAction\",\"target\":[\"https:\\\/\\\/www.iemj.org\\\/it\\\/chants-judeo-comtadins-pardes\\\/\"]}]},{\"@type\":\"ImageObject\",\"inLanguage\":\"it-IT\",\"@id\":\"https:\\\/\\\/www.iemj.org\\\/it\\\/chants-judeo-comtadins-pardes\\\/#primaryimage\",\"url\":\"https:\\\/\\\/www.iemj.org\\\/wp-content\\\/uploads\\\/2012\\\/02\\\/arton409.jpg\",\"contentUrl\":\"https:\\\/\\\/www.iemj.org\\\/wp-content\\\/uploads\\\/2012\\\/02\\\/arton409.jpg\",\"width\":300,\"height\":412},{\"@type\":\"BreadcrumbList\",\"@id\":\"https:\\\/\\\/www.iemj.org\\\/it\\\/chants-judeo-comtadins-pardes\\\/#breadcrumb\",\"itemListElement\":[{\"@type\":\"ListItem\",\"position\":1,\"name\":\"Accueil\",\"item\":\"https:\\\/\\\/www.iemj.org\\\/it\\\/\"},{\"@type\":\"ListItem\",\"position\":2,\"name\":\"Canti giudeo-comtadini pardes (dal paradiso)\"}]},{\"@type\":\"WebSite\",\"@id\":\"https:\\\/\\\/www.iemj.org\\\/it\\\/#website\",\"url\":\"https:\\\/\\\/www.iemj.org\\\/it\\\/\",\"name\":\"Institut Europ\u00e9en des Musiques Juives\",\"description\":\"Des traditions musicales \u00e0 la port\u00e9e de tous\",\"publisher\":{\"@id\":\"https:\\\/\\\/www.iemj.org\\\/it\\\/#organization\"},\"potentialAction\":[{\"@type\":\"SearchAction\",\"target\":{\"@type\":\"EntryPoint\",\"urlTemplate\":\"https:\\\/\\\/www.iemj.org\\\/it\\\/?s={search_term_string}\"},\"query-input\":{\"@type\":\"PropertyValueSpecification\",\"valueRequired\":true,\"valueName\":\"search_term_string\"}}],\"inLanguage\":\"it-IT\"},{\"@type\":\"Organization\",\"@id\":\"https:\\\/\\\/www.iemj.org\\\/it\\\/#organization\",\"name\":\"Institut Europ\u00e9en des Musiques Juives\",\"url\":\"https:\\\/\\\/www.iemj.org\\\/it\\\/\",\"logo\":{\"@type\":\"ImageObject\",\"inLanguage\":\"it-IT\",\"@id\":\"https:\\\/\\\/www.iemj.org\\\/it\\\/#\\\/schema\\\/logo\\\/image\\\/\",\"url\":\"https:\\\/\\\/www.iemj.org\\\/wp-content\\\/uploads\\\/2021\\\/09\\\/Logo-IEMJ-Paypal.jpg\",\"contentUrl\":\"https:\\\/\\\/www.iemj.org\\\/wp-content\\\/uploads\\\/2021\\\/09\\\/Logo-IEMJ-Paypal.jpg\",\"width\":150,\"height\":50,\"caption\":\"Institut Europ\u00e9en des Musiques Juives\"},\"image\":{\"@id\":\"https:\\\/\\\/www.iemj.org\\\/it\\\/#\\\/schema\\\/logo\\\/image\\\/\"},\"sameAs\":[\"https:\\\/\\\/www.facebook.com\\\/MusiquesJuives\\\/\",\"https:\\\/\\\/www.instagram.com\\\/musiquesjuives\\\/\",\"https:\\\/\\\/www.youtube.com\\\/user\\\/musiquesjuives\"]},{\"@type\":\"Person\",\"@id\":\"https:\\\/\\\/www.iemj.org\\\/it\\\/#\\\/schema\\\/person\\\/906134402c29d5c76e7b726261dd4bbd\",\"name\":\"Herv\u00e9 Roten\",\"image\":{\"@type\":\"ImageObject\",\"inLanguage\":\"it-IT\",\"@id\":\"https:\\\/\\\/secure.gravatar.com\\\/avatar\\\/f96ad2db538a26481f18384936b5cd0610c92d390c4dc382209216d455f685ff?s=96&d=mm&r=g\",\"url\":\"https:\\\/\\\/secure.gravatar.com\\\/avatar\\\/f96ad2db538a26481f18384936b5cd0610c92d390c4dc382209216d455f685ff?s=96&d=mm&r=g\",\"contentUrl\":\"https:\\\/\\\/secure.gravatar.com\\\/avatar\\\/f96ad2db538a26481f18384936b5cd0610c92d390c4dc382209216d455f685ff?s=96&d=mm&r=g\",\"caption\":\"Herv\u00e9 Roten\"}}]}<\/script>\n<!-- \/ Yoast SEO plugin. -->","yoast_head_json":{"title":"Canti giudeo-comtadini pardes (dal paradiso) - Institut Europ\u00e9en des Musiques Juives","robots":{"index":"index","follow":"follow","max-snippet":"max-snippet:-1","max-image-preview":"max-image-preview:large","max-video-preview":"max-video-preview:-1"},"canonical":"https:\/\/www.iemj.org\/it\/chants-judeo-comtadins-pardes\/","og_locale":"it_IT","og_type":"article","og_title":"Canti giudeo-comtadini pardes (dal paradiso) - Institut Europ\u00e9en des Musiques Juives","og_description":"SABATO 18 FEBBRAIO 2012 alle 20.45 e DOMENICA 19 FEBBRAIO 2012 alle ore 16.00 Espace Rachi &#8211; 39, rue Broca 75005 PARIGI","og_url":"https:\/\/www.iemj.org\/it\/chants-judeo-comtadins-pardes\/","og_site_name":"Institut Europ\u00e9en des Musiques Juives","article_publisher":"https:\/\/www.facebook.com\/MusiquesJuives\/","article_published_time":"2012-02-07T17:36:00+00:00","article_modified_time":"2024-01-30T11:10:16+00:00","og_image":[{"width":300,"height":412,"url":"https:\/\/www.iemj.org\/wp-content\/uploads\/2012\/02\/arton409.jpg","type":"image\/jpeg"}],"author":"Herv\u00e9 Roten","twitter_card":"summary_large_image","twitter_misc":{"Scritto da":"Herv\u00e9 Roten","Tempo di lettura stimato":"2 minuti"},"schema":{"@context":"https:\/\/schema.org","@graph":[{"@type":"Article","@id":"https:\/\/www.iemj.org\/it\/chants-judeo-comtadins-pardes\/#article","isPartOf":{"@id":"https:\/\/www.iemj.org\/it\/chants-judeo-comtadins-pardes\/"},"author":{"name":"Herv\u00e9 Roten","@id":"https:\/\/www.iemj.org\/it\/#\/schema\/person\/906134402c29d5c76e7b726261dd4bbd"},"headline":"Canti giudeo-comtadini pardes (dal paradiso)","datePublished":"2012-02-07T17:36:00+00:00","dateModified":"2024-01-30T11:10:16+00:00","mainEntityOfPage":{"@id":"https:\/\/www.iemj.org\/it\/chants-judeo-comtadins-pardes\/"},"wordCount":220,"publisher":{"@id":"https:\/\/www.iemj.org\/it\/#organization"},"image":{"@id":"https:\/\/www.iemj.org\/it\/chants-judeo-comtadins-pardes\/#primaryimage"},"thumbnailUrl":"https:\/\/www.iemj.org\/wp-content\/uploads\/2012\/02\/arton409.jpg","keywords":["Eventi partner"],"articleSection":["Concerti","Manifestazioni"],"inLanguage":"it-IT"},{"@type":"WebPage","@id":"https:\/\/www.iemj.org\/it\/chants-judeo-comtadins-pardes\/","url":"https:\/\/www.iemj.org\/it\/chants-judeo-comtadins-pardes\/","name":"Canti giudeo-comtadini pardes (dal paradiso) - Institut Europ\u00e9en des Musiques Juives","isPartOf":{"@id":"https:\/\/www.iemj.org\/it\/#website"},"primaryImageOfPage":{"@id":"https:\/\/www.iemj.org\/it\/chants-judeo-comtadins-pardes\/#primaryimage"},"image":{"@id":"https:\/\/www.iemj.org\/it\/chants-judeo-comtadins-pardes\/#primaryimage"},"thumbnailUrl":"https:\/\/www.iemj.org\/wp-content\/uploads\/2012\/02\/arton409.jpg","datePublished":"2012-02-07T17:36:00+00:00","dateModified":"2024-01-30T11:10:16+00:00","breadcrumb":{"@id":"https:\/\/www.iemj.org\/it\/chants-judeo-comtadins-pardes\/#breadcrumb"},"inLanguage":"it-IT","potentialAction":[{"@type":"ReadAction","target":["https:\/\/www.iemj.org\/it\/chants-judeo-comtadins-pardes\/"]}]},{"@type":"ImageObject","inLanguage":"it-IT","@id":"https:\/\/www.iemj.org\/it\/chants-judeo-comtadins-pardes\/#primaryimage","url":"https:\/\/www.iemj.org\/wp-content\/uploads\/2012\/02\/arton409.jpg","contentUrl":"https:\/\/www.iemj.org\/wp-content\/uploads\/2012\/02\/arton409.jpg","width":300,"height":412},{"@type":"BreadcrumbList","@id":"https:\/\/www.iemj.org\/it\/chants-judeo-comtadins-pardes\/#breadcrumb","itemListElement":[{"@type":"ListItem","position":1,"name":"Accueil","item":"https:\/\/www.iemj.org\/it\/"},{"@type":"ListItem","position":2,"name":"Canti giudeo-comtadini pardes (dal paradiso)"}]},{"@type":"WebSite","@id":"https:\/\/www.iemj.org\/it\/#website","url":"https:\/\/www.iemj.org\/it\/","name":"Institut Europ\u00e9en des Musiques Juives","description":"Des traditions musicales \u00e0 la port\u00e9e de tous","publisher":{"@id":"https:\/\/www.iemj.org\/it\/#organization"},"potentialAction":[{"@type":"SearchAction","target":{"@type":"EntryPoint","urlTemplate":"https:\/\/www.iemj.org\/it\/?s={search_term_string}"},"query-input":{"@type":"PropertyValueSpecification","valueRequired":true,"valueName":"search_term_string"}}],"inLanguage":"it-IT"},{"@type":"Organization","@id":"https:\/\/www.iemj.org\/it\/#organization","name":"Institut Europ\u00e9en des Musiques Juives","url":"https:\/\/www.iemj.org\/it\/","logo":{"@type":"ImageObject","inLanguage":"it-IT","@id":"https:\/\/www.iemj.org\/it\/#\/schema\/logo\/image\/","url":"https:\/\/www.iemj.org\/wp-content\/uploads\/2021\/09\/Logo-IEMJ-Paypal.jpg","contentUrl":"https:\/\/www.iemj.org\/wp-content\/uploads\/2021\/09\/Logo-IEMJ-Paypal.jpg","width":150,"height":50,"caption":"Institut Europ\u00e9en des Musiques Juives"},"image":{"@id":"https:\/\/www.iemj.org\/it\/#\/schema\/logo\/image\/"},"sameAs":["https:\/\/www.facebook.com\/MusiquesJuives\/","https:\/\/www.instagram.com\/musiquesjuives\/","https:\/\/www.youtube.com\/user\/musiquesjuives"]},{"@type":"Person","@id":"https:\/\/www.iemj.org\/it\/#\/schema\/person\/906134402c29d5c76e7b726261dd4bbd","name":"Herv\u00e9 Roten","image":{"@type":"ImageObject","inLanguage":"it-IT","@id":"https:\/\/secure.gravatar.com\/avatar\/f96ad2db538a26481f18384936b5cd0610c92d390c4dc382209216d455f685ff?s=96&d=mm&r=g","url":"https:\/\/secure.gravatar.com\/avatar\/f96ad2db538a26481f18384936b5cd0610c92d390c4dc382209216d455f685ff?s=96&d=mm&r=g","contentUrl":"https:\/\/secure.gravatar.com\/avatar\/f96ad2db538a26481f18384936b5cd0610c92d390c4dc382209216d455f685ff?s=96&d=mm&r=g","caption":"Herv\u00e9 Roten"}}]}},"_links":{"self":[{"href":"https:\/\/www.iemj.org\/it\/wp-json\/wp\/v2\/posts\/108509","targetHints":{"allow":["GET"]}}],"collection":[{"href":"https:\/\/www.iemj.org\/it\/wp-json\/wp\/v2\/posts"}],"about":[{"href":"https:\/\/www.iemj.org\/it\/wp-json\/wp\/v2\/types\/post"}],"author":[{"embeddable":true,"href":"https:\/\/www.iemj.org\/it\/wp-json\/wp\/v2\/users\/1045"}],"replies":[{"embeddable":true,"href":"https:\/\/www.iemj.org\/it\/wp-json\/wp\/v2\/comments?post=108509"}],"version-history":[{"count":0,"href":"https:\/\/www.iemj.org\/it\/wp-json\/wp\/v2\/posts\/108509\/revisions"}],"wp:featuredmedia":[{"embeddable":true,"href":"https:\/\/www.iemj.org\/it\/wp-json\/wp\/v2\/media\/108510"}],"wp:attachment":[{"href":"https:\/\/www.iemj.org\/it\/wp-json\/wp\/v2\/media?parent=108509"}],"wp:term":[{"taxonomy":"category","embeddable":true,"href":"https:\/\/www.iemj.org\/it\/wp-json\/wp\/v2\/categories?post=108509"},{"taxonomy":"post_tag","embeddable":true,"href":"https:\/\/www.iemj.org\/it\/wp-json\/wp\/v2\/tags?post=108509"},{"taxonomy":"technique","embeddable":true,"href":"https:\/\/www.iemj.org\/it\/wp-json\/wp\/v2\/technique?post=108509"},{"taxonomy":"squelettes","embeddable":true,"href":"https:\/\/www.iemj.org\/it\/wp-json\/wp\/v2\/squelettes?post=108509"},{"taxonomy":"sujet","embeddable":true,"href":"https:\/\/www.iemj.org\/it\/wp-json\/wp\/v2\/sujet?post=108509"},{"taxonomy":"formation","embeddable":true,"href":"https:\/\/www.iemj.org\/it\/wp-json\/wp\/v2\/formation?post=108509"},{"taxonomy":"genre","embeddable":true,"href":"https:\/\/www.iemj.org\/it\/wp-json\/wp\/v2\/genre?post=108509"},{"taxonomy":"fonds","embeddable":true,"href":"https:\/\/www.iemj.org\/it\/wp-json\/wp\/v2\/fonds?post=108509"},{"taxonomy":"tradition","embeddable":true,"href":"https:\/\/www.iemj.org\/it\/wp-json\/wp\/v2\/tradition?post=108509"},{"taxonomy":"type-de-contenu","embeddable":true,"href":"https:\/\/www.iemj.org\/it\/wp-json\/wp\/v2\/type-de-contenu?post=108509"},{"taxonomy":"interprete-compositeur","embeddable":true,"href":"https:\/\/www.iemj.org\/it\/wp-json\/wp\/v2\/interprete-compositeur?post=108509"},{"taxonomy":"frise","embeddable":true,"href":"https:\/\/www.iemj.org\/it\/wp-json\/wp\/v2\/frise?post=108509"},{"taxonomy":"type-devenement","embeddable":true,"href":"https:\/\/www.iemj.org\/it\/wp-json\/wp\/v2\/type-devenement?post=108509"},{"taxonomy":"tableaux-liens-externes","embeddable":true,"href":"https:\/\/www.iemj.org\/it\/wp-json\/wp\/v2\/tableaux-liens-externes?post=108509"}],"curies":[{"name":"wp","href":"https:\/\/api.w.org\/{rel}","templated":true}]}}