{"id":108548,"date":"2009-11-10T13:46:00","date_gmt":"2009-11-10T12:46:00","guid":{"rendered":"https:\/\/www.iemj.org\/concert-et-conference-kol-nidre-paris\/"},"modified":"2024-01-30T15:31:44","modified_gmt":"2024-01-30T14:31:44","slug":"concert-et-conference-kol-nidre-paris","status":"publish","type":"post","link":"https:\/\/www.iemj.org\/it\/concert-et-conference-kol-nidre-paris\/","title":{"rendered":"Concerto e conferenza Kol Nidr\u00e9 (Parigi)"},"content":{"rendered":"<p class=\"post_excerpt\">18 e 22 novembre 2009<\/p>\n<p><!--more--><br \/>Il Centre Fran\u00e7ais des Musiques Juives e le 4 comunit\u00e0 liberali di Parigi (ULIF, MJLF, CJL, KG) sono lieti di invitarvi ad un concerto eccezionale intorno al <strong>KOL NIDRE<\/strong>.<\/p>\n<p>In questa occasione verranno eseguite 8 versioni musicali della famosa preghiera di apertura dello Yom Kippur, tra cui 3 prime mondiali:<\/p>\n<p>&#8211; Il tradizionale Kol Nidre nella notazione creata da Samuel David alla fine del XIX secolo, con solista (baritono), coro a 4 voci ed organo.<\/p>\n<p>&#8211; Kol Nidr\u00e9 di Jean-Fran\u00e7ois Zygel, composizione per violoncello e pianoforte<\/p>\n<p>&#8211; Kol Nidr\u00e9, adagio su temi ebraici di Max Bruch, celebre opera per violoncello e pianoforte<\/p>\n<p>&#8211; Kol Nidr\u00e9 di John Zorn, compositore probabilmente pi\u00f9 noto come sassofonista jazz, il cui &#8220;Kol Nidr\u00e9&#8221; \u00e8 un quartetto d&#8217;archi dalle risonanze sospese e misteriose.<\/p>\n<p>&#8211; Sonata Kol Nidrei di Nicolas Bacri, op. 76, scritta nel 2002, per violino solo.<\/p>\n<p>Infine, tre opere in prima mondiale, commissionate dall&#8217;ULIF ai compositori Ita\u00ef Daniel, Serge Kaufmann e Graciane Finzi. In queste tre opere \u00e8 presente il tema tradizionale, pi\u00f9 o meno riconoscibile.<\/p>\n<p>&#8211; Kol Nidr\u00e9 di Ita\u00ef Daniel \u00e8 scritto per tenore solo, coro a 4 voci, clarinetto e quartetto d&#8217;archi.<\/p>\n<p>&#8211; Il Kol Nidr\u00e9 di Serge Kaufmann utilizza la stessa formazione, senza voce solista, ma con l&#8217;aggiunta di pianoforte e contrabbasso.<\/p>\n<p>&#8211; Il brano di Graciane Finzi (Cr\u00e9puscule du Kol Nidr\u00e9) \u00e8 un tema e variazioni per violoncello solo.<\/p>\n<p><strong>Mercoled\u00ec 18 novembre 2009<\/strong>: conferenza (ore 19.30) e concerto (ore 21.00)<br \/>Il concerto sar\u00e0 preceduto da una conferenza, alla presenza dei compositori, moderata dal rabbino Michael Williams (ULIF), durante la quale il rabbino Delphine Horvilleur (MJLF), Herv\u00e9 Roten (CFMJ) e Bruno Fraitag (ULIF) presenteranno la preghiera del Kol Nidr\u00e9 nella sua dimensione storica, liturgica e musicale.<\/p>\n<p><strong>Domenica 22 novembre 2009<\/strong>: concerto (ore 18.00)<\/p>\n<p><em><strong>Localit\u00e0:<\/strong> <\/em> Union lib\u00e9rale isra\u00e9lite de France<br \/>24 rue Copernic \u2013 75116 Parigi<br \/>Metro : Boissi\u00e8re o Victor Hugo<\/p>\n<p><strong>Prezzo del biglietto<\/strong>: 25 \u20ac; soci ULIF, MJLF, CJL, KG, CFMJ: 20 \u20ac.<\/p>\n<p>Biglietti e informazioni: ULIF allo 01 47 04 37 27 o MJLF allo 01 44 37 48 48<\/p>\n<p><strong><a href=\"https:\/\/www.iemj.org\/it\/kol-nidre\/\" target=\"_blank\" rel=\"noopener\">Guardare una parte della conferenza filmata ed un estratto del concerto <em>Kol Nidr\u00e9<\/em> di Max Bruch<\/a><\/strong><br \/><a href=\"https:\/\/www.iemj.org\/it\/kol-nidre\/\"><img decoding=\"async\" class=\" alignleft size-full wp-image-2949\" src=\"https:\/\/www.iemj.org\/wp-content\/uploads\/2010\/03\/logo_clap_video.jpg\" alt=\"logo_clap_video.jpg\" width=\"90\" height=\"93\" align=\"left\" \/><\/a><\/p>\n\n\n<p><\/p>\n\n\n\n<p><\/p>\n\n\n\n<p><\/p>\n\n\n\n<p><a href=\"https:\/\/www.iemj.org\/it\/produit\/kol-nidre-huit-visions\/\" target=\"_blank\" rel=\"noreferrer noopener\"><strong>Ordinare il CD\u00a0<em>Kol Nidre huit visions nel negozio online dell&#8217;IEMJ<\/em><\/strong><\/a><\/p>\n","protected":false},"excerpt":{"rendered":"<p>18 e 22 novembre 2009<\/p>\n","protected":false},"author":1046,"featured_media":108549,"comment_status":"closed","ping_status":"open","sticky":false,"template":"","format":"standard","meta":{"_acf_changed":false,"footnotes":""},"categories":[1379,1371],"tags":[3421],"technique":[],"squelettes":[],"sujet":[1759],"formation":[],"genre":[],"fonds":[],"tradition":[],"type-de-contenu":[],"interprete-compositeur":[],"frise":[],"type-devenement":[],"tableaux-liens-externes":[],"class_list":["post-108548","post","type-post","status-publish","format-standard","has-post-thumbnail","hentry","category-concerti-manifestazioni-it","category-manifestazioni-it","tag-eventi-partner-it","sujet-yom-kippur-it"],"acf":[],"yoast_head":"<!-- This site is optimized with the Yoast SEO plugin v27.3 - https:\/\/yoast.com\/product\/yoast-seo-wordpress\/ -->\n<title>Concerto e conferenza Kol Nidr\u00e9 (Parigi) - Institut Europ\u00e9en des Musiques Juives<\/title>\n<meta name=\"robots\" content=\"index, follow, max-snippet:-1, max-image-preview:large, max-video-preview:-1\" \/>\n<link rel=\"canonical\" href=\"https:\/\/www.iemj.org\/it\/concert-et-conference-kol-nidre-paris\/\" \/>\n<meta property=\"og:locale\" content=\"it_IT\" \/>\n<meta property=\"og:type\" content=\"article\" \/>\n<meta property=\"og:title\" content=\"Concerto e conferenza Kol Nidr\u00e9 (Parigi) - Institut Europ\u00e9en des Musiques Juives\" \/>\n<meta property=\"og:description\" content=\"18 e 22 novembre 2009\" \/>\n<meta property=\"og:url\" content=\"https:\/\/www.iemj.org\/it\/concert-et-conference-kol-nidre-paris\/\" \/>\n<meta property=\"og:site_name\" content=\"Institut Europ\u00e9en des Musiques Juives\" \/>\n<meta property=\"article:publisher\" content=\"https:\/\/www.facebook.com\/MusiquesJuives\/\" \/>\n<meta property=\"article:published_time\" content=\"2009-11-10T12:46:00+00:00\" \/>\n<meta property=\"article:modified_time\" content=\"2024-01-30T14:31:44+00:00\" \/>\n<meta property=\"og:image\" content=\"https:\/\/www.iemj.org\/wp-content\/uploads\/2009\/11\/arton42-e1620121668178.jpg\" \/>\n\t<meta property=\"og:image:width\" content=\"350\" \/>\n\t<meta property=\"og:image:height\" content=\"495\" \/>\n\t<meta property=\"og:image:type\" content=\"image\/jpeg\" \/>\n<meta name=\"author\" content=\"Isabelle Jouve\" \/>\n<meta name=\"twitter:card\" content=\"summary_large_image\" \/>\n<meta name=\"twitter:label1\" content=\"Scritto da\" \/>\n\t<meta name=\"twitter:data1\" content=\"Isabelle Jouve\" \/>\n\t<meta name=\"twitter:label2\" content=\"Tempo di lettura stimato\" \/>\n\t<meta name=\"twitter:data2\" content=\"3 minuti\" \/>\n<script type=\"application\/ld+json\" class=\"yoast-schema-graph\">{\"@context\":\"https:\\\/\\\/schema.org\",\"@graph\":[{\"@type\":\"Article\",\"@id\":\"https:\\\/\\\/www.iemj.org\\\/it\\\/concert-et-conference-kol-nidre-paris\\\/#article\",\"isPartOf\":{\"@id\":\"https:\\\/\\\/www.iemj.org\\\/it\\\/concert-et-conference-kol-nidre-paris\\\/\"},\"author\":{\"name\":\"Isabelle Jouve\",\"@id\":\"https:\\\/\\\/www.iemj.org\\\/it\\\/#\\\/schema\\\/person\\\/94283a7f5a8b28a85fdab0ae54777472\"},\"headline\":\"Concerto e conferenza Kol Nidr\u00e9 (Parigi)\",\"datePublished\":\"2009-11-10T12:46:00+00:00\",\"dateModified\":\"2024-01-30T14:31:44+00:00\",\"mainEntityOfPage\":{\"@id\":\"https:\\\/\\\/www.iemj.org\\\/it\\\/concert-et-conference-kol-nidre-paris\\\/\"},\"wordCount\":352,\"publisher\":{\"@id\":\"https:\\\/\\\/www.iemj.org\\\/it\\\/#organization\"},\"image\":{\"@id\":\"https:\\\/\\\/www.iemj.org\\\/it\\\/concert-et-conference-kol-nidre-paris\\\/#primaryimage\"},\"thumbnailUrl\":\"https:\\\/\\\/www.iemj.org\\\/wp-content\\\/uploads\\\/2009\\\/11\\\/arton42-e1620121668178.jpg\",\"keywords\":[\"Eventi partner\"],\"articleSection\":[\"Concerti\",\"Manifestazioni\"],\"inLanguage\":\"it-IT\"},{\"@type\":\"WebPage\",\"@id\":\"https:\\\/\\\/www.iemj.org\\\/it\\\/concert-et-conference-kol-nidre-paris\\\/\",\"url\":\"https:\\\/\\\/www.iemj.org\\\/it\\\/concert-et-conference-kol-nidre-paris\\\/\",\"name\":\"Concerto e conferenza Kol Nidr\u00e9 (Parigi) - Institut Europ\u00e9en des Musiques Juives\",\"isPartOf\":{\"@id\":\"https:\\\/\\\/www.iemj.org\\\/it\\\/#website\"},\"primaryImageOfPage\":{\"@id\":\"https:\\\/\\\/www.iemj.org\\\/it\\\/concert-et-conference-kol-nidre-paris\\\/#primaryimage\"},\"image\":{\"@id\":\"https:\\\/\\\/www.iemj.org\\\/it\\\/concert-et-conference-kol-nidre-paris\\\/#primaryimage\"},\"thumbnailUrl\":\"https:\\\/\\\/www.iemj.org\\\/wp-content\\\/uploads\\\/2009\\\/11\\\/arton42-e1620121668178.jpg\",\"datePublished\":\"2009-11-10T12:46:00+00:00\",\"dateModified\":\"2024-01-30T14:31:44+00:00\",\"breadcrumb\":{\"@id\":\"https:\\\/\\\/www.iemj.org\\\/it\\\/concert-et-conference-kol-nidre-paris\\\/#breadcrumb\"},\"inLanguage\":\"it-IT\",\"potentialAction\":[{\"@type\":\"ReadAction\",\"target\":[\"https:\\\/\\\/www.iemj.org\\\/it\\\/concert-et-conference-kol-nidre-paris\\\/\"]}]},{\"@type\":\"ImageObject\",\"inLanguage\":\"it-IT\",\"@id\":\"https:\\\/\\\/www.iemj.org\\\/it\\\/concert-et-conference-kol-nidre-paris\\\/#primaryimage\",\"url\":\"https:\\\/\\\/www.iemj.org\\\/wp-content\\\/uploads\\\/2009\\\/11\\\/arton42-e1620121668178.jpg\",\"contentUrl\":\"https:\\\/\\\/www.iemj.org\\\/wp-content\\\/uploads\\\/2009\\\/11\\\/arton42-e1620121668178.jpg\",\"width\":350,\"height\":495},{\"@type\":\"BreadcrumbList\",\"@id\":\"https:\\\/\\\/www.iemj.org\\\/it\\\/concert-et-conference-kol-nidre-paris\\\/#breadcrumb\",\"itemListElement\":[{\"@type\":\"ListItem\",\"position\":1,\"name\":\"Accueil\",\"item\":\"https:\\\/\\\/www.iemj.org\\\/it\\\/\"},{\"@type\":\"ListItem\",\"position\":2,\"name\":\"Concerto e conferenza Kol Nidr\u00e9 (Parigi)\"}]},{\"@type\":\"WebSite\",\"@id\":\"https:\\\/\\\/www.iemj.org\\\/it\\\/#website\",\"url\":\"https:\\\/\\\/www.iemj.org\\\/it\\\/\",\"name\":\"Institut Europ\u00e9en des Musiques Juives\",\"description\":\"Des traditions musicales \u00e0 la port\u00e9e de tous\",\"publisher\":{\"@id\":\"https:\\\/\\\/www.iemj.org\\\/it\\\/#organization\"},\"potentialAction\":[{\"@type\":\"SearchAction\",\"target\":{\"@type\":\"EntryPoint\",\"urlTemplate\":\"https:\\\/\\\/www.iemj.org\\\/it\\\/?s={search_term_string}\"},\"query-input\":{\"@type\":\"PropertyValueSpecification\",\"valueRequired\":true,\"valueName\":\"search_term_string\"}}],\"inLanguage\":\"it-IT\"},{\"@type\":\"Organization\",\"@id\":\"https:\\\/\\\/www.iemj.org\\\/it\\\/#organization\",\"name\":\"Institut Europ\u00e9en des Musiques Juives\",\"url\":\"https:\\\/\\\/www.iemj.org\\\/it\\\/\",\"logo\":{\"@type\":\"ImageObject\",\"inLanguage\":\"it-IT\",\"@id\":\"https:\\\/\\\/www.iemj.org\\\/it\\\/#\\\/schema\\\/logo\\\/image\\\/\",\"url\":\"https:\\\/\\\/www.iemj.org\\\/wp-content\\\/uploads\\\/2021\\\/09\\\/Logo-IEMJ-Paypal.jpg\",\"contentUrl\":\"https:\\\/\\\/www.iemj.org\\\/wp-content\\\/uploads\\\/2021\\\/09\\\/Logo-IEMJ-Paypal.jpg\",\"width\":150,\"height\":50,\"caption\":\"Institut Europ\u00e9en des Musiques Juives\"},\"image\":{\"@id\":\"https:\\\/\\\/www.iemj.org\\\/it\\\/#\\\/schema\\\/logo\\\/image\\\/\"},\"sameAs\":[\"https:\\\/\\\/www.facebook.com\\\/MusiquesJuives\\\/\",\"https:\\\/\\\/www.instagram.com\\\/musiquesjuives\\\/\",\"https:\\\/\\\/www.youtube.com\\\/user\\\/musiquesjuives\"]},{\"@type\":\"Person\",\"@id\":\"https:\\\/\\\/www.iemj.org\\\/it\\\/#\\\/schema\\\/person\\\/94283a7f5a8b28a85fdab0ae54777472\",\"name\":\"Isabelle Jouve\",\"image\":{\"@type\":\"ImageObject\",\"inLanguage\":\"it-IT\",\"@id\":\"https:\\\/\\\/secure.gravatar.com\\\/avatar\\\/bc547a31cb8a12b3ffc0f7fcf1f2dbd4fc06e95ad13a451095d8316a6d5a59a6?s=96&d=mm&r=g\",\"url\":\"https:\\\/\\\/secure.gravatar.com\\\/avatar\\\/bc547a31cb8a12b3ffc0f7fcf1f2dbd4fc06e95ad13a451095d8316a6d5a59a6?s=96&d=mm&r=g\",\"contentUrl\":\"https:\\\/\\\/secure.gravatar.com\\\/avatar\\\/bc547a31cb8a12b3ffc0f7fcf1f2dbd4fc06e95ad13a451095d8316a6d5a59a6?s=96&d=mm&r=g\",\"caption\":\"Isabelle Jouve\"}}]}<\/script>\n<!-- \/ Yoast SEO plugin. -->","yoast_head_json":{"title":"Concerto e conferenza Kol Nidr\u00e9 (Parigi) - Institut Europ\u00e9en des Musiques Juives","robots":{"index":"index","follow":"follow","max-snippet":"max-snippet:-1","max-image-preview":"max-image-preview:large","max-video-preview":"max-video-preview:-1"},"canonical":"https:\/\/www.iemj.org\/it\/concert-et-conference-kol-nidre-paris\/","og_locale":"it_IT","og_type":"article","og_title":"Concerto e conferenza Kol Nidr\u00e9 (Parigi) - Institut Europ\u00e9en des Musiques Juives","og_description":"18 e 22 novembre 2009","og_url":"https:\/\/www.iemj.org\/it\/concert-et-conference-kol-nidre-paris\/","og_site_name":"Institut Europ\u00e9en des Musiques Juives","article_publisher":"https:\/\/www.facebook.com\/MusiquesJuives\/","article_published_time":"2009-11-10T12:46:00+00:00","article_modified_time":"2024-01-30T14:31:44+00:00","og_image":[{"width":350,"height":495,"url":"https:\/\/www.iemj.org\/wp-content\/uploads\/2009\/11\/arton42-e1620121668178.jpg","type":"image\/jpeg"}],"author":"Isabelle Jouve","twitter_card":"summary_large_image","twitter_misc":{"Scritto da":"Isabelle Jouve","Tempo di lettura stimato":"3 minuti"},"schema":{"@context":"https:\/\/schema.org","@graph":[{"@type":"Article","@id":"https:\/\/www.iemj.org\/it\/concert-et-conference-kol-nidre-paris\/#article","isPartOf":{"@id":"https:\/\/www.iemj.org\/it\/concert-et-conference-kol-nidre-paris\/"},"author":{"name":"Isabelle Jouve","@id":"https:\/\/www.iemj.org\/it\/#\/schema\/person\/94283a7f5a8b28a85fdab0ae54777472"},"headline":"Concerto e conferenza Kol Nidr\u00e9 (Parigi)","datePublished":"2009-11-10T12:46:00+00:00","dateModified":"2024-01-30T14:31:44+00:00","mainEntityOfPage":{"@id":"https:\/\/www.iemj.org\/it\/concert-et-conference-kol-nidre-paris\/"},"wordCount":352,"publisher":{"@id":"https:\/\/www.iemj.org\/it\/#organization"},"image":{"@id":"https:\/\/www.iemj.org\/it\/concert-et-conference-kol-nidre-paris\/#primaryimage"},"thumbnailUrl":"https:\/\/www.iemj.org\/wp-content\/uploads\/2009\/11\/arton42-e1620121668178.jpg","keywords":["Eventi partner"],"articleSection":["Concerti","Manifestazioni"],"inLanguage":"it-IT"},{"@type":"WebPage","@id":"https:\/\/www.iemj.org\/it\/concert-et-conference-kol-nidre-paris\/","url":"https:\/\/www.iemj.org\/it\/concert-et-conference-kol-nidre-paris\/","name":"Concerto e conferenza Kol Nidr\u00e9 (Parigi) - Institut Europ\u00e9en des Musiques Juives","isPartOf":{"@id":"https:\/\/www.iemj.org\/it\/#website"},"primaryImageOfPage":{"@id":"https:\/\/www.iemj.org\/it\/concert-et-conference-kol-nidre-paris\/#primaryimage"},"image":{"@id":"https:\/\/www.iemj.org\/it\/concert-et-conference-kol-nidre-paris\/#primaryimage"},"thumbnailUrl":"https:\/\/www.iemj.org\/wp-content\/uploads\/2009\/11\/arton42-e1620121668178.jpg","datePublished":"2009-11-10T12:46:00+00:00","dateModified":"2024-01-30T14:31:44+00:00","breadcrumb":{"@id":"https:\/\/www.iemj.org\/it\/concert-et-conference-kol-nidre-paris\/#breadcrumb"},"inLanguage":"it-IT","potentialAction":[{"@type":"ReadAction","target":["https:\/\/www.iemj.org\/it\/concert-et-conference-kol-nidre-paris\/"]}]},{"@type":"ImageObject","inLanguage":"it-IT","@id":"https:\/\/www.iemj.org\/it\/concert-et-conference-kol-nidre-paris\/#primaryimage","url":"https:\/\/www.iemj.org\/wp-content\/uploads\/2009\/11\/arton42-e1620121668178.jpg","contentUrl":"https:\/\/www.iemj.org\/wp-content\/uploads\/2009\/11\/arton42-e1620121668178.jpg","width":350,"height":495},{"@type":"BreadcrumbList","@id":"https:\/\/www.iemj.org\/it\/concert-et-conference-kol-nidre-paris\/#breadcrumb","itemListElement":[{"@type":"ListItem","position":1,"name":"Accueil","item":"https:\/\/www.iemj.org\/it\/"},{"@type":"ListItem","position":2,"name":"Concerto e conferenza Kol Nidr\u00e9 (Parigi)"}]},{"@type":"WebSite","@id":"https:\/\/www.iemj.org\/it\/#website","url":"https:\/\/www.iemj.org\/it\/","name":"Institut Europ\u00e9en des Musiques Juives","description":"Des traditions musicales \u00e0 la port\u00e9e de tous","publisher":{"@id":"https:\/\/www.iemj.org\/it\/#organization"},"potentialAction":[{"@type":"SearchAction","target":{"@type":"EntryPoint","urlTemplate":"https:\/\/www.iemj.org\/it\/?s={search_term_string}"},"query-input":{"@type":"PropertyValueSpecification","valueRequired":true,"valueName":"search_term_string"}}],"inLanguage":"it-IT"},{"@type":"Organization","@id":"https:\/\/www.iemj.org\/it\/#organization","name":"Institut Europ\u00e9en des Musiques Juives","url":"https:\/\/www.iemj.org\/it\/","logo":{"@type":"ImageObject","inLanguage":"it-IT","@id":"https:\/\/www.iemj.org\/it\/#\/schema\/logo\/image\/","url":"https:\/\/www.iemj.org\/wp-content\/uploads\/2021\/09\/Logo-IEMJ-Paypal.jpg","contentUrl":"https:\/\/www.iemj.org\/wp-content\/uploads\/2021\/09\/Logo-IEMJ-Paypal.jpg","width":150,"height":50,"caption":"Institut Europ\u00e9en des Musiques Juives"},"image":{"@id":"https:\/\/www.iemj.org\/it\/#\/schema\/logo\/image\/"},"sameAs":["https:\/\/www.facebook.com\/MusiquesJuives\/","https:\/\/www.instagram.com\/musiquesjuives\/","https:\/\/www.youtube.com\/user\/musiquesjuives"]},{"@type":"Person","@id":"https:\/\/www.iemj.org\/it\/#\/schema\/person\/94283a7f5a8b28a85fdab0ae54777472","name":"Isabelle Jouve","image":{"@type":"ImageObject","inLanguage":"it-IT","@id":"https:\/\/secure.gravatar.com\/avatar\/bc547a31cb8a12b3ffc0f7fcf1f2dbd4fc06e95ad13a451095d8316a6d5a59a6?s=96&d=mm&r=g","url":"https:\/\/secure.gravatar.com\/avatar\/bc547a31cb8a12b3ffc0f7fcf1f2dbd4fc06e95ad13a451095d8316a6d5a59a6?s=96&d=mm&r=g","contentUrl":"https:\/\/secure.gravatar.com\/avatar\/bc547a31cb8a12b3ffc0f7fcf1f2dbd4fc06e95ad13a451095d8316a6d5a59a6?s=96&d=mm&r=g","caption":"Isabelle Jouve"}}]}},"_links":{"self":[{"href":"https:\/\/www.iemj.org\/it\/wp-json\/wp\/v2\/posts\/108548","targetHints":{"allow":["GET"]}}],"collection":[{"href":"https:\/\/www.iemj.org\/it\/wp-json\/wp\/v2\/posts"}],"about":[{"href":"https:\/\/www.iemj.org\/it\/wp-json\/wp\/v2\/types\/post"}],"author":[{"embeddable":true,"href":"https:\/\/www.iemj.org\/it\/wp-json\/wp\/v2\/users\/1046"}],"replies":[{"embeddable":true,"href":"https:\/\/www.iemj.org\/it\/wp-json\/wp\/v2\/comments?post=108548"}],"version-history":[{"count":0,"href":"https:\/\/www.iemj.org\/it\/wp-json\/wp\/v2\/posts\/108548\/revisions"}],"wp:featuredmedia":[{"embeddable":true,"href":"https:\/\/www.iemj.org\/it\/wp-json\/wp\/v2\/media\/108549"}],"wp:attachment":[{"href":"https:\/\/www.iemj.org\/it\/wp-json\/wp\/v2\/media?parent=108548"}],"wp:term":[{"taxonomy":"category","embeddable":true,"href":"https:\/\/www.iemj.org\/it\/wp-json\/wp\/v2\/categories?post=108548"},{"taxonomy":"post_tag","embeddable":true,"href":"https:\/\/www.iemj.org\/it\/wp-json\/wp\/v2\/tags?post=108548"},{"taxonomy":"technique","embeddable":true,"href":"https:\/\/www.iemj.org\/it\/wp-json\/wp\/v2\/technique?post=108548"},{"taxonomy":"squelettes","embeddable":true,"href":"https:\/\/www.iemj.org\/it\/wp-json\/wp\/v2\/squelettes?post=108548"},{"taxonomy":"sujet","embeddable":true,"href":"https:\/\/www.iemj.org\/it\/wp-json\/wp\/v2\/sujet?post=108548"},{"taxonomy":"formation","embeddable":true,"href":"https:\/\/www.iemj.org\/it\/wp-json\/wp\/v2\/formation?post=108548"},{"taxonomy":"genre","embeddable":true,"href":"https:\/\/www.iemj.org\/it\/wp-json\/wp\/v2\/genre?post=108548"},{"taxonomy":"fonds","embeddable":true,"href":"https:\/\/www.iemj.org\/it\/wp-json\/wp\/v2\/fonds?post=108548"},{"taxonomy":"tradition","embeddable":true,"href":"https:\/\/www.iemj.org\/it\/wp-json\/wp\/v2\/tradition?post=108548"},{"taxonomy":"type-de-contenu","embeddable":true,"href":"https:\/\/www.iemj.org\/it\/wp-json\/wp\/v2\/type-de-contenu?post=108548"},{"taxonomy":"interprete-compositeur","embeddable":true,"href":"https:\/\/www.iemj.org\/it\/wp-json\/wp\/v2\/interprete-compositeur?post=108548"},{"taxonomy":"frise","embeddable":true,"href":"https:\/\/www.iemj.org\/it\/wp-json\/wp\/v2\/frise?post=108548"},{"taxonomy":"type-devenement","embeddable":true,"href":"https:\/\/www.iemj.org\/it\/wp-json\/wp\/v2\/type-devenement?post=108548"},{"taxonomy":"tableaux-liens-externes","embeddable":true,"href":"https:\/\/www.iemj.org\/it\/wp-json\/wp\/v2\/tableaux-liens-externes?post=108548"}],"curies":[{"name":"wp","href":"https:\/\/api.w.org\/{rel}","templated":true}]}}