{"id":109259,"date":"2018-10-16T11:16:21","date_gmt":"2018-10-16T09:16:21","guid":{"rendered":"https:\/\/www.iemj.org\/journees-europeennes-de-la-culture-et-du-patrimoine-juifs-en-france-j-e-c-p-j-france\/"},"modified":"2024-02-13T15:25:14","modified_gmt":"2024-02-13T14:25:14","slug":"journees-europeennes-de-la-culture-et-du-patrimoine-juifs-en-france-j-e-c-p-j-france","status":"publish","type":"post","link":"https:\/\/www.iemj.org\/it\/journees-europeennes-de-la-culture-et-du-patrimoine-juifs-en-france-j-e-c-p-j-france\/","title":{"rendered":"Journ\u00e9es Europ\u00e9ennes de la Culture et du Patrimoine Juifs en France (J.E.C.P.J.-France)"},"content":{"rendered":"<p>\u00c8 membro dell&#8217;Associazione europea per la conservazione e la promozione del patrimonio e della cultura ebraica e rappresenta la Francia.<\/p>\n<p>Ha un Collegio dei sindaci di Francia, il cui presidente \u00e8 statutariamente vicepresidente del J.E.C.P.J.-Francia.<\/p>\n<p>Coordina le Giornate europee della cultura ebraica in Francia ed \u00e8 responsabile della creazione e della gestione della sezione francese dell&#8217;Itinerario culturale del patrimonio ebraico, creato sotto l&#8217;egida degli Itinerari culturali del Consiglio dell&#8217;Europa.<\/p>\n<p>Dettagli di contatto :<br \/>\nCOORDINAMENTO FRANCIA<br \/>\nJECPJ Francia<br \/>\nAssociazione ai sensi della legge del 1901<br \/>\nc\/o CBL &#8211; 10 rue Saint Claude &#8211; 75003 Parigi<br \/>\nTel : 01 42 71 68 19<\/p>\n<p><a href=\"http:\/\/www.jecpj-france.com\/\" target=\"_blank\" rel=\"noopener\">Visitare il sito web<\/a><\/p>\n","protected":false},"excerpt":{"rendered":"<p>\u00c8 membro dell&#8217;Associazione europea per la conservazione e la promozione del patrimonio e della cultura ebraica e rappresenta la Francia. Ha un Collegio dei sindaci di Francia, il cui presidente<\/p>\n","protected":false},"author":5,"featured_media":109260,"comment_status":"closed","ping_status":"open","sticky":false,"template":"","format":"standard","meta":{"_acf_changed":false,"footnotes":""},"categories":[1423,2054,1405],"tags":[],"technique":[],"squelettes":[],"sujet":[],"formation":[],"genre":[],"fonds":[],"tradition":[],"type-de-contenu":[],"interprete-compositeur":[],"frise":[],"type-devenement":[],"tableaux-liens-externes":[],"class_list":["post-109259","post","type-post","status-publish","format-standard","has-post-thumbnail","hentry","category-link-esterni-it","category-risorse-online-it","category-scoprire-it"],"acf":[],"yoast_head":"<!-- This site is optimized with the Yoast SEO plugin v27.3 - https:\/\/yoast.com\/product\/yoast-seo-wordpress\/ -->\n<title>Journ\u00e9es Europ\u00e9ennes de la Culture et du Patrimoine Juifs en France (J.E.C.P.J.-France) - Institut Europ\u00e9en des Musiques Juives<\/title>\n<meta name=\"robots\" content=\"index, follow, max-snippet:-1, max-image-preview:large, max-video-preview:-1\" \/>\n<link rel=\"canonical\" href=\"https:\/\/www.iemj.org\/it\/journees-europeennes-de-la-culture-et-du-patrimoine-juifs-en-france-j-e-c-p-j-france\/\" \/>\n<meta property=\"og:locale\" content=\"it_IT\" \/>\n<meta property=\"og:type\" content=\"article\" \/>\n<meta property=\"og:title\" content=\"Journ\u00e9es Europ\u00e9ennes de la Culture et du Patrimoine Juifs en France (J.E.C.P.J.-France) - Institut Europ\u00e9en des Musiques Juives\" \/>\n<meta property=\"og:description\" content=\"\u00c8 membro dell&#8217;Associazione europea per la conservazione e la promozione del patrimonio e della cultura ebraica e rappresenta la Francia. Ha un Collegio dei sindaci di Francia, il cui presidente\" \/>\n<meta property=\"og:url\" content=\"https:\/\/www.iemj.org\/it\/journees-europeennes-de-la-culture-et-du-patrimoine-juifs-en-france-j-e-c-p-j-france\/\" \/>\n<meta property=\"og:site_name\" content=\"Institut Europ\u00e9en des Musiques Juives\" \/>\n<meta property=\"article:publisher\" content=\"https:\/\/www.facebook.com\/MusiquesJuives\/\" \/>\n<meta property=\"article:published_time\" content=\"2018-10-16T09:16:21+00:00\" \/>\n<meta property=\"article:modified_time\" content=\"2024-02-13T14:25:14+00:00\" \/>\n<meta property=\"og:image\" content=\"https:\/\/www.iemj.org\/wp-content\/uploads\/2018\/10\/arton3678.jpg\" \/>\n\t<meta property=\"og:image:width\" content=\"887\" \/>\n\t<meta property=\"og:image:height\" content=\"358\" \/>\n\t<meta property=\"og:image:type\" content=\"image\/jpeg\" \/>\n<meta name=\"author\" content=\"Jacqueline ROTEN\" \/>\n<meta name=\"twitter:card\" content=\"summary_large_image\" \/>\n<meta name=\"twitter:label1\" content=\"Scritto da\" \/>\n\t<meta name=\"twitter:data1\" content=\"Jacqueline ROTEN\" \/>\n\t<meta name=\"twitter:label2\" content=\"Tempo di lettura stimato\" \/>\n\t<meta name=\"twitter:data2\" content=\"1 minuto\" \/>\n<script type=\"application\/ld+json\" class=\"yoast-schema-graph\">{\"@context\":\"https:\\\/\\\/schema.org\",\"@graph\":[{\"@type\":\"Article\",\"@id\":\"https:\\\/\\\/www.iemj.org\\\/it\\\/journees-europeennes-de-la-culture-et-du-patrimoine-juifs-en-france-j-e-c-p-j-france\\\/#article\",\"isPartOf\":{\"@id\":\"https:\\\/\\\/www.iemj.org\\\/it\\\/journees-europeennes-de-la-culture-et-du-patrimoine-juifs-en-france-j-e-c-p-j-france\\\/\"},\"author\":{\"name\":\"Jacqueline ROTEN\",\"@id\":\"https:\\\/\\\/www.iemj.org\\\/it\\\/#\\\/schema\\\/person\\\/358e26c18aca017fcc4cc15437f7279c\"},\"headline\":\"Journ\u00e9es Europ\u00e9ennes de la Culture et du Patrimoine Juifs en France (J.E.C.P.J.-France)\",\"datePublished\":\"2018-10-16T09:16:21+00:00\",\"dateModified\":\"2024-02-13T14:25:14+00:00\",\"mainEntityOfPage\":{\"@id\":\"https:\\\/\\\/www.iemj.org\\\/it\\\/journees-europeennes-de-la-culture-et-du-patrimoine-juifs-en-france-j-e-c-p-j-france\\\/\"},\"wordCount\":121,\"publisher\":{\"@id\":\"https:\\\/\\\/www.iemj.org\\\/it\\\/#organization\"},\"image\":{\"@id\":\"https:\\\/\\\/www.iemj.org\\\/it\\\/journees-europeennes-de-la-culture-et-du-patrimoine-juifs-en-france-j-e-c-p-j-france\\\/#primaryimage\"},\"thumbnailUrl\":\"https:\\\/\\\/www.iemj.org\\\/wp-content\\\/uploads\\\/2018\\\/10\\\/arton3678.jpg\",\"articleSection\":[\"Link esterni\",\"Risorse online\",\"Scoprire\"],\"inLanguage\":\"it-IT\"},{\"@type\":\"WebPage\",\"@id\":\"https:\\\/\\\/www.iemj.org\\\/it\\\/journees-europeennes-de-la-culture-et-du-patrimoine-juifs-en-france-j-e-c-p-j-france\\\/\",\"url\":\"https:\\\/\\\/www.iemj.org\\\/it\\\/journees-europeennes-de-la-culture-et-du-patrimoine-juifs-en-france-j-e-c-p-j-france\\\/\",\"name\":\"Journ\u00e9es Europ\u00e9ennes de la Culture et du Patrimoine Juifs en France (J.E.C.P.J.-France) - Institut Europ\u00e9en des Musiques Juives\",\"isPartOf\":{\"@id\":\"https:\\\/\\\/www.iemj.org\\\/it\\\/#website\"},\"primaryImageOfPage\":{\"@id\":\"https:\\\/\\\/www.iemj.org\\\/it\\\/journees-europeennes-de-la-culture-et-du-patrimoine-juifs-en-france-j-e-c-p-j-france\\\/#primaryimage\"},\"image\":{\"@id\":\"https:\\\/\\\/www.iemj.org\\\/it\\\/journees-europeennes-de-la-culture-et-du-patrimoine-juifs-en-france-j-e-c-p-j-france\\\/#primaryimage\"},\"thumbnailUrl\":\"https:\\\/\\\/www.iemj.org\\\/wp-content\\\/uploads\\\/2018\\\/10\\\/arton3678.jpg\",\"datePublished\":\"2018-10-16T09:16:21+00:00\",\"dateModified\":\"2024-02-13T14:25:14+00:00\",\"breadcrumb\":{\"@id\":\"https:\\\/\\\/www.iemj.org\\\/it\\\/journees-europeennes-de-la-culture-et-du-patrimoine-juifs-en-france-j-e-c-p-j-france\\\/#breadcrumb\"},\"inLanguage\":\"it-IT\",\"potentialAction\":[{\"@type\":\"ReadAction\",\"target\":[\"https:\\\/\\\/www.iemj.org\\\/it\\\/journees-europeennes-de-la-culture-et-du-patrimoine-juifs-en-france-j-e-c-p-j-france\\\/\"]}]},{\"@type\":\"ImageObject\",\"inLanguage\":\"it-IT\",\"@id\":\"https:\\\/\\\/www.iemj.org\\\/it\\\/journees-europeennes-de-la-culture-et-du-patrimoine-juifs-en-france-j-e-c-p-j-france\\\/#primaryimage\",\"url\":\"https:\\\/\\\/www.iemj.org\\\/wp-content\\\/uploads\\\/2018\\\/10\\\/arton3678.jpg\",\"contentUrl\":\"https:\\\/\\\/www.iemj.org\\\/wp-content\\\/uploads\\\/2018\\\/10\\\/arton3678.jpg\",\"width\":887,\"height\":358},{\"@type\":\"BreadcrumbList\",\"@id\":\"https:\\\/\\\/www.iemj.org\\\/it\\\/journees-europeennes-de-la-culture-et-du-patrimoine-juifs-en-france-j-e-c-p-j-france\\\/#breadcrumb\",\"itemListElement\":[{\"@type\":\"ListItem\",\"position\":1,\"name\":\"Accueil\",\"item\":\"https:\\\/\\\/www.iemj.org\\\/it\\\/\"},{\"@type\":\"ListItem\",\"position\":2,\"name\":\"Journ\u00e9es Europ\u00e9ennes de la Culture et du Patrimoine Juifs en France (J.E.C.P.J.-France)\"}]},{\"@type\":\"WebSite\",\"@id\":\"https:\\\/\\\/www.iemj.org\\\/it\\\/#website\",\"url\":\"https:\\\/\\\/www.iemj.org\\\/it\\\/\",\"name\":\"Institut Europ\u00e9en des Musiques Juives\",\"description\":\"Des traditions musicales \u00e0 la port\u00e9e de tous\",\"publisher\":{\"@id\":\"https:\\\/\\\/www.iemj.org\\\/it\\\/#organization\"},\"potentialAction\":[{\"@type\":\"SearchAction\",\"target\":{\"@type\":\"EntryPoint\",\"urlTemplate\":\"https:\\\/\\\/www.iemj.org\\\/it\\\/?s={search_term_string}\"},\"query-input\":{\"@type\":\"PropertyValueSpecification\",\"valueRequired\":true,\"valueName\":\"search_term_string\"}}],\"inLanguage\":\"it-IT\"},{\"@type\":\"Organization\",\"@id\":\"https:\\\/\\\/www.iemj.org\\\/it\\\/#organization\",\"name\":\"Institut Europ\u00e9en des Musiques Juives\",\"url\":\"https:\\\/\\\/www.iemj.org\\\/it\\\/\",\"logo\":{\"@type\":\"ImageObject\",\"inLanguage\":\"it-IT\",\"@id\":\"https:\\\/\\\/www.iemj.org\\\/it\\\/#\\\/schema\\\/logo\\\/image\\\/\",\"url\":\"https:\\\/\\\/www.iemj.org\\\/wp-content\\\/uploads\\\/2021\\\/09\\\/Logo-IEMJ-Paypal.jpg\",\"contentUrl\":\"https:\\\/\\\/www.iemj.org\\\/wp-content\\\/uploads\\\/2021\\\/09\\\/Logo-IEMJ-Paypal.jpg\",\"width\":150,\"height\":50,\"caption\":\"Institut Europ\u00e9en des Musiques Juives\"},\"image\":{\"@id\":\"https:\\\/\\\/www.iemj.org\\\/it\\\/#\\\/schema\\\/logo\\\/image\\\/\"},\"sameAs\":[\"https:\\\/\\\/www.facebook.com\\\/MusiquesJuives\\\/\",\"https:\\\/\\\/www.instagram.com\\\/musiquesjuives\\\/\",\"https:\\\/\\\/www.youtube.com\\\/user\\\/musiquesjuives\"]},{\"@type\":\"Person\",\"@id\":\"https:\\\/\\\/www.iemj.org\\\/it\\\/#\\\/schema\\\/person\\\/358e26c18aca017fcc4cc15437f7279c\",\"name\":\"Jacqueline ROTEN\",\"image\":{\"@type\":\"ImageObject\",\"inLanguage\":\"it-IT\",\"@id\":\"https:\\\/\\\/secure.gravatar.com\\\/avatar\\\/5964256d6c6957de3a3505278957e0fb2a35119ac47ea41827a65301213c810b?s=96&d=mm&r=g\",\"url\":\"https:\\\/\\\/secure.gravatar.com\\\/avatar\\\/5964256d6c6957de3a3505278957e0fb2a35119ac47ea41827a65301213c810b?s=96&d=mm&r=g\",\"contentUrl\":\"https:\\\/\\\/secure.gravatar.com\\\/avatar\\\/5964256d6c6957de3a3505278957e0fb2a35119ac47ea41827a65301213c810b?s=96&d=mm&r=g\",\"caption\":\"Jacqueline ROTEN\"}}]}<\/script>\n<!-- \/ Yoast SEO plugin. -->","yoast_head_json":{"title":"Journ\u00e9es Europ\u00e9ennes de la Culture et du Patrimoine Juifs en France (J.E.C.P.J.-France) - Institut Europ\u00e9en des Musiques Juives","robots":{"index":"index","follow":"follow","max-snippet":"max-snippet:-1","max-image-preview":"max-image-preview:large","max-video-preview":"max-video-preview:-1"},"canonical":"https:\/\/www.iemj.org\/it\/journees-europeennes-de-la-culture-et-du-patrimoine-juifs-en-france-j-e-c-p-j-france\/","og_locale":"it_IT","og_type":"article","og_title":"Journ\u00e9es Europ\u00e9ennes de la Culture et du Patrimoine Juifs en France (J.E.C.P.J.-France) - Institut Europ\u00e9en des Musiques Juives","og_description":"\u00c8 membro dell&#8217;Associazione europea per la conservazione e la promozione del patrimonio e della cultura ebraica e rappresenta la Francia. Ha un Collegio dei sindaci di Francia, il cui presidente","og_url":"https:\/\/www.iemj.org\/it\/journees-europeennes-de-la-culture-et-du-patrimoine-juifs-en-france-j-e-c-p-j-france\/","og_site_name":"Institut Europ\u00e9en des Musiques Juives","article_publisher":"https:\/\/www.facebook.com\/MusiquesJuives\/","article_published_time":"2018-10-16T09:16:21+00:00","article_modified_time":"2024-02-13T14:25:14+00:00","og_image":[{"width":887,"height":358,"url":"https:\/\/www.iemj.org\/wp-content\/uploads\/2018\/10\/arton3678.jpg","type":"image\/jpeg"}],"author":"Jacqueline ROTEN","twitter_card":"summary_large_image","twitter_misc":{"Scritto da":"Jacqueline ROTEN","Tempo di lettura stimato":"1 minuto"},"schema":{"@context":"https:\/\/schema.org","@graph":[{"@type":"Article","@id":"https:\/\/www.iemj.org\/it\/journees-europeennes-de-la-culture-et-du-patrimoine-juifs-en-france-j-e-c-p-j-france\/#article","isPartOf":{"@id":"https:\/\/www.iemj.org\/it\/journees-europeennes-de-la-culture-et-du-patrimoine-juifs-en-france-j-e-c-p-j-france\/"},"author":{"name":"Jacqueline ROTEN","@id":"https:\/\/www.iemj.org\/it\/#\/schema\/person\/358e26c18aca017fcc4cc15437f7279c"},"headline":"Journ\u00e9es Europ\u00e9ennes de la Culture et du Patrimoine Juifs en France (J.E.C.P.J.-France)","datePublished":"2018-10-16T09:16:21+00:00","dateModified":"2024-02-13T14:25:14+00:00","mainEntityOfPage":{"@id":"https:\/\/www.iemj.org\/it\/journees-europeennes-de-la-culture-et-du-patrimoine-juifs-en-france-j-e-c-p-j-france\/"},"wordCount":121,"publisher":{"@id":"https:\/\/www.iemj.org\/it\/#organization"},"image":{"@id":"https:\/\/www.iemj.org\/it\/journees-europeennes-de-la-culture-et-du-patrimoine-juifs-en-france-j-e-c-p-j-france\/#primaryimage"},"thumbnailUrl":"https:\/\/www.iemj.org\/wp-content\/uploads\/2018\/10\/arton3678.jpg","articleSection":["Link esterni","Risorse online","Scoprire"],"inLanguage":"it-IT"},{"@type":"WebPage","@id":"https:\/\/www.iemj.org\/it\/journees-europeennes-de-la-culture-et-du-patrimoine-juifs-en-france-j-e-c-p-j-france\/","url":"https:\/\/www.iemj.org\/it\/journees-europeennes-de-la-culture-et-du-patrimoine-juifs-en-france-j-e-c-p-j-france\/","name":"Journ\u00e9es Europ\u00e9ennes de la Culture et du Patrimoine Juifs en France (J.E.C.P.J.-France) - Institut Europ\u00e9en des Musiques Juives","isPartOf":{"@id":"https:\/\/www.iemj.org\/it\/#website"},"primaryImageOfPage":{"@id":"https:\/\/www.iemj.org\/it\/journees-europeennes-de-la-culture-et-du-patrimoine-juifs-en-france-j-e-c-p-j-france\/#primaryimage"},"image":{"@id":"https:\/\/www.iemj.org\/it\/journees-europeennes-de-la-culture-et-du-patrimoine-juifs-en-france-j-e-c-p-j-france\/#primaryimage"},"thumbnailUrl":"https:\/\/www.iemj.org\/wp-content\/uploads\/2018\/10\/arton3678.jpg","datePublished":"2018-10-16T09:16:21+00:00","dateModified":"2024-02-13T14:25:14+00:00","breadcrumb":{"@id":"https:\/\/www.iemj.org\/it\/journees-europeennes-de-la-culture-et-du-patrimoine-juifs-en-france-j-e-c-p-j-france\/#breadcrumb"},"inLanguage":"it-IT","potentialAction":[{"@type":"ReadAction","target":["https:\/\/www.iemj.org\/it\/journees-europeennes-de-la-culture-et-du-patrimoine-juifs-en-france-j-e-c-p-j-france\/"]}]},{"@type":"ImageObject","inLanguage":"it-IT","@id":"https:\/\/www.iemj.org\/it\/journees-europeennes-de-la-culture-et-du-patrimoine-juifs-en-france-j-e-c-p-j-france\/#primaryimage","url":"https:\/\/www.iemj.org\/wp-content\/uploads\/2018\/10\/arton3678.jpg","contentUrl":"https:\/\/www.iemj.org\/wp-content\/uploads\/2018\/10\/arton3678.jpg","width":887,"height":358},{"@type":"BreadcrumbList","@id":"https:\/\/www.iemj.org\/it\/journees-europeennes-de-la-culture-et-du-patrimoine-juifs-en-france-j-e-c-p-j-france\/#breadcrumb","itemListElement":[{"@type":"ListItem","position":1,"name":"Accueil","item":"https:\/\/www.iemj.org\/it\/"},{"@type":"ListItem","position":2,"name":"Journ\u00e9es Europ\u00e9ennes de la Culture et du Patrimoine Juifs en France (J.E.C.P.J.-France)"}]},{"@type":"WebSite","@id":"https:\/\/www.iemj.org\/it\/#website","url":"https:\/\/www.iemj.org\/it\/","name":"Institut Europ\u00e9en des Musiques Juives","description":"Des traditions musicales \u00e0 la port\u00e9e de tous","publisher":{"@id":"https:\/\/www.iemj.org\/it\/#organization"},"potentialAction":[{"@type":"SearchAction","target":{"@type":"EntryPoint","urlTemplate":"https:\/\/www.iemj.org\/it\/?s={search_term_string}"},"query-input":{"@type":"PropertyValueSpecification","valueRequired":true,"valueName":"search_term_string"}}],"inLanguage":"it-IT"},{"@type":"Organization","@id":"https:\/\/www.iemj.org\/it\/#organization","name":"Institut Europ\u00e9en des Musiques Juives","url":"https:\/\/www.iemj.org\/it\/","logo":{"@type":"ImageObject","inLanguage":"it-IT","@id":"https:\/\/www.iemj.org\/it\/#\/schema\/logo\/image\/","url":"https:\/\/www.iemj.org\/wp-content\/uploads\/2021\/09\/Logo-IEMJ-Paypal.jpg","contentUrl":"https:\/\/www.iemj.org\/wp-content\/uploads\/2021\/09\/Logo-IEMJ-Paypal.jpg","width":150,"height":50,"caption":"Institut Europ\u00e9en des Musiques Juives"},"image":{"@id":"https:\/\/www.iemj.org\/it\/#\/schema\/logo\/image\/"},"sameAs":["https:\/\/www.facebook.com\/MusiquesJuives\/","https:\/\/www.instagram.com\/musiquesjuives\/","https:\/\/www.youtube.com\/user\/musiquesjuives"]},{"@type":"Person","@id":"https:\/\/www.iemj.org\/it\/#\/schema\/person\/358e26c18aca017fcc4cc15437f7279c","name":"Jacqueline ROTEN","image":{"@type":"ImageObject","inLanguage":"it-IT","@id":"https:\/\/secure.gravatar.com\/avatar\/5964256d6c6957de3a3505278957e0fb2a35119ac47ea41827a65301213c810b?s=96&d=mm&r=g","url":"https:\/\/secure.gravatar.com\/avatar\/5964256d6c6957de3a3505278957e0fb2a35119ac47ea41827a65301213c810b?s=96&d=mm&r=g","contentUrl":"https:\/\/secure.gravatar.com\/avatar\/5964256d6c6957de3a3505278957e0fb2a35119ac47ea41827a65301213c810b?s=96&d=mm&r=g","caption":"Jacqueline ROTEN"}}]}},"_links":{"self":[{"href":"https:\/\/www.iemj.org\/it\/wp-json\/wp\/v2\/posts\/109259","targetHints":{"allow":["GET"]}}],"collection":[{"href":"https:\/\/www.iemj.org\/it\/wp-json\/wp\/v2\/posts"}],"about":[{"href":"https:\/\/www.iemj.org\/it\/wp-json\/wp\/v2\/types\/post"}],"author":[{"embeddable":true,"href":"https:\/\/www.iemj.org\/it\/wp-json\/wp\/v2\/users\/5"}],"replies":[{"embeddable":true,"href":"https:\/\/www.iemj.org\/it\/wp-json\/wp\/v2\/comments?post=109259"}],"version-history":[{"count":0,"href":"https:\/\/www.iemj.org\/it\/wp-json\/wp\/v2\/posts\/109259\/revisions"}],"wp:featuredmedia":[{"embeddable":true,"href":"https:\/\/www.iemj.org\/it\/wp-json\/wp\/v2\/media\/109260"}],"wp:attachment":[{"href":"https:\/\/www.iemj.org\/it\/wp-json\/wp\/v2\/media?parent=109259"}],"wp:term":[{"taxonomy":"category","embeddable":true,"href":"https:\/\/www.iemj.org\/it\/wp-json\/wp\/v2\/categories?post=109259"},{"taxonomy":"post_tag","embeddable":true,"href":"https:\/\/www.iemj.org\/it\/wp-json\/wp\/v2\/tags?post=109259"},{"taxonomy":"technique","embeddable":true,"href":"https:\/\/www.iemj.org\/it\/wp-json\/wp\/v2\/technique?post=109259"},{"taxonomy":"squelettes","embeddable":true,"href":"https:\/\/www.iemj.org\/it\/wp-json\/wp\/v2\/squelettes?post=109259"},{"taxonomy":"sujet","embeddable":true,"href":"https:\/\/www.iemj.org\/it\/wp-json\/wp\/v2\/sujet?post=109259"},{"taxonomy":"formation","embeddable":true,"href":"https:\/\/www.iemj.org\/it\/wp-json\/wp\/v2\/formation?post=109259"},{"taxonomy":"genre","embeddable":true,"href":"https:\/\/www.iemj.org\/it\/wp-json\/wp\/v2\/genre?post=109259"},{"taxonomy":"fonds","embeddable":true,"href":"https:\/\/www.iemj.org\/it\/wp-json\/wp\/v2\/fonds?post=109259"},{"taxonomy":"tradition","embeddable":true,"href":"https:\/\/www.iemj.org\/it\/wp-json\/wp\/v2\/tradition?post=109259"},{"taxonomy":"type-de-contenu","embeddable":true,"href":"https:\/\/www.iemj.org\/it\/wp-json\/wp\/v2\/type-de-contenu?post=109259"},{"taxonomy":"interprete-compositeur","embeddable":true,"href":"https:\/\/www.iemj.org\/it\/wp-json\/wp\/v2\/interprete-compositeur?post=109259"},{"taxonomy":"frise","embeddable":true,"href":"https:\/\/www.iemj.org\/it\/wp-json\/wp\/v2\/frise?post=109259"},{"taxonomy":"type-devenement","embeddable":true,"href":"https:\/\/www.iemj.org\/it\/wp-json\/wp\/v2\/type-devenement?post=109259"},{"taxonomy":"tableaux-liens-externes","embeddable":true,"href":"https:\/\/www.iemj.org\/it\/wp-json\/wp\/v2\/tableaux-liens-externes?post=109259"}],"curies":[{"name":"wp","href":"https:\/\/api.w.org\/{rel}","templated":true}]}}