{"id":110937,"date":"2024-04-03T15:11:55","date_gmt":"2024-04-03T13:11:55","guid":{"rendered":"https:\/\/www.iemj.org\/el-medioni-maurice-1928-2024\/"},"modified":"2024-04-09T17:25:43","modified_gmt":"2024-04-09T15:25:43","slug":"el-medioni-maurice-1928-2024","status":"publish","type":"post","link":"https:\/\/www.iemj.org\/it\/el-medioni-maurice-1928-2024\/","title":{"rendered":"El M\u00e9dioni, Maurice (1928-2024)"},"content":{"rendered":"<p>Nato il 18 ottobre 1928 a Orano (Algeria), in una delle vivaci strade del derb al yahoud (quartiere ebraico), Maurice El M\u00e9dioni si immerge fin da piccolo nella musica orientale dei caff\u00e8. Suo zio, Messaoud M\u00e9dioni, noto come Saoud l&#8217;Oranais, gestiva un caff\u00e8-cabaret dove suonava il violino, componeva e cantava e nel quale debutt\u00f2 la cantante Sultana Daoud, che in seguito prese lo pseudonimo di Reinette l&#8217;oranaise.<\/p>\n<p><em><img fetchpriority=\"high\" decoding=\"async\" class=\" wp-image-110801 alignright\" src=\"https:\/\/www.iemj.org\/wp-content\/uploads\/2024\/04\/01_Saoud-lOranais-et-Reinette-282x300.jpg\" alt=\"\" width=\"233\" height=\"248\" srcset=\"https:\/\/www.iemj.org\/wp-content\/uploads\/2024\/04\/01_Saoud-lOranais-et-Reinette-282x300.jpg 282w, https:\/\/www.iemj.org\/wp-content\/uploads\/2024\/04\/01_Saoud-lOranais-et-Reinette.jpg 457w\" sizes=\"(max-width: 233px) 100vw, 233px\" \/>&#8220;Ma la musica non mi \u00e8 arrivata attraverso di lui&#8221;, h<\/em>a raccontato in seguito Maurice El M\u00e9dioni.<em> &#8220;Mio padre mor\u00ec nel 1935, quando avevo 7 anni, e noi eravamo quattro figli cresciuti da una madre con scarse risorse. Quando avevo 9 anni, mio fratello maggiore torn\u00f2 dal mercato delle pulci con un vecchio pianoforte. Quello fu il giorno pi\u00f9 felice della mia vita. Mi piaceva cantare: Tino Rossi, ma anche Trenet&#8221; (&#8230;) &#8220;Il pianoforte era difficile? Per niente. &#8220;Ho imparato in una settimana. C&#8217;era un rapporto assoluto tra le mie dita ed il mio cervello.&#8221; <\/em><span class=\"footnote_referrer\"><a role=\"button\" tabindex=\"0\" onclick=\"footnote_moveToReference_110937_1('footnote_plugin_reference_110937_1_1');\" onkeypress=\"footnote_moveToReference_110937_1('footnote_plugin_reference_110937_1_1');\" ><sup id=\"footnote_plugin_tooltip_110937_1_1\" class=\"footnote_plugin_tooltip_text\">[1]<\/sup><\/a><span id=\"footnote_plugin_tooltip_text_110937_1_1\" class=\"footnote_tooltip\">V\u00e9ronique Mortaigne, &#8220;Maurice El M\u00e9dioni, le piano \u00e0 l&#8217;arabesque&#8221;, Le Monde, 27 giugno 2003<\/span><\/span><script type=\"text\/javascript\"> jQuery('#footnote_plugin_tooltip_110937_1_1').tooltip({ tip: '#footnote_plugin_tooltip_text_110937_1_1', tipClass: 'footnote_tooltip', effect: 'fade', predelay: 0, fadeInSpeed: 200, delay: 400, fadeOutSpeed: 200, position: 'top center', relative: true, offset: [-7, 0], });<\/script><\/p>\n<p>Come pianista, Maurice era regolarmente invitato dai suoi compagni di scuola a suonare alle feste ed ai compleanni. Ma l&#8217;8 novembre 1942 gli americani sbarcano in Nord Africa. Dotato di un innato senso della musica, dell&#8217;improvvisazione e dell&#8217;accompagnamento, Maurice, a soli 14 anni, frequenta i bar americani dove viene introdotto al boogie-woogie ed alla musica country insieme a soldati afroamericani e texani. Incontra anche soldati portoricani che gli insegnano la rumba ed il cha-cha-<strong><img decoding=\"async\" class=\"wp-image-110806 alignleft\" src=\"https:\/\/www.iemj.org\/wp-content\/uploads\/2024\/04\/02_Oran-1951-la-maison-Medioni-tailleur-204x300.jpg\" alt=\"\" width=\"162\" height=\"238\" srcset=\"https:\/\/www.iemj.org\/wp-content\/uploads\/2024\/04\/02_Oran-1951-la-maison-Medioni-tailleur-204x300.jpg 204w, https:\/\/www.iemj.org\/wp-content\/uploads\/2024\/04\/02_Oran-1951-la-maison-Medioni-tailleur.jpg 218w\" sizes=\"(max-width: 162px) 100vw, 162px\" \/><\/strong>cha. Dopo la partenza degli americani nel 1945, <strong>Maurice riprende il mestiere di sarto del padre<\/strong>, pur continuando ad esibirsi di tanto in tanto nei caff\u00e8.<\/p>\n<p>Un giorno, intorno al 1947-48, &#8220;<em>stavo suonando al Caf\u00e9 Salvat. Passarono tre nordafricani, musicisti di strada con derbouka e tamburello. Quella sera suonammo insieme. In pochi minuti il bar era pieno, la musica araba si era appena unita al jazz ed al cha-cha-cha!<\/em>&#8220;.<span class=\"footnote_referrer\"><a role=\"button\" tabindex=\"0\" onclick=\"footnote_moveToReference_110937_1('footnote_plugin_reference_110937_1_2');\" onkeypress=\"footnote_moveToReference_110937_1('footnote_plugin_reference_110937_1_2');\" ><sup id=\"footnote_plugin_tooltip_110937_1_2\" class=\"footnote_plugin_tooltip_text\">[2]<\/sup><\/a><span id=\"footnote_plugin_tooltip_text_110937_1_2\" class=\"footnote_tooltip\">V\u00e9ronique Mortaigne, op. cit.<\/span><\/span><script type=\"text\/javascript\"> jQuery('#footnote_plugin_tooltip_110937_1_2').tooltip({ tip: '#footnote_plugin_tooltip_text_110937_1_2', tipClass: 'footnote_tooltip', effect: 'fade', predelay: 0, fadeInSpeed: 200, delay: 400, fadeOutSpeed: 200, position: 'top center', relative: true, offset: [-7, 0], });<\/script><\/p>\n<p>Con i suoi amici musicisti &#8211; Hamida Guerbi, Amar Ben Amar e Kaddouri Bensmir &#8211; Maurice ha mantenuto occupato il Caf\u00e9 Salvat&#8230; &#8220;Fino al giorno in cui il musicista Blaoui Houari gli ha chiesto di entrare a far parte dell&#8217;orchestra orientale dell&#8217;Opera di Orano, diretta da Mahieddine Bachtarzi. [\u2026] A capo di una societ\u00e0 musicale, la Moutribia, Bachtarzi incrementa gli scambi con gli altri Paesi del Maghreb. Maurice accompagner\u00e0 numerosi artisti tunisini in tourn\u00e9e in Algeria. [&#8230;] In Francia ero molto amico di Raoul Journo, ma non abbiamo mai suonato insieme! Tutti i musicisti tunisini di Parigi e dintorni erano miei amici: <a href=\"https:\/\/www.iemj.org\/it\/tounsi-el-kahlaoui-1932-2000\/\">El Kahlaoui Tounsi<\/a>, Maurice Meimoun&#8230;&#8221; <span class=\"footnote_referrer\"><a role=\"button\" tabindex=\"0\" onclick=\"footnote_moveToReference_110937_1('footnote_plugin_reference_110937_1_3');\" onkeypress=\"footnote_moveToReference_110937_1('footnote_plugin_reference_110937_1_3');\" ><sup id=\"footnote_plugin_tooltip_110937_1_3\" class=\"footnote_plugin_tooltip_text\">[3]<\/sup><\/a><span id=\"footnote_plugin_tooltip_text_110937_1_3\" class=\"footnote_tooltip\">Raoul Bella\u00efche, &#8220;Maurice El M\u00e9dioni, cr\u00e9ateur du &#8216;pianoriental'&#8221; &#8211; Intervista a Maurice El M\u00e9dioni, <em>Je chante !<\/em> <em>Magazine <\/em>n. 1, gennaio 2016, p. 61<\/span><\/span><script type=\"text\/javascript\"> jQuery('#footnote_plugin_tooltip_110937_1_3').tooltip({ tip: '#footnote_plugin_tooltip_text_110937_1_3', tipClass: 'footnote_tooltip', effect: 'fade', predelay: 0, fadeInSpeed: 200, delay: 400, fadeOutSpeed: 200, position: 'top center', relative: true, offset: [-7, 0], });<\/script>.<\/p>\n<figure id=\"attachment_110826\" aria-describedby=\"caption-attachment-110826\" style=\"width: 600px\" class=\"wp-caption aligncenter\"><img decoding=\"async\" class=\"wp-image-110826\" src=\"https:\/\/www.iemj.org\/wp-content\/uploads\/2024\/04\/03_Maurice-at-piano-s-dancing-_Page_07-1-copy-avec-Samy-El_Maghribi_redim-1-300x167.jpg\" alt=\"\" width=\"600\" height=\"333\" srcset=\"https:\/\/www.iemj.org\/wp-content\/uploads\/2024\/04\/03_Maurice-at-piano-s-dancing-_Page_07-1-copy-avec-Samy-El_Maghribi_redim-1-300x167.jpg 300w, https:\/\/www.iemj.org\/wp-content\/uploads\/2024\/04\/03_Maurice-at-piano-s-dancing-_Page_07-1-copy-avec-Samy-El_Maghribi_redim-1.jpg 600w\" sizes=\"(max-width: 600px) 100vw, 600px\" \/><figcaption id=\"caption-attachment-110826\" class=\"wp-caption-text\"><strong>El Medioni (at piano, rear) performs with the Moroccan Jewish superstar Samy Elmaghribi (at microphone) in the 1950s. (Courtesy of Maurice El Medioni Family Archive)<\/strong><\/figcaption><\/figure>\n<p>Nel 1961, Maurice El M\u00e9dioni lasci\u00f2 l&#8217;Algeria per emigrare in Israele, dove rimase per qualche mese prima di stabilirsi a Parigi nel 1962, dove talvolta suonava a feste, bar mitzvah e matrimoni. Nel 1967 decise di tornare al sole mediterraneo di Marsiglia, dove apr\u00ec un negozio di abbigliamento insieme al fratello. Occasionalmente, su espressa richiesta di <a href=\"https:\/\/www.iemj.org\/it\/monty-line-1926-2003\/\">Line Monty<\/a>, tornava a Parigi per accompagnarla al pianoforte.<\/p>\n<figure id=\"attachment_110836\" aria-describedby=\"caption-attachment-110836\" style=\"width: 600px\" class=\"wp-caption aligncenter\"><img loading=\"lazy\" decoding=\"async\" class=\"wp-image-110836\" src=\"https:\/\/www.iemj.org\/wp-content\/uploads\/2024\/04\/04_K7_Line-Monty-accpgt-et-compo-Medioni_K7_1737_redim-300x186.jpg\" alt=\"\" width=\"600\" height=\"372\" srcset=\"https:\/\/www.iemj.org\/wp-content\/uploads\/2024\/04\/04_K7_Line-Monty-accpgt-et-compo-Medioni_K7_1737_redim-300x186.jpg 300w, https:\/\/www.iemj.org\/wp-content\/uploads\/2024\/04\/04_K7_Line-Monty-accpgt-et-compo-Medioni_K7_1737_redim.jpg 600w\" sizes=\"(max-width: 600px) 100vw, 600px\" \/><figcaption id=\"caption-attachment-110836\" class=\"wp-caption-text\"><strong>Line Monty &amp; Maurice El M\u00e9dioni<\/strong><\/figcaption><\/figure>\n<p>Nel 1985 abbandona l&#8217;attivit\u00e0 di sarto, che aveva gestito per 42 anni, per dedicarsi interamente alla musica. Si esibisce regolarmente con Reinette l&#8217;Oranaise, Lili Boniche e Blond-Blond, pur mantenendo uno stretto legame con Line Monty.<\/p>\n<p>Negli anni &#8217;90, Michel L\u00e9vy, che aveva acquistato il catalogo <a href=\"https:\/\/www.iemj.org\/it\/le-label-dounia\/\">Dounia<\/a> da El Kahlaoui Tounsi, produce con Bruno Barre diversi CD con Lili Boniche, Blond-Blond, Reinette l&#8217;Oranaise, Line Monty, Luc Cherki, Ren\u00e9 Perez&#8230; in una raccolta intitolata &#8220;Tr\u00e9sors de la chanson jud\u00e9o-arabe&#8221; (Ed. M\u00e9lodie Distribution). Questi CD, successivamente ristampati da <a href=\"https:\/\/www.budamusique.com\/fr\">Buda Musique<\/a>, riportarono in auge i principali artisti della canzone franco-araba o franco-orientale, talvolta accompagnati al pianoforte da Maurice El M\u00e9dioni o cantando opere dello stesso. Nel 1992, la serata inaugurale del Festival di Montpellier-Danse ha visto la partecipazione di Line Monty, Lili Boniche e Reinette l&#8217;Oranaise. La carriera di Maurice El M\u00e9dioni decolla nuovamente, sia sul palcoscenico che negli studi di registrazione. Nel 1996, l&#8217;etichetta <a href=\"https:\/\/www.piranha.de\/piranha_arts_ag\/news\/piranha_news\/r_i_p_maurice_el\">Piranha<\/a> pubblica un CD <em>Caf\u00e9 Oran \u2013 Maurice El M\u00e9dioni et son PianOriental<\/em>, in cui suona con i Klezmatics. Nel 2000 registra <em>Sama\u00ef Andalou \u2013 <img loading=\"lazy\" decoding=\"async\" class=\"size-medium wp-image-110846 alignleft\" src=\"https:\/\/www.iemj.org\/wp-content\/uploads\/2024\/04\/05_CD-Maurice-El-Medioni-meets-Roberto-Rodriguez_CD_348_redim-298x300.jpg\" alt=\"\" width=\"298\" height=\"300\" srcset=\"https:\/\/www.iemj.org\/wp-content\/uploads\/2024\/04\/05_CD-Maurice-El-Medioni-meets-Roberto-Rodriguez_CD_348_redim-298x300.jpg 298w, https:\/\/www.iemj.org\/wp-content\/uploads\/2024\/04\/05_CD-Maurice-El-Medioni-meets-Roberto-Rodriguez_CD_348_redim-150x150.jpg 150w, https:\/\/www.iemj.org\/wp-content\/uploads\/2024\/04\/05_CD-Maurice-El-Medioni-meets-Roberto-Rodriguez_CD_348_redim-100x100.jpg 100w, https:\/\/www.iemj.org\/wp-content\/uploads\/2024\/04\/05_CD-Maurice-El-Medioni-meets-Roberto-Rodriguez_CD_348_redim.jpg 397w\" sizes=\"(max-width: 298px) 100vw, 298px\" \/>Arab-Cuban Music<\/em> per Magda et <em>Pianoriental<\/em> per Buda Musique. Nel 2003 pubblica il CD <em>Liturgie Hebra\u00efca &#8211; Andalouse<\/em>. Nel 2004 ha accompagnato Philippe e Jonathan Darmon nel CD <em>Musiques d\u2019hier et de toujours\u2026\u00a0 Grands classiques de la liturgie juive d\u2019Alg\u00e9rie<\/em> (Editions ESDE). Nel 2006 ha registrato con il percussionista cubano Roberto Rodriguez <strong><em>Descarga Oriental: The New York Sessions <\/em><\/strong>(Piranha), che nel 2007 ha vinto il BBC World Music Award nella categoria Culture Crossing. Nel 2007 ha suonato a Marsiglia con l&#8217;orchestra <em>El Gusto<\/em>, che ha riunito veterani ebrei e musulmani della musica popolare algerina Cha\u00e2bi. Nel marzo 2010 si \u00e8 esibito al Th\u00e9\u00e2tre du Vieux Colombier (Parigi) per l&#8217;assegnazione del Premio Francine ed Antoine Bernheim, sotto gli auspici della Fondation du Juda\u00efsme Fran\u00e7ais.<span class=\"footnote_referrer\"><a role=\"button\" tabindex=\"0\" onclick=\"footnote_moveToReference_110937_1('footnote_plugin_reference_110937_1_4');\" onkeypress=\"footnote_moveToReference_110937_1('footnote_plugin_reference_110937_1_4');\" ><sup id=\"footnote_plugin_tooltip_110937_1_4\" class=\"footnote_plugin_tooltip_text\">[4]<\/sup><\/a><span id=\"footnote_plugin_tooltip_text_110937_1_4\" class=\"footnote_tooltip\">Vedere la registrazione di questa cerimonia su <a href=\"https:\/\/akadem.org\/sommaire\/themes\/vie-juive\/vie-politique\/institutions\/remise-du-prix-francine-et-antoine-bernheim-16-03-2010-8072_465\" target=\"_blank\" rel=\"noopener\">Akadem<\/a><\/span><\/span><script type=\"text\/javascript\"> jQuery('#footnote_plugin_tooltip_110937_1_4').tooltip({ tip: '#footnote_plugin_tooltip_text_110937_1_4', tipClass: 'footnote_tooltip', effect: 'fade', predelay: 0, fadeInSpeed: 200, delay: 400, fadeOutSpeed: 200, position: 'top center', relative: true, offset: [-7, 0], });<\/script>. Nel 2012 ha interpretato se stesso nel documentario franco-irlandese-algerino <em>El Gusto<\/em>, prodotto e diretto da Safinez Bousbia.\u00a0Infine, il 27 gennaio 2013, all&#8217;et\u00e0 di 84 anni, ha registrato un concerto dal vivo di due ore al Mus\u00e9e d&#8217;Art et d&#8217;Histoire du Juda\u00efsme <em>Oran-Oran<\/em>, pubblicato ancora una volta da Buda Musique.<\/p>\n<p><img loading=\"lazy\" decoding=\"async\" class=\" wp-image-110851 alignright\" src=\"https:\/\/www.iemj.org\/wp-content\/uploads\/2024\/04\/06_MAURICE-EL-MEDIONI-A-Memoir_redim-189x300.jpg\" alt=\"\" width=\"168\" height=\"266\" srcset=\"https:\/\/www.iemj.org\/wp-content\/uploads\/2024\/04\/06_MAURICE-EL-MEDIONI-A-Memoir_redim-189x300.jpg 189w, https:\/\/www.iemj.org\/wp-content\/uploads\/2024\/04\/06_MAURICE-EL-MEDIONI-A-Memoir_redim.jpg 284w\" sizes=\"(max-width: 168px) 100vw, 168px\" \/>Nel 2011, Maurice El M\u00e9dioni si \u00e8 trasferito a Netanya, non lontano dai suoi due figli, con la moglie, che aveva gravi problemi di salute. Si esibisce in tutto il mondo: Los Angeles, Montreal, Berlino, Mosca&#8230; Ma poco dopo un cancro ai polmoni lo costringe a rallentare il ritmo delle sue tourn\u00e9e. Scrive allora le sue <strong>memorie <\/strong>in un libro intitolato\u00a0<a href=\"https:\/\/repeaterbooks.com\/authors\/maurice-el-medioni\/\"><em><strong>Maurice El M\u00e9dioni, A Memoir: From Oran to Marseille (1936-1990)<\/strong><\/em><\/a> pubblicato nel 2017, prima di trasferirsi in una casa di riposo a Netanya dove muore serenamente luned\u00ec 25 marzo 2024. Fino alla fine della sua vita, Maurice El M\u00e9dioni e la sua famiglia non hanno mai smesso di trasmettere documenti <span class=\"footnote_referrer\"><a role=\"button\" tabindex=\"0\" onclick=\"footnote_moveToReference_110937_1('footnote_plugin_reference_110937_1_5');\" onkeypress=\"footnote_moveToReference_110937_1('footnote_plugin_reference_110937_1_5');\" ><sup id=\"footnote_plugin_tooltip_110937_1_5\" class=\"footnote_plugin_tooltip_text\">[5]<\/sup><\/a><span id=\"footnote_plugin_tooltip_text_110937_1_5\" class=\"footnote_tooltip\">In particolare a Yvonne Kahan ed Ava Bohbot (Chaos Film) che stanno realizzando un documentario, <em>Notes of Exile<\/em>, dedicato a Maurice El M\u00e9dioni.<\/span><\/span><script type=\"text\/javascript\"> jQuery('#footnote_plugin_tooltip_110937_1_5').tooltip({ tip: '#footnote_plugin_tooltip_text_110937_1_5', tipClass: 'footnote_tooltip', effect: 'fade', predelay: 0, fadeInSpeed: 200, delay: 400, fadeOutSpeed: 200, position: 'top center', relative: true, offset: [-7, 0], });<\/script> sulla sua incredibile carriera, che ha segnato la sintesi di stili musicali ritenuti difficilmente conciliabili (Oriente, Jazz, America Latina&#8230;).<\/p>\n<p><img loading=\"lazy\" decoding=\"async\" class=\"wp-image-110875  alignright\" src=\"https:\/\/www.iemj.org\/wp-content\/uploads\/2024\/04\/07_Maurice-El-Medioni-piano-sur-scene-avec-micro_autre-photo-300x217.jpg\" alt=\"\" width=\"253\" height=\"183\" srcset=\"https:\/\/www.iemj.org\/wp-content\/uploads\/2024\/04\/07_Maurice-El-Medioni-piano-sur-scene-avec-micro_autre-photo-300x217.jpg 300w, https:\/\/www.iemj.org\/wp-content\/uploads\/2024\/04\/07_Maurice-El-Medioni-piano-sur-scene-avec-micro_autre-photo.jpg 448w\" sizes=\"(max-width: 253px) 100vw, 253px\" \/>Senza dubbio, se esiste un paradiso con un pianoforte, gli angeli stanno ballando al suono della rumba orientale, sotto il sorriso benevolo di Maurice &#8220;il Mediterraneo&#8221;&#8230;<\/p>\n<ul>\n<li><a href=\"https:\/\/www.iemj.org\/it\/fonds-maurice-el-medioni\/\" target=\"_blank\" rel=\"noopener\">Consultare il dondo degli archivi di Maurice El M\u00e9dioni<\/a><\/li>\n<li><a href=\"https:\/\/www.iemj.org\/it\/oran-oran\/\" target=\"_blank\" rel=\"noopener\">Ascoltare estratti del CD Oran-Oran<\/a><\/li>\n<li><a href=\"https:\/\/www.iemj.org\/it\/chants-des-juifs-dalgerie-1\/\" target=\"_blank\" rel=\"noopener\">Ascoltare la playlist Canti degli Ebrei d&#8217;Algeria (1)<\/a><\/li>\n<li><a href=\"https:\/\/www.iemj.org\/it\/chants-des-juifs-dalgerie-2\/\" target=\"_blank\" rel=\"noopener\">Ascoltare la playlist Canti degli Ebrei d&#8217;Algeria (2)<\/a><\/li>\n<li><a href=\"https:\/\/www.amazon.fr\/Stars-Music-Hall-dAlg%C3%A9rie-inclus\/dp\/B000EMF9N2\" target=\"_blank\" rel=\"noopener\">Comprare il fumetto ed il CD <em>Les stars du music\u2019hall d\u2019Alg\u00e9rie<\/em> di Val\u00e9rie Cohen e Didier Zuili\u00a0<\/a><\/li>\n<\/ul>\n\n\n<div class=\"wp-block-columns is-layout-flex wp-container-core-columns-is-layout-9d6595d7 wp-block-columns-is-layout-flex\">\n<div class=\"wp-block-column is-layout-flow wp-block-column-is-layout-flow\">\n<figure class=\"wp-block-embed is-type-video is-provider-youtube wp-block-embed-youtube wp-embed-aspect-4-3 wp-has-aspect-ratio\"><div class=\"wp-block-embed__wrapper\">\n<iframe title=\"Maurice El M\u00e9dioni - Une musique \u00e0 la crois\u00e9e des chemins\" width=\"640\" height=\"480\" src=\"https:\/\/www.youtube.com\/embed\/Qo10vWbjgI8?feature=oembed\" frameborder=\"0\" allow=\"accelerometer; autoplay; clipboard-write; encrypted-media; gyroscope; picture-in-picture; web-share\" referrerpolicy=\"strict-origin-when-cross-origin\" allowfullscreen><\/iframe>\n<\/div><figcaption class=\"wp-element-caption\"><strong>Maurice El M\u00e9dioni \u2013 Une musique \u00e0 la crois\u00e9e des chemins<\/strong><\/figcaption><\/figure>\n<\/div>\n\n\n\n<div class=\"wp-block-column is-layout-flow wp-block-column-is-layout-flow\">\n<figure class=\"wp-block-embed is-type-video is-provider-youtube wp-block-embed-youtube wp-embed-aspect-4-3 wp-has-aspect-ratio\"><div class=\"wp-block-embed__wrapper\">\n<iframe title=\"Maurice El M\u00e9dioni - La l\u00e9gende du pianoriental\" width=\"640\" height=\"480\" src=\"https:\/\/www.youtube.com\/embed\/DbaQQ3wjwdk?feature=oembed\" frameborder=\"0\" allow=\"accelerometer; autoplay; clipboard-write; encrypted-media; gyroscope; picture-in-picture; web-share\" referrerpolicy=\"strict-origin-when-cross-origin\" allowfullscreen><\/iframe>\n<\/div><figcaption class=\"wp-element-caption\"><strong>Maurice El M\u00e9dioni \u2013 La l\u00e9gende du pianoriental<\/strong><\/figcaption><\/figure>\n<\/div>\n<\/div>\n<div class=\"speaker-mute footnotes_reference_container\"> <div class=\"footnote_container_prepare\"><p><span role=\"button\" tabindex=\"0\" class=\"footnote_reference_container_label pointer\" onclick=\"footnote_expand_collapse_reference_container_110937_1();\">&#x202F;<\/span><span role=\"button\" tabindex=\"0\" class=\"footnote_reference_container_collapse_button\" style=\"display: none;\" onclick=\"footnote_expand_collapse_reference_container_110937_1();\">[<a id=\"footnote_reference_container_collapse_button_110937_1\">+<\/a>]<\/span><\/p><\/div> <div id=\"footnote_references_container_110937_1\" style=\"\"><table class=\"footnotes_table footnote-reference-container\"><caption class=\"accessibility\">References<\/caption> <tbody> \r\n\r\n<tr class=\"footnotes_plugin_reference_row\"> <th scope=\"row\" class=\"footnote_plugin_index_combi pointer\"  onclick=\"footnote_moveToAnchor_110937_1('footnote_plugin_tooltip_110937_1_1');\"><a id=\"footnote_plugin_reference_110937_1_1\" class=\"footnote_backlink\">1<\/a><\/th> <td class=\"footnote_plugin_text\">V\u00e9ronique Mortaigne, &#8220;Maurice El M\u00e9dioni, le piano \u00e0 l&#8217;arabesque&#8221;, Le Monde, 27 giugno 2003<\/td><\/tr>\r\n\r\n<tr class=\"footnotes_plugin_reference_row\"> <th scope=\"row\" class=\"footnote_plugin_index_combi pointer\"  onclick=\"footnote_moveToAnchor_110937_1('footnote_plugin_tooltip_110937_1_2');\"><a id=\"footnote_plugin_reference_110937_1_2\" class=\"footnote_backlink\">2<\/a><\/th> <td class=\"footnote_plugin_text\">V\u00e9ronique Mortaigne, op. cit.<\/td><\/tr>\r\n\r\n<tr class=\"footnotes_plugin_reference_row\"> <th scope=\"row\" class=\"footnote_plugin_index_combi pointer\"  onclick=\"footnote_moveToAnchor_110937_1('footnote_plugin_tooltip_110937_1_3');\"><a id=\"footnote_plugin_reference_110937_1_3\" class=\"footnote_backlink\">3<\/a><\/th> <td class=\"footnote_plugin_text\">Raoul Bella\u00efche, &#8220;Maurice El M\u00e9dioni, cr\u00e9ateur du &#8216;pianoriental'&#8221; &#8211; Intervista a Maurice El M\u00e9dioni, <em>Je chante !<\/em> <em>Magazine <\/em>n. 1, gennaio 2016, p. 61<\/td><\/tr>\r\n\r\n<tr class=\"footnotes_plugin_reference_row\"> <th scope=\"row\" class=\"footnote_plugin_index_combi pointer\"  onclick=\"footnote_moveToAnchor_110937_1('footnote_plugin_tooltip_110937_1_4');\"><a id=\"footnote_plugin_reference_110937_1_4\" class=\"footnote_backlink\">4<\/a><\/th> <td class=\"footnote_plugin_text\">Vedere la registrazione di questa cerimonia su <a href=\"https:\/\/akadem.org\/sommaire\/themes\/vie-juive\/vie-politique\/institutions\/remise-du-prix-francine-et-antoine-bernheim-16-03-2010-8072_465\" target=\"_blank\" rel=\"noopener\">Akadem<\/a><\/td><\/tr>\r\n\r\n<tr class=\"footnotes_plugin_reference_row\"> <th scope=\"row\" class=\"footnote_plugin_index_combi pointer\"  onclick=\"footnote_moveToAnchor_110937_1('footnote_plugin_tooltip_110937_1_5');\"><a id=\"footnote_plugin_reference_110937_1_5\" class=\"footnote_backlink\">5<\/a><\/th> <td class=\"footnote_plugin_text\">In particolare a Yvonne Kahan ed Ava Bohbot (Chaos Film) che stanno realizzando un documentario, <em>Notes of Exile<\/em>, dedicato a Maurice El M\u00e9dioni.<\/td><\/tr>\r\n\r\n <\/tbody> <\/table> <\/div><\/div><script type=\"text\/javascript\"> function footnote_expand_reference_container_110937_1() { jQuery('#footnote_references_container_110937_1').show(); jQuery('#footnote_reference_container_collapse_button_110937_1').text('\u2212'); } function footnote_collapse_reference_container_110937_1() { jQuery('#footnote_references_container_110937_1').hide(); jQuery('#footnote_reference_container_collapse_button_110937_1').text('+'); } function footnote_expand_collapse_reference_container_110937_1() { if (jQuery('#footnote_references_container_110937_1').is(':hidden')) { footnote_expand_reference_container_110937_1(); } else { footnote_collapse_reference_container_110937_1(); } } function footnote_moveToReference_110937_1(p_str_TargetID) { footnote_expand_reference_container_110937_1(); var l_obj_Target = jQuery('#' + p_str_TargetID); if (l_obj_Target.length) { jQuery( 'html, body' ).delay( 0 ); jQuery('html, body').animate({ scrollTop: l_obj_Target.offset().top - window.innerHeight * 0.2 }, 380); } } function footnote_moveToAnchor_110937_1(p_str_TargetID) { footnote_expand_reference_container_110937_1(); var l_obj_Target = jQuery('#' + p_str_TargetID); if (l_obj_Target.length) { jQuery( 'html, body' ).delay( 0 ); jQuery('html, body').animate({ scrollTop: l_obj_Target.offset().top - window.innerHeight * 0.2 }, 380); } }<\/script>","protected":false},"excerpt":{"rendered":"<p>Nato il 18 ottobre 1928 a Orano (Algeria), in una delle vivaci strade del derb al yahoud (quartiere ebraico), Maurice El M\u00e9dioni si immerge fin da piccolo nella musica orientale<\/p>\n","protected":false},"author":5,"featured_media":110794,"comment_status":"closed","ping_status":"closed","sticky":false,"template":"","format":"standard","meta":{"_acf_changed":false,"footnotes":""},"categories":[1416],"tags":[],"technique":[],"squelettes":[],"sujet":[],"formation":[],"genre":[1916],"fonds":[],"tradition":[],"type-de-contenu":[],"interprete-compositeur":[3262],"frise":[],"type-devenement":[],"tableaux-liens-externes":[],"class_list":["post-110937","post","type-post","status-publish","format-standard","has-post-thumbnail","hentry","category-biografie-it","genre-oriental-it","interprete-compositeur-maurice-el-medioni-it"],"acf":[],"yoast_head":"<!-- This site is optimized with the Yoast SEO plugin v27.3 - https:\/\/yoast.com\/product\/yoast-seo-wordpress\/ -->\n<title>El M\u00e9dioni, Maurice (1928-2024) - Institut Europ\u00e9en des Musiques Juives<\/title>\n<meta name=\"robots\" content=\"index, follow, max-snippet:-1, max-image-preview:large, max-video-preview:-1\" \/>\n<link rel=\"canonical\" href=\"https:\/\/www.iemj.org\/it\/el-medioni-maurice-1928-2024\/\" \/>\n<meta property=\"og:locale\" content=\"it_IT\" \/>\n<meta property=\"og:type\" content=\"article\" \/>\n<meta property=\"og:title\" content=\"El M\u00e9dioni, Maurice (1928-2024) - Institut Europ\u00e9en des Musiques Juives\" \/>\n<meta property=\"og:description\" content=\"Nato il 18 ottobre 1928 a Orano (Algeria), in una delle vivaci strade del derb al yahoud (quartiere ebraico), Maurice El M\u00e9dioni si immerge fin da piccolo nella musica orientale\" \/>\n<meta property=\"og:url\" content=\"https:\/\/www.iemj.org\/it\/el-medioni-maurice-1928-2024\/\" \/>\n<meta property=\"og:site_name\" content=\"Institut Europ\u00e9en des Musiques Juives\" \/>\n<meta property=\"article:publisher\" content=\"https:\/\/www.facebook.com\/MusiquesJuives\/\" \/>\n<meta property=\"article:published_time\" content=\"2024-04-03T13:11:55+00:00\" \/>\n<meta property=\"article:modified_time\" content=\"2024-04-09T15:25:43+00:00\" \/>\n<meta property=\"og:image\" content=\"https:\/\/www.iemj.org\/wp-content\/uploads\/2024\/04\/Logo-Bio-M-El-Medioni.jpg\" \/>\n\t<meta property=\"og:image:width\" content=\"218\" \/>\n\t<meta property=\"og:image:height\" content=\"218\" \/>\n\t<meta property=\"og:image:type\" content=\"image\/jpeg\" \/>\n<meta name=\"author\" content=\"Jacqueline ROTEN\" \/>\n<meta name=\"twitter:card\" content=\"summary_large_image\" \/>\n<meta name=\"twitter:label1\" content=\"Scritto da\" \/>\n\t<meta name=\"twitter:data1\" content=\"Jacqueline ROTEN\" \/>\n\t<meta name=\"twitter:label2\" content=\"Tempo di lettura stimato\" \/>\n\t<meta name=\"twitter:data2\" content=\"8 minuti\" \/>\n<script type=\"application\/ld+json\" class=\"yoast-schema-graph\">{\"@context\":\"https:\\\/\\\/schema.org\",\"@graph\":[{\"@type\":\"Article\",\"@id\":\"https:\\\/\\\/www.iemj.org\\\/it\\\/el-medioni-maurice-1928-2024\\\/#article\",\"isPartOf\":{\"@id\":\"https:\\\/\\\/www.iemj.org\\\/it\\\/el-medioni-maurice-1928-2024\\\/\"},\"author\":{\"name\":\"Jacqueline ROTEN\",\"@id\":\"https:\\\/\\\/www.iemj.org\\\/it\\\/#\\\/schema\\\/person\\\/358e26c18aca017fcc4cc15437f7279c\"},\"headline\":\"El M\u00e9dioni, Maurice (1928-2024)\",\"datePublished\":\"2024-04-03T13:11:55+00:00\",\"dateModified\":\"2024-04-09T15:25:43+00:00\",\"mainEntityOfPage\":{\"@id\":\"https:\\\/\\\/www.iemj.org\\\/it\\\/el-medioni-maurice-1928-2024\\\/\"},\"wordCount\":1196,\"publisher\":{\"@id\":\"https:\\\/\\\/www.iemj.org\\\/it\\\/#organization\"},\"image\":{\"@id\":\"https:\\\/\\\/www.iemj.org\\\/it\\\/el-medioni-maurice-1928-2024\\\/#primaryimage\"},\"thumbnailUrl\":\"https:\\\/\\\/www.iemj.org\\\/wp-content\\\/uploads\\\/2024\\\/04\\\/Logo-Bio-M-El-Medioni.jpg\",\"articleSection\":[\"Biografie\"],\"inLanguage\":\"it-IT\"},{\"@type\":\"WebPage\",\"@id\":\"https:\\\/\\\/www.iemj.org\\\/it\\\/el-medioni-maurice-1928-2024\\\/\",\"url\":\"https:\\\/\\\/www.iemj.org\\\/it\\\/el-medioni-maurice-1928-2024\\\/\",\"name\":\"El M\u00e9dioni, Maurice (1928-2024) - Institut Europ\u00e9en des Musiques Juives\",\"isPartOf\":{\"@id\":\"https:\\\/\\\/www.iemj.org\\\/it\\\/#website\"},\"primaryImageOfPage\":{\"@id\":\"https:\\\/\\\/www.iemj.org\\\/it\\\/el-medioni-maurice-1928-2024\\\/#primaryimage\"},\"image\":{\"@id\":\"https:\\\/\\\/www.iemj.org\\\/it\\\/el-medioni-maurice-1928-2024\\\/#primaryimage\"},\"thumbnailUrl\":\"https:\\\/\\\/www.iemj.org\\\/wp-content\\\/uploads\\\/2024\\\/04\\\/Logo-Bio-M-El-Medioni.jpg\",\"datePublished\":\"2024-04-03T13:11:55+00:00\",\"dateModified\":\"2024-04-09T15:25:43+00:00\",\"breadcrumb\":{\"@id\":\"https:\\\/\\\/www.iemj.org\\\/it\\\/el-medioni-maurice-1928-2024\\\/#breadcrumb\"},\"inLanguage\":\"it-IT\",\"potentialAction\":[{\"@type\":\"ReadAction\",\"target\":[\"https:\\\/\\\/www.iemj.org\\\/it\\\/el-medioni-maurice-1928-2024\\\/\"]}]},{\"@type\":\"ImageObject\",\"inLanguage\":\"it-IT\",\"@id\":\"https:\\\/\\\/www.iemj.org\\\/it\\\/el-medioni-maurice-1928-2024\\\/#primaryimage\",\"url\":\"https:\\\/\\\/www.iemj.org\\\/wp-content\\\/uploads\\\/2024\\\/04\\\/Logo-Bio-M-El-Medioni.jpg\",\"contentUrl\":\"https:\\\/\\\/www.iemj.org\\\/wp-content\\\/uploads\\\/2024\\\/04\\\/Logo-Bio-M-El-Medioni.jpg\",\"width\":218,\"height\":218,\"caption\":\"logo - 30\"},{\"@type\":\"BreadcrumbList\",\"@id\":\"https:\\\/\\\/www.iemj.org\\\/it\\\/el-medioni-maurice-1928-2024\\\/#breadcrumb\",\"itemListElement\":[{\"@type\":\"ListItem\",\"position\":1,\"name\":\"Accueil\",\"item\":\"https:\\\/\\\/www.iemj.org\\\/it\\\/\"},{\"@type\":\"ListItem\",\"position\":2,\"name\":\"El M\u00e9dioni, Maurice (1928-2024)\"}]},{\"@type\":\"WebSite\",\"@id\":\"https:\\\/\\\/www.iemj.org\\\/it\\\/#website\",\"url\":\"https:\\\/\\\/www.iemj.org\\\/it\\\/\",\"name\":\"Institut Europ\u00e9en des Musiques Juives\",\"description\":\"Des traditions musicales \u00e0 la port\u00e9e de tous\",\"publisher\":{\"@id\":\"https:\\\/\\\/www.iemj.org\\\/it\\\/#organization\"},\"potentialAction\":[{\"@type\":\"SearchAction\",\"target\":{\"@type\":\"EntryPoint\",\"urlTemplate\":\"https:\\\/\\\/www.iemj.org\\\/it\\\/?s={search_term_string}\"},\"query-input\":{\"@type\":\"PropertyValueSpecification\",\"valueRequired\":true,\"valueName\":\"search_term_string\"}}],\"inLanguage\":\"it-IT\"},{\"@type\":\"Organization\",\"@id\":\"https:\\\/\\\/www.iemj.org\\\/it\\\/#organization\",\"name\":\"Institut Europ\u00e9en des Musiques Juives\",\"url\":\"https:\\\/\\\/www.iemj.org\\\/it\\\/\",\"logo\":{\"@type\":\"ImageObject\",\"inLanguage\":\"it-IT\",\"@id\":\"https:\\\/\\\/www.iemj.org\\\/it\\\/#\\\/schema\\\/logo\\\/image\\\/\",\"url\":\"https:\\\/\\\/www.iemj.org\\\/wp-content\\\/uploads\\\/2021\\\/09\\\/Logo-IEMJ-Paypal.jpg\",\"contentUrl\":\"https:\\\/\\\/www.iemj.org\\\/wp-content\\\/uploads\\\/2021\\\/09\\\/Logo-IEMJ-Paypal.jpg\",\"width\":150,\"height\":50,\"caption\":\"Institut Europ\u00e9en des Musiques Juives\"},\"image\":{\"@id\":\"https:\\\/\\\/www.iemj.org\\\/it\\\/#\\\/schema\\\/logo\\\/image\\\/\"},\"sameAs\":[\"https:\\\/\\\/www.facebook.com\\\/MusiquesJuives\\\/\",\"https:\\\/\\\/www.instagram.com\\\/musiquesjuives\\\/\",\"https:\\\/\\\/www.youtube.com\\\/user\\\/musiquesjuives\"]},{\"@type\":\"Person\",\"@id\":\"https:\\\/\\\/www.iemj.org\\\/it\\\/#\\\/schema\\\/person\\\/358e26c18aca017fcc4cc15437f7279c\",\"name\":\"Jacqueline ROTEN\",\"image\":{\"@type\":\"ImageObject\",\"inLanguage\":\"it-IT\",\"@id\":\"https:\\\/\\\/secure.gravatar.com\\\/avatar\\\/5964256d6c6957de3a3505278957e0fb2a35119ac47ea41827a65301213c810b?s=96&d=mm&r=g\",\"url\":\"https:\\\/\\\/secure.gravatar.com\\\/avatar\\\/5964256d6c6957de3a3505278957e0fb2a35119ac47ea41827a65301213c810b?s=96&d=mm&r=g\",\"contentUrl\":\"https:\\\/\\\/secure.gravatar.com\\\/avatar\\\/5964256d6c6957de3a3505278957e0fb2a35119ac47ea41827a65301213c810b?s=96&d=mm&r=g\",\"caption\":\"Jacqueline ROTEN\"}}]}<\/script>\n<!-- \/ Yoast SEO plugin. -->","yoast_head_json":{"title":"El M\u00e9dioni, Maurice (1928-2024) - Institut Europ\u00e9en des Musiques Juives","robots":{"index":"index","follow":"follow","max-snippet":"max-snippet:-1","max-image-preview":"max-image-preview:large","max-video-preview":"max-video-preview:-1"},"canonical":"https:\/\/www.iemj.org\/it\/el-medioni-maurice-1928-2024\/","og_locale":"it_IT","og_type":"article","og_title":"El M\u00e9dioni, Maurice (1928-2024) - Institut Europ\u00e9en des Musiques Juives","og_description":"Nato il 18 ottobre 1928 a Orano (Algeria), in una delle vivaci strade del derb al yahoud (quartiere ebraico), Maurice El M\u00e9dioni si immerge fin da piccolo nella musica orientale","og_url":"https:\/\/www.iemj.org\/it\/el-medioni-maurice-1928-2024\/","og_site_name":"Institut Europ\u00e9en des Musiques Juives","article_publisher":"https:\/\/www.facebook.com\/MusiquesJuives\/","article_published_time":"2024-04-03T13:11:55+00:00","article_modified_time":"2024-04-09T15:25:43+00:00","og_image":[{"width":218,"height":218,"url":"https:\/\/www.iemj.org\/wp-content\/uploads\/2024\/04\/Logo-Bio-M-El-Medioni.jpg","type":"image\/jpeg"}],"author":"Jacqueline ROTEN","twitter_card":"summary_large_image","twitter_misc":{"Scritto da":"Jacqueline ROTEN","Tempo di lettura stimato":"8 minuti"},"schema":{"@context":"https:\/\/schema.org","@graph":[{"@type":"Article","@id":"https:\/\/www.iemj.org\/it\/el-medioni-maurice-1928-2024\/#article","isPartOf":{"@id":"https:\/\/www.iemj.org\/it\/el-medioni-maurice-1928-2024\/"},"author":{"name":"Jacqueline ROTEN","@id":"https:\/\/www.iemj.org\/it\/#\/schema\/person\/358e26c18aca017fcc4cc15437f7279c"},"headline":"El M\u00e9dioni, Maurice (1928-2024)","datePublished":"2024-04-03T13:11:55+00:00","dateModified":"2024-04-09T15:25:43+00:00","mainEntityOfPage":{"@id":"https:\/\/www.iemj.org\/it\/el-medioni-maurice-1928-2024\/"},"wordCount":1196,"publisher":{"@id":"https:\/\/www.iemj.org\/it\/#organization"},"image":{"@id":"https:\/\/www.iemj.org\/it\/el-medioni-maurice-1928-2024\/#primaryimage"},"thumbnailUrl":"https:\/\/www.iemj.org\/wp-content\/uploads\/2024\/04\/Logo-Bio-M-El-Medioni.jpg","articleSection":["Biografie"],"inLanguage":"it-IT"},{"@type":"WebPage","@id":"https:\/\/www.iemj.org\/it\/el-medioni-maurice-1928-2024\/","url":"https:\/\/www.iemj.org\/it\/el-medioni-maurice-1928-2024\/","name":"El M\u00e9dioni, Maurice (1928-2024) - Institut Europ\u00e9en des Musiques Juives","isPartOf":{"@id":"https:\/\/www.iemj.org\/it\/#website"},"primaryImageOfPage":{"@id":"https:\/\/www.iemj.org\/it\/el-medioni-maurice-1928-2024\/#primaryimage"},"image":{"@id":"https:\/\/www.iemj.org\/it\/el-medioni-maurice-1928-2024\/#primaryimage"},"thumbnailUrl":"https:\/\/www.iemj.org\/wp-content\/uploads\/2024\/04\/Logo-Bio-M-El-Medioni.jpg","datePublished":"2024-04-03T13:11:55+00:00","dateModified":"2024-04-09T15:25:43+00:00","breadcrumb":{"@id":"https:\/\/www.iemj.org\/it\/el-medioni-maurice-1928-2024\/#breadcrumb"},"inLanguage":"it-IT","potentialAction":[{"@type":"ReadAction","target":["https:\/\/www.iemj.org\/it\/el-medioni-maurice-1928-2024\/"]}]},{"@type":"ImageObject","inLanguage":"it-IT","@id":"https:\/\/www.iemj.org\/it\/el-medioni-maurice-1928-2024\/#primaryimage","url":"https:\/\/www.iemj.org\/wp-content\/uploads\/2024\/04\/Logo-Bio-M-El-Medioni.jpg","contentUrl":"https:\/\/www.iemj.org\/wp-content\/uploads\/2024\/04\/Logo-Bio-M-El-Medioni.jpg","width":218,"height":218,"caption":"logo - 30"},{"@type":"BreadcrumbList","@id":"https:\/\/www.iemj.org\/it\/el-medioni-maurice-1928-2024\/#breadcrumb","itemListElement":[{"@type":"ListItem","position":1,"name":"Accueil","item":"https:\/\/www.iemj.org\/it\/"},{"@type":"ListItem","position":2,"name":"El M\u00e9dioni, Maurice (1928-2024)"}]},{"@type":"WebSite","@id":"https:\/\/www.iemj.org\/it\/#website","url":"https:\/\/www.iemj.org\/it\/","name":"Institut Europ\u00e9en des Musiques Juives","description":"Des traditions musicales \u00e0 la port\u00e9e de tous","publisher":{"@id":"https:\/\/www.iemj.org\/it\/#organization"},"potentialAction":[{"@type":"SearchAction","target":{"@type":"EntryPoint","urlTemplate":"https:\/\/www.iemj.org\/it\/?s={search_term_string}"},"query-input":{"@type":"PropertyValueSpecification","valueRequired":true,"valueName":"search_term_string"}}],"inLanguage":"it-IT"},{"@type":"Organization","@id":"https:\/\/www.iemj.org\/it\/#organization","name":"Institut Europ\u00e9en des Musiques Juives","url":"https:\/\/www.iemj.org\/it\/","logo":{"@type":"ImageObject","inLanguage":"it-IT","@id":"https:\/\/www.iemj.org\/it\/#\/schema\/logo\/image\/","url":"https:\/\/www.iemj.org\/wp-content\/uploads\/2021\/09\/Logo-IEMJ-Paypal.jpg","contentUrl":"https:\/\/www.iemj.org\/wp-content\/uploads\/2021\/09\/Logo-IEMJ-Paypal.jpg","width":150,"height":50,"caption":"Institut Europ\u00e9en des Musiques Juives"},"image":{"@id":"https:\/\/www.iemj.org\/it\/#\/schema\/logo\/image\/"},"sameAs":["https:\/\/www.facebook.com\/MusiquesJuives\/","https:\/\/www.instagram.com\/musiquesjuives\/","https:\/\/www.youtube.com\/user\/musiquesjuives"]},{"@type":"Person","@id":"https:\/\/www.iemj.org\/it\/#\/schema\/person\/358e26c18aca017fcc4cc15437f7279c","name":"Jacqueline ROTEN","image":{"@type":"ImageObject","inLanguage":"it-IT","@id":"https:\/\/secure.gravatar.com\/avatar\/5964256d6c6957de3a3505278957e0fb2a35119ac47ea41827a65301213c810b?s=96&d=mm&r=g","url":"https:\/\/secure.gravatar.com\/avatar\/5964256d6c6957de3a3505278957e0fb2a35119ac47ea41827a65301213c810b?s=96&d=mm&r=g","contentUrl":"https:\/\/secure.gravatar.com\/avatar\/5964256d6c6957de3a3505278957e0fb2a35119ac47ea41827a65301213c810b?s=96&d=mm&r=g","caption":"Jacqueline ROTEN"}}]}},"_links":{"self":[{"href":"https:\/\/www.iemj.org\/it\/wp-json\/wp\/v2\/posts\/110937","targetHints":{"allow":["GET"]}}],"collection":[{"href":"https:\/\/www.iemj.org\/it\/wp-json\/wp\/v2\/posts"}],"about":[{"href":"https:\/\/www.iemj.org\/it\/wp-json\/wp\/v2\/types\/post"}],"author":[{"embeddable":true,"href":"https:\/\/www.iemj.org\/it\/wp-json\/wp\/v2\/users\/5"}],"replies":[{"embeddable":true,"href":"https:\/\/www.iemj.org\/it\/wp-json\/wp\/v2\/comments?post=110937"}],"version-history":[{"count":0,"href":"https:\/\/www.iemj.org\/it\/wp-json\/wp\/v2\/posts\/110937\/revisions"}],"wp:featuredmedia":[{"embeddable":true,"href":"https:\/\/www.iemj.org\/it\/wp-json\/wp\/v2\/media\/110794"}],"wp:attachment":[{"href":"https:\/\/www.iemj.org\/it\/wp-json\/wp\/v2\/media?parent=110937"}],"wp:term":[{"taxonomy":"category","embeddable":true,"href":"https:\/\/www.iemj.org\/it\/wp-json\/wp\/v2\/categories?post=110937"},{"taxonomy":"post_tag","embeddable":true,"href":"https:\/\/www.iemj.org\/it\/wp-json\/wp\/v2\/tags?post=110937"},{"taxonomy":"technique","embeddable":true,"href":"https:\/\/www.iemj.org\/it\/wp-json\/wp\/v2\/technique?post=110937"},{"taxonomy":"squelettes","embeddable":true,"href":"https:\/\/www.iemj.org\/it\/wp-json\/wp\/v2\/squelettes?post=110937"},{"taxonomy":"sujet","embeddable":true,"href":"https:\/\/www.iemj.org\/it\/wp-json\/wp\/v2\/sujet?post=110937"},{"taxonomy":"formation","embeddable":true,"href":"https:\/\/www.iemj.org\/it\/wp-json\/wp\/v2\/formation?post=110937"},{"taxonomy":"genre","embeddable":true,"href":"https:\/\/www.iemj.org\/it\/wp-json\/wp\/v2\/genre?post=110937"},{"taxonomy":"fonds","embeddable":true,"href":"https:\/\/www.iemj.org\/it\/wp-json\/wp\/v2\/fonds?post=110937"},{"taxonomy":"tradition","embeddable":true,"href":"https:\/\/www.iemj.org\/it\/wp-json\/wp\/v2\/tradition?post=110937"},{"taxonomy":"type-de-contenu","embeddable":true,"href":"https:\/\/www.iemj.org\/it\/wp-json\/wp\/v2\/type-de-contenu?post=110937"},{"taxonomy":"interprete-compositeur","embeddable":true,"href":"https:\/\/www.iemj.org\/it\/wp-json\/wp\/v2\/interprete-compositeur?post=110937"},{"taxonomy":"frise","embeddable":true,"href":"https:\/\/www.iemj.org\/it\/wp-json\/wp\/v2\/frise?post=110937"},{"taxonomy":"type-devenement","embeddable":true,"href":"https:\/\/www.iemj.org\/it\/wp-json\/wp\/v2\/type-devenement?post=110937"},{"taxonomy":"tableaux-liens-externes","embeddable":true,"href":"https:\/\/www.iemj.org\/it\/wp-json\/wp\/v2\/tableaux-liens-externes?post=110937"}],"curies":[{"name":"wp","href":"https:\/\/api.w.org\/{rel}","templated":true}]}}