{"id":111825,"date":"2024-05-14T17:13:28","date_gmt":"2024-05-14T15:13:28","guid":{"rendered":"https:\/\/www.iemj.org\/publication-de-4-nouvelles-partitions-chorales-et-instrumentales-du-compositeur-itai-daniel\/"},"modified":"2024-05-16T09:40:59","modified_gmt":"2024-05-16T07:40:59","slug":"publication-de-4-nouvelles-partitions-chorales-et-instrumentales-du-compositeur-itai-daniel","status":"publish","type":"post","link":"https:\/\/www.iemj.org\/it\/publication-de-4-nouvelles-partitions-chorales-et-instrumentales-du-compositeur-itai-daniel\/","title":{"rendered":"Pubblicazione di 4 nuovi spartiti corali e strumentali del compositore Itai Daniel"},"content":{"rendered":"<p><strong>L&#8217;opera di Ita\u00ef Daniel \u00e8 profondamente ispirata all&#8217;ebraismo ed alle sue musiche. Scoprite quattro nuovi spartiti di questo compositore: un medley delle principali melodie di Hanukkah, un Grande Kaddish, una cantata basata sul testo biblico di Caino &amp; Abele e l&#8217; affascinante sonata per flauto traverso.<\/strong><\/p>\n<p>Compositore, pianista e direttore d&#8217;orchestra nato in Israele, <a href=\"https:\/\/www.iemj.org\/it\/daniel-itai-1967\/\"><strong>Ita\u00ef Daniel<\/strong><\/a> si \u00e8 trasferito in Francia nel 2004. Direttore del coro dell&#8217;Ensemble Choral Copernic dal 2009, ha composto numerosi brani legati alla liturgia ebraica. Tra le sue opere principali figurano tre grandi cantate: <a href=\"https:\/\/www.iemj.org\/it\/itai-daniel-mahzor-hayim\/\">Machzor Chay\u00efm<\/a>, Shma Koleinu e B\u2019reish\u00eft e numerosi brani di musica liturgica e popolare ebraici (Yotzer, <a href=\"https:\/\/www.iemj.org\/it\/produit\/daniel-hashkivenu-for-women-and-men-choir-and-piano-printed-score\/\">Haskivenu<\/a>,\u00a0<a href=\"https:\/\/www.iemj.org\/it\/produit\/daniel-shalom-rav-al-yisrael-amkha-for-choir-and-piano\/\">Shalom Rav<\/a>,\u00a0Grand Kaddish,\u00a0Oseh Shalom,\u00a0Adon Olam\u2026).<\/p>\n<p>Dal 2018, l&#8217;IEMJ ha pubblicato pi\u00f9 di trenta opere di Itai Daniel per varie formazioni strumentali: coro, voci soliste, pianoforte, violoncello, flauto, ecc.<\/p>\n<p>Nel maggio 2024, quattro nuovi spartiti saranno aggiunti al catalogo:<\/p>\n<h2><a href=\"https:\/\/www.iemj.org\/it\/produit\/daniel-khanuka-medley-n2-pour-choeur-et-piano\/\" target=\"_blank\" rel=\"noopener\">Khanuka Medley N\u00b02, <\/a><a href=\"https:\/\/www.iemj.org\/it\/produit\/daniel-khanuka-medley-n2-pour-choeur-et-piano\/\" target=\"_blank\" rel=\"noopener\">per coro e pianoforte<\/a><\/h2>\n<p><strong>Khanuka Medley 2 \u2013 MP3<\/strong><\/p>\n<audio class=\"wp-audio-shortcode\" id=\"audio-111825-1\" preload=\"none\" style=\"width: 100%;\" controls=\"controls\"><source type=\"audio\/mpeg\" src=\"https:\/\/www.iemj.org\/wp-content\/uploads\/2024\/05\/Khanuka-Medley-2_128-kbps.mp3?_=1\" \/><a href=\"https:\/\/www.iemj.org\/wp-content\/uploads\/2024\/05\/Khanuka-Medley-2_128-kbps.mp3\">https:\/\/www.iemj.org\/wp-content\/uploads\/2024\/05\/Khanuka-Medley-2_128-kbps.mp3<\/a><\/audio>\n<h2><a href=\"https:\/\/www.iemj.org\/it\/produit\/daniel-sonate-pour-flute-traversiere\/\" target=\"_blank\" rel=\"noopener\">Sonata per flauto traverso<\/a><\/h2>\n<p><strong>Sonata per flauto traverso \u2013 MP3 (Estratto)<\/strong><\/p>\n<audio class=\"wp-audio-shortcode\" id=\"audio-111825-2\" preload=\"none\" style=\"width: 100%;\" controls=\"controls\"><source type=\"audio\/mpeg\" src=\"https:\/\/www.iemj.org\/wp-content\/uploads\/2024\/05\/P_069_Sonate-flute-traversiere_EX-MP3.mp3?_=2\" \/><a href=\"https:\/\/www.iemj.org\/wp-content\/uploads\/2024\/05\/P_069_Sonate-flute-traversiere_EX-MP3.mp3\">https:\/\/www.iemj.org\/wp-content\/uploads\/2024\/05\/P_069_Sonate-flute-traversiere_EX-MP3.mp3<\/a><\/audio>\n<h2><a href=\"https:\/\/www.iemj.org\/it\/produit\/daniel-cain-abel-pour-choeur-hautbois-alto-et-basson\/\" target=\"_blank\" rel=\"noopener\">Cain &amp; Abel, per coro, oboe, viola e fagotto<\/a><\/h2>\n<p><strong>Ca\u00efn &amp; Abel, di Ita\u00ef Daniel \u2013 MP3 (Estratto)<\/strong><\/p>\n<audio class=\"wp-audio-shortcode\" id=\"audio-111825-3\" preload=\"none\" style=\"width: 100%;\" controls=\"controls\"><source type=\"audio\/mpeg\" src=\"https:\/\/www.iemj.org\/wp-content\/uploads\/2024\/05\/Cain-Abel-dItai-Daniel_extrait-192-kbps.mp3?_=3\" \/><a href=\"https:\/\/www.iemj.org\/wp-content\/uploads\/2024\/05\/Cain-Abel-dItai-Daniel_extrait-192-kbps.mp3\">https:\/\/www.iemj.org\/wp-content\/uploads\/2024\/05\/Cain-Abel-dItai-Daniel_extrait-192-kbps.mp3<\/a><\/audio>\n<h2><a href=\"https:\/\/www.iemj.org\/it\/produit\/daniel-grand-kaddish-pour-tenor-choeur-piano-a-quatre-mains\/\" target=\"_blank\" rel=\"noopener\">per tenore, coro e pianoforte a 4 mani<\/a><\/h2>\n<p><strong>Grand Kaddish \u2013 MP3 (Estratto)<\/strong><\/p>\n<audio class=\"wp-audio-shortcode\" id=\"audio-111825-4\" preload=\"none\" style=\"width: 100%;\" controls=\"controls\"><source type=\"audio\/mpeg\" src=\"https:\/\/www.iemj.org\/wp-content\/uploads\/2024\/05\/Itai-Daniel-Grand-Kaddish_Extrait-mp3-192-kbps.mp3?_=4\" \/><a href=\"https:\/\/www.iemj.org\/wp-content\/uploads\/2024\/05\/Itai-Daniel-Grand-Kaddish_Extrait-mp3-192-kbps.mp3\">https:\/\/www.iemj.org\/wp-content\/uploads\/2024\/05\/Itai-Daniel-Grand-Kaddish_Extrait-mp3-192-kbps.mp3<\/a><\/audio>\n<p><strong><em>Questi quattro spartiti sono disponibili nel nostro negozio online in versione digitale o stampata. <span style=\"color: #ff0000;\">Per ordinarle, cliccate sul titolo qui sopra<\/span><\/em>.<\/strong><\/p>\n<h4 style=\"text-align: center;\">Visualizza queste opere<\/h4>\n\n\n<div class=\"wp-block-columns is-layout-flex wp-container-core-columns-is-layout-9d6595d7 wp-block-columns-is-layout-flex\">\n<div class=\"wp-block-column is-vertically-aligned-top is-layout-flow wp-block-column-is-layout-flow\">\n<div class=\"wp-block-columns is-layout-flex wp-container-core-columns-is-layout-9d6595d7 wp-block-columns-is-layout-flex\">\n<div class=\"wp-block-column is-vertically-aligned-top is-layout-flow wp-block-column-is-layout-flow\">\n<figure class=\"wp-block-embed aligncenter is-type-video is-provider-youtube wp-block-embed-youtube wp-embed-aspect-16-9 wp-has-aspect-ratio\"><div class=\"wp-block-embed__wrapper\">\n<iframe title=\"Ita\u00ef Daniel : Sonata for solo flute\" width=\"640\" height=\"360\" src=\"https:\/\/www.youtube.com\/embed\/dBEs7oZWDTU?feature=oembed\" frameborder=\"0\" allow=\"accelerometer; autoplay; clipboard-write; encrypted-media; gyroscope; picture-in-picture; web-share\" referrerpolicy=\"strict-origin-when-cross-origin\" allowfullscreen><\/iframe>\n<\/div><\/figure>\n<\/div>\n<\/div>\n<\/div>\n\n\n\n<div class=\"wp-block-column is-vertically-aligned-top is-layout-flow wp-block-column-is-layout-flow\">\n<figure class=\"wp-block-embed is-type-video is-provider-youtube wp-block-embed-youtube wp-embed-aspect-16-9 wp-has-aspect-ratio\"><div class=\"wp-block-embed__wrapper\">\n<iframe title=\"Ca\u00efn &amp; Abel, d&#039;Ita\u00ef Daniel\" width=\"640\" height=\"360\" src=\"https:\/\/www.youtube.com\/embed\/iZ4oP2rHvKk?feature=oembed\" frameborder=\"0\" allow=\"accelerometer; autoplay; clipboard-write; encrypted-media; gyroscope; picture-in-picture; web-share\" referrerpolicy=\"strict-origin-when-cross-origin\" allowfullscreen><\/iframe>\n<\/div><\/figure>\n<\/div>\n\n\n\n<div class=\"wp-block-column is-vertically-aligned-top is-layout-flow wp-block-column-is-layout-flow\">\n<figure class=\"wp-block-embed is-type-video is-provider-youtube wp-block-embed-youtube wp-embed-aspect-16-9 wp-has-aspect-ratio\"><div class=\"wp-block-embed__wrapper\">\n<iframe title=\"Ita\u00ef Daniel : Grand Kaddish\" width=\"640\" height=\"360\" src=\"https:\/\/www.youtube.com\/embed\/C_iuUHYEUr4?feature=oembed\" frameborder=\"0\" allow=\"accelerometer; autoplay; clipboard-write; encrypted-media; gyroscope; picture-in-picture; web-share\" referrerpolicy=\"strict-origin-when-cross-origin\" allowfullscreen><\/iframe>\n<\/div><\/figure>\n<\/div>\n<\/div>\n\n\n\n<hr class=\"wp-block-separator has-alpha-channel-opacity\"\/>\n\n\n<h3>Visualizzare tutti gli <a href=\"https:\/\/www.iemj.org\/it\/categorie-produit\/spartiti-it\/compositori-it\/daniel-itai-it\/\" target=\"_blank\" rel=\"noopener\">spartiti di Ita\u00ef Daniel nel negozio IEMJ<\/a><\/h3>\n\n\n<hr class=\"wp-block-separator has-alpha-channel-opacity\"\/>\n\n\n\n<div class=\"wp-block-columns is-layout-flex wp-container-core-columns-is-layout-9d6595d7 wp-block-columns-is-layout-flex\">\n<div class=\"wp-block-column is-layout-flow wp-block-column-is-layout-flow\" style=\"flex-basis:33.33%\"><div class=\"wp-block-image\">\n<figure class=\"aligncenter size-full is-resized\"><a href=\"https:\/\/www.iemj.org\/it\/produit\/itai-daniel-mahzor-hayim\/\" target=\"_blank\" rel=\"noreferrer noopener\"><img fetchpriority=\"high\" decoding=\"async\" width=\"350\" height=\"314\" src=\"https:\/\/www.iemj.org\/wp-content\/uploads\/2018\/10\/CDC5.jpg\" alt=\"\" class=\"wp-image-50686\" style=\"width:226px;height:193px\" srcset=\"https:\/\/www.iemj.org\/wp-content\/uploads\/2018\/10\/CDC5.jpg 350w, https:\/\/www.iemj.org\/wp-content\/uploads\/2018\/10\/CDC5-300x269.jpg 300w\" sizes=\"(max-width: 350px) 100vw, 350px\" \/><\/a><\/figure>\n<\/div><\/div>\n\n\n\n<div class=\"wp-block-column is-vertically-aligned-center is-layout-flow wp-block-column-is-layout-flow\" style=\"flex-basis:66.66%\">\n<div class=\"wp-block-buttons alignfull is-content-justification-center is-layout-flex wp-container-core-buttons-is-layout-16018d1d wp-block-buttons-is-layout-flex\">\n<div class=\"wp-block-button\"><a class=\"wp-block-button__link has-background wp-element-button\" href=\"https:\/\/www.iemj.org\/it\/produit\/itai-daniel-mahzor-hayim\/\" style=\"background-color:#e1645a\" target=\"_blank\" rel=\"noreferrer noopener\">Ordinare il CD di Ita\u00ef Daniel, <strong>MAHZOR HAYIM<\/strong><\/a><\/div>\n<\/div>\n<\/div>\n<\/div>\n\n\n<h4 style=\"text-align: center;\">Estratti audio per ogni spartito qui di seguito, come indicato<\/h4>\n<p><img decoding=\"async\" class=\"wp-image-110608 aligncenter\" src=\"https:\/\/www.iemj.org\/wp-content\/uploads\/2024\/03\/AUDIO-PLAYER-300x39.png\" alt=\"\" width=\"1223\" height=\"159\" srcset=\"https:\/\/www.iemj.org\/wp-content\/uploads\/2024\/03\/AUDIO-PLAYER-300x39.png 300w, https:\/\/www.iemj.org\/wp-content\/uploads\/2024\/03\/AUDIO-PLAYER-1024x133.png 1024w, https:\/\/www.iemj.org\/wp-content\/uploads\/2024\/03\/AUDIO-PLAYER-768x100.png 768w, https:\/\/www.iemj.org\/wp-content\/uploads\/2024\/03\/AUDIO-PLAYER-600x78.png 600w, https:\/\/www.iemj.org\/wp-content\/uploads\/2024\/03\/AUDIO-PLAYER.png 1210w\" sizes=\"(max-width: 1223px) 100vw, 1223px\" \/><\/p>","protected":false},"excerpt":{"rendered":"<p>L&#8217;opera di Ita\u00ef Daniel \u00e8 profondamente ispirata all&#8217;ebraismo ed alle sue musiche. Scoprite quattro nuovi spartiti di questo compositore: un medley delle principali melodie di Hanukkah, un Grande Kaddish, una<\/p>\n","protected":false},"author":5,"featured_media":111821,"comment_status":"closed","ping_status":"closed","sticky":false,"template":"","format":"standard","meta":{"_acf_changed":false,"footnotes":""},"categories":[1361,1397],"tags":[],"technique":[],"squelettes":[],"sujet":[],"formation":[],"genre":[],"fonds":[],"tradition":[],"type-de-contenu":[],"interprete-compositeur":[3182],"frise":[],"type-devenement":[],"tableaux-liens-externes":[],"class_list":["post-111825","post","type-post","status-publish","format-standard","has-post-thumbnail","hentry","category-pubblicazioni-it","category-spartiti-iemj-it","interprete-compositeur-itai-daniel-it-2"],"acf":[],"yoast_head":"<!-- This site is optimized with the Yoast SEO plugin v27.3 - https:\/\/yoast.com\/product\/yoast-seo-wordpress\/ -->\n<title>Pubblicazione di 4 nuovi spartiti corali e strumentali del compositore Itai Daniel - Institut Europ\u00e9en des Musiques Juives<\/title>\n<meta name=\"robots\" content=\"index, follow, max-snippet:-1, max-image-preview:large, max-video-preview:-1\" \/>\n<link rel=\"canonical\" href=\"https:\/\/www.iemj.org\/it\/publication-de-4-nouvelles-partitions-chorales-et-instrumentales-du-compositeur-itai-daniel\/\" \/>\n<meta property=\"og:locale\" content=\"it_IT\" \/>\n<meta property=\"og:type\" content=\"article\" \/>\n<meta property=\"og:title\" content=\"Pubblicazione di 4 nuovi spartiti corali e strumentali del compositore Itai Daniel - Institut Europ\u00e9en des Musiques Juives\" \/>\n<meta property=\"og:description\" content=\"L&#8217;opera di Ita\u00ef Daniel \u00e8 profondamente ispirata all&#8217;ebraismo ed alle sue musiche. Scoprite quattro nuovi spartiti di questo compositore: un medley delle principali melodie di Hanukkah, un Grande Kaddish, una\" \/>\n<meta property=\"og:url\" content=\"https:\/\/www.iemj.org\/it\/publication-de-4-nouvelles-partitions-chorales-et-instrumentales-du-compositeur-itai-daniel\/\" \/>\n<meta property=\"og:site_name\" content=\"Institut Europ\u00e9en des Musiques Juives\" \/>\n<meta property=\"article:publisher\" content=\"https:\/\/www.facebook.com\/MusiquesJuives\/\" \/>\n<meta property=\"article:published_time\" content=\"2024-05-14T15:13:28+00:00\" \/>\n<meta property=\"article:modified_time\" content=\"2024-05-16T07:40:59+00:00\" \/>\n<meta property=\"og:image\" content=\"https:\/\/www.iemj.org\/wp-content\/uploads\/2024\/05\/Logo-article.jpg\" \/>\n\t<meta property=\"og:image:width\" content=\"500\" \/>\n\t<meta property=\"og:image:height\" content=\"500\" \/>\n\t<meta property=\"og:image:type\" content=\"image\/jpeg\" \/>\n<meta name=\"author\" content=\"Jacqueline ROTEN\" \/>\n<meta name=\"twitter:card\" content=\"summary_large_image\" \/>\n<meta name=\"twitter:label1\" content=\"Scritto da\" \/>\n\t<meta name=\"twitter:data1\" content=\"Jacqueline ROTEN\" \/>\n\t<meta name=\"twitter:label2\" content=\"Tempo di lettura stimato\" \/>\n\t<meta name=\"twitter:data2\" content=\"2 minuti\" \/>\n<script type=\"application\/ld+json\" class=\"yoast-schema-graph\">{\"@context\":\"https:\\\/\\\/schema.org\",\"@graph\":[{\"@type\":\"Article\",\"@id\":\"https:\\\/\\\/www.iemj.org\\\/it\\\/publication-de-4-nouvelles-partitions-chorales-et-instrumentales-du-compositeur-itai-daniel\\\/#article\",\"isPartOf\":{\"@id\":\"https:\\\/\\\/www.iemj.org\\\/it\\\/publication-de-4-nouvelles-partitions-chorales-et-instrumentales-du-compositeur-itai-daniel\\\/\"},\"author\":{\"name\":\"Jacqueline ROTEN\",\"@id\":\"https:\\\/\\\/www.iemj.org\\\/it\\\/#\\\/schema\\\/person\\\/358e26c18aca017fcc4cc15437f7279c\"},\"headline\":\"Pubblicazione di 4 nuovi spartiti corali e strumentali del compositore Itai Daniel\",\"datePublished\":\"2024-05-14T15:13:28+00:00\",\"dateModified\":\"2024-05-16T07:40:59+00:00\",\"mainEntityOfPage\":{\"@id\":\"https:\\\/\\\/www.iemj.org\\\/it\\\/publication-de-4-nouvelles-partitions-chorales-et-instrumentales-du-compositeur-itai-daniel\\\/\"},\"wordCount\":337,\"publisher\":{\"@id\":\"https:\\\/\\\/www.iemj.org\\\/it\\\/#organization\"},\"image\":{\"@id\":\"https:\\\/\\\/www.iemj.org\\\/it\\\/publication-de-4-nouvelles-partitions-chorales-et-instrumentales-du-compositeur-itai-daniel\\\/#primaryimage\"},\"thumbnailUrl\":\"https:\\\/\\\/www.iemj.org\\\/wp-content\\\/uploads\\\/2024\\\/05\\\/Logo-article.jpg\",\"articleSection\":[\"Pubblicazioni\",\"Spartiti IEMJ\"],\"inLanguage\":\"it-IT\"},{\"@type\":\"WebPage\",\"@id\":\"https:\\\/\\\/www.iemj.org\\\/it\\\/publication-de-4-nouvelles-partitions-chorales-et-instrumentales-du-compositeur-itai-daniel\\\/\",\"url\":\"https:\\\/\\\/www.iemj.org\\\/it\\\/publication-de-4-nouvelles-partitions-chorales-et-instrumentales-du-compositeur-itai-daniel\\\/\",\"name\":\"Pubblicazione di 4 nuovi spartiti corali e strumentali del compositore Itai Daniel - Institut Europ\u00e9en des Musiques Juives\",\"isPartOf\":{\"@id\":\"https:\\\/\\\/www.iemj.org\\\/it\\\/#website\"},\"primaryImageOfPage\":{\"@id\":\"https:\\\/\\\/www.iemj.org\\\/it\\\/publication-de-4-nouvelles-partitions-chorales-et-instrumentales-du-compositeur-itai-daniel\\\/#primaryimage\"},\"image\":{\"@id\":\"https:\\\/\\\/www.iemj.org\\\/it\\\/publication-de-4-nouvelles-partitions-chorales-et-instrumentales-du-compositeur-itai-daniel\\\/#primaryimage\"},\"thumbnailUrl\":\"https:\\\/\\\/www.iemj.org\\\/wp-content\\\/uploads\\\/2024\\\/05\\\/Logo-article.jpg\",\"datePublished\":\"2024-05-14T15:13:28+00:00\",\"dateModified\":\"2024-05-16T07:40:59+00:00\",\"breadcrumb\":{\"@id\":\"https:\\\/\\\/www.iemj.org\\\/it\\\/publication-de-4-nouvelles-partitions-chorales-et-instrumentales-du-compositeur-itai-daniel\\\/#breadcrumb\"},\"inLanguage\":\"it-IT\",\"potentialAction\":[{\"@type\":\"ReadAction\",\"target\":[\"https:\\\/\\\/www.iemj.org\\\/it\\\/publication-de-4-nouvelles-partitions-chorales-et-instrumentales-du-compositeur-itai-daniel\\\/\"]}]},{\"@type\":\"ImageObject\",\"inLanguage\":\"it-IT\",\"@id\":\"https:\\\/\\\/www.iemj.org\\\/it\\\/publication-de-4-nouvelles-partitions-chorales-et-instrumentales-du-compositeur-itai-daniel\\\/#primaryimage\",\"url\":\"https:\\\/\\\/www.iemj.org\\\/wp-content\\\/uploads\\\/2024\\\/05\\\/Logo-article.jpg\",\"contentUrl\":\"https:\\\/\\\/www.iemj.org\\\/wp-content\\\/uploads\\\/2024\\\/05\\\/Logo-article.jpg\",\"width\":500,\"height\":500},{\"@type\":\"BreadcrumbList\",\"@id\":\"https:\\\/\\\/www.iemj.org\\\/it\\\/publication-de-4-nouvelles-partitions-chorales-et-instrumentales-du-compositeur-itai-daniel\\\/#breadcrumb\",\"itemListElement\":[{\"@type\":\"ListItem\",\"position\":1,\"name\":\"Accueil\",\"item\":\"https:\\\/\\\/www.iemj.org\\\/it\\\/\"},{\"@type\":\"ListItem\",\"position\":2,\"name\":\"Pubblicazione di 4 nuovi spartiti corali e strumentali del compositore Itai Daniel\"}]},{\"@type\":\"WebSite\",\"@id\":\"https:\\\/\\\/www.iemj.org\\\/it\\\/#website\",\"url\":\"https:\\\/\\\/www.iemj.org\\\/it\\\/\",\"name\":\"Institut Europ\u00e9en des Musiques Juives\",\"description\":\"Des traditions musicales \u00e0 la port\u00e9e de tous\",\"publisher\":{\"@id\":\"https:\\\/\\\/www.iemj.org\\\/it\\\/#organization\"},\"potentialAction\":[{\"@type\":\"SearchAction\",\"target\":{\"@type\":\"EntryPoint\",\"urlTemplate\":\"https:\\\/\\\/www.iemj.org\\\/it\\\/?s={search_term_string}\"},\"query-input\":{\"@type\":\"PropertyValueSpecification\",\"valueRequired\":true,\"valueName\":\"search_term_string\"}}],\"inLanguage\":\"it-IT\"},{\"@type\":\"Organization\",\"@id\":\"https:\\\/\\\/www.iemj.org\\\/it\\\/#organization\",\"name\":\"Institut Europ\u00e9en des Musiques Juives\",\"url\":\"https:\\\/\\\/www.iemj.org\\\/it\\\/\",\"logo\":{\"@type\":\"ImageObject\",\"inLanguage\":\"it-IT\",\"@id\":\"https:\\\/\\\/www.iemj.org\\\/it\\\/#\\\/schema\\\/logo\\\/image\\\/\",\"url\":\"https:\\\/\\\/www.iemj.org\\\/wp-content\\\/uploads\\\/2021\\\/09\\\/Logo-IEMJ-Paypal.jpg\",\"contentUrl\":\"https:\\\/\\\/www.iemj.org\\\/wp-content\\\/uploads\\\/2021\\\/09\\\/Logo-IEMJ-Paypal.jpg\",\"width\":150,\"height\":50,\"caption\":\"Institut Europ\u00e9en des Musiques Juives\"},\"image\":{\"@id\":\"https:\\\/\\\/www.iemj.org\\\/it\\\/#\\\/schema\\\/logo\\\/image\\\/\"},\"sameAs\":[\"https:\\\/\\\/www.facebook.com\\\/MusiquesJuives\\\/\",\"https:\\\/\\\/www.instagram.com\\\/musiquesjuives\\\/\",\"https:\\\/\\\/www.youtube.com\\\/user\\\/musiquesjuives\"]},{\"@type\":\"Person\",\"@id\":\"https:\\\/\\\/www.iemj.org\\\/it\\\/#\\\/schema\\\/person\\\/358e26c18aca017fcc4cc15437f7279c\",\"name\":\"Jacqueline ROTEN\",\"image\":{\"@type\":\"ImageObject\",\"inLanguage\":\"it-IT\",\"@id\":\"https:\\\/\\\/secure.gravatar.com\\\/avatar\\\/5964256d6c6957de3a3505278957e0fb2a35119ac47ea41827a65301213c810b?s=96&d=mm&r=g\",\"url\":\"https:\\\/\\\/secure.gravatar.com\\\/avatar\\\/5964256d6c6957de3a3505278957e0fb2a35119ac47ea41827a65301213c810b?s=96&d=mm&r=g\",\"contentUrl\":\"https:\\\/\\\/secure.gravatar.com\\\/avatar\\\/5964256d6c6957de3a3505278957e0fb2a35119ac47ea41827a65301213c810b?s=96&d=mm&r=g\",\"caption\":\"Jacqueline ROTEN\"}}]}<\/script>\n<!-- \/ Yoast SEO plugin. -->","yoast_head_json":{"title":"Pubblicazione di 4 nuovi spartiti corali e strumentali del compositore Itai Daniel - Institut Europ\u00e9en des Musiques Juives","robots":{"index":"index","follow":"follow","max-snippet":"max-snippet:-1","max-image-preview":"max-image-preview:large","max-video-preview":"max-video-preview:-1"},"canonical":"https:\/\/www.iemj.org\/it\/publication-de-4-nouvelles-partitions-chorales-et-instrumentales-du-compositeur-itai-daniel\/","og_locale":"it_IT","og_type":"article","og_title":"Pubblicazione di 4 nuovi spartiti corali e strumentali del compositore Itai Daniel - Institut Europ\u00e9en des Musiques Juives","og_description":"L&#8217;opera di Ita\u00ef Daniel \u00e8 profondamente ispirata all&#8217;ebraismo ed alle sue musiche. Scoprite quattro nuovi spartiti di questo compositore: un medley delle principali melodie di Hanukkah, un Grande Kaddish, una","og_url":"https:\/\/www.iemj.org\/it\/publication-de-4-nouvelles-partitions-chorales-et-instrumentales-du-compositeur-itai-daniel\/","og_site_name":"Institut Europ\u00e9en des Musiques Juives","article_publisher":"https:\/\/www.facebook.com\/MusiquesJuives\/","article_published_time":"2024-05-14T15:13:28+00:00","article_modified_time":"2024-05-16T07:40:59+00:00","og_image":[{"width":500,"height":500,"url":"https:\/\/www.iemj.org\/wp-content\/uploads\/2024\/05\/Logo-article.jpg","type":"image\/jpeg"}],"author":"Jacqueline ROTEN","twitter_card":"summary_large_image","twitter_misc":{"Scritto da":"Jacqueline ROTEN","Tempo di lettura stimato":"2 minuti"},"schema":{"@context":"https:\/\/schema.org","@graph":[{"@type":"Article","@id":"https:\/\/www.iemj.org\/it\/publication-de-4-nouvelles-partitions-chorales-et-instrumentales-du-compositeur-itai-daniel\/#article","isPartOf":{"@id":"https:\/\/www.iemj.org\/it\/publication-de-4-nouvelles-partitions-chorales-et-instrumentales-du-compositeur-itai-daniel\/"},"author":{"name":"Jacqueline ROTEN","@id":"https:\/\/www.iemj.org\/it\/#\/schema\/person\/358e26c18aca017fcc4cc15437f7279c"},"headline":"Pubblicazione di 4 nuovi spartiti corali e strumentali del compositore Itai Daniel","datePublished":"2024-05-14T15:13:28+00:00","dateModified":"2024-05-16T07:40:59+00:00","mainEntityOfPage":{"@id":"https:\/\/www.iemj.org\/it\/publication-de-4-nouvelles-partitions-chorales-et-instrumentales-du-compositeur-itai-daniel\/"},"wordCount":337,"publisher":{"@id":"https:\/\/www.iemj.org\/it\/#organization"},"image":{"@id":"https:\/\/www.iemj.org\/it\/publication-de-4-nouvelles-partitions-chorales-et-instrumentales-du-compositeur-itai-daniel\/#primaryimage"},"thumbnailUrl":"https:\/\/www.iemj.org\/wp-content\/uploads\/2024\/05\/Logo-article.jpg","articleSection":["Pubblicazioni","Spartiti IEMJ"],"inLanguage":"it-IT"},{"@type":"WebPage","@id":"https:\/\/www.iemj.org\/it\/publication-de-4-nouvelles-partitions-chorales-et-instrumentales-du-compositeur-itai-daniel\/","url":"https:\/\/www.iemj.org\/it\/publication-de-4-nouvelles-partitions-chorales-et-instrumentales-du-compositeur-itai-daniel\/","name":"Pubblicazione di 4 nuovi spartiti corali e strumentali del compositore Itai Daniel - Institut Europ\u00e9en des Musiques Juives","isPartOf":{"@id":"https:\/\/www.iemj.org\/it\/#website"},"primaryImageOfPage":{"@id":"https:\/\/www.iemj.org\/it\/publication-de-4-nouvelles-partitions-chorales-et-instrumentales-du-compositeur-itai-daniel\/#primaryimage"},"image":{"@id":"https:\/\/www.iemj.org\/it\/publication-de-4-nouvelles-partitions-chorales-et-instrumentales-du-compositeur-itai-daniel\/#primaryimage"},"thumbnailUrl":"https:\/\/www.iemj.org\/wp-content\/uploads\/2024\/05\/Logo-article.jpg","datePublished":"2024-05-14T15:13:28+00:00","dateModified":"2024-05-16T07:40:59+00:00","breadcrumb":{"@id":"https:\/\/www.iemj.org\/it\/publication-de-4-nouvelles-partitions-chorales-et-instrumentales-du-compositeur-itai-daniel\/#breadcrumb"},"inLanguage":"it-IT","potentialAction":[{"@type":"ReadAction","target":["https:\/\/www.iemj.org\/it\/publication-de-4-nouvelles-partitions-chorales-et-instrumentales-du-compositeur-itai-daniel\/"]}]},{"@type":"ImageObject","inLanguage":"it-IT","@id":"https:\/\/www.iemj.org\/it\/publication-de-4-nouvelles-partitions-chorales-et-instrumentales-du-compositeur-itai-daniel\/#primaryimage","url":"https:\/\/www.iemj.org\/wp-content\/uploads\/2024\/05\/Logo-article.jpg","contentUrl":"https:\/\/www.iemj.org\/wp-content\/uploads\/2024\/05\/Logo-article.jpg","width":500,"height":500},{"@type":"BreadcrumbList","@id":"https:\/\/www.iemj.org\/it\/publication-de-4-nouvelles-partitions-chorales-et-instrumentales-du-compositeur-itai-daniel\/#breadcrumb","itemListElement":[{"@type":"ListItem","position":1,"name":"Accueil","item":"https:\/\/www.iemj.org\/it\/"},{"@type":"ListItem","position":2,"name":"Pubblicazione di 4 nuovi spartiti corali e strumentali del compositore Itai Daniel"}]},{"@type":"WebSite","@id":"https:\/\/www.iemj.org\/it\/#website","url":"https:\/\/www.iemj.org\/it\/","name":"Institut Europ\u00e9en des Musiques Juives","description":"Des traditions musicales \u00e0 la port\u00e9e de tous","publisher":{"@id":"https:\/\/www.iemj.org\/it\/#organization"},"potentialAction":[{"@type":"SearchAction","target":{"@type":"EntryPoint","urlTemplate":"https:\/\/www.iemj.org\/it\/?s={search_term_string}"},"query-input":{"@type":"PropertyValueSpecification","valueRequired":true,"valueName":"search_term_string"}}],"inLanguage":"it-IT"},{"@type":"Organization","@id":"https:\/\/www.iemj.org\/it\/#organization","name":"Institut Europ\u00e9en des Musiques Juives","url":"https:\/\/www.iemj.org\/it\/","logo":{"@type":"ImageObject","inLanguage":"it-IT","@id":"https:\/\/www.iemj.org\/it\/#\/schema\/logo\/image\/","url":"https:\/\/www.iemj.org\/wp-content\/uploads\/2021\/09\/Logo-IEMJ-Paypal.jpg","contentUrl":"https:\/\/www.iemj.org\/wp-content\/uploads\/2021\/09\/Logo-IEMJ-Paypal.jpg","width":150,"height":50,"caption":"Institut Europ\u00e9en des Musiques Juives"},"image":{"@id":"https:\/\/www.iemj.org\/it\/#\/schema\/logo\/image\/"},"sameAs":["https:\/\/www.facebook.com\/MusiquesJuives\/","https:\/\/www.instagram.com\/musiquesjuives\/","https:\/\/www.youtube.com\/user\/musiquesjuives"]},{"@type":"Person","@id":"https:\/\/www.iemj.org\/it\/#\/schema\/person\/358e26c18aca017fcc4cc15437f7279c","name":"Jacqueline ROTEN","image":{"@type":"ImageObject","inLanguage":"it-IT","@id":"https:\/\/secure.gravatar.com\/avatar\/5964256d6c6957de3a3505278957e0fb2a35119ac47ea41827a65301213c810b?s=96&d=mm&r=g","url":"https:\/\/secure.gravatar.com\/avatar\/5964256d6c6957de3a3505278957e0fb2a35119ac47ea41827a65301213c810b?s=96&d=mm&r=g","contentUrl":"https:\/\/secure.gravatar.com\/avatar\/5964256d6c6957de3a3505278957e0fb2a35119ac47ea41827a65301213c810b?s=96&d=mm&r=g","caption":"Jacqueline ROTEN"}}]}},"_links":{"self":[{"href":"https:\/\/www.iemj.org\/it\/wp-json\/wp\/v2\/posts\/111825","targetHints":{"allow":["GET"]}}],"collection":[{"href":"https:\/\/www.iemj.org\/it\/wp-json\/wp\/v2\/posts"}],"about":[{"href":"https:\/\/www.iemj.org\/it\/wp-json\/wp\/v2\/types\/post"}],"author":[{"embeddable":true,"href":"https:\/\/www.iemj.org\/it\/wp-json\/wp\/v2\/users\/5"}],"replies":[{"embeddable":true,"href":"https:\/\/www.iemj.org\/it\/wp-json\/wp\/v2\/comments?post=111825"}],"version-history":[{"count":0,"href":"https:\/\/www.iemj.org\/it\/wp-json\/wp\/v2\/posts\/111825\/revisions"}],"wp:featuredmedia":[{"embeddable":true,"href":"https:\/\/www.iemj.org\/it\/wp-json\/wp\/v2\/media\/111821"}],"wp:attachment":[{"href":"https:\/\/www.iemj.org\/it\/wp-json\/wp\/v2\/media?parent=111825"}],"wp:term":[{"taxonomy":"category","embeddable":true,"href":"https:\/\/www.iemj.org\/it\/wp-json\/wp\/v2\/categories?post=111825"},{"taxonomy":"post_tag","embeddable":true,"href":"https:\/\/www.iemj.org\/it\/wp-json\/wp\/v2\/tags?post=111825"},{"taxonomy":"technique","embeddable":true,"href":"https:\/\/www.iemj.org\/it\/wp-json\/wp\/v2\/technique?post=111825"},{"taxonomy":"squelettes","embeddable":true,"href":"https:\/\/www.iemj.org\/it\/wp-json\/wp\/v2\/squelettes?post=111825"},{"taxonomy":"sujet","embeddable":true,"href":"https:\/\/www.iemj.org\/it\/wp-json\/wp\/v2\/sujet?post=111825"},{"taxonomy":"formation","embeddable":true,"href":"https:\/\/www.iemj.org\/it\/wp-json\/wp\/v2\/formation?post=111825"},{"taxonomy":"genre","embeddable":true,"href":"https:\/\/www.iemj.org\/it\/wp-json\/wp\/v2\/genre?post=111825"},{"taxonomy":"fonds","embeddable":true,"href":"https:\/\/www.iemj.org\/it\/wp-json\/wp\/v2\/fonds?post=111825"},{"taxonomy":"tradition","embeddable":true,"href":"https:\/\/www.iemj.org\/it\/wp-json\/wp\/v2\/tradition?post=111825"},{"taxonomy":"type-de-contenu","embeddable":true,"href":"https:\/\/www.iemj.org\/it\/wp-json\/wp\/v2\/type-de-contenu?post=111825"},{"taxonomy":"interprete-compositeur","embeddable":true,"href":"https:\/\/www.iemj.org\/it\/wp-json\/wp\/v2\/interprete-compositeur?post=111825"},{"taxonomy":"frise","embeddable":true,"href":"https:\/\/www.iemj.org\/it\/wp-json\/wp\/v2\/frise?post=111825"},{"taxonomy":"type-devenement","embeddable":true,"href":"https:\/\/www.iemj.org\/it\/wp-json\/wp\/v2\/type-devenement?post=111825"},{"taxonomy":"tableaux-liens-externes","embeddable":true,"href":"https:\/\/www.iemj.org\/it\/wp-json\/wp\/v2\/tableaux-liens-externes?post=111825"}],"curies":[{"name":"wp","href":"https:\/\/api.w.org\/{rel}","templated":true}]}}