{"id":112102,"date":"2024-05-21T15:25:41","date_gmt":"2024-05-21T13:25:41","guid":{"rendered":"https:\/\/www.iemj.org\/?p=112102"},"modified":"2024-05-23T19:40:14","modified_gmt":"2024-05-23T17:40:14","slug":"shemer-naomi-1930-2004","status":"publish","type":"post","link":"https:\/\/www.iemj.org\/it\/shemer-naomi-1930-2004\/","title":{"rendered":"Shemer, Naomi (1930 &#8211; 2004)"},"content":{"rendered":"<p>Considerata un&#8217;icona della poesia e della canzone israeliana, Naomi Shemer \u00e8 nata il 13 luglio 1930 a Kvutzat Kinneret, un kibbutz a sud del Mar di Galilea. Con un notevole talento per la musica, impara a suonare il pianoforte all&#8217;et\u00e0 di sei anni e partecipa alle attivit\u00e0 musicali del suo kibbutz. Al termine degli studi secondari, rimanda il servizio militare per iniziare a studiare musica, prima al Conservatorio di Tel Aviv, poi all&#8217;Accademia di Musica e Danza di Gerusalemme. Tra i suoi insegnanti figurano Paul Ben-Haim, Frank Pelleg, Abel Ehrlich, Ilona Vinze-Kraus e Josef Tal, quest&#8217;ultimo spesso considerato uno dei padri fondatori della musica israeliana.<\/p>\n<p>Nel 1951, Naomi Shemer si arruola nelle Forze di Difesa israeliane e serve nel Nahal come pianista. Dopo il congedo dall&#8217;esercito, scrive canzoni per il teatro, collaborando con il <img fetchpriority=\"high\" decoding=\"async\" class=\" wp-image-112128 alignright\" src=\"https:\/\/www.iemj.org\/wp-content\/uploads\/2024\/05\/Travel-of-Benjamin-The-Third_Lyrics-and-MMusic-by-Naomi-Shemer_D33-30_423_VIG-287x300.jpg\" alt=\"\" width=\"240\" height=\"250\" srcset=\"https:\/\/www.iemj.org\/wp-content\/uploads\/2024\/05\/Travel-of-Benjamin-The-Third_Lyrics-and-MMusic-by-Naomi-Shemer_D33-30_423_VIG-287x300.jpg 287w, https:\/\/www.iemj.org\/wp-content\/uploads\/2024\/05\/Travel-of-Benjamin-The-Third_Lyrics-and-MMusic-by-Naomi-Shemer_D33-30_423_VIG-600x627.jpg 600w, https:\/\/www.iemj.org\/wp-content\/uploads\/2024\/05\/Travel-of-Benjamin-The-Third_Lyrics-and-MMusic-by-Naomi-Shemer_D33-30_423_VIG.jpg 765w\" sizes=\"(max-width: 240px) 100vw, 240px\" \/>compositore Yochanan Zarai per il musical <em>Pshita Bakfar<\/em> e successivamente con l&#8217;attore e cantante Chaim Topol. Compone anche canzoni per le troupes musicali (<em>Chamsinim Bameshlat, Hakol Biglal Masmer<\/em>) e per il duo Dudaim (<em>Kibui Orot, Shayarat Harokvim<\/em>&#8230;).<\/p>\n<p>Alla fine del 1960, Naomi Shemer intraprende una tourn\u00e9e di nove mesi negli Stati Uniti, poi di nuovo in Israele continua a scrivere canzoni per vari interpreti. Nel 1964 si reca a Parigi con la figlia, dove si immerge nelle canzoni francesi di noti cantanti e ne scrive nuovi testi in ebraico, come <em>Shilgyia<\/em> [Biancaneve] sulla canzone <em>Les souliers<\/em> di Guy B\u00e9art ed <em>Ein Ahavot Smechot<\/em>, sulle note di <em>Il n&#8217;y a pas d&#8217;amour heureux<\/em> di Georges Brassens.<\/p>\n<p>Nel 1966, Naomi Shemer forma un quartetto femminile, The Shemer Sisters <span class=\"footnote_referrer\"><a role=\"button\" tabindex=\"0\" onclick=\"footnote_moveToReference_112102_1('footnote_plugin_reference_112102_1_1');\" onkeypress=\"footnote_moveToReference_112102_1('footnote_plugin_reference_112102_1_1');\" ><sup id=\"footnote_plugin_tooltip_112102_1_1\" class=\"footnote_plugin_tooltip_text\">[1]<\/sup><\/a><span id=\"footnote_plugin_tooltip_text_112102_1_1\" class=\"footnote_tooltip\">composto da Dina Golan, Dalia Oren, Amna Goldstein e Ruthy Bikal<\/span><\/span><script type=\"text\/javascript\"> jQuery('#footnote_plugin_tooltip_112102_1_1').tooltip({ tip: '#footnote_plugin_tooltip_text_112102_1_1', tipClass: 'footnote_tooltip', effect: 'fade', predelay: 0, fadeInSpeed: 200, delay: 400, fadeOutSpeed: 200, position: 'top center', relative: true, offset: [-7, 0], });<\/script>, per eseguire le sue canzoni. Sfortunatamente, difficolt\u00e0 finanziarie la portano a sciogliere il quartetto.<\/p>\n<p>Nel 1967 scrive la canzone <em>Yerushalayim shel zaha<\/em>v, che la rende famosa in tutto il mondo e porter\u00e0 alla commissione di decine di canzoni da parte di artisti famosi come Chava Alberstein, Yehoram Gaon e Yossi Banai&#8230;<\/p>\n<p><img decoding=\"async\" class=\"wp-image-112093 alignleft\" src=\"https:\/\/www.iemj.org\/wp-content\/uploads\/2024\/05\/Naomi-Shemer-au-piano-195x300.jpg\" alt=\"\" width=\"160\" height=\"246\" srcset=\"https:\/\/www.iemj.org\/wp-content\/uploads\/2024\/05\/Naomi-Shemer-au-piano-195x300.jpg 195w, https:\/\/www.iemj.org\/wp-content\/uploads\/2024\/05\/Naomi-Shemer-au-piano-665x1024.jpg 665w, https:\/\/www.iemj.org\/wp-content\/uploads\/2024\/05\/Naomi-Shemer-au-piano-600x924.jpg 600w, https:\/\/www.iemj.org\/wp-content\/uploads\/2024\/05\/Naomi-Shemer-au-piano.jpg 750w\" sizes=\"(max-width: 160px) 100vw, 160px\" \/>Nel 1983, Naomi Shemer riceve il prestigioso Premio d&#8217;Israele. Negli anni Novanta, per\u00f2, la sua salute si deteriora fino a compromettere la sua carriera. Nel 1994 l&#8217;Universit\u00e0 ebraica di Gerusalemme le conferisce un dottorato honoris causa, cos\u00ec come l&#8217;Universit\u00e0 di Tel Aviv nel 2001. Nel 2000 \u00e8 diventata membro dell&#8217;Accademia della Lingua Ebraica.<\/p>\n<p>Naomi Shemer muore di cancro il 26 giugno 2004. Viene sepolta nel suo luogo di nascita, il Kibbutz Kinneret, con vista sul lago di cui spesso cantava.<\/p>\n<p>Nel corso della sua carriera ha scritto e pubblicato oltre 200 canzoni. In accordo con la sua richiesta, i partecipanti al suo funerale &#8211; trasmesso dalla televisione nazionale &#8211; non terranno un elogio funebre, ma canteranno tre delle sue canzoni. Alla sua morte, il Primo Ministro israeliano Ariel Sharon ha dichiarato: &#8220;Usando parole e melodie meravigliose, \u00e8 riuscita a collegarci alle nostre radici, alle nostre origini, agli inizi del sionismo. Oggi, nel dare l&#8217;addio a Naomi Shemer, chiniamo il capo in segno di tristezza e siamo grati per il meraviglioso dono che Naomi ci ha fatto&#8221;.<\/p>\n<p>Fonti:<\/p>\n<ul>\n<li><a href=\"https:\/\/jwa.org\/encyclopedia\/article\/shemer-naomi#biblio\" target=\"_blank\" rel=\"noopener\">\u201cNaomi Shemer\u201d, The Shalvi\/Hyman Encyclopedia of Jewish Women<\/a><\/li>\n<li><a href=\"https:\/\/it.wikipedia.org\/wiki\/Naomi_Shemer\" target=\"_blank\" rel=\"noopener\">Wikipedia<\/a><\/li>\n<\/ul>\n<p><a href=\"https:\/\/www.iemj.org\/it\/yeroushalayim-shel-zahav-jerusalem-dor\/\" target=\"_blank\" rel=\"noopener\">Leggere l&#8217;articolo Gerusalemme d&#8217;oro, una canzone di Naomi Shemer<\/a><\/p>\n<p><a href=\"https:\/\/www.iemj.org\/it\/yerushalayim-shel-zahav-jerusalem-of-gold\/\" target=\"_blank\" rel=\"noopener\">Ascoltare diverse versioni della canzone Gerusalemme d&#8217;oro (Yeroushalayim shel zahav)<\/a><\/p>\n<div class=\"speaker-mute footnotes_reference_container\"> <div class=\"footnote_container_prepare\"><p><span role=\"button\" tabindex=\"0\" class=\"footnote_reference_container_label pointer\" onclick=\"footnote_expand_collapse_reference_container_112102_1();\">&#x202F;<\/span><span role=\"button\" tabindex=\"0\" class=\"footnote_reference_container_collapse_button\" style=\"display: none;\" onclick=\"footnote_expand_collapse_reference_container_112102_1();\">[<a id=\"footnote_reference_container_collapse_button_112102_1\">+<\/a>]<\/span><\/p><\/div> <div id=\"footnote_references_container_112102_1\" style=\"\"><table class=\"footnotes_table footnote-reference-container\"><caption class=\"accessibility\">References<\/caption> <tbody> \r\n\r\n<tr class=\"footnotes_plugin_reference_row\"> <th scope=\"row\" class=\"footnote_plugin_index_combi pointer\"  onclick=\"footnote_moveToAnchor_112102_1('footnote_plugin_tooltip_112102_1_1');\"><a id=\"footnote_plugin_reference_112102_1_1\" class=\"footnote_backlink\">1<\/a><\/th> <td class=\"footnote_plugin_text\">composto da Dina Golan, Dalia Oren, Amna Goldstein e Ruthy Bikal<\/td><\/tr>\r\n\r\n <\/tbody> <\/table> <\/div><\/div><script type=\"text\/javascript\"> function footnote_expand_reference_container_112102_1() { jQuery('#footnote_references_container_112102_1').show(); jQuery('#footnote_reference_container_collapse_button_112102_1').text('\u2212'); } function footnote_collapse_reference_container_112102_1() { jQuery('#footnote_references_container_112102_1').hide(); jQuery('#footnote_reference_container_collapse_button_112102_1').text('+'); } function footnote_expand_collapse_reference_container_112102_1() { if (jQuery('#footnote_references_container_112102_1').is(':hidden')) { footnote_expand_reference_container_112102_1(); } else { footnote_collapse_reference_container_112102_1(); } } function footnote_moveToReference_112102_1(p_str_TargetID) { footnote_expand_reference_container_112102_1(); var l_obj_Target = jQuery('#' + p_str_TargetID); if (l_obj_Target.length) { jQuery( 'html, body' ).delay( 0 ); jQuery('html, body').animate({ scrollTop: l_obj_Target.offset().top - window.innerHeight * 0.2 }, 380); } } function footnote_moveToAnchor_112102_1(p_str_TargetID) { footnote_expand_reference_container_112102_1(); var l_obj_Target = jQuery('#' + p_str_TargetID); if (l_obj_Target.length) { jQuery( 'html, body' ).delay( 0 ); jQuery('html, body').animate({ scrollTop: l_obj_Target.offset().top - window.innerHeight * 0.2 }, 380); } }<\/script>","protected":false},"excerpt":{"rendered":"<p>Considerata un&#8217;icona della poesia e della canzone israeliana, Naomi Shemer \u00e8 nata il 13 luglio 1930 a Kvutzat Kinneret, un kibbutz a sud del Mar di Galilea. Con un notevole<\/p>\n","protected":false},"author":5,"featured_media":112091,"comment_status":"closed","ping_status":"closed","sticky":false,"template":"","format":"standard","meta":{"_acf_changed":false,"footnotes":""},"categories":[1416],"tags":[],"technique":[],"squelettes":[],"sujet":[],"formation":[],"genre":[],"fonds":[],"tradition":[],"type-de-contenu":[],"interprete-compositeur":[],"frise":[],"type-devenement":[],"tableaux-liens-externes":[],"class_list":["post-112102","post","type-post","status-publish","format-standard","has-post-thumbnail","hentry","category-biografie-it"],"acf":[],"yoast_head":"<!-- This site is optimized with the Yoast SEO plugin v27.3 - https:\/\/yoast.com\/product\/yoast-seo-wordpress\/ -->\n<title>Shemer, Naomi (1930 - 2004) - Institut Europ\u00e9en des Musiques Juives<\/title>\n<meta name=\"robots\" content=\"index, follow, max-snippet:-1, max-image-preview:large, max-video-preview:-1\" \/>\n<link rel=\"canonical\" href=\"https:\/\/www.iemj.org\/it\/shemer-naomi-1930-2004\/\" \/>\n<meta property=\"og:locale\" content=\"it_IT\" \/>\n<meta property=\"og:type\" content=\"article\" \/>\n<meta property=\"og:title\" content=\"Shemer, Naomi (1930 - 2004) - Institut Europ\u00e9en des Musiques Juives\" \/>\n<meta property=\"og:description\" content=\"Considerata un&#8217;icona della poesia e della canzone israeliana, Naomi Shemer \u00e8 nata il 13 luglio 1930 a Kvutzat Kinneret, un kibbutz a sud del Mar di Galilea. Con un notevole\" \/>\n<meta property=\"og:url\" content=\"https:\/\/www.iemj.org\/it\/shemer-naomi-1930-2004\/\" \/>\n<meta property=\"og:site_name\" content=\"Institut Europ\u00e9en des Musiques Juives\" \/>\n<meta property=\"article:publisher\" content=\"https:\/\/www.facebook.com\/MusiquesJuives\/\" \/>\n<meta property=\"article:published_time\" content=\"2024-05-21T13:25:41+00:00\" \/>\n<meta property=\"article:modified_time\" content=\"2024-05-23T17:40:14+00:00\" \/>\n<meta property=\"og:image\" content=\"https:\/\/www.iemj.org\/wp-content\/uploads\/2024\/05\/Logo-Bio-Naomi-Shemer_redim-1.jpg\" \/>\n\t<meta property=\"og:image:width\" content=\"218\" \/>\n\t<meta property=\"og:image:height\" content=\"218\" \/>\n\t<meta property=\"og:image:type\" content=\"image\/jpeg\" \/>\n<meta name=\"author\" content=\"Jacqueline ROTEN\" \/>\n<meta name=\"twitter:card\" content=\"summary_large_image\" \/>\n<meta name=\"twitter:label1\" content=\"Scritto da\" \/>\n\t<meta name=\"twitter:data1\" content=\"Jacqueline ROTEN\" \/>\n\t<meta name=\"twitter:label2\" content=\"Tempo di lettura stimato\" \/>\n\t<meta name=\"twitter:data2\" content=\"4 minuti\" \/>\n<script type=\"application\/ld+json\" class=\"yoast-schema-graph\">{\"@context\":\"https:\\\/\\\/schema.org\",\"@graph\":[{\"@type\":\"Article\",\"@id\":\"https:\\\/\\\/www.iemj.org\\\/it\\\/shemer-naomi-1930-2004\\\/#article\",\"isPartOf\":{\"@id\":\"https:\\\/\\\/www.iemj.org\\\/it\\\/shemer-naomi-1930-2004\\\/\"},\"author\":{\"name\":\"Jacqueline ROTEN\",\"@id\":\"https:\\\/\\\/www.iemj.org\\\/it\\\/#\\\/schema\\\/person\\\/358e26c18aca017fcc4cc15437f7279c\"},\"headline\":\"Shemer, Naomi (1930 &#8211; 2004)\",\"datePublished\":\"2024-05-21T13:25:41+00:00\",\"dateModified\":\"2024-05-23T17:40:14+00:00\",\"mainEntityOfPage\":{\"@id\":\"https:\\\/\\\/www.iemj.org\\\/it\\\/shemer-naomi-1930-2004\\\/\"},\"wordCount\":532,\"publisher\":{\"@id\":\"https:\\\/\\\/www.iemj.org\\\/it\\\/#organization\"},\"image\":{\"@id\":\"https:\\\/\\\/www.iemj.org\\\/it\\\/shemer-naomi-1930-2004\\\/#primaryimage\"},\"thumbnailUrl\":\"https:\\\/\\\/www.iemj.org\\\/wp-content\\\/uploads\\\/2024\\\/05\\\/Logo-Bio-Naomi-Shemer_redim-1.jpg\",\"articleSection\":[\"Biografie\"],\"inLanguage\":\"it-IT\"},{\"@type\":\"WebPage\",\"@id\":\"https:\\\/\\\/www.iemj.org\\\/it\\\/shemer-naomi-1930-2004\\\/\",\"url\":\"https:\\\/\\\/www.iemj.org\\\/it\\\/shemer-naomi-1930-2004\\\/\",\"name\":\"Shemer, Naomi (1930 - 2004) - Institut Europ\u00e9en des Musiques Juives\",\"isPartOf\":{\"@id\":\"https:\\\/\\\/www.iemj.org\\\/it\\\/#website\"},\"primaryImageOfPage\":{\"@id\":\"https:\\\/\\\/www.iemj.org\\\/it\\\/shemer-naomi-1930-2004\\\/#primaryimage\"},\"image\":{\"@id\":\"https:\\\/\\\/www.iemj.org\\\/it\\\/shemer-naomi-1930-2004\\\/#primaryimage\"},\"thumbnailUrl\":\"https:\\\/\\\/www.iemj.org\\\/wp-content\\\/uploads\\\/2024\\\/05\\\/Logo-Bio-Naomi-Shemer_redim-1.jpg\",\"datePublished\":\"2024-05-21T13:25:41+00:00\",\"dateModified\":\"2024-05-23T17:40:14+00:00\",\"breadcrumb\":{\"@id\":\"https:\\\/\\\/www.iemj.org\\\/it\\\/shemer-naomi-1930-2004\\\/#breadcrumb\"},\"inLanguage\":\"it-IT\",\"potentialAction\":[{\"@type\":\"ReadAction\",\"target\":[\"https:\\\/\\\/www.iemj.org\\\/it\\\/shemer-naomi-1930-2004\\\/\"]}]},{\"@type\":\"ImageObject\",\"inLanguage\":\"it-IT\",\"@id\":\"https:\\\/\\\/www.iemj.org\\\/it\\\/shemer-naomi-1930-2004\\\/#primaryimage\",\"url\":\"https:\\\/\\\/www.iemj.org\\\/wp-content\\\/uploads\\\/2024\\\/05\\\/Logo-Bio-Naomi-Shemer_redim-1.jpg\",\"contentUrl\":\"https:\\\/\\\/www.iemj.org\\\/wp-content\\\/uploads\\\/2024\\\/05\\\/Logo-Bio-Naomi-Shemer_redim-1.jpg\",\"width\":218,\"height\":218},{\"@type\":\"BreadcrumbList\",\"@id\":\"https:\\\/\\\/www.iemj.org\\\/it\\\/shemer-naomi-1930-2004\\\/#breadcrumb\",\"itemListElement\":[{\"@type\":\"ListItem\",\"position\":1,\"name\":\"Accueil\",\"item\":\"https:\\\/\\\/www.iemj.org\\\/it\\\/\"},{\"@type\":\"ListItem\",\"position\":2,\"name\":\"Shemer, Naomi (1930 &#8211; 2004)\"}]},{\"@type\":\"WebSite\",\"@id\":\"https:\\\/\\\/www.iemj.org\\\/it\\\/#website\",\"url\":\"https:\\\/\\\/www.iemj.org\\\/it\\\/\",\"name\":\"Institut Europ\u00e9en des Musiques Juives\",\"description\":\"Des traditions musicales \u00e0 la port\u00e9e de tous\",\"publisher\":{\"@id\":\"https:\\\/\\\/www.iemj.org\\\/it\\\/#organization\"},\"potentialAction\":[{\"@type\":\"SearchAction\",\"target\":{\"@type\":\"EntryPoint\",\"urlTemplate\":\"https:\\\/\\\/www.iemj.org\\\/it\\\/?s={search_term_string}\"},\"query-input\":{\"@type\":\"PropertyValueSpecification\",\"valueRequired\":true,\"valueName\":\"search_term_string\"}}],\"inLanguage\":\"it-IT\"},{\"@type\":\"Organization\",\"@id\":\"https:\\\/\\\/www.iemj.org\\\/it\\\/#organization\",\"name\":\"Institut Europ\u00e9en des Musiques Juives\",\"url\":\"https:\\\/\\\/www.iemj.org\\\/it\\\/\",\"logo\":{\"@type\":\"ImageObject\",\"inLanguage\":\"it-IT\",\"@id\":\"https:\\\/\\\/www.iemj.org\\\/it\\\/#\\\/schema\\\/logo\\\/image\\\/\",\"url\":\"https:\\\/\\\/www.iemj.org\\\/wp-content\\\/uploads\\\/2021\\\/09\\\/Logo-IEMJ-Paypal.jpg\",\"contentUrl\":\"https:\\\/\\\/www.iemj.org\\\/wp-content\\\/uploads\\\/2021\\\/09\\\/Logo-IEMJ-Paypal.jpg\",\"width\":150,\"height\":50,\"caption\":\"Institut Europ\u00e9en des Musiques Juives\"},\"image\":{\"@id\":\"https:\\\/\\\/www.iemj.org\\\/it\\\/#\\\/schema\\\/logo\\\/image\\\/\"},\"sameAs\":[\"https:\\\/\\\/www.facebook.com\\\/MusiquesJuives\\\/\",\"https:\\\/\\\/www.instagram.com\\\/musiquesjuives\\\/\",\"https:\\\/\\\/www.youtube.com\\\/user\\\/musiquesjuives\"]},{\"@type\":\"Person\",\"@id\":\"https:\\\/\\\/www.iemj.org\\\/it\\\/#\\\/schema\\\/person\\\/358e26c18aca017fcc4cc15437f7279c\",\"name\":\"Jacqueline ROTEN\",\"image\":{\"@type\":\"ImageObject\",\"inLanguage\":\"it-IT\",\"@id\":\"https:\\\/\\\/secure.gravatar.com\\\/avatar\\\/5964256d6c6957de3a3505278957e0fb2a35119ac47ea41827a65301213c810b?s=96&d=mm&r=g\",\"url\":\"https:\\\/\\\/secure.gravatar.com\\\/avatar\\\/5964256d6c6957de3a3505278957e0fb2a35119ac47ea41827a65301213c810b?s=96&d=mm&r=g\",\"contentUrl\":\"https:\\\/\\\/secure.gravatar.com\\\/avatar\\\/5964256d6c6957de3a3505278957e0fb2a35119ac47ea41827a65301213c810b?s=96&d=mm&r=g\",\"caption\":\"Jacqueline ROTEN\"}}]}<\/script>\n<!-- \/ Yoast SEO plugin. -->","yoast_head_json":{"title":"Shemer, Naomi (1930 - 2004) - Institut Europ\u00e9en des Musiques Juives","robots":{"index":"index","follow":"follow","max-snippet":"max-snippet:-1","max-image-preview":"max-image-preview:large","max-video-preview":"max-video-preview:-1"},"canonical":"https:\/\/www.iemj.org\/it\/shemer-naomi-1930-2004\/","og_locale":"it_IT","og_type":"article","og_title":"Shemer, Naomi (1930 - 2004) - Institut Europ\u00e9en des Musiques Juives","og_description":"Considerata un&#8217;icona della poesia e della canzone israeliana, Naomi Shemer \u00e8 nata il 13 luglio 1930 a Kvutzat Kinneret, un kibbutz a sud del Mar di Galilea. Con un notevole","og_url":"https:\/\/www.iemj.org\/it\/shemer-naomi-1930-2004\/","og_site_name":"Institut Europ\u00e9en des Musiques Juives","article_publisher":"https:\/\/www.facebook.com\/MusiquesJuives\/","article_published_time":"2024-05-21T13:25:41+00:00","article_modified_time":"2024-05-23T17:40:14+00:00","og_image":[{"width":218,"height":218,"url":"https:\/\/www.iemj.org\/wp-content\/uploads\/2024\/05\/Logo-Bio-Naomi-Shemer_redim-1.jpg","type":"image\/jpeg"}],"author":"Jacqueline ROTEN","twitter_card":"summary_large_image","twitter_misc":{"Scritto da":"Jacqueline ROTEN","Tempo di lettura stimato":"4 minuti"},"schema":{"@context":"https:\/\/schema.org","@graph":[{"@type":"Article","@id":"https:\/\/www.iemj.org\/it\/shemer-naomi-1930-2004\/#article","isPartOf":{"@id":"https:\/\/www.iemj.org\/it\/shemer-naomi-1930-2004\/"},"author":{"name":"Jacqueline ROTEN","@id":"https:\/\/www.iemj.org\/it\/#\/schema\/person\/358e26c18aca017fcc4cc15437f7279c"},"headline":"Shemer, Naomi (1930 &#8211; 2004)","datePublished":"2024-05-21T13:25:41+00:00","dateModified":"2024-05-23T17:40:14+00:00","mainEntityOfPage":{"@id":"https:\/\/www.iemj.org\/it\/shemer-naomi-1930-2004\/"},"wordCount":532,"publisher":{"@id":"https:\/\/www.iemj.org\/it\/#organization"},"image":{"@id":"https:\/\/www.iemj.org\/it\/shemer-naomi-1930-2004\/#primaryimage"},"thumbnailUrl":"https:\/\/www.iemj.org\/wp-content\/uploads\/2024\/05\/Logo-Bio-Naomi-Shemer_redim-1.jpg","articleSection":["Biografie"],"inLanguage":"it-IT"},{"@type":"WebPage","@id":"https:\/\/www.iemj.org\/it\/shemer-naomi-1930-2004\/","url":"https:\/\/www.iemj.org\/it\/shemer-naomi-1930-2004\/","name":"Shemer, Naomi (1930 - 2004) - Institut Europ\u00e9en des Musiques Juives","isPartOf":{"@id":"https:\/\/www.iemj.org\/it\/#website"},"primaryImageOfPage":{"@id":"https:\/\/www.iemj.org\/it\/shemer-naomi-1930-2004\/#primaryimage"},"image":{"@id":"https:\/\/www.iemj.org\/it\/shemer-naomi-1930-2004\/#primaryimage"},"thumbnailUrl":"https:\/\/www.iemj.org\/wp-content\/uploads\/2024\/05\/Logo-Bio-Naomi-Shemer_redim-1.jpg","datePublished":"2024-05-21T13:25:41+00:00","dateModified":"2024-05-23T17:40:14+00:00","breadcrumb":{"@id":"https:\/\/www.iemj.org\/it\/shemer-naomi-1930-2004\/#breadcrumb"},"inLanguage":"it-IT","potentialAction":[{"@type":"ReadAction","target":["https:\/\/www.iemj.org\/it\/shemer-naomi-1930-2004\/"]}]},{"@type":"ImageObject","inLanguage":"it-IT","@id":"https:\/\/www.iemj.org\/it\/shemer-naomi-1930-2004\/#primaryimage","url":"https:\/\/www.iemj.org\/wp-content\/uploads\/2024\/05\/Logo-Bio-Naomi-Shemer_redim-1.jpg","contentUrl":"https:\/\/www.iemj.org\/wp-content\/uploads\/2024\/05\/Logo-Bio-Naomi-Shemer_redim-1.jpg","width":218,"height":218},{"@type":"BreadcrumbList","@id":"https:\/\/www.iemj.org\/it\/shemer-naomi-1930-2004\/#breadcrumb","itemListElement":[{"@type":"ListItem","position":1,"name":"Accueil","item":"https:\/\/www.iemj.org\/it\/"},{"@type":"ListItem","position":2,"name":"Shemer, Naomi (1930 &#8211; 2004)"}]},{"@type":"WebSite","@id":"https:\/\/www.iemj.org\/it\/#website","url":"https:\/\/www.iemj.org\/it\/","name":"Institut Europ\u00e9en des Musiques Juives","description":"Des traditions musicales \u00e0 la port\u00e9e de tous","publisher":{"@id":"https:\/\/www.iemj.org\/it\/#organization"},"potentialAction":[{"@type":"SearchAction","target":{"@type":"EntryPoint","urlTemplate":"https:\/\/www.iemj.org\/it\/?s={search_term_string}"},"query-input":{"@type":"PropertyValueSpecification","valueRequired":true,"valueName":"search_term_string"}}],"inLanguage":"it-IT"},{"@type":"Organization","@id":"https:\/\/www.iemj.org\/it\/#organization","name":"Institut Europ\u00e9en des Musiques Juives","url":"https:\/\/www.iemj.org\/it\/","logo":{"@type":"ImageObject","inLanguage":"it-IT","@id":"https:\/\/www.iemj.org\/it\/#\/schema\/logo\/image\/","url":"https:\/\/www.iemj.org\/wp-content\/uploads\/2021\/09\/Logo-IEMJ-Paypal.jpg","contentUrl":"https:\/\/www.iemj.org\/wp-content\/uploads\/2021\/09\/Logo-IEMJ-Paypal.jpg","width":150,"height":50,"caption":"Institut Europ\u00e9en des Musiques Juives"},"image":{"@id":"https:\/\/www.iemj.org\/it\/#\/schema\/logo\/image\/"},"sameAs":["https:\/\/www.facebook.com\/MusiquesJuives\/","https:\/\/www.instagram.com\/musiquesjuives\/","https:\/\/www.youtube.com\/user\/musiquesjuives"]},{"@type":"Person","@id":"https:\/\/www.iemj.org\/it\/#\/schema\/person\/358e26c18aca017fcc4cc15437f7279c","name":"Jacqueline ROTEN","image":{"@type":"ImageObject","inLanguage":"it-IT","@id":"https:\/\/secure.gravatar.com\/avatar\/5964256d6c6957de3a3505278957e0fb2a35119ac47ea41827a65301213c810b?s=96&d=mm&r=g","url":"https:\/\/secure.gravatar.com\/avatar\/5964256d6c6957de3a3505278957e0fb2a35119ac47ea41827a65301213c810b?s=96&d=mm&r=g","contentUrl":"https:\/\/secure.gravatar.com\/avatar\/5964256d6c6957de3a3505278957e0fb2a35119ac47ea41827a65301213c810b?s=96&d=mm&r=g","caption":"Jacqueline ROTEN"}}]}},"_links":{"self":[{"href":"https:\/\/www.iemj.org\/it\/wp-json\/wp\/v2\/posts\/112102","targetHints":{"allow":["GET"]}}],"collection":[{"href":"https:\/\/www.iemj.org\/it\/wp-json\/wp\/v2\/posts"}],"about":[{"href":"https:\/\/www.iemj.org\/it\/wp-json\/wp\/v2\/types\/post"}],"author":[{"embeddable":true,"href":"https:\/\/www.iemj.org\/it\/wp-json\/wp\/v2\/users\/5"}],"replies":[{"embeddable":true,"href":"https:\/\/www.iemj.org\/it\/wp-json\/wp\/v2\/comments?post=112102"}],"version-history":[{"count":0,"href":"https:\/\/www.iemj.org\/it\/wp-json\/wp\/v2\/posts\/112102\/revisions"}],"wp:featuredmedia":[{"embeddable":true,"href":"https:\/\/www.iemj.org\/it\/wp-json\/wp\/v2\/media\/112091"}],"wp:attachment":[{"href":"https:\/\/www.iemj.org\/it\/wp-json\/wp\/v2\/media?parent=112102"}],"wp:term":[{"taxonomy":"category","embeddable":true,"href":"https:\/\/www.iemj.org\/it\/wp-json\/wp\/v2\/categories?post=112102"},{"taxonomy":"post_tag","embeddable":true,"href":"https:\/\/www.iemj.org\/it\/wp-json\/wp\/v2\/tags?post=112102"},{"taxonomy":"technique","embeddable":true,"href":"https:\/\/www.iemj.org\/it\/wp-json\/wp\/v2\/technique?post=112102"},{"taxonomy":"squelettes","embeddable":true,"href":"https:\/\/www.iemj.org\/it\/wp-json\/wp\/v2\/squelettes?post=112102"},{"taxonomy":"sujet","embeddable":true,"href":"https:\/\/www.iemj.org\/it\/wp-json\/wp\/v2\/sujet?post=112102"},{"taxonomy":"formation","embeddable":true,"href":"https:\/\/www.iemj.org\/it\/wp-json\/wp\/v2\/formation?post=112102"},{"taxonomy":"genre","embeddable":true,"href":"https:\/\/www.iemj.org\/it\/wp-json\/wp\/v2\/genre?post=112102"},{"taxonomy":"fonds","embeddable":true,"href":"https:\/\/www.iemj.org\/it\/wp-json\/wp\/v2\/fonds?post=112102"},{"taxonomy":"tradition","embeddable":true,"href":"https:\/\/www.iemj.org\/it\/wp-json\/wp\/v2\/tradition?post=112102"},{"taxonomy":"type-de-contenu","embeddable":true,"href":"https:\/\/www.iemj.org\/it\/wp-json\/wp\/v2\/type-de-contenu?post=112102"},{"taxonomy":"interprete-compositeur","embeddable":true,"href":"https:\/\/www.iemj.org\/it\/wp-json\/wp\/v2\/interprete-compositeur?post=112102"},{"taxonomy":"frise","embeddable":true,"href":"https:\/\/www.iemj.org\/it\/wp-json\/wp\/v2\/frise?post=112102"},{"taxonomy":"type-devenement","embeddable":true,"href":"https:\/\/www.iemj.org\/it\/wp-json\/wp\/v2\/type-devenement?post=112102"},{"taxonomy":"tableaux-liens-externes","embeddable":true,"href":"https:\/\/www.iemj.org\/it\/wp-json\/wp\/v2\/tableaux-liens-externes?post=112102"}],"curies":[{"name":"wp","href":"https:\/\/api.w.org\/{rel}","templated":true}]}}