{"id":112534,"date":"2024-06-05T13:30:15","date_gmt":"2024-06-05T11:30:15","guid":{"rendered":"https:\/\/www.iemj.org\/des-carpates-aux-balkans-une-escapade-musicale-douest-en-est-par-le-duo-kalarash-ses-invites\/"},"modified":"2024-06-06T10:09:23","modified_gmt":"2024-06-06T08:09:23","slug":"des-carpates-aux-balkans-une-escapade-musicale-douest-en-est-par-le-duo-kalarash-ses-invites","status":"publish","type":"post","link":"https:\/\/www.iemj.org\/it\/des-carpates-aux-balkans-une-escapade-musicale-douest-en-est-par-le-duo-kalarash-ses-invites\/","title":{"rendered":"DAI CARPAZI AI BALCANI &#8211; UNA FUGA MUSICALE DA OVEST AD EST DEL DUO KALARASH &amp; GUESTS"},"content":{"rendered":"<h1><strong>Proposto dal IEMJ e dal FSJU<\/strong> nell&#8217;ambito della giornata &#8220;Paroles en f\u00eate&#8221; (Parole in festa) del FESTIVAL DES CULTURES JUIVES #19<\/h1>\n<p><!--more--><\/p>\n<h3 style=\"text-align: left; padding-left: 120px;\">16 giugno 2024 &#8211; 18:00<\/h3>\n<h3 style=\"text-align: left; padding-left: 120px;\"><strong>Espace Rachi\u202f Guy de Rothschild<\/strong><\/h3>\n<h3 style=\"text-align: left; padding-left: 120px;\">39, rue Broca &#8211; 75005 Paris<\/h3>\n<p><!--more--><\/p>\n<p>Il duo Kalarash torna all&#8217;Espace Rachi! Dopo aver presentato il loro album di musica klezmer in quintetto nel marzo 2023, tornano per accompagnarci in un viaggio attraverso l&#8217;Europa, con tappe in Polonia, Romania, Ucraina e Grecia.<\/p>\n<p><a href=\"https:\/\/www.iemj.org\/produit\/kalarash-musique-klezmer-chansons-yiddish-et-francaises\/\" target=\"_blank\" rel=\"noopener\"><img decoding=\"async\" class=\"wp-image-86267 alignright\" src=\"https:\/\/www.iemj.org\/wp-content\/uploads\/2022\/07\/Couv-CDD8-Kalarash-pour-site-1-300x269.jpg\" alt=\"\" width=\"116\" height=\"104\" srcset=\"https:\/\/www.iemj.org\/wp-content\/uploads\/2022\/07\/Couv-CDD8-Kalarash-pour-site-1-300x269.jpg 300w, https:\/\/www.iemj.org\/wp-content\/uploads\/2022\/07\/Couv-CDD8-Kalarash-pour-site-1.jpg 450w\" sizes=\"(max-width: 116px) 100vw, 116px\" \/><\/a>Per questo concerto, sono accompagnati dai loro ospiti al violino (H\u00e9l\u00e9na Morag) e al clarinetto (Samuel Maquin), due strumenti emblematici di queste regioni.<\/p>\n<p>Agathe Llorca, violino, voce e bracsa (viola), David Lefebvre, chitarra, tsimbl e voce, H\u00e9l\u00e9na Morag, violino e voce, Samuel Maquin, clarinetto<\/p>\n<h3>TARIFS<\/h3>\n<p>Categoria 1: 17,00 euro<\/p>\n<p><strong><a href=\"https:\/\/www.festivaldesculturesjuives.org\/billetterie\/\" target=\"_blank\" rel=\"noopener\">Prenotazione online<\/a><\/strong><\/p>\n<h2 style=\"text-align: center;\">PARTNER\/ORGANIZZATORE\/I<\/h2>\n<div>\u00a0<\/div>\n\n\n<div class=\"wp-block-columns is-layout-flex wp-container-core-columns-is-layout-9d6595d7 wp-block-columns-is-layout-flex\">\n<div class=\"wp-block-column is-layout-flow wp-block-column-is-layout-flow\">\n<figure class=\"wp-block-image size-full\"><img fetchpriority=\"high\" decoding=\"async\" width=\"532\" height=\"190\" src=\"https:\/\/www.iemj.org\/wp-content\/uploads\/2024\/05\/IEMJ_LOGO_CMJN_HORIZONTAL_sans-fond-Copie-1.png\" alt=\"\" class=\"wp-image-111979\" srcset=\"https:\/\/www.iemj.org\/wp-content\/uploads\/2024\/05\/IEMJ_LOGO_CMJN_HORIZONTAL_sans-fond-Copie-1.png 532w, https:\/\/www.iemj.org\/wp-content\/uploads\/2024\/05\/IEMJ_LOGO_CMJN_HORIZONTAL_sans-fond-Copie-1-300x107.png 300w\" sizes=\"(max-width: 532px) 100vw, 532px\" \/><\/figure>\n<\/div>\n\n\n\n<div class=\"wp-block-column is-layout-flow wp-block-column-is-layout-flow\">\n<figure class=\"wp-block-image size-full\"><img decoding=\"async\" width=\"448\" height=\"170\" src=\"https:\/\/www.iemj.org\/wp-content\/uploads\/2024\/05\/LOGO-FSJU-sans-bl-1-3.jpg\" alt=\"\" class=\"wp-image-112019\" srcset=\"https:\/\/www.iemj.org\/wp-content\/uploads\/2024\/05\/LOGO-FSJU-sans-bl-1-3.jpg 448w, https:\/\/www.iemj.org\/wp-content\/uploads\/2024\/05\/LOGO-FSJU-sans-bl-1-3-300x114.jpg 300w\" sizes=\"(max-width: 448px) 100vw, 448px\" \/><\/figure>\n<\/div>\n<\/div>\n","protected":false},"excerpt":{"rendered":"<p>Proposto dal IEMJ e dal FSJU nell&#8217;ambito della giornata &#8220;Paroles en f\u00eate&#8221; (Parole in festa) del FESTIVAL DES CULTURES JUIVES #19<\/p>\n","protected":false},"author":5,"featured_media":112507,"comment_status":"closed","ping_status":"closed","sticky":false,"template":"","format":"standard","meta":{"_acf_changed":false,"footnotes":""},"categories":[1343,1379,1371],"tags":[],"technique":[],"squelettes":[],"sujet":[],"formation":[],"genre":[],"fonds":[],"tradition":[],"type-de-contenu":[],"interprete-compositeur":[],"frise":[],"type-devenement":[],"tableaux-liens-externes":[],"class_list":["post-112534","post","type-post","status-publish","format-standard","has-post-thumbnail","hentry","category-attualita-it","category-concerti-manifestazioni-it","category-manifestazioni-it"],"acf":[],"yoast_head":"<!-- This site is optimized with the Yoast SEO plugin v27.3 - https:\/\/yoast.com\/product\/yoast-seo-wordpress\/ -->\n<title>DAI CARPAZI AI BALCANI - UNA FUGA MUSICALE DA OVEST AD EST DEL DUO KALARASH &amp; GUESTS - Institut Europ\u00e9en des Musiques Juives<\/title>\n<meta name=\"robots\" content=\"index, follow, max-snippet:-1, max-image-preview:large, max-video-preview:-1\" \/>\n<link rel=\"canonical\" href=\"https:\/\/www.iemj.org\/it\/des-carpates-aux-balkans-une-escapade-musicale-douest-en-est-par-le-duo-kalarash-ses-invites\/\" \/>\n<meta property=\"og:locale\" content=\"it_IT\" \/>\n<meta property=\"og:type\" content=\"article\" \/>\n<meta property=\"og:title\" content=\"DAI CARPAZI AI BALCANI - UNA FUGA MUSICALE DA OVEST AD EST DEL DUO KALARASH &amp; GUESTS - Institut Europ\u00e9en des Musiques Juives\" \/>\n<meta property=\"og:description\" content=\"Proposto dal IEMJ e dal FSJU nell&#8217;ambito della giornata &#8220;Paroles en f\u00eate&#8221; (Parole in festa) del FESTIVAL DES CULTURES JUIVES #19\" \/>\n<meta property=\"og:url\" content=\"https:\/\/www.iemj.org\/it\/des-carpates-aux-balkans-une-escapade-musicale-douest-en-est-par-le-duo-kalarash-ses-invites\/\" \/>\n<meta property=\"og:site_name\" content=\"Institut Europ\u00e9en des Musiques Juives\" \/>\n<meta property=\"article:publisher\" content=\"https:\/\/www.facebook.com\/MusiquesJuives\/\" \/>\n<meta property=\"article:published_time\" content=\"2024-06-05T11:30:15+00:00\" \/>\n<meta property=\"article:modified_time\" content=\"2024-06-06T08:09:23+00:00\" \/>\n<meta property=\"og:image\" content=\"https:\/\/www.iemj.org\/wp-content\/uploads\/2024\/06\/Logo-Concert-K-2024-1.jpg\" \/>\n\t<meta property=\"og:image:width\" content=\"500\" \/>\n\t<meta property=\"og:image:height\" content=\"500\" \/>\n\t<meta property=\"og:image:type\" content=\"image\/jpeg\" \/>\n<meta name=\"author\" content=\"Jacqueline ROTEN\" \/>\n<meta name=\"twitter:card\" content=\"summary_large_image\" \/>\n<meta name=\"twitter:label1\" content=\"Scritto da\" \/>\n\t<meta name=\"twitter:data1\" content=\"Jacqueline ROTEN\" \/>\n\t<meta name=\"twitter:label2\" content=\"Tempo di lettura stimato\" \/>\n\t<meta name=\"twitter:data2\" content=\"2 minuti\" \/>\n<script type=\"application\/ld+json\" class=\"yoast-schema-graph\">{\"@context\":\"https:\\\/\\\/schema.org\",\"@graph\":[{\"@type\":\"Article\",\"@id\":\"https:\\\/\\\/www.iemj.org\\\/it\\\/des-carpates-aux-balkans-une-escapade-musicale-douest-en-est-par-le-duo-kalarash-ses-invites\\\/#article\",\"isPartOf\":{\"@id\":\"https:\\\/\\\/www.iemj.org\\\/it\\\/des-carpates-aux-balkans-une-escapade-musicale-douest-en-est-par-le-duo-kalarash-ses-invites\\\/\"},\"author\":{\"name\":\"Jacqueline ROTEN\",\"@id\":\"https:\\\/\\\/www.iemj.org\\\/it\\\/#\\\/schema\\\/person\\\/358e26c18aca017fcc4cc15437f7279c\"},\"headline\":\"DAI CARPAZI AI BALCANI &#8211; UNA FUGA MUSICALE DA OVEST AD EST DEL DUO KALARASH &amp; GUESTS\",\"datePublished\":\"2024-06-05T11:30:15+00:00\",\"dateModified\":\"2024-06-06T08:09:23+00:00\",\"mainEntityOfPage\":{\"@id\":\"https:\\\/\\\/www.iemj.org\\\/it\\\/des-carpates-aux-balkans-une-escapade-musicale-douest-en-est-par-le-duo-kalarash-ses-invites\\\/\"},\"wordCount\":143,\"publisher\":{\"@id\":\"https:\\\/\\\/www.iemj.org\\\/it\\\/#organization\"},\"image\":{\"@id\":\"https:\\\/\\\/www.iemj.org\\\/it\\\/des-carpates-aux-balkans-une-escapade-musicale-douest-en-est-par-le-duo-kalarash-ses-invites\\\/#primaryimage\"},\"thumbnailUrl\":\"https:\\\/\\\/www.iemj.org\\\/wp-content\\\/uploads\\\/2024\\\/06\\\/Logo-Concert-K-2024-1.jpg\",\"articleSection\":[\"Atttualit\u00e0\",\"Concerti\",\"Manifestazioni\"],\"inLanguage\":\"it-IT\"},{\"@type\":\"WebPage\",\"@id\":\"https:\\\/\\\/www.iemj.org\\\/it\\\/des-carpates-aux-balkans-une-escapade-musicale-douest-en-est-par-le-duo-kalarash-ses-invites\\\/\",\"url\":\"https:\\\/\\\/www.iemj.org\\\/it\\\/des-carpates-aux-balkans-une-escapade-musicale-douest-en-est-par-le-duo-kalarash-ses-invites\\\/\",\"name\":\"DAI CARPAZI AI BALCANI - UNA FUGA MUSICALE DA OVEST AD EST DEL DUO KALARASH &amp; GUESTS - Institut Europ\u00e9en des Musiques Juives\",\"isPartOf\":{\"@id\":\"https:\\\/\\\/www.iemj.org\\\/it\\\/#website\"},\"primaryImageOfPage\":{\"@id\":\"https:\\\/\\\/www.iemj.org\\\/it\\\/des-carpates-aux-balkans-une-escapade-musicale-douest-en-est-par-le-duo-kalarash-ses-invites\\\/#primaryimage\"},\"image\":{\"@id\":\"https:\\\/\\\/www.iemj.org\\\/it\\\/des-carpates-aux-balkans-une-escapade-musicale-douest-en-est-par-le-duo-kalarash-ses-invites\\\/#primaryimage\"},\"thumbnailUrl\":\"https:\\\/\\\/www.iemj.org\\\/wp-content\\\/uploads\\\/2024\\\/06\\\/Logo-Concert-K-2024-1.jpg\",\"datePublished\":\"2024-06-05T11:30:15+00:00\",\"dateModified\":\"2024-06-06T08:09:23+00:00\",\"breadcrumb\":{\"@id\":\"https:\\\/\\\/www.iemj.org\\\/it\\\/des-carpates-aux-balkans-une-escapade-musicale-douest-en-est-par-le-duo-kalarash-ses-invites\\\/#breadcrumb\"},\"inLanguage\":\"it-IT\",\"potentialAction\":[{\"@type\":\"ReadAction\",\"target\":[\"https:\\\/\\\/www.iemj.org\\\/it\\\/des-carpates-aux-balkans-une-escapade-musicale-douest-en-est-par-le-duo-kalarash-ses-invites\\\/\"]}]},{\"@type\":\"ImageObject\",\"inLanguage\":\"it-IT\",\"@id\":\"https:\\\/\\\/www.iemj.org\\\/it\\\/des-carpates-aux-balkans-une-escapade-musicale-douest-en-est-par-le-duo-kalarash-ses-invites\\\/#primaryimage\",\"url\":\"https:\\\/\\\/www.iemj.org\\\/wp-content\\\/uploads\\\/2024\\\/06\\\/Logo-Concert-K-2024-1.jpg\",\"contentUrl\":\"https:\\\/\\\/www.iemj.org\\\/wp-content\\\/uploads\\\/2024\\\/06\\\/Logo-Concert-K-2024-1.jpg\",\"width\":500,\"height\":500},{\"@type\":\"BreadcrumbList\",\"@id\":\"https:\\\/\\\/www.iemj.org\\\/it\\\/des-carpates-aux-balkans-une-escapade-musicale-douest-en-est-par-le-duo-kalarash-ses-invites\\\/#breadcrumb\",\"itemListElement\":[{\"@type\":\"ListItem\",\"position\":1,\"name\":\"Accueil\",\"item\":\"https:\\\/\\\/www.iemj.org\\\/it\\\/\"},{\"@type\":\"ListItem\",\"position\":2,\"name\":\"DAI CARPAZI AI BALCANI &#8211; UNA FUGA MUSICALE DA OVEST AD EST DEL DUO KALARASH &amp; GUESTS\"}]},{\"@type\":\"WebSite\",\"@id\":\"https:\\\/\\\/www.iemj.org\\\/it\\\/#website\",\"url\":\"https:\\\/\\\/www.iemj.org\\\/it\\\/\",\"name\":\"Institut Europ\u00e9en des Musiques Juives\",\"description\":\"Des traditions musicales \u00e0 la port\u00e9e de tous\",\"publisher\":{\"@id\":\"https:\\\/\\\/www.iemj.org\\\/it\\\/#organization\"},\"potentialAction\":[{\"@type\":\"SearchAction\",\"target\":{\"@type\":\"EntryPoint\",\"urlTemplate\":\"https:\\\/\\\/www.iemj.org\\\/it\\\/?s={search_term_string}\"},\"query-input\":{\"@type\":\"PropertyValueSpecification\",\"valueRequired\":true,\"valueName\":\"search_term_string\"}}],\"inLanguage\":\"it-IT\"},{\"@type\":\"Organization\",\"@id\":\"https:\\\/\\\/www.iemj.org\\\/it\\\/#organization\",\"name\":\"Institut Europ\u00e9en des Musiques Juives\",\"url\":\"https:\\\/\\\/www.iemj.org\\\/it\\\/\",\"logo\":{\"@type\":\"ImageObject\",\"inLanguage\":\"it-IT\",\"@id\":\"https:\\\/\\\/www.iemj.org\\\/it\\\/#\\\/schema\\\/logo\\\/image\\\/\",\"url\":\"https:\\\/\\\/www.iemj.org\\\/wp-content\\\/uploads\\\/2021\\\/09\\\/Logo-IEMJ-Paypal.jpg\",\"contentUrl\":\"https:\\\/\\\/www.iemj.org\\\/wp-content\\\/uploads\\\/2021\\\/09\\\/Logo-IEMJ-Paypal.jpg\",\"width\":150,\"height\":50,\"caption\":\"Institut Europ\u00e9en des Musiques Juives\"},\"image\":{\"@id\":\"https:\\\/\\\/www.iemj.org\\\/it\\\/#\\\/schema\\\/logo\\\/image\\\/\"},\"sameAs\":[\"https:\\\/\\\/www.facebook.com\\\/MusiquesJuives\\\/\",\"https:\\\/\\\/www.instagram.com\\\/musiquesjuives\\\/\",\"https:\\\/\\\/www.youtube.com\\\/user\\\/musiquesjuives\"]},{\"@type\":\"Person\",\"@id\":\"https:\\\/\\\/www.iemj.org\\\/it\\\/#\\\/schema\\\/person\\\/358e26c18aca017fcc4cc15437f7279c\",\"name\":\"Jacqueline ROTEN\",\"image\":{\"@type\":\"ImageObject\",\"inLanguage\":\"it-IT\",\"@id\":\"https:\\\/\\\/secure.gravatar.com\\\/avatar\\\/5964256d6c6957de3a3505278957e0fb2a35119ac47ea41827a65301213c810b?s=96&d=mm&r=g\",\"url\":\"https:\\\/\\\/secure.gravatar.com\\\/avatar\\\/5964256d6c6957de3a3505278957e0fb2a35119ac47ea41827a65301213c810b?s=96&d=mm&r=g\",\"contentUrl\":\"https:\\\/\\\/secure.gravatar.com\\\/avatar\\\/5964256d6c6957de3a3505278957e0fb2a35119ac47ea41827a65301213c810b?s=96&d=mm&r=g\",\"caption\":\"Jacqueline ROTEN\"}}]}<\/script>\n<!-- \/ Yoast SEO plugin. -->","yoast_head_json":{"title":"DAI CARPAZI AI BALCANI - UNA FUGA MUSICALE DA OVEST AD EST DEL DUO KALARASH &amp; GUESTS - Institut Europ\u00e9en des Musiques Juives","robots":{"index":"index","follow":"follow","max-snippet":"max-snippet:-1","max-image-preview":"max-image-preview:large","max-video-preview":"max-video-preview:-1"},"canonical":"https:\/\/www.iemj.org\/it\/des-carpates-aux-balkans-une-escapade-musicale-douest-en-est-par-le-duo-kalarash-ses-invites\/","og_locale":"it_IT","og_type":"article","og_title":"DAI CARPAZI AI BALCANI - UNA FUGA MUSICALE DA OVEST AD EST DEL DUO KALARASH &amp; GUESTS - Institut Europ\u00e9en des Musiques Juives","og_description":"Proposto dal IEMJ e dal FSJU nell&#8217;ambito della giornata &#8220;Paroles en f\u00eate&#8221; (Parole in festa) del FESTIVAL DES CULTURES JUIVES #19","og_url":"https:\/\/www.iemj.org\/it\/des-carpates-aux-balkans-une-escapade-musicale-douest-en-est-par-le-duo-kalarash-ses-invites\/","og_site_name":"Institut Europ\u00e9en des Musiques Juives","article_publisher":"https:\/\/www.facebook.com\/MusiquesJuives\/","article_published_time":"2024-06-05T11:30:15+00:00","article_modified_time":"2024-06-06T08:09:23+00:00","og_image":[{"width":500,"height":500,"url":"https:\/\/www.iemj.org\/wp-content\/uploads\/2024\/06\/Logo-Concert-K-2024-1.jpg","type":"image\/jpeg"}],"author":"Jacqueline ROTEN","twitter_card":"summary_large_image","twitter_misc":{"Scritto da":"Jacqueline ROTEN","Tempo di lettura stimato":"2 minuti"},"schema":{"@context":"https:\/\/schema.org","@graph":[{"@type":"Article","@id":"https:\/\/www.iemj.org\/it\/des-carpates-aux-balkans-une-escapade-musicale-douest-en-est-par-le-duo-kalarash-ses-invites\/#article","isPartOf":{"@id":"https:\/\/www.iemj.org\/it\/des-carpates-aux-balkans-une-escapade-musicale-douest-en-est-par-le-duo-kalarash-ses-invites\/"},"author":{"name":"Jacqueline ROTEN","@id":"https:\/\/www.iemj.org\/it\/#\/schema\/person\/358e26c18aca017fcc4cc15437f7279c"},"headline":"DAI CARPAZI AI BALCANI &#8211; UNA FUGA MUSICALE DA OVEST AD EST DEL DUO KALARASH &amp; GUESTS","datePublished":"2024-06-05T11:30:15+00:00","dateModified":"2024-06-06T08:09:23+00:00","mainEntityOfPage":{"@id":"https:\/\/www.iemj.org\/it\/des-carpates-aux-balkans-une-escapade-musicale-douest-en-est-par-le-duo-kalarash-ses-invites\/"},"wordCount":143,"publisher":{"@id":"https:\/\/www.iemj.org\/it\/#organization"},"image":{"@id":"https:\/\/www.iemj.org\/it\/des-carpates-aux-balkans-une-escapade-musicale-douest-en-est-par-le-duo-kalarash-ses-invites\/#primaryimage"},"thumbnailUrl":"https:\/\/www.iemj.org\/wp-content\/uploads\/2024\/06\/Logo-Concert-K-2024-1.jpg","articleSection":["Atttualit\u00e0","Concerti","Manifestazioni"],"inLanguage":"it-IT"},{"@type":"WebPage","@id":"https:\/\/www.iemj.org\/it\/des-carpates-aux-balkans-une-escapade-musicale-douest-en-est-par-le-duo-kalarash-ses-invites\/","url":"https:\/\/www.iemj.org\/it\/des-carpates-aux-balkans-une-escapade-musicale-douest-en-est-par-le-duo-kalarash-ses-invites\/","name":"DAI CARPAZI AI BALCANI - UNA FUGA MUSICALE DA OVEST AD EST DEL DUO KALARASH &amp; GUESTS - Institut Europ\u00e9en des Musiques Juives","isPartOf":{"@id":"https:\/\/www.iemj.org\/it\/#website"},"primaryImageOfPage":{"@id":"https:\/\/www.iemj.org\/it\/des-carpates-aux-balkans-une-escapade-musicale-douest-en-est-par-le-duo-kalarash-ses-invites\/#primaryimage"},"image":{"@id":"https:\/\/www.iemj.org\/it\/des-carpates-aux-balkans-une-escapade-musicale-douest-en-est-par-le-duo-kalarash-ses-invites\/#primaryimage"},"thumbnailUrl":"https:\/\/www.iemj.org\/wp-content\/uploads\/2024\/06\/Logo-Concert-K-2024-1.jpg","datePublished":"2024-06-05T11:30:15+00:00","dateModified":"2024-06-06T08:09:23+00:00","breadcrumb":{"@id":"https:\/\/www.iemj.org\/it\/des-carpates-aux-balkans-une-escapade-musicale-douest-en-est-par-le-duo-kalarash-ses-invites\/#breadcrumb"},"inLanguage":"it-IT","potentialAction":[{"@type":"ReadAction","target":["https:\/\/www.iemj.org\/it\/des-carpates-aux-balkans-une-escapade-musicale-douest-en-est-par-le-duo-kalarash-ses-invites\/"]}]},{"@type":"ImageObject","inLanguage":"it-IT","@id":"https:\/\/www.iemj.org\/it\/des-carpates-aux-balkans-une-escapade-musicale-douest-en-est-par-le-duo-kalarash-ses-invites\/#primaryimage","url":"https:\/\/www.iemj.org\/wp-content\/uploads\/2024\/06\/Logo-Concert-K-2024-1.jpg","contentUrl":"https:\/\/www.iemj.org\/wp-content\/uploads\/2024\/06\/Logo-Concert-K-2024-1.jpg","width":500,"height":500},{"@type":"BreadcrumbList","@id":"https:\/\/www.iemj.org\/it\/des-carpates-aux-balkans-une-escapade-musicale-douest-en-est-par-le-duo-kalarash-ses-invites\/#breadcrumb","itemListElement":[{"@type":"ListItem","position":1,"name":"Accueil","item":"https:\/\/www.iemj.org\/it\/"},{"@type":"ListItem","position":2,"name":"DAI CARPAZI AI BALCANI &#8211; UNA FUGA MUSICALE DA OVEST AD EST DEL DUO KALARASH &amp; GUESTS"}]},{"@type":"WebSite","@id":"https:\/\/www.iemj.org\/it\/#website","url":"https:\/\/www.iemj.org\/it\/","name":"Institut Europ\u00e9en des Musiques Juives","description":"Des traditions musicales \u00e0 la port\u00e9e de tous","publisher":{"@id":"https:\/\/www.iemj.org\/it\/#organization"},"potentialAction":[{"@type":"SearchAction","target":{"@type":"EntryPoint","urlTemplate":"https:\/\/www.iemj.org\/it\/?s={search_term_string}"},"query-input":{"@type":"PropertyValueSpecification","valueRequired":true,"valueName":"search_term_string"}}],"inLanguage":"it-IT"},{"@type":"Organization","@id":"https:\/\/www.iemj.org\/it\/#organization","name":"Institut Europ\u00e9en des Musiques Juives","url":"https:\/\/www.iemj.org\/it\/","logo":{"@type":"ImageObject","inLanguage":"it-IT","@id":"https:\/\/www.iemj.org\/it\/#\/schema\/logo\/image\/","url":"https:\/\/www.iemj.org\/wp-content\/uploads\/2021\/09\/Logo-IEMJ-Paypal.jpg","contentUrl":"https:\/\/www.iemj.org\/wp-content\/uploads\/2021\/09\/Logo-IEMJ-Paypal.jpg","width":150,"height":50,"caption":"Institut Europ\u00e9en des Musiques Juives"},"image":{"@id":"https:\/\/www.iemj.org\/it\/#\/schema\/logo\/image\/"},"sameAs":["https:\/\/www.facebook.com\/MusiquesJuives\/","https:\/\/www.instagram.com\/musiquesjuives\/","https:\/\/www.youtube.com\/user\/musiquesjuives"]},{"@type":"Person","@id":"https:\/\/www.iemj.org\/it\/#\/schema\/person\/358e26c18aca017fcc4cc15437f7279c","name":"Jacqueline ROTEN","image":{"@type":"ImageObject","inLanguage":"it-IT","@id":"https:\/\/secure.gravatar.com\/avatar\/5964256d6c6957de3a3505278957e0fb2a35119ac47ea41827a65301213c810b?s=96&d=mm&r=g","url":"https:\/\/secure.gravatar.com\/avatar\/5964256d6c6957de3a3505278957e0fb2a35119ac47ea41827a65301213c810b?s=96&d=mm&r=g","contentUrl":"https:\/\/secure.gravatar.com\/avatar\/5964256d6c6957de3a3505278957e0fb2a35119ac47ea41827a65301213c810b?s=96&d=mm&r=g","caption":"Jacqueline ROTEN"}}]}},"_links":{"self":[{"href":"https:\/\/www.iemj.org\/it\/wp-json\/wp\/v2\/posts\/112534","targetHints":{"allow":["GET"]}}],"collection":[{"href":"https:\/\/www.iemj.org\/it\/wp-json\/wp\/v2\/posts"}],"about":[{"href":"https:\/\/www.iemj.org\/it\/wp-json\/wp\/v2\/types\/post"}],"author":[{"embeddable":true,"href":"https:\/\/www.iemj.org\/it\/wp-json\/wp\/v2\/users\/5"}],"replies":[{"embeddable":true,"href":"https:\/\/www.iemj.org\/it\/wp-json\/wp\/v2\/comments?post=112534"}],"version-history":[{"count":0,"href":"https:\/\/www.iemj.org\/it\/wp-json\/wp\/v2\/posts\/112534\/revisions"}],"wp:featuredmedia":[{"embeddable":true,"href":"https:\/\/www.iemj.org\/it\/wp-json\/wp\/v2\/media\/112507"}],"wp:attachment":[{"href":"https:\/\/www.iemj.org\/it\/wp-json\/wp\/v2\/media?parent=112534"}],"wp:term":[{"taxonomy":"category","embeddable":true,"href":"https:\/\/www.iemj.org\/it\/wp-json\/wp\/v2\/categories?post=112534"},{"taxonomy":"post_tag","embeddable":true,"href":"https:\/\/www.iemj.org\/it\/wp-json\/wp\/v2\/tags?post=112534"},{"taxonomy":"technique","embeddable":true,"href":"https:\/\/www.iemj.org\/it\/wp-json\/wp\/v2\/technique?post=112534"},{"taxonomy":"squelettes","embeddable":true,"href":"https:\/\/www.iemj.org\/it\/wp-json\/wp\/v2\/squelettes?post=112534"},{"taxonomy":"sujet","embeddable":true,"href":"https:\/\/www.iemj.org\/it\/wp-json\/wp\/v2\/sujet?post=112534"},{"taxonomy":"formation","embeddable":true,"href":"https:\/\/www.iemj.org\/it\/wp-json\/wp\/v2\/formation?post=112534"},{"taxonomy":"genre","embeddable":true,"href":"https:\/\/www.iemj.org\/it\/wp-json\/wp\/v2\/genre?post=112534"},{"taxonomy":"fonds","embeddable":true,"href":"https:\/\/www.iemj.org\/it\/wp-json\/wp\/v2\/fonds?post=112534"},{"taxonomy":"tradition","embeddable":true,"href":"https:\/\/www.iemj.org\/it\/wp-json\/wp\/v2\/tradition?post=112534"},{"taxonomy":"type-de-contenu","embeddable":true,"href":"https:\/\/www.iemj.org\/it\/wp-json\/wp\/v2\/type-de-contenu?post=112534"},{"taxonomy":"interprete-compositeur","embeddable":true,"href":"https:\/\/www.iemj.org\/it\/wp-json\/wp\/v2\/interprete-compositeur?post=112534"},{"taxonomy":"frise","embeddable":true,"href":"https:\/\/www.iemj.org\/it\/wp-json\/wp\/v2\/frise?post=112534"},{"taxonomy":"type-devenement","embeddable":true,"href":"https:\/\/www.iemj.org\/it\/wp-json\/wp\/v2\/type-devenement?post=112534"},{"taxonomy":"tableaux-liens-externes","embeddable":true,"href":"https:\/\/www.iemj.org\/it\/wp-json\/wp\/v2\/tableaux-liens-externes?post=112534"}],"curies":[{"name":"wp","href":"https:\/\/api.w.org\/{rel}","templated":true}]}}