{"id":112639,"date":"2024-06-18T16:31:00","date_gmt":"2024-06-18T14:31:00","guid":{"rendered":"https:\/\/www.iemj.org\/le-triptyque-darius-milhaud\/"},"modified":"2024-06-24T14:18:37","modified_gmt":"2024-06-24T12:18:37","slug":"le-triptyque-darius-milhaud","status":"publish","type":"post","link":"https:\/\/www.iemj.org\/it\/le-triptyque-darius-milhaud\/","title":{"rendered":"Trittico Darius Milhaud"},"content":{"rendered":"<div>\n<div>\n<p style=\"text-align: left;\"><strong>Sabato 29 giugno 2024, ore 18.30<\/strong><br \/>\n<strong>Salle du Moulin Saint-Julien<\/strong><br \/>\n<strong>288, cours Gambetta &#8211; 84300 CAVAILLON<\/strong><\/p>\n<\/div>\n<div>\n<p>Nell&#8217;ambito delle celebrazioni per il <strong>50\u00b0 anniversario della morte del compositore Darius Milhaud<\/strong>, discendente di ebrei del Comtat Venaissin, l&#8217;associazione &#8220;<em>Les amis de la synagogue de Cavaillon<\/em>&#8221; organizza una serata in tre parti:<\/p>\n<\/div>\n<div>\n<ul>\n<li><strong>una tavola rotonda<\/strong> con musicologi specializzati in Milhaud, tra cui <strong>Herv\u00e9 Roten (IEMJ)<\/strong>, Katharina Galor (Brown University) ed il musicologo tedesco Kai Hinrich M\u00fcller, che discuteranno dell&#8217;importanza del suo contributo alla vita musicale in Francia, Germania e negli Stati Uniti, dove ha vissuto. (45 minuti)<\/li>\n<li>a prima mondiale di <strong>un cortometraggio d&#8217;animazione<\/strong>, &#8220;<em>Esther de Carpentras&#8221;<\/em>, creato appositamente per celebrare il 50\u00b0 anniversario della morte di Darius Milhaud dall&#8217;artista americano Steven Subotnick. (15 minuti)<\/li>\n<li><strong>un concerto di musica da camera<\/strong> diretto da Michal Friedl\u00e4nder (pianoforte), accompagnato dal mezzosoprano Hagar Sharvit e da Karl-Heinz Steffens, clarinettista di fama mondiale. (60 minuti)<\/li>\n<\/ul>\n<\/div>\n<div>\n<p><strong>Il programma del concerto: <\/strong><\/p>\n<\/div>\n<div>\n<ul>\n<li><em>Duo Concertant, Op. 351, <\/em>per clarinetto e pianoforte<\/li>\n<\/ul>\n<\/div>\n<div>\n<ul>\n<li><em>Po\u00e8mes juifs, Op.34<\/em>, per mezzosoprano e pianoforte<\/li>\n<\/ul>\n<\/div>\n<div>\n<ul>\n<li><em>Esther de Carpentras, <\/em>ouverture ed aria, per mezzosoprano e pianoforte<\/li>\n<\/ul>\n<\/div>\n<div>\n<ul>\n<li><em style=\"font-size: revert; background-color: var(--bs-body-bg); color: var(--bs-body-color); font-family: var(--bs-body-font-family); font-weight: var(--bs-body-font-weight); text-align: var(--bs-body-text-align);\">Suadades do Brazil<\/em><span style=\"font-size: revert; background-color: var(--bs-body-bg); color: var(--bs-body-color); font-family: var(--bs-body-font-family); font-weight: var(--bs-body-font-weight); text-align: var(--bs-body-text-align);\">, <\/span>per piano Botafogo<\/li>\n<\/ul>\n<\/div>\n<\/div>\n<p><!--more--><\/p>\n<p><!--more--><!--more--><\/p>\n<div>\n<ul>\n<li><em style=\"font-size: revert; background-color: var(--bs-body-bg); color: var(--bs-body-color); font-family: var(--bs-body-font-family); font-weight: var(--bs-body-font-weight); text-align: var(--bs-body-text-align);\">Scaramouche, <\/em>per clarinetto e pianoforte<\/li>\n<\/ul>\n<\/div>\n<div>\n<p>La stessa serata sar\u00e0 presentata anche il 1\u00b0 luglio 2024 al Piano Salon Christophori di Berlino (<em>Germania<\/em>), il 22 settembre 2024 alla Brown University di Providence (<em>USA<\/em>) ed il 23 settembre al Center for Jewish History di New York (<em>USA<\/em>).<\/p>\n<\/div>\n<p><strong><a href=\"https:\/\/boutique.destinationluberon.com\/spectacles\/concert-festivals\/le-triptyque-darius-milhaud\" target=\"_blank\" rel=\"noopener\">Per saperne di pi\u00f9 e per i biglietti<\/a><\/strong><\/p>\n","protected":false},"excerpt":{"rendered":"<p>Sabato 29 giugno 2024, ore 18.30 Salle du Moulin Saint-Julien 288, cours Gambetta &#8211; 84300 CAVAILLON Nell&#8217;ambito delle celebrazioni per il 50\u00b0 anniversario della morte del compositore Darius Milhaud, discendente<\/p>\n","protected":false},"author":5,"featured_media":112628,"comment_status":"closed","ping_status":"closed","sticky":false,"template":"","format":"standard","meta":{"_acf_changed":false,"footnotes":""},"categories":[1379,1383,1371],"tags":[],"technique":[],"squelettes":[],"sujet":[],"formation":[],"genre":[],"fonds":[],"tradition":[],"type-de-contenu":[],"interprete-compositeur":[3130],"frise":[],"type-devenement":[],"tableaux-liens-externes":[],"class_list":["post-112639","post","type-post","status-publish","format-standard","has-post-thumbnail","hentry","category-concerti-manifestazioni-it","category-corsi-conferenze-it","category-manifestazioni-it","interprete-compositeur-darius-milhaud-it"],"acf":[],"yoast_head":"<!-- This site is optimized with the Yoast SEO plugin v27.3 - https:\/\/yoast.com\/product\/yoast-seo-wordpress\/ -->\n<title>Trittico Darius Milhaud - Institut Europ\u00e9en des Musiques Juives<\/title>\n<meta name=\"robots\" content=\"index, follow, max-snippet:-1, max-image-preview:large, max-video-preview:-1\" \/>\n<link rel=\"canonical\" href=\"https:\/\/www.iemj.org\/it\/le-triptyque-darius-milhaud\/\" \/>\n<meta property=\"og:locale\" content=\"it_IT\" \/>\n<meta property=\"og:type\" content=\"article\" \/>\n<meta property=\"og:title\" content=\"Trittico Darius Milhaud - Institut Europ\u00e9en des Musiques Juives\" \/>\n<meta property=\"og:description\" content=\"Sabato 29 giugno 2024, ore 18.30 Salle du Moulin Saint-Julien 288, cours Gambetta &#8211; 84300 CAVAILLON Nell&#8217;ambito delle celebrazioni per il 50\u00b0 anniversario della morte del compositore Darius Milhaud, discendente\" \/>\n<meta property=\"og:url\" content=\"https:\/\/www.iemj.org\/it\/le-triptyque-darius-milhaud\/\" \/>\n<meta property=\"og:site_name\" content=\"Institut Europ\u00e9en des Musiques Juives\" \/>\n<meta property=\"article:publisher\" content=\"https:\/\/www.facebook.com\/MusiquesJuives\/\" \/>\n<meta property=\"article:published_time\" content=\"2024-06-18T14:31:00+00:00\" \/>\n<meta property=\"article:modified_time\" content=\"2024-06-24T12:18:37+00:00\" \/>\n<meta property=\"og:image\" content=\"https:\/\/www.iemj.org\/wp-content\/uploads\/2024\/06\/VisuelTriptyqueMilhaud.jpg\" \/>\n\t<meta property=\"og:image:width\" content=\"338\" \/>\n\t<meta property=\"og:image:height\" content=\"500\" \/>\n\t<meta property=\"og:image:type\" content=\"image\/jpeg\" \/>\n<meta name=\"author\" content=\"Jacqueline ROTEN\" \/>\n<meta name=\"twitter:card\" content=\"summary_large_image\" \/>\n<meta name=\"twitter:label1\" content=\"Scritto da\" \/>\n\t<meta name=\"twitter:data1\" content=\"Jacqueline ROTEN\" \/>\n\t<meta name=\"twitter:label2\" content=\"Tempo di lettura stimato\" \/>\n\t<meta name=\"twitter:data2\" content=\"2 minuti\" \/>\n<script type=\"application\/ld+json\" class=\"yoast-schema-graph\">{\"@context\":\"https:\\\/\\\/schema.org\",\"@graph\":[{\"@type\":\"Article\",\"@id\":\"https:\\\/\\\/www.iemj.org\\\/it\\\/le-triptyque-darius-milhaud\\\/#article\",\"isPartOf\":{\"@id\":\"https:\\\/\\\/www.iemj.org\\\/it\\\/le-triptyque-darius-milhaud\\\/\"},\"author\":{\"name\":\"Jacqueline ROTEN\",\"@id\":\"https:\\\/\\\/www.iemj.org\\\/it\\\/#\\\/schema\\\/person\\\/358e26c18aca017fcc4cc15437f7279c\"},\"headline\":\"Trittico Darius Milhaud\",\"datePublished\":\"2024-06-18T14:31:00+00:00\",\"dateModified\":\"2024-06-24T12:18:37+00:00\",\"mainEntityOfPage\":{\"@id\":\"https:\\\/\\\/www.iemj.org\\\/it\\\/le-triptyque-darius-milhaud\\\/\"},\"wordCount\":231,\"publisher\":{\"@id\":\"https:\\\/\\\/www.iemj.org\\\/it\\\/#organization\"},\"image\":{\"@id\":\"https:\\\/\\\/www.iemj.org\\\/it\\\/le-triptyque-darius-milhaud\\\/#primaryimage\"},\"thumbnailUrl\":\"https:\\\/\\\/www.iemj.org\\\/wp-content\\\/uploads\\\/2024\\\/06\\\/VisuelTriptyqueMilhaud.jpg\",\"articleSection\":[\"Concerti\",\"Corsi \\\/ Conferenze\",\"Manifestazioni\"],\"inLanguage\":\"it-IT\"},{\"@type\":\"WebPage\",\"@id\":\"https:\\\/\\\/www.iemj.org\\\/it\\\/le-triptyque-darius-milhaud\\\/\",\"url\":\"https:\\\/\\\/www.iemj.org\\\/it\\\/le-triptyque-darius-milhaud\\\/\",\"name\":\"Trittico Darius Milhaud - Institut Europ\u00e9en des Musiques Juives\",\"isPartOf\":{\"@id\":\"https:\\\/\\\/www.iemj.org\\\/it\\\/#website\"},\"primaryImageOfPage\":{\"@id\":\"https:\\\/\\\/www.iemj.org\\\/it\\\/le-triptyque-darius-milhaud\\\/#primaryimage\"},\"image\":{\"@id\":\"https:\\\/\\\/www.iemj.org\\\/it\\\/le-triptyque-darius-milhaud\\\/#primaryimage\"},\"thumbnailUrl\":\"https:\\\/\\\/www.iemj.org\\\/wp-content\\\/uploads\\\/2024\\\/06\\\/VisuelTriptyqueMilhaud.jpg\",\"datePublished\":\"2024-06-18T14:31:00+00:00\",\"dateModified\":\"2024-06-24T12:18:37+00:00\",\"breadcrumb\":{\"@id\":\"https:\\\/\\\/www.iemj.org\\\/it\\\/le-triptyque-darius-milhaud\\\/#breadcrumb\"},\"inLanguage\":\"it-IT\",\"potentialAction\":[{\"@type\":\"ReadAction\",\"target\":[\"https:\\\/\\\/www.iemj.org\\\/it\\\/le-triptyque-darius-milhaud\\\/\"]}]},{\"@type\":\"ImageObject\",\"inLanguage\":\"it-IT\",\"@id\":\"https:\\\/\\\/www.iemj.org\\\/it\\\/le-triptyque-darius-milhaud\\\/#primaryimage\",\"url\":\"https:\\\/\\\/www.iemj.org\\\/wp-content\\\/uploads\\\/2024\\\/06\\\/VisuelTriptyqueMilhaud.jpg\",\"contentUrl\":\"https:\\\/\\\/www.iemj.org\\\/wp-content\\\/uploads\\\/2024\\\/06\\\/VisuelTriptyqueMilhaud.jpg\",\"width\":338,\"height\":500},{\"@type\":\"BreadcrumbList\",\"@id\":\"https:\\\/\\\/www.iemj.org\\\/it\\\/le-triptyque-darius-milhaud\\\/#breadcrumb\",\"itemListElement\":[{\"@type\":\"ListItem\",\"position\":1,\"name\":\"Accueil\",\"item\":\"https:\\\/\\\/www.iemj.org\\\/it\\\/\"},{\"@type\":\"ListItem\",\"position\":2,\"name\":\"Trittico Darius Milhaud\"}]},{\"@type\":\"WebSite\",\"@id\":\"https:\\\/\\\/www.iemj.org\\\/it\\\/#website\",\"url\":\"https:\\\/\\\/www.iemj.org\\\/it\\\/\",\"name\":\"Institut Europ\u00e9en des Musiques Juives\",\"description\":\"Des traditions musicales \u00e0 la port\u00e9e de tous\",\"publisher\":{\"@id\":\"https:\\\/\\\/www.iemj.org\\\/it\\\/#organization\"},\"potentialAction\":[{\"@type\":\"SearchAction\",\"target\":{\"@type\":\"EntryPoint\",\"urlTemplate\":\"https:\\\/\\\/www.iemj.org\\\/it\\\/?s={search_term_string}\"},\"query-input\":{\"@type\":\"PropertyValueSpecification\",\"valueRequired\":true,\"valueName\":\"search_term_string\"}}],\"inLanguage\":\"it-IT\"},{\"@type\":\"Organization\",\"@id\":\"https:\\\/\\\/www.iemj.org\\\/it\\\/#organization\",\"name\":\"Institut Europ\u00e9en des Musiques Juives\",\"url\":\"https:\\\/\\\/www.iemj.org\\\/it\\\/\",\"logo\":{\"@type\":\"ImageObject\",\"inLanguage\":\"it-IT\",\"@id\":\"https:\\\/\\\/www.iemj.org\\\/it\\\/#\\\/schema\\\/logo\\\/image\\\/\",\"url\":\"https:\\\/\\\/www.iemj.org\\\/wp-content\\\/uploads\\\/2021\\\/09\\\/Logo-IEMJ-Paypal.jpg\",\"contentUrl\":\"https:\\\/\\\/www.iemj.org\\\/wp-content\\\/uploads\\\/2021\\\/09\\\/Logo-IEMJ-Paypal.jpg\",\"width\":150,\"height\":50,\"caption\":\"Institut Europ\u00e9en des Musiques Juives\"},\"image\":{\"@id\":\"https:\\\/\\\/www.iemj.org\\\/it\\\/#\\\/schema\\\/logo\\\/image\\\/\"},\"sameAs\":[\"https:\\\/\\\/www.facebook.com\\\/MusiquesJuives\\\/\",\"https:\\\/\\\/www.instagram.com\\\/musiquesjuives\\\/\",\"https:\\\/\\\/www.youtube.com\\\/user\\\/musiquesjuives\"]},{\"@type\":\"Person\",\"@id\":\"https:\\\/\\\/www.iemj.org\\\/it\\\/#\\\/schema\\\/person\\\/358e26c18aca017fcc4cc15437f7279c\",\"name\":\"Jacqueline ROTEN\",\"image\":{\"@type\":\"ImageObject\",\"inLanguage\":\"it-IT\",\"@id\":\"https:\\\/\\\/secure.gravatar.com\\\/avatar\\\/5964256d6c6957de3a3505278957e0fb2a35119ac47ea41827a65301213c810b?s=96&d=mm&r=g\",\"url\":\"https:\\\/\\\/secure.gravatar.com\\\/avatar\\\/5964256d6c6957de3a3505278957e0fb2a35119ac47ea41827a65301213c810b?s=96&d=mm&r=g\",\"contentUrl\":\"https:\\\/\\\/secure.gravatar.com\\\/avatar\\\/5964256d6c6957de3a3505278957e0fb2a35119ac47ea41827a65301213c810b?s=96&d=mm&r=g\",\"caption\":\"Jacqueline ROTEN\"}}]}<\/script>\n<!-- \/ Yoast SEO plugin. -->","yoast_head_json":{"title":"Trittico Darius Milhaud - Institut Europ\u00e9en des Musiques Juives","robots":{"index":"index","follow":"follow","max-snippet":"max-snippet:-1","max-image-preview":"max-image-preview:large","max-video-preview":"max-video-preview:-1"},"canonical":"https:\/\/www.iemj.org\/it\/le-triptyque-darius-milhaud\/","og_locale":"it_IT","og_type":"article","og_title":"Trittico Darius Milhaud - Institut Europ\u00e9en des Musiques Juives","og_description":"Sabato 29 giugno 2024, ore 18.30 Salle du Moulin Saint-Julien 288, cours Gambetta &#8211; 84300 CAVAILLON Nell&#8217;ambito delle celebrazioni per il 50\u00b0 anniversario della morte del compositore Darius Milhaud, discendente","og_url":"https:\/\/www.iemj.org\/it\/le-triptyque-darius-milhaud\/","og_site_name":"Institut Europ\u00e9en des Musiques Juives","article_publisher":"https:\/\/www.facebook.com\/MusiquesJuives\/","article_published_time":"2024-06-18T14:31:00+00:00","article_modified_time":"2024-06-24T12:18:37+00:00","og_image":[{"width":338,"height":500,"url":"https:\/\/www.iemj.org\/wp-content\/uploads\/2024\/06\/VisuelTriptyqueMilhaud.jpg","type":"image\/jpeg"}],"author":"Jacqueline ROTEN","twitter_card":"summary_large_image","twitter_misc":{"Scritto da":"Jacqueline ROTEN","Tempo di lettura stimato":"2 minuti"},"schema":{"@context":"https:\/\/schema.org","@graph":[{"@type":"Article","@id":"https:\/\/www.iemj.org\/it\/le-triptyque-darius-milhaud\/#article","isPartOf":{"@id":"https:\/\/www.iemj.org\/it\/le-triptyque-darius-milhaud\/"},"author":{"name":"Jacqueline ROTEN","@id":"https:\/\/www.iemj.org\/it\/#\/schema\/person\/358e26c18aca017fcc4cc15437f7279c"},"headline":"Trittico Darius Milhaud","datePublished":"2024-06-18T14:31:00+00:00","dateModified":"2024-06-24T12:18:37+00:00","mainEntityOfPage":{"@id":"https:\/\/www.iemj.org\/it\/le-triptyque-darius-milhaud\/"},"wordCount":231,"publisher":{"@id":"https:\/\/www.iemj.org\/it\/#organization"},"image":{"@id":"https:\/\/www.iemj.org\/it\/le-triptyque-darius-milhaud\/#primaryimage"},"thumbnailUrl":"https:\/\/www.iemj.org\/wp-content\/uploads\/2024\/06\/VisuelTriptyqueMilhaud.jpg","articleSection":["Concerti","Corsi \/ Conferenze","Manifestazioni"],"inLanguage":"it-IT"},{"@type":"WebPage","@id":"https:\/\/www.iemj.org\/it\/le-triptyque-darius-milhaud\/","url":"https:\/\/www.iemj.org\/it\/le-triptyque-darius-milhaud\/","name":"Trittico Darius Milhaud - Institut Europ\u00e9en des Musiques Juives","isPartOf":{"@id":"https:\/\/www.iemj.org\/it\/#website"},"primaryImageOfPage":{"@id":"https:\/\/www.iemj.org\/it\/le-triptyque-darius-milhaud\/#primaryimage"},"image":{"@id":"https:\/\/www.iemj.org\/it\/le-triptyque-darius-milhaud\/#primaryimage"},"thumbnailUrl":"https:\/\/www.iemj.org\/wp-content\/uploads\/2024\/06\/VisuelTriptyqueMilhaud.jpg","datePublished":"2024-06-18T14:31:00+00:00","dateModified":"2024-06-24T12:18:37+00:00","breadcrumb":{"@id":"https:\/\/www.iemj.org\/it\/le-triptyque-darius-milhaud\/#breadcrumb"},"inLanguage":"it-IT","potentialAction":[{"@type":"ReadAction","target":["https:\/\/www.iemj.org\/it\/le-triptyque-darius-milhaud\/"]}]},{"@type":"ImageObject","inLanguage":"it-IT","@id":"https:\/\/www.iemj.org\/it\/le-triptyque-darius-milhaud\/#primaryimage","url":"https:\/\/www.iemj.org\/wp-content\/uploads\/2024\/06\/VisuelTriptyqueMilhaud.jpg","contentUrl":"https:\/\/www.iemj.org\/wp-content\/uploads\/2024\/06\/VisuelTriptyqueMilhaud.jpg","width":338,"height":500},{"@type":"BreadcrumbList","@id":"https:\/\/www.iemj.org\/it\/le-triptyque-darius-milhaud\/#breadcrumb","itemListElement":[{"@type":"ListItem","position":1,"name":"Accueil","item":"https:\/\/www.iemj.org\/it\/"},{"@type":"ListItem","position":2,"name":"Trittico Darius Milhaud"}]},{"@type":"WebSite","@id":"https:\/\/www.iemj.org\/it\/#website","url":"https:\/\/www.iemj.org\/it\/","name":"Institut Europ\u00e9en des Musiques Juives","description":"Des traditions musicales \u00e0 la port\u00e9e de tous","publisher":{"@id":"https:\/\/www.iemj.org\/it\/#organization"},"potentialAction":[{"@type":"SearchAction","target":{"@type":"EntryPoint","urlTemplate":"https:\/\/www.iemj.org\/it\/?s={search_term_string}"},"query-input":{"@type":"PropertyValueSpecification","valueRequired":true,"valueName":"search_term_string"}}],"inLanguage":"it-IT"},{"@type":"Organization","@id":"https:\/\/www.iemj.org\/it\/#organization","name":"Institut Europ\u00e9en des Musiques Juives","url":"https:\/\/www.iemj.org\/it\/","logo":{"@type":"ImageObject","inLanguage":"it-IT","@id":"https:\/\/www.iemj.org\/it\/#\/schema\/logo\/image\/","url":"https:\/\/www.iemj.org\/wp-content\/uploads\/2021\/09\/Logo-IEMJ-Paypal.jpg","contentUrl":"https:\/\/www.iemj.org\/wp-content\/uploads\/2021\/09\/Logo-IEMJ-Paypal.jpg","width":150,"height":50,"caption":"Institut Europ\u00e9en des Musiques Juives"},"image":{"@id":"https:\/\/www.iemj.org\/it\/#\/schema\/logo\/image\/"},"sameAs":["https:\/\/www.facebook.com\/MusiquesJuives\/","https:\/\/www.instagram.com\/musiquesjuives\/","https:\/\/www.youtube.com\/user\/musiquesjuives"]},{"@type":"Person","@id":"https:\/\/www.iemj.org\/it\/#\/schema\/person\/358e26c18aca017fcc4cc15437f7279c","name":"Jacqueline ROTEN","image":{"@type":"ImageObject","inLanguage":"it-IT","@id":"https:\/\/secure.gravatar.com\/avatar\/5964256d6c6957de3a3505278957e0fb2a35119ac47ea41827a65301213c810b?s=96&d=mm&r=g","url":"https:\/\/secure.gravatar.com\/avatar\/5964256d6c6957de3a3505278957e0fb2a35119ac47ea41827a65301213c810b?s=96&d=mm&r=g","contentUrl":"https:\/\/secure.gravatar.com\/avatar\/5964256d6c6957de3a3505278957e0fb2a35119ac47ea41827a65301213c810b?s=96&d=mm&r=g","caption":"Jacqueline ROTEN"}}]}},"_links":{"self":[{"href":"https:\/\/www.iemj.org\/it\/wp-json\/wp\/v2\/posts\/112639","targetHints":{"allow":["GET"]}}],"collection":[{"href":"https:\/\/www.iemj.org\/it\/wp-json\/wp\/v2\/posts"}],"about":[{"href":"https:\/\/www.iemj.org\/it\/wp-json\/wp\/v2\/types\/post"}],"author":[{"embeddable":true,"href":"https:\/\/www.iemj.org\/it\/wp-json\/wp\/v2\/users\/5"}],"replies":[{"embeddable":true,"href":"https:\/\/www.iemj.org\/it\/wp-json\/wp\/v2\/comments?post=112639"}],"version-history":[{"count":0,"href":"https:\/\/www.iemj.org\/it\/wp-json\/wp\/v2\/posts\/112639\/revisions"}],"wp:featuredmedia":[{"embeddable":true,"href":"https:\/\/www.iemj.org\/it\/wp-json\/wp\/v2\/media\/112628"}],"wp:attachment":[{"href":"https:\/\/www.iemj.org\/it\/wp-json\/wp\/v2\/media?parent=112639"}],"wp:term":[{"taxonomy":"category","embeddable":true,"href":"https:\/\/www.iemj.org\/it\/wp-json\/wp\/v2\/categories?post=112639"},{"taxonomy":"post_tag","embeddable":true,"href":"https:\/\/www.iemj.org\/it\/wp-json\/wp\/v2\/tags?post=112639"},{"taxonomy":"technique","embeddable":true,"href":"https:\/\/www.iemj.org\/it\/wp-json\/wp\/v2\/technique?post=112639"},{"taxonomy":"squelettes","embeddable":true,"href":"https:\/\/www.iemj.org\/it\/wp-json\/wp\/v2\/squelettes?post=112639"},{"taxonomy":"sujet","embeddable":true,"href":"https:\/\/www.iemj.org\/it\/wp-json\/wp\/v2\/sujet?post=112639"},{"taxonomy":"formation","embeddable":true,"href":"https:\/\/www.iemj.org\/it\/wp-json\/wp\/v2\/formation?post=112639"},{"taxonomy":"genre","embeddable":true,"href":"https:\/\/www.iemj.org\/it\/wp-json\/wp\/v2\/genre?post=112639"},{"taxonomy":"fonds","embeddable":true,"href":"https:\/\/www.iemj.org\/it\/wp-json\/wp\/v2\/fonds?post=112639"},{"taxonomy":"tradition","embeddable":true,"href":"https:\/\/www.iemj.org\/it\/wp-json\/wp\/v2\/tradition?post=112639"},{"taxonomy":"type-de-contenu","embeddable":true,"href":"https:\/\/www.iemj.org\/it\/wp-json\/wp\/v2\/type-de-contenu?post=112639"},{"taxonomy":"interprete-compositeur","embeddable":true,"href":"https:\/\/www.iemj.org\/it\/wp-json\/wp\/v2\/interprete-compositeur?post=112639"},{"taxonomy":"frise","embeddable":true,"href":"https:\/\/www.iemj.org\/it\/wp-json\/wp\/v2\/frise?post=112639"},{"taxonomy":"type-devenement","embeddable":true,"href":"https:\/\/www.iemj.org\/it\/wp-json\/wp\/v2\/type-devenement?post=112639"},{"taxonomy":"tableaux-liens-externes","embeddable":true,"href":"https:\/\/www.iemj.org\/it\/wp-json\/wp\/v2\/tableaux-liens-externes?post=112639"}],"curies":[{"name":"wp","href":"https:\/\/api.w.org\/{rel}","templated":true}]}}