{"id":112837,"date":"2024-06-20T12:14:41","date_gmt":"2024-06-20T10:14:41","guid":{"rendered":"https:\/\/www.iemj.org\/darius-milhaud-et-ses-oeuvres-inspirees-de-la-tradition-juive\/"},"modified":"2024-06-20T15:28:14","modified_gmt":"2024-06-20T13:28:14","slug":"darius-milhaud-et-ses-oeuvres-inspirees-de-la-tradition-juive","status":"publish","type":"post","link":"https:\/\/www.iemj.org\/it\/darius-milhaud-et-ses-oeuvres-inspirees-de-la-tradition-juive\/","title":{"rendered":"Darius Milhaud e le sue opere ispirate alla tradizione ebraica"},"content":{"rendered":"<p>Nato il 4 settembre 1892 a Marsiglia, <a href=\"https:\/\/www.iemj.org\/it\/milhaud-darius-1892-1974\/\" target=\"_blank\" rel=\"noopener\">Darius Milhaud<\/a> proviene da un&#8217;antica famiglia ebraica del Comtat Venaissin. Autore di un&#8217;opera prolifica (443 numeri d&#8217;opera!), Darius Milhaud ha coperto tutti i generi: opera, musica da camera, musica sinfonica, concerti, balletti e musica vocale. Il suo linguaggio musicale \u00e8 caratterizzato dalla politonalit\u00e0 e dalla poliritmia. Si ispira al jazz, alla musica brasiliana, africana ed ebraica provenzale. Si definisce &#8220;francese di Provenza e di fede ebraica&#8221;.<\/p>\n<p>Scritte tra il 1916 e il 1974, le opere di Milhaud di ispirazione ebraica sono principalmente vocali. Sono radicate nelle tradizioni giudeo-comtadine, come i <em>Po\u00e8mes juifs<\/em> (1916), l\u2019opera <em>Esther de Carpentras<\/em> (1925-1927), <em>Chants populaires h\u00e9bra\u00efques<\/em> (1925), <em>Pri\u00e8res journali\u00e8res \u00e0 l&#8217;usage des Juifs du Comtat <img fetchpriority=\"high\" decoding=\"async\" class=\"alignright wp-image-112770 size-medium\" src=\"https:\/\/www.iemj.org\/wp-content\/uploads\/2024\/06\/Couv-Trois-cantates-de-Darius-Milhaud-D33-30_1926_VIG-290x300.jpg\" alt=\"\" width=\"290\" height=\"300\" srcset=\"https:\/\/www.iemj.org\/wp-content\/uploads\/2024\/06\/Couv-Trois-cantates-de-Darius-Milhaud-D33-30_1926_VIG-290x300.jpg 290w, https:\/\/www.iemj.org\/wp-content\/uploads\/2024\/06\/Couv-Trois-cantates-de-Darius-Milhaud-D33-30_1926_VIG-768x795.jpg 768w, https:\/\/www.iemj.org\/wp-content\/uploads\/2024\/06\/Couv-Trois-cantates-de-Darius-Milhaud-D33-30_1926_VIG-600x621.jpg 600w, https:\/\/www.iemj.org\/wp-content\/uploads\/2024\/06\/Couv-Trois-cantates-de-Darius-Milhaud-D33-30_1926_VIG.jpg 773w\" sizes=\"(max-width: 290px) 100vw, 290px\" \/>Venaissin<\/em> (1927),\u00a0<em>Liturgie comtadine<\/em> (1933), <em>Cantate nuptiale<\/em> (1937), <em>Couronne de gloire<\/em> (1940)&#8230; La Seconda guerra mondiale e l&#8217;esilio di Milhaud negli Stati Uniti nel 1940 portarono a una maggiore consapevolezza del suo essere ebreo, che si pu\u00f2 notare nelle sue opere posteriori: <em>Borechou-Schema Israel<\/em>\u00a0(1944), <em>Kaddish<\/em>\u00a0(1945), <em>Service sacr\u00e9 pour le samedi matin<\/em> (1947), <em>Lekha dodi<\/em> (1948), <em>Cantate des Proverbes<\/em> (1951), <a href=\"https:\/\/www.iemj.org\/it\/le-candelabre-a-sept-branches-1951-de-darius-milhaud\/\"><em>Le Cand\u00e9labre \u00e0 sept branches<\/em><\/a> (1951), l&#8217;oratorio <em>David composto nel 1952-1953 per il terzo millennio di Gerusalemme nel 1954<\/em>, <em>Le Dibbouk<\/em> (1963) oppure la cantata <em>Ani Maamin<\/em> (1972) su testo di Elie Wiesel, che racconta gli orrori commessi ad Auschwitz. Treblinka, Maidanek&#8230; luoghi in cui perirono pi\u00f9 di venti cugini del compositore.<\/p>\n<p>La playlist che segue presenta estratti di alcune delle sue opere ebraiche iconiche, tra cui la sua <em>Etude sur des th\u00e8mes liturgiques du Comtat Venaissin<\/em>, i suoi <em>Chants populaires h\u00e9bra\u00efques<\/em>, la sua <em>Cantate des proverbes<\/em>, <em>Couronne de gloire<\/em>, <em>Ani Maamin<\/em>,<em> Ca\u00efn et Abel<\/em>, e varie preghiere in ebraico (<em>Lekha dodi<\/em>, <em>Adon olam<\/em>&#8230;).<\/p>\n<p><a href=\"https:\/\/www.iemj.org\/milhaud-darius-1892-1974\/\" target=\"_blank\" rel=\"noopener\">Leggere la biografia di Darius Milhaud<\/a><\/p>\n<p><a href=\"https:\/\/www.iemj.org\/it\/le-candelabre-a-sept-branches-1951-de-darius-milhaud\/\" target=\"_blank\" rel=\"noopener\">Leggere l&#8217;articolo Le Cand\u00e9labre \u00e0 Sept branches di Darius Milhaud<\/a><\/p>\n\n\n<div class=\"wp-block-group\"><div class=\"wp-block-group__inner-container is-layout-constrained wp-block-group-is-layout-constrained\">\n<div class=\"wp-block-columns is-layout-flex wp-container-core-columns-is-layout-9d6595d7 wp-block-columns-is-layout-flex\">\n<div class=\"wp-block-column is-layout-flow wp-block-column-is-layout-flow\" style=\"flex-basis:100%\">\n<figure class=\"wp-block-gallery has-nested-images columns-default is-cropped wp-block-gallery-1 is-layout-flex wp-block-gallery-is-layout-flex\">\n<figure class=\"wp-block-image size-large\"><img decoding=\"async\" width=\"800\" height=\"778\" data-id=\"112692\" src=\"https:\/\/www.iemj.org\/wp-content\/uploads\/2024\/06\/Couv-Cantate-Ani-maamin-CD_493_VIG.jpg\" alt=\"\" class=\"wp-image-112692\" srcset=\"https:\/\/www.iemj.org\/wp-content\/uploads\/2024\/06\/Couv-Cantate-Ani-maamin-CD_493_VIG.jpg 800w, https:\/\/www.iemj.org\/wp-content\/uploads\/2024\/06\/Couv-Cantate-Ani-maamin-CD_493_VIG-300x292.jpg 300w, https:\/\/www.iemj.org\/wp-content\/uploads\/2024\/06\/Couv-Cantate-Ani-maamin-CD_493_VIG-768x747.jpg 768w, https:\/\/www.iemj.org\/wp-content\/uploads\/2024\/06\/Couv-Cantate-Ani-maamin-CD_493_VIG-600x584.jpg 600w\" sizes=\"(max-width: 800px) 100vw, 800px\" \/><\/figure>\n\n\n\n<figure class=\"wp-block-image size-large\"><img decoding=\"async\" width=\"772\" height=\"800\" data-id=\"112760\" src=\"https:\/\/www.iemj.org\/wp-content\/uploads\/2024\/06\/4e-de-couv-Darius-Milhaud-Trois-cantates-sacrees_D33-30_1926_VIG4.jpg\" alt=\"\" class=\"wp-image-112760\" srcset=\"https:\/\/www.iemj.org\/wp-content\/uploads\/2024\/06\/4e-de-couv-Darius-Milhaud-Trois-cantates-sacrees_D33-30_1926_VIG4.jpg 772w, https:\/\/www.iemj.org\/wp-content\/uploads\/2024\/06\/4e-de-couv-Darius-Milhaud-Trois-cantates-sacrees_D33-30_1926_VIG4-290x300.jpg 290w, https:\/\/www.iemj.org\/wp-content\/uploads\/2024\/06\/4e-de-couv-Darius-Milhaud-Trois-cantates-sacrees_D33-30_1926_VIG4-768x796.jpg 768w, https:\/\/www.iemj.org\/wp-content\/uploads\/2024\/06\/4e-de-couv-Darius-Milhaud-Trois-cantates-sacrees_D33-30_1926_VIG4-600x622.jpg 600w\" sizes=\"(max-width: 772px) 100vw, 772px\" \/><\/figure>\n\n\n\n<figure class=\"wp-block-image size-large\"><img loading=\"lazy\" decoding=\"async\" width=\"800\" height=\"797\" data-id=\"112765\" src=\"https:\/\/www.iemj.org\/wp-content\/uploads\/2024\/06\/Couv-CD-Service-sacre-Milken-Archives-CD_114_VIG.jpg\" alt=\"\" class=\"wp-image-112765\" srcset=\"https:\/\/www.iemj.org\/wp-content\/uploads\/2024\/06\/Couv-CD-Service-sacre-Milken-Archives-CD_114_VIG.jpg 800w, https:\/\/www.iemj.org\/wp-content\/uploads\/2024\/06\/Couv-CD-Service-sacre-Milken-Archives-CD_114_VIG-300x300.jpg 300w, https:\/\/www.iemj.org\/wp-content\/uploads\/2024\/06\/Couv-CD-Service-sacre-Milken-Archives-CD_114_VIG-150x150.jpg 150w, https:\/\/www.iemj.org\/wp-content\/uploads\/2024\/06\/Couv-CD-Service-sacre-Milken-Archives-CD_114_VIG-768x765.jpg 768w, https:\/\/www.iemj.org\/wp-content\/uploads\/2024\/06\/Couv-CD-Service-sacre-Milken-Archives-CD_114_VIG-600x598.jpg 600w, https:\/\/www.iemj.org\/wp-content\/uploads\/2024\/06\/Couv-CD-Service-sacre-Milken-Archives-CD_114_VIG-100x100.jpg 100w\" sizes=\"(max-width: 800px) 100vw, 800px\" \/><\/figure>\n<\/figure>\n\n\n\n<figure class=\"wp-block-image size-large is-resized\"><img loading=\"lazy\" decoding=\"async\" width=\"1024\" height=\"133\" src=\"https:\/\/www.iemj.org\/wp-content\/uploads\/2024\/03\/AUDIO-PLAYER-1024x133.png\" alt=\"\" class=\"wp-image-110608\" style=\"width:1206px;height:auto\" srcset=\"https:\/\/www.iemj.org\/wp-content\/uploads\/2024\/03\/AUDIO-PLAYER-1024x133.png 1024w, https:\/\/www.iemj.org\/wp-content\/uploads\/2024\/03\/AUDIO-PLAYER-300x39.png 300w, https:\/\/www.iemj.org\/wp-content\/uploads\/2024\/03\/AUDIO-PLAYER-768x100.png 768w, https:\/\/www.iemj.org\/wp-content\/uploads\/2024\/03\/AUDIO-PLAYER-600x78.png 600w, https:\/\/www.iemj.org\/wp-content\/uploads\/2024\/03\/AUDIO-PLAYER.png 1210w\" sizes=\"(max-width: 1024px) 100vw, 1024px\" \/><\/figure>\n<\/div>\n<\/div>\n<\/div><\/div>\n","protected":false},"excerpt":{"rendered":"<p>Nato il 4 settembre 1892 a Marsiglia, Darius Milhaud proviene da un&#8217;antica famiglia ebraica del Comtat Venaissin. Autore di un&#8217;opera prolifica (443 numeri d&#8217;opera!), Darius Milhaud ha coperto tutti i<\/p>\n","protected":false},"author":5,"featured_media":112738,"comment_status":"closed","ping_status":"closed","sticky":false,"template":"","format":"standard","meta":{"_acf_changed":false,"footnotes":""},"categories":[1536],"tags":[],"technique":[],"squelettes":[],"sujet":[],"formation":[],"genre":[],"fonds":[],"tradition":[],"type-de-contenu":[],"interprete-compositeur":[3130],"frise":[],"type-devenement":[],"tableaux-liens-externes":[],"class_list":["post-112837","post","type-post","status-publish","format-standard","has-post-thumbnail","hentry","category-playlist-it","interprete-compositeur-darius-milhaud-it"],"acf":[],"yoast_head":"<!-- This site is optimized with the Yoast SEO plugin v27.3 - https:\/\/yoast.com\/product\/yoast-seo-wordpress\/ -->\n<title>Darius Milhaud e le sue opere ispirate alla tradizione ebraica - Institut Europ\u00e9en des Musiques Juives<\/title>\n<meta name=\"robots\" content=\"index, follow, max-snippet:-1, max-image-preview:large, max-video-preview:-1\" \/>\n<link rel=\"canonical\" href=\"https:\/\/www.iemj.org\/it\/darius-milhaud-et-ses-oeuvres-inspirees-de-la-tradition-juive\/\" \/>\n<meta property=\"og:locale\" content=\"it_IT\" \/>\n<meta property=\"og:type\" content=\"article\" \/>\n<meta property=\"og:title\" content=\"Darius Milhaud e le sue opere ispirate alla tradizione ebraica - Institut Europ\u00e9en des Musiques Juives\" \/>\n<meta property=\"og:description\" content=\"Nato il 4 settembre 1892 a Marsiglia, Darius Milhaud proviene da un&#8217;antica famiglia ebraica del Comtat Venaissin. Autore di un&#8217;opera prolifica (443 numeri d&#8217;opera!), Darius Milhaud ha coperto tutti i\" \/>\n<meta property=\"og:url\" content=\"https:\/\/www.iemj.org\/it\/darius-milhaud-et-ses-oeuvres-inspirees-de-la-tradition-juive\/\" \/>\n<meta property=\"og:site_name\" content=\"Institut Europ\u00e9en des Musiques Juives\" \/>\n<meta property=\"article:publisher\" content=\"https:\/\/www.facebook.com\/MusiquesJuives\/\" \/>\n<meta property=\"article:published_time\" content=\"2024-06-20T10:14:41+00:00\" \/>\n<meta property=\"article:modified_time\" content=\"2024-06-20T13:28:14+00:00\" \/>\n<meta property=\"og:image\" content=\"https:\/\/www.iemj.org\/wp-content\/uploads\/2024\/06\/Logo-Playlist-D.-Milhaud.jpg\" \/>\n\t<meta property=\"og:image:width\" content=\"500\" \/>\n\t<meta property=\"og:image:height\" content=\"500\" \/>\n\t<meta property=\"og:image:type\" content=\"image\/jpeg\" \/>\n<meta name=\"author\" content=\"Jacqueline ROTEN\" \/>\n<meta name=\"twitter:card\" content=\"summary_large_image\" \/>\n<meta name=\"twitter:label1\" content=\"Scritto da\" \/>\n\t<meta name=\"twitter:data1\" content=\"Jacqueline ROTEN\" \/>\n\t<meta name=\"twitter:label2\" content=\"Tempo di lettura stimato\" \/>\n\t<meta name=\"twitter:data2\" content=\"3 minuti\" \/>\n<script type=\"application\/ld+json\" class=\"yoast-schema-graph\">{\"@context\":\"https:\\\/\\\/schema.org\",\"@graph\":[{\"@type\":\"Article\",\"@id\":\"https:\\\/\\\/www.iemj.org\\\/it\\\/darius-milhaud-et-ses-oeuvres-inspirees-de-la-tradition-juive\\\/#article\",\"isPartOf\":{\"@id\":\"https:\\\/\\\/www.iemj.org\\\/it\\\/darius-milhaud-et-ses-oeuvres-inspirees-de-la-tradition-juive\\\/\"},\"author\":{\"name\":\"Jacqueline ROTEN\",\"@id\":\"https:\\\/\\\/www.iemj.org\\\/it\\\/#\\\/schema\\\/person\\\/358e26c18aca017fcc4cc15437f7279c\"},\"headline\":\"Darius Milhaud e le sue opere ispirate alla tradizione ebraica\",\"datePublished\":\"2024-06-20T10:14:41+00:00\",\"dateModified\":\"2024-06-20T13:28:14+00:00\",\"mainEntityOfPage\":{\"@id\":\"https:\\\/\\\/www.iemj.org\\\/it\\\/darius-milhaud-et-ses-oeuvres-inspirees-de-la-tradition-juive\\\/\"},\"wordCount\":302,\"publisher\":{\"@id\":\"https:\\\/\\\/www.iemj.org\\\/it\\\/#organization\"},\"image\":{\"@id\":\"https:\\\/\\\/www.iemj.org\\\/it\\\/darius-milhaud-et-ses-oeuvres-inspirees-de-la-tradition-juive\\\/#primaryimage\"},\"thumbnailUrl\":\"https:\\\/\\\/www.iemj.org\\\/wp-content\\\/uploads\\\/2024\\\/06\\\/Logo-Playlist-D.-Milhaud.jpg\",\"articleSection\":[\"Playlist\"],\"inLanguage\":\"it-IT\"},{\"@type\":\"WebPage\",\"@id\":\"https:\\\/\\\/www.iemj.org\\\/it\\\/darius-milhaud-et-ses-oeuvres-inspirees-de-la-tradition-juive\\\/\",\"url\":\"https:\\\/\\\/www.iemj.org\\\/it\\\/darius-milhaud-et-ses-oeuvres-inspirees-de-la-tradition-juive\\\/\",\"name\":\"Darius Milhaud e le sue opere ispirate alla tradizione ebraica - Institut Europ\u00e9en des Musiques Juives\",\"isPartOf\":{\"@id\":\"https:\\\/\\\/www.iemj.org\\\/it\\\/#website\"},\"primaryImageOfPage\":{\"@id\":\"https:\\\/\\\/www.iemj.org\\\/it\\\/darius-milhaud-et-ses-oeuvres-inspirees-de-la-tradition-juive\\\/#primaryimage\"},\"image\":{\"@id\":\"https:\\\/\\\/www.iemj.org\\\/it\\\/darius-milhaud-et-ses-oeuvres-inspirees-de-la-tradition-juive\\\/#primaryimage\"},\"thumbnailUrl\":\"https:\\\/\\\/www.iemj.org\\\/wp-content\\\/uploads\\\/2024\\\/06\\\/Logo-Playlist-D.-Milhaud.jpg\",\"datePublished\":\"2024-06-20T10:14:41+00:00\",\"dateModified\":\"2024-06-20T13:28:14+00:00\",\"breadcrumb\":{\"@id\":\"https:\\\/\\\/www.iemj.org\\\/it\\\/darius-milhaud-et-ses-oeuvres-inspirees-de-la-tradition-juive\\\/#breadcrumb\"},\"inLanguage\":\"it-IT\",\"potentialAction\":[{\"@type\":\"ReadAction\",\"target\":[\"https:\\\/\\\/www.iemj.org\\\/it\\\/darius-milhaud-et-ses-oeuvres-inspirees-de-la-tradition-juive\\\/\"]}]},{\"@type\":\"ImageObject\",\"inLanguage\":\"it-IT\",\"@id\":\"https:\\\/\\\/www.iemj.org\\\/it\\\/darius-milhaud-et-ses-oeuvres-inspirees-de-la-tradition-juive\\\/#primaryimage\",\"url\":\"https:\\\/\\\/www.iemj.org\\\/wp-content\\\/uploads\\\/2024\\\/06\\\/Logo-Playlist-D.-Milhaud.jpg\",\"contentUrl\":\"https:\\\/\\\/www.iemj.org\\\/wp-content\\\/uploads\\\/2024\\\/06\\\/Logo-Playlist-D.-Milhaud.jpg\",\"width\":500,\"height\":500},{\"@type\":\"BreadcrumbList\",\"@id\":\"https:\\\/\\\/www.iemj.org\\\/it\\\/darius-milhaud-et-ses-oeuvres-inspirees-de-la-tradition-juive\\\/#breadcrumb\",\"itemListElement\":[{\"@type\":\"ListItem\",\"position\":1,\"name\":\"Accueil\",\"item\":\"https:\\\/\\\/www.iemj.org\\\/it\\\/\"},{\"@type\":\"ListItem\",\"position\":2,\"name\":\"Darius Milhaud e le sue opere ispirate alla tradizione ebraica\"}]},{\"@type\":\"WebSite\",\"@id\":\"https:\\\/\\\/www.iemj.org\\\/it\\\/#website\",\"url\":\"https:\\\/\\\/www.iemj.org\\\/it\\\/\",\"name\":\"Institut Europ\u00e9en des Musiques Juives\",\"description\":\"Des traditions musicales \u00e0 la port\u00e9e de tous\",\"publisher\":{\"@id\":\"https:\\\/\\\/www.iemj.org\\\/it\\\/#organization\"},\"potentialAction\":[{\"@type\":\"SearchAction\",\"target\":{\"@type\":\"EntryPoint\",\"urlTemplate\":\"https:\\\/\\\/www.iemj.org\\\/it\\\/?s={search_term_string}\"},\"query-input\":{\"@type\":\"PropertyValueSpecification\",\"valueRequired\":true,\"valueName\":\"search_term_string\"}}],\"inLanguage\":\"it-IT\"},{\"@type\":\"Organization\",\"@id\":\"https:\\\/\\\/www.iemj.org\\\/it\\\/#organization\",\"name\":\"Institut Europ\u00e9en des Musiques Juives\",\"url\":\"https:\\\/\\\/www.iemj.org\\\/it\\\/\",\"logo\":{\"@type\":\"ImageObject\",\"inLanguage\":\"it-IT\",\"@id\":\"https:\\\/\\\/www.iemj.org\\\/it\\\/#\\\/schema\\\/logo\\\/image\\\/\",\"url\":\"https:\\\/\\\/www.iemj.org\\\/wp-content\\\/uploads\\\/2021\\\/09\\\/Logo-IEMJ-Paypal.jpg\",\"contentUrl\":\"https:\\\/\\\/www.iemj.org\\\/wp-content\\\/uploads\\\/2021\\\/09\\\/Logo-IEMJ-Paypal.jpg\",\"width\":150,\"height\":50,\"caption\":\"Institut Europ\u00e9en des Musiques Juives\"},\"image\":{\"@id\":\"https:\\\/\\\/www.iemj.org\\\/it\\\/#\\\/schema\\\/logo\\\/image\\\/\"},\"sameAs\":[\"https:\\\/\\\/www.facebook.com\\\/MusiquesJuives\\\/\",\"https:\\\/\\\/www.instagram.com\\\/musiquesjuives\\\/\",\"https:\\\/\\\/www.youtube.com\\\/user\\\/musiquesjuives\"]},{\"@type\":\"Person\",\"@id\":\"https:\\\/\\\/www.iemj.org\\\/it\\\/#\\\/schema\\\/person\\\/358e26c18aca017fcc4cc15437f7279c\",\"name\":\"Jacqueline ROTEN\",\"image\":{\"@type\":\"ImageObject\",\"inLanguage\":\"it-IT\",\"@id\":\"https:\\\/\\\/secure.gravatar.com\\\/avatar\\\/5964256d6c6957de3a3505278957e0fb2a35119ac47ea41827a65301213c810b?s=96&d=mm&r=g\",\"url\":\"https:\\\/\\\/secure.gravatar.com\\\/avatar\\\/5964256d6c6957de3a3505278957e0fb2a35119ac47ea41827a65301213c810b?s=96&d=mm&r=g\",\"contentUrl\":\"https:\\\/\\\/secure.gravatar.com\\\/avatar\\\/5964256d6c6957de3a3505278957e0fb2a35119ac47ea41827a65301213c810b?s=96&d=mm&r=g\",\"caption\":\"Jacqueline ROTEN\"}}]}<\/script>\n<!-- \/ Yoast SEO plugin. -->","yoast_head_json":{"title":"Darius Milhaud e le sue opere ispirate alla tradizione ebraica - Institut Europ\u00e9en des Musiques Juives","robots":{"index":"index","follow":"follow","max-snippet":"max-snippet:-1","max-image-preview":"max-image-preview:large","max-video-preview":"max-video-preview:-1"},"canonical":"https:\/\/www.iemj.org\/it\/darius-milhaud-et-ses-oeuvres-inspirees-de-la-tradition-juive\/","og_locale":"it_IT","og_type":"article","og_title":"Darius Milhaud e le sue opere ispirate alla tradizione ebraica - Institut Europ\u00e9en des Musiques Juives","og_description":"Nato il 4 settembre 1892 a Marsiglia, Darius Milhaud proviene da un&#8217;antica famiglia ebraica del Comtat Venaissin. Autore di un&#8217;opera prolifica (443 numeri d&#8217;opera!), Darius Milhaud ha coperto tutti i","og_url":"https:\/\/www.iemj.org\/it\/darius-milhaud-et-ses-oeuvres-inspirees-de-la-tradition-juive\/","og_site_name":"Institut Europ\u00e9en des Musiques Juives","article_publisher":"https:\/\/www.facebook.com\/MusiquesJuives\/","article_published_time":"2024-06-20T10:14:41+00:00","article_modified_time":"2024-06-20T13:28:14+00:00","og_image":[{"width":500,"height":500,"url":"https:\/\/www.iemj.org\/wp-content\/uploads\/2024\/06\/Logo-Playlist-D.-Milhaud.jpg","type":"image\/jpeg"}],"author":"Jacqueline ROTEN","twitter_card":"summary_large_image","twitter_misc":{"Scritto da":"Jacqueline ROTEN","Tempo di lettura stimato":"3 minuti"},"schema":{"@context":"https:\/\/schema.org","@graph":[{"@type":"Article","@id":"https:\/\/www.iemj.org\/it\/darius-milhaud-et-ses-oeuvres-inspirees-de-la-tradition-juive\/#article","isPartOf":{"@id":"https:\/\/www.iemj.org\/it\/darius-milhaud-et-ses-oeuvres-inspirees-de-la-tradition-juive\/"},"author":{"name":"Jacqueline ROTEN","@id":"https:\/\/www.iemj.org\/it\/#\/schema\/person\/358e26c18aca017fcc4cc15437f7279c"},"headline":"Darius Milhaud e le sue opere ispirate alla tradizione ebraica","datePublished":"2024-06-20T10:14:41+00:00","dateModified":"2024-06-20T13:28:14+00:00","mainEntityOfPage":{"@id":"https:\/\/www.iemj.org\/it\/darius-milhaud-et-ses-oeuvres-inspirees-de-la-tradition-juive\/"},"wordCount":302,"publisher":{"@id":"https:\/\/www.iemj.org\/it\/#organization"},"image":{"@id":"https:\/\/www.iemj.org\/it\/darius-milhaud-et-ses-oeuvres-inspirees-de-la-tradition-juive\/#primaryimage"},"thumbnailUrl":"https:\/\/www.iemj.org\/wp-content\/uploads\/2024\/06\/Logo-Playlist-D.-Milhaud.jpg","articleSection":["Playlist"],"inLanguage":"it-IT"},{"@type":"WebPage","@id":"https:\/\/www.iemj.org\/it\/darius-milhaud-et-ses-oeuvres-inspirees-de-la-tradition-juive\/","url":"https:\/\/www.iemj.org\/it\/darius-milhaud-et-ses-oeuvres-inspirees-de-la-tradition-juive\/","name":"Darius Milhaud e le sue opere ispirate alla tradizione ebraica - Institut Europ\u00e9en des Musiques Juives","isPartOf":{"@id":"https:\/\/www.iemj.org\/it\/#website"},"primaryImageOfPage":{"@id":"https:\/\/www.iemj.org\/it\/darius-milhaud-et-ses-oeuvres-inspirees-de-la-tradition-juive\/#primaryimage"},"image":{"@id":"https:\/\/www.iemj.org\/it\/darius-milhaud-et-ses-oeuvres-inspirees-de-la-tradition-juive\/#primaryimage"},"thumbnailUrl":"https:\/\/www.iemj.org\/wp-content\/uploads\/2024\/06\/Logo-Playlist-D.-Milhaud.jpg","datePublished":"2024-06-20T10:14:41+00:00","dateModified":"2024-06-20T13:28:14+00:00","breadcrumb":{"@id":"https:\/\/www.iemj.org\/it\/darius-milhaud-et-ses-oeuvres-inspirees-de-la-tradition-juive\/#breadcrumb"},"inLanguage":"it-IT","potentialAction":[{"@type":"ReadAction","target":["https:\/\/www.iemj.org\/it\/darius-milhaud-et-ses-oeuvres-inspirees-de-la-tradition-juive\/"]}]},{"@type":"ImageObject","inLanguage":"it-IT","@id":"https:\/\/www.iemj.org\/it\/darius-milhaud-et-ses-oeuvres-inspirees-de-la-tradition-juive\/#primaryimage","url":"https:\/\/www.iemj.org\/wp-content\/uploads\/2024\/06\/Logo-Playlist-D.-Milhaud.jpg","contentUrl":"https:\/\/www.iemj.org\/wp-content\/uploads\/2024\/06\/Logo-Playlist-D.-Milhaud.jpg","width":500,"height":500},{"@type":"BreadcrumbList","@id":"https:\/\/www.iemj.org\/it\/darius-milhaud-et-ses-oeuvres-inspirees-de-la-tradition-juive\/#breadcrumb","itemListElement":[{"@type":"ListItem","position":1,"name":"Accueil","item":"https:\/\/www.iemj.org\/it\/"},{"@type":"ListItem","position":2,"name":"Darius Milhaud e le sue opere ispirate alla tradizione ebraica"}]},{"@type":"WebSite","@id":"https:\/\/www.iemj.org\/it\/#website","url":"https:\/\/www.iemj.org\/it\/","name":"Institut Europ\u00e9en des Musiques Juives","description":"Des traditions musicales \u00e0 la port\u00e9e de tous","publisher":{"@id":"https:\/\/www.iemj.org\/it\/#organization"},"potentialAction":[{"@type":"SearchAction","target":{"@type":"EntryPoint","urlTemplate":"https:\/\/www.iemj.org\/it\/?s={search_term_string}"},"query-input":{"@type":"PropertyValueSpecification","valueRequired":true,"valueName":"search_term_string"}}],"inLanguage":"it-IT"},{"@type":"Organization","@id":"https:\/\/www.iemj.org\/it\/#organization","name":"Institut Europ\u00e9en des Musiques Juives","url":"https:\/\/www.iemj.org\/it\/","logo":{"@type":"ImageObject","inLanguage":"it-IT","@id":"https:\/\/www.iemj.org\/it\/#\/schema\/logo\/image\/","url":"https:\/\/www.iemj.org\/wp-content\/uploads\/2021\/09\/Logo-IEMJ-Paypal.jpg","contentUrl":"https:\/\/www.iemj.org\/wp-content\/uploads\/2021\/09\/Logo-IEMJ-Paypal.jpg","width":150,"height":50,"caption":"Institut Europ\u00e9en des Musiques Juives"},"image":{"@id":"https:\/\/www.iemj.org\/it\/#\/schema\/logo\/image\/"},"sameAs":["https:\/\/www.facebook.com\/MusiquesJuives\/","https:\/\/www.instagram.com\/musiquesjuives\/","https:\/\/www.youtube.com\/user\/musiquesjuives"]},{"@type":"Person","@id":"https:\/\/www.iemj.org\/it\/#\/schema\/person\/358e26c18aca017fcc4cc15437f7279c","name":"Jacqueline ROTEN","image":{"@type":"ImageObject","inLanguage":"it-IT","@id":"https:\/\/secure.gravatar.com\/avatar\/5964256d6c6957de3a3505278957e0fb2a35119ac47ea41827a65301213c810b?s=96&d=mm&r=g","url":"https:\/\/secure.gravatar.com\/avatar\/5964256d6c6957de3a3505278957e0fb2a35119ac47ea41827a65301213c810b?s=96&d=mm&r=g","contentUrl":"https:\/\/secure.gravatar.com\/avatar\/5964256d6c6957de3a3505278957e0fb2a35119ac47ea41827a65301213c810b?s=96&d=mm&r=g","caption":"Jacqueline ROTEN"}}]}},"_links":{"self":[{"href":"https:\/\/www.iemj.org\/it\/wp-json\/wp\/v2\/posts\/112837","targetHints":{"allow":["GET"]}}],"collection":[{"href":"https:\/\/www.iemj.org\/it\/wp-json\/wp\/v2\/posts"}],"about":[{"href":"https:\/\/www.iemj.org\/it\/wp-json\/wp\/v2\/types\/post"}],"author":[{"embeddable":true,"href":"https:\/\/www.iemj.org\/it\/wp-json\/wp\/v2\/users\/5"}],"replies":[{"embeddable":true,"href":"https:\/\/www.iemj.org\/it\/wp-json\/wp\/v2\/comments?post=112837"}],"version-history":[{"count":0,"href":"https:\/\/www.iemj.org\/it\/wp-json\/wp\/v2\/posts\/112837\/revisions"}],"wp:featuredmedia":[{"embeddable":true,"href":"https:\/\/www.iemj.org\/it\/wp-json\/wp\/v2\/media\/112738"}],"wp:attachment":[{"href":"https:\/\/www.iemj.org\/it\/wp-json\/wp\/v2\/media?parent=112837"}],"wp:term":[{"taxonomy":"category","embeddable":true,"href":"https:\/\/www.iemj.org\/it\/wp-json\/wp\/v2\/categories?post=112837"},{"taxonomy":"post_tag","embeddable":true,"href":"https:\/\/www.iemj.org\/it\/wp-json\/wp\/v2\/tags?post=112837"},{"taxonomy":"technique","embeddable":true,"href":"https:\/\/www.iemj.org\/it\/wp-json\/wp\/v2\/technique?post=112837"},{"taxonomy":"squelettes","embeddable":true,"href":"https:\/\/www.iemj.org\/it\/wp-json\/wp\/v2\/squelettes?post=112837"},{"taxonomy":"sujet","embeddable":true,"href":"https:\/\/www.iemj.org\/it\/wp-json\/wp\/v2\/sujet?post=112837"},{"taxonomy":"formation","embeddable":true,"href":"https:\/\/www.iemj.org\/it\/wp-json\/wp\/v2\/formation?post=112837"},{"taxonomy":"genre","embeddable":true,"href":"https:\/\/www.iemj.org\/it\/wp-json\/wp\/v2\/genre?post=112837"},{"taxonomy":"fonds","embeddable":true,"href":"https:\/\/www.iemj.org\/it\/wp-json\/wp\/v2\/fonds?post=112837"},{"taxonomy":"tradition","embeddable":true,"href":"https:\/\/www.iemj.org\/it\/wp-json\/wp\/v2\/tradition?post=112837"},{"taxonomy":"type-de-contenu","embeddable":true,"href":"https:\/\/www.iemj.org\/it\/wp-json\/wp\/v2\/type-de-contenu?post=112837"},{"taxonomy":"interprete-compositeur","embeddable":true,"href":"https:\/\/www.iemj.org\/it\/wp-json\/wp\/v2\/interprete-compositeur?post=112837"},{"taxonomy":"frise","embeddable":true,"href":"https:\/\/www.iemj.org\/it\/wp-json\/wp\/v2\/frise?post=112837"},{"taxonomy":"type-devenement","embeddable":true,"href":"https:\/\/www.iemj.org\/it\/wp-json\/wp\/v2\/type-devenement?post=112837"},{"taxonomy":"tableaux-liens-externes","embeddable":true,"href":"https:\/\/www.iemj.org\/it\/wp-json\/wp\/v2\/tableaux-liens-externes?post=112837"}],"curies":[{"name":"wp","href":"https:\/\/api.w.org\/{rel}","templated":true}]}}