{"id":112993,"date":"2024-07-18T15:49:36","date_gmt":"2024-07-18T13:49:36","guid":{"rendered":"https:\/\/www.iemj.org\/du-cote-de-chez-szwarc-avec-herve-roten\/"},"modified":"2024-07-18T16:37:16","modified_gmt":"2024-07-18T14:37:16","slug":"du-cote-de-chez-szwarc-avec-herve-roten","status":"publish","type":"post","link":"https:\/\/www.iemj.org\/it\/du-cote-de-chez-szwarc-avec-herve-roten\/","title":{"rendered":"DU C\u00d4T\u00c9 DE CHEZ SZWARC CON HERV\u00c9 ROTEN"},"content":{"rendered":"<h3><strong>Sandrine SZWARC accoglie Herv\u00e9 Roten su Radio Shalom, nel suo programma <em>Du C\u00f4t\u00e9 de chez Szwarc<\/em><\/strong><\/h3>\n<h1 style=\"text-align: center;\">\u2666\u2666\u2666\u2666\u2666\u2666\u2666\u2666\u2666\u2666\u2666\u2666\u2666<\/h1>\n<p>In questo programma, trasmesso il 12 e 14 luglio 2024, <strong>Herv\u00e9 Roten<\/strong>, direttore dell&#8217;Istituto Europeo di Musiche Ebraiche, presenta con passione la musica ebraica e la sua storia, nonch\u00e9 la missione dell&#8217;Istituto di preservarla, salvaguardarla e promuoverla, con esempi musicali tratti dalle produzioni dell&#8217;IEMJ.<\/p>\n<h1 style=\"text-align: center;\">\u2666\u2666\u2666\u2666\u2666\u2666\u2666\u2666\u2666\u2666\u2666\u2666\u2666<\/h1>\n<h2 style=\"text-align: center;\"><strong><span style=\"color: #3c4b98;\">Ascoltare il programma radiofonico nel player in basso sullo schermo<\/span><\/strong><\/h2>\n\n\n<figure class=\"wp-block-image size-large\"><img fetchpriority=\"high\" decoding=\"async\" width=\"1024\" height=\"133\" src=\"https:\/\/www.iemj.org\/wp-content\/uploads\/2024\/03\/AUDIO-PLAYER-1024x133.png\" alt=\"\" class=\"wp-image-110608\" srcset=\"https:\/\/www.iemj.org\/wp-content\/uploads\/2024\/03\/AUDIO-PLAYER-1024x133.png 1024w, https:\/\/www.iemj.org\/wp-content\/uploads\/2024\/03\/AUDIO-PLAYER-300x39.png 300w, https:\/\/www.iemj.org\/wp-content\/uploads\/2024\/03\/AUDIO-PLAYER-768x100.png 768w, https:\/\/www.iemj.org\/wp-content\/uploads\/2024\/03\/AUDIO-PLAYER-600x78.png 600w, https:\/\/www.iemj.org\/wp-content\/uploads\/2024\/03\/AUDIO-PLAYER.png 1210w\" sizes=\"(max-width: 1024px) 100vw, 1024px\" \/><\/figure>\n","protected":false},"excerpt":{"rendered":"<p>Sandrine SZWARC accoglie Herv\u00e9 Roten su Radio Shalom, nel suo programma Du C\u00f4t\u00e9 de chez Szwarc \u2666\u2666\u2666\u2666\u2666\u2666\u2666\u2666\u2666\u2666\u2666\u2666\u2666 In questo programma, trasmesso il 12 e 14 luglio 2024, Herv\u00e9 Roten, direttore<\/p>\n","protected":false},"author":5,"featured_media":112969,"comment_status":"closed","ping_status":"closed","sticky":false,"template":"","format":"standard","meta":{"_acf_changed":false,"footnotes":""},"categories":[1343,1538],"tags":[],"technique":[],"squelettes":[],"sujet":[],"formation":[],"genre":[],"fonds":[],"tradition":[],"type-de-contenu":[],"interprete-compositeur":[],"frise":[],"type-devenement":[],"tableaux-liens-externes":[],"class_list":["post-112993","post","type-post","status-publish","format-standard","has-post-thumbnail","hentry","category-attualita-it","category-programmi-radiofonici-it"],"acf":[],"yoast_head":"<!-- This site is optimized with the Yoast SEO plugin v27.3 - https:\/\/yoast.com\/product\/yoast-seo-wordpress\/ -->\n<title>DU C\u00d4T\u00c9 DE CHEZ SZWARC CON HERV\u00c9 ROTEN - Institut Europ\u00e9en des Musiques Juives<\/title>\n<meta name=\"robots\" content=\"index, follow, max-snippet:-1, max-image-preview:large, max-video-preview:-1\" \/>\n<link rel=\"canonical\" href=\"https:\/\/www.iemj.org\/it\/du-cote-de-chez-szwarc-avec-herve-roten\/\" \/>\n<meta property=\"og:locale\" content=\"it_IT\" \/>\n<meta property=\"og:type\" content=\"article\" \/>\n<meta property=\"og:title\" content=\"DU C\u00d4T\u00c9 DE CHEZ SZWARC CON HERV\u00c9 ROTEN - Institut Europ\u00e9en des Musiques Juives\" \/>\n<meta property=\"og:description\" content=\"Sandrine SZWARC accoglie Herv\u00e9 Roten su Radio Shalom, nel suo programma Du C\u00f4t\u00e9 de chez Szwarc \u2666\u2666\u2666\u2666\u2666\u2666\u2666\u2666\u2666\u2666\u2666\u2666\u2666 In questo programma, trasmesso il 12 e 14 luglio 2024, Herv\u00e9 Roten, direttore\" \/>\n<meta property=\"og:url\" content=\"https:\/\/www.iemj.org\/it\/du-cote-de-chez-szwarc-avec-herve-roten\/\" \/>\n<meta property=\"og:site_name\" content=\"Institut Europ\u00e9en des Musiques Juives\" \/>\n<meta property=\"article:publisher\" content=\"https:\/\/www.facebook.com\/MusiquesJuives\/\" \/>\n<meta property=\"article:published_time\" content=\"2024-07-18T13:49:36+00:00\" \/>\n<meta property=\"article:modified_time\" content=\"2024-07-18T14:37:16+00:00\" \/>\n<meta property=\"og:image\" content=\"https:\/\/www.iemj.org\/wp-content\/uploads\/2024\/07\/DU-COTE-DE-CHEZ-SZWARC-AVEC-HERVE-ROTEN.jpg\" \/>\n\t<meta property=\"og:image:width\" content=\"500\" \/>\n\t<meta property=\"og:image:height\" content=\"500\" \/>\n\t<meta property=\"og:image:type\" content=\"image\/jpeg\" \/>\n<meta name=\"author\" content=\"Jacqueline ROTEN\" \/>\n<meta name=\"twitter:card\" content=\"summary_large_image\" \/>\n<meta name=\"twitter:label1\" content=\"Scritto da\" \/>\n\t<meta name=\"twitter:data1\" content=\"Jacqueline ROTEN\" \/>\n\t<meta name=\"twitter:label2\" content=\"Tempo di lettura stimato\" \/>\n\t<meta name=\"twitter:data2\" content=\"1 minuto\" \/>\n<script type=\"application\/ld+json\" class=\"yoast-schema-graph\">{\"@context\":\"https:\\\/\\\/schema.org\",\"@graph\":[{\"@type\":\"Article\",\"@id\":\"https:\\\/\\\/www.iemj.org\\\/it\\\/du-cote-de-chez-szwarc-avec-herve-roten\\\/#article\",\"isPartOf\":{\"@id\":\"https:\\\/\\\/www.iemj.org\\\/it\\\/du-cote-de-chez-szwarc-avec-herve-roten\\\/\"},\"author\":{\"name\":\"Jacqueline ROTEN\",\"@id\":\"https:\\\/\\\/www.iemj.org\\\/it\\\/#\\\/schema\\\/person\\\/358e26c18aca017fcc4cc15437f7279c\"},\"headline\":\"DU C\u00d4T\u00c9 DE CHEZ SZWARC CON HERV\u00c9 ROTEN\",\"datePublished\":\"2024-07-18T13:49:36+00:00\",\"dateModified\":\"2024-07-18T14:37:16+00:00\",\"mainEntityOfPage\":{\"@id\":\"https:\\\/\\\/www.iemj.org\\\/it\\\/du-cote-de-chez-szwarc-avec-herve-roten\\\/\"},\"wordCount\":80,\"publisher\":{\"@id\":\"https:\\\/\\\/www.iemj.org\\\/it\\\/#organization\"},\"image\":{\"@id\":\"https:\\\/\\\/www.iemj.org\\\/it\\\/du-cote-de-chez-szwarc-avec-herve-roten\\\/#primaryimage\"},\"thumbnailUrl\":\"https:\\\/\\\/www.iemj.org\\\/wp-content\\\/uploads\\\/2024\\\/07\\\/DU-COTE-DE-CHEZ-SZWARC-AVEC-HERVE-ROTEN.jpg\",\"articleSection\":[\"Atttualit\u00e0\",\"Programmi radiofonici\"],\"inLanguage\":\"it-IT\"},{\"@type\":\"WebPage\",\"@id\":\"https:\\\/\\\/www.iemj.org\\\/it\\\/du-cote-de-chez-szwarc-avec-herve-roten\\\/\",\"url\":\"https:\\\/\\\/www.iemj.org\\\/it\\\/du-cote-de-chez-szwarc-avec-herve-roten\\\/\",\"name\":\"DU C\u00d4T\u00c9 DE CHEZ SZWARC CON HERV\u00c9 ROTEN - Institut Europ\u00e9en des Musiques Juives\",\"isPartOf\":{\"@id\":\"https:\\\/\\\/www.iemj.org\\\/it\\\/#website\"},\"primaryImageOfPage\":{\"@id\":\"https:\\\/\\\/www.iemj.org\\\/it\\\/du-cote-de-chez-szwarc-avec-herve-roten\\\/#primaryimage\"},\"image\":{\"@id\":\"https:\\\/\\\/www.iemj.org\\\/it\\\/du-cote-de-chez-szwarc-avec-herve-roten\\\/#primaryimage\"},\"thumbnailUrl\":\"https:\\\/\\\/www.iemj.org\\\/wp-content\\\/uploads\\\/2024\\\/07\\\/DU-COTE-DE-CHEZ-SZWARC-AVEC-HERVE-ROTEN.jpg\",\"datePublished\":\"2024-07-18T13:49:36+00:00\",\"dateModified\":\"2024-07-18T14:37:16+00:00\",\"breadcrumb\":{\"@id\":\"https:\\\/\\\/www.iemj.org\\\/it\\\/du-cote-de-chez-szwarc-avec-herve-roten\\\/#breadcrumb\"},\"inLanguage\":\"it-IT\",\"potentialAction\":[{\"@type\":\"ReadAction\",\"target\":[\"https:\\\/\\\/www.iemj.org\\\/it\\\/du-cote-de-chez-szwarc-avec-herve-roten\\\/\"]}]},{\"@type\":\"ImageObject\",\"inLanguage\":\"it-IT\",\"@id\":\"https:\\\/\\\/www.iemj.org\\\/it\\\/du-cote-de-chez-szwarc-avec-herve-roten\\\/#primaryimage\",\"url\":\"https:\\\/\\\/www.iemj.org\\\/wp-content\\\/uploads\\\/2024\\\/07\\\/DU-COTE-DE-CHEZ-SZWARC-AVEC-HERVE-ROTEN.jpg\",\"contentUrl\":\"https:\\\/\\\/www.iemj.org\\\/wp-content\\\/uploads\\\/2024\\\/07\\\/DU-COTE-DE-CHEZ-SZWARC-AVEC-HERVE-ROTEN.jpg\",\"width\":500,\"height\":500},{\"@type\":\"BreadcrumbList\",\"@id\":\"https:\\\/\\\/www.iemj.org\\\/it\\\/du-cote-de-chez-szwarc-avec-herve-roten\\\/#breadcrumb\",\"itemListElement\":[{\"@type\":\"ListItem\",\"position\":1,\"name\":\"Accueil\",\"item\":\"https:\\\/\\\/www.iemj.org\\\/it\\\/\"},{\"@type\":\"ListItem\",\"position\":2,\"name\":\"DU C\u00d4T\u00c9 DE CHEZ SZWARC CON HERV\u00c9 ROTEN\"}]},{\"@type\":\"WebSite\",\"@id\":\"https:\\\/\\\/www.iemj.org\\\/it\\\/#website\",\"url\":\"https:\\\/\\\/www.iemj.org\\\/it\\\/\",\"name\":\"Institut Europ\u00e9en des Musiques Juives\",\"description\":\"Des traditions musicales \u00e0 la port\u00e9e de tous\",\"publisher\":{\"@id\":\"https:\\\/\\\/www.iemj.org\\\/it\\\/#organization\"},\"potentialAction\":[{\"@type\":\"SearchAction\",\"target\":{\"@type\":\"EntryPoint\",\"urlTemplate\":\"https:\\\/\\\/www.iemj.org\\\/it\\\/?s={search_term_string}\"},\"query-input\":{\"@type\":\"PropertyValueSpecification\",\"valueRequired\":true,\"valueName\":\"search_term_string\"}}],\"inLanguage\":\"it-IT\"},{\"@type\":\"Organization\",\"@id\":\"https:\\\/\\\/www.iemj.org\\\/it\\\/#organization\",\"name\":\"Institut Europ\u00e9en des Musiques Juives\",\"url\":\"https:\\\/\\\/www.iemj.org\\\/it\\\/\",\"logo\":{\"@type\":\"ImageObject\",\"inLanguage\":\"it-IT\",\"@id\":\"https:\\\/\\\/www.iemj.org\\\/it\\\/#\\\/schema\\\/logo\\\/image\\\/\",\"url\":\"https:\\\/\\\/www.iemj.org\\\/wp-content\\\/uploads\\\/2021\\\/09\\\/Logo-IEMJ-Paypal.jpg\",\"contentUrl\":\"https:\\\/\\\/www.iemj.org\\\/wp-content\\\/uploads\\\/2021\\\/09\\\/Logo-IEMJ-Paypal.jpg\",\"width\":150,\"height\":50,\"caption\":\"Institut Europ\u00e9en des Musiques Juives\"},\"image\":{\"@id\":\"https:\\\/\\\/www.iemj.org\\\/it\\\/#\\\/schema\\\/logo\\\/image\\\/\"},\"sameAs\":[\"https:\\\/\\\/www.facebook.com\\\/MusiquesJuives\\\/\",\"https:\\\/\\\/www.instagram.com\\\/musiquesjuives\\\/\",\"https:\\\/\\\/www.youtube.com\\\/user\\\/musiquesjuives\"]},{\"@type\":\"Person\",\"@id\":\"https:\\\/\\\/www.iemj.org\\\/it\\\/#\\\/schema\\\/person\\\/358e26c18aca017fcc4cc15437f7279c\",\"name\":\"Jacqueline ROTEN\",\"image\":{\"@type\":\"ImageObject\",\"inLanguage\":\"it-IT\",\"@id\":\"https:\\\/\\\/secure.gravatar.com\\\/avatar\\\/5964256d6c6957de3a3505278957e0fb2a35119ac47ea41827a65301213c810b?s=96&d=mm&r=g\",\"url\":\"https:\\\/\\\/secure.gravatar.com\\\/avatar\\\/5964256d6c6957de3a3505278957e0fb2a35119ac47ea41827a65301213c810b?s=96&d=mm&r=g\",\"contentUrl\":\"https:\\\/\\\/secure.gravatar.com\\\/avatar\\\/5964256d6c6957de3a3505278957e0fb2a35119ac47ea41827a65301213c810b?s=96&d=mm&r=g\",\"caption\":\"Jacqueline ROTEN\"}}]}<\/script>\n<!-- \/ Yoast SEO plugin. -->","yoast_head_json":{"title":"DU C\u00d4T\u00c9 DE CHEZ SZWARC CON HERV\u00c9 ROTEN - Institut Europ\u00e9en des Musiques Juives","robots":{"index":"index","follow":"follow","max-snippet":"max-snippet:-1","max-image-preview":"max-image-preview:large","max-video-preview":"max-video-preview:-1"},"canonical":"https:\/\/www.iemj.org\/it\/du-cote-de-chez-szwarc-avec-herve-roten\/","og_locale":"it_IT","og_type":"article","og_title":"DU C\u00d4T\u00c9 DE CHEZ SZWARC CON HERV\u00c9 ROTEN - Institut Europ\u00e9en des Musiques Juives","og_description":"Sandrine SZWARC accoglie Herv\u00e9 Roten su Radio Shalom, nel suo programma Du C\u00f4t\u00e9 de chez Szwarc \u2666\u2666\u2666\u2666\u2666\u2666\u2666\u2666\u2666\u2666\u2666\u2666\u2666 In questo programma, trasmesso il 12 e 14 luglio 2024, Herv\u00e9 Roten, direttore","og_url":"https:\/\/www.iemj.org\/it\/du-cote-de-chez-szwarc-avec-herve-roten\/","og_site_name":"Institut Europ\u00e9en des Musiques Juives","article_publisher":"https:\/\/www.facebook.com\/MusiquesJuives\/","article_published_time":"2024-07-18T13:49:36+00:00","article_modified_time":"2024-07-18T14:37:16+00:00","og_image":[{"width":500,"height":500,"url":"https:\/\/www.iemj.org\/wp-content\/uploads\/2024\/07\/DU-COTE-DE-CHEZ-SZWARC-AVEC-HERVE-ROTEN.jpg","type":"image\/jpeg"}],"author":"Jacqueline ROTEN","twitter_card":"summary_large_image","twitter_misc":{"Scritto da":"Jacqueline ROTEN","Tempo di lettura stimato":"1 minuto"},"schema":{"@context":"https:\/\/schema.org","@graph":[{"@type":"Article","@id":"https:\/\/www.iemj.org\/it\/du-cote-de-chez-szwarc-avec-herve-roten\/#article","isPartOf":{"@id":"https:\/\/www.iemj.org\/it\/du-cote-de-chez-szwarc-avec-herve-roten\/"},"author":{"name":"Jacqueline ROTEN","@id":"https:\/\/www.iemj.org\/it\/#\/schema\/person\/358e26c18aca017fcc4cc15437f7279c"},"headline":"DU C\u00d4T\u00c9 DE CHEZ SZWARC CON HERV\u00c9 ROTEN","datePublished":"2024-07-18T13:49:36+00:00","dateModified":"2024-07-18T14:37:16+00:00","mainEntityOfPage":{"@id":"https:\/\/www.iemj.org\/it\/du-cote-de-chez-szwarc-avec-herve-roten\/"},"wordCount":80,"publisher":{"@id":"https:\/\/www.iemj.org\/it\/#organization"},"image":{"@id":"https:\/\/www.iemj.org\/it\/du-cote-de-chez-szwarc-avec-herve-roten\/#primaryimage"},"thumbnailUrl":"https:\/\/www.iemj.org\/wp-content\/uploads\/2024\/07\/DU-COTE-DE-CHEZ-SZWARC-AVEC-HERVE-ROTEN.jpg","articleSection":["Atttualit\u00e0","Programmi radiofonici"],"inLanguage":"it-IT"},{"@type":"WebPage","@id":"https:\/\/www.iemj.org\/it\/du-cote-de-chez-szwarc-avec-herve-roten\/","url":"https:\/\/www.iemj.org\/it\/du-cote-de-chez-szwarc-avec-herve-roten\/","name":"DU C\u00d4T\u00c9 DE CHEZ SZWARC CON HERV\u00c9 ROTEN - Institut Europ\u00e9en des Musiques Juives","isPartOf":{"@id":"https:\/\/www.iemj.org\/it\/#website"},"primaryImageOfPage":{"@id":"https:\/\/www.iemj.org\/it\/du-cote-de-chez-szwarc-avec-herve-roten\/#primaryimage"},"image":{"@id":"https:\/\/www.iemj.org\/it\/du-cote-de-chez-szwarc-avec-herve-roten\/#primaryimage"},"thumbnailUrl":"https:\/\/www.iemj.org\/wp-content\/uploads\/2024\/07\/DU-COTE-DE-CHEZ-SZWARC-AVEC-HERVE-ROTEN.jpg","datePublished":"2024-07-18T13:49:36+00:00","dateModified":"2024-07-18T14:37:16+00:00","breadcrumb":{"@id":"https:\/\/www.iemj.org\/it\/du-cote-de-chez-szwarc-avec-herve-roten\/#breadcrumb"},"inLanguage":"it-IT","potentialAction":[{"@type":"ReadAction","target":["https:\/\/www.iemj.org\/it\/du-cote-de-chez-szwarc-avec-herve-roten\/"]}]},{"@type":"ImageObject","inLanguage":"it-IT","@id":"https:\/\/www.iemj.org\/it\/du-cote-de-chez-szwarc-avec-herve-roten\/#primaryimage","url":"https:\/\/www.iemj.org\/wp-content\/uploads\/2024\/07\/DU-COTE-DE-CHEZ-SZWARC-AVEC-HERVE-ROTEN.jpg","contentUrl":"https:\/\/www.iemj.org\/wp-content\/uploads\/2024\/07\/DU-COTE-DE-CHEZ-SZWARC-AVEC-HERVE-ROTEN.jpg","width":500,"height":500},{"@type":"BreadcrumbList","@id":"https:\/\/www.iemj.org\/it\/du-cote-de-chez-szwarc-avec-herve-roten\/#breadcrumb","itemListElement":[{"@type":"ListItem","position":1,"name":"Accueil","item":"https:\/\/www.iemj.org\/it\/"},{"@type":"ListItem","position":2,"name":"DU C\u00d4T\u00c9 DE CHEZ SZWARC CON HERV\u00c9 ROTEN"}]},{"@type":"WebSite","@id":"https:\/\/www.iemj.org\/it\/#website","url":"https:\/\/www.iemj.org\/it\/","name":"Institut Europ\u00e9en des Musiques Juives","description":"Des traditions musicales \u00e0 la port\u00e9e de tous","publisher":{"@id":"https:\/\/www.iemj.org\/it\/#organization"},"potentialAction":[{"@type":"SearchAction","target":{"@type":"EntryPoint","urlTemplate":"https:\/\/www.iemj.org\/it\/?s={search_term_string}"},"query-input":{"@type":"PropertyValueSpecification","valueRequired":true,"valueName":"search_term_string"}}],"inLanguage":"it-IT"},{"@type":"Organization","@id":"https:\/\/www.iemj.org\/it\/#organization","name":"Institut Europ\u00e9en des Musiques Juives","url":"https:\/\/www.iemj.org\/it\/","logo":{"@type":"ImageObject","inLanguage":"it-IT","@id":"https:\/\/www.iemj.org\/it\/#\/schema\/logo\/image\/","url":"https:\/\/www.iemj.org\/wp-content\/uploads\/2021\/09\/Logo-IEMJ-Paypal.jpg","contentUrl":"https:\/\/www.iemj.org\/wp-content\/uploads\/2021\/09\/Logo-IEMJ-Paypal.jpg","width":150,"height":50,"caption":"Institut Europ\u00e9en des Musiques Juives"},"image":{"@id":"https:\/\/www.iemj.org\/it\/#\/schema\/logo\/image\/"},"sameAs":["https:\/\/www.facebook.com\/MusiquesJuives\/","https:\/\/www.instagram.com\/musiquesjuives\/","https:\/\/www.youtube.com\/user\/musiquesjuives"]},{"@type":"Person","@id":"https:\/\/www.iemj.org\/it\/#\/schema\/person\/358e26c18aca017fcc4cc15437f7279c","name":"Jacqueline ROTEN","image":{"@type":"ImageObject","inLanguage":"it-IT","@id":"https:\/\/secure.gravatar.com\/avatar\/5964256d6c6957de3a3505278957e0fb2a35119ac47ea41827a65301213c810b?s=96&d=mm&r=g","url":"https:\/\/secure.gravatar.com\/avatar\/5964256d6c6957de3a3505278957e0fb2a35119ac47ea41827a65301213c810b?s=96&d=mm&r=g","contentUrl":"https:\/\/secure.gravatar.com\/avatar\/5964256d6c6957de3a3505278957e0fb2a35119ac47ea41827a65301213c810b?s=96&d=mm&r=g","caption":"Jacqueline ROTEN"}}]}},"_links":{"self":[{"href":"https:\/\/www.iemj.org\/it\/wp-json\/wp\/v2\/posts\/112993","targetHints":{"allow":["GET"]}}],"collection":[{"href":"https:\/\/www.iemj.org\/it\/wp-json\/wp\/v2\/posts"}],"about":[{"href":"https:\/\/www.iemj.org\/it\/wp-json\/wp\/v2\/types\/post"}],"author":[{"embeddable":true,"href":"https:\/\/www.iemj.org\/it\/wp-json\/wp\/v2\/users\/5"}],"replies":[{"embeddable":true,"href":"https:\/\/www.iemj.org\/it\/wp-json\/wp\/v2\/comments?post=112993"}],"version-history":[{"count":0,"href":"https:\/\/www.iemj.org\/it\/wp-json\/wp\/v2\/posts\/112993\/revisions"}],"wp:featuredmedia":[{"embeddable":true,"href":"https:\/\/www.iemj.org\/it\/wp-json\/wp\/v2\/media\/112969"}],"wp:attachment":[{"href":"https:\/\/www.iemj.org\/it\/wp-json\/wp\/v2\/media?parent=112993"}],"wp:term":[{"taxonomy":"category","embeddable":true,"href":"https:\/\/www.iemj.org\/it\/wp-json\/wp\/v2\/categories?post=112993"},{"taxonomy":"post_tag","embeddable":true,"href":"https:\/\/www.iemj.org\/it\/wp-json\/wp\/v2\/tags?post=112993"},{"taxonomy":"technique","embeddable":true,"href":"https:\/\/www.iemj.org\/it\/wp-json\/wp\/v2\/technique?post=112993"},{"taxonomy":"squelettes","embeddable":true,"href":"https:\/\/www.iemj.org\/it\/wp-json\/wp\/v2\/squelettes?post=112993"},{"taxonomy":"sujet","embeddable":true,"href":"https:\/\/www.iemj.org\/it\/wp-json\/wp\/v2\/sujet?post=112993"},{"taxonomy":"formation","embeddable":true,"href":"https:\/\/www.iemj.org\/it\/wp-json\/wp\/v2\/formation?post=112993"},{"taxonomy":"genre","embeddable":true,"href":"https:\/\/www.iemj.org\/it\/wp-json\/wp\/v2\/genre?post=112993"},{"taxonomy":"fonds","embeddable":true,"href":"https:\/\/www.iemj.org\/it\/wp-json\/wp\/v2\/fonds?post=112993"},{"taxonomy":"tradition","embeddable":true,"href":"https:\/\/www.iemj.org\/it\/wp-json\/wp\/v2\/tradition?post=112993"},{"taxonomy":"type-de-contenu","embeddable":true,"href":"https:\/\/www.iemj.org\/it\/wp-json\/wp\/v2\/type-de-contenu?post=112993"},{"taxonomy":"interprete-compositeur","embeddable":true,"href":"https:\/\/www.iemj.org\/it\/wp-json\/wp\/v2\/interprete-compositeur?post=112993"},{"taxonomy":"frise","embeddable":true,"href":"https:\/\/www.iemj.org\/it\/wp-json\/wp\/v2\/frise?post=112993"},{"taxonomy":"type-devenement","embeddable":true,"href":"https:\/\/www.iemj.org\/it\/wp-json\/wp\/v2\/type-devenement?post=112993"},{"taxonomy":"tableaux-liens-externes","embeddable":true,"href":"https:\/\/www.iemj.org\/it\/wp-json\/wp\/v2\/tableaux-liens-externes?post=112993"}],"curies":[{"name":"wp","href":"https:\/\/api.w.org\/{rel}","templated":true}]}}