{"id":113747,"date":"2023-11-26T13:15:05","date_gmt":"2023-11-26T12:15:05","guid":{"rendered":"https:\/\/www.iemj.org\/conference-la-place-de-lorgue-dans-la-tradition-juive-par-herve-roten\/"},"modified":"2024-09-16T16:16:26","modified_gmt":"2024-09-16T14:16:26","slug":"conference-la-place-de-lorgue-dans-la-tradition-juive-par-herve-roten","status":"publish","type":"post","link":"https:\/\/www.iemj.org\/it\/conference-la-place-de-lorgue-dans-la-tradition-juive-par-herve-roten\/","title":{"rendered":"CONFERENZA \u201cIL POSTO DELL&#8217;ORGANO NELLA TRADIZIONE EBRAICA\u201d, DI HERV\u00c9 ROTEN"},"content":{"rendered":"<h3 id=\"1-eael-table-of-content\" class=\"eael-heading-content\">Organizzata da B&#8217;na\u00ef B&#8217;rith &#8211; Michel de Montaigne, nell&#8217;ambito dell&#8217;inaugurazione dell&#8217;organo della Grande Sinagoga di Bordeaux, il 10 dicembre 2023, alle ore 15.00.<\/h3>\n<p>Sebbene l&#8217;organo sia tradizionalmente associato alla musica liturgica cristiana, il suo uso \u00e8 stato approvato nel XIX secolo dalla Conferenza dei capi rabbini di Francia.<\/p>\n<p><img decoding=\"async\" class=\"size-full wp-image-105890 alignright\" src=\"https:\/\/www.iemj.org\/wp-content\/uploads\/2023\/11\/Instt.jpg\" alt=\"\" width=\"101\" height=\"136\" \/>Questa decisione fu oggetto di controversie tra ebrei ortodossi e riformisti, ma la musica era gi\u00e0 presente nel tempio di Gerusalemme, dove pi\u00f9 di cento musicisti suonavano vari strumenti a corda ed a fiato&#8230;<\/p>\n<p>Nel corso dei secoli, il ruolo della musica sinagogale si \u00e8 evoluto sotto l&#8217;impulso dei cantori, a seconda del posto degli ebrei nella citt\u00e0 e della diffusione delle idee filosofiche secolari, da Baghdad a Venezia, dall&#8217;Europa occidentale a quella orientale&#8230;<\/p>\n<p><img decoding=\"async\" class=\"wp-image-32118 alignright\" src=\"https:\/\/www.iemj.org\/wp-content\/uploads\/2021\/03\/Herve-Roten-223x300.jpg\" alt=\"\" width=\"100\" height=\"135\" srcset=\"https:\/\/www.iemj.org\/wp-content\/uploads\/2021\/03\/Herve-Roten-223x300.jpg 223w, https:\/\/www.iemj.org\/wp-content\/uploads\/2021\/03\/Herve-Roten-600x809.jpg 600w, https:\/\/www.iemj.org\/wp-content\/uploads\/2021\/03\/Herve-Roten.jpg 742w\" sizes=\"(max-width: 100px) 100vw, 100px\" \/>In occasione dell&#8217;inaugurazione dell&#8217;organo sinagogale, <strong>Herv\u00e9 Roten<\/strong>, etnomusicologo e dottore in Musicologia all&#8217;Universit\u00e0 di Parigi IV Sorbona, parler\u00e0 del dibattito che ha preceduto l&#8217;introduzione dell&#8217;organo a canne, in particolare a Parigi, Bordeaux e Mulhouse.La sua conferenza ci aiuter\u00e0 a capire l&#8217;evoluzione del suo ruolo nella liturgia.<\/p>\n<p><strong>P.A.F. 10\u20ac solo conferenza &#8211; 20\u20ac solo concerto &#8211; 25\u20ac combi conferenza + concerto<\/strong><\/p>\n<p>Un contributo di sostegno superiore a 30 euro dar\u00e0 diritto a un CERFA e la differenza sar\u00e0 interamente destinata ad azioni sociali.<\/p>\n<h2 style=\"text-align: center;\"><span class=\"tribe-events-calendar-list__event-venue-title tribe-common-b2--bold\">Espace ERETS &#8211; <\/span><span class=\"tribe-events-calendar-list__event-venue-address\">36 cours Pasteur, 33000 Bordeaux<\/span><\/h2>\n<h2 style=\"text-align: center;\">alle 15:00<\/h2>\n<p><strong>Prenotazioni<\/strong> al numero 05 56 91 79 39 o via e-mail a <a href=\"mailto:contact@bbsudouest.org\" target=\"_blank\" rel=\"noopener\">contact@bbsudouest.org<\/a><\/p>\n","protected":false},"excerpt":{"rendered":"<p>Organizzata da B&#8217;na\u00ef B&#8217;rith &#8211; Michel de Montaigne, nell&#8217;ambito dell&#8217;inaugurazione dell&#8217;organo della Grande Sinagoga di Bordeaux, il 10 dicembre 2023, alle ore 15.00. Sebbene l&#8217;organo sia tradizionalmente associato alla musica<\/p>\n","protected":false},"author":5,"featured_media":105880,"comment_status":"closed","ping_status":"closed","sticky":false,"template":"","format":"standard","meta":{"_acf_changed":false,"footnotes":""},"categories":[1383,1371],"tags":[],"technique":[],"squelettes":[],"sujet":[],"formation":[],"genre":[],"fonds":[],"tradition":[],"type-de-contenu":[],"interprete-compositeur":[],"frise":[],"type-devenement":[3800],"tableaux-liens-externes":[],"class_list":["post-113747","post","type-post","status-publish","format-standard","has-post-thumbnail","hentry","category-corsi-conferenze-it","category-manifestazioni-it","type-devenement-evenements-partenaires"],"acf":[],"yoast_head":"<!-- This site is optimized with the Yoast SEO plugin v27.3 - https:\/\/yoast.com\/product\/yoast-seo-wordpress\/ -->\n<title>CONFERENZA \u201cIL POSTO DELL&#039;ORGANO NELLA TRADIZIONE EBRAICA\u201d, DI HERV\u00c9 ROTEN - Institut Europ\u00e9en des Musiques Juives<\/title>\n<meta name=\"robots\" content=\"index, follow, max-snippet:-1, max-image-preview:large, max-video-preview:-1\" \/>\n<link rel=\"canonical\" href=\"https:\/\/www.iemj.org\/it\/conference-la-place-de-lorgue-dans-la-tradition-juive-par-herve-roten\/\" \/>\n<meta property=\"og:locale\" content=\"it_IT\" \/>\n<meta property=\"og:type\" content=\"article\" \/>\n<meta property=\"og:title\" content=\"CONFERENZA \u201cIL POSTO DELL&#039;ORGANO NELLA TRADIZIONE EBRAICA\u201d, DI HERV\u00c9 ROTEN - Institut Europ\u00e9en des Musiques Juives\" \/>\n<meta property=\"og:description\" content=\"Organizzata da B&#8217;na\u00ef B&#8217;rith &#8211; Michel de Montaigne, nell&#8217;ambito dell&#8217;inaugurazione dell&#8217;organo della Grande Sinagoga di Bordeaux, il 10 dicembre 2023, alle ore 15.00. Sebbene l&#8217;organo sia tradizionalmente associato alla musica\" \/>\n<meta property=\"og:url\" content=\"https:\/\/www.iemj.org\/it\/conference-la-place-de-lorgue-dans-la-tradition-juive-par-herve-roten\/\" \/>\n<meta property=\"og:site_name\" content=\"Institut Europ\u00e9en des Musiques Juives\" \/>\n<meta property=\"article:publisher\" content=\"https:\/\/www.facebook.com\/MusiquesJuives\/\" \/>\n<meta property=\"article:published_time\" content=\"2023-11-26T12:15:05+00:00\" \/>\n<meta property=\"article:modified_time\" content=\"2024-09-16T14:16:26+00:00\" \/>\n<meta property=\"og:image\" content=\"https:\/\/www.iemj.org\/wp-content\/uploads\/2023\/11\/Conf.-Orgue-Bordeaux.jpg\" \/>\n\t<meta property=\"og:image:width\" content=\"452\" \/>\n\t<meta property=\"og:image:height\" content=\"313\" \/>\n\t<meta property=\"og:image:type\" content=\"image\/jpeg\" \/>\n<meta name=\"author\" content=\"Jacqueline ROTEN\" \/>\n<meta name=\"twitter:card\" content=\"summary_large_image\" \/>\n<meta name=\"twitter:label1\" content=\"Scritto da\" \/>\n\t<meta name=\"twitter:data1\" content=\"Jacqueline ROTEN\" \/>\n\t<meta name=\"twitter:label2\" content=\"Tempo di lettura stimato\" \/>\n\t<meta name=\"twitter:data2\" content=\"2 minuti\" \/>\n<script type=\"application\/ld+json\" class=\"yoast-schema-graph\">{\"@context\":\"https:\\\/\\\/schema.org\",\"@graph\":[{\"@type\":\"Article\",\"@id\":\"https:\\\/\\\/www.iemj.org\\\/it\\\/conference-la-place-de-lorgue-dans-la-tradition-juive-par-herve-roten\\\/#article\",\"isPartOf\":{\"@id\":\"https:\\\/\\\/www.iemj.org\\\/it\\\/conference-la-place-de-lorgue-dans-la-tradition-juive-par-herve-roten\\\/\"},\"author\":{\"name\":\"Jacqueline ROTEN\",\"@id\":\"https:\\\/\\\/www.iemj.org\\\/it\\\/#\\\/schema\\\/person\\\/358e26c18aca017fcc4cc15437f7279c\"},\"headline\":\"CONFERENZA \u201cIL POSTO DELL&#8217;ORGANO NELLA TRADIZIONE EBRAICA\u201d, DI HERV\u00c9 ROTEN\",\"datePublished\":\"2023-11-26T12:15:05+00:00\",\"dateModified\":\"2024-09-16T14:16:26+00:00\",\"mainEntityOfPage\":{\"@id\":\"https:\\\/\\\/www.iemj.org\\\/it\\\/conference-la-place-de-lorgue-dans-la-tradition-juive-par-herve-roten\\\/\"},\"wordCount\":239,\"publisher\":{\"@id\":\"https:\\\/\\\/www.iemj.org\\\/it\\\/#organization\"},\"image\":{\"@id\":\"https:\\\/\\\/www.iemj.org\\\/it\\\/conference-la-place-de-lorgue-dans-la-tradition-juive-par-herve-roten\\\/#primaryimage\"},\"thumbnailUrl\":\"https:\\\/\\\/www.iemj.org\\\/wp-content\\\/uploads\\\/2023\\\/11\\\/Conf.-Orgue-Bordeaux.jpg\",\"articleSection\":[\"Corsi \\\/ Conferenze\",\"Manifestazioni\"],\"inLanguage\":\"it-IT\"},{\"@type\":\"WebPage\",\"@id\":\"https:\\\/\\\/www.iemj.org\\\/it\\\/conference-la-place-de-lorgue-dans-la-tradition-juive-par-herve-roten\\\/\",\"url\":\"https:\\\/\\\/www.iemj.org\\\/it\\\/conference-la-place-de-lorgue-dans-la-tradition-juive-par-herve-roten\\\/\",\"name\":\"CONFERENZA \u201cIL POSTO DELL'ORGANO NELLA TRADIZIONE EBRAICA\u201d, DI HERV\u00c9 ROTEN - Institut Europ\u00e9en des Musiques Juives\",\"isPartOf\":{\"@id\":\"https:\\\/\\\/www.iemj.org\\\/it\\\/#website\"},\"primaryImageOfPage\":{\"@id\":\"https:\\\/\\\/www.iemj.org\\\/it\\\/conference-la-place-de-lorgue-dans-la-tradition-juive-par-herve-roten\\\/#primaryimage\"},\"image\":{\"@id\":\"https:\\\/\\\/www.iemj.org\\\/it\\\/conference-la-place-de-lorgue-dans-la-tradition-juive-par-herve-roten\\\/#primaryimage\"},\"thumbnailUrl\":\"https:\\\/\\\/www.iemj.org\\\/wp-content\\\/uploads\\\/2023\\\/11\\\/Conf.-Orgue-Bordeaux.jpg\",\"datePublished\":\"2023-11-26T12:15:05+00:00\",\"dateModified\":\"2024-09-16T14:16:26+00:00\",\"breadcrumb\":{\"@id\":\"https:\\\/\\\/www.iemj.org\\\/it\\\/conference-la-place-de-lorgue-dans-la-tradition-juive-par-herve-roten\\\/#breadcrumb\"},\"inLanguage\":\"it-IT\",\"potentialAction\":[{\"@type\":\"ReadAction\",\"target\":[\"https:\\\/\\\/www.iemj.org\\\/it\\\/conference-la-place-de-lorgue-dans-la-tradition-juive-par-herve-roten\\\/\"]}]},{\"@type\":\"ImageObject\",\"inLanguage\":\"it-IT\",\"@id\":\"https:\\\/\\\/www.iemj.org\\\/it\\\/conference-la-place-de-lorgue-dans-la-tradition-juive-par-herve-roten\\\/#primaryimage\",\"url\":\"https:\\\/\\\/www.iemj.org\\\/wp-content\\\/uploads\\\/2023\\\/11\\\/Conf.-Orgue-Bordeaux.jpg\",\"contentUrl\":\"https:\\\/\\\/www.iemj.org\\\/wp-content\\\/uploads\\\/2023\\\/11\\\/Conf.-Orgue-Bordeaux.jpg\",\"width\":452,\"height\":313},{\"@type\":\"BreadcrumbList\",\"@id\":\"https:\\\/\\\/www.iemj.org\\\/it\\\/conference-la-place-de-lorgue-dans-la-tradition-juive-par-herve-roten\\\/#breadcrumb\",\"itemListElement\":[{\"@type\":\"ListItem\",\"position\":1,\"name\":\"Accueil\",\"item\":\"https:\\\/\\\/www.iemj.org\\\/it\\\/\"},{\"@type\":\"ListItem\",\"position\":2,\"name\":\"CONFERENZA \u201cIL POSTO DELL&#8217;ORGANO NELLA TRADIZIONE EBRAICA\u201d, DI HERV\u00c9 ROTEN\"}]},{\"@type\":\"WebSite\",\"@id\":\"https:\\\/\\\/www.iemj.org\\\/it\\\/#website\",\"url\":\"https:\\\/\\\/www.iemj.org\\\/it\\\/\",\"name\":\"Institut Europ\u00e9en des Musiques Juives\",\"description\":\"Des traditions musicales \u00e0 la port\u00e9e de tous\",\"publisher\":{\"@id\":\"https:\\\/\\\/www.iemj.org\\\/it\\\/#organization\"},\"potentialAction\":[{\"@type\":\"SearchAction\",\"target\":{\"@type\":\"EntryPoint\",\"urlTemplate\":\"https:\\\/\\\/www.iemj.org\\\/it\\\/?s={search_term_string}\"},\"query-input\":{\"@type\":\"PropertyValueSpecification\",\"valueRequired\":true,\"valueName\":\"search_term_string\"}}],\"inLanguage\":\"it-IT\"},{\"@type\":\"Organization\",\"@id\":\"https:\\\/\\\/www.iemj.org\\\/it\\\/#organization\",\"name\":\"Institut Europ\u00e9en des Musiques Juives\",\"url\":\"https:\\\/\\\/www.iemj.org\\\/it\\\/\",\"logo\":{\"@type\":\"ImageObject\",\"inLanguage\":\"it-IT\",\"@id\":\"https:\\\/\\\/www.iemj.org\\\/it\\\/#\\\/schema\\\/logo\\\/image\\\/\",\"url\":\"https:\\\/\\\/www.iemj.org\\\/wp-content\\\/uploads\\\/2021\\\/09\\\/Logo-IEMJ-Paypal.jpg\",\"contentUrl\":\"https:\\\/\\\/www.iemj.org\\\/wp-content\\\/uploads\\\/2021\\\/09\\\/Logo-IEMJ-Paypal.jpg\",\"width\":150,\"height\":50,\"caption\":\"Institut Europ\u00e9en des Musiques Juives\"},\"image\":{\"@id\":\"https:\\\/\\\/www.iemj.org\\\/it\\\/#\\\/schema\\\/logo\\\/image\\\/\"},\"sameAs\":[\"https:\\\/\\\/www.facebook.com\\\/MusiquesJuives\\\/\",\"https:\\\/\\\/www.instagram.com\\\/musiquesjuives\\\/\",\"https:\\\/\\\/www.youtube.com\\\/user\\\/musiquesjuives\"]},{\"@type\":\"Person\",\"@id\":\"https:\\\/\\\/www.iemj.org\\\/it\\\/#\\\/schema\\\/person\\\/358e26c18aca017fcc4cc15437f7279c\",\"name\":\"Jacqueline ROTEN\",\"image\":{\"@type\":\"ImageObject\",\"inLanguage\":\"it-IT\",\"@id\":\"https:\\\/\\\/secure.gravatar.com\\\/avatar\\\/5964256d6c6957de3a3505278957e0fb2a35119ac47ea41827a65301213c810b?s=96&d=mm&r=g\",\"url\":\"https:\\\/\\\/secure.gravatar.com\\\/avatar\\\/5964256d6c6957de3a3505278957e0fb2a35119ac47ea41827a65301213c810b?s=96&d=mm&r=g\",\"contentUrl\":\"https:\\\/\\\/secure.gravatar.com\\\/avatar\\\/5964256d6c6957de3a3505278957e0fb2a35119ac47ea41827a65301213c810b?s=96&d=mm&r=g\",\"caption\":\"Jacqueline ROTEN\"}}]}<\/script>\n<!-- \/ Yoast SEO plugin. -->","yoast_head_json":{"title":"CONFERENZA \u201cIL POSTO DELL'ORGANO NELLA TRADIZIONE EBRAICA\u201d, DI HERV\u00c9 ROTEN - Institut Europ\u00e9en des Musiques Juives","robots":{"index":"index","follow":"follow","max-snippet":"max-snippet:-1","max-image-preview":"max-image-preview:large","max-video-preview":"max-video-preview:-1"},"canonical":"https:\/\/www.iemj.org\/it\/conference-la-place-de-lorgue-dans-la-tradition-juive-par-herve-roten\/","og_locale":"it_IT","og_type":"article","og_title":"CONFERENZA \u201cIL POSTO DELL'ORGANO NELLA TRADIZIONE EBRAICA\u201d, DI HERV\u00c9 ROTEN - Institut Europ\u00e9en des Musiques Juives","og_description":"Organizzata da B&#8217;na\u00ef B&#8217;rith &#8211; Michel de Montaigne, nell&#8217;ambito dell&#8217;inaugurazione dell&#8217;organo della Grande Sinagoga di Bordeaux, il 10 dicembre 2023, alle ore 15.00. Sebbene l&#8217;organo sia tradizionalmente associato alla musica","og_url":"https:\/\/www.iemj.org\/it\/conference-la-place-de-lorgue-dans-la-tradition-juive-par-herve-roten\/","og_site_name":"Institut Europ\u00e9en des Musiques Juives","article_publisher":"https:\/\/www.facebook.com\/MusiquesJuives\/","article_published_time":"2023-11-26T12:15:05+00:00","article_modified_time":"2024-09-16T14:16:26+00:00","og_image":[{"width":452,"height":313,"url":"https:\/\/www.iemj.org\/wp-content\/uploads\/2023\/11\/Conf.-Orgue-Bordeaux.jpg","type":"image\/jpeg"}],"author":"Jacqueline ROTEN","twitter_card":"summary_large_image","twitter_misc":{"Scritto da":"Jacqueline ROTEN","Tempo di lettura stimato":"2 minuti"},"schema":{"@context":"https:\/\/schema.org","@graph":[{"@type":"Article","@id":"https:\/\/www.iemj.org\/it\/conference-la-place-de-lorgue-dans-la-tradition-juive-par-herve-roten\/#article","isPartOf":{"@id":"https:\/\/www.iemj.org\/it\/conference-la-place-de-lorgue-dans-la-tradition-juive-par-herve-roten\/"},"author":{"name":"Jacqueline ROTEN","@id":"https:\/\/www.iemj.org\/it\/#\/schema\/person\/358e26c18aca017fcc4cc15437f7279c"},"headline":"CONFERENZA \u201cIL POSTO DELL&#8217;ORGANO NELLA TRADIZIONE EBRAICA\u201d, DI HERV\u00c9 ROTEN","datePublished":"2023-11-26T12:15:05+00:00","dateModified":"2024-09-16T14:16:26+00:00","mainEntityOfPage":{"@id":"https:\/\/www.iemj.org\/it\/conference-la-place-de-lorgue-dans-la-tradition-juive-par-herve-roten\/"},"wordCount":239,"publisher":{"@id":"https:\/\/www.iemj.org\/it\/#organization"},"image":{"@id":"https:\/\/www.iemj.org\/it\/conference-la-place-de-lorgue-dans-la-tradition-juive-par-herve-roten\/#primaryimage"},"thumbnailUrl":"https:\/\/www.iemj.org\/wp-content\/uploads\/2023\/11\/Conf.-Orgue-Bordeaux.jpg","articleSection":["Corsi \/ Conferenze","Manifestazioni"],"inLanguage":"it-IT"},{"@type":"WebPage","@id":"https:\/\/www.iemj.org\/it\/conference-la-place-de-lorgue-dans-la-tradition-juive-par-herve-roten\/","url":"https:\/\/www.iemj.org\/it\/conference-la-place-de-lorgue-dans-la-tradition-juive-par-herve-roten\/","name":"CONFERENZA \u201cIL POSTO DELL'ORGANO NELLA TRADIZIONE EBRAICA\u201d, DI HERV\u00c9 ROTEN - Institut Europ\u00e9en des Musiques Juives","isPartOf":{"@id":"https:\/\/www.iemj.org\/it\/#website"},"primaryImageOfPage":{"@id":"https:\/\/www.iemj.org\/it\/conference-la-place-de-lorgue-dans-la-tradition-juive-par-herve-roten\/#primaryimage"},"image":{"@id":"https:\/\/www.iemj.org\/it\/conference-la-place-de-lorgue-dans-la-tradition-juive-par-herve-roten\/#primaryimage"},"thumbnailUrl":"https:\/\/www.iemj.org\/wp-content\/uploads\/2023\/11\/Conf.-Orgue-Bordeaux.jpg","datePublished":"2023-11-26T12:15:05+00:00","dateModified":"2024-09-16T14:16:26+00:00","breadcrumb":{"@id":"https:\/\/www.iemj.org\/it\/conference-la-place-de-lorgue-dans-la-tradition-juive-par-herve-roten\/#breadcrumb"},"inLanguage":"it-IT","potentialAction":[{"@type":"ReadAction","target":["https:\/\/www.iemj.org\/it\/conference-la-place-de-lorgue-dans-la-tradition-juive-par-herve-roten\/"]}]},{"@type":"ImageObject","inLanguage":"it-IT","@id":"https:\/\/www.iemj.org\/it\/conference-la-place-de-lorgue-dans-la-tradition-juive-par-herve-roten\/#primaryimage","url":"https:\/\/www.iemj.org\/wp-content\/uploads\/2023\/11\/Conf.-Orgue-Bordeaux.jpg","contentUrl":"https:\/\/www.iemj.org\/wp-content\/uploads\/2023\/11\/Conf.-Orgue-Bordeaux.jpg","width":452,"height":313},{"@type":"BreadcrumbList","@id":"https:\/\/www.iemj.org\/it\/conference-la-place-de-lorgue-dans-la-tradition-juive-par-herve-roten\/#breadcrumb","itemListElement":[{"@type":"ListItem","position":1,"name":"Accueil","item":"https:\/\/www.iemj.org\/it\/"},{"@type":"ListItem","position":2,"name":"CONFERENZA \u201cIL POSTO DELL&#8217;ORGANO NELLA TRADIZIONE EBRAICA\u201d, DI HERV\u00c9 ROTEN"}]},{"@type":"WebSite","@id":"https:\/\/www.iemj.org\/it\/#website","url":"https:\/\/www.iemj.org\/it\/","name":"Institut Europ\u00e9en des Musiques Juives","description":"Des traditions musicales \u00e0 la port\u00e9e de tous","publisher":{"@id":"https:\/\/www.iemj.org\/it\/#organization"},"potentialAction":[{"@type":"SearchAction","target":{"@type":"EntryPoint","urlTemplate":"https:\/\/www.iemj.org\/it\/?s={search_term_string}"},"query-input":{"@type":"PropertyValueSpecification","valueRequired":true,"valueName":"search_term_string"}}],"inLanguage":"it-IT"},{"@type":"Organization","@id":"https:\/\/www.iemj.org\/it\/#organization","name":"Institut Europ\u00e9en des Musiques Juives","url":"https:\/\/www.iemj.org\/it\/","logo":{"@type":"ImageObject","inLanguage":"it-IT","@id":"https:\/\/www.iemj.org\/it\/#\/schema\/logo\/image\/","url":"https:\/\/www.iemj.org\/wp-content\/uploads\/2021\/09\/Logo-IEMJ-Paypal.jpg","contentUrl":"https:\/\/www.iemj.org\/wp-content\/uploads\/2021\/09\/Logo-IEMJ-Paypal.jpg","width":150,"height":50,"caption":"Institut Europ\u00e9en des Musiques Juives"},"image":{"@id":"https:\/\/www.iemj.org\/it\/#\/schema\/logo\/image\/"},"sameAs":["https:\/\/www.facebook.com\/MusiquesJuives\/","https:\/\/www.instagram.com\/musiquesjuives\/","https:\/\/www.youtube.com\/user\/musiquesjuives"]},{"@type":"Person","@id":"https:\/\/www.iemj.org\/it\/#\/schema\/person\/358e26c18aca017fcc4cc15437f7279c","name":"Jacqueline ROTEN","image":{"@type":"ImageObject","inLanguage":"it-IT","@id":"https:\/\/secure.gravatar.com\/avatar\/5964256d6c6957de3a3505278957e0fb2a35119ac47ea41827a65301213c810b?s=96&d=mm&r=g","url":"https:\/\/secure.gravatar.com\/avatar\/5964256d6c6957de3a3505278957e0fb2a35119ac47ea41827a65301213c810b?s=96&d=mm&r=g","contentUrl":"https:\/\/secure.gravatar.com\/avatar\/5964256d6c6957de3a3505278957e0fb2a35119ac47ea41827a65301213c810b?s=96&d=mm&r=g","caption":"Jacqueline ROTEN"}}]}},"_links":{"self":[{"href":"https:\/\/www.iemj.org\/it\/wp-json\/wp\/v2\/posts\/113747","targetHints":{"allow":["GET"]}}],"collection":[{"href":"https:\/\/www.iemj.org\/it\/wp-json\/wp\/v2\/posts"}],"about":[{"href":"https:\/\/www.iemj.org\/it\/wp-json\/wp\/v2\/types\/post"}],"author":[{"embeddable":true,"href":"https:\/\/www.iemj.org\/it\/wp-json\/wp\/v2\/users\/5"}],"replies":[{"embeddable":true,"href":"https:\/\/www.iemj.org\/it\/wp-json\/wp\/v2\/comments?post=113747"}],"version-history":[{"count":0,"href":"https:\/\/www.iemj.org\/it\/wp-json\/wp\/v2\/posts\/113747\/revisions"}],"wp:featuredmedia":[{"embeddable":true,"href":"https:\/\/www.iemj.org\/it\/wp-json\/wp\/v2\/media\/105880"}],"wp:attachment":[{"href":"https:\/\/www.iemj.org\/it\/wp-json\/wp\/v2\/media?parent=113747"}],"wp:term":[{"taxonomy":"category","embeddable":true,"href":"https:\/\/www.iemj.org\/it\/wp-json\/wp\/v2\/categories?post=113747"},{"taxonomy":"post_tag","embeddable":true,"href":"https:\/\/www.iemj.org\/it\/wp-json\/wp\/v2\/tags?post=113747"},{"taxonomy":"technique","embeddable":true,"href":"https:\/\/www.iemj.org\/it\/wp-json\/wp\/v2\/technique?post=113747"},{"taxonomy":"squelettes","embeddable":true,"href":"https:\/\/www.iemj.org\/it\/wp-json\/wp\/v2\/squelettes?post=113747"},{"taxonomy":"sujet","embeddable":true,"href":"https:\/\/www.iemj.org\/it\/wp-json\/wp\/v2\/sujet?post=113747"},{"taxonomy":"formation","embeddable":true,"href":"https:\/\/www.iemj.org\/it\/wp-json\/wp\/v2\/formation?post=113747"},{"taxonomy":"genre","embeddable":true,"href":"https:\/\/www.iemj.org\/it\/wp-json\/wp\/v2\/genre?post=113747"},{"taxonomy":"fonds","embeddable":true,"href":"https:\/\/www.iemj.org\/it\/wp-json\/wp\/v2\/fonds?post=113747"},{"taxonomy":"tradition","embeddable":true,"href":"https:\/\/www.iemj.org\/it\/wp-json\/wp\/v2\/tradition?post=113747"},{"taxonomy":"type-de-contenu","embeddable":true,"href":"https:\/\/www.iemj.org\/it\/wp-json\/wp\/v2\/type-de-contenu?post=113747"},{"taxonomy":"interprete-compositeur","embeddable":true,"href":"https:\/\/www.iemj.org\/it\/wp-json\/wp\/v2\/interprete-compositeur?post=113747"},{"taxonomy":"frise","embeddable":true,"href":"https:\/\/www.iemj.org\/it\/wp-json\/wp\/v2\/frise?post=113747"},{"taxonomy":"type-devenement","embeddable":true,"href":"https:\/\/www.iemj.org\/it\/wp-json\/wp\/v2\/type-devenement?post=113747"},{"taxonomy":"tableaux-liens-externes","embeddable":true,"href":"https:\/\/www.iemj.org\/it\/wp-json\/wp\/v2\/tableaux-liens-externes?post=113747"}],"curies":[{"name":"wp","href":"https:\/\/api.w.org\/{rel}","templated":true}]}}