{"id":114537,"date":"2024-10-27T16:49:18","date_gmt":"2024-10-27T15:49:18","guid":{"rendered":"https:\/\/www.iemj.org\/mecenes-musiciens-et-compositeurs-juifs-durant-la-iiie-republique-1870-1940\/"},"modified":"2025-06-08T11:35:32","modified_gmt":"2025-06-08T09:35:32","slug":"mecenes-musiciens-et-compositeurs-juifs-durant-la-iiie-republique-1870-1940","status":"publish","type":"post","link":"https:\/\/www.iemj.org\/it\/mecenes-musiciens-et-compositeurs-juifs-durant-la-iiie-republique-1870-1940\/","title":{"rendered":"Mecenati, musicisti e compositori ebrei durante la Terza Repubblica (1870-1940)"},"content":{"rendered":"<p><strong>Tra il 1870 e il 1940, la vita musicale in Francia dipendeva in gran parte dal sostegno di alcuni mecenati consapevoli ed appassionati di musica. Questi mecenati includevano un numero significativo di ebrei.<\/strong><\/p>\n<p>La Principessa Edmond de Polignac (1865-1942), nata Winaretta Singer, figlia di Isaac Singer, l&#8217;inventore della macchina da cucire perfezionata, apre nel 1887 un salone che attira molti compositori e musicisti. Sposata per la seconda volta con il Principe Edmond de Polignac, a partire dall&#8217;inverno 1893-1894 organizza nel suo hotel dell&#8217;avenue Henri-Martin incontri musicali che attirano numerosi scrittori e musicisti, tra cui Marcel Proust, Jean Cocteau, Colette, Diaghilev, Manuel de Falla, Chabrier, d&#8217;Indy, Faur\u00e9, Nadia Boulanger, Arthur Rubinstein, Wladimir Horowitz e Clara Haskil. Pittrice e musicista affermata, la Principessa di Polignac beneficia dei consigli illuminati di Gabriel Astruc, Serge de Diaghilev e Nadia Boulanger. Tra il 1912 ed il 1940, la Principessa commissiona una ventina di partiture a diciassette compositori francesi e stranieri, tra cui Igor Stravinsky (<em>Renard<\/em>), Erik Satie (<em>Socrate<\/em>), <a href=\"https:\/\/www.iemj.org\/it\/milhaud-darius-1892-1974\/\" target=\"_blank\" rel=\"noopener\">Darius Milhaud<\/a> (<em>Les Malheurs d&#8217;Orph\u00e9e<\/em>) e Francis Poulenc (<em>Concerto pour deux pianos<\/em> e <em>Concerto pour orgue<\/em>).<\/p>\n\n<div class=\"wp-block-image\">\n<figure class=\"aligncenter size-full\"><img fetchpriority=\"high\" decoding=\"async\" width=\"566\" height=\"467\" src=\"https:\/\/www.iemj.org\/wp-content\/uploads\/2024\/10\/Princesse-de-Polignac_w_03.jpg\" alt=\"\" class=\"wp-image-114464\" srcset=\"https:\/\/www.iemj.org\/wp-content\/uploads\/2024\/10\/Princesse-de-Polignac_w_03.jpg 566w, https:\/\/www.iemj.org\/wp-content\/uploads\/2024\/10\/Princesse-de-Polignac_w_03-300x248.jpg 300w\" sizes=\"(max-width: 566px) 100vw, 566px\" \/><figcaption class=\"wp-element-caption\">Villa Bassaraba ad Amphion, 1899: da sinistra a destra, in piedi, Edmond de Polignac, la Principessa de Brancovan, Marcel Proust, Constantin de Brancovan, Jeanne Bartholoni (?), L\u00e9on Delafosse, in seconda fila, Madame Montgenard, <strong>Winiretta Singer (Principessa de Polignac)<\/strong>, Anna de Noailles, in prima fila, H\u00e9l\u00e8ne de Caraman-Chimay, Abel Hermant.<\/figcaption><\/figure>\n<\/div>\n\n<figure id=\"attachment_114497\" aria-describedby=\"caption-attachment-114497\" style=\"width: 163px\" class=\"wp-caption alignleft\"><img decoding=\"async\" class=\"wp-image-114497\" src=\"https:\/\/www.iemj.org\/wp-content\/uploads\/2024\/10\/Isaac-de-Camondo-200x300.jpg\" alt=\"\" width=\"163\" height=\"244\" srcset=\"https:\/\/www.iemj.org\/wp-content\/uploads\/2024\/10\/Isaac-de-Camondo-200x300.jpg 200w, https:\/\/www.iemj.org\/wp-content\/uploads\/2024\/10\/Isaac-de-Camondo.jpg 267w\" sizes=\"(max-width: 163px) 100vw, 163px\" \/><figcaption id=\"caption-attachment-114497\" class=\"wp-caption-text\"><strong>Isaac de Camondo<\/strong><\/figcaption><\/figure>\n<p>Benefattrice delle arti, la baronessa Edouard de Rothschild (1884-1975), nata Germaine Halphen, ospita nel suo hotel al numero 2 della rue Saint-Florentin numerosi musicisti, tra cui Alfred Cortot, Jasha Heifetz, Yehudi Menuhin, Vladimir Horowitz e Arthur Rubinstein, a cui \u00e8 fortemente legata.<\/p>\n<p>Nato da una ricca famiglia di Costantinopoli, il Conte <a href=\"https:\/\/www.iemj.org\/it\/camondo-isaac-de-1850-1911\/\" target=\"_blank\" rel=\"noopener\">Isaac de Camondo (1851-1911)<\/a> \u00e8 un musicista dilettante illuminato. Scrive una ventina di opere vocali, strumentali ed orchestrali. Mecenate estremamente generoso, \u00e8 stato uno dei principali azionisti del Th\u00e9\u00e2tre des Champs-\u00c9lys\u00e9es, insieme al Barone Henri de Rothschild, ai fratelli Rothschild, ad \u00c9mile e Fernand Halphen, a Madame Louis Stern, ai Cahen d&#8217;Anvers, ad Henry Deutsch de la Meurthe, ad Albert Kahn, a Willy Blumenthal, a Paul Fould ed a Louis Barthou.<\/p>\n<figure id=\"attachment_114502\" aria-describedby=\"caption-attachment-114502\" style=\"width: 175px\" class=\"wp-caption alignright\"><img decoding=\"async\" class=\"wp-image-114502\" src=\"https:\/\/www.iemj.org\/wp-content\/uploads\/2024\/10\/Henry_Deutsch_de_la_Meurthe_1912-228x300.jpg\" alt=\"\" width=\"175\" height=\"230\" srcset=\"https:\/\/www.iemj.org\/wp-content\/uploads\/2024\/10\/Henry_Deutsch_de_la_Meurthe_1912-228x300.jpg 228w, https:\/\/www.iemj.org\/wp-content\/uploads\/2024\/10\/Henry_Deutsch_de_la_Meurthe_1912.jpg 304w\" sizes=\"(max-width: 175px) 100vw, 175px\" \/><figcaption id=\"caption-attachment-114502\" class=\"wp-caption-text\"><strong>Henry Deutsch de la Meurthe<\/strong><\/figcaption><\/figure>\n<p>Come Isaac de Camondo, l&#8217;industriale <a href=\"https:\/\/www.iemj.org\/it\/henry-deutsch-de-la-meurthe-1846-1919\/\" target=\"_blank\" rel=\"noopener\">Henry Deutsch de la Meurthe (1846-1919)<\/a> \u00e8 noto per la sua filantropia ed il suo gusto per la musica. Considerato uno dei maggiori azionisti dell&#8217;Op\u00e9ra, per la quale compose <em>Icare<\/em>, un&#8217;epopea lirica in tre quadri di Henri Cain, orchestrata da <a href=\"https:\/\/www.iemj.org\/it\/camille-erlanger-1863-1919\/\" target=\"_blank\" rel=\"noopener\">Camille Erlanger<\/a>, \u00e8 stato anche autore di numerose melodie.<\/p>\n<p>I ricevimenti organizzati da personalit\u00e0 del mondo della finanza, in particolare nei salotti della borghesia ebraica, non sono affatto inferiori a quelli della nobilt\u00e0. Ad esempio, Maurice Ephrussi (1849-1916) e sua moglie, nata Rothschild, si intrattengono nel loro hotel del 19 avenue du Bois-de-Boulogne. Si rivolgono a Gabriel Astruc per comporre il programma e ingaggiare gli artisti. Il fratello maggiore di Maurice, Michel Ephrussi, dirige insieme alla moglie un salone vicino all&#8217;\u00c9toile, al 48 di rue de la P\u00e9rouse. Madame Michel Ephrussi \u00e8 una pianista raffinata e si diverte a suonare in compagnia di artisti e compositori come Georges Enesco.<\/p>\n<p>La famiglia Stern \u00e8 originaria di Francoforte. Edgar Stern, sposato con Marguerite Fould, intrattene i suoi ospiti nel suo hotel al 20 dell&#8217;avenue Montaigne. Gli Stern si rivolgono anche a Gabriel Astruc per organizzare i loro ricevimenti musicali, che a volte comprendono anche dei balletti.<\/p>\n<figure id=\"attachment_114528\" aria-describedby=\"caption-attachment-114528\" style=\"width: 187px\" class=\"wp-caption alignleft\"><img loading=\"lazy\" decoding=\"async\" class=\"wp-image-114528 \" src=\"https:\/\/www.iemj.org\/wp-content\/uploads\/2024\/10\/Fernand-Halphen-e1730048182716.jpg\" alt=\"\" width=\"187\" height=\"274\" srcset=\"https:\/\/www.iemj.org\/wp-content\/uploads\/2024\/10\/Fernand-Halphen-e1730048182716.jpg 320w, https:\/\/www.iemj.org\/wp-content\/uploads\/2024\/10\/Fernand-Halphen-e1730048182716-205x300.jpg 205w\" sizes=\"(max-width: 187px) 100vw, 187px\" \/><figcaption id=\"caption-attachment-114528\" class=\"wp-caption-text\"><strong>Fernand Halphen<\/strong><\/figcaption><\/figure>\n<p><a href=\"https:\/\/www.iemj.org\/it\/cahen-danvers-albert-1846-1903\/\" target=\"_blank\" rel=\"noopener\">Albert Cahen d\u2019Anvers (1846-1903)<\/a>, di famiglia di ricchi finanzieri ebrei ed allievo di C\u00e9sar Frank, a partire dal 1870 organizza sessioni musicali nel suo albergo del Faubourg Saint-Germain, dove accoglie, tra gli altri, Jules Massenet e Vincent d&#8217;Indy. Attratto dalla musica, <a href=\"https:\/\/www.iemj.org\/it\/halphen-fernand-1872-1917\/\" target=\"_blank\" rel=\"noopener\">Fernand Halphen (1872-1917)<\/a>, imparentato dalla madre con le famiglie Ephrussi, Stern e Rothschild, entra al Conservatorio di Parigi all&#8217;et\u00e0 di tredici anni. I suoi genitori, Georges e Henriette Halphen, sono mecenati delle arti e si intrattengono nel loro albergo parigino al 24 di rue Chaptal e nella loro casa al monastero di Ville-d&#8217;Avray. Fernand Halphen tiene anche un salone dove vengono eseguite le sue opere. Dopo la sua tragica morte durante la Prima Guerra Mondiale, la vedova, nata <a href=\"https:\/\/www.iemj.org\/it\/halphen-alice-1878-1963\/\" target=\"_blank\" rel=\"noopener\">Alice Koenigswarter<\/a>, continua ad organizzare concerti nel suo salotto parigino della rue Dumont d&#8217;Urville ed a La Chapelle-en-Serval. Negli anni tra le due guerre ospita, tra gli altri, Robert e Gaby Casadesus, Andr\u00e9 Jolivet, Darius Milhaud e Francis Poulenc.<\/p>\n<figure id=\"attachment_114454\" aria-describedby=\"caption-attachment-114454\" style=\"width: 300px\" class=\"wp-caption alignright\"><img loading=\"lazy\" decoding=\"async\" class=\"wp-image-114454 size-medium\" src=\"https:\/\/www.iemj.org\/wp-content\/uploads\/2024\/10\/Emma_Debussy_Bardac_juillet1931_T.Bonney-300x217.jpg\" alt=\"\" width=\"300\" height=\"217\" srcset=\"https:\/\/www.iemj.org\/wp-content\/uploads\/2024\/10\/Emma_Debussy_Bardac_juillet1931_T.Bonney-300x217.jpg 300w, https:\/\/www.iemj.org\/wp-content\/uploads\/2024\/10\/Emma_Debussy_Bardac_juillet1931_T.Bonney-1024x739.jpg 1024w, https:\/\/www.iemj.org\/wp-content\/uploads\/2024\/10\/Emma_Debussy_Bardac_juillet1931_T.Bonney-768x554.jpg 768w, https:\/\/www.iemj.org\/wp-content\/uploads\/2024\/10\/Emma_Debussy_Bardac_juillet1931_T.Bonney-600x433.jpg 600w, https:\/\/www.iemj.org\/wp-content\/uploads\/2024\/10\/Emma_Debussy_Bardac_juillet1931_T.Bonney.jpg 1200w\" sizes=\"(max-width: 300px) 100vw, 300px\" \/><figcaption id=\"caption-attachment-114454\" class=\"wp-caption-text\"><strong>\u00a0Emma Bardac<\/strong><\/figcaption><\/figure>\n<p>Anche molti musicisti dilettanti tengono un salotto. Per alcuni &#8211; in particolare per le donne, che in questo modo compensano la frustrazione di non potersi esibire sui palcoscenici pubblici &#8211; \u00e8 l&#8217;unica opportunit\u00e0 di esprimere il proprio talento e di essere ascoltati da un pubblico, a volte anche a fianco di musicisti professionisti. Madame Maurice Sulzbach, nata Frincsel, tiene un prestigioso salone al 52 bis dell&#8217;avenue d&#8217;I\u00e9na e nel suo castello di Le Chesnay (Seine-et-Oise), frequentato regolarmente da Vincent d&#8217;Indy, Camille Erlanger ed Ernest Chausson. Louise Cr\u00e9mieux (1863-1925), nipote di Adolphe Cr\u00e9mieux, \u00e8 una cantante dilettante e dirige un salotto dove intrattiene Faur\u00e9, Roger-Ducasse e Ravel, che le dedica <em>L&#8217;Heure espagnole<\/em> e <em>Le No\u00ebl des jouets<\/em>. Prima di diventare la moglie di Claude Debussy nel 1904, Emma Bardac (1862-1934), nata Moyse, sposa nel 1879 Sigismond Bardac, un banchiere e collezionista ebreo di origine tedesca. La coppia si stabilisce a Parigi e apre un salotto dove, negli ultimi anni del XIX secolo, Faur\u00e9 introduce i migliori esponenti della sua classe di composizione: Koechlin, Ducasse e Ravel.<\/p>\n<p>La tradizione musicale sembra altrettanto forte nella famiglia di Isabel Lang (1904-1988) come in quella di Henry Gou\u00efn (1900-1977), che si sposano nel 1931 all&#8217;Abbaye de Royaumont, di propriet\u00e0 della famiglia Gou\u00efn. Qui accolgono numerosi musicisti, interpreti e compositori, tra cui Albert Roussel, Darius e Madeleine Milhaud, Roland Manuel, Jacques Ibert, Florent Schmitt, <a href=\"https:\/\/www.iemj.org\/it\/tansman-alexandre-1897-1986\/\" target=\"_blank\" rel=\"noopener\">Alexandre Tansman<\/a>, Luigi Dallapiccola ed Ernst Krenek. Precursore della sponsorizzazione aziendale, Henry Gou\u00efn avrebbe cercato, intorno al 1937, di convincere gli industriali ad aiutare gli artisti. Tuttavia, il sistema fiscale non essendo adeguato all&#8217;epoca, il suo progetto non fu mai realizzato. Cinquant&#8217;anni dopo, questa misura \u00e8 stata introdotta dal Ministero della Cultura francesi.<\/p>\n<p>Come sarebbe stata la vita musicale a cavallo del XX secolo senza il contributo dei mecenati e dei salotti musicali? Molti di questi salotti erano gestiti da eminenti membri della borghesia israelita che, sostenendo la creazione musicale, permisero alla Francia, ed in particolare a Parigi, di esercitare una reale influenza artistica in Europa e nel mondo.<\/p>\n\n\n<div class=\"wp-block-columns is-layout-flex wp-container-core-columns-is-layout-9d6595d7 wp-block-columns-is-layout-flex\">\n<div class=\"wp-block-column is-layout-flow wp-block-column-is-layout-flow\"><div class=\"wp-block-image\">\n<figure class=\"aligncenter size-full is-resized\"><img loading=\"lazy\" decoding=\"async\" width=\"379\" height=\"500\" src=\"https:\/\/www.iemj.org\/wp-content\/uploads\/2024\/10\/Fernand-Halphen-Couv-partition-3-melodies-P_373_COUV.jpg\" alt=\"\" class=\"wp-image-114508\" style=\"width:auto;height:500px\" srcset=\"https:\/\/www.iemj.org\/wp-content\/uploads\/2024\/10\/Fernand-Halphen-Couv-partition-3-melodies-P_373_COUV.jpg 379w, https:\/\/www.iemj.org\/wp-content\/uploads\/2024\/10\/Fernand-Halphen-Couv-partition-3-melodies-P_373_COUV-227x300.jpg 227w\" sizes=\"(max-width: 379px) 100vw, 379px\" \/><figcaption class=\"wp-element-caption\"><strong>Trois m\u00e9lodies di Fernand Halphen, Nuit, Baisers, Absence <\/strong><\/figcaption><\/figure>\n<\/div><\/div>\n\n\n\n<div class=\"wp-block-column is-layout-flow wp-block-column-is-layout-flow\"><div class=\"wp-block-image\">\n<figure class=\"aligncenter size-full is-resized\"><img loading=\"lazy\" decoding=\"async\" width=\"368\" height=\"500\" src=\"https:\/\/www.iemj.org\/wp-content\/uploads\/2024\/10\/Morceaux-divers-partition-H-Deutsch-de-la-Meurthe.jpg\" alt=\"\" class=\"wp-image-114519\" style=\"object-fit:cover;width:368px;height:500px\" srcset=\"https:\/\/www.iemj.org\/wp-content\/uploads\/2024\/10\/Morceaux-divers-partition-H-Deutsch-de-la-Meurthe.jpg 368w, https:\/\/www.iemj.org\/wp-content\/uploads\/2024\/10\/Morceaux-divers-partition-H-Deutsch-de-la-Meurthe-221x300.jpg 221w\" sizes=\"(max-width: 368px) 100vw, 368px\" \/><figcaption class=\"wp-element-caption\"><strong>Morceaux divers pour piano, Adaptation, H. Deutsch (de la Meurthe)<\/strong><\/figcaption><\/figure>\n<\/div><\/div>\n<\/div>\n\n\n<p style=\"text-align: center;\">\u00b0\u00b0\u00b0\u00b0\u00b0\u00b0\u00b0\u00b0\u00b0\u00b0\u00b0\u00b0\u00b0\u00b0\u00b0\u00b0\u00b0\u00b0\u00b0\u00b0\u00b0\u00b0\u00b0\u00b0\u00b0\u00b0\u00b0\u00b0\u00b0\u00b0\u00b0\u00b0\u00b0\u00b0\u00b0\u00b0<\/p>\n<p>Fonti: Questo articolo, apparso in parte nel 2006 nel libretto del doppio CD <em><a href=\"https:\/\/www.iemj.org\/it\/fernand-halphen\/\" target=\"_blank\" rel=\"noopener\">Fernand Halphen, M\u00e9lodies, pi\u00e8ces pour piano et musique de chambre<\/a><\/em>, deve molto al notevole libro di <a href=\"https:\/\/www.amazon.fr\/M%C3%A9c%C3%A8nes-musiciens-salon-concert-r%C3%A9pubique\/dp\/2213616965\" target=\"_blank\" rel=\"noopener\">Myriam Chim\u00e8nes, <em>M\u00e9c\u00e8nes et musiciens <\/em>&#8211;<em> Du salon au concert \u00e0 Paris sous la III<\/em><strong><sup>e<\/sup><\/strong><em> R\u00e9publique<\/em><\/a>, Paris, Fayard,<strong>\u00a0<\/strong>2004, 792 p.<\/p>\n\n\n<p><\/p>\n","protected":false},"excerpt":{"rendered":"<p>Tra il 1870 e il 1940, la vita musicale in Francia dipendeva in gran parte dal sostegno di alcuni mecenati consapevoli ed appassionati di musica. Questi mecenati includevano un numero<\/p>\n","protected":false},"author":5,"featured_media":114484,"comment_status":"closed","ping_status":"closed","sticky":false,"template":"","format":"standard","meta":{"_acf_changed":false,"footnotes":""},"categories":[1407],"tags":[],"technique":[],"squelettes":[],"sujet":[],"formation":[],"genre":[],"fonds":[],"tradition":[],"type-de-contenu":[],"interprete-compositeur":[3160],"frise":[],"type-devenement":[],"tableaux-liens-externes":[],"class_list":["post-114537","post","type-post","status-publish","format-standard","has-post-thumbnail","hentry","category-articoli-di-fondo-it","interprete-compositeur-fernand-halphen-it"],"acf":[],"yoast_head":"<!-- This site is optimized with the Yoast SEO plugin v27.3 - https:\/\/yoast.com\/product\/yoast-seo-wordpress\/ -->\n<title>Mecenati, musicisti e compositori ebrei durante la Terza Repubblica (1870-1940) - Institut Europ\u00e9en des Musiques Juives<\/title>\n<meta name=\"robots\" content=\"index, follow, max-snippet:-1, max-image-preview:large, max-video-preview:-1\" \/>\n<link rel=\"canonical\" href=\"https:\/\/www.iemj.org\/it\/mecenes-musiciens-et-compositeurs-juifs-durant-la-iiie-republique-1870-1940\/\" \/>\n<meta property=\"og:locale\" content=\"it_IT\" \/>\n<meta property=\"og:type\" content=\"article\" \/>\n<meta property=\"og:title\" content=\"Mecenati, musicisti e compositori ebrei durante la Terza Repubblica (1870-1940) - Institut Europ\u00e9en des Musiques Juives\" \/>\n<meta property=\"og:description\" content=\"Tra il 1870 e il 1940, la vita musicale in Francia dipendeva in gran parte dal sostegno di alcuni mecenati consapevoli ed appassionati di musica. Questi mecenati includevano un numero\" \/>\n<meta property=\"og:url\" content=\"https:\/\/www.iemj.org\/it\/mecenes-musiciens-et-compositeurs-juifs-durant-la-iiie-republique-1870-1940\/\" \/>\n<meta property=\"og:site_name\" content=\"Institut Europ\u00e9en des Musiques Juives\" \/>\n<meta property=\"article:publisher\" content=\"https:\/\/www.facebook.com\/MusiquesJuives\/\" \/>\n<meta property=\"article:published_time\" content=\"2024-10-27T15:49:18+00:00\" \/>\n<meta property=\"article:modified_time\" content=\"2025-06-08T09:35:32+00:00\" \/>\n<meta property=\"og:image\" content=\"https:\/\/www.iemj.org\/wp-content\/uploads\/2024\/10\/Logo-article-Mecenes-1.jpg\" \/>\n\t<meta property=\"og:image:width\" content=\"500\" \/>\n\t<meta property=\"og:image:height\" content=\"500\" \/>\n\t<meta property=\"og:image:type\" content=\"image\/jpeg\" \/>\n<meta name=\"author\" content=\"Jacqueline ROTEN\" \/>\n<meta name=\"twitter:card\" content=\"summary_large_image\" \/>\n<meta name=\"twitter:label1\" content=\"Scritto da\" \/>\n\t<meta name=\"twitter:data1\" content=\"Jacqueline ROTEN\" \/>\n\t<meta name=\"twitter:label2\" content=\"Tempo di lettura stimato\" \/>\n\t<meta name=\"twitter:data2\" content=\"8 minuti\" \/>\n<script type=\"application\/ld+json\" class=\"yoast-schema-graph\">{\"@context\":\"https:\\\/\\\/schema.org\",\"@graph\":[{\"@type\":\"Article\",\"@id\":\"https:\\\/\\\/www.iemj.org\\\/it\\\/mecenes-musiciens-et-compositeurs-juifs-durant-la-iiie-republique-1870-1940\\\/#article\",\"isPartOf\":{\"@id\":\"https:\\\/\\\/www.iemj.org\\\/it\\\/mecenes-musiciens-et-compositeurs-juifs-durant-la-iiie-republique-1870-1940\\\/\"},\"author\":{\"name\":\"Jacqueline ROTEN\",\"@id\":\"https:\\\/\\\/www.iemj.org\\\/it\\\/#\\\/schema\\\/person\\\/358e26c18aca017fcc4cc15437f7279c\"},\"headline\":\"Mecenati, musicisti e compositori ebrei durante la Terza Repubblica (1870-1940)\",\"datePublished\":\"2024-10-27T15:49:18+00:00\",\"dateModified\":\"2025-06-08T09:35:32+00:00\",\"mainEntityOfPage\":{\"@id\":\"https:\\\/\\\/www.iemj.org\\\/it\\\/mecenes-musiciens-et-compositeurs-juifs-durant-la-iiie-republique-1870-1940\\\/\"},\"wordCount\":1179,\"publisher\":{\"@id\":\"https:\\\/\\\/www.iemj.org\\\/it\\\/#organization\"},\"image\":{\"@id\":\"https:\\\/\\\/www.iemj.org\\\/it\\\/mecenes-musiciens-et-compositeurs-juifs-durant-la-iiie-republique-1870-1940\\\/#primaryimage\"},\"thumbnailUrl\":\"https:\\\/\\\/www.iemj.org\\\/wp-content\\\/uploads\\\/2024\\\/10\\\/Logo-article-Mecenes-1.jpg\",\"articleSection\":[\"Articoli di fondo\"],\"inLanguage\":\"it-IT\"},{\"@type\":\"WebPage\",\"@id\":\"https:\\\/\\\/www.iemj.org\\\/it\\\/mecenes-musiciens-et-compositeurs-juifs-durant-la-iiie-republique-1870-1940\\\/\",\"url\":\"https:\\\/\\\/www.iemj.org\\\/it\\\/mecenes-musiciens-et-compositeurs-juifs-durant-la-iiie-republique-1870-1940\\\/\",\"name\":\"Mecenati, musicisti e compositori ebrei durante la Terza Repubblica (1870-1940) - Institut Europ\u00e9en des Musiques Juives\",\"isPartOf\":{\"@id\":\"https:\\\/\\\/www.iemj.org\\\/it\\\/#website\"},\"primaryImageOfPage\":{\"@id\":\"https:\\\/\\\/www.iemj.org\\\/it\\\/mecenes-musiciens-et-compositeurs-juifs-durant-la-iiie-republique-1870-1940\\\/#primaryimage\"},\"image\":{\"@id\":\"https:\\\/\\\/www.iemj.org\\\/it\\\/mecenes-musiciens-et-compositeurs-juifs-durant-la-iiie-republique-1870-1940\\\/#primaryimage\"},\"thumbnailUrl\":\"https:\\\/\\\/www.iemj.org\\\/wp-content\\\/uploads\\\/2024\\\/10\\\/Logo-article-Mecenes-1.jpg\",\"datePublished\":\"2024-10-27T15:49:18+00:00\",\"dateModified\":\"2025-06-08T09:35:32+00:00\",\"breadcrumb\":{\"@id\":\"https:\\\/\\\/www.iemj.org\\\/it\\\/mecenes-musiciens-et-compositeurs-juifs-durant-la-iiie-republique-1870-1940\\\/#breadcrumb\"},\"inLanguage\":\"it-IT\",\"potentialAction\":[{\"@type\":\"ReadAction\",\"target\":[\"https:\\\/\\\/www.iemj.org\\\/it\\\/mecenes-musiciens-et-compositeurs-juifs-durant-la-iiie-republique-1870-1940\\\/\"]}]},{\"@type\":\"ImageObject\",\"inLanguage\":\"it-IT\",\"@id\":\"https:\\\/\\\/www.iemj.org\\\/it\\\/mecenes-musiciens-et-compositeurs-juifs-durant-la-iiie-republique-1870-1940\\\/#primaryimage\",\"url\":\"https:\\\/\\\/www.iemj.org\\\/wp-content\\\/uploads\\\/2024\\\/10\\\/Logo-article-Mecenes-1.jpg\",\"contentUrl\":\"https:\\\/\\\/www.iemj.org\\\/wp-content\\\/uploads\\\/2024\\\/10\\\/Logo-article-Mecenes-1.jpg\",\"width\":500,\"height\":500},{\"@type\":\"BreadcrumbList\",\"@id\":\"https:\\\/\\\/www.iemj.org\\\/it\\\/mecenes-musiciens-et-compositeurs-juifs-durant-la-iiie-republique-1870-1940\\\/#breadcrumb\",\"itemListElement\":[{\"@type\":\"ListItem\",\"position\":1,\"name\":\"Accueil\",\"item\":\"https:\\\/\\\/www.iemj.org\\\/it\\\/\"},{\"@type\":\"ListItem\",\"position\":2,\"name\":\"Mecenati, musicisti e compositori ebrei durante la Terza Repubblica (1870-1940)\"}]},{\"@type\":\"WebSite\",\"@id\":\"https:\\\/\\\/www.iemj.org\\\/it\\\/#website\",\"url\":\"https:\\\/\\\/www.iemj.org\\\/it\\\/\",\"name\":\"Institut Europ\u00e9en des Musiques Juives\",\"description\":\"Des traditions musicales \u00e0 la port\u00e9e de tous\",\"publisher\":{\"@id\":\"https:\\\/\\\/www.iemj.org\\\/it\\\/#organization\"},\"potentialAction\":[{\"@type\":\"SearchAction\",\"target\":{\"@type\":\"EntryPoint\",\"urlTemplate\":\"https:\\\/\\\/www.iemj.org\\\/it\\\/?s={search_term_string}\"},\"query-input\":{\"@type\":\"PropertyValueSpecification\",\"valueRequired\":true,\"valueName\":\"search_term_string\"}}],\"inLanguage\":\"it-IT\"},{\"@type\":\"Organization\",\"@id\":\"https:\\\/\\\/www.iemj.org\\\/it\\\/#organization\",\"name\":\"Institut Europ\u00e9en des Musiques Juives\",\"url\":\"https:\\\/\\\/www.iemj.org\\\/it\\\/\",\"logo\":{\"@type\":\"ImageObject\",\"inLanguage\":\"it-IT\",\"@id\":\"https:\\\/\\\/www.iemj.org\\\/it\\\/#\\\/schema\\\/logo\\\/image\\\/\",\"url\":\"https:\\\/\\\/www.iemj.org\\\/wp-content\\\/uploads\\\/2021\\\/09\\\/Logo-IEMJ-Paypal.jpg\",\"contentUrl\":\"https:\\\/\\\/www.iemj.org\\\/wp-content\\\/uploads\\\/2021\\\/09\\\/Logo-IEMJ-Paypal.jpg\",\"width\":150,\"height\":50,\"caption\":\"Institut Europ\u00e9en des Musiques Juives\"},\"image\":{\"@id\":\"https:\\\/\\\/www.iemj.org\\\/it\\\/#\\\/schema\\\/logo\\\/image\\\/\"},\"sameAs\":[\"https:\\\/\\\/www.facebook.com\\\/MusiquesJuives\\\/\",\"https:\\\/\\\/www.instagram.com\\\/musiquesjuives\\\/\",\"https:\\\/\\\/www.youtube.com\\\/user\\\/musiquesjuives\"]},{\"@type\":\"Person\",\"@id\":\"https:\\\/\\\/www.iemj.org\\\/it\\\/#\\\/schema\\\/person\\\/358e26c18aca017fcc4cc15437f7279c\",\"name\":\"Jacqueline ROTEN\",\"image\":{\"@type\":\"ImageObject\",\"inLanguage\":\"it-IT\",\"@id\":\"https:\\\/\\\/secure.gravatar.com\\\/avatar\\\/5964256d6c6957de3a3505278957e0fb2a35119ac47ea41827a65301213c810b?s=96&d=mm&r=g\",\"url\":\"https:\\\/\\\/secure.gravatar.com\\\/avatar\\\/5964256d6c6957de3a3505278957e0fb2a35119ac47ea41827a65301213c810b?s=96&d=mm&r=g\",\"contentUrl\":\"https:\\\/\\\/secure.gravatar.com\\\/avatar\\\/5964256d6c6957de3a3505278957e0fb2a35119ac47ea41827a65301213c810b?s=96&d=mm&r=g\",\"caption\":\"Jacqueline ROTEN\"}}]}<\/script>\n<!-- \/ Yoast SEO plugin. -->","yoast_head_json":{"title":"Mecenati, musicisti e compositori ebrei durante la Terza Repubblica (1870-1940) - Institut Europ\u00e9en des Musiques Juives","robots":{"index":"index","follow":"follow","max-snippet":"max-snippet:-1","max-image-preview":"max-image-preview:large","max-video-preview":"max-video-preview:-1"},"canonical":"https:\/\/www.iemj.org\/it\/mecenes-musiciens-et-compositeurs-juifs-durant-la-iiie-republique-1870-1940\/","og_locale":"it_IT","og_type":"article","og_title":"Mecenati, musicisti e compositori ebrei durante la Terza Repubblica (1870-1940) - Institut Europ\u00e9en des Musiques Juives","og_description":"Tra il 1870 e il 1940, la vita musicale in Francia dipendeva in gran parte dal sostegno di alcuni mecenati consapevoli ed appassionati di musica. Questi mecenati includevano un numero","og_url":"https:\/\/www.iemj.org\/it\/mecenes-musiciens-et-compositeurs-juifs-durant-la-iiie-republique-1870-1940\/","og_site_name":"Institut Europ\u00e9en des Musiques Juives","article_publisher":"https:\/\/www.facebook.com\/MusiquesJuives\/","article_published_time":"2024-10-27T15:49:18+00:00","article_modified_time":"2025-06-08T09:35:32+00:00","og_image":[{"width":500,"height":500,"url":"https:\/\/www.iemj.org\/wp-content\/uploads\/2024\/10\/Logo-article-Mecenes-1.jpg","type":"image\/jpeg"}],"author":"Jacqueline ROTEN","twitter_card":"summary_large_image","twitter_misc":{"Scritto da":"Jacqueline ROTEN","Tempo di lettura stimato":"8 minuti"},"schema":{"@context":"https:\/\/schema.org","@graph":[{"@type":"Article","@id":"https:\/\/www.iemj.org\/it\/mecenes-musiciens-et-compositeurs-juifs-durant-la-iiie-republique-1870-1940\/#article","isPartOf":{"@id":"https:\/\/www.iemj.org\/it\/mecenes-musiciens-et-compositeurs-juifs-durant-la-iiie-republique-1870-1940\/"},"author":{"name":"Jacqueline ROTEN","@id":"https:\/\/www.iemj.org\/it\/#\/schema\/person\/358e26c18aca017fcc4cc15437f7279c"},"headline":"Mecenati, musicisti e compositori ebrei durante la Terza Repubblica (1870-1940)","datePublished":"2024-10-27T15:49:18+00:00","dateModified":"2025-06-08T09:35:32+00:00","mainEntityOfPage":{"@id":"https:\/\/www.iemj.org\/it\/mecenes-musiciens-et-compositeurs-juifs-durant-la-iiie-republique-1870-1940\/"},"wordCount":1179,"publisher":{"@id":"https:\/\/www.iemj.org\/it\/#organization"},"image":{"@id":"https:\/\/www.iemj.org\/it\/mecenes-musiciens-et-compositeurs-juifs-durant-la-iiie-republique-1870-1940\/#primaryimage"},"thumbnailUrl":"https:\/\/www.iemj.org\/wp-content\/uploads\/2024\/10\/Logo-article-Mecenes-1.jpg","articleSection":["Articoli di fondo"],"inLanguage":"it-IT"},{"@type":"WebPage","@id":"https:\/\/www.iemj.org\/it\/mecenes-musiciens-et-compositeurs-juifs-durant-la-iiie-republique-1870-1940\/","url":"https:\/\/www.iemj.org\/it\/mecenes-musiciens-et-compositeurs-juifs-durant-la-iiie-republique-1870-1940\/","name":"Mecenati, musicisti e compositori ebrei durante la Terza Repubblica (1870-1940) - Institut Europ\u00e9en des Musiques Juives","isPartOf":{"@id":"https:\/\/www.iemj.org\/it\/#website"},"primaryImageOfPage":{"@id":"https:\/\/www.iemj.org\/it\/mecenes-musiciens-et-compositeurs-juifs-durant-la-iiie-republique-1870-1940\/#primaryimage"},"image":{"@id":"https:\/\/www.iemj.org\/it\/mecenes-musiciens-et-compositeurs-juifs-durant-la-iiie-republique-1870-1940\/#primaryimage"},"thumbnailUrl":"https:\/\/www.iemj.org\/wp-content\/uploads\/2024\/10\/Logo-article-Mecenes-1.jpg","datePublished":"2024-10-27T15:49:18+00:00","dateModified":"2025-06-08T09:35:32+00:00","breadcrumb":{"@id":"https:\/\/www.iemj.org\/it\/mecenes-musiciens-et-compositeurs-juifs-durant-la-iiie-republique-1870-1940\/#breadcrumb"},"inLanguage":"it-IT","potentialAction":[{"@type":"ReadAction","target":["https:\/\/www.iemj.org\/it\/mecenes-musiciens-et-compositeurs-juifs-durant-la-iiie-republique-1870-1940\/"]}]},{"@type":"ImageObject","inLanguage":"it-IT","@id":"https:\/\/www.iemj.org\/it\/mecenes-musiciens-et-compositeurs-juifs-durant-la-iiie-republique-1870-1940\/#primaryimage","url":"https:\/\/www.iemj.org\/wp-content\/uploads\/2024\/10\/Logo-article-Mecenes-1.jpg","contentUrl":"https:\/\/www.iemj.org\/wp-content\/uploads\/2024\/10\/Logo-article-Mecenes-1.jpg","width":500,"height":500},{"@type":"BreadcrumbList","@id":"https:\/\/www.iemj.org\/it\/mecenes-musiciens-et-compositeurs-juifs-durant-la-iiie-republique-1870-1940\/#breadcrumb","itemListElement":[{"@type":"ListItem","position":1,"name":"Accueil","item":"https:\/\/www.iemj.org\/it\/"},{"@type":"ListItem","position":2,"name":"Mecenati, musicisti e compositori ebrei durante la Terza Repubblica (1870-1940)"}]},{"@type":"WebSite","@id":"https:\/\/www.iemj.org\/it\/#website","url":"https:\/\/www.iemj.org\/it\/","name":"Institut Europ\u00e9en des Musiques Juives","description":"Des traditions musicales \u00e0 la port\u00e9e de tous","publisher":{"@id":"https:\/\/www.iemj.org\/it\/#organization"},"potentialAction":[{"@type":"SearchAction","target":{"@type":"EntryPoint","urlTemplate":"https:\/\/www.iemj.org\/it\/?s={search_term_string}"},"query-input":{"@type":"PropertyValueSpecification","valueRequired":true,"valueName":"search_term_string"}}],"inLanguage":"it-IT"},{"@type":"Organization","@id":"https:\/\/www.iemj.org\/it\/#organization","name":"Institut Europ\u00e9en des Musiques Juives","url":"https:\/\/www.iemj.org\/it\/","logo":{"@type":"ImageObject","inLanguage":"it-IT","@id":"https:\/\/www.iemj.org\/it\/#\/schema\/logo\/image\/","url":"https:\/\/www.iemj.org\/wp-content\/uploads\/2021\/09\/Logo-IEMJ-Paypal.jpg","contentUrl":"https:\/\/www.iemj.org\/wp-content\/uploads\/2021\/09\/Logo-IEMJ-Paypal.jpg","width":150,"height":50,"caption":"Institut Europ\u00e9en des Musiques Juives"},"image":{"@id":"https:\/\/www.iemj.org\/it\/#\/schema\/logo\/image\/"},"sameAs":["https:\/\/www.facebook.com\/MusiquesJuives\/","https:\/\/www.instagram.com\/musiquesjuives\/","https:\/\/www.youtube.com\/user\/musiquesjuives"]},{"@type":"Person","@id":"https:\/\/www.iemj.org\/it\/#\/schema\/person\/358e26c18aca017fcc4cc15437f7279c","name":"Jacqueline ROTEN","image":{"@type":"ImageObject","inLanguage":"it-IT","@id":"https:\/\/secure.gravatar.com\/avatar\/5964256d6c6957de3a3505278957e0fb2a35119ac47ea41827a65301213c810b?s=96&d=mm&r=g","url":"https:\/\/secure.gravatar.com\/avatar\/5964256d6c6957de3a3505278957e0fb2a35119ac47ea41827a65301213c810b?s=96&d=mm&r=g","contentUrl":"https:\/\/secure.gravatar.com\/avatar\/5964256d6c6957de3a3505278957e0fb2a35119ac47ea41827a65301213c810b?s=96&d=mm&r=g","caption":"Jacqueline ROTEN"}}]}},"_links":{"self":[{"href":"https:\/\/www.iemj.org\/it\/wp-json\/wp\/v2\/posts\/114537","targetHints":{"allow":["GET"]}}],"collection":[{"href":"https:\/\/www.iemj.org\/it\/wp-json\/wp\/v2\/posts"}],"about":[{"href":"https:\/\/www.iemj.org\/it\/wp-json\/wp\/v2\/types\/post"}],"author":[{"embeddable":true,"href":"https:\/\/www.iemj.org\/it\/wp-json\/wp\/v2\/users\/5"}],"replies":[{"embeddable":true,"href":"https:\/\/www.iemj.org\/it\/wp-json\/wp\/v2\/comments?post=114537"}],"version-history":[{"count":0,"href":"https:\/\/www.iemj.org\/it\/wp-json\/wp\/v2\/posts\/114537\/revisions"}],"wp:featuredmedia":[{"embeddable":true,"href":"https:\/\/www.iemj.org\/it\/wp-json\/wp\/v2\/media\/114484"}],"wp:attachment":[{"href":"https:\/\/www.iemj.org\/it\/wp-json\/wp\/v2\/media?parent=114537"}],"wp:term":[{"taxonomy":"category","embeddable":true,"href":"https:\/\/www.iemj.org\/it\/wp-json\/wp\/v2\/categories?post=114537"},{"taxonomy":"post_tag","embeddable":true,"href":"https:\/\/www.iemj.org\/it\/wp-json\/wp\/v2\/tags?post=114537"},{"taxonomy":"technique","embeddable":true,"href":"https:\/\/www.iemj.org\/it\/wp-json\/wp\/v2\/technique?post=114537"},{"taxonomy":"squelettes","embeddable":true,"href":"https:\/\/www.iemj.org\/it\/wp-json\/wp\/v2\/squelettes?post=114537"},{"taxonomy":"sujet","embeddable":true,"href":"https:\/\/www.iemj.org\/it\/wp-json\/wp\/v2\/sujet?post=114537"},{"taxonomy":"formation","embeddable":true,"href":"https:\/\/www.iemj.org\/it\/wp-json\/wp\/v2\/formation?post=114537"},{"taxonomy":"genre","embeddable":true,"href":"https:\/\/www.iemj.org\/it\/wp-json\/wp\/v2\/genre?post=114537"},{"taxonomy":"fonds","embeddable":true,"href":"https:\/\/www.iemj.org\/it\/wp-json\/wp\/v2\/fonds?post=114537"},{"taxonomy":"tradition","embeddable":true,"href":"https:\/\/www.iemj.org\/it\/wp-json\/wp\/v2\/tradition?post=114537"},{"taxonomy":"type-de-contenu","embeddable":true,"href":"https:\/\/www.iemj.org\/it\/wp-json\/wp\/v2\/type-de-contenu?post=114537"},{"taxonomy":"interprete-compositeur","embeddable":true,"href":"https:\/\/www.iemj.org\/it\/wp-json\/wp\/v2\/interprete-compositeur?post=114537"},{"taxonomy":"frise","embeddable":true,"href":"https:\/\/www.iemj.org\/it\/wp-json\/wp\/v2\/frise?post=114537"},{"taxonomy":"type-devenement","embeddable":true,"href":"https:\/\/www.iemj.org\/it\/wp-json\/wp\/v2\/type-devenement?post=114537"},{"taxonomy":"tableaux-liens-externes","embeddable":true,"href":"https:\/\/www.iemj.org\/it\/wp-json\/wp\/v2\/tableaux-liens-externes?post=114537"}],"curies":[{"name":"wp","href":"https:\/\/api.w.org\/{rel}","templated":true}]}}