{"id":114726,"date":"2024-11-07T17:14:10","date_gmt":"2024-11-07T16:14:10","guid":{"rendered":"https:\/\/www.iemj.org\/?p=114726"},"modified":"2025-01-14T14:20:50","modified_gmt":"2025-01-14T13:20:50","slug":"attia-adolphe-1937","status":"publish","type":"post","link":"https:\/\/www.iemj.org\/it\/attia-adolphe-1937\/","title":{"rendered":"Attia, Adolphe (1937)"},"content":{"rendered":"<p>Nato il 23 aprile 1937 a M&#8217;Sila, in Algeria, da una famiglia modesta, Adolphe Attia viene allevato dalla zia a Bousaada, mentre la madre ha gi\u00e0 sei figli ed il padre morto prima della sua nascita. Nel 1948, con la zia, raggiunge la madre a Nizza, dove si \u00e8 trasferita un anno prima.<\/p>\n<p>Appena arrivato a Nizza, frequenta regolarmente le funzioni sinagogali dove acquisisce una conoscenza della liturgia. Gli amministratori della sinagoga convincono la madre a mandarlo al Seminario Israelita di Francia a Parigi nel 1952 e ad iscriverlo alla scuola di Yavn\u00e9 per proseguire gli studi.<\/p>\n<figure id=\"attachment_114706\" aria-describedby=\"caption-attachment-114706\" style=\"width: 281px\" class=\"wp-caption alignright\"><img fetchpriority=\"high\" decoding=\"async\" class=\"wp-image-114706 size-medium\" src=\"https:\/\/www.iemj.org\/wp-content\/uploads\/2024\/11\/Adolphe-Attia_synagogue-de-Metz-281x300.jpg\" alt=\"\" width=\"281\" height=\"300\" srcset=\"https:\/\/www.iemj.org\/wp-content\/uploads\/2024\/11\/Adolphe-Attia_synagogue-de-Metz-281x300.jpg 281w, https:\/\/www.iemj.org\/wp-content\/uploads\/2024\/11\/Adolphe-Attia_synagogue-de-Metz.jpg 467w\" sizes=\"(max-width: 281px) 100vw, 281px\" \/><figcaption id=\"caption-attachment-114706\" class=\"wp-caption-text\"><strong>Adolphe Attia, synagogue Metz<\/strong><\/figcaption><\/figure>\n<p>Al seminario, il giovane Adolphe, dotato di una bella voce tenorile, studia la liturgia e l&#8217;arte cantoriale (hazzanout) dal 1952 al 1958. Segue corsi di teoria musicale, pianoforte e canto con <a href=\"\u201chttps:\/\/www.iemj.org\/it\/algazi-leon-1890-1971\/\u201d\">L\u00e9on Algazi<\/a> (liturgia ashkenazita), con il rabbino capo Schilli (cantillazione e salmodia in rito ashkenazita) e con Roland Moss\u00e9, primo ministro-officiante della sinagoga della rue Buffaut (liturgia portoghese). Al termine dei suoi studi, ha anche beneficiato dell&#8217;insegnamento del compositore <a href=\"\u201chttps:\/\/www.iemj.org\/it\/hemsi-alberto-1898-1975\/\u201d\">Alberto Hemsi<\/a>, arrivato in Francia dopo l&#8217;espulsione degli ebrei dall&#8217;Egitto.<\/p>\n<p>Il 30 giugno 1958 ottiene il diploma in pedagogia e liturgia (rito ashkenazita e portoghese) e viene quindi assunto come secondo ministro Officiante della sinagoga di Nazareth a fianco di <a href=\"\u201chttps:\/\/www.iemj.org\/it\/chalude-jacques-dit-ben-baruch-1914-1997\/\u201d\">Jacques Chalude<\/a>, poi primo hazzan, e nel 1961, secondo ministro Officiante della Grande Sinagoga de la Victoire, a fianco di <a href=\"\u201chttps:\/\/www.iemj.org\/it\/berlinski-shalom-1918-2008\/\u201d\">Shalom Berlinski<\/a>.<\/p>\n<p>Il 23 giugno 1965 sposa Guilah Houlou nel IX\u00b0 arrondissement di Parigi, dalla quale ha due figli: Laurent (solista del gruppo corale Les Chevatim) e Rapha\u00ebl.<\/p>\n<p>Nel 1968 diventa ufficialmente secondo Ministro Officiante della Grande sinagoga de la Victoire, poi dal 1969 al giugno 1973 insegna hazzanout all&#8217;\u00c9cole isra\u00e9lite de p\u00e9dagogie et de liturgie del S\u00e9minaire isra\u00e9lite de France fino alla chiusura definitiva di questa sezione cantoriale.<\/p>\n<p>Nel 1979 succede a Shalom Berlinski come Primo Ministro Officiante della Grande Sinagoga della Victoire, carica che ricopre ufficialmente fino al 2014 e che continua a ricoprire per diversi anni come Primo Ministro Officiante Onorario.<\/p>\n<p><img decoding=\"async\" class=\" wp-image-114787 alignleft\" src=\"https:\/\/www.iemj.org\/wp-content\/uploads\/2024\/11\/CD-Attia-300x297.jpg\" alt=\"\" width=\"271\" height=\"268\" srcset=\"https:\/\/www.iemj.org\/wp-content\/uploads\/2024\/11\/CD-Attia-300x297.jpg 300w, https:\/\/www.iemj.org\/wp-content\/uploads\/2024\/11\/CD-Attia-100x100.jpg 100w, https:\/\/www.iemj.org\/wp-content\/uploads\/2024\/11\/CD-Attia.jpg 582w\" sizes=\"(max-width: 271px) 100vw, 271px\" \/>Oltre alle sue attivit\u00e0 ministeriali e di insegnamento, Adolphe Attia si \u00e8 esibito per diversi decenni alla radio &#8211; in particolare nel programma <em>Kol Isra\u00ebl<\/em> [La voce di Israele] di L\u00e9on Algazi, dove \u00e8 succeduto a Emile Ka\u00e7mann come solista &#8211; cos\u00ec come in numerosi concerti e festival, sia in Francia che all&#8217;estero (Germania, Svizzera, Spagna, ecc.).<\/p>\n<p>Adolphe Attia ha registrato diversi CD, tra cui tre per Harmonia Mundi tra il 1994 ed il 2000 e due per Buda Musique nel 2002-2003 nella collezione Patrimoines Musicaux des Juifs de France. \u00c8 apparso anche nel film <em>Nathalia<\/em> (1989) di Bernard Cohn, con Philippine Leroy-Beaulieu e Pierre Arditi.<\/p>\n<p>Nel 2014 si trasferisce con la moglie Guilah in Israele, prima a Gerusalemme e poi a Netanaya, dove si gode la meritata pensione. Per oltre 50 anni (1961-2014), Adolphe Attia \u00e8 stato la memoria vivente del canto liturgico ashkenazita alla sinagoga della Victoire, esibendosi in centinaia di funzioni, matrimoni, bar mitzvah e funerali.<\/p>\n<ul>\n<li><a href=\"http:\/\/www.rachelnet.net\/F\/?func=find-c&amp;ccl_term=WAMS+%3D+Attia+ET+WTY+%3D+31+or+32+or+41+or+42+or+71+or+72+or+C1+or+C2+or+D1+or+D2+or+K1+or+K2+or+R1+or+R2+or+RB+or+SR&amp;local_base=iemcg\">Consultare le registrazioni di Adolphe Attia nel nostro catalogo online<\/a><\/li>\n<li><a href=\"https:\/\/www.iemj.org\/it\/fonds-adolphe-attia\/\" target=\"_blank\" rel=\"noopener\">Consultare l&#8217;archivio Adolphe Attia<\/a><\/li>\n<li><a href=\"https:\/\/www.iemj.org\/it\/adolphe-attia-50-ans-de-hazanout-en-france\/\" target=\"_blank\" rel=\"noopener\">Guarda il video Adolphe Attia, 50 anni di hazzanout in Francia<\/a><\/li>\n<\/ul>\n<h3>\u21d2 <a href=\"https:\/\/www.iemj.org\/it\/produit\/musiques-judeo-francaises-des-xviiie-et-xixe-siecles\/\" target=\"_blank\" rel=\"noopener\">Ordinare il CD Musiques jud\u00e9o-fran\u00e7aises des 18<sup>e<\/sup> et 19<sup>e<\/sup> si\u00e8cles<\/a><\/h3>\n<h3>\u21d2 <a href=\"https:\/\/www.iemj.org\/it\/produit\/musiques-de-la-synagogue-de-bordeaux\/\" target=\"_blank\" rel=\"noopener\">Ordinare il CD Musiques de la synagogue de Bordeaux \u2013 rite portugais<\/a><\/h3>\n\n\n<div style=\"height:25px\" aria-hidden=\"true\" class=\"wp-block-spacer\"><\/div>\n\n\n\n<figure class=\"wp-block-video\"><video height=\"576\" style=\"aspect-ratio: 768 \/ 576;\" width=\"768\" controls poster=\"https:\/\/www.iemj.org\/wp-content\/uploads\/2024\/11\/Video-INA-Attia.jpg\" src=\"https:\/\/www.iemj.org\/wp-content\/uploads\/2024\/11\/Adolphe-ATTIA-Notre-Dieu-et-Dieu-de-nos-peres-INA.mp4\"><\/video><\/figure>\n\n\n\n<p><strong>Adolphe Attia canta Ono tovo (estratto dal programma religioso di Josy Eisenberg, La source de vie, 24-09-1995, archivio INA)<\/strong><\/p>\n\n\n\n<p><\/p>\n","protected":false},"excerpt":{"rendered":"<p>Nato il 23 aprile 1937 a M&#8217;Sila, in Algeria, da una famiglia modesta, Adolphe Attia viene allevato dalla zia a Bousaada, mentre la madre ha gi\u00e0 sei figli ed il<\/p>\n","protected":false},"author":5,"featured_media":114704,"comment_status":"closed","ping_status":"closed","sticky":false,"template":"","format":"standard","meta":{"_acf_changed":false,"footnotes":""},"categories":[1416],"tags":[],"technique":[],"squelettes":[],"sujet":[],"formation":[],"genre":[],"fonds":[],"tradition":[],"type-de-contenu":[],"interprete-compositeur":[],"frise":[],"type-devenement":[],"tableaux-liens-externes":[],"class_list":["post-114726","post","type-post","status-publish","format-standard","has-post-thumbnail","hentry","category-biografie-it"],"acf":[],"yoast_head":"<!-- This site is optimized with the Yoast SEO plugin v27.3 - https:\/\/yoast.com\/product\/yoast-seo-wordpress\/ -->\n<title>Attia, Adolphe (1937) - Institut Europ\u00e9en des Musiques Juives<\/title>\n<meta name=\"robots\" content=\"index, follow, max-snippet:-1, max-image-preview:large, max-video-preview:-1\" \/>\n<link rel=\"canonical\" href=\"https:\/\/www.iemj.org\/it\/attia-adolphe-1937\/\" \/>\n<meta property=\"og:locale\" content=\"it_IT\" \/>\n<meta property=\"og:type\" content=\"article\" \/>\n<meta property=\"og:title\" content=\"Attia, Adolphe (1937) - Institut Europ\u00e9en des Musiques Juives\" \/>\n<meta property=\"og:description\" content=\"Nato il 23 aprile 1937 a M&#8217;Sila, in Algeria, da una famiglia modesta, Adolphe Attia viene allevato dalla zia a Bousaada, mentre la madre ha gi\u00e0 sei figli ed il\" \/>\n<meta property=\"og:url\" content=\"https:\/\/www.iemj.org\/it\/attia-adolphe-1937\/\" \/>\n<meta property=\"og:site_name\" content=\"Institut Europ\u00e9en des Musiques Juives\" \/>\n<meta property=\"article:publisher\" content=\"https:\/\/www.facebook.com\/MusiquesJuives\/\" \/>\n<meta property=\"article:published_time\" content=\"2024-11-07T16:14:10+00:00\" \/>\n<meta property=\"article:modified_time\" content=\"2025-01-14T13:20:50+00:00\" \/>\n<meta property=\"og:image\" content=\"https:\/\/www.iemj.org\/wp-content\/uploads\/2024\/11\/Adolphe-Attia_Logo-Bio.jpg\" \/>\n\t<meta property=\"og:image:width\" content=\"164\" \/>\n\t<meta property=\"og:image:height\" content=\"218\" \/>\n\t<meta property=\"og:image:type\" content=\"image\/jpeg\" \/>\n<meta name=\"author\" content=\"Jacqueline ROTEN\" \/>\n<meta name=\"twitter:card\" content=\"summary_large_image\" \/>\n<meta name=\"twitter:label1\" content=\"Scritto da\" \/>\n\t<meta name=\"twitter:data1\" content=\"Jacqueline ROTEN\" \/>\n\t<meta name=\"twitter:label2\" content=\"Tempo di lettura stimato\" \/>\n\t<meta name=\"twitter:data2\" content=\"4 minuti\" \/>\n<script type=\"application\/ld+json\" class=\"yoast-schema-graph\">{\"@context\":\"https:\\\/\\\/schema.org\",\"@graph\":[{\"@type\":\"Article\",\"@id\":\"https:\\\/\\\/www.iemj.org\\\/it\\\/attia-adolphe-1937\\\/#article\",\"isPartOf\":{\"@id\":\"https:\\\/\\\/www.iemj.org\\\/it\\\/attia-adolphe-1937\\\/\"},\"author\":{\"name\":\"Jacqueline ROTEN\",\"@id\":\"https:\\\/\\\/www.iemj.org\\\/it\\\/#\\\/schema\\\/person\\\/358e26c18aca017fcc4cc15437f7279c\"},\"headline\":\"Attia, Adolphe (1937)\",\"datePublished\":\"2024-11-07T16:14:10+00:00\",\"dateModified\":\"2025-01-14T13:20:50+00:00\",\"mainEntityOfPage\":{\"@id\":\"https:\\\/\\\/www.iemj.org\\\/it\\\/attia-adolphe-1937\\\/\"},\"wordCount\":562,\"publisher\":{\"@id\":\"https:\\\/\\\/www.iemj.org\\\/it\\\/#organization\"},\"image\":{\"@id\":\"https:\\\/\\\/www.iemj.org\\\/it\\\/attia-adolphe-1937\\\/#primaryimage\"},\"thumbnailUrl\":\"https:\\\/\\\/www.iemj.org\\\/wp-content\\\/uploads\\\/2024\\\/11\\\/Adolphe-Attia_Logo-Bio.jpg\",\"articleSection\":[\"Biografie\"],\"inLanguage\":\"it-IT\"},{\"@type\":\"WebPage\",\"@id\":\"https:\\\/\\\/www.iemj.org\\\/it\\\/attia-adolphe-1937\\\/\",\"url\":\"https:\\\/\\\/www.iemj.org\\\/it\\\/attia-adolphe-1937\\\/\",\"name\":\"Attia, Adolphe (1937) - Institut Europ\u00e9en des Musiques Juives\",\"isPartOf\":{\"@id\":\"https:\\\/\\\/www.iemj.org\\\/it\\\/#website\"},\"primaryImageOfPage\":{\"@id\":\"https:\\\/\\\/www.iemj.org\\\/it\\\/attia-adolphe-1937\\\/#primaryimage\"},\"image\":{\"@id\":\"https:\\\/\\\/www.iemj.org\\\/it\\\/attia-adolphe-1937\\\/#primaryimage\"},\"thumbnailUrl\":\"https:\\\/\\\/www.iemj.org\\\/wp-content\\\/uploads\\\/2024\\\/11\\\/Adolphe-Attia_Logo-Bio.jpg\",\"datePublished\":\"2024-11-07T16:14:10+00:00\",\"dateModified\":\"2025-01-14T13:20:50+00:00\",\"breadcrumb\":{\"@id\":\"https:\\\/\\\/www.iemj.org\\\/it\\\/attia-adolphe-1937\\\/#breadcrumb\"},\"inLanguage\":\"it-IT\",\"potentialAction\":[{\"@type\":\"ReadAction\",\"target\":[\"https:\\\/\\\/www.iemj.org\\\/it\\\/attia-adolphe-1937\\\/\"]}]},{\"@type\":\"ImageObject\",\"inLanguage\":\"it-IT\",\"@id\":\"https:\\\/\\\/www.iemj.org\\\/it\\\/attia-adolphe-1937\\\/#primaryimage\",\"url\":\"https:\\\/\\\/www.iemj.org\\\/wp-content\\\/uploads\\\/2024\\\/11\\\/Adolphe-Attia_Logo-Bio.jpg\",\"contentUrl\":\"https:\\\/\\\/www.iemj.org\\\/wp-content\\\/uploads\\\/2024\\\/11\\\/Adolphe-Attia_Logo-Bio.jpg\",\"width\":164,\"height\":218},{\"@type\":\"BreadcrumbList\",\"@id\":\"https:\\\/\\\/www.iemj.org\\\/it\\\/attia-adolphe-1937\\\/#breadcrumb\",\"itemListElement\":[{\"@type\":\"ListItem\",\"position\":1,\"name\":\"Accueil\",\"item\":\"https:\\\/\\\/www.iemj.org\\\/it\\\/\"},{\"@type\":\"ListItem\",\"position\":2,\"name\":\"Attia, Adolphe (1937)\"}]},{\"@type\":\"WebSite\",\"@id\":\"https:\\\/\\\/www.iemj.org\\\/it\\\/#website\",\"url\":\"https:\\\/\\\/www.iemj.org\\\/it\\\/\",\"name\":\"Institut Europ\u00e9en des Musiques Juives\",\"description\":\"Des traditions musicales \u00e0 la port\u00e9e de tous\",\"publisher\":{\"@id\":\"https:\\\/\\\/www.iemj.org\\\/it\\\/#organization\"},\"potentialAction\":[{\"@type\":\"SearchAction\",\"target\":{\"@type\":\"EntryPoint\",\"urlTemplate\":\"https:\\\/\\\/www.iemj.org\\\/it\\\/?s={search_term_string}\"},\"query-input\":{\"@type\":\"PropertyValueSpecification\",\"valueRequired\":true,\"valueName\":\"search_term_string\"}}],\"inLanguage\":\"it-IT\"},{\"@type\":\"Organization\",\"@id\":\"https:\\\/\\\/www.iemj.org\\\/it\\\/#organization\",\"name\":\"Institut Europ\u00e9en des Musiques Juives\",\"url\":\"https:\\\/\\\/www.iemj.org\\\/it\\\/\",\"logo\":{\"@type\":\"ImageObject\",\"inLanguage\":\"it-IT\",\"@id\":\"https:\\\/\\\/www.iemj.org\\\/it\\\/#\\\/schema\\\/logo\\\/image\\\/\",\"url\":\"https:\\\/\\\/www.iemj.org\\\/wp-content\\\/uploads\\\/2021\\\/09\\\/Logo-IEMJ-Paypal.jpg\",\"contentUrl\":\"https:\\\/\\\/www.iemj.org\\\/wp-content\\\/uploads\\\/2021\\\/09\\\/Logo-IEMJ-Paypal.jpg\",\"width\":150,\"height\":50,\"caption\":\"Institut Europ\u00e9en des Musiques Juives\"},\"image\":{\"@id\":\"https:\\\/\\\/www.iemj.org\\\/it\\\/#\\\/schema\\\/logo\\\/image\\\/\"},\"sameAs\":[\"https:\\\/\\\/www.facebook.com\\\/MusiquesJuives\\\/\",\"https:\\\/\\\/www.instagram.com\\\/musiquesjuives\\\/\",\"https:\\\/\\\/www.youtube.com\\\/user\\\/musiquesjuives\"]},{\"@type\":\"Person\",\"@id\":\"https:\\\/\\\/www.iemj.org\\\/it\\\/#\\\/schema\\\/person\\\/358e26c18aca017fcc4cc15437f7279c\",\"name\":\"Jacqueline ROTEN\",\"image\":{\"@type\":\"ImageObject\",\"inLanguage\":\"it-IT\",\"@id\":\"https:\\\/\\\/secure.gravatar.com\\\/avatar\\\/5964256d6c6957de3a3505278957e0fb2a35119ac47ea41827a65301213c810b?s=96&d=mm&r=g\",\"url\":\"https:\\\/\\\/secure.gravatar.com\\\/avatar\\\/5964256d6c6957de3a3505278957e0fb2a35119ac47ea41827a65301213c810b?s=96&d=mm&r=g\",\"contentUrl\":\"https:\\\/\\\/secure.gravatar.com\\\/avatar\\\/5964256d6c6957de3a3505278957e0fb2a35119ac47ea41827a65301213c810b?s=96&d=mm&r=g\",\"caption\":\"Jacqueline ROTEN\"}}]}<\/script>\n<!-- \/ Yoast SEO plugin. -->","yoast_head_json":{"title":"Attia, Adolphe (1937) - Institut Europ\u00e9en des Musiques Juives","robots":{"index":"index","follow":"follow","max-snippet":"max-snippet:-1","max-image-preview":"max-image-preview:large","max-video-preview":"max-video-preview:-1"},"canonical":"https:\/\/www.iemj.org\/it\/attia-adolphe-1937\/","og_locale":"it_IT","og_type":"article","og_title":"Attia, Adolphe (1937) - Institut Europ\u00e9en des Musiques Juives","og_description":"Nato il 23 aprile 1937 a M&#8217;Sila, in Algeria, da una famiglia modesta, Adolphe Attia viene allevato dalla zia a Bousaada, mentre la madre ha gi\u00e0 sei figli ed il","og_url":"https:\/\/www.iemj.org\/it\/attia-adolphe-1937\/","og_site_name":"Institut Europ\u00e9en des Musiques Juives","article_publisher":"https:\/\/www.facebook.com\/MusiquesJuives\/","article_published_time":"2024-11-07T16:14:10+00:00","article_modified_time":"2025-01-14T13:20:50+00:00","og_image":[{"width":164,"height":218,"url":"https:\/\/www.iemj.org\/wp-content\/uploads\/2024\/11\/Adolphe-Attia_Logo-Bio.jpg","type":"image\/jpeg"}],"author":"Jacqueline ROTEN","twitter_card":"summary_large_image","twitter_misc":{"Scritto da":"Jacqueline ROTEN","Tempo di lettura stimato":"4 minuti"},"schema":{"@context":"https:\/\/schema.org","@graph":[{"@type":"Article","@id":"https:\/\/www.iemj.org\/it\/attia-adolphe-1937\/#article","isPartOf":{"@id":"https:\/\/www.iemj.org\/it\/attia-adolphe-1937\/"},"author":{"name":"Jacqueline ROTEN","@id":"https:\/\/www.iemj.org\/it\/#\/schema\/person\/358e26c18aca017fcc4cc15437f7279c"},"headline":"Attia, Adolphe (1937)","datePublished":"2024-11-07T16:14:10+00:00","dateModified":"2025-01-14T13:20:50+00:00","mainEntityOfPage":{"@id":"https:\/\/www.iemj.org\/it\/attia-adolphe-1937\/"},"wordCount":562,"publisher":{"@id":"https:\/\/www.iemj.org\/it\/#organization"},"image":{"@id":"https:\/\/www.iemj.org\/it\/attia-adolphe-1937\/#primaryimage"},"thumbnailUrl":"https:\/\/www.iemj.org\/wp-content\/uploads\/2024\/11\/Adolphe-Attia_Logo-Bio.jpg","articleSection":["Biografie"],"inLanguage":"it-IT"},{"@type":"WebPage","@id":"https:\/\/www.iemj.org\/it\/attia-adolphe-1937\/","url":"https:\/\/www.iemj.org\/it\/attia-adolphe-1937\/","name":"Attia, Adolphe (1937) - Institut Europ\u00e9en des Musiques Juives","isPartOf":{"@id":"https:\/\/www.iemj.org\/it\/#website"},"primaryImageOfPage":{"@id":"https:\/\/www.iemj.org\/it\/attia-adolphe-1937\/#primaryimage"},"image":{"@id":"https:\/\/www.iemj.org\/it\/attia-adolphe-1937\/#primaryimage"},"thumbnailUrl":"https:\/\/www.iemj.org\/wp-content\/uploads\/2024\/11\/Adolphe-Attia_Logo-Bio.jpg","datePublished":"2024-11-07T16:14:10+00:00","dateModified":"2025-01-14T13:20:50+00:00","breadcrumb":{"@id":"https:\/\/www.iemj.org\/it\/attia-adolphe-1937\/#breadcrumb"},"inLanguage":"it-IT","potentialAction":[{"@type":"ReadAction","target":["https:\/\/www.iemj.org\/it\/attia-adolphe-1937\/"]}]},{"@type":"ImageObject","inLanguage":"it-IT","@id":"https:\/\/www.iemj.org\/it\/attia-adolphe-1937\/#primaryimage","url":"https:\/\/www.iemj.org\/wp-content\/uploads\/2024\/11\/Adolphe-Attia_Logo-Bio.jpg","contentUrl":"https:\/\/www.iemj.org\/wp-content\/uploads\/2024\/11\/Adolphe-Attia_Logo-Bio.jpg","width":164,"height":218},{"@type":"BreadcrumbList","@id":"https:\/\/www.iemj.org\/it\/attia-adolphe-1937\/#breadcrumb","itemListElement":[{"@type":"ListItem","position":1,"name":"Accueil","item":"https:\/\/www.iemj.org\/it\/"},{"@type":"ListItem","position":2,"name":"Attia, Adolphe (1937)"}]},{"@type":"WebSite","@id":"https:\/\/www.iemj.org\/it\/#website","url":"https:\/\/www.iemj.org\/it\/","name":"Institut Europ\u00e9en des Musiques Juives","description":"Des traditions musicales \u00e0 la port\u00e9e de tous","publisher":{"@id":"https:\/\/www.iemj.org\/it\/#organization"},"potentialAction":[{"@type":"SearchAction","target":{"@type":"EntryPoint","urlTemplate":"https:\/\/www.iemj.org\/it\/?s={search_term_string}"},"query-input":{"@type":"PropertyValueSpecification","valueRequired":true,"valueName":"search_term_string"}}],"inLanguage":"it-IT"},{"@type":"Organization","@id":"https:\/\/www.iemj.org\/it\/#organization","name":"Institut Europ\u00e9en des Musiques Juives","url":"https:\/\/www.iemj.org\/it\/","logo":{"@type":"ImageObject","inLanguage":"it-IT","@id":"https:\/\/www.iemj.org\/it\/#\/schema\/logo\/image\/","url":"https:\/\/www.iemj.org\/wp-content\/uploads\/2021\/09\/Logo-IEMJ-Paypal.jpg","contentUrl":"https:\/\/www.iemj.org\/wp-content\/uploads\/2021\/09\/Logo-IEMJ-Paypal.jpg","width":150,"height":50,"caption":"Institut Europ\u00e9en des Musiques Juives"},"image":{"@id":"https:\/\/www.iemj.org\/it\/#\/schema\/logo\/image\/"},"sameAs":["https:\/\/www.facebook.com\/MusiquesJuives\/","https:\/\/www.instagram.com\/musiquesjuives\/","https:\/\/www.youtube.com\/user\/musiquesjuives"]},{"@type":"Person","@id":"https:\/\/www.iemj.org\/it\/#\/schema\/person\/358e26c18aca017fcc4cc15437f7279c","name":"Jacqueline ROTEN","image":{"@type":"ImageObject","inLanguage":"it-IT","@id":"https:\/\/secure.gravatar.com\/avatar\/5964256d6c6957de3a3505278957e0fb2a35119ac47ea41827a65301213c810b?s=96&d=mm&r=g","url":"https:\/\/secure.gravatar.com\/avatar\/5964256d6c6957de3a3505278957e0fb2a35119ac47ea41827a65301213c810b?s=96&d=mm&r=g","contentUrl":"https:\/\/secure.gravatar.com\/avatar\/5964256d6c6957de3a3505278957e0fb2a35119ac47ea41827a65301213c810b?s=96&d=mm&r=g","caption":"Jacqueline ROTEN"}}]}},"_links":{"self":[{"href":"https:\/\/www.iemj.org\/it\/wp-json\/wp\/v2\/posts\/114726","targetHints":{"allow":["GET"]}}],"collection":[{"href":"https:\/\/www.iemj.org\/it\/wp-json\/wp\/v2\/posts"}],"about":[{"href":"https:\/\/www.iemj.org\/it\/wp-json\/wp\/v2\/types\/post"}],"author":[{"embeddable":true,"href":"https:\/\/www.iemj.org\/it\/wp-json\/wp\/v2\/users\/5"}],"replies":[{"embeddable":true,"href":"https:\/\/www.iemj.org\/it\/wp-json\/wp\/v2\/comments?post=114726"}],"version-history":[{"count":0,"href":"https:\/\/www.iemj.org\/it\/wp-json\/wp\/v2\/posts\/114726\/revisions"}],"wp:featuredmedia":[{"embeddable":true,"href":"https:\/\/www.iemj.org\/it\/wp-json\/wp\/v2\/media\/114704"}],"wp:attachment":[{"href":"https:\/\/www.iemj.org\/it\/wp-json\/wp\/v2\/media?parent=114726"}],"wp:term":[{"taxonomy":"category","embeddable":true,"href":"https:\/\/www.iemj.org\/it\/wp-json\/wp\/v2\/categories?post=114726"},{"taxonomy":"post_tag","embeddable":true,"href":"https:\/\/www.iemj.org\/it\/wp-json\/wp\/v2\/tags?post=114726"},{"taxonomy":"technique","embeddable":true,"href":"https:\/\/www.iemj.org\/it\/wp-json\/wp\/v2\/technique?post=114726"},{"taxonomy":"squelettes","embeddable":true,"href":"https:\/\/www.iemj.org\/it\/wp-json\/wp\/v2\/squelettes?post=114726"},{"taxonomy":"sujet","embeddable":true,"href":"https:\/\/www.iemj.org\/it\/wp-json\/wp\/v2\/sujet?post=114726"},{"taxonomy":"formation","embeddable":true,"href":"https:\/\/www.iemj.org\/it\/wp-json\/wp\/v2\/formation?post=114726"},{"taxonomy":"genre","embeddable":true,"href":"https:\/\/www.iemj.org\/it\/wp-json\/wp\/v2\/genre?post=114726"},{"taxonomy":"fonds","embeddable":true,"href":"https:\/\/www.iemj.org\/it\/wp-json\/wp\/v2\/fonds?post=114726"},{"taxonomy":"tradition","embeddable":true,"href":"https:\/\/www.iemj.org\/it\/wp-json\/wp\/v2\/tradition?post=114726"},{"taxonomy":"type-de-contenu","embeddable":true,"href":"https:\/\/www.iemj.org\/it\/wp-json\/wp\/v2\/type-de-contenu?post=114726"},{"taxonomy":"interprete-compositeur","embeddable":true,"href":"https:\/\/www.iemj.org\/it\/wp-json\/wp\/v2\/interprete-compositeur?post=114726"},{"taxonomy":"frise","embeddable":true,"href":"https:\/\/www.iemj.org\/it\/wp-json\/wp\/v2\/frise?post=114726"},{"taxonomy":"type-devenement","embeddable":true,"href":"https:\/\/www.iemj.org\/it\/wp-json\/wp\/v2\/type-devenement?post=114726"},{"taxonomy":"tableaux-liens-externes","embeddable":true,"href":"https:\/\/www.iemj.org\/it\/wp-json\/wp\/v2\/tableaux-liens-externes?post=114726"}],"curies":[{"name":"wp","href":"https:\/\/api.w.org\/{rel}","templated":true}]}}