{"id":115183,"date":"2024-11-18T15:52:16","date_gmt":"2024-11-18T14:52:16","guid":{"rendered":"https:\/\/www.iemj.org\/fonds-raphael-elfassy\/"},"modified":"2024-11-20T12:57:04","modified_gmt":"2024-11-20T11:57:04","slug":"fonds-raphael-elfassy","status":"publish","type":"post","link":"https:\/\/www.iemj.org\/it\/fonds-raphael-elfassy\/","title":{"rendered":"Fondo Raphael Elfassy"},"content":{"rendered":"\n<p><\/p>\n\n\n<p>Maestro di coro per decenni in diverse sinagoghe della regione parigina (Neuilly, Montevideo, Saint-Lazare, Chasseloup), <a href=\"https:\/\/www.iemj.org\/de\/raphael-elfassy-1939-2019\/\" target=\"_blank\" rel=\"noopener\">Raphael Elfassy<\/a> (1939-2019) ha fondato l&#8217;Associazione artistica Guilgal di danze israeliane e coro ebraico nel 1971 e l&#8217;Ensemble de Musique H\u00e9bra\u00efque de Paris nel 1990. Insegnante instancabile, ha registrato otto album di musica ebraica e folklore israeliano ed ha tenuto decine di concerti con rinomati interpreti tra cui Maurice Abourmad, Adolphe Attia, Malkiel Benamara, Benjamin Duvshani, Daniel Geismann, Michel Heymann, Claude Hoenel e Mevorah Zerbib.<\/p>\n<p>Nel 2022, Christine Dangremont, sua vedova, e Josiane Sberro hanno consegnato all&#8217;Istituto Europeo di Musica Ebraica una collezione di una trentina di partiture e registrazioni audio. Questa collezione \u00e8 stata completata nel febbraio 2024 con l&#8217;aggiunta di una decina di foto, 12 video e diversi manifesti di concerti e articoli di stampa, che ora sono stati digitalizzati e possono essere consultati online.<\/p>\n<h3><a href=\"http:\/\/www.rachelnet.net\/F\/?func=find-c&amp;ccl_term=WHOL+%3D+Elfassy%2C+Raphael&amp;local_base=iemcg\" target=\"_blank\" rel=\"noopener\">Consultare la collezione Raphael Elfassy<\/a><\/h3>\n<p><a href=\"https:\/\/www.iemj.org\/it\/raphael-elfassy-1939-2019\/\" target=\"_blank\" rel=\"noopener\">Per saperne di pi\u00f9 su Raphael Elfassy<\/a><\/p>\n\n\n<figure class=\"wp-block-gallery aligncenter has-nested-images columns-default is-cropped wp-block-gallery-1 is-layout-flex wp-block-gallery-is-layout-flex\">\n<figure class=\"wp-block-image size-large\"><img fetchpriority=\"high\" decoding=\"async\" width=\"800\" height=\"573\" data-id=\"115152\" src=\"https:\/\/www.iemj.org\/wp-content\/uploads\/2024\/11\/Danses-druzes.jpg\" alt=\"\" class=\"wp-image-115152\" srcset=\"https:\/\/www.iemj.org\/wp-content\/uploads\/2024\/11\/Danses-druzes.jpg 800w, https:\/\/www.iemj.org\/wp-content\/uploads\/2024\/11\/Danses-druzes-300x215.jpg 300w, https:\/\/www.iemj.org\/wp-content\/uploads\/2024\/11\/Danses-druzes-768x550.jpg 768w, https:\/\/www.iemj.org\/wp-content\/uploads\/2024\/11\/Danses-druzes-600x430.jpg 600w\" sizes=\"(max-width: 800px) 100vw, 800px\" \/><\/figure>\n\n\n\n<figure class=\"wp-block-image size-large\"><img decoding=\"async\" width=\"1024\" height=\"772\" data-id=\"115172\" src=\"https:\/\/www.iemj.org\/wp-content\/uploads\/2024\/11\/Danse-folklorique-israelienne-1024x772.jpg\" alt=\"\" class=\"wp-image-115172\" srcset=\"https:\/\/www.iemj.org\/wp-content\/uploads\/2024\/11\/Danse-folklorique-israelienne-1024x772.jpg 1024w, https:\/\/www.iemj.org\/wp-content\/uploads\/2024\/11\/Danse-folklorique-israelienne-300x226.jpg 300w, https:\/\/www.iemj.org\/wp-content\/uploads\/2024\/11\/Danse-folklorique-israelienne-768x579.jpg 768w, https:\/\/www.iemj.org\/wp-content\/uploads\/2024\/11\/Danse-folklorique-israelienne-600x453.jpg 600w, https:\/\/www.iemj.org\/wp-content\/uploads\/2024\/11\/Danse-folklorique-israelienne.jpg 1160w\" sizes=\"(max-width: 1024px) 100vw, 1024px\" \/><\/figure>\n<\/figure>\n\n\n\n<figure class=\"wp-block-gallery has-nested-images columns-default is-cropped wp-block-gallery-2 is-layout-flex wp-block-gallery-is-layout-flex\">\n<figure class=\"wp-block-image size-large\"><img decoding=\"async\" width=\"745\" height=\"1024\" data-id=\"115162\" src=\"https:\/\/www.iemj.org\/wp-content\/uploads\/2024\/11\/A_1922_Page_11-745x1024.jpg\" alt=\"\" class=\"wp-image-115162\" srcset=\"https:\/\/www.iemj.org\/wp-content\/uploads\/2024\/11\/A_1922_Page_11-745x1024.jpg 745w, https:\/\/www.iemj.org\/wp-content\/uploads\/2024\/11\/A_1922_Page_11-218x300.jpg 218w, https:\/\/www.iemj.org\/wp-content\/uploads\/2024\/11\/A_1922_Page_11-768x1055.jpg 768w, https:\/\/www.iemj.org\/wp-content\/uploads\/2024\/11\/A_1922_Page_11-1118x1536.jpg 1118w, https:\/\/www.iemj.org\/wp-content\/uploads\/2024\/11\/A_1922_Page_11-1490x2048.jpg 1490w, https:\/\/www.iemj.org\/wp-content\/uploads\/2024\/11\/A_1922_Page_11-600x824.jpg 600w, https:\/\/www.iemj.org\/wp-content\/uploads\/2024\/11\/A_1922_Page_11-scaled.jpg 1863w\" sizes=\"(max-width: 745px) 100vw, 745px\" \/><\/figure>\n\n\n\n<figure class=\"wp-block-image size-large\"><img loading=\"lazy\" decoding=\"async\" width=\"712\" height=\"1024\" data-id=\"115157\" src=\"https:\/\/www.iemj.org\/wp-content\/uploads\/2024\/11\/A_1922_Page_01-712x1024.jpg\" alt=\"\" class=\"wp-image-115157\" srcset=\"https:\/\/www.iemj.org\/wp-content\/uploads\/2024\/11\/A_1922_Page_01-712x1024.jpg 712w, https:\/\/www.iemj.org\/wp-content\/uploads\/2024\/11\/A_1922_Page_01-208x300.jpg 208w, https:\/\/www.iemj.org\/wp-content\/uploads\/2024\/11\/A_1922_Page_01-768x1105.jpg 768w, https:\/\/www.iemj.org\/wp-content\/uploads\/2024\/11\/A_1922_Page_01-1067x1536.jpg 1067w, https:\/\/www.iemj.org\/wp-content\/uploads\/2024\/11\/A_1922_Page_01-1423x2048.jpg 1423w, https:\/\/www.iemj.org\/wp-content\/uploads\/2024\/11\/A_1922_Page_01-600x863.jpg 600w, https:\/\/www.iemj.org\/wp-content\/uploads\/2024\/11\/A_1922_Page_01-scaled.jpg 1779w\" sizes=\"(max-width: 712px) 100vw, 712px\" \/><\/figure>\n<\/figure>\n","protected":false},"excerpt":{"rendered":"<p>Maestro di coro per decenni in diverse sinagoghe della regione parigina (Neuilly, Montevideo, Saint-Lazare, Chasseloup), Raphael Elfassy (1939-2019) ha fondato l&#8217;Associazione artistica Guilgal di danze israeliane e coro ebraico nel<\/p>\n","protected":false},"author":5,"featured_media":115120,"comment_status":"closed","ping_status":"closed","sticky":false,"template":"","format":"standard","meta":{"_acf_changed":false,"footnotes":""},"categories":[1586],"tags":[],"technique":[],"squelettes":[],"sujet":[],"formation":[],"genre":[],"fonds":[],"tradition":[],"type-de-contenu":[],"interprete-compositeur":[],"frise":[],"type-devenement":[],"tableaux-liens-externes":[],"class_list":["post-115183","post","type-post","status-publish","format-standard","has-post-thumbnail","hentry","category-fondi-principali-it"],"acf":[],"yoast_head":"<!-- This site is optimized with the Yoast SEO plugin v27.3 - https:\/\/yoast.com\/product\/yoast-seo-wordpress\/ -->\n<title>Fondo Raphael Elfassy - Institut Europ\u00e9en des Musiques Juives<\/title>\n<meta name=\"robots\" content=\"index, follow, max-snippet:-1, max-image-preview:large, max-video-preview:-1\" \/>\n<link rel=\"canonical\" href=\"https:\/\/www.iemj.org\/it\/fonds-raphael-elfassy\/\" \/>\n<meta property=\"og:locale\" content=\"it_IT\" \/>\n<meta property=\"og:type\" content=\"article\" \/>\n<meta property=\"og:title\" content=\"Fondo Raphael Elfassy - Institut Europ\u00e9en des Musiques Juives\" \/>\n<meta property=\"og:description\" content=\"Maestro di coro per decenni in diverse sinagoghe della regione parigina (Neuilly, Montevideo, Saint-Lazare, Chasseloup), Raphael Elfassy (1939-2019) ha fondato l&#8217;Associazione artistica Guilgal di danze israeliane e coro ebraico nel\" \/>\n<meta property=\"og:url\" content=\"https:\/\/www.iemj.org\/it\/fonds-raphael-elfassy\/\" \/>\n<meta property=\"og:site_name\" content=\"Institut Europ\u00e9en des Musiques Juives\" \/>\n<meta property=\"article:publisher\" content=\"https:\/\/www.facebook.com\/MusiquesJuives\/\" \/>\n<meta property=\"article:published_time\" content=\"2024-11-18T14:52:16+00:00\" \/>\n<meta property=\"article:modified_time\" content=\"2024-11-20T11:57:04+00:00\" \/>\n<meta property=\"og:image\" content=\"https:\/\/www.iemj.org\/wp-content\/uploads\/2024\/11\/logo-1-1.jpg\" \/>\n\t<meta property=\"og:image:width\" content=\"500\" \/>\n\t<meta property=\"og:image:height\" content=\"500\" \/>\n\t<meta property=\"og:image:type\" content=\"image\/jpeg\" \/>\n<meta name=\"author\" content=\"Jacqueline ROTEN\" \/>\n<meta name=\"twitter:card\" content=\"summary_large_image\" \/>\n<meta name=\"twitter:label1\" content=\"Scritto da\" \/>\n\t<meta name=\"twitter:data1\" content=\"Jacqueline ROTEN\" \/>\n\t<meta name=\"twitter:label2\" content=\"Tempo di lettura stimato\" \/>\n\t<meta name=\"twitter:data2\" content=\"2 minuti\" \/>\n<script type=\"application\/ld+json\" class=\"yoast-schema-graph\">{\"@context\":\"https:\\\/\\\/schema.org\",\"@graph\":[{\"@type\":\"Article\",\"@id\":\"https:\\\/\\\/www.iemj.org\\\/it\\\/fonds-raphael-elfassy\\\/#article\",\"isPartOf\":{\"@id\":\"https:\\\/\\\/www.iemj.org\\\/it\\\/fonds-raphael-elfassy\\\/\"},\"author\":{\"name\":\"Jacqueline ROTEN\",\"@id\":\"https:\\\/\\\/www.iemj.org\\\/it\\\/#\\\/schema\\\/person\\\/358e26c18aca017fcc4cc15437f7279c\"},\"headline\":\"Fondo Raphael Elfassy\",\"datePublished\":\"2024-11-18T14:52:16+00:00\",\"dateModified\":\"2024-11-20T11:57:04+00:00\",\"mainEntityOfPage\":{\"@id\":\"https:\\\/\\\/www.iemj.org\\\/it\\\/fonds-raphael-elfassy\\\/\"},\"wordCount\":157,\"publisher\":{\"@id\":\"https:\\\/\\\/www.iemj.org\\\/it\\\/#organization\"},\"image\":{\"@id\":\"https:\\\/\\\/www.iemj.org\\\/it\\\/fonds-raphael-elfassy\\\/#primaryimage\"},\"thumbnailUrl\":\"https:\\\/\\\/www.iemj.org\\\/wp-content\\\/uploads\\\/2024\\\/11\\\/logo-1-1.jpg\",\"articleSection\":[\"Fondi principali\"],\"inLanguage\":\"it-IT\"},{\"@type\":\"WebPage\",\"@id\":\"https:\\\/\\\/www.iemj.org\\\/it\\\/fonds-raphael-elfassy\\\/\",\"url\":\"https:\\\/\\\/www.iemj.org\\\/it\\\/fonds-raphael-elfassy\\\/\",\"name\":\"Fondo Raphael Elfassy - Institut Europ\u00e9en des Musiques Juives\",\"isPartOf\":{\"@id\":\"https:\\\/\\\/www.iemj.org\\\/it\\\/#website\"},\"primaryImageOfPage\":{\"@id\":\"https:\\\/\\\/www.iemj.org\\\/it\\\/fonds-raphael-elfassy\\\/#primaryimage\"},\"image\":{\"@id\":\"https:\\\/\\\/www.iemj.org\\\/it\\\/fonds-raphael-elfassy\\\/#primaryimage\"},\"thumbnailUrl\":\"https:\\\/\\\/www.iemj.org\\\/wp-content\\\/uploads\\\/2024\\\/11\\\/logo-1-1.jpg\",\"datePublished\":\"2024-11-18T14:52:16+00:00\",\"dateModified\":\"2024-11-20T11:57:04+00:00\",\"breadcrumb\":{\"@id\":\"https:\\\/\\\/www.iemj.org\\\/it\\\/fonds-raphael-elfassy\\\/#breadcrumb\"},\"inLanguage\":\"it-IT\",\"potentialAction\":[{\"@type\":\"ReadAction\",\"target\":[\"https:\\\/\\\/www.iemj.org\\\/it\\\/fonds-raphael-elfassy\\\/\"]}]},{\"@type\":\"ImageObject\",\"inLanguage\":\"it-IT\",\"@id\":\"https:\\\/\\\/www.iemj.org\\\/it\\\/fonds-raphael-elfassy\\\/#primaryimage\",\"url\":\"https:\\\/\\\/www.iemj.org\\\/wp-content\\\/uploads\\\/2024\\\/11\\\/logo-1-1.jpg\",\"contentUrl\":\"https:\\\/\\\/www.iemj.org\\\/wp-content\\\/uploads\\\/2024\\\/11\\\/logo-1-1.jpg\",\"width\":500,\"height\":500},{\"@type\":\"BreadcrumbList\",\"@id\":\"https:\\\/\\\/www.iemj.org\\\/it\\\/fonds-raphael-elfassy\\\/#breadcrumb\",\"itemListElement\":[{\"@type\":\"ListItem\",\"position\":1,\"name\":\"Accueil\",\"item\":\"https:\\\/\\\/www.iemj.org\\\/it\\\/\"},{\"@type\":\"ListItem\",\"position\":2,\"name\":\"Fondo Raphael Elfassy\"}]},{\"@type\":\"WebSite\",\"@id\":\"https:\\\/\\\/www.iemj.org\\\/it\\\/#website\",\"url\":\"https:\\\/\\\/www.iemj.org\\\/it\\\/\",\"name\":\"Institut Europ\u00e9en des Musiques Juives\",\"description\":\"Des traditions musicales \u00e0 la port\u00e9e de tous\",\"publisher\":{\"@id\":\"https:\\\/\\\/www.iemj.org\\\/it\\\/#organization\"},\"potentialAction\":[{\"@type\":\"SearchAction\",\"target\":{\"@type\":\"EntryPoint\",\"urlTemplate\":\"https:\\\/\\\/www.iemj.org\\\/it\\\/?s={search_term_string}\"},\"query-input\":{\"@type\":\"PropertyValueSpecification\",\"valueRequired\":true,\"valueName\":\"search_term_string\"}}],\"inLanguage\":\"it-IT\"},{\"@type\":\"Organization\",\"@id\":\"https:\\\/\\\/www.iemj.org\\\/it\\\/#organization\",\"name\":\"Institut Europ\u00e9en des Musiques Juives\",\"url\":\"https:\\\/\\\/www.iemj.org\\\/it\\\/\",\"logo\":{\"@type\":\"ImageObject\",\"inLanguage\":\"it-IT\",\"@id\":\"https:\\\/\\\/www.iemj.org\\\/it\\\/#\\\/schema\\\/logo\\\/image\\\/\",\"url\":\"https:\\\/\\\/www.iemj.org\\\/wp-content\\\/uploads\\\/2021\\\/09\\\/Logo-IEMJ-Paypal.jpg\",\"contentUrl\":\"https:\\\/\\\/www.iemj.org\\\/wp-content\\\/uploads\\\/2021\\\/09\\\/Logo-IEMJ-Paypal.jpg\",\"width\":150,\"height\":50,\"caption\":\"Institut Europ\u00e9en des Musiques Juives\"},\"image\":{\"@id\":\"https:\\\/\\\/www.iemj.org\\\/it\\\/#\\\/schema\\\/logo\\\/image\\\/\"},\"sameAs\":[\"https:\\\/\\\/www.facebook.com\\\/MusiquesJuives\\\/\",\"https:\\\/\\\/www.instagram.com\\\/musiquesjuives\\\/\",\"https:\\\/\\\/www.youtube.com\\\/user\\\/musiquesjuives\"]},{\"@type\":\"Person\",\"@id\":\"https:\\\/\\\/www.iemj.org\\\/it\\\/#\\\/schema\\\/person\\\/358e26c18aca017fcc4cc15437f7279c\",\"name\":\"Jacqueline ROTEN\",\"image\":{\"@type\":\"ImageObject\",\"inLanguage\":\"it-IT\",\"@id\":\"https:\\\/\\\/secure.gravatar.com\\\/avatar\\\/5964256d6c6957de3a3505278957e0fb2a35119ac47ea41827a65301213c810b?s=96&d=mm&r=g\",\"url\":\"https:\\\/\\\/secure.gravatar.com\\\/avatar\\\/5964256d6c6957de3a3505278957e0fb2a35119ac47ea41827a65301213c810b?s=96&d=mm&r=g\",\"contentUrl\":\"https:\\\/\\\/secure.gravatar.com\\\/avatar\\\/5964256d6c6957de3a3505278957e0fb2a35119ac47ea41827a65301213c810b?s=96&d=mm&r=g\",\"caption\":\"Jacqueline ROTEN\"}}]}<\/script>\n<!-- \/ Yoast SEO plugin. -->","yoast_head_json":{"title":"Fondo Raphael Elfassy - Institut Europ\u00e9en des Musiques Juives","robots":{"index":"index","follow":"follow","max-snippet":"max-snippet:-1","max-image-preview":"max-image-preview:large","max-video-preview":"max-video-preview:-1"},"canonical":"https:\/\/www.iemj.org\/it\/fonds-raphael-elfassy\/","og_locale":"it_IT","og_type":"article","og_title":"Fondo Raphael Elfassy - Institut Europ\u00e9en des Musiques Juives","og_description":"Maestro di coro per decenni in diverse sinagoghe della regione parigina (Neuilly, Montevideo, Saint-Lazare, Chasseloup), Raphael Elfassy (1939-2019) ha fondato l&#8217;Associazione artistica Guilgal di danze israeliane e coro ebraico nel","og_url":"https:\/\/www.iemj.org\/it\/fonds-raphael-elfassy\/","og_site_name":"Institut Europ\u00e9en des Musiques Juives","article_publisher":"https:\/\/www.facebook.com\/MusiquesJuives\/","article_published_time":"2024-11-18T14:52:16+00:00","article_modified_time":"2024-11-20T11:57:04+00:00","og_image":[{"width":500,"height":500,"url":"https:\/\/www.iemj.org\/wp-content\/uploads\/2024\/11\/logo-1-1.jpg","type":"image\/jpeg"}],"author":"Jacqueline ROTEN","twitter_card":"summary_large_image","twitter_misc":{"Scritto da":"Jacqueline ROTEN","Tempo di lettura stimato":"2 minuti"},"schema":{"@context":"https:\/\/schema.org","@graph":[{"@type":"Article","@id":"https:\/\/www.iemj.org\/it\/fonds-raphael-elfassy\/#article","isPartOf":{"@id":"https:\/\/www.iemj.org\/it\/fonds-raphael-elfassy\/"},"author":{"name":"Jacqueline ROTEN","@id":"https:\/\/www.iemj.org\/it\/#\/schema\/person\/358e26c18aca017fcc4cc15437f7279c"},"headline":"Fondo Raphael Elfassy","datePublished":"2024-11-18T14:52:16+00:00","dateModified":"2024-11-20T11:57:04+00:00","mainEntityOfPage":{"@id":"https:\/\/www.iemj.org\/it\/fonds-raphael-elfassy\/"},"wordCount":157,"publisher":{"@id":"https:\/\/www.iemj.org\/it\/#organization"},"image":{"@id":"https:\/\/www.iemj.org\/it\/fonds-raphael-elfassy\/#primaryimage"},"thumbnailUrl":"https:\/\/www.iemj.org\/wp-content\/uploads\/2024\/11\/logo-1-1.jpg","articleSection":["Fondi principali"],"inLanguage":"it-IT"},{"@type":"WebPage","@id":"https:\/\/www.iemj.org\/it\/fonds-raphael-elfassy\/","url":"https:\/\/www.iemj.org\/it\/fonds-raphael-elfassy\/","name":"Fondo Raphael Elfassy - Institut Europ\u00e9en des Musiques Juives","isPartOf":{"@id":"https:\/\/www.iemj.org\/it\/#website"},"primaryImageOfPage":{"@id":"https:\/\/www.iemj.org\/it\/fonds-raphael-elfassy\/#primaryimage"},"image":{"@id":"https:\/\/www.iemj.org\/it\/fonds-raphael-elfassy\/#primaryimage"},"thumbnailUrl":"https:\/\/www.iemj.org\/wp-content\/uploads\/2024\/11\/logo-1-1.jpg","datePublished":"2024-11-18T14:52:16+00:00","dateModified":"2024-11-20T11:57:04+00:00","breadcrumb":{"@id":"https:\/\/www.iemj.org\/it\/fonds-raphael-elfassy\/#breadcrumb"},"inLanguage":"it-IT","potentialAction":[{"@type":"ReadAction","target":["https:\/\/www.iemj.org\/it\/fonds-raphael-elfassy\/"]}]},{"@type":"ImageObject","inLanguage":"it-IT","@id":"https:\/\/www.iemj.org\/it\/fonds-raphael-elfassy\/#primaryimage","url":"https:\/\/www.iemj.org\/wp-content\/uploads\/2024\/11\/logo-1-1.jpg","contentUrl":"https:\/\/www.iemj.org\/wp-content\/uploads\/2024\/11\/logo-1-1.jpg","width":500,"height":500},{"@type":"BreadcrumbList","@id":"https:\/\/www.iemj.org\/it\/fonds-raphael-elfassy\/#breadcrumb","itemListElement":[{"@type":"ListItem","position":1,"name":"Accueil","item":"https:\/\/www.iemj.org\/it\/"},{"@type":"ListItem","position":2,"name":"Fondo Raphael Elfassy"}]},{"@type":"WebSite","@id":"https:\/\/www.iemj.org\/it\/#website","url":"https:\/\/www.iemj.org\/it\/","name":"Institut Europ\u00e9en des Musiques Juives","description":"Des traditions musicales \u00e0 la port\u00e9e de tous","publisher":{"@id":"https:\/\/www.iemj.org\/it\/#organization"},"potentialAction":[{"@type":"SearchAction","target":{"@type":"EntryPoint","urlTemplate":"https:\/\/www.iemj.org\/it\/?s={search_term_string}"},"query-input":{"@type":"PropertyValueSpecification","valueRequired":true,"valueName":"search_term_string"}}],"inLanguage":"it-IT"},{"@type":"Organization","@id":"https:\/\/www.iemj.org\/it\/#organization","name":"Institut Europ\u00e9en des Musiques Juives","url":"https:\/\/www.iemj.org\/it\/","logo":{"@type":"ImageObject","inLanguage":"it-IT","@id":"https:\/\/www.iemj.org\/it\/#\/schema\/logo\/image\/","url":"https:\/\/www.iemj.org\/wp-content\/uploads\/2021\/09\/Logo-IEMJ-Paypal.jpg","contentUrl":"https:\/\/www.iemj.org\/wp-content\/uploads\/2021\/09\/Logo-IEMJ-Paypal.jpg","width":150,"height":50,"caption":"Institut Europ\u00e9en des Musiques Juives"},"image":{"@id":"https:\/\/www.iemj.org\/it\/#\/schema\/logo\/image\/"},"sameAs":["https:\/\/www.facebook.com\/MusiquesJuives\/","https:\/\/www.instagram.com\/musiquesjuives\/","https:\/\/www.youtube.com\/user\/musiquesjuives"]},{"@type":"Person","@id":"https:\/\/www.iemj.org\/it\/#\/schema\/person\/358e26c18aca017fcc4cc15437f7279c","name":"Jacqueline ROTEN","image":{"@type":"ImageObject","inLanguage":"it-IT","@id":"https:\/\/secure.gravatar.com\/avatar\/5964256d6c6957de3a3505278957e0fb2a35119ac47ea41827a65301213c810b?s=96&d=mm&r=g","url":"https:\/\/secure.gravatar.com\/avatar\/5964256d6c6957de3a3505278957e0fb2a35119ac47ea41827a65301213c810b?s=96&d=mm&r=g","contentUrl":"https:\/\/secure.gravatar.com\/avatar\/5964256d6c6957de3a3505278957e0fb2a35119ac47ea41827a65301213c810b?s=96&d=mm&r=g","caption":"Jacqueline ROTEN"}}]}},"_links":{"self":[{"href":"https:\/\/www.iemj.org\/it\/wp-json\/wp\/v2\/posts\/115183","targetHints":{"allow":["GET"]}}],"collection":[{"href":"https:\/\/www.iemj.org\/it\/wp-json\/wp\/v2\/posts"}],"about":[{"href":"https:\/\/www.iemj.org\/it\/wp-json\/wp\/v2\/types\/post"}],"author":[{"embeddable":true,"href":"https:\/\/www.iemj.org\/it\/wp-json\/wp\/v2\/users\/5"}],"replies":[{"embeddable":true,"href":"https:\/\/www.iemj.org\/it\/wp-json\/wp\/v2\/comments?post=115183"}],"version-history":[{"count":0,"href":"https:\/\/www.iemj.org\/it\/wp-json\/wp\/v2\/posts\/115183\/revisions"}],"wp:featuredmedia":[{"embeddable":true,"href":"https:\/\/www.iemj.org\/it\/wp-json\/wp\/v2\/media\/115120"}],"wp:attachment":[{"href":"https:\/\/www.iemj.org\/it\/wp-json\/wp\/v2\/media?parent=115183"}],"wp:term":[{"taxonomy":"category","embeddable":true,"href":"https:\/\/www.iemj.org\/it\/wp-json\/wp\/v2\/categories?post=115183"},{"taxonomy":"post_tag","embeddable":true,"href":"https:\/\/www.iemj.org\/it\/wp-json\/wp\/v2\/tags?post=115183"},{"taxonomy":"technique","embeddable":true,"href":"https:\/\/www.iemj.org\/it\/wp-json\/wp\/v2\/technique?post=115183"},{"taxonomy":"squelettes","embeddable":true,"href":"https:\/\/www.iemj.org\/it\/wp-json\/wp\/v2\/squelettes?post=115183"},{"taxonomy":"sujet","embeddable":true,"href":"https:\/\/www.iemj.org\/it\/wp-json\/wp\/v2\/sujet?post=115183"},{"taxonomy":"formation","embeddable":true,"href":"https:\/\/www.iemj.org\/it\/wp-json\/wp\/v2\/formation?post=115183"},{"taxonomy":"genre","embeddable":true,"href":"https:\/\/www.iemj.org\/it\/wp-json\/wp\/v2\/genre?post=115183"},{"taxonomy":"fonds","embeddable":true,"href":"https:\/\/www.iemj.org\/it\/wp-json\/wp\/v2\/fonds?post=115183"},{"taxonomy":"tradition","embeddable":true,"href":"https:\/\/www.iemj.org\/it\/wp-json\/wp\/v2\/tradition?post=115183"},{"taxonomy":"type-de-contenu","embeddable":true,"href":"https:\/\/www.iemj.org\/it\/wp-json\/wp\/v2\/type-de-contenu?post=115183"},{"taxonomy":"interprete-compositeur","embeddable":true,"href":"https:\/\/www.iemj.org\/it\/wp-json\/wp\/v2\/interprete-compositeur?post=115183"},{"taxonomy":"frise","embeddable":true,"href":"https:\/\/www.iemj.org\/it\/wp-json\/wp\/v2\/frise?post=115183"},{"taxonomy":"type-devenement","embeddable":true,"href":"https:\/\/www.iemj.org\/it\/wp-json\/wp\/v2\/type-devenement?post=115183"},{"taxonomy":"tableaux-liens-externes","embeddable":true,"href":"https:\/\/www.iemj.org\/it\/wp-json\/wp\/v2\/tableaux-liens-externes?post=115183"}],"curies":[{"name":"wp","href":"https:\/\/api.w.org\/{rel}","templated":true}]}}