{"id":115299,"date":"2024-11-19T17:59:20","date_gmt":"2024-11-19T16:59:20","guid":{"rendered":"https:\/\/www.iemj.org\/le-mariage-juif\/"},"modified":"2025-05-08T10:42:01","modified_gmt":"2025-05-08T08:42:01","slug":"le-mariage-juif","status":"publish","type":"post","link":"https:\/\/www.iemj.org\/it\/le-mariage-juif\/","title":{"rendered":"Il matrimonio"},"content":{"rendered":"<p>Il matrimonio ebraico viene celebrato secondo numerose usanze e leggi che mirano a far emergere il suo pieno significato spirituale e materiale. Utilizzando gesti, simboli e versi ebraici, tutti questi riti esprimono il significato profondo dell&#8217;unione tra un uomo ed una donna, compresa l&#8217;istituzione di un certo numero di obblighi che si creano automaticamente tra gli sposi.<\/p>\n<p>In Francia il matrimonio ebraico richiede un certificato di nascita, il certificato di matrimonio dei genitori (<em>ketubah<\/em>), il libretto di famiglia dei genitori (livret de famille) e quello degli sposi per garantire la legalit\u00e0 del matrimonio.<\/p>\n<p>La maggior parte dei matrimoni degli ebrei sefarditi provenienti dal Nord Africa \u00e8 preceduta da una cerimonia all&#8217;henn\u00e9.<\/p>\n<h3><strong>Usanze del matrimonio<\/strong><\/h3>\n<p>Il giorno del matrimonio \u00e8 un giorno estremamente propizio per il pentimento dei peccati passati, tanto che alcuni sposi digiunano il giorno del matrimonio e leggono la preghiera che si recita lo Yom Kippur (Grande Perdono) invece della preghiera pomeridiana che si recita normalmente ogni giorno dell&#8217;anno. In questo giorno vengono perdonati i loro peccati, mentre inizia una nuova vita insieme, a simboleggiare il fatto che la loro unione \u00e8 in qualche modo la nascita di una nuova anima attraverso la fusione delle rispettive anime.<\/p>\n<p>Gli sposi sono considerati re e regine per un anno, in particolare per i sette giorni successivi al matrimonio. Per questo motivo, \u00e8 vietato loro svolgere qualsiasi tipo di lavoro e quindi i loro parenti approfittano dell&#8217;occasione per compiere una buona azione, come servi che servono con gioia il loro re o la loro regina: vestono gli sposi prima della cerimonia, invitano gli sposi ad un banchetto durante i sette giorni successivi, ecc. Gli sposi sono chiamati <em>khatan<\/em> per l&#8217;uomo e <em>kala<\/em> per la donna.<\/p>\n<p>I matrimoni ebraici vengono celebrati sotto il baldacchino nuziale (chuppah). Questo simboleggia la nuova casa che, secondo il profeta Malachia, \u00e8 chiamata \u201cun santuario per il Signore\u201d.<\/p>\n<h3><strong>Il rituale<\/strong><\/h3>\n<p>La cerimonia si svolge come segue: il rabbino officiante si trova sotto il baldacchino nuziale, dove lo sposo \u00e8 invitato a raggiungerlo; lo sposo \u00e8 solitamente accompagnato dai genitori. Infine, viene invitata la sposa. La sposa si ferma qualche metro prima del baldacchino nuziale e lo sposo scende a metterle il velo sul viso. Questo gesto simboleggia il fatto che lo sposo controlla che sia davvero sua moglie e la copre lui stesso dopo essersene assicurato; si riferisce al primo matrimonio di Giacobbe, al quale Labano diede con l&#8217;inganno Lea invece di Rachele. Lo sposo torna quindi sotto la chuppah, seguito dalla futura sposa.<\/p>\n<h3><strong>Il canto delle benedizioni<\/strong><\/h3>\n<p>Il rabbino officiante inizia riempiendo un bicchiere di vino e leggendo le benedizioni di fidanzamento:<\/p>\n<p style=\"text-align: right;\">. \u05d1\u05b8\u05bc\u05e8\u05d5\u05bc\u05da\u05b0 \u05d0\u05b7\u05ea\u05b8\u05bc\u05d4 \u05d9\u05b0\u05d4\u05d5\u05b8\u05d4 \u05d0\u05b1\u05dc\u05b9\u05d4\u05b5\u05d9\u05e0\u05d5\u05bc \u05de\u05b6\u05dc\u05b6\u05da\u05b0 \u05d4\u05b8\u05e2\u05d5\u05b9\u05dc\u05b8\u05dd, \u05d1\u05bc\u05d5\u05b9\u05e8\u05b5\u05d0 \u05e4\u05b0\u05bc\u05e8\u05b4\u05d9 \u05d4\u05b7\u05d2\u05b8\u05bc\u05e4\u05b6\u05df<\/p>\n<p style=\"text-align: right;\">\u05d1\u05b8\u05bc\u05e8\u05d5\u05bc\u05da\u05b0 \u05d0\u05b7\u05ea\u05b8\u05bc\u05d4 \u05d9\u05b0\u05d4\u05d5\u05b8\u05d4 \u05d0\u05b1\u05dc\u05b9\u05d4\u05b5\u05d9\u05e0\u05d5\u05bc \u05de\u05b6\u05dc\u05b6\u05da\u05b0 \u05d4\u05b8\u05e2\u05d5\u05b9\u05dc\u05b8\u05dd, \u05d0\u05b2\u05e9\u05c1\u05b6\u05e8 \u05e7\u05b4\u05d3\u05bc\u05b0\u05e9\u05c1\u05b8\u05e0\u05d5\u05bc \u05d1\u05bc\u05b0\u05de\u05b4\u05e6\u05b0\u05d5\u05b9\u05ea\u05b8\u05d9\u05d5 \u05d5\u05b0\u05e6\u05b4\u05d5\u05bc\u05b8\u05e0\u05d5\u05bc \u05e2\u05b7\u05dc \u05d4\u05b8\u05e2\u05b2\u05e8\u05b8\u05d9\u05d5\u05b9\u05ea \u05d5\u05b0\u05d0\u05b8\u05e1\u05b7\u05e8 \u05dc\u05b8\u05e0\u05d5\u05bc \u05d0\u05b6\u05ea\u05be\u05d4\u05b8\u05d0\u05b2\u05e8\u05d5\u05bc\u05e1\u05d5\u05b9\u05ea, \u05d5\u05b0\u05d4\u05b4\u05ea\u05bc\u05b4\u05d9\u05e8 \u05dc\u05b8\u05e0\u05d5\u05bc \u05d0\u05b6\u05ea\u05be\u05d4\u05b7\u05e0\u05bc\u05b0\u05e9\u05c2\u05d5\u05bc\u05d0\u05d5\u05b9\u05ea \u05dc\u05b8\u05e0\u05d5\u05bc \u05e2\u05b7\u05dc \u05d9\u05b0\u05d3\u05b5\u05d9 \u05d7\u05bb\u05e4\u05bc\u05b8\u05d4 \u05d1\u05b0\u05e7\u05b4\u05d3\u05bc\u05d5\u05bc\u05e9\u05c1\u05b4\u05d9\u05df. \u05d1\u05bc\u05b8\u05e8\u05d5\u05bc\u05da\u05b0 \u05d0\u05b7\u05ea\u05bc\u05b8\u05d4 \u05d9\u05b0\u05d4\u05b9\u05d5\u05b8\u05d4, \u05de\u05b0\u05e7\u05b7\u05d3\u05bc\u05b5\u05e9\u05c1 \u05e2\u05b7\u05de\u05bc\u05d5\u05b9 \u05d9\u05b4\u05e9\u05c2\u05b0\u05e8\u05b8\u05d0\u05b5\u05dc \u05e2\u05b7\u05dc \u05d9\u05b0\u05d3\u05b5\u05d9\u00a0 \u05d7\u05bb\u05e4\u05bc\u05b8\u05d4 \u05d1\u05b0\u05e7\u05b4\u05d3\u05bc\u05d5\u05bc\u05e9\u05c1\u05b4\u05d9\u05df<\/p>\n<p><em>Baroukh ata Adona\u00ef Elohenou melekh ha-olam, bore peri hagefen.<\/em><\/p>\n<p><em>Baroukh ata Adona\u00ef Elohenou melekh ha-olam, acher kidechanou bemitsvotav vetsivanou al ha-arayot ve-asar lanou et ha-arousot, ve-hitir lanou et ha-netouot lanou al yede \u1e25oupa ve-kidouchin. Baroukh ata Adona\u00ef, mekadech amo Yisrael al yede \u1e25oupa ve-kidouchin.<\/em><\/p>\n<figure id=\"attachment_115257\" aria-describedby=\"caption-attachment-115257\" style=\"width: 300px\" class=\"wp-caption alignright\"><img fetchpriority=\"high\" decoding=\"async\" class=\"wp-image-115257 size-medium\" src=\"https:\/\/www.iemj.org\/wp-content\/uploads\/2024\/11\/la_hupa-300x212.jpg\" alt=\"\" width=\"300\" height=\"212\" srcset=\"https:\/\/www.iemj.org\/wp-content\/uploads\/2024\/11\/la_hupa-300x212.jpg 300w, https:\/\/www.iemj.org\/wp-content\/uploads\/2024\/11\/la_hupa.jpg 500w\" sizes=\"(max-width: 300px) 100vw, 300px\" \/><figcaption id=\"caption-attachment-115257\" class=\"wp-caption-text\"><strong>La chuppah<\/strong><\/figcaption><\/figure>\n<p>Lode a te, Signore, Dio nostro, Re dell&#8217;Universo, che hai creato il frutto della vite.<\/p>\n<p>Lode a te, Signore, Dio nostro, Re dell&#8217;Universo, che ci hai santificato con i tuoi comandamenti e ci hai dato norme sulle unioni tra parenti stretti, proibendoci i fidanzamenti altrui e permettendoci le unioni consacrate dal matrimonio religioso. Benedetto sei tu, Signore, che santifichi il tuo popolo Israele con il baldacchino nuziale e la consacrazione del matrimonio.<\/p>\n<p><strong>Benedizione dei fidanzati sotto la <\/strong><em><strong>chuppah<\/strong><\/em> (<strong> rito ashkenazita) &#8211; Jacques Arnold<\/strong><\/p>\n<audio class=\"wp-audio-shortcode\" id=\"audio-115299-1\" preload=\"none\" style=\"width: 100%;\" controls=\"controls\"><source type=\"audio\/mpeg\" src=\"https:\/\/www.iemj.org\/wp-content\/uploads\/2024\/11\/01_Benediction-des-fiances-sous-la-houppa-rite-ashkenaze_Jacques-Arnold-1.mp3?_=1\" \/><a href=\"https:\/\/www.iemj.org\/wp-content\/uploads\/2024\/11\/01_Benediction-des-fiances-sous-la-houppa-rite-ashkenaze_Jacques-Arnold-1.mp3\">https:\/\/www.iemj.org\/wp-content\/uploads\/2024\/11\/01_Benediction-des-fiances-sous-la-houppa-rite-ashkenaze_Jacques-Arnold-1.mp3<\/a><\/audio>\n<p>Gli sposi assaggiano quindi il vino. Dopodich\u00e9 lo sposo pone un anello d&#8217;oro rotondo e liscio sulla prima falange dell&#8217;indice della sposa, che immediatamente piega il dito. Poi recita la seguente frase:<\/p>\n<p style=\"text-align: right;\">\u00a0 : \u05d4\u05b2\u05e8\u05b5\u05d9 \u05d0\u05b7\u05ea\u05bc\u05b0 \u05de\u05b0\u05e7\u05bb\u05d3\u05bc\u05b6\u05e9\u05c1\u05b6\u05ea \u05dc\u05b4\u05d9 \u05d1\u05bc\u05b0\u05d8\u05b7\u05d1\u05bc\u05b7\u05e2\u05b7\u05ea \u05d6\u05d5\u05b9 \u05db\u05bc\u05b0\u05d3\u05b7\u05ea \u05de\u05b9\u05e9\u05c1\u05b6\u05d4 \u05d5\u05b0\u05d9\u05b4\u05e9\u05c2\u05b0\u05e8\u05b8\u05d0\u05b5\u05dc<\/p>\n<p><em>Hare at mekoudechet li betabaat zo kedat Moche ve-Yisrael.<\/em><\/p>\n<p><img decoding=\"async\" class=\"size-medium wp-image-115262 alignleft\" src=\"https:\/\/www.iemj.org\/wp-content\/uploads\/2024\/11\/Passage-de-lanneau-300x200.jpg\" alt=\"\" width=\"300\" height=\"200\" srcset=\"https:\/\/www.iemj.org\/wp-content\/uploads\/2024\/11\/Passage-de-lanneau-300x200.jpg 300w, https:\/\/www.iemj.org\/wp-content\/uploads\/2024\/11\/Passage-de-lanneau.jpg 600w\" sizes=\"(max-width: 300px) 100vw, 300px\" \/>Ora mi sei consacrata con questo anello, secondo la legge di Mos\u00e8 e di Israele\u201d.<\/p>\n<p>Si tratta di una transazione: l&#8217;uomo dona alla donna un anello prezioso e lei, accettando questo dono, si riserva per il marito, da cui il termine \u201c <em>mekoudechet<\/em> \u201d dichiarato dal futuro marito nello stesso momento, che in ebraico significa \u201cconsacrata\u201d o \u201criservata&#8221;.<\/p>\n<p>Oggi la societ\u00e0 ed il modo di pensare sono cambiati e le donne possono regalare un anello ai loro mariti al termine della cerimonia.<\/p>\n<figure id=\"attachment_115272\" aria-describedby=\"caption-attachment-115272\" style=\"width: 300px\" class=\"wp-caption alignright\"><img decoding=\"async\" class=\"wp-image-115272 size-medium\" src=\"https:\/\/www.iemj.org\/wp-content\/uploads\/2024\/11\/Ketouba-300x182.jpg\" alt=\"\" width=\"300\" height=\"182\" srcset=\"https:\/\/www.iemj.org\/wp-content\/uploads\/2024\/11\/Ketouba-300x182.jpg 300w, https:\/\/www.iemj.org\/wp-content\/uploads\/2024\/11\/Ketouba.jpg 579w\" sizes=\"(max-width: 300px) 100vw, 300px\" \/><figcaption id=\"caption-attachment-115272\" class=\"wp-caption-text\"><strong>La ketubah<\/strong><\/figcaption><\/figure>\n<p>Il rabbino officiante legge poi il certificato di matrimonio (la <em>ketubah<\/em>) in aramaico. Questo documento stabilisce gli obblighi finanziari e materiali dell&#8217;uomo nei confronti della moglie.<\/p>\n<p>Il contratto di matrimonio (<em>ketubah<\/em>) deve essere firmato non solo dal rabbino officiante, ma anche da due testimoni che non siano legati agli sposi da vincoli di sangue. Il certificato di matrimonio viene poi consegnato alla moglie, che lo conserva per tutta la vita.<\/p>\n<h3><strong>La cerimonia delle sette benedizioni<\/strong><\/h3>\n<p>Si riempie un secondo bicchiere di vino ed inizia la cerimonia delle sette benedizioni (Sheva Berakhot). Il significato di queste benedizioni \u00e8 il rapporto tra la coppia e l&#8217;Onnipotente e la gioia che accompagna il matrimonio.<\/p>\n<p><em><strong>1.<\/strong><\/em> <em><strong>Il vino<\/strong><\/em><\/p>\n<p style=\"text-align: right;\">\u00a0.\u05d1\u05bc\u05b8\u05e8\u05d5\u05bc\u05da\u05b0 \u05d0\u05b7\u05ea\u05bc\u05b8\u05d4 \u05d9\u05b0\u05d9\u05b8 \u05d0\u05b1-\u05dc\u05b9\u05d4\u05b5\u05d9\u05e0\u05d5\u05bc \u05de\u05b6\u05dc\u05b6\u05da\u05b0 \u05d4\u05b8\u05e2\u05d5\u05b9\u05dc\u05b8\u05dd, \u05d1\u05bc\u05d5\u05b9\u05e8\u05b5\u05d0 \u05e4\u05bc\u05b0\u05e8\u05b4\u05d9 \u05d4\u05b7\u05d2\u05bc\u05b8\u05e4\u05b6\u05df<\/p>\n<p><em>Baroukh ata Adona\u00ef Elohenou melekh ha-olam, bore peri hagefen.<\/em><\/p>\n<p>Lode a te, Signore nostro Dio, Re dell&#8217;universo, che hai creato il frutto della vite.<\/p>\n<p><strong>1<sup>a<\/sup> benedizione (rito ashkenazita) &#8211; Joseph Blumberg, accompagnato all&#8217;organo da Alain Jehan, dir : L\u00e9on Algazi (Le chant h\u00e9bra\u00efque de la synagogue fran\u00e7aise, Ed. La Voix de Son Ma\u00eetre, 1933)<\/strong><\/p>\n<audio class=\"wp-audio-shortcode\" id=\"audio-115299-2\" preload=\"none\" style=\"width: 100%;\" controls=\"controls\"><source type=\"audio\/mpeg\" src=\"https:\/\/www.iemj.org\/wp-content\/uploads\/2024\/11\/02_Sheva-bekharot_1ere-benediction-rite-ashkenaze_J-Blumberg-A-Jehan.mp3?_=2\" \/><a href=\"https:\/\/www.iemj.org\/wp-content\/uploads\/2024\/11\/02_Sheva-bekharot_1ere-benediction-rite-ashkenaze_J-Blumberg-A-Jehan.mp3\">https:\/\/www.iemj.org\/wp-content\/uploads\/2024\/11\/02_Sheva-bekharot_1ere-benediction-rite-ashkenaze_J-Blumberg-A-Jehan.mp3<\/a><\/audio>\n<p><em><strong>2.<\/strong><\/em> <em><strong>L&#8217;obiettivo<\/strong><\/em><\/p>\n<p style=\"text-align: right;\">\u00a0 .\u05d1\u05bc\u05b8\u05e8\u05d5\u05bc\u05da\u05b0 \u05d0\u05b7\u05ea\u05bc\u05b8\u05d4 \u05d9\u05b0\u05d9\u05b8 \u05d0\u05b1-\u05dc\u05b9\u05d4\u05b5\u05d9\u05e0\u05d5\u05bc \u05de\u05b6\u05dc\u05b6\u05da\u05b0 \u05d4\u05b8\u05e2\u05d5\u05b9\u05dc\u05b8\u05dd, \u05e9\u05c1\u05b6\u05d4\u05b7\u05db\u05bc\u05b9\u05dc \u05d1\u05bc\u05b8\u05e8\u05b8\u05d0 \u05dc\u05b4\u05db\u05b0\u05d1\u05d5\u05b9\u05d3\u05d5\u05b9<\/p>\n<p><em>Baroukh ata Adona\u00ef Elohenou melekh ha-olam, chehakol bara likhvodo.<\/em><\/p>\n<p>Lode a te, Signore nostro Dio, Re dell&#8217;universo, che hai creato tutto per la sua gloria.<\/p>\n<p><strong>2<sup>a<\/sup> benedizione (rito ashkenazita) &#8211; Joseph Blumberg, accompagnato all&#8217;organo da Alain Jehan, dir : L\u00e9on Algazi (Le chant h\u00e9bra\u00efque de la synagogue fran\u00e7aise, Ed. La Voix de Son Ma\u00eetre, 1933)<\/strong><\/p>\n<audio class=\"wp-audio-shortcode\" id=\"audio-115299-3\" preload=\"none\" style=\"width: 100%;\" controls=\"controls\"><source type=\"audio\/mpeg\" src=\"https:\/\/www.iemj.org\/wp-content\/uploads\/2024\/11\/02_Sheva-bekharot_1ere-benediction-rite-ashkenaze_J-Blumberg-A-Jehan.mp3?_=3\" \/><a href=\"https:\/\/www.iemj.org\/wp-content\/uploads\/2024\/11\/02_Sheva-bekharot_1ere-benediction-rite-ashkenaze_J-Blumberg-A-Jehan.mp3\">https:\/\/www.iemj.org\/wp-content\/uploads\/2024\/11\/02_Sheva-bekharot_1ere-benediction-rite-ashkenaze_J-Blumberg-A-Jehan.mp3<\/a><\/audio>\n<audio class=\"wp-audio-shortcode\" id=\"audio-115299-4\" preload=\"none\" style=\"width: 100%;\" controls=\"controls\"><source type=\"audio\/mpeg\" src=\"https:\/\/www.iemj.org\/wp-content\/uploads\/2024\/11\/03_Sheva-bekharot_2e-benediction-rite-ashkenaze_J-Blumberg-A-Jehan.mp3?_=4\" \/><a href=\"https:\/\/www.iemj.org\/wp-content\/uploads\/2024\/11\/03_Sheva-bekharot_2e-benediction-rite-ashkenaze_J-Blumberg-A-Jehan.mp3\">https:\/\/www.iemj.org\/wp-content\/uploads\/2024\/11\/03_Sheva-bekharot_2e-benediction-rite-ashkenaze_J-Blumberg-A-Jehan.mp3<\/a><\/audio>\n<p><strong><em>3. <\/em><\/strong><em><strong>L&#8217;uomo<\/strong><\/em><\/p>\n<p style=\"text-align: right;\">\u00a0 .\u05d1\u05bc\u05b8\u05e8\u05d5\u05bc\u05da\u05b0 \u05d0\u05b7\u05ea\u05bc\u05b8\u05d4 \u05d9\u05b0\u05d9\u05b8 \u05d0\u05b1-\u05dc\u05b9\u05d4\u05b5\u05d9\u05e0\u05d5\u05bc \u05de\u05b6\u05dc\u05b6\u05da\u05b0 \u05d4\u05b8\u05e2\u05d5\u05b9\u05dc\u05b8\u05dd, \u05d9\u05d5\u05b9\u05e6\u05b5\u05e8 \u05d4\u05b8\u05d0\u05b8\u05d3\u05b8\u05dd<\/p>\n<p><em>Baroukh ata Adona\u00ef Elohenou melekh ha-olam, yotser ha-adam.<\/em><\/p>\n<p>Lode a te, Signore Dio nostro, Re dell&#8217;universo, Creatore dell&#8217;umanit\u00e0.<\/p>\n<p><strong>3<sup>a<\/sup> benedizione (rito ashkenazita) &#8211; Joseph Blumberg, accompagnato all&#8217;organo da Alain Jehan, dir : L\u00e9on Algazi (Le chant h\u00e9bra\u00efque de la synagogue fran\u00e7aise, Ed. La Voix de Son Ma\u00eetre, 1933)<\/strong><\/p>\n<audio class=\"wp-audio-shortcode\" id=\"audio-115299-5\" preload=\"none\" style=\"width: 100%;\" controls=\"controls\"><source type=\"audio\/mpeg\" src=\"https:\/\/www.iemj.org\/wp-content\/uploads\/2024\/11\/02_Sheva-bekharot_1ere-benediction-rite-ashkenaze_J-Blumberg-A-Jehan.mp3?_=5\" \/><a href=\"https:\/\/www.iemj.org\/wp-content\/uploads\/2024\/11\/02_Sheva-bekharot_1ere-benediction-rite-ashkenaze_J-Blumberg-A-Jehan.mp3\">https:\/\/www.iemj.org\/wp-content\/uploads\/2024\/11\/02_Sheva-bekharot_1ere-benediction-rite-ashkenaze_J-Blumberg-A-Jehan.mp3<\/a><\/audio>\n<audio class=\"wp-audio-shortcode\" id=\"audio-115299-6\" preload=\"none\" style=\"width: 100%;\" controls=\"controls\"><source type=\"audio\/mpeg\" src=\"https:\/\/www.iemj.org\/wp-content\/uploads\/2024\/11\/04_Sheva-bekharot_3e-benediction-rite-ashkenaze_J-Blumberg-A-Jehan.mp3?_=6\" \/><a href=\"https:\/\/www.iemj.org\/wp-content\/uploads\/2024\/11\/04_Sheva-bekharot_3e-benediction-rite-ashkenaze_J-Blumberg-A-Jehan.mp3\">https:\/\/www.iemj.org\/wp-content\/uploads\/2024\/11\/04_Sheva-bekharot_3e-benediction-rite-ashkenaze_J-Blumberg-A-Jehan.mp3<\/a><\/audio>\n<p><strong><em>4. La donna<\/em><\/strong><\/p>\n<p style=\"text-align: right;\">\u05d1\u05bc\u05b8\u05e8\u05d5\u05bc\u05da\u05b0 \u05d0\u05b7\u05ea\u05bc\u05b8\u05d4 \u05d9\u05b0\u05d9\u05b8 \u05d0\u05b1-\u05dc\u05b9\u05d4\u05b5\u05d9\u05e0\u05d5\u05bc \u05de\u05b6\u05dc\u05b6\u05da\u05b0 \u05d4\u05b8\u05e2\u05d5\u05b9\u05dc\u05b8\u05dd, \u05d0\u05b2\u05e9\u05c1\u05b6\u05e8 \u05d9\u05b8\u05e6\u05b7\u05e8 \u05d0\u05b6\u05ea \u05d4\u05b8\u05d0\u05b8\u05d3\u05b8\u05dd \u05d1\u05bc\u05b0\u05e6\u05b7\u05dc\u05b0\u05de\u05d5\u05b9, \u05d1\u05bc\u05b0\u05e6\u05b6\u05dc\u05b6\u05dd \u05d3\u05bc\u05b0\u05de\u05d5\u05bc\u05ea \u05ea\u05bc\u05b7\u05d1\u05b0\u05e0\u05b4\u05d9\u05ea\u05d5\u05b9, \u05d5\u05b0\u05d4\u05b4\u05ea\u05b0\u05e7\u05b4\u05d9\u05df \u05dc\u05d5\u05b9 \u05de\u05b4\u05de\u05bc\u05b6\u05e0\u05bc\u05d5\u05bc \u05d1\u05bc\u05b4\u05e0\u05b0\u05d9\u05b7\u05df \u05e2\u05b2\u05d3\u05b5\u05d9 \u05e2\u05b7\u05d3: \u05d1\u05bc\u05b8\u05e8\u05d5\u05bc\u05da\u05b0 \u05d0\u05b7\u05ea\u05bc\u05b8\u05d4 \u05d9\u05b0\u05d9\u05b8, \u05d9\u05d5\u05b9\u05e6\u05b5\u05e8 \u05d4\u05b8\u05d0\u05b8\u05d3\u05b8\u05dd<\/p>\n<p><em>Baroukh ata Adona\u00ef Elohenou melekh ha-olam, acher yatsar et ha-adam betsalmo, betselem demout tavnito, vehitkin lo mimenou bintyan ade ad. Baroukh ata Adona\u00ef, yotser ha-adam.<\/em><\/p>\n<p>Lode al Signore nostro Dio, Re dell&#8217;Universo, che ha creato l&#8217;uomo a sua immagine e somiglianza e ne ha fatto un monumento per l&#8217;eternit\u00e0. Lode a te, eterno Creatore dell&#8217;uomo.<\/p>\n<p><strong>4<sup>a<\/sup> benedizione (rito ashkenazita) &#8211; Joseph Blumberg, accompagnato all&#8217;organo da Alain Jehan, dir : L\u00e9on Algazi (Le chant h\u00e9bra\u00efque de la synagogue fran\u00e7aise, Ed. La Voix de Son Ma\u00eetre, 1933)<\/strong><\/p>\n<audio class=\"wp-audio-shortcode\" id=\"audio-115299-7\" preload=\"none\" style=\"width: 100%;\" controls=\"controls\"><source type=\"audio\/mpeg\" src=\"https:\/\/www.iemj.org\/wp-content\/uploads\/2024\/11\/05_Sheva-bekharot_4e-benediction-rite-ashkenaze_J-Blumberg-A-Jehan.mp3?_=7\" \/><a href=\"https:\/\/www.iemj.org\/wp-content\/uploads\/2024\/11\/05_Sheva-bekharot_4e-benediction-rite-ashkenaze_J-Blumberg-A-Jehan.mp3\">https:\/\/www.iemj.org\/wp-content\/uploads\/2024\/11\/05_Sheva-bekharot_4e-benediction-rite-ashkenaze_J-Blumberg-A-Jehan.mp3<\/a><\/audio>\n<p><strong><em>5. <\/em><\/strong><strong><em>Gerusalemme<\/em><\/strong><\/p>\n<p style=\"text-align: right;\">\u00a0 .\u05e9\u05c2\u05d5\u05b9\u05e9\u05c2 \u05ea\u05bc\u05b8\u05e9\u05c2\u05b4\u05d9\u05e9\u05c2 \u05d5\u05b0\u05ea\u05b8\u05d2\u05b5\u05dc \u05d4\u05b8\u05e2\u05b2\u05e7\u05b8\u05e8\u05b8\u05d4, \u05d1\u05bc\u05b0\u05e7\u05b4\u05d1\u05bc\u05d5\u05bc\u05e5 \u05d1\u05bc\u05b8\u05e0\u05b6\u05d9\u05d4\u05b8 \u05dc\u05b0\u05ea\u05d5\u05b9\u05db\u05b8\u05d4\u05bc \u05d1\u05bc\u05b0\u05e9\u05c2\u05b4\u05de\u05b0\u05d7\u05b8\u05d4: \u05d1\u05bc\u05b8\u05e8\u05d5\u05bc\u05da\u05b0 \u05d0\u05b7\u05ea\u05bc\u05b8\u05d4 \u05d9\u05b0\u05d9\u05b8, \u05de\u05b0\u05e9\u05c2\u05b7\u05de\u05bc\u05b5\u05d7\u05b7 \u05e6\u05b4\u05d9\u05bc\u05d5\u05b9\u05df \u05d1\u05bc\u05b0\u05d1\u05b8\u05e0\u05b6\u05d9\u05d4\u05b8<\/p>\n<p><em>Sos tasis ve-tagel ha-akara, bekibouts baneha letokhah besim\u1e25a. Baroukh ata Adona\u00ef mesamea\u1e25 tsion bevaneha.<\/em><\/p>\n<p>Sion si rallegrer\u00e0 quando il Signore riunir\u00e0 i suoi figli. Lode a te, Signore, che fai gioire Sion attraverso i suoi figli.<\/p>\n<p><strong>5<sup>a<\/sup> benedizione (rito ashkenazita) &#8211; Joseph Blumberg, accompagnato all&#8217;organo da Alain Jehan, dir : L\u00e9on Algazi (Le chant h\u00e9bra\u00efque de la synagogue fran\u00e7aise, Ed. La Voix de Son Ma\u00eetre, 1933)<\/strong><\/p>\n<audio class=\"wp-audio-shortcode\" id=\"audio-115299-8\" preload=\"none\" style=\"width: 100%;\" controls=\"controls\"><source type=\"audio\/mpeg\" src=\"https:\/\/www.iemj.org\/wp-content\/uploads\/2024\/11\/02_Sheva-bekharot_1ere-benediction-rite-ashkenaze_J-Blumberg-A-Jehan.mp3?_=8\" \/><a href=\"https:\/\/www.iemj.org\/wp-content\/uploads\/2024\/11\/02_Sheva-bekharot_1ere-benediction-rite-ashkenaze_J-Blumberg-A-Jehan.mp3\">https:\/\/www.iemj.org\/wp-content\/uploads\/2024\/11\/02_Sheva-bekharot_1ere-benediction-rite-ashkenaze_J-Blumberg-A-Jehan.mp3<\/a><\/audio>\n<audio class=\"wp-audio-shortcode\" id=\"audio-115299-9\" preload=\"none\" style=\"width: 100%;\" controls=\"controls\"><source type=\"audio\/mpeg\" src=\"https:\/\/www.iemj.org\/wp-content\/uploads\/2024\/11\/06_Sheva-bekharot_5e-benediction-rite-ashkenaze_J-Blumberg-A-Jehan.mp3?_=9\" \/><a href=\"https:\/\/www.iemj.org\/wp-content\/uploads\/2024\/11\/06_Sheva-bekharot_5e-benediction-rite-ashkenaze_J-Blumberg-A-Jehan.mp3\">https:\/\/www.iemj.org\/wp-content\/uploads\/2024\/11\/06_Sheva-bekharot_5e-benediction-rite-ashkenaze_J-Blumberg-A-Jehan.mp3<\/a><\/audio>\n<p><strong><em>6. La joie<\/em><\/strong><\/p>\n<p style=\"text-align: right;\">\u00a0 .\u05e9\u05c2\u05b7\u05de\u05bc\u05b7\u05d7 \u05ea\u05bc\u05b0\u05e9\u05c2\u05b7\u05de\u05bc\u05b7\u05d7 \u05e8\u05b5\u05e2\u05b4\u05d9\u05dd \u05d4\u05b8\u05d0\u05b2\u05d4\u05d5\u05bc\u05d1\u05b4\u05d9\u05dd, \u05db\u05bc\u05b0\u05e9\u05c2\u05b7\u05de\u05bc\u05b5\u05d7\u05b2\u05da\u05b8 \u05d9\u05b0\u05e6\u05b4\u05d9\u05e8\u05b0\u05da\u05b8 \u05d1\u05bc\u05b0\u05d2\u05b7\u05df \u05e2\u05b5\u05bd\u05d3\u05b6\u05df \u05de\u05b4\u05e7\u05bc\u05b6\u05bd\u05d3\u05b6\u05dd: \u05d1\u05bc\u05b8\u05e8\u05d5\u05bc\u05da\u05b0 \u05d0\u05b7\u05ea\u05bc\u05b8\u05d4 \u05d9\u05b0\u05d9\u05b8, \u05de\u05b0\u05e9\u05c2\u05b7\u05de\u05bc\u05b5\u05bd\u05d7\u05b7 \u05d7\u05b8\u05ea\u05b8\u05df \u05d5\u05b0\u05db\u05b7\u05dc\u05bc\u05b8\u05d4<\/p>\n<p><em>Sama\u1e25 tesama\u1e25 re\u00efm ha-ahouvim, kesame\u1e25akha yetsirkha began eden mikedem. Baroukh ata Adona\u00ef mesamea\u1e25 \u1e25atan vekala.<\/em><\/p>\n<p>Che tu possa portare gioia a questa amata coppia, come un tempo portasti gioia alle creature nel giardino dell&#8217;Eden. Lode a te, Eterno, che porti gioia alla sposa ed allo sposo.<\/p>\n<p><strong>6<sup>a<\/sup> benedizione (rito ashkenazita) &#8211; Joseph Blumberg, accompagnato all&#8217;organo da Alain Jehan, dir : L\u00e9on Algazi (Le chant h\u00e9bra\u00efque de la synagogue fran\u00e7aise, Ed. La Voix de Son Ma\u00eetre, 1933)<\/strong><\/p>\n<audio class=\"wp-audio-shortcode\" id=\"audio-115299-10\" preload=\"none\" style=\"width: 100%;\" controls=\"controls\"><source type=\"audio\/mpeg\" src=\"https:\/\/www.iemj.org\/wp-content\/uploads\/2024\/11\/07_Sheva-bekharot_6e-benediction-rite-ashkenaze_J-Blumberg-A-Jehan.mp3?_=10\" \/><a href=\"https:\/\/www.iemj.org\/wp-content\/uploads\/2024\/11\/07_Sheva-bekharot_6e-benediction-rite-ashkenaze_J-Blumberg-A-Jehan.mp3\">https:\/\/www.iemj.org\/wp-content\/uploads\/2024\/11\/07_Sheva-bekharot_6e-benediction-rite-ashkenaze_J-Blumberg-A-Jehan.mp3<\/a><\/audio>\n<p><em><strong>7.<\/strong><\/em> <em><strong>Completezza ed oltre<\/strong><\/em><\/p>\n<p style=\"text-align: right;\">\u05d1\u05bc\u05b8\u05e8\u05d5\u05bc\u05da\u05b0 \u05d0\u05b7\u05ea\u05bc\u05b8\u05d4 \u05d9\u05b0\u05d9\u05b8 \u05d0\u05b1-\u05dc\u05b9\u05d4\u05b5\u05d9\u05e0\u05d5\u05bc \u05de\u05b6\u05dc\u05b6\u05da\u05b0 \u05d4\u05b8\u05e2\u05d5\u05b9\u05dc\u05b8\u05dd, \u05d0\u05b2\u05e9\u05c1\u05b6\u05e8 \u05d1\u05bc\u05b8\u05e8\u05b8\u05d0 \u05e9\u05c2\u05b8\u05e9\u05c2\u05d5\u05b9\u05df \u05d5\u05b0\u05e9\u05c2\u05b4\u05de\u05b0\u05d7\u05b8\u05d4, \u05d7\u05b8\u05ea\u05b8\u05df \u05d5\u05b0\u05db\u05b7\u05dc\u05bc\u05b8\u05d4, \u05d2\u05bc\u05b4\u05d9\u05dc\u05b8\u05d4 \u05e8\u05b4\u05e0\u05bc\u05b8\u05d4 \u05d3\u05bc\u05b4\u05d9\u05e6\u05b8\u05d4 \u05d5\u05b0\u05d7\u05b6\u05d3\u05b0\u05d5\u05b8\u05d4, \u05d0\u05b7\u05d4\u05b2\u05d1\u05b8\u05d4 \u05d5\u05b0\u05d0\u05b7\u05d7\u05b2\u05d5\u05b8\u05d4 \u05e9\u05c1\u05b8\u05dc\u05d5\u05b9\u05dd \u05d5\u05b0\u05e8\u05b5\u05e2\u05d5\u05bc\u05ea, \u05de\u05b0\u05d4\u05b5\u05e8\u05b8\u05d4 \u05d9\u05b0\u05d9\u05b8 \u05d0\u05b1-\u05dc\u05b9\u05d4\u05b5\u05d9\u05e0\u05d5\u05bc \u05d9\u05b4\u05e9\u05bc\u05c1\u05b8\u05de\u05b7\u05e2 \u05d1\u05bc\u05b0\u05e2\u05b8\u05e8\u05b5\u05d9 \u05d9\u05b0\u05d4\u05d5\u05bc\u05d3\u05b8\u05d4 \u05d5\u05bc\u05d1\u05b0\u05d7\u05d5\u05bc\u05e6\u05d5\u05b9\u05ea \u05d9\u05b0\u05e8\u05d5\u05bc\u05e9\u05c1\u05b8\u05dc\u05b8\u05d9\u05b4\u05dd, \u05e7\u05d5\u05b9\u05dc \u05e9\u05c2\u05b8\u05e9\u05c2\u05d5\u05b9\u05df \u05d5\u05b0\u05e7\u05d5\u05b9\u05dc \u05e9\u05c2\u05b4\u05de\u05b0\u05d7\u05b8\u05d4, \u05e7\u05d5\u05b9\u05dc \u05d7\u05b8\u05ea\u05b8\u05df \u05d5\u05b0\u05e7\u05d5\u05b9\u05dc \u05db\u05bc\u05b7\u05dc\u05bc\u05b8\u05d4, \u05e7\u05d5\u05b9\u05dc \u05de\u05b4\u05e6\u05b0\u05d4\u05b2\u05dc\u05d5\u05b9\u05ea \u05d7\u05b2\u05ea\u05b8\u05e0\u05b4\u05d9\u05dd \u05de\u05b5\u05d7\u05bb\u05e4\u05bc\u05b8\u05ea\u05b8\u05dd, \u05d5\u05bc\u05e0\u05b0\u05e2\u05b8\u05e8\u05b4\u05d9\u05dd \u05de\u05b4\u05de\u05bc\u05b4\u05e9\u05c1\u05b0\u05ea\u05bc\u05b5\u05d4 \u05e0\u05b0\u05d2\u05b4\u05d9\u05e0\u05b8\u05ea\u05b8\u05dd: \u05d1\u05bc\u05b8\u05e8\u05d5\u05bc\u05da\u05b0 \u05d0\u05b7\u05ea\u05bc\u05b8\u05d4 \u05d9\u05b0\u05d9\u05b8, \u05de\u05b0\u05e9\u05c2\u05b7\u05de\u05bc\u05b5\u05d7\u05b7 \u05d7\u05b8\u05ea\u05b8\u05df \u05e2\u05b4\u05dd \u05d4\u05b7\u05db\u05bc\u05b7\u05dc\u05bc\u05b8\u05d4<\/p>\n<p><em>Baroukh ata Adona\u00ef Elohenou melekh ha-olam, acher bara sason vesim\u1e25a, \u1e25atan vekhala, gila rina ditsa ve\u1e25edva, ahava vea\u1e25va chalom vereout. Mehera Adona\u00ef Elohenou yichama beare Yehouda ouv\u1e25outsot Yerouchalayim, kol sason vekol sim\u1e25a, kol \u1e25atan vekol kala, kol mitzhalot \u1e25atanim me\u1e25oupatam, ounarim mimichte neginatam. Baroukh ata Adona\u00ef mesamea\u1e25 \u1e25atan im ha-kala\u00a0\u00a0\u00a0\u00a0<\/em>\u00a0<\/p>\n<p>Lode a te, Signore, nostro Dio, Re dell&#8217;universo, che hai creato la gioia e l&#8217;allegria, lo sposo e la sposa, l&#8217;amore e la fratellanza, le delizie ed i piaceri, l&#8217;amicizia e la pace. O Dio, nostro Dio, fa&#8217; che nelle citt\u00e0 di Giuda e nelle strade di Gerusalemme si senta presto la voce della gioia, la voce dell&#8217;esultanza che precede i promessi sposi dal loro baldacchino nuziale ed i giovani dai loro banchetti pieni di canti. Lode a te, Signore nostro Dio, Re dell&#8217;universo, che rendi felici e prosperi lo sposo e la sposa.<\/p>\n<p><strong>7<sup>a<\/sup> benedizione (rito ashkenazita) &#8211; Joseph Blumberg, accompagnato all&#8217;organo da Alain Jehan, dir : L\u00e9on Algazi (Le chant h\u00e9bra\u00efque de la synagogue fran\u00e7aise, Ed. La Voix de Son Ma\u00eetre, 1933)<\/strong><\/p>\n<audio class=\"wp-audio-shortcode\" id=\"audio-115299-11\" preload=\"none\" style=\"width: 100%;\" controls=\"controls\"><source type=\"audio\/mpeg\" src=\"https:\/\/www.iemj.org\/wp-content\/uploads\/2024\/11\/08_Sheva-bekharot_7e-benediction-rite-ashkenaze_J-Blumberg-A-Jehan.mp3?_=11\" \/><a href=\"https:\/\/www.iemj.org\/wp-content\/uploads\/2024\/11\/08_Sheva-bekharot_7e-benediction-rite-ashkenaze_J-Blumberg-A-Jehan.mp3\">https:\/\/www.iemj.org\/wp-content\/uploads\/2024\/11\/08_Sheva-bekharot_7e-benediction-rite-ashkenaze_J-Blumberg-A-Jehan.mp3<\/a><\/audio>\n<p>Gli sposi bevono poi il vino da questa seconda coppa.<\/p>\n<h3><strong>La fine della cerimonia nuziale<\/strong><\/h3>\n<p>La fase finale della cerimonia \u00e8 la rottura del bicchiere, che ricorda la distruzione del Tempio di Gerusalemme e che indica che nessuna gioia potr\u00e0 essere completa finch\u00e9 il Tempio non sar\u00e0 ricostruito.<\/p>\n<p>Lo sposo recita la seguente frase dal Salmo 137:<\/p>\n<p style=\"text-align: right;\">\u00a0 \u00a0 .\u05d0\u05b4\u05dd\u05be\u05d0\u05b6\u05e9\u05c1\u05b0\u05db\u05bc\u05b8\u05d7\u05b5\u05da\u05b0 \u05d9\u05b0\u05e8\u05d5\u05bc\u05e9\u05c1\u05b8\u05dc\u05b8\u034f\u05b4\u05dd \u05ea\u05bc\u05b4\u05e9\u05c1\u05b0\u05db\u05bc\u05b7\u05d7 \u05d9\u05b0\u05de\u05b4\u05d9\u05e0\u05b4\u05d9\u00a0.\u05ea\u05bc\u05b4\u05d3\u05b0\u05d1\u05bc\u05b7\u05e7\u05be\u05dc\u05b0\u05e9\u05c1\u05d5\u05b9\u05e0\u05b4\u05d9\u2009 \u05dc\u05b0\u05d7\u05b4\u05db\u05bc\u05b4\u05d9 \u05d0\u05b4\u05dd\u05be\u05dc\u05b9\u05d0 \u05d0\u05b6\u05d6\u05b0\u05db\u05bc\u05b0\u05e8\u05b5\u05db\u05b4\u05d9 \u05d0\u05b4\u05dd\u05be\u05dc\u05b9\u05d0 \u05d0\u05b7\u05e2\u05b2\u05dc\u05b6\u05d4 \u05d0\u05b6\u05ea\u05be\u05d9\u05b0\u05e8\u05d5\u05bc\u05e9\u05c1\u05b8\u05dc\u05b7\u034f\u05b4\u05dd \u05e2\u05b7\u05dc \u05e8\u05b9\u05d0\u05e9\u05c1 \u05e9\u05c2\u05b4\u05de\u05b0\u05d7\u05b8\u05ea\u05b4\u05d9<\/p>\n<p><em>Im echka\u1e25ekh Yerouchalayim tichka\u1e25 yemini. Tidbak lechoni le\u1e25iki im lo ezkerekhi. Im lo aale et Yerouchalayim al roch sim\u1e25ati.<\/em><\/p>\n<p><img loading=\"lazy\" decoding=\"async\" class=\"size-medium wp-image-115277 alignright\" src=\"https:\/\/www.iemj.org\/wp-content\/uploads\/2024\/11\/Verre-brise-Syna-300x183.jpg\" alt=\"\" width=\"300\" height=\"183\" srcset=\"https:\/\/www.iemj.org\/wp-content\/uploads\/2024\/11\/Verre-brise-Syna-300x183.jpg 300w, https:\/\/www.iemj.org\/wp-content\/uploads\/2024\/11\/Verre-brise-Syna-600x365.jpg 600w, https:\/\/www.iemj.org\/wp-content\/uploads\/2024\/11\/Verre-brise-Syna.jpg 646w\" sizes=\"(max-width: 300px) 100vw, 300px\" \/><\/p>\n<p>Se mi dimentico di te, Gerusalemme, che la mia mano destra si dimentichi di me. Che la mia lingua si attacchi al mio palato se non ricordo il tuo ricordo, se non innalzo Gerusalemme sopra la mia gioia.<\/p>\n<p>Lo sposo rompe quindi un bicchiere con il piede, solitamente avvolto in un panno per evitare che si frantumi. Gli invitati gridano poi in ebraico \u201cMazel Tov\u201d (letteralmente \u201cbuona stella\u201d, nel senso di \u201cauguri\u201d).<\/p>\n<h3><strong>Il ricevimento e le feste post-matrimoniali<\/strong><\/h3>\n<p>C&#8217;\u00e8 un obbligo speciale di rendere felici gli sposi. Alla cerimonia segue quindi un ricevimento, con un pasto festivo durante il quale \u00e8 consuetudine mangiare pane e carne, accompagnato da musica e balli.<\/p>\n<p>Dopo il pasto, tutti gli ospiti si riuniscono per recitare il ringraziamento (Birkat Hamazone). Dopo di che, le sette benedizioni (Sheva Berakhot) vengono nuovamente recitate davanti ad un bicchiere di vino. Allo stesso modo, nei sette giorni successivi al matrimonio, gli sposi sono invitati ogni sera dai loro parenti ad un banchetto in loro onore, seguito ancora una volta dalla recita delle sette benedizioni.<\/p>\n<p><a href=\"https:\/\/www.iemj.org\/it\/le-mariage-traditionnel-juif-1\/\" target=\"_blank\" rel=\"noopener\">Ascolta la playlist Matrimonio ebraico tradizionale (1)<\/a><\/p>\n<p><a href=\"https:\/\/www.iemj.org\/it\/le-mariage-traditionnel-juif-2\/\" target=\"_blank\" rel=\"noopener\">Ascolta la playlist del Matrimonio ebraico tradizionale (2)<\/a><\/p>\n\n\n<p><\/p>\n","protected":false},"excerpt":{"rendered":"<p>Il matrimonio ebraico viene celebrato secondo numerose usanze e leggi che mirano a far emergere il suo pieno significato spirituale e materiale. Utilizzando gesti, simboli e versi ebraici, tutti questi<\/p>\n","protected":false},"author":5,"featured_media":115246,"comment_status":"closed","ping_status":"closed","sticky":false,"template":"","format":"standard","meta":{"_acf_changed":false,"footnotes":""},"categories":[1407,1409],"tags":[],"technique":[],"squelettes":[],"sujet":[1767],"formation":[],"genre":[],"fonds":[],"tradition":[],"type-de-contenu":[],"interprete-compositeur":[],"frise":[],"type-devenement":[],"tableaux-liens-externes":[],"class_list":["post-115299","post","type-post","status-publish","format-standard","has-post-thumbnail","hentry","category-articoli-di-fondo-it","category-musica-liturgica-it","sujet-matrimonio"],"acf":[],"yoast_head":"<!-- This site is optimized with the Yoast SEO plugin v27.3 - https:\/\/yoast.com\/product\/yoast-seo-wordpress\/ -->\n<title>Il matrimonio - Institut Europ\u00e9en des Musiques Juives<\/title>\n<meta name=\"robots\" content=\"index, follow, max-snippet:-1, max-image-preview:large, max-video-preview:-1\" \/>\n<link rel=\"canonical\" href=\"https:\/\/www.iemj.org\/it\/le-mariage-juif\/\" \/>\n<meta property=\"og:locale\" content=\"it_IT\" \/>\n<meta property=\"og:type\" content=\"article\" \/>\n<meta property=\"og:title\" content=\"Il matrimonio - Institut Europ\u00e9en des Musiques Juives\" \/>\n<meta property=\"og:description\" content=\"Il matrimonio ebraico viene celebrato secondo numerose usanze e leggi che mirano a far emergere il suo pieno significato spirituale e materiale. Utilizzando gesti, simboli e versi ebraici, tutti questi\" \/>\n<meta property=\"og:url\" content=\"https:\/\/www.iemj.org\/it\/le-mariage-juif\/\" \/>\n<meta property=\"og:site_name\" content=\"Institut Europ\u00e9en des Musiques Juives\" \/>\n<meta property=\"article:publisher\" content=\"https:\/\/www.facebook.com\/MusiquesJuives\/\" \/>\n<meta property=\"article:published_time\" content=\"2024-11-19T16:59:20+00:00\" \/>\n<meta property=\"article:modified_time\" content=\"2025-05-08T08:42:01+00:00\" \/>\n<meta property=\"og:image\" content=\"https:\/\/www.iemj.org\/wp-content\/uploads\/2024\/11\/Logo-article-mariage-juif.jpg\" \/>\n\t<meta property=\"og:image:width\" content=\"500\" \/>\n\t<meta property=\"og:image:height\" content=\"500\" \/>\n\t<meta property=\"og:image:type\" content=\"image\/jpeg\" \/>\n<meta name=\"author\" content=\"Jacqueline ROTEN\" \/>\n<meta name=\"twitter:card\" content=\"summary_large_image\" \/>\n<meta name=\"twitter:label1\" content=\"Scritto da\" \/>\n\t<meta name=\"twitter:data1\" content=\"Jacqueline ROTEN\" \/>\n\t<meta name=\"twitter:label2\" content=\"Tempo di lettura stimato\" \/>\n\t<meta name=\"twitter:data2\" content=\"11 minuti\" \/>\n<script type=\"application\/ld+json\" class=\"yoast-schema-graph\">{\"@context\":\"https:\\\/\\\/schema.org\",\"@graph\":[{\"@type\":\"Article\",\"@id\":\"https:\\\/\\\/www.iemj.org\\\/it\\\/le-mariage-juif\\\/#article\",\"isPartOf\":{\"@id\":\"https:\\\/\\\/www.iemj.org\\\/it\\\/le-mariage-juif\\\/\"},\"author\":{\"name\":\"Jacqueline ROTEN\",\"@id\":\"https:\\\/\\\/www.iemj.org\\\/it\\\/#\\\/schema\\\/person\\\/358e26c18aca017fcc4cc15437f7279c\"},\"headline\":\"Il matrimonio\",\"datePublished\":\"2024-11-19T16:59:20+00:00\",\"dateModified\":\"2025-05-08T08:42:01+00:00\",\"mainEntityOfPage\":{\"@id\":\"https:\\\/\\\/www.iemj.org\\\/it\\\/le-mariage-juif\\\/\"},\"wordCount\":1857,\"publisher\":{\"@id\":\"https:\\\/\\\/www.iemj.org\\\/it\\\/#organization\"},\"image\":{\"@id\":\"https:\\\/\\\/www.iemj.org\\\/it\\\/le-mariage-juif\\\/#primaryimage\"},\"thumbnailUrl\":\"https:\\\/\\\/www.iemj.org\\\/wp-content\\\/uploads\\\/2024\\\/11\\\/Logo-article-mariage-juif.jpg\",\"articleSection\":[\"Articoli di fondo\",\"Musica liturgica\"],\"inLanguage\":\"it-IT\"},{\"@type\":\"WebPage\",\"@id\":\"https:\\\/\\\/www.iemj.org\\\/it\\\/le-mariage-juif\\\/\",\"url\":\"https:\\\/\\\/www.iemj.org\\\/it\\\/le-mariage-juif\\\/\",\"name\":\"Il matrimonio - Institut Europ\u00e9en des Musiques Juives\",\"isPartOf\":{\"@id\":\"https:\\\/\\\/www.iemj.org\\\/it\\\/#website\"},\"primaryImageOfPage\":{\"@id\":\"https:\\\/\\\/www.iemj.org\\\/it\\\/le-mariage-juif\\\/#primaryimage\"},\"image\":{\"@id\":\"https:\\\/\\\/www.iemj.org\\\/it\\\/le-mariage-juif\\\/#primaryimage\"},\"thumbnailUrl\":\"https:\\\/\\\/www.iemj.org\\\/wp-content\\\/uploads\\\/2024\\\/11\\\/Logo-article-mariage-juif.jpg\",\"datePublished\":\"2024-11-19T16:59:20+00:00\",\"dateModified\":\"2025-05-08T08:42:01+00:00\",\"breadcrumb\":{\"@id\":\"https:\\\/\\\/www.iemj.org\\\/it\\\/le-mariage-juif\\\/#breadcrumb\"},\"inLanguage\":\"it-IT\",\"potentialAction\":[{\"@type\":\"ReadAction\",\"target\":[\"https:\\\/\\\/www.iemj.org\\\/it\\\/le-mariage-juif\\\/\"]}]},{\"@type\":\"ImageObject\",\"inLanguage\":\"it-IT\",\"@id\":\"https:\\\/\\\/www.iemj.org\\\/it\\\/le-mariage-juif\\\/#primaryimage\",\"url\":\"https:\\\/\\\/www.iemj.org\\\/wp-content\\\/uploads\\\/2024\\\/11\\\/Logo-article-mariage-juif.jpg\",\"contentUrl\":\"https:\\\/\\\/www.iemj.org\\\/wp-content\\\/uploads\\\/2024\\\/11\\\/Logo-article-mariage-juif.jpg\",\"width\":500,\"height\":500},{\"@type\":\"BreadcrumbList\",\"@id\":\"https:\\\/\\\/www.iemj.org\\\/it\\\/le-mariage-juif\\\/#breadcrumb\",\"itemListElement\":[{\"@type\":\"ListItem\",\"position\":1,\"name\":\"Accueil\",\"item\":\"https:\\\/\\\/www.iemj.org\\\/it\\\/\"},{\"@type\":\"ListItem\",\"position\":2,\"name\":\"Il matrimonio\"}]},{\"@type\":\"WebSite\",\"@id\":\"https:\\\/\\\/www.iemj.org\\\/it\\\/#website\",\"url\":\"https:\\\/\\\/www.iemj.org\\\/it\\\/\",\"name\":\"Institut Europ\u00e9en des Musiques Juives\",\"description\":\"Des traditions musicales \u00e0 la port\u00e9e de tous\",\"publisher\":{\"@id\":\"https:\\\/\\\/www.iemj.org\\\/it\\\/#organization\"},\"potentialAction\":[{\"@type\":\"SearchAction\",\"target\":{\"@type\":\"EntryPoint\",\"urlTemplate\":\"https:\\\/\\\/www.iemj.org\\\/it\\\/?s={search_term_string}\"},\"query-input\":{\"@type\":\"PropertyValueSpecification\",\"valueRequired\":true,\"valueName\":\"search_term_string\"}}],\"inLanguage\":\"it-IT\"},{\"@type\":\"Organization\",\"@id\":\"https:\\\/\\\/www.iemj.org\\\/it\\\/#organization\",\"name\":\"Institut Europ\u00e9en des Musiques Juives\",\"url\":\"https:\\\/\\\/www.iemj.org\\\/it\\\/\",\"logo\":{\"@type\":\"ImageObject\",\"inLanguage\":\"it-IT\",\"@id\":\"https:\\\/\\\/www.iemj.org\\\/it\\\/#\\\/schema\\\/logo\\\/image\\\/\",\"url\":\"https:\\\/\\\/www.iemj.org\\\/wp-content\\\/uploads\\\/2021\\\/09\\\/Logo-IEMJ-Paypal.jpg\",\"contentUrl\":\"https:\\\/\\\/www.iemj.org\\\/wp-content\\\/uploads\\\/2021\\\/09\\\/Logo-IEMJ-Paypal.jpg\",\"width\":150,\"height\":50,\"caption\":\"Institut Europ\u00e9en des Musiques Juives\"},\"image\":{\"@id\":\"https:\\\/\\\/www.iemj.org\\\/it\\\/#\\\/schema\\\/logo\\\/image\\\/\"},\"sameAs\":[\"https:\\\/\\\/www.facebook.com\\\/MusiquesJuives\\\/\",\"https:\\\/\\\/www.instagram.com\\\/musiquesjuives\\\/\",\"https:\\\/\\\/www.youtube.com\\\/user\\\/musiquesjuives\"]},{\"@type\":\"Person\",\"@id\":\"https:\\\/\\\/www.iemj.org\\\/it\\\/#\\\/schema\\\/person\\\/358e26c18aca017fcc4cc15437f7279c\",\"name\":\"Jacqueline ROTEN\",\"image\":{\"@type\":\"ImageObject\",\"inLanguage\":\"it-IT\",\"@id\":\"https:\\\/\\\/secure.gravatar.com\\\/avatar\\\/5964256d6c6957de3a3505278957e0fb2a35119ac47ea41827a65301213c810b?s=96&d=mm&r=g\",\"url\":\"https:\\\/\\\/secure.gravatar.com\\\/avatar\\\/5964256d6c6957de3a3505278957e0fb2a35119ac47ea41827a65301213c810b?s=96&d=mm&r=g\",\"contentUrl\":\"https:\\\/\\\/secure.gravatar.com\\\/avatar\\\/5964256d6c6957de3a3505278957e0fb2a35119ac47ea41827a65301213c810b?s=96&d=mm&r=g\",\"caption\":\"Jacqueline ROTEN\"}}]}<\/script>\n<!-- \/ Yoast SEO plugin. -->","yoast_head_json":{"title":"Il matrimonio - Institut Europ\u00e9en des Musiques Juives","robots":{"index":"index","follow":"follow","max-snippet":"max-snippet:-1","max-image-preview":"max-image-preview:large","max-video-preview":"max-video-preview:-1"},"canonical":"https:\/\/www.iemj.org\/it\/le-mariage-juif\/","og_locale":"it_IT","og_type":"article","og_title":"Il matrimonio - Institut Europ\u00e9en des Musiques Juives","og_description":"Il matrimonio ebraico viene celebrato secondo numerose usanze e leggi che mirano a far emergere il suo pieno significato spirituale e materiale. Utilizzando gesti, simboli e versi ebraici, tutti questi","og_url":"https:\/\/www.iemj.org\/it\/le-mariage-juif\/","og_site_name":"Institut Europ\u00e9en des Musiques Juives","article_publisher":"https:\/\/www.facebook.com\/MusiquesJuives\/","article_published_time":"2024-11-19T16:59:20+00:00","article_modified_time":"2025-05-08T08:42:01+00:00","og_image":[{"width":500,"height":500,"url":"https:\/\/www.iemj.org\/wp-content\/uploads\/2024\/11\/Logo-article-mariage-juif.jpg","type":"image\/jpeg"}],"author":"Jacqueline ROTEN","twitter_card":"summary_large_image","twitter_misc":{"Scritto da":"Jacqueline ROTEN","Tempo di lettura stimato":"11 minuti"},"schema":{"@context":"https:\/\/schema.org","@graph":[{"@type":"Article","@id":"https:\/\/www.iemj.org\/it\/le-mariage-juif\/#article","isPartOf":{"@id":"https:\/\/www.iemj.org\/it\/le-mariage-juif\/"},"author":{"name":"Jacqueline ROTEN","@id":"https:\/\/www.iemj.org\/it\/#\/schema\/person\/358e26c18aca017fcc4cc15437f7279c"},"headline":"Il matrimonio","datePublished":"2024-11-19T16:59:20+00:00","dateModified":"2025-05-08T08:42:01+00:00","mainEntityOfPage":{"@id":"https:\/\/www.iemj.org\/it\/le-mariage-juif\/"},"wordCount":1857,"publisher":{"@id":"https:\/\/www.iemj.org\/it\/#organization"},"image":{"@id":"https:\/\/www.iemj.org\/it\/le-mariage-juif\/#primaryimage"},"thumbnailUrl":"https:\/\/www.iemj.org\/wp-content\/uploads\/2024\/11\/Logo-article-mariage-juif.jpg","articleSection":["Articoli di fondo","Musica liturgica"],"inLanguage":"it-IT"},{"@type":"WebPage","@id":"https:\/\/www.iemj.org\/it\/le-mariage-juif\/","url":"https:\/\/www.iemj.org\/it\/le-mariage-juif\/","name":"Il matrimonio - Institut Europ\u00e9en des Musiques Juives","isPartOf":{"@id":"https:\/\/www.iemj.org\/it\/#website"},"primaryImageOfPage":{"@id":"https:\/\/www.iemj.org\/it\/le-mariage-juif\/#primaryimage"},"image":{"@id":"https:\/\/www.iemj.org\/it\/le-mariage-juif\/#primaryimage"},"thumbnailUrl":"https:\/\/www.iemj.org\/wp-content\/uploads\/2024\/11\/Logo-article-mariage-juif.jpg","datePublished":"2024-11-19T16:59:20+00:00","dateModified":"2025-05-08T08:42:01+00:00","breadcrumb":{"@id":"https:\/\/www.iemj.org\/it\/le-mariage-juif\/#breadcrumb"},"inLanguage":"it-IT","potentialAction":[{"@type":"ReadAction","target":["https:\/\/www.iemj.org\/it\/le-mariage-juif\/"]}]},{"@type":"ImageObject","inLanguage":"it-IT","@id":"https:\/\/www.iemj.org\/it\/le-mariage-juif\/#primaryimage","url":"https:\/\/www.iemj.org\/wp-content\/uploads\/2024\/11\/Logo-article-mariage-juif.jpg","contentUrl":"https:\/\/www.iemj.org\/wp-content\/uploads\/2024\/11\/Logo-article-mariage-juif.jpg","width":500,"height":500},{"@type":"BreadcrumbList","@id":"https:\/\/www.iemj.org\/it\/le-mariage-juif\/#breadcrumb","itemListElement":[{"@type":"ListItem","position":1,"name":"Accueil","item":"https:\/\/www.iemj.org\/it\/"},{"@type":"ListItem","position":2,"name":"Il matrimonio"}]},{"@type":"WebSite","@id":"https:\/\/www.iemj.org\/it\/#website","url":"https:\/\/www.iemj.org\/it\/","name":"Institut Europ\u00e9en des Musiques Juives","description":"Des traditions musicales \u00e0 la port\u00e9e de tous","publisher":{"@id":"https:\/\/www.iemj.org\/it\/#organization"},"potentialAction":[{"@type":"SearchAction","target":{"@type":"EntryPoint","urlTemplate":"https:\/\/www.iemj.org\/it\/?s={search_term_string}"},"query-input":{"@type":"PropertyValueSpecification","valueRequired":true,"valueName":"search_term_string"}}],"inLanguage":"it-IT"},{"@type":"Organization","@id":"https:\/\/www.iemj.org\/it\/#organization","name":"Institut Europ\u00e9en des Musiques Juives","url":"https:\/\/www.iemj.org\/it\/","logo":{"@type":"ImageObject","inLanguage":"it-IT","@id":"https:\/\/www.iemj.org\/it\/#\/schema\/logo\/image\/","url":"https:\/\/www.iemj.org\/wp-content\/uploads\/2021\/09\/Logo-IEMJ-Paypal.jpg","contentUrl":"https:\/\/www.iemj.org\/wp-content\/uploads\/2021\/09\/Logo-IEMJ-Paypal.jpg","width":150,"height":50,"caption":"Institut Europ\u00e9en des Musiques Juives"},"image":{"@id":"https:\/\/www.iemj.org\/it\/#\/schema\/logo\/image\/"},"sameAs":["https:\/\/www.facebook.com\/MusiquesJuives\/","https:\/\/www.instagram.com\/musiquesjuives\/","https:\/\/www.youtube.com\/user\/musiquesjuives"]},{"@type":"Person","@id":"https:\/\/www.iemj.org\/it\/#\/schema\/person\/358e26c18aca017fcc4cc15437f7279c","name":"Jacqueline ROTEN","image":{"@type":"ImageObject","inLanguage":"it-IT","@id":"https:\/\/secure.gravatar.com\/avatar\/5964256d6c6957de3a3505278957e0fb2a35119ac47ea41827a65301213c810b?s=96&d=mm&r=g","url":"https:\/\/secure.gravatar.com\/avatar\/5964256d6c6957de3a3505278957e0fb2a35119ac47ea41827a65301213c810b?s=96&d=mm&r=g","contentUrl":"https:\/\/secure.gravatar.com\/avatar\/5964256d6c6957de3a3505278957e0fb2a35119ac47ea41827a65301213c810b?s=96&d=mm&r=g","caption":"Jacqueline ROTEN"}}]}},"_links":{"self":[{"href":"https:\/\/www.iemj.org\/it\/wp-json\/wp\/v2\/posts\/115299","targetHints":{"allow":["GET"]}}],"collection":[{"href":"https:\/\/www.iemj.org\/it\/wp-json\/wp\/v2\/posts"}],"about":[{"href":"https:\/\/www.iemj.org\/it\/wp-json\/wp\/v2\/types\/post"}],"author":[{"embeddable":true,"href":"https:\/\/www.iemj.org\/it\/wp-json\/wp\/v2\/users\/5"}],"replies":[{"embeddable":true,"href":"https:\/\/www.iemj.org\/it\/wp-json\/wp\/v2\/comments?post=115299"}],"version-history":[{"count":0,"href":"https:\/\/www.iemj.org\/it\/wp-json\/wp\/v2\/posts\/115299\/revisions"}],"wp:featuredmedia":[{"embeddable":true,"href":"https:\/\/www.iemj.org\/it\/wp-json\/wp\/v2\/media\/115246"}],"wp:attachment":[{"href":"https:\/\/www.iemj.org\/it\/wp-json\/wp\/v2\/media?parent=115299"}],"wp:term":[{"taxonomy":"category","embeddable":true,"href":"https:\/\/www.iemj.org\/it\/wp-json\/wp\/v2\/categories?post=115299"},{"taxonomy":"post_tag","embeddable":true,"href":"https:\/\/www.iemj.org\/it\/wp-json\/wp\/v2\/tags?post=115299"},{"taxonomy":"technique","embeddable":true,"href":"https:\/\/www.iemj.org\/it\/wp-json\/wp\/v2\/technique?post=115299"},{"taxonomy":"squelettes","embeddable":true,"href":"https:\/\/www.iemj.org\/it\/wp-json\/wp\/v2\/squelettes?post=115299"},{"taxonomy":"sujet","embeddable":true,"href":"https:\/\/www.iemj.org\/it\/wp-json\/wp\/v2\/sujet?post=115299"},{"taxonomy":"formation","embeddable":true,"href":"https:\/\/www.iemj.org\/it\/wp-json\/wp\/v2\/formation?post=115299"},{"taxonomy":"genre","embeddable":true,"href":"https:\/\/www.iemj.org\/it\/wp-json\/wp\/v2\/genre?post=115299"},{"taxonomy":"fonds","embeddable":true,"href":"https:\/\/www.iemj.org\/it\/wp-json\/wp\/v2\/fonds?post=115299"},{"taxonomy":"tradition","embeddable":true,"href":"https:\/\/www.iemj.org\/it\/wp-json\/wp\/v2\/tradition?post=115299"},{"taxonomy":"type-de-contenu","embeddable":true,"href":"https:\/\/www.iemj.org\/it\/wp-json\/wp\/v2\/type-de-contenu?post=115299"},{"taxonomy":"interprete-compositeur","embeddable":true,"href":"https:\/\/www.iemj.org\/it\/wp-json\/wp\/v2\/interprete-compositeur?post=115299"},{"taxonomy":"frise","embeddable":true,"href":"https:\/\/www.iemj.org\/it\/wp-json\/wp\/v2\/frise?post=115299"},{"taxonomy":"type-devenement","embeddable":true,"href":"https:\/\/www.iemj.org\/it\/wp-json\/wp\/v2\/type-devenement?post=115299"},{"taxonomy":"tableaux-liens-externes","embeddable":true,"href":"https:\/\/www.iemj.org\/it\/wp-json\/wp\/v2\/tableaux-liens-externes?post=115299"}],"curies":[{"name":"wp","href":"https:\/\/api.w.org\/{rel}","templated":true}]}}