{"id":115939,"date":"2024-12-04T16:43:24","date_gmt":"2024-12-04T15:43:24","guid":{"rendered":"https:\/\/www.iemj.org\/publication-de-six-nouvelles-partitions-de-serge-kaufmann\/"},"modified":"2025-08-28T16:26:26","modified_gmt":"2025-08-28T14:26:26","slug":"publication-de-six-nouvelles-partitions-de-serge-kaufmann","status":"publish","type":"post","link":"https:\/\/www.iemj.org\/it\/publication-de-six-nouvelles-partitions-de-serge-kaufmann\/","title":{"rendered":"Pubblicazione di sei nuovi spartiti di Serge Kaufmann"},"content":{"rendered":"<p>Nato nel 1930, <a href=\"https:\/\/www.iemj.org\/it\/kaufmann-serge-1930\/\">Serge Kaufmann<\/a> ha fatto i suoi studi classici al Calvin College di Ginevra e gli studi musicali alla Schola Cantorum di Parigi, sotto la direzione principale di Daniel Lesur. Negli anni del dopoguerra, la visione di una foto \u2013 Il ragazzino del ghetto di Varsavia \u2013 sposta le sue certezze verso una problematica interna la cui voce diventa sempre pi\u00f9 impetuosa: \u201cCosa mi sarebbe successo se, invece di essere nato in Svizzera, fossi nato dall\u2019altra parte del confine? Non avrei condiviso anch\u2019io il destino di quelle migliaia di bambini che non hanno avuto la possibilit\u00e0 di crescere semplicemente perch\u00e9 nati da genitori o nonni ebrei ! \u201c.<\/p>\n<p>Spinto da questa rivelazione, Serge Kaufmann arricchisce il campo della musica ebraica da quasi 25 anni componendo opere dai nomi evocatori:<em>\u00a0Suite Yiddish<\/em>, <em>Petite suite klezmer<\/em>, <em>Le Maharam de Rothenbourg<\/em>, <em>Neshama<\/em>, <em>Kol nidr\u00e9<\/em>, <em>Yesod<\/em>\u2026 E le sue composizioni, sebbene non siano mai costruite su melodie puramente tradizionali, suonano decisamente ebraiche!<\/p>\n<p>I lavori orchestrali, vocali e da camera di Serge Kaufmann sono stati oggetto di numerose registrazioni. Serge Kaufmann \u00e8 Chevalier des Arts et Lettres.<\/p>\n<p><strong>In occasione della fine del 2024, l&#8217;IEMJ pubblica sei nuovi spartiti di Serge Kaufmann<\/strong>, in formato cartaceo o digitale, per vari ensemble strumentali e vocali.<\/p>\n<p><strong>Consultare ed ordinare questi spartiti sul negozio IEMJ<\/strong><\/p>\n<ul>\n<li>\n<h3><a href=\"https:\/\/www.iemj.org\/it\/produit\/kaufmann-aroa-trio-pour-violon-alto-et-violoncelle\/\" target=\"_blank\" rel=\"noopener\"><em>Aroa<\/em>, Trio pour violon, alto et violoncelle<\/a><\/h3>\n<\/li>\n<li>\n<h3><a href=\"https:\/\/www.iemj.org\/it\/produit\/kaufmann-aroa-trio-pour-violon-alto-et-violoncelle-copie\/\" target=\"_blank\" rel=\"noopener\"><em>Cantabile<\/em>, 3 chants pour violoncelle, quintette \u00e0 cordes et clavecin<\/a><\/h3>\n<\/li>\n<li>\n<h3><a href=\"https:\/\/www.iemj.org\/it\/produit\/kaufmann-capriccio-chant-pour-violoncelle-seul\/\" target=\"_blank\" rel=\"noopener\"><em>Capriccio<\/em>, Chant pour violoncelle seul<\/a><\/h3>\n<\/li>\n<li>\n<h3><a href=\"https:\/\/www.iemj.org\/it\/produit\/kaufmann-kaddish-pour-violoncelle-seul\/\" target=\"_blank\" rel=\"noopener\"><em>Kaddish<\/em>, pour violoncelle solo<\/a><\/h3>\n<\/li>\n<li>\n<h3><a href=\"https:\/\/www.iemj.org\/it\/produit\/kaufmann-le-temps-dechire-poeme-pour-mezzo-soprano-et-orchestre-a-cordes\/\" target=\"_blank\" rel=\"noopener\"><em>Le temps d\u00e9chir\u00e9<\/em>, Po\u00e8me pour mezzo-soprano et orchestre \u00e0 cordes<\/a><\/h3>\n<\/li>\n<li>\n<h3><a href=\"https:\/\/www.iemj.org\/it\/produit\/kaufmann-parade-klezmer-pour-orchestre-a-vent-percussions-et-contrebasse\/\" target=\"_blank\" rel=\"noopener\"><em>Parade Klezmer<\/em>, pour orchestre \u00e0 vent, percussions et contrebasse<\/a><\/h3>\n<\/li>\n<\/ul>\n<hr \/>\n<h2><strong>Ascoltare estratti audio di:<\/strong><\/h2>\n<p><strong>Cantabile, pour violoncelle, quintette \u00e0 cordes et clavecin &#8211; 1\u00b0 brano (Estratto)<\/strong><\/p>\n<audio class=\"wp-audio-shortcode\" id=\"audio-115939-1\" preload=\"none\" style=\"width: 100%;\" controls=\"controls\"><source type=\"audio\/mpeg\" src=\"https:\/\/www.iemj.org\/wp-content\/uploads\/2024\/12\/Cantabile_S-Kaufmann_1er-chant-Extrait.mp3?_=1\" \/><a href=\"https:\/\/www.iemj.org\/wp-content\/uploads\/2024\/12\/Cantabile_S-Kaufmann_1er-chant-Extrait.mp3\">https:\/\/www.iemj.org\/wp-content\/uploads\/2024\/12\/Cantabile_S-Kaufmann_1er-chant-Extrait.mp3<\/a><\/audio>\n<p><strong>Kaddish, per violoncello solo, eseguito da Martine Bailly in presenza del compositore Serge Kaufmann nel 2022 (Estratto)<\/strong><\/p>\n<audio class=\"wp-audio-shortcode\" id=\"audio-115939-2\" preload=\"none\" style=\"width: 100%;\" controls=\"controls\"><source type=\"audio\/mpeg\" src=\"https:\/\/www.iemj.org\/wp-content\/uploads\/2024\/12\/Video-2022_S-Kaufmann-M-Bailly_Kaddish-Extrait_MP3-192kbs-pour-site-IEMJ.mp3?_=2\" \/><a href=\"https:\/\/www.iemj.org\/wp-content\/uploads\/2024\/12\/Video-2022_S-Kaufmann-M-Bailly_Kaddish-Extrait_MP3-192kbs-pour-site-IEMJ.mp3\">https:\/\/www.iemj.org\/wp-content\/uploads\/2024\/12\/Video-2022_S-Kaufmann-M-Bailly_Kaddish-Extrait_MP3-192kbs-pour-site-IEMJ.mp3<\/a><\/audio>\n<p><strong>Le temps d\u00e9chir\u00e9,\u00a0 Po\u00e8me pour mezzo-soprano et orchestre \u00e0 cordes <\/strong><strong>(Estratto)<\/strong><\/p>\n<audio class=\"wp-audio-shortcode\" id=\"audio-115939-3\" preload=\"none\" style=\"width: 100%;\" controls=\"controls\"><source type=\"audio\/mpeg\" src=\"https:\/\/www.iemj.org\/wp-content\/uploads\/2024\/12\/Le-temps-dechire_S-Kaufmann-Extrait.mp3?_=3\" \/><a href=\"https:\/\/www.iemj.org\/wp-content\/uploads\/2024\/12\/Le-temps-dechire_S-Kaufmann-Extrait.mp3\">https:\/\/www.iemj.org\/wp-content\/uploads\/2024\/12\/Le-temps-dechire_S-Kaufmann-Extrait.mp3<\/a><\/audio>\n\n\n<div style=\"height:12px\" aria-hidden=\"true\" class=\"wp-block-spacer\"><\/div>\n\n\n\n<div class=\"wp-block-buttons alignwide has-white-background-color has-background is-content-justification-center is-layout-flex wp-container-core-buttons-is-layout-5590e8cb wp-block-buttons-is-layout-flex\">\n<div class=\"wp-block-button\"><a class=\"wp-block-button__link has-white-color has-text-color has-background has-link-color wp-element-button\" href=\"https:\/\/www.iemj.org\/it\/categorie-produit\/spartiti-it\/compositori-it\/kaufmann-serge-it\/\" style=\"background-color:#3c4b98\" target=\"_blank\" rel=\"noreferrer noopener\">Consultare tutti gli <strong>spartiti di Serge Kaufmann sul negozio IEMJ<\/strong><\/a><\/div>\n<\/div>\n\n\n\n<div style=\"height:12px\" aria-hidden=\"true\" class=\"wp-block-spacer\"><\/div>\n\n\n\n<div class=\"wp-block-columns is-layout-flex wp-container-core-columns-is-layout-9d6595d7 wp-block-columns-is-layout-flex\">\n<div class=\"wp-block-column is-layout-flow wp-block-column-is-layout-flow\">\n<div class=\"wp-block-columns is-layout-flex wp-container-core-columns-is-layout-9d6595d7 wp-block-columns-is-layout-flex\">\n<div class=\"wp-block-column is-layout-flow wp-block-column-is-layout-flow\"><div class=\"wp-block-image\">\n<figure class=\"alignright size-large is-resized\"><a href=\"https:\/\/www.iemj.org\/it\/produit\/serge-kaufmann-ima-ou-la-mere-depossedee\/\" target=\"_blank\" rel=\" noreferrer noopener\"><img decoding=\"async\" src=\"https:\/\/www.iemj.org\/wp-content\/uploads\/2011\/04\/arton181.jpg\" alt=\"\" style=\"width:300px;height:auto\"\/><\/a><\/figure>\n<\/div><\/div>\n<\/div>\n<\/div>\n\n\n\n<div class=\"wp-block-column is-vertically-aligned-center is-layout-flow wp-block-column-is-layout-flow\">\n<div class=\"wp-block-columns is-layout-flex wp-container-core-columns-is-layout-9d6595d7 wp-block-columns-is-layout-flex\">\n<div class=\"wp-block-column is-layout-flow wp-block-column-is-layout-flow\"><\/div>\n\n\n\n<div class=\"wp-block-column is-layout-flow wp-block-column-is-layout-flow\"><\/div>\n<\/div>\n\n\n\n<div class=\"wp-block-buttons is-layout-flex wp-block-buttons-is-layout-flex\">\n<div class=\"wp-block-button\"><a class=\"wp-block-button__link has-white-color has-text-color has-background has-link-color wp-element-button\" href=\"https:\/\/www.iemj.org\/it\/produit\/serge-kaufmann-ima-ou-la-mere-depossedee\/\" style=\"background-color:#3c4b98\">Ordinare il CD (fisico o digitale) di Serge Kaufmann,&nbsp;<strong>Ima ou la m\u00e8re&nbsp;d\u00e9poss\u00e9d\u00e9e<\/strong><\/a><\/div>\n<\/div>\n<\/div>\n<\/div>\n\n\n<div class=\"wp-block-image\">\n<figure class=\"aligncenter size-large\"><img fetchpriority=\"high\" decoding=\"async\" width=\"1024\" height=\"133\" src=\"https:\/\/www.iemj.org\/wp-content\/uploads\/2024\/03\/AUDIO-PLAYER-1024x133.png\" alt=\"\" class=\"wp-image-110609\" srcset=\"https:\/\/www.iemj.org\/wp-content\/uploads\/2024\/03\/AUDIO-PLAYER-1024x133.png 1024w, https:\/\/www.iemj.org\/wp-content\/uploads\/2024\/03\/AUDIO-PLAYER-300x39.png 300w, https:\/\/www.iemj.org\/wp-content\/uploads\/2024\/03\/AUDIO-PLAYER-768x100.png 768w, https:\/\/www.iemj.org\/wp-content\/uploads\/2024\/03\/AUDIO-PLAYER-600x78.png 600w, https:\/\/www.iemj.org\/wp-content\/uploads\/2024\/03\/AUDIO-PLAYER.png 1210w\" sizes=\"(max-width: 1024px) 100vw, 1024px\" \/><\/figure>\n<\/div>","protected":false},"excerpt":{"rendered":"<p>Nato nel 1930, Serge Kaufmann ha fatto i suoi studi classici al Calvin College di Ginevra e gli studi musicali alla Schola Cantorum di Parigi, sotto la direzione principale di<\/p>\n","protected":false},"author":5,"featured_media":115557,"comment_status":"closed","ping_status":"closed","sticky":false,"template":"","format":"standard","meta":{"_acf_changed":false,"footnotes":""},"categories":[1361,1397],"tags":[],"technique":[],"squelettes":[],"sujet":[],"formation":[],"genre":[1901],"fonds":[],"tradition":[],"type-de-contenu":[],"interprete-compositeur":[3290],"frise":[],"type-devenement":[],"tableaux-liens-externes":[],"class_list":["post-115939","post","type-post","status-publish","format-standard","has-post-thumbnail","hentry","category-pubblicazioni-it","category-spartiti-iemj-it","genre-musica-classica-it","interprete-compositeur-serge-kaufmann-it"],"acf":[],"yoast_head":"<!-- This site is optimized with the Yoast SEO plugin v27.3 - https:\/\/yoast.com\/product\/yoast-seo-wordpress\/ -->\n<title>Pubblicazione di sei nuovi spartiti di Serge Kaufmann - Institut Europ\u00e9en des Musiques Juives<\/title>\n<meta name=\"robots\" content=\"index, follow, max-snippet:-1, max-image-preview:large, max-video-preview:-1\" \/>\n<link rel=\"canonical\" href=\"https:\/\/www.iemj.org\/it\/publication-de-six-nouvelles-partitions-de-serge-kaufmann\/\" \/>\n<meta property=\"og:locale\" content=\"it_IT\" \/>\n<meta property=\"og:type\" content=\"article\" \/>\n<meta property=\"og:title\" content=\"Pubblicazione di sei nuovi spartiti di Serge Kaufmann - Institut Europ\u00e9en des Musiques Juives\" \/>\n<meta property=\"og:description\" content=\"Nato nel 1930, Serge Kaufmann ha fatto i suoi studi classici al Calvin College di Ginevra e gli studi musicali alla Schola Cantorum di Parigi, sotto la direzione principale di\" \/>\n<meta property=\"og:url\" content=\"https:\/\/www.iemj.org\/it\/publication-de-six-nouvelles-partitions-de-serge-kaufmann\/\" \/>\n<meta property=\"og:site_name\" content=\"Institut Europ\u00e9en des Musiques Juives\" \/>\n<meta property=\"article:publisher\" content=\"https:\/\/www.facebook.com\/MusiquesJuives\/\" \/>\n<meta property=\"article:published_time\" content=\"2024-12-04T15:43:24+00:00\" \/>\n<meta property=\"article:modified_time\" content=\"2025-08-28T14:26:26+00:00\" \/>\n<meta property=\"og:image\" content=\"https:\/\/www.iemj.org\/wp-content\/uploads\/2024\/12\/logo.jpg\" \/>\n\t<meta property=\"og:image:width\" content=\"500\" \/>\n\t<meta property=\"og:image:height\" content=\"500\" \/>\n\t<meta property=\"og:image:type\" content=\"image\/jpeg\" \/>\n<meta name=\"author\" content=\"Jacqueline ROTEN\" \/>\n<meta name=\"twitter:card\" content=\"summary_large_image\" \/>\n<meta name=\"twitter:label1\" content=\"Scritto da\" \/>\n\t<meta name=\"twitter:data1\" content=\"Jacqueline ROTEN\" \/>\n\t<meta name=\"twitter:label2\" content=\"Tempo di lettura stimato\" \/>\n\t<meta name=\"twitter:data2\" content=\"3 minuti\" \/>\n<script type=\"application\/ld+json\" class=\"yoast-schema-graph\">{\"@context\":\"https:\\\/\\\/schema.org\",\"@graph\":[{\"@type\":\"Article\",\"@id\":\"https:\\\/\\\/www.iemj.org\\\/it\\\/publication-de-six-nouvelles-partitions-de-serge-kaufmann\\\/#article\",\"isPartOf\":{\"@id\":\"https:\\\/\\\/www.iemj.org\\\/it\\\/publication-de-six-nouvelles-partitions-de-serge-kaufmann\\\/\"},\"author\":{\"name\":\"Jacqueline ROTEN\",\"@id\":\"https:\\\/\\\/www.iemj.org\\\/it\\\/#\\\/schema\\\/person\\\/358e26c18aca017fcc4cc15437f7279c\"},\"headline\":\"Pubblicazione di sei nuovi spartiti di Serge Kaufmann\",\"datePublished\":\"2024-12-04T15:43:24+00:00\",\"dateModified\":\"2025-08-28T14:26:26+00:00\",\"mainEntityOfPage\":{\"@id\":\"https:\\\/\\\/www.iemj.org\\\/it\\\/publication-de-six-nouvelles-partitions-de-serge-kaufmann\\\/\"},\"wordCount\":376,\"publisher\":{\"@id\":\"https:\\\/\\\/www.iemj.org\\\/it\\\/#organization\"},\"image\":{\"@id\":\"https:\\\/\\\/www.iemj.org\\\/it\\\/publication-de-six-nouvelles-partitions-de-serge-kaufmann\\\/#primaryimage\"},\"thumbnailUrl\":\"https:\\\/\\\/www.iemj.org\\\/wp-content\\\/uploads\\\/2024\\\/12\\\/logo.jpg\",\"articleSection\":[\"Pubblicazioni\",\"Spartiti IEMJ\"],\"inLanguage\":\"it-IT\"},{\"@type\":\"WebPage\",\"@id\":\"https:\\\/\\\/www.iemj.org\\\/it\\\/publication-de-six-nouvelles-partitions-de-serge-kaufmann\\\/\",\"url\":\"https:\\\/\\\/www.iemj.org\\\/it\\\/publication-de-six-nouvelles-partitions-de-serge-kaufmann\\\/\",\"name\":\"Pubblicazione di sei nuovi spartiti di Serge Kaufmann - Institut Europ\u00e9en des Musiques Juives\",\"isPartOf\":{\"@id\":\"https:\\\/\\\/www.iemj.org\\\/it\\\/#website\"},\"primaryImageOfPage\":{\"@id\":\"https:\\\/\\\/www.iemj.org\\\/it\\\/publication-de-six-nouvelles-partitions-de-serge-kaufmann\\\/#primaryimage\"},\"image\":{\"@id\":\"https:\\\/\\\/www.iemj.org\\\/it\\\/publication-de-six-nouvelles-partitions-de-serge-kaufmann\\\/#primaryimage\"},\"thumbnailUrl\":\"https:\\\/\\\/www.iemj.org\\\/wp-content\\\/uploads\\\/2024\\\/12\\\/logo.jpg\",\"datePublished\":\"2024-12-04T15:43:24+00:00\",\"dateModified\":\"2025-08-28T14:26:26+00:00\",\"breadcrumb\":{\"@id\":\"https:\\\/\\\/www.iemj.org\\\/it\\\/publication-de-six-nouvelles-partitions-de-serge-kaufmann\\\/#breadcrumb\"},\"inLanguage\":\"it-IT\",\"potentialAction\":[{\"@type\":\"ReadAction\",\"target\":[\"https:\\\/\\\/www.iemj.org\\\/it\\\/publication-de-six-nouvelles-partitions-de-serge-kaufmann\\\/\"]}]},{\"@type\":\"ImageObject\",\"inLanguage\":\"it-IT\",\"@id\":\"https:\\\/\\\/www.iemj.org\\\/it\\\/publication-de-six-nouvelles-partitions-de-serge-kaufmann\\\/#primaryimage\",\"url\":\"https:\\\/\\\/www.iemj.org\\\/wp-content\\\/uploads\\\/2024\\\/12\\\/logo.jpg\",\"contentUrl\":\"https:\\\/\\\/www.iemj.org\\\/wp-content\\\/uploads\\\/2024\\\/12\\\/logo.jpg\",\"width\":500,\"height\":500},{\"@type\":\"BreadcrumbList\",\"@id\":\"https:\\\/\\\/www.iemj.org\\\/it\\\/publication-de-six-nouvelles-partitions-de-serge-kaufmann\\\/#breadcrumb\",\"itemListElement\":[{\"@type\":\"ListItem\",\"position\":1,\"name\":\"Accueil\",\"item\":\"https:\\\/\\\/www.iemj.org\\\/it\\\/\"},{\"@type\":\"ListItem\",\"position\":2,\"name\":\"Pubblicazione di sei nuovi spartiti di Serge Kaufmann\"}]},{\"@type\":\"WebSite\",\"@id\":\"https:\\\/\\\/www.iemj.org\\\/it\\\/#website\",\"url\":\"https:\\\/\\\/www.iemj.org\\\/it\\\/\",\"name\":\"Institut Europ\u00e9en des Musiques Juives\",\"description\":\"Des traditions musicales \u00e0 la port\u00e9e de tous\",\"publisher\":{\"@id\":\"https:\\\/\\\/www.iemj.org\\\/it\\\/#organization\"},\"potentialAction\":[{\"@type\":\"SearchAction\",\"target\":{\"@type\":\"EntryPoint\",\"urlTemplate\":\"https:\\\/\\\/www.iemj.org\\\/it\\\/?s={search_term_string}\"},\"query-input\":{\"@type\":\"PropertyValueSpecification\",\"valueRequired\":true,\"valueName\":\"search_term_string\"}}],\"inLanguage\":\"it-IT\"},{\"@type\":\"Organization\",\"@id\":\"https:\\\/\\\/www.iemj.org\\\/it\\\/#organization\",\"name\":\"Institut Europ\u00e9en des Musiques Juives\",\"url\":\"https:\\\/\\\/www.iemj.org\\\/it\\\/\",\"logo\":{\"@type\":\"ImageObject\",\"inLanguage\":\"it-IT\",\"@id\":\"https:\\\/\\\/www.iemj.org\\\/it\\\/#\\\/schema\\\/logo\\\/image\\\/\",\"url\":\"https:\\\/\\\/www.iemj.org\\\/wp-content\\\/uploads\\\/2021\\\/09\\\/Logo-IEMJ-Paypal.jpg\",\"contentUrl\":\"https:\\\/\\\/www.iemj.org\\\/wp-content\\\/uploads\\\/2021\\\/09\\\/Logo-IEMJ-Paypal.jpg\",\"width\":150,\"height\":50,\"caption\":\"Institut Europ\u00e9en des Musiques Juives\"},\"image\":{\"@id\":\"https:\\\/\\\/www.iemj.org\\\/it\\\/#\\\/schema\\\/logo\\\/image\\\/\"},\"sameAs\":[\"https:\\\/\\\/www.facebook.com\\\/MusiquesJuives\\\/\",\"https:\\\/\\\/www.instagram.com\\\/musiquesjuives\\\/\",\"https:\\\/\\\/www.youtube.com\\\/user\\\/musiquesjuives\"]},{\"@type\":\"Person\",\"@id\":\"https:\\\/\\\/www.iemj.org\\\/it\\\/#\\\/schema\\\/person\\\/358e26c18aca017fcc4cc15437f7279c\",\"name\":\"Jacqueline ROTEN\",\"image\":{\"@type\":\"ImageObject\",\"inLanguage\":\"it-IT\",\"@id\":\"https:\\\/\\\/secure.gravatar.com\\\/avatar\\\/5964256d6c6957de3a3505278957e0fb2a35119ac47ea41827a65301213c810b?s=96&d=mm&r=g\",\"url\":\"https:\\\/\\\/secure.gravatar.com\\\/avatar\\\/5964256d6c6957de3a3505278957e0fb2a35119ac47ea41827a65301213c810b?s=96&d=mm&r=g\",\"contentUrl\":\"https:\\\/\\\/secure.gravatar.com\\\/avatar\\\/5964256d6c6957de3a3505278957e0fb2a35119ac47ea41827a65301213c810b?s=96&d=mm&r=g\",\"caption\":\"Jacqueline ROTEN\"}}]}<\/script>\n<!-- \/ Yoast SEO plugin. -->","yoast_head_json":{"title":"Pubblicazione di sei nuovi spartiti di Serge Kaufmann - Institut Europ\u00e9en des Musiques Juives","robots":{"index":"index","follow":"follow","max-snippet":"max-snippet:-1","max-image-preview":"max-image-preview:large","max-video-preview":"max-video-preview:-1"},"canonical":"https:\/\/www.iemj.org\/it\/publication-de-six-nouvelles-partitions-de-serge-kaufmann\/","og_locale":"it_IT","og_type":"article","og_title":"Pubblicazione di sei nuovi spartiti di Serge Kaufmann - Institut Europ\u00e9en des Musiques Juives","og_description":"Nato nel 1930, Serge Kaufmann ha fatto i suoi studi classici al Calvin College di Ginevra e gli studi musicali alla Schola Cantorum di Parigi, sotto la direzione principale di","og_url":"https:\/\/www.iemj.org\/it\/publication-de-six-nouvelles-partitions-de-serge-kaufmann\/","og_site_name":"Institut Europ\u00e9en des Musiques Juives","article_publisher":"https:\/\/www.facebook.com\/MusiquesJuives\/","article_published_time":"2024-12-04T15:43:24+00:00","article_modified_time":"2025-08-28T14:26:26+00:00","og_image":[{"width":500,"height":500,"url":"https:\/\/www.iemj.org\/wp-content\/uploads\/2024\/12\/logo.jpg","type":"image\/jpeg"}],"author":"Jacqueline ROTEN","twitter_card":"summary_large_image","twitter_misc":{"Scritto da":"Jacqueline ROTEN","Tempo di lettura stimato":"3 minuti"},"schema":{"@context":"https:\/\/schema.org","@graph":[{"@type":"Article","@id":"https:\/\/www.iemj.org\/it\/publication-de-six-nouvelles-partitions-de-serge-kaufmann\/#article","isPartOf":{"@id":"https:\/\/www.iemj.org\/it\/publication-de-six-nouvelles-partitions-de-serge-kaufmann\/"},"author":{"name":"Jacqueline ROTEN","@id":"https:\/\/www.iemj.org\/it\/#\/schema\/person\/358e26c18aca017fcc4cc15437f7279c"},"headline":"Pubblicazione di sei nuovi spartiti di Serge Kaufmann","datePublished":"2024-12-04T15:43:24+00:00","dateModified":"2025-08-28T14:26:26+00:00","mainEntityOfPage":{"@id":"https:\/\/www.iemj.org\/it\/publication-de-six-nouvelles-partitions-de-serge-kaufmann\/"},"wordCount":376,"publisher":{"@id":"https:\/\/www.iemj.org\/it\/#organization"},"image":{"@id":"https:\/\/www.iemj.org\/it\/publication-de-six-nouvelles-partitions-de-serge-kaufmann\/#primaryimage"},"thumbnailUrl":"https:\/\/www.iemj.org\/wp-content\/uploads\/2024\/12\/logo.jpg","articleSection":["Pubblicazioni","Spartiti IEMJ"],"inLanguage":"it-IT"},{"@type":"WebPage","@id":"https:\/\/www.iemj.org\/it\/publication-de-six-nouvelles-partitions-de-serge-kaufmann\/","url":"https:\/\/www.iemj.org\/it\/publication-de-six-nouvelles-partitions-de-serge-kaufmann\/","name":"Pubblicazione di sei nuovi spartiti di Serge Kaufmann - Institut Europ\u00e9en des Musiques Juives","isPartOf":{"@id":"https:\/\/www.iemj.org\/it\/#website"},"primaryImageOfPage":{"@id":"https:\/\/www.iemj.org\/it\/publication-de-six-nouvelles-partitions-de-serge-kaufmann\/#primaryimage"},"image":{"@id":"https:\/\/www.iemj.org\/it\/publication-de-six-nouvelles-partitions-de-serge-kaufmann\/#primaryimage"},"thumbnailUrl":"https:\/\/www.iemj.org\/wp-content\/uploads\/2024\/12\/logo.jpg","datePublished":"2024-12-04T15:43:24+00:00","dateModified":"2025-08-28T14:26:26+00:00","breadcrumb":{"@id":"https:\/\/www.iemj.org\/it\/publication-de-six-nouvelles-partitions-de-serge-kaufmann\/#breadcrumb"},"inLanguage":"it-IT","potentialAction":[{"@type":"ReadAction","target":["https:\/\/www.iemj.org\/it\/publication-de-six-nouvelles-partitions-de-serge-kaufmann\/"]}]},{"@type":"ImageObject","inLanguage":"it-IT","@id":"https:\/\/www.iemj.org\/it\/publication-de-six-nouvelles-partitions-de-serge-kaufmann\/#primaryimage","url":"https:\/\/www.iemj.org\/wp-content\/uploads\/2024\/12\/logo.jpg","contentUrl":"https:\/\/www.iemj.org\/wp-content\/uploads\/2024\/12\/logo.jpg","width":500,"height":500},{"@type":"BreadcrumbList","@id":"https:\/\/www.iemj.org\/it\/publication-de-six-nouvelles-partitions-de-serge-kaufmann\/#breadcrumb","itemListElement":[{"@type":"ListItem","position":1,"name":"Accueil","item":"https:\/\/www.iemj.org\/it\/"},{"@type":"ListItem","position":2,"name":"Pubblicazione di sei nuovi spartiti di Serge Kaufmann"}]},{"@type":"WebSite","@id":"https:\/\/www.iemj.org\/it\/#website","url":"https:\/\/www.iemj.org\/it\/","name":"Institut Europ\u00e9en des Musiques Juives","description":"Des traditions musicales \u00e0 la port\u00e9e de tous","publisher":{"@id":"https:\/\/www.iemj.org\/it\/#organization"},"potentialAction":[{"@type":"SearchAction","target":{"@type":"EntryPoint","urlTemplate":"https:\/\/www.iemj.org\/it\/?s={search_term_string}"},"query-input":{"@type":"PropertyValueSpecification","valueRequired":true,"valueName":"search_term_string"}}],"inLanguage":"it-IT"},{"@type":"Organization","@id":"https:\/\/www.iemj.org\/it\/#organization","name":"Institut Europ\u00e9en des Musiques Juives","url":"https:\/\/www.iemj.org\/it\/","logo":{"@type":"ImageObject","inLanguage":"it-IT","@id":"https:\/\/www.iemj.org\/it\/#\/schema\/logo\/image\/","url":"https:\/\/www.iemj.org\/wp-content\/uploads\/2021\/09\/Logo-IEMJ-Paypal.jpg","contentUrl":"https:\/\/www.iemj.org\/wp-content\/uploads\/2021\/09\/Logo-IEMJ-Paypal.jpg","width":150,"height":50,"caption":"Institut Europ\u00e9en des Musiques Juives"},"image":{"@id":"https:\/\/www.iemj.org\/it\/#\/schema\/logo\/image\/"},"sameAs":["https:\/\/www.facebook.com\/MusiquesJuives\/","https:\/\/www.instagram.com\/musiquesjuives\/","https:\/\/www.youtube.com\/user\/musiquesjuives"]},{"@type":"Person","@id":"https:\/\/www.iemj.org\/it\/#\/schema\/person\/358e26c18aca017fcc4cc15437f7279c","name":"Jacqueline ROTEN","image":{"@type":"ImageObject","inLanguage":"it-IT","@id":"https:\/\/secure.gravatar.com\/avatar\/5964256d6c6957de3a3505278957e0fb2a35119ac47ea41827a65301213c810b?s=96&d=mm&r=g","url":"https:\/\/secure.gravatar.com\/avatar\/5964256d6c6957de3a3505278957e0fb2a35119ac47ea41827a65301213c810b?s=96&d=mm&r=g","contentUrl":"https:\/\/secure.gravatar.com\/avatar\/5964256d6c6957de3a3505278957e0fb2a35119ac47ea41827a65301213c810b?s=96&d=mm&r=g","caption":"Jacqueline ROTEN"}}]}},"_links":{"self":[{"href":"https:\/\/www.iemj.org\/it\/wp-json\/wp\/v2\/posts\/115939","targetHints":{"allow":["GET"]}}],"collection":[{"href":"https:\/\/www.iemj.org\/it\/wp-json\/wp\/v2\/posts"}],"about":[{"href":"https:\/\/www.iemj.org\/it\/wp-json\/wp\/v2\/types\/post"}],"author":[{"embeddable":true,"href":"https:\/\/www.iemj.org\/it\/wp-json\/wp\/v2\/users\/5"}],"replies":[{"embeddable":true,"href":"https:\/\/www.iemj.org\/it\/wp-json\/wp\/v2\/comments?post=115939"}],"version-history":[{"count":0,"href":"https:\/\/www.iemj.org\/it\/wp-json\/wp\/v2\/posts\/115939\/revisions"}],"wp:featuredmedia":[{"embeddable":true,"href":"https:\/\/www.iemj.org\/it\/wp-json\/wp\/v2\/media\/115557"}],"wp:attachment":[{"href":"https:\/\/www.iemj.org\/it\/wp-json\/wp\/v2\/media?parent=115939"}],"wp:term":[{"taxonomy":"category","embeddable":true,"href":"https:\/\/www.iemj.org\/it\/wp-json\/wp\/v2\/categories?post=115939"},{"taxonomy":"post_tag","embeddable":true,"href":"https:\/\/www.iemj.org\/it\/wp-json\/wp\/v2\/tags?post=115939"},{"taxonomy":"technique","embeddable":true,"href":"https:\/\/www.iemj.org\/it\/wp-json\/wp\/v2\/technique?post=115939"},{"taxonomy":"squelettes","embeddable":true,"href":"https:\/\/www.iemj.org\/it\/wp-json\/wp\/v2\/squelettes?post=115939"},{"taxonomy":"sujet","embeddable":true,"href":"https:\/\/www.iemj.org\/it\/wp-json\/wp\/v2\/sujet?post=115939"},{"taxonomy":"formation","embeddable":true,"href":"https:\/\/www.iemj.org\/it\/wp-json\/wp\/v2\/formation?post=115939"},{"taxonomy":"genre","embeddable":true,"href":"https:\/\/www.iemj.org\/it\/wp-json\/wp\/v2\/genre?post=115939"},{"taxonomy":"fonds","embeddable":true,"href":"https:\/\/www.iemj.org\/it\/wp-json\/wp\/v2\/fonds?post=115939"},{"taxonomy":"tradition","embeddable":true,"href":"https:\/\/www.iemj.org\/it\/wp-json\/wp\/v2\/tradition?post=115939"},{"taxonomy":"type-de-contenu","embeddable":true,"href":"https:\/\/www.iemj.org\/it\/wp-json\/wp\/v2\/type-de-contenu?post=115939"},{"taxonomy":"interprete-compositeur","embeddable":true,"href":"https:\/\/www.iemj.org\/it\/wp-json\/wp\/v2\/interprete-compositeur?post=115939"},{"taxonomy":"frise","embeddable":true,"href":"https:\/\/www.iemj.org\/it\/wp-json\/wp\/v2\/frise?post=115939"},{"taxonomy":"type-devenement","embeddable":true,"href":"https:\/\/www.iemj.org\/it\/wp-json\/wp\/v2\/type-devenement?post=115939"},{"taxonomy":"tableaux-liens-externes","embeddable":true,"href":"https:\/\/www.iemj.org\/it\/wp-json\/wp\/v2\/tableaux-liens-externes?post=115939"}],"curies":[{"name":"wp","href":"https:\/\/api.w.org\/{rel}","templated":true}]}}