{"id":115994,"date":"2024-12-05T11:41:11","date_gmt":"2024-12-05T10:41:11","guid":{"rendered":"https:\/\/www.iemj.org\/cantata-shma-kolenu-une-oeuvre-majeure-de-itai-daniel-enfin-disponible-sur-partition\/"},"modified":"2025-08-28T16:33:22","modified_gmt":"2025-08-28T14:33:22","slug":"cantata-shma-kolenu-une-oeuvre-majeure-de-itai-daniel-enfin-disponible-sur-partition","status":"publish","type":"post","link":"https:\/\/www.iemj.org\/it\/cantata-shma-kolenu-une-oeuvre-majeure-de-itai-daniel-enfin-disponible-sur-partition\/","title":{"rendered":"Cantata Shma Kolenu di Ita\u00ef Daniel, finalmente disponibile su spartito!"},"content":{"rendered":"<p>L&#8217;Istituto Europeo di Musiche Ebraiche \u00e8 lieto di annunciare la pubblicazione della <strong>Cantata Shma kolenu<\/strong>, un&#8217;importante opera di <strong>lta\u00ef Daniel<\/strong>, per coro a 4 voci, baritono solo, clarinetto in La e trio d&#8217;archi.<\/p>\n<p>Nato in Israele nel 1967, <a href=\"https:\/\/www.iemj.org\/it\/daniel-itai-1967\/\" target=\"_blank\" rel=\"noopener\">lta\u00ef Daniel<\/a>, compositore, pianista e direttore d&#8217;orchestra, ha studiato musica all&#8217;Accademia di Musica dell&#8217;Universit\u00e0 di Tel Aviv e poi al Cleveland Institute of Music negli Stati Uniti. Stabilitosi a Parigi nel 2004, Ita\u00ef Daniel ha deciso di dedicarsi alla composizione. Direttore dell&#8217;<a href=\"https:\/\/www.iemj.org\/lensemble-choral-copernic-et-voci-copernic\/\" target=\"_blank\" rel=\"noopener\">Ensemble Choral Copernic<\/a> dal 2009, ha composto per questo ensemble numerosi brani di musica liturgica e popolare ebraica.<\/p>\n<p>Le sue opere pi\u00f9 importanti nella tradizione ebraica includono tre cantate principali (<em>Mahzor Hayim, Shma Kolenu e B&#8217;resh\u00eft<\/em>) e numerose composizioni, grandi e piccole, basate sulle principali preghiere e testi ebraici (<em>Kaddish, Oseh Shalom, Adon Olam, Kol Nidrei, Yotzer, Haskivenu, Shalom Rav<\/em> e molte altre).<\/p>\n<p>Dopo aver pubblicato la cantata <a href=\"https:\/\/www.iemj.org\/it\/itai-daniel-mahzor-hayim\/\" target=\"_blank\" rel=\"noopener\"><em>Mahzor Hayim<\/em><\/a> su CD nel 2018, l&#8221;Istituto Europeo di Musiche Ebraiche pubblica, alla fine del 2024 <em>Shma Kolenu<\/em>, una delle partiture pi\u00f9 imponenti e liriche di Ita\u00ef Daniel.<\/p>\n<p>Dal 2018, l&#8217;IEMJ ha pubblicato pi\u00f9 di trenta opere di Itai Daniel. La <em>Cantata Shma Kolenu<\/em> \u00e8 pubblicata in <strong>formato cartaceo e digitale.<\/strong><\/p>\n<h2><strong>Ascoltare estratti audio di :<\/strong><\/h2>\n<p><strong>Cantata Shma Kolenu &#8211; Avinu Malkenu (2\u00b0 Mvt) &#8211; Accompagnamento per pianoforte solo (Estratto)<\/strong><\/p>\n<audio class=\"wp-audio-shortcode\" id=\"audio-115994-1\" preload=\"none\" style=\"width: 100%;\" controls=\"controls\"><source type=\"audio\/mpeg\" src=\"https:\/\/www.iemj.org\/wp-content\/uploads\/2024\/12\/Cantata-Shma-Kolenu_Avinu-Malkenu-extract-mvt2_Accompaniment-with-piano-only.mp3?_=1\" \/><a href=\"https:\/\/www.iemj.org\/wp-content\/uploads\/2024\/12\/Cantata-Shma-Kolenu_Avinu-Malkenu-extract-mvt2_Accompaniment-with-piano-only.mp3\">https:\/\/www.iemj.org\/wp-content\/uploads\/2024\/12\/Cantata-Shma-Kolenu_Avinu-Malkenu-extract-mvt2_Accompaniment-with-piano-only.mp3<\/a><\/audio>\n<p><strong>Cantata Shma Kolenu &#8211; Slakh (3\u00b0 Mvt) &#8211; Accompagnamento per pianoforte solo (Estratto)<\/strong><\/p>\n<audio class=\"wp-audio-shortcode\" id=\"audio-115994-2\" preload=\"none\" style=\"width: 100%;\" controls=\"controls\"><source type=\"audio\/mpeg\" src=\"https:\/\/www.iemj.org\/wp-content\/uploads\/2024\/12\/Cantata-Shma-Kolenu_Slakh-extract-mvt3_Accompaniment-with-piano-only.mp3?_=2\" \/><a href=\"https:\/\/www.iemj.org\/wp-content\/uploads\/2024\/12\/Cantata-Shma-Kolenu_Slakh-extract-mvt3_Accompaniment-with-piano-only.mp3\">https:\/\/www.iemj.org\/wp-content\/uploads\/2024\/12\/Cantata-Shma-Kolenu_Slakh-extract-mvt3_Accompaniment-with-piano-only.mp3<\/a><\/audio>\n\n\n<div class=\"wp-block-buttons is-content-justification-center is-layout-flex wp-container-core-buttons-is-layout-16018d1d wp-block-buttons-is-layout-flex\">\n<div class=\"wp-block-button\"><a class=\"wp-block-button__link has-white-color has-text-color has-background has-link-color wp-element-button\" href=\"https:\/\/www.iemj.org\/it\/produit\/daniel-cantata-shma-kolenu-for-choir-baritone-solo-clarinet-in-a-and-string-trio\/\" style=\"background-color:#3c4b98\" target=\"_blank\" rel=\"noreferrer noopener\">Ordinare la <strong>Cantata Shma Kolenu<\/strong><\/a><\/div>\n<\/div>\n\n\n\n<div style=\"height:10px\" aria-hidden=\"true\" class=\"wp-block-spacer\"><\/div>\n\n\n\n<div class=\"wp-block-buttons alignwide has-white-background-color has-background is-content-justification-center is-layout-flex wp-container-core-buttons-is-layout-16018d1d wp-block-buttons-is-layout-flex\">\n<div class=\"wp-block-button\"><a class=\"wp-block-button__link has-white-color has-text-color has-background has-link-color wp-element-button\" href=\"https:\/\/www.iemj.org\/it\/categorie-produit\/spartiti-it\/compositori-it\/daniel-itai-it\/\" style=\"background-color:#3c4b98\" target=\"_blank\" rel=\"noreferrer noopener\">Consultare tutti gli spartiti di <strong>Ita\u00ef Daniel nel negozio IEMJ<\/strong><\/a><\/div>\n<\/div>\n\n\n\n<div class=\"wp-block-columns alignwide are-vertically-aligned-center is-layout-flex wp-container-core-columns-is-layout-9d6595d7 wp-block-columns-is-layout-flex\">\n<div class=\"wp-block-column is-vertically-aligned-center is-layout-flow wp-block-column-is-layout-flow\" style=\"flex-basis:33.33%\"><div class=\"wp-block-image\">\n<figure class=\"alignright size-full is-resized\"><a href=\"https:\/\/www.iemj.org\/it\/produit\/itai-daniel-mahzor-hayim\/\" target=\"_blank\" rel=\" noreferrer noopener\"><img decoding=\"async\" width=\"223\" height=\"220\" src=\"https:\/\/www.iemj.org\/wp-content\/uploads\/2018\/11\/mahzor.jpg\" alt=\"mahzor.jpg\" class=\"wp-image-21886\" style=\"width:198px;height:auto\" srcset=\"https:\/\/www.iemj.org\/wp-content\/uploads\/2018\/11\/mahzor.jpg 223w, https:\/\/www.iemj.org\/wp-content\/uploads\/2018\/11\/mahzor-100x100.jpg 100w\" sizes=\"(max-width: 223px) 100vw, 223px\" \/><\/a><\/figure>\n<\/div><\/div>\n\n\n\n<div class=\"wp-block-column is-vertically-aligned-center is-layout-flow wp-block-column-is-layout-flow\" style=\"flex-basis:66.66%\">\n<div class=\"wp-block-buttons is-layout-flex wp-block-buttons-is-layout-flex\">\n<div class=\"wp-block-button\"><a class=\"wp-block-button__link has-white-color has-text-color has-background has-link-color wp-element-button\" href=\"https:\/\/www.iemj.org\/it\/produit\/itai-daniel-mahzor-hayim\/\" style=\"background-color:#3c4b98\" target=\"_blank\" rel=\"noreferrer noopener\">Ordinare il CD <strong>Mahzor Hayim<\/strong><\/a><\/div>\n<\/div>\n<\/div>\n<\/div>\n\n\n<div class=\"wp-block-image\">\n<figure class=\"aligncenter size-large\"><img fetchpriority=\"high\" decoding=\"async\" width=\"1024\" height=\"133\" src=\"https:\/\/www.iemj.org\/wp-content\/uploads\/2024\/03\/AUDIO-PLAYER-1024x133.png\" alt=\"\" class=\"wp-image-110609\" srcset=\"https:\/\/www.iemj.org\/wp-content\/uploads\/2024\/03\/AUDIO-PLAYER-1024x133.png 1024w, https:\/\/www.iemj.org\/wp-content\/uploads\/2024\/03\/AUDIO-PLAYER-300x39.png 300w, https:\/\/www.iemj.org\/wp-content\/uploads\/2024\/03\/AUDIO-PLAYER-768x100.png 768w, https:\/\/www.iemj.org\/wp-content\/uploads\/2024\/03\/AUDIO-PLAYER-600x78.png 600w, https:\/\/www.iemj.org\/wp-content\/uploads\/2024\/03\/AUDIO-PLAYER.png 1210w\" sizes=\"(max-width: 1024px) 100vw, 1024px\" \/><\/figure>\n<\/div>","protected":false},"excerpt":{"rendered":"<p>L&#8217;Istituto Europeo di Musiche Ebraiche \u00e8 lieto di annunciare la pubblicazione della Cantata Shma kolenu, un&#8217;importante opera di lta\u00ef Daniel, per coro a 4 voci, baritono solo, clarinetto in La<\/p>\n","protected":false},"author":5,"featured_media":115497,"comment_status":"closed","ping_status":"closed","sticky":false,"template":"","format":"standard","meta":{"_acf_changed":false,"footnotes":""},"categories":[1361,1397],"tags":[],"technique":[],"squelettes":[],"sujet":[],"formation":[],"genre":[1901],"fonds":[],"tradition":[],"type-de-contenu":[],"interprete-compositeur":[3182],"frise":[],"type-devenement":[],"tableaux-liens-externes":[],"class_list":["post-115994","post","type-post","status-publish","format-standard","has-post-thumbnail","hentry","category-pubblicazioni-it","category-spartiti-iemj-it","genre-musica-classica-it","interprete-compositeur-itai-daniel-it-2"],"acf":[],"yoast_head":"<!-- This site is optimized with the Yoast SEO plugin v27.3 - https:\/\/yoast.com\/product\/yoast-seo-wordpress\/ -->\n<title>Cantata Shma Kolenu di Ita\u00ef Daniel, finalmente disponibile su spartito! - Institut Europ\u00e9en des Musiques Juives<\/title>\n<meta name=\"robots\" content=\"index, follow, max-snippet:-1, max-image-preview:large, max-video-preview:-1\" \/>\n<link rel=\"canonical\" href=\"https:\/\/www.iemj.org\/it\/cantata-shma-kolenu-une-oeuvre-majeure-de-itai-daniel-enfin-disponible-sur-partition\/\" \/>\n<meta property=\"og:locale\" content=\"it_IT\" \/>\n<meta property=\"og:type\" content=\"article\" \/>\n<meta property=\"og:title\" content=\"Cantata Shma Kolenu di Ita\u00ef Daniel, finalmente disponibile su spartito! - Institut Europ\u00e9en des Musiques Juives\" \/>\n<meta property=\"og:description\" content=\"L&#8217;Istituto Europeo di Musiche Ebraiche \u00e8 lieto di annunciare la pubblicazione della Cantata Shma kolenu, un&#8217;importante opera di lta\u00ef Daniel, per coro a 4 voci, baritono solo, clarinetto in La\" \/>\n<meta property=\"og:url\" content=\"https:\/\/www.iemj.org\/it\/cantata-shma-kolenu-une-oeuvre-majeure-de-itai-daniel-enfin-disponible-sur-partition\/\" \/>\n<meta property=\"og:site_name\" content=\"Institut Europ\u00e9en des Musiques Juives\" \/>\n<meta property=\"article:publisher\" content=\"https:\/\/www.facebook.com\/MusiquesJuives\/\" \/>\n<meta property=\"article:published_time\" content=\"2024-12-05T10:41:11+00:00\" \/>\n<meta property=\"article:modified_time\" content=\"2025-08-28T14:33:22+00:00\" \/>\n<meta property=\"og:image\" content=\"https:\/\/www.iemj.org\/wp-content\/uploads\/2024\/12\/Logo-Partition-Cantata-Shma-K.jpg\" \/>\n\t<meta property=\"og:image:width\" content=\"500\" \/>\n\t<meta property=\"og:image:height\" content=\"500\" \/>\n\t<meta property=\"og:image:type\" content=\"image\/jpeg\" \/>\n<meta name=\"author\" content=\"Jacqueline ROTEN\" \/>\n<meta name=\"twitter:card\" content=\"summary_large_image\" \/>\n<meta name=\"twitter:label1\" content=\"Scritto da\" \/>\n\t<meta name=\"twitter:data1\" content=\"Jacqueline ROTEN\" \/>\n\t<meta name=\"twitter:label2\" content=\"Tempo di lettura stimato\" \/>\n\t<meta name=\"twitter:data2\" content=\"2 minuti\" \/>\n<script type=\"application\/ld+json\" class=\"yoast-schema-graph\">{\"@context\":\"https:\\\/\\\/schema.org\",\"@graph\":[{\"@type\":\"Article\",\"@id\":\"https:\\\/\\\/www.iemj.org\\\/it\\\/cantata-shma-kolenu-une-oeuvre-majeure-de-itai-daniel-enfin-disponible-sur-partition\\\/#article\",\"isPartOf\":{\"@id\":\"https:\\\/\\\/www.iemj.org\\\/it\\\/cantata-shma-kolenu-une-oeuvre-majeure-de-itai-daniel-enfin-disponible-sur-partition\\\/\"},\"author\":{\"name\":\"Jacqueline ROTEN\",\"@id\":\"https:\\\/\\\/www.iemj.org\\\/it\\\/#\\\/schema\\\/person\\\/358e26c18aca017fcc4cc15437f7279c\"},\"headline\":\"Cantata Shma Kolenu di Ita\u00ef Daniel, finalmente disponibile su spartito!\",\"datePublished\":\"2024-12-05T10:41:11+00:00\",\"dateModified\":\"2025-08-28T14:33:22+00:00\",\"mainEntityOfPage\":{\"@id\":\"https:\\\/\\\/www.iemj.org\\\/it\\\/cantata-shma-kolenu-une-oeuvre-majeure-de-itai-daniel-enfin-disponible-sur-partition\\\/\"},\"wordCount\":285,\"publisher\":{\"@id\":\"https:\\\/\\\/www.iemj.org\\\/it\\\/#organization\"},\"image\":{\"@id\":\"https:\\\/\\\/www.iemj.org\\\/it\\\/cantata-shma-kolenu-une-oeuvre-majeure-de-itai-daniel-enfin-disponible-sur-partition\\\/#primaryimage\"},\"thumbnailUrl\":\"https:\\\/\\\/www.iemj.org\\\/wp-content\\\/uploads\\\/2024\\\/12\\\/Logo-Partition-Cantata-Shma-K.jpg\",\"articleSection\":[\"Pubblicazioni\",\"Spartiti IEMJ\"],\"inLanguage\":\"it-IT\"},{\"@type\":\"WebPage\",\"@id\":\"https:\\\/\\\/www.iemj.org\\\/it\\\/cantata-shma-kolenu-une-oeuvre-majeure-de-itai-daniel-enfin-disponible-sur-partition\\\/\",\"url\":\"https:\\\/\\\/www.iemj.org\\\/it\\\/cantata-shma-kolenu-une-oeuvre-majeure-de-itai-daniel-enfin-disponible-sur-partition\\\/\",\"name\":\"Cantata Shma Kolenu di Ita\u00ef Daniel, finalmente disponibile su spartito! - Institut Europ\u00e9en des Musiques Juives\",\"isPartOf\":{\"@id\":\"https:\\\/\\\/www.iemj.org\\\/it\\\/#website\"},\"primaryImageOfPage\":{\"@id\":\"https:\\\/\\\/www.iemj.org\\\/it\\\/cantata-shma-kolenu-une-oeuvre-majeure-de-itai-daniel-enfin-disponible-sur-partition\\\/#primaryimage\"},\"image\":{\"@id\":\"https:\\\/\\\/www.iemj.org\\\/it\\\/cantata-shma-kolenu-une-oeuvre-majeure-de-itai-daniel-enfin-disponible-sur-partition\\\/#primaryimage\"},\"thumbnailUrl\":\"https:\\\/\\\/www.iemj.org\\\/wp-content\\\/uploads\\\/2024\\\/12\\\/Logo-Partition-Cantata-Shma-K.jpg\",\"datePublished\":\"2024-12-05T10:41:11+00:00\",\"dateModified\":\"2025-08-28T14:33:22+00:00\",\"breadcrumb\":{\"@id\":\"https:\\\/\\\/www.iemj.org\\\/it\\\/cantata-shma-kolenu-une-oeuvre-majeure-de-itai-daniel-enfin-disponible-sur-partition\\\/#breadcrumb\"},\"inLanguage\":\"it-IT\",\"potentialAction\":[{\"@type\":\"ReadAction\",\"target\":[\"https:\\\/\\\/www.iemj.org\\\/it\\\/cantata-shma-kolenu-une-oeuvre-majeure-de-itai-daniel-enfin-disponible-sur-partition\\\/\"]}]},{\"@type\":\"ImageObject\",\"inLanguage\":\"it-IT\",\"@id\":\"https:\\\/\\\/www.iemj.org\\\/it\\\/cantata-shma-kolenu-une-oeuvre-majeure-de-itai-daniel-enfin-disponible-sur-partition\\\/#primaryimage\",\"url\":\"https:\\\/\\\/www.iemj.org\\\/wp-content\\\/uploads\\\/2024\\\/12\\\/Logo-Partition-Cantata-Shma-K.jpg\",\"contentUrl\":\"https:\\\/\\\/www.iemj.org\\\/wp-content\\\/uploads\\\/2024\\\/12\\\/Logo-Partition-Cantata-Shma-K.jpg\",\"width\":500,\"height\":500},{\"@type\":\"BreadcrumbList\",\"@id\":\"https:\\\/\\\/www.iemj.org\\\/it\\\/cantata-shma-kolenu-une-oeuvre-majeure-de-itai-daniel-enfin-disponible-sur-partition\\\/#breadcrumb\",\"itemListElement\":[{\"@type\":\"ListItem\",\"position\":1,\"name\":\"Accueil\",\"item\":\"https:\\\/\\\/www.iemj.org\\\/it\\\/\"},{\"@type\":\"ListItem\",\"position\":2,\"name\":\"Cantata Shma Kolenu di Ita\u00ef Daniel, finalmente disponibile su spartito!\"}]},{\"@type\":\"WebSite\",\"@id\":\"https:\\\/\\\/www.iemj.org\\\/it\\\/#website\",\"url\":\"https:\\\/\\\/www.iemj.org\\\/it\\\/\",\"name\":\"Institut Europ\u00e9en des Musiques Juives\",\"description\":\"Des traditions musicales \u00e0 la port\u00e9e de tous\",\"publisher\":{\"@id\":\"https:\\\/\\\/www.iemj.org\\\/it\\\/#organization\"},\"potentialAction\":[{\"@type\":\"SearchAction\",\"target\":{\"@type\":\"EntryPoint\",\"urlTemplate\":\"https:\\\/\\\/www.iemj.org\\\/it\\\/?s={search_term_string}\"},\"query-input\":{\"@type\":\"PropertyValueSpecification\",\"valueRequired\":true,\"valueName\":\"search_term_string\"}}],\"inLanguage\":\"it-IT\"},{\"@type\":\"Organization\",\"@id\":\"https:\\\/\\\/www.iemj.org\\\/it\\\/#organization\",\"name\":\"Institut Europ\u00e9en des Musiques Juives\",\"url\":\"https:\\\/\\\/www.iemj.org\\\/it\\\/\",\"logo\":{\"@type\":\"ImageObject\",\"inLanguage\":\"it-IT\",\"@id\":\"https:\\\/\\\/www.iemj.org\\\/it\\\/#\\\/schema\\\/logo\\\/image\\\/\",\"url\":\"https:\\\/\\\/www.iemj.org\\\/wp-content\\\/uploads\\\/2021\\\/09\\\/Logo-IEMJ-Paypal.jpg\",\"contentUrl\":\"https:\\\/\\\/www.iemj.org\\\/wp-content\\\/uploads\\\/2021\\\/09\\\/Logo-IEMJ-Paypal.jpg\",\"width\":150,\"height\":50,\"caption\":\"Institut Europ\u00e9en des Musiques Juives\"},\"image\":{\"@id\":\"https:\\\/\\\/www.iemj.org\\\/it\\\/#\\\/schema\\\/logo\\\/image\\\/\"},\"sameAs\":[\"https:\\\/\\\/www.facebook.com\\\/MusiquesJuives\\\/\",\"https:\\\/\\\/www.instagram.com\\\/musiquesjuives\\\/\",\"https:\\\/\\\/www.youtube.com\\\/user\\\/musiquesjuives\"]},{\"@type\":\"Person\",\"@id\":\"https:\\\/\\\/www.iemj.org\\\/it\\\/#\\\/schema\\\/person\\\/358e26c18aca017fcc4cc15437f7279c\",\"name\":\"Jacqueline ROTEN\",\"image\":{\"@type\":\"ImageObject\",\"inLanguage\":\"it-IT\",\"@id\":\"https:\\\/\\\/secure.gravatar.com\\\/avatar\\\/5964256d6c6957de3a3505278957e0fb2a35119ac47ea41827a65301213c810b?s=96&d=mm&r=g\",\"url\":\"https:\\\/\\\/secure.gravatar.com\\\/avatar\\\/5964256d6c6957de3a3505278957e0fb2a35119ac47ea41827a65301213c810b?s=96&d=mm&r=g\",\"contentUrl\":\"https:\\\/\\\/secure.gravatar.com\\\/avatar\\\/5964256d6c6957de3a3505278957e0fb2a35119ac47ea41827a65301213c810b?s=96&d=mm&r=g\",\"caption\":\"Jacqueline ROTEN\"}}]}<\/script>\n<!-- \/ Yoast SEO plugin. -->","yoast_head_json":{"title":"Cantata Shma Kolenu di Ita\u00ef Daniel, finalmente disponibile su spartito! - Institut Europ\u00e9en des Musiques Juives","robots":{"index":"index","follow":"follow","max-snippet":"max-snippet:-1","max-image-preview":"max-image-preview:large","max-video-preview":"max-video-preview:-1"},"canonical":"https:\/\/www.iemj.org\/it\/cantata-shma-kolenu-une-oeuvre-majeure-de-itai-daniel-enfin-disponible-sur-partition\/","og_locale":"it_IT","og_type":"article","og_title":"Cantata Shma Kolenu di Ita\u00ef Daniel, finalmente disponibile su spartito! - Institut Europ\u00e9en des Musiques Juives","og_description":"L&#8217;Istituto Europeo di Musiche Ebraiche \u00e8 lieto di annunciare la pubblicazione della Cantata Shma kolenu, un&#8217;importante opera di lta\u00ef Daniel, per coro a 4 voci, baritono solo, clarinetto in La","og_url":"https:\/\/www.iemj.org\/it\/cantata-shma-kolenu-une-oeuvre-majeure-de-itai-daniel-enfin-disponible-sur-partition\/","og_site_name":"Institut Europ\u00e9en des Musiques Juives","article_publisher":"https:\/\/www.facebook.com\/MusiquesJuives\/","article_published_time":"2024-12-05T10:41:11+00:00","article_modified_time":"2025-08-28T14:33:22+00:00","og_image":[{"width":500,"height":500,"url":"https:\/\/www.iemj.org\/wp-content\/uploads\/2024\/12\/Logo-Partition-Cantata-Shma-K.jpg","type":"image\/jpeg"}],"author":"Jacqueline ROTEN","twitter_card":"summary_large_image","twitter_misc":{"Scritto da":"Jacqueline ROTEN","Tempo di lettura stimato":"2 minuti"},"schema":{"@context":"https:\/\/schema.org","@graph":[{"@type":"Article","@id":"https:\/\/www.iemj.org\/it\/cantata-shma-kolenu-une-oeuvre-majeure-de-itai-daniel-enfin-disponible-sur-partition\/#article","isPartOf":{"@id":"https:\/\/www.iemj.org\/it\/cantata-shma-kolenu-une-oeuvre-majeure-de-itai-daniel-enfin-disponible-sur-partition\/"},"author":{"name":"Jacqueline ROTEN","@id":"https:\/\/www.iemj.org\/it\/#\/schema\/person\/358e26c18aca017fcc4cc15437f7279c"},"headline":"Cantata Shma Kolenu di Ita\u00ef Daniel, finalmente disponibile su spartito!","datePublished":"2024-12-05T10:41:11+00:00","dateModified":"2025-08-28T14:33:22+00:00","mainEntityOfPage":{"@id":"https:\/\/www.iemj.org\/it\/cantata-shma-kolenu-une-oeuvre-majeure-de-itai-daniel-enfin-disponible-sur-partition\/"},"wordCount":285,"publisher":{"@id":"https:\/\/www.iemj.org\/it\/#organization"},"image":{"@id":"https:\/\/www.iemj.org\/it\/cantata-shma-kolenu-une-oeuvre-majeure-de-itai-daniel-enfin-disponible-sur-partition\/#primaryimage"},"thumbnailUrl":"https:\/\/www.iemj.org\/wp-content\/uploads\/2024\/12\/Logo-Partition-Cantata-Shma-K.jpg","articleSection":["Pubblicazioni","Spartiti IEMJ"],"inLanguage":"it-IT"},{"@type":"WebPage","@id":"https:\/\/www.iemj.org\/it\/cantata-shma-kolenu-une-oeuvre-majeure-de-itai-daniel-enfin-disponible-sur-partition\/","url":"https:\/\/www.iemj.org\/it\/cantata-shma-kolenu-une-oeuvre-majeure-de-itai-daniel-enfin-disponible-sur-partition\/","name":"Cantata Shma Kolenu di Ita\u00ef Daniel, finalmente disponibile su spartito! - Institut Europ\u00e9en des Musiques Juives","isPartOf":{"@id":"https:\/\/www.iemj.org\/it\/#website"},"primaryImageOfPage":{"@id":"https:\/\/www.iemj.org\/it\/cantata-shma-kolenu-une-oeuvre-majeure-de-itai-daniel-enfin-disponible-sur-partition\/#primaryimage"},"image":{"@id":"https:\/\/www.iemj.org\/it\/cantata-shma-kolenu-une-oeuvre-majeure-de-itai-daniel-enfin-disponible-sur-partition\/#primaryimage"},"thumbnailUrl":"https:\/\/www.iemj.org\/wp-content\/uploads\/2024\/12\/Logo-Partition-Cantata-Shma-K.jpg","datePublished":"2024-12-05T10:41:11+00:00","dateModified":"2025-08-28T14:33:22+00:00","breadcrumb":{"@id":"https:\/\/www.iemj.org\/it\/cantata-shma-kolenu-une-oeuvre-majeure-de-itai-daniel-enfin-disponible-sur-partition\/#breadcrumb"},"inLanguage":"it-IT","potentialAction":[{"@type":"ReadAction","target":["https:\/\/www.iemj.org\/it\/cantata-shma-kolenu-une-oeuvre-majeure-de-itai-daniel-enfin-disponible-sur-partition\/"]}]},{"@type":"ImageObject","inLanguage":"it-IT","@id":"https:\/\/www.iemj.org\/it\/cantata-shma-kolenu-une-oeuvre-majeure-de-itai-daniel-enfin-disponible-sur-partition\/#primaryimage","url":"https:\/\/www.iemj.org\/wp-content\/uploads\/2024\/12\/Logo-Partition-Cantata-Shma-K.jpg","contentUrl":"https:\/\/www.iemj.org\/wp-content\/uploads\/2024\/12\/Logo-Partition-Cantata-Shma-K.jpg","width":500,"height":500},{"@type":"BreadcrumbList","@id":"https:\/\/www.iemj.org\/it\/cantata-shma-kolenu-une-oeuvre-majeure-de-itai-daniel-enfin-disponible-sur-partition\/#breadcrumb","itemListElement":[{"@type":"ListItem","position":1,"name":"Accueil","item":"https:\/\/www.iemj.org\/it\/"},{"@type":"ListItem","position":2,"name":"Cantata Shma Kolenu di Ita\u00ef Daniel, finalmente disponibile su spartito!"}]},{"@type":"WebSite","@id":"https:\/\/www.iemj.org\/it\/#website","url":"https:\/\/www.iemj.org\/it\/","name":"Institut Europ\u00e9en des Musiques Juives","description":"Des traditions musicales \u00e0 la port\u00e9e de tous","publisher":{"@id":"https:\/\/www.iemj.org\/it\/#organization"},"potentialAction":[{"@type":"SearchAction","target":{"@type":"EntryPoint","urlTemplate":"https:\/\/www.iemj.org\/it\/?s={search_term_string}"},"query-input":{"@type":"PropertyValueSpecification","valueRequired":true,"valueName":"search_term_string"}}],"inLanguage":"it-IT"},{"@type":"Organization","@id":"https:\/\/www.iemj.org\/it\/#organization","name":"Institut Europ\u00e9en des Musiques Juives","url":"https:\/\/www.iemj.org\/it\/","logo":{"@type":"ImageObject","inLanguage":"it-IT","@id":"https:\/\/www.iemj.org\/it\/#\/schema\/logo\/image\/","url":"https:\/\/www.iemj.org\/wp-content\/uploads\/2021\/09\/Logo-IEMJ-Paypal.jpg","contentUrl":"https:\/\/www.iemj.org\/wp-content\/uploads\/2021\/09\/Logo-IEMJ-Paypal.jpg","width":150,"height":50,"caption":"Institut Europ\u00e9en des Musiques Juives"},"image":{"@id":"https:\/\/www.iemj.org\/it\/#\/schema\/logo\/image\/"},"sameAs":["https:\/\/www.facebook.com\/MusiquesJuives\/","https:\/\/www.instagram.com\/musiquesjuives\/","https:\/\/www.youtube.com\/user\/musiquesjuives"]},{"@type":"Person","@id":"https:\/\/www.iemj.org\/it\/#\/schema\/person\/358e26c18aca017fcc4cc15437f7279c","name":"Jacqueline ROTEN","image":{"@type":"ImageObject","inLanguage":"it-IT","@id":"https:\/\/secure.gravatar.com\/avatar\/5964256d6c6957de3a3505278957e0fb2a35119ac47ea41827a65301213c810b?s=96&d=mm&r=g","url":"https:\/\/secure.gravatar.com\/avatar\/5964256d6c6957de3a3505278957e0fb2a35119ac47ea41827a65301213c810b?s=96&d=mm&r=g","contentUrl":"https:\/\/secure.gravatar.com\/avatar\/5964256d6c6957de3a3505278957e0fb2a35119ac47ea41827a65301213c810b?s=96&d=mm&r=g","caption":"Jacqueline ROTEN"}}]}},"_links":{"self":[{"href":"https:\/\/www.iemj.org\/it\/wp-json\/wp\/v2\/posts\/115994","targetHints":{"allow":["GET"]}}],"collection":[{"href":"https:\/\/www.iemj.org\/it\/wp-json\/wp\/v2\/posts"}],"about":[{"href":"https:\/\/www.iemj.org\/it\/wp-json\/wp\/v2\/types\/post"}],"author":[{"embeddable":true,"href":"https:\/\/www.iemj.org\/it\/wp-json\/wp\/v2\/users\/5"}],"replies":[{"embeddable":true,"href":"https:\/\/www.iemj.org\/it\/wp-json\/wp\/v2\/comments?post=115994"}],"version-history":[{"count":0,"href":"https:\/\/www.iemj.org\/it\/wp-json\/wp\/v2\/posts\/115994\/revisions"}],"wp:featuredmedia":[{"embeddable":true,"href":"https:\/\/www.iemj.org\/it\/wp-json\/wp\/v2\/media\/115497"}],"wp:attachment":[{"href":"https:\/\/www.iemj.org\/it\/wp-json\/wp\/v2\/media?parent=115994"}],"wp:term":[{"taxonomy":"category","embeddable":true,"href":"https:\/\/www.iemj.org\/it\/wp-json\/wp\/v2\/categories?post=115994"},{"taxonomy":"post_tag","embeddable":true,"href":"https:\/\/www.iemj.org\/it\/wp-json\/wp\/v2\/tags?post=115994"},{"taxonomy":"technique","embeddable":true,"href":"https:\/\/www.iemj.org\/it\/wp-json\/wp\/v2\/technique?post=115994"},{"taxonomy":"squelettes","embeddable":true,"href":"https:\/\/www.iemj.org\/it\/wp-json\/wp\/v2\/squelettes?post=115994"},{"taxonomy":"sujet","embeddable":true,"href":"https:\/\/www.iemj.org\/it\/wp-json\/wp\/v2\/sujet?post=115994"},{"taxonomy":"formation","embeddable":true,"href":"https:\/\/www.iemj.org\/it\/wp-json\/wp\/v2\/formation?post=115994"},{"taxonomy":"genre","embeddable":true,"href":"https:\/\/www.iemj.org\/it\/wp-json\/wp\/v2\/genre?post=115994"},{"taxonomy":"fonds","embeddable":true,"href":"https:\/\/www.iemj.org\/it\/wp-json\/wp\/v2\/fonds?post=115994"},{"taxonomy":"tradition","embeddable":true,"href":"https:\/\/www.iemj.org\/it\/wp-json\/wp\/v2\/tradition?post=115994"},{"taxonomy":"type-de-contenu","embeddable":true,"href":"https:\/\/www.iemj.org\/it\/wp-json\/wp\/v2\/type-de-contenu?post=115994"},{"taxonomy":"interprete-compositeur","embeddable":true,"href":"https:\/\/www.iemj.org\/it\/wp-json\/wp\/v2\/interprete-compositeur?post=115994"},{"taxonomy":"frise","embeddable":true,"href":"https:\/\/www.iemj.org\/it\/wp-json\/wp\/v2\/frise?post=115994"},{"taxonomy":"type-devenement","embeddable":true,"href":"https:\/\/www.iemj.org\/it\/wp-json\/wp\/v2\/type-devenement?post=115994"},{"taxonomy":"tableaux-liens-externes","embeddable":true,"href":"https:\/\/www.iemj.org\/it\/wp-json\/wp\/v2\/tableaux-liens-externes?post=115994"}],"curies":[{"name":"wp","href":"https:\/\/api.w.org\/{rel}","templated":true}]}}