{"id":117314,"date":"2025-01-27T10:39:19","date_gmt":"2025-01-27T09:39:19","guid":{"rendered":"https:\/\/www.iemj.org\/fonds-de-lalliance-israelite-universelle-aiu\/"},"modified":"2025-01-30T15:11:11","modified_gmt":"2025-01-30T14:11:11","slug":"fonds-de-lalliance-israelite-universelle-aiu","status":"publish","type":"post","link":"https:\/\/www.iemj.org\/it\/fonds-de-lalliance-israelite-universelle-aiu\/","title":{"rendered":"Fondo dell\u2019Alliance Isra\u00e9lite Universelle (AIU)"},"content":{"rendered":"<p>Con i suoi 165.000 libri e 1.500.000 documenti d&#8217;archivio, la <a href=\"https:\/\/www.aiu.org\/fr\/biblioth%C3%A8que\" target=\"_blank\" rel=\"noopener\">biblioteca dell\u2019Alliance Isra\u00e9lite Universelle <\/a>\u00e8 una delle pi\u00f9 grandi biblioteche ebraiche del mondo. Fu fondata nel 1860, contemporaneamente alla <a href=\"https:\/\/www.aiu.org\/fr\/appel-de-1860-creation-de-laiu\" target=\"_blank\" rel=\"noopener\">la nascita dell\u2019Alliance<\/a> da sei giovani israeliti francesi<span class=\"footnote_referrer\"><a role=\"button\" tabindex=\"0\" onclick=\"footnote_moveToReference_117314_1('footnote_plugin_reference_117314_1_1');\" onkeypress=\"footnote_moveToReference_117314_1('footnote_plugin_reference_117314_1_1');\" ><sup id=\"footnote_plugin_tooltip_117314_1_1\" class=\"footnote_plugin_tooltip_text\">[1]<\/sup><\/a><span id=\"footnote_plugin_tooltip_text_117314_1_1\" class=\"footnote_tooltip\">Aristide Astruc, Isidore Cahen, Jules Carvallo, Narcisse Leven, Eug\u00e8ne Manuel e Charles Netter.<\/span><\/span><script type=\"text\/javascript\"> jQuery('#footnote_plugin_tooltip_117314_1_1').tooltip({ tip: '#footnote_plugin_tooltip_text_117314_1_1', tipClass: 'footnote_tooltip', effect: 'fade', predelay: 0, fadeInSpeed: 200, delay: 400, fadeOutSpeed: 200, position: 'top center', relative: true, offset: [-7, 0], });<\/script> animati dallo spirito dell&#8217;Illuminismo. La sua missione principale era difendere gli ebrei perseguitati e lavorare per la loro emancipazione attraverso la \u201crigenerazione\u201d e la modernizzazione, promuovendo la lingua e la cultura francese.<\/p>\n<p>Alla fine degli anni Ottanta, l&#8217;Alliance Isra\u00e9lite Universelle (AIU) ha ospitato l&#8217;<a href=\"https:\/\/www.fondationjudaisme.org\/fr\/Dons\/Faire-un-don-en-ligne.html?fondation=36\" target=\"_blank\" rel=\"noopener\">l\u2019associazione Yuval<\/a> per la conservazione delle tradizioni musicali ebraiche nei suoi locali della rue La Bruy\u00e8re (75009 Parigi). Nel 2006, insieme alla <a href=\"https:\/\/www.fondationjudaisme.org\/fr\/Dons\/Faire-un-don-en-ligne.html?fondation=36\" target=\"_blank\" rel=\"noopener\">Fondation Henriette Halphen<\/a> e alla <a href=\"https:\/\/www.fondationjudaisme.org\/fr\/Dons\/Faire-un-don-en-ligne.html?fondation=36\" target=\"_blank\" rel=\"noopener\">Fondation Henriette Halphen<\/a>, Yuval ha co-fondato l&#8217;Institut Europ\u00e9en des Musiques Juives, che \u00e8 rimasto in stretto contatto con l&#8217;AIU.<\/p>\n<p><img fetchpriority=\"high\" decoding=\"async\" class=\"size-medium wp-image-117280 alignright\" src=\"https:\/\/www.iemj.org\/wp-content\/uploads\/2025\/01\/P_4836_VIG_Partition-Hymne-a-lAlliance-Alexandre-Brody-195x300.jpg\" alt=\"\" width=\"195\" height=\"300\" srcset=\"https:\/\/www.iemj.org\/wp-content\/uploads\/2025\/01\/P_4836_VIG_Partition-Hymne-a-lAlliance-Alexandre-Brody-195x300.jpg 195w, https:\/\/www.iemj.org\/wp-content\/uploads\/2025\/01\/P_4836_VIG_Partition-Hymne-a-lAlliance-Alexandre-Brody.jpg 260w\" sizes=\"(max-width: 195px) 100vw, 195px\" \/>In diverse occasioni, l&#8217;AIU ha depositato collezioni musicali presso l&#8217;IEMJ. Il 20 dicembre 2023, il direttore della biblioteca dell&#8217;AIU, Jean-Claude Kuperminc, ha consegnato all&#8217;IEMJ un insieme di documenti (dischi a 45 e 33 giri, spartiti e archivi vari) che sono andati ad aggiungersi ed a completare la collezione dell&#8217;AIU, che ora conta pi\u00f9 di cento documenti.<\/p>\n<p>Questi includono tre rari spartiti a stampa e manoscritti dedicati all&#8217; Alliance:<\/p>\n<ul>\n<li><em>L\u2019hymne \u00e0 l\u2019Alliance<\/em> di Alexandre Brody dedicato a Narcisse Leven, presidente della AIU dal 1898 al 1915<\/li>\n<li><em>Hommage \u00e0 l\u2019Alliance<\/em> di Mr. F. (?) Goldenberg su testo di Judith Rousso<\/li>\n<li><em>Salut \u00e0 l\u2019Alliance<\/em> (1912) dedicato anch&#8217;esso a Narcisse Leven, con parole e musica dell&#8217; &#8220;allievo <a href=\"https:\/\/www.iemj.org\/it\/hemsi-alberto-1898-1975\/\" target=\"_blank\" rel=\"noopener\">Alberto Hemsi<\/a>&#8220;, allora sedicenne.<\/li>\n<\/ul>\n<p><img decoding=\"async\" class=\"size-medium wp-image-117275 alignleft\" src=\"https:\/\/www.iemj.org\/wp-content\/uploads\/2025\/01\/L_1038_Catalogue-general-de-la-Discotheque-du-Centre-communautaire-de-la-rue-Poissonniere-228x300.jpg\" alt=\"\" width=\"228\" height=\"300\" srcset=\"https:\/\/www.iemj.org\/wp-content\/uploads\/2025\/01\/L_1038_Catalogue-general-de-la-Discotheque-du-Centre-communautaire-de-la-rue-Poissonniere-228x300.jpg 228w, https:\/\/www.iemj.org\/wp-content\/uploads\/2025\/01\/L_1038_Catalogue-general-de-la-Discotheque-du-Centre-communautaire-de-la-rue-Poissonniere-600x789.jpg 600w, https:\/\/www.iemj.org\/wp-content\/uploads\/2025\/01\/L_1038_Catalogue-general-de-la-Discotheque-du-Centre-communautaire-de-la-rue-Poissonniere.jpg 661w\" sizes=\"(max-width: 228px) 100vw, 228px\" \/>Da segnalare anche il <em>Catalogue g\u00e9n\u00e9ral de la discoth\u00e8que du Service Technique pour l\u2019Education<\/em> (Catalogo generale della discoteca del Servizio Tecnico per l&#8217;Educazione) del Fonds Social Juif Unifi\u00e9 (United Jewish Welfare Fund), discoteca che allora si trovava nei locali del Centro Comunitario della rue Poissonni\u00e8re a Parigi. Questo catalogo delle collezioni, redatto da Ch. Rosenthal nel 1969, elenca 425 dischi di musica classica, liturgica e paraliturgica, musica popolare, dizione e musica per bambini e ragazzi. Questo documento \u00e8 tanto pi\u00f9 prezioso in quanto fornisce un quadro preciso delle collezioni musicali ebraiche alla fine degli anni Sessanta, il cui destino \u00e8 oggi completamente sconosciuto.<\/p>\n<p>Tra i documenti audio della collezione AIU vi sono registrazioni di canzoni yiddish (Myriam Fuks, Ana Vinocur, Espe, David Peled, ecc.), canti hassidici e liturgici (Lubavitcher Nigunim, Moshe Koussevitzky, Zawel Kwartin, Haim Harboun, ecc.) e musica israeliana dagli anni Cinquanta agli anni Settanta.<\/p>\n\n\n<div class=\"wp-block-columns are-vertically-aligned-center is-layout-flex wp-container-core-columns-is-layout-9d6595d7 wp-block-columns-is-layout-flex\">\n<div class=\"wp-block-column is-vertically-aligned-center is-layout-flow wp-block-column-is-layout-flow\">\n<figure class=\"wp-block-image size-full\"><img decoding=\"async\" width=\"766\" height=\"800\" src=\"https:\/\/www.iemj.org\/wp-content\/uploads\/2025\/01\/D33-30_370_VIG_33-trs-The-Lord-is-one_Chorus-of-the-Israeli-Temple-of-Milan.jpg\" alt=\"\" class=\"wp-image-117260\" srcset=\"https:\/\/www.iemj.org\/wp-content\/uploads\/2025\/01\/D33-30_370_VIG_33-trs-The-Lord-is-one_Chorus-of-the-Israeli-Temple-of-Milan.jpg 766w, https:\/\/www.iemj.org\/wp-content\/uploads\/2025\/01\/D33-30_370_VIG_33-trs-The-Lord-is-one_Chorus-of-the-Israeli-Temple-of-Milan-287x300.jpg 287w, https:\/\/www.iemj.org\/wp-content\/uploads\/2025\/01\/D33-30_370_VIG_33-trs-The-Lord-is-one_Chorus-of-the-Israeli-Temple-of-Milan-600x627.jpg 600w\" sizes=\"(max-width: 766px) 100vw, 766px\" \/><\/figure>\n<\/div>\n\n\n\n<div class=\"wp-block-column is-vertically-aligned-center is-layout-flow wp-block-column-is-layout-flow\">\n<figure class=\"wp-block-image size-full\"><img loading=\"lazy\" decoding=\"async\" width=\"756\" height=\"800\" src=\"https:\/\/www.iemj.org\/wp-content\/uploads\/2025\/01\/D33-30_369_VIG_Songs-of-the-Ghetto-and-Jewish-Folklore.jpg\" alt=\"\" class=\"wp-image-117255\" srcset=\"https:\/\/www.iemj.org\/wp-content\/uploads\/2025\/01\/D33-30_369_VIG_Songs-of-the-Ghetto-and-Jewish-Folklore.jpg 756w, https:\/\/www.iemj.org\/wp-content\/uploads\/2025\/01\/D33-30_369_VIG_Songs-of-the-Ghetto-and-Jewish-Folklore-284x300.jpg 284w, https:\/\/www.iemj.org\/wp-content\/uploads\/2025\/01\/D33-30_369_VIG_Songs-of-the-Ghetto-and-Jewish-Folklore-600x635.jpg 600w\" sizes=\"(max-width: 756px) 100vw, 756px\" \/><\/figure>\n<\/div>\n<\/div>\n\n\n\n<div class=\"wp-block-columns are-vertically-aligned-center is-layout-flex wp-container-core-columns-is-layout-9d6595d7 wp-block-columns-is-layout-flex\">\n<div class=\"wp-block-column is-vertically-aligned-center is-layout-flow wp-block-column-is-layout-flow\">\n<figure class=\"wp-block-image size-full\"><img loading=\"lazy\" decoding=\"async\" width=\"764\" height=\"800\" src=\"https:\/\/www.iemj.org\/wp-content\/uploads\/2025\/01\/D33-30_1883_VIG_Sholosh-Rgalim_Zawel-Kwartin.jpg\" alt=\"\" class=\"wp-image-117265\" srcset=\"https:\/\/www.iemj.org\/wp-content\/uploads\/2025\/01\/D33-30_1883_VIG_Sholosh-Rgalim_Zawel-Kwartin.jpg 764w, https:\/\/www.iemj.org\/wp-content\/uploads\/2025\/01\/D33-30_1883_VIG_Sholosh-Rgalim_Zawel-Kwartin-287x300.jpg 287w, https:\/\/www.iemj.org\/wp-content\/uploads\/2025\/01\/D33-30_1883_VIG_Sholosh-Rgalim_Zawel-Kwartin-600x628.jpg 600w\" sizes=\"(max-width: 764px) 100vw, 764px\" \/><\/figure>\n<\/div>\n\n\n\n<div class=\"wp-block-column is-vertically-aligned-center is-layout-flow wp-block-column-is-layout-flow\">\n<figure class=\"wp-block-image size-full\"><img loading=\"lazy\" decoding=\"async\" width=\"600\" height=\"618\" src=\"https:\/\/www.iemj.org\/wp-content\/uploads\/2025\/01\/D45-17_483_VIG_Visages-dIsrael.jpg\" alt=\"\" class=\"wp-image-117270\" srcset=\"https:\/\/www.iemj.org\/wp-content\/uploads\/2025\/01\/D45-17_483_VIG_Visages-dIsrael.jpg 600w, https:\/\/www.iemj.org\/wp-content\/uploads\/2025\/01\/D45-17_483_VIG_Visages-dIsrael-291x300.jpg 291w\" sizes=\"(max-width: 600px) 100vw, 600px\" \/><\/figure>\n<\/div>\n<\/div>\n\n\n\n<div class=\"wp-block-columns is-layout-flex wp-container-core-columns-is-layout-9d6595d7 wp-block-columns-is-layout-flex\">\n<div class=\"wp-block-column is-layout-flow wp-block-column-is-layout-flow\">\n<p>Infine, c&#8217;\u00e8 un affascinante articolo di <a href=\"https:\/\/www.iemj.org\/it\/algazi-leon-1890-1971\/\" target=\"_blank\" rel=\"noopener\">L\u00e9on Algazi<\/a> su \u201cLa musique des Juifs de Russie\u201d pubblicato in <em>Musique russe<\/em> &#8211; 2 volumi (Collectif &#8211;\u00a0<strong>P.U.F.<\/strong>\u00a01953).<\/p>\n<p>Enti\u00e8rement num\u00e9ris\u00e9 et catalogu\u00e9, le fonds musical de l\u2019AIU est aujourd\u2019hui int\u00e9gralement accessible au sein des biblioth\u00e8ques du \u00a0(Alliance Isra\u00e9lite Universelle, Institut Europ\u00e9en des Musiques Juives, Maison de la Culture Yiddish, Mus\u00e9e d\u2019Art et d\u2019Histoire du Juda\u00efsme, S\u00e9minaire Isra\u00e9lite de France\u2026) et partiellement de tout autre endroit en cliquant sur le lien suivant.<\/p>\n<p>Completamente digitalizzata e catalogata, la collezione musicale dell&#8217;AIU \u00e8 ora completamente accessibile all&#8217;interno delle biblioteche della <a href=\"http:\/\/www.rachelnet.net\/rachelnet\/index.htm\" target=\"_blank\" rel=\"noopener\">rete Rachel<\/a> (Alliance Isra\u00e9lite Universelle, Institut Europ\u00e9en des Musiques Juives, Maison de la Culture Yiddish, Mus\u00e9e d&#8217;Art et d&#8217;Histoire du Juda\u00efsme, S\u00e9minaire Isra\u00e9lite de France, ecc.) e parzialmente da qualsiasi altro luogo, cliccando sul seguente link.<\/p>\n<p><strong><a href=\"http:\/\/www.rachelnet.net\/F\/?func=find-c&amp;ccl_term=WHOL+%3D+AIU&amp;local_base=iemcg\" target=\"_blank\" rel=\"noopener\">Consultare la collezione IAU<\/a><\/strong><\/p>\n<p><strong><a href=\"https:\/\/www.aiu.org\/fr\" target=\"_blank\" rel=\"noopener\">Per saperne di pi\u00f9 sull&#8217;Alliance Isra\u00e9lite Universelle<\/a><\/strong><\/p>\n<\/div>\n\n\n\n<div class=\"wp-block-column is-layout-flow wp-block-column-is-layout-flow\">\n<figure class=\"wp-block-embed is-type-video is-provider-youtube wp-block-embed-youtube wp-embed-aspect-4-3 wp-has-aspect-ratio\"><div class=\"wp-block-embed__wrapper\">\n<iframe title=\"FONDS DE l&#039;ALLIANCE ISRAELITE UNIVERSELLE\" width=\"640\" height=\"480\" src=\"https:\/\/www.youtube.com\/embed\/KuzDRnJUKhk?feature=oembed\" frameborder=\"0\" allow=\"accelerometer; autoplay; clipboard-write; encrypted-media; gyroscope; picture-in-picture; web-share\" referrerpolicy=\"strict-origin-when-cross-origin\" allowfullscreen><\/iframe>\n<\/div><\/figure>\n<\/div>\n<\/div>\n\n\n\n<div class=\"wp-block-columns are-vertically-aligned-center is-layout-flex wp-container-core-columns-is-layout-9d6595d7 wp-block-columns-is-layout-flex\">\n<div class=\"wp-block-column is-vertically-aligned-center is-layout-flow wp-block-column-is-layout-flow\">\n<figure class=\"wp-block-image size-full\"><img loading=\"lazy\" decoding=\"async\" width=\"190\" height=\"180\" src=\"https:\/\/www.iemj.org\/wp-content\/uploads\/2025\/01\/telechargement-Logo-AIU.jpeg\" alt=\"\" class=\"wp-image-117285\"\/><\/figure>\n<\/div>\n\n\n\n<div class=\"wp-block-column is-vertically-aligned-center is-layout-flow wp-block-column-is-layout-flow\">\n<figure class=\"wp-block-image size-full\"><img loading=\"lazy\" decoding=\"async\" width=\"532\" height=\"190\" src=\"https:\/\/www.iemj.org\/wp-content\/uploads\/2024\/05\/IEMJ_LOGO_CMJN_HORIZONTAL_sans-fond-Copie-1.png\" alt=\"\" class=\"wp-image-111979\" srcset=\"https:\/\/www.iemj.org\/wp-content\/uploads\/2024\/05\/IEMJ_LOGO_CMJN_HORIZONTAL_sans-fond-Copie-1.png 532w, https:\/\/www.iemj.org\/wp-content\/uploads\/2024\/05\/IEMJ_LOGO_CMJN_HORIZONTAL_sans-fond-Copie-1-300x107.png 300w\" sizes=\"(max-width: 532px) 100vw, 532px\" \/><\/figure>\n<\/div>\n<\/div>\n<div class=\"speaker-mute footnotes_reference_container\"> <div class=\"footnote_container_prepare\"><p><span role=\"button\" tabindex=\"0\" class=\"footnote_reference_container_label pointer\" onclick=\"footnote_expand_collapse_reference_container_117314_1();\">&#x202F;<\/span><span role=\"button\" tabindex=\"0\" class=\"footnote_reference_container_collapse_button\" style=\"display: none;\" onclick=\"footnote_expand_collapse_reference_container_117314_1();\">[<a id=\"footnote_reference_container_collapse_button_117314_1\">+<\/a>]<\/span><\/p><\/div> <div id=\"footnote_references_container_117314_1\" style=\"\"><table class=\"footnotes_table footnote-reference-container\"><caption class=\"accessibility\">References<\/caption> <tbody> \r\n\r\n<tr class=\"footnotes_plugin_reference_row\"> <th scope=\"row\" class=\"footnote_plugin_index_combi pointer\"  onclick=\"footnote_moveToAnchor_117314_1('footnote_plugin_tooltip_117314_1_1');\"><a id=\"footnote_plugin_reference_117314_1_1\" class=\"footnote_backlink\">1<\/a><\/th> <td class=\"footnote_plugin_text\">Aristide Astruc, Isidore Cahen, Jules Carvallo, Narcisse Leven, Eug\u00e8ne Manuel e Charles Netter.<\/td><\/tr>\r\n\r\n <\/tbody> <\/table> <\/div><\/div><script type=\"text\/javascript\"> function footnote_expand_reference_container_117314_1() { jQuery('#footnote_references_container_117314_1').show(); jQuery('#footnote_reference_container_collapse_button_117314_1').text('\u2212'); } function footnote_collapse_reference_container_117314_1() { jQuery('#footnote_references_container_117314_1').hide(); jQuery('#footnote_reference_container_collapse_button_117314_1').text('+'); } function footnote_expand_collapse_reference_container_117314_1() { if (jQuery('#footnote_references_container_117314_1').is(':hidden')) { footnote_expand_reference_container_117314_1(); } else { footnote_collapse_reference_container_117314_1(); } } function footnote_moveToReference_117314_1(p_str_TargetID) { footnote_expand_reference_container_117314_1(); var l_obj_Target = jQuery('#' + p_str_TargetID); if (l_obj_Target.length) { jQuery( 'html, body' ).delay( 0 ); jQuery('html, body').animate({ scrollTop: l_obj_Target.offset().top - window.innerHeight * 0.2 }, 380); } } function footnote_moveToAnchor_117314_1(p_str_TargetID) { footnote_expand_reference_container_117314_1(); var l_obj_Target = jQuery('#' + p_str_TargetID); if (l_obj_Target.length) { jQuery( 'html, body' ).delay( 0 ); jQuery('html, body').animate({ scrollTop: l_obj_Target.offset().top - window.innerHeight * 0.2 }, 380); } }<\/script>","protected":false},"excerpt":{"rendered":"<p>Con i suoi 165.000 libri e 1.500.000 documenti d&#8217;archivio, la biblioteca dell\u2019Alliance Isra\u00e9lite Universelle \u00e8 una delle pi\u00f9 grandi biblioteche ebraiche del mondo. Fu fondata nel 1860, contemporaneamente alla la<\/p>\n","protected":false},"author":5,"featured_media":117293,"comment_status":"closed","ping_status":"closed","sticky":false,"template":"","format":"standard","meta":{"_acf_changed":false,"footnotes":""},"categories":[1586,1559],"tags":[],"technique":[],"squelettes":[],"sujet":[],"formation":[],"genre":[],"fonds":[],"tradition":[],"type-de-contenu":[],"interprete-compositeur":[],"frise":[],"type-devenement":[],"tableaux-liens-externes":[],"class_list":["post-117314","post","type-post","status-publish","format-standard","has-post-thumbnail","hentry","category-fondi-principali-it","category-le-collezioni-it"],"acf":[],"yoast_head":"<!-- This site is optimized with the Yoast SEO plugin v27.3 - https:\/\/yoast.com\/product\/yoast-seo-wordpress\/ -->\n<title>Fondo dell\u2019Alliance Isra\u00e9lite Universelle (AIU) - Institut Europ\u00e9en des Musiques Juives<\/title>\n<meta name=\"robots\" content=\"index, follow, max-snippet:-1, max-image-preview:large, max-video-preview:-1\" \/>\n<link rel=\"canonical\" href=\"https:\/\/www.iemj.org\/it\/fonds-de-lalliance-israelite-universelle-aiu\/\" \/>\n<meta property=\"og:locale\" content=\"it_IT\" \/>\n<meta property=\"og:type\" content=\"article\" \/>\n<meta property=\"og:title\" content=\"Fondo dell\u2019Alliance Isra\u00e9lite Universelle (AIU) - Institut Europ\u00e9en des Musiques Juives\" \/>\n<meta property=\"og:description\" content=\"Con i suoi 165.000 libri e 1.500.000 documenti d&#8217;archivio, la biblioteca dell\u2019Alliance Isra\u00e9lite Universelle \u00e8 una delle pi\u00f9 grandi biblioteche ebraiche del mondo. Fu fondata nel 1860, contemporaneamente alla la\" \/>\n<meta property=\"og:url\" content=\"https:\/\/www.iemj.org\/it\/fonds-de-lalliance-israelite-universelle-aiu\/\" \/>\n<meta property=\"og:site_name\" content=\"Institut Europ\u00e9en des Musiques Juives\" \/>\n<meta property=\"article:publisher\" content=\"https:\/\/www.facebook.com\/MusiquesJuives\/\" \/>\n<meta property=\"article:published_time\" content=\"2025-01-27T09:39:19+00:00\" \/>\n<meta property=\"article:modified_time\" content=\"2025-01-30T14:11:11+00:00\" \/>\n<meta property=\"og:image\" content=\"https:\/\/www.iemj.org\/wp-content\/uploads\/2025\/01\/Logo-Fonds-AIU.jpg\" \/>\n\t<meta property=\"og:image:width\" content=\"500\" \/>\n\t<meta property=\"og:image:height\" content=\"500\" \/>\n\t<meta property=\"og:image:type\" content=\"image\/jpeg\" \/>\n<meta name=\"author\" content=\"Jacqueline ROTEN\" \/>\n<meta name=\"twitter:card\" content=\"summary_large_image\" \/>\n<meta name=\"twitter:label1\" content=\"Scritto da\" \/>\n\t<meta name=\"twitter:data1\" content=\"Jacqueline ROTEN\" \/>\n\t<meta name=\"twitter:label2\" content=\"Tempo di lettura stimato\" \/>\n\t<meta name=\"twitter:data2\" content=\"5 minuti\" \/>\n<script type=\"application\/ld+json\" class=\"yoast-schema-graph\">{\"@context\":\"https:\\\/\\\/schema.org\",\"@graph\":[{\"@type\":\"Article\",\"@id\":\"https:\\\/\\\/www.iemj.org\\\/it\\\/fonds-de-lalliance-israelite-universelle-aiu\\\/#article\",\"isPartOf\":{\"@id\":\"https:\\\/\\\/www.iemj.org\\\/it\\\/fonds-de-lalliance-israelite-universelle-aiu\\\/\"},\"author\":{\"name\":\"Jacqueline ROTEN\",\"@id\":\"https:\\\/\\\/www.iemj.org\\\/it\\\/#\\\/schema\\\/person\\\/358e26c18aca017fcc4cc15437f7279c\"},\"headline\":\"Fondo dell\u2019Alliance Isra\u00e9lite Universelle (AIU)\",\"datePublished\":\"2025-01-27T09:39:19+00:00\",\"dateModified\":\"2025-01-30T14:11:11+00:00\",\"mainEntityOfPage\":{\"@id\":\"https:\\\/\\\/www.iemj.org\\\/it\\\/fonds-de-lalliance-israelite-universelle-aiu\\\/\"},\"wordCount\":589,\"publisher\":{\"@id\":\"https:\\\/\\\/www.iemj.org\\\/it\\\/#organization\"},\"image\":{\"@id\":\"https:\\\/\\\/www.iemj.org\\\/it\\\/fonds-de-lalliance-israelite-universelle-aiu\\\/#primaryimage\"},\"thumbnailUrl\":\"https:\\\/\\\/www.iemj.org\\\/wp-content\\\/uploads\\\/2025\\\/01\\\/Logo-Fonds-AIU.jpg\",\"articleSection\":[\"Fondi principali\",\"Le Collezioni\"],\"inLanguage\":\"it-IT\"},{\"@type\":\"WebPage\",\"@id\":\"https:\\\/\\\/www.iemj.org\\\/it\\\/fonds-de-lalliance-israelite-universelle-aiu\\\/\",\"url\":\"https:\\\/\\\/www.iemj.org\\\/it\\\/fonds-de-lalliance-israelite-universelle-aiu\\\/\",\"name\":\"Fondo dell\u2019Alliance Isra\u00e9lite Universelle (AIU) - Institut Europ\u00e9en des Musiques Juives\",\"isPartOf\":{\"@id\":\"https:\\\/\\\/www.iemj.org\\\/it\\\/#website\"},\"primaryImageOfPage\":{\"@id\":\"https:\\\/\\\/www.iemj.org\\\/it\\\/fonds-de-lalliance-israelite-universelle-aiu\\\/#primaryimage\"},\"image\":{\"@id\":\"https:\\\/\\\/www.iemj.org\\\/it\\\/fonds-de-lalliance-israelite-universelle-aiu\\\/#primaryimage\"},\"thumbnailUrl\":\"https:\\\/\\\/www.iemj.org\\\/wp-content\\\/uploads\\\/2025\\\/01\\\/Logo-Fonds-AIU.jpg\",\"datePublished\":\"2025-01-27T09:39:19+00:00\",\"dateModified\":\"2025-01-30T14:11:11+00:00\",\"breadcrumb\":{\"@id\":\"https:\\\/\\\/www.iemj.org\\\/it\\\/fonds-de-lalliance-israelite-universelle-aiu\\\/#breadcrumb\"},\"inLanguage\":\"it-IT\",\"potentialAction\":[{\"@type\":\"ReadAction\",\"target\":[\"https:\\\/\\\/www.iemj.org\\\/it\\\/fonds-de-lalliance-israelite-universelle-aiu\\\/\"]}]},{\"@type\":\"ImageObject\",\"inLanguage\":\"it-IT\",\"@id\":\"https:\\\/\\\/www.iemj.org\\\/it\\\/fonds-de-lalliance-israelite-universelle-aiu\\\/#primaryimage\",\"url\":\"https:\\\/\\\/www.iemj.org\\\/wp-content\\\/uploads\\\/2025\\\/01\\\/Logo-Fonds-AIU.jpg\",\"contentUrl\":\"https:\\\/\\\/www.iemj.org\\\/wp-content\\\/uploads\\\/2025\\\/01\\\/Logo-Fonds-AIU.jpg\",\"width\":500,\"height\":500},{\"@type\":\"BreadcrumbList\",\"@id\":\"https:\\\/\\\/www.iemj.org\\\/it\\\/fonds-de-lalliance-israelite-universelle-aiu\\\/#breadcrumb\",\"itemListElement\":[{\"@type\":\"ListItem\",\"position\":1,\"name\":\"Accueil\",\"item\":\"https:\\\/\\\/www.iemj.org\\\/it\\\/\"},{\"@type\":\"ListItem\",\"position\":2,\"name\":\"Fondo dell\u2019Alliance Isra\u00e9lite Universelle (AIU)\"}]},{\"@type\":\"WebSite\",\"@id\":\"https:\\\/\\\/www.iemj.org\\\/it\\\/#website\",\"url\":\"https:\\\/\\\/www.iemj.org\\\/it\\\/\",\"name\":\"Institut Europ\u00e9en des Musiques Juives\",\"description\":\"Des traditions musicales \u00e0 la port\u00e9e de tous\",\"publisher\":{\"@id\":\"https:\\\/\\\/www.iemj.org\\\/it\\\/#organization\"},\"potentialAction\":[{\"@type\":\"SearchAction\",\"target\":{\"@type\":\"EntryPoint\",\"urlTemplate\":\"https:\\\/\\\/www.iemj.org\\\/it\\\/?s={search_term_string}\"},\"query-input\":{\"@type\":\"PropertyValueSpecification\",\"valueRequired\":true,\"valueName\":\"search_term_string\"}}],\"inLanguage\":\"it-IT\"},{\"@type\":\"Organization\",\"@id\":\"https:\\\/\\\/www.iemj.org\\\/it\\\/#organization\",\"name\":\"Institut Europ\u00e9en des Musiques Juives\",\"url\":\"https:\\\/\\\/www.iemj.org\\\/it\\\/\",\"logo\":{\"@type\":\"ImageObject\",\"inLanguage\":\"it-IT\",\"@id\":\"https:\\\/\\\/www.iemj.org\\\/it\\\/#\\\/schema\\\/logo\\\/image\\\/\",\"url\":\"https:\\\/\\\/www.iemj.org\\\/wp-content\\\/uploads\\\/2021\\\/09\\\/Logo-IEMJ-Paypal.jpg\",\"contentUrl\":\"https:\\\/\\\/www.iemj.org\\\/wp-content\\\/uploads\\\/2021\\\/09\\\/Logo-IEMJ-Paypal.jpg\",\"width\":150,\"height\":50,\"caption\":\"Institut Europ\u00e9en des Musiques Juives\"},\"image\":{\"@id\":\"https:\\\/\\\/www.iemj.org\\\/it\\\/#\\\/schema\\\/logo\\\/image\\\/\"},\"sameAs\":[\"https:\\\/\\\/www.facebook.com\\\/MusiquesJuives\\\/\",\"https:\\\/\\\/www.instagram.com\\\/musiquesjuives\\\/\",\"https:\\\/\\\/www.youtube.com\\\/user\\\/musiquesjuives\"]},{\"@type\":\"Person\",\"@id\":\"https:\\\/\\\/www.iemj.org\\\/it\\\/#\\\/schema\\\/person\\\/358e26c18aca017fcc4cc15437f7279c\",\"name\":\"Jacqueline ROTEN\",\"image\":{\"@type\":\"ImageObject\",\"inLanguage\":\"it-IT\",\"@id\":\"https:\\\/\\\/secure.gravatar.com\\\/avatar\\\/5964256d6c6957de3a3505278957e0fb2a35119ac47ea41827a65301213c810b?s=96&d=mm&r=g\",\"url\":\"https:\\\/\\\/secure.gravatar.com\\\/avatar\\\/5964256d6c6957de3a3505278957e0fb2a35119ac47ea41827a65301213c810b?s=96&d=mm&r=g\",\"contentUrl\":\"https:\\\/\\\/secure.gravatar.com\\\/avatar\\\/5964256d6c6957de3a3505278957e0fb2a35119ac47ea41827a65301213c810b?s=96&d=mm&r=g\",\"caption\":\"Jacqueline ROTEN\"}}]}<\/script>\n<!-- \/ Yoast SEO plugin. -->","yoast_head_json":{"title":"Fondo dell\u2019Alliance Isra\u00e9lite Universelle (AIU) - Institut Europ\u00e9en des Musiques Juives","robots":{"index":"index","follow":"follow","max-snippet":"max-snippet:-1","max-image-preview":"max-image-preview:large","max-video-preview":"max-video-preview:-1"},"canonical":"https:\/\/www.iemj.org\/it\/fonds-de-lalliance-israelite-universelle-aiu\/","og_locale":"it_IT","og_type":"article","og_title":"Fondo dell\u2019Alliance Isra\u00e9lite Universelle (AIU) - Institut Europ\u00e9en des Musiques Juives","og_description":"Con i suoi 165.000 libri e 1.500.000 documenti d&#8217;archivio, la biblioteca dell\u2019Alliance Isra\u00e9lite Universelle \u00e8 una delle pi\u00f9 grandi biblioteche ebraiche del mondo. Fu fondata nel 1860, contemporaneamente alla la","og_url":"https:\/\/www.iemj.org\/it\/fonds-de-lalliance-israelite-universelle-aiu\/","og_site_name":"Institut Europ\u00e9en des Musiques Juives","article_publisher":"https:\/\/www.facebook.com\/MusiquesJuives\/","article_published_time":"2025-01-27T09:39:19+00:00","article_modified_time":"2025-01-30T14:11:11+00:00","og_image":[{"width":500,"height":500,"url":"https:\/\/www.iemj.org\/wp-content\/uploads\/2025\/01\/Logo-Fonds-AIU.jpg","type":"image\/jpeg"}],"author":"Jacqueline ROTEN","twitter_card":"summary_large_image","twitter_misc":{"Scritto da":"Jacqueline ROTEN","Tempo di lettura stimato":"5 minuti"},"schema":{"@context":"https:\/\/schema.org","@graph":[{"@type":"Article","@id":"https:\/\/www.iemj.org\/it\/fonds-de-lalliance-israelite-universelle-aiu\/#article","isPartOf":{"@id":"https:\/\/www.iemj.org\/it\/fonds-de-lalliance-israelite-universelle-aiu\/"},"author":{"name":"Jacqueline ROTEN","@id":"https:\/\/www.iemj.org\/it\/#\/schema\/person\/358e26c18aca017fcc4cc15437f7279c"},"headline":"Fondo dell\u2019Alliance Isra\u00e9lite Universelle (AIU)","datePublished":"2025-01-27T09:39:19+00:00","dateModified":"2025-01-30T14:11:11+00:00","mainEntityOfPage":{"@id":"https:\/\/www.iemj.org\/it\/fonds-de-lalliance-israelite-universelle-aiu\/"},"wordCount":589,"publisher":{"@id":"https:\/\/www.iemj.org\/it\/#organization"},"image":{"@id":"https:\/\/www.iemj.org\/it\/fonds-de-lalliance-israelite-universelle-aiu\/#primaryimage"},"thumbnailUrl":"https:\/\/www.iemj.org\/wp-content\/uploads\/2025\/01\/Logo-Fonds-AIU.jpg","articleSection":["Fondi principali","Le Collezioni"],"inLanguage":"it-IT"},{"@type":"WebPage","@id":"https:\/\/www.iemj.org\/it\/fonds-de-lalliance-israelite-universelle-aiu\/","url":"https:\/\/www.iemj.org\/it\/fonds-de-lalliance-israelite-universelle-aiu\/","name":"Fondo dell\u2019Alliance Isra\u00e9lite Universelle (AIU) - Institut Europ\u00e9en des Musiques Juives","isPartOf":{"@id":"https:\/\/www.iemj.org\/it\/#website"},"primaryImageOfPage":{"@id":"https:\/\/www.iemj.org\/it\/fonds-de-lalliance-israelite-universelle-aiu\/#primaryimage"},"image":{"@id":"https:\/\/www.iemj.org\/it\/fonds-de-lalliance-israelite-universelle-aiu\/#primaryimage"},"thumbnailUrl":"https:\/\/www.iemj.org\/wp-content\/uploads\/2025\/01\/Logo-Fonds-AIU.jpg","datePublished":"2025-01-27T09:39:19+00:00","dateModified":"2025-01-30T14:11:11+00:00","breadcrumb":{"@id":"https:\/\/www.iemj.org\/it\/fonds-de-lalliance-israelite-universelle-aiu\/#breadcrumb"},"inLanguage":"it-IT","potentialAction":[{"@type":"ReadAction","target":["https:\/\/www.iemj.org\/it\/fonds-de-lalliance-israelite-universelle-aiu\/"]}]},{"@type":"ImageObject","inLanguage":"it-IT","@id":"https:\/\/www.iemj.org\/it\/fonds-de-lalliance-israelite-universelle-aiu\/#primaryimage","url":"https:\/\/www.iemj.org\/wp-content\/uploads\/2025\/01\/Logo-Fonds-AIU.jpg","contentUrl":"https:\/\/www.iemj.org\/wp-content\/uploads\/2025\/01\/Logo-Fonds-AIU.jpg","width":500,"height":500},{"@type":"BreadcrumbList","@id":"https:\/\/www.iemj.org\/it\/fonds-de-lalliance-israelite-universelle-aiu\/#breadcrumb","itemListElement":[{"@type":"ListItem","position":1,"name":"Accueil","item":"https:\/\/www.iemj.org\/it\/"},{"@type":"ListItem","position":2,"name":"Fondo dell\u2019Alliance Isra\u00e9lite Universelle (AIU)"}]},{"@type":"WebSite","@id":"https:\/\/www.iemj.org\/it\/#website","url":"https:\/\/www.iemj.org\/it\/","name":"Institut Europ\u00e9en des Musiques Juives","description":"Des traditions musicales \u00e0 la port\u00e9e de tous","publisher":{"@id":"https:\/\/www.iemj.org\/it\/#organization"},"potentialAction":[{"@type":"SearchAction","target":{"@type":"EntryPoint","urlTemplate":"https:\/\/www.iemj.org\/it\/?s={search_term_string}"},"query-input":{"@type":"PropertyValueSpecification","valueRequired":true,"valueName":"search_term_string"}}],"inLanguage":"it-IT"},{"@type":"Organization","@id":"https:\/\/www.iemj.org\/it\/#organization","name":"Institut Europ\u00e9en des Musiques Juives","url":"https:\/\/www.iemj.org\/it\/","logo":{"@type":"ImageObject","inLanguage":"it-IT","@id":"https:\/\/www.iemj.org\/it\/#\/schema\/logo\/image\/","url":"https:\/\/www.iemj.org\/wp-content\/uploads\/2021\/09\/Logo-IEMJ-Paypal.jpg","contentUrl":"https:\/\/www.iemj.org\/wp-content\/uploads\/2021\/09\/Logo-IEMJ-Paypal.jpg","width":150,"height":50,"caption":"Institut Europ\u00e9en des Musiques Juives"},"image":{"@id":"https:\/\/www.iemj.org\/it\/#\/schema\/logo\/image\/"},"sameAs":["https:\/\/www.facebook.com\/MusiquesJuives\/","https:\/\/www.instagram.com\/musiquesjuives\/","https:\/\/www.youtube.com\/user\/musiquesjuives"]},{"@type":"Person","@id":"https:\/\/www.iemj.org\/it\/#\/schema\/person\/358e26c18aca017fcc4cc15437f7279c","name":"Jacqueline ROTEN","image":{"@type":"ImageObject","inLanguage":"it-IT","@id":"https:\/\/secure.gravatar.com\/avatar\/5964256d6c6957de3a3505278957e0fb2a35119ac47ea41827a65301213c810b?s=96&d=mm&r=g","url":"https:\/\/secure.gravatar.com\/avatar\/5964256d6c6957de3a3505278957e0fb2a35119ac47ea41827a65301213c810b?s=96&d=mm&r=g","contentUrl":"https:\/\/secure.gravatar.com\/avatar\/5964256d6c6957de3a3505278957e0fb2a35119ac47ea41827a65301213c810b?s=96&d=mm&r=g","caption":"Jacqueline ROTEN"}}]}},"_links":{"self":[{"href":"https:\/\/www.iemj.org\/it\/wp-json\/wp\/v2\/posts\/117314","targetHints":{"allow":["GET"]}}],"collection":[{"href":"https:\/\/www.iemj.org\/it\/wp-json\/wp\/v2\/posts"}],"about":[{"href":"https:\/\/www.iemj.org\/it\/wp-json\/wp\/v2\/types\/post"}],"author":[{"embeddable":true,"href":"https:\/\/www.iemj.org\/it\/wp-json\/wp\/v2\/users\/5"}],"replies":[{"embeddable":true,"href":"https:\/\/www.iemj.org\/it\/wp-json\/wp\/v2\/comments?post=117314"}],"version-history":[{"count":0,"href":"https:\/\/www.iemj.org\/it\/wp-json\/wp\/v2\/posts\/117314\/revisions"}],"wp:featuredmedia":[{"embeddable":true,"href":"https:\/\/www.iemj.org\/it\/wp-json\/wp\/v2\/media\/117293"}],"wp:attachment":[{"href":"https:\/\/www.iemj.org\/it\/wp-json\/wp\/v2\/media?parent=117314"}],"wp:term":[{"taxonomy":"category","embeddable":true,"href":"https:\/\/www.iemj.org\/it\/wp-json\/wp\/v2\/categories?post=117314"},{"taxonomy":"post_tag","embeddable":true,"href":"https:\/\/www.iemj.org\/it\/wp-json\/wp\/v2\/tags?post=117314"},{"taxonomy":"technique","embeddable":true,"href":"https:\/\/www.iemj.org\/it\/wp-json\/wp\/v2\/technique?post=117314"},{"taxonomy":"squelettes","embeddable":true,"href":"https:\/\/www.iemj.org\/it\/wp-json\/wp\/v2\/squelettes?post=117314"},{"taxonomy":"sujet","embeddable":true,"href":"https:\/\/www.iemj.org\/it\/wp-json\/wp\/v2\/sujet?post=117314"},{"taxonomy":"formation","embeddable":true,"href":"https:\/\/www.iemj.org\/it\/wp-json\/wp\/v2\/formation?post=117314"},{"taxonomy":"genre","embeddable":true,"href":"https:\/\/www.iemj.org\/it\/wp-json\/wp\/v2\/genre?post=117314"},{"taxonomy":"fonds","embeddable":true,"href":"https:\/\/www.iemj.org\/it\/wp-json\/wp\/v2\/fonds?post=117314"},{"taxonomy":"tradition","embeddable":true,"href":"https:\/\/www.iemj.org\/it\/wp-json\/wp\/v2\/tradition?post=117314"},{"taxonomy":"type-de-contenu","embeddable":true,"href":"https:\/\/www.iemj.org\/it\/wp-json\/wp\/v2\/type-de-contenu?post=117314"},{"taxonomy":"interprete-compositeur","embeddable":true,"href":"https:\/\/www.iemj.org\/it\/wp-json\/wp\/v2\/interprete-compositeur?post=117314"},{"taxonomy":"frise","embeddable":true,"href":"https:\/\/www.iemj.org\/it\/wp-json\/wp\/v2\/frise?post=117314"},{"taxonomy":"type-devenement","embeddable":true,"href":"https:\/\/www.iemj.org\/it\/wp-json\/wp\/v2\/type-devenement?post=117314"},{"taxonomy":"tableaux-liens-externes","embeddable":true,"href":"https:\/\/www.iemj.org\/it\/wp-json\/wp\/v2\/tableaux-liens-externes?post=117314"}],"curies":[{"name":"wp","href":"https:\/\/api.w.org\/{rel}","templated":true}]}}