{"id":117607,"date":"2025-02-04T17:10:08","date_gmt":"2025-02-04T16:10:08","guid":{"rendered":"https:\/\/www.iemj.org\/les-carnets-de-chants-des-mouvements-de-jeunesse-juifs\/"},"modified":"2025-02-05T12:44:11","modified_gmt":"2025-02-05T11:44:11","slug":"les-carnets-de-chants-des-mouvements-de-jeunesse-juifs","status":"publish","type":"post","link":"https:\/\/www.iemj.org\/it\/les-carnets-de-chants-des-mouvements-de-jeunesse-juifs\/","title":{"rendered":"I libri di canzoni dei movimenti giovanili ebraici"},"content":{"rendered":"<p>I movimenti giovanili ebraici sono emersi alla fine del XIX secolo. La loro nascita \u00e8 legata all&#8217;ascesa del nazionalismo e dell&#8217;antisemitismo in Europa, che escludono gradualmente i giovani ebrei da molte organizzazioni. In risposta, i giovani ebrei fondano movimenti giovanili in Austria alla fine degli anni Settanta del XIX secolo ed in Germania alla fine del 1890<span class=\"footnote_referrer\"><a role=\"button\" tabindex=\"0\" onclick=\"footnote_moveToReference_117607_1('footnote_plugin_reference_117607_1_1');\" onkeypress=\"footnote_moveToReference_117607_1('footnote_plugin_reference_117607_1_1');\" ><sup id=\"footnote_plugin_tooltip_117607_1_1\" class=\"footnote_plugin_tooltip_text\">[1]<\/sup><\/a><span id=\"footnote_plugin_tooltip_text_117607_1_1\" class=\"footnote_tooltip\">Si veda l&#8217;articolo di Genevi\u00e8ve Humbert-Knitel su <a href=\"https:\/\/www.persee.fr\/doc\/reger_2679-375x_2009_hos_6_1_1381\" target=\"_blank\" rel=\"noopener\">\u00ab Les mouvements de jeunesse \u00ab juifs \u00bb de la fin du XIXe si\u00e8cle jusqu&#8217;en 1938 \u00bb<\/a>, Recherches Germaniques, 2009, pp. 183-201<\/span><\/span><script type=\"text\/javascript\"> jQuery('#footnote_plugin_tooltip_117607_1_1').tooltip({ tip: '#footnote_plugin_tooltip_text_117607_1_1', tipClass: 'footnote_tooltip', effect: 'fade', predelay: 0, fadeInSpeed: 200, delay: 400, fadeOutSpeed: 200, position: 'top center', relative: true, offset: [-7, 0], });<\/script><\/p>\n<p>Tuttavia, questo fenomeno non si limita alla societ\u00e0 ebraica occidentale, ma anche all&#8217;Europa orientale, come \u201ctestimonia la storia dei movimenti giovanili <em>Zeirei Zion<\/em> ed <em>Haschomer Hazair<\/em> (&#8230;), che a partire dal 1903 riunirono una parte della giovent\u00f9 ebraica della Galizia, tra cui quella di Lemberg\/Lwov, ma anche di Brody e Tarnopol, i due bastioni della Haskala, o Illuminismo ebraico. Proveniente dalla borghesia benestante e istruita, di fronte all&#8217;antisemitismo dei polacchi e dei ruteni, questa fascia della giovent\u00f9, come i giovani dell&#8217;Occidente, rompe con l&#8217;ambiente familiare, a cui attribuisce la perdita della propria identit\u00e0, e si organizza per trovare nuovi punti di riferimento. Si parla polacco e si torna alle fonti dell&#8217;ebraismo, imparando l&#8217;ebraico, ma anche l&#8217;arabo e la storia della Palestina, nella speranza di partire per la Palestina\u201d <span class=\"footnote_referrer\"><a role=\"button\" tabindex=\"0\" onclick=\"footnote_moveToReference_117607_1('footnote_plugin_reference_117607_1_2');\" onkeypress=\"footnote_moveToReference_117607_1('footnote_plugin_reference_117607_1_2');\" ><sup id=\"footnote_plugin_tooltip_117607_1_2\" class=\"footnote_plugin_tooltip_text\">[2]<\/sup><\/a><span id=\"footnote_plugin_tooltip_text_117607_1_2\" class=\"footnote_tooltip\">Genevi\u00e8ve Humbert-Knitel, op. cit, p. 187<\/span><\/span><script type=\"text\/javascript\"> jQuery('#footnote_plugin_tooltip_117607_1_2').tooltip({ tip: '#footnote_plugin_tooltip_text_117607_1_2', tipClass: 'footnote_tooltip', effect: 'fade', predelay: 0, fadeInSpeed: 200, delay: 400, fadeOutSpeed: 200, position: 'top center', relative: true, offset: [-7, 0], });<\/script>.<\/p>\n<figure id=\"attachment_117479\" aria-describedby=\"caption-attachment-117479\" style=\"width: 300px\" class=\"wp-caption alignright\"><img fetchpriority=\"high\" decoding=\"async\" class=\"wp-image-117479 size-medium\" src=\"https:\/\/www.iemj.org\/wp-content\/uploads\/2025\/02\/Hashomer_Hatzair_youth_group_redim-300x199.jpg\" alt=\"\" width=\"300\" height=\"199\" srcset=\"https:\/\/www.iemj.org\/wp-content\/uploads\/2025\/02\/Hashomer_Hatzair_youth_group_redim-300x199.jpg 300w, https:\/\/www.iemj.org\/wp-content\/uploads\/2025\/02\/Hashomer_Hatzair_youth_group_redim.jpg 500w\" sizes=\"(max-width: 300px) 100vw, 300px\" \/><figcaption id=\"caption-attachment-117479\" class=\"wp-caption-text\"><strong>Hashomer Hatza\u00efr,1934, Polonia<\/strong><\/figcaption><\/figure>\n<p>Le prime associazioni sono club sportivi, in linea con il desiderio del movimento giovanile sionista di creare un uomo nuovo, forte e coraggioso, rigenerato dalla pratica di sport di squadra. Il movimento <em>Blau-Weiss<\/em> \u00e8 stato senza dubbio il movimento giovanile ebraico pi\u00f9 rappresentativo del sionismo tra gli ebrei occidentali. Nato nel 1912 dalla fusione di due gruppi escursionistici, il <em>Wanderverein 1907<\/em> di Breslau ed il <em>J\u00fcdischer Wanderbund Blau-Weiss<\/em> di Berlino, questo nuovo gruppo, in cui ragazzi e ragazze si mescolano, cammina, fa sport, condivide i pasti e canta. Tra i suoi membri ci sono anche alcuni scout ebrei provenienti dalla Galizia. Nel 1921, alcuni dei suoi membri emigrano in Palestina. In Germania esistono anche movimenti giovanili non sionisti, il cui obiettivo \u00e8 integrare gli ebrei nella societ\u00e0 (come l&#8217;<em>Arbeitsgemeinschaft j\u00fcdisch- liberale Jugendvereine,<\/em> che nel 1936 diventa il <em>Ring, Bund der j\u00fcdischen Jugend<\/em>).<\/p>\n<p><img decoding=\"async\" class=\"size-medium wp-image-117487 alignleft\" src=\"https:\/\/www.iemj.org\/wp-content\/uploads\/2025\/02\/mouvement-jeunesse-du-Bund-en-France-vers-1914_redim-300x212.jpg\" alt=\"\" width=\"300\" height=\"212\" srcset=\"https:\/\/www.iemj.org\/wp-content\/uploads\/2025\/02\/mouvement-jeunesse-du-Bund-en-France-vers-1914_redim-300x212.jpg 300w, https:\/\/www.iemj.org\/wp-content\/uploads\/2025\/02\/mouvement-jeunesse-du-Bund-en-France-vers-1914_redim.jpg 500w\" sizes=\"(max-width: 300px) 100vw, 300px\" \/>Nell&#8217;Europa orientale, i <strong>movimenti giovanili nati dal Bund<\/strong> (come lo <em>Tsukunft<\/em> [Il futuro] creato negli anni Dieci, lo SKIF (<em>Sotsialisticher Kinder Farband<\/em>) <span class=\"footnote_referrer\"><a role=\"button\" tabindex=\"0\" onclick=\"footnote_moveToReference_117607_1('footnote_plugin_reference_117607_1_3');\" onkeypress=\"footnote_moveToReference_117607_1('footnote_plugin_reference_117607_1_3');\" ><sup id=\"footnote_plugin_tooltip_117607_1_3\" class=\"footnote_plugin_tooltip_text\">[3]<\/sup><\/a><span id=\"footnote_plugin_tooltip_text_117607_1_3\" class=\"footnote_tooltip\">lo SKIF offre ai bambini fin da piccoli una struttura all&#8217;interno della quale vengono organizzati campi di vacanza<\/span><\/span><script type=\"text\/javascript\"> jQuery('#footnote_plugin_tooltip_117607_1_3').tooltip({ tip: '#footnote_plugin_tooltip_text_117607_1_3', tipClass: 'footnote_tooltip', effect: 'fade', predelay: 0, fadeInSpeed: 200, delay: 400, fadeOutSpeed: 200, position: 'top center', relative: true, offset: [-7, 0], });<\/script> e l&#8217;<em>Organizzazione giovanile bundista<\/em>) difende un socialismo universale, laico e non sionista.<\/p>\n<p>Anche in Francia ed in Inghilterra ci sono diversi movimenti giovanili ebraici che derivano da questi diversi movimenti.<\/p>\n<p>In Francia, Robert Gamzon (1905-1961) fonda nel 1923 gli Eclaireurs Isra\u00e9lites de France (EIF). Egli riceve il sostegno dello scrittore, poeta e saggista Edmond Fleg (1874-1963), che \u201csognava un movimento giovanile in cui ebrei praticanti e non praticanti, sefarditi ed ashkenaziti, ortodossi e liberali&#8230; potessero riunirsi per scambiare, condividere e tramandare.\u201d<span class=\"footnote_referrer\"><a role=\"button\" tabindex=\"0\" onclick=\"footnote_moveToReference_117607_1('footnote_plugin_reference_117607_1_4');\" onkeypress=\"footnote_moveToReference_117607_1('footnote_plugin_reference_117607_1_4');\" ><sup id=\"footnote_plugin_tooltip_117607_1_4\" class=\"footnote_plugin_tooltip_text\">[4]<\/sup><\/a><span id=\"footnote_plugin_tooltip_text_117607_1_4\" class=\"footnote_tooltip\"><a href=\"https:\/\/www.eeif.org\/histoire-du-mouvement\" target=\"_blank\" rel=\"noopener\"><span class=\"footnote_url_wrap\">https:\/\/www.eeif.org\/histoire-du-mouvement<\/span><\/a><\/span><\/span><script type=\"text\/javascript\"> jQuery('#footnote_plugin_tooltip_117607_1_4').tooltip({ tip: '#footnote_plugin_tooltip_text_117607_1_4', tipClass: 'footnote_tooltip', effect: 'fade', predelay: 0, fadeInSpeed: 200, delay: 400, fadeOutSpeed: 200, position: 'top center', relative: true, offset: [-7, 0], });<\/script> Dal 1927, il movimento si apre alle ragazze e si diffonde in Marocco, Tunisia ed Algeria. Nel 1969, gli Eclaireurs Israelites de France diventano ufficialmente Eclaireuses et Eclaireurs Israelites de France (EEIF).<\/p>\n<p><img decoding=\"async\" class=\"size-medium wp-image-117520 alignright\" src=\"https:\/\/www.iemj.org\/wp-content\/uploads\/2024\/06\/EEIF_hsp_Habits-300x235.gif\" alt=\"\" width=\"300\" height=\"235\" \/>Come in tutti i movimenti giovanili, il canto \u00e8 onnipresente negli EEIF. Le varie preghiere quotidiane e dello Shabbat sono cantate<span class=\"footnote_referrer\"><a role=\"button\" tabindex=\"0\" onclick=\"footnote_moveToReference_117607_1('footnote_plugin_reference_117607_1_5');\" onkeypress=\"footnote_moveToReference_117607_1('footnote_plugin_reference_117607_1_5');\" ><sup id=\"footnote_plugin_tooltip_117607_1_5\" class=\"footnote_plugin_tooltip_text\">[5]<\/sup><\/a><span id=\"footnote_plugin_tooltip_text_117607_1_5\" class=\"footnote_tooltip\">scolta le preghiere dell&#8217;EEIF cantate sul loro sito web <a href=\"https:\/\/www.eeif.org\/siddour\" target=\"_blank\" rel=\"noopener\"><span class=\"footnote_url_wrap\">https:\/\/www.eeif.org\/siddour<\/span><\/a><\/span><\/span><script type=\"text\/javascript\"> jQuery('#footnote_plugin_tooltip_117607_1_5').tooltip({ tip: '#footnote_plugin_tooltip_text_117607_1_5', tipClass: 'footnote_tooltip', effect: 'fade', predelay: 0, fadeInSpeed: 200, delay: 400, fadeOutSpeed: 200, position: 'top center', relative: true, offset: [-7, 0], });<\/script>. Inoltre, durante le serate intorno al fuoco, l&#8217;EEIF canta un repertorio in francese od in ebraico, spesso accompagnato dalla chitarra. Queste canzoni sono spesso raccolte in piccoli quaderni che, come la maggior parte dei movimenti giovanili, diventano un elemento emblematico dello scoutismo ebraico, fino ai giorni nostri. Durante il Covid, sono state organizzate veglie canore via video o sui social network, che hanno riunito fino a 5.000 persone.<\/p>\n\n\n<div class=\"wp-block-columns is-layout-flex wp-container-core-columns-is-layout-9d6595d7 wp-block-columns-is-layout-flex\">\n<div class=\"wp-block-column is-layout-flow wp-block-column-is-layout-flow\" style=\"flex-basis:33.33%\">\n<figure class=\"wp-block-image size-full\"><a href=\"https:\/\/www.calameo.com\/read\/006200677580f85e3aca2\" target=\"_blank\" rel=\" noreferrer noopener\"><img loading=\"lazy\" decoding=\"async\" width=\"441\" height=\"618\" src=\"https:\/\/www.iemj.org\/wp-content\/uploads\/2025\/02\/Carnet-de-chants.png\" alt=\"\" class=\"wp-image-117497\" srcset=\"https:\/\/www.iemj.org\/wp-content\/uploads\/2025\/02\/Carnet-de-chants.png 441w, https:\/\/www.iemj.org\/wp-content\/uploads\/2025\/02\/Carnet-de-chants-214x300.png 214w\" sizes=\"(max-width: 441px) 100vw, 441px\" \/><\/a><figcaption class=\"wp-element-caption\"><strong><a href=\"https:\/\/www.calameo.com\/read\/006200677580f85e3aca2\">Consulta il canzoniere degli E.I. della domenica 5 aprile 2020<\/a><\/strong><\/figcaption><\/figure>\n<\/div>\n\n\n\n<div class=\"wp-block-column is-layout-flow wp-block-column-is-layout-flow\" style=\"flex-basis:66.66%\">\n<figure class=\"wp-block-embed is-type-video is-provider-youtube wp-block-embed-youtube wp-embed-aspect-16-9 wp-has-aspect-ratio\"><div class=\"wp-block-embed__wrapper\">\n<iframe title=\"CLIP VEILLEE CHANTS EI- Meayehid Leyahad\" width=\"640\" height=\"360\" src=\"https:\/\/www.youtube.com\/embed\/4jvbO738k4U?feature=oembed\" frameborder=\"0\" allow=\"accelerometer; autoplay; clipboard-write; encrypted-media; gyroscope; picture-in-picture; web-share\" referrerpolicy=\"strict-origin-when-cross-origin\" allowfullscreen><\/iframe>\n<\/div><\/figure>\n<\/div>\n<\/div>\n\n\n<p><strong>L&#8217;Istituto Europeo di Musiche Ebraiche ha raccolto nelle sue collezioni una serie di canzonieri dei movimenti giovanili ebraici<\/strong> (pubblicati dal FEI, dall&#8217;Histadrut, dal Dipartimento per la Giovent\u00f9 e l&#8217;Educazione del Fondo Nazionale Ebraico, ecc.), <strong>che siamo lieti di presentarvi nel video qui sotto<\/strong>.<\/p>\n\n\n<figure class=\"wp-block-embed is-type-video is-provider-youtube wp-block-embed-youtube wp-embed-aspect-4-3 wp-has-aspect-ratio\"><div class=\"wp-block-embed__wrapper\">\n<iframe title=\"Les carnets de chants des mouvements de jeunesse juifs\" width=\"640\" height=\"480\" src=\"https:\/\/www.youtube.com\/embed\/iI8lEvbSQfk?feature=oembed\" frameborder=\"0\" allow=\"accelerometer; autoplay; clipboard-write; encrypted-media; gyroscope; picture-in-picture; web-share\" referrerpolicy=\"strict-origin-when-cross-origin\" allowfullscreen><\/iframe>\n<\/div><\/figure>\n\n\n<p><strong>Fonti bibliografiche:<\/strong><\/p>\n<ul>\n<li><a href=\"https:\/\/www.persee.fr\/doc\/reger_2679-375x_2009_hos_6_1_1381\" target=\"_blank\" rel=\"noopener\">Genevi\u00e8ve Humbert-Knitel, \u00ab Les mouvements de jeunesse \u00ab juif \u00bb de la fin du XIXe si\u00e8cle jusqu&#8217;en 1938 \u00bb, Recherches Germaniques, 2009, pp. 183-201<\/a><\/li>\n<li><a href=\"https:\/\/www.eeif.org\/\" target=\"_blank\" rel=\"noopener\">Sito web degli EEIF<\/a><\/li>\n<\/ul>\n<p><strong><a href=\"https:\/\/en.wikipedia.org\/wiki\/Zionist_youth_movement\" target=\"_blank\" rel=\"noopener\">Per saperne di pi\u00f9 sui movimenti giovanili sionisti<\/a>\u00a0<\/strong><\/p>\n<p><strong><a href=\"https:\/\/www.eeif.org\/\" target=\"_blank\" rel=\"noopener\">Per saperne di pi\u00f9 sui EEIF<\/a><\/strong><\/p>\n<p><strong><a href=\"http:\/\/www.rachelnet.net\/F\/?func=find-c&amp;ccl_term=WRD+%3D+Eclaireurs&amp;local_base=iemcg\" target=\"_blank\" rel=\"noopener\">Consultare i nostri archivi musicali EEIF<\/a><\/strong><\/p><div class=\"speaker-mute footnotes_reference_container\"> <div class=\"footnote_container_prepare\"><p><span role=\"button\" tabindex=\"0\" class=\"footnote_reference_container_label pointer\" onclick=\"footnote_expand_collapse_reference_container_117607_1();\">&#x202F;<\/span><span role=\"button\" tabindex=\"0\" class=\"footnote_reference_container_collapse_button\" style=\"display: none;\" onclick=\"footnote_expand_collapse_reference_container_117607_1();\">[<a id=\"footnote_reference_container_collapse_button_117607_1\">+<\/a>]<\/span><\/p><\/div> <div id=\"footnote_references_container_117607_1\" style=\"\"><table class=\"footnotes_table footnote-reference-container\"><caption class=\"accessibility\">References<\/caption> <tbody> \r\n\r\n<tr class=\"footnotes_plugin_reference_row\"> <th scope=\"row\" class=\"footnote_plugin_index_combi pointer\"  onclick=\"footnote_moveToAnchor_117607_1('footnote_plugin_tooltip_117607_1_1');\"><a id=\"footnote_plugin_reference_117607_1_1\" class=\"footnote_backlink\">1<\/a><\/th> <td class=\"footnote_plugin_text\">Si veda l&#8217;articolo di Genevi\u00e8ve Humbert-Knitel su <a href=\"https:\/\/www.persee.fr\/doc\/reger_2679-375x_2009_hos_6_1_1381\" target=\"_blank\" rel=\"noopener\">\u00ab Les mouvements de jeunesse \u00ab juifs \u00bb de la fin du XIXe si\u00e8cle jusqu&#8217;en 1938 \u00bb<\/a>, Recherches Germaniques, 2009, pp. 183-201<\/td><\/tr>\r\n\r\n<tr class=\"footnotes_plugin_reference_row\"> <th scope=\"row\" class=\"footnote_plugin_index_combi pointer\"  onclick=\"footnote_moveToAnchor_117607_1('footnote_plugin_tooltip_117607_1_2');\"><a id=\"footnote_plugin_reference_117607_1_2\" class=\"footnote_backlink\">2<\/a><\/th> <td class=\"footnote_plugin_text\">Genevi\u00e8ve Humbert-Knitel, op. cit, p. 187<\/td><\/tr>\r\n\r\n<tr class=\"footnotes_plugin_reference_row\"> <th scope=\"row\" class=\"footnote_plugin_index_combi pointer\"  onclick=\"footnote_moveToAnchor_117607_1('footnote_plugin_tooltip_117607_1_3');\"><a id=\"footnote_plugin_reference_117607_1_3\" class=\"footnote_backlink\">3<\/a><\/th> <td class=\"footnote_plugin_text\">lo SKIF offre ai bambini fin da piccoli una struttura all&#8217;interno della quale vengono organizzati campi di vacanza<\/td><\/tr>\r\n\r\n<tr class=\"footnotes_plugin_reference_row\"> <th scope=\"row\" class=\"footnote_plugin_index_combi pointer\"  onclick=\"footnote_moveToAnchor_117607_1('footnote_plugin_tooltip_117607_1_4');\"><a id=\"footnote_plugin_reference_117607_1_4\" class=\"footnote_backlink\">4<\/a><\/th> <td class=\"footnote_plugin_text\"><a href=\"https:\/\/www.eeif.org\/histoire-du-mouvement\" target=\"_blank\" rel=\"noopener\"><span class=\"footnote_url_wrap\">https:\/\/www.eeif.org\/histoire-du-mouvement<\/span><\/a><\/td><\/tr>\r\n\r\n<tr class=\"footnotes_plugin_reference_row\"> <th scope=\"row\" class=\"footnote_plugin_index_combi pointer\"  onclick=\"footnote_moveToAnchor_117607_1('footnote_plugin_tooltip_117607_1_5');\"><a id=\"footnote_plugin_reference_117607_1_5\" class=\"footnote_backlink\">5<\/a><\/th> <td class=\"footnote_plugin_text\">scolta le preghiere dell&#8217;EEIF cantate sul loro sito web <a href=\"https:\/\/www.eeif.org\/siddour\" target=\"_blank\" rel=\"noopener\"><span class=\"footnote_url_wrap\">https:\/\/www.eeif.org\/siddour<\/span><\/a><\/td><\/tr>\r\n\r\n <\/tbody> <\/table> <\/div><\/div><script type=\"text\/javascript\"> function footnote_expand_reference_container_117607_1() { jQuery('#footnote_references_container_117607_1').show(); jQuery('#footnote_reference_container_collapse_button_117607_1').text('\u2212'); } function footnote_collapse_reference_container_117607_1() { jQuery('#footnote_references_container_117607_1').hide(); jQuery('#footnote_reference_container_collapse_button_117607_1').text('+'); } function footnote_expand_collapse_reference_container_117607_1() { if (jQuery('#footnote_references_container_117607_1').is(':hidden')) { footnote_expand_reference_container_117607_1(); } else { footnote_collapse_reference_container_117607_1(); } } function footnote_moveToReference_117607_1(p_str_TargetID) { footnote_expand_reference_container_117607_1(); var l_obj_Target = jQuery('#' + p_str_TargetID); if (l_obj_Target.length) { jQuery( 'html, body' ).delay( 0 ); jQuery('html, body').animate({ scrollTop: l_obj_Target.offset().top - window.innerHeight * 0.2 }, 380); } } function footnote_moveToAnchor_117607_1(p_str_TargetID) { footnote_expand_reference_container_117607_1(); var l_obj_Target = jQuery('#' + p_str_TargetID); if (l_obj_Target.length) { jQuery( 'html, body' ).delay( 0 ); jQuery('html, body').animate({ scrollTop: l_obj_Target.offset().top - window.innerHeight * 0.2 }, 380); } }<\/script>","protected":false},"excerpt":{"rendered":"<p>I movimenti giovanili ebraici sono emersi alla fine del XIX secolo. La loro nascita \u00e8 legata all&#8217;ascesa del nazionalismo e dell&#8217;antisemitismo in Europa, che escludono gradualmente i giovani ebrei da<\/p>\n","protected":false},"author":5,"featured_media":117476,"comment_status":"closed","ping_status":"closed","sticky":false,"template":"","format":"standard","meta":{"_acf_changed":false,"footnotes":""},"categories":[1567,1559],"tags":[],"technique":[],"squelettes":[],"sujet":[],"formation":[],"genre":[],"fonds":[],"tradition":[],"type-de-contenu":[],"interprete-compositeur":[],"frise":[],"type-devenement":[],"tableaux-liens-externes":[],"class_list":["post-117607","post","type-post","status-publish","format-standard","has-post-thumbnail","hentry","category-indispensabili-it","category-le-collezioni-it"],"acf":[],"yoast_head":"<!-- This site is optimized with the Yoast SEO plugin v27.3 - https:\/\/yoast.com\/product\/yoast-seo-wordpress\/ -->\n<title>I libri di canzoni dei movimenti giovanili ebraici - Institut Europ\u00e9en des Musiques Juives<\/title>\n<meta name=\"robots\" content=\"index, follow, max-snippet:-1, max-image-preview:large, max-video-preview:-1\" \/>\n<link rel=\"canonical\" href=\"https:\/\/www.iemj.org\/it\/les-carnets-de-chants-des-mouvements-de-jeunesse-juifs\/\" \/>\n<meta property=\"og:locale\" content=\"it_IT\" \/>\n<meta property=\"og:type\" content=\"article\" \/>\n<meta property=\"og:title\" content=\"I libri di canzoni dei movimenti giovanili ebraici - Institut Europ\u00e9en des Musiques Juives\" \/>\n<meta property=\"og:description\" content=\"I movimenti giovanili ebraici sono emersi alla fine del XIX secolo. La loro nascita \u00e8 legata all&#8217;ascesa del nazionalismo e dell&#8217;antisemitismo in Europa, che escludono gradualmente i giovani ebrei da\" \/>\n<meta property=\"og:url\" content=\"https:\/\/www.iemj.org\/it\/les-carnets-de-chants-des-mouvements-de-jeunesse-juifs\/\" \/>\n<meta property=\"og:site_name\" content=\"Institut Europ\u00e9en des Musiques Juives\" \/>\n<meta property=\"article:publisher\" content=\"https:\/\/www.facebook.com\/MusiquesJuives\/\" \/>\n<meta property=\"article:published_time\" content=\"2025-02-04T16:10:08+00:00\" \/>\n<meta property=\"article:modified_time\" content=\"2025-02-05T11:44:11+00:00\" \/>\n<meta property=\"og:image\" content=\"https:\/\/www.iemj.org\/wp-content\/uploads\/2025\/02\/Incontournables-Carnets-chant-mvt-jeunesse-J.jpg\" \/>\n\t<meta property=\"og:image:width\" content=\"500\" \/>\n\t<meta property=\"og:image:height\" content=\"500\" \/>\n\t<meta property=\"og:image:type\" content=\"image\/jpeg\" \/>\n<meta name=\"author\" content=\"Jacqueline ROTEN\" \/>\n<meta name=\"twitter:card\" content=\"summary_large_image\" \/>\n<meta name=\"twitter:label1\" content=\"Scritto da\" \/>\n\t<meta name=\"twitter:data1\" content=\"Jacqueline ROTEN\" \/>\n\t<meta name=\"twitter:label2\" content=\"Tempo di lettura stimato\" \/>\n\t<meta name=\"twitter:data2\" content=\"5 minuti\" \/>\n<script type=\"application\/ld+json\" class=\"yoast-schema-graph\">{\"@context\":\"https:\\\/\\\/schema.org\",\"@graph\":[{\"@type\":\"Article\",\"@id\":\"https:\\\/\\\/www.iemj.org\\\/it\\\/les-carnets-de-chants-des-mouvements-de-jeunesse-juifs\\\/#article\",\"isPartOf\":{\"@id\":\"https:\\\/\\\/www.iemj.org\\\/it\\\/les-carnets-de-chants-des-mouvements-de-jeunesse-juifs\\\/\"},\"author\":{\"name\":\"Jacqueline ROTEN\",\"@id\":\"https:\\\/\\\/www.iemj.org\\\/it\\\/#\\\/schema\\\/person\\\/358e26c18aca017fcc4cc15437f7279c\"},\"headline\":\"I libri di canzoni dei movimenti giovanili ebraici\",\"datePublished\":\"2025-02-04T16:10:08+00:00\",\"dateModified\":\"2025-02-05T11:44:11+00:00\",\"mainEntityOfPage\":{\"@id\":\"https:\\\/\\\/www.iemj.org\\\/it\\\/les-carnets-de-chants-des-mouvements-de-jeunesse-juifs\\\/\"},\"wordCount\":758,\"publisher\":{\"@id\":\"https:\\\/\\\/www.iemj.org\\\/it\\\/#organization\"},\"image\":{\"@id\":\"https:\\\/\\\/www.iemj.org\\\/it\\\/les-carnets-de-chants-des-mouvements-de-jeunesse-juifs\\\/#primaryimage\"},\"thumbnailUrl\":\"https:\\\/\\\/www.iemj.org\\\/wp-content\\\/uploads\\\/2025\\\/02\\\/Incontournables-Carnets-chant-mvt-jeunesse-J.jpg\",\"articleSection\":[\"Indispensabili\",\"Le Collezioni\"],\"inLanguage\":\"it-IT\"},{\"@type\":\"WebPage\",\"@id\":\"https:\\\/\\\/www.iemj.org\\\/it\\\/les-carnets-de-chants-des-mouvements-de-jeunesse-juifs\\\/\",\"url\":\"https:\\\/\\\/www.iemj.org\\\/it\\\/les-carnets-de-chants-des-mouvements-de-jeunesse-juifs\\\/\",\"name\":\"I libri di canzoni dei movimenti giovanili ebraici - Institut Europ\u00e9en des Musiques Juives\",\"isPartOf\":{\"@id\":\"https:\\\/\\\/www.iemj.org\\\/it\\\/#website\"},\"primaryImageOfPage\":{\"@id\":\"https:\\\/\\\/www.iemj.org\\\/it\\\/les-carnets-de-chants-des-mouvements-de-jeunesse-juifs\\\/#primaryimage\"},\"image\":{\"@id\":\"https:\\\/\\\/www.iemj.org\\\/it\\\/les-carnets-de-chants-des-mouvements-de-jeunesse-juifs\\\/#primaryimage\"},\"thumbnailUrl\":\"https:\\\/\\\/www.iemj.org\\\/wp-content\\\/uploads\\\/2025\\\/02\\\/Incontournables-Carnets-chant-mvt-jeunesse-J.jpg\",\"datePublished\":\"2025-02-04T16:10:08+00:00\",\"dateModified\":\"2025-02-05T11:44:11+00:00\",\"breadcrumb\":{\"@id\":\"https:\\\/\\\/www.iemj.org\\\/it\\\/les-carnets-de-chants-des-mouvements-de-jeunesse-juifs\\\/#breadcrumb\"},\"inLanguage\":\"it-IT\",\"potentialAction\":[{\"@type\":\"ReadAction\",\"target\":[\"https:\\\/\\\/www.iemj.org\\\/it\\\/les-carnets-de-chants-des-mouvements-de-jeunesse-juifs\\\/\"]}]},{\"@type\":\"ImageObject\",\"inLanguage\":\"it-IT\",\"@id\":\"https:\\\/\\\/www.iemj.org\\\/it\\\/les-carnets-de-chants-des-mouvements-de-jeunesse-juifs\\\/#primaryimage\",\"url\":\"https:\\\/\\\/www.iemj.org\\\/wp-content\\\/uploads\\\/2025\\\/02\\\/Incontournables-Carnets-chant-mvt-jeunesse-J.jpg\",\"contentUrl\":\"https:\\\/\\\/www.iemj.org\\\/wp-content\\\/uploads\\\/2025\\\/02\\\/Incontournables-Carnets-chant-mvt-jeunesse-J.jpg\",\"width\":500,\"height\":500},{\"@type\":\"BreadcrumbList\",\"@id\":\"https:\\\/\\\/www.iemj.org\\\/it\\\/les-carnets-de-chants-des-mouvements-de-jeunesse-juifs\\\/#breadcrumb\",\"itemListElement\":[{\"@type\":\"ListItem\",\"position\":1,\"name\":\"Accueil\",\"item\":\"https:\\\/\\\/www.iemj.org\\\/it\\\/\"},{\"@type\":\"ListItem\",\"position\":2,\"name\":\"I libri di canzoni dei movimenti giovanili ebraici\"}]},{\"@type\":\"WebSite\",\"@id\":\"https:\\\/\\\/www.iemj.org\\\/it\\\/#website\",\"url\":\"https:\\\/\\\/www.iemj.org\\\/it\\\/\",\"name\":\"Institut Europ\u00e9en des Musiques Juives\",\"description\":\"Des traditions musicales \u00e0 la port\u00e9e de tous\",\"publisher\":{\"@id\":\"https:\\\/\\\/www.iemj.org\\\/it\\\/#organization\"},\"potentialAction\":[{\"@type\":\"SearchAction\",\"target\":{\"@type\":\"EntryPoint\",\"urlTemplate\":\"https:\\\/\\\/www.iemj.org\\\/it\\\/?s={search_term_string}\"},\"query-input\":{\"@type\":\"PropertyValueSpecification\",\"valueRequired\":true,\"valueName\":\"search_term_string\"}}],\"inLanguage\":\"it-IT\"},{\"@type\":\"Organization\",\"@id\":\"https:\\\/\\\/www.iemj.org\\\/it\\\/#organization\",\"name\":\"Institut Europ\u00e9en des Musiques Juives\",\"url\":\"https:\\\/\\\/www.iemj.org\\\/it\\\/\",\"logo\":{\"@type\":\"ImageObject\",\"inLanguage\":\"it-IT\",\"@id\":\"https:\\\/\\\/www.iemj.org\\\/it\\\/#\\\/schema\\\/logo\\\/image\\\/\",\"url\":\"https:\\\/\\\/www.iemj.org\\\/wp-content\\\/uploads\\\/2021\\\/09\\\/Logo-IEMJ-Paypal.jpg\",\"contentUrl\":\"https:\\\/\\\/www.iemj.org\\\/wp-content\\\/uploads\\\/2021\\\/09\\\/Logo-IEMJ-Paypal.jpg\",\"width\":150,\"height\":50,\"caption\":\"Institut Europ\u00e9en des Musiques Juives\"},\"image\":{\"@id\":\"https:\\\/\\\/www.iemj.org\\\/it\\\/#\\\/schema\\\/logo\\\/image\\\/\"},\"sameAs\":[\"https:\\\/\\\/www.facebook.com\\\/MusiquesJuives\\\/\",\"https:\\\/\\\/www.instagram.com\\\/musiquesjuives\\\/\",\"https:\\\/\\\/www.youtube.com\\\/user\\\/musiquesjuives\"]},{\"@type\":\"Person\",\"@id\":\"https:\\\/\\\/www.iemj.org\\\/it\\\/#\\\/schema\\\/person\\\/358e26c18aca017fcc4cc15437f7279c\",\"name\":\"Jacqueline ROTEN\",\"image\":{\"@type\":\"ImageObject\",\"inLanguage\":\"it-IT\",\"@id\":\"https:\\\/\\\/secure.gravatar.com\\\/avatar\\\/5964256d6c6957de3a3505278957e0fb2a35119ac47ea41827a65301213c810b?s=96&d=mm&r=g\",\"url\":\"https:\\\/\\\/secure.gravatar.com\\\/avatar\\\/5964256d6c6957de3a3505278957e0fb2a35119ac47ea41827a65301213c810b?s=96&d=mm&r=g\",\"contentUrl\":\"https:\\\/\\\/secure.gravatar.com\\\/avatar\\\/5964256d6c6957de3a3505278957e0fb2a35119ac47ea41827a65301213c810b?s=96&d=mm&r=g\",\"caption\":\"Jacqueline ROTEN\"}}]}<\/script>\n<!-- \/ Yoast SEO plugin. -->","yoast_head_json":{"title":"I libri di canzoni dei movimenti giovanili ebraici - Institut Europ\u00e9en des Musiques Juives","robots":{"index":"index","follow":"follow","max-snippet":"max-snippet:-1","max-image-preview":"max-image-preview:large","max-video-preview":"max-video-preview:-1"},"canonical":"https:\/\/www.iemj.org\/it\/les-carnets-de-chants-des-mouvements-de-jeunesse-juifs\/","og_locale":"it_IT","og_type":"article","og_title":"I libri di canzoni dei movimenti giovanili ebraici - Institut Europ\u00e9en des Musiques Juives","og_description":"I movimenti giovanili ebraici sono emersi alla fine del XIX secolo. La loro nascita \u00e8 legata all&#8217;ascesa del nazionalismo e dell&#8217;antisemitismo in Europa, che escludono gradualmente i giovani ebrei da","og_url":"https:\/\/www.iemj.org\/it\/les-carnets-de-chants-des-mouvements-de-jeunesse-juifs\/","og_site_name":"Institut Europ\u00e9en des Musiques Juives","article_publisher":"https:\/\/www.facebook.com\/MusiquesJuives\/","article_published_time":"2025-02-04T16:10:08+00:00","article_modified_time":"2025-02-05T11:44:11+00:00","og_image":[{"width":500,"height":500,"url":"https:\/\/www.iemj.org\/wp-content\/uploads\/2025\/02\/Incontournables-Carnets-chant-mvt-jeunesse-J.jpg","type":"image\/jpeg"}],"author":"Jacqueline ROTEN","twitter_card":"summary_large_image","twitter_misc":{"Scritto da":"Jacqueline ROTEN","Tempo di lettura stimato":"5 minuti"},"schema":{"@context":"https:\/\/schema.org","@graph":[{"@type":"Article","@id":"https:\/\/www.iemj.org\/it\/les-carnets-de-chants-des-mouvements-de-jeunesse-juifs\/#article","isPartOf":{"@id":"https:\/\/www.iemj.org\/it\/les-carnets-de-chants-des-mouvements-de-jeunesse-juifs\/"},"author":{"name":"Jacqueline ROTEN","@id":"https:\/\/www.iemj.org\/it\/#\/schema\/person\/358e26c18aca017fcc4cc15437f7279c"},"headline":"I libri di canzoni dei movimenti giovanili ebraici","datePublished":"2025-02-04T16:10:08+00:00","dateModified":"2025-02-05T11:44:11+00:00","mainEntityOfPage":{"@id":"https:\/\/www.iemj.org\/it\/les-carnets-de-chants-des-mouvements-de-jeunesse-juifs\/"},"wordCount":758,"publisher":{"@id":"https:\/\/www.iemj.org\/it\/#organization"},"image":{"@id":"https:\/\/www.iemj.org\/it\/les-carnets-de-chants-des-mouvements-de-jeunesse-juifs\/#primaryimage"},"thumbnailUrl":"https:\/\/www.iemj.org\/wp-content\/uploads\/2025\/02\/Incontournables-Carnets-chant-mvt-jeunesse-J.jpg","articleSection":["Indispensabili","Le Collezioni"],"inLanguage":"it-IT"},{"@type":"WebPage","@id":"https:\/\/www.iemj.org\/it\/les-carnets-de-chants-des-mouvements-de-jeunesse-juifs\/","url":"https:\/\/www.iemj.org\/it\/les-carnets-de-chants-des-mouvements-de-jeunesse-juifs\/","name":"I libri di canzoni dei movimenti giovanili ebraici - Institut Europ\u00e9en des Musiques Juives","isPartOf":{"@id":"https:\/\/www.iemj.org\/it\/#website"},"primaryImageOfPage":{"@id":"https:\/\/www.iemj.org\/it\/les-carnets-de-chants-des-mouvements-de-jeunesse-juifs\/#primaryimage"},"image":{"@id":"https:\/\/www.iemj.org\/it\/les-carnets-de-chants-des-mouvements-de-jeunesse-juifs\/#primaryimage"},"thumbnailUrl":"https:\/\/www.iemj.org\/wp-content\/uploads\/2025\/02\/Incontournables-Carnets-chant-mvt-jeunesse-J.jpg","datePublished":"2025-02-04T16:10:08+00:00","dateModified":"2025-02-05T11:44:11+00:00","breadcrumb":{"@id":"https:\/\/www.iemj.org\/it\/les-carnets-de-chants-des-mouvements-de-jeunesse-juifs\/#breadcrumb"},"inLanguage":"it-IT","potentialAction":[{"@type":"ReadAction","target":["https:\/\/www.iemj.org\/it\/les-carnets-de-chants-des-mouvements-de-jeunesse-juifs\/"]}]},{"@type":"ImageObject","inLanguage":"it-IT","@id":"https:\/\/www.iemj.org\/it\/les-carnets-de-chants-des-mouvements-de-jeunesse-juifs\/#primaryimage","url":"https:\/\/www.iemj.org\/wp-content\/uploads\/2025\/02\/Incontournables-Carnets-chant-mvt-jeunesse-J.jpg","contentUrl":"https:\/\/www.iemj.org\/wp-content\/uploads\/2025\/02\/Incontournables-Carnets-chant-mvt-jeunesse-J.jpg","width":500,"height":500},{"@type":"BreadcrumbList","@id":"https:\/\/www.iemj.org\/it\/les-carnets-de-chants-des-mouvements-de-jeunesse-juifs\/#breadcrumb","itemListElement":[{"@type":"ListItem","position":1,"name":"Accueil","item":"https:\/\/www.iemj.org\/it\/"},{"@type":"ListItem","position":2,"name":"I libri di canzoni dei movimenti giovanili ebraici"}]},{"@type":"WebSite","@id":"https:\/\/www.iemj.org\/it\/#website","url":"https:\/\/www.iemj.org\/it\/","name":"Institut Europ\u00e9en des Musiques Juives","description":"Des traditions musicales \u00e0 la port\u00e9e de tous","publisher":{"@id":"https:\/\/www.iemj.org\/it\/#organization"},"potentialAction":[{"@type":"SearchAction","target":{"@type":"EntryPoint","urlTemplate":"https:\/\/www.iemj.org\/it\/?s={search_term_string}"},"query-input":{"@type":"PropertyValueSpecification","valueRequired":true,"valueName":"search_term_string"}}],"inLanguage":"it-IT"},{"@type":"Organization","@id":"https:\/\/www.iemj.org\/it\/#organization","name":"Institut Europ\u00e9en des Musiques Juives","url":"https:\/\/www.iemj.org\/it\/","logo":{"@type":"ImageObject","inLanguage":"it-IT","@id":"https:\/\/www.iemj.org\/it\/#\/schema\/logo\/image\/","url":"https:\/\/www.iemj.org\/wp-content\/uploads\/2021\/09\/Logo-IEMJ-Paypal.jpg","contentUrl":"https:\/\/www.iemj.org\/wp-content\/uploads\/2021\/09\/Logo-IEMJ-Paypal.jpg","width":150,"height":50,"caption":"Institut Europ\u00e9en des Musiques Juives"},"image":{"@id":"https:\/\/www.iemj.org\/it\/#\/schema\/logo\/image\/"},"sameAs":["https:\/\/www.facebook.com\/MusiquesJuives\/","https:\/\/www.instagram.com\/musiquesjuives\/","https:\/\/www.youtube.com\/user\/musiquesjuives"]},{"@type":"Person","@id":"https:\/\/www.iemj.org\/it\/#\/schema\/person\/358e26c18aca017fcc4cc15437f7279c","name":"Jacqueline ROTEN","image":{"@type":"ImageObject","inLanguage":"it-IT","@id":"https:\/\/secure.gravatar.com\/avatar\/5964256d6c6957de3a3505278957e0fb2a35119ac47ea41827a65301213c810b?s=96&d=mm&r=g","url":"https:\/\/secure.gravatar.com\/avatar\/5964256d6c6957de3a3505278957e0fb2a35119ac47ea41827a65301213c810b?s=96&d=mm&r=g","contentUrl":"https:\/\/secure.gravatar.com\/avatar\/5964256d6c6957de3a3505278957e0fb2a35119ac47ea41827a65301213c810b?s=96&d=mm&r=g","caption":"Jacqueline ROTEN"}}]}},"_links":{"self":[{"href":"https:\/\/www.iemj.org\/it\/wp-json\/wp\/v2\/posts\/117607","targetHints":{"allow":["GET"]}}],"collection":[{"href":"https:\/\/www.iemj.org\/it\/wp-json\/wp\/v2\/posts"}],"about":[{"href":"https:\/\/www.iemj.org\/it\/wp-json\/wp\/v2\/types\/post"}],"author":[{"embeddable":true,"href":"https:\/\/www.iemj.org\/it\/wp-json\/wp\/v2\/users\/5"}],"replies":[{"embeddable":true,"href":"https:\/\/www.iemj.org\/it\/wp-json\/wp\/v2\/comments?post=117607"}],"version-history":[{"count":0,"href":"https:\/\/www.iemj.org\/it\/wp-json\/wp\/v2\/posts\/117607\/revisions"}],"wp:featuredmedia":[{"embeddable":true,"href":"https:\/\/www.iemj.org\/it\/wp-json\/wp\/v2\/media\/117476"}],"wp:attachment":[{"href":"https:\/\/www.iemj.org\/it\/wp-json\/wp\/v2\/media?parent=117607"}],"wp:term":[{"taxonomy":"category","embeddable":true,"href":"https:\/\/www.iemj.org\/it\/wp-json\/wp\/v2\/categories?post=117607"},{"taxonomy":"post_tag","embeddable":true,"href":"https:\/\/www.iemj.org\/it\/wp-json\/wp\/v2\/tags?post=117607"},{"taxonomy":"technique","embeddable":true,"href":"https:\/\/www.iemj.org\/it\/wp-json\/wp\/v2\/technique?post=117607"},{"taxonomy":"squelettes","embeddable":true,"href":"https:\/\/www.iemj.org\/it\/wp-json\/wp\/v2\/squelettes?post=117607"},{"taxonomy":"sujet","embeddable":true,"href":"https:\/\/www.iemj.org\/it\/wp-json\/wp\/v2\/sujet?post=117607"},{"taxonomy":"formation","embeddable":true,"href":"https:\/\/www.iemj.org\/it\/wp-json\/wp\/v2\/formation?post=117607"},{"taxonomy":"genre","embeddable":true,"href":"https:\/\/www.iemj.org\/it\/wp-json\/wp\/v2\/genre?post=117607"},{"taxonomy":"fonds","embeddable":true,"href":"https:\/\/www.iemj.org\/it\/wp-json\/wp\/v2\/fonds?post=117607"},{"taxonomy":"tradition","embeddable":true,"href":"https:\/\/www.iemj.org\/it\/wp-json\/wp\/v2\/tradition?post=117607"},{"taxonomy":"type-de-contenu","embeddable":true,"href":"https:\/\/www.iemj.org\/it\/wp-json\/wp\/v2\/type-de-contenu?post=117607"},{"taxonomy":"interprete-compositeur","embeddable":true,"href":"https:\/\/www.iemj.org\/it\/wp-json\/wp\/v2\/interprete-compositeur?post=117607"},{"taxonomy":"frise","embeddable":true,"href":"https:\/\/www.iemj.org\/it\/wp-json\/wp\/v2\/frise?post=117607"},{"taxonomy":"type-devenement","embeddable":true,"href":"https:\/\/www.iemj.org\/it\/wp-json\/wp\/v2\/type-devenement?post=117607"},{"taxonomy":"tableaux-liens-externes","embeddable":true,"href":"https:\/\/www.iemj.org\/it\/wp-json\/wp\/v2\/tableaux-liens-externes?post=117607"}],"curies":[{"name":"wp","href":"https:\/\/api.w.org\/{rel}","templated":true}]}}