{"id":118528,"date":"2025-03-04T12:04:45","date_gmt":"2025-03-04T11:04:45","guid":{"rendered":"https:\/\/www.iemj.org\/farewell-to-the-homeland-polyn-fleyt-musik-in-kontsert\/"},"modified":"2025-03-18T09:58:51","modified_gmt":"2025-03-18T08:58:51","slug":"farewell-to-the-homeland-polyn-fleyt-musik-in-kontsert","status":"publish","type":"post","link":"https:\/\/www.iemj.org\/it\/farewell-to-the-homeland-polyn-fleyt-musik-in-kontsert\/","title":{"rendered":"Farewell to the Homeland Poyln &amp; FleytMusik in Kontsert"},"content":{"rendered":"<h2>2 CD della flautista klezmer americana Adrianne Greenbaum<\/h2>\n<p><!--more--><\/p>\n<p>Nel luglio 2023, la flautista americana Adrianne Greenbaum ha presentato all&#8217;IEMJ due suoi CD &#8211; <em>Farewell to the Homeland Poyln <\/em>e <em>FleytMusik in Kontsert<\/em> &#8211; che testimoniano l&#8217;importanza del flauto nei piccoli ensemble klezmer tradizionali.<\/p>\n<p><!--more--><\/p>\n<figure id=\"attachment_118406\" aria-describedby=\"caption-attachment-118406\" style=\"width: 116px\" class=\"wp-caption alignright\"><img decoding=\"async\" class=\"wp-image-118406\" src=\"https:\/\/www.iemj.org\/wp-content\/uploads\/2025\/03\/Adrianne-Greenbaum-249x300.png\" alt=\"\" width=\"116\" height=\"139\" srcset=\"https:\/\/www.iemj.org\/wp-content\/uploads\/2025\/03\/Adrianne-Greenbaum-249x300.png 249w, https:\/\/www.iemj.org\/wp-content\/uploads\/2025\/03\/Adrianne-Greenbaum.png 407w\" sizes=\"(max-width: 116px) 100vw, 116px\" \/><figcaption id=\"caption-attachment-118406\" class=\"wp-caption-text\"><strong>Adrianne Greenbaum<\/strong><\/figcaption><\/figure>\n<p><a href=\"https:\/\/klezmerflute.com\/press\" target=\"_blank\" rel=\"noopener\">Adrianne Greenbaum<\/a> \u00e8 docente di flauto al Mount Holyoke College (Massachusetts &#8211; USA). Suona sia flauti moderni che antichi, il che le ha permesso di affrontare un ampio repertorio che spazia dalla musica barocca a quella klezmer. \u00c8 regolarmente invitata ad esibirsi ed a dirigere klezKamp in molti Paesi ed ha pubblicato quattro CD e due spartiti dedicati al repertorio flautistico klezmer.<\/p>\n<p>Secondo Adrianne Greenbaum, \u201cprima dell&#8217;esistenza delle grandi orchestre klezmer (o kapelye), che comprendevano ottoni e clarinetti, il flauto faceva parte dei piccoli gruppi klezmer. Le prime foto dei grandi gruppi mostrano uno o pi\u00f9 flauti. Questi flauti erano fatti di legno e generalmente avevano diverse chiavi.&#8221;<span class=\"footnote_referrer\"><a role=\"button\" tabindex=\"0\" onclick=\"footnote_moveToReference_118528_1('footnote_plugin_reference_118528_1_1');\" onkeypress=\"footnote_moveToReference_118528_1('footnote_plugin_reference_118528_1_1');\" ><sup id=\"footnote_plugin_tooltip_118528_1_1\" class=\"footnote_plugin_tooltip_text\">[1]<\/sup><\/a><span id=\"footnote_plugin_tooltip_text_118528_1_1\" class=\"footnote_tooltip\"><a href=\"https:\/\/klezmerflute.com\/klezmer-flute\"><span class=\"footnote_url_wrap\">https:\/\/klezmerflute.com\/klezmer-flute<\/span><\/a><\/span><\/span><script type=\"text\/javascript\"> jQuery('#footnote_plugin_tooltip_118528_1_1').tooltip({ tip: '#footnote_plugin_tooltip_text_118528_1_1', tipClass: 'footnote_tooltip', effect: 'fade', predelay: 0, fadeInSpeed: 200, delay: 400, fadeOutSpeed: 200, position: 'top center', relative: true, offset: [-7, 0], });<\/script><\/p>\n\n\n<div class=\"wp-block-columns are-vertically-aligned-center is-layout-flex wp-container-core-columns-is-layout-9d6595d7 wp-block-columns-is-layout-flex\">\n<div class=\"wp-block-column is-vertically-aligned-center is-layout-flow wp-block-column-is-layout-flow\">\n<div class=\"wp-block-columns is-layout-flex wp-container-core-columns-is-layout-9d6595d7 wp-block-columns-is-layout-flex\">\n<div class=\"wp-block-column is-layout-flow wp-block-column-is-layout-flow\">\n<figure class=\"wp-block-image size-full\"><img fetchpriority=\"high\" decoding=\"async\" width=\"338\" height=\"340\" src=\"https:\/\/www.iemj.org\/wp-content\/uploads\/2025\/03\/Capture-CD2.jpg\" alt=\"\" class=\"wp-image-118412\" srcset=\"https:\/\/www.iemj.org\/wp-content\/uploads\/2025\/03\/Capture-CD2.jpg 338w, https:\/\/www.iemj.org\/wp-content\/uploads\/2025\/03\/Capture-CD2-298x300.jpg 298w, https:\/\/www.iemj.org\/wp-content\/uploads\/2025\/03\/Capture-CD2-150x150.jpg 150w, https:\/\/www.iemj.org\/wp-content\/uploads\/2025\/03\/Capture-CD2-100x100.jpg 100w\" sizes=\"(max-width: 338px) 100vw, 338px\" \/><\/figure>\n<\/div>\n\n\n\n<div class=\"wp-block-column is-layout-flow wp-block-column-is-layout-flow\">\n<figure class=\"wp-block-image size-full\"><img decoding=\"async\" width=\"335\" height=\"339\" src=\"https:\/\/www.iemj.org\/wp-content\/uploads\/2025\/03\/Capture-CD3.jpg\" alt=\"\" class=\"wp-image-118417\" srcset=\"https:\/\/www.iemj.org\/wp-content\/uploads\/2025\/03\/Capture-CD3.jpg 335w, https:\/\/www.iemj.org\/wp-content\/uploads\/2025\/03\/Capture-CD3-296x300.jpg 296w, https:\/\/www.iemj.org\/wp-content\/uploads\/2025\/03\/Capture-CD3-100x100.jpg 100w\" sizes=\"(max-width: 335px) 100vw, 335px\" \/><\/figure>\n<\/div>\n<\/div>\n<\/div>\n\n\n\n<div class=\"wp-block-column is-vertically-aligned-center is-layout-flow wp-block-column-is-layout-flow\">\n<div class=\"wp-block-columns is-layout-flex wp-container-core-columns-is-layout-9d6595d7 wp-block-columns-is-layout-flex\">\n<div class=\"wp-block-column is-layout-flow wp-block-column-is-layout-flow\">\n<figure class=\"wp-block-image size-full is-resized\"><img loading=\"lazy\" decoding=\"async\" width=\"280\" height=\"384\" src=\"https:\/\/www.iemj.org\/wp-content\/uploads\/2025\/03\/Capture-partition1.jpg\" alt=\"\" class=\"wp-image-118422\" style=\"width:279px;height:auto\" srcset=\"https:\/\/www.iemj.org\/wp-content\/uploads\/2025\/03\/Capture-partition1.jpg 280w, https:\/\/www.iemj.org\/wp-content\/uploads\/2025\/03\/Capture-partition1-219x300.jpg 219w\" sizes=\"(max-width: 280px) 100vw, 280px\" \/><\/figure>\n<\/div>\n\n\n\n<div class=\"wp-block-column is-layout-flow wp-block-column-is-layout-flow\">\n<figure class=\"wp-block-image size-full is-resized\"><img loading=\"lazy\" decoding=\"async\" width=\"266\" height=\"363\" src=\"https:\/\/www.iemj.org\/wp-content\/uploads\/2025\/03\/Capture-partition-2.jpg\" alt=\"\" class=\"wp-image-118427\" style=\"width:280px;height:auto\" srcset=\"https:\/\/www.iemj.org\/wp-content\/uploads\/2025\/03\/Capture-partition-2.jpg 266w, https:\/\/www.iemj.org\/wp-content\/uploads\/2025\/03\/Capture-partition-2-220x300.jpg 220w\" sizes=\"(max-width: 266px) 100vw, 266px\" \/><\/figure>\n<\/div>\n<\/div>\n<\/div>\n<\/div>\n\n\n<h2><img loading=\"lazy\" decoding=\"async\" class=\"size-medium wp-image-118434 alignleft\" src=\"https:\/\/www.iemj.org\/wp-content\/uploads\/2025\/03\/Capture-CD4-300x298.jpg\" alt=\"\" width=\"300\" height=\"298\" srcset=\"https:\/\/www.iemj.org\/wp-content\/uploads\/2025\/03\/Capture-CD4-300x298.jpg 300w, https:\/\/www.iemj.org\/wp-content\/uploads\/2025\/03\/Capture-CD4-150x150.jpg 150w, https:\/\/www.iemj.org\/wp-content\/uploads\/2025\/03\/Capture-CD4-100x100.jpg 100w, https:\/\/www.iemj.org\/wp-content\/uploads\/2025\/03\/Capture-CD4.jpg 341w\" sizes=\"(max-width: 300px) 100vw, 300px\" \/>Farewell to the Homeland Poyln<\/h2>\n<p>Gli interpreti di questo CD, pubblicato nel 2016, sono musicisti klezmer di fama internazionale. Adrianne Greenbaum (flauto antico di legno, ottavino), Michael Alpert (badkhn, violino, percussioni), Pete Rushefsky (cymbalum), Jake Shulman-Ment (violino), Brian Glassman (contrabbasso) si sono riuniti per far rivivere il repertorio musicale della famiglia Frand, che negli anni &#8217;30 suonava in un&#8217;orchestra klezmer a Dubiecko, in Polonia. Un membro di questa famiglia, Michel Dovid (poi diventato Milton Frant), emigr\u00f2 negli Stati Uniti e registr\u00f2 una cinquantina di brani di questo ensemble klezmer. Nel 2009, sua figlia, Sharon Frant Brooks, ha trovato il manoscritto musicale in cui erano stati registrati questi brani e ha deciso di rivolgersi a musicisti klezmer contemporanei per far rivivere questo repertorio. L&#8217;orchestra klezmer della famiglia Frand era composta da strumenti a corda e da un flauto. Adrianne Greenbaum ha risposto all&#8217;appello e, con il suo ensemble <a href=\"https:\/\/klezmerflute.com\/performing#fleytmuzik\" target=\"_blank\" rel=\"noopener\">FleytMusik<\/a>, ha tenuto un mini-concerto nel New Jersey (USA), seguito poco dopo da un altro concerto al cimitero di Dubiecko in Polonia.<\/p>\n<p>Il gruppo klezmer della famiglia Frand suonava regolarmente a matrimoni, feste, circhi e <a href=\"https:\/\/www.iemj.org\/it\/le-pourim-shpil-2\/\" target=\"_blank\" rel=\"noopener\">Purim Shpil<\/a> a Dubiecko, Dynow ed altri villaggi limitrofi. Quando sentivano parlare di un matrimonio che si svolgeva sul rynek, la piazza del mercato, si presentavano e suonavano, dividendo i soldi che ricevevano. Si esibivano anche nella tenuta Kr\u00e1snick e, soprattutto, suonavano per il Rebbe quando veniva in citt\u00e0 e lo accompagnavano a Dyn\u00f3w. Il loro repertorio ci mostra che molta della musica che suonavano e che dovevano conoscere non era ebraica, da cui la natura eclettica dei brani selezionati per questo disco (valzer, polka, quadriglia, aria polacca, chassidica, ecc.).<\/p>\n\n\n<div style=\"height:16px\" aria-hidden=\"true\" class=\"wp-block-spacer\"><\/div>\n\n\n<h2><img loading=\"lazy\" decoding=\"async\" class=\"size-medium wp-image-118412 alignleft\" src=\"https:\/\/www.iemj.org\/wp-content\/uploads\/2025\/03\/Capture-CD2-298x300.jpg\" alt=\"\" width=\"298\" height=\"300\" srcset=\"https:\/\/www.iemj.org\/wp-content\/uploads\/2025\/03\/Capture-CD2-298x300.jpg 298w, https:\/\/www.iemj.org\/wp-content\/uploads\/2025\/03\/Capture-CD2-150x150.jpg 150w, https:\/\/www.iemj.org\/wp-content\/uploads\/2025\/03\/Capture-CD2-100x100.jpg 100w, https:\/\/www.iemj.org\/wp-content\/uploads\/2025\/03\/Capture-CD2.jpg 338w\" sizes=\"(max-width: 298px) 100vw, 298px\" \/>FleytMusik in Kontsert<\/h2>\n<p>Questo CD \u00e8 stato registrato dal vivo e pubblicato nel 2008. Adrianne Greenbaum (flauto antico e moderno), accompagnata da Jake Shulman-Ment (violino), Pete Rushefsky (cymbalum), Brian Glassman (contrabbasso) e Max Yassky (grancassa), esegue un repertorio vario (danze klezmer, melodie teatrali yiddish, melodie di preghiera e niggunim, ecc.) di origini diverse. Include brani tradizionali annotati da <a href=\"https:\/\/www.iemj.org\/it\/beregovski-moisei-iakovlevich-1892-1961\/\" target=\"_blank\" rel=\"noopener\">Moshe Beregovski<\/a>, cos\u00ec come brani ucraini, russi e bessarabi, tra cui due pezzi di <a href=\"https:\/\/www.iemj.org\/it\/goldenshteyn-german-1934-2006\/\" target=\"_blank\" rel=\"noopener\">German Goldenshteyn<\/a>. Il disco si conclude con una serie di commenti di Adrianne Greenbaum sulla concezione e sul contenuto dell&#8217;album.<\/p>\n\n\n<div style=\"height:20px\" aria-hidden=\"true\" class=\"wp-block-spacer\"><\/div>\n\n\n\n<h3 class=\"wp-block-heading has-text-align-center\"><a href=\"https:\/\/klezmerflute.com\/home\" target=\"_blank\" rel=\"noreferrer noopener\">Visita il sito web FleytMusik di Adrianne Greenbaum<\/a><\/h3>\n\n\n\n<div style=\"height:20px\" aria-hidden=\"true\" class=\"wp-block-spacer\"><\/div>\n\n\n\n<figure class=\"wp-block-embed is-type-video is-provider-youtube wp-block-embed-youtube wp-embed-aspect-16-9 wp-has-aspect-ratio\"><div class=\"wp-block-embed__wrapper\">\n<iframe title=\"Adrianne Greenbaum, FleytMuzik at Eldridge Synagogue: Farewell to the Homeland Poyln\" width=\"640\" height=\"360\" src=\"https:\/\/www.youtube.com\/embed\/jL6Um26fhgg?feature=oembed\" frameborder=\"0\" allow=\"accelerometer; autoplay; clipboard-write; encrypted-media; gyroscope; picture-in-picture; web-share\" referrerpolicy=\"strict-origin-when-cross-origin\" allowfullscreen><\/iframe>\n<\/div><figcaption class=\"wp-element-caption\"><strong>Adrianne Greenbaum, FleytMuzik at Eldridge Synagogue: Farewell to the Homeland Poyln<\/strong><\/figcaption><\/figure>\n\n\n<div class=\"wp-block-image\">\n<figure class=\"aligncenter size-large\"><img loading=\"lazy\" decoding=\"async\" width=\"1024\" height=\"133\" src=\"https:\/\/www.iemj.org\/wp-content\/uploads\/2024\/03\/AUDIO-PLAYER-1024x133.png\" alt=\"\" class=\"wp-image-110608\" srcset=\"https:\/\/www.iemj.org\/wp-content\/uploads\/2024\/03\/AUDIO-PLAYER-1024x133.png 1024w, https:\/\/www.iemj.org\/wp-content\/uploads\/2024\/03\/AUDIO-PLAYER-300x39.png 300w, https:\/\/www.iemj.org\/wp-content\/uploads\/2024\/03\/AUDIO-PLAYER-768x100.png 768w, https:\/\/www.iemj.org\/wp-content\/uploads\/2024\/03\/AUDIO-PLAYER-600x78.png 600w, https:\/\/www.iemj.org\/wp-content\/uploads\/2024\/03\/AUDIO-PLAYER.png 1210w\" sizes=\"(max-width: 1024px) 100vw, 1024px\" \/><\/figure>\n<\/div><div class=\"speaker-mute footnotes_reference_container\"> <div class=\"footnote_container_prepare\"><p><span role=\"button\" tabindex=\"0\" class=\"footnote_reference_container_label pointer\" onclick=\"footnote_expand_collapse_reference_container_118528_1();\">&#x202F;<\/span><span role=\"button\" tabindex=\"0\" class=\"footnote_reference_container_collapse_button\" style=\"display: none;\" onclick=\"footnote_expand_collapse_reference_container_118528_1();\">[<a id=\"footnote_reference_container_collapse_button_118528_1\">+<\/a>]<\/span><\/p><\/div> <div id=\"footnote_references_container_118528_1\" style=\"\"><table class=\"footnotes_table footnote-reference-container\"><caption class=\"accessibility\">References<\/caption> <tbody> \r\n\r\n<tr class=\"footnotes_plugin_reference_row\"> <th scope=\"row\" class=\"footnote_plugin_index_combi pointer\"  onclick=\"footnote_moveToAnchor_118528_1('footnote_plugin_tooltip_118528_1_1');\"><a id=\"footnote_plugin_reference_118528_1_1\" class=\"footnote_backlink\">1<\/a><\/th> <td class=\"footnote_plugin_text\"><a href=\"https:\/\/klezmerflute.com\/klezmer-flute\"><span class=\"footnote_url_wrap\">https:\/\/klezmerflute.com\/klezmer-flute<\/span><\/a><\/td><\/tr>\r\n\r\n <\/tbody> <\/table> <\/div><\/div><script type=\"text\/javascript\"> function footnote_expand_reference_container_118528_1() { jQuery('#footnote_references_container_118528_1').show(); jQuery('#footnote_reference_container_collapse_button_118528_1').text('\u2212'); } function footnote_collapse_reference_container_118528_1() { jQuery('#footnote_references_container_118528_1').hide(); jQuery('#footnote_reference_container_collapse_button_118528_1').text('+'); } function footnote_expand_collapse_reference_container_118528_1() { if (jQuery('#footnote_references_container_118528_1').is(':hidden')) { footnote_expand_reference_container_118528_1(); } else { footnote_collapse_reference_container_118528_1(); } } function footnote_moveToReference_118528_1(p_str_TargetID) { footnote_expand_reference_container_118528_1(); var l_obj_Target = jQuery('#' + p_str_TargetID); if (l_obj_Target.length) { jQuery( 'html, body' ).delay( 0 ); jQuery('html, body').animate({ scrollTop: l_obj_Target.offset().top - window.innerHeight * 0.2 }, 380); } } function footnote_moveToAnchor_118528_1(p_str_TargetID) { footnote_expand_reference_container_118528_1(); var l_obj_Target = jQuery('#' + p_str_TargetID); if (l_obj_Target.length) { jQuery( 'html, body' ).delay( 0 ); jQuery('html, body').animate({ scrollTop: l_obj_Target.offset().top - window.innerHeight * 0.2 }, 380); } }<\/script>","protected":false},"excerpt":{"rendered":"<p>2 CD della flautista klezmer americana Adrianne Greenbaum<\/p>\n","protected":false},"author":5,"featured_media":118448,"comment_status":"closed","ping_status":"closed","sticky":false,"template":"","format":"standard","meta":{"_acf_changed":false,"footnotes":""},"categories":[1569,1564],"tags":[4033],"technique":[],"squelettes":[],"sujet":[],"formation":[],"genre":[1874],"fonds":[],"tradition":[],"type-de-contenu":[],"interprete-compositeur":[],"frise":[],"type-devenement":[],"tableaux-liens-externes":[],"class_list":["post-118528","post","type-post","status-publish","format-standard","has-post-thumbnail","hentry","category-cd-it","category-ultimi-acquisti-it","tag-polonia-it","genre-klezmer-it"],"acf":[],"yoast_head":"<!-- This site is optimized with the Yoast SEO plugin v27.3 - https:\/\/yoast.com\/product\/yoast-seo-wordpress\/ -->\n<title>Farewell to the Homeland Poyln &amp; FleytMusik in Kontsert - Institut Europ\u00e9en des Musiques Juives<\/title>\n<meta name=\"robots\" content=\"index, follow, max-snippet:-1, max-image-preview:large, max-video-preview:-1\" \/>\n<link rel=\"canonical\" href=\"https:\/\/www.iemj.org\/it\/farewell-to-the-homeland-polyn-fleyt-musik-in-kontsert\/\" \/>\n<meta property=\"og:locale\" content=\"it_IT\" \/>\n<meta property=\"og:type\" content=\"article\" \/>\n<meta property=\"og:title\" content=\"Farewell to the Homeland Poyln &amp; FleytMusik in Kontsert - Institut Europ\u00e9en des Musiques Juives\" \/>\n<meta property=\"og:description\" content=\"2 CD della flautista klezmer americana Adrianne Greenbaum\" \/>\n<meta property=\"og:url\" content=\"https:\/\/www.iemj.org\/it\/farewell-to-the-homeland-polyn-fleyt-musik-in-kontsert\/\" \/>\n<meta property=\"og:site_name\" content=\"Institut Europ\u00e9en des Musiques Juives\" \/>\n<meta property=\"article:publisher\" content=\"https:\/\/www.facebook.com\/MusiquesJuives\/\" \/>\n<meta property=\"article:published_time\" content=\"2025-03-04T11:04:45+00:00\" \/>\n<meta property=\"article:modified_time\" content=\"2025-03-18T08:58:51+00:00\" \/>\n<meta property=\"og:image\" content=\"https:\/\/www.iemj.org\/wp-content\/uploads\/2025\/03\/Logo-article-A-Greenbaum.jpg\" \/>\n\t<meta property=\"og:image:width\" content=\"500\" \/>\n\t<meta property=\"og:image:height\" content=\"500\" \/>\n\t<meta property=\"og:image:type\" content=\"image\/jpeg\" \/>\n<meta name=\"author\" content=\"Jacqueline ROTEN\" \/>\n<meta name=\"twitter:card\" content=\"summary_large_image\" \/>\n<meta name=\"twitter:label1\" content=\"Scritto da\" \/>\n\t<meta name=\"twitter:data1\" content=\"Jacqueline ROTEN\" \/>\n\t<meta name=\"twitter:label2\" content=\"Tempo di lettura stimato\" \/>\n\t<meta name=\"twitter:data2\" content=\"5 minuti\" \/>\n<script type=\"application\/ld+json\" class=\"yoast-schema-graph\">{\"@context\":\"https:\\\/\\\/schema.org\",\"@graph\":[{\"@type\":\"Article\",\"@id\":\"https:\\\/\\\/www.iemj.org\\\/it\\\/farewell-to-the-homeland-polyn-fleyt-musik-in-kontsert\\\/#article\",\"isPartOf\":{\"@id\":\"https:\\\/\\\/www.iemj.org\\\/it\\\/farewell-to-the-homeland-polyn-fleyt-musik-in-kontsert\\\/\"},\"author\":{\"name\":\"Jacqueline ROTEN\",\"@id\":\"https:\\\/\\\/www.iemj.org\\\/it\\\/#\\\/schema\\\/person\\\/358e26c18aca017fcc4cc15437f7279c\"},\"headline\":\"Farewell to the Homeland Poyln &amp; FleytMusik in Kontsert\",\"datePublished\":\"2025-03-04T11:04:45+00:00\",\"dateModified\":\"2025-03-18T08:58:51+00:00\",\"mainEntityOfPage\":{\"@id\":\"https:\\\/\\\/www.iemj.org\\\/it\\\/farewell-to-the-homeland-polyn-fleyt-musik-in-kontsert\\\/\"},\"wordCount\":562,\"publisher\":{\"@id\":\"https:\\\/\\\/www.iemj.org\\\/it\\\/#organization\"},\"image\":{\"@id\":\"https:\\\/\\\/www.iemj.org\\\/it\\\/farewell-to-the-homeland-polyn-fleyt-musik-in-kontsert\\\/#primaryimage\"},\"thumbnailUrl\":\"https:\\\/\\\/www.iemj.org\\\/wp-content\\\/uploads\\\/2025\\\/03\\\/Logo-article-A-Greenbaum.jpg\",\"keywords\":[\"Polonia\"],\"articleSection\":[\"CD\",\"Ultimi acquisti\"],\"inLanguage\":\"it-IT\"},{\"@type\":\"WebPage\",\"@id\":\"https:\\\/\\\/www.iemj.org\\\/it\\\/farewell-to-the-homeland-polyn-fleyt-musik-in-kontsert\\\/\",\"url\":\"https:\\\/\\\/www.iemj.org\\\/it\\\/farewell-to-the-homeland-polyn-fleyt-musik-in-kontsert\\\/\",\"name\":\"Farewell to the Homeland Poyln &amp; FleytMusik in Kontsert - Institut Europ\u00e9en des Musiques Juives\",\"isPartOf\":{\"@id\":\"https:\\\/\\\/www.iemj.org\\\/it\\\/#website\"},\"primaryImageOfPage\":{\"@id\":\"https:\\\/\\\/www.iemj.org\\\/it\\\/farewell-to-the-homeland-polyn-fleyt-musik-in-kontsert\\\/#primaryimage\"},\"image\":{\"@id\":\"https:\\\/\\\/www.iemj.org\\\/it\\\/farewell-to-the-homeland-polyn-fleyt-musik-in-kontsert\\\/#primaryimage\"},\"thumbnailUrl\":\"https:\\\/\\\/www.iemj.org\\\/wp-content\\\/uploads\\\/2025\\\/03\\\/Logo-article-A-Greenbaum.jpg\",\"datePublished\":\"2025-03-04T11:04:45+00:00\",\"dateModified\":\"2025-03-18T08:58:51+00:00\",\"breadcrumb\":{\"@id\":\"https:\\\/\\\/www.iemj.org\\\/it\\\/farewell-to-the-homeland-polyn-fleyt-musik-in-kontsert\\\/#breadcrumb\"},\"inLanguage\":\"it-IT\",\"potentialAction\":[{\"@type\":\"ReadAction\",\"target\":[\"https:\\\/\\\/www.iemj.org\\\/it\\\/farewell-to-the-homeland-polyn-fleyt-musik-in-kontsert\\\/\"]}]},{\"@type\":\"ImageObject\",\"inLanguage\":\"it-IT\",\"@id\":\"https:\\\/\\\/www.iemj.org\\\/it\\\/farewell-to-the-homeland-polyn-fleyt-musik-in-kontsert\\\/#primaryimage\",\"url\":\"https:\\\/\\\/www.iemj.org\\\/wp-content\\\/uploads\\\/2025\\\/03\\\/Logo-article-A-Greenbaum.jpg\",\"contentUrl\":\"https:\\\/\\\/www.iemj.org\\\/wp-content\\\/uploads\\\/2025\\\/03\\\/Logo-article-A-Greenbaum.jpg\",\"width\":500,\"height\":500},{\"@type\":\"BreadcrumbList\",\"@id\":\"https:\\\/\\\/www.iemj.org\\\/it\\\/farewell-to-the-homeland-polyn-fleyt-musik-in-kontsert\\\/#breadcrumb\",\"itemListElement\":[{\"@type\":\"ListItem\",\"position\":1,\"name\":\"Accueil\",\"item\":\"https:\\\/\\\/www.iemj.org\\\/it\\\/\"},{\"@type\":\"ListItem\",\"position\":2,\"name\":\"Farewell to the Homeland Poyln &amp; FleytMusik in Kontsert\"}]},{\"@type\":\"WebSite\",\"@id\":\"https:\\\/\\\/www.iemj.org\\\/it\\\/#website\",\"url\":\"https:\\\/\\\/www.iemj.org\\\/it\\\/\",\"name\":\"Institut Europ\u00e9en des Musiques Juives\",\"description\":\"Des traditions musicales \u00e0 la port\u00e9e de tous\",\"publisher\":{\"@id\":\"https:\\\/\\\/www.iemj.org\\\/it\\\/#organization\"},\"potentialAction\":[{\"@type\":\"SearchAction\",\"target\":{\"@type\":\"EntryPoint\",\"urlTemplate\":\"https:\\\/\\\/www.iemj.org\\\/it\\\/?s={search_term_string}\"},\"query-input\":{\"@type\":\"PropertyValueSpecification\",\"valueRequired\":true,\"valueName\":\"search_term_string\"}}],\"inLanguage\":\"it-IT\"},{\"@type\":\"Organization\",\"@id\":\"https:\\\/\\\/www.iemj.org\\\/it\\\/#organization\",\"name\":\"Institut Europ\u00e9en des Musiques Juives\",\"url\":\"https:\\\/\\\/www.iemj.org\\\/it\\\/\",\"logo\":{\"@type\":\"ImageObject\",\"inLanguage\":\"it-IT\",\"@id\":\"https:\\\/\\\/www.iemj.org\\\/it\\\/#\\\/schema\\\/logo\\\/image\\\/\",\"url\":\"https:\\\/\\\/www.iemj.org\\\/wp-content\\\/uploads\\\/2021\\\/09\\\/Logo-IEMJ-Paypal.jpg\",\"contentUrl\":\"https:\\\/\\\/www.iemj.org\\\/wp-content\\\/uploads\\\/2021\\\/09\\\/Logo-IEMJ-Paypal.jpg\",\"width\":150,\"height\":50,\"caption\":\"Institut Europ\u00e9en des Musiques Juives\"},\"image\":{\"@id\":\"https:\\\/\\\/www.iemj.org\\\/it\\\/#\\\/schema\\\/logo\\\/image\\\/\"},\"sameAs\":[\"https:\\\/\\\/www.facebook.com\\\/MusiquesJuives\\\/\",\"https:\\\/\\\/www.instagram.com\\\/musiquesjuives\\\/\",\"https:\\\/\\\/www.youtube.com\\\/user\\\/musiquesjuives\"]},{\"@type\":\"Person\",\"@id\":\"https:\\\/\\\/www.iemj.org\\\/it\\\/#\\\/schema\\\/person\\\/358e26c18aca017fcc4cc15437f7279c\",\"name\":\"Jacqueline ROTEN\",\"image\":{\"@type\":\"ImageObject\",\"inLanguage\":\"it-IT\",\"@id\":\"https:\\\/\\\/secure.gravatar.com\\\/avatar\\\/5964256d6c6957de3a3505278957e0fb2a35119ac47ea41827a65301213c810b?s=96&d=mm&r=g\",\"url\":\"https:\\\/\\\/secure.gravatar.com\\\/avatar\\\/5964256d6c6957de3a3505278957e0fb2a35119ac47ea41827a65301213c810b?s=96&d=mm&r=g\",\"contentUrl\":\"https:\\\/\\\/secure.gravatar.com\\\/avatar\\\/5964256d6c6957de3a3505278957e0fb2a35119ac47ea41827a65301213c810b?s=96&d=mm&r=g\",\"caption\":\"Jacqueline ROTEN\"}}]}<\/script>\n<!-- \/ Yoast SEO plugin. -->","yoast_head_json":{"title":"Farewell to the Homeland Poyln &amp; FleytMusik in Kontsert - Institut Europ\u00e9en des Musiques Juives","robots":{"index":"index","follow":"follow","max-snippet":"max-snippet:-1","max-image-preview":"max-image-preview:large","max-video-preview":"max-video-preview:-1"},"canonical":"https:\/\/www.iemj.org\/it\/farewell-to-the-homeland-polyn-fleyt-musik-in-kontsert\/","og_locale":"it_IT","og_type":"article","og_title":"Farewell to the Homeland Poyln &amp; FleytMusik in Kontsert - Institut Europ\u00e9en des Musiques Juives","og_description":"2 CD della flautista klezmer americana Adrianne Greenbaum","og_url":"https:\/\/www.iemj.org\/it\/farewell-to-the-homeland-polyn-fleyt-musik-in-kontsert\/","og_site_name":"Institut Europ\u00e9en des Musiques Juives","article_publisher":"https:\/\/www.facebook.com\/MusiquesJuives\/","article_published_time":"2025-03-04T11:04:45+00:00","article_modified_time":"2025-03-18T08:58:51+00:00","og_image":[{"width":500,"height":500,"url":"https:\/\/www.iemj.org\/wp-content\/uploads\/2025\/03\/Logo-article-A-Greenbaum.jpg","type":"image\/jpeg"}],"author":"Jacqueline ROTEN","twitter_card":"summary_large_image","twitter_misc":{"Scritto da":"Jacqueline ROTEN","Tempo di lettura stimato":"5 minuti"},"schema":{"@context":"https:\/\/schema.org","@graph":[{"@type":"Article","@id":"https:\/\/www.iemj.org\/it\/farewell-to-the-homeland-polyn-fleyt-musik-in-kontsert\/#article","isPartOf":{"@id":"https:\/\/www.iemj.org\/it\/farewell-to-the-homeland-polyn-fleyt-musik-in-kontsert\/"},"author":{"name":"Jacqueline ROTEN","@id":"https:\/\/www.iemj.org\/it\/#\/schema\/person\/358e26c18aca017fcc4cc15437f7279c"},"headline":"Farewell to the Homeland Poyln &amp; FleytMusik in Kontsert","datePublished":"2025-03-04T11:04:45+00:00","dateModified":"2025-03-18T08:58:51+00:00","mainEntityOfPage":{"@id":"https:\/\/www.iemj.org\/it\/farewell-to-the-homeland-polyn-fleyt-musik-in-kontsert\/"},"wordCount":562,"publisher":{"@id":"https:\/\/www.iemj.org\/it\/#organization"},"image":{"@id":"https:\/\/www.iemj.org\/it\/farewell-to-the-homeland-polyn-fleyt-musik-in-kontsert\/#primaryimage"},"thumbnailUrl":"https:\/\/www.iemj.org\/wp-content\/uploads\/2025\/03\/Logo-article-A-Greenbaum.jpg","keywords":["Polonia"],"articleSection":["CD","Ultimi acquisti"],"inLanguage":"it-IT"},{"@type":"WebPage","@id":"https:\/\/www.iemj.org\/it\/farewell-to-the-homeland-polyn-fleyt-musik-in-kontsert\/","url":"https:\/\/www.iemj.org\/it\/farewell-to-the-homeland-polyn-fleyt-musik-in-kontsert\/","name":"Farewell to the Homeland Poyln &amp; FleytMusik in Kontsert - Institut Europ\u00e9en des Musiques Juives","isPartOf":{"@id":"https:\/\/www.iemj.org\/it\/#website"},"primaryImageOfPage":{"@id":"https:\/\/www.iemj.org\/it\/farewell-to-the-homeland-polyn-fleyt-musik-in-kontsert\/#primaryimage"},"image":{"@id":"https:\/\/www.iemj.org\/it\/farewell-to-the-homeland-polyn-fleyt-musik-in-kontsert\/#primaryimage"},"thumbnailUrl":"https:\/\/www.iemj.org\/wp-content\/uploads\/2025\/03\/Logo-article-A-Greenbaum.jpg","datePublished":"2025-03-04T11:04:45+00:00","dateModified":"2025-03-18T08:58:51+00:00","breadcrumb":{"@id":"https:\/\/www.iemj.org\/it\/farewell-to-the-homeland-polyn-fleyt-musik-in-kontsert\/#breadcrumb"},"inLanguage":"it-IT","potentialAction":[{"@type":"ReadAction","target":["https:\/\/www.iemj.org\/it\/farewell-to-the-homeland-polyn-fleyt-musik-in-kontsert\/"]}]},{"@type":"ImageObject","inLanguage":"it-IT","@id":"https:\/\/www.iemj.org\/it\/farewell-to-the-homeland-polyn-fleyt-musik-in-kontsert\/#primaryimage","url":"https:\/\/www.iemj.org\/wp-content\/uploads\/2025\/03\/Logo-article-A-Greenbaum.jpg","contentUrl":"https:\/\/www.iemj.org\/wp-content\/uploads\/2025\/03\/Logo-article-A-Greenbaum.jpg","width":500,"height":500},{"@type":"BreadcrumbList","@id":"https:\/\/www.iemj.org\/it\/farewell-to-the-homeland-polyn-fleyt-musik-in-kontsert\/#breadcrumb","itemListElement":[{"@type":"ListItem","position":1,"name":"Accueil","item":"https:\/\/www.iemj.org\/it\/"},{"@type":"ListItem","position":2,"name":"Farewell to the Homeland Poyln &amp; FleytMusik in Kontsert"}]},{"@type":"WebSite","@id":"https:\/\/www.iemj.org\/it\/#website","url":"https:\/\/www.iemj.org\/it\/","name":"Institut Europ\u00e9en des Musiques Juives","description":"Des traditions musicales \u00e0 la port\u00e9e de tous","publisher":{"@id":"https:\/\/www.iemj.org\/it\/#organization"},"potentialAction":[{"@type":"SearchAction","target":{"@type":"EntryPoint","urlTemplate":"https:\/\/www.iemj.org\/it\/?s={search_term_string}"},"query-input":{"@type":"PropertyValueSpecification","valueRequired":true,"valueName":"search_term_string"}}],"inLanguage":"it-IT"},{"@type":"Organization","@id":"https:\/\/www.iemj.org\/it\/#organization","name":"Institut Europ\u00e9en des Musiques Juives","url":"https:\/\/www.iemj.org\/it\/","logo":{"@type":"ImageObject","inLanguage":"it-IT","@id":"https:\/\/www.iemj.org\/it\/#\/schema\/logo\/image\/","url":"https:\/\/www.iemj.org\/wp-content\/uploads\/2021\/09\/Logo-IEMJ-Paypal.jpg","contentUrl":"https:\/\/www.iemj.org\/wp-content\/uploads\/2021\/09\/Logo-IEMJ-Paypal.jpg","width":150,"height":50,"caption":"Institut Europ\u00e9en des Musiques Juives"},"image":{"@id":"https:\/\/www.iemj.org\/it\/#\/schema\/logo\/image\/"},"sameAs":["https:\/\/www.facebook.com\/MusiquesJuives\/","https:\/\/www.instagram.com\/musiquesjuives\/","https:\/\/www.youtube.com\/user\/musiquesjuives"]},{"@type":"Person","@id":"https:\/\/www.iemj.org\/it\/#\/schema\/person\/358e26c18aca017fcc4cc15437f7279c","name":"Jacqueline ROTEN","image":{"@type":"ImageObject","inLanguage":"it-IT","@id":"https:\/\/secure.gravatar.com\/avatar\/5964256d6c6957de3a3505278957e0fb2a35119ac47ea41827a65301213c810b?s=96&d=mm&r=g","url":"https:\/\/secure.gravatar.com\/avatar\/5964256d6c6957de3a3505278957e0fb2a35119ac47ea41827a65301213c810b?s=96&d=mm&r=g","contentUrl":"https:\/\/secure.gravatar.com\/avatar\/5964256d6c6957de3a3505278957e0fb2a35119ac47ea41827a65301213c810b?s=96&d=mm&r=g","caption":"Jacqueline ROTEN"}}]}},"_links":{"self":[{"href":"https:\/\/www.iemj.org\/it\/wp-json\/wp\/v2\/posts\/118528","targetHints":{"allow":["GET"]}}],"collection":[{"href":"https:\/\/www.iemj.org\/it\/wp-json\/wp\/v2\/posts"}],"about":[{"href":"https:\/\/www.iemj.org\/it\/wp-json\/wp\/v2\/types\/post"}],"author":[{"embeddable":true,"href":"https:\/\/www.iemj.org\/it\/wp-json\/wp\/v2\/users\/5"}],"replies":[{"embeddable":true,"href":"https:\/\/www.iemj.org\/it\/wp-json\/wp\/v2\/comments?post=118528"}],"version-history":[{"count":0,"href":"https:\/\/www.iemj.org\/it\/wp-json\/wp\/v2\/posts\/118528\/revisions"}],"wp:featuredmedia":[{"embeddable":true,"href":"https:\/\/www.iemj.org\/it\/wp-json\/wp\/v2\/media\/118448"}],"wp:attachment":[{"href":"https:\/\/www.iemj.org\/it\/wp-json\/wp\/v2\/media?parent=118528"}],"wp:term":[{"taxonomy":"category","embeddable":true,"href":"https:\/\/www.iemj.org\/it\/wp-json\/wp\/v2\/categories?post=118528"},{"taxonomy":"post_tag","embeddable":true,"href":"https:\/\/www.iemj.org\/it\/wp-json\/wp\/v2\/tags?post=118528"},{"taxonomy":"technique","embeddable":true,"href":"https:\/\/www.iemj.org\/it\/wp-json\/wp\/v2\/technique?post=118528"},{"taxonomy":"squelettes","embeddable":true,"href":"https:\/\/www.iemj.org\/it\/wp-json\/wp\/v2\/squelettes?post=118528"},{"taxonomy":"sujet","embeddable":true,"href":"https:\/\/www.iemj.org\/it\/wp-json\/wp\/v2\/sujet?post=118528"},{"taxonomy":"formation","embeddable":true,"href":"https:\/\/www.iemj.org\/it\/wp-json\/wp\/v2\/formation?post=118528"},{"taxonomy":"genre","embeddable":true,"href":"https:\/\/www.iemj.org\/it\/wp-json\/wp\/v2\/genre?post=118528"},{"taxonomy":"fonds","embeddable":true,"href":"https:\/\/www.iemj.org\/it\/wp-json\/wp\/v2\/fonds?post=118528"},{"taxonomy":"tradition","embeddable":true,"href":"https:\/\/www.iemj.org\/it\/wp-json\/wp\/v2\/tradition?post=118528"},{"taxonomy":"type-de-contenu","embeddable":true,"href":"https:\/\/www.iemj.org\/it\/wp-json\/wp\/v2\/type-de-contenu?post=118528"},{"taxonomy":"interprete-compositeur","embeddable":true,"href":"https:\/\/www.iemj.org\/it\/wp-json\/wp\/v2\/interprete-compositeur?post=118528"},{"taxonomy":"frise","embeddable":true,"href":"https:\/\/www.iemj.org\/it\/wp-json\/wp\/v2\/frise?post=118528"},{"taxonomy":"type-devenement","embeddable":true,"href":"https:\/\/www.iemj.org\/it\/wp-json\/wp\/v2\/type-devenement?post=118528"},{"taxonomy":"tableaux-liens-externes","embeddable":true,"href":"https:\/\/www.iemj.org\/it\/wp-json\/wp\/v2\/tableaux-liens-externes?post=118528"}],"curies":[{"name":"wp","href":"https:\/\/api.w.org\/{rel}","templated":true}]}}