{"id":118787,"date":"2025-03-19T15:24:16","date_gmt":"2025-03-19T14:24:16","guid":{"rendered":"https:\/\/www.iemj.org\/arnold-schoenberg-un-musicien-juif-dans-le-monde\/"},"modified":"2025-03-24T11:30:43","modified_gmt":"2025-03-24T10:30:43","slug":"arnold-schoenberg-un-musicien-juif-dans-le-monde","status":"publish","type":"post","link":"https:\/\/www.iemj.org\/it\/arnold-schoenberg-un-musicien-juif-dans-le-monde\/","title":{"rendered":"Arnold Schoenberg, un musicien juif dans le monde"},"content":{"rendered":"<p><!--more--><\/p>\n<p><strong>In <em>Musiques, mondialisation et soci\u00e9t\u00e9s<\/em>, a cura di Myriam Odile Blin e Pierre Albert Castanet, Presses universitaires de Rouen et du Havre, 2024, 250 p.<\/strong><!--more--><\/p>\n<p>Questo volume esplora i legami tra musica, globalizzazione e societ\u00e0, toccando una variet\u00e0 di temi come la musica colta, la musica popolare, la politica, la religione e le questioni culturali globali. Attraverso vari articoli, mostra come la musica, nell&#8217;era della globalizzazione, rimanga un importante vettore di mediazione culturale, riflettendo al contempo le sfide e le speranze del nostro tempo.<\/p>\n<p>Tra i vari contributi a quest&#8217;opera accademica c&#8217;\u00e8 un articolo di Myriam Odile Blin su\u00a0<a href=\"https:\/\/www.iemj.org\/it\/schonberg-arnold-1874-1951\/\" target=\"_blank\" rel=\"noopener\">Arnold Schoenberg (1874-1951)<\/a> ed il suo rapporto con l&#8217;ebraismo. <img fetchpriority=\"high\" decoding=\"async\" class=\"size-medium wp-image-118771 alignright\" src=\"https:\/\/www.iemj.org\/wp-content\/uploads\/2025\/03\/entartete_musik_poster_01-209x300.jpg\" alt=\"\" width=\"209\" height=\"300\" srcset=\"https:\/\/www.iemj.org\/wp-content\/uploads\/2025\/03\/entartete_musik_poster_01-209x300.jpg 209w, https:\/\/www.iemj.org\/wp-content\/uploads\/2025\/03\/entartete_musik_poster_01.jpg 380w\" sizes=\"(max-width: 209px) 100vw, 209px\" \/>L&#8217;autrice \u201csi concentra sullo status di \u2018musicista ebreo nel mondo\u2019, quello di Arnold Schoenberg, il padre della dodecafonia<span class=\"footnote_referrer\"><a role=\"button\" tabindex=\"0\" onclick=\"footnote_moveToReference_118787_1('footnote_plugin_reference_118787_1_1');\" onkeypress=\"footnote_moveToReference_118787_1('footnote_plugin_reference_118787_1_1');\" ><sup id=\"footnote_plugin_tooltip_118787_1_1\" class=\"footnote_plugin_tooltip_text\">[1]<\/sup><\/a><span id=\"footnote_plugin_tooltip_text_118787_1_1\" class=\"footnote_tooltip\">un sistema musicale basato su una serie di intervalli costituiti dalle dodici note della scala cromatica<\/span><\/span><script type=\"text\/javascript\"> jQuery('#footnote_plugin_tooltip_118787_1_1').tooltip({ tip: '#footnote_plugin_tooltip_text_118787_1_1', tipClass: 'footnote_tooltip', effect: 'fade', predelay: 0, fadeInSpeed: 200, delay: 400, fadeOutSpeed: 200, position: 'top center', relative: true, offset: [-7, 0], });<\/script>, che fu ostracizzato in quanto ebreo ed esiliato negli Stati Uniti nel 1933. La prima met\u00e0 del XX secolo in Europa oscill\u00f2 tra cultura e barbarie, tra antisemitismo ed <em>Entartete Musik<\/em><span class=\"footnote_referrer\"><a role=\"button\" tabindex=\"0\" onclick=\"footnote_moveToReference_118787_1('footnote_plugin_reference_118787_1_2');\" onkeypress=\"footnote_moveToReference_118787_1('footnote_plugin_reference_118787_1_2');\" ><sup id=\"footnote_plugin_tooltip_118787_1_2\" class=\"footnote_plugin_tooltip_text\">[2]<\/sup><\/a><span id=\"footnote_plugin_tooltip_text_118787_1_2\" class=\"footnote_tooltip\">L&#8217;espressione nazista \u201cEntartete Musik\u201d (\u201cMusica degenerata\u201d) descrive un vasto repertorio musicale di opere e compositori banditi sotto il Terzo Reich. Uno dei simboli di questo&nbsp;&#x2026; <span class=\"footnote_tooltip_continue\"  onclick=\"footnote_moveToReference_118787_1('footnote_plugin_reference_118787_1_2');\">Lire la suite<\/span><\/span><\/span><script type=\"text\/javascript\"> jQuery('#footnote_plugin_tooltip_118787_1_2').tooltip({ tip: '#footnote_plugin_tooltip_text_118787_1_2', tipClass: 'footnote_tooltip', effect: 'fade', predelay: 0, fadeInSpeed: 200, delay: 400, fadeOutSpeed: 200, position: 'top center', relative: true, offset: [-7, 0], });<\/script>, e l&#8217;ispirazione ebraica della musica di Arnold Schoenberg port\u00f2 a disaccordi con Thomas Mann. [&#8230;] Se questo studio singolarmente illuminato evoca naturalmente opere chiave come <em>Mos\u00e8 e Aron<\/em>, <em>La scala di Giacobbe<\/em> e <em>Un sopravvissuto di Varsavia<\/em>, si concentra soprattutto sul <em>Kol Nidre<\/em>, il famoso brano introduttivo alla festa dello Yom Kippur (una melodia arrangiata da Schoenberg nel 1938, ma frequentata anche da molti artisti [&#8230;].). In conclusione, la sociologa dell&#8217;arte solleva la questione della musica, e della musica ebraica in particolare, come \u201ccoscienza del mondo\u201d.<span class=\"footnote_referrer\"><a role=\"button\" tabindex=\"0\" onclick=\"footnote_moveToReference_118787_1('footnote_plugin_reference_118787_1_3');\" onkeypress=\"footnote_moveToReference_118787_1('footnote_plugin_reference_118787_1_3');\" ><sup id=\"footnote_plugin_tooltip_118787_1_3\" class=\"footnote_plugin_tooltip_text\">[3]<\/sup><\/a><span id=\"footnote_plugin_tooltip_text_118787_1_3\" class=\"footnote_tooltip\"><em>Musiques, mondialisation et soci\u00e9t\u00e9s<\/em> \/ A cura di Myriam Odile Blin e Pierre Albert Castanet, Presses universitaires de Rouen et du Havre, 2024, p. 12.<\/span><\/span><script type=\"text\/javascript\"> jQuery('#footnote_plugin_tooltip_118787_1_3').tooltip({ tip: '#footnote_plugin_tooltip_text_118787_1_3', tipClass: 'footnote_tooltip', effect: 'fade', predelay: 0, fadeInSpeed: 200, delay: 400, fadeOutSpeed: 200, position: 'top center', relative: true, offset: [-7, 0], });<\/script><\/p>\n<p><img decoding=\"async\" class=\" wp-image-118776 alignleft\" src=\"https:\/\/www.iemj.org\/wp-content\/uploads\/2025\/03\/Arnold-Schoenberg_site-IEMJ-230x300.jpg\" alt=\"\" width=\"197\" height=\"257\" srcset=\"https:\/\/www.iemj.org\/wp-content\/uploads\/2025\/03\/Arnold-Schoenberg_site-IEMJ-230x300.jpg 230w, https:\/\/www.iemj.org\/wp-content\/uploads\/2025\/03\/Arnold-Schoenberg_site-IEMJ.jpg 350w\" sizes=\"(max-width: 197px) 100vw, 197px\" \/>Myriam Odile Blin ricorda anche gli scritti di Andr\u00e9 Neher, che riteneva che la dodecafonia di Schoenberg traesse ispirazione dalla mistica ebraica e dalla cabala, in particolare attraverso il simbolismo dei numeri 6 e 12, molto presenti nella letteratura ebraica <span class=\"footnote_referrer\"><a role=\"button\" tabindex=\"0\" onclick=\"footnote_moveToReference_118787_1('footnote_plugin_reference_118787_1_4');\" onkeypress=\"footnote_moveToReference_118787_1('footnote_plugin_reference_118787_1_4');\" ><sup id=\"footnote_plugin_tooltip_118787_1_4\" class=\"footnote_plugin_tooltip_text\">[4]<\/sup><\/a><span id=\"footnote_plugin_tooltip_text_118787_1_4\" class=\"footnote_tooltip\">Cfr. Andr\u00e9 Neher, <em>Faust et le Maharal de Prague, le mythe et le r\u00e9el<\/em>, Paris, PUF, 1987<\/span><\/span><script type=\"text\/javascript\"> jQuery('#footnote_plugin_tooltip_118787_1_4').tooltip({ tip: '#footnote_plugin_tooltip_text_118787_1_4', tipClass: 'footnote_tooltip', effect: 'fade', predelay: 0, fadeInSpeed: 200, delay: 400, fadeOutSpeed: 200, position: 'top center', relative: true, offset: [-7, 0], });<\/script>. Cos\u00ec, come sottolinea M-O Blin, \u201cil significato autentico della musica e degli scritti di Schoenberg pu\u00f2 essere colto solo attraverso il prisma di una spiritualit\u00e0 viva che segue le vie della mistica ebraica\u201d. Eppure la dodecafonia pu\u00f2 essere compresa in modo neutro, senza passare attraverso questa singolare staffetta di spiritualit\u00e0: si tratta allora di un modello di scrittura razionalmente definito per la composizione musicale. [&#8230;] Arnold Schoenberg era quindi inseparabilmente visionario e conservatore da un lato, razionale e mistico dall&#8217;altro\u201d.<span class=\"footnote_referrer\"><a role=\"button\" tabindex=\"0\" onclick=\"footnote_moveToReference_118787_1('footnote_plugin_reference_118787_1_5');\" onkeypress=\"footnote_moveToReference_118787_1('footnote_plugin_reference_118787_1_5');\" ><sup id=\"footnote_plugin_tooltip_118787_1_5\" class=\"footnote_plugin_tooltip_text\">[5]<\/sup><\/a><span id=\"footnote_plugin_tooltip_text_118787_1_5\" class=\"footnote_tooltip\"><em>Musiques, mondialisation et soci\u00e9t\u00e9s<\/em>, p. 50.<\/span><\/span><script type=\"text\/javascript\"> jQuery('#footnote_plugin_tooltip_118787_1_5').tooltip({ tip: '#footnote_plugin_tooltip_text_118787_1_5', tipClass: 'footnote_tooltip', effect: 'fade', predelay: 0, fadeInSpeed: 200, delay: 400, fadeOutSpeed: 200, position: 'top center', relative: true, offset: [-7, 0], });<\/script><\/p>\n<p><a href=\"https:\/\/www.amazon.fr\/Musiques-mondialisation-societes-Blin-myriam-odile\/dp\/B0BGPCBFH2\" target=\"_blank\" rel=\"noopener\">Ordinare il libro<\/a><\/p>\n<p><a href=\"https:\/\/webtv.univ-rouen.fr\/videos\/1-arnold-schoenberg-un-musicien-juif-dans-le-monde-par-myriam-odile-blin-decoupage\/\" target=\"_blank\" rel=\"noopener\">Guarda la conferenza filmata di Myriam Odile Blin \u00ab Arnold Schoenberg, un musicien juif dans le monde \u00bb (Arnold Schoenberg, un musicista ebreo nel mondo)<\/a><\/p>\n\n\n<div class=\"wp-block-buttons has-custom-font-size has-medium-font-size is-content-justification-center is-layout-flex wp-container-core-buttons-is-layout-16018d1d wp-block-buttons-is-layout-flex\">\n<div class=\"wp-block-button has-custom-width wp-block-button__width-75 has-custom-font-size\" style=\"font-size:15px\"><a class=\"wp-block-button__link has-white-color has-text-color has-background has-link-color wp-element-button\" href=\"https:\/\/www.iemj.org\/it\/interprete-compositore\/arnold-schonberg-it\/\" style=\"border-radius:52px;background-color:#3c4b98\" target=\"_blank\" rel=\"noreferrer noopener\"><strong>Vedi altri articoli su Arnold Sch\u00f6nberg<\/strong><\/a><\/div>\n<\/div>\n\n\n\n<div style=\"height:20px\" aria-hidden=\"true\" class=\"wp-block-spacer\"><\/div>\n\n\n\n<div class=\"wp-block-buttons is-content-justification-center is-layout-flex wp-container-core-buttons-is-layout-16018d1d wp-block-buttons-is-layout-flex\">\n<div class=\"wp-block-button has-custom-width wp-block-button__width-75 has-custom-font-size is-style-fill\" style=\"font-size:15px\"><a class=\"wp-block-button__link has-white-color has-text-color has-background has-link-color wp-element-button\" href=\"http:\/\/www.rachelnet.net\/F\/5M7FAAL74I6NBRJQT2JKBHHIMCD9TNLNHBGNE9JVQ3I2EXIP1B-01364?func=find-c&amp;ccl_term=WRD+%3D+Arnold+ET+WRD+%3D+Schoenberg+OU+WRD+%3D+Sch%C3%B6nberg+SAUF+WRD+%3D+Schoenberg%2C+J.+SAUF+WRD+%3D+Schoenberg%2C+I.+SAUF+WRD+%3D+Shenhar%2C+Yitzhak+%281902-1957%29+SAUF+WRD+%3D+%D7%A9%D7%A0%D7%94%D7%A8%2C+%D7%99%D7%A6%D7%97%D7%A7&amp;local_base=iemcg\" style=\"border-radius:53px;background-color:#3c4b98\" target=\"_blank\" rel=\"noreferrer noopener\"><strong>Consulta i nostri archivi su Arnold Sch\u00f6nberg<\/strong><\/a><\/div>\n<\/div>\n\n\n\n<p><\/p>\n<div class=\"speaker-mute footnotes_reference_container\"> <div class=\"footnote_container_prepare\"><p><span role=\"button\" tabindex=\"0\" class=\"footnote_reference_container_label pointer\" onclick=\"footnote_expand_collapse_reference_container_118787_1();\">&#x202F;<\/span><span role=\"button\" tabindex=\"0\" class=\"footnote_reference_container_collapse_button\" style=\"display: none;\" onclick=\"footnote_expand_collapse_reference_container_118787_1();\">[<a id=\"footnote_reference_container_collapse_button_118787_1\">+<\/a>]<\/span><\/p><\/div> <div id=\"footnote_references_container_118787_1\" style=\"\"><table class=\"footnotes_table footnote-reference-container\"><caption class=\"accessibility\">References<\/caption> <tbody> \r\n\r\n<tr class=\"footnotes_plugin_reference_row\"> <th scope=\"row\" class=\"footnote_plugin_index_combi pointer\"  onclick=\"footnote_moveToAnchor_118787_1('footnote_plugin_tooltip_118787_1_1');\"><a id=\"footnote_plugin_reference_118787_1_1\" class=\"footnote_backlink\">1<\/a><\/th> <td class=\"footnote_plugin_text\">un sistema musicale basato su una serie di intervalli costituiti dalle dodici note della scala cromatica<\/td><\/tr>\r\n\r\n<tr class=\"footnotes_plugin_reference_row\"> <th scope=\"row\" class=\"footnote_plugin_index_combi pointer\"  onclick=\"footnote_moveToAnchor_118787_1('footnote_plugin_tooltip_118787_1_2');\"><a id=\"footnote_plugin_reference_118787_1_2\" class=\"footnote_backlink\">2<\/a><\/th> <td class=\"footnote_plugin_text\">L&#8217;espressione nazista \u201cEntartete Musik\u201d (\u201cMusica degenerata\u201d) descrive un vasto repertorio musicale di opere e compositori banditi sotto il Terzo Reich. Uno dei simboli di questo fenomeno fu l&#8217;omonima mostra tenutasi a D\u00fcsseldorf nel 1938. Si veda il libro di <a href=\"https:\/\/www.bne.fr\/page63.html\" target=\"_blank\" rel=\"noopener\">Elise Petit et Bruno Giner, <em>Entartete Musik : musiques interdites sous le IIIe Reich<\/em><\/a>.<\/td><\/tr>\r\n\r\n<tr class=\"footnotes_plugin_reference_row\"> <th scope=\"row\" class=\"footnote_plugin_index_combi pointer\"  onclick=\"footnote_moveToAnchor_118787_1('footnote_plugin_tooltip_118787_1_3');\"><a id=\"footnote_plugin_reference_118787_1_3\" class=\"footnote_backlink\">3<\/a><\/th> <td class=\"footnote_plugin_text\"><em>Musiques, mondialisation et soci\u00e9t\u00e9s<\/em> \/ A cura di Myriam Odile Blin e Pierre Albert Castanet, Presses universitaires de Rouen et du Havre, 2024, p. 12.<\/td><\/tr>\r\n\r\n<tr class=\"footnotes_plugin_reference_row\"> <th scope=\"row\" class=\"footnote_plugin_index_combi pointer\"  onclick=\"footnote_moveToAnchor_118787_1('footnote_plugin_tooltip_118787_1_4');\"><a id=\"footnote_plugin_reference_118787_1_4\" class=\"footnote_backlink\">4<\/a><\/th> <td class=\"footnote_plugin_text\">Cfr. Andr\u00e9 Neher, <em>Faust et le Maharal de Prague, le mythe et le r\u00e9el<\/em>, Paris, PUF, 1987<\/td><\/tr>\r\n\r\n<tr class=\"footnotes_plugin_reference_row\"> <th scope=\"row\" class=\"footnote_plugin_index_combi pointer\"  onclick=\"footnote_moveToAnchor_118787_1('footnote_plugin_tooltip_118787_1_5');\"><a id=\"footnote_plugin_reference_118787_1_5\" class=\"footnote_backlink\">5<\/a><\/th> <td class=\"footnote_plugin_text\"><em>Musiques, mondialisation et soci\u00e9t\u00e9s<\/em>, p. 50.<\/td><\/tr>\r\n\r\n <\/tbody> <\/table> <\/div><\/div><script type=\"text\/javascript\"> function footnote_expand_reference_container_118787_1() { jQuery('#footnote_references_container_118787_1').show(); jQuery('#footnote_reference_container_collapse_button_118787_1').text('\u2212'); } function footnote_collapse_reference_container_118787_1() { jQuery('#footnote_references_container_118787_1').hide(); jQuery('#footnote_reference_container_collapse_button_118787_1').text('+'); } function footnote_expand_collapse_reference_container_118787_1() { if (jQuery('#footnote_references_container_118787_1').is(':hidden')) { footnote_expand_reference_container_118787_1(); } else { footnote_collapse_reference_container_118787_1(); } } function footnote_moveToReference_118787_1(p_str_TargetID) { footnote_expand_reference_container_118787_1(); var l_obj_Target = jQuery('#' + p_str_TargetID); if (l_obj_Target.length) { jQuery( 'html, body' ).delay( 0 ); jQuery('html, body').animate({ scrollTop: l_obj_Target.offset().top - window.innerHeight * 0.2 }, 380); } } function footnote_moveToAnchor_118787_1(p_str_TargetID) { footnote_expand_reference_container_118787_1(); var l_obj_Target = jQuery('#' + p_str_TargetID); if (l_obj_Target.length) { jQuery( 'html, body' ).delay( 0 ); jQuery('html, body').animate({ scrollTop: l_obj_Target.offset().top - window.innerHeight * 0.2 }, 380); } }<\/script>","protected":false},"excerpt":{"rendered":"","protected":false},"author":5,"featured_media":118766,"comment_status":"closed","ping_status":"closed","sticky":false,"template":"","format":"standard","meta":{"_acf_changed":false,"footnotes":""},"categories":[1576,1564],"tags":[],"technique":[],"squelettes":[],"sujet":[],"formation":[],"genre":[],"fonds":[],"tradition":[],"type-de-contenu":[],"interprete-compositeur":[3091],"frise":[],"type-devenement":[],"tableaux-liens-externes":[],"class_list":["post-118787","post","type-post","status-publish","format-standard","has-post-thumbnail","hentry","category-libri-articoli-it","category-ultimi-acquisti-it","interprete-compositeur-arnold-schonberg-it"],"acf":[],"yoast_head":"<!-- This site is optimized with the Yoast SEO plugin v27.3 - https:\/\/yoast.com\/product\/yoast-seo-wordpress\/ -->\n<title>Arnold Schoenberg, un musicien juif dans le monde - Institut Europ\u00e9en des Musiques Juives<\/title>\n<meta name=\"robots\" content=\"index, follow, max-snippet:-1, max-image-preview:large, max-video-preview:-1\" \/>\n<link rel=\"canonical\" href=\"https:\/\/www.iemj.org\/it\/arnold-schoenberg-un-musicien-juif-dans-le-monde\/\" \/>\n<meta property=\"og:locale\" content=\"it_IT\" \/>\n<meta property=\"og:type\" content=\"article\" \/>\n<meta property=\"og:title\" content=\"Arnold Schoenberg, un musicien juif dans le monde - Institut Europ\u00e9en des Musiques Juives\" \/>\n<meta property=\"og:url\" content=\"https:\/\/www.iemj.org\/it\/arnold-schoenberg-un-musicien-juif-dans-le-monde\/\" \/>\n<meta property=\"og:site_name\" content=\"Institut Europ\u00e9en des Musiques Juives\" \/>\n<meta property=\"article:publisher\" content=\"https:\/\/www.facebook.com\/MusiquesJuives\/\" \/>\n<meta property=\"article:published_time\" content=\"2025-03-19T14:24:16+00:00\" \/>\n<meta property=\"article:modified_time\" content=\"2025-03-24T10:30:43+00:00\" \/>\n<meta property=\"og:image\" content=\"https:\/\/www.iemj.org\/wp-content\/uploads\/2025\/03\/L_1108_VIG.jpg\" \/>\n\t<meta property=\"og:image:width\" content=\"455\" \/>\n\t<meta property=\"og:image:height\" content=\"600\" \/>\n\t<meta property=\"og:image:type\" content=\"image\/jpeg\" \/>\n<meta name=\"author\" content=\"Jacqueline ROTEN\" \/>\n<meta name=\"twitter:card\" content=\"summary_large_image\" \/>\n<meta name=\"twitter:label1\" content=\"Scritto da\" \/>\n\t<meta name=\"twitter:data1\" content=\"Jacqueline ROTEN\" \/>\n\t<meta name=\"twitter:label2\" content=\"Tempo di lettura stimato\" \/>\n\t<meta name=\"twitter:data2\" content=\"4 minuti\" \/>\n<script type=\"application\/ld+json\" class=\"yoast-schema-graph\">{\"@context\":\"https:\\\/\\\/schema.org\",\"@graph\":[{\"@type\":\"Article\",\"@id\":\"https:\\\/\\\/www.iemj.org\\\/it\\\/arnold-schoenberg-un-musicien-juif-dans-le-monde\\\/#article\",\"isPartOf\":{\"@id\":\"https:\\\/\\\/www.iemj.org\\\/it\\\/arnold-schoenberg-un-musicien-juif-dans-le-monde\\\/\"},\"author\":{\"name\":\"Jacqueline ROTEN\",\"@id\":\"https:\\\/\\\/www.iemj.org\\\/it\\\/#\\\/schema\\\/person\\\/358e26c18aca017fcc4cc15437f7279c\"},\"headline\":\"Arnold Schoenberg, un musicien juif dans le monde\",\"datePublished\":\"2025-03-19T14:24:16+00:00\",\"dateModified\":\"2025-03-24T10:30:43+00:00\",\"mainEntityOfPage\":{\"@id\":\"https:\\\/\\\/www.iemj.org\\\/it\\\/arnold-schoenberg-un-musicien-juif-dans-le-monde\\\/\"},\"wordCount\":530,\"publisher\":{\"@id\":\"https:\\\/\\\/www.iemj.org\\\/it\\\/#organization\"},\"image\":{\"@id\":\"https:\\\/\\\/www.iemj.org\\\/it\\\/arnold-schoenberg-un-musicien-juif-dans-le-monde\\\/#primaryimage\"},\"thumbnailUrl\":\"https:\\\/\\\/www.iemj.org\\\/wp-content\\\/uploads\\\/2025\\\/03\\\/L_1108_VIG.jpg\",\"articleSection\":[\"Libri, articoli\",\"Ultimi acquisti\"],\"inLanguage\":\"it-IT\"},{\"@type\":\"WebPage\",\"@id\":\"https:\\\/\\\/www.iemj.org\\\/it\\\/arnold-schoenberg-un-musicien-juif-dans-le-monde\\\/\",\"url\":\"https:\\\/\\\/www.iemj.org\\\/it\\\/arnold-schoenberg-un-musicien-juif-dans-le-monde\\\/\",\"name\":\"Arnold Schoenberg, un musicien juif dans le monde - Institut Europ\u00e9en des Musiques Juives\",\"isPartOf\":{\"@id\":\"https:\\\/\\\/www.iemj.org\\\/it\\\/#website\"},\"primaryImageOfPage\":{\"@id\":\"https:\\\/\\\/www.iemj.org\\\/it\\\/arnold-schoenberg-un-musicien-juif-dans-le-monde\\\/#primaryimage\"},\"image\":{\"@id\":\"https:\\\/\\\/www.iemj.org\\\/it\\\/arnold-schoenberg-un-musicien-juif-dans-le-monde\\\/#primaryimage\"},\"thumbnailUrl\":\"https:\\\/\\\/www.iemj.org\\\/wp-content\\\/uploads\\\/2025\\\/03\\\/L_1108_VIG.jpg\",\"datePublished\":\"2025-03-19T14:24:16+00:00\",\"dateModified\":\"2025-03-24T10:30:43+00:00\",\"breadcrumb\":{\"@id\":\"https:\\\/\\\/www.iemj.org\\\/it\\\/arnold-schoenberg-un-musicien-juif-dans-le-monde\\\/#breadcrumb\"},\"inLanguage\":\"it-IT\",\"potentialAction\":[{\"@type\":\"ReadAction\",\"target\":[\"https:\\\/\\\/www.iemj.org\\\/it\\\/arnold-schoenberg-un-musicien-juif-dans-le-monde\\\/\"]}]},{\"@type\":\"ImageObject\",\"inLanguage\":\"it-IT\",\"@id\":\"https:\\\/\\\/www.iemj.org\\\/it\\\/arnold-schoenberg-un-musicien-juif-dans-le-monde\\\/#primaryimage\",\"url\":\"https:\\\/\\\/www.iemj.org\\\/wp-content\\\/uploads\\\/2025\\\/03\\\/L_1108_VIG.jpg\",\"contentUrl\":\"https:\\\/\\\/www.iemj.org\\\/wp-content\\\/uploads\\\/2025\\\/03\\\/L_1108_VIG.jpg\",\"width\":455,\"height\":600},{\"@type\":\"BreadcrumbList\",\"@id\":\"https:\\\/\\\/www.iemj.org\\\/it\\\/arnold-schoenberg-un-musicien-juif-dans-le-monde\\\/#breadcrumb\",\"itemListElement\":[{\"@type\":\"ListItem\",\"position\":1,\"name\":\"Accueil\",\"item\":\"https:\\\/\\\/www.iemj.org\\\/it\\\/\"},{\"@type\":\"ListItem\",\"position\":2,\"name\":\"Arnold Schoenberg, un musicien juif dans le monde\"}]},{\"@type\":\"WebSite\",\"@id\":\"https:\\\/\\\/www.iemj.org\\\/it\\\/#website\",\"url\":\"https:\\\/\\\/www.iemj.org\\\/it\\\/\",\"name\":\"Institut Europ\u00e9en des Musiques Juives\",\"description\":\"Des traditions musicales \u00e0 la port\u00e9e de tous\",\"publisher\":{\"@id\":\"https:\\\/\\\/www.iemj.org\\\/it\\\/#organization\"},\"potentialAction\":[{\"@type\":\"SearchAction\",\"target\":{\"@type\":\"EntryPoint\",\"urlTemplate\":\"https:\\\/\\\/www.iemj.org\\\/it\\\/?s={search_term_string}\"},\"query-input\":{\"@type\":\"PropertyValueSpecification\",\"valueRequired\":true,\"valueName\":\"search_term_string\"}}],\"inLanguage\":\"it-IT\"},{\"@type\":\"Organization\",\"@id\":\"https:\\\/\\\/www.iemj.org\\\/it\\\/#organization\",\"name\":\"Institut Europ\u00e9en des Musiques Juives\",\"url\":\"https:\\\/\\\/www.iemj.org\\\/it\\\/\",\"logo\":{\"@type\":\"ImageObject\",\"inLanguage\":\"it-IT\",\"@id\":\"https:\\\/\\\/www.iemj.org\\\/it\\\/#\\\/schema\\\/logo\\\/image\\\/\",\"url\":\"https:\\\/\\\/www.iemj.org\\\/wp-content\\\/uploads\\\/2021\\\/09\\\/Logo-IEMJ-Paypal.jpg\",\"contentUrl\":\"https:\\\/\\\/www.iemj.org\\\/wp-content\\\/uploads\\\/2021\\\/09\\\/Logo-IEMJ-Paypal.jpg\",\"width\":150,\"height\":50,\"caption\":\"Institut Europ\u00e9en des Musiques Juives\"},\"image\":{\"@id\":\"https:\\\/\\\/www.iemj.org\\\/it\\\/#\\\/schema\\\/logo\\\/image\\\/\"},\"sameAs\":[\"https:\\\/\\\/www.facebook.com\\\/MusiquesJuives\\\/\",\"https:\\\/\\\/www.instagram.com\\\/musiquesjuives\\\/\",\"https:\\\/\\\/www.youtube.com\\\/user\\\/musiquesjuives\"]},{\"@type\":\"Person\",\"@id\":\"https:\\\/\\\/www.iemj.org\\\/it\\\/#\\\/schema\\\/person\\\/358e26c18aca017fcc4cc15437f7279c\",\"name\":\"Jacqueline ROTEN\",\"image\":{\"@type\":\"ImageObject\",\"inLanguage\":\"it-IT\",\"@id\":\"https:\\\/\\\/secure.gravatar.com\\\/avatar\\\/5964256d6c6957de3a3505278957e0fb2a35119ac47ea41827a65301213c810b?s=96&d=mm&r=g\",\"url\":\"https:\\\/\\\/secure.gravatar.com\\\/avatar\\\/5964256d6c6957de3a3505278957e0fb2a35119ac47ea41827a65301213c810b?s=96&d=mm&r=g\",\"contentUrl\":\"https:\\\/\\\/secure.gravatar.com\\\/avatar\\\/5964256d6c6957de3a3505278957e0fb2a35119ac47ea41827a65301213c810b?s=96&d=mm&r=g\",\"caption\":\"Jacqueline ROTEN\"}}]}<\/script>\n<!-- \/ Yoast SEO plugin. -->","yoast_head_json":{"title":"Arnold Schoenberg, un musicien juif dans le monde - Institut Europ\u00e9en des Musiques Juives","robots":{"index":"index","follow":"follow","max-snippet":"max-snippet:-1","max-image-preview":"max-image-preview:large","max-video-preview":"max-video-preview:-1"},"canonical":"https:\/\/www.iemj.org\/it\/arnold-schoenberg-un-musicien-juif-dans-le-monde\/","og_locale":"it_IT","og_type":"article","og_title":"Arnold Schoenberg, un musicien juif dans le monde - Institut Europ\u00e9en des Musiques Juives","og_url":"https:\/\/www.iemj.org\/it\/arnold-schoenberg-un-musicien-juif-dans-le-monde\/","og_site_name":"Institut Europ\u00e9en des Musiques Juives","article_publisher":"https:\/\/www.facebook.com\/MusiquesJuives\/","article_published_time":"2025-03-19T14:24:16+00:00","article_modified_time":"2025-03-24T10:30:43+00:00","og_image":[{"width":455,"height":600,"url":"https:\/\/www.iemj.org\/wp-content\/uploads\/2025\/03\/L_1108_VIG.jpg","type":"image\/jpeg"}],"author":"Jacqueline ROTEN","twitter_card":"summary_large_image","twitter_misc":{"Scritto da":"Jacqueline ROTEN","Tempo di lettura stimato":"4 minuti"},"schema":{"@context":"https:\/\/schema.org","@graph":[{"@type":"Article","@id":"https:\/\/www.iemj.org\/it\/arnold-schoenberg-un-musicien-juif-dans-le-monde\/#article","isPartOf":{"@id":"https:\/\/www.iemj.org\/it\/arnold-schoenberg-un-musicien-juif-dans-le-monde\/"},"author":{"name":"Jacqueline ROTEN","@id":"https:\/\/www.iemj.org\/it\/#\/schema\/person\/358e26c18aca017fcc4cc15437f7279c"},"headline":"Arnold Schoenberg, un musicien juif dans le monde","datePublished":"2025-03-19T14:24:16+00:00","dateModified":"2025-03-24T10:30:43+00:00","mainEntityOfPage":{"@id":"https:\/\/www.iemj.org\/it\/arnold-schoenberg-un-musicien-juif-dans-le-monde\/"},"wordCount":530,"publisher":{"@id":"https:\/\/www.iemj.org\/it\/#organization"},"image":{"@id":"https:\/\/www.iemj.org\/it\/arnold-schoenberg-un-musicien-juif-dans-le-monde\/#primaryimage"},"thumbnailUrl":"https:\/\/www.iemj.org\/wp-content\/uploads\/2025\/03\/L_1108_VIG.jpg","articleSection":["Libri, articoli","Ultimi acquisti"],"inLanguage":"it-IT"},{"@type":"WebPage","@id":"https:\/\/www.iemj.org\/it\/arnold-schoenberg-un-musicien-juif-dans-le-monde\/","url":"https:\/\/www.iemj.org\/it\/arnold-schoenberg-un-musicien-juif-dans-le-monde\/","name":"Arnold Schoenberg, un musicien juif dans le monde - Institut Europ\u00e9en des Musiques Juives","isPartOf":{"@id":"https:\/\/www.iemj.org\/it\/#website"},"primaryImageOfPage":{"@id":"https:\/\/www.iemj.org\/it\/arnold-schoenberg-un-musicien-juif-dans-le-monde\/#primaryimage"},"image":{"@id":"https:\/\/www.iemj.org\/it\/arnold-schoenberg-un-musicien-juif-dans-le-monde\/#primaryimage"},"thumbnailUrl":"https:\/\/www.iemj.org\/wp-content\/uploads\/2025\/03\/L_1108_VIG.jpg","datePublished":"2025-03-19T14:24:16+00:00","dateModified":"2025-03-24T10:30:43+00:00","breadcrumb":{"@id":"https:\/\/www.iemj.org\/it\/arnold-schoenberg-un-musicien-juif-dans-le-monde\/#breadcrumb"},"inLanguage":"it-IT","potentialAction":[{"@type":"ReadAction","target":["https:\/\/www.iemj.org\/it\/arnold-schoenberg-un-musicien-juif-dans-le-monde\/"]}]},{"@type":"ImageObject","inLanguage":"it-IT","@id":"https:\/\/www.iemj.org\/it\/arnold-schoenberg-un-musicien-juif-dans-le-monde\/#primaryimage","url":"https:\/\/www.iemj.org\/wp-content\/uploads\/2025\/03\/L_1108_VIG.jpg","contentUrl":"https:\/\/www.iemj.org\/wp-content\/uploads\/2025\/03\/L_1108_VIG.jpg","width":455,"height":600},{"@type":"BreadcrumbList","@id":"https:\/\/www.iemj.org\/it\/arnold-schoenberg-un-musicien-juif-dans-le-monde\/#breadcrumb","itemListElement":[{"@type":"ListItem","position":1,"name":"Accueil","item":"https:\/\/www.iemj.org\/it\/"},{"@type":"ListItem","position":2,"name":"Arnold Schoenberg, un musicien juif dans le monde"}]},{"@type":"WebSite","@id":"https:\/\/www.iemj.org\/it\/#website","url":"https:\/\/www.iemj.org\/it\/","name":"Institut Europ\u00e9en des Musiques Juives","description":"Des traditions musicales \u00e0 la port\u00e9e de tous","publisher":{"@id":"https:\/\/www.iemj.org\/it\/#organization"},"potentialAction":[{"@type":"SearchAction","target":{"@type":"EntryPoint","urlTemplate":"https:\/\/www.iemj.org\/it\/?s={search_term_string}"},"query-input":{"@type":"PropertyValueSpecification","valueRequired":true,"valueName":"search_term_string"}}],"inLanguage":"it-IT"},{"@type":"Organization","@id":"https:\/\/www.iemj.org\/it\/#organization","name":"Institut Europ\u00e9en des Musiques Juives","url":"https:\/\/www.iemj.org\/it\/","logo":{"@type":"ImageObject","inLanguage":"it-IT","@id":"https:\/\/www.iemj.org\/it\/#\/schema\/logo\/image\/","url":"https:\/\/www.iemj.org\/wp-content\/uploads\/2021\/09\/Logo-IEMJ-Paypal.jpg","contentUrl":"https:\/\/www.iemj.org\/wp-content\/uploads\/2021\/09\/Logo-IEMJ-Paypal.jpg","width":150,"height":50,"caption":"Institut Europ\u00e9en des Musiques Juives"},"image":{"@id":"https:\/\/www.iemj.org\/it\/#\/schema\/logo\/image\/"},"sameAs":["https:\/\/www.facebook.com\/MusiquesJuives\/","https:\/\/www.instagram.com\/musiquesjuives\/","https:\/\/www.youtube.com\/user\/musiquesjuives"]},{"@type":"Person","@id":"https:\/\/www.iemj.org\/it\/#\/schema\/person\/358e26c18aca017fcc4cc15437f7279c","name":"Jacqueline ROTEN","image":{"@type":"ImageObject","inLanguage":"it-IT","@id":"https:\/\/secure.gravatar.com\/avatar\/5964256d6c6957de3a3505278957e0fb2a35119ac47ea41827a65301213c810b?s=96&d=mm&r=g","url":"https:\/\/secure.gravatar.com\/avatar\/5964256d6c6957de3a3505278957e0fb2a35119ac47ea41827a65301213c810b?s=96&d=mm&r=g","contentUrl":"https:\/\/secure.gravatar.com\/avatar\/5964256d6c6957de3a3505278957e0fb2a35119ac47ea41827a65301213c810b?s=96&d=mm&r=g","caption":"Jacqueline ROTEN"}}]}},"_links":{"self":[{"href":"https:\/\/www.iemj.org\/it\/wp-json\/wp\/v2\/posts\/118787","targetHints":{"allow":["GET"]}}],"collection":[{"href":"https:\/\/www.iemj.org\/it\/wp-json\/wp\/v2\/posts"}],"about":[{"href":"https:\/\/www.iemj.org\/it\/wp-json\/wp\/v2\/types\/post"}],"author":[{"embeddable":true,"href":"https:\/\/www.iemj.org\/it\/wp-json\/wp\/v2\/users\/5"}],"replies":[{"embeddable":true,"href":"https:\/\/www.iemj.org\/it\/wp-json\/wp\/v2\/comments?post=118787"}],"version-history":[{"count":0,"href":"https:\/\/www.iemj.org\/it\/wp-json\/wp\/v2\/posts\/118787\/revisions"}],"wp:featuredmedia":[{"embeddable":true,"href":"https:\/\/www.iemj.org\/it\/wp-json\/wp\/v2\/media\/118766"}],"wp:attachment":[{"href":"https:\/\/www.iemj.org\/it\/wp-json\/wp\/v2\/media?parent=118787"}],"wp:term":[{"taxonomy":"category","embeddable":true,"href":"https:\/\/www.iemj.org\/it\/wp-json\/wp\/v2\/categories?post=118787"},{"taxonomy":"post_tag","embeddable":true,"href":"https:\/\/www.iemj.org\/it\/wp-json\/wp\/v2\/tags?post=118787"},{"taxonomy":"technique","embeddable":true,"href":"https:\/\/www.iemj.org\/it\/wp-json\/wp\/v2\/technique?post=118787"},{"taxonomy":"squelettes","embeddable":true,"href":"https:\/\/www.iemj.org\/it\/wp-json\/wp\/v2\/squelettes?post=118787"},{"taxonomy":"sujet","embeddable":true,"href":"https:\/\/www.iemj.org\/it\/wp-json\/wp\/v2\/sujet?post=118787"},{"taxonomy":"formation","embeddable":true,"href":"https:\/\/www.iemj.org\/it\/wp-json\/wp\/v2\/formation?post=118787"},{"taxonomy":"genre","embeddable":true,"href":"https:\/\/www.iemj.org\/it\/wp-json\/wp\/v2\/genre?post=118787"},{"taxonomy":"fonds","embeddable":true,"href":"https:\/\/www.iemj.org\/it\/wp-json\/wp\/v2\/fonds?post=118787"},{"taxonomy":"tradition","embeddable":true,"href":"https:\/\/www.iemj.org\/it\/wp-json\/wp\/v2\/tradition?post=118787"},{"taxonomy":"type-de-contenu","embeddable":true,"href":"https:\/\/www.iemj.org\/it\/wp-json\/wp\/v2\/type-de-contenu?post=118787"},{"taxonomy":"interprete-compositeur","embeddable":true,"href":"https:\/\/www.iemj.org\/it\/wp-json\/wp\/v2\/interprete-compositeur?post=118787"},{"taxonomy":"frise","embeddable":true,"href":"https:\/\/www.iemj.org\/it\/wp-json\/wp\/v2\/frise?post=118787"},{"taxonomy":"type-devenement","embeddable":true,"href":"https:\/\/www.iemj.org\/it\/wp-json\/wp\/v2\/type-devenement?post=118787"},{"taxonomy":"tableaux-liens-externes","embeddable":true,"href":"https:\/\/www.iemj.org\/it\/wp-json\/wp\/v2\/tableaux-liens-externes?post=118787"}],"curies":[{"name":"wp","href":"https:\/\/api.w.org\/{rel}","templated":true}]}}