{"id":119078,"date":"2025-03-26T15:56:48","date_gmt":"2025-03-26T14:56:48","guid":{"rendered":"https:\/\/www.iemj.org\/fonds-michel-heymann\/"},"modified":"2025-03-28T10:27:27","modified_gmt":"2025-03-28T09:27:27","slug":"fonds-michel-heymann","status":"publish","type":"post","link":"https:\/\/www.iemj.org\/it\/fonds-michel-heymann\/","title":{"rendered":"Fondo Michel Heymann"},"content":{"rendered":"<p><!--more--><\/p>\n<p>Il 7 dicembre 2022, <a href=\"https:\/\/www.iemj.org\/it\/heymann-michel-1952\/\" target=\"_blank\" rel=\"noopener\">Michel Heymann<\/a> ha consegnato all&#8217;Istituto Europeo delle Musiche Ebraiche una collezione di archivi che copre quasi cinquant&#8217;anni di attivit\u00e0 come hazzan a Haguenau, Mulhouse e Lussemburgo. La collezione \u00e8 notevole per la sua ricchezza e diversit\u00e0 e illustra la trasmissione della tradizione cantoriale ashkenazita nella Valle del Reno nel corso di oltre un secol<\/p>\n<p>Si tratta di diverse migliaia di pagine di spartiti, per lo pi\u00f9 scritti a mano, alcuni dei quali inediti, nonch\u00e9 di diverse centinaia di ore di registrazioni audio e video.<\/p>\n<figure id=\"attachment_119130\" aria-describedby=\"caption-attachment-119130\" style=\"width: 162px\" class=\"wp-caption alignright\"><img decoding=\"async\" class=\"wp-image-119130\" src=\"https:\/\/www.iemj.org\/wp-content\/uploads\/2025\/03\/I_484_redim-1-211x300.jpg\" alt=\"\" width=\"162\" height=\"230\" srcset=\"https:\/\/www.iemj.org\/wp-content\/uploads\/2025\/03\/I_484_redim-1-211x300.jpg 211w, https:\/\/www.iemj.org\/wp-content\/uploads\/2025\/03\/I_484_redim-1.jpg 321w\" sizes=\"(max-width: 162px) 100vw, 162px\" \/><figcaption id=\"caption-attachment-119130\" class=\"wp-caption-text\"><strong>Rabbino Isa\u00efe Schwartz<\/strong><\/figcaption><\/figure>\n<p>Questi documenti testimoniano la vitalit\u00e0 della hazzanout alsaziana e l&#8217;impegno di Michel Heymann nel preservare questo patrimonio musicale.<\/p>\n<p>Tra i documenti degni di nota figurano uno spartito de <em>La Marseillaise, <\/em>(l&#8217;inno nazionale francese, La Marsigliese), pubblicato in Alsazia-Lorena nel 1918, ed il programma di una cerimonia sinagogale per celebrare il ritorno dell&#8217;Alsazia alla Francia. La collezione comprende anche una rara fotografia del rabbino Isa\u00efe Schwartz, rabbino capo di Francia, scattata nel 1942.<\/p>\n\n\n<div style=\"height:19px\" aria-hidden=\"true\" class=\"wp-block-spacer\"><\/div>\n\n\n\n<div class=\"wp-block-columns are-vertically-aligned-center is-layout-flex wp-container-core-columns-is-layout-9d6595d7 wp-block-columns-is-layout-flex\">\n<div class=\"wp-block-column is-vertically-aligned-center is-layout-flow wp-block-column-is-layout-flow\"><div class=\"wp-block-image\">\n<figure class=\"aligncenter size-full is-resized\"><img fetchpriority=\"high\" decoding=\"async\" width=\"478\" height=\"771\" src=\"https:\/\/www.iemj.org\/wp-content\/uploads\/2025\/03\/Capture-P_5632-La-Marseillaise-COUV.jpg\" alt=\"\" class=\"wp-image-119026\" style=\"aspect-ratio:0.6758064516129032;object-fit:cover;width:519px;height:auto\" srcset=\"https:\/\/www.iemj.org\/wp-content\/uploads\/2025\/03\/Capture-P_5632-La-Marseillaise-COUV.jpg 478w, https:\/\/www.iemj.org\/wp-content\/uploads\/2025\/03\/Capture-P_5632-La-Marseillaise-COUV-186x300.jpg 186w\" sizes=\"(max-width: 478px) 100vw, 478px\" \/><\/figure>\n<\/div><\/div>\n\n\n\n<div class=\"wp-block-column is-vertically-aligned-center is-layout-flow wp-block-column-is-layout-flow\"><div class=\"wp-block-image\">\n<figure class=\"aligncenter size-full is-resized\"><img decoding=\"async\" width=\"594\" height=\"869\" src=\"https:\/\/www.iemj.org\/wp-content\/uploads\/2025\/03\/Capture-P_5632-La-Marseillaise-COUV4.jpg\" alt=\"\" class=\"wp-image-119031\" style=\"width:528px;height:auto\" srcset=\"https:\/\/www.iemj.org\/wp-content\/uploads\/2025\/03\/Capture-P_5632-La-Marseillaise-COUV4.jpg 594w, https:\/\/www.iemj.org\/wp-content\/uploads\/2025\/03\/Capture-P_5632-La-Marseillaise-COUV4-205x300.jpg 205w\" sizes=\"(max-width: 594px) 100vw, 594px\" \/><\/figure>\n<\/div><\/div>\n<\/div>\n\n\n\n<div class=\"wp-block-columns are-vertically-aligned-center is-layout-flex wp-container-core-columns-is-layout-9d6595d7 wp-block-columns-is-layout-flex\">\n<div class=\"wp-block-column is-vertically-aligned-center is-layout-flow wp-block-column-is-layout-flow\"><div class=\"wp-block-image\">\n<figure class=\"aligncenter size-full is-resized\"><img loading=\"lazy\" decoding=\"async\" width=\"626\" height=\"889\" src=\"https:\/\/www.iemj.org\/wp-content\/uploads\/2025\/03\/Capture-p_5682-Ceremonie-retour-Alsace-COUV.jpg\" alt=\"\" class=\"wp-image-119037\" style=\"width:514px;height:auto\" srcset=\"https:\/\/www.iemj.org\/wp-content\/uploads\/2025\/03\/Capture-p_5682-Ceremonie-retour-Alsace-COUV.jpg 626w, https:\/\/www.iemj.org\/wp-content\/uploads\/2025\/03\/Capture-p_5682-Ceremonie-retour-Alsace-COUV-211x300.jpg 211w, https:\/\/www.iemj.org\/wp-content\/uploads\/2025\/03\/Capture-p_5682-Ceremonie-retour-Alsace-COUV-600x852.jpg 600w\" sizes=\"(max-width: 626px) 100vw, 626px\" \/><\/figure>\n<\/div><\/div>\n\n\n\n<div class=\"wp-block-column is-vertically-aligned-center is-layout-flow wp-block-column-is-layout-flow\"><div class=\"wp-block-image\">\n<figure class=\"aligncenter size-full is-resized\"><img loading=\"lazy\" decoding=\"async\" width=\"552\" height=\"765\" src=\"https:\/\/www.iemj.org\/wp-content\/uploads\/2025\/03\/Capture-p_5682-Ceremonie-retour-Alsace-Partition.jpg\" alt=\"\" class=\"wp-image-119042\" style=\"width:528px;height:auto\" srcset=\"https:\/\/www.iemj.org\/wp-content\/uploads\/2025\/03\/Capture-p_5682-Ceremonie-retour-Alsace-Partition.jpg 552w, https:\/\/www.iemj.org\/wp-content\/uploads\/2025\/03\/Capture-p_5682-Ceremonie-retour-Alsace-Partition-216x300.jpg 216w\" sizes=\"(max-width: 552px) 100vw, 552px\" \/><\/figure>\n<\/div><\/div>\n<\/div>\n\n\n<p><img loading=\"lazy\" decoding=\"async\" class=\"wp-image-119047 alignleft\" src=\"https:\/\/www.iemj.org\/wp-content\/uploads\/2025\/03\/Capture-P_5403-rite-des-fetes-de-Bertrand-Joseph-p.-143-192x300.jpg\" alt=\"\" width=\"249\" height=\"389\" srcset=\"https:\/\/www.iemj.org\/wp-content\/uploads\/2025\/03\/Capture-P_5403-rite-des-fetes-de-Bertrand-Joseph-p.-143-192x300.jpg 192w, https:\/\/www.iemj.org\/wp-content\/uploads\/2025\/03\/Capture-P_5403-rite-des-fetes-de-Bertrand-Joseph-p.-143.jpg 567w\" sizes=\"(max-width: 249px) 100vw, 249px\" \/>Diverse raccolte di notazioni musicali manoscritte illustrano la trasmissione di questo repertorio liturgico nelle comunit\u00e0 ebraiche della Valle del Reno. Di particolare rilievo c&#8217;\u00e8 un quaderno che contiene numerose melodie del ciclo festivo, trascritte con precisione. Un altro documento degno di nota \u00e8 il <em>Gesangbuch f\u00fcr Emil Jacob<\/em>, datato 1899, notevole per la qualit\u00e0 della scrittura e la conservazione.<\/p>\n<p>La collezione comprende anche un ampio insieme di archivi sonori, registrati principalmente durante i concerti a cui Michel Heymann ha preso parte, talvolta in collaborazione con rinomati hazzanim. Queste registrazioni testimoniano la precisione, la sensibilit\u00e0 e la maestria necessarie per eseguire il repertorio liturgico del rito alsaziano. Sono una risorsa preziosa per chiunque voglia studiare o conoscere l&#8217;arte cantoriale della Valle del Reno.<\/p>\n\n\n<div style=\"height:19px\" aria-hidden=\"true\" class=\"wp-block-spacer\"><\/div>\n\n\n\n<figure class=\"wp-block-image size-full\"><img loading=\"lazy\" decoding=\"async\" width=\"960\" height=\"411\" src=\"https:\/\/www.iemj.org\/wp-content\/uploads\/2024\/12\/Capture-P_5598_01_Gesangbuch-fur-Emil-Jacob_Corrigee.jpg\" alt=\"\" class=\"wp-image-119052\" srcset=\"https:\/\/www.iemj.org\/wp-content\/uploads\/2024\/12\/Capture-P_5598_01_Gesangbuch-fur-Emil-Jacob_Corrigee.jpg 960w, https:\/\/www.iemj.org\/wp-content\/uploads\/2024\/12\/Capture-P_5598_01_Gesangbuch-fur-Emil-Jacob_Corrigee-300x128.jpg 300w, https:\/\/www.iemj.org\/wp-content\/uploads\/2024\/12\/Capture-P_5598_01_Gesangbuch-fur-Emil-Jacob_Corrigee-768x329.jpg 768w, https:\/\/www.iemj.org\/wp-content\/uploads\/2024\/12\/Capture-P_5598_01_Gesangbuch-fur-Emil-Jacob_Corrigee-600x257.jpg 600w\" sizes=\"(max-width: 960px) 100vw, 960px\" \/><figcaption class=\"wp-element-caption\"><strong>Gesangbuch f\u00fcr Emil Jacob<\/strong><\/figcaption><\/figure>\n\n\n<p>La scoperta pi\u00f9 importante di questa collezione \u00e8 un manoscritto inedito di Bernard B\u00f6chner, una figura importante della hazzanout alsaziana. Maestro di coro, B\u00f6chner trascriveva spesso le melodie del rito della Valle del Reno per facilitarne l&#8217;interpretazione da parte degli hazzanim. Anche numerosi spartiti manoscritti isolati presenti nella raccolta sembrano essere di sua mano. Fu l&#8217;autore della raccolta <em>Schir\u00eb Dovid<\/em>, in cui registr\u00f2 le principali melodie liturgiche di questa tradizione. Il manoscritto ritrovato contiene melodie di Pessa&#8217;h che non compaiono nell&#8217;edizione a stampa, suggerendo l&#8217;esistenza di un secondo volume mai pubblicato.<\/p>\n\n\n<div class=\"wp-block-columns is-layout-flex wp-container-core-columns-is-layout-9d6595d7 wp-block-columns-is-layout-flex\">\n<div class=\"wp-block-column is-layout-flow wp-block-column-is-layout-flow\">\n<figure class=\"wp-block-image size-full\"><img loading=\"lazy\" decoding=\"async\" width=\"564\" height=\"907\" src=\"https:\/\/www.iemj.org\/wp-content\/uploads\/2025\/03\/Capture-P_5899-Bochner_Maariv-lil-1-shel-Pessah.jpg\" alt=\"\" class=\"wp-image-119057\" srcset=\"https:\/\/www.iemj.org\/wp-content\/uploads\/2025\/03\/Capture-P_5899-Bochner_Maariv-lil-1-shel-Pessah.jpg 564w, https:\/\/www.iemj.org\/wp-content\/uploads\/2025\/03\/Capture-P_5899-Bochner_Maariv-lil-1-shel-Pessah-187x300.jpg 187w\" sizes=\"(max-width: 564px) 100vw, 564px\" \/><figcaption class=\"wp-element-caption\"><strong>B\u00f6chner &#8211; Maariv lil 1 shel Pessah<\/strong><\/figcaption><\/figure>\n<\/div>\n\n\n\n<div class=\"wp-block-column is-layout-flow wp-block-column-is-layout-flow\">\n<figure class=\"wp-block-image size-full is-resized\"><img loading=\"lazy\" decoding=\"async\" width=\"562\" height=\"904\" src=\"https:\/\/www.iemj.org\/wp-content\/uploads\/2025\/03\/Capture-P_5899-Bochner_Shaharit-leyom-1-shel-PessahPessah.jpg\" alt=\"\" class=\"wp-image-119062\" style=\"width:562px;height:auto\" srcset=\"https:\/\/www.iemj.org\/wp-content\/uploads\/2025\/03\/Capture-P_5899-Bochner_Shaharit-leyom-1-shel-PessahPessah.jpg 562w, https:\/\/www.iemj.org\/wp-content\/uploads\/2025\/03\/Capture-P_5899-Bochner_Shaharit-leyom-1-shel-PessahPessah-187x300.jpg 187w\" sizes=\"(max-width: 562px) 100vw, 562px\" \/><figcaption class=\"wp-element-caption\"><strong>B\u00f6chner &#8211; Shaharit leyom 1 shel Pessah<\/strong><\/figcaption><\/figure>\n<\/div>\n<\/div>\n\n\n<p><a href=\"http:\/\/www.rachelnet.net\/F\/?func=find-c&amp;ccl_term=WHOL+%3D+Michel+Heymann&amp;local_base=iemcg\" target=\"_blank\" rel=\"noopener\">Consultare la collezione Michel Heymann<\/a><\/p>\n<p><a href=\"http:\/\/www.rachelnet.net\/F\/?func=find-c&amp;ccl_term=WAMS+%3D+Michel+Heymann&amp;local_base=iemcg\" target=\"_blank\" rel=\"noopener\">Visualizza i documenti audio e video di Michel Heymann<\/a><\/p>\n<p><a href=\"https:\/\/www.iemj.org\/it\/heymann-michel-1952\/\" target=\"_blank\" rel=\"noopener\">Per saperne di pi\u00f9 su Michel Heymann<\/a><\/p>\n<p><a href=\"https:\/\/www.iemj.org\/it\/michel-heymann-et-la-liturgie-ashkenaze-de-la-vallee-du-rhin\/\" target=\"_blank\" rel=\"noopener\">Guarda il video <em>Michel Heymann e la liturgia ashkenazita della Valle del Reno<\/em>\u00a0<\/a><\/p>\n\n\n<p><\/p>\n","protected":false},"excerpt":{"rendered":"","protected":false},"author":5,"featured_media":119024,"comment_status":"closed","ping_status":"closed","sticky":false,"template":"","format":"standard","meta":{"_acf_changed":false,"footnotes":""},"categories":[1586],"tags":[],"technique":[],"squelettes":[],"sujet":[2098],"formation":[],"genre":[],"fonds":[],"tradition":[],"type-de-contenu":[],"interprete-compositeur":[3271],"frise":[],"type-devenement":[],"tableaux-liens-externes":[],"class_list":["post-119078","post","type-post","status-publish","format-standard","has-post-thumbnail","hentry","category-fondi-principali-it","sujet-alsazia-lorena-it","interprete-compositeur-michel-heymann-it"],"acf":[],"yoast_head":"<!-- This site is optimized with the Yoast SEO plugin v27.3 - https:\/\/yoast.com\/product\/yoast-seo-wordpress\/ -->\n<title>Fondo Michel Heymann - Institut Europ\u00e9en des Musiques Juives<\/title>\n<meta name=\"robots\" content=\"index, follow, max-snippet:-1, max-image-preview:large, max-video-preview:-1\" \/>\n<link rel=\"canonical\" href=\"https:\/\/www.iemj.org\/it\/fonds-michel-heymann\/\" \/>\n<meta property=\"og:locale\" content=\"it_IT\" \/>\n<meta property=\"og:type\" content=\"article\" \/>\n<meta property=\"og:title\" content=\"Fondo Michel Heymann - Institut Europ\u00e9en des Musiques Juives\" \/>\n<meta property=\"og:url\" content=\"https:\/\/www.iemj.org\/it\/fonds-michel-heymann\/\" \/>\n<meta property=\"og:site_name\" content=\"Institut Europ\u00e9en des Musiques Juives\" \/>\n<meta property=\"article:publisher\" content=\"https:\/\/www.facebook.com\/MusiquesJuives\/\" \/>\n<meta property=\"article:published_time\" content=\"2025-03-26T14:56:48+00:00\" \/>\n<meta property=\"article:modified_time\" content=\"2025-03-28T09:27:27+00:00\" \/>\n<meta property=\"og:image\" content=\"https:\/\/www.iemj.org\/wp-content\/uploads\/2025\/03\/Logo-Fonds-Heymann.jpg\" \/>\n\t<meta property=\"og:image:width\" content=\"500\" \/>\n\t<meta property=\"og:image:height\" content=\"500\" \/>\n\t<meta property=\"og:image:type\" content=\"image\/jpeg\" \/>\n<meta name=\"author\" content=\"Jacqueline ROTEN\" \/>\n<meta name=\"twitter:card\" content=\"summary_large_image\" \/>\n<meta name=\"twitter:label1\" content=\"Scritto da\" \/>\n\t<meta name=\"twitter:data1\" content=\"Jacqueline ROTEN\" \/>\n\t<meta name=\"twitter:label2\" content=\"Tempo di lettura stimato\" \/>\n\t<meta name=\"twitter:data2\" content=\"5 minuti\" \/>\n<script type=\"application\/ld+json\" class=\"yoast-schema-graph\">{\"@context\":\"https:\\\/\\\/schema.org\",\"@graph\":[{\"@type\":\"Article\",\"@id\":\"https:\\\/\\\/www.iemj.org\\\/it\\\/fonds-michel-heymann\\\/#article\",\"isPartOf\":{\"@id\":\"https:\\\/\\\/www.iemj.org\\\/it\\\/fonds-michel-heymann\\\/\"},\"author\":{\"name\":\"Jacqueline ROTEN\",\"@id\":\"https:\\\/\\\/www.iemj.org\\\/it\\\/#\\\/schema\\\/person\\\/358e26c18aca017fcc4cc15437f7279c\"},\"headline\":\"Fondo Michel Heymann\",\"datePublished\":\"2025-03-26T14:56:48+00:00\",\"dateModified\":\"2025-03-28T09:27:27+00:00\",\"mainEntityOfPage\":{\"@id\":\"https:\\\/\\\/www.iemj.org\\\/it\\\/fonds-michel-heymann\\\/\"},\"wordCount\":447,\"publisher\":{\"@id\":\"https:\\\/\\\/www.iemj.org\\\/it\\\/#organization\"},\"image\":{\"@id\":\"https:\\\/\\\/www.iemj.org\\\/it\\\/fonds-michel-heymann\\\/#primaryimage\"},\"thumbnailUrl\":\"https:\\\/\\\/www.iemj.org\\\/wp-content\\\/uploads\\\/2025\\\/03\\\/Logo-Fonds-Heymann.jpg\",\"articleSection\":[\"Fondi principali\"],\"inLanguage\":\"it-IT\"},{\"@type\":\"WebPage\",\"@id\":\"https:\\\/\\\/www.iemj.org\\\/it\\\/fonds-michel-heymann\\\/\",\"url\":\"https:\\\/\\\/www.iemj.org\\\/it\\\/fonds-michel-heymann\\\/\",\"name\":\"Fondo Michel Heymann - Institut Europ\u00e9en des Musiques Juives\",\"isPartOf\":{\"@id\":\"https:\\\/\\\/www.iemj.org\\\/it\\\/#website\"},\"primaryImageOfPage\":{\"@id\":\"https:\\\/\\\/www.iemj.org\\\/it\\\/fonds-michel-heymann\\\/#primaryimage\"},\"image\":{\"@id\":\"https:\\\/\\\/www.iemj.org\\\/it\\\/fonds-michel-heymann\\\/#primaryimage\"},\"thumbnailUrl\":\"https:\\\/\\\/www.iemj.org\\\/wp-content\\\/uploads\\\/2025\\\/03\\\/Logo-Fonds-Heymann.jpg\",\"datePublished\":\"2025-03-26T14:56:48+00:00\",\"dateModified\":\"2025-03-28T09:27:27+00:00\",\"breadcrumb\":{\"@id\":\"https:\\\/\\\/www.iemj.org\\\/it\\\/fonds-michel-heymann\\\/#breadcrumb\"},\"inLanguage\":\"it-IT\",\"potentialAction\":[{\"@type\":\"ReadAction\",\"target\":[\"https:\\\/\\\/www.iemj.org\\\/it\\\/fonds-michel-heymann\\\/\"]}]},{\"@type\":\"ImageObject\",\"inLanguage\":\"it-IT\",\"@id\":\"https:\\\/\\\/www.iemj.org\\\/it\\\/fonds-michel-heymann\\\/#primaryimage\",\"url\":\"https:\\\/\\\/www.iemj.org\\\/wp-content\\\/uploads\\\/2025\\\/03\\\/Logo-Fonds-Heymann.jpg\",\"contentUrl\":\"https:\\\/\\\/www.iemj.org\\\/wp-content\\\/uploads\\\/2025\\\/03\\\/Logo-Fonds-Heymann.jpg\",\"width\":500,\"height\":500},{\"@type\":\"BreadcrumbList\",\"@id\":\"https:\\\/\\\/www.iemj.org\\\/it\\\/fonds-michel-heymann\\\/#breadcrumb\",\"itemListElement\":[{\"@type\":\"ListItem\",\"position\":1,\"name\":\"Accueil\",\"item\":\"https:\\\/\\\/www.iemj.org\\\/it\\\/\"},{\"@type\":\"ListItem\",\"position\":2,\"name\":\"Fondo Michel Heymann\"}]},{\"@type\":\"WebSite\",\"@id\":\"https:\\\/\\\/www.iemj.org\\\/it\\\/#website\",\"url\":\"https:\\\/\\\/www.iemj.org\\\/it\\\/\",\"name\":\"Institut Europ\u00e9en des Musiques Juives\",\"description\":\"Des traditions musicales \u00e0 la port\u00e9e de tous\",\"publisher\":{\"@id\":\"https:\\\/\\\/www.iemj.org\\\/it\\\/#organization\"},\"potentialAction\":[{\"@type\":\"SearchAction\",\"target\":{\"@type\":\"EntryPoint\",\"urlTemplate\":\"https:\\\/\\\/www.iemj.org\\\/it\\\/?s={search_term_string}\"},\"query-input\":{\"@type\":\"PropertyValueSpecification\",\"valueRequired\":true,\"valueName\":\"search_term_string\"}}],\"inLanguage\":\"it-IT\"},{\"@type\":\"Organization\",\"@id\":\"https:\\\/\\\/www.iemj.org\\\/it\\\/#organization\",\"name\":\"Institut Europ\u00e9en des Musiques Juives\",\"url\":\"https:\\\/\\\/www.iemj.org\\\/it\\\/\",\"logo\":{\"@type\":\"ImageObject\",\"inLanguage\":\"it-IT\",\"@id\":\"https:\\\/\\\/www.iemj.org\\\/it\\\/#\\\/schema\\\/logo\\\/image\\\/\",\"url\":\"https:\\\/\\\/www.iemj.org\\\/wp-content\\\/uploads\\\/2021\\\/09\\\/Logo-IEMJ-Paypal.jpg\",\"contentUrl\":\"https:\\\/\\\/www.iemj.org\\\/wp-content\\\/uploads\\\/2021\\\/09\\\/Logo-IEMJ-Paypal.jpg\",\"width\":150,\"height\":50,\"caption\":\"Institut Europ\u00e9en des Musiques Juives\"},\"image\":{\"@id\":\"https:\\\/\\\/www.iemj.org\\\/it\\\/#\\\/schema\\\/logo\\\/image\\\/\"},\"sameAs\":[\"https:\\\/\\\/www.facebook.com\\\/MusiquesJuives\\\/\",\"https:\\\/\\\/www.instagram.com\\\/musiquesjuives\\\/\",\"https:\\\/\\\/www.youtube.com\\\/user\\\/musiquesjuives\"]},{\"@type\":\"Person\",\"@id\":\"https:\\\/\\\/www.iemj.org\\\/it\\\/#\\\/schema\\\/person\\\/358e26c18aca017fcc4cc15437f7279c\",\"name\":\"Jacqueline ROTEN\",\"image\":{\"@type\":\"ImageObject\",\"inLanguage\":\"it-IT\",\"@id\":\"https:\\\/\\\/secure.gravatar.com\\\/avatar\\\/5964256d6c6957de3a3505278957e0fb2a35119ac47ea41827a65301213c810b?s=96&d=mm&r=g\",\"url\":\"https:\\\/\\\/secure.gravatar.com\\\/avatar\\\/5964256d6c6957de3a3505278957e0fb2a35119ac47ea41827a65301213c810b?s=96&d=mm&r=g\",\"contentUrl\":\"https:\\\/\\\/secure.gravatar.com\\\/avatar\\\/5964256d6c6957de3a3505278957e0fb2a35119ac47ea41827a65301213c810b?s=96&d=mm&r=g\",\"caption\":\"Jacqueline ROTEN\"}}]}<\/script>\n<!-- \/ Yoast SEO plugin. -->","yoast_head_json":{"title":"Fondo Michel Heymann - Institut Europ\u00e9en des Musiques Juives","robots":{"index":"index","follow":"follow","max-snippet":"max-snippet:-1","max-image-preview":"max-image-preview:large","max-video-preview":"max-video-preview:-1"},"canonical":"https:\/\/www.iemj.org\/it\/fonds-michel-heymann\/","og_locale":"it_IT","og_type":"article","og_title":"Fondo Michel Heymann - Institut Europ\u00e9en des Musiques Juives","og_url":"https:\/\/www.iemj.org\/it\/fonds-michel-heymann\/","og_site_name":"Institut Europ\u00e9en des Musiques Juives","article_publisher":"https:\/\/www.facebook.com\/MusiquesJuives\/","article_published_time":"2025-03-26T14:56:48+00:00","article_modified_time":"2025-03-28T09:27:27+00:00","og_image":[{"width":500,"height":500,"url":"https:\/\/www.iemj.org\/wp-content\/uploads\/2025\/03\/Logo-Fonds-Heymann.jpg","type":"image\/jpeg"}],"author":"Jacqueline ROTEN","twitter_card":"summary_large_image","twitter_misc":{"Scritto da":"Jacqueline ROTEN","Tempo di lettura stimato":"5 minuti"},"schema":{"@context":"https:\/\/schema.org","@graph":[{"@type":"Article","@id":"https:\/\/www.iemj.org\/it\/fonds-michel-heymann\/#article","isPartOf":{"@id":"https:\/\/www.iemj.org\/it\/fonds-michel-heymann\/"},"author":{"name":"Jacqueline ROTEN","@id":"https:\/\/www.iemj.org\/it\/#\/schema\/person\/358e26c18aca017fcc4cc15437f7279c"},"headline":"Fondo Michel Heymann","datePublished":"2025-03-26T14:56:48+00:00","dateModified":"2025-03-28T09:27:27+00:00","mainEntityOfPage":{"@id":"https:\/\/www.iemj.org\/it\/fonds-michel-heymann\/"},"wordCount":447,"publisher":{"@id":"https:\/\/www.iemj.org\/it\/#organization"},"image":{"@id":"https:\/\/www.iemj.org\/it\/fonds-michel-heymann\/#primaryimage"},"thumbnailUrl":"https:\/\/www.iemj.org\/wp-content\/uploads\/2025\/03\/Logo-Fonds-Heymann.jpg","articleSection":["Fondi principali"],"inLanguage":"it-IT"},{"@type":"WebPage","@id":"https:\/\/www.iemj.org\/it\/fonds-michel-heymann\/","url":"https:\/\/www.iemj.org\/it\/fonds-michel-heymann\/","name":"Fondo Michel Heymann - Institut Europ\u00e9en des Musiques Juives","isPartOf":{"@id":"https:\/\/www.iemj.org\/it\/#website"},"primaryImageOfPage":{"@id":"https:\/\/www.iemj.org\/it\/fonds-michel-heymann\/#primaryimage"},"image":{"@id":"https:\/\/www.iemj.org\/it\/fonds-michel-heymann\/#primaryimage"},"thumbnailUrl":"https:\/\/www.iemj.org\/wp-content\/uploads\/2025\/03\/Logo-Fonds-Heymann.jpg","datePublished":"2025-03-26T14:56:48+00:00","dateModified":"2025-03-28T09:27:27+00:00","breadcrumb":{"@id":"https:\/\/www.iemj.org\/it\/fonds-michel-heymann\/#breadcrumb"},"inLanguage":"it-IT","potentialAction":[{"@type":"ReadAction","target":["https:\/\/www.iemj.org\/it\/fonds-michel-heymann\/"]}]},{"@type":"ImageObject","inLanguage":"it-IT","@id":"https:\/\/www.iemj.org\/it\/fonds-michel-heymann\/#primaryimage","url":"https:\/\/www.iemj.org\/wp-content\/uploads\/2025\/03\/Logo-Fonds-Heymann.jpg","contentUrl":"https:\/\/www.iemj.org\/wp-content\/uploads\/2025\/03\/Logo-Fonds-Heymann.jpg","width":500,"height":500},{"@type":"BreadcrumbList","@id":"https:\/\/www.iemj.org\/it\/fonds-michel-heymann\/#breadcrumb","itemListElement":[{"@type":"ListItem","position":1,"name":"Accueil","item":"https:\/\/www.iemj.org\/it\/"},{"@type":"ListItem","position":2,"name":"Fondo Michel Heymann"}]},{"@type":"WebSite","@id":"https:\/\/www.iemj.org\/it\/#website","url":"https:\/\/www.iemj.org\/it\/","name":"Institut Europ\u00e9en des Musiques Juives","description":"Des traditions musicales \u00e0 la port\u00e9e de tous","publisher":{"@id":"https:\/\/www.iemj.org\/it\/#organization"},"potentialAction":[{"@type":"SearchAction","target":{"@type":"EntryPoint","urlTemplate":"https:\/\/www.iemj.org\/it\/?s={search_term_string}"},"query-input":{"@type":"PropertyValueSpecification","valueRequired":true,"valueName":"search_term_string"}}],"inLanguage":"it-IT"},{"@type":"Organization","@id":"https:\/\/www.iemj.org\/it\/#organization","name":"Institut Europ\u00e9en des Musiques Juives","url":"https:\/\/www.iemj.org\/it\/","logo":{"@type":"ImageObject","inLanguage":"it-IT","@id":"https:\/\/www.iemj.org\/it\/#\/schema\/logo\/image\/","url":"https:\/\/www.iemj.org\/wp-content\/uploads\/2021\/09\/Logo-IEMJ-Paypal.jpg","contentUrl":"https:\/\/www.iemj.org\/wp-content\/uploads\/2021\/09\/Logo-IEMJ-Paypal.jpg","width":150,"height":50,"caption":"Institut Europ\u00e9en des Musiques Juives"},"image":{"@id":"https:\/\/www.iemj.org\/it\/#\/schema\/logo\/image\/"},"sameAs":["https:\/\/www.facebook.com\/MusiquesJuives\/","https:\/\/www.instagram.com\/musiquesjuives\/","https:\/\/www.youtube.com\/user\/musiquesjuives"]},{"@type":"Person","@id":"https:\/\/www.iemj.org\/it\/#\/schema\/person\/358e26c18aca017fcc4cc15437f7279c","name":"Jacqueline ROTEN","image":{"@type":"ImageObject","inLanguage":"it-IT","@id":"https:\/\/secure.gravatar.com\/avatar\/5964256d6c6957de3a3505278957e0fb2a35119ac47ea41827a65301213c810b?s=96&d=mm&r=g","url":"https:\/\/secure.gravatar.com\/avatar\/5964256d6c6957de3a3505278957e0fb2a35119ac47ea41827a65301213c810b?s=96&d=mm&r=g","contentUrl":"https:\/\/secure.gravatar.com\/avatar\/5964256d6c6957de3a3505278957e0fb2a35119ac47ea41827a65301213c810b?s=96&d=mm&r=g","caption":"Jacqueline ROTEN"}}]}},"_links":{"self":[{"href":"https:\/\/www.iemj.org\/it\/wp-json\/wp\/v2\/posts\/119078","targetHints":{"allow":["GET"]}}],"collection":[{"href":"https:\/\/www.iemj.org\/it\/wp-json\/wp\/v2\/posts"}],"about":[{"href":"https:\/\/www.iemj.org\/it\/wp-json\/wp\/v2\/types\/post"}],"author":[{"embeddable":true,"href":"https:\/\/www.iemj.org\/it\/wp-json\/wp\/v2\/users\/5"}],"replies":[{"embeddable":true,"href":"https:\/\/www.iemj.org\/it\/wp-json\/wp\/v2\/comments?post=119078"}],"version-history":[{"count":0,"href":"https:\/\/www.iemj.org\/it\/wp-json\/wp\/v2\/posts\/119078\/revisions"}],"wp:featuredmedia":[{"embeddable":true,"href":"https:\/\/www.iemj.org\/it\/wp-json\/wp\/v2\/media\/119024"}],"wp:attachment":[{"href":"https:\/\/www.iemj.org\/it\/wp-json\/wp\/v2\/media?parent=119078"}],"wp:term":[{"taxonomy":"category","embeddable":true,"href":"https:\/\/www.iemj.org\/it\/wp-json\/wp\/v2\/categories?post=119078"},{"taxonomy":"post_tag","embeddable":true,"href":"https:\/\/www.iemj.org\/it\/wp-json\/wp\/v2\/tags?post=119078"},{"taxonomy":"technique","embeddable":true,"href":"https:\/\/www.iemj.org\/it\/wp-json\/wp\/v2\/technique?post=119078"},{"taxonomy":"squelettes","embeddable":true,"href":"https:\/\/www.iemj.org\/it\/wp-json\/wp\/v2\/squelettes?post=119078"},{"taxonomy":"sujet","embeddable":true,"href":"https:\/\/www.iemj.org\/it\/wp-json\/wp\/v2\/sujet?post=119078"},{"taxonomy":"formation","embeddable":true,"href":"https:\/\/www.iemj.org\/it\/wp-json\/wp\/v2\/formation?post=119078"},{"taxonomy":"genre","embeddable":true,"href":"https:\/\/www.iemj.org\/it\/wp-json\/wp\/v2\/genre?post=119078"},{"taxonomy":"fonds","embeddable":true,"href":"https:\/\/www.iemj.org\/it\/wp-json\/wp\/v2\/fonds?post=119078"},{"taxonomy":"tradition","embeddable":true,"href":"https:\/\/www.iemj.org\/it\/wp-json\/wp\/v2\/tradition?post=119078"},{"taxonomy":"type-de-contenu","embeddable":true,"href":"https:\/\/www.iemj.org\/it\/wp-json\/wp\/v2\/type-de-contenu?post=119078"},{"taxonomy":"interprete-compositeur","embeddable":true,"href":"https:\/\/www.iemj.org\/it\/wp-json\/wp\/v2\/interprete-compositeur?post=119078"},{"taxonomy":"frise","embeddable":true,"href":"https:\/\/www.iemj.org\/it\/wp-json\/wp\/v2\/frise?post=119078"},{"taxonomy":"type-devenement","embeddable":true,"href":"https:\/\/www.iemj.org\/it\/wp-json\/wp\/v2\/type-devenement?post=119078"},{"taxonomy":"tableaux-liens-externes","embeddable":true,"href":"https:\/\/www.iemj.org\/it\/wp-json\/wp\/v2\/tableaux-liens-externes?post=119078"}],"curies":[{"name":"wp","href":"https:\/\/api.w.org\/{rel}","templated":true}]}}