{"id":119659,"date":"2025-04-16T18:18:45","date_gmt":"2025-04-16T16:18:45","guid":{"rendered":"https:\/\/www.iemj.org\/holocaust-songs-of-the-greek-jews\/"},"modified":"2025-04-17T17:03:09","modified_gmt":"2025-04-17T15:03:09","slug":"holocaust-songs-of-the-greek-jews","status":"publish","type":"post","link":"https:\/\/www.iemj.org\/it\/holocaust-songs-of-the-greek-jews\/","title":{"rendered":"Holocaust Songs of the Greek Jews"},"content":{"rendered":"<p>Libro accompagnato da un codice QR per ascoltare le canzoni<br \/>Alexandria Publications, 2024<\/p>\n<p>La pubblicazione <em>Holocaust Songs of the Greek Jews <\/em>presenta per la prima volta 16 canzoni eseguite dagli Ebrei greci durante o dopo l&#8217;Olocausto. \u00c8 un progetto di ricerca del <a href=\"http:\/\/www.jmth.gr\/article-17102023-ta-tragoudia-tou-olokautwmatos-twn-ellinwn-evraiwn\" target=\"_blank\" rel=\"noopener\">Museo Ebraico di Salonicco<\/a>, sotto gli auspici della <a href=\"https:\/\/www.jct.gr\/index.php\" target=\"_blank\" rel=\"noopener\">Comunit\u00e0 Ebraica di Salonicco<\/a> e cofinanziato dal Fondo Ebraico Europeo, dalla Claims Conference e dal Dipartimento di Storia ed Archeologia dell&#8217;Universit\u00e0 Aristotele di Salonicco.<\/p>\n<p>Le canzoni descritte in questo libro sono principalmente arrangiamenti di canzoni popolari europee, canzoni tratte dalla musica da film o dall&#8217;opera, canzoni popolari greche o rebetika <span class=\"footnote_referrer\"><a role=\"button\" tabindex=\"0\" onclick=\"footnote_moveToReference_119659_1('footnote_plugin_reference_119659_1_1');\" onkeypress=\"footnote_moveToReference_119659_1('footnote_plugin_reference_119659_1_1');\" ><sup id=\"footnote_plugin_tooltip_119659_1_1\" class=\"footnote_plugin_tooltip_text\">[1]<\/sup><\/a><span id=\"footnote_plugin_tooltip_text_119659_1_1\" class=\"footnote_tooltip\">Il rebetiko \u00e8 un genere musicale popolare che ha avuto origine nelle comunit\u00e0 greche dell&#8217;Asia Minore all&#8217;inizio del XX secolo e si \u00e8 poi diffuso in tutta la Grecia. Come il blues ai&nbsp;&#x2026; <span class=\"footnote_tooltip_continue\"  onclick=\"footnote_moveToReference_119659_1('footnote_plugin_reference_119659_1_1');\">Lire la suite<\/span><\/span><\/span><script type=\"text\/javascript\"> jQuery('#footnote_plugin_tooltip_119659_1_1').tooltip({ tip: '#footnote_plugin_tooltip_text_119659_1_1', tipClass: 'footnote_tooltip', effect: 'fade', predelay: 0, fadeInSpeed: 200, delay: 400, fadeOutSpeed: 200, position: 'top center', relative: true, offset: [-7, 0], });<\/script>. Durante l&#8217;Olocausto, gli ebrei greci adattarono queste canzoni con nuovi testi che parlavano delle loro speranze o delle loro paure, del loro amore per la patria, la Grecia, e\/o per la loro citt\u00e0 natale, Salonicco. In questo modo, queste canzoni diventano spesso una fonte di informazioni storiche sull&#8217;Olocausto. Si dividono in tre categorie principali: quelle scritte nel ghetto di Baron Hirsch a Salonicco, quelle scritte all&#8217;interno dei campi di Auschwitz ed infine quelle scritte dai sopravvissuti dopo l&#8217;Olocausto.<\/p>\n<p>La soprano Mariangela Chatzistamatiou \u00e8 all&#8217;origine di questo progetto. In seguito ad un concerto tenuto nel dicembre 2016 nella comunit\u00e0 ebraica di Volos (Grecia), si \u00e8 interessata ai canti della tradizione ebraica ed ha iniziato a fare ricerche sull&#8217;argomento. Poich\u00e9 la maggior parte degli Ebrei greci \u00e8 stata sterminata durante la Shoah <span class=\"footnote_referrer\"><a role=\"button\" tabindex=\"0\" onclick=\"footnote_moveToReference_119659_1('footnote_plugin_reference_119659_1_2');\" onkeypress=\"footnote_moveToReference_119659_1('footnote_plugin_reference_119659_1_2');\" ><sup id=\"footnote_plugin_tooltip_119659_1_2\" class=\"footnote_plugin_tooltip_text\">[2]<\/sup><\/a><span id=\"footnote_plugin_tooltip_text_119659_1_2\" class=\"footnote_tooltip\">ed in particolare la comunit\u00e0 di Salonicco, un tempo conosciuta come la \u201cGerusalemme dei Balcani\u201d<\/span><\/span><script type=\"text\/javascript\"> jQuery('#footnote_plugin_tooltip_119659_1_2').tooltip({ tip: '#footnote_plugin_tooltip_text_119659_1_2', tipClass: 'footnote_tooltip', effect: 'fade', predelay: 0, fadeInSpeed: 200, delay: 400, fadeOutSpeed: 200, position: 'top center', relative: true, offset: [-7, 0], });<\/script>, si \u00e8 interessata ai canti dell&#8217;Olocausto scritti o conservati in memoria dai pochi sopravvissuti a questo massacro. Il risultato \u00e8 un corpus di 16 canzoni presentate in questa raccolta, scritte in greco ed inglese.<\/p>\n<p>La prima parte del libro illustra il contesto in cui si \u00e8 svolta la ricerca di Mariangela Chatzistamatiou ed \u00e8 accompagnata da testi introduttivi di eminenti personalit\u00e0 come Maria Farantouri, L\u00e9on Nar, Betty Magrizou, il professor Giorgos Antoniou e David Saltiel, presidente del Consiglio centrale delle comunit\u00e0 ebraiche in Grecia.<\/p>\n<p>La seconda parte della raccolta, divisa in tre sezioni (Canzoni del ghetto, Canzoni dei campi e Dopo l&#8217;Olocausto) riporta le parole di queste 16 canzoni, la loro origine ed il contesto in cui sono state eseguite.<\/p>\n<p>Alla fine del libretto \u00e8 presente un QR-code che consente di ascoltare <a href=\"http:\/\/www.jmth.gr\/article-17102023-ta-tragoudia-tou-olokautwmatos-twn-ellinwn-evraiwn\" target=\"_blank\" rel=\"noopener\">le canzoni sulla pagina YouTube del Museo Ebraico di Salonicco<\/a>. Le canzoni sono eseguite da Mariangela Chatistamatiou e dall&#8217;ensemble musicale <em>Pellegrinaggio al levante<\/em> sotto la direzione di Nikos Panagiotides, in collaborazione con studenti ed insegnanti della Scuola di Musica di Volos.<\/p>\n<p>Il libro \u00e8 disponibile presso <a href=\"https:\/\/alexandria-publ.gr\/shop\/ta-tragoudia-tou-olokaftomatos-ton-ellinon-evreon\/\" target=\"_blank\" rel=\"noopener\">Alexandria Publications<\/a> presso il Museo ebraico di Salonicco ed in tutte le librerie.<\/p>\n<p><a href=\"https:\/\/youtube.com\/playlist?list=PLa-jfKKSuwPIdTUh3E2pf_HxvOG9_z2H5&amp;si=4Qq07H8yqlXe9toW\" target=\"_blank\" rel=\"noopener\">Ascolta le canzoni di questo libro su YouTube<\/a><\/p>\n<p><a href=\"https:\/\/www.youtube.com\/watch?v=cKhoxLE_s7w&amp;list=PLa-jfKKSuwPKslrA-uFBCbsBei4YcO1p3\" target=\"_blank\" rel=\"noopener\">Ascolta il CD <em>Unknown Musical Treasures of the Jewish Tradition of Greece<\/em> di Mariangela Chatzistamatiou su YouTube<\/a><\/p>\n\n\n<div class=\"wp-block-columns is-layout-flex wp-container-core-columns-is-layout-9d6595d7 wp-block-columns-is-layout-flex\">\n<div class=\"wp-block-column is-layout-flow wp-block-column-is-layout-flow\">\n<figure class=\"wp-block-embed is-type-video is-provider-youtube wp-block-embed-youtube wp-embed-aspect-16-9 wp-has-aspect-ratio\"><div class=\"wp-block-embed__wrapper\">\n<iframe title=\"1 &amp; 2  Un dia de Saba amanesio &amp; \u0391\u03c0&#039; \u03c4\u03bf\u03c5 \u0392\u03b1\u03c1\u03c9\u0301\u03bd\u03bf\u03c5 \u03a7\u03b9\u0301\u03c1\u03c2 \u03b2\u03b3\u03b1\u0301\u03bb\u03b1\u03bd\u03b5\/From Baron Hirsch&#039;s They Removed Us\" width=\"640\" height=\"360\" src=\"https:\/\/www.youtube.com\/embed\/1eP8-hP0i_w?list=PLa-jfKKSuwPIdTUh3E2pf_HxvOG9_z2H5\" frameborder=\"0\" allow=\"accelerometer; autoplay; clipboard-write; encrypted-media; gyroscope; picture-in-picture; web-share\" referrerpolicy=\"strict-origin-when-cross-origin\" allowfullscreen><\/iframe>\n<\/div><figcaption class=\"wp-element-caption\"><strong>Song of the Ghetto<\/strong><\/figcaption><\/figure>\n<\/div>\n\n\n\n<div class=\"wp-block-column is-layout-flow wp-block-column-is-layout-flow\">\n<figure class=\"wp-block-embed is-type-video is-provider-youtube wp-block-embed-youtube wp-embed-aspect-16-9 wp-has-aspect-ratio\"><div class=\"wp-block-embed__wrapper\">\n<iframe title=\"4. Syete dias enserrados\" width=\"640\" height=\"360\" src=\"https:\/\/www.youtube.com\/embed\/_FKFOc2gyMA?feature=oembed\" frameborder=\"0\" allow=\"accelerometer; autoplay; clipboard-write; encrypted-media; gyroscope; picture-in-picture; web-share\" referrerpolicy=\"strict-origin-when-cross-origin\" allowfullscreen><\/iframe>\n<\/div><figcaption class=\"wp-element-caption\"><strong>Songs of the Camps<\/strong><\/figcaption><\/figure>\n<\/div>\n\n\n\n<div class=\"wp-block-column is-layout-flow wp-block-column-is-layout-flow\">\n<figure class=\"wp-block-embed is-type-video is-provider-youtube wp-block-embed-youtube wp-embed-aspect-16-9 wp-has-aspect-ratio\"><div class=\"wp-block-embed__wrapper\">\n<iframe title=\"17. Adio kerida\" width=\"640\" height=\"360\" src=\"https:\/\/www.youtube.com\/embed\/nbYaAFClMV8?feature=oembed\" frameborder=\"0\" allow=\"accelerometer; autoplay; clipboard-write; encrypted-media; gyroscope; picture-in-picture; web-share\" referrerpolicy=\"strict-origin-when-cross-origin\" allowfullscreen><\/iframe>\n<\/div><figcaption class=\"wp-element-caption\"><strong>After the Holocaust<\/strong><\/figcaption><\/figure>\n<\/div>\n<\/div>\n<div class=\"speaker-mute footnotes_reference_container\"> <div class=\"footnote_container_prepare\"><p><span role=\"button\" tabindex=\"0\" class=\"footnote_reference_container_label pointer\" onclick=\"footnote_expand_collapse_reference_container_119659_1();\">&#x202F;<\/span><span role=\"button\" tabindex=\"0\" class=\"footnote_reference_container_collapse_button\" style=\"display: none;\" onclick=\"footnote_expand_collapse_reference_container_119659_1();\">[<a id=\"footnote_reference_container_collapse_button_119659_1\">+<\/a>]<\/span><\/p><\/div> <div id=\"footnote_references_container_119659_1\" style=\"\"><table class=\"footnotes_table footnote-reference-container\"><caption class=\"accessibility\">References<\/caption> <tbody> \r\n\r\n<tr class=\"footnotes_plugin_reference_row\"> <th scope=\"row\" class=\"footnote_plugin_index_combi pointer\"  onclick=\"footnote_moveToAnchor_119659_1('footnote_plugin_tooltip_119659_1_1');\"><a id=\"footnote_plugin_reference_119659_1_1\" class=\"footnote_backlink\">1<\/a><\/th> <td class=\"footnote_plugin_text\">Il rebetiko \u00e8 un genere musicale popolare che ha avuto origine nelle comunit\u00e0 greche dell&#8217;Asia Minore all&#8217;inizio del XX secolo e si \u00e8 poi diffuso in tutta la Grecia. Come il blues ai suoi tempi, il rebetiko esprime le grida degli emarginati, le lamentele delle persone sole e degli oppressi<\/td><\/tr>\r\n\r\n<tr class=\"footnotes_plugin_reference_row\"> <th scope=\"row\" class=\"footnote_plugin_index_combi pointer\"  onclick=\"footnote_moveToAnchor_119659_1('footnote_plugin_tooltip_119659_1_2');\"><a id=\"footnote_plugin_reference_119659_1_2\" class=\"footnote_backlink\">2<\/a><\/th> <td class=\"footnote_plugin_text\">ed in particolare la comunit\u00e0 di Salonicco, un tempo conosciuta come la \u201cGerusalemme dei Balcani\u201d<\/td><\/tr>\r\n\r\n <\/tbody> <\/table> <\/div><\/div><script type=\"text\/javascript\"> function footnote_expand_reference_container_119659_1() { jQuery('#footnote_references_container_119659_1').show(); jQuery('#footnote_reference_container_collapse_button_119659_1').text('\u2212'); } function footnote_collapse_reference_container_119659_1() { jQuery('#footnote_references_container_119659_1').hide(); jQuery('#footnote_reference_container_collapse_button_119659_1').text('+'); } function footnote_expand_collapse_reference_container_119659_1() { if (jQuery('#footnote_references_container_119659_1').is(':hidden')) { footnote_expand_reference_container_119659_1(); } else { footnote_collapse_reference_container_119659_1(); } } function footnote_moveToReference_119659_1(p_str_TargetID) { footnote_expand_reference_container_119659_1(); var l_obj_Target = jQuery('#' + p_str_TargetID); if (l_obj_Target.length) { jQuery( 'html, body' ).delay( 0 ); jQuery('html, body').animate({ scrollTop: l_obj_Target.offset().top - window.innerHeight * 0.2 }, 380); } } function footnote_moveToAnchor_119659_1(p_str_TargetID) { footnote_expand_reference_container_119659_1(); var l_obj_Target = jQuery('#' + p_str_TargetID); if (l_obj_Target.length) { jQuery( 'html, body' ).delay( 0 ); jQuery('html, body').animate({ scrollTop: l_obj_Target.offset().top - window.innerHeight * 0.2 }, 380); } }<\/script>","protected":false},"excerpt":{"rendered":"<p>Libro accompagnato da un codice QR per ascoltare le canzoniAlexandria Publications, 2024 La pubblicazione Holocaust Songs of the Greek Jews presenta per la prima volta 16 canzoni eseguite dagli Ebrei<\/p>\n","protected":false},"author":5,"featured_media":119655,"comment_status":"closed","ping_status":"closed","sticky":false,"template":"","format":"standard","meta":{"_acf_changed":false,"footnotes":""},"categories":[1576,819,1564],"tags":[4045],"technique":[],"squelettes":[],"sujet":[1804],"formation":[],"genre":[],"fonds":[],"tradition":[],"type-de-contenu":[],"interprete-compositeur":[],"frise":[],"type-devenement":[],"tableaux-liens-externes":[],"class_list":["post-119659","post","type-post","status-publish","format-standard","has-post-thumbnail","hentry","category-libri-articoli-it","category-livres-articles","category-ultimi-acquisti-it","tag-grecia","sujet-shoah-it"],"acf":[],"yoast_head":"<!-- This site is optimized with the Yoast SEO plugin v27.3 - https:\/\/yoast.com\/product\/yoast-seo-wordpress\/ -->\n<title>Holocaust Songs of the Greek Jews - Institut Europ\u00e9en des Musiques Juives<\/title>\n<meta name=\"robots\" content=\"index, follow, max-snippet:-1, max-image-preview:large, max-video-preview:-1\" \/>\n<link rel=\"canonical\" href=\"https:\/\/www.iemj.org\/it\/holocaust-songs-of-the-greek-jews\/\" \/>\n<meta property=\"og:locale\" content=\"it_IT\" \/>\n<meta property=\"og:type\" content=\"article\" \/>\n<meta property=\"og:title\" content=\"Holocaust Songs of the Greek Jews - Institut Europ\u00e9en des Musiques Juives\" \/>\n<meta property=\"og:description\" content=\"Libro accompagnato da un codice QR per ascoltare le canzoniAlexandria Publications, 2024 La pubblicazione Holocaust Songs of the Greek Jews presenta per la prima volta 16 canzoni eseguite dagli Ebrei\" \/>\n<meta property=\"og:url\" content=\"https:\/\/www.iemj.org\/it\/holocaust-songs-of-the-greek-jews\/\" \/>\n<meta property=\"og:site_name\" content=\"Institut Europ\u00e9en des Musiques Juives\" \/>\n<meta property=\"article:publisher\" content=\"https:\/\/www.facebook.com\/MusiquesJuives\/\" \/>\n<meta property=\"article:published_time\" content=\"2025-04-16T16:18:45+00:00\" \/>\n<meta property=\"article:modified_time\" content=\"2025-04-17T15:03:09+00:00\" \/>\n<meta property=\"og:image\" content=\"https:\/\/www.iemj.org\/wp-content\/uploads\/2025\/04\/COUV_Redim-1.jpg\" \/>\n\t<meta property=\"og:image:width\" content=\"339\" \/>\n\t<meta property=\"og:image:height\" content=\"500\" \/>\n\t<meta property=\"og:image:type\" content=\"image\/jpeg\" \/>\n<meta name=\"author\" content=\"Jacqueline ROTEN\" \/>\n<meta name=\"twitter:card\" content=\"summary_large_image\" \/>\n<meta name=\"twitter:label1\" content=\"Scritto da\" \/>\n\t<meta name=\"twitter:data1\" content=\"Jacqueline ROTEN\" \/>\n\t<meta name=\"twitter:label2\" content=\"Tempo di lettura stimato\" \/>\n\t<meta name=\"twitter:data2\" content=\"3 minuti\" \/>\n<script type=\"application\/ld+json\" class=\"yoast-schema-graph\">{\"@context\":\"https:\\\/\\\/schema.org\",\"@graph\":[{\"@type\":\"Article\",\"@id\":\"https:\\\/\\\/www.iemj.org\\\/it\\\/holocaust-songs-of-the-greek-jews\\\/#article\",\"isPartOf\":{\"@id\":\"https:\\\/\\\/www.iemj.org\\\/it\\\/holocaust-songs-of-the-greek-jews\\\/\"},\"author\":{\"name\":\"Jacqueline ROTEN\",\"@id\":\"https:\\\/\\\/www.iemj.org\\\/it\\\/#\\\/schema\\\/person\\\/358e26c18aca017fcc4cc15437f7279c\"},\"headline\":\"Holocaust Songs of the Greek Jews\",\"datePublished\":\"2025-04-16T16:18:45+00:00\",\"dateModified\":\"2025-04-17T15:03:09+00:00\",\"mainEntityOfPage\":{\"@id\":\"https:\\\/\\\/www.iemj.org\\\/it\\\/holocaust-songs-of-the-greek-jews\\\/\"},\"wordCount\":549,\"publisher\":{\"@id\":\"https:\\\/\\\/www.iemj.org\\\/it\\\/#organization\"},\"image\":{\"@id\":\"https:\\\/\\\/www.iemj.org\\\/it\\\/holocaust-songs-of-the-greek-jews\\\/#primaryimage\"},\"thumbnailUrl\":\"https:\\\/\\\/www.iemj.org\\\/wp-content\\\/uploads\\\/2025\\\/04\\\/COUV_Redim-1.jpg\",\"keywords\":[\"Grecia\"],\"articleSection\":[\"Libri, articoli\",\"Livres, articles\",\"Ultimi acquisti\"],\"inLanguage\":\"it-IT\"},{\"@type\":\"WebPage\",\"@id\":\"https:\\\/\\\/www.iemj.org\\\/it\\\/holocaust-songs-of-the-greek-jews\\\/\",\"url\":\"https:\\\/\\\/www.iemj.org\\\/it\\\/holocaust-songs-of-the-greek-jews\\\/\",\"name\":\"Holocaust Songs of the Greek Jews - Institut Europ\u00e9en des Musiques Juives\",\"isPartOf\":{\"@id\":\"https:\\\/\\\/www.iemj.org\\\/it\\\/#website\"},\"primaryImageOfPage\":{\"@id\":\"https:\\\/\\\/www.iemj.org\\\/it\\\/holocaust-songs-of-the-greek-jews\\\/#primaryimage\"},\"image\":{\"@id\":\"https:\\\/\\\/www.iemj.org\\\/it\\\/holocaust-songs-of-the-greek-jews\\\/#primaryimage\"},\"thumbnailUrl\":\"https:\\\/\\\/www.iemj.org\\\/wp-content\\\/uploads\\\/2025\\\/04\\\/COUV_Redim-1.jpg\",\"datePublished\":\"2025-04-16T16:18:45+00:00\",\"dateModified\":\"2025-04-17T15:03:09+00:00\",\"breadcrumb\":{\"@id\":\"https:\\\/\\\/www.iemj.org\\\/it\\\/holocaust-songs-of-the-greek-jews\\\/#breadcrumb\"},\"inLanguage\":\"it-IT\",\"potentialAction\":[{\"@type\":\"ReadAction\",\"target\":[\"https:\\\/\\\/www.iemj.org\\\/it\\\/holocaust-songs-of-the-greek-jews\\\/\"]}]},{\"@type\":\"ImageObject\",\"inLanguage\":\"it-IT\",\"@id\":\"https:\\\/\\\/www.iemj.org\\\/it\\\/holocaust-songs-of-the-greek-jews\\\/#primaryimage\",\"url\":\"https:\\\/\\\/www.iemj.org\\\/wp-content\\\/uploads\\\/2025\\\/04\\\/COUV_Redim-1.jpg\",\"contentUrl\":\"https:\\\/\\\/www.iemj.org\\\/wp-content\\\/uploads\\\/2025\\\/04\\\/COUV_Redim-1.jpg\",\"width\":339,\"height\":500},{\"@type\":\"BreadcrumbList\",\"@id\":\"https:\\\/\\\/www.iemj.org\\\/it\\\/holocaust-songs-of-the-greek-jews\\\/#breadcrumb\",\"itemListElement\":[{\"@type\":\"ListItem\",\"position\":1,\"name\":\"Accueil\",\"item\":\"https:\\\/\\\/www.iemj.org\\\/it\\\/\"},{\"@type\":\"ListItem\",\"position\":2,\"name\":\"Holocaust Songs of the Greek Jews\"}]},{\"@type\":\"WebSite\",\"@id\":\"https:\\\/\\\/www.iemj.org\\\/it\\\/#website\",\"url\":\"https:\\\/\\\/www.iemj.org\\\/it\\\/\",\"name\":\"Institut Europ\u00e9en des Musiques Juives\",\"description\":\"Des traditions musicales \u00e0 la port\u00e9e de tous\",\"publisher\":{\"@id\":\"https:\\\/\\\/www.iemj.org\\\/it\\\/#organization\"},\"potentialAction\":[{\"@type\":\"SearchAction\",\"target\":{\"@type\":\"EntryPoint\",\"urlTemplate\":\"https:\\\/\\\/www.iemj.org\\\/it\\\/?s={search_term_string}\"},\"query-input\":{\"@type\":\"PropertyValueSpecification\",\"valueRequired\":true,\"valueName\":\"search_term_string\"}}],\"inLanguage\":\"it-IT\"},{\"@type\":\"Organization\",\"@id\":\"https:\\\/\\\/www.iemj.org\\\/it\\\/#organization\",\"name\":\"Institut Europ\u00e9en des Musiques Juives\",\"url\":\"https:\\\/\\\/www.iemj.org\\\/it\\\/\",\"logo\":{\"@type\":\"ImageObject\",\"inLanguage\":\"it-IT\",\"@id\":\"https:\\\/\\\/www.iemj.org\\\/it\\\/#\\\/schema\\\/logo\\\/image\\\/\",\"url\":\"https:\\\/\\\/www.iemj.org\\\/wp-content\\\/uploads\\\/2021\\\/09\\\/Logo-IEMJ-Paypal.jpg\",\"contentUrl\":\"https:\\\/\\\/www.iemj.org\\\/wp-content\\\/uploads\\\/2021\\\/09\\\/Logo-IEMJ-Paypal.jpg\",\"width\":150,\"height\":50,\"caption\":\"Institut Europ\u00e9en des Musiques Juives\"},\"image\":{\"@id\":\"https:\\\/\\\/www.iemj.org\\\/it\\\/#\\\/schema\\\/logo\\\/image\\\/\"},\"sameAs\":[\"https:\\\/\\\/www.facebook.com\\\/MusiquesJuives\\\/\",\"https:\\\/\\\/www.instagram.com\\\/musiquesjuives\\\/\",\"https:\\\/\\\/www.youtube.com\\\/user\\\/musiquesjuives\"]},{\"@type\":\"Person\",\"@id\":\"https:\\\/\\\/www.iemj.org\\\/it\\\/#\\\/schema\\\/person\\\/358e26c18aca017fcc4cc15437f7279c\",\"name\":\"Jacqueline ROTEN\",\"image\":{\"@type\":\"ImageObject\",\"inLanguage\":\"it-IT\",\"@id\":\"https:\\\/\\\/secure.gravatar.com\\\/avatar\\\/5964256d6c6957de3a3505278957e0fb2a35119ac47ea41827a65301213c810b?s=96&d=mm&r=g\",\"url\":\"https:\\\/\\\/secure.gravatar.com\\\/avatar\\\/5964256d6c6957de3a3505278957e0fb2a35119ac47ea41827a65301213c810b?s=96&d=mm&r=g\",\"contentUrl\":\"https:\\\/\\\/secure.gravatar.com\\\/avatar\\\/5964256d6c6957de3a3505278957e0fb2a35119ac47ea41827a65301213c810b?s=96&d=mm&r=g\",\"caption\":\"Jacqueline ROTEN\"}}]}<\/script>\n<!-- \/ Yoast SEO plugin. -->","yoast_head_json":{"title":"Holocaust Songs of the Greek Jews - Institut Europ\u00e9en des Musiques Juives","robots":{"index":"index","follow":"follow","max-snippet":"max-snippet:-1","max-image-preview":"max-image-preview:large","max-video-preview":"max-video-preview:-1"},"canonical":"https:\/\/www.iemj.org\/it\/holocaust-songs-of-the-greek-jews\/","og_locale":"it_IT","og_type":"article","og_title":"Holocaust Songs of the Greek Jews - Institut Europ\u00e9en des Musiques Juives","og_description":"Libro accompagnato da un codice QR per ascoltare le canzoniAlexandria Publications, 2024 La pubblicazione Holocaust Songs of the Greek Jews presenta per la prima volta 16 canzoni eseguite dagli Ebrei","og_url":"https:\/\/www.iemj.org\/it\/holocaust-songs-of-the-greek-jews\/","og_site_name":"Institut Europ\u00e9en des Musiques Juives","article_publisher":"https:\/\/www.facebook.com\/MusiquesJuives\/","article_published_time":"2025-04-16T16:18:45+00:00","article_modified_time":"2025-04-17T15:03:09+00:00","og_image":[{"width":339,"height":500,"url":"https:\/\/www.iemj.org\/wp-content\/uploads\/2025\/04\/COUV_Redim-1.jpg","type":"image\/jpeg"}],"author":"Jacqueline ROTEN","twitter_card":"summary_large_image","twitter_misc":{"Scritto da":"Jacqueline ROTEN","Tempo di lettura stimato":"3 minuti"},"schema":{"@context":"https:\/\/schema.org","@graph":[{"@type":"Article","@id":"https:\/\/www.iemj.org\/it\/holocaust-songs-of-the-greek-jews\/#article","isPartOf":{"@id":"https:\/\/www.iemj.org\/it\/holocaust-songs-of-the-greek-jews\/"},"author":{"name":"Jacqueline ROTEN","@id":"https:\/\/www.iemj.org\/it\/#\/schema\/person\/358e26c18aca017fcc4cc15437f7279c"},"headline":"Holocaust Songs of the Greek Jews","datePublished":"2025-04-16T16:18:45+00:00","dateModified":"2025-04-17T15:03:09+00:00","mainEntityOfPage":{"@id":"https:\/\/www.iemj.org\/it\/holocaust-songs-of-the-greek-jews\/"},"wordCount":549,"publisher":{"@id":"https:\/\/www.iemj.org\/it\/#organization"},"image":{"@id":"https:\/\/www.iemj.org\/it\/holocaust-songs-of-the-greek-jews\/#primaryimage"},"thumbnailUrl":"https:\/\/www.iemj.org\/wp-content\/uploads\/2025\/04\/COUV_Redim-1.jpg","keywords":["Grecia"],"articleSection":["Libri, articoli","Livres, articles","Ultimi acquisti"],"inLanguage":"it-IT"},{"@type":"WebPage","@id":"https:\/\/www.iemj.org\/it\/holocaust-songs-of-the-greek-jews\/","url":"https:\/\/www.iemj.org\/it\/holocaust-songs-of-the-greek-jews\/","name":"Holocaust Songs of the Greek Jews - Institut Europ\u00e9en des Musiques Juives","isPartOf":{"@id":"https:\/\/www.iemj.org\/it\/#website"},"primaryImageOfPage":{"@id":"https:\/\/www.iemj.org\/it\/holocaust-songs-of-the-greek-jews\/#primaryimage"},"image":{"@id":"https:\/\/www.iemj.org\/it\/holocaust-songs-of-the-greek-jews\/#primaryimage"},"thumbnailUrl":"https:\/\/www.iemj.org\/wp-content\/uploads\/2025\/04\/COUV_Redim-1.jpg","datePublished":"2025-04-16T16:18:45+00:00","dateModified":"2025-04-17T15:03:09+00:00","breadcrumb":{"@id":"https:\/\/www.iemj.org\/it\/holocaust-songs-of-the-greek-jews\/#breadcrumb"},"inLanguage":"it-IT","potentialAction":[{"@type":"ReadAction","target":["https:\/\/www.iemj.org\/it\/holocaust-songs-of-the-greek-jews\/"]}]},{"@type":"ImageObject","inLanguage":"it-IT","@id":"https:\/\/www.iemj.org\/it\/holocaust-songs-of-the-greek-jews\/#primaryimage","url":"https:\/\/www.iemj.org\/wp-content\/uploads\/2025\/04\/COUV_Redim-1.jpg","contentUrl":"https:\/\/www.iemj.org\/wp-content\/uploads\/2025\/04\/COUV_Redim-1.jpg","width":339,"height":500},{"@type":"BreadcrumbList","@id":"https:\/\/www.iemj.org\/it\/holocaust-songs-of-the-greek-jews\/#breadcrumb","itemListElement":[{"@type":"ListItem","position":1,"name":"Accueil","item":"https:\/\/www.iemj.org\/it\/"},{"@type":"ListItem","position":2,"name":"Holocaust Songs of the Greek Jews"}]},{"@type":"WebSite","@id":"https:\/\/www.iemj.org\/it\/#website","url":"https:\/\/www.iemj.org\/it\/","name":"Institut Europ\u00e9en des Musiques Juives","description":"Des traditions musicales \u00e0 la port\u00e9e de tous","publisher":{"@id":"https:\/\/www.iemj.org\/it\/#organization"},"potentialAction":[{"@type":"SearchAction","target":{"@type":"EntryPoint","urlTemplate":"https:\/\/www.iemj.org\/it\/?s={search_term_string}"},"query-input":{"@type":"PropertyValueSpecification","valueRequired":true,"valueName":"search_term_string"}}],"inLanguage":"it-IT"},{"@type":"Organization","@id":"https:\/\/www.iemj.org\/it\/#organization","name":"Institut Europ\u00e9en des Musiques Juives","url":"https:\/\/www.iemj.org\/it\/","logo":{"@type":"ImageObject","inLanguage":"it-IT","@id":"https:\/\/www.iemj.org\/it\/#\/schema\/logo\/image\/","url":"https:\/\/www.iemj.org\/wp-content\/uploads\/2021\/09\/Logo-IEMJ-Paypal.jpg","contentUrl":"https:\/\/www.iemj.org\/wp-content\/uploads\/2021\/09\/Logo-IEMJ-Paypal.jpg","width":150,"height":50,"caption":"Institut Europ\u00e9en des Musiques Juives"},"image":{"@id":"https:\/\/www.iemj.org\/it\/#\/schema\/logo\/image\/"},"sameAs":["https:\/\/www.facebook.com\/MusiquesJuives\/","https:\/\/www.instagram.com\/musiquesjuives\/","https:\/\/www.youtube.com\/user\/musiquesjuives"]},{"@type":"Person","@id":"https:\/\/www.iemj.org\/it\/#\/schema\/person\/358e26c18aca017fcc4cc15437f7279c","name":"Jacqueline ROTEN","image":{"@type":"ImageObject","inLanguage":"it-IT","@id":"https:\/\/secure.gravatar.com\/avatar\/5964256d6c6957de3a3505278957e0fb2a35119ac47ea41827a65301213c810b?s=96&d=mm&r=g","url":"https:\/\/secure.gravatar.com\/avatar\/5964256d6c6957de3a3505278957e0fb2a35119ac47ea41827a65301213c810b?s=96&d=mm&r=g","contentUrl":"https:\/\/secure.gravatar.com\/avatar\/5964256d6c6957de3a3505278957e0fb2a35119ac47ea41827a65301213c810b?s=96&d=mm&r=g","caption":"Jacqueline ROTEN"}}]}},"_links":{"self":[{"href":"https:\/\/www.iemj.org\/it\/wp-json\/wp\/v2\/posts\/119659","targetHints":{"allow":["GET"]}}],"collection":[{"href":"https:\/\/www.iemj.org\/it\/wp-json\/wp\/v2\/posts"}],"about":[{"href":"https:\/\/www.iemj.org\/it\/wp-json\/wp\/v2\/types\/post"}],"author":[{"embeddable":true,"href":"https:\/\/www.iemj.org\/it\/wp-json\/wp\/v2\/users\/5"}],"replies":[{"embeddable":true,"href":"https:\/\/www.iemj.org\/it\/wp-json\/wp\/v2\/comments?post=119659"}],"version-history":[{"count":0,"href":"https:\/\/www.iemj.org\/it\/wp-json\/wp\/v2\/posts\/119659\/revisions"}],"wp:featuredmedia":[{"embeddable":true,"href":"https:\/\/www.iemj.org\/it\/wp-json\/wp\/v2\/media\/119655"}],"wp:attachment":[{"href":"https:\/\/www.iemj.org\/it\/wp-json\/wp\/v2\/media?parent=119659"}],"wp:term":[{"taxonomy":"category","embeddable":true,"href":"https:\/\/www.iemj.org\/it\/wp-json\/wp\/v2\/categories?post=119659"},{"taxonomy":"post_tag","embeddable":true,"href":"https:\/\/www.iemj.org\/it\/wp-json\/wp\/v2\/tags?post=119659"},{"taxonomy":"technique","embeddable":true,"href":"https:\/\/www.iemj.org\/it\/wp-json\/wp\/v2\/technique?post=119659"},{"taxonomy":"squelettes","embeddable":true,"href":"https:\/\/www.iemj.org\/it\/wp-json\/wp\/v2\/squelettes?post=119659"},{"taxonomy":"sujet","embeddable":true,"href":"https:\/\/www.iemj.org\/it\/wp-json\/wp\/v2\/sujet?post=119659"},{"taxonomy":"formation","embeddable":true,"href":"https:\/\/www.iemj.org\/it\/wp-json\/wp\/v2\/formation?post=119659"},{"taxonomy":"genre","embeddable":true,"href":"https:\/\/www.iemj.org\/it\/wp-json\/wp\/v2\/genre?post=119659"},{"taxonomy":"fonds","embeddable":true,"href":"https:\/\/www.iemj.org\/it\/wp-json\/wp\/v2\/fonds?post=119659"},{"taxonomy":"tradition","embeddable":true,"href":"https:\/\/www.iemj.org\/it\/wp-json\/wp\/v2\/tradition?post=119659"},{"taxonomy":"type-de-contenu","embeddable":true,"href":"https:\/\/www.iemj.org\/it\/wp-json\/wp\/v2\/type-de-contenu?post=119659"},{"taxonomy":"interprete-compositeur","embeddable":true,"href":"https:\/\/www.iemj.org\/it\/wp-json\/wp\/v2\/interprete-compositeur?post=119659"},{"taxonomy":"frise","embeddable":true,"href":"https:\/\/www.iemj.org\/it\/wp-json\/wp\/v2\/frise?post=119659"},{"taxonomy":"type-devenement","embeddable":true,"href":"https:\/\/www.iemj.org\/it\/wp-json\/wp\/v2\/type-devenement?post=119659"},{"taxonomy":"tableaux-liens-externes","embeddable":true,"href":"https:\/\/www.iemj.org\/it\/wp-json\/wp\/v2\/tableaux-liens-externes?post=119659"}],"curies":[{"name":"wp","href":"https:\/\/api.w.org\/{rel}","templated":true}]}}