{"id":120318,"date":"2025-05-08T11:06:36","date_gmt":"2025-05-08T09:06:36","guid":{"rendered":"https:\/\/www.iemj.org\/le-deces-et-le-deuil\/"},"modified":"2025-05-09T10:51:30","modified_gmt":"2025-05-09T08:51:30","slug":"le-deces-et-le-deuil","status":"publish","type":"post","link":"https:\/\/www.iemj.org\/it\/le-deces-et-le-deuil\/","title":{"rendered":"Morte e lutto"},"content":{"rendered":"<p><!--more--><\/p>\n<p><strong>Di Ephraim Kahn<\/strong><\/p>\n<p>Come in tutte le fasi della vita ebraica, la fine della vita \u00e8 accompagnata da riti precisi, che combinano testi liturgici, gesti simbolici e, pi\u00f9 raramente, musica. Secondo la tradizione ebraica, il defunto viene restituito alla terra il prima possibile, idealmente il giorno stesso della morte.<\/p>\n<p>Durante la sepoltura (<em>levaya<\/em>, letteralmente \u201caccompagnamento\u201d), vengono recitati diversi salmi per evocare la fragilit\u00e0 della vita umana, come il versetto <em>Enoch<\/em> (Salmo 103:15 \u201cL&#8217;uomo, i suoi giorni sono come l&#8217;erba&#8230;\u201d) musicato da Louis Lewandowski.<\/p>\n<p><strong><em>Enoch<\/em> &#8211; Louis Lewandowski &#8211; Adolphe Attia (Estratto)<\/strong><\/p>\n<audio class=\"wp-audio-shortcode\" id=\"audio-120318-1\" preload=\"none\" style=\"width: 100%;\" controls=\"controls\"><source type=\"audio\/mpeg\" src=\"https:\/\/www.iemj.org\/wp-content\/uploads\/2025\/05\/1.Enoch-Louis-Lewandowski-Adolphe-Attia-Extrait.mp3?_=1\" \/><a href=\"https:\/\/www.iemj.org\/wp-content\/uploads\/2025\/05\/1.Enoch-Louis-Lewandowski-Adolphe-Attia-Extrait.mp3\">https:\/\/www.iemj.org\/wp-content\/uploads\/2025\/05\/1.Enoch-Louis-Lewandowski-Adolphe-Attia-Extrait.mp3<\/a><\/audio>\n<p><img fetchpriority=\"high\" decoding=\"async\" class=\"alignleft size-medium wp-image-120237\" src=\"https:\/\/www.iemj.org\/wp-content\/uploads\/2025\/05\/sitting-shiva-300x200.jpg\" alt=\"\" width=\"300\" height=\"200\" srcset=\"https:\/\/www.iemj.org\/wp-content\/uploads\/2025\/05\/sitting-shiva-300x200.jpg 300w, https:\/\/www.iemj.org\/wp-content\/uploads\/2025\/05\/sitting-shiva-1024x683.jpg 1024w, https:\/\/www.iemj.org\/wp-content\/uploads\/2025\/05\/sitting-shiva-768x512.jpg 768w, https:\/\/www.iemj.org\/wp-content\/uploads\/2025\/05\/sitting-shiva-600x400.jpg 600w, https:\/\/www.iemj.org\/wp-content\/uploads\/2025\/05\/sitting-shiva.jpg 1300w\" sizes=\"(max-width: 300px) 100vw, 300px\" \/>Dopo la sepoltura, la famiglia si riunisce per vivere insieme il lutto per i primi giorni. La prima settimana \u00e8 chiamata <em>shiv\u02bfa<\/em>, che letteralmente significa \u201csette\u201d, in quanto \u00e8 un periodo di sette giorni caratterizzato dalla presenza della famiglia nella casa del defunto. Non appena viene annunciata la morte, i parenti del defunto si strappano la veste &#8211; in un gesto chiamato <em>qeri\u02bfa<\/em> &#8211; che continuano ad indossare in questo modo per tutto la <em>shiv\u02bfa<\/em>. Allo stesso modo, durante questi sette giorni, si astengono dal lavarsi, dal lavorare e, in generale, da qualsiasi attivit\u00e0 che li distragga.<\/p>\n<p>Durante questo periodo, parenti ed amici visitano le persone in lutto per mostrare il loro sostegno e consolarle (<em>Ni\u1e25oum avelim<\/em>) con la formula tradizionale: \u201cHaMaqom yena\u1e25em etkhem betokh she-ar avele Tsiyon viYroushalayim\u201d (\u201cChe il Signore ti consoli tra i lutti di Sion e Gerusalemme\u201d).<\/p>\n<p>Trenta giorni dopo il decesso, si conclude una nuova fase (<em>sheloshim<\/em>, letteralmente \u201ctrenta\u201d), con un allentamento delle regole del lutto. Nel caso della morte di un genitore o di un figlio, le restrizioni durano fino al primo anniversario del decesso.<\/p>\n<h3><strong>Recita del <em>Kaddish<\/em><\/strong><\/h3>\n<p><span style=\"font-size: revert;\">Il <\/span><em style=\"font-size: revert;\">Kaddish<\/em><span class=\"footnote_referrer\"><a role=\"button\" tabindex=\"0\" onclick=\"footnote_moveToReference_120318_1('footnote_plugin_reference_120318_1_1');\" onkeypress=\"footnote_moveToReference_120318_1('footnote_plugin_reference_120318_1_1');\" ><sup id=\"footnote_plugin_tooltip_120318_1_1\" class=\"footnote_plugin_tooltip_text\">[1]<\/sup><\/a><span id=\"footnote_plugin_tooltip_text_120318_1_1\" class=\"footnote_tooltip\">talvolta scritto <em>Qaddish<\/em><\/span><\/span><script type=\"text\/javascript\"> jQuery('#footnote_plugin_tooltip_120318_1_1').tooltip({ tip: '#footnote_plugin_tooltip_text_120318_1_1', tipClass: 'footnote_tooltip', effect: 'fade', predelay: 0, fadeInSpeed: 200, delay: 400, fadeOutSpeed: 200, position: 'top center', relative: true, offset: [-7, 0], });<\/script> \u00e8 una preghiera in aramaico ebraico che loda il nome di Dio. Il suo contenuto non ha un legame particolare con la morte. Tuttavia, questo testo \u00e8 diventato simbolo della memoria di una persona cara defunta. L&#8217;amalgama \u00e8 cos\u00ec radicato che, in yiddish, un padre pu\u00f2 presentare suo figlio come \u201cMayn Kadish\u201d, <em>il mio Kaddish<\/em>.<\/p>\n\n<div class=\"wp-block-image\">\n<figure class=\"aligncenter size-full\"><img decoding=\"async\" width=\"700\" height=\"315\" src=\"https:\/\/www.iemj.org\/wp-content\/uploads\/2025\/05\/Qaddish-de-lendeuille-hassidique-officiant-vendredi-soir_ok.jpg\" alt=\"\" class=\"wp-image-120250\" srcset=\"https:\/\/www.iemj.org\/wp-content\/uploads\/2025\/05\/Qaddish-de-lendeuille-hassidique-officiant-vendredi-soir_ok.jpg 700w, https:\/\/www.iemj.org\/wp-content\/uploads\/2025\/05\/Qaddish-de-lendeuille-hassidique-officiant-vendredi-soir_ok-300x135.jpg 300w, https:\/\/www.iemj.org\/wp-content\/uploads\/2025\/05\/Qaddish-de-lendeuille-hassidique-officiant-vendredi-soir_ok-600x270.jpg 600w\" sizes=\"(max-width: 700px) 100vw, 700px\" \/><\/figure>\n<\/div>\n\n\n<div style=\"height:20px\" aria-hidden=\"true\" class=\"wp-block-spacer\"><\/div>\n\n\n<p data-wp-editing=\"1\">Esistono diverse forme di Kaddish. Una di queste \u00e8 il <em>Kaddish Yatom<\/em> (<em>Kaddish dell&#8217;orfano<\/em>, comunemente noto come <em>Kaddish del lutto<\/em>), recitato da un parente stretto del defunto. Continua ad essere recitato fino alla fine dell&#8217;undicesimo mese. Ad ogni anniversario ebraico della morte &#8211; chiamato <em>yortsayt<\/em> (in yiddish), <em>zgir<\/em> (in giudeo-arabo) o <em>meldado<\/em>\u00a0(in giudeo-spagnolo) &#8211; il Kaddish viene recitato nuovamente. In genere viene recitato senza accompagnamento, anche se molte composizioni musicali sono state scritte intorno a questa preghiera.<\/p>\n<p><strong><em>Kaddish Yatom<\/em> &#8211; Cantor Pinchas Rabinovicz<\/strong><\/p>\n<audio class=\"wp-audio-shortcode\" id=\"audio-120318-2\" preload=\"none\" style=\"width: 100%;\" controls=\"controls\"><source type=\"audio\/mpeg\" src=\"https:\/\/www.iemj.org\/wp-content\/uploads\/2025\/05\/2.Kaddish-Yatom-Cantor-Pinchas-Rabinovicz.mp3?_=2\" \/><a href=\"https:\/\/www.iemj.org\/wp-content\/uploads\/2025\/05\/2.Kaddish-Yatom-Cantor-Pinchas-Rabinovicz.mp3\">https:\/\/www.iemj.org\/wp-content\/uploads\/2025\/05\/2.Kaddish-Yatom-Cantor-Pinchas-Rabinovicz.mp3<\/a><\/audio>\n<p><strong><em>Kaddish<\/em> (Service Sacr\u00e9) &#8211; Darius Milhaud (Estratto)<\/strong><\/p>\n<audio class=\"wp-audio-shortcode\" id=\"audio-120318-3\" preload=\"none\" style=\"width: 100%;\" controls=\"controls\"><source type=\"audio\/mpeg\" src=\"https:\/\/www.iemj.org\/wp-content\/uploads\/2025\/05\/3.Kaddish-Service-Sacre-Darius-Milhaud-Extrait.mp3?_=3\" \/><a href=\"https:\/\/www.iemj.org\/wp-content\/uploads\/2025\/05\/3.Kaddish-Service-Sacre-Darius-Milhaud-Extrait.mp3\">https:\/\/www.iemj.org\/wp-content\/uploads\/2025\/05\/3.Kaddish-Service-Sacre-Darius-Milhaud-Extrait.mp3<\/a><\/audio>\n<p><strong><em>Kaddish<\/em> (Cantata Mahzor Hayim) &#8211; Itai Daniel (Estratto)<\/strong><\/p>\n<audio class=\"wp-audio-shortcode\" id=\"audio-120318-4\" preload=\"none\" style=\"width: 100%;\" controls=\"controls\"><source type=\"audio\/mpeg\" src=\"https:\/\/www.iemj.org\/wp-content\/uploads\/2025\/05\/4.Kaddish-Cantata-Mahzor-Hayim-Itai-Daniel-Extrait.mp3?_=4\" \/><a href=\"https:\/\/www.iemj.org\/wp-content\/uploads\/2025\/05\/4.Kaddish-Cantata-Mahzor-Hayim-Itai-Daniel-Extrait.mp3\">https:\/\/www.iemj.org\/wp-content\/uploads\/2025\/05\/4.Kaddish-Cantata-Mahzor-Hayim-Itai-Daniel-Extrait.mp3<\/a><\/audio>\n\n\n<div class=\"wp-block-columns are-vertically-aligned-top is-layout-flex wp-container-core-columns-is-layout-9d6595d7 wp-block-columns-is-layout-flex\">\n<div class=\"wp-block-column is-vertically-aligned-top is-layout-flow wp-block-column-is-layout-flow\">\n<p>Una delle usanze legate all&#8217;anniversario di una morte \u00e8 quella di accendere una candela che si spegner\u00e0 solo alla fine delle 24 ore di quel giorno. Questa usanza ha trovato un&#8217;inaspettata espressione musicale nel primo film parlato, <em>The Jazz Singer<\/em>, quando il cantore Yossele Rosenblatt canta la canzone yiddish <em>Yahrtzayt licht<\/em>, o Candela dell&#8217;anniversario della morte, che inizia con la prima frase del Kaddish intonata con forza ed emozione.<\/p>\n<\/div>\n\n\n\n<div class=\"wp-block-column is-vertically-aligned-top is-layout-flow wp-block-column-is-layout-flow\">\n<figure class=\"wp-block-embed aligncenter is-type-video is-provider-youtube wp-block-embed-youtube wp-embed-aspect-4-3 wp-has-aspect-ratio\"><div class=\"wp-block-embed__wrapper\">\n<iframe title=\"Cantor Yossele Rosenblatt: Yahrtzeit Licht\" width=\"640\" height=\"480\" src=\"https:\/\/www.youtube.com\/embed\/NxDXcN1J6q8?feature=oembed\" frameborder=\"0\" allow=\"accelerometer; autoplay; clipboard-write; encrypted-media; gyroscope; picture-in-picture; web-share\" referrerpolicy=\"strict-origin-when-cross-origin\" allowfullscreen><\/iframe>\n<\/div><figcaption class=\"wp-element-caption\"><strong>Estratto dal film <em>The Jazz Singer<\/em><\/strong><\/figcaption><\/figure>\n<\/div>\n<\/div>\n\n\n<p>Altri testi vengono letti in memoria di persone care decedute. Nella tradizione ashkenazita, la preghiera <em>Yizkor<\/em> (\u201cChe Egli si ricordi\u201d) viene recitata in sinagoga durante le feste di Pesach, Shavuot e Sukkot (e la sua seconda parte &#8211; Shemini Atzeret) e Yom Kippur, da coloro che hanno perso un parente. Si tratta di un momento solenne di ricordo individuale del defunto, praticato collettivamente e scrupolosamente osservato nelle comunit\u00e0 ashkenazite.<\/p>\n<p><img decoding=\"async\" class=\"alignleft  wp-image-120284\" src=\"https:\/\/www.iemj.org\/wp-content\/uploads\/2025\/05\/Juifs_portant_la_rouelle_condamnes_au_bucher._Manuscrit_medieval.jpg\" alt=\"\" width=\"183\" height=\"220\" srcset=\"https:\/\/www.iemj.org\/wp-content\/uploads\/2025\/05\/Juifs_portant_la_rouelle_condamnes_au_bucher._Manuscrit_medieval.jpg 415w, https:\/\/www.iemj.org\/wp-content\/uploads\/2025\/05\/Juifs_portant_la_rouelle_condamnes_au_bucher._Manuscrit_medieval-249x300.jpg 249w\" sizes=\"(max-width: 183px) 100vw, 183px\" \/>Infine, alcune preghiere sono legate alla commemorazione di morti collettive e tragiche. <em>Av haRa\u1e25amim<\/em> (\u201cPadre delle misericordie\u201d) viene recitata ogni Shabbat in memoria delle comunit\u00e0 ebraiche distrutte nel Medioevo. <em>El Male Ra\u1e25amim<\/em> (\u201cDio, pieno di misericordia\u201d), \u00e8 una preghiera rivolta a Dio per il riposo dell&#8217;anima di uno o pi\u00f9 defunti; viene spesso cantata in occasione di cerimonie commemorative, in particolare in ricordo delle vittime della Shoah o di attacchi terroristici.<\/p>\n\n\n<div style=\"height:15px\" aria-hidden=\"true\" class=\"wp-block-spacer\"><\/div>\n\n\n<p><strong><em>Av hara\u2019hamim (Kehilot hakodech)<\/em> \u2013 Yaakov Lemmer<\/strong><\/p>\n<audio class=\"wp-audio-shortcode\" id=\"audio-120318-5\" preload=\"none\" style=\"width: 100%;\" controls=\"controls\"><source type=\"audio\/mpeg\" src=\"https:\/\/www.iemj.org\/wp-content\/uploads\/2025\/05\/6.Av-Harachamim-Yaakov-Lemmer.mp3?_=5\" \/><a href=\"https:\/\/www.iemj.org\/wp-content\/uploads\/2025\/05\/6.Av-Harachamim-Yaakov-Lemmer.mp3\">https:\/\/www.iemj.org\/wp-content\/uploads\/2025\/05\/6.Av-Harachamim-Yaakov-Lemmer.mp3<\/a><\/audio>\n<p><strong><em>El male rah&#8217;amim<\/em> &#8211; Shalom Katz (Estratto)<\/strong><\/p>\n<audio class=\"wp-audio-shortcode\" id=\"audio-120318-6\" preload=\"none\" style=\"width: 100%;\" controls=\"controls\"><source type=\"audio\/mpeg\" src=\"https:\/\/www.iemj.org\/wp-content\/uploads\/2025\/05\/7.El-male-rahamim-Shalom-Katz-Extrait.mp3?_=6\" \/><a href=\"https:\/\/www.iemj.org\/wp-content\/uploads\/2025\/05\/7.El-male-rahamim-Shalom-Katz-Extrait.mp3\">https:\/\/www.iemj.org\/wp-content\/uploads\/2025\/05\/7.El-male-rahamim-Shalom-Katz-Extrait.mp3<\/a><\/audio>\n\n\n<p><\/p>\n<div class=\"speaker-mute footnotes_reference_container\"> <div class=\"footnote_container_prepare\"><p><span role=\"button\" tabindex=\"0\" class=\"footnote_reference_container_label pointer\" onclick=\"footnote_expand_collapse_reference_container_120318_1();\">&#x202F;<\/span><span role=\"button\" tabindex=\"0\" class=\"footnote_reference_container_collapse_button\" style=\"display: none;\" onclick=\"footnote_expand_collapse_reference_container_120318_1();\">[<a id=\"footnote_reference_container_collapse_button_120318_1\">+<\/a>]<\/span><\/p><\/div> <div id=\"footnote_references_container_120318_1\" style=\"\"><table class=\"footnotes_table footnote-reference-container\"><caption class=\"accessibility\">References<\/caption> <tbody> \r\n\r\n<tr class=\"footnotes_plugin_reference_row\"> <th scope=\"row\" class=\"footnote_plugin_index_combi pointer\"  onclick=\"footnote_moveToAnchor_120318_1('footnote_plugin_tooltip_120318_1_1');\"><a id=\"footnote_plugin_reference_120318_1_1\" class=\"footnote_backlink\">1<\/a><\/th> <td class=\"footnote_plugin_text\">talvolta scritto <em>Qaddish<\/em><\/td><\/tr>\r\n\r\n <\/tbody> <\/table> <\/div><\/div><script type=\"text\/javascript\"> function footnote_expand_reference_container_120318_1() { jQuery('#footnote_references_container_120318_1').show(); jQuery('#footnote_reference_container_collapse_button_120318_1').text('\u2212'); } function footnote_collapse_reference_container_120318_1() { jQuery('#footnote_references_container_120318_1').hide(); jQuery('#footnote_reference_container_collapse_button_120318_1').text('+'); } function footnote_expand_collapse_reference_container_120318_1() { if (jQuery('#footnote_references_container_120318_1').is(':hidden')) { footnote_expand_reference_container_120318_1(); } else { footnote_collapse_reference_container_120318_1(); } } function footnote_moveToReference_120318_1(p_str_TargetID) { footnote_expand_reference_container_120318_1(); var l_obj_Target = jQuery('#' + p_str_TargetID); if (l_obj_Target.length) { jQuery( 'html, body' ).delay( 0 ); jQuery('html, body').animate({ scrollTop: l_obj_Target.offset().top - window.innerHeight * 0.2 }, 380); } } function footnote_moveToAnchor_120318_1(p_str_TargetID) { footnote_expand_reference_container_120318_1(); var l_obj_Target = jQuery('#' + p_str_TargetID); if (l_obj_Target.length) { jQuery( 'html, body' ).delay( 0 ); jQuery('html, body').animate({ scrollTop: l_obj_Target.offset().top - window.innerHeight * 0.2 }, 380); } }<\/script>","protected":false},"excerpt":{"rendered":"","protected":false},"author":5,"featured_media":120300,"comment_status":"closed","ping_status":"closed","sticky":false,"template":"","format":"standard","meta":{"_acf_changed":false,"footnotes":""},"categories":[1407,1409],"tags":[],"technique":[],"squelettes":[],"sujet":[4060],"formation":[],"genre":[],"fonds":[],"tradition":[],"type-de-contenu":[],"interprete-compositeur":[],"frise":[],"type-devenement":[],"tableaux-liens-externes":[],"class_list":["post-120318","post","type-post","status-publish","format-standard","has-post-thumbnail","hentry","category-articoli-di-fondo-it","category-musica-liturgica-it","sujet-morte-lutto"],"acf":[],"yoast_head":"<!-- This site is optimized with the Yoast SEO plugin v27.3 - https:\/\/yoast.com\/product\/yoast-seo-wordpress\/ -->\n<title>Morte e lutto - Institut Europ\u00e9en des Musiques Juives<\/title>\n<meta name=\"robots\" content=\"index, follow, max-snippet:-1, max-image-preview:large, max-video-preview:-1\" \/>\n<link rel=\"canonical\" href=\"https:\/\/www.iemj.org\/it\/le-deces-et-le-deuil\/\" \/>\n<meta property=\"og:locale\" content=\"it_IT\" \/>\n<meta property=\"og:type\" content=\"article\" \/>\n<meta property=\"og:title\" content=\"Morte e lutto - Institut Europ\u00e9en des Musiques Juives\" \/>\n<meta property=\"og:url\" content=\"https:\/\/www.iemj.org\/it\/le-deces-et-le-deuil\/\" \/>\n<meta property=\"og:site_name\" content=\"Institut Europ\u00e9en des Musiques Juives\" \/>\n<meta property=\"article:publisher\" content=\"https:\/\/www.facebook.com\/MusiquesJuives\/\" \/>\n<meta property=\"article:published_time\" content=\"2025-05-08T09:06:36+00:00\" \/>\n<meta property=\"article:modified_time\" content=\"2025-05-09T08:51:30+00:00\" \/>\n<meta property=\"og:image\" content=\"https:\/\/www.iemj.org\/wp-content\/uploads\/2025\/05\/Logo-Deuil.jpg\" \/>\n\t<meta property=\"og:image:width\" content=\"500\" \/>\n\t<meta property=\"og:image:height\" content=\"500\" \/>\n\t<meta property=\"og:image:type\" content=\"image\/jpeg\" \/>\n<meta name=\"author\" content=\"Jacqueline ROTEN\" \/>\n<meta name=\"twitter:card\" content=\"summary_large_image\" \/>\n<meta name=\"twitter:label1\" content=\"Scritto da\" \/>\n\t<meta name=\"twitter:data1\" content=\"Jacqueline ROTEN\" \/>\n\t<meta name=\"twitter:label2\" content=\"Tempo di lettura stimato\" \/>\n\t<meta name=\"twitter:data2\" content=\"5 minuti\" \/>\n<script type=\"application\/ld+json\" class=\"yoast-schema-graph\">{\"@context\":\"https:\\\/\\\/schema.org\",\"@graph\":[{\"@type\":\"Article\",\"@id\":\"https:\\\/\\\/www.iemj.org\\\/it\\\/le-deces-et-le-deuil\\\/#article\",\"isPartOf\":{\"@id\":\"https:\\\/\\\/www.iemj.org\\\/it\\\/le-deces-et-le-deuil\\\/\"},\"author\":{\"name\":\"Jacqueline ROTEN\",\"@id\":\"https:\\\/\\\/www.iemj.org\\\/it\\\/#\\\/schema\\\/person\\\/358e26c18aca017fcc4cc15437f7279c\"},\"headline\":\"Morte e lutto\",\"datePublished\":\"2025-05-08T09:06:36+00:00\",\"dateModified\":\"2025-05-09T08:51:30+00:00\",\"mainEntityOfPage\":{\"@id\":\"https:\\\/\\\/www.iemj.org\\\/it\\\/le-deces-et-le-deuil\\\/\"},\"wordCount\":747,\"publisher\":{\"@id\":\"https:\\\/\\\/www.iemj.org\\\/it\\\/#organization\"},\"image\":{\"@id\":\"https:\\\/\\\/www.iemj.org\\\/it\\\/le-deces-et-le-deuil\\\/#primaryimage\"},\"thumbnailUrl\":\"https:\\\/\\\/www.iemj.org\\\/wp-content\\\/uploads\\\/2025\\\/05\\\/Logo-Deuil.jpg\",\"articleSection\":[\"Articoli di fondo\",\"Musica liturgica\"],\"inLanguage\":\"it-IT\"},{\"@type\":\"WebPage\",\"@id\":\"https:\\\/\\\/www.iemj.org\\\/it\\\/le-deces-et-le-deuil\\\/\",\"url\":\"https:\\\/\\\/www.iemj.org\\\/it\\\/le-deces-et-le-deuil\\\/\",\"name\":\"Morte e lutto - Institut Europ\u00e9en des Musiques Juives\",\"isPartOf\":{\"@id\":\"https:\\\/\\\/www.iemj.org\\\/it\\\/#website\"},\"primaryImageOfPage\":{\"@id\":\"https:\\\/\\\/www.iemj.org\\\/it\\\/le-deces-et-le-deuil\\\/#primaryimage\"},\"image\":{\"@id\":\"https:\\\/\\\/www.iemj.org\\\/it\\\/le-deces-et-le-deuil\\\/#primaryimage\"},\"thumbnailUrl\":\"https:\\\/\\\/www.iemj.org\\\/wp-content\\\/uploads\\\/2025\\\/05\\\/Logo-Deuil.jpg\",\"datePublished\":\"2025-05-08T09:06:36+00:00\",\"dateModified\":\"2025-05-09T08:51:30+00:00\",\"breadcrumb\":{\"@id\":\"https:\\\/\\\/www.iemj.org\\\/it\\\/le-deces-et-le-deuil\\\/#breadcrumb\"},\"inLanguage\":\"it-IT\",\"potentialAction\":[{\"@type\":\"ReadAction\",\"target\":[\"https:\\\/\\\/www.iemj.org\\\/it\\\/le-deces-et-le-deuil\\\/\"]}]},{\"@type\":\"ImageObject\",\"inLanguage\":\"it-IT\",\"@id\":\"https:\\\/\\\/www.iemj.org\\\/it\\\/le-deces-et-le-deuil\\\/#primaryimage\",\"url\":\"https:\\\/\\\/www.iemj.org\\\/wp-content\\\/uploads\\\/2025\\\/05\\\/Logo-Deuil.jpg\",\"contentUrl\":\"https:\\\/\\\/www.iemj.org\\\/wp-content\\\/uploads\\\/2025\\\/05\\\/Logo-Deuil.jpg\",\"width\":500,\"height\":500},{\"@type\":\"BreadcrumbList\",\"@id\":\"https:\\\/\\\/www.iemj.org\\\/it\\\/le-deces-et-le-deuil\\\/#breadcrumb\",\"itemListElement\":[{\"@type\":\"ListItem\",\"position\":1,\"name\":\"Accueil\",\"item\":\"https:\\\/\\\/www.iemj.org\\\/it\\\/\"},{\"@type\":\"ListItem\",\"position\":2,\"name\":\"Morte e lutto\"}]},{\"@type\":\"WebSite\",\"@id\":\"https:\\\/\\\/www.iemj.org\\\/it\\\/#website\",\"url\":\"https:\\\/\\\/www.iemj.org\\\/it\\\/\",\"name\":\"Institut Europ\u00e9en des Musiques Juives\",\"description\":\"Des traditions musicales \u00e0 la port\u00e9e de tous\",\"publisher\":{\"@id\":\"https:\\\/\\\/www.iemj.org\\\/it\\\/#organization\"},\"potentialAction\":[{\"@type\":\"SearchAction\",\"target\":{\"@type\":\"EntryPoint\",\"urlTemplate\":\"https:\\\/\\\/www.iemj.org\\\/it\\\/?s={search_term_string}\"},\"query-input\":{\"@type\":\"PropertyValueSpecification\",\"valueRequired\":true,\"valueName\":\"search_term_string\"}}],\"inLanguage\":\"it-IT\"},{\"@type\":\"Organization\",\"@id\":\"https:\\\/\\\/www.iemj.org\\\/it\\\/#organization\",\"name\":\"Institut Europ\u00e9en des Musiques Juives\",\"url\":\"https:\\\/\\\/www.iemj.org\\\/it\\\/\",\"logo\":{\"@type\":\"ImageObject\",\"inLanguage\":\"it-IT\",\"@id\":\"https:\\\/\\\/www.iemj.org\\\/it\\\/#\\\/schema\\\/logo\\\/image\\\/\",\"url\":\"https:\\\/\\\/www.iemj.org\\\/wp-content\\\/uploads\\\/2021\\\/09\\\/Logo-IEMJ-Paypal.jpg\",\"contentUrl\":\"https:\\\/\\\/www.iemj.org\\\/wp-content\\\/uploads\\\/2021\\\/09\\\/Logo-IEMJ-Paypal.jpg\",\"width\":150,\"height\":50,\"caption\":\"Institut Europ\u00e9en des Musiques Juives\"},\"image\":{\"@id\":\"https:\\\/\\\/www.iemj.org\\\/it\\\/#\\\/schema\\\/logo\\\/image\\\/\"},\"sameAs\":[\"https:\\\/\\\/www.facebook.com\\\/MusiquesJuives\\\/\",\"https:\\\/\\\/www.instagram.com\\\/musiquesjuives\\\/\",\"https:\\\/\\\/www.youtube.com\\\/user\\\/musiquesjuives\"]},{\"@type\":\"Person\",\"@id\":\"https:\\\/\\\/www.iemj.org\\\/it\\\/#\\\/schema\\\/person\\\/358e26c18aca017fcc4cc15437f7279c\",\"name\":\"Jacqueline ROTEN\",\"image\":{\"@type\":\"ImageObject\",\"inLanguage\":\"it-IT\",\"@id\":\"https:\\\/\\\/secure.gravatar.com\\\/avatar\\\/5964256d6c6957de3a3505278957e0fb2a35119ac47ea41827a65301213c810b?s=96&d=mm&r=g\",\"url\":\"https:\\\/\\\/secure.gravatar.com\\\/avatar\\\/5964256d6c6957de3a3505278957e0fb2a35119ac47ea41827a65301213c810b?s=96&d=mm&r=g\",\"contentUrl\":\"https:\\\/\\\/secure.gravatar.com\\\/avatar\\\/5964256d6c6957de3a3505278957e0fb2a35119ac47ea41827a65301213c810b?s=96&d=mm&r=g\",\"caption\":\"Jacqueline ROTEN\"}}]}<\/script>\n<!-- \/ Yoast SEO plugin. -->","yoast_head_json":{"title":"Morte e lutto - Institut Europ\u00e9en des Musiques Juives","robots":{"index":"index","follow":"follow","max-snippet":"max-snippet:-1","max-image-preview":"max-image-preview:large","max-video-preview":"max-video-preview:-1"},"canonical":"https:\/\/www.iemj.org\/it\/le-deces-et-le-deuil\/","og_locale":"it_IT","og_type":"article","og_title":"Morte e lutto - Institut Europ\u00e9en des Musiques Juives","og_url":"https:\/\/www.iemj.org\/it\/le-deces-et-le-deuil\/","og_site_name":"Institut Europ\u00e9en des Musiques Juives","article_publisher":"https:\/\/www.facebook.com\/MusiquesJuives\/","article_published_time":"2025-05-08T09:06:36+00:00","article_modified_time":"2025-05-09T08:51:30+00:00","og_image":[{"width":500,"height":500,"url":"https:\/\/www.iemj.org\/wp-content\/uploads\/2025\/05\/Logo-Deuil.jpg","type":"image\/jpeg"}],"author":"Jacqueline ROTEN","twitter_card":"summary_large_image","twitter_misc":{"Scritto da":"Jacqueline ROTEN","Tempo di lettura stimato":"5 minuti"},"schema":{"@context":"https:\/\/schema.org","@graph":[{"@type":"Article","@id":"https:\/\/www.iemj.org\/it\/le-deces-et-le-deuil\/#article","isPartOf":{"@id":"https:\/\/www.iemj.org\/it\/le-deces-et-le-deuil\/"},"author":{"name":"Jacqueline ROTEN","@id":"https:\/\/www.iemj.org\/it\/#\/schema\/person\/358e26c18aca017fcc4cc15437f7279c"},"headline":"Morte e lutto","datePublished":"2025-05-08T09:06:36+00:00","dateModified":"2025-05-09T08:51:30+00:00","mainEntityOfPage":{"@id":"https:\/\/www.iemj.org\/it\/le-deces-et-le-deuil\/"},"wordCount":747,"publisher":{"@id":"https:\/\/www.iemj.org\/it\/#organization"},"image":{"@id":"https:\/\/www.iemj.org\/it\/le-deces-et-le-deuil\/#primaryimage"},"thumbnailUrl":"https:\/\/www.iemj.org\/wp-content\/uploads\/2025\/05\/Logo-Deuil.jpg","articleSection":["Articoli di fondo","Musica liturgica"],"inLanguage":"it-IT"},{"@type":"WebPage","@id":"https:\/\/www.iemj.org\/it\/le-deces-et-le-deuil\/","url":"https:\/\/www.iemj.org\/it\/le-deces-et-le-deuil\/","name":"Morte e lutto - Institut Europ\u00e9en des Musiques Juives","isPartOf":{"@id":"https:\/\/www.iemj.org\/it\/#website"},"primaryImageOfPage":{"@id":"https:\/\/www.iemj.org\/it\/le-deces-et-le-deuil\/#primaryimage"},"image":{"@id":"https:\/\/www.iemj.org\/it\/le-deces-et-le-deuil\/#primaryimage"},"thumbnailUrl":"https:\/\/www.iemj.org\/wp-content\/uploads\/2025\/05\/Logo-Deuil.jpg","datePublished":"2025-05-08T09:06:36+00:00","dateModified":"2025-05-09T08:51:30+00:00","breadcrumb":{"@id":"https:\/\/www.iemj.org\/it\/le-deces-et-le-deuil\/#breadcrumb"},"inLanguage":"it-IT","potentialAction":[{"@type":"ReadAction","target":["https:\/\/www.iemj.org\/it\/le-deces-et-le-deuil\/"]}]},{"@type":"ImageObject","inLanguage":"it-IT","@id":"https:\/\/www.iemj.org\/it\/le-deces-et-le-deuil\/#primaryimage","url":"https:\/\/www.iemj.org\/wp-content\/uploads\/2025\/05\/Logo-Deuil.jpg","contentUrl":"https:\/\/www.iemj.org\/wp-content\/uploads\/2025\/05\/Logo-Deuil.jpg","width":500,"height":500},{"@type":"BreadcrumbList","@id":"https:\/\/www.iemj.org\/it\/le-deces-et-le-deuil\/#breadcrumb","itemListElement":[{"@type":"ListItem","position":1,"name":"Accueil","item":"https:\/\/www.iemj.org\/it\/"},{"@type":"ListItem","position":2,"name":"Morte e lutto"}]},{"@type":"WebSite","@id":"https:\/\/www.iemj.org\/it\/#website","url":"https:\/\/www.iemj.org\/it\/","name":"Institut Europ\u00e9en des Musiques Juives","description":"Des traditions musicales \u00e0 la port\u00e9e de tous","publisher":{"@id":"https:\/\/www.iemj.org\/it\/#organization"},"potentialAction":[{"@type":"SearchAction","target":{"@type":"EntryPoint","urlTemplate":"https:\/\/www.iemj.org\/it\/?s={search_term_string}"},"query-input":{"@type":"PropertyValueSpecification","valueRequired":true,"valueName":"search_term_string"}}],"inLanguage":"it-IT"},{"@type":"Organization","@id":"https:\/\/www.iemj.org\/it\/#organization","name":"Institut Europ\u00e9en des Musiques Juives","url":"https:\/\/www.iemj.org\/it\/","logo":{"@type":"ImageObject","inLanguage":"it-IT","@id":"https:\/\/www.iemj.org\/it\/#\/schema\/logo\/image\/","url":"https:\/\/www.iemj.org\/wp-content\/uploads\/2021\/09\/Logo-IEMJ-Paypal.jpg","contentUrl":"https:\/\/www.iemj.org\/wp-content\/uploads\/2021\/09\/Logo-IEMJ-Paypal.jpg","width":150,"height":50,"caption":"Institut Europ\u00e9en des Musiques Juives"},"image":{"@id":"https:\/\/www.iemj.org\/it\/#\/schema\/logo\/image\/"},"sameAs":["https:\/\/www.facebook.com\/MusiquesJuives\/","https:\/\/www.instagram.com\/musiquesjuives\/","https:\/\/www.youtube.com\/user\/musiquesjuives"]},{"@type":"Person","@id":"https:\/\/www.iemj.org\/it\/#\/schema\/person\/358e26c18aca017fcc4cc15437f7279c","name":"Jacqueline ROTEN","image":{"@type":"ImageObject","inLanguage":"it-IT","@id":"https:\/\/secure.gravatar.com\/avatar\/5964256d6c6957de3a3505278957e0fb2a35119ac47ea41827a65301213c810b?s=96&d=mm&r=g","url":"https:\/\/secure.gravatar.com\/avatar\/5964256d6c6957de3a3505278957e0fb2a35119ac47ea41827a65301213c810b?s=96&d=mm&r=g","contentUrl":"https:\/\/secure.gravatar.com\/avatar\/5964256d6c6957de3a3505278957e0fb2a35119ac47ea41827a65301213c810b?s=96&d=mm&r=g","caption":"Jacqueline ROTEN"}}]}},"_links":{"self":[{"href":"https:\/\/www.iemj.org\/it\/wp-json\/wp\/v2\/posts\/120318","targetHints":{"allow":["GET"]}}],"collection":[{"href":"https:\/\/www.iemj.org\/it\/wp-json\/wp\/v2\/posts"}],"about":[{"href":"https:\/\/www.iemj.org\/it\/wp-json\/wp\/v2\/types\/post"}],"author":[{"embeddable":true,"href":"https:\/\/www.iemj.org\/it\/wp-json\/wp\/v2\/users\/5"}],"replies":[{"embeddable":true,"href":"https:\/\/www.iemj.org\/it\/wp-json\/wp\/v2\/comments?post=120318"}],"version-history":[{"count":0,"href":"https:\/\/www.iemj.org\/it\/wp-json\/wp\/v2\/posts\/120318\/revisions"}],"wp:featuredmedia":[{"embeddable":true,"href":"https:\/\/www.iemj.org\/it\/wp-json\/wp\/v2\/media\/120300"}],"wp:attachment":[{"href":"https:\/\/www.iemj.org\/it\/wp-json\/wp\/v2\/media?parent=120318"}],"wp:term":[{"taxonomy":"category","embeddable":true,"href":"https:\/\/www.iemj.org\/it\/wp-json\/wp\/v2\/categories?post=120318"},{"taxonomy":"post_tag","embeddable":true,"href":"https:\/\/www.iemj.org\/it\/wp-json\/wp\/v2\/tags?post=120318"},{"taxonomy":"technique","embeddable":true,"href":"https:\/\/www.iemj.org\/it\/wp-json\/wp\/v2\/technique?post=120318"},{"taxonomy":"squelettes","embeddable":true,"href":"https:\/\/www.iemj.org\/it\/wp-json\/wp\/v2\/squelettes?post=120318"},{"taxonomy":"sujet","embeddable":true,"href":"https:\/\/www.iemj.org\/it\/wp-json\/wp\/v2\/sujet?post=120318"},{"taxonomy":"formation","embeddable":true,"href":"https:\/\/www.iemj.org\/it\/wp-json\/wp\/v2\/formation?post=120318"},{"taxonomy":"genre","embeddable":true,"href":"https:\/\/www.iemj.org\/it\/wp-json\/wp\/v2\/genre?post=120318"},{"taxonomy":"fonds","embeddable":true,"href":"https:\/\/www.iemj.org\/it\/wp-json\/wp\/v2\/fonds?post=120318"},{"taxonomy":"tradition","embeddable":true,"href":"https:\/\/www.iemj.org\/it\/wp-json\/wp\/v2\/tradition?post=120318"},{"taxonomy":"type-de-contenu","embeddable":true,"href":"https:\/\/www.iemj.org\/it\/wp-json\/wp\/v2\/type-de-contenu?post=120318"},{"taxonomy":"interprete-compositeur","embeddable":true,"href":"https:\/\/www.iemj.org\/it\/wp-json\/wp\/v2\/interprete-compositeur?post=120318"},{"taxonomy":"frise","embeddable":true,"href":"https:\/\/www.iemj.org\/it\/wp-json\/wp\/v2\/frise?post=120318"},{"taxonomy":"type-devenement","embeddable":true,"href":"https:\/\/www.iemj.org\/it\/wp-json\/wp\/v2\/type-devenement?post=120318"},{"taxonomy":"tableaux-liens-externes","embeddable":true,"href":"https:\/\/www.iemj.org\/it\/wp-json\/wp\/v2\/tableaux-liens-externes?post=120318"}],"curies":[{"name":"wp","href":"https:\/\/api.w.org\/{rel}","templated":true}]}}