{"id":121445,"date":"2025-05-28T17:27:21","date_gmt":"2025-05-28T15:27:21","guid":{"rendered":"https:\/\/www.iemj.org\/halphen-georges-1913-2003\/"},"modified":"2025-06-03T13:29:39","modified_gmt":"2025-06-03T11:29:39","slug":"halphen-georges-1913-2003","status":"publish","type":"post","link":"https:\/\/www.iemj.org\/it\/halphen-georges-1913-2003\/","title":{"rendered":"Halphen, Georges (1913-2003)"},"content":{"rendered":"\n<p>Figlio di <a href=\"https:\/\/www.iemj.org\/it\/halphen-fernand-1872-1917\/\" target=\"_blank\" rel=\"noopener\">Fernand Halphen (1872-1917)<\/a> e di <a href=\"https:\/\/www.iemj.org\/it\/halphen-alice-1878-1963\/\" target=\"_blank\" rel=\"noopener\">Alice de Koenigswarter (1878-1963)<\/a>, Georges Halphen fu un appassionato collezionista d&#8217;arte pienamente coinvolto nella vita pubblica.<\/p>\n\n\n\n<p>Commandeur de la L\u00e9gion d&#8217;Honneur, officier des Palmes Acad\u00e9miques, commandeur de l&#8217;Ordre du M\u00e9rite Agricole, commandeur des Arts et des Lettres, m\u00e9daille de la jeunesse et des sports, m\u00e9daille d&#8217;or d\u00e9partementale et communale, sindaco onorario di La Chapelle-en-Serval dopo 35 anni di mandato, Georges Halphen \u00e8 nato il 9 marzo 1913 nel XV arrondissement di Parigi ed \u00e8 morto il 6 maggio 2003, all&#8217;et\u00e0 di 90 anni.<\/p>\n\n\n<div class=\"wp-block-image\">\n<figure class=\"alignleft is-resized\"><img fetchpriority=\"high\" decoding=\"async\" width=\"450\" height=\"337\" src=\"https:\/\/www.iemj.org\/wp-content\/uploads\/2025\/05\/1.Alice-Henriette-et-Georges.jpg\" alt=\"\" class=\"wp-image-121394\" style=\"width:394px;height:auto\" srcset=\"https:\/\/www.iemj.org\/wp-content\/uploads\/2025\/05\/1.Alice-Henriette-et-Georges.jpg 450w, https:\/\/www.iemj.org\/wp-content\/uploads\/2025\/05\/1.Alice-Henriette-et-Georges-300x225.jpg 300w\" sizes=\"(max-width: 450px) 100vw, 450px\" \/><figcaption class=\"wp-element-caption\"><strong>Alice, Henriette e Georges<\/strong><\/figcaption><\/figure>\n<\/div>\n\n\n<p>Aveva solo 4 anni quando il padre mor\u00ec il 16 maggio 1917 di difterite contratta al fronte. Cresce con la sorella <a href=\"https:\/\/www.iemj.org\/it\/schumann-henriette-nee-halphen-1911-2002\/\" target=\"_blank\" rel=\"noopener\">Henriette Halphen (1911-2002)<\/a> e la madre tra l&#8217;hotel di rue Dumont-d&#8217;Urville a Parigi e La Chapelle-en-Serval (Oise), dove il padre aveva commissionato all&#8217;architetto Guillaume Tronchet la costruzione di un sontuoso castello tra il 1907 ed il 1911. <span class=\"footnote_referrer\"><a role=\"button\" tabindex=\"0\" onclick=\"footnote_moveToReference_121445_1('footnote_plugin_reference_121445_1_1');\" onkeypress=\"footnote_moveToReference_121445_1('footnote_plugin_reference_121445_1_1');\" ><sup id=\"footnote_plugin_tooltip_121445_1_1\" class=\"footnote_plugin_tooltip_text\">[1]<\/sup><\/a><span id=\"footnote_plugin_tooltip_text_121445_1_1\" class=\"footnote_tooltip\">Il castello, che originariamente ospitava un teatro, \u00e8 stato venduto all&#8217;inizio degli anni &#8217;90 e ribattezzato \u201cChateau H\u00f4tel Mont Royal\u201d. Attualmente \u00e8 di propriet\u00e0 di una catena&nbsp;&#x2026; <span class=\"footnote_tooltip_continue\"  onclick=\"footnote_moveToReference_121445_1('footnote_plugin_reference_121445_1_1');\">Lire la suite<\/span><\/span><\/span><script type=\"text\/javascript\"> jQuery('#footnote_plugin_tooltip_121445_1_1').tooltip({ tip: '#footnote_plugin_tooltip_text_121445_1_1', tipClass: 'footnote_tooltip', effect: 'fade', predelay: 0, fadeInSpeed: 200, delay: 400, fadeOutSpeed: 200, position: 'top center', relative: true, offset: [-7, 0], });<\/script>.<\/p>\n\n\n\n<p>Il 25 gennaio 1938 Georges Halphen sposa <a href=\"https:\/\/gw.geneanet.org\/bourelly?lang=en&amp;n=delamare+deboutteville&amp;p=janine+marie+isabelle\" target=\"_blank\" rel=\"noopener\">Janine Delamare de Boutteville (1908-2005)<\/a>. Nel 1941 incontra Mich\u00e8le Bossoutrot (1918-1995), figlia del famoso aviatore <a href=\"https:\/\/fr.wikipedia.org\/wiki\/Lucien_Bossoutrot\" target=\"_blank\" rel=\"noopener\">Lucien Bossoutrot (1890-1958)<\/a><span class=\"footnote_referrer\"><a role=\"button\" tabindex=\"0\" onclick=\"footnote_moveToReference_121445_1('footnote_plugin_reference_121445_1_2');\" onkeypress=\"footnote_moveToReference_121445_1('footnote_plugin_reference_121445_1_2');\" ><sup id=\"footnote_plugin_tooltip_121445_1_2\" class=\"footnote_plugin_tooltip_text\">[2]<\/sup><\/a><span id=\"footnote_plugin_tooltip_text_121445_1_2\" class=\"footnote_tooltip\">Si veda anche la sua biografia su <a href=\"https:\/\/www2.assemblee-nationale.fr\/sycomore\/bio\/(num_dept)\/998\"><span class=\"footnote_url_wrap\">https:\/\/www2.assemblee-nationale.fr\/sycomore\/bio\/(num_dept)\/998<\/span><\/a><\/span><\/span><script type=\"text\/javascript\"> jQuery('#footnote_plugin_tooltip_121445_1_2').tooltip({ tip: '#footnote_plugin_tooltip_text_121445_1_2', tipClass: 'footnote_tooltip', effect: 'fade', predelay: 0, fadeInSpeed: 200, delay: 400, fadeOutSpeed: 200, position: 'top center', relative: true, offset: [-7, 0], });<\/script>. Bossoutrot, che faceva parte di una rete di resistenza nella regione del Lot, accolse Georges e sua madre Alice nella sua casa di Boussac. Dal 1\u00b0 dicembre 1942 al 20 settembre 1944, Georges partecipa alle operazioni di resistenza della rete Buckmaster (<a href=\"https:\/\/it.wikipedia.org\/wiki\/SOE_F_Section_networks\" target=\"_blank\" rel=\"noopener\">Hilaire-WHEELWRIGHT<\/a>) che organizza operazioni di sabotaggio e paracadutismo in tutta la Francia. Nel 1944 Georges si spos\u00f2 per la seconda volta con Mich\u00e8le Bossoutrot, dalla quale ebbe due figli: St\u00e9phane, nato nel maggio 1942, e Nathalie, nata nel novembre 1945. Nel 1950 ha sposato per la terza volta <a href=\"https:\/\/family.rothschildarchive.org\/people\/160-monique-charlotte-therese-de-rothschild-1925-2018\" target=\"_blank\" rel=\"noopener\">Monique de Rothschild (1925-2018)<\/a>, dalla quale ha poi divorziato per tornare a vivere con Janine Delamare de Boutteville.<\/p>\n\n\n\n<div class=\"wp-block-columns are-vertically-aligned-center is-layout-flex wp-container-core-columns-is-layout-9d6595d7 wp-block-columns-is-layout-flex\">\n<div class=\"wp-block-column is-vertically-aligned-center is-layout-flow wp-block-column-is-layout-flow\"><div class=\"wp-block-image\">\n<figure class=\"aligncenter size-full\"><img decoding=\"async\" width=\"337\" height=\"450\" src=\"https:\/\/www.iemj.org\/wp-content\/uploads\/2025\/05\/2.Georges-et-Jeanine-au-Caire_1938_redim.jpg\" alt=\"\" class=\"wp-image-121403\" srcset=\"https:\/\/www.iemj.org\/wp-content\/uploads\/2025\/05\/2.Georges-et-Jeanine-au-Caire_1938_redim.jpg 337w, https:\/\/www.iemj.org\/wp-content\/uploads\/2025\/05\/2.Georges-et-Jeanine-au-Caire_1938_redim-225x300.jpg 225w\" sizes=\"(max-width: 337px) 100vw, 337px\" \/><figcaption class=\"wp-element-caption\"><strong>Georges e Jeanine al Cairo, 1938<\/strong><\/figcaption><\/figure>\n<\/div><\/div>\n\n\n\n<div class=\"wp-block-column is-vertically-aligned-center is-layout-flow wp-block-column-is-layout-flow\"><div class=\"wp-block-image\">\n<figure class=\"aligncenter size-full\"><img decoding=\"async\" width=\"337\" height=\"450\" src=\"https:\/\/www.iemj.org\/wp-content\/uploads\/2025\/05\/3.Michele-Bossoutrot_redim.jpg\" alt=\"\" class=\"wp-image-121408\" srcset=\"https:\/\/www.iemj.org\/wp-content\/uploads\/2025\/05\/3.Michele-Bossoutrot_redim.jpg 337w, https:\/\/www.iemj.org\/wp-content\/uploads\/2025\/05\/3.Michele-Bossoutrot_redim-225x300.jpg 225w\" sizes=\"(max-width: 337px) 100vw, 337px\" \/><figcaption class=\"wp-element-caption\"><strong>Mich\u00e8le Bossoutrot<\/strong><\/figcaption><\/figure>\n<\/div><\/div>\n<\/div>\n\n\n<p>Durante i due anni trascorsi in clandestinit\u00e0 nel Lot, Georges impara a lavorare la terra, cosa che lo porta a trasferirsi a La Chapelle-en-Serval dopo la liberazione, nella casa di caccia costruita dal padre. Appassionato di agricoltura, si specializza nella coltivazione di erba per l&#8217;allevamento di cavalli e bovini presso l&#8217;INRA (Institut national de la recherche agronomique), dove conosce Ren\u00e9 Dumont, fondatore del movimento ecologista, anch&#8217;egli agricoltore di sinistra. Alleva anche bovini Charolais e cavalli da corsa presso l&#8217;Haras de la Censi\u00e8re.<\/p>\n\n\n<div class=\"wp-block-columns are-vertically-aligned-center is-layout-flex wp-container-core-columns-is-layout-9d6595d7 wp-block-columns-is-layout-flex\">\n<div class=\"wp-block-column is-vertically-aligned-center is-layout-flow wp-block-column-is-layout-flow\"><div class=\"wp-block-image\">\n<figure class=\"aligncenter size-full\"><img loading=\"lazy\" decoding=\"async\" width=\"337\" height=\"450\" src=\"https:\/\/www.iemj.org\/wp-content\/uploads\/2025\/05\/4.Le-Chateau-de-La-Chapelle-en-Serval_redim.jpg\" alt=\"\" class=\"wp-image-121413\" srcset=\"https:\/\/www.iemj.org\/wp-content\/uploads\/2025\/05\/4.Le-Chateau-de-La-Chapelle-en-Serval_redim.jpg 337w, https:\/\/www.iemj.org\/wp-content\/uploads\/2025\/05\/4.Le-Chateau-de-La-Chapelle-en-Serval_redim-225x300.jpg 225w\" sizes=\"(max-width: 337px) 100vw, 337px\" \/><figcaption class=\"wp-element-caption\"><strong>Il Castello di La Chapelle in Serval<\/strong><\/figcaption><\/figure>\n<\/div><\/div>\n\n\n\n<div class=\"wp-block-column is-vertically-aligned-center is-layout-flow wp-block-column-is-layout-flow\"><div class=\"wp-block-image\">\n<figure class=\"aligncenter size-full\"><img loading=\"lazy\" decoding=\"async\" width=\"337\" height=\"450\" src=\"https:\/\/www.iemj.org\/wp-content\/uploads\/2025\/05\/5.Georges-Halphen-dans-ses-champs_redim.jpg\" alt=\"\" class=\"wp-image-121418\" srcset=\"https:\/\/www.iemj.org\/wp-content\/uploads\/2025\/05\/5.Georges-Halphen-dans-ses-champs_redim.jpg 337w, https:\/\/www.iemj.org\/wp-content\/uploads\/2025\/05\/5.Georges-Halphen-dans-ses-champs_redim-225x300.jpg 225w\" sizes=\"(max-width: 337px) 100vw, 337px\" \/><figcaption class=\"wp-element-caption\"><strong>Georges Halphen nei suoi campi<\/strong><\/figcaption><\/figure>\n<\/div><\/div>\n<\/div>\n\n\n<p>Molto legato al suo villaggio, Georges Halphen \u00e8 stato sindaco di La Chapelle-en-Serval per 35 anni. Svilupp\u00f2 una serie di progetti infrastrutturali, tra cui un complesso scolastico, una scuola secondaria, uno stadio ed alloggi sociali, per i quali don\u00f2 un grande appezzamento di terreno ed un piccolo edificio per creare un ufficio postale. In seguito fece acquistare al Comune una bella casa di Napoleone III, con un grande parco, che divenne il nuovo municipio di La Chapelle-en-Serval, rendendolo uno dei municipi pi\u00f9 belli del Cantone. Presiedette anche la commissione urbanistica per lo Sch\u00e9ma directeur d&#8217;am\u00e9nagement et d&#8217;urbanisme de la Vall\u00e9e de Lisieux.<\/p>\n<p><img loading=\"lazy\" decoding=\"async\" class=\"alignleft  wp-image-121423\" src=\"https:\/\/www.iemj.org\/wp-content\/uploads\/2025\/05\/6.Portrait-de-Fernand-Halphen-enfant-peint-par-Auguste-Renoir-1880-259x300.jpg\" alt=\"\" width=\"198\" height=\"229\" srcset=\"https:\/\/www.iemj.org\/wp-content\/uploads\/2025\/05\/6.Portrait-de-Fernand-Halphen-enfant-peint-par-Auguste-Renoir-1880-259x300.jpg 259w, https:\/\/www.iemj.org\/wp-content\/uploads\/2025\/05\/6.Portrait-de-Fernand-Halphen-enfant-peint-par-Auguste-Renoir-1880.jpg 350w\" sizes=\"(max-width: 198px) 100vw, 198px\" \/><\/p>\n<p>Fin da piccolo Georges \u00e8 stato attratto dall&#8217;arte e dall&#8217;archeologia. Uno dei suoi viaggi lo port\u00f2 a Bali nel 1938, un&#8217;isola meravigliosa con pochi turisti all&#8217;epoca. Viaggi\u00f2 molto in Asia, in particolare in Cambogia, e svilupp\u00f2 una passione per l&#8217;arte della regione. Nel corso degli anni costru\u00ec una notevole collezione di arte asiatica (dalla Cina all&#8217;Egitto), che comprendeva alcuni oggetti molto belli, che don\u00f2 a diversi musei, tra cui il Mus\u00e9e Guimet, il Mus\u00e9e du quai Branly (noto anche come Mus\u00e9e des arts premiers) ed il Mus\u00e9e d&#8217;Orsay, che ricevette un ritratto di suo padre <em>Fernand Halphen enfant<\/em>, (Fernand Halphen da bambino,) dipinto da Renoir.<\/p>\n<p>Affascinato dagli indios peruviani e dalla loro civilt\u00e0, Georges Halphen collezion\u00f2, verso la fine della sua vita, gli abiti di piume ed i costumi mortuari che avvolgevano i morti nelle loro tombe, appannaggio dei re e dell&#8217;\u00e9lite dell&#8217;impero Inca che, secondo le credenze, possedevano poteri mistici. Affascinato dall&#8217;argomento, nel giugno 2003 organizz\u00f2 una mostra alla Maison de l&#8217;Am\u00e9rique latine, alla quale purtroppo non pot\u00e9 partecipare, morendo prima del tempo, il 6 maggio 2023.<\/p>\n\n\n<div class=\"wp-block-columns are-vertically-aligned-center is-layout-flex wp-container-core-columns-is-layout-9d6595d7 wp-block-columns-is-layout-flex\">\n<div class=\"wp-block-column is-vertically-aligned-center is-layout-flow wp-block-column-is-layout-flow\"><div class=\"wp-block-image\">\n<figure class=\"aligncenter size-full\"><img loading=\"lazy\" decoding=\"async\" width=\"458\" height=\"346\" src=\"https:\/\/www.iemj.org\/wp-content\/uploads\/2025\/05\/7.Capture-Tunique-de-plume-detail_coll-Georges-Halphen_Quai-Branly.jpg\" alt=\"\" class=\"wp-image-121428\" srcset=\"https:\/\/www.iemj.org\/wp-content\/uploads\/2025\/05\/7.Capture-Tunique-de-plume-detail_coll-Georges-Halphen_Quai-Branly.jpg 458w, https:\/\/www.iemj.org\/wp-content\/uploads\/2025\/05\/7.Capture-Tunique-de-plume-detail_coll-Georges-Halphen_Quai-Branly-300x227.jpg 300w\" sizes=\"(max-width: 458px) 100vw, 458px\" \/><\/figure>\n<\/div><\/div>\n\n\n\n<div class=\"wp-block-column is-vertically-aligned-center is-layout-flow wp-block-column-is-layout-flow\"><div class=\"wp-block-image\">\n<figure class=\"aligncenter size-full is-resized\"><img loading=\"lazy\" decoding=\"async\" width=\"357\" height=\"501\" src=\"https:\/\/www.iemj.org\/wp-content\/uploads\/2025\/05\/8.Capture-Tete-de-postiche_coll-Georges-Halphen_Quai-Branly.jpg\" alt=\"\" class=\"wp-image-121433\" style=\"width:254px;height:auto\" srcset=\"https:\/\/www.iemj.org\/wp-content\/uploads\/2025\/05\/8.Capture-Tete-de-postiche_coll-Georges-Halphen_Quai-Branly.jpg 357w, https:\/\/www.iemj.org\/wp-content\/uploads\/2025\/05\/8.Capture-Tete-de-postiche_coll-Georges-Halphen_Quai-Branly-214x300.jpg 214w\" sizes=\"(max-width: 357px) 100vw, 357px\" \/><\/figure>\n<\/div><\/div>\n<\/div>\n\n\n<p>Nel novembre 2023, tutte le sue collezioni sono state messe in vendita dalla famosa Casa d&#8217;aste Christie&#8217;s.<\/p>\n<p>Georges Halphen lascia l&#8217;immagine di un uomo appassionato, affascinante e di grande rettitudine morale. Nel 1992, insieme alla sorella Henriette Halphen-Schumann, ha creato la Fondazione Alice e Fernand Halphen, sotto l&#8217;egida della Fondation de France, che per anni ha sostenuto il lavoro di <a href=\"https:\/\/www.iemj.org\/it\/association-yuval\/\" target=\"_blank\" rel=\"noopener\">Yuval, association fran\u00e7aise pour la pr\u00e9servation des traditions musicales juives<\/a>, (un&#8217;associazione francese per la conservazione delle tradizioni musicali ebraiche).<\/p>\n<p><a href=\"https:\/\/www.berthomeau.com\/2016\/08\/exile-dans-les-bois-a-la-chapelle-en-serval-chez-georges-halphen-grand-amateur-de-textiles-precolombiens-exposes-au-musee-des-arts-p\" target=\"_blank\" rel=\"noopener\">Per saperne di pi\u00f9 su Georges Halphen<\/a><\/p><div class=\"speaker-mute footnotes_reference_container\"> <div class=\"footnote_container_prepare\"><p><span role=\"button\" tabindex=\"0\" class=\"footnote_reference_container_label pointer\" onclick=\"footnote_expand_collapse_reference_container_121445_1();\">&#x202F;<\/span><span role=\"button\" tabindex=\"0\" class=\"footnote_reference_container_collapse_button\" style=\"display: none;\" onclick=\"footnote_expand_collapse_reference_container_121445_1();\">[<a id=\"footnote_reference_container_collapse_button_121445_1\">+<\/a>]<\/span><\/p><\/div> <div id=\"footnote_references_container_121445_1\" style=\"\"><table class=\"footnotes_table footnote-reference-container\"><caption class=\"accessibility\">References<\/caption> <tbody> \r\n\r\n<tr class=\"footnotes_plugin_reference_row\"> <th scope=\"row\" class=\"footnote_plugin_index_combi pointer\"  onclick=\"footnote_moveToAnchor_121445_1('footnote_plugin_tooltip_121445_1_1');\"><a id=\"footnote_plugin_reference_121445_1_1\" class=\"footnote_backlink\">1<\/a><\/th> <td class=\"footnote_plugin_text\">Il castello, che originariamente ospitava un teatro, \u00e8 stato venduto all&#8217;inizio degli anni &#8217;90 e ribattezzato \u201cChateau H\u00f4tel Mont Royal\u201d. Attualmente \u00e8 di propriet\u00e0 di una catena di alberghi di lusso<\/td><\/tr>\r\n\r\n<tr class=\"footnotes_plugin_reference_row\"> <th scope=\"row\" class=\"footnote_plugin_index_combi pointer\"  onclick=\"footnote_moveToAnchor_121445_1('footnote_plugin_tooltip_121445_1_2');\"><a id=\"footnote_plugin_reference_121445_1_2\" class=\"footnote_backlink\">2<\/a><\/th> <td class=\"footnote_plugin_text\">Si veda anche la sua biografia su <a href=\"https:\/\/www2.assemblee-nationale.fr\/sycomore\/bio\/(num_dept)\/998\"><span class=\"footnote_url_wrap\">https:\/\/www2.assemblee-nationale.fr\/sycomore\/bio\/(num_dept)\/998<\/span><\/a><\/td><\/tr>\r\n\r\n <\/tbody> <\/table> <\/div><\/div><script type=\"text\/javascript\"> function footnote_expand_reference_container_121445_1() { jQuery('#footnote_references_container_121445_1').show(); jQuery('#footnote_reference_container_collapse_button_121445_1').text('\u2212'); } function footnote_collapse_reference_container_121445_1() { jQuery('#footnote_references_container_121445_1').hide(); jQuery('#footnote_reference_container_collapse_button_121445_1').text('+'); } function footnote_expand_collapse_reference_container_121445_1() { if (jQuery('#footnote_references_container_121445_1').is(':hidden')) { footnote_expand_reference_container_121445_1(); } else { footnote_collapse_reference_container_121445_1(); } } function footnote_moveToReference_121445_1(p_str_TargetID) { footnote_expand_reference_container_121445_1(); var l_obj_Target = jQuery('#' + p_str_TargetID); if (l_obj_Target.length) { jQuery( 'html, body' ).delay( 0 ); jQuery('html, body').animate({ scrollTop: l_obj_Target.offset().top - window.innerHeight * 0.2 }, 380); } } function footnote_moveToAnchor_121445_1(p_str_TargetID) { footnote_expand_reference_container_121445_1(); var l_obj_Target = jQuery('#' + p_str_TargetID); if (l_obj_Target.length) { jQuery( 'html, body' ).delay( 0 ); jQuery('html, body').animate({ scrollTop: l_obj_Target.offset().top - window.innerHeight * 0.2 }, 380); } }<\/script>","protected":false},"excerpt":{"rendered":"<p>Figlio di Fernand Halphen (1872-1917) e di Alice de Koenigswarter (1878-1963), Georges Halphen fu un appassionato collezionista d&#8217;arte pienamente coinvolto nella vita pubblica. Commandeur de la L\u00e9gion d&#8217;Honneur, officier des<\/p>\n","protected":false},"author":5,"featured_media":121392,"comment_status":"closed","ping_status":"closed","sticky":false,"template":"","format":"standard","meta":{"_acf_changed":false,"footnotes":""},"categories":[1416],"tags":[],"technique":[],"squelettes":[],"sujet":[],"formation":[],"genre":[],"fonds":[],"tradition":[],"type-de-contenu":[],"interprete-compositeur":[],"frise":[],"type-devenement":[],"tableaux-liens-externes":[],"class_list":["post-121445","post","type-post","status-publish","format-standard","has-post-thumbnail","hentry","category-biografie-it"],"acf":[],"yoast_head":"<!-- This site is optimized with the Yoast SEO plugin v27.3 - https:\/\/yoast.com\/product\/yoast-seo-wordpress\/ -->\n<title>Halphen, Georges (1913-2003) - Institut Europ\u00e9en des Musiques Juives<\/title>\n<meta name=\"robots\" content=\"index, follow, max-snippet:-1, max-image-preview:large, max-video-preview:-1\" \/>\n<link rel=\"canonical\" href=\"https:\/\/www.iemj.org\/it\/halphen-georges-1913-2003\/\" \/>\n<meta property=\"og:locale\" content=\"it_IT\" \/>\n<meta property=\"og:type\" content=\"article\" \/>\n<meta property=\"og:title\" content=\"Halphen, Georges (1913-2003) - Institut Europ\u00e9en des Musiques Juives\" \/>\n<meta property=\"og:description\" content=\"Figlio di Fernand Halphen (1872-1917) e di Alice de Koenigswarter (1878-1963), Georges Halphen fu un appassionato collezionista d&#8217;arte pienamente coinvolto nella vita pubblica. Commandeur de la L\u00e9gion d&#8217;Honneur, officier des\" \/>\n<meta property=\"og:url\" content=\"https:\/\/www.iemj.org\/it\/halphen-georges-1913-2003\/\" \/>\n<meta property=\"og:site_name\" content=\"Institut Europ\u00e9en des Musiques Juives\" \/>\n<meta property=\"article:publisher\" content=\"https:\/\/www.facebook.com\/MusiquesJuives\/\" \/>\n<meta property=\"article:published_time\" content=\"2025-05-28T15:27:21+00:00\" \/>\n<meta property=\"article:modified_time\" content=\"2025-06-03T11:29:39+00:00\" \/>\n<meta property=\"og:image\" content=\"https:\/\/www.iemj.org\/wp-content\/uploads\/2025\/05\/Logo-Bio-Georges-Halphen.jpg\" \/>\n\t<meta property=\"og:image:width\" content=\"181\" \/>\n\t<meta property=\"og:image:height\" content=\"218\" \/>\n\t<meta property=\"og:image:type\" content=\"image\/jpeg\" \/>\n<meta name=\"author\" content=\"Jacqueline ROTEN\" \/>\n<meta name=\"twitter:card\" content=\"summary_large_image\" \/>\n<meta name=\"twitter:label1\" content=\"Scritto da\" \/>\n\t<meta name=\"twitter:data1\" content=\"Jacqueline ROTEN\" \/>\n\t<meta name=\"twitter:label2\" content=\"Tempo di lettura stimato\" \/>\n\t<meta name=\"twitter:data2\" content=\"6 minuti\" \/>\n<script type=\"application\/ld+json\" class=\"yoast-schema-graph\">{\"@context\":\"https:\\\/\\\/schema.org\",\"@graph\":[{\"@type\":\"Article\",\"@id\":\"https:\\\/\\\/www.iemj.org\\\/it\\\/halphen-georges-1913-2003\\\/#article\",\"isPartOf\":{\"@id\":\"https:\\\/\\\/www.iemj.org\\\/it\\\/halphen-georges-1913-2003\\\/\"},\"author\":{\"name\":\"Jacqueline ROTEN\",\"@id\":\"https:\\\/\\\/www.iemj.org\\\/it\\\/#\\\/schema\\\/person\\\/358e26c18aca017fcc4cc15437f7279c\"},\"headline\":\"Halphen, Georges (1913-2003)\",\"datePublished\":\"2025-05-28T15:27:21+00:00\",\"dateModified\":\"2025-06-03T11:29:39+00:00\",\"mainEntityOfPage\":{\"@id\":\"https:\\\/\\\/www.iemj.org\\\/it\\\/halphen-georges-1913-2003\\\/\"},\"wordCount\":817,\"publisher\":{\"@id\":\"https:\\\/\\\/www.iemj.org\\\/it\\\/#organization\"},\"image\":{\"@id\":\"https:\\\/\\\/www.iemj.org\\\/it\\\/halphen-georges-1913-2003\\\/#primaryimage\"},\"thumbnailUrl\":\"https:\\\/\\\/www.iemj.org\\\/wp-content\\\/uploads\\\/2025\\\/05\\\/Logo-Bio-Georges-Halphen.jpg\",\"articleSection\":[\"Biografie\"],\"inLanguage\":\"it-IT\"},{\"@type\":\"WebPage\",\"@id\":\"https:\\\/\\\/www.iemj.org\\\/it\\\/halphen-georges-1913-2003\\\/\",\"url\":\"https:\\\/\\\/www.iemj.org\\\/it\\\/halphen-georges-1913-2003\\\/\",\"name\":\"Halphen, Georges (1913-2003) - Institut Europ\u00e9en des Musiques Juives\",\"isPartOf\":{\"@id\":\"https:\\\/\\\/www.iemj.org\\\/it\\\/#website\"},\"primaryImageOfPage\":{\"@id\":\"https:\\\/\\\/www.iemj.org\\\/it\\\/halphen-georges-1913-2003\\\/#primaryimage\"},\"image\":{\"@id\":\"https:\\\/\\\/www.iemj.org\\\/it\\\/halphen-georges-1913-2003\\\/#primaryimage\"},\"thumbnailUrl\":\"https:\\\/\\\/www.iemj.org\\\/wp-content\\\/uploads\\\/2025\\\/05\\\/Logo-Bio-Georges-Halphen.jpg\",\"datePublished\":\"2025-05-28T15:27:21+00:00\",\"dateModified\":\"2025-06-03T11:29:39+00:00\",\"breadcrumb\":{\"@id\":\"https:\\\/\\\/www.iemj.org\\\/it\\\/halphen-georges-1913-2003\\\/#breadcrumb\"},\"inLanguage\":\"it-IT\",\"potentialAction\":[{\"@type\":\"ReadAction\",\"target\":[\"https:\\\/\\\/www.iemj.org\\\/it\\\/halphen-georges-1913-2003\\\/\"]}]},{\"@type\":\"ImageObject\",\"inLanguage\":\"it-IT\",\"@id\":\"https:\\\/\\\/www.iemj.org\\\/it\\\/halphen-georges-1913-2003\\\/#primaryimage\",\"url\":\"https:\\\/\\\/www.iemj.org\\\/wp-content\\\/uploads\\\/2025\\\/05\\\/Logo-Bio-Georges-Halphen.jpg\",\"contentUrl\":\"https:\\\/\\\/www.iemj.org\\\/wp-content\\\/uploads\\\/2025\\\/05\\\/Logo-Bio-Georges-Halphen.jpg\",\"width\":181,\"height\":218},{\"@type\":\"BreadcrumbList\",\"@id\":\"https:\\\/\\\/www.iemj.org\\\/it\\\/halphen-georges-1913-2003\\\/#breadcrumb\",\"itemListElement\":[{\"@type\":\"ListItem\",\"position\":1,\"name\":\"Accueil\",\"item\":\"https:\\\/\\\/www.iemj.org\\\/it\\\/\"},{\"@type\":\"ListItem\",\"position\":2,\"name\":\"Halphen, Georges (1913-2003)\"}]},{\"@type\":\"WebSite\",\"@id\":\"https:\\\/\\\/www.iemj.org\\\/it\\\/#website\",\"url\":\"https:\\\/\\\/www.iemj.org\\\/it\\\/\",\"name\":\"Institut Europ\u00e9en des Musiques Juives\",\"description\":\"Des traditions musicales \u00e0 la port\u00e9e de tous\",\"publisher\":{\"@id\":\"https:\\\/\\\/www.iemj.org\\\/it\\\/#organization\"},\"potentialAction\":[{\"@type\":\"SearchAction\",\"target\":{\"@type\":\"EntryPoint\",\"urlTemplate\":\"https:\\\/\\\/www.iemj.org\\\/it\\\/?s={search_term_string}\"},\"query-input\":{\"@type\":\"PropertyValueSpecification\",\"valueRequired\":true,\"valueName\":\"search_term_string\"}}],\"inLanguage\":\"it-IT\"},{\"@type\":\"Organization\",\"@id\":\"https:\\\/\\\/www.iemj.org\\\/it\\\/#organization\",\"name\":\"Institut Europ\u00e9en des Musiques Juives\",\"url\":\"https:\\\/\\\/www.iemj.org\\\/it\\\/\",\"logo\":{\"@type\":\"ImageObject\",\"inLanguage\":\"it-IT\",\"@id\":\"https:\\\/\\\/www.iemj.org\\\/it\\\/#\\\/schema\\\/logo\\\/image\\\/\",\"url\":\"https:\\\/\\\/www.iemj.org\\\/wp-content\\\/uploads\\\/2021\\\/09\\\/Logo-IEMJ-Paypal.jpg\",\"contentUrl\":\"https:\\\/\\\/www.iemj.org\\\/wp-content\\\/uploads\\\/2021\\\/09\\\/Logo-IEMJ-Paypal.jpg\",\"width\":150,\"height\":50,\"caption\":\"Institut Europ\u00e9en des Musiques Juives\"},\"image\":{\"@id\":\"https:\\\/\\\/www.iemj.org\\\/it\\\/#\\\/schema\\\/logo\\\/image\\\/\"},\"sameAs\":[\"https:\\\/\\\/www.facebook.com\\\/MusiquesJuives\\\/\",\"https:\\\/\\\/www.instagram.com\\\/musiquesjuives\\\/\",\"https:\\\/\\\/www.youtube.com\\\/user\\\/musiquesjuives\"]},{\"@type\":\"Person\",\"@id\":\"https:\\\/\\\/www.iemj.org\\\/it\\\/#\\\/schema\\\/person\\\/358e26c18aca017fcc4cc15437f7279c\",\"name\":\"Jacqueline ROTEN\",\"image\":{\"@type\":\"ImageObject\",\"inLanguage\":\"it-IT\",\"@id\":\"https:\\\/\\\/secure.gravatar.com\\\/avatar\\\/5964256d6c6957de3a3505278957e0fb2a35119ac47ea41827a65301213c810b?s=96&d=mm&r=g\",\"url\":\"https:\\\/\\\/secure.gravatar.com\\\/avatar\\\/5964256d6c6957de3a3505278957e0fb2a35119ac47ea41827a65301213c810b?s=96&d=mm&r=g\",\"contentUrl\":\"https:\\\/\\\/secure.gravatar.com\\\/avatar\\\/5964256d6c6957de3a3505278957e0fb2a35119ac47ea41827a65301213c810b?s=96&d=mm&r=g\",\"caption\":\"Jacqueline ROTEN\"}}]}<\/script>\n<!-- \/ Yoast SEO plugin. -->","yoast_head_json":{"title":"Halphen, Georges (1913-2003) - Institut Europ\u00e9en des Musiques Juives","robots":{"index":"index","follow":"follow","max-snippet":"max-snippet:-1","max-image-preview":"max-image-preview:large","max-video-preview":"max-video-preview:-1"},"canonical":"https:\/\/www.iemj.org\/it\/halphen-georges-1913-2003\/","og_locale":"it_IT","og_type":"article","og_title":"Halphen, Georges (1913-2003) - Institut Europ\u00e9en des Musiques Juives","og_description":"Figlio di Fernand Halphen (1872-1917) e di Alice de Koenigswarter (1878-1963), Georges Halphen fu un appassionato collezionista d&#8217;arte pienamente coinvolto nella vita pubblica. Commandeur de la L\u00e9gion d&#8217;Honneur, officier des","og_url":"https:\/\/www.iemj.org\/it\/halphen-georges-1913-2003\/","og_site_name":"Institut Europ\u00e9en des Musiques Juives","article_publisher":"https:\/\/www.facebook.com\/MusiquesJuives\/","article_published_time":"2025-05-28T15:27:21+00:00","article_modified_time":"2025-06-03T11:29:39+00:00","og_image":[{"width":181,"height":218,"url":"https:\/\/www.iemj.org\/wp-content\/uploads\/2025\/05\/Logo-Bio-Georges-Halphen.jpg","type":"image\/jpeg"}],"author":"Jacqueline ROTEN","twitter_card":"summary_large_image","twitter_misc":{"Scritto da":"Jacqueline ROTEN","Tempo di lettura stimato":"6 minuti"},"schema":{"@context":"https:\/\/schema.org","@graph":[{"@type":"Article","@id":"https:\/\/www.iemj.org\/it\/halphen-georges-1913-2003\/#article","isPartOf":{"@id":"https:\/\/www.iemj.org\/it\/halphen-georges-1913-2003\/"},"author":{"name":"Jacqueline ROTEN","@id":"https:\/\/www.iemj.org\/it\/#\/schema\/person\/358e26c18aca017fcc4cc15437f7279c"},"headline":"Halphen, Georges (1913-2003)","datePublished":"2025-05-28T15:27:21+00:00","dateModified":"2025-06-03T11:29:39+00:00","mainEntityOfPage":{"@id":"https:\/\/www.iemj.org\/it\/halphen-georges-1913-2003\/"},"wordCount":817,"publisher":{"@id":"https:\/\/www.iemj.org\/it\/#organization"},"image":{"@id":"https:\/\/www.iemj.org\/it\/halphen-georges-1913-2003\/#primaryimage"},"thumbnailUrl":"https:\/\/www.iemj.org\/wp-content\/uploads\/2025\/05\/Logo-Bio-Georges-Halphen.jpg","articleSection":["Biografie"],"inLanguage":"it-IT"},{"@type":"WebPage","@id":"https:\/\/www.iemj.org\/it\/halphen-georges-1913-2003\/","url":"https:\/\/www.iemj.org\/it\/halphen-georges-1913-2003\/","name":"Halphen, Georges (1913-2003) - Institut Europ\u00e9en des Musiques Juives","isPartOf":{"@id":"https:\/\/www.iemj.org\/it\/#website"},"primaryImageOfPage":{"@id":"https:\/\/www.iemj.org\/it\/halphen-georges-1913-2003\/#primaryimage"},"image":{"@id":"https:\/\/www.iemj.org\/it\/halphen-georges-1913-2003\/#primaryimage"},"thumbnailUrl":"https:\/\/www.iemj.org\/wp-content\/uploads\/2025\/05\/Logo-Bio-Georges-Halphen.jpg","datePublished":"2025-05-28T15:27:21+00:00","dateModified":"2025-06-03T11:29:39+00:00","breadcrumb":{"@id":"https:\/\/www.iemj.org\/it\/halphen-georges-1913-2003\/#breadcrumb"},"inLanguage":"it-IT","potentialAction":[{"@type":"ReadAction","target":["https:\/\/www.iemj.org\/it\/halphen-georges-1913-2003\/"]}]},{"@type":"ImageObject","inLanguage":"it-IT","@id":"https:\/\/www.iemj.org\/it\/halphen-georges-1913-2003\/#primaryimage","url":"https:\/\/www.iemj.org\/wp-content\/uploads\/2025\/05\/Logo-Bio-Georges-Halphen.jpg","contentUrl":"https:\/\/www.iemj.org\/wp-content\/uploads\/2025\/05\/Logo-Bio-Georges-Halphen.jpg","width":181,"height":218},{"@type":"BreadcrumbList","@id":"https:\/\/www.iemj.org\/it\/halphen-georges-1913-2003\/#breadcrumb","itemListElement":[{"@type":"ListItem","position":1,"name":"Accueil","item":"https:\/\/www.iemj.org\/it\/"},{"@type":"ListItem","position":2,"name":"Halphen, Georges (1913-2003)"}]},{"@type":"WebSite","@id":"https:\/\/www.iemj.org\/it\/#website","url":"https:\/\/www.iemj.org\/it\/","name":"Institut Europ\u00e9en des Musiques Juives","description":"Des traditions musicales \u00e0 la port\u00e9e de tous","publisher":{"@id":"https:\/\/www.iemj.org\/it\/#organization"},"potentialAction":[{"@type":"SearchAction","target":{"@type":"EntryPoint","urlTemplate":"https:\/\/www.iemj.org\/it\/?s={search_term_string}"},"query-input":{"@type":"PropertyValueSpecification","valueRequired":true,"valueName":"search_term_string"}}],"inLanguage":"it-IT"},{"@type":"Organization","@id":"https:\/\/www.iemj.org\/it\/#organization","name":"Institut Europ\u00e9en des Musiques Juives","url":"https:\/\/www.iemj.org\/it\/","logo":{"@type":"ImageObject","inLanguage":"it-IT","@id":"https:\/\/www.iemj.org\/it\/#\/schema\/logo\/image\/","url":"https:\/\/www.iemj.org\/wp-content\/uploads\/2021\/09\/Logo-IEMJ-Paypal.jpg","contentUrl":"https:\/\/www.iemj.org\/wp-content\/uploads\/2021\/09\/Logo-IEMJ-Paypal.jpg","width":150,"height":50,"caption":"Institut Europ\u00e9en des Musiques Juives"},"image":{"@id":"https:\/\/www.iemj.org\/it\/#\/schema\/logo\/image\/"},"sameAs":["https:\/\/www.facebook.com\/MusiquesJuives\/","https:\/\/www.instagram.com\/musiquesjuives\/","https:\/\/www.youtube.com\/user\/musiquesjuives"]},{"@type":"Person","@id":"https:\/\/www.iemj.org\/it\/#\/schema\/person\/358e26c18aca017fcc4cc15437f7279c","name":"Jacqueline ROTEN","image":{"@type":"ImageObject","inLanguage":"it-IT","@id":"https:\/\/secure.gravatar.com\/avatar\/5964256d6c6957de3a3505278957e0fb2a35119ac47ea41827a65301213c810b?s=96&d=mm&r=g","url":"https:\/\/secure.gravatar.com\/avatar\/5964256d6c6957de3a3505278957e0fb2a35119ac47ea41827a65301213c810b?s=96&d=mm&r=g","contentUrl":"https:\/\/secure.gravatar.com\/avatar\/5964256d6c6957de3a3505278957e0fb2a35119ac47ea41827a65301213c810b?s=96&d=mm&r=g","caption":"Jacqueline ROTEN"}}]}},"_links":{"self":[{"href":"https:\/\/www.iemj.org\/it\/wp-json\/wp\/v2\/posts\/121445","targetHints":{"allow":["GET"]}}],"collection":[{"href":"https:\/\/www.iemj.org\/it\/wp-json\/wp\/v2\/posts"}],"about":[{"href":"https:\/\/www.iemj.org\/it\/wp-json\/wp\/v2\/types\/post"}],"author":[{"embeddable":true,"href":"https:\/\/www.iemj.org\/it\/wp-json\/wp\/v2\/users\/5"}],"replies":[{"embeddable":true,"href":"https:\/\/www.iemj.org\/it\/wp-json\/wp\/v2\/comments?post=121445"}],"version-history":[{"count":0,"href":"https:\/\/www.iemj.org\/it\/wp-json\/wp\/v2\/posts\/121445\/revisions"}],"wp:featuredmedia":[{"embeddable":true,"href":"https:\/\/www.iemj.org\/it\/wp-json\/wp\/v2\/media\/121392"}],"wp:attachment":[{"href":"https:\/\/www.iemj.org\/it\/wp-json\/wp\/v2\/media?parent=121445"}],"wp:term":[{"taxonomy":"category","embeddable":true,"href":"https:\/\/www.iemj.org\/it\/wp-json\/wp\/v2\/categories?post=121445"},{"taxonomy":"post_tag","embeddable":true,"href":"https:\/\/www.iemj.org\/it\/wp-json\/wp\/v2\/tags?post=121445"},{"taxonomy":"technique","embeddable":true,"href":"https:\/\/www.iemj.org\/it\/wp-json\/wp\/v2\/technique?post=121445"},{"taxonomy":"squelettes","embeddable":true,"href":"https:\/\/www.iemj.org\/it\/wp-json\/wp\/v2\/squelettes?post=121445"},{"taxonomy":"sujet","embeddable":true,"href":"https:\/\/www.iemj.org\/it\/wp-json\/wp\/v2\/sujet?post=121445"},{"taxonomy":"formation","embeddable":true,"href":"https:\/\/www.iemj.org\/it\/wp-json\/wp\/v2\/formation?post=121445"},{"taxonomy":"genre","embeddable":true,"href":"https:\/\/www.iemj.org\/it\/wp-json\/wp\/v2\/genre?post=121445"},{"taxonomy":"fonds","embeddable":true,"href":"https:\/\/www.iemj.org\/it\/wp-json\/wp\/v2\/fonds?post=121445"},{"taxonomy":"tradition","embeddable":true,"href":"https:\/\/www.iemj.org\/it\/wp-json\/wp\/v2\/tradition?post=121445"},{"taxonomy":"type-de-contenu","embeddable":true,"href":"https:\/\/www.iemj.org\/it\/wp-json\/wp\/v2\/type-de-contenu?post=121445"},{"taxonomy":"interprete-compositeur","embeddable":true,"href":"https:\/\/www.iemj.org\/it\/wp-json\/wp\/v2\/interprete-compositeur?post=121445"},{"taxonomy":"frise","embeddable":true,"href":"https:\/\/www.iemj.org\/it\/wp-json\/wp\/v2\/frise?post=121445"},{"taxonomy":"type-devenement","embeddable":true,"href":"https:\/\/www.iemj.org\/it\/wp-json\/wp\/v2\/type-devenement?post=121445"},{"taxonomy":"tableaux-liens-externes","embeddable":true,"href":"https:\/\/www.iemj.org\/it\/wp-json\/wp\/v2\/tableaux-liens-externes?post=121445"}],"curies":[{"name":"wp","href":"https:\/\/api.w.org\/{rel}","templated":true}]}}