{"id":122311,"date":"2025-06-23T11:17:10","date_gmt":"2025-06-23T09:17:10","guid":{"rendered":"https:\/\/www.iemj.org\/festival-europeen-des-chorales-juives\/"},"modified":"2025-06-24T10:33:02","modified_gmt":"2025-06-24T08:33:02","slug":"festival-europeen-des-chorales-juives","status":"publish","type":"post","link":"https:\/\/www.iemj.org\/it\/festival-europeen-des-chorales-juives\/","title":{"rendered":"Festival Europeo dei Cori Ebraici"},"content":{"rendered":"<p>Dopo nove edizioni in altre capitali, Parigi ospita per la prima volta il Festival europeo dei cori ebraici. <strong>Nove tra i migliori ensemble vocali<\/strong> hanno accettato l&#8217;invito dell&#8217;<a href=\"https:\/\/www.euajc.org\/\" target=\"_blank\" rel=\"noopener\">Associazione Europea dei Cori Ebraici (EUAJC)<\/a> per portare un ricco repertorio ad un ampio pubblico, ebraico e non.<\/p>\n<p><strong>Sei concerti gratuiti (<a href=\"https:\/\/www.billetweb.fr\/pro\/feucjp2025\" target=\"_blank\" rel=\"noopener\">prenotazione obbligatoria<\/a>)<\/strong> vi offriranno un mix eclettico di compositori, periodi, lingue e stili: dagli spartiti rinascimentali alle opere contemporanee; dalla musica sacra alle canzoni yiddish, klezmer od in ladino&#8230;<\/p>\n<p>Questi brani, serviti con passione ed emozione da nove cori, saranno diretti da direttori professionisti di alto livello. <a href=\"https:\/\/www.iemj.org\/it\/daniel-itai-1967\/\" target=\"_blank\" rel=\"noopener\">Ita\u00ef Daniel<\/a>, direttore artistico di questa edizione francese, la mette all&#8217;insegna di \u201cSHALOM\u201d, la parola ebraica che significa accoglienza e pace.<\/p>\n<p>Il grande concerto di gala si terr\u00e0 alla Salle Gaveau, nell&#8217;8\u00b0 arrondissement di Parigi, dalle 14.30 alle 18.00, e riunir\u00e0 i 9 cori con oltre 230 coristi provenienti da Parigi, Lipsia, Londra, Roma, Strasburgo, Vienna, oltre che da Philadelphia, Tel Aviv e Lviv.<\/p>\n<p>Uniranno le loro voci per cantare la speranza e la pace&#8230;<\/p>\n\n\n<div class=\"wp-block-columns is-layout-flex wp-container-core-columns-is-layout-9d6595d7 wp-block-columns-is-layout-flex\">\n<div class=\"wp-block-column is-layout-flow wp-block-column-is-layout-flow\" style=\"flex-basis:33%\">\n<h2 class=\"wp-block-heading has-text-align-center\"><strong>I cori:<\/strong><\/h2>\n\n\n\n<ul class=\"wp-block-list\">\n<li><strong>Coro Ha-Kol, Rom<\/strong>a<\/li>\n\n\n\n<li><strong>Ensemble Choral Copernic, Pari<\/strong>gi<\/li>\n\n\n\n<li><strong>Ensemble Soularon, Tel Aviv<\/strong><\/li>\n\n\n\n<li><strong>Leipziger Synagogalchor, Lipsia<\/strong><\/li>\n\n\n\n<li><strong>Les Polyphonies H\u00e9bra\u00efques de Strasbourg<\/strong><\/li>\n\n\n\n<li><strong>Nashirah, Philadelphia<\/strong><\/li>\n\n\n\n<li><strong>Shtrudl-Band, Lviv<\/strong><\/li>\n\n\n\n<li><strong>Wiener J\u00fcdischer Chor, Vienna<\/strong><\/li>\n\n\n\n<li><strong>Zemel Choir, Londra<\/strong><\/li>\n<\/ul>\n<\/div>\n\n\n\n<div class=\"wp-block-column is-layout-flow wp-block-column-is-layout-flow\" style=\"flex-basis:55%\">\n<h2 style=\"text-align: center;\"><strong>I concerti:<\/strong><\/h2>\n<ul>\n<li><a href=\"https:\/\/www.iemj.org\/evenement\/concert-dans-le-cadre-du-festival-europeen-des-chorales-juives\/\" target=\"_blank\" rel=\"noopener\"><strong>Concerto gioved\u00ec 03\/07\/2025 \u2013 Mairie Paris 15e \u2013 dalle 18 alle 20<\/strong><\/a><\/li>\n<li><a href=\"https:\/\/www.iemj.org\/evenement\/concert-dans-le-cadre-du-festival-europeen-des-chorales-juives-4\/\" target=\"_blank\" rel=\"noopener\"><strong>Concerto gioved\u00ec 03\/07\/2025 \u2013 Mairie Paris Centre \u2013 dalle 18 alle 20<\/strong><\/a><\/li>\n<li><a href=\"https:\/\/www.iemj.org\/evenement\/concert-dans-le-cadre-du-festival-europeen-des-chorales-juives-3\/\" target=\"_blank\" rel=\"noopener\"><strong>Concerto gioved\u00ec 03\/07\/2025 \u2013\u00a0 Mairie Paris 16e \u2013 dalle 18 alle 20<\/strong><\/a><\/li>\n<li><a href=\"https:\/\/www.iemj.org\/evenement\/concert-dans-le-cadre-du-festival-europeen-des-chorales-juives-2\/\" target=\"_blank\" rel=\"noopener\"><strong>Concerto venerd\u00ec 04\/07\/2025 \u2013<\/strong> <strong>Chiesa Americana di Parigi &#8211; dalle 16h alle 18h<\/strong><\/a><\/li>\n<li><a href=\"https:\/\/www.iemj.org\/evenement\/concert-du-festival-europeen-des-chorales-juives\/\" target=\"_blank\" rel=\"noopener\"><strong>Concerto venerd\u00ec 04\/07\/2025 \u2013 Mairie Paris 15e \u2013 dalle 16h alle 18h<\/strong><\/a><\/li>\n<li><a href=\"https:\/\/www.iemj.org\/evenement\/concert-du-festival-europeen-des-chorales-juives-2\/\" target=\"_blank\" rel=\"noopener\"><strong>Concerto venerd\u00ec 04\/07\/2025 \u2013 Synagoga Copernic \u2013 dalle 15h30 alle 17h30<\/strong><\/a><\/li>\n<li>\n<h3><a href=\"https:\/\/www.iemj.org\/evenement\/concert-de-gala-du-festival-europeen-des-chorales-juives\/\" target=\"_blank\" rel=\"noopener\"><strong>Concerto di gala del Festival Europeo dei Cori Ebraici &#8211; Salle Gaveau &#8211; dalle 14h30 alle 17h45<\/strong><\/a><\/h3>\n<\/li>\n<\/ul>\n<\/div>\n<\/div>\n\n\n\n<div style=\"height:8px\" aria-hidden=\"true\" class=\"wp-block-spacer\"><\/div>\n\n\n\n<div class=\"wp-block-buttons is-content-justification-center is-layout-flex wp-container-core-buttons-is-layout-16018d1d wp-block-buttons-is-layout-flex\">\n<div class=\"wp-block-button\"><a class=\"wp-block-button__link has-white-color has-text-color has-background has-link-color wp-element-button\" href=\"https:\/\/www.billetweb.fr\/pro\/feucjp2025\" style=\"background-color:#3c4b98\" target=\"_blank\" rel=\"noreferrer noopener\"><strong>Prenotazioni online<\/strong><\/a><\/div>\n\n\n\n<div class=\"wp-block-button\"><a class=\"wp-block-button__link has-white-color has-text-color has-background has-link-color wp-element-button\" href=\"https:\/\/www.iemj.org\/wp-content\/uploads\/2025\/06\/Programme-Festival-Europeen-Chorales-Juives-Paris-2025.pdf\" style=\"background-color:#3c4b98\" target=\"_blank\" rel=\"noreferrer noopener\"><strong>Scaricare il programma del Festival Europeo dei Cori Ebraici Parigi 2025<\/strong><\/a><\/div>\n<\/div>\n\n\n\n<div style=\"height:8px\" aria-hidden=\"true\" class=\"wp-block-spacer\"><\/div>\n\n\n\n<div class=\"wp-block-columns is-layout-flex wp-container-core-columns-is-layout-9d6595d7 wp-block-columns-is-layout-flex\">\n<div class=\"wp-block-column is-vertically-aligned-center is-layout-flow wp-block-column-is-layout-flow\" style=\"flex-basis:66.66%\">\n<div class=\"wp-block-buttons is-content-justification-center is-layout-flex wp-container-core-buttons-is-layout-16018d1d wp-block-buttons-is-layout-flex\">\n<div class=\"wp-block-button\"><a class=\"wp-block-button__link has-white-color has-text-color has-background has-link-color wp-element-button\" href=\"https:\/\/www.recithall.com\/events\/598\" style=\"background-color:#3c4b98\" target=\"_blank\" rel=\"noreferrer noopener\"><strong>Prenotazione Streaming e Replay<\/strong><\/a><\/div>\n<\/div>\n<\/div>\n\n\n\n<div class=\"wp-block-column is-layout-flow wp-block-column-is-layout-flow\" style=\"flex-basis:33.33%\"><div class=\"wp-block-image\">\n<figure class=\"aligncenter size-full\"><img decoding=\"async\" width=\"163\" height=\"164\" src=\"https:\/\/www.iemj.org\/wp-content\/uploads\/2025\/06\/QrCode.jpg\" alt=\"\" class=\"wp-image-122222\" srcset=\"https:\/\/www.iemj.org\/wp-content\/uploads\/2025\/06\/QrCode.jpg 163w, https:\/\/www.iemj.org\/wp-content\/uploads\/2025\/06\/QrCode-150x150.jpg 150w, https:\/\/www.iemj.org\/wp-content\/uploads\/2025\/06\/QrCode-100x100.jpg 100w\" sizes=\"(max-width: 163px) 100vw, 163px\" \/><\/figure>\n<\/div><\/div>\n<\/div>\n\n\n\n<div style=\"height:8px\" aria-hidden=\"true\" class=\"wp-block-spacer\"><\/div>\n\n\n\n<div style=\"height:8px\" aria-hidden=\"true\" class=\"wp-block-spacer\"><\/div>\n\n\n<div class=\"wp-block-image\">\n<figure class=\"aligncenter size-full\"><img fetchpriority=\"high\" decoding=\"async\" width=\"958\" height=\"78\" src=\"https:\/\/www.iemj.org\/wp-content\/uploads\/2025\/06\/Logos-partenaires.jpg\" alt=\"\" class=\"wp-image-122227\" srcset=\"https:\/\/www.iemj.org\/wp-content\/uploads\/2025\/06\/Logos-partenaires.jpg 958w, https:\/\/www.iemj.org\/wp-content\/uploads\/2025\/06\/Logos-partenaires-300x24.jpg 300w, https:\/\/www.iemj.org\/wp-content\/uploads\/2025\/06\/Logos-partenaires-768x63.jpg 768w, https:\/\/www.iemj.org\/wp-content\/uploads\/2025\/06\/Logos-partenaires-600x49.jpg 600w\" sizes=\"(max-width: 958px) 100vw, 958px\" \/><\/figure>\n<\/div>\n\n\n<div style=\"height:8px\" aria-hidden=\"true\" class=\"wp-block-spacer\"><\/div>\n\n\n\n<div class=\"wp-block-columns are-vertically-aligned-center is-layout-flex wp-container-core-columns-is-layout-9d6595d7 wp-block-columns-is-layout-flex\">\n<div class=\"wp-block-column is-vertically-aligned-center is-layout-flow wp-block-column-is-layout-flow\" style=\"flex-basis:100%\">\n<figure class=\"wp-block-embed is-type-video is-provider-youtube wp-block-embed-youtube wp-embed-aspect-16-9 wp-has-aspect-ratio\"><div class=\"wp-block-embed__wrapper\">\n<iframe title=\"Festival Europ\u00e9en des Chorales Juives - Teaser\" width=\"640\" height=\"360\" src=\"https:\/\/www.youtube.com\/embed\/ZRVOcWGCXVc?feature=oembed\" frameborder=\"0\" allow=\"accelerometer; autoplay; clipboard-write; encrypted-media; gyroscope; picture-in-picture; web-share\" referrerpolicy=\"strict-origin-when-cross-origin\" allowfullscreen><\/iframe>\n<\/div><\/figure>\n<\/div>\n<\/div>\n","protected":false},"excerpt":{"rendered":"<p>Dopo nove edizioni in altre capitali, Parigi ospita per la prima volta il Festival europeo dei cori ebraici. Nove tra i migliori ensemble vocali hanno accettato l&#8217;invito dell&#8217;Associazione Europea dei<\/p>\n","protected":false},"author":5,"featured_media":122144,"comment_status":"closed","ping_status":"closed","sticky":false,"template":"","format":"standard","meta":{"_acf_changed":false,"footnotes":""},"categories":[1379,1371],"tags":[],"technique":[],"squelettes":[],"sujet":[],"formation":[],"genre":[],"fonds":[],"tradition":[],"type-de-contenu":[],"interprete-compositeur":[],"frise":[],"type-devenement":[],"tableaux-liens-externes":[],"class_list":["post-122311","post","type-post","status-publish","format-standard","has-post-thumbnail","hentry","category-concerti-manifestazioni-it","category-manifestazioni-it"],"acf":[],"yoast_head":"<!-- This site is optimized with the Yoast SEO plugin v27.3 - https:\/\/yoast.com\/product\/yoast-seo-wordpress\/ -->\n<title>Festival Europeo dei Cori Ebraici - Institut Europ\u00e9en des Musiques Juives<\/title>\n<meta name=\"robots\" content=\"index, follow, max-snippet:-1, max-image-preview:large, max-video-preview:-1\" \/>\n<link rel=\"canonical\" href=\"https:\/\/www.iemj.org\/it\/festival-europeen-des-chorales-juives\/\" \/>\n<meta property=\"og:locale\" content=\"it_IT\" \/>\n<meta property=\"og:type\" content=\"article\" \/>\n<meta property=\"og:title\" content=\"Festival Europeo dei Cori Ebraici - Institut Europ\u00e9en des Musiques Juives\" \/>\n<meta property=\"og:description\" content=\"Dopo nove edizioni in altre capitali, Parigi ospita per la prima volta il Festival europeo dei cori ebraici. Nove tra i migliori ensemble vocali hanno accettato l&#8217;invito dell&#8217;Associazione Europea dei\" \/>\n<meta property=\"og:url\" content=\"https:\/\/www.iemj.org\/it\/festival-europeen-des-chorales-juives\/\" \/>\n<meta property=\"og:site_name\" content=\"Institut Europ\u00e9en des Musiques Juives\" \/>\n<meta property=\"article:publisher\" content=\"https:\/\/www.facebook.com\/MusiquesJuives\/\" \/>\n<meta property=\"article:published_time\" content=\"2025-06-23T09:17:10+00:00\" \/>\n<meta property=\"article:modified_time\" content=\"2025-06-24T08:33:02+00:00\" \/>\n<meta property=\"og:image\" content=\"https:\/\/www.iemj.org\/wp-content\/uploads\/2025\/06\/Festival-Europ-chorales-J.jpg\" \/>\n\t<meta property=\"og:image:width\" content=\"418\" \/>\n\t<meta property=\"og:image:height\" content=\"583\" \/>\n\t<meta property=\"og:image:type\" content=\"image\/jpeg\" \/>\n<meta name=\"author\" content=\"Jacqueline ROTEN\" \/>\n<meta name=\"twitter:card\" content=\"summary_large_image\" \/>\n<meta name=\"twitter:label1\" content=\"Scritto da\" \/>\n\t<meta name=\"twitter:data1\" content=\"Jacqueline ROTEN\" \/>\n\t<meta name=\"twitter:label2\" content=\"Tempo di lettura stimato\" \/>\n\t<meta name=\"twitter:data2\" content=\"3 minuti\" \/>\n<script type=\"application\/ld+json\" class=\"yoast-schema-graph\">{\"@context\":\"https:\\\/\\\/schema.org\",\"@graph\":[{\"@type\":\"Article\",\"@id\":\"https:\\\/\\\/www.iemj.org\\\/it\\\/festival-europeen-des-chorales-juives\\\/#article\",\"isPartOf\":{\"@id\":\"https:\\\/\\\/www.iemj.org\\\/it\\\/festival-europeen-des-chorales-juives\\\/\"},\"author\":{\"name\":\"Jacqueline ROTEN\",\"@id\":\"https:\\\/\\\/www.iemj.org\\\/it\\\/#\\\/schema\\\/person\\\/358e26c18aca017fcc4cc15437f7279c\"},\"headline\":\"Festival Europeo dei Cori Ebraici\",\"datePublished\":\"2025-06-23T09:17:10+00:00\",\"dateModified\":\"2025-06-24T08:33:02+00:00\",\"mainEntityOfPage\":{\"@id\":\"https:\\\/\\\/www.iemj.org\\\/it\\\/festival-europeen-des-chorales-juives\\\/\"},\"wordCount\":297,\"publisher\":{\"@id\":\"https:\\\/\\\/www.iemj.org\\\/it\\\/#organization\"},\"image\":{\"@id\":\"https:\\\/\\\/www.iemj.org\\\/it\\\/festival-europeen-des-chorales-juives\\\/#primaryimage\"},\"thumbnailUrl\":\"https:\\\/\\\/www.iemj.org\\\/wp-content\\\/uploads\\\/2025\\\/06\\\/Festival-Europ-chorales-J.jpg\",\"articleSection\":[\"Concerti\",\"Manifestazioni\"],\"inLanguage\":\"it-IT\"},{\"@type\":\"WebPage\",\"@id\":\"https:\\\/\\\/www.iemj.org\\\/it\\\/festival-europeen-des-chorales-juives\\\/\",\"url\":\"https:\\\/\\\/www.iemj.org\\\/it\\\/festival-europeen-des-chorales-juives\\\/\",\"name\":\"Festival Europeo dei Cori Ebraici - Institut Europ\u00e9en des Musiques Juives\",\"isPartOf\":{\"@id\":\"https:\\\/\\\/www.iemj.org\\\/it\\\/#website\"},\"primaryImageOfPage\":{\"@id\":\"https:\\\/\\\/www.iemj.org\\\/it\\\/festival-europeen-des-chorales-juives\\\/#primaryimage\"},\"image\":{\"@id\":\"https:\\\/\\\/www.iemj.org\\\/it\\\/festival-europeen-des-chorales-juives\\\/#primaryimage\"},\"thumbnailUrl\":\"https:\\\/\\\/www.iemj.org\\\/wp-content\\\/uploads\\\/2025\\\/06\\\/Festival-Europ-chorales-J.jpg\",\"datePublished\":\"2025-06-23T09:17:10+00:00\",\"dateModified\":\"2025-06-24T08:33:02+00:00\",\"breadcrumb\":{\"@id\":\"https:\\\/\\\/www.iemj.org\\\/it\\\/festival-europeen-des-chorales-juives\\\/#breadcrumb\"},\"inLanguage\":\"it-IT\",\"potentialAction\":[{\"@type\":\"ReadAction\",\"target\":[\"https:\\\/\\\/www.iemj.org\\\/it\\\/festival-europeen-des-chorales-juives\\\/\"]}]},{\"@type\":\"ImageObject\",\"inLanguage\":\"it-IT\",\"@id\":\"https:\\\/\\\/www.iemj.org\\\/it\\\/festival-europeen-des-chorales-juives\\\/#primaryimage\",\"url\":\"https:\\\/\\\/www.iemj.org\\\/wp-content\\\/uploads\\\/2025\\\/06\\\/Festival-Europ-chorales-J.jpg\",\"contentUrl\":\"https:\\\/\\\/www.iemj.org\\\/wp-content\\\/uploads\\\/2025\\\/06\\\/Festival-Europ-chorales-J.jpg\",\"width\":418,\"height\":583},{\"@type\":\"BreadcrumbList\",\"@id\":\"https:\\\/\\\/www.iemj.org\\\/it\\\/festival-europeen-des-chorales-juives\\\/#breadcrumb\",\"itemListElement\":[{\"@type\":\"ListItem\",\"position\":1,\"name\":\"Accueil\",\"item\":\"https:\\\/\\\/www.iemj.org\\\/it\\\/\"},{\"@type\":\"ListItem\",\"position\":2,\"name\":\"Festival Europeo dei Cori Ebraici\"}]},{\"@type\":\"WebSite\",\"@id\":\"https:\\\/\\\/www.iemj.org\\\/it\\\/#website\",\"url\":\"https:\\\/\\\/www.iemj.org\\\/it\\\/\",\"name\":\"Institut Europ\u00e9en des Musiques Juives\",\"description\":\"Des traditions musicales \u00e0 la port\u00e9e de tous\",\"publisher\":{\"@id\":\"https:\\\/\\\/www.iemj.org\\\/it\\\/#organization\"},\"potentialAction\":[{\"@type\":\"SearchAction\",\"target\":{\"@type\":\"EntryPoint\",\"urlTemplate\":\"https:\\\/\\\/www.iemj.org\\\/it\\\/?s={search_term_string}\"},\"query-input\":{\"@type\":\"PropertyValueSpecification\",\"valueRequired\":true,\"valueName\":\"search_term_string\"}}],\"inLanguage\":\"it-IT\"},{\"@type\":\"Organization\",\"@id\":\"https:\\\/\\\/www.iemj.org\\\/it\\\/#organization\",\"name\":\"Institut Europ\u00e9en des Musiques Juives\",\"url\":\"https:\\\/\\\/www.iemj.org\\\/it\\\/\",\"logo\":{\"@type\":\"ImageObject\",\"inLanguage\":\"it-IT\",\"@id\":\"https:\\\/\\\/www.iemj.org\\\/it\\\/#\\\/schema\\\/logo\\\/image\\\/\",\"url\":\"https:\\\/\\\/www.iemj.org\\\/wp-content\\\/uploads\\\/2021\\\/09\\\/Logo-IEMJ-Paypal.jpg\",\"contentUrl\":\"https:\\\/\\\/www.iemj.org\\\/wp-content\\\/uploads\\\/2021\\\/09\\\/Logo-IEMJ-Paypal.jpg\",\"width\":150,\"height\":50,\"caption\":\"Institut Europ\u00e9en des Musiques Juives\"},\"image\":{\"@id\":\"https:\\\/\\\/www.iemj.org\\\/it\\\/#\\\/schema\\\/logo\\\/image\\\/\"},\"sameAs\":[\"https:\\\/\\\/www.facebook.com\\\/MusiquesJuives\\\/\",\"https:\\\/\\\/www.instagram.com\\\/musiquesjuives\\\/\",\"https:\\\/\\\/www.youtube.com\\\/user\\\/musiquesjuives\"]},{\"@type\":\"Person\",\"@id\":\"https:\\\/\\\/www.iemj.org\\\/it\\\/#\\\/schema\\\/person\\\/358e26c18aca017fcc4cc15437f7279c\",\"name\":\"Jacqueline ROTEN\",\"image\":{\"@type\":\"ImageObject\",\"inLanguage\":\"it-IT\",\"@id\":\"https:\\\/\\\/secure.gravatar.com\\\/avatar\\\/5964256d6c6957de3a3505278957e0fb2a35119ac47ea41827a65301213c810b?s=96&d=mm&r=g\",\"url\":\"https:\\\/\\\/secure.gravatar.com\\\/avatar\\\/5964256d6c6957de3a3505278957e0fb2a35119ac47ea41827a65301213c810b?s=96&d=mm&r=g\",\"contentUrl\":\"https:\\\/\\\/secure.gravatar.com\\\/avatar\\\/5964256d6c6957de3a3505278957e0fb2a35119ac47ea41827a65301213c810b?s=96&d=mm&r=g\",\"caption\":\"Jacqueline ROTEN\"}}]}<\/script>\n<!-- \/ Yoast SEO plugin. -->","yoast_head_json":{"title":"Festival Europeo dei Cori Ebraici - Institut Europ\u00e9en des Musiques Juives","robots":{"index":"index","follow":"follow","max-snippet":"max-snippet:-1","max-image-preview":"max-image-preview:large","max-video-preview":"max-video-preview:-1"},"canonical":"https:\/\/www.iemj.org\/it\/festival-europeen-des-chorales-juives\/","og_locale":"it_IT","og_type":"article","og_title":"Festival Europeo dei Cori Ebraici - Institut Europ\u00e9en des Musiques Juives","og_description":"Dopo nove edizioni in altre capitali, Parigi ospita per la prima volta il Festival europeo dei cori ebraici. Nove tra i migliori ensemble vocali hanno accettato l&#8217;invito dell&#8217;Associazione Europea dei","og_url":"https:\/\/www.iemj.org\/it\/festival-europeen-des-chorales-juives\/","og_site_name":"Institut Europ\u00e9en des Musiques Juives","article_publisher":"https:\/\/www.facebook.com\/MusiquesJuives\/","article_published_time":"2025-06-23T09:17:10+00:00","article_modified_time":"2025-06-24T08:33:02+00:00","og_image":[{"width":418,"height":583,"url":"https:\/\/www.iemj.org\/wp-content\/uploads\/2025\/06\/Festival-Europ-chorales-J.jpg","type":"image\/jpeg"}],"author":"Jacqueline ROTEN","twitter_card":"summary_large_image","twitter_misc":{"Scritto da":"Jacqueline ROTEN","Tempo di lettura stimato":"3 minuti"},"schema":{"@context":"https:\/\/schema.org","@graph":[{"@type":"Article","@id":"https:\/\/www.iemj.org\/it\/festival-europeen-des-chorales-juives\/#article","isPartOf":{"@id":"https:\/\/www.iemj.org\/it\/festival-europeen-des-chorales-juives\/"},"author":{"name":"Jacqueline ROTEN","@id":"https:\/\/www.iemj.org\/it\/#\/schema\/person\/358e26c18aca017fcc4cc15437f7279c"},"headline":"Festival Europeo dei Cori Ebraici","datePublished":"2025-06-23T09:17:10+00:00","dateModified":"2025-06-24T08:33:02+00:00","mainEntityOfPage":{"@id":"https:\/\/www.iemj.org\/it\/festival-europeen-des-chorales-juives\/"},"wordCount":297,"publisher":{"@id":"https:\/\/www.iemj.org\/it\/#organization"},"image":{"@id":"https:\/\/www.iemj.org\/it\/festival-europeen-des-chorales-juives\/#primaryimage"},"thumbnailUrl":"https:\/\/www.iemj.org\/wp-content\/uploads\/2025\/06\/Festival-Europ-chorales-J.jpg","articleSection":["Concerti","Manifestazioni"],"inLanguage":"it-IT"},{"@type":"WebPage","@id":"https:\/\/www.iemj.org\/it\/festival-europeen-des-chorales-juives\/","url":"https:\/\/www.iemj.org\/it\/festival-europeen-des-chorales-juives\/","name":"Festival Europeo dei Cori Ebraici - Institut Europ\u00e9en des Musiques Juives","isPartOf":{"@id":"https:\/\/www.iemj.org\/it\/#website"},"primaryImageOfPage":{"@id":"https:\/\/www.iemj.org\/it\/festival-europeen-des-chorales-juives\/#primaryimage"},"image":{"@id":"https:\/\/www.iemj.org\/it\/festival-europeen-des-chorales-juives\/#primaryimage"},"thumbnailUrl":"https:\/\/www.iemj.org\/wp-content\/uploads\/2025\/06\/Festival-Europ-chorales-J.jpg","datePublished":"2025-06-23T09:17:10+00:00","dateModified":"2025-06-24T08:33:02+00:00","breadcrumb":{"@id":"https:\/\/www.iemj.org\/it\/festival-europeen-des-chorales-juives\/#breadcrumb"},"inLanguage":"it-IT","potentialAction":[{"@type":"ReadAction","target":["https:\/\/www.iemj.org\/it\/festival-europeen-des-chorales-juives\/"]}]},{"@type":"ImageObject","inLanguage":"it-IT","@id":"https:\/\/www.iemj.org\/it\/festival-europeen-des-chorales-juives\/#primaryimage","url":"https:\/\/www.iemj.org\/wp-content\/uploads\/2025\/06\/Festival-Europ-chorales-J.jpg","contentUrl":"https:\/\/www.iemj.org\/wp-content\/uploads\/2025\/06\/Festival-Europ-chorales-J.jpg","width":418,"height":583},{"@type":"BreadcrumbList","@id":"https:\/\/www.iemj.org\/it\/festival-europeen-des-chorales-juives\/#breadcrumb","itemListElement":[{"@type":"ListItem","position":1,"name":"Accueil","item":"https:\/\/www.iemj.org\/it\/"},{"@type":"ListItem","position":2,"name":"Festival Europeo dei Cori Ebraici"}]},{"@type":"WebSite","@id":"https:\/\/www.iemj.org\/it\/#website","url":"https:\/\/www.iemj.org\/it\/","name":"Institut Europ\u00e9en des Musiques Juives","description":"Des traditions musicales \u00e0 la port\u00e9e de tous","publisher":{"@id":"https:\/\/www.iemj.org\/it\/#organization"},"potentialAction":[{"@type":"SearchAction","target":{"@type":"EntryPoint","urlTemplate":"https:\/\/www.iemj.org\/it\/?s={search_term_string}"},"query-input":{"@type":"PropertyValueSpecification","valueRequired":true,"valueName":"search_term_string"}}],"inLanguage":"it-IT"},{"@type":"Organization","@id":"https:\/\/www.iemj.org\/it\/#organization","name":"Institut Europ\u00e9en des Musiques Juives","url":"https:\/\/www.iemj.org\/it\/","logo":{"@type":"ImageObject","inLanguage":"it-IT","@id":"https:\/\/www.iemj.org\/it\/#\/schema\/logo\/image\/","url":"https:\/\/www.iemj.org\/wp-content\/uploads\/2021\/09\/Logo-IEMJ-Paypal.jpg","contentUrl":"https:\/\/www.iemj.org\/wp-content\/uploads\/2021\/09\/Logo-IEMJ-Paypal.jpg","width":150,"height":50,"caption":"Institut Europ\u00e9en des Musiques Juives"},"image":{"@id":"https:\/\/www.iemj.org\/it\/#\/schema\/logo\/image\/"},"sameAs":["https:\/\/www.facebook.com\/MusiquesJuives\/","https:\/\/www.instagram.com\/musiquesjuives\/","https:\/\/www.youtube.com\/user\/musiquesjuives"]},{"@type":"Person","@id":"https:\/\/www.iemj.org\/it\/#\/schema\/person\/358e26c18aca017fcc4cc15437f7279c","name":"Jacqueline ROTEN","image":{"@type":"ImageObject","inLanguage":"it-IT","@id":"https:\/\/secure.gravatar.com\/avatar\/5964256d6c6957de3a3505278957e0fb2a35119ac47ea41827a65301213c810b?s=96&d=mm&r=g","url":"https:\/\/secure.gravatar.com\/avatar\/5964256d6c6957de3a3505278957e0fb2a35119ac47ea41827a65301213c810b?s=96&d=mm&r=g","contentUrl":"https:\/\/secure.gravatar.com\/avatar\/5964256d6c6957de3a3505278957e0fb2a35119ac47ea41827a65301213c810b?s=96&d=mm&r=g","caption":"Jacqueline ROTEN"}}]}},"_links":{"self":[{"href":"https:\/\/www.iemj.org\/it\/wp-json\/wp\/v2\/posts\/122311","targetHints":{"allow":["GET"]}}],"collection":[{"href":"https:\/\/www.iemj.org\/it\/wp-json\/wp\/v2\/posts"}],"about":[{"href":"https:\/\/www.iemj.org\/it\/wp-json\/wp\/v2\/types\/post"}],"author":[{"embeddable":true,"href":"https:\/\/www.iemj.org\/it\/wp-json\/wp\/v2\/users\/5"}],"replies":[{"embeddable":true,"href":"https:\/\/www.iemj.org\/it\/wp-json\/wp\/v2\/comments?post=122311"}],"version-history":[{"count":0,"href":"https:\/\/www.iemj.org\/it\/wp-json\/wp\/v2\/posts\/122311\/revisions"}],"wp:featuredmedia":[{"embeddable":true,"href":"https:\/\/www.iemj.org\/it\/wp-json\/wp\/v2\/media\/122144"}],"wp:attachment":[{"href":"https:\/\/www.iemj.org\/it\/wp-json\/wp\/v2\/media?parent=122311"}],"wp:term":[{"taxonomy":"category","embeddable":true,"href":"https:\/\/www.iemj.org\/it\/wp-json\/wp\/v2\/categories?post=122311"},{"taxonomy":"post_tag","embeddable":true,"href":"https:\/\/www.iemj.org\/it\/wp-json\/wp\/v2\/tags?post=122311"},{"taxonomy":"technique","embeddable":true,"href":"https:\/\/www.iemj.org\/it\/wp-json\/wp\/v2\/technique?post=122311"},{"taxonomy":"squelettes","embeddable":true,"href":"https:\/\/www.iemj.org\/it\/wp-json\/wp\/v2\/squelettes?post=122311"},{"taxonomy":"sujet","embeddable":true,"href":"https:\/\/www.iemj.org\/it\/wp-json\/wp\/v2\/sujet?post=122311"},{"taxonomy":"formation","embeddable":true,"href":"https:\/\/www.iemj.org\/it\/wp-json\/wp\/v2\/formation?post=122311"},{"taxonomy":"genre","embeddable":true,"href":"https:\/\/www.iemj.org\/it\/wp-json\/wp\/v2\/genre?post=122311"},{"taxonomy":"fonds","embeddable":true,"href":"https:\/\/www.iemj.org\/it\/wp-json\/wp\/v2\/fonds?post=122311"},{"taxonomy":"tradition","embeddable":true,"href":"https:\/\/www.iemj.org\/it\/wp-json\/wp\/v2\/tradition?post=122311"},{"taxonomy":"type-de-contenu","embeddable":true,"href":"https:\/\/www.iemj.org\/it\/wp-json\/wp\/v2\/type-de-contenu?post=122311"},{"taxonomy":"interprete-compositeur","embeddable":true,"href":"https:\/\/www.iemj.org\/it\/wp-json\/wp\/v2\/interprete-compositeur?post=122311"},{"taxonomy":"frise","embeddable":true,"href":"https:\/\/www.iemj.org\/it\/wp-json\/wp\/v2\/frise?post=122311"},{"taxonomy":"type-devenement","embeddable":true,"href":"https:\/\/www.iemj.org\/it\/wp-json\/wp\/v2\/type-devenement?post=122311"},{"taxonomy":"tableaux-liens-externes","embeddable":true,"href":"https:\/\/www.iemj.org\/it\/wp-json\/wp\/v2\/tableaux-liens-externes?post=122311"}],"curies":[{"name":"wp","href":"https:\/\/api.w.org\/{rel}","templated":true}]}}