{"id":123771,"date":"2025-09-08T10:03:06","date_gmt":"2025-09-08T08:03:06","guid":{"rendered":"https:\/\/www.iemj.org\/publication-de-12-nouvelles-partitions-de-serge-kaufmann\/"},"modified":"2026-01-06T12:35:32","modified_gmt":"2026-01-06T11:35:32","slug":"publication-de-12-nouvelles-partitions-de-serge-kaufmann","status":"publish","type":"post","link":"https:\/\/www.iemj.org\/it\/publication-de-12-nouvelles-partitions-de-serge-kaufmann\/","title":{"rendered":"Pubblicazione di 12 nuovi spartiti di Serge Kaufmann"},"content":{"rendered":"<p>Nato nel 1930, <a href=\"https:\/\/www.iemj.org\/it\/kaufmann-serge-1930\/\" target=\"_blank\" rel=\"noopener\">Serge Kaufmann<\/a> ha studiato lettere classiche al Coll\u00e8ge Calvin di Ginevra e musica alla Schola Cantorum di Parigi, sotto la guida principale di Daniel Lesur. Nel dopoguerra, la visione di una foto \u2013 Il ragazzino del ghetto di Varsavia \u2013 ha sconvolto le sue certezze, trasformandole in un interrogativo interiore la cui voce \u00e8 diventata sempre pi\u00f9 impetuosa: \u00abCosa mi sarebbe successo se, invece di nascere in Svizzera, fossi stato dall&#8217;altra parte del confine? Non avrei condiviso anch&#8217;io il destino di quelle migliaia di bambini che non hanno avuto la fortuna di crescere semplicemente perch\u00e9 nati da genitori o nonni ebrei!\u00bb.<\/p>\n<p>Ispirato da questa rivelazione, Serge Kaufmann arricchisce da quasi 25 anni il panorama della musica ebraica componendo opere dai nomi evocativi: <em>Suite Yiddish<\/em>,\u00a0<em>Petite suite klezmer<\/em>,\u00a0<em>Le Maharam de Rothenbourg<\/em>,\u00a0<em>Neshama<\/em>,\u00a0<em>Kol nidr\u00e9<\/em>,\u00a0<em>Yesod<\/em>\u2026 E le sue composizioni, sebbene non siano mai basate su melodie puramente tradizionali, suonano innegabilmente ebraiche!<\/p>\n<p><strong>Nel settembre 2025, l&#8217;IEMJ pubblica dodici nuovi spartiti di Serge Kaufmann<\/strong>, in formato cartaceo o digitale, per varie formazioni strumentali e vocali. Tra queste, vi sono opere quali <em>Ahava<\/em>, canto lirico per violino; <em>Tikva<\/em>, canto per violoncello; e l&#8217;Oratorio <em>Un matin \u00e0 Varsovie<\/em> (Una mattina a Varsavia), ispirato alla tristemente famosa foto del bambino del ghetto di Varsavia su un testo commovente di Serge Kaufmann.<\/p>\n\n<div class=\"wp-block-image\">\n<figure class=\"aligncenter size-full\"><img fetchpriority=\"high\" decoding=\"async\" width=\"600\" height=\"340\" src=\"https:\/\/www.iemj.org\/wp-content\/uploads\/2025\/09\/1200x680_sc_stroop-report-warsaw-ghetto-uprising-06b-Copy.jpg\" alt=\"\" class=\"wp-image-123570\" srcset=\"https:\/\/www.iemj.org\/wp-content\/uploads\/2025\/09\/1200x680_sc_stroop-report-warsaw-ghetto-uprising-06b-Copy.jpg 600w, https:\/\/www.iemj.org\/wp-content\/uploads\/2025\/09\/1200x680_sc_stroop-report-warsaw-ghetto-uprising-06b-Copy-300x170.jpg 300w\" sizes=\"(max-width: 600px) 100vw, 600px\" \/><figcaption class=\"wp-element-caption\"><strong>Foto del ragazzino del ghetto di Varsavia, scattata dai nazisti durante la liquidazione del ghetto (1943)<\/strong><\/figcaption><\/figure>\n<\/div>\n\n\n<h2 class=\"wp-block-heading\">Consultare ed ordinare questi spartiti sul negozio dell&#8217;IEMJ:<\/h2>\n\n\n\n<div style=\"height:8px\" aria-hidden=\"true\" class=\"wp-block-spacer\"><\/div>\n\n\n\n<h3 class=\"wp-block-heading\"><a href=\"https:\/\/www.iemj.org\/it\/produit\/kaufmann-ahava-chant-lyrique-pour-violon-seul\/\" target=\"_blank\" rel=\"noopener\"><em>Ahava<\/em>, Canto lirico per violino solo<\/a><\/h3>\n\n\n\n<div style=\"height:8px\" aria-hidden=\"true\" class=\"wp-block-spacer\"><\/div>\n\n\n\n<h3 class=\"wp-block-heading\"><a href=\"https:\/\/www.iemj.org\/it\/produit\/kaufmann-lavenir-foudroye-pour-mezzo-soprano-cordes-et-recitant\/\" target=\"_blank\" rel=\"noopener\"><em>L\u2019avenir foudroy\u00e9<\/em>, Oratorio per mezzosoprano, archi e recitante<\/a><\/h3>\n\n\n\n<div style=\"height:8px\" aria-hidden=\"true\" class=\"wp-block-spacer\"><\/div>\n\n\n\n<h3 class=\"wp-block-heading\"><a href=\"https:\/\/www.iemj.org\/it\/produit\/kaufmann-cantando-recit-pour-5-violoncelles\/\" target=\"_blank\" rel=\"noopener\"><em>Cantando<\/em>, Racconto per 5 violoncelli<\/a><\/h3>\n\n\n\n<div style=\"height:8px\" aria-hidden=\"true\" class=\"wp-block-spacer\"><\/div>\n\n\n\n<h3 class=\"wp-block-heading\"><a href=\"https:\/\/www.iemj.org\/it\/produit\/kaufmann-matsevah-chant-elegiaque\/\" target=\"_blank\" rel=\"noopener\"><em>Matsevah<\/em>, Canto elegiaco per viola ed orchestra d&#8217;archi<\/a><\/h3>\n\n\n\n<div style=\"height:8px\" aria-hidden=\"true\" class=\"wp-block-spacer\"><\/div>\n\n\n\n<h3 class=\"wp-block-heading\"><a href=\"https:\/\/www.iemj.org\/it\/produit\/kaufmann-tchelane-pour-ensemble-de-violoncelles\/\" target=\"_blank\" rel=\"noopener\"><em>Tchelane<\/em>, per ensemble di violoncelli<\/a><\/h3>\n\n\n\n<div style=\"height:8px\" aria-hidden=\"true\" class=\"wp-block-spacer\"><\/div>\n\n\n\n<h3 class=\"wp-block-heading\"><a href=\"https:\/\/www.iemj.org\/it\/produit\/kaufmann-tekhina-imploration-pour-trompette-et-orchestre-a-cordes\/\" target=\"_blank\" rel=\"noopener\"><em>Tekhina<\/em>, Implorazione per tromba ed orchestra d&#8217;archi<\/a><\/h3>\n\n\n\n<div style=\"height:8px\" aria-hidden=\"true\" class=\"wp-block-spacer\"><\/div>\n\n\n\n<h3 class=\"wp-block-heading\"><a href=\"https:\/\/www.iemj.org\/it\/produit\/kaufmann-cantabile-3-chants-pour-violoncelle-orchestre-a-cordes-et-clavecin\/\" target=\"_blank\" rel=\"noopener\"><em>Cantabile<\/em>, 3 brani per violoncello, orchestra d&#8217;archi e clavicembalo<\/a><\/h3>\n\n\n\n<div style=\"height:8px\" aria-hidden=\"true\" class=\"wp-block-spacer\"><\/div>\n\n\n\n<h3 class=\"wp-block-heading\"><a href=\"https:\/\/www.iemj.org\/it\/produit\/kaufmann-con-affetto-3-pieces-pour-orchestre-a-cordes\/\" target=\"_blank\" rel=\"noopener\"><em>Con affetto<\/em>, 3 brani per orchestra d&#8217;archi<\/a><\/h3>\n\n\n\n<div style=\"height:8px\" aria-hidden=\"true\" class=\"wp-block-spacer\"><\/div>\n\n\n\n<h3 class=\"wp-block-heading\"><a href=\"https:\/\/www.iemj.org\/it\/produit\/kaufmann-contrastes-pour-trompette-orgue-cordes-et-percussions\/\" target=\"_blank\" rel=\"noopener\"><em>Contrastes<\/em>, per tromba, organo, archi e percussioni<\/a><\/h3>\n\n\n\n<div style=\"height:8px\" aria-hidden=\"true\" class=\"wp-block-spacer\"><\/div>\n\n\n\n<h3 class=\"wp-block-heading\"><a href=\"https:\/\/www.iemj.org\/it\/produit\/kaufmann-et-si-un-jour\/\" target=\"_blank\" rel=\"noopener\"><em>Et si un jour<\/em>, Canzone \u2013 Cantata per coro, soprano solista ed orchestra d&#8217;archi<\/a><\/h3>\n\n\n\n<div style=\"height:8px\" aria-hidden=\"true\" class=\"wp-block-spacer\"><\/div>\n\n\n\n<h3 class=\"wp-block-heading\"><a href=\"https:\/\/www.iemj.org\/it\/produit\/kaufmann-tikva-chant-pour-violoncelle-seul\/\" target=\"_blank\" rel=\"noopener\"><em>Tikva<\/em>, Canto per violoncello solo<\/a><\/h3>\n\n\n\n<div style=\"height:8px\" aria-hidden=\"true\" class=\"wp-block-spacer\"><\/div>\n\n\n\n<h3 class=\"wp-block-heading\"><a href=\"https:\/\/www.iemj.org\/it\/produit\/kaufmann-un-matin-a-varsovie-oratorio-pour-soprano-recitant-violoncelle-et-13-instruments\/\" target=\"_blank\" rel=\"noopener\"><em>Un matin \u00e0 Varsovie<\/em>, Oratorio per soprano, recitante, violoncello e 13 strumenti<\/a><\/h3>\n\n\n\n<div style=\"height:16px\" aria-hidden=\"true\" class=\"wp-block-spacer\"><\/div>\n\n\n\n<p class=\"has-text-align-center\">Le pubblicazioni dell&#8217;IEMJ beneficiano del sostegno della&nbsp;<a href=\"https:\/\/www.fondationjudaisme.org\/\" target=\"_blank\" rel=\"noreferrer noopener\"><strong>Fondation du Juda\u00efsme Fran\u00e7ais<\/strong><\/a>&nbsp;e della&nbsp;<strong><a href=\"https:\/\/www.fondationshoah.org\/\" target=\"_blank\" rel=\"noreferrer noopener\">Fondation pour la M\u00e9moire de la Shoah<\/a><\/strong>.<\/p>\n\n\n\n<div class=\"wp-block-columns are-vertically-aligned-center is-layout-flex wp-container-core-columns-is-layout-9d6595d7 wp-block-columns-is-layout-flex\">\n<div class=\"wp-block-column is-vertically-aligned-center is-layout-flow wp-block-column-is-layout-flow\"><div class=\"wp-block-image\">\n<figure class=\"aligncenter size-large is-resized\"><a href=\"https:\/\/www.fondationjudaisme.org\/\" target=\"_blank\" rel=\" noreferrer noopener\"><img decoding=\"async\" src=\"https:\/\/www.iemj.org\/wp-content\/uploads\/2024\/09\/LOGO-FJF-redimensionne-600x253.jpg\" alt=\"\" style=\"width:392px;height:auto\"\/><\/a><\/figure>\n<\/div><\/div>\n\n\n\n<div class=\"wp-block-column is-vertically-aligned-center is-layout-flow wp-block-column-is-layout-flow\"><div class=\"wp-block-image\">\n<figure class=\"aligncenter size-large is-resized\"><a href=\"https:\/\/www.fondationshoah.org\/\" target=\"_blank\" rel=\" noreferrer noopener\"><img decoding=\"async\" src=\"https:\/\/www.iemj.org\/wp-content\/uploads\/2021\/05\/Logo-FMS_550x550px-300x300.jpg\" alt=\"\" style=\"width:146px;height:auto\"\/><\/a><\/figure>\n<\/div><\/div>\n<\/div>\n\n\n\n<h2 class=\"wp-block-heading\"><strong>Ascolta alcuni estratti audio di:<\/strong><\/h2>\n\n\n\n<figure class=\"wp-block-audio\"><audio controls src=\"https:\/\/www.iemj.org\/wp-content\/uploads\/2025\/09\/1_Cantabile-3-chants-pour-violoncelle-orchestre-a-cordes-et-clavecin-1er-chant-Extrait.mp3\"><\/audio><figcaption class=\"wp-element-caption\"><strong>Cantabile, 3 brani per violoncello, orchestra d&#8217;archi e clavicembalo \u2013 1\u00b0 canto (Estratto)<\/strong><\/figcaption><\/figure>\n\n\n\n<figure class=\"wp-block-audio\"><audio controls src=\"https:\/\/www.iemj.org\/wp-content\/uploads\/2025\/09\/2_Matsevah-chant-elegiaque-pour-alto-orchestre-a-cordes-et-clavecin-Extrait.mp3\"><\/audio><figcaption class=\"wp-element-caption\"><strong>Matsevah, Canto elegiaco per viola, orchestra d&#8217;archi e clavicembalo (Estratto)<\/strong><\/figcaption><\/figure>\n\n\n\n<figure class=\"wp-block-audio\"><audio controls src=\"https:\/\/www.iemj.org\/wp-content\/uploads\/2025\/09\/3_Cantando-Recit-pour-5-Violoncelles-Extrait.mp3\"><\/audio><figcaption class=\"wp-element-caption\"><strong>Cantando, Racconto per 5 violoncelli (estratto)<\/strong><\/figcaption><\/figure>\n\n\n\n<figure class=\"wp-block-audio\"><audio controls src=\"https:\/\/www.iemj.org\/wp-content\/uploads\/2025\/09\/4_Et-si-un-jour-Chanson-Cantate-pour-soprano-choeur-et-orchestre-a-cordes-Extrait.mp3\"><\/audio><figcaption class=\"wp-element-caption\"><strong>Et si un jour, Canzone \u2013 Cantata per soprano, coro ed orchestra d&#8217;archi (Estratto)<\/strong><\/figcaption><\/figure>\n\n\n\n<figure class=\"wp-block-audio\"><audio controls src=\"https:\/\/www.iemj.org\/wp-content\/uploads\/2025\/09\/5_Un-Matin-a-Varsovie-oratorio-pour-soprano-recitant-et-13-instruments-Extrait.mp3\"><\/audio><figcaption class=\"wp-element-caption\"><strong>Un Matin \u00e0 Varsovie, oratorio per soprano, recitante e 13 strumenti (Estratto)<\/strong><\/figcaption><\/figure>\n\n\n\n<div style=\"height:16px\" aria-hidden=\"true\" class=\"wp-block-spacer\"><\/div>\n\n\n\n<div class=\"wp-block-buttons is-layout-flex wp-block-buttons-is-layout-flex\">\n<div class=\"wp-block-button has-custom-width wp-block-button__width-100\"><a class=\"wp-block-button__link has-white-color has-text-color has-background has-link-color wp-element-button\" href=\"https:\/\/www.iemj.org\/it\/categorie-produit\/spartiti-it\/compositori-it\/kaufmann-serge-it\/\" style=\"background-color:#3c4b98\" target=\"_blank\" rel=\"noreferrer noopener\">Consulta tutti gli spartiti&nbsp;<strong>d<\/strong>i<strong> Serge Kaufmann sul negozio dell&#8217;IEMJ<\/strong><\/a><\/div>\n<\/div>\n\n\n\n<div style=\"height:16px\" aria-hidden=\"true\" class=\"wp-block-spacer\"><\/div>\n\n\n\n<div class=\"wp-block-columns is-layout-flex wp-container-core-columns-is-layout-9d6595d7 wp-block-columns-is-layout-flex\">\n<div class=\"wp-block-column is-layout-flow wp-block-column-is-layout-flow\" style=\"flex-basis:33.33%\"><div class=\"wp-block-image\">\n<figure class=\"aligncenter size-large is-resized\"><a href=\"https:\/\/www.iemj.org\/it\/produit\/serge-kaufmann-ima-ou-la-mere-depossedee\/\" target=\"_blank\" rel=\" noreferrer noopener\"><img decoding=\"async\" src=\"https:\/\/www.iemj.org\/wp-content\/uploads\/2011\/04\/arton181.jpg\" alt=\"\" style=\"width:269px;height:auto\"\/><\/a><\/figure>\n<\/div><\/div>\n\n\n\n<div class=\"wp-block-column is-vertically-aligned-center is-layout-flow wp-block-column-is-layout-flow\" style=\"flex-basis:66.66%\">\n<div class=\"wp-block-buttons is-layout-flex wp-block-buttons-is-layout-flex\">\n<div class=\"wp-block-button has-custom-width wp-block-button__width-100\"><a class=\"wp-block-button__link has-white-color has-text-color has-background has-link-color wp-element-button\" href=\"https:\/\/www.iemj.org\/it\/produit\/serge-kaufmann-ima-ou-la-mere-depossedee\/\" style=\"background-color:#3c4b98\" target=\"_blank\" rel=\"noreferrer noopener\">Ordina il CD (fisico o digitale) di Serge Kaufmann,&nbsp;<strong>Ima ou la m\u00e8re&nbsp;d\u00e9poss\u00e9d\u00e9e<\/strong><\/a><\/div>\n<\/div>\n<\/div>\n<\/div>\n\n\n\n<div style=\"height:16px\" aria-hidden=\"true\" class=\"wp-block-spacer\"><\/div>\n\n\n\n<figure class=\"wp-block-image size-large\"><img decoding=\"async\" width=\"1024\" height=\"133\" src=\"https:\/\/www.iemj.org\/wp-content\/uploads\/2024\/03\/AUDIO-PLAYER-1024x133.png\" alt=\"\" class=\"wp-image-110608\" srcset=\"https:\/\/www.iemj.org\/wp-content\/uploads\/2024\/03\/AUDIO-PLAYER-1024x133.png 1024w, https:\/\/www.iemj.org\/wp-content\/uploads\/2024\/03\/AUDIO-PLAYER-300x39.png 300w, https:\/\/www.iemj.org\/wp-content\/uploads\/2024\/03\/AUDIO-PLAYER-768x100.png 768w, https:\/\/www.iemj.org\/wp-content\/uploads\/2024\/03\/AUDIO-PLAYER-600x78.png 600w, https:\/\/www.iemj.org\/wp-content\/uploads\/2024\/03\/AUDIO-PLAYER.png 1210w\" sizes=\"(max-width: 1024px) 100vw, 1024px\" \/><\/figure>\n","protected":false},"excerpt":{"rendered":"<p>Nato nel 1930, Serge Kaufmann ha studiato lettere classiche al Coll\u00e8ge Calvin di Ginevra e musica alla Schola Cantorum di Parigi, sotto la guida principale di Daniel Lesur. Nel dopoguerra,<\/p>\n","protected":false},"author":5,"featured_media":123727,"comment_status":"closed","ping_status":"closed","sticky":false,"template":"","format":"standard","meta":{"_acf_changed":false,"footnotes":""},"categories":[1361,1397],"tags":[],"technique":[],"squelettes":[],"sujet":[],"formation":[],"genre":[1901],"fonds":[],"tradition":[],"type-de-contenu":[],"interprete-compositeur":[3290],"frise":[],"type-devenement":[],"tableaux-liens-externes":[],"class_list":["post-123771","post","type-post","status-publish","format-standard","has-post-thumbnail","hentry","category-pubblicazioni-it","category-spartiti-iemj-it","genre-musica-classica-it","interprete-compositeur-serge-kaufmann-it"],"acf":[],"yoast_head":"<!-- This site is optimized with the Yoast SEO plugin v27.3 - https:\/\/yoast.com\/product\/yoast-seo-wordpress\/ -->\n<title>Pubblicazione di 12 nuovi spartiti di Serge Kaufmann - Institut Europ\u00e9en des Musiques Juives<\/title>\n<meta name=\"robots\" content=\"index, follow, max-snippet:-1, max-image-preview:large, max-video-preview:-1\" \/>\n<link rel=\"canonical\" href=\"https:\/\/www.iemj.org\/it\/publication-de-12-nouvelles-partitions-de-serge-kaufmann\/\" \/>\n<meta property=\"og:locale\" content=\"it_IT\" \/>\n<meta property=\"og:type\" content=\"article\" \/>\n<meta property=\"og:title\" content=\"Pubblicazione di 12 nuovi spartiti di Serge Kaufmann - Institut Europ\u00e9en des Musiques Juives\" \/>\n<meta property=\"og:description\" content=\"Nato nel 1930, Serge Kaufmann ha studiato lettere classiche al Coll\u00e8ge Calvin di Ginevra e musica alla Schola Cantorum di Parigi, sotto la guida principale di Daniel Lesur. Nel dopoguerra,\" \/>\n<meta property=\"og:url\" content=\"https:\/\/www.iemj.org\/it\/publication-de-12-nouvelles-partitions-de-serge-kaufmann\/\" \/>\n<meta property=\"og:site_name\" content=\"Institut Europ\u00e9en des Musiques Juives\" \/>\n<meta property=\"article:publisher\" content=\"https:\/\/www.facebook.com\/MusiquesJuives\/\" \/>\n<meta property=\"article:published_time\" content=\"2025-09-08T08:03:06+00:00\" \/>\n<meta property=\"article:modified_time\" content=\"2026-01-06T11:35:32+00:00\" \/>\n<meta property=\"og:image\" content=\"https:\/\/www.iemj.org\/wp-content\/uploads\/2025\/09\/12-Nouvelles-partitions-de-S.K.jpg\" \/>\n\t<meta property=\"og:image:width\" content=\"500\" \/>\n\t<meta property=\"og:image:height\" content=\"500\" \/>\n\t<meta property=\"og:image:type\" content=\"image\/jpeg\" \/>\n<meta name=\"author\" content=\"Jacqueline ROTEN\" \/>\n<meta name=\"twitter:card\" content=\"summary_large_image\" \/>\n<meta name=\"twitter:label1\" content=\"Scritto da\" \/>\n\t<meta name=\"twitter:data1\" content=\"Jacqueline ROTEN\" \/>\n\t<meta name=\"twitter:label2\" content=\"Tempo di lettura stimato\" \/>\n\t<meta name=\"twitter:data2\" content=\"4 minuti\" \/>\n<script type=\"application\/ld+json\" class=\"yoast-schema-graph\">{\"@context\":\"https:\\\/\\\/schema.org\",\"@graph\":[{\"@type\":\"Article\",\"@id\":\"https:\\\/\\\/www.iemj.org\\\/it\\\/publication-de-12-nouvelles-partitions-de-serge-kaufmann\\\/#article\",\"isPartOf\":{\"@id\":\"https:\\\/\\\/www.iemj.org\\\/it\\\/publication-de-12-nouvelles-partitions-de-serge-kaufmann\\\/\"},\"author\":{\"name\":\"Jacqueline ROTEN\",\"@id\":\"https:\\\/\\\/www.iemj.org\\\/it\\\/#\\\/schema\\\/person\\\/358e26c18aca017fcc4cc15437f7279c\"},\"headline\":\"Pubblicazione di 12 nuovi spartiti di Serge Kaufmann\",\"datePublished\":\"2025-09-08T08:03:06+00:00\",\"dateModified\":\"2026-01-06T11:35:32+00:00\",\"mainEntityOfPage\":{\"@id\":\"https:\\\/\\\/www.iemj.org\\\/it\\\/publication-de-12-nouvelles-partitions-de-serge-kaufmann\\\/\"},\"wordCount\":456,\"publisher\":{\"@id\":\"https:\\\/\\\/www.iemj.org\\\/it\\\/#organization\"},\"image\":{\"@id\":\"https:\\\/\\\/www.iemj.org\\\/it\\\/publication-de-12-nouvelles-partitions-de-serge-kaufmann\\\/#primaryimage\"},\"thumbnailUrl\":\"https:\\\/\\\/www.iemj.org\\\/wp-content\\\/uploads\\\/2025\\\/09\\\/12-Nouvelles-partitions-de-S.K.jpg\",\"articleSection\":[\"Pubblicazioni\",\"Spartiti IEMJ\"],\"inLanguage\":\"it-IT\"},{\"@type\":\"WebPage\",\"@id\":\"https:\\\/\\\/www.iemj.org\\\/it\\\/publication-de-12-nouvelles-partitions-de-serge-kaufmann\\\/\",\"url\":\"https:\\\/\\\/www.iemj.org\\\/it\\\/publication-de-12-nouvelles-partitions-de-serge-kaufmann\\\/\",\"name\":\"Pubblicazione di 12 nuovi spartiti di Serge Kaufmann - Institut Europ\u00e9en des Musiques Juives\",\"isPartOf\":{\"@id\":\"https:\\\/\\\/www.iemj.org\\\/it\\\/#website\"},\"primaryImageOfPage\":{\"@id\":\"https:\\\/\\\/www.iemj.org\\\/it\\\/publication-de-12-nouvelles-partitions-de-serge-kaufmann\\\/#primaryimage\"},\"image\":{\"@id\":\"https:\\\/\\\/www.iemj.org\\\/it\\\/publication-de-12-nouvelles-partitions-de-serge-kaufmann\\\/#primaryimage\"},\"thumbnailUrl\":\"https:\\\/\\\/www.iemj.org\\\/wp-content\\\/uploads\\\/2025\\\/09\\\/12-Nouvelles-partitions-de-S.K.jpg\",\"datePublished\":\"2025-09-08T08:03:06+00:00\",\"dateModified\":\"2026-01-06T11:35:32+00:00\",\"breadcrumb\":{\"@id\":\"https:\\\/\\\/www.iemj.org\\\/it\\\/publication-de-12-nouvelles-partitions-de-serge-kaufmann\\\/#breadcrumb\"},\"inLanguage\":\"it-IT\",\"potentialAction\":[{\"@type\":\"ReadAction\",\"target\":[\"https:\\\/\\\/www.iemj.org\\\/it\\\/publication-de-12-nouvelles-partitions-de-serge-kaufmann\\\/\"]}]},{\"@type\":\"ImageObject\",\"inLanguage\":\"it-IT\",\"@id\":\"https:\\\/\\\/www.iemj.org\\\/it\\\/publication-de-12-nouvelles-partitions-de-serge-kaufmann\\\/#primaryimage\",\"url\":\"https:\\\/\\\/www.iemj.org\\\/wp-content\\\/uploads\\\/2025\\\/09\\\/12-Nouvelles-partitions-de-S.K.jpg\",\"contentUrl\":\"https:\\\/\\\/www.iemj.org\\\/wp-content\\\/uploads\\\/2025\\\/09\\\/12-Nouvelles-partitions-de-S.K.jpg\",\"width\":500,\"height\":500},{\"@type\":\"BreadcrumbList\",\"@id\":\"https:\\\/\\\/www.iemj.org\\\/it\\\/publication-de-12-nouvelles-partitions-de-serge-kaufmann\\\/#breadcrumb\",\"itemListElement\":[{\"@type\":\"ListItem\",\"position\":1,\"name\":\"Accueil\",\"item\":\"https:\\\/\\\/www.iemj.org\\\/it\\\/\"},{\"@type\":\"ListItem\",\"position\":2,\"name\":\"Pubblicazione di 12 nuovi spartiti di Serge Kaufmann\"}]},{\"@type\":\"WebSite\",\"@id\":\"https:\\\/\\\/www.iemj.org\\\/it\\\/#website\",\"url\":\"https:\\\/\\\/www.iemj.org\\\/it\\\/\",\"name\":\"Institut Europ\u00e9en des Musiques Juives\",\"description\":\"Des traditions musicales \u00e0 la port\u00e9e de tous\",\"publisher\":{\"@id\":\"https:\\\/\\\/www.iemj.org\\\/it\\\/#organization\"},\"potentialAction\":[{\"@type\":\"SearchAction\",\"target\":{\"@type\":\"EntryPoint\",\"urlTemplate\":\"https:\\\/\\\/www.iemj.org\\\/it\\\/?s={search_term_string}\"},\"query-input\":{\"@type\":\"PropertyValueSpecification\",\"valueRequired\":true,\"valueName\":\"search_term_string\"}}],\"inLanguage\":\"it-IT\"},{\"@type\":\"Organization\",\"@id\":\"https:\\\/\\\/www.iemj.org\\\/it\\\/#organization\",\"name\":\"Institut Europ\u00e9en des Musiques Juives\",\"url\":\"https:\\\/\\\/www.iemj.org\\\/it\\\/\",\"logo\":{\"@type\":\"ImageObject\",\"inLanguage\":\"it-IT\",\"@id\":\"https:\\\/\\\/www.iemj.org\\\/it\\\/#\\\/schema\\\/logo\\\/image\\\/\",\"url\":\"https:\\\/\\\/www.iemj.org\\\/wp-content\\\/uploads\\\/2021\\\/09\\\/Logo-IEMJ-Paypal.jpg\",\"contentUrl\":\"https:\\\/\\\/www.iemj.org\\\/wp-content\\\/uploads\\\/2021\\\/09\\\/Logo-IEMJ-Paypal.jpg\",\"width\":150,\"height\":50,\"caption\":\"Institut Europ\u00e9en des Musiques Juives\"},\"image\":{\"@id\":\"https:\\\/\\\/www.iemj.org\\\/it\\\/#\\\/schema\\\/logo\\\/image\\\/\"},\"sameAs\":[\"https:\\\/\\\/www.facebook.com\\\/MusiquesJuives\\\/\",\"https:\\\/\\\/www.instagram.com\\\/musiquesjuives\\\/\",\"https:\\\/\\\/www.youtube.com\\\/user\\\/musiquesjuives\"]},{\"@type\":\"Person\",\"@id\":\"https:\\\/\\\/www.iemj.org\\\/it\\\/#\\\/schema\\\/person\\\/358e26c18aca017fcc4cc15437f7279c\",\"name\":\"Jacqueline ROTEN\",\"image\":{\"@type\":\"ImageObject\",\"inLanguage\":\"it-IT\",\"@id\":\"https:\\\/\\\/secure.gravatar.com\\\/avatar\\\/5964256d6c6957de3a3505278957e0fb2a35119ac47ea41827a65301213c810b?s=96&d=mm&r=g\",\"url\":\"https:\\\/\\\/secure.gravatar.com\\\/avatar\\\/5964256d6c6957de3a3505278957e0fb2a35119ac47ea41827a65301213c810b?s=96&d=mm&r=g\",\"contentUrl\":\"https:\\\/\\\/secure.gravatar.com\\\/avatar\\\/5964256d6c6957de3a3505278957e0fb2a35119ac47ea41827a65301213c810b?s=96&d=mm&r=g\",\"caption\":\"Jacqueline ROTEN\"}}]}<\/script>\n<!-- \/ Yoast SEO plugin. -->","yoast_head_json":{"title":"Pubblicazione di 12 nuovi spartiti di Serge Kaufmann - Institut Europ\u00e9en des Musiques Juives","robots":{"index":"index","follow":"follow","max-snippet":"max-snippet:-1","max-image-preview":"max-image-preview:large","max-video-preview":"max-video-preview:-1"},"canonical":"https:\/\/www.iemj.org\/it\/publication-de-12-nouvelles-partitions-de-serge-kaufmann\/","og_locale":"it_IT","og_type":"article","og_title":"Pubblicazione di 12 nuovi spartiti di Serge Kaufmann - Institut Europ\u00e9en des Musiques Juives","og_description":"Nato nel 1930, Serge Kaufmann ha studiato lettere classiche al Coll\u00e8ge Calvin di Ginevra e musica alla Schola Cantorum di Parigi, sotto la guida principale di Daniel Lesur. Nel dopoguerra,","og_url":"https:\/\/www.iemj.org\/it\/publication-de-12-nouvelles-partitions-de-serge-kaufmann\/","og_site_name":"Institut Europ\u00e9en des Musiques Juives","article_publisher":"https:\/\/www.facebook.com\/MusiquesJuives\/","article_published_time":"2025-09-08T08:03:06+00:00","article_modified_time":"2026-01-06T11:35:32+00:00","og_image":[{"width":500,"height":500,"url":"https:\/\/www.iemj.org\/wp-content\/uploads\/2025\/09\/12-Nouvelles-partitions-de-S.K.jpg","type":"image\/jpeg"}],"author":"Jacqueline ROTEN","twitter_card":"summary_large_image","twitter_misc":{"Scritto da":"Jacqueline ROTEN","Tempo di lettura stimato":"4 minuti"},"schema":{"@context":"https:\/\/schema.org","@graph":[{"@type":"Article","@id":"https:\/\/www.iemj.org\/it\/publication-de-12-nouvelles-partitions-de-serge-kaufmann\/#article","isPartOf":{"@id":"https:\/\/www.iemj.org\/it\/publication-de-12-nouvelles-partitions-de-serge-kaufmann\/"},"author":{"name":"Jacqueline ROTEN","@id":"https:\/\/www.iemj.org\/it\/#\/schema\/person\/358e26c18aca017fcc4cc15437f7279c"},"headline":"Pubblicazione di 12 nuovi spartiti di Serge Kaufmann","datePublished":"2025-09-08T08:03:06+00:00","dateModified":"2026-01-06T11:35:32+00:00","mainEntityOfPage":{"@id":"https:\/\/www.iemj.org\/it\/publication-de-12-nouvelles-partitions-de-serge-kaufmann\/"},"wordCount":456,"publisher":{"@id":"https:\/\/www.iemj.org\/it\/#organization"},"image":{"@id":"https:\/\/www.iemj.org\/it\/publication-de-12-nouvelles-partitions-de-serge-kaufmann\/#primaryimage"},"thumbnailUrl":"https:\/\/www.iemj.org\/wp-content\/uploads\/2025\/09\/12-Nouvelles-partitions-de-S.K.jpg","articleSection":["Pubblicazioni","Spartiti IEMJ"],"inLanguage":"it-IT"},{"@type":"WebPage","@id":"https:\/\/www.iemj.org\/it\/publication-de-12-nouvelles-partitions-de-serge-kaufmann\/","url":"https:\/\/www.iemj.org\/it\/publication-de-12-nouvelles-partitions-de-serge-kaufmann\/","name":"Pubblicazione di 12 nuovi spartiti di Serge Kaufmann - Institut Europ\u00e9en des Musiques Juives","isPartOf":{"@id":"https:\/\/www.iemj.org\/it\/#website"},"primaryImageOfPage":{"@id":"https:\/\/www.iemj.org\/it\/publication-de-12-nouvelles-partitions-de-serge-kaufmann\/#primaryimage"},"image":{"@id":"https:\/\/www.iemj.org\/it\/publication-de-12-nouvelles-partitions-de-serge-kaufmann\/#primaryimage"},"thumbnailUrl":"https:\/\/www.iemj.org\/wp-content\/uploads\/2025\/09\/12-Nouvelles-partitions-de-S.K.jpg","datePublished":"2025-09-08T08:03:06+00:00","dateModified":"2026-01-06T11:35:32+00:00","breadcrumb":{"@id":"https:\/\/www.iemj.org\/it\/publication-de-12-nouvelles-partitions-de-serge-kaufmann\/#breadcrumb"},"inLanguage":"it-IT","potentialAction":[{"@type":"ReadAction","target":["https:\/\/www.iemj.org\/it\/publication-de-12-nouvelles-partitions-de-serge-kaufmann\/"]}]},{"@type":"ImageObject","inLanguage":"it-IT","@id":"https:\/\/www.iemj.org\/it\/publication-de-12-nouvelles-partitions-de-serge-kaufmann\/#primaryimage","url":"https:\/\/www.iemj.org\/wp-content\/uploads\/2025\/09\/12-Nouvelles-partitions-de-S.K.jpg","contentUrl":"https:\/\/www.iemj.org\/wp-content\/uploads\/2025\/09\/12-Nouvelles-partitions-de-S.K.jpg","width":500,"height":500},{"@type":"BreadcrumbList","@id":"https:\/\/www.iemj.org\/it\/publication-de-12-nouvelles-partitions-de-serge-kaufmann\/#breadcrumb","itemListElement":[{"@type":"ListItem","position":1,"name":"Accueil","item":"https:\/\/www.iemj.org\/it\/"},{"@type":"ListItem","position":2,"name":"Pubblicazione di 12 nuovi spartiti di Serge Kaufmann"}]},{"@type":"WebSite","@id":"https:\/\/www.iemj.org\/it\/#website","url":"https:\/\/www.iemj.org\/it\/","name":"Institut Europ\u00e9en des Musiques Juives","description":"Des traditions musicales \u00e0 la port\u00e9e de tous","publisher":{"@id":"https:\/\/www.iemj.org\/it\/#organization"},"potentialAction":[{"@type":"SearchAction","target":{"@type":"EntryPoint","urlTemplate":"https:\/\/www.iemj.org\/it\/?s={search_term_string}"},"query-input":{"@type":"PropertyValueSpecification","valueRequired":true,"valueName":"search_term_string"}}],"inLanguage":"it-IT"},{"@type":"Organization","@id":"https:\/\/www.iemj.org\/it\/#organization","name":"Institut Europ\u00e9en des Musiques Juives","url":"https:\/\/www.iemj.org\/it\/","logo":{"@type":"ImageObject","inLanguage":"it-IT","@id":"https:\/\/www.iemj.org\/it\/#\/schema\/logo\/image\/","url":"https:\/\/www.iemj.org\/wp-content\/uploads\/2021\/09\/Logo-IEMJ-Paypal.jpg","contentUrl":"https:\/\/www.iemj.org\/wp-content\/uploads\/2021\/09\/Logo-IEMJ-Paypal.jpg","width":150,"height":50,"caption":"Institut Europ\u00e9en des Musiques Juives"},"image":{"@id":"https:\/\/www.iemj.org\/it\/#\/schema\/logo\/image\/"},"sameAs":["https:\/\/www.facebook.com\/MusiquesJuives\/","https:\/\/www.instagram.com\/musiquesjuives\/","https:\/\/www.youtube.com\/user\/musiquesjuives"]},{"@type":"Person","@id":"https:\/\/www.iemj.org\/it\/#\/schema\/person\/358e26c18aca017fcc4cc15437f7279c","name":"Jacqueline ROTEN","image":{"@type":"ImageObject","inLanguage":"it-IT","@id":"https:\/\/secure.gravatar.com\/avatar\/5964256d6c6957de3a3505278957e0fb2a35119ac47ea41827a65301213c810b?s=96&d=mm&r=g","url":"https:\/\/secure.gravatar.com\/avatar\/5964256d6c6957de3a3505278957e0fb2a35119ac47ea41827a65301213c810b?s=96&d=mm&r=g","contentUrl":"https:\/\/secure.gravatar.com\/avatar\/5964256d6c6957de3a3505278957e0fb2a35119ac47ea41827a65301213c810b?s=96&d=mm&r=g","caption":"Jacqueline ROTEN"}}]}},"_links":{"self":[{"href":"https:\/\/www.iemj.org\/it\/wp-json\/wp\/v2\/posts\/123771","targetHints":{"allow":["GET"]}}],"collection":[{"href":"https:\/\/www.iemj.org\/it\/wp-json\/wp\/v2\/posts"}],"about":[{"href":"https:\/\/www.iemj.org\/it\/wp-json\/wp\/v2\/types\/post"}],"author":[{"embeddable":true,"href":"https:\/\/www.iemj.org\/it\/wp-json\/wp\/v2\/users\/5"}],"replies":[{"embeddable":true,"href":"https:\/\/www.iemj.org\/it\/wp-json\/wp\/v2\/comments?post=123771"}],"version-history":[{"count":2,"href":"https:\/\/www.iemj.org\/it\/wp-json\/wp\/v2\/posts\/123771\/revisions"}],"predecessor-version":[{"id":128663,"href":"https:\/\/www.iemj.org\/it\/wp-json\/wp\/v2\/posts\/123771\/revisions\/128663"}],"wp:featuredmedia":[{"embeddable":true,"href":"https:\/\/www.iemj.org\/it\/wp-json\/wp\/v2\/media\/123727"}],"wp:attachment":[{"href":"https:\/\/www.iemj.org\/it\/wp-json\/wp\/v2\/media?parent=123771"}],"wp:term":[{"taxonomy":"category","embeddable":true,"href":"https:\/\/www.iemj.org\/it\/wp-json\/wp\/v2\/categories?post=123771"},{"taxonomy":"post_tag","embeddable":true,"href":"https:\/\/www.iemj.org\/it\/wp-json\/wp\/v2\/tags?post=123771"},{"taxonomy":"technique","embeddable":true,"href":"https:\/\/www.iemj.org\/it\/wp-json\/wp\/v2\/technique?post=123771"},{"taxonomy":"squelettes","embeddable":true,"href":"https:\/\/www.iemj.org\/it\/wp-json\/wp\/v2\/squelettes?post=123771"},{"taxonomy":"sujet","embeddable":true,"href":"https:\/\/www.iemj.org\/it\/wp-json\/wp\/v2\/sujet?post=123771"},{"taxonomy":"formation","embeddable":true,"href":"https:\/\/www.iemj.org\/it\/wp-json\/wp\/v2\/formation?post=123771"},{"taxonomy":"genre","embeddable":true,"href":"https:\/\/www.iemj.org\/it\/wp-json\/wp\/v2\/genre?post=123771"},{"taxonomy":"fonds","embeddable":true,"href":"https:\/\/www.iemj.org\/it\/wp-json\/wp\/v2\/fonds?post=123771"},{"taxonomy":"tradition","embeddable":true,"href":"https:\/\/www.iemj.org\/it\/wp-json\/wp\/v2\/tradition?post=123771"},{"taxonomy":"type-de-contenu","embeddable":true,"href":"https:\/\/www.iemj.org\/it\/wp-json\/wp\/v2\/type-de-contenu?post=123771"},{"taxonomy":"interprete-compositeur","embeddable":true,"href":"https:\/\/www.iemj.org\/it\/wp-json\/wp\/v2\/interprete-compositeur?post=123771"},{"taxonomy":"frise","embeddable":true,"href":"https:\/\/www.iemj.org\/it\/wp-json\/wp\/v2\/frise?post=123771"},{"taxonomy":"type-devenement","embeddable":true,"href":"https:\/\/www.iemj.org\/it\/wp-json\/wp\/v2\/type-devenement?post=123771"},{"taxonomy":"tableaux-liens-externes","embeddable":true,"href":"https:\/\/www.iemj.org\/it\/wp-json\/wp\/v2\/tableaux-liens-externes?post=123771"}],"curies":[{"name":"wp","href":"https:\/\/api.w.org\/{rel}","templated":true}]}}