{"id":126747,"date":"2025-10-13T15:47:40","date_gmt":"2025-10-13T13:47:40","guid":{"rendered":"https:\/\/www.iemj.org\/weiss-psalms-and-hymns-the-echo-of-the-temple\/"},"modified":"2025-10-14T10:15:27","modified_gmt":"2025-10-14T08:15:27","slug":"weiss-psalms-and-hymns-the-echo-of-the-temple","status":"publish","type":"post","link":"https:\/\/www.iemj.org\/it\/weiss-psalms-and-hymns-the-echo-of-the-temple\/","title":{"rendered":"Weiss \u2013 Psalms and Hymns &amp; The echo of the temple"},"content":{"rendered":"\n<p><a>CD <em>Weiss \u2013 Psalm and Hymns<\/em>, pubblicato il 3 novembre 2023 presso <\/a><a href=\"https:\/\/propermusic.com\/collections\/dux-recording-producers\" target=\"_blank\" rel=\"noreferrer noopener\"><strong>DUX Recording Producers<\/strong><\/a><\/p>\n\n\n\n<p>CD <em>The echo of the Temple<\/em>, pubblicato il 9 novembre 2023 presso <a href=\"https:\/\/opus-series.com\/index.php?lang=pl&amp;p=sklep&amp;f=&amp;c=&amp;t=&amp;st=&amp;o=&amp;pid=154&amp;page=0\" target=\"_blank\" rel=\"noreferrer noopener\"><strong>Opus Series &#8211; Requiem Records<\/strong><\/a><\/p>\n\n\n\n<p>Il 17 marzo 2025, il musicologo ed organista polacco <a href=\"https:\/\/www.stefek.art\/eng\" target=\"_blank\" rel=\"noreferrer noopener\"><strong>Jakub Stefek<\/strong><\/a> ha consegnato all&#8217;Istituto Europeo di Musiche Ebraiche due CD ed un LP frutto delle sue ricerche sulla musica sinagogale in Polonia, presente e passata. Scoprite le opere di Jacob Weiss, Adam Por\u0119bski, Aleksandra Chmielewska, Anna Maria Huszcza, Drius Przybylski, Marcin Tadeusz Lukaszewski e Ignace Zalewski.<\/p>\n\n\n\n<div style=\"height:15px\" aria-hidden=\"true\" class=\"wp-block-spacer\"><\/div>\n\n\n\n<p><img fetchpriority=\"high\" decoding=\"async\" class=\"alignright size-medium wp-image-126673\" src=\"https:\/\/www.iemj.org\/wp-content\/uploads\/2025\/10\/CD_2110_VIG-300x267.jpg\" alt=\"\" width=\"300\" height=\"267\" srcset=\"https:\/\/www.iemj.org\/wp-content\/uploads\/2025\/10\/CD_2110_VIG-300x267.jpg 300w, https:\/\/www.iemj.org\/wp-content\/uploads\/2025\/10\/CD_2110_VIG.jpg 500w\" sizes=\"(max-width: 300px) 100vw, 300px\" \/>Il CD <strong><em>Weiss \u2013 Psalms and Hymns<\/em><\/strong> ci propone in anteprima mondiale la musica di Jacob Leopold Lejb Weiss (1825-1889), cantore di una delle sinagoghe di Varsavia nel XIX secolo. Nato nel 1825 a Nitra (Ungheria), Jacob Weiss aveva studiato musica a Vienna, in particolare con il compositore e cantore <a href=\"https:\/\/www.iemj.org\/it\/sulzer-salomon-1804-1890\/\" target=\"_blank\" rel=\"noopener\">Salomon Sulzer (1804-1890)<\/a>,uno dei promotori della riforma del canto liturgico nelle sinagoghe di culto riformato. Nel 1860 Weiss divenne il cantore principale della sinagoga tedesca situata in via Danilowiczowska a Varsavia. Qui dirigeva un coro con cui cantava salmi ed inni che accompagnavano la preghiera quotidiana. Fu probabilmente durante il suo ministero in questa sinagoga che Weiss ebbe l&#8217;occasione di familiarizzarsi con la musica del compositore polacco <a href=\"https:\/\/fr.wikipedia.org\/wiki\/Stanis%C5%82aw_Moniuszko\" target=\"_blank\" rel=\"noopener\">Stanislaw Moniuszko<\/a>. L&#8217;influenza di Moniuszko sul linguaggio compositivo di Weiss \u00e8 significativa. Inoltre, questa musica condivide alcune caratteristiche con la musica sinagogale riformata che, rompendo con le regole religiose rabbiniche, ha permesso agli strumenti di esprimersi, compreso l&#8217;organo. Nel 1873 Weiss occup\u00f2 una posizione di cantore a Vilnius prima di tornare a Varsavia tre anni dopo. Nel 1879 divenne insegnante di canto, pur continuando la sua attivit\u00e0 di cantore e compositore. Sebbene la sua musica fosse ampiamente eseguita, cadde in povert\u00e0 e mor\u00ec il 21 agosto 1889. La sua opera continu\u00f2 ad essere eseguita nelle sinagoghe e nelle case private fino alla seconda guerra mondiale, prima di cadere nell&#8217;oblio. Ad oggi, le uniche composizioni conosciute di Weiss figurano in una raccolta della <em>Musikalischen Synagogen-Bibliothek: Ozar Schire Jeschurun<\/em> in due volumi pubblicati nel 1873 e nel 1881.<\/p>\n<p>Oltre alle opere di Weiss, questo CD propone quattro preludi di Joseph Sulzer, il figlio minore di Salomon Sulzer.<\/p>\n\n\n\n<div style=\"height:15px\" aria-hidden=\"true\" class=\"wp-block-spacer\"><\/div>\n\n\n\n<p><img decoding=\"async\" class=\"alignleft size-full wp-image-126678\" src=\"https:\/\/www.iemj.org\/wp-content\/uploads\/2025\/10\/Jakub-Stefek.jpeg\" alt=\"\" width=\"259\" height=\"194\" \/>In questo CD l&#8217;organo \u00e8 suonato da <a href=\"https:\/\/www.stefek.art\/eng\" target=\"_blank\" rel=\"noopener\">Jakub Stefek<\/a>, organista della sinagoga di Pestalozzistrasse a Berlino ed autore di una pubblicazione sulla musica ebraica per organo. Gli assoli del cantore sono interpretati da Isidoro Abramowicz, direttore musicale della sinagoga Pestalozzistrasse di Berlino nonch\u00e9 uno dei pi\u00f9 importanti interpreti di musica sinagogale. Il Coro da camera dell&#8217;Accademia delle Belle Arti di Szczecin \u00e8 diretto da Barbara Halec.<\/p>\n\n\n\n<div style=\"height:23px\" aria-hidden=\"true\" class=\"wp-block-spacer\"><\/div>\n\n\n\n<figure class=\"wp-block-embed is-type-video is-provider-youtube wp-block-embed-youtube wp-embed-aspect-4-3 wp-has-aspect-ratio\"><div class=\"wp-block-embed__wrapper\">\n<iframe title=\"Psalm 93: Gott Regiert\" width=\"640\" height=\"480\" src=\"https:\/\/www.youtube.com\/embed\/4BTaHiw1tdc?feature=oembed\" frameborder=\"0\" allow=\"accelerometer; autoplay; clipboard-write; encrypted-media; gyroscope; picture-in-picture; web-share\" referrerpolicy=\"strict-origin-when-cross-origin\" allowfullscreen><\/iframe>\n<\/div><\/figure>\n\n\n\n<div style=\"height:15px\" aria-hidden=\"true\" class=\"wp-block-spacer\"><\/div>\n\n\n\n<p><img decoding=\"async\" class=\"size-medium wp-image-126683 alignright\" src=\"https:\/\/www.iemj.org\/wp-content\/uploads\/2025\/10\/The-echo_Couv-300x296.jpg\" alt=\"\" width=\"300\" height=\"296\" srcset=\"https:\/\/www.iemj.org\/wp-content\/uploads\/2025\/10\/The-echo_Couv-300x296.jpg 300w, https:\/\/www.iemj.org\/wp-content\/uploads\/2025\/10\/The-echo_Couv-100x100.jpg 100w, https:\/\/www.iemj.org\/wp-content\/uploads\/2025\/10\/The-echo_Couv.jpg 500w\" sizes=\"(max-width: 300px) 100vw, 300px\" \/>Il CD <strong><em>The Echo of the Temple<\/em><\/strong> \u00e8 frutto di una commissione di Jakub Stefek a sei compositori contemporanei di brani per organo ispirati alla tradizione sinagogale: Adam Por\u0119bski, Aleksandra Chmielewska, Anna Maria Huszcza, Marcin Tadeusz \u0141ukaszewski, Dariusz Przybylski e Ignacy Zalewski.<\/p>\n<p>\u00ab Nel XIX secolo, l&#8217;idea della riforma liturgica ebraica consisteva nel prendere antiche melodie ebraiche e combinarle con un linguaggio musicale contemporaneo. Quando ho appreso questa storia, tra l&#8217;altro mentre lavoravo alla mia tesi di dottorato, ho pensato che il prossimo capitolo di questa storia, interrotta dalla guerra, sarebbe stato quello di ricreare questo processo oggi, nel XXI secolo \u00bb, spiega Jakub Stefek. \u00ab \u00c8 cos\u00ec che \u00e8 nato questo progetto, nell&#8217;ambito del quale sei compositori polacchi della giovane generazione hanno creato opere ispirate a questa idea. Ognuno ha affrontato il tema a modo suo. Adam Por\u0119bski ha lavorato sui canti di Abraham Lichtenstein, un cantore di Szczecin del XIX secolo: prima in una versione per cantore, coro ed organo, poi per organo solo. Aleksandra Chmielewska e Dariusz Przybylski hanno creato opere impressionanti basate su due melodie del Kaddish annotate da Louis Lewandowski. Anna Huszcza ha scelto la melodia di Louis Lewandowski tratta da tre volumi monumentali, rendendo cos\u00ec omaggio alla tradizione dell&#8217;organo. Marcin \u0141ukaszewski ha combinato due delle melodie ebraiche pi\u00f9 famose al mondo, Kol Nidre ed Hava Nagila, creando cos\u00ec un ponte tra il sacro ed il profano. Ignacy Zalewski, in un&#8217;opera molto personale, ha spostato l&#8217;accento dalla melodia al timbro, orientandosi nella direzione che la musica ebraica per organo stava prendendo poco prima della seconda guerra mondiale. Il titolo stesso \u201cEco del Tempio\u201d ha diversi significati. Da un lato, fa riferimento alle prime testimonianze sull&#8217;strumentazione del Tempio di Gerusalemme. D&#8217;altra parte, le numerose sinagoghe riformate in cui risuonava l&#8217;organo hanno ricevuto il nome di \u201cTempio\u201d. Inoltre, la registrazione \u00e8 stata realizzata nel sontuoso edificio della collegiata di Stargard, la pi\u00f9 alta chiesa gotica a volta della Polonia, in modo che l&#8217;eco fosse integrato nella concezione artistica del suono.<\/p>\n<p>Questo album si riferisce fortemente ad un patrimonio al quale dobbiamo prestare attenzione. La musica d&#8217;organo ebraica \u00e8 la prova che \u00e8 possibile combinare abilmente tradizione e modernit\u00e0. Esiste una via di mezzo tra il rifiuto di tutto ci\u00f2 che \u00e8 nuovo ed il rifiuto di tutto ci\u00f2 che \u00e8 antico. \u00bb<\/p>\n<p>Fonte: <a href=\"https:\/\/muzeum.szczecin.pl\/en\/news\/2136-the-echo-of-the-temple-premiere-of-jakub-stefek-s-music-record.html\" target=\"_blank\" rel=\"noopener\">https:\/\/muzeum.szczecin.pl\/en\/news\/2136-the-echo-of-the-temple-premiere-of-jakub-stefek-s-music-record.html<\/a><\/p>\n\n\n\n<figure class=\"wp-block-embed is-type-video is-provider-youtube wp-block-embed-youtube wp-embed-aspect-4-3 wp-has-aspect-ratio\"><div class=\"wp-block-embed__wrapper\">\n<iframe title=\"Mechalkel chajim bechesed (Shire Bet Haknesset)\" width=\"640\" height=\"480\" src=\"https:\/\/www.youtube.com\/embed\/BmpqjpAkKT8?feature=oembed\" frameborder=\"0\" allow=\"accelerometer; autoplay; clipboard-write; encrypted-media; gyroscope; picture-in-picture; web-share\" referrerpolicy=\"strict-origin-when-cross-origin\" allowfullscreen><\/iframe>\n<\/div><\/figure>\n\n\n\n<ul>\n<li><a href=\"https:\/\/propermusic.com\/products\/jakubstefekbarbarahalecisidoroabramowiczchamberchoiroftheacademyofartinszczecin-weisspsalmsandhymns?srsltid=AfmBOoqE6CCPhDk7sbywcIfnJpB0uyNlsipIXGHVGU4oL539_93-bV0W\">Per saperne di pi\u00f9<\/a> o <a href=\"https:\/\/www.amazon.com\/-\/zh_TW\/Barbara-Isidoro-Abramowicz-Chamber-Szczecin\/dp\/B0C2QT5ZKN\" target=\"_blank\" rel=\"noopener\">ordinare il CD Weiss \u2013 Psalms and Hymns<\/a><\/li>\n<li><a href=\"https:\/\/muzeum.szczecin.pl\/en\/news\/2136-the-echo-of-the-temple-premiere-of-jakub-stefek-s-music-record.html\" target=\"_blank\" rel=\"noopener\">Per saperne di pi\u00f9<\/a> o <a href=\"https:\/\/allegro.pl\/produkt\/the-echo-of-the-temple-jakub-stefek-cd-78069955-ac04-4bf6-bd24-69a8f85432ad?srsltid=AfmBOopall0jtyFOjUAP88rEtw0_5L-MfltZ9yg-ylS9z98TE53-JAGw&amp;offerId=16867936823\" target=\"_blank\" rel=\"noopener\">ordinare il CD The Echo of the Temple<\/a><\/li>\n<li><a href=\"https:\/\/www.iemj.org\/it\/music-of-david-eisenstadt\/\" target=\"_blank\" rel=\"noopener\">Leggi la recensione dell&#8217;album Music of David Eisenstadt<\/a><\/li>\n<li><a href=\"https:\/\/www.iemj.org\/it\/lorgue-dans-la-tradition-juive\/\" target=\"_blank\" rel=\"noopener\">Leggi l&#8217;articolo L&#8217;organo nella tradizione ebraica<\/a><\/li>\n<\/ul>\n\n\n\n<figure class=\"wp-block-image alignwide size-large\"><img loading=\"lazy\" decoding=\"async\" width=\"1024\" height=\"133\" src=\"https:\/\/www.iemj.org\/wp-content\/uploads\/2024\/03\/AUDIO-PLAYER-1024x133.png\" alt=\"\" class=\"wp-image-110608\" srcset=\"https:\/\/www.iemj.org\/wp-content\/uploads\/2024\/03\/AUDIO-PLAYER-1024x133.png 1024w, https:\/\/www.iemj.org\/wp-content\/uploads\/2024\/03\/AUDIO-PLAYER-300x39.png 300w, https:\/\/www.iemj.org\/wp-content\/uploads\/2024\/03\/AUDIO-PLAYER-768x100.png 768w, https:\/\/www.iemj.org\/wp-content\/uploads\/2024\/03\/AUDIO-PLAYER-600x78.png 600w, https:\/\/www.iemj.org\/wp-content\/uploads\/2024\/03\/AUDIO-PLAYER.png 1210w\" sizes=\"(max-width: 1024px) 100vw, 1024px\" \/><\/figure>\n\n\n\n<p class=\"has-text-align-center\"><strong>Ascolta alcuni estratti qui sotto<\/strong><\/p>\n\n\n\n<p><\/p>\n","protected":false},"excerpt":{"rendered":"<p>CD Weiss \u2013 Psalm and Hymns, pubblicato il 3 novembre 2023 presso DUX Recording Producers CD The echo of the Temple, pubblicato il 9 novembre 2023 presso Opus Series &#8211;<\/p>\n","protected":false},"author":5,"featured_media":126651,"comment_status":"closed","ping_status":"closed","sticky":false,"template":"","format":"standard","meta":{"_acf_changed":false,"footnotes":""},"categories":[1569,1564],"tags":[4033],"technique":[],"squelettes":[],"sujet":[],"formation":[],"genre":[],"fonds":[],"tradition":[],"type-de-contenu":[],"interprete-compositeur":[],"frise":[],"type-devenement":[],"tableaux-liens-externes":[],"class_list":["post-126747","post","type-post","status-publish","format-standard","has-post-thumbnail","hentry","category-cd-it","category-ultimi-acquisti-it","tag-polonia-it"],"acf":[],"yoast_head":"<!-- This site is optimized with the Yoast SEO plugin v27.3 - https:\/\/yoast.com\/product\/yoast-seo-wordpress\/ -->\n<title>Weiss \u2013 Psalms and Hymns &amp; The echo of the temple - Institut Europ\u00e9en des Musiques Juives<\/title>\n<meta name=\"robots\" content=\"index, follow, max-snippet:-1, max-image-preview:large, max-video-preview:-1\" \/>\n<link rel=\"canonical\" href=\"https:\/\/www.iemj.org\/it\/weiss-psalms-and-hymns-the-echo-of-the-temple\/\" \/>\n<meta property=\"og:locale\" content=\"it_IT\" \/>\n<meta property=\"og:type\" content=\"article\" \/>\n<meta property=\"og:title\" content=\"Weiss \u2013 Psalms and Hymns &amp; The echo of the temple - Institut Europ\u00e9en des Musiques Juives\" \/>\n<meta property=\"og:description\" content=\"CD Weiss \u2013 Psalm and Hymns, pubblicato il 3 novembre 2023 presso DUX Recording Producers CD The echo of the Temple, pubblicato il 9 novembre 2023 presso Opus Series &#8211;\" \/>\n<meta property=\"og:url\" content=\"https:\/\/www.iemj.org\/it\/weiss-psalms-and-hymns-the-echo-of-the-temple\/\" \/>\n<meta property=\"og:site_name\" content=\"Institut Europ\u00e9en des Musiques Juives\" \/>\n<meta property=\"article:publisher\" content=\"https:\/\/www.facebook.com\/MusiquesJuives\/\" \/>\n<meta property=\"article:published_time\" content=\"2025-10-13T13:47:40+00:00\" \/>\n<meta property=\"article:modified_time\" content=\"2025-10-14T08:15:27+00:00\" \/>\n<meta property=\"og:image\" content=\"https:\/\/www.iemj.org\/wp-content\/uploads\/2025\/10\/Logo-article-2-CD-Psalms-The-echo.jpg\" \/>\n\t<meta property=\"og:image:width\" content=\"500\" \/>\n\t<meta property=\"og:image:height\" content=\"500\" \/>\n\t<meta property=\"og:image:type\" content=\"image\/jpeg\" \/>\n<meta name=\"author\" content=\"Jacqueline ROTEN\" \/>\n<meta name=\"twitter:card\" content=\"summary_large_image\" \/>\n<meta name=\"twitter:label1\" content=\"Scritto da\" \/>\n\t<meta name=\"twitter:data1\" content=\"Jacqueline ROTEN\" \/>\n\t<meta name=\"twitter:label2\" content=\"Tempo di lettura stimato\" \/>\n\t<meta name=\"twitter:data2\" content=\"6 minuti\" \/>\n<script type=\"application\/ld+json\" class=\"yoast-schema-graph\">{\"@context\":\"https:\\\/\\\/schema.org\",\"@graph\":[{\"@type\":\"Article\",\"@id\":\"https:\\\/\\\/www.iemj.org\\\/it\\\/weiss-psalms-and-hymns-the-echo-of-the-temple\\\/#article\",\"isPartOf\":{\"@id\":\"https:\\\/\\\/www.iemj.org\\\/it\\\/weiss-psalms-and-hymns-the-echo-of-the-temple\\\/\"},\"author\":{\"name\":\"Jacqueline ROTEN\",\"@id\":\"https:\\\/\\\/www.iemj.org\\\/it\\\/#\\\/schema\\\/person\\\/358e26c18aca017fcc4cc15437f7279c\"},\"headline\":\"Weiss \u2013 Psalms and Hymns &amp; The echo of the temple\",\"datePublished\":\"2025-10-13T13:47:40+00:00\",\"dateModified\":\"2025-10-14T08:15:27+00:00\",\"mainEntityOfPage\":{\"@id\":\"https:\\\/\\\/www.iemj.org\\\/it\\\/weiss-psalms-and-hymns-the-echo-of-the-temple\\\/\"},\"wordCount\":880,\"publisher\":{\"@id\":\"https:\\\/\\\/www.iemj.org\\\/it\\\/#organization\"},\"image\":{\"@id\":\"https:\\\/\\\/www.iemj.org\\\/it\\\/weiss-psalms-and-hymns-the-echo-of-the-temple\\\/#primaryimage\"},\"thumbnailUrl\":\"https:\\\/\\\/www.iemj.org\\\/wp-content\\\/uploads\\\/2025\\\/10\\\/Logo-article-2-CD-Psalms-The-echo.jpg\",\"keywords\":[\"Polonia\"],\"articleSection\":[\"CD\",\"Ultimi acquisti\"],\"inLanguage\":\"it-IT\"},{\"@type\":\"WebPage\",\"@id\":\"https:\\\/\\\/www.iemj.org\\\/it\\\/weiss-psalms-and-hymns-the-echo-of-the-temple\\\/\",\"url\":\"https:\\\/\\\/www.iemj.org\\\/it\\\/weiss-psalms-and-hymns-the-echo-of-the-temple\\\/\",\"name\":\"Weiss \u2013 Psalms and Hymns &amp; The echo of the temple - Institut Europ\u00e9en des Musiques Juives\",\"isPartOf\":{\"@id\":\"https:\\\/\\\/www.iemj.org\\\/it\\\/#website\"},\"primaryImageOfPage\":{\"@id\":\"https:\\\/\\\/www.iemj.org\\\/it\\\/weiss-psalms-and-hymns-the-echo-of-the-temple\\\/#primaryimage\"},\"image\":{\"@id\":\"https:\\\/\\\/www.iemj.org\\\/it\\\/weiss-psalms-and-hymns-the-echo-of-the-temple\\\/#primaryimage\"},\"thumbnailUrl\":\"https:\\\/\\\/www.iemj.org\\\/wp-content\\\/uploads\\\/2025\\\/10\\\/Logo-article-2-CD-Psalms-The-echo.jpg\",\"datePublished\":\"2025-10-13T13:47:40+00:00\",\"dateModified\":\"2025-10-14T08:15:27+00:00\",\"breadcrumb\":{\"@id\":\"https:\\\/\\\/www.iemj.org\\\/it\\\/weiss-psalms-and-hymns-the-echo-of-the-temple\\\/#breadcrumb\"},\"inLanguage\":\"it-IT\",\"potentialAction\":[{\"@type\":\"ReadAction\",\"target\":[\"https:\\\/\\\/www.iemj.org\\\/it\\\/weiss-psalms-and-hymns-the-echo-of-the-temple\\\/\"]}]},{\"@type\":\"ImageObject\",\"inLanguage\":\"it-IT\",\"@id\":\"https:\\\/\\\/www.iemj.org\\\/it\\\/weiss-psalms-and-hymns-the-echo-of-the-temple\\\/#primaryimage\",\"url\":\"https:\\\/\\\/www.iemj.org\\\/wp-content\\\/uploads\\\/2025\\\/10\\\/Logo-article-2-CD-Psalms-The-echo.jpg\",\"contentUrl\":\"https:\\\/\\\/www.iemj.org\\\/wp-content\\\/uploads\\\/2025\\\/10\\\/Logo-article-2-CD-Psalms-The-echo.jpg\",\"width\":500,\"height\":500},{\"@type\":\"BreadcrumbList\",\"@id\":\"https:\\\/\\\/www.iemj.org\\\/it\\\/weiss-psalms-and-hymns-the-echo-of-the-temple\\\/#breadcrumb\",\"itemListElement\":[{\"@type\":\"ListItem\",\"position\":1,\"name\":\"Accueil\",\"item\":\"https:\\\/\\\/www.iemj.org\\\/it\\\/\"},{\"@type\":\"ListItem\",\"position\":2,\"name\":\"Weiss \u2013 Psalms and Hymns &amp; The echo of the temple\"}]},{\"@type\":\"WebSite\",\"@id\":\"https:\\\/\\\/www.iemj.org\\\/it\\\/#website\",\"url\":\"https:\\\/\\\/www.iemj.org\\\/it\\\/\",\"name\":\"Institut Europ\u00e9en des Musiques Juives\",\"description\":\"Des traditions musicales \u00e0 la port\u00e9e de tous\",\"publisher\":{\"@id\":\"https:\\\/\\\/www.iemj.org\\\/it\\\/#organization\"},\"potentialAction\":[{\"@type\":\"SearchAction\",\"target\":{\"@type\":\"EntryPoint\",\"urlTemplate\":\"https:\\\/\\\/www.iemj.org\\\/it\\\/?s={search_term_string}\"},\"query-input\":{\"@type\":\"PropertyValueSpecification\",\"valueRequired\":true,\"valueName\":\"search_term_string\"}}],\"inLanguage\":\"it-IT\"},{\"@type\":\"Organization\",\"@id\":\"https:\\\/\\\/www.iemj.org\\\/it\\\/#organization\",\"name\":\"Institut Europ\u00e9en des Musiques Juives\",\"url\":\"https:\\\/\\\/www.iemj.org\\\/it\\\/\",\"logo\":{\"@type\":\"ImageObject\",\"inLanguage\":\"it-IT\",\"@id\":\"https:\\\/\\\/www.iemj.org\\\/it\\\/#\\\/schema\\\/logo\\\/image\\\/\",\"url\":\"https:\\\/\\\/www.iemj.org\\\/wp-content\\\/uploads\\\/2021\\\/09\\\/Logo-IEMJ-Paypal.jpg\",\"contentUrl\":\"https:\\\/\\\/www.iemj.org\\\/wp-content\\\/uploads\\\/2021\\\/09\\\/Logo-IEMJ-Paypal.jpg\",\"width\":150,\"height\":50,\"caption\":\"Institut Europ\u00e9en des Musiques Juives\"},\"image\":{\"@id\":\"https:\\\/\\\/www.iemj.org\\\/it\\\/#\\\/schema\\\/logo\\\/image\\\/\"},\"sameAs\":[\"https:\\\/\\\/www.facebook.com\\\/MusiquesJuives\\\/\",\"https:\\\/\\\/www.instagram.com\\\/musiquesjuives\\\/\",\"https:\\\/\\\/www.youtube.com\\\/user\\\/musiquesjuives\"]},{\"@type\":\"Person\",\"@id\":\"https:\\\/\\\/www.iemj.org\\\/it\\\/#\\\/schema\\\/person\\\/358e26c18aca017fcc4cc15437f7279c\",\"name\":\"Jacqueline ROTEN\",\"image\":{\"@type\":\"ImageObject\",\"inLanguage\":\"it-IT\",\"@id\":\"https:\\\/\\\/secure.gravatar.com\\\/avatar\\\/5964256d6c6957de3a3505278957e0fb2a35119ac47ea41827a65301213c810b?s=96&d=mm&r=g\",\"url\":\"https:\\\/\\\/secure.gravatar.com\\\/avatar\\\/5964256d6c6957de3a3505278957e0fb2a35119ac47ea41827a65301213c810b?s=96&d=mm&r=g\",\"contentUrl\":\"https:\\\/\\\/secure.gravatar.com\\\/avatar\\\/5964256d6c6957de3a3505278957e0fb2a35119ac47ea41827a65301213c810b?s=96&d=mm&r=g\",\"caption\":\"Jacqueline ROTEN\"}}]}<\/script>\n<!-- \/ Yoast SEO plugin. -->","yoast_head_json":{"title":"Weiss \u2013 Psalms and Hymns &amp; The echo of the temple - Institut Europ\u00e9en des Musiques Juives","robots":{"index":"index","follow":"follow","max-snippet":"max-snippet:-1","max-image-preview":"max-image-preview:large","max-video-preview":"max-video-preview:-1"},"canonical":"https:\/\/www.iemj.org\/it\/weiss-psalms-and-hymns-the-echo-of-the-temple\/","og_locale":"it_IT","og_type":"article","og_title":"Weiss \u2013 Psalms and Hymns &amp; The echo of the temple - Institut Europ\u00e9en des Musiques Juives","og_description":"CD Weiss \u2013 Psalm and Hymns, pubblicato il 3 novembre 2023 presso DUX Recording Producers CD The echo of the Temple, pubblicato il 9 novembre 2023 presso Opus Series &#8211;","og_url":"https:\/\/www.iemj.org\/it\/weiss-psalms-and-hymns-the-echo-of-the-temple\/","og_site_name":"Institut Europ\u00e9en des Musiques Juives","article_publisher":"https:\/\/www.facebook.com\/MusiquesJuives\/","article_published_time":"2025-10-13T13:47:40+00:00","article_modified_time":"2025-10-14T08:15:27+00:00","og_image":[{"width":500,"height":500,"url":"https:\/\/www.iemj.org\/wp-content\/uploads\/2025\/10\/Logo-article-2-CD-Psalms-The-echo.jpg","type":"image\/jpeg"}],"author":"Jacqueline ROTEN","twitter_card":"summary_large_image","twitter_misc":{"Scritto da":"Jacqueline ROTEN","Tempo di lettura stimato":"6 minuti"},"schema":{"@context":"https:\/\/schema.org","@graph":[{"@type":"Article","@id":"https:\/\/www.iemj.org\/it\/weiss-psalms-and-hymns-the-echo-of-the-temple\/#article","isPartOf":{"@id":"https:\/\/www.iemj.org\/it\/weiss-psalms-and-hymns-the-echo-of-the-temple\/"},"author":{"name":"Jacqueline ROTEN","@id":"https:\/\/www.iemj.org\/it\/#\/schema\/person\/358e26c18aca017fcc4cc15437f7279c"},"headline":"Weiss \u2013 Psalms and Hymns &amp; The echo of the temple","datePublished":"2025-10-13T13:47:40+00:00","dateModified":"2025-10-14T08:15:27+00:00","mainEntityOfPage":{"@id":"https:\/\/www.iemj.org\/it\/weiss-psalms-and-hymns-the-echo-of-the-temple\/"},"wordCount":880,"publisher":{"@id":"https:\/\/www.iemj.org\/it\/#organization"},"image":{"@id":"https:\/\/www.iemj.org\/it\/weiss-psalms-and-hymns-the-echo-of-the-temple\/#primaryimage"},"thumbnailUrl":"https:\/\/www.iemj.org\/wp-content\/uploads\/2025\/10\/Logo-article-2-CD-Psalms-The-echo.jpg","keywords":["Polonia"],"articleSection":["CD","Ultimi acquisti"],"inLanguage":"it-IT"},{"@type":"WebPage","@id":"https:\/\/www.iemj.org\/it\/weiss-psalms-and-hymns-the-echo-of-the-temple\/","url":"https:\/\/www.iemj.org\/it\/weiss-psalms-and-hymns-the-echo-of-the-temple\/","name":"Weiss \u2013 Psalms and Hymns &amp; The echo of the temple - Institut Europ\u00e9en des Musiques Juives","isPartOf":{"@id":"https:\/\/www.iemj.org\/it\/#website"},"primaryImageOfPage":{"@id":"https:\/\/www.iemj.org\/it\/weiss-psalms-and-hymns-the-echo-of-the-temple\/#primaryimage"},"image":{"@id":"https:\/\/www.iemj.org\/it\/weiss-psalms-and-hymns-the-echo-of-the-temple\/#primaryimage"},"thumbnailUrl":"https:\/\/www.iemj.org\/wp-content\/uploads\/2025\/10\/Logo-article-2-CD-Psalms-The-echo.jpg","datePublished":"2025-10-13T13:47:40+00:00","dateModified":"2025-10-14T08:15:27+00:00","breadcrumb":{"@id":"https:\/\/www.iemj.org\/it\/weiss-psalms-and-hymns-the-echo-of-the-temple\/#breadcrumb"},"inLanguage":"it-IT","potentialAction":[{"@type":"ReadAction","target":["https:\/\/www.iemj.org\/it\/weiss-psalms-and-hymns-the-echo-of-the-temple\/"]}]},{"@type":"ImageObject","inLanguage":"it-IT","@id":"https:\/\/www.iemj.org\/it\/weiss-psalms-and-hymns-the-echo-of-the-temple\/#primaryimage","url":"https:\/\/www.iemj.org\/wp-content\/uploads\/2025\/10\/Logo-article-2-CD-Psalms-The-echo.jpg","contentUrl":"https:\/\/www.iemj.org\/wp-content\/uploads\/2025\/10\/Logo-article-2-CD-Psalms-The-echo.jpg","width":500,"height":500},{"@type":"BreadcrumbList","@id":"https:\/\/www.iemj.org\/it\/weiss-psalms-and-hymns-the-echo-of-the-temple\/#breadcrumb","itemListElement":[{"@type":"ListItem","position":1,"name":"Accueil","item":"https:\/\/www.iemj.org\/it\/"},{"@type":"ListItem","position":2,"name":"Weiss \u2013 Psalms and Hymns &amp; The echo of the temple"}]},{"@type":"WebSite","@id":"https:\/\/www.iemj.org\/it\/#website","url":"https:\/\/www.iemj.org\/it\/","name":"Institut Europ\u00e9en des Musiques Juives","description":"Des traditions musicales \u00e0 la port\u00e9e de tous","publisher":{"@id":"https:\/\/www.iemj.org\/it\/#organization"},"potentialAction":[{"@type":"SearchAction","target":{"@type":"EntryPoint","urlTemplate":"https:\/\/www.iemj.org\/it\/?s={search_term_string}"},"query-input":{"@type":"PropertyValueSpecification","valueRequired":true,"valueName":"search_term_string"}}],"inLanguage":"it-IT"},{"@type":"Organization","@id":"https:\/\/www.iemj.org\/it\/#organization","name":"Institut Europ\u00e9en des Musiques Juives","url":"https:\/\/www.iemj.org\/it\/","logo":{"@type":"ImageObject","inLanguage":"it-IT","@id":"https:\/\/www.iemj.org\/it\/#\/schema\/logo\/image\/","url":"https:\/\/www.iemj.org\/wp-content\/uploads\/2021\/09\/Logo-IEMJ-Paypal.jpg","contentUrl":"https:\/\/www.iemj.org\/wp-content\/uploads\/2021\/09\/Logo-IEMJ-Paypal.jpg","width":150,"height":50,"caption":"Institut Europ\u00e9en des Musiques Juives"},"image":{"@id":"https:\/\/www.iemj.org\/it\/#\/schema\/logo\/image\/"},"sameAs":["https:\/\/www.facebook.com\/MusiquesJuives\/","https:\/\/www.instagram.com\/musiquesjuives\/","https:\/\/www.youtube.com\/user\/musiquesjuives"]},{"@type":"Person","@id":"https:\/\/www.iemj.org\/it\/#\/schema\/person\/358e26c18aca017fcc4cc15437f7279c","name":"Jacqueline ROTEN","image":{"@type":"ImageObject","inLanguage":"it-IT","@id":"https:\/\/secure.gravatar.com\/avatar\/5964256d6c6957de3a3505278957e0fb2a35119ac47ea41827a65301213c810b?s=96&d=mm&r=g","url":"https:\/\/secure.gravatar.com\/avatar\/5964256d6c6957de3a3505278957e0fb2a35119ac47ea41827a65301213c810b?s=96&d=mm&r=g","contentUrl":"https:\/\/secure.gravatar.com\/avatar\/5964256d6c6957de3a3505278957e0fb2a35119ac47ea41827a65301213c810b?s=96&d=mm&r=g","caption":"Jacqueline ROTEN"}}]}},"_links":{"self":[{"href":"https:\/\/www.iemj.org\/it\/wp-json\/wp\/v2\/posts\/126747","targetHints":{"allow":["GET"]}}],"collection":[{"href":"https:\/\/www.iemj.org\/it\/wp-json\/wp\/v2\/posts"}],"about":[{"href":"https:\/\/www.iemj.org\/it\/wp-json\/wp\/v2\/types\/post"}],"author":[{"embeddable":true,"href":"https:\/\/www.iemj.org\/it\/wp-json\/wp\/v2\/users\/5"}],"replies":[{"embeddable":true,"href":"https:\/\/www.iemj.org\/it\/wp-json\/wp\/v2\/comments?post=126747"}],"version-history":[{"count":2,"href":"https:\/\/www.iemj.org\/it\/wp-json\/wp\/v2\/posts\/126747\/revisions"}],"predecessor-version":[{"id":126758,"href":"https:\/\/www.iemj.org\/it\/wp-json\/wp\/v2\/posts\/126747\/revisions\/126758"}],"wp:featuredmedia":[{"embeddable":true,"href":"https:\/\/www.iemj.org\/it\/wp-json\/wp\/v2\/media\/126651"}],"wp:attachment":[{"href":"https:\/\/www.iemj.org\/it\/wp-json\/wp\/v2\/media?parent=126747"}],"wp:term":[{"taxonomy":"category","embeddable":true,"href":"https:\/\/www.iemj.org\/it\/wp-json\/wp\/v2\/categories?post=126747"},{"taxonomy":"post_tag","embeddable":true,"href":"https:\/\/www.iemj.org\/it\/wp-json\/wp\/v2\/tags?post=126747"},{"taxonomy":"technique","embeddable":true,"href":"https:\/\/www.iemj.org\/it\/wp-json\/wp\/v2\/technique?post=126747"},{"taxonomy":"squelettes","embeddable":true,"href":"https:\/\/www.iemj.org\/it\/wp-json\/wp\/v2\/squelettes?post=126747"},{"taxonomy":"sujet","embeddable":true,"href":"https:\/\/www.iemj.org\/it\/wp-json\/wp\/v2\/sujet?post=126747"},{"taxonomy":"formation","embeddable":true,"href":"https:\/\/www.iemj.org\/it\/wp-json\/wp\/v2\/formation?post=126747"},{"taxonomy":"genre","embeddable":true,"href":"https:\/\/www.iemj.org\/it\/wp-json\/wp\/v2\/genre?post=126747"},{"taxonomy":"fonds","embeddable":true,"href":"https:\/\/www.iemj.org\/it\/wp-json\/wp\/v2\/fonds?post=126747"},{"taxonomy":"tradition","embeddable":true,"href":"https:\/\/www.iemj.org\/it\/wp-json\/wp\/v2\/tradition?post=126747"},{"taxonomy":"type-de-contenu","embeddable":true,"href":"https:\/\/www.iemj.org\/it\/wp-json\/wp\/v2\/type-de-contenu?post=126747"},{"taxonomy":"interprete-compositeur","embeddable":true,"href":"https:\/\/www.iemj.org\/it\/wp-json\/wp\/v2\/interprete-compositeur?post=126747"},{"taxonomy":"frise","embeddable":true,"href":"https:\/\/www.iemj.org\/it\/wp-json\/wp\/v2\/frise?post=126747"},{"taxonomy":"type-devenement","embeddable":true,"href":"https:\/\/www.iemj.org\/it\/wp-json\/wp\/v2\/type-devenement?post=126747"},{"taxonomy":"tableaux-liens-externes","embeddable":true,"href":"https:\/\/www.iemj.org\/it\/wp-json\/wp\/v2\/tableaux-liens-externes?post=126747"}],"curies":[{"name":"wp","href":"https:\/\/api.w.org\/{rel}","templated":true}]}}