{"id":128231,"date":"2017-11-09T16:45:42","date_gmt":"2017-11-09T15:45:42","guid":{"rendered":"https:\/\/www.iemj.org\/lufteater-theatre-en-lair\/"},"modified":"2025-11-21T15:38:23","modified_gmt":"2025-11-21T14:38:23","slug":"lufteater-theatre-en-lair","status":"publish","type":"post","link":"https:\/\/www.iemj.org\/it\/lufteater-theatre-en-lair\/","title":{"rendered":"Lufteater &#8211; Chorale Lomir Zingen"},"content":{"rendered":"\n<p>Le LufTeater abrite d\u00e9sormais la chorale <strong><em>Lomir Zingen<\/em><\/strong> et monte concerts et spectacles musicaux<\/p>\n\n\n\n<p>Apr\u00e8s une carri\u00e8re de chanteuse dans diverses langues dont principalement le yiddish, Astrid Ruff a eu l\u2019envie de partager son exp\u00e9rience, et a cr\u00e9\u00e9 en 2012 la chorale \u00ab Lomir Zingen \u00bb (Let\u2019s sing ! &#8211; Chantons !).<\/p>\n\n\n\n<p>Le but de cette chorale est de faire conna\u00eetre la culture yiddish dans sa richesse et sa diversit\u00e9 \u00e0 travers la chanson.<\/p>\n\n\n<div class=\"wp-block-image\">\n<figure class=\"aligncenter\"><img fetchpriority=\"high\" decoding=\"async\" width=\"595\" height=\"233\" src=\"https:\/\/www.iemj.org\/wp-content\/uploads\/2017\/11\/Image-Chorale.jpg\" alt=\"\" class=\"wp-image-128220\" srcset=\"https:\/\/www.iemj.org\/wp-content\/uploads\/2017\/11\/Image-Chorale.jpg 595w, https:\/\/www.iemj.org\/wp-content\/uploads\/2017\/11\/Image-Chorale-300x117.jpg 300w\" sizes=\"(max-width: 595px) 100vw, 595px\" \/><\/figure>\n<\/div>\n\n\n<p><\/p>\n\n\n\n<p>Il coro propone due tipi di esibizioni:<\/p>\n\n\n\n<p><strong>1\/ Il concerto<\/strong><\/p>\n\n\n\n<p>I concerti non sono statici, con tutti i cantanti seduti dietro i loro spartiti, ma dinamici, alternando testi introduttivi (in francese) e canzoni in yiddish. I cantanti sono accompagnati da un fisarmonicista. Il concerto comprende canzoni di epoche diverse, stili diversi ed atmosfere diverse. Queste permettono al pubblico di seguire il ritmo, cantare con noi e condividere la nostra gioia di cantare.<\/p>\n\n\n\n<p><strong>2\/ Gli spettacoli<\/strong><\/p>\n\n\n\n<p>Dal 2012, Astrid Ruff ha messo in scena numerosi spettacoli a tema con il coro Lomir Zingen: il Bund, l&#8217;hasidismo, il matrimonio ebraico, l&#8217;emigrazione degli ebrei verso l&#8217;America.<br>Le canzoni, in yiddish, sono precedute e introdotte da lunghi testi teatralizzati e personalizzati. Ogni volta ci sono costumi, accessori, scenografie.<br>L&#8217;ultimo spettacolo messo in scena si chiama \u201cYidn in Amerike\u201d e parla della difficile integrazione degli ebrei in America.<\/p>\n\n\n\n<p>Queste due forme (il concerto, lo spettacolo) sono attualmente in tourn\u00e9e e disponibili.<\/p>\n\n\n\n<p>Coro Lomir Zingen<\/p>\n\n\n\n<p>Direzione: Astrid Ruff<\/p>\n\n\n\n<p>Fisarmonica ed arrangiamenti: Fabrice Kieffer<\/p>\n\n\n\n<p><a href=\"http:\/\/lufteater.free.fr\/\" target=\"_blank\" rel=\"noopener\">Visita il sito web del du LufTeater<\/a><\/p>\n\n\n\n<p><a href=\"https:\/\/www.facebook.com\/lomirzingenStrasbourg?locale=fr_FR\" target=\"_blank\" rel=\"noopener\">Facebook del coro<\/a><\/p>\n","protected":false},"excerpt":{"rendered":"<p>Le LufTeater abrite d\u00e9sormais la chorale Lomir Zingen et monte concerts et spectacles musicaux Apr\u00e8s une carri\u00e8re de chanteuse dans diverses langues dont principalement le yiddish, Astrid Ruff a eu<\/p>\n","protected":false},"author":1048,"featured_media":128232,"comment_status":"closed","ping_status":"closed","sticky":false,"template":"","format":"standard","meta":{"_acf_changed":false,"footnotes":""},"categories":[1423,1520],"tags":[],"technique":[],"squelettes":[],"sujet":[],"formation":[],"genre":[],"fonds":[],"tradition":[],"type-de-contenu":[],"interprete-compositeur":[],"frise":[],"type-devenement":[],"tableaux-liens-externes":[],"class_list":["post-128231","post","type-post","status-publish","format-standard","has-post-thumbnail","hentry","category-link-esterni-it","category-pratiche-amatoriali-it"],"acf":[],"yoast_head":"<!-- This site is optimized with the Yoast SEO plugin v27.3 - https:\/\/yoast.com\/product\/yoast-seo-wordpress\/ -->\n<title>Lufteater - Chorale Lomir Zingen - Institut Europ\u00e9en des Musiques Juives<\/title>\n<meta name=\"robots\" content=\"index, follow, max-snippet:-1, max-image-preview:large, max-video-preview:-1\" \/>\n<link rel=\"canonical\" href=\"https:\/\/www.iemj.org\/it\/lufteater-theatre-en-lair\/\" \/>\n<meta property=\"og:locale\" content=\"it_IT\" \/>\n<meta property=\"og:type\" content=\"article\" \/>\n<meta property=\"og:title\" content=\"Lufteater - Chorale Lomir Zingen - Institut Europ\u00e9en des Musiques Juives\" \/>\n<meta property=\"og:description\" content=\"Le LufTeater abrite d\u00e9sormais la chorale Lomir Zingen et monte concerts et spectacles musicaux Apr\u00e8s une carri\u00e8re de chanteuse dans diverses langues dont principalement le yiddish, Astrid Ruff a eu\" \/>\n<meta property=\"og:url\" content=\"https:\/\/www.iemj.org\/it\/lufteater-theatre-en-lair\/\" \/>\n<meta property=\"og:site_name\" content=\"Institut Europ\u00e9en des Musiques Juives\" \/>\n<meta property=\"article:publisher\" content=\"https:\/\/www.facebook.com\/MusiquesJuives\/\" \/>\n<meta property=\"article:published_time\" content=\"2017-11-09T15:45:42+00:00\" \/>\n<meta property=\"article:modified_time\" content=\"2025-11-21T14:38:23+00:00\" \/>\n<meta property=\"og:image\" content=\"https:\/\/www.iemj.org\/wp-content\/uploads\/2017\/11\/arton2679.jpg\" \/>\n\t<meta property=\"og:image:width\" content=\"300\" \/>\n\t<meta property=\"og:image:height\" content=\"305\" \/>\n\t<meta property=\"og:image:type\" content=\"image\/jpeg\" \/>\n<meta name=\"author\" content=\"Jean-Gabriel Davis\" \/>\n<meta name=\"twitter:card\" content=\"summary_large_image\" \/>\n<meta name=\"twitter:label1\" content=\"Scritto da\" \/>\n\t<meta name=\"twitter:data1\" content=\"Jean-Gabriel Davis\" \/>\n\t<meta name=\"twitter:label2\" content=\"Tempo di lettura stimato\" \/>\n\t<meta name=\"twitter:data2\" content=\"2 minuti\" \/>\n<script type=\"application\/ld+json\" class=\"yoast-schema-graph\">{\"@context\":\"https:\\\/\\\/schema.org\",\"@graph\":[{\"@type\":\"Article\",\"@id\":\"https:\\\/\\\/www.iemj.org\\\/it\\\/lufteater-theatre-en-lair\\\/#article\",\"isPartOf\":{\"@id\":\"https:\\\/\\\/www.iemj.org\\\/it\\\/lufteater-theatre-en-lair\\\/\"},\"author\":{\"name\":\"Jean-Gabriel Davis\",\"@id\":\"https:\\\/\\\/www.iemj.org\\\/it\\\/#\\\/schema\\\/person\\\/c9bc1c386a3749579a2d675e72a18666\"},\"headline\":\"Lufteater &#8211; Chorale Lomir Zingen\",\"datePublished\":\"2017-11-09T15:45:42+00:00\",\"dateModified\":\"2025-11-21T14:38:23+00:00\",\"mainEntityOfPage\":{\"@id\":\"https:\\\/\\\/www.iemj.org\\\/it\\\/lufteater-theatre-en-lair\\\/\"},\"wordCount\":259,\"publisher\":{\"@id\":\"https:\\\/\\\/www.iemj.org\\\/it\\\/#organization\"},\"image\":{\"@id\":\"https:\\\/\\\/www.iemj.org\\\/it\\\/lufteater-theatre-en-lair\\\/#primaryimage\"},\"thumbnailUrl\":\"https:\\\/\\\/www.iemj.org\\\/wp-content\\\/uploads\\\/2017\\\/11\\\/arton2679.jpg\",\"articleSection\":[\"Link esterni\",\"Pratiche amatoriali\"],\"inLanguage\":\"it-IT\"},{\"@type\":\"WebPage\",\"@id\":\"https:\\\/\\\/www.iemj.org\\\/it\\\/lufteater-theatre-en-lair\\\/\",\"url\":\"https:\\\/\\\/www.iemj.org\\\/it\\\/lufteater-theatre-en-lair\\\/\",\"name\":\"Lufteater - Chorale Lomir Zingen - Institut Europ\u00e9en des Musiques Juives\",\"isPartOf\":{\"@id\":\"https:\\\/\\\/www.iemj.org\\\/it\\\/#website\"},\"primaryImageOfPage\":{\"@id\":\"https:\\\/\\\/www.iemj.org\\\/it\\\/lufteater-theatre-en-lair\\\/#primaryimage\"},\"image\":{\"@id\":\"https:\\\/\\\/www.iemj.org\\\/it\\\/lufteater-theatre-en-lair\\\/#primaryimage\"},\"thumbnailUrl\":\"https:\\\/\\\/www.iemj.org\\\/wp-content\\\/uploads\\\/2017\\\/11\\\/arton2679.jpg\",\"datePublished\":\"2017-11-09T15:45:42+00:00\",\"dateModified\":\"2025-11-21T14:38:23+00:00\",\"breadcrumb\":{\"@id\":\"https:\\\/\\\/www.iemj.org\\\/it\\\/lufteater-theatre-en-lair\\\/#breadcrumb\"},\"inLanguage\":\"it-IT\",\"potentialAction\":[{\"@type\":\"ReadAction\",\"target\":[\"https:\\\/\\\/www.iemj.org\\\/it\\\/lufteater-theatre-en-lair\\\/\"]}]},{\"@type\":\"ImageObject\",\"inLanguage\":\"it-IT\",\"@id\":\"https:\\\/\\\/www.iemj.org\\\/it\\\/lufteater-theatre-en-lair\\\/#primaryimage\",\"url\":\"https:\\\/\\\/www.iemj.org\\\/wp-content\\\/uploads\\\/2017\\\/11\\\/arton2679.jpg\",\"contentUrl\":\"https:\\\/\\\/www.iemj.org\\\/wp-content\\\/uploads\\\/2017\\\/11\\\/arton2679.jpg\",\"width\":300,\"height\":305},{\"@type\":\"BreadcrumbList\",\"@id\":\"https:\\\/\\\/www.iemj.org\\\/it\\\/lufteater-theatre-en-lair\\\/#breadcrumb\",\"itemListElement\":[{\"@type\":\"ListItem\",\"position\":1,\"name\":\"Accueil\",\"item\":\"https:\\\/\\\/www.iemj.org\\\/it\\\/\"},{\"@type\":\"ListItem\",\"position\":2,\"name\":\"Lufteater &#8211; Chorale Lomir Zingen\"}]},{\"@type\":\"WebSite\",\"@id\":\"https:\\\/\\\/www.iemj.org\\\/it\\\/#website\",\"url\":\"https:\\\/\\\/www.iemj.org\\\/it\\\/\",\"name\":\"Institut Europ\u00e9en des Musiques Juives\",\"description\":\"Des traditions musicales \u00e0 la port\u00e9e de tous\",\"publisher\":{\"@id\":\"https:\\\/\\\/www.iemj.org\\\/it\\\/#organization\"},\"potentialAction\":[{\"@type\":\"SearchAction\",\"target\":{\"@type\":\"EntryPoint\",\"urlTemplate\":\"https:\\\/\\\/www.iemj.org\\\/it\\\/?s={search_term_string}\"},\"query-input\":{\"@type\":\"PropertyValueSpecification\",\"valueRequired\":true,\"valueName\":\"search_term_string\"}}],\"inLanguage\":\"it-IT\"},{\"@type\":\"Organization\",\"@id\":\"https:\\\/\\\/www.iemj.org\\\/it\\\/#organization\",\"name\":\"Institut Europ\u00e9en des Musiques Juives\",\"url\":\"https:\\\/\\\/www.iemj.org\\\/it\\\/\",\"logo\":{\"@type\":\"ImageObject\",\"inLanguage\":\"it-IT\",\"@id\":\"https:\\\/\\\/www.iemj.org\\\/it\\\/#\\\/schema\\\/logo\\\/image\\\/\",\"url\":\"https:\\\/\\\/www.iemj.org\\\/wp-content\\\/uploads\\\/2021\\\/09\\\/Logo-IEMJ-Paypal.jpg\",\"contentUrl\":\"https:\\\/\\\/www.iemj.org\\\/wp-content\\\/uploads\\\/2021\\\/09\\\/Logo-IEMJ-Paypal.jpg\",\"width\":150,\"height\":50,\"caption\":\"Institut Europ\u00e9en des Musiques Juives\"},\"image\":{\"@id\":\"https:\\\/\\\/www.iemj.org\\\/it\\\/#\\\/schema\\\/logo\\\/image\\\/\"},\"sameAs\":[\"https:\\\/\\\/www.facebook.com\\\/MusiquesJuives\\\/\",\"https:\\\/\\\/www.instagram.com\\\/musiquesjuives\\\/\",\"https:\\\/\\\/www.youtube.com\\\/user\\\/musiquesjuives\"]},{\"@type\":\"Person\",\"@id\":\"https:\\\/\\\/www.iemj.org\\\/it\\\/#\\\/schema\\\/person\\\/c9bc1c386a3749579a2d675e72a18666\",\"name\":\"Jean-Gabriel Davis\",\"image\":{\"@type\":\"ImageObject\",\"inLanguage\":\"it-IT\",\"@id\":\"https:\\\/\\\/secure.gravatar.com\\\/avatar\\\/2b90d67bdf392c9b3a21fab87c0fa7edaf1fb3a058172a1ffd61033fcec7aec1?s=96&d=mm&r=g\",\"url\":\"https:\\\/\\\/secure.gravatar.com\\\/avatar\\\/2b90d67bdf392c9b3a21fab87c0fa7edaf1fb3a058172a1ffd61033fcec7aec1?s=96&d=mm&r=g\",\"contentUrl\":\"https:\\\/\\\/secure.gravatar.com\\\/avatar\\\/2b90d67bdf392c9b3a21fab87c0fa7edaf1fb3a058172a1ffd61033fcec7aec1?s=96&d=mm&r=g\",\"caption\":\"Jean-Gabriel Davis\"}}]}<\/script>\n<!-- \/ Yoast SEO plugin. -->","yoast_head_json":{"title":"Lufteater - Chorale Lomir Zingen - Institut Europ\u00e9en des Musiques Juives","robots":{"index":"index","follow":"follow","max-snippet":"max-snippet:-1","max-image-preview":"max-image-preview:large","max-video-preview":"max-video-preview:-1"},"canonical":"https:\/\/www.iemj.org\/it\/lufteater-theatre-en-lair\/","og_locale":"it_IT","og_type":"article","og_title":"Lufteater - Chorale Lomir Zingen - Institut Europ\u00e9en des Musiques Juives","og_description":"Le LufTeater abrite d\u00e9sormais la chorale Lomir Zingen et monte concerts et spectacles musicaux Apr\u00e8s une carri\u00e8re de chanteuse dans diverses langues dont principalement le yiddish, Astrid Ruff a eu","og_url":"https:\/\/www.iemj.org\/it\/lufteater-theatre-en-lair\/","og_site_name":"Institut Europ\u00e9en des Musiques Juives","article_publisher":"https:\/\/www.facebook.com\/MusiquesJuives\/","article_published_time":"2017-11-09T15:45:42+00:00","article_modified_time":"2025-11-21T14:38:23+00:00","og_image":[{"width":300,"height":305,"url":"https:\/\/www.iemj.org\/wp-content\/uploads\/2017\/11\/arton2679.jpg","type":"image\/jpeg"}],"author":"Jean-Gabriel Davis","twitter_card":"summary_large_image","twitter_misc":{"Scritto da":"Jean-Gabriel Davis","Tempo di lettura stimato":"2 minuti"},"schema":{"@context":"https:\/\/schema.org","@graph":[{"@type":"Article","@id":"https:\/\/www.iemj.org\/it\/lufteater-theatre-en-lair\/#article","isPartOf":{"@id":"https:\/\/www.iemj.org\/it\/lufteater-theatre-en-lair\/"},"author":{"name":"Jean-Gabriel Davis","@id":"https:\/\/www.iemj.org\/it\/#\/schema\/person\/c9bc1c386a3749579a2d675e72a18666"},"headline":"Lufteater &#8211; Chorale Lomir Zingen","datePublished":"2017-11-09T15:45:42+00:00","dateModified":"2025-11-21T14:38:23+00:00","mainEntityOfPage":{"@id":"https:\/\/www.iemj.org\/it\/lufteater-theatre-en-lair\/"},"wordCount":259,"publisher":{"@id":"https:\/\/www.iemj.org\/it\/#organization"},"image":{"@id":"https:\/\/www.iemj.org\/it\/lufteater-theatre-en-lair\/#primaryimage"},"thumbnailUrl":"https:\/\/www.iemj.org\/wp-content\/uploads\/2017\/11\/arton2679.jpg","articleSection":["Link esterni","Pratiche amatoriali"],"inLanguage":"it-IT"},{"@type":"WebPage","@id":"https:\/\/www.iemj.org\/it\/lufteater-theatre-en-lair\/","url":"https:\/\/www.iemj.org\/it\/lufteater-theatre-en-lair\/","name":"Lufteater - Chorale Lomir Zingen - Institut Europ\u00e9en des Musiques Juives","isPartOf":{"@id":"https:\/\/www.iemj.org\/it\/#website"},"primaryImageOfPage":{"@id":"https:\/\/www.iemj.org\/it\/lufteater-theatre-en-lair\/#primaryimage"},"image":{"@id":"https:\/\/www.iemj.org\/it\/lufteater-theatre-en-lair\/#primaryimage"},"thumbnailUrl":"https:\/\/www.iemj.org\/wp-content\/uploads\/2017\/11\/arton2679.jpg","datePublished":"2017-11-09T15:45:42+00:00","dateModified":"2025-11-21T14:38:23+00:00","breadcrumb":{"@id":"https:\/\/www.iemj.org\/it\/lufteater-theatre-en-lair\/#breadcrumb"},"inLanguage":"it-IT","potentialAction":[{"@type":"ReadAction","target":["https:\/\/www.iemj.org\/it\/lufteater-theatre-en-lair\/"]}]},{"@type":"ImageObject","inLanguage":"it-IT","@id":"https:\/\/www.iemj.org\/it\/lufteater-theatre-en-lair\/#primaryimage","url":"https:\/\/www.iemj.org\/wp-content\/uploads\/2017\/11\/arton2679.jpg","contentUrl":"https:\/\/www.iemj.org\/wp-content\/uploads\/2017\/11\/arton2679.jpg","width":300,"height":305},{"@type":"BreadcrumbList","@id":"https:\/\/www.iemj.org\/it\/lufteater-theatre-en-lair\/#breadcrumb","itemListElement":[{"@type":"ListItem","position":1,"name":"Accueil","item":"https:\/\/www.iemj.org\/it\/"},{"@type":"ListItem","position":2,"name":"Lufteater &#8211; Chorale Lomir Zingen"}]},{"@type":"WebSite","@id":"https:\/\/www.iemj.org\/it\/#website","url":"https:\/\/www.iemj.org\/it\/","name":"Institut Europ\u00e9en des Musiques Juives","description":"Des traditions musicales \u00e0 la port\u00e9e de tous","publisher":{"@id":"https:\/\/www.iemj.org\/it\/#organization"},"potentialAction":[{"@type":"SearchAction","target":{"@type":"EntryPoint","urlTemplate":"https:\/\/www.iemj.org\/it\/?s={search_term_string}"},"query-input":{"@type":"PropertyValueSpecification","valueRequired":true,"valueName":"search_term_string"}}],"inLanguage":"it-IT"},{"@type":"Organization","@id":"https:\/\/www.iemj.org\/it\/#organization","name":"Institut Europ\u00e9en des Musiques Juives","url":"https:\/\/www.iemj.org\/it\/","logo":{"@type":"ImageObject","inLanguage":"it-IT","@id":"https:\/\/www.iemj.org\/it\/#\/schema\/logo\/image\/","url":"https:\/\/www.iemj.org\/wp-content\/uploads\/2021\/09\/Logo-IEMJ-Paypal.jpg","contentUrl":"https:\/\/www.iemj.org\/wp-content\/uploads\/2021\/09\/Logo-IEMJ-Paypal.jpg","width":150,"height":50,"caption":"Institut Europ\u00e9en des Musiques Juives"},"image":{"@id":"https:\/\/www.iemj.org\/it\/#\/schema\/logo\/image\/"},"sameAs":["https:\/\/www.facebook.com\/MusiquesJuives\/","https:\/\/www.instagram.com\/musiquesjuives\/","https:\/\/www.youtube.com\/user\/musiquesjuives"]},{"@type":"Person","@id":"https:\/\/www.iemj.org\/it\/#\/schema\/person\/c9bc1c386a3749579a2d675e72a18666","name":"Jean-Gabriel Davis","image":{"@type":"ImageObject","inLanguage":"it-IT","@id":"https:\/\/secure.gravatar.com\/avatar\/2b90d67bdf392c9b3a21fab87c0fa7edaf1fb3a058172a1ffd61033fcec7aec1?s=96&d=mm&r=g","url":"https:\/\/secure.gravatar.com\/avatar\/2b90d67bdf392c9b3a21fab87c0fa7edaf1fb3a058172a1ffd61033fcec7aec1?s=96&d=mm&r=g","contentUrl":"https:\/\/secure.gravatar.com\/avatar\/2b90d67bdf392c9b3a21fab87c0fa7edaf1fb3a058172a1ffd61033fcec7aec1?s=96&d=mm&r=g","caption":"Jean-Gabriel Davis"}}]}},"_links":{"self":[{"href":"https:\/\/www.iemj.org\/it\/wp-json\/wp\/v2\/posts\/128231","targetHints":{"allow":["GET"]}}],"collection":[{"href":"https:\/\/www.iemj.org\/it\/wp-json\/wp\/v2\/posts"}],"about":[{"href":"https:\/\/www.iemj.org\/it\/wp-json\/wp\/v2\/types\/post"}],"author":[{"embeddable":true,"href":"https:\/\/www.iemj.org\/it\/wp-json\/wp\/v2\/users\/1048"}],"replies":[{"embeddable":true,"href":"https:\/\/www.iemj.org\/it\/wp-json\/wp\/v2\/comments?post=128231"}],"version-history":[{"count":2,"href":"https:\/\/www.iemj.org\/it\/wp-json\/wp\/v2\/posts\/128231\/revisions"}],"predecessor-version":[{"id":128243,"href":"https:\/\/www.iemj.org\/it\/wp-json\/wp\/v2\/posts\/128231\/revisions\/128243"}],"wp:featuredmedia":[{"embeddable":true,"href":"https:\/\/www.iemj.org\/it\/wp-json\/wp\/v2\/media\/128232"}],"wp:attachment":[{"href":"https:\/\/www.iemj.org\/it\/wp-json\/wp\/v2\/media?parent=128231"}],"wp:term":[{"taxonomy":"category","embeddable":true,"href":"https:\/\/www.iemj.org\/it\/wp-json\/wp\/v2\/categories?post=128231"},{"taxonomy":"post_tag","embeddable":true,"href":"https:\/\/www.iemj.org\/it\/wp-json\/wp\/v2\/tags?post=128231"},{"taxonomy":"technique","embeddable":true,"href":"https:\/\/www.iemj.org\/it\/wp-json\/wp\/v2\/technique?post=128231"},{"taxonomy":"squelettes","embeddable":true,"href":"https:\/\/www.iemj.org\/it\/wp-json\/wp\/v2\/squelettes?post=128231"},{"taxonomy":"sujet","embeddable":true,"href":"https:\/\/www.iemj.org\/it\/wp-json\/wp\/v2\/sujet?post=128231"},{"taxonomy":"formation","embeddable":true,"href":"https:\/\/www.iemj.org\/it\/wp-json\/wp\/v2\/formation?post=128231"},{"taxonomy":"genre","embeddable":true,"href":"https:\/\/www.iemj.org\/it\/wp-json\/wp\/v2\/genre?post=128231"},{"taxonomy":"fonds","embeddable":true,"href":"https:\/\/www.iemj.org\/it\/wp-json\/wp\/v2\/fonds?post=128231"},{"taxonomy":"tradition","embeddable":true,"href":"https:\/\/www.iemj.org\/it\/wp-json\/wp\/v2\/tradition?post=128231"},{"taxonomy":"type-de-contenu","embeddable":true,"href":"https:\/\/www.iemj.org\/it\/wp-json\/wp\/v2\/type-de-contenu?post=128231"},{"taxonomy":"interprete-compositeur","embeddable":true,"href":"https:\/\/www.iemj.org\/it\/wp-json\/wp\/v2\/interprete-compositeur?post=128231"},{"taxonomy":"frise","embeddable":true,"href":"https:\/\/www.iemj.org\/it\/wp-json\/wp\/v2\/frise?post=128231"},{"taxonomy":"type-devenement","embeddable":true,"href":"https:\/\/www.iemj.org\/it\/wp-json\/wp\/v2\/type-devenement?post=128231"},{"taxonomy":"tableaux-liens-externes","embeddable":true,"href":"https:\/\/www.iemj.org\/it\/wp-json\/wp\/v2\/tableaux-liens-externes?post=128231"}],"curies":[{"name":"wp","href":"https:\/\/api.w.org\/{rel}","templated":true}]}}