{"id":128793,"date":"2026-01-07T18:40:53","date_gmt":"2026-01-07T17:40:53","guid":{"rendered":"https:\/\/www.iemj.org\/du-closel-amaury-1956-2024\/"},"modified":"2026-01-08T16:45:20","modified_gmt":"2026-01-08T15:45:20","slug":"du-closel-amaury-1956-2024","status":"publish","type":"post","link":"https:\/\/www.iemj.org\/it\/du-closel-amaury-1956-2024\/","title":{"rendered":"du Closel, Amaury (1956-2024)"},"content":{"rendered":"\n<h3 class=\"wp-block-heading\">Direttore d&#8217;orchestra e compositore, Amaury du Closel ha creato il Forum Voix Etouff\u00e9es ed ha lavorato instancabilmente per far rivivere la musica di artisti perseguitati dai regimi nazisti e totalitari<\/h3>\n\n\n\n<!--more-->\n\n\n\n<p>Viennese nel cuore, Amaury du Closel nasce il 6 febbraio 1956 a Saint-Cloud.<\/p>\n\n\n\n<p>Studia composizione con Max Deutsch, direzione d&#8217;orchestra al Conservatorio reale di Mons con Alexandre Myrat e segue masterclass a Vienna con Karl Oesterreicher e Sir Charles Mackerras. Durante la stagione 1984\/85 ricopre il ruolo di assistente direttore dell&#8217;Orchestra sinfonica e lirica di Nancy. Nel 1985 vince il 2\u00b0 Concorso internazionale di direzione d&#8217;orchestra \u00abMasterplayers\u00bb a Lugano.<\/p>\n\n\n\n<p>Maestro d&#8217;orchestra, Amaury du Closel ha diretto pi\u00f9 di 80 ensemble in Europa ed Asia. Solo nella stagione 2022-23, si \u00e8 esibito al Concertgebouw di Amsterdam, alla Philharmonie di Berlino con la Berliner Symphoniker, ha effettuato una tourn\u00e9e in numerosi paesi europei (Italia, Germania, Austria, Lituania) ed ha partecipato a diversi festival, tra cui le <em>Folles Journ\u00e9es di Nantes<\/em> ed il <em>Festival de la Chaise-Dieu<\/em>.<\/p>\n\n\n\n<p>Nel 2018 fonda l&#8217;orchestra francese <em>Les M\u00e9tamorphoses<\/em> con la quale tiene circa 120 rappresentazioni, tra cui nuove produzioni come <em>La Traviata<\/em> di Giuseppe Verdi o L<em>e nozze di Figaro<\/em> di Mozart, in collaborazione con la compagnia lirica <em>Op\u00e9ra Nomade<\/em>, di cui \u00e8 direttore musicale dal 2000.<\/p>\n\n\n<div class=\"wp-block-image\">\n<figure class=\"aligncenter size-full\"><img fetchpriority=\"high\" decoding=\"async\" width=\"850\" height=\"352\" src=\"https:\/\/www.iemj.org\/wp-content\/uploads\/2026\/01\/Orchestre-les-metamorphoses_redim.jpg\" alt=\"\" class=\"wp-image-128688\" srcset=\"https:\/\/www.iemj.org\/wp-content\/uploads\/2026\/01\/Orchestre-les-metamorphoses_redim.jpg 850w, https:\/\/www.iemj.org\/wp-content\/uploads\/2026\/01\/Orchestre-les-metamorphoses_redim-300x124.jpg 300w, https:\/\/www.iemj.org\/wp-content\/uploads\/2026\/01\/Orchestre-les-metamorphoses_redim-768x318.jpg 768w, https:\/\/www.iemj.org\/wp-content\/uploads\/2026\/01\/Orchestre-les-metamorphoses_redim-600x248.jpg 600w\" sizes=\"(max-width: 850px) 100vw, 850px\" \/><figcaption class=\"wp-element-caption\"><strong>Orchestra<\/strong> <strong>les M\u00e9tamorphoses<\/strong><\/figcaption><\/figure>\n<\/div>\n\n\n<p>Oltre alla carriera di direttore d&#8217;orchestra, Amaury du Closel si distingue anche come compositore: il suo catalogo comprende una trentina di opere, tra cui brani per orchestra, vari pezzi di musica da camera e melodie. Una delle sue opere, <em>Nahem<\/em>, creata nel 2008 dal Klangforum Wien, rende omaggio alle vittime della Shoah, di cui non smetter\u00e0 mai di voler riabilitare la memoria nel campo musicale.<\/p>\n\n\n\n<p>Compone anche per il cinema, la musica dei film muti <em>La Dixi\u00e8me Symphonie<\/em> di Abel Gance e <em>Michel Strogoff<\/em> di V. Tourjansky. Il suo ultimo brano, <em>Stolpersteine<\/em>, composto nel 2021, uscir\u00e0 su CD nel 2023 (Music &amp; Politics, KMI).<\/p>\n\n\n\n<p>Infine, in qualit\u00e0 di musicologo, nel 2005 pubblica <em>Les Voix \u00e9touff\u00e9es du Troisi\u00e8me Reich<\/em> (Le voci soffocate del Terzo Reich), edito da Actes Sud, che ottiene il Premio per il miglior saggio dal Sindacato della critica musicale e per il quale riceve la <em>Goldenes Ehrenzeichen<\/em> della Repubblica Federale Austriaca nel 2005 e la <em>Verdienstkreuz am Bande<\/em> della Repubblica Federale Tedesca nel 2021. Questo impegno si traduce in azioni concrete, nello stesso anno, con la creazione del <strong><a href=\"https:\/\/www.iemj.org\/it\/forum-voix-etouffees\/\" target=\"_blank\" rel=\"noreferrer noopener\">Forum Voix Etouff\u00e9es<\/a><\/strong>, una struttura che si impegna a difendere la memoria dei compositori e dei musicisti vittime dei totalitarismi europei del XX secolo, in primo luogo della barbarie nazista, su scala europea.<\/p>\n\n\n\n<p>Nel 2009 il Forum Voix Etouff\u00e9es ha ricevuto il Golden Star Award dalla Commissione Europea per l&#8217;eccellenza del suo lavoro di memoria e rimane, ad oggi, uno dei principali progetti del programma CERV (Programma della Commissione Europea \u201cCittadini, uguaglianza, diritti e valori\u201d), uno dei cui pilastri \u00e8 la lotta contro la discriminazione.<\/p>\n\n\n\n<p>Da notare che l&#8217;impegno di Amaury du Closel nella riscoperta di questi compositori si \u00e8 concretizzato in particolare con un concerto ad Auschwitz nell&#8217;aprile 2009, che ha dato origine al documentario \u00ab \u00c9l\u00e9gies d\u2019Auschwitz \u00bb del regista Fr\u00e9d\u00e9ric Cristea.<\/p>\n\n\n\n<p>Amaury du Closel \u00e8 scomparso il 7 ottobre 2024 a Le Puy-en-Velay.<\/p>\n\n\n\n<p>Fonti:<\/p>\n\n\n\n<ul class=\"wp-block-list\">\n<li><a href=\"https:\/\/www.iemj.org\/it\/forum-voix-etouffees\/\" target=\"_blank\" rel=\"noreferrer noopener\">Forum Voix Etouff\u00e9es<\/a><\/li>\n\n\n\n<li><a href=\"https:\/\/www.radiofrance.fr\/francemusique\/mort-d-amaury-du-closel-passeur-des-compositeurs-persecutes-et-oublies-9239910\" target=\"_blank\" rel=\"noreferrer noopener\">https:\/\/www.radiofrance.fr\/francemusique\/mort-d-amaury-du-closel-passeur-des-compositeurs-persecutes-et-oublies-9239910<\/a><\/li>\n\n\n\n<li><a href=\"https:\/\/symetrie.com\/fr\/auteurs\/amaury.du_closel\" target=\"_blank\" rel=\"noreferrer noopener\">https:\/\/symetrie.com\/fr\/auteurs\/amaury.du_closel<\/a><\/li>\n<\/ul>\n\n\n\n<div class=\"wp-block-buttons is-content-justification-center is-layout-flex wp-container-core-buttons-is-layout-16018d1d wp-block-buttons-is-layout-flex\">\n<div class=\"wp-block-button\"><a class=\"wp-block-button__link has-white-color has-text-color has-background has-link-color has-text-align-center wp-element-button\" href=\"http:\/\/www.rachelnet.net\/F\/?func=find-c&amp;ccl_term=WRD+%3D+du+closel&amp;local_base=iemcg\" style=\"background-color:#3c4b98\" target=\"_blank\" rel=\"noreferrer noopener\"><strong>Consulta tutti i nostri contenuti su Amaury du Closel nel nostro catalogo<\/strong><\/a><\/div>\n<\/div>\n\n\n\n<div class=\"wp-block-buttons is-layout-flex wp-block-buttons-is-layout-flex\"><\/div>\n\n\n\n<p><\/p>\n","protected":false},"excerpt":{"rendered":"<p>Direttore d&#8217;orchestra e compositore, Amaury du Closel ha creato il Forum Voix Etouff\u00e9es ed ha lavorato instancabilmente per far rivivere la musica di artisti perseguitati dai regimi nazisti e totalitari<\/p>\n","protected":false},"author":5,"featured_media":128686,"comment_status":"closed","ping_status":"closed","sticky":false,"template":"","format":"standard","meta":{"_acf_changed":false,"footnotes":""},"categories":[1416],"tags":[],"technique":[],"squelettes":[],"sujet":[],"formation":[],"genre":[],"fonds":[],"tradition":[],"type-de-contenu":[],"interprete-compositeur":[],"frise":[],"type-devenement":[],"tableaux-liens-externes":[],"class_list":["post-128793","post","type-post","status-publish","format-standard","has-post-thumbnail","hentry","category-biografie-it"],"acf":[],"yoast_head":"<!-- This site is optimized with the Yoast SEO plugin v27.3 - https:\/\/yoast.com\/product\/yoast-seo-wordpress\/ -->\n<title>du Closel, Amaury (1956-2024) - Institut Europ\u00e9en des Musiques Juives<\/title>\n<meta name=\"robots\" content=\"index, follow, max-snippet:-1, max-image-preview:large, max-video-preview:-1\" \/>\n<link rel=\"canonical\" href=\"https:\/\/www.iemj.org\/it\/du-closel-amaury-1956-2024\/\" \/>\n<meta property=\"og:locale\" content=\"it_IT\" \/>\n<meta property=\"og:type\" content=\"article\" \/>\n<meta property=\"og:title\" content=\"du Closel, Amaury (1956-2024) - Institut Europ\u00e9en des Musiques Juives\" \/>\n<meta property=\"og:description\" content=\"Direttore d&#8217;orchestra e compositore, Amaury du Closel ha creato il Forum Voix Etouff\u00e9es ed ha lavorato instancabilmente per far rivivere la musica di artisti perseguitati dai regimi nazisti e totalitari\" \/>\n<meta property=\"og:url\" content=\"https:\/\/www.iemj.org\/it\/du-closel-amaury-1956-2024\/\" \/>\n<meta property=\"og:site_name\" content=\"Institut Europ\u00e9en des Musiques Juives\" \/>\n<meta property=\"article:publisher\" content=\"https:\/\/www.facebook.com\/MusiquesJuives\/\" \/>\n<meta property=\"article:published_time\" content=\"2026-01-07T17:40:53+00:00\" \/>\n<meta property=\"article:modified_time\" content=\"2026-01-08T15:45:20+00:00\" \/>\n<meta property=\"og:image\" content=\"https:\/\/www.iemj.org\/wp-content\/uploads\/2026\/01\/Logo-Bio-Amaury-du-Closel.jpg\" \/>\n\t<meta property=\"og:image:width\" content=\"162\" \/>\n\t<meta property=\"og:image:height\" content=\"218\" \/>\n\t<meta property=\"og:image:type\" content=\"image\/jpeg\" \/>\n<meta name=\"author\" content=\"Jacqueline ROTEN\" \/>\n<meta name=\"twitter:card\" content=\"summary_large_image\" \/>\n<meta name=\"twitter:label1\" content=\"Scritto da\" \/>\n\t<meta name=\"twitter:data1\" content=\"Jacqueline ROTEN\" \/>\n\t<meta name=\"twitter:label2\" content=\"Tempo di lettura stimato\" \/>\n\t<meta name=\"twitter:data2\" content=\"4 minuti\" \/>\n<script type=\"application\/ld+json\" class=\"yoast-schema-graph\">{\"@context\":\"https:\\\/\\\/schema.org\",\"@graph\":[{\"@type\":\"Article\",\"@id\":\"https:\\\/\\\/www.iemj.org\\\/it\\\/du-closel-amaury-1956-2024\\\/#article\",\"isPartOf\":{\"@id\":\"https:\\\/\\\/www.iemj.org\\\/it\\\/du-closel-amaury-1956-2024\\\/\"},\"author\":{\"name\":\"Jacqueline ROTEN\",\"@id\":\"https:\\\/\\\/www.iemj.org\\\/it\\\/#\\\/schema\\\/person\\\/358e26c18aca017fcc4cc15437f7279c\"},\"headline\":\"du Closel, Amaury (1956-2024)\",\"datePublished\":\"2026-01-07T17:40:53+00:00\",\"dateModified\":\"2026-01-08T15:45:20+00:00\",\"mainEntityOfPage\":{\"@id\":\"https:\\\/\\\/www.iemj.org\\\/it\\\/du-closel-amaury-1956-2024\\\/\"},\"wordCount\":563,\"publisher\":{\"@id\":\"https:\\\/\\\/www.iemj.org\\\/it\\\/#organization\"},\"image\":{\"@id\":\"https:\\\/\\\/www.iemj.org\\\/it\\\/du-closel-amaury-1956-2024\\\/#primaryimage\"},\"thumbnailUrl\":\"https:\\\/\\\/www.iemj.org\\\/wp-content\\\/uploads\\\/2026\\\/01\\\/Logo-Bio-Amaury-du-Closel.jpg\",\"articleSection\":[\"Biografie\"],\"inLanguage\":\"it-IT\"},{\"@type\":\"WebPage\",\"@id\":\"https:\\\/\\\/www.iemj.org\\\/it\\\/du-closel-amaury-1956-2024\\\/\",\"url\":\"https:\\\/\\\/www.iemj.org\\\/it\\\/du-closel-amaury-1956-2024\\\/\",\"name\":\"du Closel, Amaury (1956-2024) - Institut Europ\u00e9en des Musiques Juives\",\"isPartOf\":{\"@id\":\"https:\\\/\\\/www.iemj.org\\\/it\\\/#website\"},\"primaryImageOfPage\":{\"@id\":\"https:\\\/\\\/www.iemj.org\\\/it\\\/du-closel-amaury-1956-2024\\\/#primaryimage\"},\"image\":{\"@id\":\"https:\\\/\\\/www.iemj.org\\\/it\\\/du-closel-amaury-1956-2024\\\/#primaryimage\"},\"thumbnailUrl\":\"https:\\\/\\\/www.iemj.org\\\/wp-content\\\/uploads\\\/2026\\\/01\\\/Logo-Bio-Amaury-du-Closel.jpg\",\"datePublished\":\"2026-01-07T17:40:53+00:00\",\"dateModified\":\"2026-01-08T15:45:20+00:00\",\"breadcrumb\":{\"@id\":\"https:\\\/\\\/www.iemj.org\\\/it\\\/du-closel-amaury-1956-2024\\\/#breadcrumb\"},\"inLanguage\":\"it-IT\",\"potentialAction\":[{\"@type\":\"ReadAction\",\"target\":[\"https:\\\/\\\/www.iemj.org\\\/it\\\/du-closel-amaury-1956-2024\\\/\"]}]},{\"@type\":\"ImageObject\",\"inLanguage\":\"it-IT\",\"@id\":\"https:\\\/\\\/www.iemj.org\\\/it\\\/du-closel-amaury-1956-2024\\\/#primaryimage\",\"url\":\"https:\\\/\\\/www.iemj.org\\\/wp-content\\\/uploads\\\/2026\\\/01\\\/Logo-Bio-Amaury-du-Closel.jpg\",\"contentUrl\":\"https:\\\/\\\/www.iemj.org\\\/wp-content\\\/uploads\\\/2026\\\/01\\\/Logo-Bio-Amaury-du-Closel.jpg\",\"width\":162,\"height\":218},{\"@type\":\"BreadcrumbList\",\"@id\":\"https:\\\/\\\/www.iemj.org\\\/it\\\/du-closel-amaury-1956-2024\\\/#breadcrumb\",\"itemListElement\":[{\"@type\":\"ListItem\",\"position\":1,\"name\":\"Accueil\",\"item\":\"https:\\\/\\\/www.iemj.org\\\/it\\\/\"},{\"@type\":\"ListItem\",\"position\":2,\"name\":\"du Closel, Amaury (1956-2024)\"}]},{\"@type\":\"WebSite\",\"@id\":\"https:\\\/\\\/www.iemj.org\\\/it\\\/#website\",\"url\":\"https:\\\/\\\/www.iemj.org\\\/it\\\/\",\"name\":\"Institut Europ\u00e9en des Musiques Juives\",\"description\":\"Des traditions musicales \u00e0 la port\u00e9e de tous\",\"publisher\":{\"@id\":\"https:\\\/\\\/www.iemj.org\\\/it\\\/#organization\"},\"potentialAction\":[{\"@type\":\"SearchAction\",\"target\":{\"@type\":\"EntryPoint\",\"urlTemplate\":\"https:\\\/\\\/www.iemj.org\\\/it\\\/?s={search_term_string}\"},\"query-input\":{\"@type\":\"PropertyValueSpecification\",\"valueRequired\":true,\"valueName\":\"search_term_string\"}}],\"inLanguage\":\"it-IT\"},{\"@type\":\"Organization\",\"@id\":\"https:\\\/\\\/www.iemj.org\\\/it\\\/#organization\",\"name\":\"Institut Europ\u00e9en des Musiques Juives\",\"url\":\"https:\\\/\\\/www.iemj.org\\\/it\\\/\",\"logo\":{\"@type\":\"ImageObject\",\"inLanguage\":\"it-IT\",\"@id\":\"https:\\\/\\\/www.iemj.org\\\/it\\\/#\\\/schema\\\/logo\\\/image\\\/\",\"url\":\"https:\\\/\\\/www.iemj.org\\\/wp-content\\\/uploads\\\/2021\\\/09\\\/Logo-IEMJ-Paypal.jpg\",\"contentUrl\":\"https:\\\/\\\/www.iemj.org\\\/wp-content\\\/uploads\\\/2021\\\/09\\\/Logo-IEMJ-Paypal.jpg\",\"width\":150,\"height\":50,\"caption\":\"Institut Europ\u00e9en des Musiques Juives\"},\"image\":{\"@id\":\"https:\\\/\\\/www.iemj.org\\\/it\\\/#\\\/schema\\\/logo\\\/image\\\/\"},\"sameAs\":[\"https:\\\/\\\/www.facebook.com\\\/MusiquesJuives\\\/\",\"https:\\\/\\\/www.instagram.com\\\/musiquesjuives\\\/\",\"https:\\\/\\\/www.youtube.com\\\/user\\\/musiquesjuives\"]},{\"@type\":\"Person\",\"@id\":\"https:\\\/\\\/www.iemj.org\\\/it\\\/#\\\/schema\\\/person\\\/358e26c18aca017fcc4cc15437f7279c\",\"name\":\"Jacqueline ROTEN\",\"image\":{\"@type\":\"ImageObject\",\"inLanguage\":\"it-IT\",\"@id\":\"https:\\\/\\\/secure.gravatar.com\\\/avatar\\\/5964256d6c6957de3a3505278957e0fb2a35119ac47ea41827a65301213c810b?s=96&d=mm&r=g\",\"url\":\"https:\\\/\\\/secure.gravatar.com\\\/avatar\\\/5964256d6c6957de3a3505278957e0fb2a35119ac47ea41827a65301213c810b?s=96&d=mm&r=g\",\"contentUrl\":\"https:\\\/\\\/secure.gravatar.com\\\/avatar\\\/5964256d6c6957de3a3505278957e0fb2a35119ac47ea41827a65301213c810b?s=96&d=mm&r=g\",\"caption\":\"Jacqueline ROTEN\"}}]}<\/script>\n<!-- \/ Yoast SEO plugin. -->","yoast_head_json":{"title":"du Closel, Amaury (1956-2024) - Institut Europ\u00e9en des Musiques Juives","robots":{"index":"index","follow":"follow","max-snippet":"max-snippet:-1","max-image-preview":"max-image-preview:large","max-video-preview":"max-video-preview:-1"},"canonical":"https:\/\/www.iemj.org\/it\/du-closel-amaury-1956-2024\/","og_locale":"it_IT","og_type":"article","og_title":"du Closel, Amaury (1956-2024) - Institut Europ\u00e9en des Musiques Juives","og_description":"Direttore d&#8217;orchestra e compositore, Amaury du Closel ha creato il Forum Voix Etouff\u00e9es ed ha lavorato instancabilmente per far rivivere la musica di artisti perseguitati dai regimi nazisti e totalitari","og_url":"https:\/\/www.iemj.org\/it\/du-closel-amaury-1956-2024\/","og_site_name":"Institut Europ\u00e9en des Musiques Juives","article_publisher":"https:\/\/www.facebook.com\/MusiquesJuives\/","article_published_time":"2026-01-07T17:40:53+00:00","article_modified_time":"2026-01-08T15:45:20+00:00","og_image":[{"width":162,"height":218,"url":"https:\/\/www.iemj.org\/wp-content\/uploads\/2026\/01\/Logo-Bio-Amaury-du-Closel.jpg","type":"image\/jpeg"}],"author":"Jacqueline ROTEN","twitter_card":"summary_large_image","twitter_misc":{"Scritto da":"Jacqueline ROTEN","Tempo di lettura stimato":"4 minuti"},"schema":{"@context":"https:\/\/schema.org","@graph":[{"@type":"Article","@id":"https:\/\/www.iemj.org\/it\/du-closel-amaury-1956-2024\/#article","isPartOf":{"@id":"https:\/\/www.iemj.org\/it\/du-closel-amaury-1956-2024\/"},"author":{"name":"Jacqueline ROTEN","@id":"https:\/\/www.iemj.org\/it\/#\/schema\/person\/358e26c18aca017fcc4cc15437f7279c"},"headline":"du Closel, Amaury (1956-2024)","datePublished":"2026-01-07T17:40:53+00:00","dateModified":"2026-01-08T15:45:20+00:00","mainEntityOfPage":{"@id":"https:\/\/www.iemj.org\/it\/du-closel-amaury-1956-2024\/"},"wordCount":563,"publisher":{"@id":"https:\/\/www.iemj.org\/it\/#organization"},"image":{"@id":"https:\/\/www.iemj.org\/it\/du-closel-amaury-1956-2024\/#primaryimage"},"thumbnailUrl":"https:\/\/www.iemj.org\/wp-content\/uploads\/2026\/01\/Logo-Bio-Amaury-du-Closel.jpg","articleSection":["Biografie"],"inLanguage":"it-IT"},{"@type":"WebPage","@id":"https:\/\/www.iemj.org\/it\/du-closel-amaury-1956-2024\/","url":"https:\/\/www.iemj.org\/it\/du-closel-amaury-1956-2024\/","name":"du Closel, Amaury (1956-2024) - Institut Europ\u00e9en des Musiques Juives","isPartOf":{"@id":"https:\/\/www.iemj.org\/it\/#website"},"primaryImageOfPage":{"@id":"https:\/\/www.iemj.org\/it\/du-closel-amaury-1956-2024\/#primaryimage"},"image":{"@id":"https:\/\/www.iemj.org\/it\/du-closel-amaury-1956-2024\/#primaryimage"},"thumbnailUrl":"https:\/\/www.iemj.org\/wp-content\/uploads\/2026\/01\/Logo-Bio-Amaury-du-Closel.jpg","datePublished":"2026-01-07T17:40:53+00:00","dateModified":"2026-01-08T15:45:20+00:00","breadcrumb":{"@id":"https:\/\/www.iemj.org\/it\/du-closel-amaury-1956-2024\/#breadcrumb"},"inLanguage":"it-IT","potentialAction":[{"@type":"ReadAction","target":["https:\/\/www.iemj.org\/it\/du-closel-amaury-1956-2024\/"]}]},{"@type":"ImageObject","inLanguage":"it-IT","@id":"https:\/\/www.iemj.org\/it\/du-closel-amaury-1956-2024\/#primaryimage","url":"https:\/\/www.iemj.org\/wp-content\/uploads\/2026\/01\/Logo-Bio-Amaury-du-Closel.jpg","contentUrl":"https:\/\/www.iemj.org\/wp-content\/uploads\/2026\/01\/Logo-Bio-Amaury-du-Closel.jpg","width":162,"height":218},{"@type":"BreadcrumbList","@id":"https:\/\/www.iemj.org\/it\/du-closel-amaury-1956-2024\/#breadcrumb","itemListElement":[{"@type":"ListItem","position":1,"name":"Accueil","item":"https:\/\/www.iemj.org\/it\/"},{"@type":"ListItem","position":2,"name":"du Closel, Amaury (1956-2024)"}]},{"@type":"WebSite","@id":"https:\/\/www.iemj.org\/it\/#website","url":"https:\/\/www.iemj.org\/it\/","name":"Institut Europ\u00e9en des Musiques Juives","description":"Des traditions musicales \u00e0 la port\u00e9e de tous","publisher":{"@id":"https:\/\/www.iemj.org\/it\/#organization"},"potentialAction":[{"@type":"SearchAction","target":{"@type":"EntryPoint","urlTemplate":"https:\/\/www.iemj.org\/it\/?s={search_term_string}"},"query-input":{"@type":"PropertyValueSpecification","valueRequired":true,"valueName":"search_term_string"}}],"inLanguage":"it-IT"},{"@type":"Organization","@id":"https:\/\/www.iemj.org\/it\/#organization","name":"Institut Europ\u00e9en des Musiques Juives","url":"https:\/\/www.iemj.org\/it\/","logo":{"@type":"ImageObject","inLanguage":"it-IT","@id":"https:\/\/www.iemj.org\/it\/#\/schema\/logo\/image\/","url":"https:\/\/www.iemj.org\/wp-content\/uploads\/2021\/09\/Logo-IEMJ-Paypal.jpg","contentUrl":"https:\/\/www.iemj.org\/wp-content\/uploads\/2021\/09\/Logo-IEMJ-Paypal.jpg","width":150,"height":50,"caption":"Institut Europ\u00e9en des Musiques Juives"},"image":{"@id":"https:\/\/www.iemj.org\/it\/#\/schema\/logo\/image\/"},"sameAs":["https:\/\/www.facebook.com\/MusiquesJuives\/","https:\/\/www.instagram.com\/musiquesjuives\/","https:\/\/www.youtube.com\/user\/musiquesjuives"]},{"@type":"Person","@id":"https:\/\/www.iemj.org\/it\/#\/schema\/person\/358e26c18aca017fcc4cc15437f7279c","name":"Jacqueline ROTEN","image":{"@type":"ImageObject","inLanguage":"it-IT","@id":"https:\/\/secure.gravatar.com\/avatar\/5964256d6c6957de3a3505278957e0fb2a35119ac47ea41827a65301213c810b?s=96&d=mm&r=g","url":"https:\/\/secure.gravatar.com\/avatar\/5964256d6c6957de3a3505278957e0fb2a35119ac47ea41827a65301213c810b?s=96&d=mm&r=g","contentUrl":"https:\/\/secure.gravatar.com\/avatar\/5964256d6c6957de3a3505278957e0fb2a35119ac47ea41827a65301213c810b?s=96&d=mm&r=g","caption":"Jacqueline ROTEN"}}]}},"_links":{"self":[{"href":"https:\/\/www.iemj.org\/it\/wp-json\/wp\/v2\/posts\/128793","targetHints":{"allow":["GET"]}}],"collection":[{"href":"https:\/\/www.iemj.org\/it\/wp-json\/wp\/v2\/posts"}],"about":[{"href":"https:\/\/www.iemj.org\/it\/wp-json\/wp\/v2\/types\/post"}],"author":[{"embeddable":true,"href":"https:\/\/www.iemj.org\/it\/wp-json\/wp\/v2\/users\/5"}],"replies":[{"embeddable":true,"href":"https:\/\/www.iemj.org\/it\/wp-json\/wp\/v2\/comments?post=128793"}],"version-history":[{"count":3,"href":"https:\/\/www.iemj.org\/it\/wp-json\/wp\/v2\/posts\/128793\/revisions"}],"predecessor-version":[{"id":128806,"href":"https:\/\/www.iemj.org\/it\/wp-json\/wp\/v2\/posts\/128793\/revisions\/128806"}],"wp:featuredmedia":[{"embeddable":true,"href":"https:\/\/www.iemj.org\/it\/wp-json\/wp\/v2\/media\/128686"}],"wp:attachment":[{"href":"https:\/\/www.iemj.org\/it\/wp-json\/wp\/v2\/media?parent=128793"}],"wp:term":[{"taxonomy":"category","embeddable":true,"href":"https:\/\/www.iemj.org\/it\/wp-json\/wp\/v2\/categories?post=128793"},{"taxonomy":"post_tag","embeddable":true,"href":"https:\/\/www.iemj.org\/it\/wp-json\/wp\/v2\/tags?post=128793"},{"taxonomy":"technique","embeddable":true,"href":"https:\/\/www.iemj.org\/it\/wp-json\/wp\/v2\/technique?post=128793"},{"taxonomy":"squelettes","embeddable":true,"href":"https:\/\/www.iemj.org\/it\/wp-json\/wp\/v2\/squelettes?post=128793"},{"taxonomy":"sujet","embeddable":true,"href":"https:\/\/www.iemj.org\/it\/wp-json\/wp\/v2\/sujet?post=128793"},{"taxonomy":"formation","embeddable":true,"href":"https:\/\/www.iemj.org\/it\/wp-json\/wp\/v2\/formation?post=128793"},{"taxonomy":"genre","embeddable":true,"href":"https:\/\/www.iemj.org\/it\/wp-json\/wp\/v2\/genre?post=128793"},{"taxonomy":"fonds","embeddable":true,"href":"https:\/\/www.iemj.org\/it\/wp-json\/wp\/v2\/fonds?post=128793"},{"taxonomy":"tradition","embeddable":true,"href":"https:\/\/www.iemj.org\/it\/wp-json\/wp\/v2\/tradition?post=128793"},{"taxonomy":"type-de-contenu","embeddable":true,"href":"https:\/\/www.iemj.org\/it\/wp-json\/wp\/v2\/type-de-contenu?post=128793"},{"taxonomy":"interprete-compositeur","embeddable":true,"href":"https:\/\/www.iemj.org\/it\/wp-json\/wp\/v2\/interprete-compositeur?post=128793"},{"taxonomy":"frise","embeddable":true,"href":"https:\/\/www.iemj.org\/it\/wp-json\/wp\/v2\/frise?post=128793"},{"taxonomy":"type-devenement","embeddable":true,"href":"https:\/\/www.iemj.org\/it\/wp-json\/wp\/v2\/type-devenement?post=128793"},{"taxonomy":"tableaux-liens-externes","embeddable":true,"href":"https:\/\/www.iemj.org\/it\/wp-json\/wp\/v2\/tableaux-liens-externes?post=128793"}],"curies":[{"name":"wp","href":"https:\/\/api.w.org\/{rel}","templated":true}]}}