{"id":128980,"date":"2026-01-11T12:39:18","date_gmt":"2026-01-11T11:39:18","guid":{"rendered":"https:\/\/www.iemj.org\/arnold-schonberg-henriette-bosmans-joseph-kosma\/"},"modified":"2026-01-20T09:51:45","modified_gmt":"2026-01-20T08:51:45","slug":"arnold-schonberg-henriette-bosmans-joseph-kosma","status":"publish","type":"post","link":"https:\/\/www.iemj.org\/it\/arnold-schonberg-henriette-bosmans-joseph-kosma\/","title":{"rendered":"Arnold Sch\u00f6nberg, Henri\u00ebtte Bosmans, Joseph Kosma"},"content":{"rendered":"\n<!--more-->\n\n\n\n<p>Edizioni Hortus, vol. 1: novembre 2024, vol. 2: giugno 2025, vol. 3: dicembre 2025<\/p>\n\n\n\n<p>Sotto la direzione artistica di <a href=\"https:\/\/thomastacquet.fr\/\" target=\"_blank\" rel=\"noreferrer noopener\">Thomas Tacquet<\/a> e Dimitri Malignan, <a href=\"https:\/\/voixetouffees.net\/vemv-collection\/\" target=\"_blank\" rel=\"noreferrer noopener\">Voix Etouff\u00e9es \u2013 Missing Voices<\/a> \u00e8 una raccolta dedicata ai compositori vittime del totalitarismo, in particolare quelli perseguitati dal nazismo, famosi o sconosciuti, condannati al silenzio oppure all&#8217;esilio, assassinati o morti durante la deportazione.<\/p>\n\n\n\n<p>Le edizioni Hortus, in collaborazione con il Forum Voix \u00c9touff\u00e9es ed il progetto Missing Voices, hanno cos\u00ec pianificato la pubblicazione di otto CD tra il 2024 e il 2026, che saranno dedicati in particolare alle opere di Arnold Sch\u00f6nberg, Henri\u00ebtte Bosmans, Joseph Kosma, Dan Belinfante, Erich Itor Kahn\u2026<\/p>\n\n\n\n<p>Alla fine del 2025, Thomas Tacquet ha consegnato all&#8217;Istituto Europeo di Musica Ebraica i primi tre volumi di questa collana.<\/p>\n\n\n\n<div style=\"height:15px\" aria-hidden=\"true\" class=\"wp-block-spacer\"><\/div>\n\n\n\n<hr class=\"wp-block-separator has-text-color has-alpha-channel-opacity has-background is-style-wide\" style=\"background-color:#000000;color:#000000\"\/>\n\n\n\n<div class=\"wp-block-columns are-vertically-aligned-center is-layout-flex wp-container-core-columns-is-layout-9d6595d7 wp-block-columns-is-layout-flex\">\n<div class=\"wp-block-column is-vertically-aligned-center is-layout-flow wp-block-column-is-layout-flow\" style=\"flex-basis:100%\">\n<h2 class=\"wp-block-heading\"><strong><em>Arnold Sch\u00f6nberg, l&#8217;arrangeur arrang\u00e9<\/em><\/strong><\/h2>\n\n\n<div class=\"wp-block-image\">\n<figure class=\"alignright is-resized\"><img fetchpriority=\"high\" decoding=\"async\" width=\"300\" height=\"269\" src=\"https:\/\/www.iemj.org\/wp-content\/uploads\/2026\/01\/COUV-CD-SCH_JR-300x269.jpg\" alt=\"\" class=\"wp-image-128816\" style=\"aspect-ratio:1.115274743740548;object-fit:cover;width:340px\" srcset=\"https:\/\/www.iemj.org\/wp-content\/uploads\/2026\/01\/COUV-CD-SCH_JR-300x269.jpg 300w, https:\/\/www.iemj.org\/wp-content\/uploads\/2026\/01\/COUV-CD-SCH_JR.jpg 500w\" sizes=\"(max-width: 300px) 100vw, 300px\" \/><\/figure>\n<\/div>\n\n\n<p>Ultima registrazione di <a href=\"https:\/\/www.iemj.org\/it\/du-closel-amaury-1956-2024\/\" target=\"_blank\" rel=\"noopener\">Amaury du Closel<\/a> (1956 &#8211; 2024), ondatore del Forum Voix Etouff\u00e9es nel 2005, questa registrazione presenta tre opere importanti di Arnold Sch\u00f6nberg: <em>Prima Sinfonia da Camera, Erste Kammersymphonie op. 9; Il Libro dei Giardini Sospesi, Das Buch der h\u00e4ngenden G\u00e4rten op. 15; Cinque pezzi per orchestra, F\u00fcnf Orchesterst\u00fccke op. 16.<\/em><\/p>\n\n\n\n<p><a href=\"https:\/\/www.iemj.org\/it\/schonberg-arnold-1874-1951\/\" target=\"_blank\" rel=\"noopener\">Arnold Sch\u00f6nberg<\/a> \u2013 o Schoenberg &#8211;&nbsp;(1874-1951) \u00e8 un compositore di origine tedesca che ha rivoluzionato la musica della prima met\u00e0 del XX secolo. Famoso teorico, pittore, autore di opere ed arrangiamenti, \u00e8 una figura eccezionale. Convertitosi al protestantesimo nel 1898 come molti ebrei assimilati, sub\u00ec l&#8217;ascesa dell&#8217;antisemitismo negli anni &#8217;20. Dopo l&#8217;ascesa al potere di Adolf Hitler in Germania e la promulgazione della \u00abLegge tedesca sul ripristino della funzione pubblica del 7 aprile 1933\u00bb, Sch\u00f6nberg fu costretto a dimettersi dalle sue attivit\u00e0, in particolare dall&#8217;insegnamento di composizione che impartiva all&#8217;Accademia prussiana delle arti.<\/p>\n\n\n\n<p>Considerato dal regime nazista come \u201cdegenerato\u201d, fu costretto a lasciare la Germania e trascorse alcuni mesi in Francia, dove il 30 luglio 1933 riabbracci\u00f2 l&#8217;ebraismo nella sinagoga di rue Copernic (Parigi), prima di esiliarsi definitivamente negli Stati Uniti, dove insegn\u00f2 composizione a New York, Boston e poi all&#8217;Universit\u00e0 di Los Angeles fino al suo pensionamento nel 1944.<\/p>\n\n\n\n<p>Considerato dai nazisti \u00abil musicista degenerato per eccellenza\u00bb, Schoenberg fu una delle vittime pi\u00f9 famose della politica antisemita della Germania nazista.<\/p>\n\n\n\n<ul class=\"wp-block-list\">\n<li><a href=\"https:\/\/www.iemj.org\/it\/interprete-compositore\/arnold-schonberg-it\/\" target=\"_blank\" rel=\"noreferrer noopener\">Consulta altri articoli del nostro sito su Sch\u00f6nberg<\/a><\/li>\n\n\n\n<li><a href=\"http:\/\/www.rachelnet.net\/F\/?func=find-c&amp;ccl_term=WRD+%3D+Schoenberg+OU+WRD+%3D+Sch%C3%B6nberg&amp;local_base=iemcg\" target=\"_blank\" rel=\"noreferrer noopener\">Consulta i nostri archivi su Sch\u00f6nberg<\/a><\/li>\n<\/ul>\n\n\n\n<figure class=\"wp-block-image size-full is-resized\"><img decoding=\"async\" width=\"639\" height=\"639\" src=\"https:\/\/www.iemj.org\/wp-content\/uploads\/2026\/01\/Liste-oeuvres-Schoenberg_Site.jpg\" alt=\"\" class=\"wp-image-129015\" style=\"width:500px\" srcset=\"https:\/\/www.iemj.org\/wp-content\/uploads\/2026\/01\/Liste-oeuvres-Schoenberg_Site.jpg 639w, https:\/\/www.iemj.org\/wp-content\/uploads\/2026\/01\/Liste-oeuvres-Schoenberg_Site-300x300.jpg 300w, https:\/\/www.iemj.org\/wp-content\/uploads\/2026\/01\/Liste-oeuvres-Schoenberg_Site-150x150.jpg 150w, https:\/\/www.iemj.org\/wp-content\/uploads\/2026\/01\/Liste-oeuvres-Schoenberg_Site-600x600.jpg 600w, https:\/\/www.iemj.org\/wp-content\/uploads\/2026\/01\/Liste-oeuvres-Schoenberg_Site-100x100.jpg 100w\" sizes=\"(max-width: 639px) 100vw, 639px\" \/><\/figure>\n<\/div>\n<\/div>\n\n\n\n<div style=\"height:20px\" aria-hidden=\"true\" class=\"wp-block-spacer\"><\/div>\n\n\n\n<hr class=\"wp-block-separator has-text-color has-alpha-channel-opacity has-background is-style-wide\" style=\"background-color:#010101;color:#010101\"\/>\n\n\n\n<div class=\"wp-block-columns are-vertically-aligned-center is-layout-flex wp-container-core-columns-is-layout-9d6595d7 wp-block-columns-is-layout-flex\">\n<div class=\"wp-block-column is-vertically-aligned-center is-layout-flow wp-block-column-is-layout-flow\" style=\"flex-basis:100%\">\n<h2 class=\"wp-block-heading\"><strong><em>Henri\u00ebtte Bosmans, le diable dans la nuit<\/em><\/strong><\/h2>\n\n\n<div class=\"wp-block-image\">\n<figure class=\"alignright is-resized\"><img decoding=\"async\" width=\"300\" height=\"269\" src=\"https:\/\/www.iemj.org\/wp-content\/uploads\/2026\/01\/COUV-CD-BOSMANS_JR-300x269.jpg\" alt=\"\" class=\"wp-image-128834\" style=\"aspect-ratio:1.115274743740548;object-fit:cover;width:340px\" srcset=\"https:\/\/www.iemj.org\/wp-content\/uploads\/2026\/01\/COUV-CD-BOSMANS_JR-300x269.jpg 300w, https:\/\/www.iemj.org\/wp-content\/uploads\/2026\/01\/COUV-CD-BOSMANS_JR.jpg 500w\" sizes=\"(max-width: 300px) 100vw, 300px\" \/><\/figure>\n<\/div>\n\n\n<p>Compositrice e pianista concertista rinomata nel periodo tra le due guerre, <a href=\"https:\/\/en.wikipedia.org\/wiki\/Henri%C3%ABtte_Bosmans\" target=\"_blank\" rel=\"noreferrer noopener\">Henri\u00ebtte Bosmans<\/a> cadde ingiustamente nell&#8217;oblio dopo la sua morte. La sua carriera era gi\u00e0 stata seriamente interrotta dall&#8217;occupazione nazista dei Paesi Bassi e dalle persecuzioni antisemite che dovette affrontare. Questo CD intitolato <em>Le Diable dans la nuit<\/em> riporta in primo piano la sua musica strumentale e vocale.<\/p>\n\n\n\n<p>Un&#8217;opera ricca di colori e contrasti, rimasta troppo a lungo trascurata, magnificamente interpretata da Elizaveta Agrafenina, soprano, Sarah Bayens, violino, e Dimitri Malignan, pianoforte e direzione.<\/p>\n\n\n<div class=\"wp-block-image\">\n<figure class=\"aligncenter size-full is-resized\"><img loading=\"lazy\" decoding=\"async\" width=\"622\" height=\"645\" src=\"https:\/\/www.iemj.org\/wp-content\/uploads\/2026\/01\/Liste-oeuvres-Bosmans_Site.jpg\" alt=\"\" class=\"wp-image-129025\" style=\"width:500px\" srcset=\"https:\/\/www.iemj.org\/wp-content\/uploads\/2026\/01\/Liste-oeuvres-Bosmans_Site.jpg 622w, https:\/\/www.iemj.org\/wp-content\/uploads\/2026\/01\/Liste-oeuvres-Bosmans_Site-289x300.jpg 289w, https:\/\/www.iemj.org\/wp-content\/uploads\/2026\/01\/Liste-oeuvres-Bosmans_Site-600x622.jpg 600w\" sizes=\"(max-width: 622px) 100vw, 622px\" \/><\/figure>\n<\/div><\/div>\n<\/div>\n\n\n\n<div style=\"height:20px\" aria-hidden=\"true\" class=\"wp-block-spacer\"><\/div>\n\n\n\n<hr class=\"wp-block-separator has-text-color has-alpha-channel-opacity has-background is-style-wide\" style=\"background-color:#080808;color:#080808\"\/>\n\n\n\n<h2 class=\"wp-block-heading\"><strong><em>Joseph Kosma, \u00e0 la belle \u00e9toile<\/em><\/strong><\/h2>\n\n\n<div class=\"wp-block-image\">\n<figure class=\"alignright is-resized\"><img loading=\"lazy\" decoding=\"async\" width=\"300\" height=\"269\" src=\"https:\/\/www.iemj.org\/wp-content\/uploads\/2026\/01\/COUV-CD-KOSMA_JR-300x269.jpg\" alt=\"\" class=\"wp-image-128845\" style=\"width:340px\" srcset=\"https:\/\/www.iemj.org\/wp-content\/uploads\/2026\/01\/COUV-CD-KOSMA_JR-300x269.jpg 300w, https:\/\/www.iemj.org\/wp-content\/uploads\/2026\/01\/COUV-CD-KOSMA_JR.jpg 500w\" sizes=\"(max-width: 300px) 100vw, 300px\" \/><\/figure>\n<\/div>\n\n\n<p>Ebreo ungherese, <a href=\"https:\/\/www.iemj.org\/it\/kosma-joseph-1905-1969\/\" target=\"_blank\" rel=\"noreferrer noopener\">Joseph Kosma (1905-1969)<\/a>, come Brecht, Weil ed Eisler, fu costretto a fuggire da Berlino nel 1933. La sua opera <em>\u00c0 la Belle \u00e9toile<\/em> (1935) segna il suo debutto parigino: l&#8217;incontro con Pr\u00e9vert, le sue lotte politiche, le sue colonne sonore e le sue canzoni. Questo album decide anche di far scoprire opere poco conosciute &#8211; o addirittura mai registrate &#8211; per coro, pianoforte e voce, scritte nel corso degli incontri, in particolare con i resistenti Madeleine Riffaud ed Henri Bassis, in fedelt\u00e0 ad un ideale rivoluzionario (<em>Si nous mourrons<\/em>, scritta sulla lettera di Ethel Rosenberg ai suoi due figli).<\/p>\n\n\n\n<p>Questo disco \u00e8 magnificamente interpretato dalla soprano Catherine Trottmann, dalla mezzosoprano Anne-Lise Polchlopek, dal violinista David Moreau e dal coro Fiat cantus diretto ed accompagnato al pianoforte da Thomas Tacquet.<\/p>\n\n\n\n<p><a href=\"http:\/\/www.rachelnet.net\/F\/?func=find-c&amp;ccl_term=WRD+%3D+Kosma+SAUF+WRD+%3D+Vladimir&amp;local_base=iemcg\" target=\"_blank\" rel=\"noopener\">Consulta i nostri archivi su Joseph Kosma<\/a><\/p>\n\n\n\n<div class=\"wp-block-columns are-vertically-aligned-center is-layout-flex wp-container-core-columns-is-layout-9d6595d7 wp-block-columns-is-layout-flex\">\n<div class=\"wp-block-column is-vertically-aligned-center is-layout-flow wp-block-column-is-layout-flow\">\n<figure class=\"wp-block-image size-full\"><img loading=\"lazy\" decoding=\"async\" width=\"631\" height=\"356\" src=\"https:\/\/www.iemj.org\/wp-content\/uploads\/2026\/01\/Liste-oeuvres-Kosma1_Site.jpg\" alt=\"\" class=\"wp-image-129039\" srcset=\"https:\/\/www.iemj.org\/wp-content\/uploads\/2026\/01\/Liste-oeuvres-Kosma1_Site.jpg 631w, https:\/\/www.iemj.org\/wp-content\/uploads\/2026\/01\/Liste-oeuvres-Kosma1_Site-300x169.jpg 300w, https:\/\/www.iemj.org\/wp-content\/uploads\/2026\/01\/Liste-oeuvres-Kosma1_Site-600x339.jpg 600w\" sizes=\"(max-width: 631px) 100vw, 631px\" \/><\/figure>\n<\/div>\n\n\n\n<div class=\"wp-block-column is-vertically-aligned-center is-layout-flow wp-block-column-is-layout-flow\">\n<figure class=\"wp-block-image size-full\"><img loading=\"lazy\" decoding=\"async\" width=\"616\" height=\"639\" src=\"https:\/\/www.iemj.org\/wp-content\/uploads\/2026\/01\/Liste-oeuvres-Kosma2_Site.jpg\" alt=\"\" class=\"wp-image-129044\" srcset=\"https:\/\/www.iemj.org\/wp-content\/uploads\/2026\/01\/Liste-oeuvres-Kosma2_Site.jpg 616w, https:\/\/www.iemj.org\/wp-content\/uploads\/2026\/01\/Liste-oeuvres-Kosma2_Site-289x300.jpg 289w, https:\/\/www.iemj.org\/wp-content\/uploads\/2026\/01\/Liste-oeuvres-Kosma2_Site-600x622.jpg 600w\" sizes=\"(max-width: 616px) 100vw, 616px\" \/><\/figure>\n<\/div>\n<\/div>\n\n\n\n<div style=\"height:10px\" aria-hidden=\"true\" class=\"wp-block-spacer\"><\/div>\n\n\n\n<hr class=\"wp-block-separator has-text-color has-alpha-channel-opacity has-background is-style-wide\" style=\"background-color:#000000;color:#000000\"\/>\n\n\n\n<div style=\"height:18px\" aria-hidden=\"true\" class=\"wp-block-spacer\"><\/div>\n\n\n\n<p class=\"has-text-align-center\"><a href=\"https:\/\/voixetouffees.net\/en\/vemv-collection\/\" target=\"_blank\" rel=\"noreferrer noopener\"><strong>Per saperne di pi\u00f9 sulla collezione Voix Etouff\u00e9es \u2013 Missing Voices<\/strong><\/a><\/p>\n\n\n\n<p class=\"has-text-align-center\"><a href=\"https:\/\/www.editionshortus.com\/catalogue.php?langue=en\" target=\"_blank\" rel=\"noreferrer noopener\"><strong>Ordinare i CD<\/strong><\/a><\/p>\n\n\n\n<p><\/p>\n","protected":false},"excerpt":{"rendered":"","protected":false},"author":5,"featured_media":128814,"comment_status":"closed","ping_status":"closed","sticky":false,"template":"","format":"standard","meta":{"_acf_changed":false,"footnotes":""},"categories":[1569,1564],"tags":[],"technique":[],"squelettes":[],"sujet":[1804],"formation":[],"genre":[1878,1901],"fonds":[],"tradition":[],"type-de-contenu":[],"interprete-compositeur":[3091],"frise":[],"type-devenement":[],"tableaux-liens-externes":[],"class_list":["post-128980","post","type-post","status-publish","format-standard","has-post-thumbnail","hentry","category-cd-it","category-ultimi-acquisti-it","sujet-shoah-it","genre-canzone-francese-it","genre-musica-classica-it","interprete-compositeur-arnold-schonberg-it"],"acf":[],"yoast_head":"<!-- This site is optimized with the Yoast SEO plugin v27.3 - https:\/\/yoast.com\/product\/yoast-seo-wordpress\/ -->\n<title>Arnold Sch\u00f6nberg, Henri\u00ebtte Bosmans, Joseph Kosma - Institut Europ\u00e9en des Musiques Juives<\/title>\n<meta name=\"robots\" content=\"index, follow, max-snippet:-1, max-image-preview:large, max-video-preview:-1\" \/>\n<link rel=\"canonical\" href=\"https:\/\/www.iemj.org\/it\/arnold-schonberg-henriette-bosmans-joseph-kosma\/\" \/>\n<meta property=\"og:locale\" content=\"it_IT\" \/>\n<meta property=\"og:type\" content=\"article\" \/>\n<meta property=\"og:title\" content=\"Arnold Sch\u00f6nberg, Henri\u00ebtte Bosmans, Joseph Kosma - Institut Europ\u00e9en des Musiques Juives\" \/>\n<meta property=\"og:url\" content=\"https:\/\/www.iemj.org\/it\/arnold-schonberg-henriette-bosmans-joseph-kosma\/\" \/>\n<meta property=\"og:site_name\" content=\"Institut Europ\u00e9en des Musiques Juives\" \/>\n<meta property=\"article:publisher\" content=\"https:\/\/www.facebook.com\/MusiquesJuives\/\" \/>\n<meta property=\"article:published_time\" content=\"2026-01-11T11:39:18+00:00\" \/>\n<meta property=\"article:modified_time\" content=\"2026-01-20T08:51:45+00:00\" \/>\n<meta property=\"og:image\" content=\"https:\/\/www.iemj.org\/wp-content\/uploads\/2026\/01\/Logo-3-CD-Voix-etouffees.jpg\" \/>\n\t<meta property=\"og:image:width\" content=\"500\" \/>\n\t<meta property=\"og:image:height\" content=\"500\" \/>\n\t<meta property=\"og:image:type\" content=\"image\/jpeg\" \/>\n<meta name=\"author\" content=\"Jacqueline ROTEN\" \/>\n<meta name=\"twitter:card\" content=\"summary_large_image\" \/>\n<meta name=\"twitter:label1\" content=\"Scritto da\" \/>\n\t<meta name=\"twitter:data1\" content=\"Jacqueline ROTEN\" \/>\n\t<meta name=\"twitter:label2\" content=\"Tempo di lettura stimato\" \/>\n\t<meta name=\"twitter:data2\" content=\"5 minuti\" \/>\n<script type=\"application\/ld+json\" class=\"yoast-schema-graph\">{\"@context\":\"https:\\\/\\\/schema.org\",\"@graph\":[{\"@type\":\"Article\",\"@id\":\"https:\\\/\\\/www.iemj.org\\\/it\\\/arnold-schonberg-henriette-bosmans-joseph-kosma\\\/#article\",\"isPartOf\":{\"@id\":\"https:\\\/\\\/www.iemj.org\\\/it\\\/arnold-schonberg-henriette-bosmans-joseph-kosma\\\/\"},\"author\":{\"name\":\"Jacqueline ROTEN\",\"@id\":\"https:\\\/\\\/www.iemj.org\\\/it\\\/#\\\/schema\\\/person\\\/358e26c18aca017fcc4cc15437f7279c\"},\"headline\":\"Arnold Sch\u00f6nberg, Henri\u00ebtte Bosmans, Joseph Kosma\",\"datePublished\":\"2026-01-11T11:39:18+00:00\",\"dateModified\":\"2026-01-20T08:51:45+00:00\",\"mainEntityOfPage\":{\"@id\":\"https:\\\/\\\/www.iemj.org\\\/it\\\/arnold-schonberg-henriette-bosmans-joseph-kosma\\\/\"},\"wordCount\":627,\"publisher\":{\"@id\":\"https:\\\/\\\/www.iemj.org\\\/it\\\/#organization\"},\"image\":{\"@id\":\"https:\\\/\\\/www.iemj.org\\\/it\\\/arnold-schonberg-henriette-bosmans-joseph-kosma\\\/#primaryimage\"},\"thumbnailUrl\":\"https:\\\/\\\/www.iemj.org\\\/wp-content\\\/uploads\\\/2026\\\/01\\\/Logo-3-CD-Voix-etouffees.jpg\",\"articleSection\":[\"CD\",\"Ultimi acquisti\"],\"inLanguage\":\"it-IT\"},{\"@type\":\"WebPage\",\"@id\":\"https:\\\/\\\/www.iemj.org\\\/it\\\/arnold-schonberg-henriette-bosmans-joseph-kosma\\\/\",\"url\":\"https:\\\/\\\/www.iemj.org\\\/it\\\/arnold-schonberg-henriette-bosmans-joseph-kosma\\\/\",\"name\":\"Arnold Sch\u00f6nberg, Henri\u00ebtte Bosmans, Joseph Kosma - Institut Europ\u00e9en des Musiques Juives\",\"isPartOf\":{\"@id\":\"https:\\\/\\\/www.iemj.org\\\/it\\\/#website\"},\"primaryImageOfPage\":{\"@id\":\"https:\\\/\\\/www.iemj.org\\\/it\\\/arnold-schonberg-henriette-bosmans-joseph-kosma\\\/#primaryimage\"},\"image\":{\"@id\":\"https:\\\/\\\/www.iemj.org\\\/it\\\/arnold-schonberg-henriette-bosmans-joseph-kosma\\\/#primaryimage\"},\"thumbnailUrl\":\"https:\\\/\\\/www.iemj.org\\\/wp-content\\\/uploads\\\/2026\\\/01\\\/Logo-3-CD-Voix-etouffees.jpg\",\"datePublished\":\"2026-01-11T11:39:18+00:00\",\"dateModified\":\"2026-01-20T08:51:45+00:00\",\"breadcrumb\":{\"@id\":\"https:\\\/\\\/www.iemj.org\\\/it\\\/arnold-schonberg-henriette-bosmans-joseph-kosma\\\/#breadcrumb\"},\"inLanguage\":\"it-IT\",\"potentialAction\":[{\"@type\":\"ReadAction\",\"target\":[\"https:\\\/\\\/www.iemj.org\\\/it\\\/arnold-schonberg-henriette-bosmans-joseph-kosma\\\/\"]}]},{\"@type\":\"ImageObject\",\"inLanguage\":\"it-IT\",\"@id\":\"https:\\\/\\\/www.iemj.org\\\/it\\\/arnold-schonberg-henriette-bosmans-joseph-kosma\\\/#primaryimage\",\"url\":\"https:\\\/\\\/www.iemj.org\\\/wp-content\\\/uploads\\\/2026\\\/01\\\/Logo-3-CD-Voix-etouffees.jpg\",\"contentUrl\":\"https:\\\/\\\/www.iemj.org\\\/wp-content\\\/uploads\\\/2026\\\/01\\\/Logo-3-CD-Voix-etouffees.jpg\",\"width\":500,\"height\":500},{\"@type\":\"BreadcrumbList\",\"@id\":\"https:\\\/\\\/www.iemj.org\\\/it\\\/arnold-schonberg-henriette-bosmans-joseph-kosma\\\/#breadcrumb\",\"itemListElement\":[{\"@type\":\"ListItem\",\"position\":1,\"name\":\"Accueil\",\"item\":\"https:\\\/\\\/www.iemj.org\\\/it\\\/\"},{\"@type\":\"ListItem\",\"position\":2,\"name\":\"Arnold Sch\u00f6nberg, Henri\u00ebtte Bosmans, Joseph Kosma\"}]},{\"@type\":\"WebSite\",\"@id\":\"https:\\\/\\\/www.iemj.org\\\/it\\\/#website\",\"url\":\"https:\\\/\\\/www.iemj.org\\\/it\\\/\",\"name\":\"Institut Europ\u00e9en des Musiques Juives\",\"description\":\"Des traditions musicales \u00e0 la port\u00e9e de tous\",\"publisher\":{\"@id\":\"https:\\\/\\\/www.iemj.org\\\/it\\\/#organization\"},\"potentialAction\":[{\"@type\":\"SearchAction\",\"target\":{\"@type\":\"EntryPoint\",\"urlTemplate\":\"https:\\\/\\\/www.iemj.org\\\/it\\\/?s={search_term_string}\"},\"query-input\":{\"@type\":\"PropertyValueSpecification\",\"valueRequired\":true,\"valueName\":\"search_term_string\"}}],\"inLanguage\":\"it-IT\"},{\"@type\":\"Organization\",\"@id\":\"https:\\\/\\\/www.iemj.org\\\/it\\\/#organization\",\"name\":\"Institut Europ\u00e9en des Musiques Juives\",\"url\":\"https:\\\/\\\/www.iemj.org\\\/it\\\/\",\"logo\":{\"@type\":\"ImageObject\",\"inLanguage\":\"it-IT\",\"@id\":\"https:\\\/\\\/www.iemj.org\\\/it\\\/#\\\/schema\\\/logo\\\/image\\\/\",\"url\":\"https:\\\/\\\/www.iemj.org\\\/wp-content\\\/uploads\\\/2021\\\/09\\\/Logo-IEMJ-Paypal.jpg\",\"contentUrl\":\"https:\\\/\\\/www.iemj.org\\\/wp-content\\\/uploads\\\/2021\\\/09\\\/Logo-IEMJ-Paypal.jpg\",\"width\":150,\"height\":50,\"caption\":\"Institut Europ\u00e9en des Musiques Juives\"},\"image\":{\"@id\":\"https:\\\/\\\/www.iemj.org\\\/it\\\/#\\\/schema\\\/logo\\\/image\\\/\"},\"sameAs\":[\"https:\\\/\\\/www.facebook.com\\\/MusiquesJuives\\\/\",\"https:\\\/\\\/www.instagram.com\\\/musiquesjuives\\\/\",\"https:\\\/\\\/www.youtube.com\\\/user\\\/musiquesjuives\"]},{\"@type\":\"Person\",\"@id\":\"https:\\\/\\\/www.iemj.org\\\/it\\\/#\\\/schema\\\/person\\\/358e26c18aca017fcc4cc15437f7279c\",\"name\":\"Jacqueline ROTEN\",\"image\":{\"@type\":\"ImageObject\",\"inLanguage\":\"it-IT\",\"@id\":\"https:\\\/\\\/secure.gravatar.com\\\/avatar\\\/5964256d6c6957de3a3505278957e0fb2a35119ac47ea41827a65301213c810b?s=96&d=mm&r=g\",\"url\":\"https:\\\/\\\/secure.gravatar.com\\\/avatar\\\/5964256d6c6957de3a3505278957e0fb2a35119ac47ea41827a65301213c810b?s=96&d=mm&r=g\",\"contentUrl\":\"https:\\\/\\\/secure.gravatar.com\\\/avatar\\\/5964256d6c6957de3a3505278957e0fb2a35119ac47ea41827a65301213c810b?s=96&d=mm&r=g\",\"caption\":\"Jacqueline ROTEN\"}}]}<\/script>\n<!-- \/ Yoast SEO plugin. -->","yoast_head_json":{"title":"Arnold Sch\u00f6nberg, Henri\u00ebtte Bosmans, Joseph Kosma - Institut Europ\u00e9en des Musiques Juives","robots":{"index":"index","follow":"follow","max-snippet":"max-snippet:-1","max-image-preview":"max-image-preview:large","max-video-preview":"max-video-preview:-1"},"canonical":"https:\/\/www.iemj.org\/it\/arnold-schonberg-henriette-bosmans-joseph-kosma\/","og_locale":"it_IT","og_type":"article","og_title":"Arnold Sch\u00f6nberg, Henri\u00ebtte Bosmans, Joseph Kosma - Institut Europ\u00e9en des Musiques Juives","og_url":"https:\/\/www.iemj.org\/it\/arnold-schonberg-henriette-bosmans-joseph-kosma\/","og_site_name":"Institut Europ\u00e9en des Musiques Juives","article_publisher":"https:\/\/www.facebook.com\/MusiquesJuives\/","article_published_time":"2026-01-11T11:39:18+00:00","article_modified_time":"2026-01-20T08:51:45+00:00","og_image":[{"width":500,"height":500,"url":"https:\/\/www.iemj.org\/wp-content\/uploads\/2026\/01\/Logo-3-CD-Voix-etouffees.jpg","type":"image\/jpeg"}],"author":"Jacqueline ROTEN","twitter_card":"summary_large_image","twitter_misc":{"Scritto da":"Jacqueline ROTEN","Tempo di lettura stimato":"5 minuti"},"schema":{"@context":"https:\/\/schema.org","@graph":[{"@type":"Article","@id":"https:\/\/www.iemj.org\/it\/arnold-schonberg-henriette-bosmans-joseph-kosma\/#article","isPartOf":{"@id":"https:\/\/www.iemj.org\/it\/arnold-schonberg-henriette-bosmans-joseph-kosma\/"},"author":{"name":"Jacqueline ROTEN","@id":"https:\/\/www.iemj.org\/it\/#\/schema\/person\/358e26c18aca017fcc4cc15437f7279c"},"headline":"Arnold Sch\u00f6nberg, Henri\u00ebtte Bosmans, Joseph Kosma","datePublished":"2026-01-11T11:39:18+00:00","dateModified":"2026-01-20T08:51:45+00:00","mainEntityOfPage":{"@id":"https:\/\/www.iemj.org\/it\/arnold-schonberg-henriette-bosmans-joseph-kosma\/"},"wordCount":627,"publisher":{"@id":"https:\/\/www.iemj.org\/it\/#organization"},"image":{"@id":"https:\/\/www.iemj.org\/it\/arnold-schonberg-henriette-bosmans-joseph-kosma\/#primaryimage"},"thumbnailUrl":"https:\/\/www.iemj.org\/wp-content\/uploads\/2026\/01\/Logo-3-CD-Voix-etouffees.jpg","articleSection":["CD","Ultimi acquisti"],"inLanguage":"it-IT"},{"@type":"WebPage","@id":"https:\/\/www.iemj.org\/it\/arnold-schonberg-henriette-bosmans-joseph-kosma\/","url":"https:\/\/www.iemj.org\/it\/arnold-schonberg-henriette-bosmans-joseph-kosma\/","name":"Arnold Sch\u00f6nberg, Henri\u00ebtte Bosmans, Joseph Kosma - Institut Europ\u00e9en des Musiques Juives","isPartOf":{"@id":"https:\/\/www.iemj.org\/it\/#website"},"primaryImageOfPage":{"@id":"https:\/\/www.iemj.org\/it\/arnold-schonberg-henriette-bosmans-joseph-kosma\/#primaryimage"},"image":{"@id":"https:\/\/www.iemj.org\/it\/arnold-schonberg-henriette-bosmans-joseph-kosma\/#primaryimage"},"thumbnailUrl":"https:\/\/www.iemj.org\/wp-content\/uploads\/2026\/01\/Logo-3-CD-Voix-etouffees.jpg","datePublished":"2026-01-11T11:39:18+00:00","dateModified":"2026-01-20T08:51:45+00:00","breadcrumb":{"@id":"https:\/\/www.iemj.org\/it\/arnold-schonberg-henriette-bosmans-joseph-kosma\/#breadcrumb"},"inLanguage":"it-IT","potentialAction":[{"@type":"ReadAction","target":["https:\/\/www.iemj.org\/it\/arnold-schonberg-henriette-bosmans-joseph-kosma\/"]}]},{"@type":"ImageObject","inLanguage":"it-IT","@id":"https:\/\/www.iemj.org\/it\/arnold-schonberg-henriette-bosmans-joseph-kosma\/#primaryimage","url":"https:\/\/www.iemj.org\/wp-content\/uploads\/2026\/01\/Logo-3-CD-Voix-etouffees.jpg","contentUrl":"https:\/\/www.iemj.org\/wp-content\/uploads\/2026\/01\/Logo-3-CD-Voix-etouffees.jpg","width":500,"height":500},{"@type":"BreadcrumbList","@id":"https:\/\/www.iemj.org\/it\/arnold-schonberg-henriette-bosmans-joseph-kosma\/#breadcrumb","itemListElement":[{"@type":"ListItem","position":1,"name":"Accueil","item":"https:\/\/www.iemj.org\/it\/"},{"@type":"ListItem","position":2,"name":"Arnold Sch\u00f6nberg, Henri\u00ebtte Bosmans, Joseph Kosma"}]},{"@type":"WebSite","@id":"https:\/\/www.iemj.org\/it\/#website","url":"https:\/\/www.iemj.org\/it\/","name":"Institut Europ\u00e9en des Musiques Juives","description":"Des traditions musicales \u00e0 la port\u00e9e de tous","publisher":{"@id":"https:\/\/www.iemj.org\/it\/#organization"},"potentialAction":[{"@type":"SearchAction","target":{"@type":"EntryPoint","urlTemplate":"https:\/\/www.iemj.org\/it\/?s={search_term_string}"},"query-input":{"@type":"PropertyValueSpecification","valueRequired":true,"valueName":"search_term_string"}}],"inLanguage":"it-IT"},{"@type":"Organization","@id":"https:\/\/www.iemj.org\/it\/#organization","name":"Institut Europ\u00e9en des Musiques Juives","url":"https:\/\/www.iemj.org\/it\/","logo":{"@type":"ImageObject","inLanguage":"it-IT","@id":"https:\/\/www.iemj.org\/it\/#\/schema\/logo\/image\/","url":"https:\/\/www.iemj.org\/wp-content\/uploads\/2021\/09\/Logo-IEMJ-Paypal.jpg","contentUrl":"https:\/\/www.iemj.org\/wp-content\/uploads\/2021\/09\/Logo-IEMJ-Paypal.jpg","width":150,"height":50,"caption":"Institut Europ\u00e9en des Musiques Juives"},"image":{"@id":"https:\/\/www.iemj.org\/it\/#\/schema\/logo\/image\/"},"sameAs":["https:\/\/www.facebook.com\/MusiquesJuives\/","https:\/\/www.instagram.com\/musiquesjuives\/","https:\/\/www.youtube.com\/user\/musiquesjuives"]},{"@type":"Person","@id":"https:\/\/www.iemj.org\/it\/#\/schema\/person\/358e26c18aca017fcc4cc15437f7279c","name":"Jacqueline ROTEN","image":{"@type":"ImageObject","inLanguage":"it-IT","@id":"https:\/\/secure.gravatar.com\/avatar\/5964256d6c6957de3a3505278957e0fb2a35119ac47ea41827a65301213c810b?s=96&d=mm&r=g","url":"https:\/\/secure.gravatar.com\/avatar\/5964256d6c6957de3a3505278957e0fb2a35119ac47ea41827a65301213c810b?s=96&d=mm&r=g","contentUrl":"https:\/\/secure.gravatar.com\/avatar\/5964256d6c6957de3a3505278957e0fb2a35119ac47ea41827a65301213c810b?s=96&d=mm&r=g","caption":"Jacqueline ROTEN"}}]}},"_links":{"self":[{"href":"https:\/\/www.iemj.org\/it\/wp-json\/wp\/v2\/posts\/128980","targetHints":{"allow":["GET"]}}],"collection":[{"href":"https:\/\/www.iemj.org\/it\/wp-json\/wp\/v2\/posts"}],"about":[{"href":"https:\/\/www.iemj.org\/it\/wp-json\/wp\/v2\/types\/post"}],"author":[{"embeddable":true,"href":"https:\/\/www.iemj.org\/it\/wp-json\/wp\/v2\/users\/5"}],"replies":[{"embeddable":true,"href":"https:\/\/www.iemj.org\/it\/wp-json\/wp\/v2\/comments?post=128980"}],"version-history":[{"count":5,"href":"https:\/\/www.iemj.org\/it\/wp-json\/wp\/v2\/posts\/128980\/revisions"}],"predecessor-version":[{"id":129618,"href":"https:\/\/www.iemj.org\/it\/wp-json\/wp\/v2\/posts\/128980\/revisions\/129618"}],"wp:featuredmedia":[{"embeddable":true,"href":"https:\/\/www.iemj.org\/it\/wp-json\/wp\/v2\/media\/128814"}],"wp:attachment":[{"href":"https:\/\/www.iemj.org\/it\/wp-json\/wp\/v2\/media?parent=128980"}],"wp:term":[{"taxonomy":"category","embeddable":true,"href":"https:\/\/www.iemj.org\/it\/wp-json\/wp\/v2\/categories?post=128980"},{"taxonomy":"post_tag","embeddable":true,"href":"https:\/\/www.iemj.org\/it\/wp-json\/wp\/v2\/tags?post=128980"},{"taxonomy":"technique","embeddable":true,"href":"https:\/\/www.iemj.org\/it\/wp-json\/wp\/v2\/technique?post=128980"},{"taxonomy":"squelettes","embeddable":true,"href":"https:\/\/www.iemj.org\/it\/wp-json\/wp\/v2\/squelettes?post=128980"},{"taxonomy":"sujet","embeddable":true,"href":"https:\/\/www.iemj.org\/it\/wp-json\/wp\/v2\/sujet?post=128980"},{"taxonomy":"formation","embeddable":true,"href":"https:\/\/www.iemj.org\/it\/wp-json\/wp\/v2\/formation?post=128980"},{"taxonomy":"genre","embeddable":true,"href":"https:\/\/www.iemj.org\/it\/wp-json\/wp\/v2\/genre?post=128980"},{"taxonomy":"fonds","embeddable":true,"href":"https:\/\/www.iemj.org\/it\/wp-json\/wp\/v2\/fonds?post=128980"},{"taxonomy":"tradition","embeddable":true,"href":"https:\/\/www.iemj.org\/it\/wp-json\/wp\/v2\/tradition?post=128980"},{"taxonomy":"type-de-contenu","embeddable":true,"href":"https:\/\/www.iemj.org\/it\/wp-json\/wp\/v2\/type-de-contenu?post=128980"},{"taxonomy":"interprete-compositeur","embeddable":true,"href":"https:\/\/www.iemj.org\/it\/wp-json\/wp\/v2\/interprete-compositeur?post=128980"},{"taxonomy":"frise","embeddable":true,"href":"https:\/\/www.iemj.org\/it\/wp-json\/wp\/v2\/frise?post=128980"},{"taxonomy":"type-devenement","embeddable":true,"href":"https:\/\/www.iemj.org\/it\/wp-json\/wp\/v2\/type-devenement?post=128980"},{"taxonomy":"tableaux-liens-externes","embeddable":true,"href":"https:\/\/www.iemj.org\/it\/wp-json\/wp\/v2\/tableaux-liens-externes?post=128980"}],"curies":[{"name":"wp","href":"https:\/\/api.w.org\/{rel}","templated":true}]}}