{"id":131951,"date":"2026-04-26T13:17:08","date_gmt":"2026-04-26T11:17:08","guid":{"rendered":"https:\/\/www.iemj.org\/jewish-baroque-music\/"},"modified":"2026-04-27T13:11:54","modified_gmt":"2026-04-27T11:11:54","slug":"jewish-baroque-music","status":"publish","type":"post","link":"https:\/\/www.iemj.org\/it\/jewish-baroque-music\/","title":{"rendered":"Jewish Baroque Music"},"content":{"rendered":"\n<p><strong>Concerto classic, 2008 \/ Music.media, 2009<\/strong><\/p>\n\n\n\n<!--more-->\n\n\n\n<p>Questo CD, registrato nel 2008 dall\u2019Ensemble Salomone Rossi, propone una raccolta di brani emblematici della musica barocca ebraica che si svilupp\u00f2 in Italia a partire dal XVII secolo e prosegu\u00ec ad Amsterdam nel corso del XVIII.<\/p>\n\n\n\n<h2 class=\"wp-block-heading\"><strong>La musica ebraica barocca: una breve panoramica<\/strong><\/h2>\n\n\n\n<p>Nell&#8217;Italia settentrionale, la corte dei Gonzaga di Mantova accolse nel XVI e XVII secolo numerosi musicisti ebrei. <a href=\"https:\/\/www.iemj.org\/it\/rossi-salomone-vers-1570-vers-1630\/\" target=\"_blank\" rel=\"noreferrer noopener\">Salamone Rossi (ca 1570 \u2013 ca 1630)<\/a>, sicuramente il pi\u00f9 famoso tra loro, vi lavor\u00f2 fino al 1612 al fianco di Claudio Monteverdi (1567-1643). Nel 1622-23, sotto l\u2019influenza del rabbino riformista Leone da Modena, Salamone Rossi pubblica a Venezia un\u2019importante raccolta \u2013 intitolata <em>Ha-Shirim asher li-Shelomo<\/em> (I cantici secondo Salomone) \u2013 contenente 33 cori da 3 a 8 voci destinato al culto sinagogale e scritto nello stile italiano dell\u2019epoca. Il presente CD riprende tre di questi cori (<em>En Keloh\u00e8nu, Shir hamaalot, Mizmor le Toda<\/em>) intervallati da brani strumentali di Rossi. Sempre in Italia, il compositore non ebreo Carlo Grossi (1634 \u2013 1688) scrive nel 1680 (o 1681) una <em>Cantata ebraica in dialogo<\/em> per una confraternita ebraica di Modena o Venezia.<\/p>\n\n\n\n<p>Questo processo di assimilazione degli ebrei alla musica colta circostante si svolge anche ad Amsterdam dove, nel XVIII secolo, ricche famiglie ebree portoghesi ospitano nei loro salotti concerti di opere e cantate, generi che penetrano fino alla sinagoga con le opere di Abraham Caceres (in particolare <em>Hiski Hizki<\/em> e la cantata <em>Le-el Elim<\/em> del 1738) e <a href=\"https:\/\/www.iemj.org\/it\/lidarti-cristiano-giuseppe-1730-apres-1793\/\" target=\"_blank\" rel=\"noreferrer noopener\">Cristiano Giuseppe Lidarti (1730-apr\u00e8s 1793)<\/a>. Quest\u2019ultimo scrive nel 1774 l\u2019<a href=\"https:\/\/www.iemj.org\/it\/ester-un-oratorio-de-pourim-du-compositeur-lidarti-1730-ap-1793\/\" target=\"_blank\" rel=\"noreferrer noopener\">oratorio Ester<\/a>, l\u2019opera pi\u00f9 lunga di tutta la storia della musica ebraica barocca (oltre 2 ore). Il libretto dell\u2019oratorio <em>Ester <\/em>\u00e8 opera del rabbino di Mantova e Venezia, Jacob Raphael Saraval (1707?\u20131782), noto per il suo interesse per la musica. In un documento datato marzo 1757, Saraval chiede alle autorit\u00e0 del ghetto di Mantova, pochi giorni prima di Purim, il permesso affinch\u00e9 gli allievi della sua <em>yeshiva <\/em>presentino \u00abuna sorta di opera basata su una storia biblica\u00bb. Ottiene il permesso a condizione che nessun non ebreo sia ammesso alla rappresentazione, ad eccezione dello strumentista e del costumista. Il libretto di Saraval si basa sul testo della seconda versione dell&#8217;oratorio <em>Ester <\/em>di H\u00e4ndel (1732), ma con molte tagli e alcune aggiunte. Questo CD sfarzoso vi fa riferimento proponendo due brani tratti da questo oratorio di H\u00e4ndel.<\/p>\n\n\n<div class=\"wp-block-image\">\n<figure class=\"aligncenter size-full\"><img fetchpriority=\"high\" decoding=\"async\" width=\"800\" height=\"553\" src=\"https:\/\/www.iemj.org\/wp-content\/uploads\/2026\/04\/CD_2114_VIG4_redim.jpg\" alt=\"\" class=\"wp-image-131874\" srcset=\"https:\/\/www.iemj.org\/wp-content\/uploads\/2026\/04\/CD_2114_VIG4_redim.jpg 800w, https:\/\/www.iemj.org\/wp-content\/uploads\/2026\/04\/CD_2114_VIG4_redim-300x207.jpg 300w, https:\/\/www.iemj.org\/wp-content\/uploads\/2026\/04\/CD_2114_VIG4_redim-768x531.jpg 768w, https:\/\/www.iemj.org\/wp-content\/uploads\/2026\/04\/CD_2114_VIG4_redim-600x415.jpg 600w\" sizes=\"(max-width: 800px) 100vw, 800px\" \/><\/figure>\n<\/div>\n\n\n<div style=\"height:17px\" aria-hidden=\"true\" class=\"wp-block-spacer\"><\/div>\n\n\n\n<h2 class=\"wp-block-heading\"><strong>L\u2019Ensemble Salomone Rossi<\/strong><\/h2>\n\n\n\n<p>Fondato nel 1991 dalla violinista Lydia Cevidalli, l\u2019Ensemble Salomone Rossi \u00e8 composto in questo CD da Caterina Trogu Roehrich, soprano; Renata Stefani, mezzosoprano; Luigi Pagliarini, tenore; Davide Benetti, basso; <a href=\"https:\/\/www.lydiacevidalli.it\/biografia\/\" target=\"_blank\" rel=\"noreferrer noopener\">Lydia Cevidalli<\/a> ed Elena Marazzi, violini; Fabio Bellofiore ed Eugenio Silvestri, viole; Claudio Frigerio, violoncello e Simonetta Heger, clavicembalo.<\/p>\n\n\n\n<p><a href=\"https:\/\/www.iemj.org\/it\/ensemble-salomone-rossi\/\" target=\"_blank\" rel=\"noreferrer noopener\">Per saperne di pi\u00f9 sull&#8217;Ensemble Salomone Rossi<\/a><\/p>\n\n\n\n<p><a href=\"https:\/\/www.lydiacevidalli.it\/discografia-ensemble-salomone-rossi\/\" target=\"_blank\" rel=\"noreferrer noopener\">Vedi gli altri CD realizzati dall&#8217;Ensemble Salomone Rossi<\/a><\/p>\n\n\n\n<p><a href=\"https:\/\/www.lydiacevidalli.it\/biografia\/\" target=\"_blank\" rel=\"noreferrer noopener\">Per saperne di pi\u00f9 su Lydia Cevidalli<\/a><\/p>\n\n\n\n<div class=\"wp-block-buttons is-content-justification-center is-layout-flex wp-container-core-buttons-is-layout-16018d1d wp-block-buttons-is-layout-flex\">\n<div class=\"wp-block-button has-custom-width wp-block-button__width-100\"><a class=\"wp-block-button__link has-white-color has-text-color has-background has-link-color wp-element-button\" href=\"https:\/\/www.iemj.org\/it\/genre\/musica-barocca-it\/\" style=\"background-color:#3c4b98\" target=\"_blank\" rel=\"noreferrer noopener\"><strong>Leggi altri articoli sulla musica barocca ebraica<\/strong><\/a><\/div>\n<\/div>\n\n\n\n<div style=\"height:15px\" aria-hidden=\"true\" class=\"wp-block-spacer\"><\/div>\n\n\n<div class=\"wp-block-image\">\n<figure class=\"aligncenter size-large\"><img decoding=\"async\" width=\"1024\" height=\"133\" src=\"https:\/\/www.iemj.org\/wp-content\/uploads\/2024\/03\/AUDIO-PLAYER-1024x133.png\" alt=\"\" class=\"wp-image-110608\" srcset=\"https:\/\/www.iemj.org\/wp-content\/uploads\/2024\/03\/AUDIO-PLAYER-1024x133.png 1024w, https:\/\/www.iemj.org\/wp-content\/uploads\/2024\/03\/AUDIO-PLAYER-300x39.png 300w, https:\/\/www.iemj.org\/wp-content\/uploads\/2024\/03\/AUDIO-PLAYER-768x100.png 768w, https:\/\/www.iemj.org\/wp-content\/uploads\/2024\/03\/AUDIO-PLAYER-600x78.png 600w, https:\/\/www.iemj.org\/wp-content\/uploads\/2024\/03\/AUDIO-PLAYER.png 1210w\" sizes=\"(max-width: 1024px) 100vw, 1024px\" \/><\/figure>\n<\/div>","protected":false},"excerpt":{"rendered":"<p>Concerto classic, 2008 \/ Music.media, 2009<\/p>\n","protected":false},"author":5,"featured_media":131872,"comment_status":"closed","ping_status":"closed","sticky":false,"template":"","format":"standard","meta":{"_acf_changed":false,"footnotes":""},"categories":[1569,1564],"tags":[2091],"technique":[],"squelettes":[],"sujet":[],"formation":[],"genre":[1895],"fonds":[],"tradition":[],"type-de-contenu":[],"interprete-compositeur":[3279],"frise":[],"type-devenement":[],"tableaux-liens-externes":[],"class_list":["post-131951","post","type-post","status-publish","format-standard","has-post-thumbnail","hentry","category-cd-it","category-ultimi-acquisti-it","tag-italia-it","genre-musica-barocca-it","interprete-compositeur-salomone-rossi-it"],"acf":[],"yoast_head":"<!-- This site is optimized with the Yoast SEO plugin v27.3 - https:\/\/yoast.com\/product\/yoast-seo-wordpress\/ -->\n<title>Jewish Baroque Music - Institut Europ\u00e9en des Musiques Juives<\/title>\n<meta name=\"robots\" content=\"index, follow, max-snippet:-1, max-image-preview:large, max-video-preview:-1\" \/>\n<link rel=\"canonical\" href=\"https:\/\/www.iemj.org\/it\/jewish-baroque-music\/\" \/>\n<meta property=\"og:locale\" content=\"it_IT\" \/>\n<meta property=\"og:type\" content=\"article\" \/>\n<meta property=\"og:title\" content=\"Jewish Baroque Music - Institut Europ\u00e9en des Musiques Juives\" \/>\n<meta property=\"og:description\" content=\"Concerto classic, 2008 \/ Music.media, 2009\" \/>\n<meta property=\"og:url\" content=\"https:\/\/www.iemj.org\/it\/jewish-baroque-music\/\" \/>\n<meta property=\"og:site_name\" content=\"Institut Europ\u00e9en des Musiques Juives\" \/>\n<meta property=\"article:publisher\" content=\"https:\/\/www.facebook.com\/MusiquesJuives\/\" \/>\n<meta property=\"article:published_time\" content=\"2026-04-26T11:17:08+00:00\" \/>\n<meta property=\"article:modified_time\" content=\"2026-04-27T11:11:54+00:00\" \/>\n<meta property=\"og:image\" content=\"https:\/\/www.iemj.org\/wp-content\/uploads\/2026\/04\/CD-Jewish-Baroque-Music.jpg\" \/>\n\t<meta property=\"og:image:width\" content=\"500\" \/>\n\t<meta property=\"og:image:height\" content=\"452\" \/>\n\t<meta property=\"og:image:type\" content=\"image\/jpeg\" \/>\n<meta name=\"author\" content=\"Jacqueline ROTEN\" \/>\n<meta name=\"twitter:card\" content=\"summary_large_image\" \/>\n<meta name=\"twitter:label1\" content=\"Scritto da\" \/>\n\t<meta name=\"twitter:data1\" content=\"Jacqueline ROTEN\" \/>\n\t<meta name=\"twitter:label2\" content=\"Tempo di lettura stimato\" \/>\n\t<meta name=\"twitter:data2\" content=\"3 minuti\" \/>\n<script type=\"application\/ld+json\" class=\"yoast-schema-graph\">{\"@context\":\"https:\\\/\\\/schema.org\",\"@graph\":[{\"@type\":\"Article\",\"@id\":\"https:\\\/\\\/www.iemj.org\\\/it\\\/jewish-baroque-music\\\/#article\",\"isPartOf\":{\"@id\":\"https:\\\/\\\/www.iemj.org\\\/it\\\/jewish-baroque-music\\\/\"},\"author\":{\"name\":\"Jacqueline ROTEN\",\"@id\":\"https:\\\/\\\/www.iemj.org\\\/it\\\/#\\\/schema\\\/person\\\/358e26c18aca017fcc4cc15437f7279c\"},\"headline\":\"Jewish Baroque Music\",\"datePublished\":\"2026-04-26T11:17:08+00:00\",\"dateModified\":\"2026-04-27T11:11:54+00:00\",\"mainEntityOfPage\":{\"@id\":\"https:\\\/\\\/www.iemj.org\\\/it\\\/jewish-baroque-music\\\/\"},\"wordCount\":460,\"publisher\":{\"@id\":\"https:\\\/\\\/www.iemj.org\\\/it\\\/#organization\"},\"image\":{\"@id\":\"https:\\\/\\\/www.iemj.org\\\/it\\\/jewish-baroque-music\\\/#primaryimage\"},\"thumbnailUrl\":\"https:\\\/\\\/www.iemj.org\\\/wp-content\\\/uploads\\\/2026\\\/04\\\/CD-Jewish-Baroque-Music.jpg\",\"keywords\":[\"Italia\"],\"articleSection\":[\"CD\",\"Ultimi acquisti\"],\"inLanguage\":\"it-IT\"},{\"@type\":\"WebPage\",\"@id\":\"https:\\\/\\\/www.iemj.org\\\/it\\\/jewish-baroque-music\\\/\",\"url\":\"https:\\\/\\\/www.iemj.org\\\/it\\\/jewish-baroque-music\\\/\",\"name\":\"Jewish Baroque Music - Institut Europ\u00e9en des Musiques Juives\",\"isPartOf\":{\"@id\":\"https:\\\/\\\/www.iemj.org\\\/it\\\/#website\"},\"primaryImageOfPage\":{\"@id\":\"https:\\\/\\\/www.iemj.org\\\/it\\\/jewish-baroque-music\\\/#primaryimage\"},\"image\":{\"@id\":\"https:\\\/\\\/www.iemj.org\\\/it\\\/jewish-baroque-music\\\/#primaryimage\"},\"thumbnailUrl\":\"https:\\\/\\\/www.iemj.org\\\/wp-content\\\/uploads\\\/2026\\\/04\\\/CD-Jewish-Baroque-Music.jpg\",\"datePublished\":\"2026-04-26T11:17:08+00:00\",\"dateModified\":\"2026-04-27T11:11:54+00:00\",\"breadcrumb\":{\"@id\":\"https:\\\/\\\/www.iemj.org\\\/it\\\/jewish-baroque-music\\\/#breadcrumb\"},\"inLanguage\":\"it-IT\",\"potentialAction\":[{\"@type\":\"ReadAction\",\"target\":[\"https:\\\/\\\/www.iemj.org\\\/it\\\/jewish-baroque-music\\\/\"]}]},{\"@type\":\"ImageObject\",\"inLanguage\":\"it-IT\",\"@id\":\"https:\\\/\\\/www.iemj.org\\\/it\\\/jewish-baroque-music\\\/#primaryimage\",\"url\":\"https:\\\/\\\/www.iemj.org\\\/wp-content\\\/uploads\\\/2026\\\/04\\\/CD-Jewish-Baroque-Music.jpg\",\"contentUrl\":\"https:\\\/\\\/www.iemj.org\\\/wp-content\\\/uploads\\\/2026\\\/04\\\/CD-Jewish-Baroque-Music.jpg\",\"width\":500,\"height\":452},{\"@type\":\"BreadcrumbList\",\"@id\":\"https:\\\/\\\/www.iemj.org\\\/it\\\/jewish-baroque-music\\\/#breadcrumb\",\"itemListElement\":[{\"@type\":\"ListItem\",\"position\":1,\"name\":\"Accueil\",\"item\":\"https:\\\/\\\/www.iemj.org\\\/it\\\/\"},{\"@type\":\"ListItem\",\"position\":2,\"name\":\"Jewish Baroque Music\"}]},{\"@type\":\"WebSite\",\"@id\":\"https:\\\/\\\/www.iemj.org\\\/it\\\/#website\",\"url\":\"https:\\\/\\\/www.iemj.org\\\/it\\\/\",\"name\":\"Institut Europ\u00e9en des Musiques Juives\",\"description\":\"Des traditions musicales \u00e0 la port\u00e9e de tous\",\"publisher\":{\"@id\":\"https:\\\/\\\/www.iemj.org\\\/it\\\/#organization\"},\"potentialAction\":[{\"@type\":\"SearchAction\",\"target\":{\"@type\":\"EntryPoint\",\"urlTemplate\":\"https:\\\/\\\/www.iemj.org\\\/it\\\/?s={search_term_string}\"},\"query-input\":{\"@type\":\"PropertyValueSpecification\",\"valueRequired\":true,\"valueName\":\"search_term_string\"}}],\"inLanguage\":\"it-IT\"},{\"@type\":\"Organization\",\"@id\":\"https:\\\/\\\/www.iemj.org\\\/it\\\/#organization\",\"name\":\"Institut Europ\u00e9en des Musiques Juives\",\"url\":\"https:\\\/\\\/www.iemj.org\\\/it\\\/\",\"logo\":{\"@type\":\"ImageObject\",\"inLanguage\":\"it-IT\",\"@id\":\"https:\\\/\\\/www.iemj.org\\\/it\\\/#\\\/schema\\\/logo\\\/image\\\/\",\"url\":\"https:\\\/\\\/www.iemj.org\\\/wp-content\\\/uploads\\\/2021\\\/09\\\/Logo-IEMJ-Paypal.jpg\",\"contentUrl\":\"https:\\\/\\\/www.iemj.org\\\/wp-content\\\/uploads\\\/2021\\\/09\\\/Logo-IEMJ-Paypal.jpg\",\"width\":150,\"height\":50,\"caption\":\"Institut Europ\u00e9en des Musiques Juives\"},\"image\":{\"@id\":\"https:\\\/\\\/www.iemj.org\\\/it\\\/#\\\/schema\\\/logo\\\/image\\\/\"},\"sameAs\":[\"https:\\\/\\\/www.facebook.com\\\/MusiquesJuives\\\/\",\"https:\\\/\\\/www.instagram.com\\\/musiquesjuives\\\/\",\"https:\\\/\\\/www.youtube.com\\\/user\\\/musiquesjuives\"]},{\"@type\":\"Person\",\"@id\":\"https:\\\/\\\/www.iemj.org\\\/it\\\/#\\\/schema\\\/person\\\/358e26c18aca017fcc4cc15437f7279c\",\"name\":\"Jacqueline ROTEN\",\"image\":{\"@type\":\"ImageObject\",\"inLanguage\":\"it-IT\",\"@id\":\"https:\\\/\\\/secure.gravatar.com\\\/avatar\\\/5964256d6c6957de3a3505278957e0fb2a35119ac47ea41827a65301213c810b?s=96&d=mm&r=g\",\"url\":\"https:\\\/\\\/secure.gravatar.com\\\/avatar\\\/5964256d6c6957de3a3505278957e0fb2a35119ac47ea41827a65301213c810b?s=96&d=mm&r=g\",\"contentUrl\":\"https:\\\/\\\/secure.gravatar.com\\\/avatar\\\/5964256d6c6957de3a3505278957e0fb2a35119ac47ea41827a65301213c810b?s=96&d=mm&r=g\",\"caption\":\"Jacqueline ROTEN\"}}]}<\/script>\n<!-- \/ Yoast SEO plugin. -->","yoast_head_json":{"title":"Jewish Baroque Music - Institut Europ\u00e9en des Musiques Juives","robots":{"index":"index","follow":"follow","max-snippet":"max-snippet:-1","max-image-preview":"max-image-preview:large","max-video-preview":"max-video-preview:-1"},"canonical":"https:\/\/www.iemj.org\/it\/jewish-baroque-music\/","og_locale":"it_IT","og_type":"article","og_title":"Jewish Baroque Music - Institut Europ\u00e9en des Musiques Juives","og_description":"Concerto classic, 2008 \/ Music.media, 2009","og_url":"https:\/\/www.iemj.org\/it\/jewish-baroque-music\/","og_site_name":"Institut Europ\u00e9en des Musiques Juives","article_publisher":"https:\/\/www.facebook.com\/MusiquesJuives\/","article_published_time":"2026-04-26T11:17:08+00:00","article_modified_time":"2026-04-27T11:11:54+00:00","og_image":[{"width":500,"height":452,"url":"https:\/\/www.iemj.org\/wp-content\/uploads\/2026\/04\/CD-Jewish-Baroque-Music.jpg","type":"image\/jpeg"}],"author":"Jacqueline ROTEN","twitter_card":"summary_large_image","twitter_misc":{"Scritto da":"Jacqueline ROTEN","Tempo di lettura stimato":"3 minuti"},"schema":{"@context":"https:\/\/schema.org","@graph":[{"@type":"Article","@id":"https:\/\/www.iemj.org\/it\/jewish-baroque-music\/#article","isPartOf":{"@id":"https:\/\/www.iemj.org\/it\/jewish-baroque-music\/"},"author":{"name":"Jacqueline ROTEN","@id":"https:\/\/www.iemj.org\/it\/#\/schema\/person\/358e26c18aca017fcc4cc15437f7279c"},"headline":"Jewish Baroque Music","datePublished":"2026-04-26T11:17:08+00:00","dateModified":"2026-04-27T11:11:54+00:00","mainEntityOfPage":{"@id":"https:\/\/www.iemj.org\/it\/jewish-baroque-music\/"},"wordCount":460,"publisher":{"@id":"https:\/\/www.iemj.org\/it\/#organization"},"image":{"@id":"https:\/\/www.iemj.org\/it\/jewish-baroque-music\/#primaryimage"},"thumbnailUrl":"https:\/\/www.iemj.org\/wp-content\/uploads\/2026\/04\/CD-Jewish-Baroque-Music.jpg","keywords":["Italia"],"articleSection":["CD","Ultimi acquisti"],"inLanguage":"it-IT"},{"@type":"WebPage","@id":"https:\/\/www.iemj.org\/it\/jewish-baroque-music\/","url":"https:\/\/www.iemj.org\/it\/jewish-baroque-music\/","name":"Jewish Baroque Music - Institut Europ\u00e9en des Musiques Juives","isPartOf":{"@id":"https:\/\/www.iemj.org\/it\/#website"},"primaryImageOfPage":{"@id":"https:\/\/www.iemj.org\/it\/jewish-baroque-music\/#primaryimage"},"image":{"@id":"https:\/\/www.iemj.org\/it\/jewish-baroque-music\/#primaryimage"},"thumbnailUrl":"https:\/\/www.iemj.org\/wp-content\/uploads\/2026\/04\/CD-Jewish-Baroque-Music.jpg","datePublished":"2026-04-26T11:17:08+00:00","dateModified":"2026-04-27T11:11:54+00:00","breadcrumb":{"@id":"https:\/\/www.iemj.org\/it\/jewish-baroque-music\/#breadcrumb"},"inLanguage":"it-IT","potentialAction":[{"@type":"ReadAction","target":["https:\/\/www.iemj.org\/it\/jewish-baroque-music\/"]}]},{"@type":"ImageObject","inLanguage":"it-IT","@id":"https:\/\/www.iemj.org\/it\/jewish-baroque-music\/#primaryimage","url":"https:\/\/www.iemj.org\/wp-content\/uploads\/2026\/04\/CD-Jewish-Baroque-Music.jpg","contentUrl":"https:\/\/www.iemj.org\/wp-content\/uploads\/2026\/04\/CD-Jewish-Baroque-Music.jpg","width":500,"height":452},{"@type":"BreadcrumbList","@id":"https:\/\/www.iemj.org\/it\/jewish-baroque-music\/#breadcrumb","itemListElement":[{"@type":"ListItem","position":1,"name":"Accueil","item":"https:\/\/www.iemj.org\/it\/"},{"@type":"ListItem","position":2,"name":"Jewish Baroque Music"}]},{"@type":"WebSite","@id":"https:\/\/www.iemj.org\/it\/#website","url":"https:\/\/www.iemj.org\/it\/","name":"Institut Europ\u00e9en des Musiques Juives","description":"Des traditions musicales \u00e0 la port\u00e9e de tous","publisher":{"@id":"https:\/\/www.iemj.org\/it\/#organization"},"potentialAction":[{"@type":"SearchAction","target":{"@type":"EntryPoint","urlTemplate":"https:\/\/www.iemj.org\/it\/?s={search_term_string}"},"query-input":{"@type":"PropertyValueSpecification","valueRequired":true,"valueName":"search_term_string"}}],"inLanguage":"it-IT"},{"@type":"Organization","@id":"https:\/\/www.iemj.org\/it\/#organization","name":"Institut Europ\u00e9en des Musiques Juives","url":"https:\/\/www.iemj.org\/it\/","logo":{"@type":"ImageObject","inLanguage":"it-IT","@id":"https:\/\/www.iemj.org\/it\/#\/schema\/logo\/image\/","url":"https:\/\/www.iemj.org\/wp-content\/uploads\/2021\/09\/Logo-IEMJ-Paypal.jpg","contentUrl":"https:\/\/www.iemj.org\/wp-content\/uploads\/2021\/09\/Logo-IEMJ-Paypal.jpg","width":150,"height":50,"caption":"Institut Europ\u00e9en des Musiques Juives"},"image":{"@id":"https:\/\/www.iemj.org\/it\/#\/schema\/logo\/image\/"},"sameAs":["https:\/\/www.facebook.com\/MusiquesJuives\/","https:\/\/www.instagram.com\/musiquesjuives\/","https:\/\/www.youtube.com\/user\/musiquesjuives"]},{"@type":"Person","@id":"https:\/\/www.iemj.org\/it\/#\/schema\/person\/358e26c18aca017fcc4cc15437f7279c","name":"Jacqueline ROTEN","image":{"@type":"ImageObject","inLanguage":"it-IT","@id":"https:\/\/secure.gravatar.com\/avatar\/5964256d6c6957de3a3505278957e0fb2a35119ac47ea41827a65301213c810b?s=96&d=mm&r=g","url":"https:\/\/secure.gravatar.com\/avatar\/5964256d6c6957de3a3505278957e0fb2a35119ac47ea41827a65301213c810b?s=96&d=mm&r=g","contentUrl":"https:\/\/secure.gravatar.com\/avatar\/5964256d6c6957de3a3505278957e0fb2a35119ac47ea41827a65301213c810b?s=96&d=mm&r=g","caption":"Jacqueline ROTEN"}}]}},"_links":{"self":[{"href":"https:\/\/www.iemj.org\/it\/wp-json\/wp\/v2\/posts\/131951","targetHints":{"allow":["GET"]}}],"collection":[{"href":"https:\/\/www.iemj.org\/it\/wp-json\/wp\/v2\/posts"}],"about":[{"href":"https:\/\/www.iemj.org\/it\/wp-json\/wp\/v2\/types\/post"}],"author":[{"embeddable":true,"href":"https:\/\/www.iemj.org\/it\/wp-json\/wp\/v2\/users\/5"}],"replies":[{"embeddable":true,"href":"https:\/\/www.iemj.org\/it\/wp-json\/wp\/v2\/comments?post=131951"}],"version-history":[{"count":5,"href":"https:\/\/www.iemj.org\/it\/wp-json\/wp\/v2\/posts\/131951\/revisions"}],"predecessor-version":[{"id":131973,"href":"https:\/\/www.iemj.org\/it\/wp-json\/wp\/v2\/posts\/131951\/revisions\/131973"}],"wp:featuredmedia":[{"embeddable":true,"href":"https:\/\/www.iemj.org\/it\/wp-json\/wp\/v2\/media\/131872"}],"wp:attachment":[{"href":"https:\/\/www.iemj.org\/it\/wp-json\/wp\/v2\/media?parent=131951"}],"wp:term":[{"taxonomy":"category","embeddable":true,"href":"https:\/\/www.iemj.org\/it\/wp-json\/wp\/v2\/categories?post=131951"},{"taxonomy":"post_tag","embeddable":true,"href":"https:\/\/www.iemj.org\/it\/wp-json\/wp\/v2\/tags?post=131951"},{"taxonomy":"technique","embeddable":true,"href":"https:\/\/www.iemj.org\/it\/wp-json\/wp\/v2\/technique?post=131951"},{"taxonomy":"squelettes","embeddable":true,"href":"https:\/\/www.iemj.org\/it\/wp-json\/wp\/v2\/squelettes?post=131951"},{"taxonomy":"sujet","embeddable":true,"href":"https:\/\/www.iemj.org\/it\/wp-json\/wp\/v2\/sujet?post=131951"},{"taxonomy":"formation","embeddable":true,"href":"https:\/\/www.iemj.org\/it\/wp-json\/wp\/v2\/formation?post=131951"},{"taxonomy":"genre","embeddable":true,"href":"https:\/\/www.iemj.org\/it\/wp-json\/wp\/v2\/genre?post=131951"},{"taxonomy":"fonds","embeddable":true,"href":"https:\/\/www.iemj.org\/it\/wp-json\/wp\/v2\/fonds?post=131951"},{"taxonomy":"tradition","embeddable":true,"href":"https:\/\/www.iemj.org\/it\/wp-json\/wp\/v2\/tradition?post=131951"},{"taxonomy":"type-de-contenu","embeddable":true,"href":"https:\/\/www.iemj.org\/it\/wp-json\/wp\/v2\/type-de-contenu?post=131951"},{"taxonomy":"interprete-compositeur","embeddable":true,"href":"https:\/\/www.iemj.org\/it\/wp-json\/wp\/v2\/interprete-compositeur?post=131951"},{"taxonomy":"frise","embeddable":true,"href":"https:\/\/www.iemj.org\/it\/wp-json\/wp\/v2\/frise?post=131951"},{"taxonomy":"type-devenement","embeddable":true,"href":"https:\/\/www.iemj.org\/it\/wp-json\/wp\/v2\/type-devenement?post=131951"},{"taxonomy":"tableaux-liens-externes","embeddable":true,"href":"https:\/\/www.iemj.org\/it\/wp-json\/wp\/v2\/tableaux-liens-externes?post=131951"}],"curies":[{"name":"wp","href":"https:\/\/api.w.org\/{rel}","templated":true}]}}